{"id":547408,"date":"2024-04-24T16:00:05","date_gmt":"2024-04-24T19:00:05","guid":{"rendered":"https:\/\/www.suno.com.br\/noticias\/?p=547408"},"modified":"2024-04-24T22:30:39","modified_gmt":"2024-04-25T01:30:39","slug":"projeto-100-cidades-mobilidade-turismo-va","status":"publish","type":"post","link":"https:\/\/www.suno.com.br\/noticias\/projeto-100-cidades-mobilidade-turismo-va\/","title":{"rendered":"Projeto 100% Cidades, da Futura, revela dados in\u00e9ditos sobre mobilidade e turismo em estados brasileiros"},"content":{"rendered":"<p>A Futura, empresa de pesquisa do Grupo Apex, divulgou nesta quarta-feira (24) o primeiro mapeamento setorial do <strong>Projeto 100% Cidades<\/strong> no evento Brazilian Regional Markets. A pesquisa trouxe dados in\u00e9ditos sobre os setores de mobilidade e turismo envolvendo cidades dos estados de Santa Catarina, Paran\u00e1 e Esp\u00edrito Santo.<\/p>\t<div class=\"wrapper-featured-image\">\n\t\t<figure class=\"spotlightImg\">\n\n\t\t\t<picture>\n\t\t\t\t<source media=\"(max-width: 768px)\" srcset=\"https:\/\/files.sunoresearch.com.br\/n\/uploads\/2024\/04\/iStock-1154151207-400x200.jpg\">\n\t\t\t\t<img loading=\"lazy\" decoding=\"async\" class=\"newsContent__article__imgCapa lazyloadDisabled \" src=\"https:\/\/files.sunoresearch.com.br\/n\/uploads\/2024\/04\/iStock-1154151207-800x450.jpg\" width=\"800\" height=\"450\" alt=\"Projeto 100% Cidades, da Futura, revela dados in\u00e9ditos sobre mobilidade e turismo em estados brasileiros\" fetchpriority=high \/>\n\t\t\t<\/picture>\n\n\t\t\t<figcaption class=\"wp-caption-text wp-caption-text--show\">Projeto 100% Cidades<\/figcaption>\n\t\t<\/figure>\n\t<\/div>\n\n\n\n\n\n\t<p>\n\t\t<a href=\"\" target=\"_blank\" data-element=\"shortcode-suno-banner\" title=\"Banner SUNO, clique e saiba mais\">\n\t\t\t<picture>\n\t\t\t\t<source media=\"(max-width: 500px)\" srcset=\"\">\n\t\t\t\t<img class=\"newsContent__article__imgCapa newsContent__article__imgCapa--banner\"\n\t\t\t\t\tsrc=\"\"\n\t\t\t\t\tdata-promo-id=\"240038\"\t\t\t\t\t\t\t\t\t\t\t\t\t\t\talt=\"\"\n\t\t\t\t>\n\t\t\t<\/picture>\n\t\t<\/a>\n\t<\/p>\n\n\n\n\n\n<p>Em mobilidade, a<strong> pesquisa da Futura<\/strong> constatou que o Esp\u00edrito Santo \u00e9 o estado com menor posse de ve\u00edculos, mas que tem a maior posse de bicicletas.<\/p>\n\n\n\n<p>Em termos de carros, o Paran\u00e1 lidera, com 63,1% da popula\u00e7\u00e3o possuindo autom\u00f3vel, seguido por Santa Catarina com 60,8% e Esp\u00edrito Santo com 39,4%. J\u00e1 quando se trata de bicicletas, o Esp\u00edrito Santo se destaca com 23,0%, enquanto o Paran\u00e1 possui 12,9% e Santa Catarina, 17,0%.<\/p>\n\n\n\n<p>No que diz respeito \u00e0s motos, o Esp\u00edrito Santo registra 12,6% da popula\u00e7\u00e3o como detentora de motocicletas. O Paran\u00e1 tem 12,4%, e Santa Catarina, 13,9%. Curiosamente, o n\u00famero de pessoas que n\u00e3o possuem ve\u00edculos \u00e9 significativo, com o Esp\u00edrito Santo apresentando 39,6%, o Paran\u00e1 com 26,0% e Santa Catarina com 25,7%.<\/p>\n\n\n\n<p>Disparado, carros e \u00f4nibus s\u00e3o os meios de transporte mais utilizados pela popula\u00e7\u00e3o desses tr\u00eas estados.&nbsp; Paran\u00e1&nbsp;(50,9%) e em Santa Catarina (50,9%), cerca de metade da popula\u00e7\u00e3o utiliza mais carro, enquanto no Esp\u00edrito Santo, \u00f4nibus s\u00e3o mais populares, sendo escolha de 42,7% dos habitantes.&nbsp;<\/p>\n\n\n<div class=\"wp-block-image\">\n<figure class=\"aligncenter size-full\"><img loading=\"lazy\" decoding=\"async\" width=\"516\" height=\"205\" src=\"https:\/\/files.sunoresearch.com.br\/n\/uploads\/2024\/04\/Meio-de-transporte-mais-utilizados-2.png\" alt=\"\" class=\"wp-image-547414\" srcset=\"https:\/\/files.sunoresearch.com.br\/n\/uploads\/2024\/04\/Meio-de-transporte-mais-utilizados-2.png 516w, https:\/\/files.sunoresearch.com.br\/n\/uploads\/2024\/04\/Meio-de-transporte-mais-utilizados-2-300x119.png 300w, https:\/\/files.sunoresearch.com.br\/n\/uploads\/2024\/04\/Meio-de-transporte-mais-utilizados-2-150x60.png 150w\" sizes=\"(max-width: 516px) 100vw, 516px\" \/><\/figure><\/div>\n\n\n<p>Em m\u00e9dia, a popula\u00e7\u00e3o dos tr\u00eas estados passa uma hora no tr\u00e2nsito todos os dias. O Uber \u00e9 o aplicativo de transporte mais lembrado entre as cidades dos estados analisados e capitais analisadas.&nbsp;<\/p>\n\n\n\n<h2 class=\"wp-block-heading\">Projeto 100% Cidades: metade da popula\u00e7\u00e3o tem inten\u00e7\u00e3o de viajar nos pr\u00f3ximos meses<\/h2>\n\n\n\n<p>A vontade de viajar est\u00e1 no ar para mais da metade da popula\u00e7\u00e3o dos estados do Paran\u00e1, Esp\u00edrito Santo e Santa Catarina nos pr\u00f3ximos 12 meses. No Paran\u00e1, 53,8% dos habitantes t\u00eam planos de viajar, enquanto no Esp\u00edrito Santo e em Santa Catarina, a inten\u00e7\u00e3o \u00e9 ligeiramente menor, com 50,6% e 50,1%, respectivamente.<\/p>\n\n\n\n<p>Os n\u00fameros refletem um impulso positivo para o setor de turismo dessas regi\u00f5es, que pode se beneficiar do desejo crescente por viagens.<\/p>\n\n\n\n<figure class=\"wp-block-image size-full\"><img loading=\"lazy\" decoding=\"async\" width=\"946\" height=\"359\" src=\"https:\/\/files.sunoresearch.com.br\/n\/uploads\/2024\/04\/Desejo-de-viajar-da-populacao.png\" alt=\"\" class=\"wp-image-547415\" srcset=\"https:\/\/files.sunoresearch.com.br\/n\/uploads\/2024\/04\/Desejo-de-viajar-da-populacao.png 946w, https:\/\/files.sunoresearch.com.br\/n\/uploads\/2024\/04\/Desejo-de-viajar-da-populacao-300x114.png 300w, https:\/\/files.sunoresearch.com.br\/n\/uploads\/2024\/04\/Desejo-de-viajar-da-populacao-768x291.png 768w, https:\/\/files.sunoresearch.com.br\/n\/uploads\/2024\/04\/Desejo-de-viajar-da-populacao-150x57.png 150w\" sizes=\"(max-width: 946px) 100vw, 946px\" \/><\/figure>\n\n\n\n<p>No turismo, a <a class=\"suno-keyword\" target=\"_blank\" data-force=\"yes\" data-priority=\"2\" href=\"https:\/\/www.suno.com.br\/acoes\/CVCB3\/\" rel=\"noopener\">CVC (CVCB3)<\/a> \u00e9 a marca mais lembrada nacionalmente entre as cidades, os estados e as capitais analisadas.&nbsp;<\/p>\n\n\n\n<p>Os gastos m\u00e9dios com viagens a lazer variam entre as cidades dos estados e capitais. Entre os Estados analisados, Santa Catarina tem o maior gasto m\u00e9dio, de R$ 4.043,57. Entre as capitais, Florian\u00f3polis lidera a lista com R$ 5.832,26.<\/p>\n\n\n\n<p>No Paran\u00e1, os gastos s\u00e3o mais modestos, com uma m\u00e9dia de R$ 3.790,17, com Curitiba registrando R$ 4.339,70.<\/p>\n\n\n\n<p>O menor gasto m\u00e9dio com viagens \u00e9 registrado no Esp\u00edrito Santo: R$ 2.605,99. A capital Vit\u00f3ria registra R$ 4.122,19 em m\u00e9dia.<\/p>\n\n\n<div class=\"wp-block-image\">\n<figure class=\"aligncenter size-full\"><img loading=\"lazy\" decoding=\"async\" width=\"459\" height=\"450\" src=\"https:\/\/files.sunoresearch.com.br\/n\/uploads\/2024\/04\/Meio-de-Transporte-mais-Utilizados.png\" alt=\"Meio de transporte mais utilizado nas capitais\" class=\"wp-image-547416\" srcset=\"https:\/\/files.sunoresearch.com.br\/n\/uploads\/2024\/04\/Meio-de-Transporte-mais-Utilizados.png 459w, https:\/\/files.sunoresearch.com.br\/n\/uploads\/2024\/04\/Meio-de-Transporte-mais-Utilizados-300x294.png 300w, https:\/\/files.sunoresearch.com.br\/n\/uploads\/2024\/04\/Meio-de-Transporte-mais-Utilizados-150x147.png 150w\" sizes=\"(max-width: 459px) 100vw, 459px\" \/><\/figure><\/div>\n\n\n<p>Nas capitais avaliadas, o avi\u00e3o se destaca como o meio de transporte mais utilizado para viagens a lazer, com 63,4% das prefer\u00eancias em Florian\u00f3polis. Em Curitiba, o carro pr\u00f3prio \u00e9 a escolha de 38,3% dos viajantes, enquanto em Vit\u00f3ria, o \u00f4nibus \u00e9 utilizado por 23,9% dos que viajam a lazer.&nbsp;<\/p>\n\n\n\t<p>\n\t\t<a href=\"https:\/\/lp.suno.com.br\/ebook-gratuito-investindo-no-exterior\/\" target=\"_blank\" data-element=\"shortcode-suno-banner\" title=\"Banner SUNO, clique e saiba mais\">\n\t\t\t<picture>\n\t\t\t\t<source media=\"(max-width: 500px)\" srcset=\"https:\/\/files.sunoresearch.com.br\/n\/uploads\/2023\/03\/400x300-Investindo-no-exterior.png\">\n\t\t\t\t<img class=\"newsContent__article__imgCapa newsContent__article__imgCapa--banner\"\n\t\t\t\t\tsrc=\"https:\/\/files.sunoresearch.com.br\/n\/uploads\/2023\/03\/1420x240-Investindo-no-exterior.png\"\n\t\t\t\t\tdata-promo-id=\"383161\"\t\t\t\t\t\t\t\t\t\twidth='1420' height='240'\t\t\t\t\talt=\"https:\/\/files.sunoresearch.com.br\/n\/uploads\/2023\/03\/1420x240-Investindo-no-exterior.png\"\n\t\t\t\t>\n\t\t\t<\/picture>\n\t\t<\/a>\n\t<\/p>\n\n\n\n\n\n<h2 class=\"wp-block-heading\">O que \u00e9 o Projeto 100% Cidades?<\/h2>\n\n\n\n<p>Segundo a<strong> Futura<\/strong>, o&nbsp;Projeto 100% Cidades&nbsp;visa mapear economicamente e politicamente as cidades brasileiras, oferecendo uma an\u00e1lise completa do pa\u00eds por meio de informa\u00e7\u00f5es setoriais e regionalizadas das maiores cidades.&nbsp;<\/p>\n\n\n\n<p>A Futura analisou dados microecon\u00f4micos dos principais setores, como&nbsp;<a href=\"https:\/\/www.suno.com.br\/guias\/mercado-financeiro\/\" target=\"_blank\" rel=\"noreferrer noopener\">mercado financeiro<\/a>, imobili\u00e1rio, consumo, sa\u00fade, educa\u00e7\u00e3o, turismo, mobilidade urbana e m\u00eddia, al\u00e9m de abordar a leitura pol\u00edtica nessas 100 cidades, com as prioridades e inten\u00e7\u00f5es de voto dos eleitores.<\/p>\n\n\n\n\t<div data-element=\"shortcode-read-more\" class=\"readToo\">\n\t\t\t\t<span class=\"readToo__title\">Leia mais<\/span>\n\t\t\t\t<ul class=\"readToo__list\">\n\t\t\t<li><a href=\"https:\/\/www.suno.com.br\/noticias\/brazilian-regional-markets-pesquisa-exclusiva-futura-va\/\">Brazilian Regional Markets ter\u00e1 divulga\u00e7\u00e3o exclusiva de pesquisa sobre mercados regionais; saiba mais sobre o evento em SP<\/a><\/li><li><a href=\"https:\/\/www.suno.com.br\/noticias\/brazilian-regional-markets-veja-garantir-vaga-va\/\">Brazilian Regional Markets: evento em SP vai debater o potencial dos mercados regionais no pa\u00eds. Veja como garantir sua vaga com a Suno<\/a><\/li>\t\t<\/ul>\n\t<\/div>\n\n\n\n\n<p>Para Rafael Andaku, Diretor de Research da <strong>Apex<\/strong>, o que se percebe \u00e9 que o mercado financeiro est\u00e1 atualmente muito concentrado no eixo Rio-S\u00e3o Paulo, principalmente na Faria Lima em S\u00e3o Paulo e, no Rio de Janeiro, no bairro do Leblon. \u201cA maioria das&nbsp;<a href=\"https:\/\/www.suno.com.br\/artigos\/instituicoes-financeiras\/\" target=\"_blank\" rel=\"noreferrer noopener\">institui\u00e7\u00f5es financeiras<\/a>&nbsp;n\u00e3o trabalha de forma muito personalizada ou n\u00e3o conhece profundamente os mercados regionais\u201d, constata.<\/p>\n\n\n\n<p>Com isso, objetivo da&nbsp;<strong>Projeto 100% Cidades<\/strong> \u00e9 aprofundar o conhecimento sobre as 100 maiores cidades, entender melhor os mercados regionais e fornecer dados in\u00e9ditos que ajudar\u00e3o investidores e empres\u00e1rios a tomar as melhores decis\u00f5es. Com essas informa\u00e7\u00f5es, a Apex acredita que os investidores poder\u00e3o investir com mais informa\u00e7\u00e3o e seguran\u00e7a nos&nbsp;mercados regionais.<\/p>\n\n\n\n\n\t<p>\n\t\t<a href=\"https:\/\/lp.suno.com.br\/planilha-da-vida-financeira\/\" target=\"_blank\" data-element=\"shortcode-suno-banner\" title=\"Banner SUNO, clique e saiba mais\">\n\t\t\t<picture>\n\t\t\t\t<source media=\"(max-width: 500px)\" srcset=\"https:\/\/files.sunoresearch.com.br\/n\/uploads\/2023\/04\/400x300-Planilha-vida-financeira-true.png\">\n\t\t\t\t<img class=\"newsContent__article__imgCapa newsContent__article__imgCapa--banner\"\n\t\t\t\t\tsrc=\"https:\/\/files.sunoresearch.com.br\/n\/uploads\/2023\/04\/1420x240-Planilha-vida-financeira-true.png\"\n\t\t\t\t\tdata-promo-id=\"383123\"\t\t\t\t\t\t\t\t\t\twidth='1420' height='240'\t\t\t\t\talt=\"https:\/\/files.sunoresearch.com.br\/n\/uploads\/2023\/04\/1420x240-Planilha-vida-financeira-true.png\"\n\t\t\t\t>\n\t\t\t<\/picture>\n\t\t<\/a>\n\t<\/p>\n\n\n","protected":false},"excerpt":{"rendered":"<p>A Futura, empresa de pesquisa do Grupo Apex, divulgou nesta quarta-feira (24) o primeiro mapeamento setorial do Projeto 100% Cidades no evento Brazilian Regional Markets. A pesquisa trouxe dados in\u00e9ditos sobre os setores de mobilidade e turismo envolvendo cidades dos estados de Santa Catarina, Paran\u00e1 e Esp\u00edrito Santo. Projeto 100% Cidades Em mobilidade, a pesquisa [&hellip;]<\/p>\n","protected":false},"author":301,"featured_media":547433,"comment_status":"closed","ping_status":"closed","sticky":false,"template":"","format":"standard","meta":[],"categories":[64],"tags":[740],"suno_strategy":[],"class_list":["post-547408","post","type-post","status-publish","format-standard","has-post-thumbnail","hentry","category-negocios","tag-economia"],"yoast_head":"<!-- This site is optimized with the Yoast SEO plugin v24.4 - https:\/\/yoast.com\/wordpress\/plugins\/seo\/ -->\n<title>Projeto 100% Cidades divulga dados sobre mobilidade e turismo<\/title>\n<meta name=\"description\" content=\"A Futura Intelig\u00eancia divulgou o primeiro mapeamento setorial do Projeto 100% Cidades no evento Brazilian Regional Markets.\" \/>\n<meta name=\"robots\" content=\"index, follow, max-snippet:-1, max-image-preview:large, max-video-preview:-1\" \/>\n<link rel=\"canonical\" href=\"https:\/\/www.suno.com.br\/noticias\/projeto-100-cidades-mobilidade-turismo-va\/\" \/>\n<meta property=\"og:locale\" content=\"pt_BR\" \/>\n<meta property=\"og:type\" content=\"article\" \/>\n<meta property=\"og:title\" content=\"Projeto 100% Cidades divulga dados sobre mobilidade e turismo\" \/>\n<meta property=\"og:description\" content=\"A Futura Intelig\u00eancia divulgou o primeiro mapeamento setorial do Projeto 100% Cidades no evento Brazilian Regional Markets.\" \/>\n<meta property=\"og:url\" content=\"https:\/\/www.suno.com.br\/noticias\/projeto-100-cidades-mobilidade-turismo-va\/\" \/>\n<meta property=\"og:site_name\" content=\"Suno Not\u00edcias\" \/>\n<meta property=\"article:publisher\" content=\"https:\/\/facebook.com\/sunoresearch\" \/>\n<meta property=\"og:image\" content=\"https:\/\/files.sunoresearch.com.br\/n\/uploads\/2024\/04\/iStock-1154151207.jpg\" \/>\n\t<meta property=\"og:image:width\" content=\"1254\" \/>\n\t<meta property=\"og:image:height\" content=\"837\" \/>\n\t<meta property=\"og:image:type\" content=\"image\/jpeg\" \/>\n<meta name=\"author\" content=\"Vin\u00edcius Alves\" \/>\n<meta name=\"twitter:card\" content=\"summary_large_image\" \/>\n<meta name=\"twitter:creator\" content=\"@sunoresearch\" \/>\n<meta name=\"twitter:site\" content=\"@sunoresearch\" \/>\n<meta name=\"twitter:label1\" content=\"Escrito por\" \/>\n\t<meta name=\"twitter:data1\" content=\"Vin\u00edcius Alves\" \/>\n\t<meta name=\"twitter:label2\" content=\"Est. tempo de leitura\" \/>\n\t<meta name=\"twitter:data2\" content=\"5 minutos\" \/>\n<script type=\"application\/ld+json\" class=\"yoast-schema-graph\">{\"@context\":\"https:\/\/schema.org\",\"@graph\":[{\"@type\":\"NewsArticle\",\"@id\":\"https:\/\/www.suno.com.br\/noticias\/projeto-100-cidades-mobilidade-turismo-va\/#article\",\"isPartOf\":{\"@id\":\"https:\/\/www.suno.com.br\/noticias\/projeto-100-cidades-mobilidade-turismo-va\/\"},\"author\":{\"name\":\"Vin\u00edcius Alves\",\"@id\":\"https:\/\/www.suno.com.br\/noticias\/#\/schema\/person\/4a180549702d0e236b3e420862bcded3\"},\"headline\":\"Projeto 100% Cidades, da Futura, revela dados in\u00e9ditos sobre mobilidade e turismo em estados brasileiros\",\"datePublished\":\"2024-04-24T19:00:05+00:00\",\"dateModified\":\"2024-04-25T01:30:39+00:00\",\"mainEntityOfPage\":{\"@id\":\"https:\/\/www.suno.com.br\/noticias\/projeto-100-cidades-mobilidade-turismo-va\/\"},\"wordCount\":740,\"publisher\":{\"@id\":\"https:\/\/www.suno.com.br\/noticias\/#organization\"},\"image\":{\"@id\":\"https:\/\/www.suno.com.br\/noticias\/projeto-100-cidades-mobilidade-turismo-va\/#primaryimage\"},\"thumbnailUrl\":\"https:\/\/files.sunoresearch.com.br\/n\/uploads\/2024\/04\/iStock-1154151207.jpg\",\"keywords\":[\"Economia\"],\"articleSection\":[\"Neg\u00f3cios\"],\"inLanguage\":\"pt-BR\"},{\"@type\":\"WebPage\",\"@id\":\"https:\/\/www.suno.com.br\/noticias\/projeto-100-cidades-mobilidade-turismo-va\/\",\"url\":\"https:\/\/www.suno.com.br\/noticias\/projeto-100-cidades-mobilidade-turismo-va\/\",\"name\":\"Projeto 100% Cidades divulga dados sobre mobilidade e turismo\",\"isPartOf\":{\"@id\":\"https:\/\/www.suno.com.br\/noticias\/#website\"},\"primaryImageOfPage\":{\"@id\":\"https:\/\/www.suno.com.br\/noticias\/projeto-100-cidades-mobilidade-turismo-va\/#primaryimage\"},\"image\":{\"@id\":\"https:\/\/www.suno.com.br\/noticias\/projeto-100-cidades-mobilidade-turismo-va\/#primaryimage\"},\"thumbnailUrl\":\"https:\/\/files.sunoresearch.com.br\/n\/uploads\/2024\/04\/iStock-1154151207.jpg\",\"datePublished\":\"2024-04-24T19:00:05+00:00\",\"dateModified\":\"2024-04-25T01:30:39+00:00\",\"description\":\"A Futura Intelig\u00eancia divulgou o primeiro mapeamento setorial do Projeto 100% Cidades no evento Brazilian Regional Markets.\",\"breadcrumb\":{\"@id\":\"https:\/\/www.suno.com.br\/noticias\/projeto-100-cidades-mobilidade-turismo-va\/#breadcrumb\"},\"inLanguage\":\"pt-BR\",\"potentialAction\":[{\"@type\":\"ReadAction\",\"target\":[\"https:\/\/www.suno.com.br\/noticias\/projeto-100-cidades-mobilidade-turismo-va\/\"]}]},{\"@type\":\"ImageObject\",\"inLanguage\":\"pt-BR\",\"@id\":\"https:\/\/www.suno.com.br\/noticias\/projeto-100-cidades-mobilidade-turismo-va\/#primaryimage\",\"url\":\"https:\/\/files.sunoresearch.com.br\/n\/uploads\/2024\/04\/iStock-1154151207.jpg\",\"contentUrl\":\"https:\/\/files.sunoresearch.com.br\/n\/uploads\/2024\/04\/iStock-1154151207.jpg\",\"width\":1254,\"height\":837,\"caption\":\"Projeto 100% Cidades\"},{\"@type\":\"BreadcrumbList\",\"@id\":\"https:\/\/www.suno.com.br\/noticias\/projeto-100-cidades-mobilidade-turismo-va\/#breadcrumb\",\"itemListElement\":[{\"@type\":\"ListItem\",\"position\":1,\"name\":\"Not\u00edcias\",\"item\":\"https:\/\/www.suno.com.br\/noticias\/\"},{\"@type\":\"ListItem\",\"position\":2,\"name\":\"Neg\u00f3cios\",\"item\":\"https:\/\/www.suno.com.br\/noticias\/negocios\/\"},{\"@type\":\"ListItem\",\"position\":3,\"name\":\"Projeto 100% Cidades, da Futura, revela dados in\u00e9ditos sobre mobilidade e turismo em estados brasileiros\"}]},{\"@type\":\"WebSite\",\"@id\":\"https:\/\/www.suno.com.br\/noticias\/#website\",\"url\":\"https:\/\/www.suno.com.br\/noticias\/\",\"name\":\"Suno Not\u00edcias\",\"description\":\"Seu portal de informa\u00e7\u00e3o sobre o mundo dos investimentos\",\"publisher\":{\"@id\":\"https:\/\/www.suno.com.br\/noticias\/#organization\"},\"potentialAction\":[{\"@type\":\"SearchAction\",\"target\":{\"@type\":\"EntryPoint\",\"urlTemplate\":\"https:\/\/www.suno.com.br\/noticias\/?s={search_term_string}\"},\"query-input\":{\"@type\":\"PropertyValueSpecification\",\"valueRequired\":true,\"valueName\":\"search_term_string\"}}],\"inLanguage\":\"pt-BR\"},{\"@type\":\"Organization\",\"@id\":\"https:\/\/www.suno.com.br\/noticias\/#organization\",\"name\":\"Suno Not\u00edcias\",\"url\":\"https:\/\/www.suno.com.br\/noticias\/\",\"logo\":{\"@type\":\"ImageObject\",\"inLanguage\":\"pt-BR\",\"@id\":\"https:\/\/www.suno.com.br\/noticias\/#\/schema\/logo\/image\/\",\"url\":\"https:\/\/files.sunoresearch.com.br\/n\/uploads\/2021\/09\/suno-logo.png\",\"contentUrl\":\"https:\/\/files.sunoresearch.com.br\/n\/uploads\/2021\/09\/suno-logo.png\",\"width\":180,\"height\":180,\"caption\":\"Suno Not\u00edcias\"},\"image\":{\"@id\":\"https:\/\/www.suno.com.br\/noticias\/#\/schema\/logo\/image\/\"},\"sameAs\":[\"https:\/\/facebook.com\/sunoresearch\",\"https:\/\/x.com\/sunoresearch\",\"https:\/\/www.instagram.com\/suno\",\"https:\/\/www.linkedin.com\/company\/suno-research\/\",\"https:\/\/www.youtube.com\/c\/sunoresearch\"]},{\"@type\":\"Person\",\"@id\":\"https:\/\/www.suno.com.br\/noticias\/#\/schema\/person\/4a180549702d0e236b3e420862bcded3\",\"name\":\"Vin\u00edcius Alves\",\"image\":{\"@type\":\"ImageObject\",\"inLanguage\":\"pt-BR\",\"@id\":\"https:\/\/www.suno.com.br\/noticias\/#\/schema\/person\/image\/\",\"url\":\"https:\/\/secure.gravatar.com\/avatar\/a95b7fe6d1b813f7907d4f476d5a39e1?s=96&r=g\",\"contentUrl\":\"https:\/\/secure.gravatar.com\/avatar\/a95b7fe6d1b813f7907d4f476d5a39e1?s=96&r=g\",\"caption\":\"Vin\u00edcius Alves\"},\"description\":\"Jornalista formado na Faculdade C\u00e1sper L\u00edbero. Com passagens pela Ag\u00eancia Estado, InfoMoney e Editora Globo.\",\"url\":\"https:\/\/www.suno.com.br\/noticias\/author\/vini08correiagmail-com\/\"}]}<\/script>\n<!-- \/ Yoast SEO plugin. -->","yoast_head_json":{"title":"Projeto 100% Cidades divulga dados sobre mobilidade e turismo","description":"A Futura Intelig\u00eancia divulgou o primeiro mapeamento setorial do Projeto 100% Cidades no evento Brazilian Regional Markets.","robots":{"index":"index","follow":"follow","max-snippet":"max-snippet:-1","max-image-preview":"max-image-preview:large","max-video-preview":"max-video-preview:-1"},"canonical":"https:\/\/www.suno.com.br\/noticias\/projeto-100-cidades-mobilidade-turismo-va\/","og_locale":"pt_BR","og_type":"article","og_title":"Projeto 100% Cidades divulga dados sobre mobilidade e turismo","og_description":"A Futura Intelig\u00eancia divulgou o primeiro mapeamento setorial do Projeto 100% Cidades no evento Brazilian Regional Markets.","og_url":"https:\/\/www.suno.com.br\/noticias\/projeto-100-cidades-mobilidade-turismo-va\/","og_site_name":"Suno Not\u00edcias","article_publisher":"https:\/\/facebook.com\/sunoresearch","og_image":[{"width":1254,"height":837,"url":"https:\/\/files.sunoresearch.com.br\/n\/uploads\/2024\/04\/iStock-1154151207.jpg","type":"image\/jpeg"}],"author":"Vin\u00edcius Alves","twitter_card":"summary_large_image","twitter_creator":"@sunoresearch","twitter_site":"@sunoresearch","twitter_misc":{"Escrito por":"Vin\u00edcius Alves","Est. tempo de leitura":"5 minutos"},"schema":{"@context":"https:\/\/schema.org","@graph":[{"@type":"NewsArticle","@id":"https:\/\/www.suno.com.br\/noticias\/projeto-100-cidades-mobilidade-turismo-va\/#article","isPartOf":{"@id":"https:\/\/www.suno.com.br\/noticias\/projeto-100-cidades-mobilidade-turismo-va\/"},"author":{"name":"Vin\u00edcius Alves","@id":"https:\/\/www.suno.com.br\/noticias\/#\/schema\/person\/4a180549702d0e236b3e420862bcded3"},"headline":"Projeto 100% Cidades, da Futura, revela dados in\u00e9ditos sobre mobilidade e turismo em estados brasileiros","datePublished":"2024-04-24T19:00:05+00:00","dateModified":"2024-04-25T01:30:39+00:00","mainEntityOfPage":{"@id":"https:\/\/www.suno.com.br\/noticias\/projeto-100-cidades-mobilidade-turismo-va\/"},"wordCount":740,"publisher":{"@id":"https:\/\/www.suno.com.br\/noticias\/#organization"},"image":{"@id":"https:\/\/www.suno.com.br\/noticias\/projeto-100-cidades-mobilidade-turismo-va\/#primaryimage"},"thumbnailUrl":"https:\/\/files.sunoresearch.com.br\/n\/uploads\/2024\/04\/iStock-1154151207.jpg","keywords":["Economia"],"articleSection":["Neg\u00f3cios"],"inLanguage":"pt-BR"},{"@type":"WebPage","@id":"https:\/\/www.suno.com.br\/noticias\/projeto-100-cidades-mobilidade-turismo-va\/","url":"https:\/\/www.suno.com.br\/noticias\/projeto-100-cidades-mobilidade-turismo-va\/","name":"Projeto 100% Cidades divulga dados sobre mobilidade e turismo","isPartOf":{"@id":"https:\/\/www.suno.com.br\/noticias\/#website"},"primaryImageOfPage":{"@id":"https:\/\/www.suno.com.br\/noticias\/projeto-100-cidades-mobilidade-turismo-va\/#primaryimage"},"image":{"@id":"https:\/\/www.suno.com.br\/noticias\/projeto-100-cidades-mobilidade-turismo-va\/#primaryimage"},"thumbnailUrl":"https:\/\/files.sunoresearch.com.br\/n\/uploads\/2024\/04\/iStock-1154151207.jpg","datePublished":"2024-04-24T19:00:05+00:00","dateModified":"2024-04-25T01:30:39+00:00","description":"A Futura Intelig\u00eancia divulgou o primeiro mapeamento setorial do Projeto 100% Cidades no evento Brazilian Regional Markets.","breadcrumb":{"@id":"https:\/\/www.suno.com.br\/noticias\/projeto-100-cidades-mobilidade-turismo-va\/#breadcrumb"},"inLanguage":"pt-BR","potentialAction":[{"@type":"ReadAction","target":["https:\/\/www.suno.com.br\/noticias\/projeto-100-cidades-mobilidade-turismo-va\/"]}]},{"@type":"ImageObject","inLanguage":"pt-BR","@id":"https:\/\/www.suno.com.br\/noticias\/projeto-100-cidades-mobilidade-turismo-va\/#primaryimage","url":"https:\/\/files.sunoresearch.com.br\/n\/uploads\/2024\/04\/iStock-1154151207.jpg","contentUrl":"https:\/\/files.sunoresearch.com.br\/n\/uploads\/2024\/04\/iStock-1154151207.jpg","width":1254,"height":837,"caption":"Projeto 100% Cidades"},{"@type":"BreadcrumbList","@id":"https:\/\/www.suno.com.br\/noticias\/projeto-100-cidades-mobilidade-turismo-va\/#breadcrumb","itemListElement":[{"@type":"ListItem","position":1,"name":"Not\u00edcias","item":"https:\/\/www.suno.com.br\/noticias\/"},{"@type":"ListItem","position":2,"name":"Neg\u00f3cios","item":"https:\/\/www.suno.com.br\/noticias\/negocios\/"},{"@type":"ListItem","position":3,"name":"Projeto 100% Cidades, da Futura, revela dados in\u00e9ditos sobre mobilidade e turismo em estados brasileiros"}]},{"@type":"WebSite","@id":"https:\/\/www.suno.com.br\/noticias\/#website","url":"https:\/\/www.suno.com.br\/noticias\/","name":"Suno Not\u00edcias","description":"Seu portal de informa\u00e7\u00e3o sobre o mundo dos investimentos","publisher":{"@id":"https:\/\/www.suno.com.br\/noticias\/#organization"},"potentialAction":[{"@type":"SearchAction","target":{"@type":"EntryPoint","urlTemplate":"https:\/\/www.suno.com.br\/noticias\/?s={search_term_string}"},"query-input":{"@type":"PropertyValueSpecification","valueRequired":true,"valueName":"search_term_string"}}],"inLanguage":"pt-BR"},{"@type":"Organization","@id":"https:\/\/www.suno.com.br\/noticias\/#organization","name":"Suno Not\u00edcias","url":"https:\/\/www.suno.com.br\/noticias\/","logo":{"@type":"ImageObject","inLanguage":"pt-BR","@id":"https:\/\/www.suno.com.br\/noticias\/#\/schema\/logo\/image\/","url":"https:\/\/files.sunoresearch.com.br\/n\/uploads\/2021\/09\/suno-logo.png","contentUrl":"https:\/\/files.sunoresearch.com.br\/n\/uploads\/2021\/09\/suno-logo.png","width":180,"height":180,"caption":"Suno Not\u00edcias"},"image":{"@id":"https:\/\/www.suno.com.br\/noticias\/#\/schema\/logo\/image\/"},"sameAs":["https:\/\/facebook.com\/sunoresearch","https:\/\/x.com\/sunoresearch","https:\/\/www.instagram.com\/suno","https:\/\/www.linkedin.com\/company\/suno-research\/","https:\/\/www.youtube.com\/c\/sunoresearch"]},{"@type":"Person","@id":"https:\/\/www.suno.com.br\/noticias\/#\/schema\/person\/4a180549702d0e236b3e420862bcded3","name":"Vin\u00edcius Alves","image":{"@type":"ImageObject","inLanguage":"pt-BR","@id":"https:\/\/www.suno.com.br\/noticias\/#\/schema\/person\/image\/","url":"https:\/\/secure.gravatar.com\/avatar\/a95b7fe6d1b813f7907d4f476d5a39e1?s=96&r=g","contentUrl":"https:\/\/secure.gravatar.com\/avatar\/a95b7fe6d1b813f7907d4f476d5a39e1?s=96&r=g","caption":"Vin\u00edcius Alves"},"description":"Jornalista formado na Faculdade C\u00e1sper L\u00edbero. Com passagens pela Ag\u00eancia Estado, InfoMoney e Editora Globo.","url":"https:\/\/www.suno.com.br\/noticias\/author\/vini08correiagmail-com\/"}]}},"default_loop_html":"<div class=\"cardsPage__listCard__boxs\"><div class=\"cardsPage__listCard__boxs__img\"><a href=\"https:\/\/www.suno.com.br\/noticias\/projeto-100-cidades-mobilidade-turismo-va\/\"><img class=\"mask\" src=\"https:\/\/www.suno.com.br\/noticias\/wp-content\/themes\/suno\/resources\/images\/spotlight\/spotlight1img\/bg-mask.png\" alt=\"Image Mask\"\/><img src=\"https:\/\/files.sunoresearch.com.br\/n\/uploads\/2024\/04\/iStock-1154151207-400x200.jpg\" alt=\"Projeto 100% Cidades, da Futura, revela dados in\u00e9ditos sobre mobilidade e turismo em estados brasileiros\"\/><\/a><span class=\"spotlightCategory\"><a href=\"https:\/\/www.suno.com.br\/noticias\/negocios\/\">Neg\u00f3cios<\/a><\/span><\/div><div class=\"cardsPage__listCard__boxs__content\"><a href=\"https:\/\/www.suno.com.br\/noticias\/projeto-100-cidades-mobilidade-turismo-va\/\"><h2 class=\"content__title\">Projeto 100% Cidades, da Futura, revela dados in\u00e9ditos sobre mobilidade e turismo em estados brasileiros<\/h2><\/a><div class=\"newsContent__article__meta\"><div class=\"newsContent__article__meta__authorBox\"><a href=\"https:\/\/www.suno.com.br\/noticias\/author\/vini08correiagmail-com\/\" class=\"authorBox__avatar noMobi\"><img src=\"https:\/\/files.sunoresearch.com.br\/n\/uploads\/2026\/04\/WhatsApp-Image-2026-04-20-at-19.35.48-150x150.webp\" alt=\"Vin\u00edcius Alves\"><\/a><div class=\"authorBox__name\"><span>por\n\t\t\t<a href=\"https:\/\/www.suno.com.br\/noticias\/author\/vini08correiagmail-com\/\"><span itemprop=\"author\">Vin\u00edcius Alves<\/span><\/a><\/span><time datetime=\"2024-04-24T16:00:05-03:00\" itemprop=\"datePublished\">24\/04\/2024 16:00<\/time><\/div><\/div><\/div><\/div><\/div>","single_layout":"posts","amp_enabled":true,"_links":{"self":[{"href":"https:\/\/www.suno.com.br\/noticias\/wp-json\/wp\/v2\/posts\/547408"}],"collection":[{"href":"https:\/\/www.suno.com.br\/noticias\/wp-json\/wp\/v2\/posts"}],"about":[{"href":"https:\/\/www.suno.com.br\/noticias\/wp-json\/wp\/v2\/types\/post"}],"author":[{"embeddable":true,"href":"https:\/\/www.suno.com.br\/noticias\/wp-json\/wp\/v2\/users\/301"}],"replies":[{"embeddable":true,"href":"https:\/\/www.suno.com.br\/noticias\/wp-json\/wp\/v2\/comments?post=547408"}],"version-history":[{"count":3,"href":"https:\/\/www.suno.com.br\/noticias\/wp-json\/wp\/v2\/posts\/547408\/revisions"}],"predecessor-version":[{"id":547665,"href":"https:\/\/www.suno.com.br\/noticias\/wp-json\/wp\/v2\/posts\/547408\/revisions\/547665"}],"wp:featuredmedia":[{"embeddable":true,"href":"https:\/\/www.suno.com.br\/noticias\/wp-json\/wp\/v2\/media\/547433"}],"wp:attachment":[{"href":"https:\/\/www.suno.com.br\/noticias\/wp-json\/wp\/v2\/media?parent=547408"}],"wp:term":[{"taxonomy":"category","embeddable":true,"href":"https:\/\/www.suno.com.br\/noticias\/wp-json\/wp\/v2\/categories?post=547408"},{"taxonomy":"post_tag","embeddable":true,"href":"https:\/\/www.suno.com.br\/noticias\/wp-json\/wp\/v2\/tags?post=547408"},{"taxonomy":"suno_strategy","embeddable":true,"href":"https:\/\/www.suno.com.br\/noticias\/wp-json\/wp\/v2\/suno_strategy?post=547408"}],"curies":[{"name":"wp","href":"https:\/\/api.w.org\/{rel}","templated":true}]}}