{"id":54719,"date":"2020-03-03T09:55:02","date_gmt":"2020-03-03T12:55:02","guid":{"rendered":"https:\/\/www.suno.com.br\/noticias\/?p=54719"},"modified":"2020-03-03T10:37:05","modified_gmt":"2020-03-03T13:37:05","slug":"dolar-abre-leve-alta-covid-19-030320","status":"publish","type":"post","link":"https:\/\/www.suno.com.br\/noticias\/dolar-abre-leve-alta-covid-19-030320\/","title":{"rendered":"D\u00f3lar abre em leve alta nesta ter\u00e7a com tens\u00f5es do Covid-19 no radar"},"content":{"rendered":"<p>O <strong><a href=\"https:\/\/www.suno.com.br\/artigos\/dolar\/\">d\u00f3lar<\/a><\/strong> iniciou esta ter\u00e7a-feira (3) apresentando uma leve alta. O mercado segue inst\u00e1vel com novas informa\u00e7\u00f5es sobre o <strong>coronav\u00edrus<\/strong> (Covid-19) ao redor do mundo.<\/p>\t<div class=\"wrapper-featured-image\">\n\t\t<figure class=\"spotlightImg\">\n\n\t\t\t<picture>\n\t\t\t\t<source media=\"(max-width: 768px)\" srcset=\"https:\/\/files.sunoresearch.com.br\/n\/uploads\/2019\/06\/e1c128ff-d\u00f3larr-400x200.webp\">\n\t\t\t\t<img loading=\"lazy\" decoding=\"async\" class=\"newsContent__article__imgCapa lazyloadDisabled newsContent__article__imgCapa--noCaption\" src=\"https:\/\/files.sunoresearch.com.br\/n\/uploads\/2019\/06\/e1c128ff-d\u00f3larr-jpg.webp\" width=\"800\" height=\"450\" alt=\"D\u00f3lar abre em leve alta nesta ter\u00e7a com tens\u00f5es do Covid-19 no radar\" fetchpriority=high \/>\n\t\t\t<\/picture>\n\n\t\t\t<figcaption class=\"wp-caption-text wp-caption-text--hide\">Nesta segunda-feira (14), por volta das 9h20, o d\u00f3lar operava em queda de 0,413, sendo negociado a R$ 5,3099. <\/figcaption>\n\t\t<\/figure>\n\t<\/div>\n\n\n\n<p>Por volta das 9h20, o d\u00f3lar variava positivamente a 0,045%, negociado a R$ 4,4888. Os investidores est\u00e3o de olho tamb\u00e9m nas conversas do G-7 sobre o que ser\u00e1 feito para estimular a economia que vem afetando pa\u00edses ao redor do mundo por conta da dissemina\u00e7\u00e3o do coronav\u00edrus.<\/p>\n<h2>Covid-19<\/h2>\n<p>O n\u00famero de casos suspeitos de coronav\u00edrus no Brasil saltou de 252 para 433, de acordo com informa\u00e7\u00f5es do Minist\u00e9rio da Sa\u00fade. O Pa\u00eds permanece, no entanto, com apenas dois casos confirmados, o de um idoso de 61 anos e de um homem de 32. A Organiza\u00e7\u00e3o Mundial da Sa\u00fade (OMS) j\u00e1 informou que, no mundo, h\u00e1 65 pa\u00edses com pessoas infectadas pelo Covid-19. Portugal \u00e9 um dos mais novos pa\u00edses a entrarem para esta lista.<\/p>\n<div>Na China, outro m\u00e9dico morreu por conta da infec\u00e7\u00e3o causada pelo coronav\u00edrus. O homem tinha 57 anos e era diretor do departamento de oftalmologia do Hospital de Wuhan. Vale destacar que este \u00e9 o terceiro m\u00e9dico que morre em decorr\u00eancia do Covid-19.<\/div>\n<div><\/div>\n<h2>Confer\u00eancia do G-7 sobre coronav\u00edrus<\/h2>\n<div>Os ministros da Economia e os presidentes dos bancos centrais dos pa\u00edses que fazem parte do G-7 t\u00eam uma reuni\u00e3o marcada para esta ter\u00e7a-feira (3). A ideia \u00e9 discutir novos caminhos para a economia diante do cen\u00e1rio da epidemia do coronav\u00edrus.<\/div>\n<div>\n<div><\/div>\n<div>O presidente do Federal Reserve, Jerome Powell, e o secret\u00e1rio do Tesouro americano, Steven Mnuchin, ser\u00e3o os respons\u00e1veis por liderar a teleconfer\u00eancia.<\/div>\n<div>\n<div><\/div>\n<div>&#8220;Essa semana teremos uma reuni\u00e3o por telefone &#8211; porque temos que evitar os descolamentos ao m\u00e1ximo &#8211; dos ministros do G7 para coordenar respostas&#8221;, disse o ministro franc\u00eas da Economia, Bruno Le Maire, em entrevista a emissora de TV francesa &#8220;France2&#8221;.<\/div>\n<\/div>\n<\/div>\n<h2>\u00daltima cota\u00e7\u00e3o do d\u00f3lar<\/h2>\n<p>Na \u00faltima sess\u00e3o, na segunda-feira (2), o <a href=\"https:\/\/www.youtube.com\/watch?v=YLVbWKnRr6Q\"><strong>d\u00f3lar<\/strong><\/a> encerrou o preg\u00e3o em alta de 0,127%, cotado a R$ 4,4868.<\/p>\n\n","protected":false},"excerpt":{"rendered":"<p>O d\u00f3lar iniciou esta ter\u00e7a-feira (3) apresentando uma leve alta. O mercado segue inst\u00e1vel com novas informa\u00e7\u00f5es sobre o coronav\u00edrus (Covid-19) ao redor do mundo. Nesta segunda-feira (14), por volta das 9h20, o d\u00f3lar operava em queda de 0,413, sendo negociado a R$ 5,3099. Por volta das 9h20, o d\u00f3lar variava positivamente a 0,045%, negociado [&hellip;]<\/p>\n","protected":false},"author":19,"featured_media":27978,"comment_status":"closed","ping_status":"closed","sticky":false,"template":"","format":"standard","meta":[],"categories":[60],"tags":[2487,326],"suno_strategy":[],"class_list":["post-54719","post","type-post","status-publish","format-standard","has-post-thumbnail","hentry","category-mercado","tag-coronavirus","tag-dolar"],"yoast_head":"<!-- This site is optimized with the Yoast SEO plugin v24.4 - https:\/\/yoast.com\/wordpress\/plugins\/seo\/ -->\n<title>D\u00f3lar abre em leve alta nesta ter\u00e7a com tens\u00f5es do Covid-19 no radar<\/title>\n<meta name=\"description\" content=\"O d\u00f3lar iniciou esta ter\u00e7a-feira (3) apresentando uma leve alta. O mercado segue inst\u00e1vel com novas informa\u00e7\u00f5es sobre o coronav\u00edrus.Saiba mais\" \/>\n<meta name=\"robots\" content=\"index, follow, max-snippet:-1, max-image-preview:large, max-video-preview:-1\" \/>\n<link rel=\"canonical\" href=\"https:\/\/www.suno.com.br\/noticias\/dolar-abre-leve-alta-covid-19-030320\/\" \/>\n<meta property=\"og:locale\" content=\"pt_BR\" \/>\n<meta property=\"og:type\" content=\"article\" \/>\n<meta property=\"og:title\" content=\"D\u00f3lar abre em leve alta nesta ter\u00e7a com tens\u00f5es do Covid-19 no radar\" \/>\n<meta property=\"og:description\" content=\"O d\u00f3lar iniciou esta ter\u00e7a-feira (3) apresentando uma leve alta. O mercado segue inst\u00e1vel com novas informa\u00e7\u00f5es sobre o coronav\u00edrus.Saiba mais\" \/>\n<meta property=\"og:url\" content=\"https:\/\/www.suno.com.br\/noticias\/dolar-abre-leve-alta-covid-19-030320\/\" \/>\n<meta property=\"og:site_name\" content=\"Suno Not\u00edcias\" \/>\n<meta property=\"article:publisher\" content=\"https:\/\/facebook.com\/sunoresearch\" \/>\n<meta property=\"og:image\" content=\"https:\/\/files.sunoresearch.com.br\/n\/uploads\/2019\/06\/e1c128ff-d\u00f3larr.jpg\" \/>\n\t<meta property=\"og:image:width\" content=\"640\" \/>\n\t<meta property=\"og:image:height\" content=\"370\" \/>\n\t<meta property=\"og:image:type\" content=\"image\/jpeg\" \/>\n<meta name=\"author\" content=\"Juliano Passaro\" \/>\n<meta name=\"twitter:card\" content=\"summary_large_image\" \/>\n<meta name=\"twitter:creator\" content=\"@sunoresearch\" \/>\n<meta name=\"twitter:site\" content=\"@sunoresearch\" \/>\n<meta name=\"twitter:label1\" content=\"Escrito por\" \/>\n\t<meta name=\"twitter:data1\" content=\"Juliano Passaro\" \/>\n\t<meta name=\"twitter:label2\" content=\"Est. tempo de leitura\" \/>\n\t<meta name=\"twitter:data2\" content=\"2 minutos\" \/>\n<script type=\"application\/ld+json\" class=\"yoast-schema-graph\">{\"@context\":\"https:\/\/schema.org\",\"@graph\":[{\"@type\":\"NewsArticle\",\"@id\":\"https:\/\/www.suno.com.br\/noticias\/dolar-abre-leve-alta-covid-19-030320\/#article\",\"isPartOf\":{\"@id\":\"https:\/\/www.suno.com.br\/noticias\/dolar-abre-leve-alta-covid-19-030320\/\"},\"author\":{\"name\":\"Juliano Passaro\",\"@id\":\"https:\/\/www.suno.com.br\/noticias\/#\/schema\/person\/1db762f78ffd8919a648a63e425953e3\"},\"headline\":\"D\u00f3lar abre em leve alta nesta ter\u00e7a com tens\u00f5es do Covid-19 no radar\",\"datePublished\":\"2020-03-03T12:55:02+00:00\",\"dateModified\":\"2020-03-03T13:37:05+00:00\",\"mainEntityOfPage\":{\"@id\":\"https:\/\/www.suno.com.br\/noticias\/dolar-abre-leve-alta-covid-19-030320\/\"},\"wordCount\":377,\"publisher\":{\"@id\":\"https:\/\/www.suno.com.br\/noticias\/#organization\"},\"image\":{\"@id\":\"https:\/\/www.suno.com.br\/noticias\/dolar-abre-leve-alta-covid-19-030320\/#primaryimage\"},\"thumbnailUrl\":\"https:\/\/files.sunoresearch.com.br\/n\/uploads\/2019\/06\/e1c128ff-d\u00f3larr-jpg.webp\",\"keywords\":[\"coronav\u00edrus\",\"d\u00f3lar\"],\"articleSection\":[\"Mercado\"],\"inLanguage\":\"pt-BR\"},{\"@type\":\"WebPage\",\"@id\":\"https:\/\/www.suno.com.br\/noticias\/dolar-abre-leve-alta-covid-19-030320\/\",\"url\":\"https:\/\/www.suno.com.br\/noticias\/dolar-abre-leve-alta-covid-19-030320\/\",\"name\":\"D\u00f3lar abre em leve alta nesta ter\u00e7a com tens\u00f5es do Covid-19 no radar\",\"isPartOf\":{\"@id\":\"https:\/\/www.suno.com.br\/noticias\/#website\"},\"primaryImageOfPage\":{\"@id\":\"https:\/\/www.suno.com.br\/noticias\/dolar-abre-leve-alta-covid-19-030320\/#primaryimage\"},\"image\":{\"@id\":\"https:\/\/www.suno.com.br\/noticias\/dolar-abre-leve-alta-covid-19-030320\/#primaryimage\"},\"thumbnailUrl\":\"https:\/\/files.sunoresearch.com.br\/n\/uploads\/2019\/06\/e1c128ff-d\u00f3larr-jpg.webp\",\"datePublished\":\"2020-03-03T12:55:02+00:00\",\"dateModified\":\"2020-03-03T13:37:05+00:00\",\"description\":\"O d\u00f3lar iniciou esta ter\u00e7a-feira (3) apresentando uma leve alta. O mercado segue inst\u00e1vel com novas informa\u00e7\u00f5es sobre o coronav\u00edrus.Saiba mais\",\"breadcrumb\":{\"@id\":\"https:\/\/www.suno.com.br\/noticias\/dolar-abre-leve-alta-covid-19-030320\/#breadcrumb\"},\"inLanguage\":\"pt-BR\",\"potentialAction\":[{\"@type\":\"ReadAction\",\"target\":[\"https:\/\/www.suno.com.br\/noticias\/dolar-abre-leve-alta-covid-19-030320\/\"]}]},{\"@type\":\"ImageObject\",\"inLanguage\":\"pt-BR\",\"@id\":\"https:\/\/www.suno.com.br\/noticias\/dolar-abre-leve-alta-covid-19-030320\/#primaryimage\",\"url\":\"https:\/\/files.sunoresearch.com.br\/n\/uploads\/2019\/06\/e1c128ff-d\u00f3larr-jpg.webp\",\"contentUrl\":\"https:\/\/files.sunoresearch.com.br\/n\/uploads\/2019\/06\/e1c128ff-d\u00f3larr-jpg.webp\",\"width\":640,\"height\":370,\"caption\":\"Nesta segunda-feira (14), por volta das 9h20, o d\u00f3lar operava em queda de 0,413, sendo negociado a R$ 5,3099.\"},{\"@type\":\"BreadcrumbList\",\"@id\":\"https:\/\/www.suno.com.br\/noticias\/dolar-abre-leve-alta-covid-19-030320\/#breadcrumb\",\"itemListElement\":[{\"@type\":\"ListItem\",\"position\":1,\"name\":\"Not\u00edcias\",\"item\":\"https:\/\/www.suno.com.br\/noticias\/\"},{\"@type\":\"ListItem\",\"position\":2,\"name\":\"Mercado\",\"item\":\"https:\/\/www.suno.com.br\/noticias\/mercado\/\"},{\"@type\":\"ListItem\",\"position\":3,\"name\":\"D\u00f3lar abre em leve alta nesta ter\u00e7a com tens\u00f5es do Covid-19 no radar\"}]},{\"@type\":\"WebSite\",\"@id\":\"https:\/\/www.suno.com.br\/noticias\/#website\",\"url\":\"https:\/\/www.suno.com.br\/noticias\/\",\"name\":\"Suno Not\u00edcias\",\"description\":\"Seu portal de informa\u00e7\u00e3o sobre o mundo dos investimentos\",\"publisher\":{\"@id\":\"https:\/\/www.suno.com.br\/noticias\/#organization\"},\"potentialAction\":[{\"@type\":\"SearchAction\",\"target\":{\"@type\":\"EntryPoint\",\"urlTemplate\":\"https:\/\/www.suno.com.br\/noticias\/?s={search_term_string}\"},\"query-input\":{\"@type\":\"PropertyValueSpecification\",\"valueRequired\":true,\"valueName\":\"search_term_string\"}}],\"inLanguage\":\"pt-BR\"},{\"@type\":\"Organization\",\"@id\":\"https:\/\/www.suno.com.br\/noticias\/#organization\",\"name\":\"Suno Not\u00edcias\",\"url\":\"https:\/\/www.suno.com.br\/noticias\/\",\"logo\":{\"@type\":\"ImageObject\",\"inLanguage\":\"pt-BR\",\"@id\":\"https:\/\/www.suno.com.br\/noticias\/#\/schema\/logo\/image\/\",\"url\":\"https:\/\/files.sunoresearch.com.br\/n\/uploads\/2021\/09\/suno-logo.png\",\"contentUrl\":\"https:\/\/files.sunoresearch.com.br\/n\/uploads\/2021\/09\/suno-logo.png\",\"width\":180,\"height\":180,\"caption\":\"Suno Not\u00edcias\"},\"image\":{\"@id\":\"https:\/\/www.suno.com.br\/noticias\/#\/schema\/logo\/image\/\"},\"sameAs\":[\"https:\/\/facebook.com\/sunoresearch\",\"https:\/\/x.com\/sunoresearch\",\"https:\/\/www.instagram.com\/suno\",\"https:\/\/www.linkedin.com\/company\/suno-research\/\",\"https:\/\/www.youtube.com\/c\/sunoresearch\"]},{\"@type\":\"Person\",\"@id\":\"https:\/\/www.suno.com.br\/noticias\/#\/schema\/person\/1db762f78ffd8919a648a63e425953e3\",\"name\":\"Juliano Passaro\",\"image\":{\"@type\":\"ImageObject\",\"inLanguage\":\"pt-BR\",\"@id\":\"https:\/\/www.suno.com.br\/noticias\/#\/schema\/person\/image\/\",\"url\":\"https:\/\/secure.gravatar.com\/avatar\/743d4df28eebf6dcc46b4ad03c319e92?s=96&r=g\",\"contentUrl\":\"https:\/\/secure.gravatar.com\/avatar\/743d4df28eebf6dcc46b4ad03c319e92?s=96&r=g\",\"caption\":\"Juliano Passaro\"},\"description\":\"Juliano Passaro escreve sobre pol\u00edtica, economia e neg\u00f3cios para o portal da Suno Research. Antes da Suno, trabalhou no Portal da Band. \u00c9 formado em jornalismo pela Universidade Presbiteriana Mackenzie.\",\"url\":\"https:\/\/www.suno.com.br\/noticias\/author\/juliano\/\"}]}<\/script>\n<!-- \/ Yoast SEO plugin. -->","yoast_head_json":{"title":"D\u00f3lar abre em leve alta nesta ter\u00e7a com tens\u00f5es do Covid-19 no radar","description":"O d\u00f3lar iniciou esta ter\u00e7a-feira (3) apresentando uma leve alta. O mercado segue inst\u00e1vel com novas informa\u00e7\u00f5es sobre o coronav\u00edrus.Saiba mais","robots":{"index":"index","follow":"follow","max-snippet":"max-snippet:-1","max-image-preview":"max-image-preview:large","max-video-preview":"max-video-preview:-1"},"canonical":"https:\/\/www.suno.com.br\/noticias\/dolar-abre-leve-alta-covid-19-030320\/","og_locale":"pt_BR","og_type":"article","og_title":"D\u00f3lar abre em leve alta nesta ter\u00e7a com tens\u00f5es do Covid-19 no radar","og_description":"O d\u00f3lar iniciou esta ter\u00e7a-feira (3) apresentando uma leve alta. O mercado segue inst\u00e1vel com novas informa\u00e7\u00f5es sobre o coronav\u00edrus.Saiba mais","og_url":"https:\/\/www.suno.com.br\/noticias\/dolar-abre-leve-alta-covid-19-030320\/","og_site_name":"Suno Not\u00edcias","article_publisher":"https:\/\/facebook.com\/sunoresearch","og_image":[{"width":640,"height":370,"url":"https:\/\/files.sunoresearch.com.br\/n\/uploads\/2019\/06\/e1c128ff-d\u00f3larr.jpg","type":"image\/jpeg"}],"author":"Juliano Passaro","twitter_card":"summary_large_image","twitter_creator":"@sunoresearch","twitter_site":"@sunoresearch","twitter_misc":{"Escrito por":"Juliano Passaro","Est. tempo de leitura":"2 minutos"},"schema":{"@context":"https:\/\/schema.org","@graph":[{"@type":"NewsArticle","@id":"https:\/\/www.suno.com.br\/noticias\/dolar-abre-leve-alta-covid-19-030320\/#article","isPartOf":{"@id":"https:\/\/www.suno.com.br\/noticias\/dolar-abre-leve-alta-covid-19-030320\/"},"author":{"name":"Juliano Passaro","@id":"https:\/\/www.suno.com.br\/noticias\/#\/schema\/person\/1db762f78ffd8919a648a63e425953e3"},"headline":"D\u00f3lar abre em leve alta nesta ter\u00e7a com tens\u00f5es do Covid-19 no radar","datePublished":"2020-03-03T12:55:02+00:00","dateModified":"2020-03-03T13:37:05+00:00","mainEntityOfPage":{"@id":"https:\/\/www.suno.com.br\/noticias\/dolar-abre-leve-alta-covid-19-030320\/"},"wordCount":377,"publisher":{"@id":"https:\/\/www.suno.com.br\/noticias\/#organization"},"image":{"@id":"https:\/\/www.suno.com.br\/noticias\/dolar-abre-leve-alta-covid-19-030320\/#primaryimage"},"thumbnailUrl":"https:\/\/files.sunoresearch.com.br\/n\/uploads\/2019\/06\/e1c128ff-d\u00f3larr-jpg.webp","keywords":["coronav\u00edrus","d\u00f3lar"],"articleSection":["Mercado"],"inLanguage":"pt-BR"},{"@type":"WebPage","@id":"https:\/\/www.suno.com.br\/noticias\/dolar-abre-leve-alta-covid-19-030320\/","url":"https:\/\/www.suno.com.br\/noticias\/dolar-abre-leve-alta-covid-19-030320\/","name":"D\u00f3lar abre em leve alta nesta ter\u00e7a com tens\u00f5es do Covid-19 no radar","isPartOf":{"@id":"https:\/\/www.suno.com.br\/noticias\/#website"},"primaryImageOfPage":{"@id":"https:\/\/www.suno.com.br\/noticias\/dolar-abre-leve-alta-covid-19-030320\/#primaryimage"},"image":{"@id":"https:\/\/www.suno.com.br\/noticias\/dolar-abre-leve-alta-covid-19-030320\/#primaryimage"},"thumbnailUrl":"https:\/\/files.sunoresearch.com.br\/n\/uploads\/2019\/06\/e1c128ff-d\u00f3larr-jpg.webp","datePublished":"2020-03-03T12:55:02+00:00","dateModified":"2020-03-03T13:37:05+00:00","description":"O d\u00f3lar iniciou esta ter\u00e7a-feira (3) apresentando uma leve alta. O mercado segue inst\u00e1vel com novas informa\u00e7\u00f5es sobre o coronav\u00edrus.Saiba mais","breadcrumb":{"@id":"https:\/\/www.suno.com.br\/noticias\/dolar-abre-leve-alta-covid-19-030320\/#breadcrumb"},"inLanguage":"pt-BR","potentialAction":[{"@type":"ReadAction","target":["https:\/\/www.suno.com.br\/noticias\/dolar-abre-leve-alta-covid-19-030320\/"]}]},{"@type":"ImageObject","inLanguage":"pt-BR","@id":"https:\/\/www.suno.com.br\/noticias\/dolar-abre-leve-alta-covid-19-030320\/#primaryimage","url":"https:\/\/files.sunoresearch.com.br\/n\/uploads\/2019\/06\/e1c128ff-d\u00f3larr-jpg.webp","contentUrl":"https:\/\/files.sunoresearch.com.br\/n\/uploads\/2019\/06\/e1c128ff-d\u00f3larr-jpg.webp","width":640,"height":370,"caption":"Nesta segunda-feira (14), por volta das 9h20, o d\u00f3lar operava em queda de 0,413, sendo negociado a R$ 5,3099."},{"@type":"BreadcrumbList","@id":"https:\/\/www.suno.com.br\/noticias\/dolar-abre-leve-alta-covid-19-030320\/#breadcrumb","itemListElement":[{"@type":"ListItem","position":1,"name":"Not\u00edcias","item":"https:\/\/www.suno.com.br\/noticias\/"},{"@type":"ListItem","position":2,"name":"Mercado","item":"https:\/\/www.suno.com.br\/noticias\/mercado\/"},{"@type":"ListItem","position":3,"name":"D\u00f3lar abre em leve alta nesta ter\u00e7a com tens\u00f5es do Covid-19 no radar"}]},{"@type":"WebSite","@id":"https:\/\/www.suno.com.br\/noticias\/#website","url":"https:\/\/www.suno.com.br\/noticias\/","name":"Suno Not\u00edcias","description":"Seu portal de informa\u00e7\u00e3o sobre o mundo dos investimentos","publisher":{"@id":"https:\/\/www.suno.com.br\/noticias\/#organization"},"potentialAction":[{"@type":"SearchAction","target":{"@type":"EntryPoint","urlTemplate":"https:\/\/www.suno.com.br\/noticias\/?s={search_term_string}"},"query-input":{"@type":"PropertyValueSpecification","valueRequired":true,"valueName":"search_term_string"}}],"inLanguage":"pt-BR"},{"@type":"Organization","@id":"https:\/\/www.suno.com.br\/noticias\/#organization","name":"Suno Not\u00edcias","url":"https:\/\/www.suno.com.br\/noticias\/","logo":{"@type":"ImageObject","inLanguage":"pt-BR","@id":"https:\/\/www.suno.com.br\/noticias\/#\/schema\/logo\/image\/","url":"https:\/\/files.sunoresearch.com.br\/n\/uploads\/2021\/09\/suno-logo.png","contentUrl":"https:\/\/files.sunoresearch.com.br\/n\/uploads\/2021\/09\/suno-logo.png","width":180,"height":180,"caption":"Suno Not\u00edcias"},"image":{"@id":"https:\/\/www.suno.com.br\/noticias\/#\/schema\/logo\/image\/"},"sameAs":["https:\/\/facebook.com\/sunoresearch","https:\/\/x.com\/sunoresearch","https:\/\/www.instagram.com\/suno","https:\/\/www.linkedin.com\/company\/suno-research\/","https:\/\/www.youtube.com\/c\/sunoresearch"]},{"@type":"Person","@id":"https:\/\/www.suno.com.br\/noticias\/#\/schema\/person\/1db762f78ffd8919a648a63e425953e3","name":"Juliano Passaro","image":{"@type":"ImageObject","inLanguage":"pt-BR","@id":"https:\/\/www.suno.com.br\/noticias\/#\/schema\/person\/image\/","url":"https:\/\/secure.gravatar.com\/avatar\/743d4df28eebf6dcc46b4ad03c319e92?s=96&r=g","contentUrl":"https:\/\/secure.gravatar.com\/avatar\/743d4df28eebf6dcc46b4ad03c319e92?s=96&r=g","caption":"Juliano Passaro"},"description":"Juliano Passaro escreve sobre pol\u00edtica, economia e neg\u00f3cios para o portal da Suno Research. Antes da Suno, trabalhou no Portal da Band. \u00c9 formado em jornalismo pela Universidade Presbiteriana Mackenzie.","url":"https:\/\/www.suno.com.br\/noticias\/author\/juliano\/"}]}},"default_loop_html":"<div class=\"cardsPage__listCard__boxs\"><div class=\"cardsPage__listCard__boxs__img\"><a href=\"https:\/\/www.suno.com.br\/noticias\/dolar-abre-leve-alta-covid-19-030320\/\"><img class=\"mask\" src=\"https:\/\/www.suno.com.br\/noticias\/wp-content\/themes\/suno\/resources\/images\/spotlight\/spotlight1img\/bg-mask.png\" alt=\"Image Mask\"\/><img src=\"https:\/\/files.sunoresearch.com.br\/n\/uploads\/2019\/06\/e1c128ff-d\u00f3larr-400x200.webp\" alt=\"D\u00f3lar abre em leve alta nesta ter\u00e7a com tens\u00f5es do Covid-19 no radar\"\/><\/a><span class=\"spotlightCategory\"><a href=\"https:\/\/www.suno.com.br\/noticias\/mercado\/\">Mercado<\/a><\/span><\/div><div class=\"cardsPage__listCard__boxs__content\"><a href=\"https:\/\/www.suno.com.br\/noticias\/dolar-abre-leve-alta-covid-19-030320\/\"><h2 class=\"content__title\">D\u00f3lar abre em leve alta nesta ter\u00e7a com tens\u00f5es do Covid-19 no radar<\/h2><\/a><div class=\"newsContent__article__meta\"><div class=\"newsContent__article__meta__authorBox\"><a href=\"https:\/\/www.suno.com.br\/noticias\/author\/juliano\/\" class=\"authorBox__avatar noMobi\"><img src=\"https:\/\/files.sunoresearch.com.br\/n\/uploads\/2019\/06\/7cc3efea-whatsapp-image-2019-07-18-at-21.59.33-e1563499821209-150x150.webp\" alt=\"Juliano Passaro\"><\/a><div class=\"authorBox__name\"><span>por\n\t\t\t<a href=\"https:\/\/www.suno.com.br\/noticias\/author\/juliano\/\"><span itemprop=\"author\">Juliano Passaro<\/span><\/a><\/span><time datetime=\"2020-03-03T09:55:02-03:00\" itemprop=\"datePublished\">03\/03\/2020 09:55<\/time><\/div><\/div><\/div><\/div><\/div>","single_layout":"posts","amp_enabled":true,"_links":{"self":[{"href":"https:\/\/www.suno.com.br\/noticias\/wp-json\/wp\/v2\/posts\/54719"}],"collection":[{"href":"https:\/\/www.suno.com.br\/noticias\/wp-json\/wp\/v2\/posts"}],"about":[{"href":"https:\/\/www.suno.com.br\/noticias\/wp-json\/wp\/v2\/types\/post"}],"author":[{"embeddable":true,"href":"https:\/\/www.suno.com.br\/noticias\/wp-json\/wp\/v2\/users\/19"}],"replies":[{"embeddable":true,"href":"https:\/\/www.suno.com.br\/noticias\/wp-json\/wp\/v2\/comments?post=54719"}],"version-history":[{"count":0,"href":"https:\/\/www.suno.com.br\/noticias\/wp-json\/wp\/v2\/posts\/54719\/revisions"}],"wp:featuredmedia":[{"embeddable":true,"href":"https:\/\/www.suno.com.br\/noticias\/wp-json\/wp\/v2\/media\/27978"}],"wp:attachment":[{"href":"https:\/\/www.suno.com.br\/noticias\/wp-json\/wp\/v2\/media?parent=54719"}],"wp:term":[{"taxonomy":"category","embeddable":true,"href":"https:\/\/www.suno.com.br\/noticias\/wp-json\/wp\/v2\/categories?post=54719"},{"taxonomy":"post_tag","embeddable":true,"href":"https:\/\/www.suno.com.br\/noticias\/wp-json\/wp\/v2\/tags?post=54719"},{"taxonomy":"suno_strategy","embeddable":true,"href":"https:\/\/www.suno.com.br\/noticias\/wp-json\/wp\/v2\/suno_strategy?post=54719"}],"curies":[{"name":"wp","href":"https:\/\/api.w.org\/{rel}","templated":true}]}}