{"id":547175,"date":"2024-04-24T08:03:52","date_gmt":"2024-04-24T11:03:52","guid":{"rendered":"https:\/\/www.suno.com.br\/noticias\/?p=547175"},"modified":"2024-04-24T08:03:57","modified_gmt":"2024-04-24T11:03:57","slug":"carrefour-crfb3-previa-vendas-gpj","status":"publish","type":"post","link":"https:\/\/www.suno.com.br\/noticias\/carrefour-crfb3-previa-vendas-gpj\/","title":{"rendered":"Carrefour (CRFB3): vendas crescem 2,5% no 1T24 e chegam a R$ 27,8 bilh\u00f5es"},"content":{"rendered":"<p>O <a href=\"https:\/\/www.suno.com.br\/acoes\/CRFB3\/\"><strong>Carrefour <\/strong>(CRFB3)<\/a> informou que as vendas brutas consolidadas do 1T24 somaram R$ 27,8 bilh\u00f5es, alta de 2,5% em rela\u00e7\u00e3o ao mesmo per\u00edodo do ano passado, segundo pr\u00e9via divulgada nesta segunda-feira (23).  <\/p>\t<div class=\"wrapper-featured-image\">\n\t\t<figure class=\"spotlightImg\">\n\n\t\t\t<picture>\n\t\t\t\t<source media=\"(max-width: 768px)\" srcset=\"https:\/\/files.sunoresearch.com.br\/n\/uploads\/2020\/12\/d7b61a05-carrefour-400x200.webp\">\n\t\t\t\t<img loading=\"lazy\" decoding=\"async\" class=\"newsContent__article__imgCapa lazyloadDisabled \" src=\"https:\/\/files.sunoresearch.com.br\/n\/uploads\/2020\/12\/d7b61a05-carrefour-800x450.webp\" width=\"800\" height=\"450\" alt=\"Carrefour (CRFB3): vendas crescem 2,5% no 1T24 e chegam a R$ 27,8 bilh\u00f5es\" fetchpriority=high \/>\n\t\t\t<\/picture>\n\n\t\t\t<figcaption class=\"wp-caption-text wp-caption-text--show\">Carrefour Atacad\u00e3o (CRFB3) - Supermercado. Foto: Divulga\u00e7\u00e3o<\/figcaption>\n\t\t<\/figure>\n\t<\/div>\n\n\n\n\n\n\n\n\t<p>\n\t\t<a href=\"https:\/\/lp.suno.com.br\/planilha-da-vida-financeira\/\" target=\"_blank\" data-element=\"shortcode-suno-banner\" title=\"Banner SUNO, clique e saiba mais\">\n\t\t\t<picture>\n\t\t\t\t<source media=\"(max-width: 500px)\" srcset=\"https:\/\/files.sunoresearch.com.br\/n\/uploads\/2023\/04\/400x300-Planilha-vida-financeira-true.png\">\n\t\t\t\t<img class=\"newsContent__article__imgCapa newsContent__article__imgCapa--banner\"\n\t\t\t\t\tsrc=\"https:\/\/files.sunoresearch.com.br\/n\/uploads\/2023\/04\/1420x240-Planilha-vida-financeira-true.png\"\n\t\t\t\t\tdata-promo-id=\"106682\"\t\t\t\t\t\t\t\t\t\twidth='1420' height='240'\t\t\t\t\talt=\"https:\/\/files.sunoresearch.com.br\/n\/uploads\/2023\/04\/1420x240-Planilha-vida-financeira-true.png\"\n\t\t\t\t>\n\t\t\t<\/picture>\n\t\t<\/a>\n\t<\/p>\n\n\n\n\n\n<p>No per\u00edodo, o volume bruto negociado (GMV, na sigla em ingl\u00eas) do Carrefour foi de R$ 2,4 bilh\u00f5es, aumento de 52% na base anual.<\/p>\n\n\n\n<p>As vendas Cash &amp; Carry (C&amp;C) do Carrefour (<strong>CRFB3<\/strong>) no 1T24 totalizaram R$ 19,3 bilh\u00f5es, 6,6% acima do registrado no 1T23, &#8220;impulsionadas pelo crescimento das vendas mesas lojas (LfL) de +1,8% a\/a e pelo crescimento de +4,5% da expans\u00e3o do Atacad\u00e3o, com mais 20 novas lojas C&amp;C nos \u00faltimos 12 meses&#8221;, disse a companhia.<\/p>\n\n\n\n<p>J\u00e1 as vendas do varejo do Carrefour somaram R$ 6,9 bilh\u00f5es no 1T24, queda anual de 10,7%, explicadas por uma redu\u00e7\u00e3o de 24% na <a href=\"https:\/\/www.suno.com.br\/artigos\/area-de-vendas\/\">\u00e1rea de vendas<\/a>, com 25 lojas de varejo convertidas em lojas Atacad\u00e3o e 140 lojas de varejo fechadas nos \u00faltimos 12 meses.<\/p>\n\n\n\n<p>Por sua vez, no 1T24, o faturamento do Banco Carrefour totalizou R$ 15,9 bilh\u00f5es, aumento de 15,6% na compara\u00e7\u00e3o anual, impulsionado pelo crescimento de 20,1% no faturamento do cart\u00e3o Atacad\u00e3o e de 8,4% no faturamento do cart\u00e3o Carrefour.<\/p>\n\n\n\n<p>&#8220;A matura\u00e7\u00e3o do rec\u00e9m-lan\u00e7ado cart\u00e3o de cr\u00e9dito Sam&#8217;s Club<strong> <\/strong>continuou em ritmo acelerado e atingiu R$ 440 milh\u00f5es em faturamento no trimestre, alta de 192,6% no ano.<\/p>\n\n\n\n<h2 class=\"wp-block-heading\">Carrefour: pr\u00e9via trouxe melhora do Atacad\u00e3o, mas varejo ainda segue pressionado, dizem analistas<\/h2>\n\n\n\n<p>Em relat\u00f3rio, a XP concluiu que a pr\u00e9via de vendas da varejista trouxe n\u00fameros mistos, com o varejo sendo o principal detrator, enquanto a performance do Atacad\u00e3o retornou a patamares positivos.<\/p>\n\n\n\n<p>&#8220;A companhia destacou que a performance do varejo foi impactada pela redu\u00e7\u00e3o da \u00e1rea de vendas, por conta da otimiza\u00e7\u00e3o do parque de lojas, enquanto a acelera\u00e7\u00e3o da infla\u00e7\u00e3o e recomposi\u00e7\u00e3o dos volumes suportaram a performance do Atacad\u00e3o. Por fim, o Sam reportou uma forte expans\u00e3o, enquanto o Banco Carrefour se beneficiou do maior portf\u00f3lio de cr\u00e9dito&#8221;, disseram os analistas Danniela Eiger, Gustavo Senday e Laryssa Sumer.<\/p>\n\n\n\n<p>A XP manteve sua recomenda\u00e7\u00e3o &#8216;neutra&#8217; para as <strong>a\u00e7\u00f5es do Carrefour<\/strong>, com pre\u00e7o-alvo a R$ 14,00 por a\u00e7\u00e3o.<\/p>\n\n\n\n<p>Tamb\u00e9m em relat\u00f3rio, a Genial Investimentos pontuou que, em geral, os n\u00fameros vieram em linha com as expectativas da casa, refletindo uma din\u00e2mica sequencialmente mais favor\u00e1vel para a vertical de Cash &amp; Carry, dado a retomada da infla\u00e7\u00e3o alimentar. <\/p>\n\n\n\n<p>Em contrapartida, avalia que o varejo segue pressionado pela revis\u00e3o do portf\u00f3lio de lojas, enquanto o Sam&#8217;s Club se destacou em crescimento.<\/p>\n\n\n\n<p>A Genial tem recomenda\u00e7\u00e3o de &#8216;compra&#8217; para os <strong>pap\u00e9is do Carrefour<\/strong>, com pre\u00e7o-alvo a R$ 13,50.<\/p>\n\n\n\n<h2 class=\"wp-block-heading\">Desempenho das a\u00e7\u00f5es do Carrefour<\/h2>\n\n\n\n<p>Confira o desempenho das a\u00e7\u00f5es do <strong>Carrefour <\/strong>(CRFB3).<\/p>\n\n\n\n<div class=\"pluginQuotation\">\n  <p class=\"ticker\">\n    Cota\u00e7\u00e3o <span>CRFB3<\/span>\n  <\/p>\n  <div class=\"info\">\n    <div class=\"leftSide\">\n      Gr\u00e1fico gerado em: 24\/04\/2024    <\/div>\n\t\t\t\t\t<div class=\"rightSide\">\n\t\t\t\t\t<span class=\"period\">\n\t\t\t\t\t\t5 Dias\t\t\t\t\t<\/span>\n\t\t\t<\/div>\n\t\t  <\/div>\n\n  <div id=\"chart-bc3197a85d02fd101dae208f12bd6a57\" data-block-hash=\"bc3197a85d02fd101dae208f12bd6a57\"  class=\"chart\" style=\"width:100%;height:400px;\"><\/div>\n\n  <div class=\"pluginQuotation__footer\">\n    <div class=\"dataChart\">\n\n      <div class=\"dataChart__div1 variation\">\n        <div class=\"value-positive\">\n          1,88 (+0,21%)        <\/div>\n        <div class=\"text\">\n          Varia\u00e7\u00e3o do per\u00edodo\n        <\/div>\n      <\/div>\n\n      <div class=\"dataChart__div2 minMax\">\n        <div class=\"value\">\n          R$\u00a011,12        <\/div>\n        <div class=\"text\">\n          M\u00ednima\n        <\/div>\n      <\/div>\n\n      <div class=\"dataChart__div3 minMax\">\n        <div class=\"value\">\n          R$\u00a011,51        <\/div>\n        <div class=\"text\">\n          M\u00e1xima\n        <\/div>\n      <\/div>\n\n\t\t\t<div class=\"dataChart__div4 rightSide\">\n\t\t\t\t<div class=\"analiticaSource\">\n\t\t\t\t\t<span>\n\t\t\t\t\t\tFonte:\n\t\t\t\t\t<\/span>\n\t\t\t\t\t<img decoding=\"async\" class=\"analiticaLogo\" src=\"https:\/\/www.suno.com.br\/noticias\/wp-content\/plugins\/suno-block-ticker-quotation\/src\/suno-analitica-logo.png\" alt=\"Logo Suno Anal\u00edtica\" \/>\n\t\t\t\t<\/div>\n\n\t\t\t\t<a href=\"https:\/\/www.suno.com.br\/analitica\/acoes\/CRFB3\" target=\"_blank\">\n\t\t\t\t\t<span>\n\t\t\t\t\t\tVer mais cota\u00e7\u00f5es\n\t\t\t\t\t<\/span>\n\t\t\t\t\t<svg xmlns=\"http:\/\/www.w3.org\/2000\/svg\" width=\"9\" height=\"8\" viewBox=\"0 0 9 8\" fill=\"none\">\n\t\t\t\t\t\t<path d=\"M4.20996 0L3.50496 0.705L6.29496 3.5H0.209961V4.5H6.29496L3.50496 7.295L4.20996 8L8.20996 4L4.20996 0Z\" fill=\"#D42126\" \/>\n\t\t\t\t\t<\/svg>\n\t\t\t\t<\/a>\n    <\/div>\n\n    <\/div>\n  <\/div>\n<\/div>\n\n\n<script type=\"text\/javascript\">\n  let chart_bc3197a85d02fd101dae208f12bd6a57 = document.getElementById('chart-bc3197a85d02fd101dae208f12bd6a57');\n  let data_json_bc3197a85d02fd101dae208f12bd6a57 = \"[{\\\"date\\\":\\\"18\\\\\\\/04\\\\\\\/24 10:20\\\",\\\"value\\\":11.15},{\\\"date\\\":\\\"18\\\\\\\/04\\\\\\\/24 10:30\\\",\\\"value\\\":11.18},{\\\"date\\\":\\\"18\\\\\\\/04\\\\\\\/24 10:40\\\",\\\"value\\\":11.12},{\\\"date\\\":\\\"18\\\\\\\/04\\\\\\\/24 10:50\\\",\\\"value\\\":11.15},{\\\"date\\\":\\\"19\\\\\\\/04\\\\\\\/24 10:10\\\",\\\"value\\\":11.49},{\\\"date\\\":\\\"19\\\\\\\/04\\\\\\\/24 10:20\\\",\\\"value\\\":11.51},{\\\"date\\\":\\\"22\\\\\\\/04\\\\\\\/24 11:50\\\",\\\"value\\\":11.25},{\\\"date\\\":\\\"22\\\\\\\/04\\\\\\\/24 12:00\\\",\\\"value\\\":11.22},{\\\"date\\\":\\\"22\\\\\\\/04\\\\\\\/24 12:10\\\",\\\"value\\\":11.25},{\\\"date\\\":\\\"22\\\\\\\/04\\\\\\\/24 12:20\\\",\\\"value\\\":11.24},{\\\"date\\\":\\\"23\\\\\\\/04\\\\\\\/24 10:50\\\",\\\"value\\\":11.12},{\\\"date\\\":\\\"23\\\\\\\/04\\\\\\\/24 11:00\\\",\\\"value\\\":11.15},{\\\"date\\\":\\\"23\\\\\\\/04\\\\\\\/24 11:10\\\",\\\"value\\\":11.21},{\\\"date\\\":\\\"23\\\\\\\/04\\\\\\\/24 11:20\\\",\\\"value\\\":11.15},{\\\"date\\\":\\\"23\\\\\\\/04\\\\\\\/24 11:30\\\",\\\"value\\\":11.36}]\";\n  let isPositive_bc3197a85d02fd101dae208f12bd6a57 = true;\n\n  let color_bc3197a85d02fd101dae208f12bd6a57 = isPositive_bc3197a85d02fd101dae208f12bd6a57 ? '#3AB53A' : '#D92C2D';\n\n  let data_bc3197a85d02fd101dae208f12bd6a57 = JSON.parse(data_json_bc3197a85d02fd101dae208f12bd6a57);\n\n  const result_bc3197a85d02fd101dae208f12bd6a57 = {\n    date: [],\n    value: [],\n  };\n\n  data_bc3197a85d02fd101dae208f12bd6a57.forEach((item) => {\n    result_bc3197a85d02fd101dae208f12bd6a57.date.push(item.date);\n    result_bc3197a85d02fd101dae208f12bd6a57.value.push(Number(item.value));\n  });\n\n  let option_bc3197a85d02fd101dae208f12bd6a57 = {\n    \/\/ variavel de cor global\n    color: [color_bc3197a85d02fd101dae208f12bd6a57],\n    title: {\n      text: '',\n    },\n    tooltip: {\n      trigger: 'axis',\n      axisPointer: {\n        type: 'cross',\n        label: {\n          \/\/ cor dos valores em X e Y\n          backgroundColor: color_bc3197a85d02fd101dae208f12bd6a57,\n          formatter: (value) => {\n            if (typeof value.value === 'number') {\n              return Number(value.value).toLocaleString('pt-br', {\n                style: 'currency',\n                currency: 'BRL'\n              });\n            }\n            return value.value;\n          },\n        },\n      },\n      valueFormatter: (value) => Number(value).toLocaleString('pt-br', {\n        style: 'currency',\n        currency: 'BRL'\n      }),\n    },\n    legend: {\n      \/\/ data: ['Valor de Fechamento'],\n      show: false,\n    },\n    toolbox: {\n      feature: {\n        saveAsImage: {\n          show: false,\n        },\n      },\n    },\n    grid: {\n      left: '0px',\n      right: '0px',\n      bottom: '0px',\n      containLabel: true,\n    },\n    xAxis: [{\n      type: 'category',\n      data: result_bc3197a85d02fd101dae208f12bd6a57.date,\n      boundaryGap: true,\n    }],\n    yAxis: [{\n      type: 'value',\n      min: Math.min(...result_bc3197a85d02fd101dae208f12bd6a57.value),\n      max: Math.max(...result_bc3197a85d02fd101dae208f12bd6a57.value),\n      axisLabel: {\n        formatter: (value) => value.toLocaleString('pt-br', {\n          style: 'currency',\n          currency: 'BRL'\n        }),\n      },\n    }],\n    series: [{\n      name: 'Valor de Fechamento',\n      type: 'line',\n      stack: 'Total',\n      \/\/ cor do grafico\n      areaStyle: {},\n      emphasis: {\n        focus: 'series',\n      },\n      data: result_bc3197a85d02fd101dae208f12bd6a57.value,\n      \/\/ cor da linha\n      lineStyle: {\n        color: color_bc3197a85d02fd101dae208f12bd6a57,\n      },\n    }, ],\n  };\n\n\twindow.chart_bc3197a85d02fd101dae208f12bd6a57 = {\n\t\tel: chart_bc3197a85d02fd101dae208f12bd6a57,\n\t\toption: option_bc3197a85d02fd101dae208f12bd6a57\t};\n\n\n<\/script>\n\n\n\t<p>\n\t\t<a href=\"https:\/\/lp.suno.com.br\/ebook-como-analisar-uma-acao\/\" target=\"_blank\" data-element=\"shortcode-suno-banner\" title=\"Banner SUNO, clique e saiba mais\">\n\t\t\t<picture>\n\t\t\t\t<source media=\"(max-width: 500px)\" srcset=\"https:\/\/files.sunoresearch.com.br\/n\/uploads\/2023\/03\/Ebook-Acoes-Mobile.jpg\">\n\t\t\t\t<img class=\"newsContent__article__imgCapa newsContent__article__imgCapa--banner\"\n\t\t\t\t\tsrc=\"https:\/\/files.sunoresearch.com.br\/n\/uploads\/2023\/03\/Ebook-Acoes-Desktop.jpg\"\n\t\t\t\t\tdata-promo-id=\"378302\"\t\t\t\t\t\t\t\t\t\twidth='1420' height='286'\t\t\t\t\talt=\"https:\/\/files.sunoresearch.com.br\/n\/uploads\/2023\/03\/Ebook-Acoes-Desktop.jpg\"\n\t\t\t\t>\n\t\t\t<\/picture>\n\t\t<\/a>\n\t<\/p>\n\n\n","protected":false},"excerpt":{"rendered":"<p>O Carrefour (CRFB3) informou que as vendas brutas consolidadas do 1T24 somaram R$ 27,8 bilh\u00f5es, alta de 2,5% em rela\u00e7\u00e3o ao mesmo per\u00edodo do ano passado, segundo pr\u00e9via divulgada nesta segunda-feira (23). Carrefour Atacad\u00e3o (CRFB3) &#8211; Supermercado. Foto: Divulga\u00e7\u00e3o No per\u00edodo, o volume bruto negociado (GMV, na sigla em ingl\u00eas) do Carrefour foi de R$ [&hellip;]<\/p>\n","protected":false},"author":313,"featured_media":108886,"comment_status":"closed","ping_status":"closed","sticky":false,"template":"","format":"standard","meta":[],"categories":[64],"tags":[286,1029,405,105816,1607],"suno_strategy":[],"class_list":["post-547175","post","type-post","status-publish","format-standard","has-post-thumbnail","hentry","category-negocios","tag-acoes","tag-balancos-trimestrais","tag-carrefour-crfb3","tag-especialistas","tag-resultado-das-empresas"],"yoast_head":"<!-- This site is optimized with the Yoast SEO plugin v24.4 - https:\/\/yoast.com\/wordpress\/plugins\/seo\/ -->\n<title>Carrefour (CRFB3): vendas chegam a R$ 27,8 bilh\u00f5es no 1T24<\/title>\n<meta name=\"description\" content=\"O Carrefour divulgou sua pr\u00e9via de vendas do primeiro trimestre de 2024 nesta ter\u00e7a-feira (23). Confira a pr\u00e9via de vendas do Carrefour.\" \/>\n<meta name=\"robots\" content=\"index, follow, max-snippet:-1, max-image-preview:large, max-video-preview:-1\" \/>\n<link rel=\"canonical\" href=\"https:\/\/www.suno.com.br\/noticias\/carrefour-crfb3-previa-vendas-gpj\/\" \/>\n<meta property=\"og:locale\" content=\"pt_BR\" \/>\n<meta property=\"og:type\" content=\"article\" \/>\n<meta property=\"og:title\" content=\"Carrefour (CRFB3): vendas chegam a R$ 27,8 bilh\u00f5es no 1T24\" \/>\n<meta property=\"og:description\" content=\"O Carrefour divulgou sua pr\u00e9via de vendas do primeiro trimestre de 2024 nesta ter\u00e7a-feira (23). Confira a pr\u00e9via de vendas do Carrefour.\" \/>\n<meta property=\"og:url\" content=\"https:\/\/www.suno.com.br\/noticias\/carrefour-crfb3-previa-vendas-gpj\/\" \/>\n<meta property=\"og:site_name\" content=\"Suno Not\u00edcias\" \/>\n<meta property=\"article:publisher\" content=\"https:\/\/facebook.com\/sunoresearch\" \/>\n<meta property=\"og:image\" content=\"https:\/\/files.sunoresearch.com.br\/n\/uploads\/2020\/12\/d7b61a05-carrefour.jpg\" \/>\n\t<meta property=\"og:image:width\" content=\"1380\" \/>\n\t<meta property=\"og:image:height\" content=\"920\" \/>\n\t<meta property=\"og:image:type\" content=\"image\/jpeg\" \/>\n<meta name=\"author\" content=\"Giovanni Porf\u00edrio Jacomino\" \/>\n<meta name=\"twitter:card\" content=\"summary_large_image\" \/>\n<meta name=\"twitter:creator\" content=\"@sunoresearch\" \/>\n<meta name=\"twitter:site\" content=\"@sunoresearch\" \/>\n<meta name=\"twitter:label1\" content=\"Escrito por\" \/>\n\t<meta name=\"twitter:data1\" content=\"Giovanni Porf\u00edrio Jacomino\" \/>\n\t<meta name=\"twitter:label2\" content=\"Est. tempo de leitura\" \/>\n\t<meta name=\"twitter:data2\" content=\"3 minutos\" \/>\n<script type=\"application\/ld+json\" class=\"yoast-schema-graph\">{\"@context\":\"https:\/\/schema.org\",\"@graph\":[{\"@type\":\"NewsArticle\",\"@id\":\"https:\/\/www.suno.com.br\/noticias\/carrefour-crfb3-previa-vendas-gpj\/#article\",\"isPartOf\":{\"@id\":\"https:\/\/www.suno.com.br\/noticias\/carrefour-crfb3-previa-vendas-gpj\/\"},\"author\":{\"name\":\"Giovanni Porf\u00edrio Jacomino\",\"@id\":\"https:\/\/www.suno.com.br\/noticias\/#\/schema\/person\/d0f32748bbca4bee871fa191ee4e2d40\"},\"headline\":\"Carrefour (CRFB3): vendas crescem 2,5% no 1T24 e chegam a R$ 27,8 bilh\u00f5es\",\"datePublished\":\"2024-04-24T11:03:52+00:00\",\"dateModified\":\"2024-04-24T11:03:57+00:00\",\"mainEntityOfPage\":{\"@id\":\"https:\/\/www.suno.com.br\/noticias\/carrefour-crfb3-previa-vendas-gpj\/\"},\"wordCount\":496,\"publisher\":{\"@id\":\"https:\/\/www.suno.com.br\/noticias\/#organization\"},\"image\":{\"@id\":\"https:\/\/www.suno.com.br\/noticias\/carrefour-crfb3-previa-vendas-gpj\/#primaryimage\"},\"thumbnailUrl\":\"https:\/\/files.sunoresearch.com.br\/n\/uploads\/2020\/12\/d7b61a05-carrefour-jpg.webp\",\"keywords\":[\"A\u00e7\u00f5es\",\"balan\u00e7os trimestrais\",\"Carrefour (CRFB3)\",\"Especialistas\",\"Resultado das empresas\"],\"articleSection\":[\"Neg\u00f3cios\"],\"inLanguage\":\"pt-BR\"},{\"@type\":\"WebPage\",\"@id\":\"https:\/\/www.suno.com.br\/noticias\/carrefour-crfb3-previa-vendas-gpj\/\",\"url\":\"https:\/\/www.suno.com.br\/noticias\/carrefour-crfb3-previa-vendas-gpj\/\",\"name\":\"Carrefour (CRFB3): vendas chegam a R$ 27,8 bilh\u00f5es no 1T24\",\"isPartOf\":{\"@id\":\"https:\/\/www.suno.com.br\/noticias\/#website\"},\"primaryImageOfPage\":{\"@id\":\"https:\/\/www.suno.com.br\/noticias\/carrefour-crfb3-previa-vendas-gpj\/#primaryimage\"},\"image\":{\"@id\":\"https:\/\/www.suno.com.br\/noticias\/carrefour-crfb3-previa-vendas-gpj\/#primaryimage\"},\"thumbnailUrl\":\"https:\/\/files.sunoresearch.com.br\/n\/uploads\/2020\/12\/d7b61a05-carrefour-jpg.webp\",\"datePublished\":\"2024-04-24T11:03:52+00:00\",\"dateModified\":\"2024-04-24T11:03:57+00:00\",\"description\":\"O Carrefour divulgou sua pr\u00e9via de vendas do primeiro trimestre de 2024 nesta ter\u00e7a-feira (23). Confira a pr\u00e9via de vendas do Carrefour.\",\"breadcrumb\":{\"@id\":\"https:\/\/www.suno.com.br\/noticias\/carrefour-crfb3-previa-vendas-gpj\/#breadcrumb\"},\"inLanguage\":\"pt-BR\",\"potentialAction\":[{\"@type\":\"ReadAction\",\"target\":[\"https:\/\/www.suno.com.br\/noticias\/carrefour-crfb3-previa-vendas-gpj\/\"]}]},{\"@type\":\"ImageObject\",\"inLanguage\":\"pt-BR\",\"@id\":\"https:\/\/www.suno.com.br\/noticias\/carrefour-crfb3-previa-vendas-gpj\/#primaryimage\",\"url\":\"https:\/\/files.sunoresearch.com.br\/n\/uploads\/2020\/12\/d7b61a05-carrefour-jpg.webp\",\"contentUrl\":\"https:\/\/files.sunoresearch.com.br\/n\/uploads\/2020\/12\/d7b61a05-carrefour-jpg.webp\",\"width\":1380,\"height\":920,\"caption\":\"Carrefour Atacad\u00e3o (CRFB3) - Supermercado. Foto: Divulga\u00e7\u00e3o\"},{\"@type\":\"BreadcrumbList\",\"@id\":\"https:\/\/www.suno.com.br\/noticias\/carrefour-crfb3-previa-vendas-gpj\/#breadcrumb\",\"itemListElement\":[{\"@type\":\"ListItem\",\"position\":1,\"name\":\"Not\u00edcias\",\"item\":\"https:\/\/www.suno.com.br\/noticias\/\"},{\"@type\":\"ListItem\",\"position\":2,\"name\":\"Neg\u00f3cios\",\"item\":\"https:\/\/www.suno.com.br\/noticias\/negocios\/\"},{\"@type\":\"ListItem\",\"position\":3,\"name\":\"Carrefour (CRFB3): vendas crescem 2,5% no 1T24 e chegam a R$ 27,8 bilh\u00f5es\"}]},{\"@type\":\"WebSite\",\"@id\":\"https:\/\/www.suno.com.br\/noticias\/#website\",\"url\":\"https:\/\/www.suno.com.br\/noticias\/\",\"name\":\"Suno Not\u00edcias\",\"description\":\"Seu portal de informa\u00e7\u00e3o sobre o mundo dos investimentos\",\"publisher\":{\"@id\":\"https:\/\/www.suno.com.br\/noticias\/#organization\"},\"potentialAction\":[{\"@type\":\"SearchAction\",\"target\":{\"@type\":\"EntryPoint\",\"urlTemplate\":\"https:\/\/www.suno.com.br\/noticias\/?s={search_term_string}\"},\"query-input\":{\"@type\":\"PropertyValueSpecification\",\"valueRequired\":true,\"valueName\":\"search_term_string\"}}],\"inLanguage\":\"pt-BR\"},{\"@type\":\"Organization\",\"@id\":\"https:\/\/www.suno.com.br\/noticias\/#organization\",\"name\":\"Suno Not\u00edcias\",\"url\":\"https:\/\/www.suno.com.br\/noticias\/\",\"logo\":{\"@type\":\"ImageObject\",\"inLanguage\":\"pt-BR\",\"@id\":\"https:\/\/www.suno.com.br\/noticias\/#\/schema\/logo\/image\/\",\"url\":\"https:\/\/files.sunoresearch.com.br\/n\/uploads\/2021\/09\/suno-logo.png\",\"contentUrl\":\"https:\/\/files.sunoresearch.com.br\/n\/uploads\/2021\/09\/suno-logo.png\",\"width\":180,\"height\":180,\"caption\":\"Suno Not\u00edcias\"},\"image\":{\"@id\":\"https:\/\/www.suno.com.br\/noticias\/#\/schema\/logo\/image\/\"},\"sameAs\":[\"https:\/\/facebook.com\/sunoresearch\",\"https:\/\/x.com\/sunoresearch\",\"https:\/\/www.instagram.com\/suno\",\"https:\/\/www.linkedin.com\/company\/suno-research\/\",\"https:\/\/www.youtube.com\/c\/sunoresearch\"]},{\"@type\":\"Person\",\"@id\":\"https:\/\/www.suno.com.br\/noticias\/#\/schema\/person\/d0f32748bbca4bee871fa191ee4e2d40\",\"name\":\"Giovanni Porf\u00edrio Jacomino\",\"image\":{\"@type\":\"ImageObject\",\"inLanguage\":\"pt-BR\",\"@id\":\"https:\/\/www.suno.com.br\/noticias\/#\/schema\/person\/image\/\",\"url\":\"https:\/\/secure.gravatar.com\/avatar\/efb32e19b730a121cb7a80f41ffec01a?s=96&r=g\",\"contentUrl\":\"https:\/\/secure.gravatar.com\/avatar\/efb32e19b730a121cb7a80f41ffec01a?s=96&r=g\",\"caption\":\"Giovanni Porf\u00edrio Jacomino\"},\"description\":\"Giovanni Porf\u00edrio Jacomino \u00e9 jornalista formado pela Universidade Estadual de Londrina (UEL) e p\u00f3s-graduado em Produ\u00e7\u00e3o e Pr\u00e1ticas Jornal\u00edsticas na Contemporaneidade na Faculdade C\u00e1sper L\u00edbero (FCL). Foi editor web no Startupi e no Finsiders, atuando ainda como editor no TC Mover, portal de not\u00edcias da TradersClub, fazendo a cobertura de assuntos relacionados ao mercado financeiro interno e externo. Atualmente, \u00e9 Rep\u00f3rter do Suno Not\u00edcias.\",\"url\":\"https:\/\/www.suno.com.br\/noticias\/author\/giovanni-porfiriosuno-com-br\/\"}]}<\/script>\n<!-- \/ Yoast SEO plugin. -->","yoast_head_json":{"title":"Carrefour (CRFB3): vendas chegam a R$ 27,8 bilh\u00f5es no 1T24","description":"O Carrefour divulgou sua pr\u00e9via de vendas do primeiro trimestre de 2024 nesta ter\u00e7a-feira (23). Confira a pr\u00e9via de vendas do Carrefour.","robots":{"index":"index","follow":"follow","max-snippet":"max-snippet:-1","max-image-preview":"max-image-preview:large","max-video-preview":"max-video-preview:-1"},"canonical":"https:\/\/www.suno.com.br\/noticias\/carrefour-crfb3-previa-vendas-gpj\/","og_locale":"pt_BR","og_type":"article","og_title":"Carrefour (CRFB3): vendas chegam a R$ 27,8 bilh\u00f5es no 1T24","og_description":"O Carrefour divulgou sua pr\u00e9via de vendas do primeiro trimestre de 2024 nesta ter\u00e7a-feira (23). Confira a pr\u00e9via de vendas do Carrefour.","og_url":"https:\/\/www.suno.com.br\/noticias\/carrefour-crfb3-previa-vendas-gpj\/","og_site_name":"Suno Not\u00edcias","article_publisher":"https:\/\/facebook.com\/sunoresearch","og_image":[{"width":1380,"height":920,"url":"https:\/\/files.sunoresearch.com.br\/n\/uploads\/2020\/12\/d7b61a05-carrefour.jpg","type":"image\/jpeg"}],"author":"Giovanni Porf\u00edrio Jacomino","twitter_card":"summary_large_image","twitter_creator":"@sunoresearch","twitter_site":"@sunoresearch","twitter_misc":{"Escrito por":"Giovanni Porf\u00edrio Jacomino","Est. tempo de leitura":"3 minutos"},"schema":{"@context":"https:\/\/schema.org","@graph":[{"@type":"NewsArticle","@id":"https:\/\/www.suno.com.br\/noticias\/carrefour-crfb3-previa-vendas-gpj\/#article","isPartOf":{"@id":"https:\/\/www.suno.com.br\/noticias\/carrefour-crfb3-previa-vendas-gpj\/"},"author":{"name":"Giovanni Porf\u00edrio Jacomino","@id":"https:\/\/www.suno.com.br\/noticias\/#\/schema\/person\/d0f32748bbca4bee871fa191ee4e2d40"},"headline":"Carrefour (CRFB3): vendas crescem 2,5% no 1T24 e chegam a R$ 27,8 bilh\u00f5es","datePublished":"2024-04-24T11:03:52+00:00","dateModified":"2024-04-24T11:03:57+00:00","mainEntityOfPage":{"@id":"https:\/\/www.suno.com.br\/noticias\/carrefour-crfb3-previa-vendas-gpj\/"},"wordCount":496,"publisher":{"@id":"https:\/\/www.suno.com.br\/noticias\/#organization"},"image":{"@id":"https:\/\/www.suno.com.br\/noticias\/carrefour-crfb3-previa-vendas-gpj\/#primaryimage"},"thumbnailUrl":"https:\/\/files.sunoresearch.com.br\/n\/uploads\/2020\/12\/d7b61a05-carrefour-jpg.webp","keywords":["A\u00e7\u00f5es","balan\u00e7os trimestrais","Carrefour (CRFB3)","Especialistas","Resultado das empresas"],"articleSection":["Neg\u00f3cios"],"inLanguage":"pt-BR"},{"@type":"WebPage","@id":"https:\/\/www.suno.com.br\/noticias\/carrefour-crfb3-previa-vendas-gpj\/","url":"https:\/\/www.suno.com.br\/noticias\/carrefour-crfb3-previa-vendas-gpj\/","name":"Carrefour (CRFB3): vendas chegam a R$ 27,8 bilh\u00f5es no 1T24","isPartOf":{"@id":"https:\/\/www.suno.com.br\/noticias\/#website"},"primaryImageOfPage":{"@id":"https:\/\/www.suno.com.br\/noticias\/carrefour-crfb3-previa-vendas-gpj\/#primaryimage"},"image":{"@id":"https:\/\/www.suno.com.br\/noticias\/carrefour-crfb3-previa-vendas-gpj\/#primaryimage"},"thumbnailUrl":"https:\/\/files.sunoresearch.com.br\/n\/uploads\/2020\/12\/d7b61a05-carrefour-jpg.webp","datePublished":"2024-04-24T11:03:52+00:00","dateModified":"2024-04-24T11:03:57+00:00","description":"O Carrefour divulgou sua pr\u00e9via de vendas do primeiro trimestre de 2024 nesta ter\u00e7a-feira (23). Confira a pr\u00e9via de vendas do Carrefour.","breadcrumb":{"@id":"https:\/\/www.suno.com.br\/noticias\/carrefour-crfb3-previa-vendas-gpj\/#breadcrumb"},"inLanguage":"pt-BR","potentialAction":[{"@type":"ReadAction","target":["https:\/\/www.suno.com.br\/noticias\/carrefour-crfb3-previa-vendas-gpj\/"]}]},{"@type":"ImageObject","inLanguage":"pt-BR","@id":"https:\/\/www.suno.com.br\/noticias\/carrefour-crfb3-previa-vendas-gpj\/#primaryimage","url":"https:\/\/files.sunoresearch.com.br\/n\/uploads\/2020\/12\/d7b61a05-carrefour-jpg.webp","contentUrl":"https:\/\/files.sunoresearch.com.br\/n\/uploads\/2020\/12\/d7b61a05-carrefour-jpg.webp","width":1380,"height":920,"caption":"Carrefour Atacad\u00e3o (CRFB3) - Supermercado. Foto: Divulga\u00e7\u00e3o"},{"@type":"BreadcrumbList","@id":"https:\/\/www.suno.com.br\/noticias\/carrefour-crfb3-previa-vendas-gpj\/#breadcrumb","itemListElement":[{"@type":"ListItem","position":1,"name":"Not\u00edcias","item":"https:\/\/www.suno.com.br\/noticias\/"},{"@type":"ListItem","position":2,"name":"Neg\u00f3cios","item":"https:\/\/www.suno.com.br\/noticias\/negocios\/"},{"@type":"ListItem","position":3,"name":"Carrefour (CRFB3): vendas crescem 2,5% no 1T24 e chegam a R$ 27,8 bilh\u00f5es"}]},{"@type":"WebSite","@id":"https:\/\/www.suno.com.br\/noticias\/#website","url":"https:\/\/www.suno.com.br\/noticias\/","name":"Suno Not\u00edcias","description":"Seu portal de informa\u00e7\u00e3o sobre o mundo dos investimentos","publisher":{"@id":"https:\/\/www.suno.com.br\/noticias\/#organization"},"potentialAction":[{"@type":"SearchAction","target":{"@type":"EntryPoint","urlTemplate":"https:\/\/www.suno.com.br\/noticias\/?s={search_term_string}"},"query-input":{"@type":"PropertyValueSpecification","valueRequired":true,"valueName":"search_term_string"}}],"inLanguage":"pt-BR"},{"@type":"Organization","@id":"https:\/\/www.suno.com.br\/noticias\/#organization","name":"Suno Not\u00edcias","url":"https:\/\/www.suno.com.br\/noticias\/","logo":{"@type":"ImageObject","inLanguage":"pt-BR","@id":"https:\/\/www.suno.com.br\/noticias\/#\/schema\/logo\/image\/","url":"https:\/\/files.sunoresearch.com.br\/n\/uploads\/2021\/09\/suno-logo.png","contentUrl":"https:\/\/files.sunoresearch.com.br\/n\/uploads\/2021\/09\/suno-logo.png","width":180,"height":180,"caption":"Suno Not\u00edcias"},"image":{"@id":"https:\/\/www.suno.com.br\/noticias\/#\/schema\/logo\/image\/"},"sameAs":["https:\/\/facebook.com\/sunoresearch","https:\/\/x.com\/sunoresearch","https:\/\/www.instagram.com\/suno","https:\/\/www.linkedin.com\/company\/suno-research\/","https:\/\/www.youtube.com\/c\/sunoresearch"]},{"@type":"Person","@id":"https:\/\/www.suno.com.br\/noticias\/#\/schema\/person\/d0f32748bbca4bee871fa191ee4e2d40","name":"Giovanni Porf\u00edrio Jacomino","image":{"@type":"ImageObject","inLanguage":"pt-BR","@id":"https:\/\/www.suno.com.br\/noticias\/#\/schema\/person\/image\/","url":"https:\/\/secure.gravatar.com\/avatar\/efb32e19b730a121cb7a80f41ffec01a?s=96&r=g","contentUrl":"https:\/\/secure.gravatar.com\/avatar\/efb32e19b730a121cb7a80f41ffec01a?s=96&r=g","caption":"Giovanni Porf\u00edrio Jacomino"},"description":"Giovanni Porf\u00edrio Jacomino \u00e9 jornalista formado pela Universidade Estadual de Londrina (UEL) e p\u00f3s-graduado em Produ\u00e7\u00e3o e Pr\u00e1ticas Jornal\u00edsticas na Contemporaneidade na Faculdade C\u00e1sper L\u00edbero (FCL). Foi editor web no Startupi e no Finsiders, atuando ainda como editor no TC Mover, portal de not\u00edcias da TradersClub, fazendo a cobertura de assuntos relacionados ao mercado financeiro interno e externo. Atualmente, \u00e9 Rep\u00f3rter do Suno Not\u00edcias.","url":"https:\/\/www.suno.com.br\/noticias\/author\/giovanni-porfiriosuno-com-br\/"}]}},"default_loop_html":"<div class=\"cardsPage__listCard__boxs\"><div class=\"cardsPage__listCard__boxs__img\"><a href=\"https:\/\/www.suno.com.br\/noticias\/carrefour-crfb3-previa-vendas-gpj\/\"><img class=\"mask\" src=\"https:\/\/www.suno.com.br\/noticias\/wp-content\/themes\/suno\/resources\/images\/spotlight\/spotlight1img\/bg-mask.png\" alt=\"Image Mask\"\/><img src=\"https:\/\/files.sunoresearch.com.br\/n\/uploads\/2020\/12\/d7b61a05-carrefour-400x200.webp\" alt=\"Carrefour (CRFB3): vendas crescem 2,5% no 1T24 e chegam a R$ 27,8 bilh\u00f5es\"\/><\/a><span class=\"spotlightCategory\"><a href=\"https:\/\/www.suno.com.br\/noticias\/negocios\/\">Neg\u00f3cios<\/a><\/span><\/div><div class=\"cardsPage__listCard__boxs__content\"><a href=\"https:\/\/www.suno.com.br\/noticias\/carrefour-crfb3-previa-vendas-gpj\/\"><h2 class=\"content__title\">Carrefour (CRFB3): vendas crescem 2,5% no 1T24 e chegam a R$ 27,8 bilh\u00f5es<\/h2><\/a><div class=\"newsContent__article__meta\"><div class=\"newsContent__article__meta__authorBox\"><a href=\"https:\/\/www.suno.com.br\/noticias\/author\/giovanni-porfiriosuno-com-br\/\" class=\"authorBox__avatar noMobi\"><img src=\"https:\/\/files.sunoresearch.com.br\/n\/uploads\/2024\/05\/DSCF4115-1-1-150x150.webp\" alt=\"Giovanni Porf\u00edrio Jacomino\"><\/a><div class=\"authorBox__name\"><span>por\n\t\t\t<a href=\"https:\/\/www.suno.com.br\/noticias\/author\/giovanni-porfiriosuno-com-br\/\"><span itemprop=\"author\">Giovanni Porf\u00edrio Jacomino<\/span><\/a><\/span><time datetime=\"2024-04-24T08:03:52-03:00\" itemprop=\"datePublished\">24\/04\/2024 08:03<\/time><\/div><\/div><\/div><\/div><\/div>","single_layout":"posts","amp_enabled":true,"_links":{"self":[{"href":"https:\/\/www.suno.com.br\/noticias\/wp-json\/wp\/v2\/posts\/547175"}],"collection":[{"href":"https:\/\/www.suno.com.br\/noticias\/wp-json\/wp\/v2\/posts"}],"about":[{"href":"https:\/\/www.suno.com.br\/noticias\/wp-json\/wp\/v2\/types\/post"}],"author":[{"embeddable":true,"href":"https:\/\/www.suno.com.br\/noticias\/wp-json\/wp\/v2\/users\/313"}],"replies":[{"embeddable":true,"href":"https:\/\/www.suno.com.br\/noticias\/wp-json\/wp\/v2\/comments?post=547175"}],"version-history":[{"count":2,"href":"https:\/\/www.suno.com.br\/noticias\/wp-json\/wp\/v2\/posts\/547175\/revisions"}],"predecessor-version":[{"id":547199,"href":"https:\/\/www.suno.com.br\/noticias\/wp-json\/wp\/v2\/posts\/547175\/revisions\/547199"}],"wp:featuredmedia":[{"embeddable":true,"href":"https:\/\/www.suno.com.br\/noticias\/wp-json\/wp\/v2\/media\/108886"}],"wp:attachment":[{"href":"https:\/\/www.suno.com.br\/noticias\/wp-json\/wp\/v2\/media?parent=547175"}],"wp:term":[{"taxonomy":"category","embeddable":true,"href":"https:\/\/www.suno.com.br\/noticias\/wp-json\/wp\/v2\/categories?post=547175"},{"taxonomy":"post_tag","embeddable":true,"href":"https:\/\/www.suno.com.br\/noticias\/wp-json\/wp\/v2\/tags?post=547175"},{"taxonomy":"suno_strategy","embeddable":true,"href":"https:\/\/www.suno.com.br\/noticias\/wp-json\/wp\/v2\/suno_strategy?post=547175"}],"curies":[{"name":"wp","href":"https:\/\/api.w.org\/{rel}","templated":true}]}}