{"id":547112,"date":"2024-04-23T22:58:32","date_gmt":"2024-04-24T01:58:32","guid":{"rendered":"https:\/\/www.suno.com.br\/noticias\/?p=547112"},"modified":"2024-04-23T23:01:01","modified_gmt":"2024-04-24T02:01:01","slug":"aco-gerdau-ggbr4-csn-csna3-afetadas-cota-importacao-safra-mm","status":"publish","type":"post","link":"https:\/\/www.suno.com.br\/noticias\/aco-gerdau-ggbr4-csn-csna3-afetadas-cota-importacao-safra-mm\/","title":{"rendered":"A\u00e7o: como empresas como Gerdau (GGBR4) e CSN (CSNA3) devem ser afetadas por cota de importa\u00e7\u00e3o estabelecida pelo governo?"},"content":{"rendered":"<p>A <a href=\"https:\/\/www.suno.com.br\/acoes\/ggbr4\/\"><strong>Gerdau<\/strong>\u00a0(GGBR4)<\/a> e a CSN<strong> <\/strong>(CSNA3), duas grandes empresas de a\u00e7o, v\u00e3o ser afetadas com a nova regra para controlar a quantidade do produto que o Brasil importa, segundo os analistas do Safra. Especificamente, 16% das importa\u00e7\u00f5es de produtos de a\u00e7os longos da Gerdau e da CSN estariam sujeitas \u00e0 tarifa ap\u00f3s medida anunciada pelo Minist\u00e9rio do Desenvolvimento, Ind\u00fastria, Com\u00e9rcio e Servi\u00e7os (Mdic) nesta ter\u00e7a-feira (23. Pela nova regra, 11 produtos de a\u00e7o importados passar\u00e3o a ser submetidos a cotas de importa\u00e7\u00f5es. Caso o volume m\u00e1ximo seja superado, eles pagar\u00e3o 25% de Imposto de Importa\u00e7\u00e3o para entrarem no pa\u00eds. <\/p>\t<div class=\"wrapper-featured-image\">\n\t\t<figure class=\"spotlightImg\">\n\n\t\t\t<picture>\n\t\t\t\t<source media=\"(max-width: 768px)\" srcset=\"https:\/\/files.sunoresearch.com.br\/n\/uploads\/2022\/07\/gerdau-fabrica-400x200.jpg\">\n\t\t\t\t<img loading=\"lazy\" decoding=\"async\" class=\"newsContent__article__imgCapa lazyloadDisabled \" src=\"https:\/\/files.sunoresearch.com.br\/n\/uploads\/2022\/07\/gerdau-fabrica-800x450.jpg\" width=\"800\" height=\"450\" alt=\"A\u00e7o: como empresas como Gerdau (GGBR4) e CSN (CSNA3) devem ser afetadas por cota de importa\u00e7\u00e3o estabelecida pelo governo?\" fetchpriority=high \/>\n\t\t\t<\/picture>\n\n\t\t\t<figcaption class=\"wp-caption-text wp-caption-text--show\">Foto: Divulga\u00e7\u00e3o<\/figcaption>\n\t\t<\/figure>\n\t<\/div>\n\n\n\n\n\n\n<p>Se alguma empresa importar mais de 30% do que costumava importar nos anos de 2020 a 2022, vai ter que pagar uma taxa de 25% sobre o a\u00e7o.<\/p>\n\n\n\t<p>\n\t\t<a href=\"\" target=\"_blank\" data-element=\"shortcode-suno-banner\" title=\"Banner SUNO, clique e saiba mais\">\n\t\t\t<picture>\n\t\t\t\t<source media=\"(max-width: 500px)\" srcset=\"\">\n\t\t\t\t<img class=\"newsContent__article__imgCapa newsContent__article__imgCapa--banner\"\n\t\t\t\t\tsrc=\"\"\n\t\t\t\t\tdata-promo-id=\"526845\"\t\t\t\t\t\t\t\t\t\t\t\t\t\t\talt=\"\"\n\t\t\t\t>\n\t\t\t<\/picture>\n\t\t<\/a>\n\t<\/p>\n\n\n\n\n\n<p>Outros pa\u00edses, como Estados Unidos, Chile e M\u00e9xico, tamb\u00e9m estabeleceram medidas parecidas para evitar que a China venda muito <strong>a\u00e7o barato<\/strong>. <\/p>\n\n\n\n<p>A an\u00e1lise do Safra mostra que os<strong> produtores de a\u00e7o plano <\/strong>s\u00e3o os principais benefici\u00e1rios dessas medidas, uma vez que os produtos sujeitos \u00e0 cota representaram 66% das importa\u00e7\u00f5es de a\u00e7o plano em 2023, em compara\u00e7\u00e3o com apenas 26% das importa\u00e7\u00f5es de a\u00e7o longo.<\/p>\n\n\n\n<p>No entanto, de acordo com os estrategistas, alguns ajustes s\u00e3o necess\u00e1rios para refletir com precis\u00e3o o impacto nas empresas do setor. Excluindo os tubos, produzidos exclusivamente pela Vallourec, apenas 16% das importa\u00e7\u00f5es de produtos de a\u00e7o longo em 2023 estariam sujeitas \u00e0s cotas e tarifas.<\/p>\n\n\n\n<p>Em termos quantitativos, o Brasil importou aproximadamente 1,1 milh\u00e3o de toneladas de <strong>produtos de a\u00e7o<\/strong> <strong>plano<\/strong> sujeitos \u00e0 cota nos anos de 2020 a 2022, implicando que cerca de 510 mil toneladas, ou aproximadamente 3,6% do consumo aparente de a\u00e7o plano, seriam taxadas \u00e0 tarifa de importa\u00e7\u00e3o de 25% em 2023.<\/p>\n\n\n\n<p>J\u00e1 os <strong>produtos de a\u00e7o longo<\/strong> (excluindo tubos) sujeitos \u00e0 cota, segundo o banco, totalizaram 159 mil toneladas nesse per\u00edodo, teoricamente deixando apenas 71 mil toneladas, ou cerca de 0,8% do consumo aparente, sujeitas \u00e0 taxa\u00e7\u00e3o em 2023.<\/p>\n\n\n\n\t<div data-element=\"shortcode-read-more\" class=\"readToo\">\n\t\t\t\t<span class=\"readToo__title\">Leia mais<\/span>\n\t\t\t\t<ul class=\"readToo__list\">\n\t\t\t<li><a href=\"https:\/\/www.suno.com.br\/noticias\/vale-vale3-previa-resultados-1t24-gpj\/\">Vale (VALE3) deve ter balan\u00e7o amargo no 1T24: analistas preveem queda no lucro, com cen\u00e1rio fraco para o min\u00e9rio<\/a><\/li><li><a href=\"https:\/\/www.suno.com.br\/noticias\/ibovespa-cai-siderurgicas-vale-vale3-usiminas-usim5-perdas-va\/\">Ibovespa cai 0,34%, em dia de perdas da Vale (VALE3) e Usiminas (USIM5). Ita\u00fa (ITUB4) sobe e P\u00e3o de A\u00e7\u00facar (PCAR3) lidera ganhos<\/a><\/li><li><a href=\"https:\/\/www.suno.com.br\/noticias\/nubank-roxo34-previa-1t24-xp-receita-cpf\/\">Receita do Nubank (ROXO34) pode crescer 63% no ano, em tri de destaque entre os concorrentes, diz XP<\/a><\/li>\t\t<\/ul>\n\t<\/div>\n\n\n\n\n<p>Em rela\u00e7\u00e3o \u00e0s perspectivas futuras, a an\u00e1lise aponta para um impacto levemente positivo para o a\u00e7o plano e neutro para o a\u00e7o longo. A expectativa dos analistas \u00e9 de que as medidas fortale\u00e7am as vendas dom\u00e9sticas dos <strong>produtores brasileiros de a\u00e7o<\/strong>, reduzindo as importa\u00e7\u00f5es e, consequentemente, trazendo al\u00edvio \u00e0s margens devido \u00e0 dilui\u00e7\u00e3o de custos fixos mais altos.<\/p>\n\n\n\n<p>O Safra diz que a <strong>Usiminas<\/strong> (USIM5) \u00e9 identificada como potencialmente mais beneficiada do que a CSN e a Gerdau devido \u00e0 sua maior exposi\u00e7\u00e3o ao a\u00e7o plano no mercado brasileiro. O relat\u00f3rio aponta que \u00e9 relevante observar que todos os produtos de a\u00e7o plano sujeitos \u00e0 cota parecem fazer parte da mistura de vendas da Usiminas.<\/p>\n\n\n\n<p>Entretanto, conforme o banco, n\u00e3o se espera um aumento significativo nos pre\u00e7os dom\u00e9sticos nos pr\u00f3ximos meses, devido \u00e0 <a class=\"suno-keyword\" data-force=\"no\" data-priority=\"1\" href=\"https:\/\/www.suno.com.br\/artigos\/oferta-demanda\/\" target=\"_blank\" rel=\"noopener\">oferta e demanda<\/a> mais soltas para o a\u00e7o longo, que n\u00e3o devem encontrar muito al\u00edvio nas novas cotas e tarifas. Al\u00e9m disso, os n\u00edveis de paridade de importa\u00e7\u00e3o para o plano permanecem elevados, o que limita o potencial de aumentos de pre\u00e7os.<\/p>\n\n\n\t<p>\n\t\t<a href=\"https:\/\/lp.suno.com.br\/asset\/fundos\/suno-fiagro-snag11\/\" target=\"_blank\" data-element=\"shortcode-suno-banner\" title=\"Banner SUNO, clique e saiba mais\">\n\t\t\t<picture>\n\t\t\t\t<source media=\"(max-width: 500px)\" srcset=\"https:\/\/files.sunoresearch.com.br\/n\/uploads\/2024\/03\/400x300-Mobile-Artigos-1_SNAG.png\">\n\t\t\t\t<img class=\"newsContent__article__imgCapa newsContent__article__imgCapa--banner\"\n\t\t\t\t\tsrc=\"https:\/\/files.sunoresearch.com.br\/n\/uploads\/2024\/03\/1420x240-Banner-Artigos-1-_-Banner-Materias-1_SNAG.png\"\n\t\t\t\t\tdata-promo-id=\"364416\"\t\t\t\t\t\t\t\t\t\twidth='1420' height='240'\t\t\t\t\talt=\"https:\/\/files.sunoresearch.com.br\/n\/uploads\/2024\/03\/1420x240-Banner-Artigos-1-_-Banner-Materias-1_SNAG.png\"\n\t\t\t\t>\n\t\t\t<\/picture>\n\t\t<\/a>\n\t<\/p>\n\n\n\n\n\n<h2 class=\"wp-block-heading\">Camex estabelece cota de importa\u00e7\u00e3o para 11 produtos de a\u00e7o<\/h2>\n\n\n\n<p>Nos pr\u00f3ximos 30 dias, 11 tipos de produtos de a\u00e7o importados ser\u00e3o alvo de cotas de importa\u00e7\u00e3o. Caso ultrapassem o limite estabelecido, uma taxa de 25% de<strong> Imposto de Importa\u00e7\u00e3o<\/strong> ser\u00e1 aplicada para permitir sua entrada no pa\u00eds. A decis\u00e3o foi tomada hoje pelo Comit\u00ea Executivo de Gest\u00e3o (Gecex) da C\u00e2mara de Com\u00e9rcio Exterior (Camex).<\/p>\n\n\n\n<p>De acordo com o Minist\u00e9rio do Desenvolvimento, Ind\u00fastria, Com\u00e9rcio e Servi\u00e7os (Mdic), a implementa\u00e7\u00e3o dessa medida est\u00e1 prevista para ocorrer em cerca de 30 dias. Isso ocorre porque os pa\u00edses membros do Mercosul precisar\u00e3o analisar a resolu\u00e7\u00e3o da Camex antes de sua publica\u00e7\u00e3o no Di\u00e1rio Oficial da Uni\u00e3o. Al\u00e9m disso, ser\u00e1 necess\u00e1rio aguardar a publica\u00e7\u00e3o de uma portaria pela <a class=\"suno-keyword\" target=\"_blank\" data-force=\"no\" data-priority=\"3\" href=\"https:\/\/www.suno.com.br\/artigos\/receita-federal\/\" rel=\"noopener\">Receita Federal<\/a> para regulamentar as cotas.<\/p>\n\n\n\n<p>A medida, v\u00e1lida por 12 meses ap\u00f3s a publica\u00e7\u00e3o, tem como intuito evitar uma competi\u00e7\u00e3o desleal com o a\u00e7o produzido no Brasil. De acordo com informa\u00e7\u00f5es do Minist\u00e9rio do Desenvolvimento, Ind\u00fastria, Com\u00e9rcio e Servi\u00e7os (Mdic), em 2023, o volume de importa\u00e7\u00f5es dos 11 produtos de <strong>a\u00e7o <\/strong>excedeu em 30% a m\u00e9dia das importa\u00e7\u00f5es entre 2020 e 2022. Nas \u00faltimas semanas, as empresas sider\u00fargicas brasileiras t\u00eam expressado preocupa\u00e7\u00e3o com a invas\u00e3o de produtos de a\u00e7o chineses, que chegam ao pa\u00eds com pre\u00e7os mais baixos do que os produtos nacionais.<\/p>\n\n\n\n<p>Atualmente, a taxa de Imposto de Importa\u00e7\u00e3o para os 11 produtos sujeitos \u00e0s cotas varia de 9% a 14,4%. O Mdic tamb\u00e9m est\u00e1 avaliando a possibilidade de impor cotas a outros quatro produtos derivados do a\u00e7o. Esses produtos n\u00e3o foram inclu\u00eddos na lista neste momento porque o Mdic est\u00e1 investigando se o aumento das importa\u00e7\u00f5es no ano passado foi devido a flutua\u00e7\u00f5es nos pre\u00e7os, em vez de um aumento na quantidade de produtos importados.<\/p>\n\n\n\n<p>O Mdic afirma que os estudos t\u00e9cnicos indicam que as cotas n\u00e3o ter\u00e3o impacto nos pre\u00e7os para os consumidores nem na cadeia produtiva. &#8220;Durante os pr\u00f3ximos 12 meses, o governo ir\u00e1 monitorar o comportamento do mercado. A expectativa \u00e9 que essa decis\u00e3o ajude a reduzir a <a class=\"suno-keyword\" target=\"_blank\" data-force=\"no\" data-priority=\"1\" href=\"https:\/\/www.suno.com.br\/artigos\/capacidade-ociosa\/\" rel=\"noopener\">capacidade ociosa<\/a> da ind\u00fastria sider\u00fargica nacional&#8221;, afirmou o minist\u00e9rio em comunicado.<\/p>\n\n\n\n<h2 class=\"wp-block-heading\">A\u00e7o: saiba quais s\u00e3o os produtos sujeitos \u00e0s cotas de importa\u00e7\u00e3o e tarifas de 25%<\/h2>\n\n\n\n<ul class=\"wp-block-list\">\n<li>Produtos laminados planos, de ferro ou a\u00e7o n\u00e3o ligado, com largura igual ou superior a 600 mm, revestidos com ligas de alum\u00ednio-zinco;<\/li>\n\n\n\n<li>Produtos laminados planos, de ferro ou a\u00e7o n\u00e3o ligado, com largura igual ou superior a 600 mm, folheados, chapeados ou revestidos, galvanizados por outro processo, com espessura inferior a 4,75 mm;<\/li>\n\n\n\n<li>Produtos laminados planos, de ferro ou a\u00e7o n\u00e3o ligado, com largura igual ou superior a 600 mm, n\u00e3o folheados, chapeados ou revestidos, em rolos simplesmente laminados a frio, com espessura superior a 1 mm, mas inferior a 3 mm;<\/li>\n\n\n\n<li>Produtos laminados planos, de ferro ou a\u00e7o n\u00e3o ligado, com largura igual ou superior a 600 mm, n\u00e3o folheados, chapeados ou revestidos, em rolos simplesmente laminados a frio, com espessura igual ou superior a 0,5 mm, mas n\u00e3o superior a 1 mm;<\/li>\n\n\n\n<li>Produtos laminados planos, de ferro ou a\u00e7o n\u00e3o ligado, com largura igual ou superior a 600 mm, laminados a quente, n\u00e3o folheados, chapeados ou revestidos, em rolos, simplesmente laminados a quente, com espessura igual ou superior a 4,75 mm, mas n\u00e3o superior a 10 mm;<\/li>\n\n\n\n<li>Outros produtos laminados planos, de ferro ou a\u00e7o n\u00e3o ligado, com largura igual ou superior a 600 mm, n\u00e3o folheados, chapeados ou revestidos, em rolos, simplesmente laminados a quente, com espessura igual ou superior a 3 mm, mas inferior a 4,75 mm;<\/li>\n\n\n\n<li>Produtos laminados planos, de ferro ou a\u00e7o n\u00e3o ligado, com largura igual ou superior a 600 mm, n\u00e3o folheados, chapeados ou revestidos, em rolos, simplesmente laminados a quente, com espessura inferior a 3 mm, e um limite m\u00ednimo de elasticidade de 275 Mpa;<\/li>\n\n\n\n<li>Outros produtos laminados planos, de ferro ou a\u00e7o n\u00e3o ligado, com largura igual ou superior a 600 mm, n\u00e3o folheados, chapeados ou revestidos, em rolos, simplesmente laminados a quente, com espessura inferior a 3 mm;<\/li>\n\n\n\n<li>Outros fios-m\u00e1quinas de ferro ou a\u00e7o n\u00e3o ligado, de se\u00e7\u00e3o circular, com di\u00e2metro inferior a 14 mm;<\/li>\n\n\n\n<li>Tubos dos tipos utilizados em oleodutos ou gasodutos, soldados longitudinalmente por arco imerso, de se\u00e7\u00e3o circular, com di\u00e2metro exterior superior a 406,4 mm, de ferro ou a\u00e7o;<\/li>\n\n\n\n<li>Outros tubos dos tipos utilizados em oleodutos ou gasodutos, soldados longitudinalmente, de se\u00e7\u00e3o circular, com di\u00e2metro exterior superior a 406,4 mm, de ferro ou a\u00e7o.<\/li>\n<\/ul>\n\n\n\n<h2 class=\"wp-block-heading\">Confira quatro produtos que est\u00e3o sendo considerados para poss\u00edveis cotas de importa\u00e7\u00e3o <\/h2>\n\n\n\n<ul class=\"wp-block-list\">\n<li>Outros tubos de ligas de a\u00e7os, n\u00e3o revestidos, sem costura, utilizados para revestimento de po\u00e7os;<\/li>\n\n\n\n<li>Outros tubos dos tipos utilizados em oleodutos ou gasodutos;<\/li>\n\n\n\n<li>Outros tubos para revestimento de po\u00e7os, de produ\u00e7\u00e3o ou suprimento, dos tipos utilizados na extra\u00e7\u00e3o de petr\u00f3leo ou g\u00e1s, feitos de ferro ou a\u00e7o;<\/li>\n\n\n\n<li>Outros tubos soldados de outras se\u00e7\u00f5es.<\/li>\n<\/ul>\n\n\n\n<p><em>Com Ag\u00eancia Brasil e Estad\u00e3o Conte\u00fado<\/em><\/p>\n\n\n\t<p>\n\t\t<a href=\"\" target=\"_blank\" data-element=\"shortcode-suno-banner\" title=\"Banner SUNO, clique e saiba mais\">\n\t\t\t<picture>\n\t\t\t\t<source media=\"(max-width: 500px)\" srcset=\"\">\n\t\t\t\t<img class=\"newsContent__article__imgCapa newsContent__article__imgCapa--banner\"\n\t\t\t\t\tsrc=\"\"\n\t\t\t\t\tdata-promo-id=\"285519\"\t\t\t\t\t\t\t\t\t\t\t\t\t\t\talt=\"\"\n\t\t\t\t>\n\t\t\t<\/picture>\n\t\t<\/a>\n\t<\/p>\n\n\n","protected":false},"excerpt":{"rendered":"<p>A Gerdau\u00a0(GGBR4) e a CSN (CSNA3), duas grandes empresas de a\u00e7o, v\u00e3o ser afetadas com a nova regra para controlar a quantidade do produto que o Brasil importa, segundo os analistas do Safra. Especificamente, 16% das importa\u00e7\u00f5es de produtos de a\u00e7os longos da Gerdau e da CSN estariam sujeitas \u00e0 tarifa ap\u00f3s medida anunciada pelo [&hellip;]<\/p>\n","protected":false},"author":345,"featured_media":278167,"comment_status":"closed","ping_status":"closed","sticky":false,"template":"","format":"standard","meta":[],"categories":[64],"tags":[982,1388,488],"suno_strategy":[],"class_list":["post-547112","post","type-post","status-publish","format-standard","has-post-thumbnail","hentry","category-negocios","tag-aco","tag-csn-csna3","tag-gerdau-ggbr3-ggbr4"],"yoast_head":"<!-- This site is optimized with the Yoast SEO plugin v24.4 - https:\/\/yoast.com\/wordpress\/plugins\/seo\/ -->\n<title>A\u00e7o: Gerdau (GGBR4) ser\u00e1 afetada por nova cota de importa\u00e7\u00e3o?<\/title>\n<meta name=\"description\" content=\"A Gerdau (GGBR4) e a CSN (CSNA3) s\u00f3 v\u00e3o ser afetadas em 16% com a nova regra para controlar a quantidade de a\u00e7o que o Brasil importa\" \/>\n<meta name=\"robots\" content=\"index, follow, max-snippet:-1, max-image-preview:large, max-video-preview:-1\" \/>\n<link rel=\"canonical\" href=\"https:\/\/www.suno.com.br\/noticias\/aco-gerdau-ggbr4-csn-csna3-afetadas-cota-importacao-safra-mm\/\" \/>\n<meta property=\"og:locale\" content=\"pt_BR\" \/>\n<meta property=\"og:type\" content=\"article\" \/>\n<meta property=\"og:title\" content=\"A\u00e7o: Gerdau (GGBR4) ser\u00e1 afetada por nova cota de importa\u00e7\u00e3o?\" \/>\n<meta property=\"og:description\" content=\"A Gerdau (GGBR4) e a CSN (CSNA3) s\u00f3 v\u00e3o ser afetadas em 16% com a nova regra para controlar a quantidade de a\u00e7o que o Brasil importa\" \/>\n<meta property=\"og:url\" content=\"https:\/\/www.suno.com.br\/noticias\/aco-gerdau-ggbr4-csn-csna3-afetadas-cota-importacao-safra-mm\/\" \/>\n<meta property=\"og:site_name\" content=\"Suno Not\u00edcias\" \/>\n<meta property=\"article:publisher\" content=\"https:\/\/facebook.com\/sunoresearch\" \/>\n<meta property=\"og:image\" content=\"https:\/\/files.sunoresearch.com.br\/n\/uploads\/2022\/07\/gerdau-fabrica.jpg\" \/>\n\t<meta property=\"og:image:width\" content=\"1250\" \/>\n\t<meta property=\"og:image:height\" content=\"833\" \/>\n\t<meta property=\"og:image:type\" content=\"image\/jpeg\" \/>\n<meta name=\"author\" content=\"Murilo Melo\" \/>\n<meta name=\"twitter:card\" content=\"summary_large_image\" \/>\n<meta name=\"twitter:creator\" content=\"@sunoresearch\" \/>\n<meta name=\"twitter:site\" content=\"@sunoresearch\" \/>\n<meta name=\"twitter:label1\" content=\"Escrito por\" \/>\n\t<meta name=\"twitter:data1\" content=\"Murilo Melo\" \/>\n\t<meta name=\"twitter:label2\" content=\"Est. tempo de leitura\" \/>\n\t<meta name=\"twitter:data2\" content=\"8 minutos\" \/>\n<script type=\"application\/ld+json\" class=\"yoast-schema-graph\">{\"@context\":\"https:\/\/schema.org\",\"@graph\":[{\"@type\":\"NewsArticle\",\"@id\":\"https:\/\/www.suno.com.br\/noticias\/aco-gerdau-ggbr4-csn-csna3-afetadas-cota-importacao-safra-mm\/#article\",\"isPartOf\":{\"@id\":\"https:\/\/www.suno.com.br\/noticias\/aco-gerdau-ggbr4-csn-csna3-afetadas-cota-importacao-safra-mm\/\"},\"author\":{\"name\":\"Murilo Melo\",\"@id\":\"https:\/\/www.suno.com.br\/noticias\/#\/schema\/person\/32d4feb215afe4b317d446bb442400dd\"},\"headline\":\"A\u00e7o: como empresas como Gerdau (GGBR4) e CSN (CSNA3) devem ser afetadas por cota de importa\u00e7\u00e3o estabelecida pelo governo?\",\"datePublished\":\"2024-04-24T01:58:32+00:00\",\"dateModified\":\"2024-04-24T02:01:01+00:00\",\"mainEntityOfPage\":{\"@id\":\"https:\/\/www.suno.com.br\/noticias\/aco-gerdau-ggbr4-csn-csna3-afetadas-cota-importacao-safra-mm\/\"},\"wordCount\":1447,\"publisher\":{\"@id\":\"https:\/\/www.suno.com.br\/noticias\/#organization\"},\"image\":{\"@id\":\"https:\/\/www.suno.com.br\/noticias\/aco-gerdau-ggbr4-csn-csna3-afetadas-cota-importacao-safra-mm\/#primaryimage\"},\"thumbnailUrl\":\"https:\/\/files.sunoresearch.com.br\/n\/uploads\/2022\/07\/gerdau-fabrica.jpg\",\"keywords\":[\"a\u00e7o\",\"CSN (CSNA3)\",\"Gerdau (GGBR3\/GGBR4)\"],\"articleSection\":[\"Neg\u00f3cios\"],\"inLanguage\":\"pt-BR\"},{\"@type\":\"WebPage\",\"@id\":\"https:\/\/www.suno.com.br\/noticias\/aco-gerdau-ggbr4-csn-csna3-afetadas-cota-importacao-safra-mm\/\",\"url\":\"https:\/\/www.suno.com.br\/noticias\/aco-gerdau-ggbr4-csn-csna3-afetadas-cota-importacao-safra-mm\/\",\"name\":\"A\u00e7o: Gerdau (GGBR4) ser\u00e1 afetada por nova cota de importa\u00e7\u00e3o?\",\"isPartOf\":{\"@id\":\"https:\/\/www.suno.com.br\/noticias\/#website\"},\"primaryImageOfPage\":{\"@id\":\"https:\/\/www.suno.com.br\/noticias\/aco-gerdau-ggbr4-csn-csna3-afetadas-cota-importacao-safra-mm\/#primaryimage\"},\"image\":{\"@id\":\"https:\/\/www.suno.com.br\/noticias\/aco-gerdau-ggbr4-csn-csna3-afetadas-cota-importacao-safra-mm\/#primaryimage\"},\"thumbnailUrl\":\"https:\/\/files.sunoresearch.com.br\/n\/uploads\/2022\/07\/gerdau-fabrica.jpg\",\"datePublished\":\"2024-04-24T01:58:32+00:00\",\"dateModified\":\"2024-04-24T02:01:01+00:00\",\"description\":\"A Gerdau (GGBR4) e a CSN (CSNA3) s\u00f3 v\u00e3o ser afetadas em 16% com a nova regra para controlar a quantidade de a\u00e7o que o Brasil importa\",\"breadcrumb\":{\"@id\":\"https:\/\/www.suno.com.br\/noticias\/aco-gerdau-ggbr4-csn-csna3-afetadas-cota-importacao-safra-mm\/#breadcrumb\"},\"inLanguage\":\"pt-BR\",\"potentialAction\":[{\"@type\":\"ReadAction\",\"target\":[\"https:\/\/www.suno.com.br\/noticias\/aco-gerdau-ggbr4-csn-csna3-afetadas-cota-importacao-safra-mm\/\"]}]},{\"@type\":\"ImageObject\",\"inLanguage\":\"pt-BR\",\"@id\":\"https:\/\/www.suno.com.br\/noticias\/aco-gerdau-ggbr4-csn-csna3-afetadas-cota-importacao-safra-mm\/#primaryimage\",\"url\":\"https:\/\/files.sunoresearch.com.br\/n\/uploads\/2022\/07\/gerdau-fabrica.jpg\",\"contentUrl\":\"https:\/\/files.sunoresearch.com.br\/n\/uploads\/2022\/07\/gerdau-fabrica.jpg\",\"width\":1250,\"height\":833,\"caption\":\"Foto: Divulga\u00e7\u00e3o\"},{\"@type\":\"BreadcrumbList\",\"@id\":\"https:\/\/www.suno.com.br\/noticias\/aco-gerdau-ggbr4-csn-csna3-afetadas-cota-importacao-safra-mm\/#breadcrumb\",\"itemListElement\":[{\"@type\":\"ListItem\",\"position\":1,\"name\":\"Not\u00edcias\",\"item\":\"https:\/\/www.suno.com.br\/noticias\/\"},{\"@type\":\"ListItem\",\"position\":2,\"name\":\"Neg\u00f3cios\",\"item\":\"https:\/\/www.suno.com.br\/noticias\/negocios\/\"},{\"@type\":\"ListItem\",\"position\":3,\"name\":\"A\u00e7o: como empresas como Gerdau (GGBR4) e CSN (CSNA3) devem ser afetadas por cota de importa\u00e7\u00e3o estabelecida pelo governo?\"}]},{\"@type\":\"WebSite\",\"@id\":\"https:\/\/www.suno.com.br\/noticias\/#website\",\"url\":\"https:\/\/www.suno.com.br\/noticias\/\",\"name\":\"Suno Not\u00edcias\",\"description\":\"Seu portal de informa\u00e7\u00e3o sobre o mundo dos investimentos\",\"publisher\":{\"@id\":\"https:\/\/www.suno.com.br\/noticias\/#organization\"},\"potentialAction\":[{\"@type\":\"SearchAction\",\"target\":{\"@type\":\"EntryPoint\",\"urlTemplate\":\"https:\/\/www.suno.com.br\/noticias\/?s={search_term_string}\"},\"query-input\":{\"@type\":\"PropertyValueSpecification\",\"valueRequired\":true,\"valueName\":\"search_term_string\"}}],\"inLanguage\":\"pt-BR\"},{\"@type\":\"Organization\",\"@id\":\"https:\/\/www.suno.com.br\/noticias\/#organization\",\"name\":\"Suno Not\u00edcias\",\"url\":\"https:\/\/www.suno.com.br\/noticias\/\",\"logo\":{\"@type\":\"ImageObject\",\"inLanguage\":\"pt-BR\",\"@id\":\"https:\/\/www.suno.com.br\/noticias\/#\/schema\/logo\/image\/\",\"url\":\"https:\/\/files.sunoresearch.com.br\/n\/uploads\/2021\/09\/suno-logo.png\",\"contentUrl\":\"https:\/\/files.sunoresearch.com.br\/n\/uploads\/2021\/09\/suno-logo.png\",\"width\":180,\"height\":180,\"caption\":\"Suno Not\u00edcias\"},\"image\":{\"@id\":\"https:\/\/www.suno.com.br\/noticias\/#\/schema\/logo\/image\/\"},\"sameAs\":[\"https:\/\/facebook.com\/sunoresearch\",\"https:\/\/x.com\/sunoresearch\",\"https:\/\/www.instagram.com\/suno\",\"https:\/\/www.linkedin.com\/company\/suno-research\/\",\"https:\/\/www.youtube.com\/c\/sunoresearch\"]},{\"@type\":\"Person\",\"@id\":\"https:\/\/www.suno.com.br\/noticias\/#\/schema\/person\/32d4feb215afe4b317d446bb442400dd\",\"name\":\"Murilo Melo\",\"image\":{\"@type\":\"ImageObject\",\"inLanguage\":\"pt-BR\",\"@id\":\"https:\/\/www.suno.com.br\/noticias\/#\/schema\/person\/image\/\",\"url\":\"https:\/\/secure.gravatar.com\/avatar\/af7a693198b592028493c0e8b0583d4f?s=96&r=g\",\"contentUrl\":\"https:\/\/secure.gravatar.com\/avatar\/af7a693198b592028493c0e8b0583d4f?s=96&r=g\",\"caption\":\"Murilo Melo\"},\"description\":\"\u00c9 um jornalista e letr\u00f3logo com vasta experi\u00eancia em economia, finan\u00e7as e mercado. J\u00e1 foi rep\u00f3rter de jornais, revistas e sites noticiosos como A Tarde, Correio e Folha de S.Paulo. No Suno Not\u00edcias, escreve sobre neg\u00f3cios\",\"url\":\"https:\/\/www.suno.com.br\/noticias\/author\/murilomelo-jornalismogmail-com\/\"}]}<\/script>\n<!-- \/ Yoast SEO plugin. -->","yoast_head_json":{"title":"A\u00e7o: Gerdau (GGBR4) ser\u00e1 afetada por nova cota de importa\u00e7\u00e3o?","description":"A Gerdau (GGBR4) e a CSN (CSNA3) s\u00f3 v\u00e3o ser afetadas em 16% com a nova regra para controlar a quantidade de a\u00e7o que o Brasil importa","robots":{"index":"index","follow":"follow","max-snippet":"max-snippet:-1","max-image-preview":"max-image-preview:large","max-video-preview":"max-video-preview:-1"},"canonical":"https:\/\/www.suno.com.br\/noticias\/aco-gerdau-ggbr4-csn-csna3-afetadas-cota-importacao-safra-mm\/","og_locale":"pt_BR","og_type":"article","og_title":"A\u00e7o: Gerdau (GGBR4) ser\u00e1 afetada por nova cota de importa\u00e7\u00e3o?","og_description":"A Gerdau (GGBR4) e a CSN (CSNA3) s\u00f3 v\u00e3o ser afetadas em 16% com a nova regra para controlar a quantidade de a\u00e7o que o Brasil importa","og_url":"https:\/\/www.suno.com.br\/noticias\/aco-gerdau-ggbr4-csn-csna3-afetadas-cota-importacao-safra-mm\/","og_site_name":"Suno Not\u00edcias","article_publisher":"https:\/\/facebook.com\/sunoresearch","og_image":[{"width":1250,"height":833,"url":"https:\/\/files.sunoresearch.com.br\/n\/uploads\/2022\/07\/gerdau-fabrica.jpg","type":"image\/jpeg"}],"author":"Murilo Melo","twitter_card":"summary_large_image","twitter_creator":"@sunoresearch","twitter_site":"@sunoresearch","twitter_misc":{"Escrito por":"Murilo Melo","Est. tempo de leitura":"8 minutos"},"schema":{"@context":"https:\/\/schema.org","@graph":[{"@type":"NewsArticle","@id":"https:\/\/www.suno.com.br\/noticias\/aco-gerdau-ggbr4-csn-csna3-afetadas-cota-importacao-safra-mm\/#article","isPartOf":{"@id":"https:\/\/www.suno.com.br\/noticias\/aco-gerdau-ggbr4-csn-csna3-afetadas-cota-importacao-safra-mm\/"},"author":{"name":"Murilo Melo","@id":"https:\/\/www.suno.com.br\/noticias\/#\/schema\/person\/32d4feb215afe4b317d446bb442400dd"},"headline":"A\u00e7o: como empresas como Gerdau (GGBR4) e CSN (CSNA3) devem ser afetadas por cota de importa\u00e7\u00e3o estabelecida pelo governo?","datePublished":"2024-04-24T01:58:32+00:00","dateModified":"2024-04-24T02:01:01+00:00","mainEntityOfPage":{"@id":"https:\/\/www.suno.com.br\/noticias\/aco-gerdau-ggbr4-csn-csna3-afetadas-cota-importacao-safra-mm\/"},"wordCount":1447,"publisher":{"@id":"https:\/\/www.suno.com.br\/noticias\/#organization"},"image":{"@id":"https:\/\/www.suno.com.br\/noticias\/aco-gerdau-ggbr4-csn-csna3-afetadas-cota-importacao-safra-mm\/#primaryimage"},"thumbnailUrl":"https:\/\/files.sunoresearch.com.br\/n\/uploads\/2022\/07\/gerdau-fabrica.jpg","keywords":["a\u00e7o","CSN (CSNA3)","Gerdau (GGBR3\/GGBR4)"],"articleSection":["Neg\u00f3cios"],"inLanguage":"pt-BR"},{"@type":"WebPage","@id":"https:\/\/www.suno.com.br\/noticias\/aco-gerdau-ggbr4-csn-csna3-afetadas-cota-importacao-safra-mm\/","url":"https:\/\/www.suno.com.br\/noticias\/aco-gerdau-ggbr4-csn-csna3-afetadas-cota-importacao-safra-mm\/","name":"A\u00e7o: Gerdau (GGBR4) ser\u00e1 afetada por nova cota de importa\u00e7\u00e3o?","isPartOf":{"@id":"https:\/\/www.suno.com.br\/noticias\/#website"},"primaryImageOfPage":{"@id":"https:\/\/www.suno.com.br\/noticias\/aco-gerdau-ggbr4-csn-csna3-afetadas-cota-importacao-safra-mm\/#primaryimage"},"image":{"@id":"https:\/\/www.suno.com.br\/noticias\/aco-gerdau-ggbr4-csn-csna3-afetadas-cota-importacao-safra-mm\/#primaryimage"},"thumbnailUrl":"https:\/\/files.sunoresearch.com.br\/n\/uploads\/2022\/07\/gerdau-fabrica.jpg","datePublished":"2024-04-24T01:58:32+00:00","dateModified":"2024-04-24T02:01:01+00:00","description":"A Gerdau (GGBR4) e a CSN (CSNA3) s\u00f3 v\u00e3o ser afetadas em 16% com a nova regra para controlar a quantidade de a\u00e7o que o Brasil importa","breadcrumb":{"@id":"https:\/\/www.suno.com.br\/noticias\/aco-gerdau-ggbr4-csn-csna3-afetadas-cota-importacao-safra-mm\/#breadcrumb"},"inLanguage":"pt-BR","potentialAction":[{"@type":"ReadAction","target":["https:\/\/www.suno.com.br\/noticias\/aco-gerdau-ggbr4-csn-csna3-afetadas-cota-importacao-safra-mm\/"]}]},{"@type":"ImageObject","inLanguage":"pt-BR","@id":"https:\/\/www.suno.com.br\/noticias\/aco-gerdau-ggbr4-csn-csna3-afetadas-cota-importacao-safra-mm\/#primaryimage","url":"https:\/\/files.sunoresearch.com.br\/n\/uploads\/2022\/07\/gerdau-fabrica.jpg","contentUrl":"https:\/\/files.sunoresearch.com.br\/n\/uploads\/2022\/07\/gerdau-fabrica.jpg","width":1250,"height":833,"caption":"Foto: Divulga\u00e7\u00e3o"},{"@type":"BreadcrumbList","@id":"https:\/\/www.suno.com.br\/noticias\/aco-gerdau-ggbr4-csn-csna3-afetadas-cota-importacao-safra-mm\/#breadcrumb","itemListElement":[{"@type":"ListItem","position":1,"name":"Not\u00edcias","item":"https:\/\/www.suno.com.br\/noticias\/"},{"@type":"ListItem","position":2,"name":"Neg\u00f3cios","item":"https:\/\/www.suno.com.br\/noticias\/negocios\/"},{"@type":"ListItem","position":3,"name":"A\u00e7o: como empresas como Gerdau (GGBR4) e CSN (CSNA3) devem ser afetadas por cota de importa\u00e7\u00e3o estabelecida pelo governo?"}]},{"@type":"WebSite","@id":"https:\/\/www.suno.com.br\/noticias\/#website","url":"https:\/\/www.suno.com.br\/noticias\/","name":"Suno Not\u00edcias","description":"Seu portal de informa\u00e7\u00e3o sobre o mundo dos investimentos","publisher":{"@id":"https:\/\/www.suno.com.br\/noticias\/#organization"},"potentialAction":[{"@type":"SearchAction","target":{"@type":"EntryPoint","urlTemplate":"https:\/\/www.suno.com.br\/noticias\/?s={search_term_string}"},"query-input":{"@type":"PropertyValueSpecification","valueRequired":true,"valueName":"search_term_string"}}],"inLanguage":"pt-BR"},{"@type":"Organization","@id":"https:\/\/www.suno.com.br\/noticias\/#organization","name":"Suno Not\u00edcias","url":"https:\/\/www.suno.com.br\/noticias\/","logo":{"@type":"ImageObject","inLanguage":"pt-BR","@id":"https:\/\/www.suno.com.br\/noticias\/#\/schema\/logo\/image\/","url":"https:\/\/files.sunoresearch.com.br\/n\/uploads\/2021\/09\/suno-logo.png","contentUrl":"https:\/\/files.sunoresearch.com.br\/n\/uploads\/2021\/09\/suno-logo.png","width":180,"height":180,"caption":"Suno Not\u00edcias"},"image":{"@id":"https:\/\/www.suno.com.br\/noticias\/#\/schema\/logo\/image\/"},"sameAs":["https:\/\/facebook.com\/sunoresearch","https:\/\/x.com\/sunoresearch","https:\/\/www.instagram.com\/suno","https:\/\/www.linkedin.com\/company\/suno-research\/","https:\/\/www.youtube.com\/c\/sunoresearch"]},{"@type":"Person","@id":"https:\/\/www.suno.com.br\/noticias\/#\/schema\/person\/32d4feb215afe4b317d446bb442400dd","name":"Murilo Melo","image":{"@type":"ImageObject","inLanguage":"pt-BR","@id":"https:\/\/www.suno.com.br\/noticias\/#\/schema\/person\/image\/","url":"https:\/\/secure.gravatar.com\/avatar\/af7a693198b592028493c0e8b0583d4f?s=96&r=g","contentUrl":"https:\/\/secure.gravatar.com\/avatar\/af7a693198b592028493c0e8b0583d4f?s=96&r=g","caption":"Murilo Melo"},"description":"\u00c9 um jornalista e letr\u00f3logo com vasta experi\u00eancia em economia, finan\u00e7as e mercado. J\u00e1 foi rep\u00f3rter de jornais, revistas e sites noticiosos como A Tarde, Correio e Folha de S.Paulo. No Suno Not\u00edcias, escreve sobre neg\u00f3cios","url":"https:\/\/www.suno.com.br\/noticias\/author\/murilomelo-jornalismogmail-com\/"}]}},"default_loop_html":"<div class=\"cardsPage__listCard__boxs\"><div class=\"cardsPage__listCard__boxs__img\"><a href=\"https:\/\/www.suno.com.br\/noticias\/aco-gerdau-ggbr4-csn-csna3-afetadas-cota-importacao-safra-mm\/\"><img class=\"mask\" src=\"https:\/\/www.suno.com.br\/noticias\/wp-content\/themes\/suno\/resources\/images\/spotlight\/spotlight1img\/bg-mask.png\" alt=\"Image Mask\"\/><img src=\"https:\/\/files.sunoresearch.com.br\/n\/uploads\/2022\/07\/gerdau-fabrica-400x200.jpg\" alt=\"A\u00e7o: como empresas como Gerdau (GGBR4) e CSN (CSNA3) devem ser afetadas por cota de importa\u00e7\u00e3o estabelecida pelo governo?\"\/><\/a><span class=\"spotlightCategory\"><a href=\"https:\/\/www.suno.com.br\/noticias\/negocios\/\">Neg\u00f3cios<\/a><\/span><\/div><div class=\"cardsPage__listCard__boxs__content\"><a href=\"https:\/\/www.suno.com.br\/noticias\/aco-gerdau-ggbr4-csn-csna3-afetadas-cota-importacao-safra-mm\/\"><h2 class=\"content__title\">A\u00e7o: como empresas como Gerdau (GGBR4) e CSN (CSNA3) devem ser afetadas por cota de importa\u00e7\u00e3o estabelecida pelo governo?<\/h2><\/a><div class=\"newsContent__article__meta\"><div class=\"newsContent__article__meta__authorBox\"><a href=\"https:\/\/www.suno.com.br\/noticias\/author\/camila-figueiredosuno-com-br\/\" class=\"authorBox__avatar noMobi\"><img src=\"https:\/\/files.sunoresearch.com.br\/n\/uploads\/2024\/05\/camila-paim-square-150x150.jpg\" alt=\"Camila Paim\"><\/a><div class=\"authorBox__name\"><span>por\n\t\t\t<a href=\"https:\/\/www.suno.com.br\/noticias\/author\/camila-figueiredosuno-com-br\/\"><span itemprop=\"author\">Camila Paim<\/span><\/a><\/span><time datetime=\"2024-04-23T22:58:32-03:00\" itemprop=\"datePublished\">23\/04\/2024 22:58<\/time><\/div><\/div><\/div><\/div><\/div>","single_layout":"posts","amp_enabled":true,"_links":{"self":[{"href":"https:\/\/www.suno.com.br\/noticias\/wp-json\/wp\/v2\/posts\/547112"}],"collection":[{"href":"https:\/\/www.suno.com.br\/noticias\/wp-json\/wp\/v2\/posts"}],"about":[{"href":"https:\/\/www.suno.com.br\/noticias\/wp-json\/wp\/v2\/types\/post"}],"author":[{"embeddable":true,"href":"https:\/\/www.suno.com.br\/noticias\/wp-json\/wp\/v2\/users\/345"}],"replies":[{"embeddable":true,"href":"https:\/\/www.suno.com.br\/noticias\/wp-json\/wp\/v2\/comments?post=547112"}],"version-history":[{"count":2,"href":"https:\/\/www.suno.com.br\/noticias\/wp-json\/wp\/v2\/posts\/547112\/revisions"}],"predecessor-version":[{"id":547164,"href":"https:\/\/www.suno.com.br\/noticias\/wp-json\/wp\/v2\/posts\/547112\/revisions\/547164"}],"wp:featuredmedia":[{"embeddable":true,"href":"https:\/\/www.suno.com.br\/noticias\/wp-json\/wp\/v2\/media\/278167"}],"wp:attachment":[{"href":"https:\/\/www.suno.com.br\/noticias\/wp-json\/wp\/v2\/media?parent=547112"}],"wp:term":[{"taxonomy":"category","embeddable":true,"href":"https:\/\/www.suno.com.br\/noticias\/wp-json\/wp\/v2\/categories?post=547112"},{"taxonomy":"post_tag","embeddable":true,"href":"https:\/\/www.suno.com.br\/noticias\/wp-json\/wp\/v2\/tags?post=547112"},{"taxonomy":"suno_strategy","embeddable":true,"href":"https:\/\/www.suno.com.br\/noticias\/wp-json\/wp\/v2\/suno_strategy?post=547112"}],"curies":[{"name":"wp","href":"https:\/\/api.w.org\/{rel}","templated":true}]}}