{"id":547101,"date":"2024-04-23T20:44:44","date_gmt":"2024-04-23T23:44:44","guid":{"rendered":"https:\/\/www.suno.com.br\/noticias\/?p=547101"},"modified":"2024-04-23T22:23:37","modified_gmt":"2024-04-24T01:23:37","slug":"b3-b3sa3-banco-revisa-preco-alvo-mm","status":"publish","type":"post","link":"https:\/\/www.suno.com.br\/noticias\/b3-b3sa3-banco-revisa-preco-alvo-mm\/","title":{"rendered":"Banco corta pre\u00e7o-alvo das a\u00e7\u00f5es da B3 (B3SA3) ap\u00f3s desempenho da Bolsa"},"content":{"rendered":"<p>O BB Investimentos (BB-BI) reduziu o pre\u00e7o-alvo das a\u00e7\u00f5es da <a href=\"https:\/\/www.suno.com.br\/acoes\/B3SA3\/\" target=\"_blank\" rel=\"noreferrer noopener\"><strong>B3<\/strong>&nbsp;(B3SA3)<\/a>, empresa respons\u00e1vel pela administra\u00e7\u00e3o da <a class=\"suno-keyword\" data-force=\"no\" data-priority=\"3\" href=\"https:\/\/www.suno.com.br\/guias\/bolsa-de-valores\/\" target=\"_blank\" rel=\"noopener\">Bolsa de Valores<\/a> brasileira, de R$ 15,60 para R$ 14,60 (com a\u00e7\u00f5es negociadas hoje a R$ 11). A revis\u00e3o foi divulgada pelo banco ao mercado nesta ter\u00e7a-feira (23).<\/p>\t<div class=\"wrapper-featured-image\">\n\t\t<figure class=\"spotlightImg\">\n\n\t\t\t<picture>\n\t\t\t\t<source media=\"(max-width: 768px)\" srcset=\"https:\/\/files.sunoresearch.com.br\/n\/uploads\/2023\/07\/cvm-b3-educacao-educacao-financeira-400x200.jpg\">\n\t\t\t\t<img loading=\"lazy\" decoding=\"async\" class=\"newsContent__article__imgCapa lazyloadDisabled \" src=\"https:\/\/files.sunoresearch.com.br\/n\/uploads\/2023\/07\/cvm-b3-educacao-educacao-financeira-800x450.jpg\" width=\"800\" height=\"450\" alt=\"Banco corta pre\u00e7o-alvo das a\u00e7\u00f5es da B3 (B3SA3) ap\u00f3s desempenho da Bolsa\" fetchpriority=high \/>\n\t\t\t<\/picture>\n\n\t\t\t<figcaption class=\"wp-caption-text wp-caption-text--show\">IPOs. Foto: Reprodu\u00e7\u00e3o\/B3<\/figcaption>\n\t\t<\/figure>\n\t<\/div>\n\n\n\n\n\n\t<p>\n\t\t<a href=\"https:\/\/lp.suno.com.br\/planilha-da-vida-financeira\/\" target=\"_blank\" data-element=\"shortcode-suno-banner\" title=\"Banner SUNO, clique e saiba mais\">\n\t\t\t<picture>\n\t\t\t\t<source media=\"(max-width: 500px)\" srcset=\"https:\/\/files.sunoresearch.com.br\/n\/uploads\/2023\/04\/400x300-Planilha-vida-financeira-true.png\">\n\t\t\t\t<img class=\"newsContent__article__imgCapa newsContent__article__imgCapa--banner\"\n\t\t\t\t\tsrc=\"https:\/\/files.sunoresearch.com.br\/n\/uploads\/2023\/04\/1420x240-Planilha-vida-financeira-true.png\"\n\t\t\t\t\tdata-promo-id=\"106682\"\t\t\t\t\t\t\t\t\t\twidth='1420' height='240'\t\t\t\t\talt=\"https:\/\/files.sunoresearch.com.br\/n\/uploads\/2023\/04\/1420x240-Planilha-vida-financeira-true.png\"\n\t\t\t\t>\n\t\t\t<\/picture>\n\t\t<\/a>\n\t<\/p>\n\n\n\n\n\n<p>O BB-BI diz que essa decis\u00e3o de baixar o pre\u00e7o-alvo das<strong> a\u00e7\u00f5es da B3<\/strong> foi motivada por um conjunto de fatores que t\u00eam impactado o desempenho da companhia nos \u00faltimos meses. &#8220;Influenciada por um cen\u00e1rio distinto da expectativa da maior parte do mercado, a B3 apresentou baixos volumes m\u00e9dios negociados em seu principal segmento nos primeiros meses do ano&#8221;, afirma o relat\u00f3rio.<\/p>\n\n\n\n<p>Esse cen\u00e1rio contrasta com a esperada retomada do apetite ao risco por parte dos investidores, impulsionada por dados econ\u00f4micos mais robustos nos Estados Unidos, como<strong> <\/strong>indicadores positivos no <a class=\"suno-keyword\" data-force=\"no\" data-priority=\"2\" href=\"https:\/\/www.suno.com.br\/artigos\/mercado-de-trabalho\/\" target=\"_blank\" rel=\"noopener\">mercado de trabalho<\/a>.<\/p>\n\n\n\n<p>A an\u00e1lise dos estrategistas tamb\u00e9m leva em considera\u00e7\u00e3o as implica\u00e7\u00f5es globais de uma poss\u00edvel manuten\u00e7\u00e3o dos<strong> juros americanos<\/strong> em n\u00edveis elevados por um per\u00edodo prolongado. Isso tem gerado reflexos no mercado financeiro internacional, afetando o fluxo de <a class=\"suno-keyword\" data-force=\"no\" data-priority=\"1\" href=\"https:\/\/www.suno.com.br\/artigos\/capital-estrangeiro\/\" target=\"_blank\" rel=\"noopener\">capital estrangeiro<\/a> para o Brasil e contribuindo para um ambiente desafiador para empresas como a B<strong>3<\/strong>, conforme relat\u00f3rio.<\/p>\n\n\n\n<p>No entanto, apesar dessa revis\u00e3o para baixo, a recomenda\u00e7\u00e3o de <strong>compra das a\u00e7\u00f5e<\/strong>s <strong>da B3<\/strong> foi mantida pelo banco de investimentos.<\/p>\n\n\n\n<h2 class=\"wp-block-heading\">Entenda os fatores que levaram o BB-BI a diminuir o pre\u00e7o-alvo da B3<\/h2>\n\n\n\n<p>O desempenho dos <strong>pap\u00e9is da B3<\/strong> tem sido impactado por diversos fatores ao longo deste ano. Al\u00e9m da queda nos volumes negociados, a perspectiva da entrada de uma nova concorrente no mercado local em 2025 tem gerado incertezas entre os investidores. <\/p>\n\n\n\n<p>As revis\u00f5es das expectativas em rela\u00e7\u00e3o \u00e0 <a class=\"suno-keyword\" data-force=\"no\" data-priority=\"1\" href=\"https:\/\/www.suno.com.br\/artigos\/politica-monetaria\/\" target=\"_blank\" rel=\"noopener\">pol\u00edtica monet\u00e1ria<\/a> dos Estados Unidos t\u00eam contribu\u00eddo para um saldo l\u00edquido negativo de mais de R$ 30 bilh\u00f5es em capital estrangeiro no pa\u00eds neste ano, segundo pontua o BB-BI.<\/p>\n\n\n\n<p>A revis\u00e3o do <strong>valuation da B3<\/strong> pelo BBI levou em conta os resultados do quarto trimestre de 2023 (4T23), os dados operacionais divulgados pela empresa, as perspectivas para suas principais linhas de neg\u00f3cios e as atualiza\u00e7\u00f5es das premissas macroecon\u00f4micas.<\/p>\n\n\n\t<p>\n\t\t<a href=\"https:\/\/lp.suno.com.br\/ebook-como-analisar-uma-acao\/\" target=\"_blank\" data-element=\"shortcode-suno-banner\" title=\"Banner SUNO, clique e saiba mais\">\n\t\t\t<picture>\n\t\t\t\t<source media=\"(max-width: 500px)\" srcset=\"https:\/\/files.sunoresearch.com.br\/n\/uploads\/2023\/03\/Ebook-Acoes-Mobile.jpg\">\n\t\t\t\t<img class=\"newsContent__article__imgCapa newsContent__article__imgCapa--banner\"\n\t\t\t\t\tsrc=\"https:\/\/files.sunoresearch.com.br\/n\/uploads\/2023\/03\/Ebook-Acoes-Desktop.jpg\"\n\t\t\t\t\tdata-promo-id=\"378302\"\t\t\t\t\t\t\t\t\t\twidth='1420' height='286'\t\t\t\t\talt=\"https:\/\/files.sunoresearch.com.br\/n\/uploads\/2023\/03\/Ebook-Acoes-Desktop.jpg\"\n\t\t\t\t>\n\t\t\t<\/picture>\n\t\t<\/a>\n\t<\/p>\n\n\n\n\n\n<h2 class=\"wp-block-heading\">A\u00e7\u00f5es recomendadas pelo BofA ap\u00f3s altera\u00e7\u00e3o na pol\u00edtica de pre\u00e7os<\/h2>\n\n\n\n<p>O Bank of America (BofA) reafirma sua recomenda\u00e7\u00e3o de compra para as a\u00e7\u00f5es da&nbsp;<a href=\"https:\/\/www.suno.com.br\/acoes\/B3SA3\/\" target=\"_blank\" rel=\"noreferrer noopener\"><strong>B3<\/strong>&nbsp;(B3SA3)<\/a>, considerando as recentes altera\u00e7\u00f5es da pol\u00edtica de pre\u00e7os da Bolsa de Valores brasileira como um movimento \u201cimportante\u201d em um cen\u00e1rio de poss\u00edvel concorr\u00eancia e volumes mais baixos. <\/p>\n\n\n\n<p>Com o foco voltado para a redu\u00e7\u00e3o das taxas, o banco diz que mant\u00e9m sua perspectiva otimista para as <strong>a\u00e7\u00f5es B3SA3<\/strong>, esperando uma recupera\u00e7\u00e3o nos volumes de negocia\u00e7\u00e3o ao longo do segundo semestre deste ano.<\/p>\n\n\n\n<p>Segundo os analistas Mario Pierry e Antonio Ruette, o atual m\u00faltiplo pre\u00e7o\/<a href=\"https:\/\/www.suno.com.br\/artigos\/lpa-lucro-por-acao\/\" target=\"_blank\" rel=\"noreferrer noopener\"><strong>lucro por<\/strong>&nbsp;<\/a><strong><a href=\"https:\/\/www.suno.com.br\/artigos\/lpa-lucro-por-acao\/\" target=\"_blank\" rel=\"noreferrer noopener\">a\u00e7\u00e3o<\/a>&nbsp;da<\/strong>&nbsp;<strong>B3<\/strong>, que est\u00e1 em torno de 13,3 vezes, substancialmente abaixo dos n\u00edveis observados nos \u00faltimos ciclos de flexibiliza\u00e7\u00e3o, que variaram entre 20 e 25 vezes, al\u00e9m de ser cerca de 40% inferior aos seus pares internacionais.<\/p>\n\n\n\n<p>A nova&nbsp;<strong>pol\u00edtica de pre\u00e7os da B3<\/strong>&nbsp;inclui a cobran\u00e7a de taxas de negocia\u00e7\u00e3o e p\u00f3s-negocia\u00e7\u00e3o com base no volume m\u00e9dio di\u00e1rio negociado (ADTV) do m\u00eas anterior, independentemente do tipo de investidor. Al\u00e9m disso, no segmento de cust\u00f3dia, a empresa ajustou as tarifas de saldo de cust\u00f3dia, eliminou a tarifa de manuten\u00e7\u00e3o de Depositary Receipts (DR) e introduziu uma tarifa de saldo de cust\u00f3dia para investidores n\u00e3o residentes, isentando-os da&nbsp;<a href=\"https:\/\/www.suno.com.br\/artigos\/taxa-de-manutencao\/\" target=\"_blank\" rel=\"noreferrer noopener\">taxa de manuten\u00e7\u00e3o<\/a>&nbsp;de contas de cust\u00f3dia.<\/p>\n\n\n\n<p>Com um&nbsp;<strong>pre\u00e7o-alvo de R$ 17 para as a\u00e7\u00f5es da B3 ON<\/strong>, o BofA estima um potencial de valoriza\u00e7\u00e3o de 52% em rela\u00e7\u00e3o ao fechamento do \u00faltimo preg\u00e3o, ocorrido na \u00faltima sexta-feira (19). A a\u00e7\u00e3o da B3 \u00e9 negociada hoje a R$ 11,27.<\/p>\n\n\n\n<h2 class=\"wp-block-heading\">Veja como a chegada de uma concorrente deve afetar a B3<\/h2>\n\n\n\n<p>Especialistas ligados ao&nbsp;<a href=\"https:\/\/www.suno.com.br\/guias\/mercado-financeiro\/\" target=\"_blank\" rel=\"noreferrer noopener\">mercado financeiro<\/a>&nbsp;est\u00e3o atentos \u00e0 poss\u00edvel concorr\u00eancia que se desenha para a <strong>operadora da Bolsa de Valores<\/strong> no Brasil, a&nbsp;<a href=\"https:\/\/www.suno.com.br\/acoes\/B3SA3\/\" target=\"_blank\" rel=\"noreferrer noopener\">B3<\/a>. A chegada anunciada de uma nova bolsa est\u00e1 prevista para o segundo semestre de 2025.<\/p>\n\n\n\n<p>Para Femisapien, economista e s\u00f3cia da Quantzed, empresa de tecnologia e educa\u00e7\u00e3o financeira para investidores, a entrada de um&nbsp;<a class=\"suno-keyword\" target=\"_blank\" data-force=\"no\" data-priority=\"1\" href=\"https:\/\/www.suno.com.br\/artigos\/novo-mercado\/\" rel=\"noopener\">novo mercado<\/a>&nbsp;pode abrir oportunidades para investimentos em ativos ainda n\u00e3o dispon\u00edveis na B3, aumentando o interesse de<strong>&nbsp;<\/strong>investidores estrangeiros<strong>&nbsp;<\/strong>no pa\u00eds.<\/p>\n\n\n\n<p>\u201cA concorr\u00eancia teoricamente levaria a B3 a prestar melhores servi\u00e7os e praticar melhores pre\u00e7os, al\u00e9m da supracitada oportunidade para startups, que s\u00e3o, em sua maioria, empresas de tecnologia, poderem listar a\u00e7\u00f5es no mercado. A concorr\u00eancia para a B3 \u00e9 sempre boa, pois motiva a companhia a prestar melhores servi\u00e7os\u201d, diz.<\/p>\n\n\n\n<p>Rodrigo Cohen, analista de investimentos e co-fundador da Escola de Investimentos, compartilha a vis\u00e3o de que o&nbsp;<strong>monop\u00f3lio da B3<\/strong>&nbsp;tem sido um obst\u00e1culo para o crescimento do&nbsp;<a target=\"_blank\" href=\"https:\/\/www.suno.com.br\/guias\/mercado-financeiro\/\" rel=\"noreferrer noopener\">mercado financeiro<\/a>&nbsp;brasileiro. \u201cA entrada de uma nova bolsa j\u00e1 \u00e9 esperada h\u00e1 muitos anos. Acredito que o monop\u00f3lio da B3 sempre, na minha opini\u00e3o, atrapalhou o crescimento do nosso mercado, porque, quando a gente tem monop\u00f3lio, n\u00e3o existe competi\u00e7\u00e3o\u201d, avalia.<\/p>\n\n\n\n<p>Ele tamb\u00e9m destaca que a introdu\u00e7\u00e3o de uma&nbsp;<strong>segunda Bolsa de Valores<\/strong>&nbsp;pode aumentar a visibilidade e a credibilidade do mercado brasileiro. \u201cCom o pa\u00eds crescendo, podemos ter novos IPOs, dependendo de como vai ser. Pode ter uma febre de IPOs, se o governo ajudar. Eu acho que \u00e9 uma not\u00edcia muito positiva e que, dependendo dos servi\u00e7os que a nova bolsa oferecer, vai ser \u00f3timo\u201d, comenta Cohen.<\/p>\n\n\n\n<p>A not\u00edcia da poss\u00edvel&nbsp;<strong>concorr\u00eancia da B3<\/strong>&nbsp;surgiu com a iniciativa do Mubadala Capital, asset dos Emirados \u00c1rabes Unidos, que est\u00e1 organizando a abertura da&nbsp;<strong>nova Bolsa de Valores<\/strong>. O projeto, que ainda depende da aprova\u00e7\u00e3o das autoridades reguladoras, tem como proposta ter sede no Rio de Janeiro e operar em todos os mercados, incluindo a\u00e7\u00f5es, derivativos e c\u00e2mbio. A an\u00e1lise do pedido pela ATG, empresa envolvida no projeto, j\u00e1 est\u00e1 sendo realizada pelo Banco Central e pela&nbsp;<a target=\"_blank\" href=\"https:\/\/www.suno.com.br\/artigos\/cvm\/\" rel=\"noreferrer noopener\">Comiss\u00e3o de Valores Mobili\u00e1rios (CVM)<\/a>.<\/p>\n\n\n\n<p>A not\u00edcia, divulgada no dia 1\u00ba deste m\u00eas, impactou as&nbsp;a\u00e7\u00f5es da B3<strong>,<\/strong> que registraram uma queda de 3,2% no preg\u00e3o ap\u00f3s o an\u00fancio &#8211; no m\u00eas a baixa \u00e9 de 7,5%. O mercado agora aguarda o desdobramento dessa poss\u00edvel concorr\u00eancia e suas implica\u00e7\u00f5es para o cen\u00e1rio financeiro brasileiro.<\/p>\n\n\n\n<h2 class=\"wp-block-heading\">Lucro da B3 cai 8,8% no 4T23<\/h2>\n\n\n\n<p>No quarto trimestre do ano passado (4T23), a<strong>&nbsp;<\/strong>B3 registrou uma queda de 8,8% no lucro, que totalizou R$ 915,5 milh\u00f5es. Fatores como a redu\u00e7\u00e3o da receita e o aumento das despesas, especialmente relacionadas ao processamento de dados, contribu\u00edram para esse resultado, conforme balan\u00e7o da empresa.<\/p>\n\n\n\n<p>A receita da&nbsp;<strong>operadora da bolsa<\/strong>&nbsp;caiu 2,8%, alcan\u00e7ando R$ 2,24 bilh\u00f5es, refletindo uma movimenta\u00e7\u00e3o mais fraca no mercado acion\u00e1rio, que impactou negativamente o segmento listado.<\/p>\n\n\n\n<p>Esse segmento, que corresponde a quase 57% da&nbsp;<a href=\"https:\/\/www.suno.com.br\/artigos\/receita-total\/\" target=\"_blank\" rel=\"noreferrer noopener\">receita total<\/a>&nbsp;da&nbsp;<strong>B3<\/strong>, engloba n\u00e3o apenas a\u00e7\u00f5es, mas tamb\u00e9m instrumentos de renda vari\u00e1vel, juros, moedas e mercadorias. A queda de 13,5% na receita desse segmento n\u00e3o p\u00f4de ser compensada pelo aumento na receita de outros segmentos de atua\u00e7\u00e3o, como balc\u00e3o e tecnologia, dados e servi\u00e7os.<\/p>\n\n\n\t<p>\n\t\t<a href=\"https:\/\/lp.suno.com.br\/planilha-da-vida-financeira\/\" target=\"_blank\" data-element=\"shortcode-suno-banner\" title=\"Banner SUNO, clique e saiba mais\">\n\t\t\t<picture>\n\t\t\t\t<source media=\"(max-width: 500px)\" srcset=\"https:\/\/files.sunoresearch.com.br\/n\/uploads\/2023\/04\/400x300-Planilha-vida-financeira-true.png\">\n\t\t\t\t<img class=\"newsContent__article__imgCapa newsContent__article__imgCapa--banner\"\n\t\t\t\t\tsrc=\"https:\/\/files.sunoresearch.com.br\/n\/uploads\/2023\/04\/1420x240-Planilha-vida-financeira-true.png\"\n\t\t\t\t\tdata-promo-id=\"383123\"\t\t\t\t\t\t\t\t\t\twidth='1420' height='240'\t\t\t\t\talt=\"https:\/\/files.sunoresearch.com.br\/n\/uploads\/2023\/04\/1420x240-Planilha-vida-financeira-true.png\"\n\t\t\t\t>\n\t\t\t<\/picture>\n\t\t<\/a>\n\t<\/p>\n\n\n","protected":false},"excerpt":{"rendered":"<p>O BB Investimentos (BB-BI) reduziu o pre\u00e7o-alvo das a\u00e7\u00f5es da B3&nbsp;(B3SA3), empresa respons\u00e1vel pela administra\u00e7\u00e3o da Bolsa de Valores brasileira, de R$ 15,60 para R$ 14,60 (com a\u00e7\u00f5es negociadas hoje a R$ 11). A revis\u00e3o foi divulgada pelo banco ao mercado nesta ter\u00e7a-feira (23). IPOs. Foto: Reprodu\u00e7\u00e3o\/B3 O BB-BI diz que essa decis\u00e3o de baixar [&hellip;]<\/p>\n","protected":false},"author":345,"featured_media":433237,"comment_status":"closed","ping_status":"closed","sticky":false,"template":"","format":"standard","meta":[],"categories":[64],"tags":[286,367],"suno_strategy":[],"class_list":["post-547101","post","type-post","status-publish","format-standard","has-post-thumbnail","hentry","category-negocios","tag-acoes","tag-b3-b3sa3"],"yoast_head":"<!-- This site is optimized with the Yoast SEO plugin v24.4 - https:\/\/yoast.com\/wordpress\/plugins\/seo\/ -->\n<title>B3 (B3SA3): banco revisa pre\u00e7o-alvo das a\u00e7\u00f5es; veja o valor<\/title>\n<meta name=\"description\" content=\"O BB-BI diz que essa decis\u00e3o foi motivada por um conjunto de fatores que t\u00eam impactado o desempenho da companhia nos \u00faltimos meses.\" \/>\n<meta name=\"robots\" content=\"index, follow, max-snippet:-1, max-image-preview:large, max-video-preview:-1\" \/>\n<link rel=\"canonical\" href=\"https:\/\/www.suno.com.br\/noticias\/b3-b3sa3-banco-revisa-preco-alvo-mm\/\" \/>\n<meta property=\"og:locale\" content=\"pt_BR\" \/>\n<meta property=\"og:type\" content=\"article\" \/>\n<meta property=\"og:title\" content=\"B3 (B3SA3): banco revisa pre\u00e7o-alvo das a\u00e7\u00f5es; veja o valor\" \/>\n<meta property=\"og:description\" content=\"O BB-BI diz que essa decis\u00e3o foi motivada por um conjunto de fatores que t\u00eam impactado o desempenho da companhia nos \u00faltimos meses.\" \/>\n<meta property=\"og:url\" content=\"https:\/\/www.suno.com.br\/noticias\/b3-b3sa3-banco-revisa-preco-alvo-mm\/\" \/>\n<meta property=\"og:site_name\" content=\"Suno Not\u00edcias\" \/>\n<meta property=\"article:publisher\" content=\"https:\/\/facebook.com\/sunoresearch\" \/>\n<meta property=\"og:image\" content=\"https:\/\/files.sunoresearch.com.br\/n\/uploads\/2023\/07\/cvm-b3-educacao-educacao-financeira.jpg\" \/>\n\t<meta property=\"og:image:width\" content=\"1200\" \/>\n\t<meta property=\"og:image:height\" content=\"800\" \/>\n\t<meta property=\"og:image:type\" content=\"image\/jpeg\" \/>\n<meta name=\"author\" content=\"Murilo Melo\" \/>\n<meta name=\"twitter:card\" content=\"summary_large_image\" \/>\n<meta name=\"twitter:creator\" content=\"@sunoresearch\" \/>\n<meta name=\"twitter:site\" content=\"@sunoresearch\" \/>\n<meta name=\"twitter:label1\" content=\"Escrito por\" \/>\n\t<meta name=\"twitter:data1\" content=\"Murilo Melo\" \/>\n\t<meta name=\"twitter:label2\" content=\"Est. tempo de leitura\" \/>\n\t<meta name=\"twitter:data2\" content=\"7 minutos\" \/>\n<script type=\"application\/ld+json\" class=\"yoast-schema-graph\">{\"@context\":\"https:\/\/schema.org\",\"@graph\":[{\"@type\":\"NewsArticle\",\"@id\":\"https:\/\/www.suno.com.br\/noticias\/b3-b3sa3-banco-revisa-preco-alvo-mm\/#article\",\"isPartOf\":{\"@id\":\"https:\/\/www.suno.com.br\/noticias\/b3-b3sa3-banco-revisa-preco-alvo-mm\/\"},\"author\":{\"name\":\"Murilo Melo\",\"@id\":\"https:\/\/www.suno.com.br\/noticias\/#\/schema\/person\/32d4feb215afe4b317d446bb442400dd\"},\"headline\":\"Banco corta pre\u00e7o-alvo das a\u00e7\u00f5es da B3 (B3SA3) ap\u00f3s desempenho da Bolsa\",\"datePublished\":\"2024-04-23T23:44:44+00:00\",\"dateModified\":\"2024-04-24T01:23:37+00:00\",\"mainEntityOfPage\":{\"@id\":\"https:\/\/www.suno.com.br\/noticias\/b3-b3sa3-banco-revisa-preco-alvo-mm\/\"},\"wordCount\":1333,\"publisher\":{\"@id\":\"https:\/\/www.suno.com.br\/noticias\/#organization\"},\"image\":{\"@id\":\"https:\/\/www.suno.com.br\/noticias\/b3-b3sa3-banco-revisa-preco-alvo-mm\/#primaryimage\"},\"thumbnailUrl\":\"https:\/\/files.sunoresearch.com.br\/n\/uploads\/2023\/07\/cvm-b3-educacao-educacao-financeira.jpg\",\"keywords\":[\"A\u00e7\u00f5es\",\"B3 (B3SA3)\"],\"articleSection\":[\"Neg\u00f3cios\"],\"inLanguage\":\"pt-BR\"},{\"@type\":\"WebPage\",\"@id\":\"https:\/\/www.suno.com.br\/noticias\/b3-b3sa3-banco-revisa-preco-alvo-mm\/\",\"url\":\"https:\/\/www.suno.com.br\/noticias\/b3-b3sa3-banco-revisa-preco-alvo-mm\/\",\"name\":\"B3 (B3SA3): banco revisa pre\u00e7o-alvo das a\u00e7\u00f5es; veja o valor\",\"isPartOf\":{\"@id\":\"https:\/\/www.suno.com.br\/noticias\/#website\"},\"primaryImageOfPage\":{\"@id\":\"https:\/\/www.suno.com.br\/noticias\/b3-b3sa3-banco-revisa-preco-alvo-mm\/#primaryimage\"},\"image\":{\"@id\":\"https:\/\/www.suno.com.br\/noticias\/b3-b3sa3-banco-revisa-preco-alvo-mm\/#primaryimage\"},\"thumbnailUrl\":\"https:\/\/files.sunoresearch.com.br\/n\/uploads\/2023\/07\/cvm-b3-educacao-educacao-financeira.jpg\",\"datePublished\":\"2024-04-23T23:44:44+00:00\",\"dateModified\":\"2024-04-24T01:23:37+00:00\",\"description\":\"O BB-BI diz que essa decis\u00e3o foi motivada por um conjunto de fatores que t\u00eam impactado o desempenho da companhia nos \u00faltimos meses.\",\"breadcrumb\":{\"@id\":\"https:\/\/www.suno.com.br\/noticias\/b3-b3sa3-banco-revisa-preco-alvo-mm\/#breadcrumb\"},\"inLanguage\":\"pt-BR\",\"potentialAction\":[{\"@type\":\"ReadAction\",\"target\":[\"https:\/\/www.suno.com.br\/noticias\/b3-b3sa3-banco-revisa-preco-alvo-mm\/\"]}]},{\"@type\":\"ImageObject\",\"inLanguage\":\"pt-BR\",\"@id\":\"https:\/\/www.suno.com.br\/noticias\/b3-b3sa3-banco-revisa-preco-alvo-mm\/#primaryimage\",\"url\":\"https:\/\/files.sunoresearch.com.br\/n\/uploads\/2023\/07\/cvm-b3-educacao-educacao-financeira.jpg\",\"contentUrl\":\"https:\/\/files.sunoresearch.com.br\/n\/uploads\/2023\/07\/cvm-b3-educacao-educacao-financeira.jpg\",\"width\":1200,\"height\":800,\"caption\":\"IPOs. Foto: Reprodu\u00e7\u00e3o\/B3\"},{\"@type\":\"BreadcrumbList\",\"@id\":\"https:\/\/www.suno.com.br\/noticias\/b3-b3sa3-banco-revisa-preco-alvo-mm\/#breadcrumb\",\"itemListElement\":[{\"@type\":\"ListItem\",\"position\":1,\"name\":\"Not\u00edcias\",\"item\":\"https:\/\/www.suno.com.br\/noticias\/\"},{\"@type\":\"ListItem\",\"position\":2,\"name\":\"Neg\u00f3cios\",\"item\":\"https:\/\/www.suno.com.br\/noticias\/negocios\/\"},{\"@type\":\"ListItem\",\"position\":3,\"name\":\"Banco corta pre\u00e7o-alvo das a\u00e7\u00f5es da B3 (B3SA3) ap\u00f3s desempenho da Bolsa\"}]},{\"@type\":\"WebSite\",\"@id\":\"https:\/\/www.suno.com.br\/noticias\/#website\",\"url\":\"https:\/\/www.suno.com.br\/noticias\/\",\"name\":\"Suno Not\u00edcias\",\"description\":\"Seu portal de informa\u00e7\u00e3o sobre o mundo dos investimentos\",\"publisher\":{\"@id\":\"https:\/\/www.suno.com.br\/noticias\/#organization\"},\"potentialAction\":[{\"@type\":\"SearchAction\",\"target\":{\"@type\":\"EntryPoint\",\"urlTemplate\":\"https:\/\/www.suno.com.br\/noticias\/?s={search_term_string}\"},\"query-input\":{\"@type\":\"PropertyValueSpecification\",\"valueRequired\":true,\"valueName\":\"search_term_string\"}}],\"inLanguage\":\"pt-BR\"},{\"@type\":\"Organization\",\"@id\":\"https:\/\/www.suno.com.br\/noticias\/#organization\",\"name\":\"Suno Not\u00edcias\",\"url\":\"https:\/\/www.suno.com.br\/noticias\/\",\"logo\":{\"@type\":\"ImageObject\",\"inLanguage\":\"pt-BR\",\"@id\":\"https:\/\/www.suno.com.br\/noticias\/#\/schema\/logo\/image\/\",\"url\":\"https:\/\/files.sunoresearch.com.br\/n\/uploads\/2021\/09\/suno-logo.png\",\"contentUrl\":\"https:\/\/files.sunoresearch.com.br\/n\/uploads\/2021\/09\/suno-logo.png\",\"width\":180,\"height\":180,\"caption\":\"Suno Not\u00edcias\"},\"image\":{\"@id\":\"https:\/\/www.suno.com.br\/noticias\/#\/schema\/logo\/image\/\"},\"sameAs\":[\"https:\/\/facebook.com\/sunoresearch\",\"https:\/\/x.com\/sunoresearch\",\"https:\/\/www.instagram.com\/suno\",\"https:\/\/www.linkedin.com\/company\/suno-research\/\",\"https:\/\/www.youtube.com\/c\/sunoresearch\"]},{\"@type\":\"Person\",\"@id\":\"https:\/\/www.suno.com.br\/noticias\/#\/schema\/person\/32d4feb215afe4b317d446bb442400dd\",\"name\":\"Murilo Melo\",\"image\":{\"@type\":\"ImageObject\",\"inLanguage\":\"pt-BR\",\"@id\":\"https:\/\/www.suno.com.br\/noticias\/#\/schema\/person\/image\/\",\"url\":\"https:\/\/secure.gravatar.com\/avatar\/af7a693198b592028493c0e8b0583d4f?s=96&r=g\",\"contentUrl\":\"https:\/\/secure.gravatar.com\/avatar\/af7a693198b592028493c0e8b0583d4f?s=96&r=g\",\"caption\":\"Murilo Melo\"},\"description\":\"\u00c9 um jornalista e letr\u00f3logo com vasta experi\u00eancia em economia, finan\u00e7as e mercado. J\u00e1 foi rep\u00f3rter de jornais, revistas e sites noticiosos como A Tarde, Correio e Folha de S.Paulo. No Suno Not\u00edcias, escreve sobre neg\u00f3cios\",\"url\":\"https:\/\/www.suno.com.br\/noticias\/author\/murilomelo-jornalismogmail-com\/\"}]}<\/script>\n<!-- \/ Yoast SEO plugin. -->","yoast_head_json":{"title":"B3 (B3SA3): banco revisa pre\u00e7o-alvo das a\u00e7\u00f5es; veja o valor","description":"O BB-BI diz que essa decis\u00e3o foi motivada por um conjunto de fatores que t\u00eam impactado o desempenho da companhia nos \u00faltimos meses.","robots":{"index":"index","follow":"follow","max-snippet":"max-snippet:-1","max-image-preview":"max-image-preview:large","max-video-preview":"max-video-preview:-1"},"canonical":"https:\/\/www.suno.com.br\/noticias\/b3-b3sa3-banco-revisa-preco-alvo-mm\/","og_locale":"pt_BR","og_type":"article","og_title":"B3 (B3SA3): banco revisa pre\u00e7o-alvo das a\u00e7\u00f5es; veja o valor","og_description":"O BB-BI diz que essa decis\u00e3o foi motivada por um conjunto de fatores que t\u00eam impactado o desempenho da companhia nos \u00faltimos meses.","og_url":"https:\/\/www.suno.com.br\/noticias\/b3-b3sa3-banco-revisa-preco-alvo-mm\/","og_site_name":"Suno Not\u00edcias","article_publisher":"https:\/\/facebook.com\/sunoresearch","og_image":[{"width":1200,"height":800,"url":"https:\/\/files.sunoresearch.com.br\/n\/uploads\/2023\/07\/cvm-b3-educacao-educacao-financeira.jpg","type":"image\/jpeg"}],"author":"Murilo Melo","twitter_card":"summary_large_image","twitter_creator":"@sunoresearch","twitter_site":"@sunoresearch","twitter_misc":{"Escrito por":"Murilo Melo","Est. tempo de leitura":"7 minutos"},"schema":{"@context":"https:\/\/schema.org","@graph":[{"@type":"NewsArticle","@id":"https:\/\/www.suno.com.br\/noticias\/b3-b3sa3-banco-revisa-preco-alvo-mm\/#article","isPartOf":{"@id":"https:\/\/www.suno.com.br\/noticias\/b3-b3sa3-banco-revisa-preco-alvo-mm\/"},"author":{"name":"Murilo Melo","@id":"https:\/\/www.suno.com.br\/noticias\/#\/schema\/person\/32d4feb215afe4b317d446bb442400dd"},"headline":"Banco corta pre\u00e7o-alvo das a\u00e7\u00f5es da B3 (B3SA3) ap\u00f3s desempenho da Bolsa","datePublished":"2024-04-23T23:44:44+00:00","dateModified":"2024-04-24T01:23:37+00:00","mainEntityOfPage":{"@id":"https:\/\/www.suno.com.br\/noticias\/b3-b3sa3-banco-revisa-preco-alvo-mm\/"},"wordCount":1333,"publisher":{"@id":"https:\/\/www.suno.com.br\/noticias\/#organization"},"image":{"@id":"https:\/\/www.suno.com.br\/noticias\/b3-b3sa3-banco-revisa-preco-alvo-mm\/#primaryimage"},"thumbnailUrl":"https:\/\/files.sunoresearch.com.br\/n\/uploads\/2023\/07\/cvm-b3-educacao-educacao-financeira.jpg","keywords":["A\u00e7\u00f5es","B3 (B3SA3)"],"articleSection":["Neg\u00f3cios"],"inLanguage":"pt-BR"},{"@type":"WebPage","@id":"https:\/\/www.suno.com.br\/noticias\/b3-b3sa3-banco-revisa-preco-alvo-mm\/","url":"https:\/\/www.suno.com.br\/noticias\/b3-b3sa3-banco-revisa-preco-alvo-mm\/","name":"B3 (B3SA3): banco revisa pre\u00e7o-alvo das a\u00e7\u00f5es; veja o valor","isPartOf":{"@id":"https:\/\/www.suno.com.br\/noticias\/#website"},"primaryImageOfPage":{"@id":"https:\/\/www.suno.com.br\/noticias\/b3-b3sa3-banco-revisa-preco-alvo-mm\/#primaryimage"},"image":{"@id":"https:\/\/www.suno.com.br\/noticias\/b3-b3sa3-banco-revisa-preco-alvo-mm\/#primaryimage"},"thumbnailUrl":"https:\/\/files.sunoresearch.com.br\/n\/uploads\/2023\/07\/cvm-b3-educacao-educacao-financeira.jpg","datePublished":"2024-04-23T23:44:44+00:00","dateModified":"2024-04-24T01:23:37+00:00","description":"O BB-BI diz que essa decis\u00e3o foi motivada por um conjunto de fatores que t\u00eam impactado o desempenho da companhia nos \u00faltimos meses.","breadcrumb":{"@id":"https:\/\/www.suno.com.br\/noticias\/b3-b3sa3-banco-revisa-preco-alvo-mm\/#breadcrumb"},"inLanguage":"pt-BR","potentialAction":[{"@type":"ReadAction","target":["https:\/\/www.suno.com.br\/noticias\/b3-b3sa3-banco-revisa-preco-alvo-mm\/"]}]},{"@type":"ImageObject","inLanguage":"pt-BR","@id":"https:\/\/www.suno.com.br\/noticias\/b3-b3sa3-banco-revisa-preco-alvo-mm\/#primaryimage","url":"https:\/\/files.sunoresearch.com.br\/n\/uploads\/2023\/07\/cvm-b3-educacao-educacao-financeira.jpg","contentUrl":"https:\/\/files.sunoresearch.com.br\/n\/uploads\/2023\/07\/cvm-b3-educacao-educacao-financeira.jpg","width":1200,"height":800,"caption":"IPOs. Foto: Reprodu\u00e7\u00e3o\/B3"},{"@type":"BreadcrumbList","@id":"https:\/\/www.suno.com.br\/noticias\/b3-b3sa3-banco-revisa-preco-alvo-mm\/#breadcrumb","itemListElement":[{"@type":"ListItem","position":1,"name":"Not\u00edcias","item":"https:\/\/www.suno.com.br\/noticias\/"},{"@type":"ListItem","position":2,"name":"Neg\u00f3cios","item":"https:\/\/www.suno.com.br\/noticias\/negocios\/"},{"@type":"ListItem","position":3,"name":"Banco corta pre\u00e7o-alvo das a\u00e7\u00f5es da B3 (B3SA3) ap\u00f3s desempenho da Bolsa"}]},{"@type":"WebSite","@id":"https:\/\/www.suno.com.br\/noticias\/#website","url":"https:\/\/www.suno.com.br\/noticias\/","name":"Suno Not\u00edcias","description":"Seu portal de informa\u00e7\u00e3o sobre o mundo dos investimentos","publisher":{"@id":"https:\/\/www.suno.com.br\/noticias\/#organization"},"potentialAction":[{"@type":"SearchAction","target":{"@type":"EntryPoint","urlTemplate":"https:\/\/www.suno.com.br\/noticias\/?s={search_term_string}"},"query-input":{"@type":"PropertyValueSpecification","valueRequired":true,"valueName":"search_term_string"}}],"inLanguage":"pt-BR"},{"@type":"Organization","@id":"https:\/\/www.suno.com.br\/noticias\/#organization","name":"Suno Not\u00edcias","url":"https:\/\/www.suno.com.br\/noticias\/","logo":{"@type":"ImageObject","inLanguage":"pt-BR","@id":"https:\/\/www.suno.com.br\/noticias\/#\/schema\/logo\/image\/","url":"https:\/\/files.sunoresearch.com.br\/n\/uploads\/2021\/09\/suno-logo.png","contentUrl":"https:\/\/files.sunoresearch.com.br\/n\/uploads\/2021\/09\/suno-logo.png","width":180,"height":180,"caption":"Suno Not\u00edcias"},"image":{"@id":"https:\/\/www.suno.com.br\/noticias\/#\/schema\/logo\/image\/"},"sameAs":["https:\/\/facebook.com\/sunoresearch","https:\/\/x.com\/sunoresearch","https:\/\/www.instagram.com\/suno","https:\/\/www.linkedin.com\/company\/suno-research\/","https:\/\/www.youtube.com\/c\/sunoresearch"]},{"@type":"Person","@id":"https:\/\/www.suno.com.br\/noticias\/#\/schema\/person\/32d4feb215afe4b317d446bb442400dd","name":"Murilo Melo","image":{"@type":"ImageObject","inLanguage":"pt-BR","@id":"https:\/\/www.suno.com.br\/noticias\/#\/schema\/person\/image\/","url":"https:\/\/secure.gravatar.com\/avatar\/af7a693198b592028493c0e8b0583d4f?s=96&r=g","contentUrl":"https:\/\/secure.gravatar.com\/avatar\/af7a693198b592028493c0e8b0583d4f?s=96&r=g","caption":"Murilo Melo"},"description":"\u00c9 um jornalista e letr\u00f3logo com vasta experi\u00eancia em economia, finan\u00e7as e mercado. J\u00e1 foi rep\u00f3rter de jornais, revistas e sites noticiosos como A Tarde, Correio e Folha de S.Paulo. No Suno Not\u00edcias, escreve sobre neg\u00f3cios","url":"https:\/\/www.suno.com.br\/noticias\/author\/murilomelo-jornalismogmail-com\/"}]}},"default_loop_html":"<div class=\"cardsPage__listCard__boxs\"><div class=\"cardsPage__listCard__boxs__img\"><a href=\"https:\/\/www.suno.com.br\/noticias\/b3-b3sa3-banco-revisa-preco-alvo-mm\/\"><img class=\"mask\" src=\"https:\/\/www.suno.com.br\/noticias\/wp-content\/themes\/suno\/resources\/images\/spotlight\/spotlight1img\/bg-mask.png\" alt=\"Image Mask\"\/><img src=\"https:\/\/files.sunoresearch.com.br\/n\/uploads\/2023\/07\/cvm-b3-educacao-educacao-financeira-400x200.jpg\" alt=\"Banco corta pre\u00e7o-alvo das a\u00e7\u00f5es da B3 (B3SA3) ap\u00f3s desempenho da Bolsa\"\/><\/a><span class=\"spotlightCategory\"><a href=\"https:\/\/www.suno.com.br\/noticias\/negocios\/\">Neg\u00f3cios<\/a><\/span><\/div><div class=\"cardsPage__listCard__boxs__content\"><a href=\"https:\/\/www.suno.com.br\/noticias\/b3-b3sa3-banco-revisa-preco-alvo-mm\/\"><h2 class=\"content__title\">Banco corta pre\u00e7o-alvo das a\u00e7\u00f5es da B3 (B3SA3) ap\u00f3s desempenho da Bolsa<\/h2><\/a><div class=\"newsContent__article__meta\"><div class=\"newsContent__article__meta__authorBox\"><a href=\"https:\/\/www.suno.com.br\/noticias\/author\/murilomelo-jornalismogmail-com\/\" class=\"authorBox__avatar noMobi\"><img src=\"https:\/\/files.sunoresearch.com.br\/n\/uploads\/2024\/02\/Murilo_Melo_Jornalista-e1708476456132-150x150.jpeg\" alt=\"Murilo Melo\"><\/a><div class=\"authorBox__name\"><span>por\n\t\t\t<a href=\"https:\/\/www.suno.com.br\/noticias\/author\/murilomelo-jornalismogmail-com\/\"><span itemprop=\"author\">Murilo Melo<\/span><\/a><\/span><time datetime=\"2024-04-23T20:44:44-03:00\" itemprop=\"datePublished\">23\/04\/2024 20:44<\/time><\/div><\/div><\/div><\/div><\/div>","single_layout":"posts","amp_enabled":true,"_links":{"self":[{"href":"https:\/\/www.suno.com.br\/noticias\/wp-json\/wp\/v2\/posts\/547101"}],"collection":[{"href":"https:\/\/www.suno.com.br\/noticias\/wp-json\/wp\/v2\/posts"}],"about":[{"href":"https:\/\/www.suno.com.br\/noticias\/wp-json\/wp\/v2\/types\/post"}],"author":[{"embeddable":true,"href":"https:\/\/www.suno.com.br\/noticias\/wp-json\/wp\/v2\/users\/345"}],"replies":[{"embeddable":true,"href":"https:\/\/www.suno.com.br\/noticias\/wp-json\/wp\/v2\/comments?post=547101"}],"version-history":[{"count":3,"href":"https:\/\/www.suno.com.br\/noticias\/wp-json\/wp\/v2\/posts\/547101\/revisions"}],"predecessor-version":[{"id":547157,"href":"https:\/\/www.suno.com.br\/noticias\/wp-json\/wp\/v2\/posts\/547101\/revisions\/547157"}],"wp:featuredmedia":[{"embeddable":true,"href":"https:\/\/www.suno.com.br\/noticias\/wp-json\/wp\/v2\/media\/433237"}],"wp:attachment":[{"href":"https:\/\/www.suno.com.br\/noticias\/wp-json\/wp\/v2\/media?parent=547101"}],"wp:term":[{"taxonomy":"category","embeddable":true,"href":"https:\/\/www.suno.com.br\/noticias\/wp-json\/wp\/v2\/categories?post=547101"},{"taxonomy":"post_tag","embeddable":true,"href":"https:\/\/www.suno.com.br\/noticias\/wp-json\/wp\/v2\/tags?post=547101"},{"taxonomy":"suno_strategy","embeddable":true,"href":"https:\/\/www.suno.com.br\/noticias\/wp-json\/wp\/v2\/suno_strategy?post=547101"}],"curies":[{"name":"wp","href":"https:\/\/api.w.org\/{rel}","templated":true}]}}