{"id":546973,"date":"2024-04-23T16:12:39","date_gmt":"2024-04-23T19:12:39","guid":{"rendered":"https:\/\/www.suno.com.br\/noticias\/?p=546973"},"modified":"2024-04-23T16:12:46","modified_gmt":"2024-04-23T19:12:46","slug":"arezzo-arrz3-grupo-soma-soma3-citi-recomenda-compra-va","status":"publish","type":"post","link":"https:\/\/www.suno.com.br\/noticias\/arezzo-arrz3-grupo-soma-soma3-citi-recomenda-compra-va\/","title":{"rendered":"Arezzo (ARRZ3) e Grupo Soma (SOMA3): Citi reitera compra, mas reduz pre\u00e7o-alvo das a\u00e7\u00f5es; entenda os motivos"},"content":{"rendered":"<p>O Citi reiterou recomenda\u00e7\u00e3o de compra para a <strong>Arezzo <\/strong>(ARZZ3) e <a class=\"suno-keyword\" data-force=\"yes\" data-priority=\"2\" href=\"https:\/\/www.suno.com.br\/acoes\/SOMA3\/\" target=\"_blank\" rel=\"noopener\">Grupo Soma (SOMA3)<\/a> antes dos resultados do primeiro trimestre de 2024 (1T24). Segundo o banco, a fus\u00e3o est\u00e1 pr\u00f3xima de ser conclu\u00edda e ambas as a\u00e7\u00f5es est\u00e3o sendo negociadas com assimetria positiva.\u00a0<\/p>\t<div class=\"wrapper-featured-image\">\n\t\t<figure class=\"spotlightImg\">\n\n\t\t\t<picture>\n\t\t\t\t<source media=\"(max-width: 768px)\" srcset=\"https:\/\/files.sunoresearch.com.br\/n\/uploads\/2020\/10\/ce1383b1-5d3a105f3f79e-400x200.webp\">\n\t\t\t\t<img loading=\"lazy\" decoding=\"async\" class=\"newsContent__article__imgCapa lazyloadDisabled \" src=\"https:\/\/files.sunoresearch.com.br\/n\/uploads\/2020\/10\/ce1383b1-5d3a105f3f79e-800x450.webp\" width=\"800\" height=\"450\" alt=\"Arezzo (ARRZ3) e Grupo Soma (SOMA3): Citi reitera compra, mas reduz pre\u00e7o-alvo das a\u00e7\u00f5es; entenda os motivos\" fetchpriority=high \/>\n\t\t\t<\/picture>\n\n\t\t\t<figcaption class=\"wp-caption-text wp-caption-text--show\"> Arezzo (ARZZ3)<\/figcaption>\n\t\t<\/figure>\n\t<\/div>\n\n\n\n\n\n\t<p>\n\t\t<a href=\"https:\/\/lp.suno.com.br\/planilha-da-vida-financeira\/\" target=\"_blank\" data-element=\"shortcode-suno-banner\" title=\"Banner SUNO, clique e saiba mais\">\n\t\t\t<picture>\n\t\t\t\t<source media=\"(max-width: 500px)\" srcset=\"https:\/\/files.sunoresearch.com.br\/n\/uploads\/2023\/04\/400x300-Planilha-vida-financeira-true.png\">\n\t\t\t\t<img class=\"newsContent__article__imgCapa newsContent__article__imgCapa--banner\"\n\t\t\t\t\tsrc=\"https:\/\/files.sunoresearch.com.br\/n\/uploads\/2023\/04\/1420x240-Planilha-vida-financeira-true.png\"\n\t\t\t\t\tdata-promo-id=\"106682\"\t\t\t\t\t\t\t\t\t\twidth='1420' height='240'\t\t\t\t\talt=\"https:\/\/files.sunoresearch.com.br\/n\/uploads\/2023\/04\/1420x240-Planilha-vida-financeira-true.png\"\n\t\t\t\t>\n\t\t\t<\/picture>\n\t\t<\/a>\n\t<\/p>\n\n\n\n\n\n<p>No entanto, ajustando-se \u00e0 expectativa de uma empresa combinada e em resposta a condi\u00e7\u00f5es desafiadoras no <a class=\"suno-keyword\" data-force=\"no\" data-priority=\"1\" href=\"https:\/\/www.suno.com.br\/artigos\/curto-prazo\/\" target=\"_blank\" rel=\"noopener\">curto prazo<\/a>, a casa cortou os pre\u00e7os-alvos das a\u00e7\u00f5es.<\/p>\n\n\n\n<p>A nova proje\u00e7\u00e3o de pre\u00e7o para as <strong>a\u00e7\u00f5es da Arezzo <\/strong>(<strong>ARZZ3<\/strong>) \u00e9 de R$ 72, abaixo dos R$ 84 anteriores, o que representa um potencial de valoriza\u00e7\u00e3o de 35%. Para o<strong> Grupo Soma<\/strong> (<strong>SOMA3<\/strong>), o novo pre\u00e7o-alvo \u00e9 de R$ 8,70, ante os R$ 9,50 anteriores, implicando um potencial de alta de 38% em rela\u00e7\u00e3o ao \u00faltimo <a class=\"suno-keyword\" data-force=\"no\" data-priority=\"1\" href=\"https:\/\/www.suno.com.br\/artigos\/fechamento-do-mercado\/\" target=\"_blank\" rel=\"noopener\">fechamento do mercado<\/a>.<\/p>\n\n\n\n<p>&#8220;O risco de queda [dos pap\u00e9is] parece limitado, enquanto o potencial de valoriza\u00e7\u00e3o \u00e9 enorme nesses m\u00faltiplos&#8221;, afirma o Citi. O banco diz que o cen\u00e1rio desafiador que o setor t\u00eaxtil enfrentou neste come\u00e7o do ano j\u00e1 est\u00e1 refletido nos pre\u00e7os das a\u00e7\u00f5es.<\/p>\n\n\n\n<p>Sobre proje\u00e7\u00f5es futuras, o banco prev\u00ea que as companhias tendem a apresentar crescimento a partir do segundo trimestre (2T24), impulsionadas por sinergias operacionais e economias tribut\u00e1rias.<\/p>\n\n\n\n<p>Por fim, os analistas do Citi observam que o mercado est\u00e1 avaliando a nova marca resultante da uni\u00e3o entre Arezzo e Soma de forma conservadora, com suposi\u00e7\u00f5es como impostos mais altos, crescimento mais lento e falta de sinergias. <\/p>\n\n\n\n<p>No entanto, eles argumentam que a combina\u00e7\u00e3o das s\u00f3lidas trajet\u00f3rias e portf\u00f3lio premium das empresas justifica uma avalia\u00e7\u00e3o mais otimista, o que pode resultar em resultados mais s\u00f3lidos neste ano.<\/p>\n\n\n\n<h2 class=\"wp-block-heading\">Arezzo e Grupo Soma: empresas perdem R$ 2,5 bi em valor de mercado<\/h2>\n\n\n\n<p>Dois meses ap\u00f3s o an\u00fancio da fus\u00e3o entre&nbsp;Arezzo&nbsp;e&nbsp;Grupo Soma anunciada em 31 de janeiro, as empresas v\u00eam enfrentando dificuldades em convencer investidores dos ganhos do neg\u00f3cio do que em cravar a tend\u00eancia da pr\u00f3xima esta\u00e7\u00e3o, segundo a coluna do Broadcast\/Estad\u00e3o.<\/p>\n\n\n\n<p>\u00c0 \u00e9poca do an\u00fancio, lembra a publica\u00e7\u00e3o, a Arezzo avalia R$ 6,97 bilh\u00f5es, enquanto o\u00a0valor de mercado do Grupo Soma\u00a0era de R$ 6,05 bilh\u00f5es. Atualmente, a Arezzo vale R$ 5,7 bilh\u00f5es \u2013 mesmo tendo se tornado uma empresa bem maior \u2013 enquanto o Grupo Soma, incorporado, perdeu quase 20% de seu\u00a0<a href=\"https:\/\/www.suno.com.br\/artigos\/valor-de-mercado\/\">valor de mercado<\/a>\u00a0e vale R$ 4,85 bilh\u00f5es.<\/p>\n\n\n\n<p>Entre os motivos, diz o Broadcast, est\u00e3o d\u00favidas quanto \u00e0 capacidade de integra\u00e7\u00e3o das companhias, questionamentos sobre a sa\u00fade da opera\u00e7\u00e3o da\u00a0Hering\u00a0(comprada pelo Soma em 2021) e o endividamento da empresa.<\/p>\n\n\n\n<p>Vale lembrar que o\u00a0Grupo Soma\u00a0adquiriu a Hering h\u00e1 quase tr\u00eas anos. Em abril de 2021, a companhia pagou R$ 5,1 bilh\u00f5es pela concorrente, com o objetivo de formar o que \u00e9 chamado de \u201chouse of brands\u201d e se tornar uma grande gestora de marcas desejadas pelos consumidores \u2013 desde ent\u00e3o, o\u00a0valor de mercado do Soma\u00a0caiu quase 60%, ressalta a coluna.<\/p>\n\n\n\n<p>A Arezzo tamb\u00e9m tentou adquirir a Hering 11 dias antes do Grupo Soma, por R$ 3,2 bilh\u00f5es.<\/p>\n\n\n\n\t<div data-element=\"shortcode-read-more\" class=\"readToo\">\n\t\t\t\t<span class=\"readToo__title\">Leia mais<\/span>\n\t\t\t\t<ul class=\"readToo__list\">\n\t\t\t<li><a href=\"https:\/\/www.suno.com.br\/noticias\/marisa-amar3-usiminas-usim5-destaques-va\/\">Marisa (AMAR3), Usiminas (USIM5) e Light (LIGT3) movem o mercado nesta ter\u00e7a-feira; veja mais destaques<\/a><\/li><li><a href=\"https:\/\/www.suno.com.br\/noticias\/arezzo-arzz3-grupo-soma-soma3-cade-aprova-gpj\/\">Arezzo (ARZZ3) e Grupo Soma (SOMA3): fus\u00e3o \u00e9 aprovada pelo Cade; saiba mais<\/a><\/li>\t\t<\/ul>\n\t<\/div>\n\n\n\n\n<h2 class=\"wp-block-heading\">Fus\u00e3o vai desbloquear valor e impulsionar a\u00e7\u00f5es em 40%<\/h2>\n\n\n\n<p>Em relat\u00f3rio recente, o Ita\u00fa BBA atualizou as suas estimativas para\u00a0<strong>Arezzo e Grupo Soma<\/strong>, avaliando que a fus\u00e3o entre as duas empresas tende a desbloquear valor em termos de sinergias.<\/p>\n\n\n\n<p>\u201cVemos um potencial significativo para desbloquear valor com o acordo em termos de sinergias, mas o potencial de valoriza\u00e7\u00e3o \u00e9 t\u00e3o alto nos pre\u00e7os atuais que nem precisamos considerar as sinergias para ver um P\/E de 11,3x para 2025\u201d, diz o BBA.<\/p>\n\n\n\n<p>Com base nessa an\u00e1lise, os especialistas estabeleceram um pre\u00e7o-alvo ambicioso para o final de 2024 de R$ 74 por a\u00e7\u00e3o para a Arezzo e R$ 9 por a\u00e7\u00e3o para o Grupo Soma, representando um potencial de valoriza\u00e7\u00e3o de 37% e 40%, respectivamente.<\/p>\n\n\n\n<p>No relat\u00f3rio, o BBA destacou as preocupa\u00e7\u00f5es dos investidores ap\u00f3s o an\u00fancio da fus\u00e3o, impulsionadas por tr\u00eas fatores principais. Em primeiro lugar, h\u00e1 a preocupa\u00e7\u00e3o sobre a complexidade da integra\u00e7\u00e3o M&amp;A, fundamentada em experi\u00eancias passadas no setor de varejo. Al\u00e9m disso, existe um ceticismo dos investidores em rela\u00e7\u00e3o ao potencial de venda cruzada entre as marcas envolvidas na fus\u00e3o. Por fim, o recente momento de lucro negativo no 1T24 tamb\u00e9m gera incerteza.<\/p>\n\n\n\n<p>Contudo, o BBA tem classifica\u00e7\u00e3o de outperform, equivalente \u00e0 compra, para as duas empresas do varejo.<\/p>\n\n\n\t<p>\n\t\t<a href=\"https:\/\/lp.suno.com.br\/ebook-como-analisar-uma-acao\/\" target=\"_blank\" data-element=\"shortcode-suno-banner\" title=\"Banner SUNO, clique e saiba mais\">\n\t\t\t<picture>\n\t\t\t\t<source media=\"(max-width: 500px)\" srcset=\"https:\/\/files.sunoresearch.com.br\/n\/uploads\/2023\/03\/Ebook-Acoes-Mobile.jpg\">\n\t\t\t\t<img class=\"newsContent__article__imgCapa newsContent__article__imgCapa--banner\"\n\t\t\t\t\tsrc=\"https:\/\/files.sunoresearch.com.br\/n\/uploads\/2023\/03\/Ebook-Acoes-Desktop.jpg\"\n\t\t\t\t\tdata-promo-id=\"378302\"\t\t\t\t\t\t\t\t\t\twidth='1420' height='286'\t\t\t\t\talt=\"https:\/\/files.sunoresearch.com.br\/n\/uploads\/2023\/03\/Ebook-Acoes-Desktop.jpg\"\n\t\t\t\t>\n\t\t\t<\/picture>\n\t\t<\/a>\n\t<\/p>\n\n\n\n\n\n<h2 class=\"wp-block-heading\">Cota\u00e7\u00e3o <\/h2>\n\n\n\n<p>Na tarde desta ter\u00e7a-feira (23), as a\u00e7\u00f5es da<strong> Arezzo<\/strong> caem 1,83%, cotada em R$ 52. Por sua vez, os pap\u00e9is do Grupo Soma t\u00eam queda de 2,23%, cotados em R$ 6,15. <\/p>\n\n\n\n\n\t<p>\n\t\t<a href=\"https:\/\/lp.suno.com.br\/planilha-da-vida-financeira\/\" target=\"_blank\" data-element=\"shortcode-suno-banner\" title=\"Banner SUNO, clique e saiba mais\">\n\t\t\t<picture>\n\t\t\t\t<source media=\"(max-width: 500px)\" srcset=\"https:\/\/files.sunoresearch.com.br\/n\/uploads\/2023\/04\/400x300-Planilha-vida-financeira-true.png\">\n\t\t\t\t<img class=\"newsContent__article__imgCapa newsContent__article__imgCapa--banner\"\n\t\t\t\t\tsrc=\"https:\/\/files.sunoresearch.com.br\/n\/uploads\/2023\/04\/1420x240-Planilha-vida-financeira-true.png\"\n\t\t\t\t\tdata-promo-id=\"383123\"\t\t\t\t\t\t\t\t\t\twidth='1420' height='240'\t\t\t\t\talt=\"https:\/\/files.sunoresearch.com.br\/n\/uploads\/2023\/04\/1420x240-Planilha-vida-financeira-true.png\"\n\t\t\t\t>\n\t\t\t<\/picture>\n\t\t<\/a>\n\t<\/p>\n\n\n","protected":false},"excerpt":{"rendered":"<p>O Citi reiterou recomenda\u00e7\u00e3o de compra para a Arezzo (ARZZ3) e Grupo Soma (SOMA3) antes dos resultados do primeiro trimestre de 2024 (1T24). Segundo o banco, a fus\u00e3o est\u00e1 pr\u00f3xima de ser conclu\u00edda e ambas as a\u00e7\u00f5es est\u00e3o sendo negociadas com assimetria positiva.\u00a0 Arezzo (ARZZ3) No entanto, ajustando-se \u00e0 expectativa de uma empresa combinada e [&hellip;]<\/p>\n","protected":false},"author":301,"featured_media":93986,"comment_status":"closed","ping_status":"closed","sticky":false,"template":"","format":"standard","meta":[],"categories":[64],"tags":[362,2686],"suno_strategy":[],"class_list":["post-546973","post","type-post","status-publish","format-standard","has-post-thumbnail","hentry","category-negocios","tag-arezzo-arzz3","tag-grupo-soma-soma3"],"yoast_head":"<!-- This site is optimized with the Yoast SEO plugin v24.4 - https:\/\/yoast.com\/wordpress\/plugins\/seo\/ -->\n<title>Arezzo (ARRZ3) e Grupo Soma (SOMA3): Citi corta alvo; entenda<\/title>\n<meta name=\"description\" content=\"O Citi reiterou recomenda\u00e7\u00e3o de compra para a Arezzo (ARZZ3) e o Grupo Soma (SOMA3) antes dos resultados do 1T24.\" \/>\n<meta name=\"robots\" content=\"index, follow, max-snippet:-1, max-image-preview:large, max-video-preview:-1\" \/>\n<link rel=\"canonical\" href=\"https:\/\/www.suno.com.br\/noticias\/arezzo-arrz3-grupo-soma-soma3-citi-recomenda-compra-va\/\" \/>\n<meta property=\"og:locale\" content=\"pt_BR\" \/>\n<meta property=\"og:type\" content=\"article\" \/>\n<meta property=\"og:title\" content=\"Arezzo (ARRZ3) e Grupo Soma (SOMA3): Citi corta alvo; entenda\" \/>\n<meta property=\"og:description\" content=\"O Citi reiterou recomenda\u00e7\u00e3o de compra para a Arezzo (ARZZ3) e o Grupo Soma (SOMA3) antes dos resultados do 1T24.\" \/>\n<meta property=\"og:url\" content=\"https:\/\/www.suno.com.br\/noticias\/arezzo-arrz3-grupo-soma-soma3-citi-recomenda-compra-va\/\" \/>\n<meta property=\"og:site_name\" content=\"Suno Not\u00edcias\" \/>\n<meta property=\"article:publisher\" content=\"https:\/\/facebook.com\/sunoresearch\" \/>\n<meta property=\"og:image\" content=\"https:\/\/files.sunoresearch.com.br\/n\/uploads\/2020\/10\/ce1383b1-5d3a105f3f79e.jpg\" \/>\n\t<meta property=\"og:image:width\" content=\"1280\" \/>\n\t<meta property=\"og:image:height\" content=\"920\" \/>\n\t<meta property=\"og:image:type\" content=\"image\/jpeg\" \/>\n<meta name=\"author\" content=\"Vin\u00edcius Alves\" \/>\n<meta name=\"twitter:card\" content=\"summary_large_image\" \/>\n<meta name=\"twitter:creator\" content=\"@sunoresearch\" \/>\n<meta name=\"twitter:site\" content=\"@sunoresearch\" \/>\n<meta name=\"twitter:label1\" content=\"Escrito por\" \/>\n\t<meta name=\"twitter:data1\" content=\"Vin\u00edcius Alves\" \/>\n\t<meta name=\"twitter:label2\" content=\"Est. tempo de leitura\" \/>\n\t<meta name=\"twitter:data2\" content=\"5 minutos\" \/>\n<script type=\"application\/ld+json\" class=\"yoast-schema-graph\">{\"@context\":\"https:\/\/schema.org\",\"@graph\":[{\"@type\":\"NewsArticle\",\"@id\":\"https:\/\/www.suno.com.br\/noticias\/arezzo-arrz3-grupo-soma-soma3-citi-recomenda-compra-va\/#article\",\"isPartOf\":{\"@id\":\"https:\/\/www.suno.com.br\/noticias\/arezzo-arrz3-grupo-soma-soma3-citi-recomenda-compra-va\/\"},\"author\":{\"name\":\"Vin\u00edcius Alves\",\"@id\":\"https:\/\/www.suno.com.br\/noticias\/#\/schema\/person\/4a180549702d0e236b3e420862bcded3\"},\"headline\":\"Arezzo (ARRZ3) e Grupo Soma (SOMA3): Citi reitera compra, mas reduz pre\u00e7o-alvo das a\u00e7\u00f5es; entenda os motivos\",\"datePublished\":\"2024-04-23T19:12:39+00:00\",\"dateModified\":\"2024-04-23T19:12:46+00:00\",\"mainEntityOfPage\":{\"@id\":\"https:\/\/www.suno.com.br\/noticias\/arezzo-arrz3-grupo-soma-soma3-citi-recomenda-compra-va\/\"},\"wordCount\":820,\"publisher\":{\"@id\":\"https:\/\/www.suno.com.br\/noticias\/#organization\"},\"image\":{\"@id\":\"https:\/\/www.suno.com.br\/noticias\/arezzo-arrz3-grupo-soma-soma3-citi-recomenda-compra-va\/#primaryimage\"},\"thumbnailUrl\":\"https:\/\/files.sunoresearch.com.br\/n\/uploads\/2020\/10\/ce1383b1-5d3a105f3f79e-jpg.webp\",\"keywords\":[\"Arezzo (ARZZ3)\",\"Grupo Soma (SOMA3)\"],\"articleSection\":[\"Neg\u00f3cios\"],\"inLanguage\":\"pt-BR\"},{\"@type\":\"WebPage\",\"@id\":\"https:\/\/www.suno.com.br\/noticias\/arezzo-arrz3-grupo-soma-soma3-citi-recomenda-compra-va\/\",\"url\":\"https:\/\/www.suno.com.br\/noticias\/arezzo-arrz3-grupo-soma-soma3-citi-recomenda-compra-va\/\",\"name\":\"Arezzo (ARRZ3) e Grupo Soma (SOMA3): Citi corta alvo; entenda\",\"isPartOf\":{\"@id\":\"https:\/\/www.suno.com.br\/noticias\/#website\"},\"primaryImageOfPage\":{\"@id\":\"https:\/\/www.suno.com.br\/noticias\/arezzo-arrz3-grupo-soma-soma3-citi-recomenda-compra-va\/#primaryimage\"},\"image\":{\"@id\":\"https:\/\/www.suno.com.br\/noticias\/arezzo-arrz3-grupo-soma-soma3-citi-recomenda-compra-va\/#primaryimage\"},\"thumbnailUrl\":\"https:\/\/files.sunoresearch.com.br\/n\/uploads\/2020\/10\/ce1383b1-5d3a105f3f79e-jpg.webp\",\"datePublished\":\"2024-04-23T19:12:39+00:00\",\"dateModified\":\"2024-04-23T19:12:46+00:00\",\"description\":\"O Citi reiterou recomenda\u00e7\u00e3o de compra para a Arezzo (ARZZ3) e o Grupo Soma (SOMA3) antes dos resultados do 1T24.\",\"breadcrumb\":{\"@id\":\"https:\/\/www.suno.com.br\/noticias\/arezzo-arrz3-grupo-soma-soma3-citi-recomenda-compra-va\/#breadcrumb\"},\"inLanguage\":\"pt-BR\",\"potentialAction\":[{\"@type\":\"ReadAction\",\"target\":[\"https:\/\/www.suno.com.br\/noticias\/arezzo-arrz3-grupo-soma-soma3-citi-recomenda-compra-va\/\"]}]},{\"@type\":\"ImageObject\",\"inLanguage\":\"pt-BR\",\"@id\":\"https:\/\/www.suno.com.br\/noticias\/arezzo-arrz3-grupo-soma-soma3-citi-recomenda-compra-va\/#primaryimage\",\"url\":\"https:\/\/files.sunoresearch.com.br\/n\/uploads\/2020\/10\/ce1383b1-5d3a105f3f79e-jpg.webp\",\"contentUrl\":\"https:\/\/files.sunoresearch.com.br\/n\/uploads\/2020\/10\/ce1383b1-5d3a105f3f79e-jpg.webp\",\"width\":1280,\"height\":920,\"caption\":\"Arezzo (ARZZ3)\"},{\"@type\":\"BreadcrumbList\",\"@id\":\"https:\/\/www.suno.com.br\/noticias\/arezzo-arrz3-grupo-soma-soma3-citi-recomenda-compra-va\/#breadcrumb\",\"itemListElement\":[{\"@type\":\"ListItem\",\"position\":1,\"name\":\"Not\u00edcias\",\"item\":\"https:\/\/www.suno.com.br\/noticias\/\"},{\"@type\":\"ListItem\",\"position\":2,\"name\":\"Neg\u00f3cios\",\"item\":\"https:\/\/www.suno.com.br\/noticias\/negocios\/\"},{\"@type\":\"ListItem\",\"position\":3,\"name\":\"Arezzo (ARRZ3) e Grupo Soma (SOMA3): Citi reitera compra, mas reduz pre\u00e7o-alvo das a\u00e7\u00f5es; entenda os motivos\"}]},{\"@type\":\"WebSite\",\"@id\":\"https:\/\/www.suno.com.br\/noticias\/#website\",\"url\":\"https:\/\/www.suno.com.br\/noticias\/\",\"name\":\"Suno Not\u00edcias\",\"description\":\"Seu portal de informa\u00e7\u00e3o sobre o mundo dos investimentos\",\"publisher\":{\"@id\":\"https:\/\/www.suno.com.br\/noticias\/#organization\"},\"potentialAction\":[{\"@type\":\"SearchAction\",\"target\":{\"@type\":\"EntryPoint\",\"urlTemplate\":\"https:\/\/www.suno.com.br\/noticias\/?s={search_term_string}\"},\"query-input\":{\"@type\":\"PropertyValueSpecification\",\"valueRequired\":true,\"valueName\":\"search_term_string\"}}],\"inLanguage\":\"pt-BR\"},{\"@type\":\"Organization\",\"@id\":\"https:\/\/www.suno.com.br\/noticias\/#organization\",\"name\":\"Suno Not\u00edcias\",\"url\":\"https:\/\/www.suno.com.br\/noticias\/\",\"logo\":{\"@type\":\"ImageObject\",\"inLanguage\":\"pt-BR\",\"@id\":\"https:\/\/www.suno.com.br\/noticias\/#\/schema\/logo\/image\/\",\"url\":\"https:\/\/files.sunoresearch.com.br\/n\/uploads\/2021\/09\/suno-logo.png\",\"contentUrl\":\"https:\/\/files.sunoresearch.com.br\/n\/uploads\/2021\/09\/suno-logo.png\",\"width\":180,\"height\":180,\"caption\":\"Suno Not\u00edcias\"},\"image\":{\"@id\":\"https:\/\/www.suno.com.br\/noticias\/#\/schema\/logo\/image\/\"},\"sameAs\":[\"https:\/\/facebook.com\/sunoresearch\",\"https:\/\/x.com\/sunoresearch\",\"https:\/\/www.instagram.com\/suno\",\"https:\/\/www.linkedin.com\/company\/suno-research\/\",\"https:\/\/www.youtube.com\/c\/sunoresearch\"]},{\"@type\":\"Person\",\"@id\":\"https:\/\/www.suno.com.br\/noticias\/#\/schema\/person\/4a180549702d0e236b3e420862bcded3\",\"name\":\"Vin\u00edcius Alves\",\"image\":{\"@type\":\"ImageObject\",\"inLanguage\":\"pt-BR\",\"@id\":\"https:\/\/www.suno.com.br\/noticias\/#\/schema\/person\/image\/\",\"url\":\"https:\/\/secure.gravatar.com\/avatar\/a95b7fe6d1b813f7907d4f476d5a39e1?s=96&r=g\",\"contentUrl\":\"https:\/\/secure.gravatar.com\/avatar\/a95b7fe6d1b813f7907d4f476d5a39e1?s=96&r=g\",\"caption\":\"Vin\u00edcius Alves\"},\"description\":\"Jornalista formado na Faculdade C\u00e1sper L\u00edbero. Com passagens pela Ag\u00eancia Estado, InfoMoney e Editora Globo.\",\"url\":\"https:\/\/www.suno.com.br\/noticias\/author\/vini08correiagmail-com\/\"}]}<\/script>\n<!-- \/ Yoast SEO plugin. -->","yoast_head_json":{"title":"Arezzo (ARRZ3) e Grupo Soma (SOMA3): Citi corta alvo; entenda","description":"O Citi reiterou recomenda\u00e7\u00e3o de compra para a Arezzo (ARZZ3) e o Grupo Soma (SOMA3) antes dos resultados do 1T24.","robots":{"index":"index","follow":"follow","max-snippet":"max-snippet:-1","max-image-preview":"max-image-preview:large","max-video-preview":"max-video-preview:-1"},"canonical":"https:\/\/www.suno.com.br\/noticias\/arezzo-arrz3-grupo-soma-soma3-citi-recomenda-compra-va\/","og_locale":"pt_BR","og_type":"article","og_title":"Arezzo (ARRZ3) e Grupo Soma (SOMA3): Citi corta alvo; entenda","og_description":"O Citi reiterou recomenda\u00e7\u00e3o de compra para a Arezzo (ARZZ3) e o Grupo Soma (SOMA3) antes dos resultados do 1T24.","og_url":"https:\/\/www.suno.com.br\/noticias\/arezzo-arrz3-grupo-soma-soma3-citi-recomenda-compra-va\/","og_site_name":"Suno Not\u00edcias","article_publisher":"https:\/\/facebook.com\/sunoresearch","og_image":[{"width":1280,"height":920,"url":"https:\/\/files.sunoresearch.com.br\/n\/uploads\/2020\/10\/ce1383b1-5d3a105f3f79e.jpg","type":"image\/jpeg"}],"author":"Vin\u00edcius Alves","twitter_card":"summary_large_image","twitter_creator":"@sunoresearch","twitter_site":"@sunoresearch","twitter_misc":{"Escrito por":"Vin\u00edcius Alves","Est. tempo de leitura":"5 minutos"},"schema":{"@context":"https:\/\/schema.org","@graph":[{"@type":"NewsArticle","@id":"https:\/\/www.suno.com.br\/noticias\/arezzo-arrz3-grupo-soma-soma3-citi-recomenda-compra-va\/#article","isPartOf":{"@id":"https:\/\/www.suno.com.br\/noticias\/arezzo-arrz3-grupo-soma-soma3-citi-recomenda-compra-va\/"},"author":{"name":"Vin\u00edcius Alves","@id":"https:\/\/www.suno.com.br\/noticias\/#\/schema\/person\/4a180549702d0e236b3e420862bcded3"},"headline":"Arezzo (ARRZ3) e Grupo Soma (SOMA3): Citi reitera compra, mas reduz pre\u00e7o-alvo das a\u00e7\u00f5es; entenda os motivos","datePublished":"2024-04-23T19:12:39+00:00","dateModified":"2024-04-23T19:12:46+00:00","mainEntityOfPage":{"@id":"https:\/\/www.suno.com.br\/noticias\/arezzo-arrz3-grupo-soma-soma3-citi-recomenda-compra-va\/"},"wordCount":820,"publisher":{"@id":"https:\/\/www.suno.com.br\/noticias\/#organization"},"image":{"@id":"https:\/\/www.suno.com.br\/noticias\/arezzo-arrz3-grupo-soma-soma3-citi-recomenda-compra-va\/#primaryimage"},"thumbnailUrl":"https:\/\/files.sunoresearch.com.br\/n\/uploads\/2020\/10\/ce1383b1-5d3a105f3f79e-jpg.webp","keywords":["Arezzo (ARZZ3)","Grupo Soma (SOMA3)"],"articleSection":["Neg\u00f3cios"],"inLanguage":"pt-BR"},{"@type":"WebPage","@id":"https:\/\/www.suno.com.br\/noticias\/arezzo-arrz3-grupo-soma-soma3-citi-recomenda-compra-va\/","url":"https:\/\/www.suno.com.br\/noticias\/arezzo-arrz3-grupo-soma-soma3-citi-recomenda-compra-va\/","name":"Arezzo (ARRZ3) e Grupo Soma (SOMA3): Citi corta alvo; entenda","isPartOf":{"@id":"https:\/\/www.suno.com.br\/noticias\/#website"},"primaryImageOfPage":{"@id":"https:\/\/www.suno.com.br\/noticias\/arezzo-arrz3-grupo-soma-soma3-citi-recomenda-compra-va\/#primaryimage"},"image":{"@id":"https:\/\/www.suno.com.br\/noticias\/arezzo-arrz3-grupo-soma-soma3-citi-recomenda-compra-va\/#primaryimage"},"thumbnailUrl":"https:\/\/files.sunoresearch.com.br\/n\/uploads\/2020\/10\/ce1383b1-5d3a105f3f79e-jpg.webp","datePublished":"2024-04-23T19:12:39+00:00","dateModified":"2024-04-23T19:12:46+00:00","description":"O Citi reiterou recomenda\u00e7\u00e3o de compra para a Arezzo (ARZZ3) e o Grupo Soma (SOMA3) antes dos resultados do 1T24.","breadcrumb":{"@id":"https:\/\/www.suno.com.br\/noticias\/arezzo-arrz3-grupo-soma-soma3-citi-recomenda-compra-va\/#breadcrumb"},"inLanguage":"pt-BR","potentialAction":[{"@type":"ReadAction","target":["https:\/\/www.suno.com.br\/noticias\/arezzo-arrz3-grupo-soma-soma3-citi-recomenda-compra-va\/"]}]},{"@type":"ImageObject","inLanguage":"pt-BR","@id":"https:\/\/www.suno.com.br\/noticias\/arezzo-arrz3-grupo-soma-soma3-citi-recomenda-compra-va\/#primaryimage","url":"https:\/\/files.sunoresearch.com.br\/n\/uploads\/2020\/10\/ce1383b1-5d3a105f3f79e-jpg.webp","contentUrl":"https:\/\/files.sunoresearch.com.br\/n\/uploads\/2020\/10\/ce1383b1-5d3a105f3f79e-jpg.webp","width":1280,"height":920,"caption":"Arezzo (ARZZ3)"},{"@type":"BreadcrumbList","@id":"https:\/\/www.suno.com.br\/noticias\/arezzo-arrz3-grupo-soma-soma3-citi-recomenda-compra-va\/#breadcrumb","itemListElement":[{"@type":"ListItem","position":1,"name":"Not\u00edcias","item":"https:\/\/www.suno.com.br\/noticias\/"},{"@type":"ListItem","position":2,"name":"Neg\u00f3cios","item":"https:\/\/www.suno.com.br\/noticias\/negocios\/"},{"@type":"ListItem","position":3,"name":"Arezzo (ARRZ3) e Grupo Soma (SOMA3): Citi reitera compra, mas reduz pre\u00e7o-alvo das a\u00e7\u00f5es; entenda os motivos"}]},{"@type":"WebSite","@id":"https:\/\/www.suno.com.br\/noticias\/#website","url":"https:\/\/www.suno.com.br\/noticias\/","name":"Suno Not\u00edcias","description":"Seu portal de informa\u00e7\u00e3o sobre o mundo dos investimentos","publisher":{"@id":"https:\/\/www.suno.com.br\/noticias\/#organization"},"potentialAction":[{"@type":"SearchAction","target":{"@type":"EntryPoint","urlTemplate":"https:\/\/www.suno.com.br\/noticias\/?s={search_term_string}"},"query-input":{"@type":"PropertyValueSpecification","valueRequired":true,"valueName":"search_term_string"}}],"inLanguage":"pt-BR"},{"@type":"Organization","@id":"https:\/\/www.suno.com.br\/noticias\/#organization","name":"Suno Not\u00edcias","url":"https:\/\/www.suno.com.br\/noticias\/","logo":{"@type":"ImageObject","inLanguage":"pt-BR","@id":"https:\/\/www.suno.com.br\/noticias\/#\/schema\/logo\/image\/","url":"https:\/\/files.sunoresearch.com.br\/n\/uploads\/2021\/09\/suno-logo.png","contentUrl":"https:\/\/files.sunoresearch.com.br\/n\/uploads\/2021\/09\/suno-logo.png","width":180,"height":180,"caption":"Suno Not\u00edcias"},"image":{"@id":"https:\/\/www.suno.com.br\/noticias\/#\/schema\/logo\/image\/"},"sameAs":["https:\/\/facebook.com\/sunoresearch","https:\/\/x.com\/sunoresearch","https:\/\/www.instagram.com\/suno","https:\/\/www.linkedin.com\/company\/suno-research\/","https:\/\/www.youtube.com\/c\/sunoresearch"]},{"@type":"Person","@id":"https:\/\/www.suno.com.br\/noticias\/#\/schema\/person\/4a180549702d0e236b3e420862bcded3","name":"Vin\u00edcius Alves","image":{"@type":"ImageObject","inLanguage":"pt-BR","@id":"https:\/\/www.suno.com.br\/noticias\/#\/schema\/person\/image\/","url":"https:\/\/secure.gravatar.com\/avatar\/a95b7fe6d1b813f7907d4f476d5a39e1?s=96&r=g","contentUrl":"https:\/\/secure.gravatar.com\/avatar\/a95b7fe6d1b813f7907d4f476d5a39e1?s=96&r=g","caption":"Vin\u00edcius Alves"},"description":"Jornalista formado na Faculdade C\u00e1sper L\u00edbero. Com passagens pela Ag\u00eancia Estado, InfoMoney e Editora Globo.","url":"https:\/\/www.suno.com.br\/noticias\/author\/vini08correiagmail-com\/"}]}},"default_loop_html":"<div class=\"cardsPage__listCard__boxs\"><div class=\"cardsPage__listCard__boxs__img\"><a href=\"https:\/\/www.suno.com.br\/noticias\/arezzo-arrz3-grupo-soma-soma3-citi-recomenda-compra-va\/\"><img class=\"mask\" src=\"https:\/\/www.suno.com.br\/noticias\/wp-content\/themes\/suno\/resources\/images\/spotlight\/spotlight1img\/bg-mask.png\" alt=\"Image Mask\"\/><img src=\"https:\/\/files.sunoresearch.com.br\/n\/uploads\/2020\/10\/ce1383b1-5d3a105f3f79e-400x200.webp\" alt=\"Arezzo (ARRZ3) e Grupo Soma (SOMA3): Citi reitera compra, mas reduz pre\u00e7o-alvo das a\u00e7\u00f5es; entenda os motivos\"\/><\/a><span class=\"spotlightCategory\"><a href=\"https:\/\/www.suno.com.br\/noticias\/negocios\/\">Neg\u00f3cios<\/a><\/span><\/div><div class=\"cardsPage__listCard__boxs__content\"><a href=\"https:\/\/www.suno.com.br\/noticias\/arezzo-arrz3-grupo-soma-soma3-citi-recomenda-compra-va\/\"><h2 class=\"content__title\">Arezzo (ARRZ3) e Grupo Soma (SOMA3): Citi reitera compra, mas reduz pre\u00e7o-alvo das a\u00e7\u00f5es; entenda os motivos<\/h2><\/a><div class=\"newsContent__article__meta\"><div class=\"newsContent__article__meta__authorBox\"><a href=\"https:\/\/www.suno.com.br\/noticias\/author\/giovanni-porfiriosuno-com-br\/\" class=\"authorBox__avatar noMobi\"><img src=\"https:\/\/files.sunoresearch.com.br\/n\/uploads\/2024\/05\/DSCF4115-1-1-150x150.webp\" alt=\"Giovanni Porf\u00edrio Jacomino\"><\/a><div class=\"authorBox__name\"><span>por\n\t\t\t<a href=\"https:\/\/www.suno.com.br\/noticias\/author\/giovanni-porfiriosuno-com-br\/\"><span itemprop=\"author\">Giovanni Porf\u00edrio Jacomino<\/span><\/a><\/span><time datetime=\"2024-04-23T16:12:39-03:00\" itemprop=\"datePublished\">23\/04\/2024 16:12<\/time><\/div><\/div><\/div><\/div><\/div>","single_layout":"posts","amp_enabled":true,"_links":{"self":[{"href":"https:\/\/www.suno.com.br\/noticias\/wp-json\/wp\/v2\/posts\/546973"}],"collection":[{"href":"https:\/\/www.suno.com.br\/noticias\/wp-json\/wp\/v2\/posts"}],"about":[{"href":"https:\/\/www.suno.com.br\/noticias\/wp-json\/wp\/v2\/types\/post"}],"author":[{"embeddable":true,"href":"https:\/\/www.suno.com.br\/noticias\/wp-json\/wp\/v2\/users\/301"}],"replies":[{"embeddable":true,"href":"https:\/\/www.suno.com.br\/noticias\/wp-json\/wp\/v2\/comments?post=546973"}],"version-history":[{"count":3,"href":"https:\/\/www.suno.com.br\/noticias\/wp-json\/wp\/v2\/posts\/546973\/revisions"}],"predecessor-version":[{"id":546991,"href":"https:\/\/www.suno.com.br\/noticias\/wp-json\/wp\/v2\/posts\/546973\/revisions\/546991"}],"wp:featuredmedia":[{"embeddable":true,"href":"https:\/\/www.suno.com.br\/noticias\/wp-json\/wp\/v2\/media\/93986"}],"wp:attachment":[{"href":"https:\/\/www.suno.com.br\/noticias\/wp-json\/wp\/v2\/media?parent=546973"}],"wp:term":[{"taxonomy":"category","embeddable":true,"href":"https:\/\/www.suno.com.br\/noticias\/wp-json\/wp\/v2\/categories?post=546973"},{"taxonomy":"post_tag","embeddable":true,"href":"https:\/\/www.suno.com.br\/noticias\/wp-json\/wp\/v2\/tags?post=546973"},{"taxonomy":"suno_strategy","embeddable":true,"href":"https:\/\/www.suno.com.br\/noticias\/wp-json\/wp\/v2\/suno_strategy?post=546973"}],"curies":[{"name":"wp","href":"https:\/\/api.w.org\/{rel}","templated":true}]}}