{"id":546796,"date":"2024-04-23T14:11:36","date_gmt":"2024-04-23T17:11:36","guid":{"rendered":"https:\/\/www.suno.com.br\/noticias\/?p=546796"},"modified":"2024-04-23T14:11:41","modified_gmt":"2024-04-23T17:11:41","slug":"weg-wege3-itau-bba-acoes-gpj","status":"publish","type":"post","link":"https:\/\/www.suno.com.br\/noticias\/weg-wege3-itau-bba-acoes-gpj\/","title":{"rendered":"Weg (WEGE3): banco refor\u00e7a vis\u00e3o construtiva, citando &#8216;ventos favor\u00e1veis para o setor&#8217;"},"content":{"rendered":"<p>Em relat\u00f3rio mais recente sobre a<strong> <a href=\"https:\/\/www.suno.com.br\/acoes\/WEGE3\/\">Weg<\/a><\/strong><a href=\"https:\/\/www.suno.com.br\/acoes\/WEGE3\/\"> (WEGE3)<\/a>, o Ita\u00fa BBA refor\u00e7ou sua perspectiva construtiva para a companhia em 2024, com ventos favor\u00e1veis para o setor. O banco comparou os \u00faltimos resultados da concorrente japonesa Nidec, l\u00edder na fabrica\u00e7\u00e3o de motores el\u00e9tricos, sugerindo uma demanda positiva para os segmentos industrial e de infraestrutura.<\/p>\t<div class=\"wrapper-featured-image\">\n\t\t<figure class=\"spotlightImg\">\n\n\t\t\t<picture>\n\t\t\t\t<source media=\"(max-width: 768px)\" srcset=\"https:\/\/files.sunoresearch.com.br\/n\/uploads\/2022\/12\/Weg-wege3-400x200.jpg\">\n\t\t\t\t<img loading=\"lazy\" decoding=\"async\" class=\"newsContent__article__imgCapa lazyloadDisabled \" src=\"https:\/\/files.sunoresearch.com.br\/n\/uploads\/2022\/12\/Weg-wege3-800x450.jpg\" width=\"800\" height=\"450\" alt=\"Weg (WEGE3): banco refor\u00e7a vis\u00e3o construtiva, citando &#8216;ventos favor\u00e1veis para o setor&#8217;\" fetchpriority=high \/>\n\t\t\t<\/picture>\n\n\t\t\t<figcaption class=\"wp-caption-text wp-caption-text--show\">Weg (WEGE3) - Foto: Divulga\u00e7\u00e3o\n<\/figcaption>\n\t\t<\/figure>\n\t<\/div>\n\n\n\n\n\n\n\n\t<p>\n\t\t<a href=\"\" target=\"_blank\" data-element=\"shortcode-suno-banner\" title=\"Banner SUNO, clique e saiba mais\">\n\t\t\t<picture>\n\t\t\t\t<source media=\"(max-width: 500px)\" srcset=\"\">\n\t\t\t\t<img class=\"newsContent__article__imgCapa newsContent__article__imgCapa--banner\"\n\t\t\t\t\tsrc=\"\"\n\t\t\t\t\tdata-promo-id=\"250708\"\t\t\t\t\t\t\t\t\t\t\t\t\t\t\talt=\"\"\n\t\t\t\t>\n\t\t\t<\/picture>\n\t\t<\/a>\n\t<\/p>\n\n\n\n\n\n<p>Os analistas do Ita\u00fa BBA mencionaram que os resultados do 1T24 da divis\u00e3o de eletrodom\u00e9sticos, produtos comerciais e industriais da <strong>Nidec<\/strong> mostraram aumento na receita de 5% na base trimestral e de 7% na base anual, al\u00e9m de margens operacionais est\u00e1veis na compara\u00e7\u00e3o trimestre a trimestre.<\/p>\n\n\n\n<p>O banco tamb\u00e9m cita que a empresa, mais uma vez, mencionou ventos favor\u00e1veis nas vendas de motores para geradores de energia, observando boa demanda nos setores industrial e de infraestrutura, enquanto os eletrodom\u00e9sticos ficaram para tr\u00e1s e enfrentam uma tend\u00eancia ainda acomodat\u00edcia.<\/p>\n\n\n\n<p>&#8220;O comunicado trouxe uma mensagem positiva em termos de demanda e nenhuma bandeira amarela sobre rentabilidade (nem para a Nidec nem para o setor) para o neg\u00f3cio automotivo da Weg<strong> <\/strong>no exterior&#8221;, disseram os analistas.<\/p>\n\n\n\n<p>Ainda de acordo com o Ita\u00fa BBA, a Nidec mencionou uma perspectiva positiva tanto para crescimento quanto para a rentabilidade futura e, embora pare\u00e7a contar mais com fatores micro do que macro, os coment\u00e1rios n\u00e3o trouxeram preocupa\u00e7\u00f5es em rela\u00e7\u00e3o \u00e0 demanda e press\u00e3o nas margens para a Weg (<strong>WEGE3<\/strong>).<\/p>\n\n\n\n<p>&#8220;O n\u00fameros do 1T24 da Nidec seguem a leitura positiva dos resultados da ABB na semana passada, refor\u00e7ando nossa vis\u00e3o construtiva sobre a Weg&#8221;, completa a casa.<\/p>\n\n\n\n<p>O Ita\u00fa BBA tem recomenda\u00e7\u00e3o &#8216;outperform&#8217; para as <strong>a\u00e7\u00f5es da Weg<\/strong>, equivalente a &#8216;compra&#8217;, com pre\u00e7o-alvo a R$ 47,00.<\/p>\n\n\n\n<h2 class=\"wp-block-heading\">Weg (WEGE3): Ita\u00fa BBA projeta virada positiva em breve; veja recomenda\u00e7\u00e3o<\/h2>\n\n\n\n<p>Em outro relat\u00f3rio sobre a Weg, o Ita\u00fa BBA refor\u00e7ou otimismo para a companhia diante de perspectivas para o primeiro trimestre deste ano. O banco comparou os \u00faltimos resultados da concorrente su\u00ed\u00e7a ABB e sugeriu uma potencial inflex\u00e3o para a empresa brasileira nos pr\u00f3ximos meses.<\/p>\n\n\n\n<p>Os analistas do Ita\u00fa BBA mencionam que os resultados da divis\u00e3o motion da ABB \u2013 compar\u00e1vel aos neg\u00f3cios de energia da Weg \u2013 teriam apresentado tend\u00eancia de recupera\u00e7\u00e3o com ventos favor\u00e1veis de pre\u00e7os positivos; demanda robusta em neg\u00f3cios relacionados a projetos e sistemas, al\u00e9m de baixa demanda de ciclo curto, embora com sinais de recupera\u00e7\u00e3o, indicando potencial inflex\u00e3o ascendente no ciclo.<\/p>\n\n\n\n<p>O banco tamb\u00e9m cita a carteira de pedidos da ABB, que chegou ao maior patamar hist\u00f3rico, al\u00e9m de melhorias nas margens da companhia.<\/p>\n\n\n\n<p>Neste sentido, como poss\u00edvel recupera\u00e7\u00e3o do mercado, os analistas do Ita\u00fa BBA entendem que o pior j\u00e1 teria ficado para tr\u00e1s para a Weg, mencionando tend\u00eancias favor\u00e1veis da ABB em procura de ciclo longo, al\u00e9m da expans\u00e3o nas encomendas, \u201co que mitiga as preocupa\u00e7\u00f5es dos investidores em rela\u00e7\u00e3o aos resultados da Weg\u201d.<\/p>\n\n\n\t<p>\n\t\t<a href=\"https:\/\/lp.suno.com.br\/ebook-como-analisar-uma-acao\/\" target=\"_blank\" data-element=\"shortcode-suno-banner\" title=\"Banner SUNO, clique e saiba mais\">\n\t\t\t<picture>\n\t\t\t\t<source media=\"(max-width: 500px)\" srcset=\"https:\/\/files.sunoresearch.com.br\/n\/uploads\/2023\/03\/Ebook-Acoes-Mobile.jpg\">\n\t\t\t\t<img class=\"newsContent__article__imgCapa newsContent__article__imgCapa--banner\"\n\t\t\t\t\tsrc=\"https:\/\/files.sunoresearch.com.br\/n\/uploads\/2023\/03\/Ebook-Acoes-Desktop.jpg\"\n\t\t\t\t\tdata-promo-id=\"378302\"\t\t\t\t\t\t\t\t\t\twidth='1420' height='286'\t\t\t\t\talt=\"https:\/\/files.sunoresearch.com.br\/n\/uploads\/2023\/03\/Ebook-Acoes-Desktop.jpg\"\n\t\t\t\t>\n\t\t\t<\/picture>\n\t\t<\/a>\n\t<\/p>\n\n\n\n\n\n<h2 class=\"wp-block-heading\">Desempenho das a\u00e7\u00f5es <\/h2>\n\n\n\n<p>No intradia, as a\u00e7\u00f5es da <strong>Weg<\/strong> (WEGE3) ca\u00edam 0,18%, cotadas a R$ 38,20. No m\u00eas, os pap\u00e9is caem 0,52%, enquanto no ano, sobem 3,94%. <\/p>\n\n\n\n<div class=\"pluginQuotation\">\n  <p class=\"ticker\">\n    Cota\u00e7\u00e3o <span>WEGE3<\/span>\n  <\/p>\n  <div class=\"info\">\n    <div class=\"leftSide\">\n      Gr\u00e1fico gerado em: 23\/04\/2024    <\/div>\n\t\t\t\t\t<div class=\"rightSide\">\n\t\t\t\t\t<span class=\"period\">\n\t\t\t\t\t\t5 Dias\t\t\t\t\t<\/span>\n\t\t\t<\/div>\n\t\t  <\/div>\n\n  <div id=\"chart-8e609abdebda5cb3810278197c8164fe\" data-block-hash=\"8e609abdebda5cb3810278197c8164fe\"  class=\"chart\" style=\"width:100%;height:400px;\"><\/div>\n\n  <div class=\"pluginQuotation__footer\">\n    <div class=\"dataChart\">\n\n      <div class=\"dataChart__div1 variation\">\n        <div class=\"value-negative\">\n          -0,78 (-0,30%)        <\/div>\n        <div class=\"text\">\n          Varia\u00e7\u00e3o do per\u00edodo\n        <\/div>\n      <\/div>\n\n      <div class=\"dataChart__div2 minMax\">\n        <div class=\"value\">\n          R$\u00a038,18        <\/div>\n        <div class=\"text\">\n          M\u00ednima\n        <\/div>\n      <\/div>\n\n      <div class=\"dataChart__div3 minMax\">\n        <div class=\"value\">\n          R$\u00a038,72        <\/div>\n        <div class=\"text\">\n          M\u00e1xima\n        <\/div>\n      <\/div>\n\n\t\t\t<div class=\"dataChart__div4 rightSide\">\n\t\t\t\t<div class=\"analiticaSource\">\n\t\t\t\t\t<span>\n\t\t\t\t\t\tFonte:\n\t\t\t\t\t<\/span>\n\t\t\t\t\t<img decoding=\"async\" class=\"analiticaLogo\" src=\"https:\/\/www.suno.com.br\/noticias\/wp-content\/plugins\/suno-block-ticker-quotation\/src\/suno-analitica-logo.png\" alt=\"Logo Suno Anal\u00edtica\" \/>\n\t\t\t\t<\/div>\n\n\t\t\t\t<a href=\"https:\/\/www.suno.com.br\/analitica\/acoes\/WEGE3\" target=\"_blank\">\n\t\t\t\t\t<span>\n\t\t\t\t\t\tVer mais cota\u00e7\u00f5es\n\t\t\t\t\t<\/span>\n\t\t\t\t\t<svg xmlns=\"http:\/\/www.w3.org\/2000\/svg\" width=\"9\" height=\"8\" viewBox=\"0 0 9 8\" fill=\"none\">\n\t\t\t\t\t\t<path d=\"M4.20996 0L3.50496 0.705L6.29496 3.5H0.209961V4.5H6.29496L3.50496 7.295L4.20996 8L8.20996 4L4.20996 0Z\" fill=\"#D42126\" \/>\n\t\t\t\t\t<\/svg>\n\t\t\t\t<\/a>\n    <\/div>\n\n    <\/div>\n  <\/div>\n<\/div>\n\n\n<script type=\"text\/javascript\">\n  let chart_8e609abdebda5cb3810278197c8164fe = document.getElementById('chart-8e609abdebda5cb3810278197c8164fe');\n  let data_json_8e609abdebda5cb3810278197c8164fe = \"[{\\\"date\\\":\\\"18\\\\\\\/04\\\\\\\/24 11:50\\\",\\\"value\\\":38.52},{\\\"date\\\":\\\"18\\\\\\\/04\\\\\\\/24 12:00\\\",\\\"value\\\":38.45},{\\\"date\\\":\\\"18\\\\\\\/04\\\\\\\/24 12:10\\\",\\\"value\\\":38.4},{\\\"date\\\":\\\"18\\\\\\\/04\\\\\\\/24 12:20\\\",\\\"value\\\":38.4},{\\\"date\\\":\\\"19\\\\\\\/04\\\\\\\/24 11:10\\\",\\\"value\\\":38.72},{\\\"date\\\":\\\"19\\\\\\\/04\\\\\\\/24 11:20\\\",\\\"value\\\":38.6},{\\\"date\\\":\\\"19\\\\\\\/04\\\\\\\/24 11:30\\\",\\\"value\\\":38.64},{\\\"date\\\":\\\"19\\\\\\\/04\\\\\\\/24 11:40\\\",\\\"value\\\":38.56},{\\\"date\\\":\\\"22\\\\\\\/04\\\\\\\/24 13:00\\\",\\\"value\\\":38.19},{\\\"date\\\":\\\"22\\\\\\\/04\\\\\\\/24 13:10\\\",\\\"value\\\":38.18},{\\\"date\\\":\\\"22\\\\\\\/04\\\\\\\/24 13:20\\\",\\\"value\\\":38.3},{\\\"date\\\":\\\"22\\\\\\\/04\\\\\\\/24 13:30\\\",\\\"value\\\":38.27},{\\\"date\\\":\\\"22\\\\\\\/04\\\\\\\/24 13:40\\\",\\\"value\\\":38.22}]\";\n  let isPositive_8e609abdebda5cb3810278197c8164fe = \"\";\n\n  let color_8e609abdebda5cb3810278197c8164fe = isPositive_8e609abdebda5cb3810278197c8164fe ? '#3AB53A' : '#D92C2D';\n\n  let data_8e609abdebda5cb3810278197c8164fe = JSON.parse(data_json_8e609abdebda5cb3810278197c8164fe);\n\n  const result_8e609abdebda5cb3810278197c8164fe = {\n    date: [],\n    value: [],\n  };\n\n  data_8e609abdebda5cb3810278197c8164fe.forEach((item) => {\n    result_8e609abdebda5cb3810278197c8164fe.date.push(item.date);\n    result_8e609abdebda5cb3810278197c8164fe.value.push(Number(item.value));\n  });\n\n  let option_8e609abdebda5cb3810278197c8164fe = {\n    \/\/ variavel de cor global\n    color: [color_8e609abdebda5cb3810278197c8164fe],\n    title: {\n      text: '',\n    },\n    tooltip: {\n      trigger: 'axis',\n      axisPointer: {\n        type: 'cross',\n        label: {\n          \/\/ cor dos valores em X e Y\n          backgroundColor: color_8e609abdebda5cb3810278197c8164fe,\n          formatter: (value) => {\n            if (typeof value.value === 'number') {\n              return Number(value.value).toLocaleString('pt-br', {\n                style: 'currency',\n                currency: 'BRL'\n              });\n            }\n            return value.value;\n          },\n        },\n      },\n      valueFormatter: (value) => Number(value).toLocaleString('pt-br', {\n        style: 'currency',\n        currency: 'BRL'\n      }),\n    },\n    legend: {\n      \/\/ data: ['Valor de Fechamento'],\n      show: false,\n    },\n    toolbox: {\n      feature: {\n        saveAsImage: {\n          show: false,\n        },\n      },\n    },\n    grid: {\n      left: '0px',\n      right: '0px',\n      bottom: '0px',\n      containLabel: true,\n    },\n    xAxis: [{\n      type: 'category',\n      data: result_8e609abdebda5cb3810278197c8164fe.date,\n      boundaryGap: true,\n    }],\n    yAxis: [{\n      type: 'value',\n      min: Math.min(...result_8e609abdebda5cb3810278197c8164fe.value),\n      max: Math.max(...result_8e609abdebda5cb3810278197c8164fe.value),\n      axisLabel: {\n        formatter: (value) => value.toLocaleString('pt-br', {\n          style: 'currency',\n          currency: 'BRL'\n        }),\n      },\n    }],\n    series: [{\n      name: 'Valor de Fechamento',\n      type: 'line',\n      stack: 'Total',\n      \/\/ cor do grafico\n      areaStyle: {},\n      emphasis: {\n        focus: 'series',\n      },\n      data: result_8e609abdebda5cb3810278197c8164fe.value,\n      \/\/ cor da linha\n      lineStyle: {\n        color: color_8e609abdebda5cb3810278197c8164fe,\n      },\n    }, ],\n  };\n\n\twindow.chart_8e609abdebda5cb3810278197c8164fe = {\n\t\tel: chart_8e609abdebda5cb3810278197c8164fe,\n\t\toption: option_8e609abdebda5cb3810278197c8164fe\t};\n\n\n<\/script>\n\n\n\t<p>\n\t\t<a href=\"https:\/\/lp.suno.com.br\/plataforma-de-controle-de-investimentos\/\" target=\"_blank\" data-element=\"shortcode-suno-banner\" title=\"Banner SUNO, clique e saiba mais\">\n\t\t\t<picture>\n\t\t\t\t<source media=\"(max-width: 500px)\" srcset=\"https:\/\/files.sunoresearch.com.br\/n\/uploads\/2023\/03\/400x300-Controle-de-Investimentos.png\">\n\t\t\t\t<img class=\"newsContent__article__imgCapa newsContent__article__imgCapa--banner\"\n\t\t\t\t\tsrc=\"https:\/\/files.sunoresearch.com.br\/n\/uploads\/2023\/03\/1420x240-Controle-de-Investimentos.png\"\n\t\t\t\t\tdata-promo-id=\"383162\"\t\t\t\t\t\t\t\t\t\twidth='1420' height='240'\t\t\t\t\talt=\"https:\/\/files.sunoresearch.com.br\/n\/uploads\/2023\/03\/1420x240-Controle-de-Investimentos.png\"\n\t\t\t\t>\n\t\t\t<\/picture>\n\t\t<\/a>\n\t<\/p>\n\n\n","protected":false},"excerpt":{"rendered":"<p>Em relat\u00f3rio mais recente sobre a Weg (WEGE3), o Ita\u00fa BBA refor\u00e7ou sua perspectiva construtiva para a companhia em 2024, com ventos favor\u00e1veis para o setor. O banco comparou os \u00faltimos resultados da concorrente japonesa Nidec, l\u00edder na fabrica\u00e7\u00e3o de motores el\u00e9tricos, sugerindo uma demanda positiva para os segmentos industrial e de infraestrutura. Weg (WEGE3) [&hellip;]<\/p>\n","protected":false},"author":313,"featured_media":336059,"comment_status":"closed","ping_status":"closed","sticky":false,"template":"","format":"standard","meta":[],"categories":[64],"tags":[286,105816,681],"suno_strategy":[],"class_list":["post-546796","post","type-post","status-publish","format-standard","has-post-thumbnail","hentry","category-negocios","tag-acoes","tag-especialistas","tag-weg-wege3"],"yoast_head":"<!-- This site is optimized with the Yoast SEO plugin v24.4 - https:\/\/yoast.com\/wordpress\/plugins\/seo\/ -->\n<title>Weg (WEGE3): BBA tem vis\u00e3o construtiva, com &#039;ventos favor\u00e1veis&#039;<\/title>\n<meta name=\"description\" content=\"Em relat\u00f3rio sobre a Weg, o Ita\u00fa BBA refor\u00e7ou sua perspectiva otimista para a companhia para 2024. Veja a vis\u00e3o do Ita\u00fa BBA sobre Weg.\" \/>\n<meta name=\"robots\" content=\"index, follow, max-snippet:-1, max-image-preview:large, max-video-preview:-1\" \/>\n<link rel=\"canonical\" href=\"https:\/\/www.suno.com.br\/noticias\/weg-wege3-itau-bba-acoes-gpj\/\" \/>\n<meta property=\"og:locale\" content=\"pt_BR\" \/>\n<meta property=\"og:type\" content=\"article\" \/>\n<meta property=\"og:title\" content=\"Weg (WEGE3): BBA tem vis\u00e3o construtiva, com &#039;ventos favor\u00e1veis&#039;\" \/>\n<meta property=\"og:description\" content=\"Em relat\u00f3rio sobre a Weg, o Ita\u00fa BBA refor\u00e7ou sua perspectiva otimista para a companhia para 2024. Veja a vis\u00e3o do Ita\u00fa BBA sobre Weg.\" \/>\n<meta property=\"og:url\" content=\"https:\/\/www.suno.com.br\/noticias\/weg-wege3-itau-bba-acoes-gpj\/\" \/>\n<meta property=\"og:site_name\" content=\"Suno Not\u00edcias\" \/>\n<meta property=\"article:publisher\" content=\"https:\/\/facebook.com\/sunoresearch\" \/>\n<meta property=\"og:image\" content=\"https:\/\/files.sunoresearch.com.br\/n\/uploads\/2022\/12\/Weg-wege3.jpg\" \/>\n\t<meta property=\"og:image:width\" content=\"2560\" \/>\n\t<meta property=\"og:image:height\" content=\"1708\" \/>\n\t<meta property=\"og:image:type\" content=\"image\/jpeg\" \/>\n<meta name=\"author\" content=\"Giovanni Porf\u00edrio Jacomino\" \/>\n<meta name=\"twitter:card\" content=\"summary_large_image\" \/>\n<meta name=\"twitter:creator\" content=\"@sunoresearch\" \/>\n<meta name=\"twitter:site\" content=\"@sunoresearch\" \/>\n<meta name=\"twitter:label1\" content=\"Escrito por\" \/>\n\t<meta name=\"twitter:data1\" content=\"Giovanni Porf\u00edrio Jacomino\" \/>\n\t<meta name=\"twitter:label2\" content=\"Est. tempo de leitura\" \/>\n\t<meta name=\"twitter:data2\" content=\"3 minutos\" \/>\n<script type=\"application\/ld+json\" class=\"yoast-schema-graph\">{\"@context\":\"https:\/\/schema.org\",\"@graph\":[{\"@type\":\"NewsArticle\",\"@id\":\"https:\/\/www.suno.com.br\/noticias\/weg-wege3-itau-bba-acoes-gpj\/#article\",\"isPartOf\":{\"@id\":\"https:\/\/www.suno.com.br\/noticias\/weg-wege3-itau-bba-acoes-gpj\/\"},\"author\":{\"name\":\"Giovanni Porf\u00edrio Jacomino\",\"@id\":\"https:\/\/www.suno.com.br\/noticias\/#\/schema\/person\/d0f32748bbca4bee871fa191ee4e2d40\"},\"headline\":\"Weg (WEGE3): banco refor\u00e7a vis\u00e3o construtiva, citando &#8216;ventos favor\u00e1veis para o setor&#8217;\",\"datePublished\":\"2024-04-23T17:11:36+00:00\",\"dateModified\":\"2024-04-23T17:11:41+00:00\",\"mainEntityOfPage\":{\"@id\":\"https:\/\/www.suno.com.br\/noticias\/weg-wege3-itau-bba-acoes-gpj\/\"},\"wordCount\":567,\"publisher\":{\"@id\":\"https:\/\/www.suno.com.br\/noticias\/#organization\"},\"image\":{\"@id\":\"https:\/\/www.suno.com.br\/noticias\/weg-wege3-itau-bba-acoes-gpj\/#primaryimage\"},\"thumbnailUrl\":\"https:\/\/files.sunoresearch.com.br\/n\/uploads\/2022\/12\/Weg-wege3.jpg\",\"keywords\":[\"A\u00e7\u00f5es\",\"Especialistas\",\"Weg (WEGE3)\"],\"articleSection\":[\"Neg\u00f3cios\"],\"inLanguage\":\"pt-BR\"},{\"@type\":\"WebPage\",\"@id\":\"https:\/\/www.suno.com.br\/noticias\/weg-wege3-itau-bba-acoes-gpj\/\",\"url\":\"https:\/\/www.suno.com.br\/noticias\/weg-wege3-itau-bba-acoes-gpj\/\",\"name\":\"Weg (WEGE3): BBA tem vis\u00e3o construtiva, com 'ventos favor\u00e1veis'\",\"isPartOf\":{\"@id\":\"https:\/\/www.suno.com.br\/noticias\/#website\"},\"primaryImageOfPage\":{\"@id\":\"https:\/\/www.suno.com.br\/noticias\/weg-wege3-itau-bba-acoes-gpj\/#primaryimage\"},\"image\":{\"@id\":\"https:\/\/www.suno.com.br\/noticias\/weg-wege3-itau-bba-acoes-gpj\/#primaryimage\"},\"thumbnailUrl\":\"https:\/\/files.sunoresearch.com.br\/n\/uploads\/2022\/12\/Weg-wege3.jpg\",\"datePublished\":\"2024-04-23T17:11:36+00:00\",\"dateModified\":\"2024-04-23T17:11:41+00:00\",\"description\":\"Em relat\u00f3rio sobre a Weg, o Ita\u00fa BBA refor\u00e7ou sua perspectiva otimista para a companhia para 2024. Veja a vis\u00e3o do Ita\u00fa BBA sobre Weg.\",\"breadcrumb\":{\"@id\":\"https:\/\/www.suno.com.br\/noticias\/weg-wege3-itau-bba-acoes-gpj\/#breadcrumb\"},\"inLanguage\":\"pt-BR\",\"potentialAction\":[{\"@type\":\"ReadAction\",\"target\":[\"https:\/\/www.suno.com.br\/noticias\/weg-wege3-itau-bba-acoes-gpj\/\"]}]},{\"@type\":\"ImageObject\",\"inLanguage\":\"pt-BR\",\"@id\":\"https:\/\/www.suno.com.br\/noticias\/weg-wege3-itau-bba-acoes-gpj\/#primaryimage\",\"url\":\"https:\/\/files.sunoresearch.com.br\/n\/uploads\/2022\/12\/Weg-wege3.jpg\",\"contentUrl\":\"https:\/\/files.sunoresearch.com.br\/n\/uploads\/2022\/12\/Weg-wege3.jpg\",\"width\":2560,\"height\":1708,\"caption\":\"Weg (WEGE3) - Foto: Divulga\u00e7\u00e3o\"},{\"@type\":\"BreadcrumbList\",\"@id\":\"https:\/\/www.suno.com.br\/noticias\/weg-wege3-itau-bba-acoes-gpj\/#breadcrumb\",\"itemListElement\":[{\"@type\":\"ListItem\",\"position\":1,\"name\":\"Not\u00edcias\",\"item\":\"https:\/\/www.suno.com.br\/noticias\/\"},{\"@type\":\"ListItem\",\"position\":2,\"name\":\"Neg\u00f3cios\",\"item\":\"https:\/\/www.suno.com.br\/noticias\/negocios\/\"},{\"@type\":\"ListItem\",\"position\":3,\"name\":\"Weg (WEGE3): banco refor\u00e7a vis\u00e3o construtiva, citando &#8216;ventos favor\u00e1veis para o setor&#8217;\"}]},{\"@type\":\"WebSite\",\"@id\":\"https:\/\/www.suno.com.br\/noticias\/#website\",\"url\":\"https:\/\/www.suno.com.br\/noticias\/\",\"name\":\"Suno Not\u00edcias\",\"description\":\"Seu portal de informa\u00e7\u00e3o sobre o mundo dos investimentos\",\"publisher\":{\"@id\":\"https:\/\/www.suno.com.br\/noticias\/#organization\"},\"potentialAction\":[{\"@type\":\"SearchAction\",\"target\":{\"@type\":\"EntryPoint\",\"urlTemplate\":\"https:\/\/www.suno.com.br\/noticias\/?s={search_term_string}\"},\"query-input\":{\"@type\":\"PropertyValueSpecification\",\"valueRequired\":true,\"valueName\":\"search_term_string\"}}],\"inLanguage\":\"pt-BR\"},{\"@type\":\"Organization\",\"@id\":\"https:\/\/www.suno.com.br\/noticias\/#organization\",\"name\":\"Suno Not\u00edcias\",\"url\":\"https:\/\/www.suno.com.br\/noticias\/\",\"logo\":{\"@type\":\"ImageObject\",\"inLanguage\":\"pt-BR\",\"@id\":\"https:\/\/www.suno.com.br\/noticias\/#\/schema\/logo\/image\/\",\"url\":\"https:\/\/files.sunoresearch.com.br\/n\/uploads\/2021\/09\/suno-logo.png\",\"contentUrl\":\"https:\/\/files.sunoresearch.com.br\/n\/uploads\/2021\/09\/suno-logo.png\",\"width\":180,\"height\":180,\"caption\":\"Suno Not\u00edcias\"},\"image\":{\"@id\":\"https:\/\/www.suno.com.br\/noticias\/#\/schema\/logo\/image\/\"},\"sameAs\":[\"https:\/\/facebook.com\/sunoresearch\",\"https:\/\/x.com\/sunoresearch\",\"https:\/\/www.instagram.com\/suno\",\"https:\/\/www.linkedin.com\/company\/suno-research\/\",\"https:\/\/www.youtube.com\/c\/sunoresearch\"]},{\"@type\":\"Person\",\"@id\":\"https:\/\/www.suno.com.br\/noticias\/#\/schema\/person\/d0f32748bbca4bee871fa191ee4e2d40\",\"name\":\"Giovanni Porf\u00edrio Jacomino\",\"image\":{\"@type\":\"ImageObject\",\"inLanguage\":\"pt-BR\",\"@id\":\"https:\/\/www.suno.com.br\/noticias\/#\/schema\/person\/image\/\",\"url\":\"https:\/\/secure.gravatar.com\/avatar\/efb32e19b730a121cb7a80f41ffec01a?s=96&r=g\",\"contentUrl\":\"https:\/\/secure.gravatar.com\/avatar\/efb32e19b730a121cb7a80f41ffec01a?s=96&r=g\",\"caption\":\"Giovanni Porf\u00edrio Jacomino\"},\"description\":\"Giovanni Porf\u00edrio Jacomino \u00e9 jornalista formado pela Universidade Estadual de Londrina (UEL) e p\u00f3s-graduado em Produ\u00e7\u00e3o e Pr\u00e1ticas Jornal\u00edsticas na Contemporaneidade na Faculdade C\u00e1sper L\u00edbero (FCL). Foi editor web no Startupi e no Finsiders, atuando ainda como editor no TC Mover, portal de not\u00edcias da TradersClub, fazendo a cobertura de assuntos relacionados ao mercado financeiro interno e externo. Atualmente, \u00e9 Rep\u00f3rter do Suno Not\u00edcias.\",\"url\":\"https:\/\/www.suno.com.br\/noticias\/author\/giovanni-porfiriosuno-com-br\/\"}]}<\/script>\n<!-- \/ Yoast SEO plugin. -->","yoast_head_json":{"title":"Weg (WEGE3): BBA tem vis\u00e3o construtiva, com 'ventos favor\u00e1veis'","description":"Em relat\u00f3rio sobre a Weg, o Ita\u00fa BBA refor\u00e7ou sua perspectiva otimista para a companhia para 2024. Veja a vis\u00e3o do Ita\u00fa BBA sobre Weg.","robots":{"index":"index","follow":"follow","max-snippet":"max-snippet:-1","max-image-preview":"max-image-preview:large","max-video-preview":"max-video-preview:-1"},"canonical":"https:\/\/www.suno.com.br\/noticias\/weg-wege3-itau-bba-acoes-gpj\/","og_locale":"pt_BR","og_type":"article","og_title":"Weg (WEGE3): BBA tem vis\u00e3o construtiva, com 'ventos favor\u00e1veis'","og_description":"Em relat\u00f3rio sobre a Weg, o Ita\u00fa BBA refor\u00e7ou sua perspectiva otimista para a companhia para 2024. Veja a vis\u00e3o do Ita\u00fa BBA sobre Weg.","og_url":"https:\/\/www.suno.com.br\/noticias\/weg-wege3-itau-bba-acoes-gpj\/","og_site_name":"Suno Not\u00edcias","article_publisher":"https:\/\/facebook.com\/sunoresearch","og_image":[{"width":2560,"height":1708,"url":"https:\/\/files.sunoresearch.com.br\/n\/uploads\/2022\/12\/Weg-wege3.jpg","type":"image\/jpeg"}],"author":"Giovanni Porf\u00edrio Jacomino","twitter_card":"summary_large_image","twitter_creator":"@sunoresearch","twitter_site":"@sunoresearch","twitter_misc":{"Escrito por":"Giovanni Porf\u00edrio Jacomino","Est. tempo de leitura":"3 minutos"},"schema":{"@context":"https:\/\/schema.org","@graph":[{"@type":"NewsArticle","@id":"https:\/\/www.suno.com.br\/noticias\/weg-wege3-itau-bba-acoes-gpj\/#article","isPartOf":{"@id":"https:\/\/www.suno.com.br\/noticias\/weg-wege3-itau-bba-acoes-gpj\/"},"author":{"name":"Giovanni Porf\u00edrio Jacomino","@id":"https:\/\/www.suno.com.br\/noticias\/#\/schema\/person\/d0f32748bbca4bee871fa191ee4e2d40"},"headline":"Weg (WEGE3): banco refor\u00e7a vis\u00e3o construtiva, citando &#8216;ventos favor\u00e1veis para o setor&#8217;","datePublished":"2024-04-23T17:11:36+00:00","dateModified":"2024-04-23T17:11:41+00:00","mainEntityOfPage":{"@id":"https:\/\/www.suno.com.br\/noticias\/weg-wege3-itau-bba-acoes-gpj\/"},"wordCount":567,"publisher":{"@id":"https:\/\/www.suno.com.br\/noticias\/#organization"},"image":{"@id":"https:\/\/www.suno.com.br\/noticias\/weg-wege3-itau-bba-acoes-gpj\/#primaryimage"},"thumbnailUrl":"https:\/\/files.sunoresearch.com.br\/n\/uploads\/2022\/12\/Weg-wege3.jpg","keywords":["A\u00e7\u00f5es","Especialistas","Weg (WEGE3)"],"articleSection":["Neg\u00f3cios"],"inLanguage":"pt-BR"},{"@type":"WebPage","@id":"https:\/\/www.suno.com.br\/noticias\/weg-wege3-itau-bba-acoes-gpj\/","url":"https:\/\/www.suno.com.br\/noticias\/weg-wege3-itau-bba-acoes-gpj\/","name":"Weg (WEGE3): BBA tem vis\u00e3o construtiva, com 'ventos favor\u00e1veis'","isPartOf":{"@id":"https:\/\/www.suno.com.br\/noticias\/#website"},"primaryImageOfPage":{"@id":"https:\/\/www.suno.com.br\/noticias\/weg-wege3-itau-bba-acoes-gpj\/#primaryimage"},"image":{"@id":"https:\/\/www.suno.com.br\/noticias\/weg-wege3-itau-bba-acoes-gpj\/#primaryimage"},"thumbnailUrl":"https:\/\/files.sunoresearch.com.br\/n\/uploads\/2022\/12\/Weg-wege3.jpg","datePublished":"2024-04-23T17:11:36+00:00","dateModified":"2024-04-23T17:11:41+00:00","description":"Em relat\u00f3rio sobre a Weg, o Ita\u00fa BBA refor\u00e7ou sua perspectiva otimista para a companhia para 2024. Veja a vis\u00e3o do Ita\u00fa BBA sobre Weg.","breadcrumb":{"@id":"https:\/\/www.suno.com.br\/noticias\/weg-wege3-itau-bba-acoes-gpj\/#breadcrumb"},"inLanguage":"pt-BR","potentialAction":[{"@type":"ReadAction","target":["https:\/\/www.suno.com.br\/noticias\/weg-wege3-itau-bba-acoes-gpj\/"]}]},{"@type":"ImageObject","inLanguage":"pt-BR","@id":"https:\/\/www.suno.com.br\/noticias\/weg-wege3-itau-bba-acoes-gpj\/#primaryimage","url":"https:\/\/files.sunoresearch.com.br\/n\/uploads\/2022\/12\/Weg-wege3.jpg","contentUrl":"https:\/\/files.sunoresearch.com.br\/n\/uploads\/2022\/12\/Weg-wege3.jpg","width":2560,"height":1708,"caption":"Weg (WEGE3) - Foto: Divulga\u00e7\u00e3o"},{"@type":"BreadcrumbList","@id":"https:\/\/www.suno.com.br\/noticias\/weg-wege3-itau-bba-acoes-gpj\/#breadcrumb","itemListElement":[{"@type":"ListItem","position":1,"name":"Not\u00edcias","item":"https:\/\/www.suno.com.br\/noticias\/"},{"@type":"ListItem","position":2,"name":"Neg\u00f3cios","item":"https:\/\/www.suno.com.br\/noticias\/negocios\/"},{"@type":"ListItem","position":3,"name":"Weg (WEGE3): banco refor\u00e7a vis\u00e3o construtiva, citando &#8216;ventos favor\u00e1veis para o setor&#8217;"}]},{"@type":"WebSite","@id":"https:\/\/www.suno.com.br\/noticias\/#website","url":"https:\/\/www.suno.com.br\/noticias\/","name":"Suno Not\u00edcias","description":"Seu portal de informa\u00e7\u00e3o sobre o mundo dos investimentos","publisher":{"@id":"https:\/\/www.suno.com.br\/noticias\/#organization"},"potentialAction":[{"@type":"SearchAction","target":{"@type":"EntryPoint","urlTemplate":"https:\/\/www.suno.com.br\/noticias\/?s={search_term_string}"},"query-input":{"@type":"PropertyValueSpecification","valueRequired":true,"valueName":"search_term_string"}}],"inLanguage":"pt-BR"},{"@type":"Organization","@id":"https:\/\/www.suno.com.br\/noticias\/#organization","name":"Suno Not\u00edcias","url":"https:\/\/www.suno.com.br\/noticias\/","logo":{"@type":"ImageObject","inLanguage":"pt-BR","@id":"https:\/\/www.suno.com.br\/noticias\/#\/schema\/logo\/image\/","url":"https:\/\/files.sunoresearch.com.br\/n\/uploads\/2021\/09\/suno-logo.png","contentUrl":"https:\/\/files.sunoresearch.com.br\/n\/uploads\/2021\/09\/suno-logo.png","width":180,"height":180,"caption":"Suno Not\u00edcias"},"image":{"@id":"https:\/\/www.suno.com.br\/noticias\/#\/schema\/logo\/image\/"},"sameAs":["https:\/\/facebook.com\/sunoresearch","https:\/\/x.com\/sunoresearch","https:\/\/www.instagram.com\/suno","https:\/\/www.linkedin.com\/company\/suno-research\/","https:\/\/www.youtube.com\/c\/sunoresearch"]},{"@type":"Person","@id":"https:\/\/www.suno.com.br\/noticias\/#\/schema\/person\/d0f32748bbca4bee871fa191ee4e2d40","name":"Giovanni Porf\u00edrio Jacomino","image":{"@type":"ImageObject","inLanguage":"pt-BR","@id":"https:\/\/www.suno.com.br\/noticias\/#\/schema\/person\/image\/","url":"https:\/\/secure.gravatar.com\/avatar\/efb32e19b730a121cb7a80f41ffec01a?s=96&r=g","contentUrl":"https:\/\/secure.gravatar.com\/avatar\/efb32e19b730a121cb7a80f41ffec01a?s=96&r=g","caption":"Giovanni Porf\u00edrio Jacomino"},"description":"Giovanni Porf\u00edrio Jacomino \u00e9 jornalista formado pela Universidade Estadual de Londrina (UEL) e p\u00f3s-graduado em Produ\u00e7\u00e3o e Pr\u00e1ticas Jornal\u00edsticas na Contemporaneidade na Faculdade C\u00e1sper L\u00edbero (FCL). Foi editor web no Startupi e no Finsiders, atuando ainda como editor no TC Mover, portal de not\u00edcias da TradersClub, fazendo a cobertura de assuntos relacionados ao mercado financeiro interno e externo. Atualmente, \u00e9 Rep\u00f3rter do Suno Not\u00edcias.","url":"https:\/\/www.suno.com.br\/noticias\/author\/giovanni-porfiriosuno-com-br\/"}]}},"default_loop_html":"<div class=\"cardsPage__listCard__boxs\"><div class=\"cardsPage__listCard__boxs__img\"><a href=\"https:\/\/www.suno.com.br\/noticias\/weg-wege3-itau-bba-acoes-gpj\/\"><img class=\"mask\" src=\"https:\/\/www.suno.com.br\/noticias\/wp-content\/themes\/suno\/resources\/images\/spotlight\/spotlight1img\/bg-mask.png\" alt=\"Image Mask\"\/><img src=\"https:\/\/files.sunoresearch.com.br\/n\/uploads\/2022\/12\/Weg-wege3-400x200.jpg\" alt=\"Weg (WEGE3): banco refor\u00e7a vis\u00e3o construtiva, citando &#8216;ventos favor\u00e1veis para o setor&#8217;\"\/><\/a><span class=\"spotlightCategory\"><a href=\"https:\/\/www.suno.com.br\/noticias\/negocios\/\">Neg\u00f3cios<\/a><\/span><\/div><div class=\"cardsPage__listCard__boxs__content\"><a href=\"https:\/\/www.suno.com.br\/noticias\/weg-wege3-itau-bba-acoes-gpj\/\"><h2 class=\"content__title\">Weg (WEGE3): banco refor\u00e7a vis\u00e3o construtiva, citando &#8216;ventos favor\u00e1veis para o setor&#8217;<\/h2><\/a><div class=\"newsContent__article__meta\"><div class=\"newsContent__article__meta__authorBox\"><a href=\"https:\/\/www.suno.com.br\/noticias\/author\/giovanni-porfiriosuno-com-br\/\" class=\"authorBox__avatar noMobi\"><img src=\"https:\/\/files.sunoresearch.com.br\/n\/uploads\/2024\/05\/DSCF4115-1-1-150x150.webp\" alt=\"Giovanni Porf\u00edrio Jacomino\"><\/a><div class=\"authorBox__name\"><span>por\n\t\t\t<a href=\"https:\/\/www.suno.com.br\/noticias\/author\/giovanni-porfiriosuno-com-br\/\"><span itemprop=\"author\">Giovanni Porf\u00edrio Jacomino<\/span><\/a><\/span><time datetime=\"2024-04-23T14:11:36-03:00\" itemprop=\"datePublished\">23\/04\/2024 14:11<\/time><\/div><\/div><\/div><\/div><\/div>","single_layout":"posts","amp_enabled":true,"_links":{"self":[{"href":"https:\/\/www.suno.com.br\/noticias\/wp-json\/wp\/v2\/posts\/546796"}],"collection":[{"href":"https:\/\/www.suno.com.br\/noticias\/wp-json\/wp\/v2\/posts"}],"about":[{"href":"https:\/\/www.suno.com.br\/noticias\/wp-json\/wp\/v2\/types\/post"}],"author":[{"embeddable":true,"href":"https:\/\/www.suno.com.br\/noticias\/wp-json\/wp\/v2\/users\/313"}],"replies":[{"embeddable":true,"href":"https:\/\/www.suno.com.br\/noticias\/wp-json\/wp\/v2\/comments?post=546796"}],"version-history":[{"count":2,"href":"https:\/\/www.suno.com.br\/noticias\/wp-json\/wp\/v2\/posts\/546796\/revisions"}],"predecessor-version":[{"id":546926,"href":"https:\/\/www.suno.com.br\/noticias\/wp-json\/wp\/v2\/posts\/546796\/revisions\/546926"}],"wp:featuredmedia":[{"embeddable":true,"href":"https:\/\/www.suno.com.br\/noticias\/wp-json\/wp\/v2\/media\/336059"}],"wp:attachment":[{"href":"https:\/\/www.suno.com.br\/noticias\/wp-json\/wp\/v2\/media?parent=546796"}],"wp:term":[{"taxonomy":"category","embeddable":true,"href":"https:\/\/www.suno.com.br\/noticias\/wp-json\/wp\/v2\/categories?post=546796"},{"taxonomy":"post_tag","embeddable":true,"href":"https:\/\/www.suno.com.br\/noticias\/wp-json\/wp\/v2\/tags?post=546796"},{"taxonomy":"suno_strategy","embeddable":true,"href":"https:\/\/www.suno.com.br\/noticias\/wp-json\/wp\/v2\/suno_strategy?post=546796"}],"curies":[{"name":"wp","href":"https:\/\/api.w.org\/{rel}","templated":true}]}}