{"id":54679,"date":"2020-03-02T19:53:51","date_gmt":"2020-03-02T22:53:51","guid":{"rendered":"https:\/\/www.suno.com.br\/noticias\/?p=54679"},"modified":"2021-02-17T22:43:39","modified_gmt":"2021-02-18T01:43:39","slug":"coronavirus-bce-pronto-agir-contra-epidemia-lagarde","status":"publish","type":"post","link":"https:\/\/www.suno.com.br\/noticias\/coronavirus-bce-pronto-agir-contra-epidemia-lagarde\/","title":{"rendered":"Coronav\u00edrus: BCE est\u00e1 pronto para agir contra epidemia, diz Lagarde"},"content":{"rendered":"<p>A presidente do <a href=\"https:\/\/www.suno.com.br\/artigos\/bce\/\">Banco Central Europeu (BCE)<\/a>, <a href=\"https:\/\/www.suno.com.br\/tudo-sobre\/christine-lagarde\/\">Christine Lagarde<\/a>, afirmou nesta segunda-feira (2) que a institui\u00e7\u00e3o est\u00e1 pronta para tomar medidas para combater os impactos da epidemia de <strong>coronav\u00edrus<\/strong>.<\/p>\t<div class=\"wrapper-featured-image\">\n\t\t<figure class=\"spotlightImg\">\n\n\t\t\t<picture>\n\t\t\t\t<source media=\"(max-width: 768px)\" srcset=\"https:\/\/files.sunoresearch.com.br\/n\/uploads\/2020\/03\/81b4718b-lagarde-400x200.webp\">\n\t\t\t\t<img loading=\"lazy\" decoding=\"async\" class=\"newsContent__article__imgCapa lazyloadDisabled newsContent__article__imgCapa--noCaption\" src=\"https:\/\/files.sunoresearch.com.br\/n\/uploads\/2020\/03\/81b4718b-lagarde-800x450.webp\" width=\"800\" height=\"450\" alt=\"Coronav\u00edrus: BCE est\u00e1 pronto para agir contra epidemia, diz Lagarde\" fetchpriority=high \/>\n\t\t\t<\/picture>\n\n\t\t\t<figcaption class=\"wp-caption-text wp-caption-text--hide\">A presidente do BCE decidiu n\u00e3o cortar os juros para ajudar com os impactos sofridos pelo surto de coronav\u00edrus. Clique aqui para saber mais. <\/figcaption>\n\t\t<\/figure>\n\t<\/div>\n\n\n\n<p>De acordo com Lagarde, o <strong>BCE<\/strong> est\u00e1 acompanhando as consequ\u00eancias econ\u00f4micas do coronav\u00edrus. Com isso, a institui\u00e7\u00e3o est\u00e1 desenvolvendo medidas para conter os reflexos da doen\u00e7a.<\/p>\n<p><span style=\"font-size: 1.21429rem;\">&#8220;O BCE est\u00e1 monitorando de perto os desenvolvimentos e suas implica\u00e7\u00f5es para a economia. Estamos prontos para tomar medidas apropriadas e direcionadas, conforme necess\u00e1rio e proporcionais aos riscos subjacentes&#8221;, afirmou Lagarde.<\/span><\/p>\n<p>A presidente do banco salientou que a epidemia \u00e9 uma situa\u00e7\u00e3o que muda muito rapidamente. Como consequ\u00eancia, s\u00e3o gerados riscos \u00e0s perspectivas econ\u00f4micas e ao funcionamento dos mercados financeiros.<\/p>\n<p>O vice-presidente da institui\u00e7\u00e3o europeia, Luis de Guindos, afirmou ainda que os bancos centrais globais est\u00e3o conversando sobre os impactos da doen\u00e7a. Segundo Guindos, esta \u00e9 uma medida que acontece durante per\u00edodos de volatilidade econ\u00f4mica.<\/p>\n<h2>Outros bancos centrais tamb\u00e9m anunciam medidas<\/h2>\n<p>Al\u00e9m do BCE, o <a href=\"https:\/\/www.suno.com.br\/artigos\/fed\/\"><strong>Federal Reserve<\/strong> (Fed)<\/a>, banco central norte-americano, tamb\u00e9m informou que tomar\u00e1 medidas para apoiar a economia em meio a expans\u00e3o do v\u00edrus. O presidente do Fed, <a href=\"https:\/\/www.suno.com.br\/tudo-sobre\/jerome-powell\/\">Jerome Powell<\/a>, mencionou que um poss\u00edvel corte na taxa de juros do pa\u00eds \u00e9 uma das alternativas que poder\u00e1 ser tomada.<\/p>\n\t<p>\n\t\t<a href=\"https:\/\/www.seculus.com.br\/blackfriday\" target=\"_blank\" data-element=\"shortcode-suno-banner\" title=\"Banner SUNO, clique e saiba mais\">\n\t\t\t<picture>\n\t\t\t\t<source media=\"(max-width: 500px)\" srcset=\"https:\/\/files.sunoresearch.com.br\/n\/uploads\/2023\/11\/seculus_suno_mobile_1.jpg\">\n\t\t\t\t<img class=\"newsContent__article__imgCapa newsContent__article__imgCapa--banner\"\n\t\t\t\t\tsrc=\"https:\/\/files.sunoresearch.com.br\/n\/uploads\/2023\/11\/seculus_suno_desktop_1.jpg\"\n\t\t\t\t\tdata-promo-id=\"474122\"\t\t\t\t\t\t\t\t\t\twidth='1420' height='240'\t\t\t\t\talt=\"https:\/\/files.sunoresearch.com.br\/n\/uploads\/2023\/11\/seculus_suno_desktop_1.jpg\"\n\t\t\t\t>\n\t\t\t<\/picture>\n\t\t<\/a>\n\t<\/p>\n\n\n<p>O presidente do Banco Central do Jap\u00e3o, Haruhiko Kuroda, tamb\u00e9m ressaltou que a autoridade monet\u00e1ria se comprometer\u00e1 a fazer medidas que possam garantir a estabilidade dos mercados financeiros em meio \u00e0 epidemia.<\/p>\n<p>&#8220;O Banco do Jap\u00e3o acompanhar\u00e1 de perto os desenvolvimentos futuros e se esfor\u00e7ar\u00e1 para fornecer ampla liquidez e garantir a estabilidade nos mercados financeiros por meio de opera\u00e7\u00f5es de mercado apropriadas e compra de ativos&#8221;, afirmou Kuroda.<\/p>\n<p>O Banco da Inglaterra tamb\u00e9m comunicou que est\u00e1 monitorando os impactos da doen\u00e7a nos bancos do Reino Unido.<\/p>\n<h2>Coronav\u00edrus deve afetar crescimento econ\u00f4mico global<\/h2>\n<p>O <strong>coronav\u00edrus<\/strong> (Covid-19) far\u00e1 com que a economia global em 2020 cres\u00e7a 2,4%, menor n\u00edvel de expans\u00e3o desde 2009, durante a<a href=\"https:\/\/www.suno.com.br\/artigos\/crise-do-subprime\/\"> crise financeira mundial,<\/a> segundo a <a href=\"https:\/\/www.suno.com.br\/artigos\/ocde\/\">Organiza\u00e7\u00e3o para a Coopera\u00e7\u00e3o e Desenvolvimento Econ\u00f4mico (OCDE)<\/a>.<\/p>\n<p><a href=\"https:\/\/www.suno.com.br\/noticias\/coronavirus-ocde-projeta-crescimento-global-menor\/\">Saiba mais: Coronav\u00edrus: OCDE prev\u00ea o menor crescimento global desde 2009<\/a><\/p>\n<p>A estimativa anterior era um crescimento de 2,9%. &#8220;As perspectivas econ\u00f4micas globais permanecem moderadas e muito incertas devido ao surto&#8221;, destacou a organiza\u00e7\u00e3o em um relat\u00f3rio, citando o risco de retra\u00e7\u00e3o na economia global na primeira metade deste ano.<\/p>\n<p>A OCDE informou que espera um crescimento econ\u00f4mico chin\u00eas a uma taxa de 4,9%, frente a expectativa anterior de 5,7%, divulgada em novembro de 2019. Al\u00e9m disso, com as consequ\u00eancias do <strong>coronav\u00edrus<\/strong>, organiza\u00e7\u00e3o espera que em 2021 a China volte a crescer em maior ritmo, a 6,4%.<\/p>\n\n","protected":false},"excerpt":{"rendered":"<p>A presidente do Banco Central Europeu (BCE), Christine Lagarde, afirmou nesta segunda-feira (2) que a institui\u00e7\u00e3o est\u00e1 pronta para tomar medidas para combater os impactos da epidemia de coronav\u00edrus. A presidente do BCE decidiu n\u00e3o cortar os juros para ajudar com os impactos sofridos pelo surto de coronav\u00edrus. Clique aqui para saber mais. De acordo [&hellip;]<\/p>\n","protected":false},"author":18,"featured_media":54682,"comment_status":"closed","ping_status":"closed","sticky":false,"template":"","format":"standard","meta":[],"categories":[63],"tags":[863,1528,2487],"suno_strategy":[],"class_list":["post-54679","post","type-post","status-publish","format-standard","has-post-thumbnail","hentry","category-internacional","tag-banco-central-europeu-bce","tag-christine-lagarde","tag-coronavirus"],"yoast_head":"<!-- This site is optimized with the Yoast SEO plugin v24.4 - https:\/\/yoast.com\/wordpress\/plugins\/seo\/ -->\n<title>Coronav\u00edrus: BCE est\u00e1 pronto para agir contra doen\u00e7a, diz Lagarde<\/title>\n<meta name=\"description\" content=\"O Banco Central Europeu (BCE) est\u00e1 pronto para tomar medidas para combater os impactos do surto de coronav\u00edrus. Clique para saber mais.\" \/>\n<meta name=\"robots\" content=\"index, follow, max-snippet:-1, max-image-preview:large, max-video-preview:-1\" \/>\n<link rel=\"canonical\" href=\"https:\/\/www.suno.com.br\/noticias\/coronavirus-bce-pronto-agir-contra-epidemia-lagarde\/\" \/>\n<meta property=\"og:locale\" content=\"pt_BR\" \/>\n<meta property=\"og:type\" content=\"article\" \/>\n<meta property=\"og:title\" content=\"Coronav\u00edrus: BCE est\u00e1 pronto para agir contra doen\u00e7a, diz Lagarde\" \/>\n<meta property=\"og:description\" content=\"O Banco Central Europeu (BCE) est\u00e1 pronto para tomar medidas para combater os impactos do surto de coronav\u00edrus. Clique para saber mais.\" \/>\n<meta property=\"og:url\" content=\"https:\/\/www.suno.com.br\/noticias\/coronavirus-bce-pronto-agir-contra-epidemia-lagarde\/\" \/>\n<meta property=\"og:site_name\" content=\"Suno Not\u00edcias\" \/>\n<meta property=\"article:publisher\" content=\"https:\/\/facebook.com\/sunoresearch\" \/>\n<meta property=\"og:image\" content=\"https:\/\/files.sunoresearch.com.br\/n\/uploads\/2020\/03\/81b4718b-lagarde.jpg\" \/>\n\t<meta property=\"og:image:width\" content=\"1170\" \/>\n\t<meta property=\"og:image:height\" content=\"700\" \/>\n\t<meta property=\"og:image:type\" content=\"image\/jpeg\" \/>\n<meta name=\"author\" content=\"Giovanna Oliveira\" \/>\n<meta name=\"twitter:card\" content=\"summary_large_image\" \/>\n<meta name=\"twitter:creator\" content=\"@sunoresearch\" \/>\n<meta name=\"twitter:site\" content=\"@sunoresearch\" \/>\n<meta name=\"twitter:label1\" content=\"Escrito por\" \/>\n\t<meta name=\"twitter:data1\" content=\"Giovanna Oliveira\" \/>\n\t<meta name=\"twitter:label2\" content=\"Est. tempo de leitura\" \/>\n\t<meta name=\"twitter:data2\" content=\"2 minutos\" \/>\n<script type=\"application\/ld+json\" class=\"yoast-schema-graph\">{\"@context\":\"https:\/\/schema.org\",\"@graph\":[{\"@type\":\"NewsArticle\",\"@id\":\"https:\/\/www.suno.com.br\/noticias\/coronavirus-bce-pronto-agir-contra-epidemia-lagarde\/#article\",\"isPartOf\":{\"@id\":\"https:\/\/www.suno.com.br\/noticias\/coronavirus-bce-pronto-agir-contra-epidemia-lagarde\/\"},\"author\":{\"name\":\"Giovanna Oliveira\",\"@id\":\"https:\/\/www.suno.com.br\/noticias\/#\/schema\/person\/4e19e3d2575736e5283d58eb3199d120\"},\"headline\":\"Coronav\u00edrus: BCE est\u00e1 pronto para agir contra epidemia, diz Lagarde\",\"datePublished\":\"2020-03-02T22:53:51+00:00\",\"dateModified\":\"2021-02-18T01:43:39+00:00\",\"mainEntityOfPage\":{\"@id\":\"https:\/\/www.suno.com.br\/noticias\/coronavirus-bce-pronto-agir-contra-epidemia-lagarde\/\"},\"wordCount\":490,\"publisher\":{\"@id\":\"https:\/\/www.suno.com.br\/noticias\/#organization\"},\"image\":{\"@id\":\"https:\/\/www.suno.com.br\/noticias\/coronavirus-bce-pronto-agir-contra-epidemia-lagarde\/#primaryimage\"},\"thumbnailUrl\":\"https:\/\/files.sunoresearch.com.br\/n\/uploads\/2020\/03\/81b4718b-lagarde-jpg.webp\",\"keywords\":[\"Banco Central Europeu (BCE)\",\"Christine Lagarde\",\"coronav\u00edrus\"],\"articleSection\":[\"Internacional\"],\"inLanguage\":\"pt-BR\"},{\"@type\":\"WebPage\",\"@id\":\"https:\/\/www.suno.com.br\/noticias\/coronavirus-bce-pronto-agir-contra-epidemia-lagarde\/\",\"url\":\"https:\/\/www.suno.com.br\/noticias\/coronavirus-bce-pronto-agir-contra-epidemia-lagarde\/\",\"name\":\"Coronav\u00edrus: BCE est\u00e1 pronto para agir contra doen\u00e7a, diz Lagarde\",\"isPartOf\":{\"@id\":\"https:\/\/www.suno.com.br\/noticias\/#website\"},\"primaryImageOfPage\":{\"@id\":\"https:\/\/www.suno.com.br\/noticias\/coronavirus-bce-pronto-agir-contra-epidemia-lagarde\/#primaryimage\"},\"image\":{\"@id\":\"https:\/\/www.suno.com.br\/noticias\/coronavirus-bce-pronto-agir-contra-epidemia-lagarde\/#primaryimage\"},\"thumbnailUrl\":\"https:\/\/files.sunoresearch.com.br\/n\/uploads\/2020\/03\/81b4718b-lagarde-jpg.webp\",\"datePublished\":\"2020-03-02T22:53:51+00:00\",\"dateModified\":\"2021-02-18T01:43:39+00:00\",\"description\":\"O Banco Central Europeu (BCE) est\u00e1 pronto para tomar medidas para combater os impactos do surto de coronav\u00edrus. Clique para saber mais.\",\"breadcrumb\":{\"@id\":\"https:\/\/www.suno.com.br\/noticias\/coronavirus-bce-pronto-agir-contra-epidemia-lagarde\/#breadcrumb\"},\"inLanguage\":\"pt-BR\",\"potentialAction\":[{\"@type\":\"ReadAction\",\"target\":[\"https:\/\/www.suno.com.br\/noticias\/coronavirus-bce-pronto-agir-contra-epidemia-lagarde\/\"]}]},{\"@type\":\"ImageObject\",\"inLanguage\":\"pt-BR\",\"@id\":\"https:\/\/www.suno.com.br\/noticias\/coronavirus-bce-pronto-agir-contra-epidemia-lagarde\/#primaryimage\",\"url\":\"https:\/\/files.sunoresearch.com.br\/n\/uploads\/2020\/03\/81b4718b-lagarde-jpg.webp\",\"contentUrl\":\"https:\/\/files.sunoresearch.com.br\/n\/uploads\/2020\/03\/81b4718b-lagarde-jpg.webp\",\"width\":1170,\"height\":700,\"caption\":\"A presidente do BCE decidiu n\u00e3o cortar os juros para ajudar com os impactos sofridos pelo surto de coronav\u00edrus. Clique aqui para saber mais.\"},{\"@type\":\"BreadcrumbList\",\"@id\":\"https:\/\/www.suno.com.br\/noticias\/coronavirus-bce-pronto-agir-contra-epidemia-lagarde\/#breadcrumb\",\"itemListElement\":[{\"@type\":\"ListItem\",\"position\":1,\"name\":\"Not\u00edcias\",\"item\":\"https:\/\/www.suno.com.br\/noticias\/\"},{\"@type\":\"ListItem\",\"position\":2,\"name\":\"Internacional\",\"item\":\"https:\/\/www.suno.com.br\/noticias\/internacional\/\"},{\"@type\":\"ListItem\",\"position\":3,\"name\":\"Coronav\u00edrus: BCE est\u00e1 pronto para agir contra epidemia, diz Lagarde\"}]},{\"@type\":\"WebSite\",\"@id\":\"https:\/\/www.suno.com.br\/noticias\/#website\",\"url\":\"https:\/\/www.suno.com.br\/noticias\/\",\"name\":\"Suno Not\u00edcias\",\"description\":\"Seu portal de informa\u00e7\u00e3o sobre o mundo dos investimentos\",\"publisher\":{\"@id\":\"https:\/\/www.suno.com.br\/noticias\/#organization\"},\"potentialAction\":[{\"@type\":\"SearchAction\",\"target\":{\"@type\":\"EntryPoint\",\"urlTemplate\":\"https:\/\/www.suno.com.br\/noticias\/?s={search_term_string}\"},\"query-input\":{\"@type\":\"PropertyValueSpecification\",\"valueRequired\":true,\"valueName\":\"search_term_string\"}}],\"inLanguage\":\"pt-BR\"},{\"@type\":\"Organization\",\"@id\":\"https:\/\/www.suno.com.br\/noticias\/#organization\",\"name\":\"Suno Not\u00edcias\",\"url\":\"https:\/\/www.suno.com.br\/noticias\/\",\"logo\":{\"@type\":\"ImageObject\",\"inLanguage\":\"pt-BR\",\"@id\":\"https:\/\/www.suno.com.br\/noticias\/#\/schema\/logo\/image\/\",\"url\":\"https:\/\/files.sunoresearch.com.br\/n\/uploads\/2021\/09\/suno-logo.png\",\"contentUrl\":\"https:\/\/files.sunoresearch.com.br\/n\/uploads\/2021\/09\/suno-logo.png\",\"width\":180,\"height\":180,\"caption\":\"Suno Not\u00edcias\"},\"image\":{\"@id\":\"https:\/\/www.suno.com.br\/noticias\/#\/schema\/logo\/image\/\"},\"sameAs\":[\"https:\/\/facebook.com\/sunoresearch\",\"https:\/\/x.com\/sunoresearch\",\"https:\/\/www.instagram.com\/suno\",\"https:\/\/www.linkedin.com\/company\/suno-research\/\",\"https:\/\/www.youtube.com\/c\/sunoresearch\"]},{\"@type\":\"Person\",\"@id\":\"https:\/\/www.suno.com.br\/noticias\/#\/schema\/person\/4e19e3d2575736e5283d58eb3199d120\",\"name\":\"Giovanna Oliveira\",\"image\":{\"@type\":\"ImageObject\",\"inLanguage\":\"pt-BR\",\"@id\":\"https:\/\/www.suno.com.br\/noticias\/#\/schema\/person\/image\/\",\"url\":\"https:\/\/secure.gravatar.com\/avatar\/9a37b3ae208962ac568992d0ffdbc2eb?s=96&r=g\",\"contentUrl\":\"https:\/\/secure.gravatar.com\/avatar\/9a37b3ae208962ac568992d0ffdbc2eb?s=96&r=g\",\"caption\":\"Giovanna Oliveira\"},\"description\":\"Giovanna Oliveira escreve sobre economia e pol\u00edtica. Foi rep\u00f3rter do portal de jornalismo da ESPM-SP e produziu conte\u00fado para a Corinthians TV. \u00c9 estudante da ESPM.\",\"url\":\"https:\/\/www.suno.com.br\/noticias\/author\/giovanna\/\"}]}<\/script>\n<!-- \/ Yoast SEO plugin. -->","yoast_head_json":{"title":"Coronav\u00edrus: BCE est\u00e1 pronto para agir contra doen\u00e7a, diz Lagarde","description":"O Banco Central Europeu (BCE) est\u00e1 pronto para tomar medidas para combater os impactos do surto de coronav\u00edrus. Clique para saber mais.","robots":{"index":"index","follow":"follow","max-snippet":"max-snippet:-1","max-image-preview":"max-image-preview:large","max-video-preview":"max-video-preview:-1"},"canonical":"https:\/\/www.suno.com.br\/noticias\/coronavirus-bce-pronto-agir-contra-epidemia-lagarde\/","og_locale":"pt_BR","og_type":"article","og_title":"Coronav\u00edrus: BCE est\u00e1 pronto para agir contra doen\u00e7a, diz Lagarde","og_description":"O Banco Central Europeu (BCE) est\u00e1 pronto para tomar medidas para combater os impactos do surto de coronav\u00edrus. Clique para saber mais.","og_url":"https:\/\/www.suno.com.br\/noticias\/coronavirus-bce-pronto-agir-contra-epidemia-lagarde\/","og_site_name":"Suno Not\u00edcias","article_publisher":"https:\/\/facebook.com\/sunoresearch","og_image":[{"width":1170,"height":700,"url":"https:\/\/files.sunoresearch.com.br\/n\/uploads\/2020\/03\/81b4718b-lagarde.jpg","type":"image\/jpeg"}],"author":"Giovanna Oliveira","twitter_card":"summary_large_image","twitter_creator":"@sunoresearch","twitter_site":"@sunoresearch","twitter_misc":{"Escrito por":"Giovanna Oliveira","Est. tempo de leitura":"2 minutos"},"schema":{"@context":"https:\/\/schema.org","@graph":[{"@type":"NewsArticle","@id":"https:\/\/www.suno.com.br\/noticias\/coronavirus-bce-pronto-agir-contra-epidemia-lagarde\/#article","isPartOf":{"@id":"https:\/\/www.suno.com.br\/noticias\/coronavirus-bce-pronto-agir-contra-epidemia-lagarde\/"},"author":{"name":"Giovanna Oliveira","@id":"https:\/\/www.suno.com.br\/noticias\/#\/schema\/person\/4e19e3d2575736e5283d58eb3199d120"},"headline":"Coronav\u00edrus: BCE est\u00e1 pronto para agir contra epidemia, diz Lagarde","datePublished":"2020-03-02T22:53:51+00:00","dateModified":"2021-02-18T01:43:39+00:00","mainEntityOfPage":{"@id":"https:\/\/www.suno.com.br\/noticias\/coronavirus-bce-pronto-agir-contra-epidemia-lagarde\/"},"wordCount":490,"publisher":{"@id":"https:\/\/www.suno.com.br\/noticias\/#organization"},"image":{"@id":"https:\/\/www.suno.com.br\/noticias\/coronavirus-bce-pronto-agir-contra-epidemia-lagarde\/#primaryimage"},"thumbnailUrl":"https:\/\/files.sunoresearch.com.br\/n\/uploads\/2020\/03\/81b4718b-lagarde-jpg.webp","keywords":["Banco Central Europeu (BCE)","Christine Lagarde","coronav\u00edrus"],"articleSection":["Internacional"],"inLanguage":"pt-BR"},{"@type":"WebPage","@id":"https:\/\/www.suno.com.br\/noticias\/coronavirus-bce-pronto-agir-contra-epidemia-lagarde\/","url":"https:\/\/www.suno.com.br\/noticias\/coronavirus-bce-pronto-agir-contra-epidemia-lagarde\/","name":"Coronav\u00edrus: BCE est\u00e1 pronto para agir contra doen\u00e7a, diz Lagarde","isPartOf":{"@id":"https:\/\/www.suno.com.br\/noticias\/#website"},"primaryImageOfPage":{"@id":"https:\/\/www.suno.com.br\/noticias\/coronavirus-bce-pronto-agir-contra-epidemia-lagarde\/#primaryimage"},"image":{"@id":"https:\/\/www.suno.com.br\/noticias\/coronavirus-bce-pronto-agir-contra-epidemia-lagarde\/#primaryimage"},"thumbnailUrl":"https:\/\/files.sunoresearch.com.br\/n\/uploads\/2020\/03\/81b4718b-lagarde-jpg.webp","datePublished":"2020-03-02T22:53:51+00:00","dateModified":"2021-02-18T01:43:39+00:00","description":"O Banco Central Europeu (BCE) est\u00e1 pronto para tomar medidas para combater os impactos do surto de coronav\u00edrus. Clique para saber mais.","breadcrumb":{"@id":"https:\/\/www.suno.com.br\/noticias\/coronavirus-bce-pronto-agir-contra-epidemia-lagarde\/#breadcrumb"},"inLanguage":"pt-BR","potentialAction":[{"@type":"ReadAction","target":["https:\/\/www.suno.com.br\/noticias\/coronavirus-bce-pronto-agir-contra-epidemia-lagarde\/"]}]},{"@type":"ImageObject","inLanguage":"pt-BR","@id":"https:\/\/www.suno.com.br\/noticias\/coronavirus-bce-pronto-agir-contra-epidemia-lagarde\/#primaryimage","url":"https:\/\/files.sunoresearch.com.br\/n\/uploads\/2020\/03\/81b4718b-lagarde-jpg.webp","contentUrl":"https:\/\/files.sunoresearch.com.br\/n\/uploads\/2020\/03\/81b4718b-lagarde-jpg.webp","width":1170,"height":700,"caption":"A presidente do BCE decidiu n\u00e3o cortar os juros para ajudar com os impactos sofridos pelo surto de coronav\u00edrus. Clique aqui para saber mais."},{"@type":"BreadcrumbList","@id":"https:\/\/www.suno.com.br\/noticias\/coronavirus-bce-pronto-agir-contra-epidemia-lagarde\/#breadcrumb","itemListElement":[{"@type":"ListItem","position":1,"name":"Not\u00edcias","item":"https:\/\/www.suno.com.br\/noticias\/"},{"@type":"ListItem","position":2,"name":"Internacional","item":"https:\/\/www.suno.com.br\/noticias\/internacional\/"},{"@type":"ListItem","position":3,"name":"Coronav\u00edrus: BCE est\u00e1 pronto para agir contra epidemia, diz Lagarde"}]},{"@type":"WebSite","@id":"https:\/\/www.suno.com.br\/noticias\/#website","url":"https:\/\/www.suno.com.br\/noticias\/","name":"Suno Not\u00edcias","description":"Seu portal de informa\u00e7\u00e3o sobre o mundo dos investimentos","publisher":{"@id":"https:\/\/www.suno.com.br\/noticias\/#organization"},"potentialAction":[{"@type":"SearchAction","target":{"@type":"EntryPoint","urlTemplate":"https:\/\/www.suno.com.br\/noticias\/?s={search_term_string}"},"query-input":{"@type":"PropertyValueSpecification","valueRequired":true,"valueName":"search_term_string"}}],"inLanguage":"pt-BR"},{"@type":"Organization","@id":"https:\/\/www.suno.com.br\/noticias\/#organization","name":"Suno Not\u00edcias","url":"https:\/\/www.suno.com.br\/noticias\/","logo":{"@type":"ImageObject","inLanguage":"pt-BR","@id":"https:\/\/www.suno.com.br\/noticias\/#\/schema\/logo\/image\/","url":"https:\/\/files.sunoresearch.com.br\/n\/uploads\/2021\/09\/suno-logo.png","contentUrl":"https:\/\/files.sunoresearch.com.br\/n\/uploads\/2021\/09\/suno-logo.png","width":180,"height":180,"caption":"Suno Not\u00edcias"},"image":{"@id":"https:\/\/www.suno.com.br\/noticias\/#\/schema\/logo\/image\/"},"sameAs":["https:\/\/facebook.com\/sunoresearch","https:\/\/x.com\/sunoresearch","https:\/\/www.instagram.com\/suno","https:\/\/www.linkedin.com\/company\/suno-research\/","https:\/\/www.youtube.com\/c\/sunoresearch"]},{"@type":"Person","@id":"https:\/\/www.suno.com.br\/noticias\/#\/schema\/person\/4e19e3d2575736e5283d58eb3199d120","name":"Giovanna Oliveira","image":{"@type":"ImageObject","inLanguage":"pt-BR","@id":"https:\/\/www.suno.com.br\/noticias\/#\/schema\/person\/image\/","url":"https:\/\/secure.gravatar.com\/avatar\/9a37b3ae208962ac568992d0ffdbc2eb?s=96&r=g","contentUrl":"https:\/\/secure.gravatar.com\/avatar\/9a37b3ae208962ac568992d0ffdbc2eb?s=96&r=g","caption":"Giovanna Oliveira"},"description":"Giovanna Oliveira escreve sobre economia e pol\u00edtica. Foi rep\u00f3rter do portal de jornalismo da ESPM-SP e produziu conte\u00fado para a Corinthians TV. \u00c9 estudante da ESPM.","url":"https:\/\/www.suno.com.br\/noticias\/author\/giovanna\/"}]}},"default_loop_html":"<div class=\"cardsPage__listCard__boxs\"><div class=\"cardsPage__listCard__boxs__img\"><a href=\"https:\/\/www.suno.com.br\/noticias\/coronavirus-bce-pronto-agir-contra-epidemia-lagarde\/\"><img class=\"mask\" src=\"https:\/\/www.suno.com.br\/noticias\/wp-content\/themes\/suno\/resources\/images\/spotlight\/spotlight1img\/bg-mask.png\" alt=\"Image Mask\"\/><img src=\"https:\/\/files.sunoresearch.com.br\/n\/uploads\/2020\/03\/81b4718b-lagarde-400x200.webp\" alt=\"Coronav\u00edrus: BCE est\u00e1 pronto para agir contra epidemia, diz Lagarde\"\/><\/a><span class=\"spotlightCategory\"><a href=\"https:\/\/www.suno.com.br\/noticias\/internacional\/\">Internacional<\/a><\/span><\/div><div class=\"cardsPage__listCard__boxs__content\"><a href=\"https:\/\/www.suno.com.br\/noticias\/coronavirus-bce-pronto-agir-contra-epidemia-lagarde\/\"><h2 class=\"content__title\">Coronav\u00edrus: BCE est\u00e1 pronto para agir contra epidemia, diz Lagarde<\/h2><\/a><div class=\"newsContent__article__meta\"><div class=\"newsContent__article__meta__authorBox\"><a href=\"https:\/\/www.suno.com.br\/noticias\/author\/giovanna\/\" class=\"authorBox__avatar noMobi\"><img src=\"https:\/\/files.sunoresearch.com.br\/n\/uploads\/2019\/06\/952a89ca-screenshot_20190608-171507-150x150.webp\" alt=\"Giovanna Oliveira\"><\/a><div class=\"authorBox__name\"><span>por\n\t\t\t<a href=\"https:\/\/www.suno.com.br\/noticias\/author\/giovanna\/\"><span itemprop=\"author\">Giovanna Oliveira<\/span><\/a><\/span><time datetime=\"2020-03-02T19:53:51-03:00\" itemprop=\"datePublished\">02\/03\/2020 19:53<\/time><\/div><\/div><\/div><\/div><\/div>","single_layout":"posts","amp_enabled":true,"_links":{"self":[{"href":"https:\/\/www.suno.com.br\/noticias\/wp-json\/wp\/v2\/posts\/54679"}],"collection":[{"href":"https:\/\/www.suno.com.br\/noticias\/wp-json\/wp\/v2\/posts"}],"about":[{"href":"https:\/\/www.suno.com.br\/noticias\/wp-json\/wp\/v2\/types\/post"}],"author":[{"embeddable":true,"href":"https:\/\/www.suno.com.br\/noticias\/wp-json\/wp\/v2\/users\/18"}],"replies":[{"embeddable":true,"href":"https:\/\/www.suno.com.br\/noticias\/wp-json\/wp\/v2\/comments?post=54679"}],"version-history":[{"count":0,"href":"https:\/\/www.suno.com.br\/noticias\/wp-json\/wp\/v2\/posts\/54679\/revisions"}],"wp:featuredmedia":[{"embeddable":true,"href":"https:\/\/www.suno.com.br\/noticias\/wp-json\/wp\/v2\/media\/54682"}],"wp:attachment":[{"href":"https:\/\/www.suno.com.br\/noticias\/wp-json\/wp\/v2\/media?parent=54679"}],"wp:term":[{"taxonomy":"category","embeddable":true,"href":"https:\/\/www.suno.com.br\/noticias\/wp-json\/wp\/v2\/categories?post=54679"},{"taxonomy":"post_tag","embeddable":true,"href":"https:\/\/www.suno.com.br\/noticias\/wp-json\/wp\/v2\/tags?post=54679"},{"taxonomy":"suno_strategy","embeddable":true,"href":"https:\/\/www.suno.com.br\/noticias\/wp-json\/wp\/v2\/suno_strategy?post=54679"}],"curies":[{"name":"wp","href":"https:\/\/api.w.org\/{rel}","templated":true}]}}