{"id":546705,"date":"2024-04-23T11:23:38","date_gmt":"2024-04-23T14:23:38","guid":{"rendered":"https:\/\/www.suno.com.br\/noticias\/?p=546705"},"modified":"2024-04-23T11:23:43","modified_gmt":"2024-04-23T14:23:43","slug":"marisa-amar3-balanco-4t23-gpj","status":"publish","type":"post","link":"https:\/\/www.suno.com.br\/noticias\/marisa-amar3-balanco-4t23-gpj\/","title":{"rendered":"Marisa (AMAR3) tem preju\u00edzo de R$ 101,3 milh\u00f5es no 4T23, queda anual de 51,8%"},"content":{"rendered":"<p>A <a href=\"https:\/\/www.suno.com.br\/acoes\/AMAR3\/\">Lojas <strong>Marisa<\/strong> (AMAR3)<\/a> apresentou um preju\u00edzo l\u00edquido ajustado de R$ 101,3 milh\u00f5es no quarto trimestre de 2023, queda de 51,8% ante o preju\u00edzo de R$ 210,1 milh\u00f5es registrado no mesmo per\u00edodo de 2022, impactados pelos desafios impostos pela reestrutura\u00e7\u00e3o em 2023, informou a empresa no release de resultados.<\/p>\t<div class=\"wrapper-featured-image\">\n\t\t<figure class=\"spotlightImg\">\n\n\t\t\t<picture>\n\t\t\t\t<source media=\"(max-width: 768px)\" srcset=\"https:\/\/files.sunoresearch.com.br\/n\/uploads\/2021\/06\/3d482005-reproducao-site-lojas-marisa-400x200.webp\">\n\t\t\t\t<img loading=\"lazy\" decoding=\"async\" class=\"newsContent__article__imgCapa lazyloadDisabled \" src=\"https:\/\/files.sunoresearch.com.br\/n\/uploads\/2021\/06\/3d482005-reproducao-site-lojas-marisa-800x450.webp\" width=\"800\" height=\"450\" alt=\"Marisa (AMAR3) tem preju\u00edzo de R$ 101,3 milh\u00f5es no 4T23, queda anual de 51,8%\" fetchpriority=high \/>\n\t\t\t<\/picture>\n\n\t\t\t<figcaption class=\"wp-caption-text wp-caption-text--show\">Marisa (AMAR3). Foto: Divulga\u00e7\u00e3o<\/figcaption>\n\t\t<\/figure>\n\t<\/div>\n\n\n\n\n\n\n\n\t<p>\n\t\t<a href=\"https:\/\/lp.suno.com.br\/planilha-da-vida-financeira\/\" target=\"_blank\" data-element=\"shortcode-suno-banner\" title=\"Banner SUNO, clique e saiba mais\">\n\t\t\t<picture>\n\t\t\t\t<source media=\"(max-width: 500px)\" srcset=\"https:\/\/files.sunoresearch.com.br\/n\/uploads\/2023\/04\/400x300-Planilha-vida-financeira-true.png\">\n\t\t\t\t<img class=\"newsContent__article__imgCapa newsContent__article__imgCapa--banner\"\n\t\t\t\t\tsrc=\"https:\/\/files.sunoresearch.com.br\/n\/uploads\/2023\/04\/1420x240-Planilha-vida-financeira-true.png\"\n\t\t\t\t\tdata-promo-id=\"106682\"\t\t\t\t\t\t\t\t\t\twidth='1420' height='240'\t\t\t\t\talt=\"https:\/\/files.sunoresearch.com.br\/n\/uploads\/2023\/04\/1420x240-Planilha-vida-financeira-true.png\"\n\t\t\t\t>\n\t\t\t<\/picture>\n\t\t<\/a>\n\t<\/p>\n\n\n\n\n\n<p>Ainda de acordo com o <strong>balan\u00e7o da Marisa<\/strong>, a Ebitda do varejo (pr\u00f3-forma) ficou negativo em R$ 22 milh\u00f5es, ante R$ 23,834 milh\u00f5es na mesma base de compara\u00e7\u00e3o.<\/p>\n\n\n\n<p>Em 17 de mar\u00e7o de 2024, a companhia divulgou pr\u00e9via n\u00e3o auditada de seus resultados financeiros e operacionais referentes ao quarto trimestre de 2023 e ao <a href=\"https:\/\/www.suno.com.br\/artigos\/exercicio-social\/\">exerc\u00edcio social<\/a> de 2023.<\/p>\n\n\n\n<p>Ap\u00f3s a revis\u00e3o dos auditores independentes, as <a href=\"https:\/\/www.suno.com.br\/artigos\/despesas-operacionais\/\">despesas operacionais<\/a> do varejo sofreram altera\u00e7\u00e3o, devido principalmente ao provisionamento de passivos tribut\u00e1rios e do programa de benef\u00edcios, entre outros ajustes menores, explica a Marisa. Consequentemente, houve um impacto de R$ 13 milh\u00f5es e R$ 18 milh\u00f5es no Ebitda pr\u00f3-forma do varejo para o quarto trimestre e o ano de 2023, respectivamente, destaca a empresa.<\/p>\n\n\n\n<p>No<strong> 4T23 da Marisa<\/strong>, a <a href=\"https:\/\/www.suno.com.br\/artigos\/o-que-receita-liquida\/\">receita l\u00edquida<\/a> do varejo caiu 41,4% no per\u00edodo de outubro a dezembro na compara\u00e7\u00e3o anual e totalizou R$ 409,384 milh\u00f5es. J\u00e1 a receita l\u00edquida consolidada foi de 417,413 milh\u00f5es no per\u00edodo, o que representa um recuo de 43,5% ante igual etapa de 2022.<\/p>\n\n\n\n<p>J\u00e1 a <a href=\"https:\/\/www.suno.com.br\/artigos\/divida-liquida\/\">d\u00edvida l\u00edquida<\/a> da <strong>Marisa no 4T23<\/strong> foi reduzida em 55,9%, ou em R$ 91,8 milh\u00f5es entre dezembro de 2022 e dezembro de 2023, totalizando uma d\u00edvida de R$ 72,4 milh\u00f5es no encerramento do ano, segundo a empresa, devido \u00e0 amortiza\u00e7\u00e3o de passivos diante do recebimento do empr\u00e9stimo contratado com o Banco BTG Pactual.<\/p>\n\n\n\n<p>O <a href=\"https:\/\/www.suno.com.br\/artigos\/resultado-financeiro\/\">resultado financeiro<\/a> l\u00edquido encerrou o trimestre positivo em R$ 6,2 milh\u00f5es, ante preju\u00edzo de R$ 51,9 milh\u00f5es, apurado um ano antes, fruto da redu\u00e7\u00e3o da taxa Selic e do menor n\u00edvel de <a href=\"https:\/\/www.suno.com.br\/artigos\/divida-bruta\/\">d\u00edvida bruta<\/a>, explicou a Marisa.<\/p>\n\n\n\n<h2 class=\"wp-block-heading\">Desempenho das a\u00e7\u00f5es de Marisa (AMAR3)<\/h2>\n\n\n\n<p>Confira o desempenho das a\u00e7\u00f5es de <strong>Marisa<\/strong> (AMAR3).<\/p>\n\n\n\n<div class=\"pluginQuotation\">\n  <p class=\"ticker\">\n    Cota\u00e7\u00e3o <span>AMAR3<\/span>\n  <\/p>\n  <div class=\"info\">\n    <div class=\"leftSide\">\n      Gr\u00e1fico gerado em: 23\/04\/2024    <\/div>\n\t\t\t\t\t<div class=\"rightSide\">\n\t\t\t\t\t<span class=\"period\">\n\t\t\t\t\t\t5 Dias\t\t\t\t\t<\/span>\n\t\t\t<\/div>\n\t\t  <\/div>\n\n  <div id=\"chart-f1b4bb26fbcaf9fa1fd9dd38398d89e0\" data-block-hash=\"f1b4bb26fbcaf9fa1fd9dd38398d89e0\"  class=\"chart\" style=\"width:100%;height:400px;\"><\/div>\n\n  <div class=\"pluginQuotation__footer\">\n    <div class=\"dataChart\">\n\n      <div class=\"dataChart__div1 variation\">\n        <div class=\"value-positive\">\n          13,73 (+0,21%)        <\/div>\n        <div class=\"text\">\n          Varia\u00e7\u00e3o do per\u00edodo\n        <\/div>\n      <\/div>\n\n      <div class=\"dataChart__div2 minMax\">\n        <div class=\"value\">\n          R$\u00a01,53        <\/div>\n        <div class=\"text\">\n          M\u00ednima\n        <\/div>\n      <\/div>\n\n      <div class=\"dataChart__div3 minMax\">\n        <div class=\"value\">\n          R$\u00a01,74        <\/div>\n        <div class=\"text\">\n          M\u00e1xima\n        <\/div>\n      <\/div>\n\n\t\t\t<div class=\"dataChart__div4 rightSide\">\n\t\t\t\t<div class=\"analiticaSource\">\n\t\t\t\t\t<span>\n\t\t\t\t\t\tFonte:\n\t\t\t\t\t<\/span>\n\t\t\t\t\t<img decoding=\"async\" class=\"analiticaLogo\" src=\"https:\/\/www.suno.com.br\/noticias\/wp-content\/plugins\/suno-block-ticker-quotation\/src\/suno-analitica-logo.png\" alt=\"Logo Suno Anal\u00edtica\" \/>\n\t\t\t\t<\/div>\n\n\t\t\t\t<a href=\"https:\/\/www.suno.com.br\/analitica\/acoes\/AMAR3\" target=\"_blank\">\n\t\t\t\t\t<span>\n\t\t\t\t\t\tVer mais cota\u00e7\u00f5es\n\t\t\t\t\t<\/span>\n\t\t\t\t\t<svg xmlns=\"http:\/\/www.w3.org\/2000\/svg\" width=\"9\" height=\"8\" viewBox=\"0 0 9 8\" fill=\"none\">\n\t\t\t\t\t\t<path d=\"M4.20996 0L3.50496 0.705L6.29496 3.5H0.209961V4.5H6.29496L3.50496 7.295L4.20996 8L8.20996 4L4.20996 0Z\" fill=\"#D42126\" \/>\n\t\t\t\t\t<\/svg>\n\t\t\t\t<\/a>\n    <\/div>\n\n    <\/div>\n  <\/div>\n<\/div>\n\n\n<script type=\"text\/javascript\">\n  let chart_f1b4bb26fbcaf9fa1fd9dd38398d89e0 = document.getElementById('chart-f1b4bb26fbcaf9fa1fd9dd38398d89e0');\n  let data_json_f1b4bb26fbcaf9fa1fd9dd38398d89e0 = \"[{\\\"date\\\":\\\"18\\\\\\\/04\\\\\\\/24 11:10\\\",\\\"value\\\":1.53},{\\\"date\\\":\\\"18\\\\\\\/04\\\\\\\/24 11:20\\\",\\\"value\\\":1.54},{\\\"date\\\":\\\"18\\\\\\\/04\\\\\\\/24 11:30\\\",\\\"value\\\":1.56},{\\\"date\\\":\\\"18\\\\\\\/04\\\\\\\/24 11:40\\\",\\\"value\\\":1.57},{\\\"date\\\":\\\"18\\\\\\\/04\\\\\\\/24 11:50\\\",\\\"value\\\":1.57},{\\\"date\\\":\\\"19\\\\\\\/04\\\\\\\/24 11:00\\\",\\\"value\\\":1.59},{\\\"date\\\":\\\"19\\\\\\\/04\\\\\\\/24 11:10\\\",\\\"value\\\":1.59},{\\\"date\\\":\\\"19\\\\\\\/04\\\\\\\/24 11:20\\\",\\\"value\\\":1.59},{\\\"date\\\":\\\"19\\\\\\\/04\\\\\\\/24 11:30\\\",\\\"value\\\":1.58},{\\\"date\\\":\\\"22\\\\\\\/04\\\\\\\/24 11:40\\\",\\\"value\\\":1.69},{\\\"date\\\":\\\"22\\\\\\\/04\\\\\\\/24 11:50\\\",\\\"value\\\":1.69},{\\\"date\\\":\\\"22\\\\\\\/04\\\\\\\/24 12:00\\\",\\\"value\\\":1.71},{\\\"date\\\":\\\"22\\\\\\\/04\\\\\\\/24 12:10\\\",\\\"value\\\":1.7},{\\\"date\\\":\\\"22\\\\\\\/04\\\\\\\/24 12:20\\\",\\\"value\\\":1.74}]\";\n  let isPositive_f1b4bb26fbcaf9fa1fd9dd38398d89e0 = true;\n\n  let color_f1b4bb26fbcaf9fa1fd9dd38398d89e0 = isPositive_f1b4bb26fbcaf9fa1fd9dd38398d89e0 ? '#3AB53A' : '#D92C2D';\n\n  let data_f1b4bb26fbcaf9fa1fd9dd38398d89e0 = JSON.parse(data_json_f1b4bb26fbcaf9fa1fd9dd38398d89e0);\n\n  const result_f1b4bb26fbcaf9fa1fd9dd38398d89e0 = {\n    date: [],\n    value: [],\n  };\n\n  data_f1b4bb26fbcaf9fa1fd9dd38398d89e0.forEach((item) => {\n    result_f1b4bb26fbcaf9fa1fd9dd38398d89e0.date.push(item.date);\n    result_f1b4bb26fbcaf9fa1fd9dd38398d89e0.value.push(Number(item.value));\n  });\n\n  let option_f1b4bb26fbcaf9fa1fd9dd38398d89e0 = {\n    \/\/ variavel de cor global\n    color: [color_f1b4bb26fbcaf9fa1fd9dd38398d89e0],\n    title: {\n      text: '',\n    },\n    tooltip: {\n      trigger: 'axis',\n      axisPointer: {\n        type: 'cross',\n        label: {\n          \/\/ cor dos valores em X e Y\n          backgroundColor: color_f1b4bb26fbcaf9fa1fd9dd38398d89e0,\n          formatter: (value) => {\n            if (typeof value.value === 'number') {\n              return Number(value.value).toLocaleString('pt-br', {\n                style: 'currency',\n                currency: 'BRL'\n              });\n            }\n            return value.value;\n          },\n        },\n      },\n      valueFormatter: (value) => Number(value).toLocaleString('pt-br', {\n        style: 'currency',\n        currency: 'BRL'\n      }),\n    },\n    legend: {\n      \/\/ data: ['Valor de Fechamento'],\n      show: false,\n    },\n    toolbox: {\n      feature: {\n        saveAsImage: {\n          show: false,\n        },\n      },\n    },\n    grid: {\n      left: '0px',\n      right: '0px',\n      bottom: '0px',\n      containLabel: true,\n    },\n    xAxis: [{\n      type: 'category',\n      data: result_f1b4bb26fbcaf9fa1fd9dd38398d89e0.date,\n      boundaryGap: true,\n    }],\n    yAxis: [{\n      type: 'value',\n      min: Math.min(...result_f1b4bb26fbcaf9fa1fd9dd38398d89e0.value),\n      max: Math.max(...result_f1b4bb26fbcaf9fa1fd9dd38398d89e0.value),\n      axisLabel: {\n        formatter: (value) => value.toLocaleString('pt-br', {\n          style: 'currency',\n          currency: 'BRL'\n        }),\n      },\n    }],\n    series: [{\n      name: 'Valor de Fechamento',\n      type: 'line',\n      stack: 'Total',\n      \/\/ cor do grafico\n      areaStyle: {},\n      emphasis: {\n        focus: 'series',\n      },\n      data: result_f1b4bb26fbcaf9fa1fd9dd38398d89e0.value,\n      \/\/ cor da linha\n      lineStyle: {\n        color: color_f1b4bb26fbcaf9fa1fd9dd38398d89e0,\n      },\n    }, ],\n  };\n\n\twindow.chart_f1b4bb26fbcaf9fa1fd9dd38398d89e0 = {\n\t\tel: chart_f1b4bb26fbcaf9fa1fd9dd38398d89e0,\n\t\toption: option_f1b4bb26fbcaf9fa1fd9dd38398d89e0\t};\n\n\n<\/script>\n\n\n\n<p><em>*Com informa\u00e7\u00f5es de Estad\u00e3o Conte\u00fado<\/em><\/p>\n\n\n\t<p>\n\t\t<a href=\"https:\/\/lp.suno.com.br\/ebook-como-analisar-uma-acao\/\" target=\"_blank\" data-element=\"shortcode-suno-banner\" title=\"Banner SUNO, clique e saiba mais\">\n\t\t\t<picture>\n\t\t\t\t<source media=\"(max-width: 500px)\" srcset=\"https:\/\/files.sunoresearch.com.br\/n\/uploads\/2023\/03\/Ebook-Acoes-Mobile.jpg\">\n\t\t\t\t<img class=\"newsContent__article__imgCapa newsContent__article__imgCapa--banner\"\n\t\t\t\t\tsrc=\"https:\/\/files.sunoresearch.com.br\/n\/uploads\/2023\/03\/Ebook-Acoes-Desktop.jpg\"\n\t\t\t\t\tdata-promo-id=\"378302\"\t\t\t\t\t\t\t\t\t\twidth='1420' height='286'\t\t\t\t\talt=\"https:\/\/files.sunoresearch.com.br\/n\/uploads\/2023\/03\/Ebook-Acoes-Desktop.jpg\"\n\t\t\t\t>\n\t\t\t<\/picture>\n\t\t<\/a>\n\t<\/p>\n\n\n","protected":false},"excerpt":{"rendered":"<p>A Lojas Marisa (AMAR3) apresentou um preju\u00edzo l\u00edquido ajustado de R$ 101,3 milh\u00f5es no quarto trimestre de 2023, queda de 51,8% ante o preju\u00edzo de R$ 210,1 milh\u00f5es registrado no mesmo per\u00edodo de 2022, impactados pelos desafios impostos pela reestrutura\u00e7\u00e3o em 2023, informou a empresa no release de resultados. Marisa (AMAR3). Foto: Divulga\u00e7\u00e3o Ainda de [&hellip;]<\/p>\n","protected":false},"author":313,"featured_media":154150,"comment_status":"closed","ping_status":"closed","sticky":false,"template":"","format":"standard","meta":[],"categories":[64],"tags":[1029,541,1607],"suno_strategy":[],"class_list":["post-546705","post","type-post","status-publish","format-standard","has-post-thumbnail","hentry","category-negocios","tag-balancos-trimestrais","tag-lojas-marisa-amar3","tag-resultado-das-empresas"],"yoast_head":"<!-- This site is optimized with the Yoast SEO plugin v24.4 - https:\/\/yoast.com\/wordpress\/plugins\/seo\/ -->\n<title>Marisa (AMAR3): preju\u00edzo cai 51,8% no 4T23, para R$ 101,3 mi<\/title>\n<meta name=\"description\" content=\"A Lojas Marisa divulgou seu relat\u00f3rio de resultados referente ao quarto trimestre de 2023. Confira os resultados da Marisa no 4T23.\" \/>\n<meta name=\"robots\" content=\"index, follow, max-snippet:-1, max-image-preview:large, max-video-preview:-1\" \/>\n<link rel=\"canonical\" href=\"https:\/\/www.suno.com.br\/noticias\/marisa-amar3-balanco-4t23-gpj\/\" \/>\n<meta property=\"og:locale\" content=\"pt_BR\" \/>\n<meta property=\"og:type\" content=\"article\" \/>\n<meta property=\"og:title\" content=\"Marisa (AMAR3): preju\u00edzo cai 51,8% no 4T23, para R$ 101,3 mi\" \/>\n<meta property=\"og:description\" content=\"A Lojas Marisa divulgou seu relat\u00f3rio de resultados referente ao quarto trimestre de 2023. Confira os resultados da Marisa no 4T23.\" \/>\n<meta property=\"og:url\" content=\"https:\/\/www.suno.com.br\/noticias\/marisa-amar3-balanco-4t23-gpj\/\" \/>\n<meta property=\"og:site_name\" content=\"Suno Not\u00edcias\" \/>\n<meta property=\"article:publisher\" content=\"https:\/\/facebook.com\/sunoresearch\" \/>\n<meta property=\"og:image\" content=\"https:\/\/files.sunoresearch.com.br\/n\/uploads\/2021\/06\/3d482005-reproducao-site-lojas-marisa.jpg\" \/>\n\t<meta property=\"og:image:width\" content=\"1600\" \/>\n\t<meta property=\"og:image:height\" content=\"1200\" \/>\n\t<meta property=\"og:image:type\" content=\"image\/jpeg\" \/>\n<meta name=\"author\" content=\"Giovanni Porf\u00edrio Jacomino\" \/>\n<meta name=\"twitter:card\" content=\"summary_large_image\" \/>\n<meta name=\"twitter:creator\" content=\"@sunoresearch\" \/>\n<meta name=\"twitter:site\" content=\"@sunoresearch\" \/>\n<meta name=\"twitter:label1\" content=\"Escrito por\" \/>\n\t<meta name=\"twitter:data1\" content=\"Giovanni Porf\u00edrio Jacomino\" \/>\n\t<meta name=\"twitter:label2\" content=\"Est. tempo de leitura\" \/>\n\t<meta name=\"twitter:data2\" content=\"2 minutos\" \/>\n<script type=\"application\/ld+json\" class=\"yoast-schema-graph\">{\"@context\":\"https:\/\/schema.org\",\"@graph\":[{\"@type\":\"NewsArticle\",\"@id\":\"https:\/\/www.suno.com.br\/noticias\/marisa-amar3-balanco-4t23-gpj\/#article\",\"isPartOf\":{\"@id\":\"https:\/\/www.suno.com.br\/noticias\/marisa-amar3-balanco-4t23-gpj\/\"},\"author\":{\"name\":\"Giovanni Porf\u00edrio Jacomino\",\"@id\":\"https:\/\/www.suno.com.br\/noticias\/#\/schema\/person\/d0f32748bbca4bee871fa191ee4e2d40\"},\"headline\":\"Marisa (AMAR3) tem preju\u00edzo de R$ 101,3 milh\u00f5es no 4T23, queda anual de 51,8%\",\"datePublished\":\"2024-04-23T14:23:38+00:00\",\"dateModified\":\"2024-04-23T14:23:43+00:00\",\"mainEntityOfPage\":{\"@id\":\"https:\/\/www.suno.com.br\/noticias\/marisa-amar3-balanco-4t23-gpj\/\"},\"wordCount\":371,\"publisher\":{\"@id\":\"https:\/\/www.suno.com.br\/noticias\/#organization\"},\"image\":{\"@id\":\"https:\/\/www.suno.com.br\/noticias\/marisa-amar3-balanco-4t23-gpj\/#primaryimage\"},\"thumbnailUrl\":\"https:\/\/files.sunoresearch.com.br\/n\/uploads\/2021\/06\/3d482005-reproducao-site-lojas-marisa-jpg.webp\",\"keywords\":[\"balan\u00e7os trimestrais\",\"Lojas Marisa (AMAR3)\",\"Resultado das empresas\"],\"articleSection\":[\"Neg\u00f3cios\"],\"inLanguage\":\"pt-BR\"},{\"@type\":\"WebPage\",\"@id\":\"https:\/\/www.suno.com.br\/noticias\/marisa-amar3-balanco-4t23-gpj\/\",\"url\":\"https:\/\/www.suno.com.br\/noticias\/marisa-amar3-balanco-4t23-gpj\/\",\"name\":\"Marisa (AMAR3): preju\u00edzo cai 51,8% no 4T23, para R$ 101,3 mi\",\"isPartOf\":{\"@id\":\"https:\/\/www.suno.com.br\/noticias\/#website\"},\"primaryImageOfPage\":{\"@id\":\"https:\/\/www.suno.com.br\/noticias\/marisa-amar3-balanco-4t23-gpj\/#primaryimage\"},\"image\":{\"@id\":\"https:\/\/www.suno.com.br\/noticias\/marisa-amar3-balanco-4t23-gpj\/#primaryimage\"},\"thumbnailUrl\":\"https:\/\/files.sunoresearch.com.br\/n\/uploads\/2021\/06\/3d482005-reproducao-site-lojas-marisa-jpg.webp\",\"datePublished\":\"2024-04-23T14:23:38+00:00\",\"dateModified\":\"2024-04-23T14:23:43+00:00\",\"description\":\"A Lojas Marisa divulgou seu relat\u00f3rio de resultados referente ao quarto trimestre de 2023. Confira os resultados da Marisa no 4T23.\",\"breadcrumb\":{\"@id\":\"https:\/\/www.suno.com.br\/noticias\/marisa-amar3-balanco-4t23-gpj\/#breadcrumb\"},\"inLanguage\":\"pt-BR\",\"potentialAction\":[{\"@type\":\"ReadAction\",\"target\":[\"https:\/\/www.suno.com.br\/noticias\/marisa-amar3-balanco-4t23-gpj\/\"]}]},{\"@type\":\"ImageObject\",\"inLanguage\":\"pt-BR\",\"@id\":\"https:\/\/www.suno.com.br\/noticias\/marisa-amar3-balanco-4t23-gpj\/#primaryimage\",\"url\":\"https:\/\/files.sunoresearch.com.br\/n\/uploads\/2021\/06\/3d482005-reproducao-site-lojas-marisa-jpg.webp\",\"contentUrl\":\"https:\/\/files.sunoresearch.com.br\/n\/uploads\/2021\/06\/3d482005-reproducao-site-lojas-marisa-jpg.webp\",\"width\":1600,\"height\":1200,\"caption\":\"Marisa (AMAR3). Foto: Divulga\u00e7\u00e3o\"},{\"@type\":\"BreadcrumbList\",\"@id\":\"https:\/\/www.suno.com.br\/noticias\/marisa-amar3-balanco-4t23-gpj\/#breadcrumb\",\"itemListElement\":[{\"@type\":\"ListItem\",\"position\":1,\"name\":\"Not\u00edcias\",\"item\":\"https:\/\/www.suno.com.br\/noticias\/\"},{\"@type\":\"ListItem\",\"position\":2,\"name\":\"Neg\u00f3cios\",\"item\":\"https:\/\/www.suno.com.br\/noticias\/negocios\/\"},{\"@type\":\"ListItem\",\"position\":3,\"name\":\"Marisa (AMAR3) tem preju\u00edzo de R$ 101,3 milh\u00f5es no 4T23, queda anual de 51,8%\"}]},{\"@type\":\"WebSite\",\"@id\":\"https:\/\/www.suno.com.br\/noticias\/#website\",\"url\":\"https:\/\/www.suno.com.br\/noticias\/\",\"name\":\"Suno Not\u00edcias\",\"description\":\"Seu portal de informa\u00e7\u00e3o sobre o mundo dos investimentos\",\"publisher\":{\"@id\":\"https:\/\/www.suno.com.br\/noticias\/#organization\"},\"potentialAction\":[{\"@type\":\"SearchAction\",\"target\":{\"@type\":\"EntryPoint\",\"urlTemplate\":\"https:\/\/www.suno.com.br\/noticias\/?s={search_term_string}\"},\"query-input\":{\"@type\":\"PropertyValueSpecification\",\"valueRequired\":true,\"valueName\":\"search_term_string\"}}],\"inLanguage\":\"pt-BR\"},{\"@type\":\"Organization\",\"@id\":\"https:\/\/www.suno.com.br\/noticias\/#organization\",\"name\":\"Suno Not\u00edcias\",\"url\":\"https:\/\/www.suno.com.br\/noticias\/\",\"logo\":{\"@type\":\"ImageObject\",\"inLanguage\":\"pt-BR\",\"@id\":\"https:\/\/www.suno.com.br\/noticias\/#\/schema\/logo\/image\/\",\"url\":\"https:\/\/files.sunoresearch.com.br\/n\/uploads\/2021\/09\/suno-logo.png\",\"contentUrl\":\"https:\/\/files.sunoresearch.com.br\/n\/uploads\/2021\/09\/suno-logo.png\",\"width\":180,\"height\":180,\"caption\":\"Suno Not\u00edcias\"},\"image\":{\"@id\":\"https:\/\/www.suno.com.br\/noticias\/#\/schema\/logo\/image\/\"},\"sameAs\":[\"https:\/\/facebook.com\/sunoresearch\",\"https:\/\/x.com\/sunoresearch\",\"https:\/\/www.instagram.com\/suno\",\"https:\/\/www.linkedin.com\/company\/suno-research\/\",\"https:\/\/www.youtube.com\/c\/sunoresearch\"]},{\"@type\":\"Person\",\"@id\":\"https:\/\/www.suno.com.br\/noticias\/#\/schema\/person\/d0f32748bbca4bee871fa191ee4e2d40\",\"name\":\"Giovanni Porf\u00edrio Jacomino\",\"image\":{\"@type\":\"ImageObject\",\"inLanguage\":\"pt-BR\",\"@id\":\"https:\/\/www.suno.com.br\/noticias\/#\/schema\/person\/image\/\",\"url\":\"https:\/\/secure.gravatar.com\/avatar\/efb32e19b730a121cb7a80f41ffec01a?s=96&r=g\",\"contentUrl\":\"https:\/\/secure.gravatar.com\/avatar\/efb32e19b730a121cb7a80f41ffec01a?s=96&r=g\",\"caption\":\"Giovanni Porf\u00edrio Jacomino\"},\"description\":\"Giovanni Porf\u00edrio Jacomino \u00e9 jornalista formado pela Universidade Estadual de Londrina (UEL) e p\u00f3s-graduado em Produ\u00e7\u00e3o e Pr\u00e1ticas Jornal\u00edsticas na Contemporaneidade na Faculdade C\u00e1sper L\u00edbero (FCL). Foi editor web no Startupi e no Finsiders, atuando ainda como editor no TC Mover, portal de not\u00edcias da TradersClub, fazendo a cobertura de assuntos relacionados ao mercado financeiro interno e externo. Atualmente, \u00e9 Rep\u00f3rter do Suno Not\u00edcias.\",\"url\":\"https:\/\/www.suno.com.br\/noticias\/author\/giovanni-porfiriosuno-com-br\/\"}]}<\/script>\n<!-- \/ Yoast SEO plugin. -->","yoast_head_json":{"title":"Marisa (AMAR3): preju\u00edzo cai 51,8% no 4T23, para R$ 101,3 mi","description":"A Lojas Marisa divulgou seu relat\u00f3rio de resultados referente ao quarto trimestre de 2023. Confira os resultados da Marisa no 4T23.","robots":{"index":"index","follow":"follow","max-snippet":"max-snippet:-1","max-image-preview":"max-image-preview:large","max-video-preview":"max-video-preview:-1"},"canonical":"https:\/\/www.suno.com.br\/noticias\/marisa-amar3-balanco-4t23-gpj\/","og_locale":"pt_BR","og_type":"article","og_title":"Marisa (AMAR3): preju\u00edzo cai 51,8% no 4T23, para R$ 101,3 mi","og_description":"A Lojas Marisa divulgou seu relat\u00f3rio de resultados referente ao quarto trimestre de 2023. Confira os resultados da Marisa no 4T23.","og_url":"https:\/\/www.suno.com.br\/noticias\/marisa-amar3-balanco-4t23-gpj\/","og_site_name":"Suno Not\u00edcias","article_publisher":"https:\/\/facebook.com\/sunoresearch","og_image":[{"width":1600,"height":1200,"url":"https:\/\/files.sunoresearch.com.br\/n\/uploads\/2021\/06\/3d482005-reproducao-site-lojas-marisa.jpg","type":"image\/jpeg"}],"author":"Giovanni Porf\u00edrio Jacomino","twitter_card":"summary_large_image","twitter_creator":"@sunoresearch","twitter_site":"@sunoresearch","twitter_misc":{"Escrito por":"Giovanni Porf\u00edrio Jacomino","Est. tempo de leitura":"2 minutos"},"schema":{"@context":"https:\/\/schema.org","@graph":[{"@type":"NewsArticle","@id":"https:\/\/www.suno.com.br\/noticias\/marisa-amar3-balanco-4t23-gpj\/#article","isPartOf":{"@id":"https:\/\/www.suno.com.br\/noticias\/marisa-amar3-balanco-4t23-gpj\/"},"author":{"name":"Giovanni Porf\u00edrio Jacomino","@id":"https:\/\/www.suno.com.br\/noticias\/#\/schema\/person\/d0f32748bbca4bee871fa191ee4e2d40"},"headline":"Marisa (AMAR3) tem preju\u00edzo de R$ 101,3 milh\u00f5es no 4T23, queda anual de 51,8%","datePublished":"2024-04-23T14:23:38+00:00","dateModified":"2024-04-23T14:23:43+00:00","mainEntityOfPage":{"@id":"https:\/\/www.suno.com.br\/noticias\/marisa-amar3-balanco-4t23-gpj\/"},"wordCount":371,"publisher":{"@id":"https:\/\/www.suno.com.br\/noticias\/#organization"},"image":{"@id":"https:\/\/www.suno.com.br\/noticias\/marisa-amar3-balanco-4t23-gpj\/#primaryimage"},"thumbnailUrl":"https:\/\/files.sunoresearch.com.br\/n\/uploads\/2021\/06\/3d482005-reproducao-site-lojas-marisa-jpg.webp","keywords":["balan\u00e7os trimestrais","Lojas Marisa (AMAR3)","Resultado das empresas"],"articleSection":["Neg\u00f3cios"],"inLanguage":"pt-BR"},{"@type":"WebPage","@id":"https:\/\/www.suno.com.br\/noticias\/marisa-amar3-balanco-4t23-gpj\/","url":"https:\/\/www.suno.com.br\/noticias\/marisa-amar3-balanco-4t23-gpj\/","name":"Marisa (AMAR3): preju\u00edzo cai 51,8% no 4T23, para R$ 101,3 mi","isPartOf":{"@id":"https:\/\/www.suno.com.br\/noticias\/#website"},"primaryImageOfPage":{"@id":"https:\/\/www.suno.com.br\/noticias\/marisa-amar3-balanco-4t23-gpj\/#primaryimage"},"image":{"@id":"https:\/\/www.suno.com.br\/noticias\/marisa-amar3-balanco-4t23-gpj\/#primaryimage"},"thumbnailUrl":"https:\/\/files.sunoresearch.com.br\/n\/uploads\/2021\/06\/3d482005-reproducao-site-lojas-marisa-jpg.webp","datePublished":"2024-04-23T14:23:38+00:00","dateModified":"2024-04-23T14:23:43+00:00","description":"A Lojas Marisa divulgou seu relat\u00f3rio de resultados referente ao quarto trimestre de 2023. Confira os resultados da Marisa no 4T23.","breadcrumb":{"@id":"https:\/\/www.suno.com.br\/noticias\/marisa-amar3-balanco-4t23-gpj\/#breadcrumb"},"inLanguage":"pt-BR","potentialAction":[{"@type":"ReadAction","target":["https:\/\/www.suno.com.br\/noticias\/marisa-amar3-balanco-4t23-gpj\/"]}]},{"@type":"ImageObject","inLanguage":"pt-BR","@id":"https:\/\/www.suno.com.br\/noticias\/marisa-amar3-balanco-4t23-gpj\/#primaryimage","url":"https:\/\/files.sunoresearch.com.br\/n\/uploads\/2021\/06\/3d482005-reproducao-site-lojas-marisa-jpg.webp","contentUrl":"https:\/\/files.sunoresearch.com.br\/n\/uploads\/2021\/06\/3d482005-reproducao-site-lojas-marisa-jpg.webp","width":1600,"height":1200,"caption":"Marisa (AMAR3). Foto: Divulga\u00e7\u00e3o"},{"@type":"BreadcrumbList","@id":"https:\/\/www.suno.com.br\/noticias\/marisa-amar3-balanco-4t23-gpj\/#breadcrumb","itemListElement":[{"@type":"ListItem","position":1,"name":"Not\u00edcias","item":"https:\/\/www.suno.com.br\/noticias\/"},{"@type":"ListItem","position":2,"name":"Neg\u00f3cios","item":"https:\/\/www.suno.com.br\/noticias\/negocios\/"},{"@type":"ListItem","position":3,"name":"Marisa (AMAR3) tem preju\u00edzo de R$ 101,3 milh\u00f5es no 4T23, queda anual de 51,8%"}]},{"@type":"WebSite","@id":"https:\/\/www.suno.com.br\/noticias\/#website","url":"https:\/\/www.suno.com.br\/noticias\/","name":"Suno Not\u00edcias","description":"Seu portal de informa\u00e7\u00e3o sobre o mundo dos investimentos","publisher":{"@id":"https:\/\/www.suno.com.br\/noticias\/#organization"},"potentialAction":[{"@type":"SearchAction","target":{"@type":"EntryPoint","urlTemplate":"https:\/\/www.suno.com.br\/noticias\/?s={search_term_string}"},"query-input":{"@type":"PropertyValueSpecification","valueRequired":true,"valueName":"search_term_string"}}],"inLanguage":"pt-BR"},{"@type":"Organization","@id":"https:\/\/www.suno.com.br\/noticias\/#organization","name":"Suno Not\u00edcias","url":"https:\/\/www.suno.com.br\/noticias\/","logo":{"@type":"ImageObject","inLanguage":"pt-BR","@id":"https:\/\/www.suno.com.br\/noticias\/#\/schema\/logo\/image\/","url":"https:\/\/files.sunoresearch.com.br\/n\/uploads\/2021\/09\/suno-logo.png","contentUrl":"https:\/\/files.sunoresearch.com.br\/n\/uploads\/2021\/09\/suno-logo.png","width":180,"height":180,"caption":"Suno Not\u00edcias"},"image":{"@id":"https:\/\/www.suno.com.br\/noticias\/#\/schema\/logo\/image\/"},"sameAs":["https:\/\/facebook.com\/sunoresearch","https:\/\/x.com\/sunoresearch","https:\/\/www.instagram.com\/suno","https:\/\/www.linkedin.com\/company\/suno-research\/","https:\/\/www.youtube.com\/c\/sunoresearch"]},{"@type":"Person","@id":"https:\/\/www.suno.com.br\/noticias\/#\/schema\/person\/d0f32748bbca4bee871fa191ee4e2d40","name":"Giovanni Porf\u00edrio Jacomino","image":{"@type":"ImageObject","inLanguage":"pt-BR","@id":"https:\/\/www.suno.com.br\/noticias\/#\/schema\/person\/image\/","url":"https:\/\/secure.gravatar.com\/avatar\/efb32e19b730a121cb7a80f41ffec01a?s=96&r=g","contentUrl":"https:\/\/secure.gravatar.com\/avatar\/efb32e19b730a121cb7a80f41ffec01a?s=96&r=g","caption":"Giovanni Porf\u00edrio Jacomino"},"description":"Giovanni Porf\u00edrio Jacomino \u00e9 jornalista formado pela Universidade Estadual de Londrina (UEL) e p\u00f3s-graduado em Produ\u00e7\u00e3o e Pr\u00e1ticas Jornal\u00edsticas na Contemporaneidade na Faculdade C\u00e1sper L\u00edbero (FCL). Foi editor web no Startupi e no Finsiders, atuando ainda como editor no TC Mover, portal de not\u00edcias da TradersClub, fazendo a cobertura de assuntos relacionados ao mercado financeiro interno e externo. Atualmente, \u00e9 Rep\u00f3rter do Suno Not\u00edcias.","url":"https:\/\/www.suno.com.br\/noticias\/author\/giovanni-porfiriosuno-com-br\/"}]}},"default_loop_html":"<div class=\"cardsPage__listCard__boxs\"><div class=\"cardsPage__listCard__boxs__img\"><a href=\"https:\/\/www.suno.com.br\/noticias\/marisa-amar3-balanco-4t23-gpj\/\"><img class=\"mask\" src=\"https:\/\/www.suno.com.br\/noticias\/wp-content\/themes\/suno\/resources\/images\/spotlight\/spotlight1img\/bg-mask.png\" alt=\"Image Mask\"\/><img src=\"https:\/\/files.sunoresearch.com.br\/n\/uploads\/2021\/06\/3d482005-reproducao-site-lojas-marisa-400x200.webp\" alt=\"Marisa (AMAR3) tem preju\u00edzo de R$ 101,3 milh\u00f5es no 4T23, queda anual de 51,8%\"\/><\/a><span class=\"spotlightCategory\"><a href=\"https:\/\/www.suno.com.br\/noticias\/negocios\/\">Neg\u00f3cios<\/a><\/span><\/div><div class=\"cardsPage__listCard__boxs__content\"><a href=\"https:\/\/www.suno.com.br\/noticias\/marisa-amar3-balanco-4t23-gpj\/\"><h2 class=\"content__title\">Marisa (AMAR3) tem preju\u00edzo de R$ 101,3 milh\u00f5es no 4T23, queda anual de 51,8%<\/h2><\/a><div class=\"newsContent__article__meta\"><div class=\"newsContent__article__meta__authorBox\"><a href=\"https:\/\/www.suno.com.br\/noticias\/author\/giovanni-porfiriosuno-com-br\/\" class=\"authorBox__avatar noMobi\"><img src=\"https:\/\/files.sunoresearch.com.br\/n\/uploads\/2024\/05\/DSCF4115-1-1-150x150.webp\" alt=\"Giovanni Porf\u00edrio Jacomino\"><\/a><div class=\"authorBox__name\"><span>por\n\t\t\t<a href=\"https:\/\/www.suno.com.br\/noticias\/author\/giovanni-porfiriosuno-com-br\/\"><span itemprop=\"author\">Giovanni Porf\u00edrio Jacomino<\/span><\/a><\/span><time datetime=\"2024-04-23T11:23:38-03:00\" itemprop=\"datePublished\">23\/04\/2024 11:23<\/time><\/div><\/div><\/div><\/div><\/div>","single_layout":"posts","amp_enabled":true,"_links":{"self":[{"href":"https:\/\/www.suno.com.br\/noticias\/wp-json\/wp\/v2\/posts\/546705"}],"collection":[{"href":"https:\/\/www.suno.com.br\/noticias\/wp-json\/wp\/v2\/posts"}],"about":[{"href":"https:\/\/www.suno.com.br\/noticias\/wp-json\/wp\/v2\/types\/post"}],"author":[{"embeddable":true,"href":"https:\/\/www.suno.com.br\/noticias\/wp-json\/wp\/v2\/users\/313"}],"replies":[{"embeddable":true,"href":"https:\/\/www.suno.com.br\/noticias\/wp-json\/wp\/v2\/comments?post=546705"}],"version-history":[{"count":3,"href":"https:\/\/www.suno.com.br\/noticias\/wp-json\/wp\/v2\/posts\/546705\/revisions"}],"predecessor-version":[{"id":546773,"href":"https:\/\/www.suno.com.br\/noticias\/wp-json\/wp\/v2\/posts\/546705\/revisions\/546773"}],"wp:featuredmedia":[{"embeddable":true,"href":"https:\/\/www.suno.com.br\/noticias\/wp-json\/wp\/v2\/media\/154150"}],"wp:attachment":[{"href":"https:\/\/www.suno.com.br\/noticias\/wp-json\/wp\/v2\/media?parent=546705"}],"wp:term":[{"taxonomy":"category","embeddable":true,"href":"https:\/\/www.suno.com.br\/noticias\/wp-json\/wp\/v2\/categories?post=546705"},{"taxonomy":"post_tag","embeddable":true,"href":"https:\/\/www.suno.com.br\/noticias\/wp-json\/wp\/v2\/tags?post=546705"},{"taxonomy":"suno_strategy","embeddable":true,"href":"https:\/\/www.suno.com.br\/noticias\/wp-json\/wp\/v2\/suno_strategy?post=546705"}],"curies":[{"name":"wp","href":"https:\/\/api.w.org\/{rel}","templated":true}]}}