{"id":546694,"date":"2024-04-23T09:10:59","date_gmt":"2024-04-23T12:10:59","guid":{"rendered":"https:\/\/www.suno.com.br\/noticias\/?p=546694"},"modified":"2024-04-23T09:11:04","modified_gmt":"2024-04-23T12:11:04","slug":"news-agenda-dividendos-telefonica-vivt3-tim-tims3-tgma3-abril-cpf","status":"publish","type":"post","link":"https:\/\/www.suno.com.br\/noticias\/news-agenda-dividendos-telefonica-vivt3-tim-tims3-tgma3-abril-cpf\/","title":{"rendered":"Dividendos: Telef\u00f4nica (VIVT3) e Tim (TIMS3) distribuem proventos nesta ter\u00e7a-feira (23); confira os valores"},"content":{"rendered":"<p>As companhias de telecomunica\u00e7\u00e3o Telef\u00f4nica (<a href=\"https:\/\/www.suno.com.br\/acoes\/vivt3\/\" target=\"_blank\" rel=\"noreferrer noopener\">VIVT3<\/a>) e <a class=\"suno-keyword\" target=\"_blank\" data-force=\"yes\" data-priority=\"2\" href=\"https:\/\/www.suno.com.br\/acoes\/TIMS3\/\" rel=\"noopener\">Tim (TIMS3)<\/a> s\u00e3o os destaques da agenda de <strong>dividendos <\/strong>do dia nesta ter\u00e7a-feira (23). <\/p>\t<div class=\"wrapper-featured-image\">\n\t\t<figure class=\"spotlightImg\">\n\n\t\t\t<picture>\n\t\t\t\t<source media=\"(max-width: 768px)\" srcset=\"https:\/\/files.sunoresearch.com.br\/n\/uploads\/2019\/09\/804d60e4-telef\u00f3nica-400x200.webp\">\n\t\t\t\t<img loading=\"lazy\" decoding=\"async\" class=\"newsContent__article__imgCapa lazyloadDisabled \" src=\"https:\/\/files.sunoresearch.com.br\/n\/uploads\/2019\/09\/804d60e4-telef\u00f3nica-800x450.webp\" width=\"800\" height=\"450\" alt=\"Dividendos: Telef\u00f4nica (VIVT3) e Tim (TIMS3) distribuem proventos nesta ter\u00e7a-feira (23); confira os valores\" fetchpriority=high \/>\n\t\t\t<\/picture>\n\n\t\t\t<figcaption class=\"wp-caption-text wp-caption-text--show\">Telef\u00f4nica (VIVT3). Foto: Divulga\u00e7\u00e3o<\/figcaption>\n\t\t<\/figure>\n\t<\/div>\n\n\n\n\n\n\t<p>\n\t\t<a href=\"\" target=\"_blank\" data-element=\"shortcode-suno-banner\" title=\"Banner SUNO, clique e saiba mais\">\n\t\t\t<picture>\n\t\t\t\t<source media=\"(max-width: 500px)\" srcset=\"\">\n\t\t\t\t<img class=\"newsContent__article__imgCapa newsContent__article__imgCapa--banner\"\n\t\t\t\t\tsrc=\"\"\n\t\t\t\t\tdata-promo-id=\"89005\"\t\t\t\t\t\t\t\t\t\t\t\t\t\t\talt=\"\"\n\t\t\t\t>\n\t\t\t<\/picture>\n\t\t<\/a>\n\t<\/p>\n\n\n\n\n\n<p>A Tim (<strong>TIMS3<\/strong>) ir\u00e1 distibuir cerca de R$ 200 milh\u00f5es em juros sobre <a class=\"suno-keyword\" data-force=\"no\" data-priority=\"1\" href=\"https:\/\/www.suno.com.br\/artigos\/capital-proprio\/\" target=\"_blank\" rel=\"noopener\">capital pr\u00f3prio<\/a> (JCP). Para os investidores da companhia telefonica, os titulares de a\u00e7\u00f5es tinham que ter o papel no portf\u00f3lio at\u00e9 o dia 9 de abril de 2024 para terem direito aos <strong>JCP da Tim<\/strong>. <\/p>\n\n\n\n<p>O pagamento aos acionistas ser\u00e1 de R$ 0,082636124 por <strong>a\u00e7\u00e3o da TIM<\/strong>.<\/p>\n\n\n\n<p>A <strong>Telef\u00f4nica <\/strong>tamb\u00e9m entra na lista de pagamentos de hoje, com proventos que variam de R$ 0,09 a R$ 0,51 de JCP por a\u00e7\u00e3o. Abaixo \u00e9 poss\u00edvel conferir informa\u00e7\u00f5es mais detalhadas do pagamento. <\/p>\n\n\n\n<p>Por fim, ainda nesta ter\u00e7a-feira (23), a companhia de log\u00edstica <a class=\"suno-keyword\" data-force=\"yes\" data-priority=\"2\" href=\"https:\/\/www.suno.com.br\/acoes\/TGMA3\/\" target=\"_blank\" rel=\"noopener\"><strong>Tegma <\/strong>(TGMA3)<\/a> vai depositar R$ 47,4 milh\u00f5es entre <a class=\"suno-keyword\" data-force=\"no\" data-priority=\"1\" href=\"https:\/\/www.suno.com.br\/guias\/dividendos\/\" target=\"_blank\" rel=\"noopener\">dividendos<\/a> e JCP de R$ 0,18 por a\u00e7\u00e3o e R$ 0,54 por a\u00e7\u00e3o, respectivamente. <\/p>\n\n\n\n<p>O pagamento da Tegma est\u00e1 limitado aos investidores que detinham a\u00e7\u00f5es da empresa no dia 11 de abril (data-com). <\/p>\n\n\n\n\t<div data-element=\"shortcode-read-more\" class=\"readToo\">\n\t\t\t\t<span class=\"readToo__title\">Leia mais<\/span>\n\t\t\t\t<ul class=\"readToo__list\">\n\t\t\t<li><a href=\"https:\/\/www.suno.com.br\/noticias\/grendene-grnd3-dividendos-jcp-maio-gpj\/\">Grendene (GRND3) pagar\u00e1 R$ 145,8 milh\u00f5es em dividendos e JCP; veja valores por a\u00e7\u00e3o<\/a><\/li><li><a href=\"https:\/\/www.suno.com.br\/noticias\/petrobras-petr4-quanto-pagar-dividendos-aprovados-cpf\/\">Quanto a Petrobras (PETR4) deve pagar com a metade dos dividendos extraordin\u00e1rios aprovados pelo Conselho?<\/a><\/li>\t\t<\/ul>\n\t<\/div>\n\n\n\n\n<h2 class=\"wp-block-heading\">Detalhes dos dividendos da Telef\u00f4nica<\/h2>\n\n\n\n<p>Os<strong> JCP da Telef\u00f4nica<\/strong> variam de R$ 0,09 a R$ 0,51 de JCP por a\u00e7\u00e3o. <\/p>\n\n\n\n<p>Ser\u00e3o contemplados com os <strong>dividendo da Telef\u00f4nica<\/strong> os acionistas que detinham a\u00e7\u00f5es da empresa at\u00e9 data de corte, que ocorreu no dia 22 de setembro. <\/p>\n\n\n\n<p>Desde o dia 25 de setembro, as a\u00e7\u00f5es s\u00e3o negociadas sem direito aos proventos.<\/p>\n\n\n\n<p>A seguir \u00e9 poss\u00edvel conferir os pagamentos de <strong>proventos da Telef\u00f4nica<\/strong> (VIVT3):<\/p>\n\n\n\n<ul class=\"wp-block-list\">\n<li>Tipo: JCP, JCP, JCP, JCP, JCP e JCP<\/li>\n\n\n\n<li>Valor por a\u00e7\u00e3o: R$ 0,1207, R$ 0,0905, R$ 0,5143, R$ 0,1927, R$ 0,2442 e R$ 0,1599<\/li>\n\n\n\n<li>Data de corte: 22\/09\/2023, 23\/10\/2023, 26\/12\/2023, 31\/05\/2023, 31\/07\/2023 e 31\/08\/2023<\/li>\n\n\n\n<li>Rendimento: 0,27%, 0,20%, 0,96%, 0,47%, 0,58% e 0,39%<\/li>\n<\/ul>\n\n\n\n<p>Dividendos de a\u00e7\u00f5es, assim como rendimentos de Fundos Imobili\u00e1rios s\u00e3o isentos de <a class=\"suno-keyword\" target=\"_blank\" data-force=\"no\" data-priority=\"2\" href=\"https:\/\/www.suno.com.br\/guias\/imposto-de-renda-guia\/\" rel=\"noopener\">Imposto de Renda<\/a> para pessoas f\u00edsicas, mas devem estar na declara\u00e7\u00e3o anual de Imposto de Renda. J\u00e1 os <a class=\"suno-keyword\" target=\"_blank\" data-force=\"no\" data-priority=\"1\" href=\"https:\/\/www.suno.com.br\/artigos\/entenda-o-jcp\/\" rel=\"noopener\">Juros Sobre Capital Pr\u00f3prio<\/a> t\u00eam 15% de imposto.<\/p>\n\n\n\n<p>Vale pontuar que essa mat\u00e9ria de <strong>dividendos<\/strong> do dia n\u00e3o configura uma recomenda\u00e7\u00e3o de compra ou venda de a\u00e7\u00f5es na Bolsa.<\/p>\n\n\n\t<p>\n\t\t<a href=\"https:\/\/lp.suno.com.br\/planilha-da-vida-financeira\/\" target=\"_blank\" data-element=\"shortcode-suno-banner\" title=\"Banner SUNO, clique e saiba mais\">\n\t\t\t<picture>\n\t\t\t\t<source media=\"(max-width: 500px)\" srcset=\"https:\/\/files.sunoresearch.com.br\/n\/uploads\/2023\/04\/400x300-Planilha-vida-financeira-true.png\">\n\t\t\t\t<img class=\"newsContent__article__imgCapa newsContent__article__imgCapa--banner\"\n\t\t\t\t\tsrc=\"https:\/\/files.sunoresearch.com.br\/n\/uploads\/2023\/04\/1420x240-Planilha-vida-financeira-true.png\"\n\t\t\t\t\tdata-promo-id=\"106682\"\t\t\t\t\t\t\t\t\t\twidth='1420' height='240'\t\t\t\t\talt=\"https:\/\/files.sunoresearch.com.br\/n\/uploads\/2023\/04\/1420x240-Planilha-vida-financeira-true.png\"\n\t\t\t\t>\n\t\t\t<\/picture>\n\t\t<\/a>\n\t<\/p>\n\n\n","protected":false},"excerpt":{"rendered":"<p>As companhias de telecomunica\u00e7\u00e3o Telef\u00f4nica (VIVT3) e Tim (TIMS3) s\u00e3o os destaques da agenda de dividendos do dia nesta ter\u00e7a-feira (23). Telef\u00f4nica (VIVT3). Foto: Divulga\u00e7\u00e3o A Tim (TIMS3) ir\u00e1 distibuir cerca de R$ 200 milh\u00f5es em juros sobre capital pr\u00f3prio (JCP). Para os investidores da companhia telefonica, os titulares de a\u00e7\u00f5es tinham que ter o [&hellip;]<\/p>\n","protected":false},"author":283,"featured_media":38053,"comment_status":"closed","ping_status":"closed","sticky":false,"template":"","format":"standard","meta":[],"categories":[64],"tags":[295,1957,655,659,663],"suno_strategy":[],"class_list":["post-546694","post","type-post","status-publish","format-standard","has-post-thumbnail","hentry","category-negocios","tag-dividendos","tag-juros-sobre-capital-proprio-jcp","tag-tegma-tgma3","tag-telefonica-vivt3","tag-tim-tims3"],"yoast_head":"<!-- This site is optimized with the Yoast SEO plugin v24.4 - https:\/\/yoast.com\/wordpress\/plugins\/seo\/ -->\n<title>Dividendos: Telef\u00f4nica (VIVT3), Tim (TIMS3) pagam proventos hoje<\/title>\n<meta name=\"description\" content=\"As telecoms Telef\u00f4nica (VIVT3) e TIM (TIMS3) s\u00e3o os destaques do dia na agenda de dividendos. Veja mais detalhes do pagamento de hoje!\" \/>\n<meta name=\"robots\" content=\"index, follow, max-snippet:-1, max-image-preview:large, max-video-preview:-1\" \/>\n<link rel=\"canonical\" href=\"https:\/\/www.suno.com.br\/noticias\/news-agenda-dividendos-telefonica-vivt3-tim-tims3-tgma3-abril-cpf\/\" \/>\n<meta property=\"og:locale\" content=\"pt_BR\" \/>\n<meta property=\"og:type\" content=\"article\" \/>\n<meta property=\"og:title\" content=\"Dividendos: Telef\u00f4nica (VIVT3), Tim (TIMS3) pagam proventos hoje\" \/>\n<meta property=\"og:description\" content=\"As telecoms Telef\u00f4nica (VIVT3) e TIM (TIMS3) s\u00e3o os destaques do dia na agenda de dividendos. Veja mais detalhes do pagamento de hoje!\" \/>\n<meta property=\"og:url\" content=\"https:\/\/www.suno.com.br\/noticias\/news-agenda-dividendos-telefonica-vivt3-tim-tims3-tgma3-abril-cpf\/\" \/>\n<meta property=\"og:site_name\" content=\"Suno Not\u00edcias\" \/>\n<meta property=\"article:publisher\" content=\"https:\/\/facebook.com\/sunoresearch\" \/>\n<meta property=\"og:image\" content=\"https:\/\/files.sunoresearch.com.br\/n\/uploads\/2019\/09\/804d60e4-telef\u00f3nica.jpg\" \/>\n\t<meta property=\"og:image:width\" content=\"4288\" \/>\n\t<meta property=\"og:image:height\" content=\"2079\" \/>\n\t<meta property=\"og:image:type\" content=\"image\/jpeg\" \/>\n<meta name=\"author\" content=\"Camila Paim\" \/>\n<meta name=\"twitter:card\" content=\"summary_large_image\" \/>\n<meta name=\"twitter:creator\" content=\"@sunoresearch\" \/>\n<meta name=\"twitter:site\" content=\"@sunoresearch\" \/>\n<meta name=\"twitter:label1\" content=\"Escrito por\" \/>\n\t<meta name=\"twitter:data1\" content=\"Camila Paim\" \/>\n\t<meta name=\"twitter:label2\" content=\"Est. tempo de leitura\" \/>\n\t<meta name=\"twitter:data2\" content=\"2 minutos\" \/>\n<script type=\"application\/ld+json\" class=\"yoast-schema-graph\">{\"@context\":\"https:\/\/schema.org\",\"@graph\":[{\"@type\":\"NewsArticle\",\"@id\":\"https:\/\/www.suno.com.br\/noticias\/news-agenda-dividendos-telefonica-vivt3-tim-tims3-tgma3-abril-cpf\/#article\",\"isPartOf\":{\"@id\":\"https:\/\/www.suno.com.br\/noticias\/news-agenda-dividendos-telefonica-vivt3-tim-tims3-tgma3-abril-cpf\/\"},\"author\":{\"name\":\"Camila Paim\",\"@id\":\"https:\/\/www.suno.com.br\/noticias\/#\/schema\/person\/f341d3ae5d1cc685176c9a5327cdfdbb\"},\"headline\":\"Dividendos: Telef\u00f4nica (VIVT3) e Tim (TIMS3) distribuem proventos nesta ter\u00e7a-feira (23); confira os valores\",\"datePublished\":\"2024-04-23T12:10:59+00:00\",\"dateModified\":\"2024-04-23T12:11:04+00:00\",\"mainEntityOfPage\":{\"@id\":\"https:\/\/www.suno.com.br\/noticias\/news-agenda-dividendos-telefonica-vivt3-tim-tims3-tgma3-abril-cpf\/\"},\"wordCount\":363,\"publisher\":{\"@id\":\"https:\/\/www.suno.com.br\/noticias\/#organization\"},\"image\":{\"@id\":\"https:\/\/www.suno.com.br\/noticias\/news-agenda-dividendos-telefonica-vivt3-tim-tims3-tgma3-abril-cpf\/#primaryimage\"},\"thumbnailUrl\":\"https:\/\/files.sunoresearch.com.br\/n\/uploads\/2019\/09\/804d60e4-telef\u00f3nica-scaled.webp\",\"keywords\":[\"dividendos\",\"juros sobre capital pr\u00f3prio (JCP)\",\"Tegma (TGMA3)\",\"Telef\u00f4nica (VIVT3)\",\"TIM (TIMS3)\"],\"articleSection\":[\"Neg\u00f3cios\"],\"inLanguage\":\"pt-BR\"},{\"@type\":\"WebPage\",\"@id\":\"https:\/\/www.suno.com.br\/noticias\/news-agenda-dividendos-telefonica-vivt3-tim-tims3-tgma3-abril-cpf\/\",\"url\":\"https:\/\/www.suno.com.br\/noticias\/news-agenda-dividendos-telefonica-vivt3-tim-tims3-tgma3-abril-cpf\/\",\"name\":\"Dividendos: Telef\u00f4nica (VIVT3), Tim (TIMS3) pagam proventos hoje\",\"isPartOf\":{\"@id\":\"https:\/\/www.suno.com.br\/noticias\/#website\"},\"primaryImageOfPage\":{\"@id\":\"https:\/\/www.suno.com.br\/noticias\/news-agenda-dividendos-telefonica-vivt3-tim-tims3-tgma3-abril-cpf\/#primaryimage\"},\"image\":{\"@id\":\"https:\/\/www.suno.com.br\/noticias\/news-agenda-dividendos-telefonica-vivt3-tim-tims3-tgma3-abril-cpf\/#primaryimage\"},\"thumbnailUrl\":\"https:\/\/files.sunoresearch.com.br\/n\/uploads\/2019\/09\/804d60e4-telef\u00f3nica-scaled.webp\",\"datePublished\":\"2024-04-23T12:10:59+00:00\",\"dateModified\":\"2024-04-23T12:11:04+00:00\",\"description\":\"As telecoms Telef\u00f4nica (VIVT3) e TIM (TIMS3) s\u00e3o os destaques do dia na agenda de dividendos. Veja mais detalhes do pagamento de hoje!\",\"breadcrumb\":{\"@id\":\"https:\/\/www.suno.com.br\/noticias\/news-agenda-dividendos-telefonica-vivt3-tim-tims3-tgma3-abril-cpf\/#breadcrumb\"},\"inLanguage\":\"pt-BR\",\"potentialAction\":[{\"@type\":\"ReadAction\",\"target\":[\"https:\/\/www.suno.com.br\/noticias\/news-agenda-dividendos-telefonica-vivt3-tim-tims3-tgma3-abril-cpf\/\"]}]},{\"@type\":\"ImageObject\",\"inLanguage\":\"pt-BR\",\"@id\":\"https:\/\/www.suno.com.br\/noticias\/news-agenda-dividendos-telefonica-vivt3-tim-tims3-tgma3-abril-cpf\/#primaryimage\",\"url\":\"https:\/\/files.sunoresearch.com.br\/n\/uploads\/2019\/09\/804d60e4-telef\u00f3nica-scaled.webp\",\"contentUrl\":\"https:\/\/files.sunoresearch.com.br\/n\/uploads\/2019\/09\/804d60e4-telef\u00f3nica-scaled.webp\",\"width\":2560,\"height\":1241,\"caption\":\"Telef\u00f4nica (VIVT3). Foto: Divulga\u00e7\u00e3o\"},{\"@type\":\"BreadcrumbList\",\"@id\":\"https:\/\/www.suno.com.br\/noticias\/news-agenda-dividendos-telefonica-vivt3-tim-tims3-tgma3-abril-cpf\/#breadcrumb\",\"itemListElement\":[{\"@type\":\"ListItem\",\"position\":1,\"name\":\"Not\u00edcias\",\"item\":\"https:\/\/www.suno.com.br\/noticias\/\"},{\"@type\":\"ListItem\",\"position\":2,\"name\":\"Neg\u00f3cios\",\"item\":\"https:\/\/www.suno.com.br\/noticias\/negocios\/\"},{\"@type\":\"ListItem\",\"position\":3,\"name\":\"Dividendos: Telef\u00f4nica (VIVT3) e Tim (TIMS3) distribuem proventos nesta ter\u00e7a-feira (23); confira os valores\"}]},{\"@type\":\"WebSite\",\"@id\":\"https:\/\/www.suno.com.br\/noticias\/#website\",\"url\":\"https:\/\/www.suno.com.br\/noticias\/\",\"name\":\"Suno Not\u00edcias\",\"description\":\"Seu portal de informa\u00e7\u00e3o sobre o mundo dos investimentos\",\"publisher\":{\"@id\":\"https:\/\/www.suno.com.br\/noticias\/#organization\"},\"potentialAction\":[{\"@type\":\"SearchAction\",\"target\":{\"@type\":\"EntryPoint\",\"urlTemplate\":\"https:\/\/www.suno.com.br\/noticias\/?s={search_term_string}\"},\"query-input\":{\"@type\":\"PropertyValueSpecification\",\"valueRequired\":true,\"valueName\":\"search_term_string\"}}],\"inLanguage\":\"pt-BR\"},{\"@type\":\"Organization\",\"@id\":\"https:\/\/www.suno.com.br\/noticias\/#organization\",\"name\":\"Suno Not\u00edcias\",\"url\":\"https:\/\/www.suno.com.br\/noticias\/\",\"logo\":{\"@type\":\"ImageObject\",\"inLanguage\":\"pt-BR\",\"@id\":\"https:\/\/www.suno.com.br\/noticias\/#\/schema\/logo\/image\/\",\"url\":\"https:\/\/files.sunoresearch.com.br\/n\/uploads\/2021\/09\/suno-logo.png\",\"contentUrl\":\"https:\/\/files.sunoresearch.com.br\/n\/uploads\/2021\/09\/suno-logo.png\",\"width\":180,\"height\":180,\"caption\":\"Suno Not\u00edcias\"},\"image\":{\"@id\":\"https:\/\/www.suno.com.br\/noticias\/#\/schema\/logo\/image\/\"},\"sameAs\":[\"https:\/\/facebook.com\/sunoresearch\",\"https:\/\/x.com\/sunoresearch\",\"https:\/\/www.instagram.com\/suno\",\"https:\/\/www.linkedin.com\/company\/suno-research\/\",\"https:\/\/www.youtube.com\/c\/sunoresearch\"]},{\"@type\":\"Person\",\"@id\":\"https:\/\/www.suno.com.br\/noticias\/#\/schema\/person\/f341d3ae5d1cc685176c9a5327cdfdbb\",\"name\":\"Camila Paim\",\"image\":{\"@type\":\"ImageObject\",\"inLanguage\":\"pt-BR\",\"@id\":\"https:\/\/www.suno.com.br\/noticias\/#\/schema\/person\/image\/\",\"url\":\"https:\/\/secure.gravatar.com\/avatar\/f33728e65febb1aa7ecf6792956f9b20?s=96&r=g\",\"contentUrl\":\"https:\/\/secure.gravatar.com\/avatar\/f33728e65febb1aa7ecf6792956f9b20?s=96&r=g\",\"caption\":\"Camila Paim\"},\"description\":\"Jornalista formada pela USP, tem experi\u00eancia em reda\u00e7\u00f5es, SEO, Branded Content e Webdesign. Com passagem pelo Jornal da USP, Empiricus e C6 Bank, hoje \u00e9 rep\u00f3rter no Suno Not\u00edcias cobrindo macroeconomia, finan\u00e7as pessoais e startups.\",\"url\":\"https:\/\/www.suno.com.br\/noticias\/author\/camila-figueiredosuno-com-br\/\"}]}<\/script>\n<!-- \/ Yoast SEO plugin. -->","yoast_head_json":{"title":"Dividendos: Telef\u00f4nica (VIVT3), Tim (TIMS3) pagam proventos hoje","description":"As telecoms Telef\u00f4nica (VIVT3) e TIM (TIMS3) s\u00e3o os destaques do dia na agenda de dividendos. Veja mais detalhes do pagamento de hoje!","robots":{"index":"index","follow":"follow","max-snippet":"max-snippet:-1","max-image-preview":"max-image-preview:large","max-video-preview":"max-video-preview:-1"},"canonical":"https:\/\/www.suno.com.br\/noticias\/news-agenda-dividendos-telefonica-vivt3-tim-tims3-tgma3-abril-cpf\/","og_locale":"pt_BR","og_type":"article","og_title":"Dividendos: Telef\u00f4nica (VIVT3), Tim (TIMS3) pagam proventos hoje","og_description":"As telecoms Telef\u00f4nica (VIVT3) e TIM (TIMS3) s\u00e3o os destaques do dia na agenda de dividendos. Veja mais detalhes do pagamento de hoje!","og_url":"https:\/\/www.suno.com.br\/noticias\/news-agenda-dividendos-telefonica-vivt3-tim-tims3-tgma3-abril-cpf\/","og_site_name":"Suno Not\u00edcias","article_publisher":"https:\/\/facebook.com\/sunoresearch","og_image":[{"width":4288,"height":2079,"url":"https:\/\/files.sunoresearch.com.br\/n\/uploads\/2019\/09\/804d60e4-telef\u00f3nica.jpg","type":"image\/jpeg"}],"author":"Camila Paim","twitter_card":"summary_large_image","twitter_creator":"@sunoresearch","twitter_site":"@sunoresearch","twitter_misc":{"Escrito por":"Camila Paim","Est. tempo de leitura":"2 minutos"},"schema":{"@context":"https:\/\/schema.org","@graph":[{"@type":"NewsArticle","@id":"https:\/\/www.suno.com.br\/noticias\/news-agenda-dividendos-telefonica-vivt3-tim-tims3-tgma3-abril-cpf\/#article","isPartOf":{"@id":"https:\/\/www.suno.com.br\/noticias\/news-agenda-dividendos-telefonica-vivt3-tim-tims3-tgma3-abril-cpf\/"},"author":{"name":"Camila Paim","@id":"https:\/\/www.suno.com.br\/noticias\/#\/schema\/person\/f341d3ae5d1cc685176c9a5327cdfdbb"},"headline":"Dividendos: Telef\u00f4nica (VIVT3) e Tim (TIMS3) distribuem proventos nesta ter\u00e7a-feira (23); confira os valores","datePublished":"2024-04-23T12:10:59+00:00","dateModified":"2024-04-23T12:11:04+00:00","mainEntityOfPage":{"@id":"https:\/\/www.suno.com.br\/noticias\/news-agenda-dividendos-telefonica-vivt3-tim-tims3-tgma3-abril-cpf\/"},"wordCount":363,"publisher":{"@id":"https:\/\/www.suno.com.br\/noticias\/#organization"},"image":{"@id":"https:\/\/www.suno.com.br\/noticias\/news-agenda-dividendos-telefonica-vivt3-tim-tims3-tgma3-abril-cpf\/#primaryimage"},"thumbnailUrl":"https:\/\/files.sunoresearch.com.br\/n\/uploads\/2019\/09\/804d60e4-telef\u00f3nica-scaled.webp","keywords":["dividendos","juros sobre capital pr\u00f3prio (JCP)","Tegma (TGMA3)","Telef\u00f4nica (VIVT3)","TIM (TIMS3)"],"articleSection":["Neg\u00f3cios"],"inLanguage":"pt-BR"},{"@type":"WebPage","@id":"https:\/\/www.suno.com.br\/noticias\/news-agenda-dividendos-telefonica-vivt3-tim-tims3-tgma3-abril-cpf\/","url":"https:\/\/www.suno.com.br\/noticias\/news-agenda-dividendos-telefonica-vivt3-tim-tims3-tgma3-abril-cpf\/","name":"Dividendos: Telef\u00f4nica (VIVT3), Tim (TIMS3) pagam proventos hoje","isPartOf":{"@id":"https:\/\/www.suno.com.br\/noticias\/#website"},"primaryImageOfPage":{"@id":"https:\/\/www.suno.com.br\/noticias\/news-agenda-dividendos-telefonica-vivt3-tim-tims3-tgma3-abril-cpf\/#primaryimage"},"image":{"@id":"https:\/\/www.suno.com.br\/noticias\/news-agenda-dividendos-telefonica-vivt3-tim-tims3-tgma3-abril-cpf\/#primaryimage"},"thumbnailUrl":"https:\/\/files.sunoresearch.com.br\/n\/uploads\/2019\/09\/804d60e4-telef\u00f3nica-scaled.webp","datePublished":"2024-04-23T12:10:59+00:00","dateModified":"2024-04-23T12:11:04+00:00","description":"As telecoms Telef\u00f4nica (VIVT3) e TIM (TIMS3) s\u00e3o os destaques do dia na agenda de dividendos. Veja mais detalhes do pagamento de hoje!","breadcrumb":{"@id":"https:\/\/www.suno.com.br\/noticias\/news-agenda-dividendos-telefonica-vivt3-tim-tims3-tgma3-abril-cpf\/#breadcrumb"},"inLanguage":"pt-BR","potentialAction":[{"@type":"ReadAction","target":["https:\/\/www.suno.com.br\/noticias\/news-agenda-dividendos-telefonica-vivt3-tim-tims3-tgma3-abril-cpf\/"]}]},{"@type":"ImageObject","inLanguage":"pt-BR","@id":"https:\/\/www.suno.com.br\/noticias\/news-agenda-dividendos-telefonica-vivt3-tim-tims3-tgma3-abril-cpf\/#primaryimage","url":"https:\/\/files.sunoresearch.com.br\/n\/uploads\/2019\/09\/804d60e4-telef\u00f3nica-scaled.webp","contentUrl":"https:\/\/files.sunoresearch.com.br\/n\/uploads\/2019\/09\/804d60e4-telef\u00f3nica-scaled.webp","width":2560,"height":1241,"caption":"Telef\u00f4nica (VIVT3). Foto: Divulga\u00e7\u00e3o"},{"@type":"BreadcrumbList","@id":"https:\/\/www.suno.com.br\/noticias\/news-agenda-dividendos-telefonica-vivt3-tim-tims3-tgma3-abril-cpf\/#breadcrumb","itemListElement":[{"@type":"ListItem","position":1,"name":"Not\u00edcias","item":"https:\/\/www.suno.com.br\/noticias\/"},{"@type":"ListItem","position":2,"name":"Neg\u00f3cios","item":"https:\/\/www.suno.com.br\/noticias\/negocios\/"},{"@type":"ListItem","position":3,"name":"Dividendos: Telef\u00f4nica (VIVT3) e Tim (TIMS3) distribuem proventos nesta ter\u00e7a-feira (23); confira os valores"}]},{"@type":"WebSite","@id":"https:\/\/www.suno.com.br\/noticias\/#website","url":"https:\/\/www.suno.com.br\/noticias\/","name":"Suno Not\u00edcias","description":"Seu portal de informa\u00e7\u00e3o sobre o mundo dos investimentos","publisher":{"@id":"https:\/\/www.suno.com.br\/noticias\/#organization"},"potentialAction":[{"@type":"SearchAction","target":{"@type":"EntryPoint","urlTemplate":"https:\/\/www.suno.com.br\/noticias\/?s={search_term_string}"},"query-input":{"@type":"PropertyValueSpecification","valueRequired":true,"valueName":"search_term_string"}}],"inLanguage":"pt-BR"},{"@type":"Organization","@id":"https:\/\/www.suno.com.br\/noticias\/#organization","name":"Suno Not\u00edcias","url":"https:\/\/www.suno.com.br\/noticias\/","logo":{"@type":"ImageObject","inLanguage":"pt-BR","@id":"https:\/\/www.suno.com.br\/noticias\/#\/schema\/logo\/image\/","url":"https:\/\/files.sunoresearch.com.br\/n\/uploads\/2021\/09\/suno-logo.png","contentUrl":"https:\/\/files.sunoresearch.com.br\/n\/uploads\/2021\/09\/suno-logo.png","width":180,"height":180,"caption":"Suno Not\u00edcias"},"image":{"@id":"https:\/\/www.suno.com.br\/noticias\/#\/schema\/logo\/image\/"},"sameAs":["https:\/\/facebook.com\/sunoresearch","https:\/\/x.com\/sunoresearch","https:\/\/www.instagram.com\/suno","https:\/\/www.linkedin.com\/company\/suno-research\/","https:\/\/www.youtube.com\/c\/sunoresearch"]},{"@type":"Person","@id":"https:\/\/www.suno.com.br\/noticias\/#\/schema\/person\/f341d3ae5d1cc685176c9a5327cdfdbb","name":"Camila Paim","image":{"@type":"ImageObject","inLanguage":"pt-BR","@id":"https:\/\/www.suno.com.br\/noticias\/#\/schema\/person\/image\/","url":"https:\/\/secure.gravatar.com\/avatar\/f33728e65febb1aa7ecf6792956f9b20?s=96&r=g","contentUrl":"https:\/\/secure.gravatar.com\/avatar\/f33728e65febb1aa7ecf6792956f9b20?s=96&r=g","caption":"Camila Paim"},"description":"Jornalista formada pela USP, tem experi\u00eancia em reda\u00e7\u00f5es, SEO, Branded Content e Webdesign. Com passagem pelo Jornal da USP, Empiricus e C6 Bank, hoje \u00e9 rep\u00f3rter no Suno Not\u00edcias cobrindo macroeconomia, finan\u00e7as pessoais e startups.","url":"https:\/\/www.suno.com.br\/noticias\/author\/camila-figueiredosuno-com-br\/"}]}},"default_loop_html":"<div class=\"cardsPage__listCard__boxs\"><div class=\"cardsPage__listCard__boxs__img\"><a href=\"https:\/\/www.suno.com.br\/noticias\/news-agenda-dividendos-telefonica-vivt3-tim-tims3-tgma3-abril-cpf\/\"><img class=\"mask\" src=\"https:\/\/www.suno.com.br\/noticias\/wp-content\/themes\/suno\/resources\/images\/spotlight\/spotlight1img\/bg-mask.png\" alt=\"Image Mask\"\/><img src=\"https:\/\/files.sunoresearch.com.br\/n\/uploads\/2019\/09\/804d60e4-telef\u00f3nica-400x200.webp\" alt=\"Dividendos: Telef\u00f4nica (VIVT3) e Tim (TIMS3) distribuem proventos nesta ter\u00e7a-feira (23); confira os valores\"\/><\/a><span class=\"spotlightCategory\"><a href=\"https:\/\/www.suno.com.br\/noticias\/negocios\/\">Neg\u00f3cios<\/a><\/span><\/div><div class=\"cardsPage__listCard__boxs__content\"><a href=\"https:\/\/www.suno.com.br\/noticias\/news-agenda-dividendos-telefonica-vivt3-tim-tims3-tgma3-abril-cpf\/\"><h2 class=\"content__title\">Dividendos: Telef\u00f4nica (VIVT3) e Tim (TIMS3) distribuem proventos nesta ter\u00e7a-feira (23); confira os valores<\/h2><\/a><div class=\"newsContent__article__meta\"><div class=\"newsContent__article__meta__authorBox\"><a href=\"https:\/\/www.suno.com.br\/noticias\/author\/camila-figueiredosuno-com-br\/\" class=\"authorBox__avatar noMobi\"><img src=\"https:\/\/files.sunoresearch.com.br\/n\/uploads\/2024\/05\/camila-paim-square-150x150.jpg\" alt=\"Camila Paim\"><\/a><div class=\"authorBox__name\"><span>por\n\t\t\t<a href=\"https:\/\/www.suno.com.br\/noticias\/author\/camila-figueiredosuno-com-br\/\"><span itemprop=\"author\">Camila Paim<\/span><\/a><\/span><time datetime=\"2024-04-23T09:10:59-03:00\" itemprop=\"datePublished\">23\/04\/2024 09:10<\/time><\/div><\/div><\/div><\/div><\/div>","single_layout":"posts","amp_enabled":true,"_links":{"self":[{"href":"https:\/\/www.suno.com.br\/noticias\/wp-json\/wp\/v2\/posts\/546694"}],"collection":[{"href":"https:\/\/www.suno.com.br\/noticias\/wp-json\/wp\/v2\/posts"}],"about":[{"href":"https:\/\/www.suno.com.br\/noticias\/wp-json\/wp\/v2\/types\/post"}],"author":[{"embeddable":true,"href":"https:\/\/www.suno.com.br\/noticias\/wp-json\/wp\/v2\/users\/283"}],"replies":[{"embeddable":true,"href":"https:\/\/www.suno.com.br\/noticias\/wp-json\/wp\/v2\/comments?post=546694"}],"version-history":[{"count":3,"href":"https:\/\/www.suno.com.br\/noticias\/wp-json\/wp\/v2\/posts\/546694\/revisions"}],"predecessor-version":[{"id":546739,"href":"https:\/\/www.suno.com.br\/noticias\/wp-json\/wp\/v2\/posts\/546694\/revisions\/546739"}],"wp:featuredmedia":[{"embeddable":true,"href":"https:\/\/www.suno.com.br\/noticias\/wp-json\/wp\/v2\/media\/38053"}],"wp:attachment":[{"href":"https:\/\/www.suno.com.br\/noticias\/wp-json\/wp\/v2\/media?parent=546694"}],"wp:term":[{"taxonomy":"category","embeddable":true,"href":"https:\/\/www.suno.com.br\/noticias\/wp-json\/wp\/v2\/categories?post=546694"},{"taxonomy":"post_tag","embeddable":true,"href":"https:\/\/www.suno.com.br\/noticias\/wp-json\/wp\/v2\/tags?post=546694"},{"taxonomy":"suno_strategy","embeddable":true,"href":"https:\/\/www.suno.com.br\/noticias\/wp-json\/wp\/v2\/suno_strategy?post=546694"}],"curies":[{"name":"wp","href":"https:\/\/api.w.org\/{rel}","templated":true}]}}