{"id":546580,"date":"2024-04-22T21:04:38","date_gmt":"2024-04-23T00:04:38","guid":{"rendered":"https:\/\/www.suno.com.br\/noticias\/?p=546580"},"modified":"2024-04-22T21:04:46","modified_gmt":"2024-04-23T00:04:46","slug":"b3-b3sa3-220424-mm","status":"publish","type":"post","link":"https:\/\/www.suno.com.br\/noticias\/b3-b3sa3-220424-mm\/","title":{"rendered":"B3 (B3SA3) tem a\u00e7\u00f5es recomendadas pelo BofA ap\u00f3s altera\u00e7\u00e3o na pol\u00edtica de pre\u00e7os"},"content":{"rendered":"<p>O Bank of America (BofA) reafirma sua recomenda\u00e7\u00e3o de compra para as a\u00e7\u00f5es da <a class=\"suno-keyword\" data-force=\"yes\" data-priority=\"2\" href=\"https:\/\/www.suno.com.br\/acoes\/B3SA3\/\" target=\"_blank\" rel=\"noopener\"><strong>B3<\/strong> (B3SA3)<\/a>, considerando as recentes altera\u00e7\u00f5es da pol\u00edtica de pre\u00e7os da Bolsa de Valores brasileira como um movimento &#8220;importante&#8221; em um cen\u00e1rio de poss\u00edvel concorr\u00eancia e volumes mais baixos. Com o foco voltado para a redu\u00e7\u00e3o das taxas, o banco diz que mant\u00e9m sua perspectiva otimista para as a\u00e7\u00f5es da B3 ON, esperando uma recupera\u00e7\u00e3o nos volumes de negocia\u00e7\u00e3o ao longo do segundo semestre deste ano.<\/p>\t<div class=\"wrapper-featured-image\">\n\t\t<figure class=\"spotlightImg\">\n\n\t\t\t<picture>\n\t\t\t\t<source media=\"(max-width: 768px)\" srcset=\"https:\/\/files.sunoresearch.com.br\/n\/uploads\/2023\/06\/Ibovespa-B3-Fachada-400x200.jpg\">\n\t\t\t\t<img loading=\"lazy\" decoding=\"async\" class=\"newsContent__article__imgCapa lazyloadDisabled \" src=\"https:\/\/files.sunoresearch.com.br\/n\/uploads\/2023\/06\/Ibovespa-B3-Fachada-800x450.jpg\" width=\"800\" height=\"450\" alt=\"B3 (B3SA3) tem a\u00e7\u00f5es recomendadas pelo BofA ap\u00f3s altera\u00e7\u00e3o na pol\u00edtica de pre\u00e7os\" fetchpriority=high \/>\n\t\t\t<\/picture>\n\n\t\t\t<figcaption class=\"wp-caption-text wp-caption-text--show\">B3 (B3SA3). Foto: Divulga\u00e7\u00e3o<\/figcaption>\n\t\t<\/figure>\n\t<\/div>\n\n\n\n\n\n\t<p>\n\t\t<a href=\"https:\/\/lp.suno.com.br\/planilha-da-vida-financeira\/\" target=\"_blank\" data-element=\"shortcode-suno-banner\" title=\"Banner SUNO, clique e saiba mais\">\n\t\t\t<picture>\n\t\t\t\t<source media=\"(max-width: 500px)\" srcset=\"https:\/\/files.sunoresearch.com.br\/n\/uploads\/2023\/04\/400x300-Planilha-vida-financeira-true.png\">\n\t\t\t\t<img class=\"newsContent__article__imgCapa newsContent__article__imgCapa--banner\"\n\t\t\t\t\tsrc=\"https:\/\/files.sunoresearch.com.br\/n\/uploads\/2023\/04\/1420x240-Planilha-vida-financeira-true.png\"\n\t\t\t\t\tdata-promo-id=\"106682\"\t\t\t\t\t\t\t\t\t\twidth='1420' height='240'\t\t\t\t\talt=\"https:\/\/files.sunoresearch.com.br\/n\/uploads\/2023\/04\/1420x240-Planilha-vida-financeira-true.png\"\n\t\t\t\t>\n\t\t\t<\/picture>\n\t\t<\/a>\n\t<\/p>\n\n\n\n\n\n<p>Segundo os analistas Mario Pierry e Antonio Ruette, o atual m\u00faltiplo pre\u00e7o\/<a class=\"suno-keyword\" data-force=\"no\" data-priority=\"1\" href=\"https:\/\/www.suno.com.br\/artigos\/lpa-lucro-por-acao\/\" target=\"_blank\" rel=\"noopener\">lucro por <\/a><strong><a class=\"suno-keyword\" data-force=\"no\" data-priority=\"1\" href=\"https:\/\/www.suno.com.br\/artigos\/lpa-lucro-por-acao\/\" target=\"_blank\" rel=\"noopener\">a\u00e7\u00e3o<\/a> da<\/strong> <strong>B3<\/strong>, que est\u00e1 em torno de 13,3 vezes, substancialmente abaixo dos n\u00edveis observados nos \u00faltimos ciclos de flexibiliza\u00e7\u00e3o, que variaram entre 20 e 25 vezes, al\u00e9m de ser cerca de 40% inferior aos seus pares internacionais.<\/p>\n\n\n\n<p>A nova <strong>pol\u00edtica de pre\u00e7os da B3<\/strong> inclui a cobran\u00e7a de taxas de negocia\u00e7\u00e3o e p\u00f3s-negocia\u00e7\u00e3o com base no volume m\u00e9dio di\u00e1rio negociado (ADTV) do m\u00eas anterior, independentemente do tipo de investidor. Al\u00e9m disso, no segmento de cust\u00f3dia, a empresa ajustou as tarifas de saldo de cust\u00f3dia, eliminou a tarifa de manuten\u00e7\u00e3o de Depositary Receipts (DR) e introduziu uma tarifa de saldo de cust\u00f3dia para investidores n\u00e3o residentes, isentando-os da <a class=\"suno-keyword\" data-force=\"no\" data-priority=\"1\" href=\"https:\/\/www.suno.com.br\/artigos\/taxa-de-manutencao\/\" target=\"_blank\" rel=\"noopener\">taxa de manuten\u00e7\u00e3o<\/a> de contas de cust\u00f3dia.<\/p>\n\n\n\n<p>Com um <strong>pre\u00e7o-alvo de R$ 17 para as a\u00e7\u00f5es da B3 ON<\/strong>, o BofA estima um potencial de valoriza\u00e7\u00e3o de 52% em rela\u00e7\u00e3o ao fechamento do \u00faltimo preg\u00e3o, ocorrido na \u00faltima sexta-feira (19). A a\u00e7\u00e3o da B3 \u00e9 negociada hoje a R$ 11,27.<\/p>\n\n\n\n<h2 class=\"wp-block-heading\">Volume m\u00e9dio di\u00e1rio da B3 no mercado de a\u00e7\u00f5es cai 5,6% em mar\u00e7o na compara\u00e7\u00e3o anual<\/h2>\n\n\n\n<p>O volume financeiro m\u00e9dio negociado na\u00a0B3\u00a0no segmento de a\u00e7\u00f5es apresentou uma queda de 7,2% em mar\u00e7o deste ano em compara\u00e7\u00e3o com fevereiro, totalizando um montante de R$ 24,558 bilh\u00f5es. Em rela\u00e7\u00e3o ao mesmo per\u00edodo do ano anterior, a queda foi de 5,6%. <\/p>\n\n\n\n<p>Apesar da&nbsp;<strong>queda no volume financeiro na B3<\/strong>, a empresa encerrou o m\u00eas com 5,938 milh\u00f5es de contas na deposit\u00e1ria, registrando um avan\u00e7o de 0,6% em 12 meses. O n\u00famero de investidores individuais atingiu 5,094 milh\u00f5es, representando um aumento de 0,6%. A quantidade de empresas listadas permaneceu est\u00e1vel em 443.<\/p>\n\n\n\n<p>A&nbsp;<strong>capitaliza\u00e7\u00e3o m\u00e9dia de mercado da B3<\/strong>&nbsp;estava em R$ 4,586 trilh\u00f5es, apresentando uma queda de 1,3% em rela\u00e7\u00e3o ao mesmo per\u00edodo do ano anterior.<\/p>\n\n\n\n<p>No segmento de futuros, que engloba juros, moedas e mercadorias, o volume m\u00e9dio di\u00e1rio registrou um aumento de 15,3% na base anual, atingindo R$ 7,287 bilh\u00f5es. Por outro lado, a receita m\u00e9dia por contrato apresentou uma queda de 4,4% em rela\u00e7\u00e3o ao ano anterior.<\/p>\n\n\n\n<p>No&nbsp;<a href=\"https:\/\/www.suno.com.br\/artigos\/mercado-balcao\/\" target=\"_blank\" rel=\"noreferrer noopener\">mercado de balc\u00e3o<\/a>, as novas emiss\u00f5es de renda fixa da&nbsp;<strong>B3&nbsp;<\/strong>aumentaram 7,2% na compara\u00e7\u00e3o anual, totalizando R$ 1,382 trilh\u00e3o. No entanto, o estoque apresentou uma leve queda de 0,1%, ficando em R$ 6,244 trilh\u00f5es.<\/p>\n\n\n\t<p>\n\t\t<a href=\"https:\/\/lp.suno.com.br\/ebook-como-analisar-uma-acao\/\" target=\"_blank\" data-element=\"shortcode-suno-banner\" title=\"Banner SUNO, clique e saiba mais\">\n\t\t\t<picture>\n\t\t\t\t<source media=\"(max-width: 500px)\" srcset=\"https:\/\/files.sunoresearch.com.br\/n\/uploads\/2023\/03\/Ebook-Acoes-Mobile.jpg\">\n\t\t\t\t<img class=\"newsContent__article__imgCapa newsContent__article__imgCapa--banner\"\n\t\t\t\t\tsrc=\"https:\/\/files.sunoresearch.com.br\/n\/uploads\/2023\/03\/Ebook-Acoes-Desktop.jpg\"\n\t\t\t\t\tdata-promo-id=\"378302\"\t\t\t\t\t\t\t\t\t\twidth='1420' height='286'\t\t\t\t\talt=\"https:\/\/files.sunoresearch.com.br\/n\/uploads\/2023\/03\/Ebook-Acoes-Desktop.jpg\"\n\t\t\t\t>\n\t\t\t<\/picture>\n\t\t<\/a>\n\t<\/p>\n\n\n\n\n\n<h2 class=\"wp-block-heading\">Lucro da B3 cai 8,8% no 4T23<\/h2>\n\n\n\n<p>No quarto trimestre do ano passado (4T23), a<strong>\u00a0B3 registrou uma queda de 8,8% no lucro<\/strong>, que totalizou R$ 915,5 milh\u00f5es. Fatores como a redu\u00e7\u00e3o da receita e o aumento das despesas, especialmente relacionadas ao processamento de dados, contribu\u00edram para esse resultado, conforme balan\u00e7o da empresa.<\/p>\n\n\n\n<p>A receita da <strong>operadora da bolsa<\/strong> caiu 2,8%, alcan\u00e7ando R$ 2,24 bilh\u00f5es, refletindo uma movimenta\u00e7\u00e3o mais fraca no mercado acion\u00e1rio, que impactou negativamente o segmento listado.<\/p>\n\n\n\n<p>Esse segmento, que corresponde a quase 57% da <a class=\"suno-keyword\" data-force=\"no\" data-priority=\"1\" href=\"https:\/\/www.suno.com.br\/artigos\/receita-total\/\" target=\"_blank\" rel=\"noopener\">receita total<\/a> da&nbsp;<strong>B3<\/strong>, engloba n\u00e3o apenas a\u00e7\u00f5es, mas tamb\u00e9m instrumentos de renda vari\u00e1vel, juros, moedas e mercadorias. A queda de 13,5% na receita desse segmento n\u00e3o p\u00f4de ser compensada pelo aumento na receita de outros segmentos de atua\u00e7\u00e3o, como balc\u00e3o e tecnologia, dados e servi\u00e7os.<\/p>\n\n\n\t<p>\n\t\t<a href=\"https:\/\/lp.suno.com.br\/planilha-da-vida-financeira\/\" target=\"_blank\" data-element=\"shortcode-suno-banner\" title=\"Banner SUNO, clique e saiba mais\">\n\t\t\t<picture>\n\t\t\t\t<source media=\"(max-width: 500px)\" srcset=\"https:\/\/files.sunoresearch.com.br\/n\/uploads\/2023\/04\/400x300-Planilha-vida-financeira-true.png\">\n\t\t\t\t<img class=\"newsContent__article__imgCapa newsContent__article__imgCapa--banner\"\n\t\t\t\t\tsrc=\"https:\/\/files.sunoresearch.com.br\/n\/uploads\/2023\/04\/1420x240-Planilha-vida-financeira-true.png\"\n\t\t\t\t\tdata-promo-id=\"383123\"\t\t\t\t\t\t\t\t\t\twidth='1420' height='240'\t\t\t\t\talt=\"https:\/\/files.sunoresearch.com.br\/n\/uploads\/2023\/04\/1420x240-Planilha-vida-financeira-true.png\"\n\t\t\t\t>\n\t\t\t<\/picture>\n\t\t<\/a>\n\t<\/p>\n\n\n","protected":false},"excerpt":{"rendered":"<p>O Bank of America (BofA) reafirma sua recomenda\u00e7\u00e3o de compra para as a\u00e7\u00f5es da B3 (B3SA3), considerando as recentes altera\u00e7\u00f5es da pol\u00edtica de pre\u00e7os da Bolsa de Valores brasileira como um movimento &#8220;importante&#8221; em um cen\u00e1rio de poss\u00edvel concorr\u00eancia e volumes mais baixos. Com o foco voltado para a redu\u00e7\u00e3o das taxas, o banco diz [&hellip;]<\/p>\n","protected":false},"author":345,"featured_media":414140,"comment_status":"closed","ping_status":"closed","sticky":false,"template":"","format":"standard","meta":[],"categories":[64],"tags":[367],"suno_strategy":[],"class_list":["post-546580","post","type-post","status-publish","format-standard","has-post-thumbnail","hentry","category-negocios","tag-b3-b3sa3"],"yoast_head":"<!-- This site is optimized with the Yoast SEO plugin v24.4 - https:\/\/yoast.com\/wordpress\/plugins\/seo\/ -->\n<title>B3 (B3SA3): BofA recomenda compra das a\u00e7\u00f5es<\/title>\n<meta name=\"description\" content=\"Com o foco voltado para a redu\u00e7\u00e3o das taxas, o banco diz que mant\u00e9m sua perspectiva otimista para as a\u00e7\u00f5es da B3 ON.\" \/>\n<meta name=\"robots\" content=\"index, follow, max-snippet:-1, max-image-preview:large, max-video-preview:-1\" \/>\n<link rel=\"canonical\" href=\"https:\/\/www.suno.com.br\/noticias\/b3-b3sa3-220424-mm\/\" \/>\n<meta property=\"og:locale\" content=\"pt_BR\" \/>\n<meta property=\"og:type\" content=\"article\" \/>\n<meta property=\"og:title\" content=\"B3 (B3SA3): BofA recomenda compra das a\u00e7\u00f5es\" \/>\n<meta property=\"og:description\" content=\"Com o foco voltado para a redu\u00e7\u00e3o das taxas, o banco diz que mant\u00e9m sua perspectiva otimista para as a\u00e7\u00f5es da B3 ON.\" \/>\n<meta property=\"og:url\" content=\"https:\/\/www.suno.com.br\/noticias\/b3-b3sa3-220424-mm\/\" \/>\n<meta property=\"og:site_name\" content=\"Suno Not\u00edcias\" \/>\n<meta property=\"article:publisher\" content=\"https:\/\/facebook.com\/sunoresearch\" \/>\n<meta property=\"og:image\" content=\"https:\/\/files.sunoresearch.com.br\/n\/uploads\/2023\/06\/Ibovespa-B3-Fachada.jpg\" \/>\n\t<meta property=\"og:image:width\" content=\"1459\" \/>\n\t<meta property=\"og:image:height\" content=\"821\" \/>\n\t<meta property=\"og:image:type\" content=\"image\/jpeg\" \/>\n<meta name=\"author\" content=\"Murilo Melo\" \/>\n<meta name=\"twitter:card\" content=\"summary_large_image\" \/>\n<meta name=\"twitter:creator\" content=\"@sunoresearch\" \/>\n<meta name=\"twitter:site\" content=\"@sunoresearch\" \/>\n<meta name=\"twitter:label1\" content=\"Escrito por\" \/>\n\t<meta name=\"twitter:data1\" content=\"Murilo Melo\" \/>\n\t<meta name=\"twitter:label2\" content=\"Est. tempo de leitura\" \/>\n\t<meta name=\"twitter:data2\" content=\"4 minutos\" \/>\n<script type=\"application\/ld+json\" class=\"yoast-schema-graph\">{\"@context\":\"https:\/\/schema.org\",\"@graph\":[{\"@type\":\"NewsArticle\",\"@id\":\"https:\/\/www.suno.com.br\/noticias\/b3-b3sa3-220424-mm\/#article\",\"isPartOf\":{\"@id\":\"https:\/\/www.suno.com.br\/noticias\/b3-b3sa3-220424-mm\/\"},\"author\":{\"name\":\"Murilo Melo\",\"@id\":\"https:\/\/www.suno.com.br\/noticias\/#\/schema\/person\/32d4feb215afe4b317d446bb442400dd\"},\"headline\":\"B3 (B3SA3) tem a\u00e7\u00f5es recomendadas pelo BofA ap\u00f3s altera\u00e7\u00e3o na pol\u00edtica de pre\u00e7os\",\"datePublished\":\"2024-04-23T00:04:38+00:00\",\"dateModified\":\"2024-04-23T00:04:46+00:00\",\"mainEntityOfPage\":{\"@id\":\"https:\/\/www.suno.com.br\/noticias\/b3-b3sa3-220424-mm\/\"},\"wordCount\":694,\"publisher\":{\"@id\":\"https:\/\/www.suno.com.br\/noticias\/#organization\"},\"image\":{\"@id\":\"https:\/\/www.suno.com.br\/noticias\/b3-b3sa3-220424-mm\/#primaryimage\"},\"thumbnailUrl\":\"https:\/\/files.sunoresearch.com.br\/n\/uploads\/2023\/06\/Ibovespa-B3-Fachada.jpg\",\"keywords\":[\"B3 (B3SA3)\"],\"articleSection\":[\"Neg\u00f3cios\"],\"inLanguage\":\"pt-BR\"},{\"@type\":\"WebPage\",\"@id\":\"https:\/\/www.suno.com.br\/noticias\/b3-b3sa3-220424-mm\/\",\"url\":\"https:\/\/www.suno.com.br\/noticias\/b3-b3sa3-220424-mm\/\",\"name\":\"B3 (B3SA3): BofA recomenda compra das a\u00e7\u00f5es\",\"isPartOf\":{\"@id\":\"https:\/\/www.suno.com.br\/noticias\/#website\"},\"primaryImageOfPage\":{\"@id\":\"https:\/\/www.suno.com.br\/noticias\/b3-b3sa3-220424-mm\/#primaryimage\"},\"image\":{\"@id\":\"https:\/\/www.suno.com.br\/noticias\/b3-b3sa3-220424-mm\/#primaryimage\"},\"thumbnailUrl\":\"https:\/\/files.sunoresearch.com.br\/n\/uploads\/2023\/06\/Ibovespa-B3-Fachada.jpg\",\"datePublished\":\"2024-04-23T00:04:38+00:00\",\"dateModified\":\"2024-04-23T00:04:46+00:00\",\"description\":\"Com o foco voltado para a redu\u00e7\u00e3o das taxas, o banco diz que mant\u00e9m sua perspectiva otimista para as a\u00e7\u00f5es da B3 ON.\",\"breadcrumb\":{\"@id\":\"https:\/\/www.suno.com.br\/noticias\/b3-b3sa3-220424-mm\/#breadcrumb\"},\"inLanguage\":\"pt-BR\",\"potentialAction\":[{\"@type\":\"ReadAction\",\"target\":[\"https:\/\/www.suno.com.br\/noticias\/b3-b3sa3-220424-mm\/\"]}]},{\"@type\":\"ImageObject\",\"inLanguage\":\"pt-BR\",\"@id\":\"https:\/\/www.suno.com.br\/noticias\/b3-b3sa3-220424-mm\/#primaryimage\",\"url\":\"https:\/\/files.sunoresearch.com.br\/n\/uploads\/2023\/06\/Ibovespa-B3-Fachada.jpg\",\"contentUrl\":\"https:\/\/files.sunoresearch.com.br\/n\/uploads\/2023\/06\/Ibovespa-B3-Fachada.jpg\",\"width\":1459,\"height\":821,\"caption\":\"B3 (B3SA3). Foto: Divulga\u00e7\u00e3o\"},{\"@type\":\"BreadcrumbList\",\"@id\":\"https:\/\/www.suno.com.br\/noticias\/b3-b3sa3-220424-mm\/#breadcrumb\",\"itemListElement\":[{\"@type\":\"ListItem\",\"position\":1,\"name\":\"Not\u00edcias\",\"item\":\"https:\/\/www.suno.com.br\/noticias\/\"},{\"@type\":\"ListItem\",\"position\":2,\"name\":\"Neg\u00f3cios\",\"item\":\"https:\/\/www.suno.com.br\/noticias\/negocios\/\"},{\"@type\":\"ListItem\",\"position\":3,\"name\":\"B3 (B3SA3) tem a\u00e7\u00f5es recomendadas pelo BofA ap\u00f3s altera\u00e7\u00e3o na pol\u00edtica de pre\u00e7os\"}]},{\"@type\":\"WebSite\",\"@id\":\"https:\/\/www.suno.com.br\/noticias\/#website\",\"url\":\"https:\/\/www.suno.com.br\/noticias\/\",\"name\":\"Suno Not\u00edcias\",\"description\":\"Seu portal de informa\u00e7\u00e3o sobre o mundo dos investimentos\",\"publisher\":{\"@id\":\"https:\/\/www.suno.com.br\/noticias\/#organization\"},\"potentialAction\":[{\"@type\":\"SearchAction\",\"target\":{\"@type\":\"EntryPoint\",\"urlTemplate\":\"https:\/\/www.suno.com.br\/noticias\/?s={search_term_string}\"},\"query-input\":{\"@type\":\"PropertyValueSpecification\",\"valueRequired\":true,\"valueName\":\"search_term_string\"}}],\"inLanguage\":\"pt-BR\"},{\"@type\":\"Organization\",\"@id\":\"https:\/\/www.suno.com.br\/noticias\/#organization\",\"name\":\"Suno Not\u00edcias\",\"url\":\"https:\/\/www.suno.com.br\/noticias\/\",\"logo\":{\"@type\":\"ImageObject\",\"inLanguage\":\"pt-BR\",\"@id\":\"https:\/\/www.suno.com.br\/noticias\/#\/schema\/logo\/image\/\",\"url\":\"https:\/\/files.sunoresearch.com.br\/n\/uploads\/2021\/09\/suno-logo.png\",\"contentUrl\":\"https:\/\/files.sunoresearch.com.br\/n\/uploads\/2021\/09\/suno-logo.png\",\"width\":180,\"height\":180,\"caption\":\"Suno Not\u00edcias\"},\"image\":{\"@id\":\"https:\/\/www.suno.com.br\/noticias\/#\/schema\/logo\/image\/\"},\"sameAs\":[\"https:\/\/facebook.com\/sunoresearch\",\"https:\/\/x.com\/sunoresearch\",\"https:\/\/www.instagram.com\/suno\",\"https:\/\/www.linkedin.com\/company\/suno-research\/\",\"https:\/\/www.youtube.com\/c\/sunoresearch\"]},{\"@type\":\"Person\",\"@id\":\"https:\/\/www.suno.com.br\/noticias\/#\/schema\/person\/32d4feb215afe4b317d446bb442400dd\",\"name\":\"Murilo Melo\",\"image\":{\"@type\":\"ImageObject\",\"inLanguage\":\"pt-BR\",\"@id\":\"https:\/\/www.suno.com.br\/noticias\/#\/schema\/person\/image\/\",\"url\":\"https:\/\/secure.gravatar.com\/avatar\/af7a693198b592028493c0e8b0583d4f?s=96&r=g\",\"contentUrl\":\"https:\/\/secure.gravatar.com\/avatar\/af7a693198b592028493c0e8b0583d4f?s=96&r=g\",\"caption\":\"Murilo Melo\"},\"description\":\"\u00c9 um jornalista e letr\u00f3logo com vasta experi\u00eancia em economia, finan\u00e7as e mercado. J\u00e1 foi rep\u00f3rter de jornais, revistas e sites noticiosos como A Tarde, Correio e Folha de S.Paulo. No Suno Not\u00edcias, escreve sobre neg\u00f3cios\",\"url\":\"https:\/\/www.suno.com.br\/noticias\/author\/murilomelo-jornalismogmail-com\/\"}]}<\/script>\n<!-- \/ Yoast SEO plugin. -->","yoast_head_json":{"title":"B3 (B3SA3): BofA recomenda compra das a\u00e7\u00f5es","description":"Com o foco voltado para a redu\u00e7\u00e3o das taxas, o banco diz que mant\u00e9m sua perspectiva otimista para as a\u00e7\u00f5es da B3 ON.","robots":{"index":"index","follow":"follow","max-snippet":"max-snippet:-1","max-image-preview":"max-image-preview:large","max-video-preview":"max-video-preview:-1"},"canonical":"https:\/\/www.suno.com.br\/noticias\/b3-b3sa3-220424-mm\/","og_locale":"pt_BR","og_type":"article","og_title":"B3 (B3SA3): BofA recomenda compra das a\u00e7\u00f5es","og_description":"Com o foco voltado para a redu\u00e7\u00e3o das taxas, o banco diz que mant\u00e9m sua perspectiva otimista para as a\u00e7\u00f5es da B3 ON.","og_url":"https:\/\/www.suno.com.br\/noticias\/b3-b3sa3-220424-mm\/","og_site_name":"Suno Not\u00edcias","article_publisher":"https:\/\/facebook.com\/sunoresearch","og_image":[{"width":1459,"height":821,"url":"https:\/\/files.sunoresearch.com.br\/n\/uploads\/2023\/06\/Ibovespa-B3-Fachada.jpg","type":"image\/jpeg"}],"author":"Murilo Melo","twitter_card":"summary_large_image","twitter_creator":"@sunoresearch","twitter_site":"@sunoresearch","twitter_misc":{"Escrito por":"Murilo Melo","Est. tempo de leitura":"4 minutos"},"schema":{"@context":"https:\/\/schema.org","@graph":[{"@type":"NewsArticle","@id":"https:\/\/www.suno.com.br\/noticias\/b3-b3sa3-220424-mm\/#article","isPartOf":{"@id":"https:\/\/www.suno.com.br\/noticias\/b3-b3sa3-220424-mm\/"},"author":{"name":"Murilo Melo","@id":"https:\/\/www.suno.com.br\/noticias\/#\/schema\/person\/32d4feb215afe4b317d446bb442400dd"},"headline":"B3 (B3SA3) tem a\u00e7\u00f5es recomendadas pelo BofA ap\u00f3s altera\u00e7\u00e3o na pol\u00edtica de pre\u00e7os","datePublished":"2024-04-23T00:04:38+00:00","dateModified":"2024-04-23T00:04:46+00:00","mainEntityOfPage":{"@id":"https:\/\/www.suno.com.br\/noticias\/b3-b3sa3-220424-mm\/"},"wordCount":694,"publisher":{"@id":"https:\/\/www.suno.com.br\/noticias\/#organization"},"image":{"@id":"https:\/\/www.suno.com.br\/noticias\/b3-b3sa3-220424-mm\/#primaryimage"},"thumbnailUrl":"https:\/\/files.sunoresearch.com.br\/n\/uploads\/2023\/06\/Ibovespa-B3-Fachada.jpg","keywords":["B3 (B3SA3)"],"articleSection":["Neg\u00f3cios"],"inLanguage":"pt-BR"},{"@type":"WebPage","@id":"https:\/\/www.suno.com.br\/noticias\/b3-b3sa3-220424-mm\/","url":"https:\/\/www.suno.com.br\/noticias\/b3-b3sa3-220424-mm\/","name":"B3 (B3SA3): BofA recomenda compra das a\u00e7\u00f5es","isPartOf":{"@id":"https:\/\/www.suno.com.br\/noticias\/#website"},"primaryImageOfPage":{"@id":"https:\/\/www.suno.com.br\/noticias\/b3-b3sa3-220424-mm\/#primaryimage"},"image":{"@id":"https:\/\/www.suno.com.br\/noticias\/b3-b3sa3-220424-mm\/#primaryimage"},"thumbnailUrl":"https:\/\/files.sunoresearch.com.br\/n\/uploads\/2023\/06\/Ibovespa-B3-Fachada.jpg","datePublished":"2024-04-23T00:04:38+00:00","dateModified":"2024-04-23T00:04:46+00:00","description":"Com o foco voltado para a redu\u00e7\u00e3o das taxas, o banco diz que mant\u00e9m sua perspectiva otimista para as a\u00e7\u00f5es da B3 ON.","breadcrumb":{"@id":"https:\/\/www.suno.com.br\/noticias\/b3-b3sa3-220424-mm\/#breadcrumb"},"inLanguage":"pt-BR","potentialAction":[{"@type":"ReadAction","target":["https:\/\/www.suno.com.br\/noticias\/b3-b3sa3-220424-mm\/"]}]},{"@type":"ImageObject","inLanguage":"pt-BR","@id":"https:\/\/www.suno.com.br\/noticias\/b3-b3sa3-220424-mm\/#primaryimage","url":"https:\/\/files.sunoresearch.com.br\/n\/uploads\/2023\/06\/Ibovespa-B3-Fachada.jpg","contentUrl":"https:\/\/files.sunoresearch.com.br\/n\/uploads\/2023\/06\/Ibovespa-B3-Fachada.jpg","width":1459,"height":821,"caption":"B3 (B3SA3). Foto: Divulga\u00e7\u00e3o"},{"@type":"BreadcrumbList","@id":"https:\/\/www.suno.com.br\/noticias\/b3-b3sa3-220424-mm\/#breadcrumb","itemListElement":[{"@type":"ListItem","position":1,"name":"Not\u00edcias","item":"https:\/\/www.suno.com.br\/noticias\/"},{"@type":"ListItem","position":2,"name":"Neg\u00f3cios","item":"https:\/\/www.suno.com.br\/noticias\/negocios\/"},{"@type":"ListItem","position":3,"name":"B3 (B3SA3) tem a\u00e7\u00f5es recomendadas pelo BofA ap\u00f3s altera\u00e7\u00e3o na pol\u00edtica de pre\u00e7os"}]},{"@type":"WebSite","@id":"https:\/\/www.suno.com.br\/noticias\/#website","url":"https:\/\/www.suno.com.br\/noticias\/","name":"Suno Not\u00edcias","description":"Seu portal de informa\u00e7\u00e3o sobre o mundo dos investimentos","publisher":{"@id":"https:\/\/www.suno.com.br\/noticias\/#organization"},"potentialAction":[{"@type":"SearchAction","target":{"@type":"EntryPoint","urlTemplate":"https:\/\/www.suno.com.br\/noticias\/?s={search_term_string}"},"query-input":{"@type":"PropertyValueSpecification","valueRequired":true,"valueName":"search_term_string"}}],"inLanguage":"pt-BR"},{"@type":"Organization","@id":"https:\/\/www.suno.com.br\/noticias\/#organization","name":"Suno Not\u00edcias","url":"https:\/\/www.suno.com.br\/noticias\/","logo":{"@type":"ImageObject","inLanguage":"pt-BR","@id":"https:\/\/www.suno.com.br\/noticias\/#\/schema\/logo\/image\/","url":"https:\/\/files.sunoresearch.com.br\/n\/uploads\/2021\/09\/suno-logo.png","contentUrl":"https:\/\/files.sunoresearch.com.br\/n\/uploads\/2021\/09\/suno-logo.png","width":180,"height":180,"caption":"Suno Not\u00edcias"},"image":{"@id":"https:\/\/www.suno.com.br\/noticias\/#\/schema\/logo\/image\/"},"sameAs":["https:\/\/facebook.com\/sunoresearch","https:\/\/x.com\/sunoresearch","https:\/\/www.instagram.com\/suno","https:\/\/www.linkedin.com\/company\/suno-research\/","https:\/\/www.youtube.com\/c\/sunoresearch"]},{"@type":"Person","@id":"https:\/\/www.suno.com.br\/noticias\/#\/schema\/person\/32d4feb215afe4b317d446bb442400dd","name":"Murilo Melo","image":{"@type":"ImageObject","inLanguage":"pt-BR","@id":"https:\/\/www.suno.com.br\/noticias\/#\/schema\/person\/image\/","url":"https:\/\/secure.gravatar.com\/avatar\/af7a693198b592028493c0e8b0583d4f?s=96&r=g","contentUrl":"https:\/\/secure.gravatar.com\/avatar\/af7a693198b592028493c0e8b0583d4f?s=96&r=g","caption":"Murilo Melo"},"description":"\u00c9 um jornalista e letr\u00f3logo com vasta experi\u00eancia em economia, finan\u00e7as e mercado. J\u00e1 foi rep\u00f3rter de jornais, revistas e sites noticiosos como A Tarde, Correio e Folha de S.Paulo. No Suno Not\u00edcias, escreve sobre neg\u00f3cios","url":"https:\/\/www.suno.com.br\/noticias\/author\/murilomelo-jornalismogmail-com\/"}]}},"default_loop_html":"<div class=\"cardsPage__listCard__boxs\"><div class=\"cardsPage__listCard__boxs__img\"><a href=\"https:\/\/www.suno.com.br\/noticias\/b3-b3sa3-220424-mm\/\"><img class=\"mask\" src=\"https:\/\/www.suno.com.br\/noticias\/wp-content\/themes\/suno\/resources\/images\/spotlight\/spotlight1img\/bg-mask.png\" alt=\"Image Mask\"\/><img src=\"https:\/\/files.sunoresearch.com.br\/n\/uploads\/2023\/06\/Ibovespa-B3-Fachada-400x200.jpg\" alt=\"B3 (B3SA3) tem a\u00e7\u00f5es recomendadas pelo BofA ap\u00f3s altera\u00e7\u00e3o na pol\u00edtica de pre\u00e7os\"\/><\/a><span class=\"spotlightCategory\"><a href=\"https:\/\/www.suno.com.br\/noticias\/negocios\/\">Neg\u00f3cios<\/a><\/span><\/div><div class=\"cardsPage__listCard__boxs__content\"><a href=\"https:\/\/www.suno.com.br\/noticias\/b3-b3sa3-220424-mm\/\"><h2 class=\"content__title\">B3 (B3SA3) tem a\u00e7\u00f5es recomendadas pelo BofA ap\u00f3s altera\u00e7\u00e3o na pol\u00edtica de pre\u00e7os<\/h2><\/a><div class=\"newsContent__article__meta\"><div class=\"newsContent__article__meta__authorBox\"><a href=\"https:\/\/www.suno.com.br\/noticias\/author\/murilomelo-jornalismogmail-com\/\" class=\"authorBox__avatar noMobi\"><img src=\"https:\/\/files.sunoresearch.com.br\/n\/uploads\/2024\/02\/Murilo_Melo_Jornalista-e1708476456132-150x150.jpeg\" alt=\"Murilo Melo\"><\/a><div class=\"authorBox__name\"><span>por\n\t\t\t<a href=\"https:\/\/www.suno.com.br\/noticias\/author\/murilomelo-jornalismogmail-com\/\"><span itemprop=\"author\">Murilo Melo<\/span><\/a><\/span><time datetime=\"2024-04-22T21:04:38-03:00\" itemprop=\"datePublished\">22\/04\/2024 21:04<\/time><\/div><\/div><\/div><\/div><\/div>","single_layout":"posts","amp_enabled":true,"_links":{"self":[{"href":"https:\/\/www.suno.com.br\/noticias\/wp-json\/wp\/v2\/posts\/546580"}],"collection":[{"href":"https:\/\/www.suno.com.br\/noticias\/wp-json\/wp\/v2\/posts"}],"about":[{"href":"https:\/\/www.suno.com.br\/noticias\/wp-json\/wp\/v2\/types\/post"}],"author":[{"embeddable":true,"href":"https:\/\/www.suno.com.br\/noticias\/wp-json\/wp\/v2\/users\/345"}],"replies":[{"embeddable":true,"href":"https:\/\/www.suno.com.br\/noticias\/wp-json\/wp\/v2\/comments?post=546580"}],"version-history":[{"count":2,"href":"https:\/\/www.suno.com.br\/noticias\/wp-json\/wp\/v2\/posts\/546580\/revisions"}],"predecessor-version":[{"id":546631,"href":"https:\/\/www.suno.com.br\/noticias\/wp-json\/wp\/v2\/posts\/546580\/revisions\/546631"}],"wp:featuredmedia":[{"embeddable":true,"href":"https:\/\/www.suno.com.br\/noticias\/wp-json\/wp\/v2\/media\/414140"}],"wp:attachment":[{"href":"https:\/\/www.suno.com.br\/noticias\/wp-json\/wp\/v2\/media?parent=546580"}],"wp:term":[{"taxonomy":"category","embeddable":true,"href":"https:\/\/www.suno.com.br\/noticias\/wp-json\/wp\/v2\/categories?post=546580"},{"taxonomy":"post_tag","embeddable":true,"href":"https:\/\/www.suno.com.br\/noticias\/wp-json\/wp\/v2\/tags?post=546580"},{"taxonomy":"suno_strategy","embeddable":true,"href":"https:\/\/www.suno.com.br\/noticias\/wp-json\/wp\/v2\/suno_strategy?post=546580"}],"curies":[{"name":"wp","href":"https:\/\/api.w.org\/{rel}","templated":true}]}}