{"id":546433,"date":"2024-04-22T15:03:57","date_gmt":"2024-04-22T18:03:57","guid":{"rendered":"https:\/\/www.suno.com.br\/noticias\/?p=546433"},"modified":"2024-04-22T16:51:35","modified_gmt":"2024-04-22T19:51:35","slug":"petrobras-petr4-jean-paul-prates-margem-equatorial-evm","status":"publish","type":"post","link":"https:\/\/www.suno.com.br\/noticias\/petrobras-petr4-jean-paul-prates-margem-equatorial-evm\/","title":{"rendered":"&#8216;J\u00e1 estamos atrasados&#8217;, diz presidente da Petrobras (PETR4) sobre Margem Equatorial"},"content":{"rendered":"<p>O presidente da <a class=\"suno-keyword\" data-force=\"yes\" data-priority=\"2\" href=\"https:\/\/www.suno.com.br\/acoes\/PETR4\/\" target=\"_blank\" rel=\"noopener\"><strong>Petrobras<\/strong> (PETR4)<\/a>, <a href=\"https:\/\/www.suno.com.br\/noticias\/petrobras-petr4-prates-diz-que-governo-dara-orientacao-sobre-dividendos\/\">Jean Paul Prates<\/a>, declarou que o Brasil j\u00e1 est\u00e1 atrasado no processo de explora\u00e7\u00e3o da Margem Equatorial.<\/p><div class=\"videoFull \">\n\t\t\t<div class=\"videoWrapper yt-lazyload center\"\n\t\t\t\tdata-width=\"960\"\n\t\t\t\tdata-height=\"540\"\n\t\t\t\tdata-id=\"BV7IM_4qNcU\"\n\t\t\t\tdata-alt=\"V\u00eddeo do YouTube - clique para reproduzir\"\n\t\t\t\tdata-logo=\"3\"\n\t\t\t\tdata-imagequality=\"maxres\">\n\t\t\t<\/div>\n\t\t<\/div><script type=\"application\/ld+json\">{\"@context\":\"https:\/\/schema.org\",\"@type\":\"VideoObject\",\"name\":\"\ud83d\udd34PETROBRAS (PETR4) SOBE COM POSSIBILIDADE DE DIVIDENDOS | Ibovespa avan\u00e7a | Notredame e Lei Rouanet\",\"description\":\"#mercadofinanceiro #a\u00e7\u00f5es #investimentos #bolsadevalores #ibovespa #dinheiro #finan\u00e7as #pol\u00edtica #d\u00f3lar #livedas19h #petr4 #petr3 #petrobras #vale3 #vale #a\u00e7\u00f5es #economia #dividendos #min\u00e9riodeferro #min\u00e9rio #petr\u00f3leo #commodities #proventos #jcp #statusinvest #statusalpha #governo #lula #ceo #presidente \ud83d\udd34\ud83d\udccaINVISTA MELHOR COM STATUS ALPHA: https:\/\/lp.statusinvest.com.br\/ao\/status-alpha\/?utm_source=youtube.noticias&utm_medium=live 00:00 In\u00edcio do v\u00eddeo 02:30 Fechamento de preg\u00e3o 06:50 Rumores sobre dividendos de PETR4 10:15 Notredame multada por Lei\u2026\",\"duration\":\"PT22M23S\",\"embedUrl\":\"https:\/\/www.youtube.com\/embed\/BV7IM_4qNcU\",\"regionsAllowed\":\"en-US\",\"interactionStatistic\":{\"@type\":\"InteractionCounter\",\"interactionType\":{\"@type\":\"WatchAction\"},\"userInteractionCount\":6069},\"thumbnailUrl\":\"https:\/\/i.ytimg.com\/vi\/BV7IM_4qNcU\/default.jpg\",\"uploadDate\":\"2024-04-20T10:26:10Z\"}<\/script>\n\n\n\n\n\t<p>\n\t\t<a href=\"\" target=\"_blank\" data-element=\"shortcode-suno-banner\" title=\"Banner SUNO, clique e saiba mais\">\n\t\t\t<picture>\n\t\t\t\t<source media=\"(max-width: 500px)\" srcset=\"\">\n\t\t\t\t<img class=\"newsContent__article__imgCapa newsContent__article__imgCapa--banner\"\n\t\t\t\t\tsrc=\"\"\n\t\t\t\t\tdata-promo-id=\"254218\"\t\t\t\t\t\t\t\t\t\t\t\t\t\t\talt=\"\"\n\t\t\t\t>\n\t\t\t<\/picture>\n\t\t<\/a>\n\t<\/p>\n\n\n\n\n\n\n\n<p>Durante o evento Semin\u00e1rio Brasil Hoje, da Esfera, que ocorre em S\u00e3o Paulo nesta segunda (22), o <strong>presidente da Petrobras<\/strong> defendeu ferrenhamente a libera\u00e7\u00e3o regulat\u00f3ria para a estatal explorar a <strong>Margem Equatorial<\/strong>.<\/p>\n\n\n\n<p>&#8220;Essa \u00e9 uma decis\u00e3o de estado brasileiro que j\u00e1 ultrapassou demais o processo de licenciamento ambiental. Estamos respeitando a ministra Marina Silva, o Ibama, mas tenho que dizer que n\u00e3o se trata s\u00f3 disso&#8221;, disse o CEO da estatal.<\/p>\n\n\n\n<p>Dos primeiros passos do processo de explora\u00e7\u00e3o ao primeiro barril produzido h\u00e1 uma janela de 6 a 8 anos, considerando a necessidade da constru\u00e7\u00e3o de uma plataforma FPSO e outras medidas burocr\u00e1ticas e estruturais.<\/p>\n\n\n\n<p>Segundo Prates, os pa\u00edses que est\u00e3o na mesma regi\u00e3o da Margem Equatorial come\u00e7aram a explorar petr\u00f3leo na regi\u00e3o e est\u00e3o produzindo hoje.<\/p>\n\n\n\n<p>&#8220;J\u00e1 estamos atrasados. O que os pa\u00edses de l\u00e1 t\u00eam em comum? Todos come\u00e7aram a explorar em meados de 2015 e hoje j\u00e1 produzem. Foram mais de 60 po\u00e7os perfurados l\u00e1&#8221;, disse.  <\/p>\n\n\n\t<p>\n\t\t<a href=\"https:\/\/lp.suno.com.br\/ebook-como-analisar-uma-acao\/\" target=\"_blank\" data-element=\"shortcode-suno-banner\" title=\"Banner SUNO, clique e saiba mais\">\n\t\t\t<picture>\n\t\t\t\t<source media=\"(max-width: 500px)\" srcset=\"https:\/\/files.sunoresearch.com.br\/n\/uploads\/2023\/03\/Ebook-Acoes-Mobile.jpg\">\n\t\t\t\t<img class=\"newsContent__article__imgCapa newsContent__article__imgCapa--banner\"\n\t\t\t\t\tsrc=\"https:\/\/files.sunoresearch.com.br\/n\/uploads\/2023\/03\/Ebook-Acoes-Desktop.jpg\"\n\t\t\t\t\tdata-promo-id=\"378302\"\t\t\t\t\t\t\t\t\t\twidth='1420' height='286'\t\t\t\t\talt=\"https:\/\/files.sunoresearch.com.br\/n\/uploads\/2023\/03\/Ebook-Acoes-Desktop.jpg\"\n\t\t\t\t>\n\t\t\t<\/picture>\n\t\t<\/a>\n\t<\/p>\n\n\n\n\n\n<p><strong>Jean Paul Prates<\/strong> citou os n\u00fameros mais recentes da Ag\u00eancia Nacional do Petr\u00f3leo, G\u00e1s Natural e Biocombust\u00edveis (ANP), de que as reservas do Brasil est\u00e3o na casa dos 16 bilh\u00f5es de barris de <strong>petr\u00f3leo<\/strong>, volume recorde.<\/p>\n\n\n\n<p>Nesse contexto, o Brasil levaria de 13 a 14 anos para consumir a totalidade dessas reservadas, dado que produz e consome cerca de 1 bilh\u00e3o de barris ao ano e tem sempre um crescimento marginal ao ano anterior.<\/p>\n\n\n\n<h2 class=\"wp-block-heading\">\u00c9 invi\u00e1vel frear petr\u00f3leo no curto prazo, diz presidente da Petrobras<\/h2>\n\n\n\n<p>Segundo o executivo, \u00e9 invi\u00e1vel frear o consumo de petr\u00f3leo no curto prazo de forma abrupta &#8211; tese defendida por movimentos ambientalistas que pressionam pelo n\u00e3o licenciamento de novas zonas de explora\u00e7\u00e3o.<\/p>\n\n\n\n<p>&#8220;\u00c9 simplesmente invi\u00e1vel. Ali\u00e1s, a pr\u00f3pria IEA [Ag\u00eancia Internacional de Energia, na sigla em ingl\u00eas] estima que teremos hidrocarbonetos nos combust\u00edveis e na energia por pelo menos 40 anos&#8221;, disse.<\/p>\n\n\n\n<p>Prates considera que h\u00e1 duas op\u00e7\u00f5es: ou explorar novas fronteiras, incluindo a Margem Equatorial e tamb\u00e9m a Bacia de Pelotas, ou esgotar as reservas e entrar em um cen\u00e1rio de parar de ser autossuficiente e pagar royalties a outros pa\u00edses.<\/p>\n\n\n\n<p>Citando um exemplo que considera de sucesso, Prates detalhou a opera\u00e7\u00e3o do Campo de Urucu, localizado no Campo da Amaz\u00f4nia.<\/p>\n\n\n\n<p>Com 20 mil empregos gerados e tornando a <strong>Petrobras<\/strong> a maior contribuinte do estado do Amazonas &#8211; al\u00e9m de R$ 40 milh\u00f5es anuais em royalties -, o campo n\u00e3o teve nenhum incidente ambiental em cerca de 35 anos de opera\u00e7\u00e3o.<\/p>\n\n\n\t<p>\n\t\t<a href=\"https:\/\/lp.suno.com.br\/plataforma-de-controle-de-investimentos\/\" target=\"_blank\" data-element=\"shortcode-suno-banner\" title=\"Banner SUNO, clique e saiba mais\">\n\t\t\t<picture>\n\t\t\t\t<source media=\"(max-width: 500px)\" srcset=\"https:\/\/files.sunoresearch.com.br\/n\/uploads\/2023\/03\/400x300-Controle-de-Investimentos.png\">\n\t\t\t\t<img class=\"newsContent__article__imgCapa newsContent__article__imgCapa--banner\"\n\t\t\t\t\tsrc=\"https:\/\/files.sunoresearch.com.br\/n\/uploads\/2023\/03\/1420x240-Controle-de-Investimentos.png\"\n\t\t\t\t\tdata-promo-id=\"383162\"\t\t\t\t\t\t\t\t\t\twidth='1420' height='240'\t\t\t\t\talt=\"https:\/\/files.sunoresearch.com.br\/n\/uploads\/2023\/03\/1420x240-Controle-de-Investimentos.png\"\n\t\t\t\t>\n\t\t\t<\/picture>\n\t\t<\/a>\n\t<\/p>\n\n\n","protected":false},"excerpt":{"rendered":"<p>O presidente da Petrobras (PETR4), Jean Paul Prates, declarou que o Brasil j\u00e1 est\u00e1 atrasado no processo de explora\u00e7\u00e3o da Margem Equatorial. Durante o evento Semin\u00e1rio Brasil Hoje, da Esfera, que ocorre em S\u00e3o Paulo nesta segunda (22), o presidente da Petrobras defendeu ferrenhamente a libera\u00e7\u00e3o regulat\u00f3ria para a estatal explorar a Margem Equatorial. &#8220;Essa [&hellip;]<\/p>\n","protected":false},"author":73,"featured_media":528351,"comment_status":"closed","ping_status":"closed","sticky":false,"template":"","format":"standard","meta":[],"categories":[64],"tags":[105816,595],"suno_strategy":[],"class_list":["post-546433","post","type-post","status-publish","format-standard","has-post-thumbnail","hentry","category-negocios","tag-especialistas","tag-petrobras-petr4"],"yoast_head":"<!-- This site is optimized with the Yoast SEO plugin v24.4 - https:\/\/yoast.com\/wordpress\/plugins\/seo\/ -->\n<title>CEO da Petrobras (PETR4) sobre Margem Equatorial: &#039;Atrasados&#039;<\/title>\n<meta name=\"description\" content=\"O presidente da Petrobras, Jean Paul Prates, defendeu ferrenhamente o licenciamento ambiental da Margem Equatorial\" \/>\n<meta name=\"robots\" content=\"index, follow, max-snippet:-1, max-image-preview:large, max-video-preview:-1\" \/>\n<link rel=\"canonical\" href=\"https:\/\/www.suno.com.br\/noticias\/petrobras-petr4-jean-paul-prates-margem-equatorial-evm\/\" \/>\n<meta property=\"og:locale\" content=\"pt_BR\" \/>\n<meta property=\"og:type\" content=\"article\" \/>\n<meta property=\"og:title\" content=\"CEO da Petrobras (PETR4) sobre Margem Equatorial: &#039;Atrasados&#039;\" \/>\n<meta property=\"og:description\" content=\"O presidente da Petrobras, Jean Paul Prates, defendeu ferrenhamente o licenciamento ambiental da Margem Equatorial\" \/>\n<meta property=\"og:url\" content=\"https:\/\/www.suno.com.br\/noticias\/petrobras-petr4-jean-paul-prates-margem-equatorial-evm\/\" \/>\n<meta property=\"og:site_name\" content=\"Suno Not\u00edcias\" \/>\n<meta property=\"article:publisher\" content=\"https:\/\/facebook.com\/sunoresearch\" \/>\n<meta property=\"og:image\" content=\"https:\/\/files.sunoresearch.com.br\/n\/uploads\/2024\/02\/jeanpaulprates_4_credito_mauricio-pingo_agencia-petrobras-scaled.jpg\" \/>\n\t<meta property=\"og:image:width\" content=\"2560\" \/>\n\t<meta property=\"og:image:height\" content=\"1707\" \/>\n\t<meta property=\"og:image:type\" content=\"image\/jpeg\" \/>\n<meta name=\"author\" content=\"Eduardo Vargas\" \/>\n<meta name=\"twitter:card\" content=\"summary_large_image\" \/>\n<meta name=\"twitter:creator\" content=\"@sunoresearch\" \/>\n<meta name=\"twitter:site\" content=\"@sunoresearch\" \/>\n<meta name=\"twitter:label1\" content=\"Escrito por\" \/>\n\t<meta name=\"twitter:data1\" content=\"Eduardo Vargas\" \/>\n\t<meta name=\"twitter:label2\" content=\"Est. tempo de leitura\" \/>\n\t<meta name=\"twitter:data2\" content=\"3 minutos\" \/>\n<script type=\"application\/ld+json\" class=\"yoast-schema-graph\">{\"@context\":\"https:\/\/schema.org\",\"@graph\":[{\"@type\":\"NewsArticle\",\"@id\":\"https:\/\/www.suno.com.br\/noticias\/petrobras-petr4-jean-paul-prates-margem-equatorial-evm\/#article\",\"isPartOf\":{\"@id\":\"https:\/\/www.suno.com.br\/noticias\/petrobras-petr4-jean-paul-prates-margem-equatorial-evm\/\"},\"author\":{\"name\":\"Eduardo Vargas\",\"@id\":\"https:\/\/www.suno.com.br\/noticias\/#\/schema\/person\/7f4d362bf3518e76090143ae77bb49a5\"},\"headline\":\"&#8216;J\u00e1 estamos atrasados&#8217;, diz presidente da Petrobras (PETR4) sobre Margem Equatorial\",\"datePublished\":\"2024-04-22T18:03:57+00:00\",\"dateModified\":\"2024-04-22T19:51:35+00:00\",\"mainEntityOfPage\":{\"@id\":\"https:\/\/www.suno.com.br\/noticias\/petrobras-petr4-jean-paul-prates-margem-equatorial-evm\/\"},\"wordCount\":483,\"publisher\":{\"@id\":\"https:\/\/www.suno.com.br\/noticias\/#organization\"},\"image\":{\"@id\":\"https:\/\/www.suno.com.br\/noticias\/petrobras-petr4-jean-paul-prates-margem-equatorial-evm\/#primaryimage\"},\"thumbnailUrl\":\"https:\/\/files.sunoresearch.com.br\/n\/uploads\/2024\/02\/jeanpaulprates_4_credito_mauricio-pingo_agencia-petrobras-scaled.jpg\",\"keywords\":[\"Especialistas\",\"Petrobras (PETR4)\"],\"articleSection\":[\"Neg\u00f3cios\"],\"inLanguage\":\"pt-BR\"},{\"@type\":\"WebPage\",\"@id\":\"https:\/\/www.suno.com.br\/noticias\/petrobras-petr4-jean-paul-prates-margem-equatorial-evm\/\",\"url\":\"https:\/\/www.suno.com.br\/noticias\/petrobras-petr4-jean-paul-prates-margem-equatorial-evm\/\",\"name\":\"CEO da Petrobras (PETR4) sobre Margem Equatorial: 'Atrasados'\",\"isPartOf\":{\"@id\":\"https:\/\/www.suno.com.br\/noticias\/#website\"},\"primaryImageOfPage\":{\"@id\":\"https:\/\/www.suno.com.br\/noticias\/petrobras-petr4-jean-paul-prates-margem-equatorial-evm\/#primaryimage\"},\"image\":{\"@id\":\"https:\/\/www.suno.com.br\/noticias\/petrobras-petr4-jean-paul-prates-margem-equatorial-evm\/#primaryimage\"},\"thumbnailUrl\":\"https:\/\/files.sunoresearch.com.br\/n\/uploads\/2024\/02\/jeanpaulprates_4_credito_mauricio-pingo_agencia-petrobras-scaled.jpg\",\"datePublished\":\"2024-04-22T18:03:57+00:00\",\"dateModified\":\"2024-04-22T19:51:35+00:00\",\"description\":\"O presidente da Petrobras, Jean Paul Prates, defendeu ferrenhamente o licenciamento ambiental da Margem Equatorial\",\"breadcrumb\":{\"@id\":\"https:\/\/www.suno.com.br\/noticias\/petrobras-petr4-jean-paul-prates-margem-equatorial-evm\/#breadcrumb\"},\"inLanguage\":\"pt-BR\",\"potentialAction\":[{\"@type\":\"ReadAction\",\"target\":[\"https:\/\/www.suno.com.br\/noticias\/petrobras-petr4-jean-paul-prates-margem-equatorial-evm\/\"]}]},{\"@type\":\"ImageObject\",\"inLanguage\":\"pt-BR\",\"@id\":\"https:\/\/www.suno.com.br\/noticias\/petrobras-petr4-jean-paul-prates-margem-equatorial-evm\/#primaryimage\",\"url\":\"https:\/\/files.sunoresearch.com.br\/n\/uploads\/2024\/02\/jeanpaulprates_4_credito_mauricio-pingo_agencia-petrobras-scaled.jpg\",\"contentUrl\":\"https:\/\/files.sunoresearch.com.br\/n\/uploads\/2024\/02\/jeanpaulprates_4_credito_mauricio-pingo_agencia-petrobras-scaled.jpg\",\"width\":2560,\"height\":1707,\"caption\":\"Jean Paul Prates, presidente da Petrobras (PETR4) - Foto: Mauricio Pingo \/ Ag\u00eancia Petrobras\"},{\"@type\":\"BreadcrumbList\",\"@id\":\"https:\/\/www.suno.com.br\/noticias\/petrobras-petr4-jean-paul-prates-margem-equatorial-evm\/#breadcrumb\",\"itemListElement\":[{\"@type\":\"ListItem\",\"position\":1,\"name\":\"Not\u00edcias\",\"item\":\"https:\/\/www.suno.com.br\/noticias\/\"},{\"@type\":\"ListItem\",\"position\":2,\"name\":\"Neg\u00f3cios\",\"item\":\"https:\/\/www.suno.com.br\/noticias\/negocios\/\"},{\"@type\":\"ListItem\",\"position\":3,\"name\":\"&#8216;J\u00e1 estamos atrasados&#8217;, diz presidente da Petrobras (PETR4) sobre Margem Equatorial\"}]},{\"@type\":\"WebSite\",\"@id\":\"https:\/\/www.suno.com.br\/noticias\/#website\",\"url\":\"https:\/\/www.suno.com.br\/noticias\/\",\"name\":\"Suno Not\u00edcias\",\"description\":\"Seu portal de informa\u00e7\u00e3o sobre o mundo dos investimentos\",\"publisher\":{\"@id\":\"https:\/\/www.suno.com.br\/noticias\/#organization\"},\"potentialAction\":[{\"@type\":\"SearchAction\",\"target\":{\"@type\":\"EntryPoint\",\"urlTemplate\":\"https:\/\/www.suno.com.br\/noticias\/?s={search_term_string}\"},\"query-input\":{\"@type\":\"PropertyValueSpecification\",\"valueRequired\":true,\"valueName\":\"search_term_string\"}}],\"inLanguage\":\"pt-BR\"},{\"@type\":\"Organization\",\"@id\":\"https:\/\/www.suno.com.br\/noticias\/#organization\",\"name\":\"Suno Not\u00edcias\",\"url\":\"https:\/\/www.suno.com.br\/noticias\/\",\"logo\":{\"@type\":\"ImageObject\",\"inLanguage\":\"pt-BR\",\"@id\":\"https:\/\/www.suno.com.br\/noticias\/#\/schema\/logo\/image\/\",\"url\":\"https:\/\/files.sunoresearch.com.br\/n\/uploads\/2021\/09\/suno-logo.png\",\"contentUrl\":\"https:\/\/files.sunoresearch.com.br\/n\/uploads\/2021\/09\/suno-logo.png\",\"width\":180,\"height\":180,\"caption\":\"Suno Not\u00edcias\"},\"image\":{\"@id\":\"https:\/\/www.suno.com.br\/noticias\/#\/schema\/logo\/image\/\"},\"sameAs\":[\"https:\/\/facebook.com\/sunoresearch\",\"https:\/\/x.com\/sunoresearch\",\"https:\/\/www.instagram.com\/suno\",\"https:\/\/www.linkedin.com\/company\/suno-research\/\",\"https:\/\/www.youtube.com\/c\/sunoresearch\"]},{\"@type\":\"Person\",\"@id\":\"https:\/\/www.suno.com.br\/noticias\/#\/schema\/person\/7f4d362bf3518e76090143ae77bb49a5\",\"name\":\"Eduardo Vargas\",\"image\":{\"@type\":\"ImageObject\",\"inLanguage\":\"pt-BR\",\"@id\":\"https:\/\/www.suno.com.br\/noticias\/#\/schema\/person\/image\/\",\"url\":\"https:\/\/secure.gravatar.com\/avatar\/dac340933427a22924c9f99d1eb2e3f2?s=96&r=g\",\"contentUrl\":\"https:\/\/secure.gravatar.com\/avatar\/dac340933427a22924c9f99d1eb2e3f2?s=96&r=g\",\"caption\":\"Eduardo Vargas\"},\"description\":\"Jornalista formado pela UFSC, cobre macroeconomia, neg\u00f3cios e startups para o Suno Not\u00edcias, escrevendo principalmente not\u00edcias sobre o mercado financeiro e a bolsa de valores. No YouTube e no Instagram, \u00e9 respons\u00e1vel pela produ\u00e7\u00e3o de Reels e Shorts do Suno Not\u00edcias. Anteriormente, trabalhou cobrindo economia e cotidiano no ND+ e para o ND, maior jornal impresso de Santa Catarina. Cursou um semestre letivo de Estudos de M\u00eddia na Universidad de Buenos Aires.\",\"url\":\"https:\/\/www.suno.com.br\/noticias\/author\/eduardo-vargas\/\"}]}<\/script>\n<!-- \/ Yoast SEO plugin. -->","yoast_head_json":{"title":"CEO da Petrobras (PETR4) sobre Margem Equatorial: 'Atrasados'","description":"O presidente da Petrobras, Jean Paul Prates, defendeu ferrenhamente o licenciamento ambiental da Margem Equatorial","robots":{"index":"index","follow":"follow","max-snippet":"max-snippet:-1","max-image-preview":"max-image-preview:large","max-video-preview":"max-video-preview:-1"},"canonical":"https:\/\/www.suno.com.br\/noticias\/petrobras-petr4-jean-paul-prates-margem-equatorial-evm\/","og_locale":"pt_BR","og_type":"article","og_title":"CEO da Petrobras (PETR4) sobre Margem Equatorial: 'Atrasados'","og_description":"O presidente da Petrobras, Jean Paul Prates, defendeu ferrenhamente o licenciamento ambiental da Margem Equatorial","og_url":"https:\/\/www.suno.com.br\/noticias\/petrobras-petr4-jean-paul-prates-margem-equatorial-evm\/","og_site_name":"Suno Not\u00edcias","article_publisher":"https:\/\/facebook.com\/sunoresearch","og_image":[{"width":2560,"height":1707,"url":"https:\/\/files.sunoresearch.com.br\/n\/uploads\/2024\/02\/jeanpaulprates_4_credito_mauricio-pingo_agencia-petrobras-scaled.jpg","type":"image\/jpeg"}],"author":"Eduardo Vargas","twitter_card":"summary_large_image","twitter_creator":"@sunoresearch","twitter_site":"@sunoresearch","twitter_misc":{"Escrito por":"Eduardo Vargas","Est. tempo de leitura":"3 minutos"},"schema":{"@context":"https:\/\/schema.org","@graph":[{"@type":"NewsArticle","@id":"https:\/\/www.suno.com.br\/noticias\/petrobras-petr4-jean-paul-prates-margem-equatorial-evm\/#article","isPartOf":{"@id":"https:\/\/www.suno.com.br\/noticias\/petrobras-petr4-jean-paul-prates-margem-equatorial-evm\/"},"author":{"name":"Eduardo Vargas","@id":"https:\/\/www.suno.com.br\/noticias\/#\/schema\/person\/7f4d362bf3518e76090143ae77bb49a5"},"headline":"&#8216;J\u00e1 estamos atrasados&#8217;, diz presidente da Petrobras (PETR4) sobre Margem Equatorial","datePublished":"2024-04-22T18:03:57+00:00","dateModified":"2024-04-22T19:51:35+00:00","mainEntityOfPage":{"@id":"https:\/\/www.suno.com.br\/noticias\/petrobras-petr4-jean-paul-prates-margem-equatorial-evm\/"},"wordCount":483,"publisher":{"@id":"https:\/\/www.suno.com.br\/noticias\/#organization"},"image":{"@id":"https:\/\/www.suno.com.br\/noticias\/petrobras-petr4-jean-paul-prates-margem-equatorial-evm\/#primaryimage"},"thumbnailUrl":"https:\/\/files.sunoresearch.com.br\/n\/uploads\/2024\/02\/jeanpaulprates_4_credito_mauricio-pingo_agencia-petrobras-scaled.jpg","keywords":["Especialistas","Petrobras (PETR4)"],"articleSection":["Neg\u00f3cios"],"inLanguage":"pt-BR"},{"@type":"WebPage","@id":"https:\/\/www.suno.com.br\/noticias\/petrobras-petr4-jean-paul-prates-margem-equatorial-evm\/","url":"https:\/\/www.suno.com.br\/noticias\/petrobras-petr4-jean-paul-prates-margem-equatorial-evm\/","name":"CEO da Petrobras (PETR4) sobre Margem Equatorial: 'Atrasados'","isPartOf":{"@id":"https:\/\/www.suno.com.br\/noticias\/#website"},"primaryImageOfPage":{"@id":"https:\/\/www.suno.com.br\/noticias\/petrobras-petr4-jean-paul-prates-margem-equatorial-evm\/#primaryimage"},"image":{"@id":"https:\/\/www.suno.com.br\/noticias\/petrobras-petr4-jean-paul-prates-margem-equatorial-evm\/#primaryimage"},"thumbnailUrl":"https:\/\/files.sunoresearch.com.br\/n\/uploads\/2024\/02\/jeanpaulprates_4_credito_mauricio-pingo_agencia-petrobras-scaled.jpg","datePublished":"2024-04-22T18:03:57+00:00","dateModified":"2024-04-22T19:51:35+00:00","description":"O presidente da Petrobras, Jean Paul Prates, defendeu ferrenhamente o licenciamento ambiental da Margem Equatorial","breadcrumb":{"@id":"https:\/\/www.suno.com.br\/noticias\/petrobras-petr4-jean-paul-prates-margem-equatorial-evm\/#breadcrumb"},"inLanguage":"pt-BR","potentialAction":[{"@type":"ReadAction","target":["https:\/\/www.suno.com.br\/noticias\/petrobras-petr4-jean-paul-prates-margem-equatorial-evm\/"]}]},{"@type":"ImageObject","inLanguage":"pt-BR","@id":"https:\/\/www.suno.com.br\/noticias\/petrobras-petr4-jean-paul-prates-margem-equatorial-evm\/#primaryimage","url":"https:\/\/files.sunoresearch.com.br\/n\/uploads\/2024\/02\/jeanpaulprates_4_credito_mauricio-pingo_agencia-petrobras-scaled.jpg","contentUrl":"https:\/\/files.sunoresearch.com.br\/n\/uploads\/2024\/02\/jeanpaulprates_4_credito_mauricio-pingo_agencia-petrobras-scaled.jpg","width":2560,"height":1707,"caption":"Jean Paul Prates, presidente da Petrobras (PETR4) - Foto: Mauricio Pingo \/ Ag\u00eancia Petrobras"},{"@type":"BreadcrumbList","@id":"https:\/\/www.suno.com.br\/noticias\/petrobras-petr4-jean-paul-prates-margem-equatorial-evm\/#breadcrumb","itemListElement":[{"@type":"ListItem","position":1,"name":"Not\u00edcias","item":"https:\/\/www.suno.com.br\/noticias\/"},{"@type":"ListItem","position":2,"name":"Neg\u00f3cios","item":"https:\/\/www.suno.com.br\/noticias\/negocios\/"},{"@type":"ListItem","position":3,"name":"&#8216;J\u00e1 estamos atrasados&#8217;, diz presidente da Petrobras (PETR4) sobre Margem Equatorial"}]},{"@type":"WebSite","@id":"https:\/\/www.suno.com.br\/noticias\/#website","url":"https:\/\/www.suno.com.br\/noticias\/","name":"Suno Not\u00edcias","description":"Seu portal de informa\u00e7\u00e3o sobre o mundo dos investimentos","publisher":{"@id":"https:\/\/www.suno.com.br\/noticias\/#organization"},"potentialAction":[{"@type":"SearchAction","target":{"@type":"EntryPoint","urlTemplate":"https:\/\/www.suno.com.br\/noticias\/?s={search_term_string}"},"query-input":{"@type":"PropertyValueSpecification","valueRequired":true,"valueName":"search_term_string"}}],"inLanguage":"pt-BR"},{"@type":"Organization","@id":"https:\/\/www.suno.com.br\/noticias\/#organization","name":"Suno Not\u00edcias","url":"https:\/\/www.suno.com.br\/noticias\/","logo":{"@type":"ImageObject","inLanguage":"pt-BR","@id":"https:\/\/www.suno.com.br\/noticias\/#\/schema\/logo\/image\/","url":"https:\/\/files.sunoresearch.com.br\/n\/uploads\/2021\/09\/suno-logo.png","contentUrl":"https:\/\/files.sunoresearch.com.br\/n\/uploads\/2021\/09\/suno-logo.png","width":180,"height":180,"caption":"Suno Not\u00edcias"},"image":{"@id":"https:\/\/www.suno.com.br\/noticias\/#\/schema\/logo\/image\/"},"sameAs":["https:\/\/facebook.com\/sunoresearch","https:\/\/x.com\/sunoresearch","https:\/\/www.instagram.com\/suno","https:\/\/www.linkedin.com\/company\/suno-research\/","https:\/\/www.youtube.com\/c\/sunoresearch"]},{"@type":"Person","@id":"https:\/\/www.suno.com.br\/noticias\/#\/schema\/person\/7f4d362bf3518e76090143ae77bb49a5","name":"Eduardo Vargas","image":{"@type":"ImageObject","inLanguage":"pt-BR","@id":"https:\/\/www.suno.com.br\/noticias\/#\/schema\/person\/image\/","url":"https:\/\/secure.gravatar.com\/avatar\/dac340933427a22924c9f99d1eb2e3f2?s=96&r=g","contentUrl":"https:\/\/secure.gravatar.com\/avatar\/dac340933427a22924c9f99d1eb2e3f2?s=96&r=g","caption":"Eduardo Vargas"},"description":"Jornalista formado pela UFSC, cobre macroeconomia, neg\u00f3cios e startups para o Suno Not\u00edcias, escrevendo principalmente not\u00edcias sobre o mercado financeiro e a bolsa de valores. No YouTube e no Instagram, \u00e9 respons\u00e1vel pela produ\u00e7\u00e3o de Reels e Shorts do Suno Not\u00edcias. Anteriormente, trabalhou cobrindo economia e cotidiano no ND+ e para o ND, maior jornal impresso de Santa Catarina. Cursou um semestre letivo de Estudos de M\u00eddia na Universidad de Buenos Aires.","url":"https:\/\/www.suno.com.br\/noticias\/author\/eduardo-vargas\/"}]}},"default_loop_html":"<div class=\"cardsPage__listCard__boxs\"><div class=\"cardsPage__listCard__boxs__img\"><a href=\"https:\/\/www.suno.com.br\/noticias\/petrobras-petr4-jean-paul-prates-margem-equatorial-evm\/\"><img class=\"mask\" src=\"https:\/\/www.suno.com.br\/noticias\/wp-content\/themes\/suno\/resources\/images\/spotlight\/spotlight1img\/bg-mask.png\" alt=\"Image Mask\"\/><img src=\"https:\/\/files.sunoresearch.com.br\/n\/uploads\/2024\/02\/jeanpaulprates_4_credito_mauricio-pingo_agencia-petrobras-400x200.jpg\" alt=\"&#8216;J\u00e1 estamos atrasados&#8217;, diz presidente da Petrobras (PETR4) sobre Margem Equatorial\"\/><\/a><span class=\"spotlightCategory\"><a href=\"https:\/\/www.suno.com.br\/noticias\/negocios\/\">Neg\u00f3cios<\/a><\/span><\/div><div class=\"cardsPage__listCard__boxs__content\"><a href=\"https:\/\/www.suno.com.br\/noticias\/petrobras-petr4-jean-paul-prates-margem-equatorial-evm\/\"><h2 class=\"content__title\">&#8216;J\u00e1 estamos atrasados&#8217;, diz presidente da Petrobras (PETR4) sobre Margem Equatorial<\/h2><\/a><div class=\"newsContent__article__meta\"><div class=\"newsContent__article__meta__authorBox\"><a href=\"https:\/\/www.suno.com.br\/noticias\/author\/eduardo-vargas\/\" class=\"authorBox__avatar noMobi\"><img src=\"https:\/\/secure.gravatar.com\/avatar\/dac340933427a22924c9f99d1eb2e3f2?s=96&#038;r=g\" alt=\"Eduardo Vargas\"><\/a><div class=\"authorBox__name\"><span>por\n\t\t\t<a href=\"https:\/\/www.suno.com.br\/noticias\/author\/eduardo-vargas\/\"><span itemprop=\"author\">Eduardo Vargas<\/span><\/a><\/span><time datetime=\"2024-04-22T15:03:57-03:00\" itemprop=\"datePublished\">22\/04\/2024 15:03<\/time><\/div><\/div><\/div><\/div><\/div>","single_layout":"posts","amp_enabled":true,"_links":{"self":[{"href":"https:\/\/www.suno.com.br\/noticias\/wp-json\/wp\/v2\/posts\/546433"}],"collection":[{"href":"https:\/\/www.suno.com.br\/noticias\/wp-json\/wp\/v2\/posts"}],"about":[{"href":"https:\/\/www.suno.com.br\/noticias\/wp-json\/wp\/v2\/types\/post"}],"author":[{"embeddable":true,"href":"https:\/\/www.suno.com.br\/noticias\/wp-json\/wp\/v2\/users\/73"}],"replies":[{"embeddable":true,"href":"https:\/\/www.suno.com.br\/noticias\/wp-json\/wp\/v2\/comments?post=546433"}],"version-history":[{"count":2,"href":"https:\/\/www.suno.com.br\/noticias\/wp-json\/wp\/v2\/posts\/546433\/revisions"}],"predecessor-version":[{"id":546512,"href":"https:\/\/www.suno.com.br\/noticias\/wp-json\/wp\/v2\/posts\/546433\/revisions\/546512"}],"wp:featuredmedia":[{"embeddable":true,"href":"https:\/\/www.suno.com.br\/noticias\/wp-json\/wp\/v2\/media\/528351"}],"wp:attachment":[{"href":"https:\/\/www.suno.com.br\/noticias\/wp-json\/wp\/v2\/media?parent=546433"}],"wp:term":[{"taxonomy":"category","embeddable":true,"href":"https:\/\/www.suno.com.br\/noticias\/wp-json\/wp\/v2\/categories?post=546433"},{"taxonomy":"post_tag","embeddable":true,"href":"https:\/\/www.suno.com.br\/noticias\/wp-json\/wp\/v2\/tags?post=546433"},{"taxonomy":"suno_strategy","embeddable":true,"href":"https:\/\/www.suno.com.br\/noticias\/wp-json\/wp\/v2\/suno_strategy?post=546433"}],"curies":[{"name":"wp","href":"https:\/\/api.w.org\/{rel}","templated":true}]}}