{"id":546381,"date":"2024-04-22T15:41:50","date_gmt":"2024-04-22T18:41:50","guid":{"rendered":"https:\/\/www.suno.com.br\/noticias\/?p=546381"},"modified":"2024-04-22T17:35:56","modified_gmt":"2024-04-22T20:35:56","slug":"embraer-embr3-surpreende-btg-santander-resultados-cpf","status":"publish","type":"post","link":"https:\/\/www.suno.com.br\/noticias\/embraer-embr3-surpreende-btg-santander-resultados-cpf\/","title":{"rendered":"Embraer (EMBR3) surpreende BTG e Santander com resultados; a\u00e7\u00f5es sobem"},"content":{"rendered":"<p>Com o resultado do primeiro trimestre de entregas e n\u00fameros de backlog, a <strong>Embraer<\/strong> (<a href=\"https:\/\/www.suno.com.br\/acoes\/embr3\/\" target=\"_blank\" rel=\"noreferrer noopener\">EMBR3<\/a>) surpreendeu analistas dos bancos BTG Pactual e Santander. <\/p>\t<div class=\"wrapper-featured-image\">\n\t\t<figure class=\"spotlightImg\">\n\n\t\t\t<picture>\n\t\t\t\t<source media=\"(max-width: 768px)\" srcset=\"https:\/\/files.sunoresearch.com.br\/n\/uploads\/2023\/10\/Embraer-Phenom-300-400x200.jpg\">\n\t\t\t\t<img loading=\"lazy\" decoding=\"async\" class=\"newsContent__article__imgCapa lazyloadDisabled \" src=\"https:\/\/files.sunoresearch.com.br\/n\/uploads\/2023\/10\/Embraer-Phenom-300-800x450.jpg\" width=\"800\" height=\"450\" alt=\"Embraer (EMBR3) surpreende BTG e Santander com resultados; a\u00e7\u00f5es sobem\" fetchpriority=high \/>\n\t\t\t<\/picture>\n\n\t\t\t<figcaption class=\"wp-caption-text wp-caption-text--show\">Embraer Phenom 300 - Foto: Aktug Ates\/Wikimedia Commons<\/figcaption>\n\t\t<\/figure>\n\t<\/div>\n\n\n\n\n\n\t<p>\n\t\t<a href=\"\" target=\"_blank\" data-element=\"shortcode-suno-banner\" title=\"Banner SUNO, clique e saiba mais\">\n\t\t\t<picture>\n\t\t\t\t<source media=\"(max-width: 500px)\" srcset=\"\">\n\t\t\t\t<img class=\"newsContent__article__imgCapa newsContent__article__imgCapa--banner\"\n\t\t\t\t\tsrc=\"\"\n\t\t\t\t\tdata-promo-id=\"288009\"\t\t\t\t\t\t\t\t\t\t\t\t\t\t\talt=\"\"\n\t\t\t\t>\n\t\t\t<\/picture>\n\t\t<\/a>\n\t<\/p>\n\n\n\n\n\n<p>Em relat\u00f3rios divulgados neste final de semana, os analistas ficaram animados com a companhia ap\u00f3s o avan\u00e7o nas <a href=\"https:\/\/www.suno.com.br\/noticias\/embraer-embr3-carteira-pedidos-previa-1t24-mm\/\">entregas dos jatos executivos<\/a> e uma sinaliza\u00e7\u00e3o de uma demanda otimista. <\/p>\n\n\n\n<p>Como detalha Lucas Barbosa, Lucas Esteves e Gabriel Tinem, analistas do <a class=\"suno-keyword\" data-force=\"yes\" data-priority=\"2\" href=\"https:\/\/www.suno.com.br\/acoes\/SANB11\/\" target=\"_blank\" rel=\"noopener\">Santander (SANB11)<\/a> que assinam o relat\u00f3rio, um pedido volumoso da American Airlines (AALL34) em 4 de mar\u00e7o para at\u00e9 133 jatos E-175 E1s parece ter disparado o backlog da empresa, atingindo seu maior n\u00edvel desde o terceiro trimestre de 2016.<\/p>\n\n\n\n<p>Al\u00e9m disso, as entregas de <strong>aeronaves da Embraer<\/strong> avan\u00e7aram no per\u00edodo, com um total de 18 jatos executivos durante o 1T24 \u2014 &#8220;substancialmente acima de nossas estimativas de oito jatos e das entregas do 1T23 de oito aeronaves&#8221;, dizem os analistas do Santander. <\/p>\n\n\n\t<p>\n\t\t<a href=\"https:\/\/lp.suno.com.br\/plataforma-de-controle-de-investimentos\/\" target=\"_blank\" data-element=\"shortcode-suno-banner\" title=\"Banner SUNO, clique e saiba mais\">\n\t\t\t<picture>\n\t\t\t\t<source media=\"(max-width: 500px)\" srcset=\"https:\/\/files.sunoresearch.com.br\/n\/uploads\/2023\/03\/400x300-Controle-de-Investimentos.png\">\n\t\t\t\t<img class=\"newsContent__article__imgCapa newsContent__article__imgCapa--banner\"\n\t\t\t\t\tsrc=\"https:\/\/files.sunoresearch.com.br\/n\/uploads\/2023\/03\/1420x240-Controle-de-Investimentos.png\"\n\t\t\t\t\tdata-promo-id=\"383162\"\t\t\t\t\t\t\t\t\t\twidth='1420' height='240'\t\t\t\t\talt=\"https:\/\/files.sunoresearch.com.br\/n\/uploads\/2023\/03\/1420x240-Controle-de-Investimentos.png\"\n\t\t\t\t>\n\t\t\t<\/picture>\n\t\t<\/a>\n\t<\/p>\n\n\n\n\n\n<h2 class=\"wp-block-heading\">Resultado da Embraer \u00e9 surpresa positiva<\/h2>\n\n\n\n<p>Segundo a an\u00e1lise, a mistura de produtos da <strong>EMBR3 <\/strong>melhorou significativamente em uma base anual, com jatos executivos de m\u00e9dio porte representando cerca de 39% das entregas (em compara\u00e7\u00e3o com cerca de 25% no mesmo per\u00edodo do ano anterior).<\/p>\n\n\n\n<p>&#8220;Apesar da leve queda na avia\u00e7\u00e3o comercial, as entregas da avia\u00e7\u00e3o executiva melhor do que o esperado devem impulsionar os resultados do <strong>1T da Embraer<\/strong>, j\u00e1 que a divis\u00e3o foi a principal contribuinte para o <a class=\"suno-keyword\" data-force=\"no\" data-priority=\"1\" href=\"https:\/\/www.suno.com.br\/artigos\/fluxo-caixa-livre\/\" target=\"_blank\" rel=\"noopener\">fluxo de caixa livre<\/a> em 2023,&#8221; afirmam Lucas Marquiori, Fernanda Recchia e Marcelo Arazi, analistas do BTG Patual (BPAC11).<\/p>\n\n\n\n<p>O BTG tamb\u00e9m associou a alta com o grande pedido da companhia a\u00e9rea norte-americana. <\/p>\n\n\n\n<p>&#8220;As entregas da Embraer melhores do que o esperado mostram um cen\u00e1rio favor\u00e1vel para o segmento de avia\u00e7\u00e3o executiva, que est\u00e1 se beneficiando de um ambiente de forte demanda&#8221;, comenta o BTG. <\/p>\n\n\n\n<p>Al\u00e9m disso, o banco pontua tr\u00eas fatores que podem fazer valor para a companhia:<\/p>\n\n\n\n<ul class=\"wp-block-list\">\n<li>A campanha do C-390 Millennium; <\/li>\n\n\n\n<li>O andamento do neg\u00f3cio de &#8220;carros voadores&#8221;, chamados eVTOL;<\/li>\n\n\n\n<li>Arbitragem da Boeing.<\/li>\n<\/ul>\n\n\n\n<p>Nesta perspectiva, os analistas do BTG recomendam a compra das <strong>a\u00e7\u00f5es da Embraer<\/strong> precificando os ADRs ao pre\u00e7o-alvo de US$ 32 (atualmente US$ 23,79) e upside de 34,5%.<\/p>\n\n\n\n<p>O Santander segue na mesma linha com classifica\u00e7\u00e3o de &#8220;outperform&#8221; (compra) para os ativos, ainda mais otimistas com o pre\u00e7o-alvo de US$ 38. <\/p>\n\n\n\n\t<div data-element=\"shortcode-read-more\" class=\"readToo\">\n\t\t\t\t<span class=\"readToo__title\">Leia mais<\/span>\n\t\t\t\t<ul class=\"readToo__list\">\n\t\t\t<li><a href=\"https:\/\/www.suno.com.br\/noticias\/petrobras-petr4-jean-paul-prates-margem-equatorial-evm\/\">&#8216;J\u00e1 estamos atrasados&#8217;, diz presidente da Petrobras (PETR4) sobre Margem Equatorial<\/a><\/li><li><a href=\"https:\/\/www.suno.com.br\/noticias\/reforma-tributaria-virar-jogo-mansueto-almeida-evm\/\">Reforma tribut\u00e1ria ainda n\u00e3o \u00e9 suficiente para &#8216;virar o jogo&#8217;, diz Mansueto Almeida<\/a><\/li><li><a href=\"https:\/\/www.suno.com.br\/noticias\/nubank-roxo34-melhor-banco-brasileiro-forbes-cpf\/\">Nubank (ROXO34) \u00e9 o melhor banco brasileiro na lista da Forbes 2024<\/a><\/li>\t\t<\/ul>\n\t<\/div>\n\n\n\n\n<h2 class=\"wp-block-heading\">Ap\u00f3s BTG e Santander, a\u00e7\u00f5es da Embraer sobem<\/h2>\n\n\n\n<p>Ap\u00f3s a revis\u00e3o positiva dos bancos, as <strong>a\u00e7\u00f5es EMBR3<\/strong> se destacaram entre as maiores altas do Ibovespa nesta segunda-feira (22). <\/p>\n\n\n\n<p>No fechamento os pap\u00e9is subiram +1,42% no dia, negociados a R$ 31,36 por a\u00e7\u00e3o da <strong>Embraer<\/strong>. <\/p>\n\n\n\n\n\t<p>\n\t\t<a href=\"https:\/\/lp.suno.com.br\/ebook-como-analisar-uma-acao\/\" target=\"_blank\" data-element=\"shortcode-suno-banner\" title=\"Banner SUNO, clique e saiba mais\">\n\t\t\t<picture>\n\t\t\t\t<source media=\"(max-width: 500px)\" srcset=\"https:\/\/files.sunoresearch.com.br\/n\/uploads\/2023\/03\/Ebook-Acoes-Mobile.jpg\">\n\t\t\t\t<img class=\"newsContent__article__imgCapa newsContent__article__imgCapa--banner\"\n\t\t\t\t\tsrc=\"https:\/\/files.sunoresearch.com.br\/n\/uploads\/2023\/03\/Ebook-Acoes-Desktop.jpg\"\n\t\t\t\t\tdata-promo-id=\"378302\"\t\t\t\t\t\t\t\t\t\twidth='1420' height='286'\t\t\t\t\talt=\"https:\/\/files.sunoresearch.com.br\/n\/uploads\/2023\/03\/Ebook-Acoes-Desktop.jpg\"\n\t\t\t\t>\n\t\t\t<\/picture>\n\t\t<\/a>\n\t<\/p>\n\n\n","protected":false},"excerpt":{"rendered":"<p>Com o resultado do primeiro trimestre de entregas e n\u00fameros de backlog, a Embraer (EMBR3) surpreendeu analistas dos bancos BTG Pactual e Santander. Embraer Phenom 300 &#8211; Foto: Aktug Ates\/Wikimedia Commons Em relat\u00f3rios divulgados neste final de semana, os analistas ficaram animados com a companhia ap\u00f3s o avan\u00e7o nas entregas dos jatos executivos e uma [&hellip;]<\/p>\n","protected":false},"author":283,"featured_media":471351,"comment_status":"closed","ping_status":"closed","sticky":false,"template":"","format":"standard","meta":[],"categories":[64],"tags":[106051,399,460,105816,624],"suno_strategy":[],"class_list":["post-546381","post","type-post","status-publish","format-standard","has-post-thumbnail","hentry","category-negocios","tag-aviacao","tag-btg-pactual-bpac11-bpac3-bpac5","tag-embraer-embr3","tag-especialistas","tag-santander-sanb11-sanb3-sanb4"],"yoast_head":"<!-- This site is optimized with the Yoast SEO plugin v24.4 - https:\/\/yoast.com\/wordpress\/plugins\/seo\/ -->\n<title>Embraer (EMBR3) surpreende BTG e Santander com resultados<\/title>\n<meta name=\"description\" content=\"O resultado de opera\u00e7\u00f5es do 1T24, a Embraer (EMBR3) surpreendeu analistas dos bancos BTG Pactual e Santander. Veja o desempenho da Embraer.\" \/>\n<meta name=\"robots\" content=\"index, follow, max-snippet:-1, max-image-preview:large, max-video-preview:-1\" \/>\n<link rel=\"canonical\" href=\"https:\/\/www.suno.com.br\/noticias\/embraer-embr3-surpreende-btg-santander-resultados-cpf\/\" \/>\n<meta property=\"og:locale\" content=\"pt_BR\" \/>\n<meta property=\"og:type\" content=\"article\" \/>\n<meta property=\"og:title\" content=\"Embraer (EMBR3) surpreende BTG e Santander com resultados\" \/>\n<meta property=\"og:description\" content=\"O resultado de opera\u00e7\u00f5es do 1T24, a Embraer (EMBR3) surpreendeu analistas dos bancos BTG Pactual e Santander. Veja o desempenho da Embraer.\" \/>\n<meta property=\"og:url\" content=\"https:\/\/www.suno.com.br\/noticias\/embraer-embr3-surpreende-btg-santander-resultados-cpf\/\" \/>\n<meta property=\"og:site_name\" content=\"Suno Not\u00edcias\" \/>\n<meta property=\"article:publisher\" content=\"https:\/\/facebook.com\/sunoresearch\" \/>\n<meta property=\"og:image\" content=\"https:\/\/files.sunoresearch.com.br\/n\/uploads\/2023\/10\/Embraer-Phenom-300.jpg\" \/>\n\t<meta property=\"og:image:width\" content=\"1200\" \/>\n\t<meta property=\"og:image:height\" content=\"800\" \/>\n\t<meta property=\"og:image:type\" content=\"image\/jpeg\" \/>\n<meta name=\"author\" content=\"Camila Paim\" \/>\n<meta name=\"twitter:card\" content=\"summary_large_image\" \/>\n<meta name=\"twitter:creator\" content=\"@sunoresearch\" \/>\n<meta name=\"twitter:site\" content=\"@sunoresearch\" \/>\n<meta name=\"twitter:label1\" content=\"Escrito por\" \/>\n\t<meta name=\"twitter:data1\" content=\"Camila Paim\" \/>\n\t<meta name=\"twitter:label2\" content=\"Est. tempo de leitura\" \/>\n\t<meta name=\"twitter:data2\" content=\"3 minutos\" \/>\n<script type=\"application\/ld+json\" class=\"yoast-schema-graph\">{\"@context\":\"https:\/\/schema.org\",\"@graph\":[{\"@type\":\"NewsArticle\",\"@id\":\"https:\/\/www.suno.com.br\/noticias\/embraer-embr3-surpreende-btg-santander-resultados-cpf\/#article\",\"isPartOf\":{\"@id\":\"https:\/\/www.suno.com.br\/noticias\/embraer-embr3-surpreende-btg-santander-resultados-cpf\/\"},\"author\":{\"name\":\"Camila Paim\",\"@id\":\"https:\/\/www.suno.com.br\/noticias\/#\/schema\/person\/f341d3ae5d1cc685176c9a5327cdfdbb\"},\"headline\":\"Embraer (EMBR3) surpreende BTG e Santander com resultados; a\u00e7\u00f5es sobem\",\"datePublished\":\"2024-04-22T18:41:50+00:00\",\"dateModified\":\"2024-04-22T20:35:56+00:00\",\"mainEntityOfPage\":{\"@id\":\"https:\/\/www.suno.com.br\/noticias\/embraer-embr3-surpreende-btg-santander-resultados-cpf\/\"},\"wordCount\":459,\"publisher\":{\"@id\":\"https:\/\/www.suno.com.br\/noticias\/#organization\"},\"image\":{\"@id\":\"https:\/\/www.suno.com.br\/noticias\/embraer-embr3-surpreende-btg-santander-resultados-cpf\/#primaryimage\"},\"thumbnailUrl\":\"https:\/\/files.sunoresearch.com.br\/n\/uploads\/2023\/10\/Embraer-Phenom-300.jpg\",\"keywords\":[\"avia\u00e7\u00e3o\",\"BTG Pactual (BPAC11\/BPAC3\/BPAC5)\",\"Embraer (EMBR3)\",\"Especialistas\",\"Santander (SANB11\/SANB3\/SANB4)\"],\"articleSection\":[\"Neg\u00f3cios\"],\"inLanguage\":\"pt-BR\"},{\"@type\":\"WebPage\",\"@id\":\"https:\/\/www.suno.com.br\/noticias\/embraer-embr3-surpreende-btg-santander-resultados-cpf\/\",\"url\":\"https:\/\/www.suno.com.br\/noticias\/embraer-embr3-surpreende-btg-santander-resultados-cpf\/\",\"name\":\"Embraer (EMBR3) surpreende BTG e Santander com resultados\",\"isPartOf\":{\"@id\":\"https:\/\/www.suno.com.br\/noticias\/#website\"},\"primaryImageOfPage\":{\"@id\":\"https:\/\/www.suno.com.br\/noticias\/embraer-embr3-surpreende-btg-santander-resultados-cpf\/#primaryimage\"},\"image\":{\"@id\":\"https:\/\/www.suno.com.br\/noticias\/embraer-embr3-surpreende-btg-santander-resultados-cpf\/#primaryimage\"},\"thumbnailUrl\":\"https:\/\/files.sunoresearch.com.br\/n\/uploads\/2023\/10\/Embraer-Phenom-300.jpg\",\"datePublished\":\"2024-04-22T18:41:50+00:00\",\"dateModified\":\"2024-04-22T20:35:56+00:00\",\"description\":\"O resultado de opera\u00e7\u00f5es do 1T24, a Embraer (EMBR3) surpreendeu analistas dos bancos BTG Pactual e Santander. Veja o desempenho da Embraer.\",\"breadcrumb\":{\"@id\":\"https:\/\/www.suno.com.br\/noticias\/embraer-embr3-surpreende-btg-santander-resultados-cpf\/#breadcrumb\"},\"inLanguage\":\"pt-BR\",\"potentialAction\":[{\"@type\":\"ReadAction\",\"target\":[\"https:\/\/www.suno.com.br\/noticias\/embraer-embr3-surpreende-btg-santander-resultados-cpf\/\"]}]},{\"@type\":\"ImageObject\",\"inLanguage\":\"pt-BR\",\"@id\":\"https:\/\/www.suno.com.br\/noticias\/embraer-embr3-surpreende-btg-santander-resultados-cpf\/#primaryimage\",\"url\":\"https:\/\/files.sunoresearch.com.br\/n\/uploads\/2023\/10\/Embraer-Phenom-300.jpg\",\"contentUrl\":\"https:\/\/files.sunoresearch.com.br\/n\/uploads\/2023\/10\/Embraer-Phenom-300.jpg\",\"width\":1200,\"height\":800,\"caption\":\"Embraer Phenom 300 - Foto: Aktug Ates\/Wikimedia Commons\"},{\"@type\":\"BreadcrumbList\",\"@id\":\"https:\/\/www.suno.com.br\/noticias\/embraer-embr3-surpreende-btg-santander-resultados-cpf\/#breadcrumb\",\"itemListElement\":[{\"@type\":\"ListItem\",\"position\":1,\"name\":\"Not\u00edcias\",\"item\":\"https:\/\/www.suno.com.br\/noticias\/\"},{\"@type\":\"ListItem\",\"position\":2,\"name\":\"Neg\u00f3cios\",\"item\":\"https:\/\/www.suno.com.br\/noticias\/negocios\/\"},{\"@type\":\"ListItem\",\"position\":3,\"name\":\"Embraer (EMBR3) surpreende BTG e Santander com resultados; a\u00e7\u00f5es sobem\"}]},{\"@type\":\"WebSite\",\"@id\":\"https:\/\/www.suno.com.br\/noticias\/#website\",\"url\":\"https:\/\/www.suno.com.br\/noticias\/\",\"name\":\"Suno Not\u00edcias\",\"description\":\"Seu portal de informa\u00e7\u00e3o sobre o mundo dos investimentos\",\"publisher\":{\"@id\":\"https:\/\/www.suno.com.br\/noticias\/#organization\"},\"potentialAction\":[{\"@type\":\"SearchAction\",\"target\":{\"@type\":\"EntryPoint\",\"urlTemplate\":\"https:\/\/www.suno.com.br\/noticias\/?s={search_term_string}\"},\"query-input\":{\"@type\":\"PropertyValueSpecification\",\"valueRequired\":true,\"valueName\":\"search_term_string\"}}],\"inLanguage\":\"pt-BR\"},{\"@type\":\"Organization\",\"@id\":\"https:\/\/www.suno.com.br\/noticias\/#organization\",\"name\":\"Suno Not\u00edcias\",\"url\":\"https:\/\/www.suno.com.br\/noticias\/\",\"logo\":{\"@type\":\"ImageObject\",\"inLanguage\":\"pt-BR\",\"@id\":\"https:\/\/www.suno.com.br\/noticias\/#\/schema\/logo\/image\/\",\"url\":\"https:\/\/files.sunoresearch.com.br\/n\/uploads\/2021\/09\/suno-logo.png\",\"contentUrl\":\"https:\/\/files.sunoresearch.com.br\/n\/uploads\/2021\/09\/suno-logo.png\",\"width\":180,\"height\":180,\"caption\":\"Suno Not\u00edcias\"},\"image\":{\"@id\":\"https:\/\/www.suno.com.br\/noticias\/#\/schema\/logo\/image\/\"},\"sameAs\":[\"https:\/\/facebook.com\/sunoresearch\",\"https:\/\/x.com\/sunoresearch\",\"https:\/\/www.instagram.com\/suno\",\"https:\/\/www.linkedin.com\/company\/suno-research\/\",\"https:\/\/www.youtube.com\/c\/sunoresearch\"]},{\"@type\":\"Person\",\"@id\":\"https:\/\/www.suno.com.br\/noticias\/#\/schema\/person\/f341d3ae5d1cc685176c9a5327cdfdbb\",\"name\":\"Camila Paim\",\"image\":{\"@type\":\"ImageObject\",\"inLanguage\":\"pt-BR\",\"@id\":\"https:\/\/www.suno.com.br\/noticias\/#\/schema\/person\/image\/\",\"url\":\"https:\/\/secure.gravatar.com\/avatar\/f33728e65febb1aa7ecf6792956f9b20?s=96&r=g\",\"contentUrl\":\"https:\/\/secure.gravatar.com\/avatar\/f33728e65febb1aa7ecf6792956f9b20?s=96&r=g\",\"caption\":\"Camila Paim\"},\"description\":\"Jornalista formada pela USP, tem experi\u00eancia em reda\u00e7\u00f5es, SEO, Branded Content e Webdesign. Com passagem pelo Jornal da USP, Empiricus e C6 Bank, hoje \u00e9 rep\u00f3rter no Suno Not\u00edcias cobrindo macroeconomia, finan\u00e7as pessoais e startups.\",\"url\":\"https:\/\/www.suno.com.br\/noticias\/author\/camila-figueiredosuno-com-br\/\"}]}<\/script>\n<!-- \/ Yoast SEO plugin. -->","yoast_head_json":{"title":"Embraer (EMBR3) surpreende BTG e Santander com resultados","description":"O resultado de opera\u00e7\u00f5es do 1T24, a Embraer (EMBR3) surpreendeu analistas dos bancos BTG Pactual e Santander. Veja o desempenho da Embraer.","robots":{"index":"index","follow":"follow","max-snippet":"max-snippet:-1","max-image-preview":"max-image-preview:large","max-video-preview":"max-video-preview:-1"},"canonical":"https:\/\/www.suno.com.br\/noticias\/embraer-embr3-surpreende-btg-santander-resultados-cpf\/","og_locale":"pt_BR","og_type":"article","og_title":"Embraer (EMBR3) surpreende BTG e Santander com resultados","og_description":"O resultado de opera\u00e7\u00f5es do 1T24, a Embraer (EMBR3) surpreendeu analistas dos bancos BTG Pactual e Santander. Veja o desempenho da Embraer.","og_url":"https:\/\/www.suno.com.br\/noticias\/embraer-embr3-surpreende-btg-santander-resultados-cpf\/","og_site_name":"Suno Not\u00edcias","article_publisher":"https:\/\/facebook.com\/sunoresearch","og_image":[{"width":1200,"height":800,"url":"https:\/\/files.sunoresearch.com.br\/n\/uploads\/2023\/10\/Embraer-Phenom-300.jpg","type":"image\/jpeg"}],"author":"Camila Paim","twitter_card":"summary_large_image","twitter_creator":"@sunoresearch","twitter_site":"@sunoresearch","twitter_misc":{"Escrito por":"Camila Paim","Est. tempo de leitura":"3 minutos"},"schema":{"@context":"https:\/\/schema.org","@graph":[{"@type":"NewsArticle","@id":"https:\/\/www.suno.com.br\/noticias\/embraer-embr3-surpreende-btg-santander-resultados-cpf\/#article","isPartOf":{"@id":"https:\/\/www.suno.com.br\/noticias\/embraer-embr3-surpreende-btg-santander-resultados-cpf\/"},"author":{"name":"Camila Paim","@id":"https:\/\/www.suno.com.br\/noticias\/#\/schema\/person\/f341d3ae5d1cc685176c9a5327cdfdbb"},"headline":"Embraer (EMBR3) surpreende BTG e Santander com resultados; a\u00e7\u00f5es sobem","datePublished":"2024-04-22T18:41:50+00:00","dateModified":"2024-04-22T20:35:56+00:00","mainEntityOfPage":{"@id":"https:\/\/www.suno.com.br\/noticias\/embraer-embr3-surpreende-btg-santander-resultados-cpf\/"},"wordCount":459,"publisher":{"@id":"https:\/\/www.suno.com.br\/noticias\/#organization"},"image":{"@id":"https:\/\/www.suno.com.br\/noticias\/embraer-embr3-surpreende-btg-santander-resultados-cpf\/#primaryimage"},"thumbnailUrl":"https:\/\/files.sunoresearch.com.br\/n\/uploads\/2023\/10\/Embraer-Phenom-300.jpg","keywords":["avia\u00e7\u00e3o","BTG Pactual (BPAC11\/BPAC3\/BPAC5)","Embraer (EMBR3)","Especialistas","Santander (SANB11\/SANB3\/SANB4)"],"articleSection":["Neg\u00f3cios"],"inLanguage":"pt-BR"},{"@type":"WebPage","@id":"https:\/\/www.suno.com.br\/noticias\/embraer-embr3-surpreende-btg-santander-resultados-cpf\/","url":"https:\/\/www.suno.com.br\/noticias\/embraer-embr3-surpreende-btg-santander-resultados-cpf\/","name":"Embraer (EMBR3) surpreende BTG e Santander com resultados","isPartOf":{"@id":"https:\/\/www.suno.com.br\/noticias\/#website"},"primaryImageOfPage":{"@id":"https:\/\/www.suno.com.br\/noticias\/embraer-embr3-surpreende-btg-santander-resultados-cpf\/#primaryimage"},"image":{"@id":"https:\/\/www.suno.com.br\/noticias\/embraer-embr3-surpreende-btg-santander-resultados-cpf\/#primaryimage"},"thumbnailUrl":"https:\/\/files.sunoresearch.com.br\/n\/uploads\/2023\/10\/Embraer-Phenom-300.jpg","datePublished":"2024-04-22T18:41:50+00:00","dateModified":"2024-04-22T20:35:56+00:00","description":"O resultado de opera\u00e7\u00f5es do 1T24, a Embraer (EMBR3) surpreendeu analistas dos bancos BTG Pactual e Santander. Veja o desempenho da Embraer.","breadcrumb":{"@id":"https:\/\/www.suno.com.br\/noticias\/embraer-embr3-surpreende-btg-santander-resultados-cpf\/#breadcrumb"},"inLanguage":"pt-BR","potentialAction":[{"@type":"ReadAction","target":["https:\/\/www.suno.com.br\/noticias\/embraer-embr3-surpreende-btg-santander-resultados-cpf\/"]}]},{"@type":"ImageObject","inLanguage":"pt-BR","@id":"https:\/\/www.suno.com.br\/noticias\/embraer-embr3-surpreende-btg-santander-resultados-cpf\/#primaryimage","url":"https:\/\/files.sunoresearch.com.br\/n\/uploads\/2023\/10\/Embraer-Phenom-300.jpg","contentUrl":"https:\/\/files.sunoresearch.com.br\/n\/uploads\/2023\/10\/Embraer-Phenom-300.jpg","width":1200,"height":800,"caption":"Embraer Phenom 300 - Foto: Aktug Ates\/Wikimedia Commons"},{"@type":"BreadcrumbList","@id":"https:\/\/www.suno.com.br\/noticias\/embraer-embr3-surpreende-btg-santander-resultados-cpf\/#breadcrumb","itemListElement":[{"@type":"ListItem","position":1,"name":"Not\u00edcias","item":"https:\/\/www.suno.com.br\/noticias\/"},{"@type":"ListItem","position":2,"name":"Neg\u00f3cios","item":"https:\/\/www.suno.com.br\/noticias\/negocios\/"},{"@type":"ListItem","position":3,"name":"Embraer (EMBR3) surpreende BTG e Santander com resultados; a\u00e7\u00f5es sobem"}]},{"@type":"WebSite","@id":"https:\/\/www.suno.com.br\/noticias\/#website","url":"https:\/\/www.suno.com.br\/noticias\/","name":"Suno Not\u00edcias","description":"Seu portal de informa\u00e7\u00e3o sobre o mundo dos investimentos","publisher":{"@id":"https:\/\/www.suno.com.br\/noticias\/#organization"},"potentialAction":[{"@type":"SearchAction","target":{"@type":"EntryPoint","urlTemplate":"https:\/\/www.suno.com.br\/noticias\/?s={search_term_string}"},"query-input":{"@type":"PropertyValueSpecification","valueRequired":true,"valueName":"search_term_string"}}],"inLanguage":"pt-BR"},{"@type":"Organization","@id":"https:\/\/www.suno.com.br\/noticias\/#organization","name":"Suno Not\u00edcias","url":"https:\/\/www.suno.com.br\/noticias\/","logo":{"@type":"ImageObject","inLanguage":"pt-BR","@id":"https:\/\/www.suno.com.br\/noticias\/#\/schema\/logo\/image\/","url":"https:\/\/files.sunoresearch.com.br\/n\/uploads\/2021\/09\/suno-logo.png","contentUrl":"https:\/\/files.sunoresearch.com.br\/n\/uploads\/2021\/09\/suno-logo.png","width":180,"height":180,"caption":"Suno Not\u00edcias"},"image":{"@id":"https:\/\/www.suno.com.br\/noticias\/#\/schema\/logo\/image\/"},"sameAs":["https:\/\/facebook.com\/sunoresearch","https:\/\/x.com\/sunoresearch","https:\/\/www.instagram.com\/suno","https:\/\/www.linkedin.com\/company\/suno-research\/","https:\/\/www.youtube.com\/c\/sunoresearch"]},{"@type":"Person","@id":"https:\/\/www.suno.com.br\/noticias\/#\/schema\/person\/f341d3ae5d1cc685176c9a5327cdfdbb","name":"Camila Paim","image":{"@type":"ImageObject","inLanguage":"pt-BR","@id":"https:\/\/www.suno.com.br\/noticias\/#\/schema\/person\/image\/","url":"https:\/\/secure.gravatar.com\/avatar\/f33728e65febb1aa7ecf6792956f9b20?s=96&r=g","contentUrl":"https:\/\/secure.gravatar.com\/avatar\/f33728e65febb1aa7ecf6792956f9b20?s=96&r=g","caption":"Camila Paim"},"description":"Jornalista formada pela USP, tem experi\u00eancia em reda\u00e7\u00f5es, SEO, Branded Content e Webdesign. Com passagem pelo Jornal da USP, Empiricus e C6 Bank, hoje \u00e9 rep\u00f3rter no Suno Not\u00edcias cobrindo macroeconomia, finan\u00e7as pessoais e startups.","url":"https:\/\/www.suno.com.br\/noticias\/author\/camila-figueiredosuno-com-br\/"}]}},"default_loop_html":"<div class=\"cardsPage__listCard__boxs\"><div class=\"cardsPage__listCard__boxs__img\"><a href=\"https:\/\/www.suno.com.br\/noticias\/embraer-embr3-surpreende-btg-santander-resultados-cpf\/\"><img class=\"mask\" src=\"https:\/\/www.suno.com.br\/noticias\/wp-content\/themes\/suno\/resources\/images\/spotlight\/spotlight1img\/bg-mask.png\" alt=\"Image Mask\"\/><img src=\"https:\/\/files.sunoresearch.com.br\/n\/uploads\/2023\/10\/Embraer-Phenom-300-400x200.jpg\" alt=\"Embraer (EMBR3) surpreende BTG e Santander com resultados; a\u00e7\u00f5es sobem\"\/><\/a><span class=\"spotlightCategory\"><a href=\"https:\/\/www.suno.com.br\/noticias\/negocios\/\">Neg\u00f3cios<\/a><\/span><\/div><div class=\"cardsPage__listCard__boxs__content\"><a href=\"https:\/\/www.suno.com.br\/noticias\/embraer-embr3-surpreende-btg-santander-resultados-cpf\/\"><h2 class=\"content__title\">Embraer (EMBR3) surpreende BTG e Santander com resultados; a\u00e7\u00f5es sobem<\/h2><\/a><div class=\"newsContent__article__meta\"><div class=\"newsContent__article__meta__authorBox\"><a href=\"https:\/\/www.suno.com.br\/noticias\/author\/camila-figueiredosuno-com-br\/\" class=\"authorBox__avatar noMobi\"><img src=\"https:\/\/files.sunoresearch.com.br\/n\/uploads\/2024\/05\/camila-paim-square-150x150.jpg\" alt=\"Camila Paim\"><\/a><div class=\"authorBox__name\"><span>por\n\t\t\t<a href=\"https:\/\/www.suno.com.br\/noticias\/author\/camila-figueiredosuno-com-br\/\"><span itemprop=\"author\">Camila Paim<\/span><\/a><\/span><time datetime=\"2024-04-22T15:41:50-03:00\" itemprop=\"datePublished\">22\/04\/2024 15:41<\/time><\/div><\/div><\/div><\/div><\/div>","single_layout":"posts","amp_enabled":true,"_links":{"self":[{"href":"https:\/\/www.suno.com.br\/noticias\/wp-json\/wp\/v2\/posts\/546381"}],"collection":[{"href":"https:\/\/www.suno.com.br\/noticias\/wp-json\/wp\/v2\/posts"}],"about":[{"href":"https:\/\/www.suno.com.br\/noticias\/wp-json\/wp\/v2\/types\/post"}],"author":[{"embeddable":true,"href":"https:\/\/www.suno.com.br\/noticias\/wp-json\/wp\/v2\/users\/283"}],"replies":[{"embeddable":true,"href":"https:\/\/www.suno.com.br\/noticias\/wp-json\/wp\/v2\/comments?post=546381"}],"version-history":[{"count":3,"href":"https:\/\/www.suno.com.br\/noticias\/wp-json\/wp\/v2\/posts\/546381\/revisions"}],"predecessor-version":[{"id":546535,"href":"https:\/\/www.suno.com.br\/noticias\/wp-json\/wp\/v2\/posts\/546381\/revisions\/546535"}],"wp:featuredmedia":[{"embeddable":true,"href":"https:\/\/www.suno.com.br\/noticias\/wp-json\/wp\/v2\/media\/471351"}],"wp:attachment":[{"href":"https:\/\/www.suno.com.br\/noticias\/wp-json\/wp\/v2\/media?parent=546381"}],"wp:term":[{"taxonomy":"category","embeddable":true,"href":"https:\/\/www.suno.com.br\/noticias\/wp-json\/wp\/v2\/categories?post=546381"},{"taxonomy":"post_tag","embeddable":true,"href":"https:\/\/www.suno.com.br\/noticias\/wp-json\/wp\/v2\/tags?post=546381"},{"taxonomy":"suno_strategy","embeddable":true,"href":"https:\/\/www.suno.com.br\/noticias\/wp-json\/wp\/v2\/suno_strategy?post=546381"}],"curies":[{"name":"wp","href":"https:\/\/api.w.org\/{rel}","templated":true}]}}