{"id":54634,"date":"2020-03-02T13:43:11","date_gmt":"2020-03-02T16:43:11","guid":{"rendered":"https:\/\/www.suno.com.br\/noticias\/?p=54634"},"modified":"2020-03-02T13:43:11","modified_gmt":"2020-03-02T16:43:11","slug":"coronavirus-ocde-projeta-crescimento-global-menor","status":"publish","type":"post","link":"https:\/\/www.suno.com.br\/noticias\/coronavirus-ocde-projeta-crescimento-global-menor\/","title":{"rendered":"Coronav\u00edrus: OCDE prev\u00ea o menor crescimento global desde 2009"},"content":{"rendered":"<p>O <strong>coronav\u00edrus<\/strong> (Covid-19) far\u00e1 com que a economia global em 2020 cres\u00e7a 2,4%, menor n\u00edvel de expans\u00e3o desde 2009, durante a<a href=\"https:\/\/www.suno.com.br\/artigos\/crise-do-subprime\/\"> crise financeira mundial<\/a>. As proje\u00e7\u00f5es s\u00e3o da <a href=\"https:\/\/www.suno.com.br\/artigos\/ocde\/\">Organiza\u00e7\u00e3o para a Coopera\u00e7\u00e3o e Desenvolvimento Econ\u00f4mico (OCDE)<\/a>.<\/p>\t<div class=\"wrapper-featured-image\">\n\t\t<figure class=\"spotlightImg\">\n\n\t\t\t<picture>\n\t\t\t\t<source media=\"(max-width: 768px)\" srcset=\"https:\/\/files.sunoresearch.com.br\/n\/uploads\/2020\/02\/d085d7a6-coronavirus-400x200.webp\">\n\t\t\t\t<img loading=\"lazy\" decoding=\"async\" class=\"newsContent__article__imgCapa lazyloadDisabled newsContent__article__imgCapa--noCaption\" src=\"https:\/\/files.sunoresearch.com.br\/n\/uploads\/2020\/02\/d085d7a6-coronavirus-800x450.webp\" width=\"800\" height=\"450\" alt=\"Coronav\u00edrus: OCDE prev\u00ea o menor crescimento global desde 2009\" fetchpriority=high \/>\n\t\t\t<\/picture>\n\n\t\t\t<figcaption class=\"wp-caption-text wp-caption-text--hide\">Milhares de pessoas no noroeste da China testaram positivo para a doen\u00e7a bacteriana conhecida como brucelose. <\/figcaption>\n\t\t<\/figure>\n\t<\/div>\n\n\n\n<p>A estimativa anterior da <strong>OCDE<\/strong> era um crescimento de 2,9%. &#8220;As perspectivas econ\u00f4micas globais permanecem moderadas e muito incertas devido ao surto de coronav\u00edrus&#8221;, destacou a organiza\u00e7\u00e3o em um relat\u00f3rio, citando o risco de retra\u00e7\u00e3o na economia global na primeira metade deste ano.<\/p>\n<p>A OCDE informou que espera um crescimento econ\u00f4mico chin\u00eas a uma taxa de 4,9%, frente a expectativa anterior de 5,7%, divulgada em novembro de 2019. Al\u00e9m disso, a organiza\u00e7\u00e3o espera que em 2021 a <strong>China<\/strong> volte a crescer em maior ritmo, a 6,4%.<\/p>\n\t<p>\n\t\t<a href=\"https:\/\/www.seculus.com.br\/blackfriday\" target=\"_blank\" data-element=\"shortcode-suno-banner\" title=\"Banner SUNO, clique e saiba mais\">\n\t\t\t<picture>\n\t\t\t\t<source media=\"(max-width: 500px)\" srcset=\"https:\/\/files.sunoresearch.com.br\/n\/uploads\/2023\/11\/seculus_suno_mobile_3.jpg\">\n\t\t\t\t<img class=\"newsContent__article__imgCapa newsContent__article__imgCapa--banner\"\n\t\t\t\t\tsrc=\"https:\/\/files.sunoresearch.com.br\/n\/uploads\/2023\/11\/seculus_suno_desktop_3.jpg\"\n\t\t\t\t\tdata-promo-id=\"474124\"\t\t\t\t\t\t\t\t\t\twidth='1420' height='240'\t\t\t\t\talt=\"https:\/\/files.sunoresearch.com.br\/n\/uploads\/2023\/11\/seculus_suno_desktop_3.jpg\"\n\t\t\t\t>\n\t\t\t<\/picture>\n\t\t<\/a>\n\t<\/p>\n\n\n<p>&#8220;A principal mensagem para esse cen\u00e1rio de recuo \u00e9 de que ele colocar\u00e1 muitos pa\u00edses em recess\u00e3o, motivo pelo qual pedimos que medidas urgentes sejam adotadas nas \u00e1reas afetadas o mais r\u00e1pido poss\u00edvel&#8221;, informou Laurence Boone, economista-chefe da OCDE, \u00e0 ag\u00eancia de not\u00edcias &#8220;Reuters&#8221;.<\/p>\n<p>Para os <strong>Estados Unidos<\/strong>, a estimativa de crescimento foi reduzida de 2% para 1,9% em 2020 e permaneceu em 2,1% para 2021. Na <strong><a href=\"https:\/\/www.suno.com.br\/artigos\/zona-do-euro\/\">zona do euro<\/a><\/strong>, onde a epidemia vem se alastrando rapidamente, a expans\u00e3o econ\u00f4mica foi estimada em 0,8%, ante 1,1% de quatro meses atr\u00e1s. A <strong>It\u00e1lia<\/strong>, local de maior concentra\u00e7\u00e3o do coronav\u00edrus na Europa, deve permanecer estagnada.<\/p>\n<p><a href=\"https:\/\/www.suno.com.br\/noticias\/riscos-da-economia-global-2020\/\">Veja tamb\u00e9m: Os cinco principais riscos \u00e0 economia global em 2020<\/a><\/p>\n<p>No entanto, se o v\u00edrus se propagar pela \u00c1sia, Europa e Am\u00e9rica do Norte, o crescimento global pode cair para 1,5% este ano, disse a organiza\u00e7\u00e3o. A OCDE salientou que os governos precisam dar suporte aos sistemas de sa\u00fade com subs\u00eddios extras ou benef\u00edcios fiscais para trabalhadores que fazem horas extras em seus empregos.<\/p>\n<p>Para o Brasil, mesmo com o <strong>coronav\u00edrus<\/strong> a OCDE permaneceu com a expectativa do crescimento da economia de 1,7%. No ano que vem, a expans\u00e3o dever\u00e1 ser de 1,8%. A exemplo da organiza\u00e7\u00e3o internacional, os principais especialistas do mercado financeiro brasileiro diminu\u00edram sua expectativa para o crescimento econ\u00f4mico do Pa\u00eds. Segundo o Boletim Focus, divulgado pelo <a href=\"https:\/\/www.suno.com.br\/artigos\/bacen\/\">Banco Central (BC)<\/a> nesta segunda-feira (2), o crescimento do <a href=\"https:\/\/www.suno.com.br\/artigos\/pib-produto-interno-bruto\/\">Produto Interno Bruto (PIB)<\/a> do Brasil em 2020 ser\u00e1 de 2,17%.<\/p>\n\n","protected":false},"excerpt":{"rendered":"<p>O coronav\u00edrus (Covid-19) far\u00e1 com que a economia global em 2020 cres\u00e7a 2,4%, menor n\u00edvel de expans\u00e3o desde 2009, durante a crise financeira mundial. As proje\u00e7\u00f5es s\u00e3o da Organiza\u00e7\u00e3o para a Coopera\u00e7\u00e3o e Desenvolvimento Econ\u00f4mico (OCDE). Milhares de pessoas no noroeste da China testaram positivo para a doen\u00e7a bacteriana conhecida como brucelose. A estimativa anterior [&hellip;]<\/p>\n","protected":false},"author":24,"featured_media":54220,"comment_status":"closed","ping_status":"closed","sticky":false,"template":"","format":"standard","meta":[],"categories":[63],"tags":[2487,740,962],"suno_strategy":[],"class_list":["post-54634","post","type-post","status-publish","format-standard","has-post-thumbnail","hentry","category-internacional","tag-coronavirus","tag-economia","tag-ocde"],"yoast_head":"<!-- This site is optimized with the Yoast SEO plugin v24.4 - https:\/\/yoast.com\/wordpress\/plugins\/seo\/ -->\n<title>Coronav\u00edrus: OCDE prev\u00ea o menor crescimento global desde 2009<\/title>\n<meta name=\"description\" content=\"O coronav\u00edrus far\u00e1 com que a economia global em 2020 cres\u00e7a 2,4%, menor n\u00edvel de expans\u00e3o desde 2009, disse a OCDE. Saiba mais.\" \/>\n<meta name=\"robots\" content=\"index, follow, max-snippet:-1, max-image-preview:large, max-video-preview:-1\" \/>\n<link rel=\"canonical\" href=\"https:\/\/www.suno.com.br\/noticias\/coronavirus-ocde-projeta-crescimento-global-menor\/\" \/>\n<meta property=\"og:locale\" content=\"pt_BR\" \/>\n<meta property=\"og:type\" content=\"article\" \/>\n<meta property=\"og:title\" content=\"Coronav\u00edrus: OCDE prev\u00ea o menor crescimento global desde 2009\" \/>\n<meta property=\"og:description\" content=\"O coronav\u00edrus far\u00e1 com que a economia global em 2020 cres\u00e7a 2,4%, menor n\u00edvel de expans\u00e3o desde 2009, disse a OCDE. Saiba mais.\" \/>\n<meta property=\"og:url\" content=\"https:\/\/www.suno.com.br\/noticias\/coronavirus-ocde-projeta-crescimento-global-menor\/\" \/>\n<meta property=\"og:site_name\" content=\"Suno Not\u00edcias\" \/>\n<meta property=\"article:publisher\" content=\"https:\/\/facebook.com\/sunoresearch\" \/>\n<meta property=\"og:image\" content=\"https:\/\/files.sunoresearch.com.br\/n\/uploads\/2020\/02\/d085d7a6-coronavirus.jpg\" \/>\n\t<meta property=\"og:image:width\" content=\"1500\" \/>\n\t<meta property=\"og:image:height\" content=\"1000\" \/>\n\t<meta property=\"og:image:type\" content=\"image\/jpeg\" \/>\n<meta name=\"author\" content=\"Jader Lazarini\" \/>\n<meta name=\"twitter:card\" content=\"summary_large_image\" \/>\n<meta name=\"twitter:creator\" content=\"@sunoresearch\" \/>\n<meta name=\"twitter:site\" content=\"@sunoresearch\" \/>\n<meta name=\"twitter:label1\" content=\"Escrito por\" \/>\n\t<meta name=\"twitter:data1\" content=\"Jader Lazarini\" \/>\n\t<meta name=\"twitter:label2\" content=\"Est. tempo de leitura\" \/>\n\t<meta name=\"twitter:data2\" content=\"2 minutos\" \/>\n<script type=\"application\/ld+json\" class=\"yoast-schema-graph\">{\"@context\":\"https:\/\/schema.org\",\"@graph\":[{\"@type\":\"NewsArticle\",\"@id\":\"https:\/\/www.suno.com.br\/noticias\/coronavirus-ocde-projeta-crescimento-global-menor\/#article\",\"isPartOf\":{\"@id\":\"https:\/\/www.suno.com.br\/noticias\/coronavirus-ocde-projeta-crescimento-global-menor\/\"},\"author\":{\"name\":\"Jader Lazarini\",\"@id\":\"https:\/\/www.suno.com.br\/noticias\/#\/schema\/person\/918d79de1f0281f01599b93f9ea6e23f\"},\"headline\":\"Coronav\u00edrus: OCDE prev\u00ea o menor crescimento global desde 2009\",\"datePublished\":\"2020-03-02T16:43:11+00:00\",\"mainEntityOfPage\":{\"@id\":\"https:\/\/www.suno.com.br\/noticias\/coronavirus-ocde-projeta-crescimento-global-menor\/\"},\"wordCount\":404,\"publisher\":{\"@id\":\"https:\/\/www.suno.com.br\/noticias\/#organization\"},\"image\":{\"@id\":\"https:\/\/www.suno.com.br\/noticias\/coronavirus-ocde-projeta-crescimento-global-menor\/#primaryimage\"},\"thumbnailUrl\":\"https:\/\/files.sunoresearch.com.br\/n\/uploads\/2020\/02\/d085d7a6-coronavirus-jpg.webp\",\"keywords\":[\"coronav\u00edrus\",\"Economia\",\"OCDE\"],\"articleSection\":[\"Internacional\"],\"inLanguage\":\"pt-BR\"},{\"@type\":\"WebPage\",\"@id\":\"https:\/\/www.suno.com.br\/noticias\/coronavirus-ocde-projeta-crescimento-global-menor\/\",\"url\":\"https:\/\/www.suno.com.br\/noticias\/coronavirus-ocde-projeta-crescimento-global-menor\/\",\"name\":\"Coronav\u00edrus: OCDE prev\u00ea o menor crescimento global desde 2009\",\"isPartOf\":{\"@id\":\"https:\/\/www.suno.com.br\/noticias\/#website\"},\"primaryImageOfPage\":{\"@id\":\"https:\/\/www.suno.com.br\/noticias\/coronavirus-ocde-projeta-crescimento-global-menor\/#primaryimage\"},\"image\":{\"@id\":\"https:\/\/www.suno.com.br\/noticias\/coronavirus-ocde-projeta-crescimento-global-menor\/#primaryimage\"},\"thumbnailUrl\":\"https:\/\/files.sunoresearch.com.br\/n\/uploads\/2020\/02\/d085d7a6-coronavirus-jpg.webp\",\"datePublished\":\"2020-03-02T16:43:11+00:00\",\"description\":\"O coronav\u00edrus far\u00e1 com que a economia global em 2020 cres\u00e7a 2,4%, menor n\u00edvel de expans\u00e3o desde 2009, disse a OCDE. Saiba mais.\",\"breadcrumb\":{\"@id\":\"https:\/\/www.suno.com.br\/noticias\/coronavirus-ocde-projeta-crescimento-global-menor\/#breadcrumb\"},\"inLanguage\":\"pt-BR\",\"potentialAction\":[{\"@type\":\"ReadAction\",\"target\":[\"https:\/\/www.suno.com.br\/noticias\/coronavirus-ocde-projeta-crescimento-global-menor\/\"]}]},{\"@type\":\"ImageObject\",\"inLanguage\":\"pt-BR\",\"@id\":\"https:\/\/www.suno.com.br\/noticias\/coronavirus-ocde-projeta-crescimento-global-menor\/#primaryimage\",\"url\":\"https:\/\/files.sunoresearch.com.br\/n\/uploads\/2020\/02\/d085d7a6-coronavirus-jpg.webp\",\"contentUrl\":\"https:\/\/files.sunoresearch.com.br\/n\/uploads\/2020\/02\/d085d7a6-coronavirus-jpg.webp\",\"width\":1500,\"height\":1000,\"caption\":\"Milhares de pessoas no noroeste da China testaram positivo para a doen\u00e7a bacteriana conhecida como brucelose.\"},{\"@type\":\"BreadcrumbList\",\"@id\":\"https:\/\/www.suno.com.br\/noticias\/coronavirus-ocde-projeta-crescimento-global-menor\/#breadcrumb\",\"itemListElement\":[{\"@type\":\"ListItem\",\"position\":1,\"name\":\"Not\u00edcias\",\"item\":\"https:\/\/www.suno.com.br\/noticias\/\"},{\"@type\":\"ListItem\",\"position\":2,\"name\":\"Internacional\",\"item\":\"https:\/\/www.suno.com.br\/noticias\/internacional\/\"},{\"@type\":\"ListItem\",\"position\":3,\"name\":\"Coronav\u00edrus: OCDE prev\u00ea o menor crescimento global desde 2009\"}]},{\"@type\":\"WebSite\",\"@id\":\"https:\/\/www.suno.com.br\/noticias\/#website\",\"url\":\"https:\/\/www.suno.com.br\/noticias\/\",\"name\":\"Suno Not\u00edcias\",\"description\":\"Seu portal de informa\u00e7\u00e3o sobre o mundo dos investimentos\",\"publisher\":{\"@id\":\"https:\/\/www.suno.com.br\/noticias\/#organization\"},\"potentialAction\":[{\"@type\":\"SearchAction\",\"target\":{\"@type\":\"EntryPoint\",\"urlTemplate\":\"https:\/\/www.suno.com.br\/noticias\/?s={search_term_string}\"},\"query-input\":{\"@type\":\"PropertyValueSpecification\",\"valueRequired\":true,\"valueName\":\"search_term_string\"}}],\"inLanguage\":\"pt-BR\"},{\"@type\":\"Organization\",\"@id\":\"https:\/\/www.suno.com.br\/noticias\/#organization\",\"name\":\"Suno Not\u00edcias\",\"url\":\"https:\/\/www.suno.com.br\/noticias\/\",\"logo\":{\"@type\":\"ImageObject\",\"inLanguage\":\"pt-BR\",\"@id\":\"https:\/\/www.suno.com.br\/noticias\/#\/schema\/logo\/image\/\",\"url\":\"https:\/\/files.sunoresearch.com.br\/n\/uploads\/2021\/09\/suno-logo.png\",\"contentUrl\":\"https:\/\/files.sunoresearch.com.br\/n\/uploads\/2021\/09\/suno-logo.png\",\"width\":180,\"height\":180,\"caption\":\"Suno Not\u00edcias\"},\"image\":{\"@id\":\"https:\/\/www.suno.com.br\/noticias\/#\/schema\/logo\/image\/\"},\"sameAs\":[\"https:\/\/facebook.com\/sunoresearch\",\"https:\/\/x.com\/sunoresearch\",\"https:\/\/www.instagram.com\/suno\",\"https:\/\/www.linkedin.com\/company\/suno-research\/\",\"https:\/\/www.youtube.com\/c\/sunoresearch\"]},{\"@type\":\"Person\",\"@id\":\"https:\/\/www.suno.com.br\/noticias\/#\/schema\/person\/918d79de1f0281f01599b93f9ea6e23f\",\"name\":\"Jader Lazarini\",\"image\":{\"@type\":\"ImageObject\",\"inLanguage\":\"pt-BR\",\"@id\":\"https:\/\/www.suno.com.br\/noticias\/#\/schema\/person\/image\/\",\"url\":\"https:\/\/secure.gravatar.com\/avatar\/3c1ad8caa51589841baeb923fcddea97?s=96&r=g\",\"contentUrl\":\"https:\/\/secure.gravatar.com\/avatar\/3c1ad8caa51589841baeb923fcddea97?s=96&r=g\",\"caption\":\"Jader Lazarini\"},\"description\":\"Jader Lazarini escreve sobre investimentos, finan\u00e7as, economia e neg\u00f3cios. \u00c9 bacharel em Rela\u00e7\u00f5es Internacionais e analista CNPI (2619).\",\"url\":\"https:\/\/www.suno.com.br\/noticias\/author\/jader-lazarini\/\"}]}<\/script>\n<!-- \/ Yoast SEO plugin. -->","yoast_head_json":{"title":"Coronav\u00edrus: OCDE prev\u00ea o menor crescimento global desde 2009","description":"O coronav\u00edrus far\u00e1 com que a economia global em 2020 cres\u00e7a 2,4%, menor n\u00edvel de expans\u00e3o desde 2009, disse a OCDE. Saiba mais.","robots":{"index":"index","follow":"follow","max-snippet":"max-snippet:-1","max-image-preview":"max-image-preview:large","max-video-preview":"max-video-preview:-1"},"canonical":"https:\/\/www.suno.com.br\/noticias\/coronavirus-ocde-projeta-crescimento-global-menor\/","og_locale":"pt_BR","og_type":"article","og_title":"Coronav\u00edrus: OCDE prev\u00ea o menor crescimento global desde 2009","og_description":"O coronav\u00edrus far\u00e1 com que a economia global em 2020 cres\u00e7a 2,4%, menor n\u00edvel de expans\u00e3o desde 2009, disse a OCDE. Saiba mais.","og_url":"https:\/\/www.suno.com.br\/noticias\/coronavirus-ocde-projeta-crescimento-global-menor\/","og_site_name":"Suno Not\u00edcias","article_publisher":"https:\/\/facebook.com\/sunoresearch","og_image":[{"width":1500,"height":1000,"url":"https:\/\/files.sunoresearch.com.br\/n\/uploads\/2020\/02\/d085d7a6-coronavirus.jpg","type":"image\/jpeg"}],"author":"Jader Lazarini","twitter_card":"summary_large_image","twitter_creator":"@sunoresearch","twitter_site":"@sunoresearch","twitter_misc":{"Escrito por":"Jader Lazarini","Est. tempo de leitura":"2 minutos"},"schema":{"@context":"https:\/\/schema.org","@graph":[{"@type":"NewsArticle","@id":"https:\/\/www.suno.com.br\/noticias\/coronavirus-ocde-projeta-crescimento-global-menor\/#article","isPartOf":{"@id":"https:\/\/www.suno.com.br\/noticias\/coronavirus-ocde-projeta-crescimento-global-menor\/"},"author":{"name":"Jader Lazarini","@id":"https:\/\/www.suno.com.br\/noticias\/#\/schema\/person\/918d79de1f0281f01599b93f9ea6e23f"},"headline":"Coronav\u00edrus: OCDE prev\u00ea o menor crescimento global desde 2009","datePublished":"2020-03-02T16:43:11+00:00","mainEntityOfPage":{"@id":"https:\/\/www.suno.com.br\/noticias\/coronavirus-ocde-projeta-crescimento-global-menor\/"},"wordCount":404,"publisher":{"@id":"https:\/\/www.suno.com.br\/noticias\/#organization"},"image":{"@id":"https:\/\/www.suno.com.br\/noticias\/coronavirus-ocde-projeta-crescimento-global-menor\/#primaryimage"},"thumbnailUrl":"https:\/\/files.sunoresearch.com.br\/n\/uploads\/2020\/02\/d085d7a6-coronavirus-jpg.webp","keywords":["coronav\u00edrus","Economia","OCDE"],"articleSection":["Internacional"],"inLanguage":"pt-BR"},{"@type":"WebPage","@id":"https:\/\/www.suno.com.br\/noticias\/coronavirus-ocde-projeta-crescimento-global-menor\/","url":"https:\/\/www.suno.com.br\/noticias\/coronavirus-ocde-projeta-crescimento-global-menor\/","name":"Coronav\u00edrus: OCDE prev\u00ea o menor crescimento global desde 2009","isPartOf":{"@id":"https:\/\/www.suno.com.br\/noticias\/#website"},"primaryImageOfPage":{"@id":"https:\/\/www.suno.com.br\/noticias\/coronavirus-ocde-projeta-crescimento-global-menor\/#primaryimage"},"image":{"@id":"https:\/\/www.suno.com.br\/noticias\/coronavirus-ocde-projeta-crescimento-global-menor\/#primaryimage"},"thumbnailUrl":"https:\/\/files.sunoresearch.com.br\/n\/uploads\/2020\/02\/d085d7a6-coronavirus-jpg.webp","datePublished":"2020-03-02T16:43:11+00:00","description":"O coronav\u00edrus far\u00e1 com que a economia global em 2020 cres\u00e7a 2,4%, menor n\u00edvel de expans\u00e3o desde 2009, disse a OCDE. Saiba mais.","breadcrumb":{"@id":"https:\/\/www.suno.com.br\/noticias\/coronavirus-ocde-projeta-crescimento-global-menor\/#breadcrumb"},"inLanguage":"pt-BR","potentialAction":[{"@type":"ReadAction","target":["https:\/\/www.suno.com.br\/noticias\/coronavirus-ocde-projeta-crescimento-global-menor\/"]}]},{"@type":"ImageObject","inLanguage":"pt-BR","@id":"https:\/\/www.suno.com.br\/noticias\/coronavirus-ocde-projeta-crescimento-global-menor\/#primaryimage","url":"https:\/\/files.sunoresearch.com.br\/n\/uploads\/2020\/02\/d085d7a6-coronavirus-jpg.webp","contentUrl":"https:\/\/files.sunoresearch.com.br\/n\/uploads\/2020\/02\/d085d7a6-coronavirus-jpg.webp","width":1500,"height":1000,"caption":"Milhares de pessoas no noroeste da China testaram positivo para a doen\u00e7a bacteriana conhecida como brucelose."},{"@type":"BreadcrumbList","@id":"https:\/\/www.suno.com.br\/noticias\/coronavirus-ocde-projeta-crescimento-global-menor\/#breadcrumb","itemListElement":[{"@type":"ListItem","position":1,"name":"Not\u00edcias","item":"https:\/\/www.suno.com.br\/noticias\/"},{"@type":"ListItem","position":2,"name":"Internacional","item":"https:\/\/www.suno.com.br\/noticias\/internacional\/"},{"@type":"ListItem","position":3,"name":"Coronav\u00edrus: OCDE prev\u00ea o menor crescimento global desde 2009"}]},{"@type":"WebSite","@id":"https:\/\/www.suno.com.br\/noticias\/#website","url":"https:\/\/www.suno.com.br\/noticias\/","name":"Suno Not\u00edcias","description":"Seu portal de informa\u00e7\u00e3o sobre o mundo dos investimentos","publisher":{"@id":"https:\/\/www.suno.com.br\/noticias\/#organization"},"potentialAction":[{"@type":"SearchAction","target":{"@type":"EntryPoint","urlTemplate":"https:\/\/www.suno.com.br\/noticias\/?s={search_term_string}"},"query-input":{"@type":"PropertyValueSpecification","valueRequired":true,"valueName":"search_term_string"}}],"inLanguage":"pt-BR"},{"@type":"Organization","@id":"https:\/\/www.suno.com.br\/noticias\/#organization","name":"Suno Not\u00edcias","url":"https:\/\/www.suno.com.br\/noticias\/","logo":{"@type":"ImageObject","inLanguage":"pt-BR","@id":"https:\/\/www.suno.com.br\/noticias\/#\/schema\/logo\/image\/","url":"https:\/\/files.sunoresearch.com.br\/n\/uploads\/2021\/09\/suno-logo.png","contentUrl":"https:\/\/files.sunoresearch.com.br\/n\/uploads\/2021\/09\/suno-logo.png","width":180,"height":180,"caption":"Suno Not\u00edcias"},"image":{"@id":"https:\/\/www.suno.com.br\/noticias\/#\/schema\/logo\/image\/"},"sameAs":["https:\/\/facebook.com\/sunoresearch","https:\/\/x.com\/sunoresearch","https:\/\/www.instagram.com\/suno","https:\/\/www.linkedin.com\/company\/suno-research\/","https:\/\/www.youtube.com\/c\/sunoresearch"]},{"@type":"Person","@id":"https:\/\/www.suno.com.br\/noticias\/#\/schema\/person\/918d79de1f0281f01599b93f9ea6e23f","name":"Jader Lazarini","image":{"@type":"ImageObject","inLanguage":"pt-BR","@id":"https:\/\/www.suno.com.br\/noticias\/#\/schema\/person\/image\/","url":"https:\/\/secure.gravatar.com\/avatar\/3c1ad8caa51589841baeb923fcddea97?s=96&r=g","contentUrl":"https:\/\/secure.gravatar.com\/avatar\/3c1ad8caa51589841baeb923fcddea97?s=96&r=g","caption":"Jader Lazarini"},"description":"Jader Lazarini escreve sobre investimentos, finan\u00e7as, economia e neg\u00f3cios. \u00c9 bacharel em Rela\u00e7\u00f5es Internacionais e analista CNPI (2619).","url":"https:\/\/www.suno.com.br\/noticias\/author\/jader-lazarini\/"}]}},"default_loop_html":"<div class=\"cardsPage__listCard__boxs\"><div class=\"cardsPage__listCard__boxs__img\"><a href=\"https:\/\/www.suno.com.br\/noticias\/coronavirus-ocde-projeta-crescimento-global-menor\/\"><img class=\"mask\" src=\"https:\/\/www.suno.com.br\/noticias\/wp-content\/themes\/suno\/resources\/images\/spotlight\/spotlight1img\/bg-mask.png\" alt=\"Image Mask\"\/><img src=\"https:\/\/files.sunoresearch.com.br\/n\/uploads\/2020\/02\/d085d7a6-coronavirus-400x200.webp\" alt=\"Coronav\u00edrus: OCDE prev\u00ea o menor crescimento global desde 2009\"\/><\/a><span class=\"spotlightCategory\"><a href=\"https:\/\/www.suno.com.br\/noticias\/internacional\/\">Internacional<\/a><\/span><\/div><div class=\"cardsPage__listCard__boxs__content\"><a href=\"https:\/\/www.suno.com.br\/noticias\/coronavirus-ocde-projeta-crescimento-global-menor\/\"><h2 class=\"content__title\">Coronav\u00edrus: OCDE prev\u00ea o menor crescimento global desde 2009<\/h2><\/a><div class=\"newsContent__article__meta\"><div class=\"newsContent__article__meta__authorBox\"><a href=\"https:\/\/www.suno.com.br\/noticias\/author\/jader-lazarini\/\" class=\"authorBox__avatar noMobi\"><img src=\"https:\/\/files.sunoresearch.com.br\/n\/uploads\/2021\/01\/178e6598-foto-perfil-2-150x150.jpg\" alt=\"Jader Lazarini\"><\/a><div class=\"authorBox__name\"><span>por\n\t\t\t<a href=\"https:\/\/www.suno.com.br\/noticias\/author\/jader-lazarini\/\"><span itemprop=\"author\">Jader Lazarini<\/span><\/a><\/span><time datetime=\"2020-03-02T13:43:11-03:00\" itemprop=\"datePublished\">02\/03\/2020 13:43<\/time><\/div><\/div><\/div><\/div><\/div>","single_layout":"posts","amp_enabled":true,"_links":{"self":[{"href":"https:\/\/www.suno.com.br\/noticias\/wp-json\/wp\/v2\/posts\/54634"}],"collection":[{"href":"https:\/\/www.suno.com.br\/noticias\/wp-json\/wp\/v2\/posts"}],"about":[{"href":"https:\/\/www.suno.com.br\/noticias\/wp-json\/wp\/v2\/types\/post"}],"author":[{"embeddable":true,"href":"https:\/\/www.suno.com.br\/noticias\/wp-json\/wp\/v2\/users\/24"}],"replies":[{"embeddable":true,"href":"https:\/\/www.suno.com.br\/noticias\/wp-json\/wp\/v2\/comments?post=54634"}],"version-history":[{"count":0,"href":"https:\/\/www.suno.com.br\/noticias\/wp-json\/wp\/v2\/posts\/54634\/revisions"}],"wp:featuredmedia":[{"embeddable":true,"href":"https:\/\/www.suno.com.br\/noticias\/wp-json\/wp\/v2\/media\/54220"}],"wp:attachment":[{"href":"https:\/\/www.suno.com.br\/noticias\/wp-json\/wp\/v2\/media?parent=54634"}],"wp:term":[{"taxonomy":"category","embeddable":true,"href":"https:\/\/www.suno.com.br\/noticias\/wp-json\/wp\/v2\/categories?post=54634"},{"taxonomy":"post_tag","embeddable":true,"href":"https:\/\/www.suno.com.br\/noticias\/wp-json\/wp\/v2\/tags?post=54634"},{"taxonomy":"suno_strategy","embeddable":true,"href":"https:\/\/www.suno.com.br\/noticias\/wp-json\/wp\/v2\/suno_strategy?post=54634"}],"curies":[{"name":"wp","href":"https:\/\/api.w.org\/{rel}","templated":true}]}}