{"id":546163,"date":"2024-04-21T11:00:00","date_gmt":"2024-04-21T14:00:00","guid":{"rendered":"https:\/\/www.suno.com.br\/noticias\/?p=546163"},"modified":"2024-04-21T10:42:56","modified_gmt":"2024-04-21T13:42:56","slug":"fusao-petz-petz3-cobasi-restricoes-cade-cpf","status":"publish","type":"post","link":"https:\/\/www.suno.com.br\/noticias\/fusao-petz-petz3-cobasi-restricoes-cade-cpf\/","title":{"rendered":"Fus\u00e3o da Petz (PETZ3) e Cobasi deve ter restri\u00e7\u00f5es, avalia Cade inicialmente"},"content":{"rendered":"<p>A fus\u00e3o entre as gigantes brasileiras de pet shop <strong>Petz <\/strong>(PETZ3) e Cobasi, desperta avalia\u00e7\u00f5es sobre o impacto concorrencial. <\/p>\t<div class=\"wrapper-featured-image\">\n\t\t<figure class=\"spotlightImg\">\n\n\t\t\t<picture>\n\t\t\t\t<source media=\"(max-width: 768px)\" srcset=\"https:\/\/files.sunoresearch.com.br\/n\/uploads\/2020\/12\/18a4f303-petz-400x200.webp\">\n\t\t\t\t<img loading=\"lazy\" decoding=\"async\" class=\"newsContent__article__imgCapa lazyloadDisabled \" src=\"https:\/\/files.sunoresearch.com.br\/n\/uploads\/2020\/12\/18a4f303-petz-800x450.webp\" width=\"800\" height=\"450\" alt=\"Fus\u00e3o da Petz (PETZ3) e Cobasi deve ter restri\u00e7\u00f5es, avalia Cade inicialmente\" fetchpriority=high \/>\n\t\t\t<\/picture>\n\n\t\t\t<figcaption class=\"wp-caption-text wp-caption-text--show\">Petz (PETZ3). Foto:divulga\u00e7\u00e3o.<\/figcaption>\n\t\t<\/figure>\n\t<\/div>\n\n\n\n\n\n\t<p>\n\t\t<a href=\"https:\/\/lp.suno.com.br\/planilha-da-vida-financeira\/\" target=\"_blank\" data-element=\"shortcode-suno-banner\" title=\"Banner SUNO, clique e saiba mais\">\n\t\t\t<picture>\n\t\t\t\t<source media=\"(max-width: 500px)\" srcset=\"https:\/\/files.sunoresearch.com.br\/n\/uploads\/2023\/04\/400x300-Planilha-vida-financeira-true.png\">\n\t\t\t\t<img class=\"newsContent__article__imgCapa newsContent__article__imgCapa--banner\"\n\t\t\t\t\tsrc=\"https:\/\/files.sunoresearch.com.br\/n\/uploads\/2023\/04\/1420x240-Planilha-vida-financeira-true.png\"\n\t\t\t\t\tdata-promo-id=\"106682\"\t\t\t\t\t\t\t\t\t\twidth='1420' height='240'\t\t\t\t\talt=\"https:\/\/files.sunoresearch.com.br\/n\/uploads\/2023\/04\/1420x240-Planilha-vida-financeira-true.png\"\n\t\t\t\t>\n\t\t\t<\/picture>\n\t\t<\/a>\n\t<\/p>\n\n\n\n\n\n<p>O que viria a se tornar o maior neg\u00f3cio do setor &#8220;pet&#8221; no Brasil ainda ter\u00e1 de passar pelo crivo do <a class=\"suno-keyword\" target=\"_blank\" data-force=\"no\" data-priority=\"2\" href=\"https:\/\/www.suno.com.br\/artigos\/cade\/\" rel=\"noopener\">Conselho Administrativo de Defesa Econ\u00f4mica (Cade)<\/a>. <\/p>\n\n\n\n<p>Segundo uma fonte do \u00f3rg\u00e3o comentou ao <i>Broadcast<\/i> (sistema de not\u00edcias em tempo real do Grupo Estado), \u00e9 pouco prov\u00e1vel que um caso dessa grandeza seja aprovado sem algum tipo de restri\u00e7\u00e3o. <\/p>\n\n\n\n<p>O acordo das empresas foi assinado nesta sexta-feira (19) e as an\u00e1lises ainda s\u00e3o preliminares. <\/p>\n\n\n\n<p>Na sexta, as a\u00e7\u00f5es da PETZ3 dispararam mais de 30% na bolsa de valores brasileira. <\/p>\n\n\n\t<p>\n\t\t<a href=\"https:\/\/lp.suno.com.br\/ebook-como-analisar-uma-acao\/\" target=\"_blank\" data-element=\"shortcode-suno-banner\" title=\"Banner SUNO, clique e saiba mais\">\n\t\t\t<picture>\n\t\t\t\t<source media=\"(max-width: 500px)\" srcset=\"https:\/\/files.sunoresearch.com.br\/n\/uploads\/2023\/03\/Ebook-Acoes-Mobile.jpg\">\n\t\t\t\t<img class=\"newsContent__article__imgCapa newsContent__article__imgCapa--banner\"\n\t\t\t\t\tsrc=\"https:\/\/files.sunoresearch.com.br\/n\/uploads\/2023\/03\/Ebook-Acoes-Desktop.jpg\"\n\t\t\t\t\tdata-promo-id=\"378302\"\t\t\t\t\t\t\t\t\t\twidth='1420' height='286'\t\t\t\t\talt=\"https:\/\/files.sunoresearch.com.br\/n\/uploads\/2023\/03\/Ebook-Acoes-Desktop.jpg\"\n\t\t\t\t>\n\t\t\t<\/picture>\n\t\t<\/a>\n\t<\/p>\n\n\n\n\n\n<h2 class=\"wp-block-heading\">Mercado &#8216;pet&#8217;: Quais impactos esperar da fus\u00e3o Petz-Cobasi?<\/h2>\n\n\n\n<p>A expectativa no \u00f3rg\u00e3o antitruste \u00e9 de que o neg\u00f3cio gere muitas sobreposi\u00e7\u00f5es, o que pode ser resolvido local a local. <\/p>\n\n\n\n<p>Um interlocutor no <strong>Cade <\/strong>observou que, se as partes apresentarem um bom levantamento de &#8220;rem\u00e9dios&#8221; concorrenciais ao \u00f3rg\u00e3o, \u00e9 poss\u00edvel que a an\u00e1lise n\u00e3o seja t\u00e3o complexa.<\/p>\n\n\n\n<p>Em fus\u00f5es desse tipo, o ponto principal \u00e9 saber quais lojas precisar\u00e3o ser vendidas. <\/p>\n\n\n\n<p>Al\u00e9m disso, em opera\u00e7\u00f5es de varejo, a tend\u00eancia \u00e9 de que a an\u00e1lise pelo \u00f3rg\u00e3o antitruste seja feita dentro de cada cidade e, em munic\u00edpios com mais de 200 mil habitantes, dentro de cada bairro. <\/p>\n\n\n\n<p>O Cade tem at\u00e9 240 dias para decidir sobre opera\u00e7\u00f5es notificadas &#8211; e at\u00e9 330 dias em casos mais complexos, o que precisa ser reconhecido pela Superintend\u00eancia-Geral.<\/p>\n\n\n\n<p>Em teleconfer\u00eancia sobre a fus\u00e3o com a concorrente <strong>Cobasi<\/strong>, o <strong>CEO da Petz<\/strong>, Sergio Zimerman, disse que ainda n\u00e3o foram feitas conversas iniciais com o Cade, mas se mostrou otimista com a avalia\u00e7\u00e3o pelo \u00f3rg\u00e3o e reconheceu que eventuais &#8220;rem\u00e9dios&#8221; podem surgir, n\u00e3o vendo, contudo, que eles seriam &#8220;amargos&#8221;.<\/p>\n\n\n\n<p>O <strong>CEO da Cobasi<\/strong>, Paulo Nassar, seguiu o mesmo tom. Ao Broadcast, ele afirmou que sua empresa e a Petz t\u00eam, juntas, cerca de 2% das lojas de seu segmento no Pa\u00eds, o que indicaria, na vis\u00e3o dos empres\u00e1rios envolvidos na negocia\u00e7\u00e3o, que os rem\u00e9dios do Cade devem ser leves. <\/p>\n\n\n\n<blockquote class=\"wp-block-quote is-layout-flow wp-block-quote-is-layout-flow\">\n<p>&#8220;Somos otimistas com o Cade, porque a concentra\u00e7\u00e3o de mercado \u00e9 irrelevante&#8221;, afirmou Zimerman, da Petz.<\/p>\n<\/blockquote>\n\n\n\n\t<div data-element=\"shortcode-read-more\" class=\"readToo\">\n\t\t\t\t<span class=\"readToo__title\">Leia mais<\/span>\n\t\t\t\t<ul class=\"readToo__list\">\n\t\t\t<li><a href=\"https:\/\/www.suno.com.br\/noticias\/nvidia-nvdc34-despenca-na-semana-jo\/\">Nvidia (NVDC34): Duas raz\u00f5es para a perda de US$ 300 bilh\u00f5es em valor de mercado na semana<\/a><\/li><li><a href=\"https:\/\/www.suno.com.br\/noticias\/banco-mundial-quer-emprestar-usd-400-jo\/\">Banco Mundial, BID e Banco dos Brics querem emprestar at\u00e9 US$ 400 bilh\u00f5es na pr\u00f3xima d\u00e9cada<\/a><\/li><li><a href=\"https:\/\/www.suno.com.br\/noticias\/tiktok-estados-unidos-aprova-banimento-jo\/\">TikTok: Estados Unidos d\u00e1 mais um passo e aprova pacote que permite banimento do app; pauta vai ao Senado<\/a><\/li>\t\t<\/ul>\n\t<\/div>\n\n\n\n\n<h2 class=\"wp-block-heading\">Lideran\u00e7a e concorr\u00eancia<\/h2>\n\n\n\n<p>Segundo relat\u00f3rio do BTG Pactual, cerca de 48% das lojas da Petz est\u00e3o em S\u00e3o Paulo &#8211; em compara\u00e7\u00e3o com 54% da Cobasi. <\/p>\n\n\n\n<p>No relat\u00f3rio no qual apontou que a fus\u00e3o vai criar um player l\u00edder em num segmento particularmente desafiador, o BTG Pactual apontou que o segmento das duas concorrentes tem sido impactado por uma perspectiva cada vez mais competitiva nos \u00faltimos anos, especialmente pela expans\u00e3o do com\u00e9rcio eletr\u00f4nico e a queda nas vendas de produtos n\u00e3o aliment\u00edcios, conforme mostrou o Broadcast mais cedo. <\/p>\n\n\n\n<p>O documento sobre a fus\u00e3o da <strong>Petz<\/strong> com a Cobasi refor\u00e7a ainda que o mercado continua altamente fragmentado, com os pre\u00e7os agressivos dos produtos em toda a cadeia.<\/p>\n\n\n\n<p><em>Com informa\u00e7\u00f5es de Estad\u00e3o Conte\u00fado.<\/em><\/p>\n\n\n\n\n\t<p>\n\t\t<a href=\"https:\/\/lp.suno.com.br\/planilha-da-vida-financeira\/\" target=\"_blank\" data-element=\"shortcode-suno-banner\" title=\"Banner SUNO, clique e saiba mais\">\n\t\t\t<picture>\n\t\t\t\t<source media=\"(max-width: 500px)\" srcset=\"https:\/\/files.sunoresearch.com.br\/n\/uploads\/2023\/04\/400x300-Planilha-vida-financeira-true.png\">\n\t\t\t\t<img class=\"newsContent__article__imgCapa newsContent__article__imgCapa--banner\"\n\t\t\t\t\tsrc=\"https:\/\/files.sunoresearch.com.br\/n\/uploads\/2023\/04\/1420x240-Planilha-vida-financeira-true.png\"\n\t\t\t\t\tdata-promo-id=\"383123\"\t\t\t\t\t\t\t\t\t\twidth='1420' height='240'\t\t\t\t\talt=\"https:\/\/files.sunoresearch.com.br\/n\/uploads\/2023\/04\/1420x240-Planilha-vida-financeira-true.png\"\n\t\t\t\t>\n\t\t\t<\/picture>\n\t\t<\/a>\n\t<\/p>\n\n\n","protected":false},"excerpt":{"rendered":"<p>A fus\u00e3o entre as gigantes brasileiras de pet shop Petz (PETZ3) e Cobasi, desperta avalia\u00e7\u00f5es sobre o impacto concorrencial. Petz (PETZ3). Foto:divulga\u00e7\u00e3o. O que viria a se tornar o maior neg\u00f3cio do setor &#8220;pet&#8221; no Brasil ainda ter\u00e1 de passar pelo crivo do Conselho Administrativo de Defesa Econ\u00f4mica (Cade). Segundo uma fonte do \u00f3rg\u00e3o comentou [&hellip;]<\/p>\n","protected":false},"author":283,"featured_media":109267,"comment_status":"closed","ping_status":"closed","sticky":false,"template":"","format":"standard","meta":[],"categories":[64],"tags":[106444,851,106235,106586,97380],"suno_strategy":[],"class_list":["post-546163","post","type-post","status-publish","format-standard","has-post-thumbnail","hentry","category-negocios","tag-agencias","tag-cade","tag-cobasi","tag-fusao","tag-petz-petz3"],"yoast_head":"<!-- This site is optimized with the Yoast SEO plugin v24.4 - https:\/\/yoast.com\/wordpress\/plugins\/seo\/ -->\n<title>Fus\u00e3o da Petz (PETZ3) e Cobasi deve ter restri\u00e7\u00f5es, avalia Cade<\/title>\n<meta name=\"description\" content=\"A fus\u00e3o das marcas de pets Petz (PETZ3) e Cobasi deve ter restri\u00e7\u00f5es antitruste do Cade. Entenda as nuances da fus\u00e3o Petz-Cobasi.\" \/>\n<meta name=\"robots\" content=\"index, follow, max-snippet:-1, max-image-preview:large, max-video-preview:-1\" \/>\n<link rel=\"canonical\" href=\"https:\/\/www.suno.com.br\/noticias\/fusao-petz-petz3-cobasi-restricoes-cade-cpf\/\" \/>\n<meta property=\"og:locale\" content=\"pt_BR\" \/>\n<meta property=\"og:type\" content=\"article\" \/>\n<meta property=\"og:title\" content=\"Fus\u00e3o da Petz (PETZ3) e Cobasi deve ter restri\u00e7\u00f5es, avalia Cade\" \/>\n<meta property=\"og:description\" content=\"A fus\u00e3o das marcas de pets Petz (PETZ3) e Cobasi deve ter restri\u00e7\u00f5es antitruste do Cade. Entenda as nuances da fus\u00e3o Petz-Cobasi.\" \/>\n<meta property=\"og:url\" content=\"https:\/\/www.suno.com.br\/noticias\/fusao-petz-petz3-cobasi-restricoes-cade-cpf\/\" \/>\n<meta property=\"og:site_name\" content=\"Suno Not\u00edcias\" \/>\n<meta property=\"article:publisher\" content=\"https:\/\/facebook.com\/sunoresearch\" \/>\n<meta property=\"og:image\" content=\"http:\/\/files.sunoresearch.com.br\/n\/uploads\/2020\/12\/18a4f303-petz.jpg\" \/>\n\t<meta property=\"og:image:width\" content=\"1350\" \/>\n\t<meta property=\"og:image:height\" content=\"900\" \/>\n\t<meta property=\"og:image:type\" content=\"image\/jpeg\" \/>\n<meta name=\"author\" content=\"Camila Paim\" \/>\n<meta name=\"twitter:card\" content=\"summary_large_image\" \/>\n<meta name=\"twitter:creator\" content=\"@sunoresearch\" \/>\n<meta name=\"twitter:site\" content=\"@sunoresearch\" \/>\n<meta name=\"twitter:label1\" content=\"Escrito por\" \/>\n\t<meta name=\"twitter:data1\" content=\"Camila Paim\" \/>\n\t<meta name=\"twitter:label2\" content=\"Est. tempo de leitura\" \/>\n\t<meta name=\"twitter:data2\" content=\"3 minutos\" \/>\n<script type=\"application\/ld+json\" class=\"yoast-schema-graph\">{\"@context\":\"https:\/\/schema.org\",\"@graph\":[{\"@type\":\"NewsArticle\",\"@id\":\"https:\/\/www.suno.com.br\/noticias\/fusao-petz-petz3-cobasi-restricoes-cade-cpf\/#article\",\"isPartOf\":{\"@id\":\"https:\/\/www.suno.com.br\/noticias\/fusao-petz-petz3-cobasi-restricoes-cade-cpf\/\"},\"author\":{\"name\":\"Camila Paim\",\"@id\":\"https:\/\/www.suno.com.br\/noticias\/#\/schema\/person\/f341d3ae5d1cc685176c9a5327cdfdbb\"},\"headline\":\"Fus\u00e3o da Petz (PETZ3) e Cobasi deve ter restri\u00e7\u00f5es, avalia Cade inicialmente\",\"datePublished\":\"2024-04-21T14:00:00+00:00\",\"mainEntityOfPage\":{\"@id\":\"https:\/\/www.suno.com.br\/noticias\/fusao-petz-petz3-cobasi-restricoes-cade-cpf\/\"},\"wordCount\":550,\"publisher\":{\"@id\":\"https:\/\/www.suno.com.br\/noticias\/#organization\"},\"image\":{\"@id\":\"https:\/\/www.suno.com.br\/noticias\/fusao-petz-petz3-cobasi-restricoes-cade-cpf\/#primaryimage\"},\"thumbnailUrl\":\"https:\/\/files.sunoresearch.com.br\/n\/uploads\/2020\/12\/18a4f303-petz.jpg\",\"keywords\":[\"Ag\u00eancias\",\"CADE\",\"Cobasi\",\"fus\u00e3o\",\"Petz (PETZ3)\"],\"articleSection\":[\"Neg\u00f3cios\"],\"inLanguage\":\"pt-BR\"},{\"@type\":\"WebPage\",\"@id\":\"https:\/\/www.suno.com.br\/noticias\/fusao-petz-petz3-cobasi-restricoes-cade-cpf\/\",\"url\":\"https:\/\/www.suno.com.br\/noticias\/fusao-petz-petz3-cobasi-restricoes-cade-cpf\/\",\"name\":\"Fus\u00e3o da Petz (PETZ3) e Cobasi deve ter restri\u00e7\u00f5es, avalia Cade\",\"isPartOf\":{\"@id\":\"https:\/\/www.suno.com.br\/noticias\/#website\"},\"primaryImageOfPage\":{\"@id\":\"https:\/\/www.suno.com.br\/noticias\/fusao-petz-petz3-cobasi-restricoes-cade-cpf\/#primaryimage\"},\"image\":{\"@id\":\"https:\/\/www.suno.com.br\/noticias\/fusao-petz-petz3-cobasi-restricoes-cade-cpf\/#primaryimage\"},\"thumbnailUrl\":\"https:\/\/files.sunoresearch.com.br\/n\/uploads\/2020\/12\/18a4f303-petz.jpg\",\"datePublished\":\"2024-04-21T14:00:00+00:00\",\"description\":\"A fus\u00e3o das marcas de pets Petz (PETZ3) e Cobasi deve ter restri\u00e7\u00f5es antitruste do Cade. Entenda as nuances da fus\u00e3o Petz-Cobasi.\",\"breadcrumb\":{\"@id\":\"https:\/\/www.suno.com.br\/noticias\/fusao-petz-petz3-cobasi-restricoes-cade-cpf\/#breadcrumb\"},\"inLanguage\":\"pt-BR\",\"potentialAction\":[{\"@type\":\"ReadAction\",\"target\":[\"https:\/\/www.suno.com.br\/noticias\/fusao-petz-petz3-cobasi-restricoes-cade-cpf\/\"]}]},{\"@type\":\"ImageObject\",\"inLanguage\":\"pt-BR\",\"@id\":\"https:\/\/www.suno.com.br\/noticias\/fusao-petz-petz3-cobasi-restricoes-cade-cpf\/#primaryimage\",\"url\":\"https:\/\/files.sunoresearch.com.br\/n\/uploads\/2020\/12\/18a4f303-petz.jpg\",\"contentUrl\":\"https:\/\/files.sunoresearch.com.br\/n\/uploads\/2020\/12\/18a4f303-petz.jpg\",\"width\":1350,\"height\":900,\"caption\":\"Petz (PETZ3). Foto:divulga\u00e7\u00e3o.\"},{\"@type\":\"BreadcrumbList\",\"@id\":\"https:\/\/www.suno.com.br\/noticias\/fusao-petz-petz3-cobasi-restricoes-cade-cpf\/#breadcrumb\",\"itemListElement\":[{\"@type\":\"ListItem\",\"position\":1,\"name\":\"Not\u00edcias\",\"item\":\"https:\/\/www.suno.com.br\/noticias\/\"},{\"@type\":\"ListItem\",\"position\":2,\"name\":\"Neg\u00f3cios\",\"item\":\"https:\/\/www.suno.com.br\/noticias\/negocios\/\"},{\"@type\":\"ListItem\",\"position\":3,\"name\":\"Fus\u00e3o da Petz (PETZ3) e Cobasi deve ter restri\u00e7\u00f5es, avalia Cade inicialmente\"}]},{\"@type\":\"WebSite\",\"@id\":\"https:\/\/www.suno.com.br\/noticias\/#website\",\"url\":\"https:\/\/www.suno.com.br\/noticias\/\",\"name\":\"Suno Not\u00edcias\",\"description\":\"Seu portal de informa\u00e7\u00e3o sobre o mundo dos investimentos\",\"publisher\":{\"@id\":\"https:\/\/www.suno.com.br\/noticias\/#organization\"},\"potentialAction\":[{\"@type\":\"SearchAction\",\"target\":{\"@type\":\"EntryPoint\",\"urlTemplate\":\"https:\/\/www.suno.com.br\/noticias\/?s={search_term_string}\"},\"query-input\":{\"@type\":\"PropertyValueSpecification\",\"valueRequired\":true,\"valueName\":\"search_term_string\"}}],\"inLanguage\":\"pt-BR\"},{\"@type\":\"Organization\",\"@id\":\"https:\/\/www.suno.com.br\/noticias\/#organization\",\"name\":\"Suno Not\u00edcias\",\"url\":\"https:\/\/www.suno.com.br\/noticias\/\",\"logo\":{\"@type\":\"ImageObject\",\"inLanguage\":\"pt-BR\",\"@id\":\"https:\/\/www.suno.com.br\/noticias\/#\/schema\/logo\/image\/\",\"url\":\"https:\/\/files.sunoresearch.com.br\/n\/uploads\/2021\/09\/suno-logo.png\",\"contentUrl\":\"https:\/\/files.sunoresearch.com.br\/n\/uploads\/2021\/09\/suno-logo.png\",\"width\":180,\"height\":180,\"caption\":\"Suno Not\u00edcias\"},\"image\":{\"@id\":\"https:\/\/www.suno.com.br\/noticias\/#\/schema\/logo\/image\/\"},\"sameAs\":[\"https:\/\/facebook.com\/sunoresearch\",\"https:\/\/x.com\/sunoresearch\",\"https:\/\/www.instagram.com\/suno\",\"https:\/\/www.linkedin.com\/company\/suno-research\/\",\"https:\/\/www.youtube.com\/c\/sunoresearch\"]},{\"@type\":\"Person\",\"@id\":\"https:\/\/www.suno.com.br\/noticias\/#\/schema\/person\/f341d3ae5d1cc685176c9a5327cdfdbb\",\"name\":\"Camila Paim\",\"image\":{\"@type\":\"ImageObject\",\"inLanguage\":\"pt-BR\",\"@id\":\"https:\/\/www.suno.com.br\/noticias\/#\/schema\/person\/image\/\",\"url\":\"https:\/\/secure.gravatar.com\/avatar\/f33728e65febb1aa7ecf6792956f9b20?s=96&r=g\",\"contentUrl\":\"https:\/\/secure.gravatar.com\/avatar\/f33728e65febb1aa7ecf6792956f9b20?s=96&r=g\",\"caption\":\"Camila Paim\"},\"description\":\"Jornalista formada pela USP, tem experi\u00eancia em reda\u00e7\u00f5es, SEO, Branded Content e Webdesign. Com passagem pelo Jornal da USP, Empiricus e C6 Bank, hoje \u00e9 rep\u00f3rter no Suno Not\u00edcias cobrindo macroeconomia, finan\u00e7as pessoais e startups.\",\"url\":\"https:\/\/www.suno.com.br\/noticias\/author\/camila-figueiredosuno-com-br\/\"}]}<\/script>\n<!-- \/ Yoast SEO plugin. -->","yoast_head_json":{"title":"Fus\u00e3o da Petz (PETZ3) e Cobasi deve ter restri\u00e7\u00f5es, avalia Cade","description":"A fus\u00e3o das marcas de pets Petz (PETZ3) e Cobasi deve ter restri\u00e7\u00f5es antitruste do Cade. Entenda as nuances da fus\u00e3o Petz-Cobasi.","robots":{"index":"index","follow":"follow","max-snippet":"max-snippet:-1","max-image-preview":"max-image-preview:large","max-video-preview":"max-video-preview:-1"},"canonical":"https:\/\/www.suno.com.br\/noticias\/fusao-petz-petz3-cobasi-restricoes-cade-cpf\/","og_locale":"pt_BR","og_type":"article","og_title":"Fus\u00e3o da Petz (PETZ3) e Cobasi deve ter restri\u00e7\u00f5es, avalia Cade","og_description":"A fus\u00e3o das marcas de pets Petz (PETZ3) e Cobasi deve ter restri\u00e7\u00f5es antitruste do Cade. Entenda as nuances da fus\u00e3o Petz-Cobasi.","og_url":"https:\/\/www.suno.com.br\/noticias\/fusao-petz-petz3-cobasi-restricoes-cade-cpf\/","og_site_name":"Suno Not\u00edcias","article_publisher":"https:\/\/facebook.com\/sunoresearch","og_image":[{"width":1350,"height":900,"url":"http:\/\/files.sunoresearch.com.br\/n\/uploads\/2020\/12\/18a4f303-petz.jpg","type":"image\/jpeg"}],"author":"Camila Paim","twitter_card":"summary_large_image","twitter_creator":"@sunoresearch","twitter_site":"@sunoresearch","twitter_misc":{"Escrito por":"Camila Paim","Est. tempo de leitura":"3 minutos"},"schema":{"@context":"https:\/\/schema.org","@graph":[{"@type":"NewsArticle","@id":"https:\/\/www.suno.com.br\/noticias\/fusao-petz-petz3-cobasi-restricoes-cade-cpf\/#article","isPartOf":{"@id":"https:\/\/www.suno.com.br\/noticias\/fusao-petz-petz3-cobasi-restricoes-cade-cpf\/"},"author":{"name":"Camila Paim","@id":"https:\/\/www.suno.com.br\/noticias\/#\/schema\/person\/f341d3ae5d1cc685176c9a5327cdfdbb"},"headline":"Fus\u00e3o da Petz (PETZ3) e Cobasi deve ter restri\u00e7\u00f5es, avalia Cade inicialmente","datePublished":"2024-04-21T14:00:00+00:00","mainEntityOfPage":{"@id":"https:\/\/www.suno.com.br\/noticias\/fusao-petz-petz3-cobasi-restricoes-cade-cpf\/"},"wordCount":550,"publisher":{"@id":"https:\/\/www.suno.com.br\/noticias\/#organization"},"image":{"@id":"https:\/\/www.suno.com.br\/noticias\/fusao-petz-petz3-cobasi-restricoes-cade-cpf\/#primaryimage"},"thumbnailUrl":"https:\/\/files.sunoresearch.com.br\/n\/uploads\/2020\/12\/18a4f303-petz.jpg","keywords":["Ag\u00eancias","CADE","Cobasi","fus\u00e3o","Petz (PETZ3)"],"articleSection":["Neg\u00f3cios"],"inLanguage":"pt-BR"},{"@type":"WebPage","@id":"https:\/\/www.suno.com.br\/noticias\/fusao-petz-petz3-cobasi-restricoes-cade-cpf\/","url":"https:\/\/www.suno.com.br\/noticias\/fusao-petz-petz3-cobasi-restricoes-cade-cpf\/","name":"Fus\u00e3o da Petz (PETZ3) e Cobasi deve ter restri\u00e7\u00f5es, avalia Cade","isPartOf":{"@id":"https:\/\/www.suno.com.br\/noticias\/#website"},"primaryImageOfPage":{"@id":"https:\/\/www.suno.com.br\/noticias\/fusao-petz-petz3-cobasi-restricoes-cade-cpf\/#primaryimage"},"image":{"@id":"https:\/\/www.suno.com.br\/noticias\/fusao-petz-petz3-cobasi-restricoes-cade-cpf\/#primaryimage"},"thumbnailUrl":"https:\/\/files.sunoresearch.com.br\/n\/uploads\/2020\/12\/18a4f303-petz.jpg","datePublished":"2024-04-21T14:00:00+00:00","description":"A fus\u00e3o das marcas de pets Petz (PETZ3) e Cobasi deve ter restri\u00e7\u00f5es antitruste do Cade. Entenda as nuances da fus\u00e3o Petz-Cobasi.","breadcrumb":{"@id":"https:\/\/www.suno.com.br\/noticias\/fusao-petz-petz3-cobasi-restricoes-cade-cpf\/#breadcrumb"},"inLanguage":"pt-BR","potentialAction":[{"@type":"ReadAction","target":["https:\/\/www.suno.com.br\/noticias\/fusao-petz-petz3-cobasi-restricoes-cade-cpf\/"]}]},{"@type":"ImageObject","inLanguage":"pt-BR","@id":"https:\/\/www.suno.com.br\/noticias\/fusao-petz-petz3-cobasi-restricoes-cade-cpf\/#primaryimage","url":"https:\/\/files.sunoresearch.com.br\/n\/uploads\/2020\/12\/18a4f303-petz.jpg","contentUrl":"https:\/\/files.sunoresearch.com.br\/n\/uploads\/2020\/12\/18a4f303-petz.jpg","width":1350,"height":900,"caption":"Petz (PETZ3). Foto:divulga\u00e7\u00e3o."},{"@type":"BreadcrumbList","@id":"https:\/\/www.suno.com.br\/noticias\/fusao-petz-petz3-cobasi-restricoes-cade-cpf\/#breadcrumb","itemListElement":[{"@type":"ListItem","position":1,"name":"Not\u00edcias","item":"https:\/\/www.suno.com.br\/noticias\/"},{"@type":"ListItem","position":2,"name":"Neg\u00f3cios","item":"https:\/\/www.suno.com.br\/noticias\/negocios\/"},{"@type":"ListItem","position":3,"name":"Fus\u00e3o da Petz (PETZ3) e Cobasi deve ter restri\u00e7\u00f5es, avalia Cade inicialmente"}]},{"@type":"WebSite","@id":"https:\/\/www.suno.com.br\/noticias\/#website","url":"https:\/\/www.suno.com.br\/noticias\/","name":"Suno Not\u00edcias","description":"Seu portal de informa\u00e7\u00e3o sobre o mundo dos investimentos","publisher":{"@id":"https:\/\/www.suno.com.br\/noticias\/#organization"},"potentialAction":[{"@type":"SearchAction","target":{"@type":"EntryPoint","urlTemplate":"https:\/\/www.suno.com.br\/noticias\/?s={search_term_string}"},"query-input":{"@type":"PropertyValueSpecification","valueRequired":true,"valueName":"search_term_string"}}],"inLanguage":"pt-BR"},{"@type":"Organization","@id":"https:\/\/www.suno.com.br\/noticias\/#organization","name":"Suno Not\u00edcias","url":"https:\/\/www.suno.com.br\/noticias\/","logo":{"@type":"ImageObject","inLanguage":"pt-BR","@id":"https:\/\/www.suno.com.br\/noticias\/#\/schema\/logo\/image\/","url":"https:\/\/files.sunoresearch.com.br\/n\/uploads\/2021\/09\/suno-logo.png","contentUrl":"https:\/\/files.sunoresearch.com.br\/n\/uploads\/2021\/09\/suno-logo.png","width":180,"height":180,"caption":"Suno Not\u00edcias"},"image":{"@id":"https:\/\/www.suno.com.br\/noticias\/#\/schema\/logo\/image\/"},"sameAs":["https:\/\/facebook.com\/sunoresearch","https:\/\/x.com\/sunoresearch","https:\/\/www.instagram.com\/suno","https:\/\/www.linkedin.com\/company\/suno-research\/","https:\/\/www.youtube.com\/c\/sunoresearch"]},{"@type":"Person","@id":"https:\/\/www.suno.com.br\/noticias\/#\/schema\/person\/f341d3ae5d1cc685176c9a5327cdfdbb","name":"Camila Paim","image":{"@type":"ImageObject","inLanguage":"pt-BR","@id":"https:\/\/www.suno.com.br\/noticias\/#\/schema\/person\/image\/","url":"https:\/\/secure.gravatar.com\/avatar\/f33728e65febb1aa7ecf6792956f9b20?s=96&r=g","contentUrl":"https:\/\/secure.gravatar.com\/avatar\/f33728e65febb1aa7ecf6792956f9b20?s=96&r=g","caption":"Camila Paim"},"description":"Jornalista formada pela USP, tem experi\u00eancia em reda\u00e7\u00f5es, SEO, Branded Content e Webdesign. Com passagem pelo Jornal da USP, Empiricus e C6 Bank, hoje \u00e9 rep\u00f3rter no Suno Not\u00edcias cobrindo macroeconomia, finan\u00e7as pessoais e startups.","url":"https:\/\/www.suno.com.br\/noticias\/author\/camila-figueiredosuno-com-br\/"}]}},"default_loop_html":"<div class=\"cardsPage__listCard__boxs\"><div class=\"cardsPage__listCard__boxs__img\"><a href=\"https:\/\/www.suno.com.br\/noticias\/fusao-petz-petz3-cobasi-restricoes-cade-cpf\/\"><img class=\"mask\" src=\"https:\/\/www.suno.com.br\/noticias\/wp-content\/themes\/suno\/resources\/images\/spotlight\/spotlight1img\/bg-mask.png\" alt=\"Image Mask\"\/><img src=\"https:\/\/files.sunoresearch.com.br\/n\/uploads\/2020\/12\/18a4f303-petz-400x200.webp\" alt=\"Fus\u00e3o da Petz (PETZ3) e Cobasi deve ter restri\u00e7\u00f5es, avalia Cade inicialmente\"\/><\/a><span class=\"spotlightCategory\"><a href=\"https:\/\/www.suno.com.br\/noticias\/negocios\/\">Neg\u00f3cios<\/a><\/span><\/div><div class=\"cardsPage__listCard__boxs__content\"><a href=\"https:\/\/www.suno.com.br\/noticias\/fusao-petz-petz3-cobasi-restricoes-cade-cpf\/\"><h2 class=\"content__title\">Fus\u00e3o da Petz (PETZ3) e Cobasi deve ter restri\u00e7\u00f5es, avalia Cade inicialmente<\/h2><\/a><div class=\"newsContent__article__meta\"><div class=\"newsContent__article__meta__authorBox\"><a href=\"https:\/\/www.suno.com.br\/noticias\/author\/ms-jasmineolgagmail-com\/\" class=\"authorBox__avatar noMobi\"><img src=\"https:\/\/files.sunoresearch.com.br\/n\/uploads\/2024\/04\/WhatsApp-Image-2024-04-19-at-17.33.55-150x150.jpeg\" alt=\"Jasmine Olga\"><\/a><div class=\"authorBox__name\"><span>por\n\t\t\t<a href=\"https:\/\/www.suno.com.br\/noticias\/author\/ms-jasmineolgagmail-com\/\"><span itemprop=\"author\">Jasmine Olga<\/span><\/a><\/span><time datetime=\"2024-04-21T11:00:00-03:00\" itemprop=\"datePublished\">21\/04\/2024 11:00<\/time><\/div><\/div><\/div><\/div><\/div>","single_layout":"posts","amp_enabled":true,"_links":{"self":[{"href":"https:\/\/www.suno.com.br\/noticias\/wp-json\/wp\/v2\/posts\/546163"}],"collection":[{"href":"https:\/\/www.suno.com.br\/noticias\/wp-json\/wp\/v2\/posts"}],"about":[{"href":"https:\/\/www.suno.com.br\/noticias\/wp-json\/wp\/v2\/types\/post"}],"author":[{"embeddable":true,"href":"https:\/\/www.suno.com.br\/noticias\/wp-json\/wp\/v2\/users\/283"}],"replies":[{"embeddable":true,"href":"https:\/\/www.suno.com.br\/noticias\/wp-json\/wp\/v2\/comments?post=546163"}],"version-history":[{"count":3,"href":"https:\/\/www.suno.com.br\/noticias\/wp-json\/wp\/v2\/posts\/546163\/revisions"}],"predecessor-version":[{"id":546181,"href":"https:\/\/www.suno.com.br\/noticias\/wp-json\/wp\/v2\/posts\/546163\/revisions\/546181"}],"wp:featuredmedia":[{"embeddable":true,"href":"https:\/\/www.suno.com.br\/noticias\/wp-json\/wp\/v2\/media\/109267"}],"wp:attachment":[{"href":"https:\/\/www.suno.com.br\/noticias\/wp-json\/wp\/v2\/media?parent=546163"}],"wp:term":[{"taxonomy":"category","embeddable":true,"href":"https:\/\/www.suno.com.br\/noticias\/wp-json\/wp\/v2\/categories?post=546163"},{"taxonomy":"post_tag","embeddable":true,"href":"https:\/\/www.suno.com.br\/noticias\/wp-json\/wp\/v2\/tags?post=546163"},{"taxonomy":"suno_strategy","embeddable":true,"href":"https:\/\/www.suno.com.br\/noticias\/wp-json\/wp\/v2\/suno_strategy?post=546163"}],"curies":[{"name":"wp","href":"https:\/\/api.w.org\/{rel}","templated":true}]}}