{"id":546161,"date":"2024-04-21T11:45:00","date_gmt":"2024-04-21T14:45:00","guid":{"rendered":"https:\/\/www.suno.com.br\/noticias\/?p=546161"},"modified":"2024-04-21T11:07:21","modified_gmt":"2024-04-21T14:07:21","slug":"inflacao-voltar-subir-analistas-ipca-cpf","status":"publish","type":"post","link":"https:\/\/www.suno.com.br\/noticias\/inflacao-voltar-subir-analistas-ipca-cpf\/","title":{"rendered":"Infla\u00e7\u00e3o pode voltar a subir em 2025, revertendo expectativas iniciais para o IPCA; entenda"},"content":{"rendered":"<p>Revertendo as proje\u00e7\u00f5es iniciais, a <strong>infla\u00e7\u00e3o<\/strong> na virada de 2024 para 2025 poder\u00e1 tomar um novo rumo. Enquanto que as an\u00e1lises de economistas do mercado ainda predominam com uma vis\u00e3o mais otimista para o IPCA, fatores globais ainda podem mudar isso. <\/p>\t<div class=\"wrapper-featured-image\">\n\t\t<figure class=\"spotlightImg\">\n\n\t\t\t<picture>\n\t\t\t\t<source media=\"(max-width: 768px)\" srcset=\"https:\/\/files.sunoresearch.com.br\/n\/uploads\/2024\/02\/iStock-1487850283-400x200.jpg\">\n\t\t\t\t<img loading=\"lazy\" decoding=\"async\" class=\"newsContent__article__imgCapa lazyloadDisabled \" src=\"https:\/\/files.sunoresearch.com.br\/n\/uploads\/2024\/02\/iStock-1487850283-800x450.jpg\" width=\"800\" height=\"450\" alt=\"Infla\u00e7\u00e3o pode voltar a subir em 2025, revertendo expectativas iniciais para o IPCA; entenda\" fetchpriority=high \/>\n\t\t\t<\/picture>\n\n\t\t\t<figcaption class=\"wp-caption-text wp-caption-text--show\">Infla\u00e7\u00e3o IPCA. Foto: iStock.<\/figcaption>\n\t\t<\/figure>\n\t<\/div>\n\n\n\n\n\n\n\n\t<p>\n\t\t<a href=\"\" target=\"_blank\" data-element=\"shortcode-suno-banner\" title=\"Banner SUNO, clique e saiba mais\">\n\t\t\t<picture>\n\t\t\t\t<source media=\"(max-width: 500px)\" srcset=\"\">\n\t\t\t\t<img class=\"newsContent__article__imgCapa newsContent__article__imgCapa--banner\"\n\t\t\t\t\tsrc=\"\"\n\t\t\t\t\tdata-promo-id=\"240038\"\t\t\t\t\t\t\t\t\t\t\t\t\t\t\talt=\"\"\n\t\t\t\t>\n\t\t\t<\/picture>\n\t\t<\/a>\n\t<\/p>\n\n\n\n\n\n<p>Esta mudan\u00e7a de perspectiva acontece principalmente baseada em uma combina\u00e7\u00e3o de fatores: rigidez da<strong> infla\u00e7\u00e3o de servi\u00e7os,<\/strong> <strong>d\u00f3lar <\/strong>mais alto por incerteza com os juros dos Estados Unidos e chance de press\u00e3o em alimentos.<\/p>\n\n\n\n<p>Analistas ouvidos pelo Broadcast mencionam os servi\u00e7os como primeiro ponto de preocupa\u00e7\u00e3o. Na avalia\u00e7\u00e3o deles, tudo indica que a infla\u00e7\u00e3o deste grupo deve se estabilizar em n\u00edvel alto, acima de 4% no acumulado de 12 meses, um ponto porcentual acima do centro da meta. <\/p>\n\n\n\n<p>Isso embute a necessidade de que os outros componentes ficassem abaixo de 3% para que a infla\u00e7\u00e3o pudesse convergir ao alvo.<\/p>\n\n\n\n<h2 class=\"wp-block-heading\">Taxas modestas parecem uma perspectiva improv\u00e1vel<\/h2>\n\n\n\n<p>De um lado, pesa contra esse cen\u00e1rio a expectativa de aumento da<strong> infla\u00e7\u00e3o de alimentos<\/strong> no ano que vem, em decorr\u00eancia de um d\u00f3lar mais caro e da mudan\u00e7a do ciclo da pecu\u00e1ria, que vem garantindo pre\u00e7os mais baixos de carne. <\/p>\n\n\n\n<p>Do outro, economistas esperam aumento dos <a class=\"suno-keyword\" target=\"_blank\" data-force=\"no\" data-priority=\"1\" href=\"https:\/\/www.suno.com.br\/artigos\/precos-administrados\/\" rel=\"noopener\">pre\u00e7os administrados<\/a>, sobretudo com eventuais impactos do fen\u00f4meno La Ni\u00f1a na energia el\u00e9trica.<\/p>\n\n\n\n<p>O economista-chefe do PicPay, Marco Caruso, j\u00e1 tem no cen\u00e1rio-base uma acelera\u00e7\u00e3o da <strong>infla\u00e7\u00e3o entre 2024 e 2025<\/strong>, de 3,6% para 4,2% &#8211; pouco abaixo do teto da meta, de 4,5%. <\/p>\n\n\n\n<p>Para Caruso, o crescimento expressivo esperado para o Produto Interno Bruto (PIB) nos dois anos &#8211; de 2,1% e 2%, respectivamente &#8211; sugere pouco espa\u00e7o para al\u00edvio nos servi\u00e7os, devido \u00e0 percep\u00e7\u00e3o de que o emprego e os reajustes salariais podem continuar em ritmo forte.<\/p>\n\n\n\n<p>Dois outros fatores complementam esse quadro: a percep\u00e7\u00e3o de que o governo ter\u00e1 d\u00e9ficits prim\u00e1rios recorrentes (isto \u00e9, desconsiderando fatores at\u00edpicos) em torno de 1% do <strong>PIB<\/strong>, o que deve impulsionar o consumo e a pr\u00f3pria trajet\u00f3ria de queda da<strong> <a class=\"suno-keyword\" data-force=\"no\" data-priority=\"3\" href=\"https:\/\/www.suno.com.br\/artigos\/taxa-selic\/\" target=\"_blank\" rel=\"noopener\">taxa Selic<\/a>. <\/strong><\/p>\n\n\n\n<blockquote class=\"wp-block-quote is-layout-flow wp-block-quote-is-layout-flow\">\n<p>&#8220;Hoje, ainda sofremos parte da alta dos juros. Quanto mais andarmos no tempo, mais o efeito do juro mais baixo vai pegar na economia, o que sugere diminuir a press\u00e3o baixista nos itens mais sens\u00edveis a juros&#8221;, afirma.<\/p>\n<\/blockquote>\n\n\n\n<p>Na mesma linha, o economista da LCA Consultores F\u00e1bio Rom\u00e3o diz que a robustez do mercado de trabalho n\u00e3o sinaliza espa\u00e7o para um al\u00edvio da <strong>infla\u00e7\u00e3o dos servi\u00e7os <\/strong>que ajude na converg\u00eancia. Ele espera que o <strong>IPCA<\/strong> fique em 3,7% este ano e acelere a 3,8% no pr\u00f3ximo, considerando uma taxa virtualmente igual, de 4,3%, para o grupo.<\/p>\n\n\n\n<p>&#8220;\u00c9 natural, olhando para qualquer \u00edndice de pre\u00e7os no mundo, os servi\u00e7os ficarem um pouco acima do &#8216;headline&#8217; de infla\u00e7\u00e3o, porque eles t\u00eam uma caracter\u00edstica n\u00e3o-comercializ\u00e1vel. Mas 4,3% contra um &#8216;headline&#8217; de 3% come\u00e7a a ter um diferencial j\u00e1 relevante&#8221;, explica o analista.<\/p>\n\n\n\t<p>\n\t\t<a href=\"https:\/\/lp.suno.com.br\/ebook-gratuito-investindo-no-exterior\/\" target=\"_blank\" data-element=\"shortcode-suno-banner\" title=\"Banner SUNO, clique e saiba mais\">\n\t\t\t<picture>\n\t\t\t\t<source media=\"(max-width: 500px)\" srcset=\"https:\/\/files.sunoresearch.com.br\/n\/uploads\/2023\/03\/400x300-Investindo-no-exterior.png\">\n\t\t\t\t<img class=\"newsContent__article__imgCapa newsContent__article__imgCapa--banner\"\n\t\t\t\t\tsrc=\"https:\/\/files.sunoresearch.com.br\/n\/uploads\/2023\/03\/1420x240-Investindo-no-exterior.png\"\n\t\t\t\t\tdata-promo-id=\"383161\"\t\t\t\t\t\t\t\t\t\twidth='1420' height='240'\t\t\t\t\talt=\"https:\/\/files.sunoresearch.com.br\/n\/uploads\/2023\/03\/1420x240-Investindo-no-exterior.png\"\n\t\t\t\t>\n\t\t\t<\/picture>\n\t\t<\/a>\n\t<\/p>\n\n\n\n\n\n<h2 class=\"wp-block-heading\">Mais press\u00f5es na infla\u00e7\u00e3o<\/h2>\n\n\n\n<p>Sem a possibilidade de al\u00edvio da infla\u00e7\u00e3o de servi\u00e7os, outros fatores podem empurrar a infla\u00e7\u00e3o para cima. Rom\u00e3o tem no cen\u00e1rio-base uma acelera\u00e7\u00e3o da infla\u00e7\u00e3o de alimentos, de 3,8% para 4,5%, considerando inclusive o impacto mais fraco do que o esperado do El Ni\u00f1o nos pre\u00e7os do grupo este ano.<\/p>\n\n\n\n<p>Caruso, do PicPay, d\u00e1 destaque \u00e0 expectativa de acelera\u00e7\u00e3o dos pre\u00e7os de alimentos, conduzida basicamente pela desvaloriza\u00e7\u00e3o do real em rela\u00e7\u00e3o ao d\u00f3lar e pela virada do ciclo da pecu\u00e1ria, que deve resultar em pre\u00e7os mais salgados no ano que vem. &#8220;O ciclo da pecu\u00e1ria tem ajudado muito o pre\u00e7o de carnes a estar baixo. Tem-se abatido muita f\u00eamea, o que aumenta a oferta e diminui os pre\u00e7os das prote\u00ednas, e esse ciclo come\u00e7a a virar este ano&#8221;, explica.<\/p>\n\n\n\n<p>Outro foco de press\u00e3o nos cen\u00e1rios fica na energia el\u00e9trica, que deve ser beneficiada este ano pela medida provis\u00f3ria (MP) editada pelo governo para reduzir os <strong>pre\u00e7os das contas de lu<\/strong>z. A estrategista de infla\u00e7\u00e3o da Warren Investimentos, Andr\u00e9a Angelo, lembra que esse efeito n\u00e3o vai contribuir com a <strong>infla\u00e7\u00e3o de 2025<\/strong>, que ainda pode ficar pressionada com o impacto do efeito clim\u00e1tico La Ni\u00f1a nos pre\u00e7os do setor.<\/p>\n\n\n\n<p>&#8220;Os problemas de chuva e de La Ni\u00f1a s\u00e3o ruins, podem mudar a bandeira e s\u00e3o outra press\u00e3o para 2025&#8221;, diz a analista, que tem no cen\u00e1rio IPCA de 3,85% este ano e de 3,8% no pr\u00f3ximo. &#8220;Al\u00e9m disso, este ano \u00e9 eleitoral e ningu\u00e9m est\u00e1 aumentando pre\u00e7o de \u00f4nibus, mas ano que vem, quando n\u00e3o tem essas amarras, podemos ter uma recomposi\u00e7\u00e3o desses pre\u00e7os.&#8221;<\/p>\n\n\n\n<p>Pela mesma raz\u00e3o, Caruso espera que os pre\u00e7os administrados terminem este ano pr\u00f3ximos de 3,5% e avancem a um n\u00edvel mais pr\u00f3ximo de 5% em 2025. <\/p>\n\n\n\n<p>&#8220;Em anos eleitorais, voc\u00ea tende a postergar not\u00edcias ruins de reajustes, que tipicamente entram nos administrados. Essa \u00e9 uma sazonalidade anual dos administrados. E ainda tem essa d\u00favida, que \u00e9 a energia el\u00e9trica&#8221;, afirma Caruso sobre a <strong>infla\u00e7\u00e3o<\/strong>.<\/p>\n\n\n\n<p><em>Com informa\u00e7\u00f5es de Estad\u00e3o Conte\u00fado.<\/em><\/p>\n\n\n\t<p>\n\t\t<a href=\"https:\/\/lp.suno.com.br\/planilha-da-vida-financeira\/\" target=\"_blank\" data-element=\"shortcode-suno-banner\" title=\"Banner SUNO, clique e saiba mais\">\n\t\t\t<picture>\n\t\t\t\t<source media=\"(max-width: 500px)\" srcset=\"https:\/\/files.sunoresearch.com.br\/n\/uploads\/2023\/04\/400x300-Planilha-vida-financeira-true.png\">\n\t\t\t\t<img class=\"newsContent__article__imgCapa newsContent__article__imgCapa--banner\"\n\t\t\t\t\tsrc=\"https:\/\/files.sunoresearch.com.br\/n\/uploads\/2023\/04\/1420x240-Planilha-vida-financeira-true.png\"\n\t\t\t\t\tdata-promo-id=\"383123\"\t\t\t\t\t\t\t\t\t\twidth='1420' height='240'\t\t\t\t\talt=\"https:\/\/files.sunoresearch.com.br\/n\/uploads\/2023\/04\/1420x240-Planilha-vida-financeira-true.png\"\n\t\t\t\t>\n\t\t\t<\/picture>\n\t\t<\/a>\n\t<\/p>\n\n\n","protected":false},"excerpt":{"rendered":"<p>Revertendo as proje\u00e7\u00f5es iniciais, a infla\u00e7\u00e3o na virada de 2024 para 2025 poder\u00e1 tomar um novo rumo. Enquanto que as an\u00e1lises de economistas do mercado ainda predominam com uma vis\u00e3o mais otimista para o IPCA, fatores globais ainda podem mudar isso. Infla\u00e7\u00e3o IPCA. Foto: iStock. Esta mudan\u00e7a de perspectiva acontece principalmente baseada em uma combina\u00e7\u00e3o [&hellip;]<\/p>\n","protected":false},"author":283,"featured_media":527031,"comment_status":"closed","ping_status":"closed","sticky":false,"template":"","format":"standard","meta":[],"categories":[62],"tags":[850,966,2499],"suno_strategy":[],"class_list":["post-546161","post","type-post","status-publish","format-standard","has-post-thumbnail","hentry","category-economia","tag-inflacao","tag-ipca","tag-picpay"],"yoast_head":"<!-- This site is optimized with the Yoast SEO plugin v24.4 - https:\/\/yoast.com\/wordpress\/plugins\/seo\/ -->\n<title>Infla\u00e7\u00e3o pode voltar a subir em 2025, dizem analistas sobre IPCA<\/title>\n<meta name=\"description\" content=\"Revertendo as proje\u00e7\u00f5es iniciais, a infla\u00e7\u00e3o na virada de 2024 para 2025 poder\u00e1 tomar um novo rumo. Veja a opini\u00e3o de especialistas.\" \/>\n<meta name=\"robots\" content=\"index, follow, max-snippet:-1, max-image-preview:large, max-video-preview:-1\" \/>\n<link rel=\"canonical\" href=\"https:\/\/www.suno.com.br\/noticias\/inflacao-voltar-subir-analistas-ipca-cpf\/\" \/>\n<meta property=\"og:locale\" content=\"pt_BR\" \/>\n<meta property=\"og:type\" content=\"article\" \/>\n<meta property=\"og:title\" content=\"Infla\u00e7\u00e3o pode voltar a subir em 2025, dizem analistas sobre IPCA\" \/>\n<meta property=\"og:description\" content=\"Revertendo as proje\u00e7\u00f5es iniciais, a infla\u00e7\u00e3o na virada de 2024 para 2025 poder\u00e1 tomar um novo rumo. Veja a opini\u00e3o de especialistas.\" \/>\n<meta property=\"og:url\" content=\"https:\/\/www.suno.com.br\/noticias\/inflacao-voltar-subir-analistas-ipca-cpf\/\" \/>\n<meta property=\"og:site_name\" content=\"Suno Not\u00edcias\" \/>\n<meta property=\"article:publisher\" content=\"https:\/\/facebook.com\/sunoresearch\" \/>\n<meta property=\"og:image\" content=\"http:\/\/files.sunoresearch.com.br\/n\/uploads\/2024\/02\/iStock-1487850283.jpg\" \/>\n\t<meta property=\"og:image:width\" content=\"1272\" \/>\n\t<meta property=\"og:image:height\" content=\"825\" \/>\n\t<meta property=\"og:image:type\" content=\"image\/jpeg\" \/>\n<meta name=\"author\" content=\"Camila Paim\" \/>\n<meta name=\"twitter:card\" content=\"summary_large_image\" \/>\n<meta name=\"twitter:creator\" content=\"@sunoresearch\" \/>\n<meta name=\"twitter:site\" content=\"@sunoresearch\" \/>\n<meta name=\"twitter:label1\" content=\"Escrito por\" \/>\n\t<meta name=\"twitter:data1\" content=\"Camila Paim\" \/>\n\t<meta name=\"twitter:label2\" content=\"Est. tempo de leitura\" \/>\n\t<meta name=\"twitter:data2\" content=\"5 minutos\" \/>\n<script type=\"application\/ld+json\" class=\"yoast-schema-graph\">{\"@context\":\"https:\/\/schema.org\",\"@graph\":[{\"@type\":\"NewsArticle\",\"@id\":\"https:\/\/www.suno.com.br\/noticias\/inflacao-voltar-subir-analistas-ipca-cpf\/#article\",\"isPartOf\":{\"@id\":\"https:\/\/www.suno.com.br\/noticias\/inflacao-voltar-subir-analistas-ipca-cpf\/\"},\"author\":{\"name\":\"Camila Paim\",\"@id\":\"https:\/\/www.suno.com.br\/noticias\/#\/schema\/person\/f341d3ae5d1cc685176c9a5327cdfdbb\"},\"headline\":\"Infla\u00e7\u00e3o pode voltar a subir em 2025, revertendo expectativas iniciais para o IPCA; entenda\",\"datePublished\":\"2024-04-21T14:45:00+00:00\",\"mainEntityOfPage\":{\"@id\":\"https:\/\/www.suno.com.br\/noticias\/inflacao-voltar-subir-analistas-ipca-cpf\/\"},\"wordCount\":909,\"publisher\":{\"@id\":\"https:\/\/www.suno.com.br\/noticias\/#organization\"},\"image\":{\"@id\":\"https:\/\/www.suno.com.br\/noticias\/inflacao-voltar-subir-analistas-ipca-cpf\/#primaryimage\"},\"thumbnailUrl\":\"https:\/\/files.sunoresearch.com.br\/n\/uploads\/2024\/02\/iStock-1487850283.jpg\",\"keywords\":[\"infla\u00e7\u00e3o\",\"IPCA\",\"PicPay\"],\"articleSection\":[\"Economia\"],\"inLanguage\":\"pt-BR\"},{\"@type\":\"WebPage\",\"@id\":\"https:\/\/www.suno.com.br\/noticias\/inflacao-voltar-subir-analistas-ipca-cpf\/\",\"url\":\"https:\/\/www.suno.com.br\/noticias\/inflacao-voltar-subir-analistas-ipca-cpf\/\",\"name\":\"Infla\u00e7\u00e3o pode voltar a subir em 2025, dizem analistas sobre IPCA\",\"isPartOf\":{\"@id\":\"https:\/\/www.suno.com.br\/noticias\/#website\"},\"primaryImageOfPage\":{\"@id\":\"https:\/\/www.suno.com.br\/noticias\/inflacao-voltar-subir-analistas-ipca-cpf\/#primaryimage\"},\"image\":{\"@id\":\"https:\/\/www.suno.com.br\/noticias\/inflacao-voltar-subir-analistas-ipca-cpf\/#primaryimage\"},\"thumbnailUrl\":\"https:\/\/files.sunoresearch.com.br\/n\/uploads\/2024\/02\/iStock-1487850283.jpg\",\"datePublished\":\"2024-04-21T14:45:00+00:00\",\"description\":\"Revertendo as proje\u00e7\u00f5es iniciais, a infla\u00e7\u00e3o na virada de 2024 para 2025 poder\u00e1 tomar um novo rumo. Veja a opini\u00e3o de especialistas.\",\"breadcrumb\":{\"@id\":\"https:\/\/www.suno.com.br\/noticias\/inflacao-voltar-subir-analistas-ipca-cpf\/#breadcrumb\"},\"inLanguage\":\"pt-BR\",\"potentialAction\":[{\"@type\":\"ReadAction\",\"target\":[\"https:\/\/www.suno.com.br\/noticias\/inflacao-voltar-subir-analistas-ipca-cpf\/\"]}]},{\"@type\":\"ImageObject\",\"inLanguage\":\"pt-BR\",\"@id\":\"https:\/\/www.suno.com.br\/noticias\/inflacao-voltar-subir-analistas-ipca-cpf\/#primaryimage\",\"url\":\"https:\/\/files.sunoresearch.com.br\/n\/uploads\/2024\/02\/iStock-1487850283.jpg\",\"contentUrl\":\"https:\/\/files.sunoresearch.com.br\/n\/uploads\/2024\/02\/iStock-1487850283.jpg\",\"width\":1272,\"height\":825,\"caption\":\"Infla\u00e7\u00e3o IPCA. Foto: iStock.\"},{\"@type\":\"BreadcrumbList\",\"@id\":\"https:\/\/www.suno.com.br\/noticias\/inflacao-voltar-subir-analistas-ipca-cpf\/#breadcrumb\",\"itemListElement\":[{\"@type\":\"ListItem\",\"position\":1,\"name\":\"Not\u00edcias\",\"item\":\"https:\/\/www.suno.com.br\/noticias\/\"},{\"@type\":\"ListItem\",\"position\":2,\"name\":\"Economia\",\"item\":\"https:\/\/www.suno.com.br\/noticias\/economia\/\"},{\"@type\":\"ListItem\",\"position\":3,\"name\":\"Infla\u00e7\u00e3o pode voltar a subir em 2025, revertendo expectativas iniciais para o IPCA; entenda\"}]},{\"@type\":\"WebSite\",\"@id\":\"https:\/\/www.suno.com.br\/noticias\/#website\",\"url\":\"https:\/\/www.suno.com.br\/noticias\/\",\"name\":\"Suno Not\u00edcias\",\"description\":\"Seu portal de informa\u00e7\u00e3o sobre o mundo dos investimentos\",\"publisher\":{\"@id\":\"https:\/\/www.suno.com.br\/noticias\/#organization\"},\"potentialAction\":[{\"@type\":\"SearchAction\",\"target\":{\"@type\":\"EntryPoint\",\"urlTemplate\":\"https:\/\/www.suno.com.br\/noticias\/?s={search_term_string}\"},\"query-input\":{\"@type\":\"PropertyValueSpecification\",\"valueRequired\":true,\"valueName\":\"search_term_string\"}}],\"inLanguage\":\"pt-BR\"},{\"@type\":\"Organization\",\"@id\":\"https:\/\/www.suno.com.br\/noticias\/#organization\",\"name\":\"Suno Not\u00edcias\",\"url\":\"https:\/\/www.suno.com.br\/noticias\/\",\"logo\":{\"@type\":\"ImageObject\",\"inLanguage\":\"pt-BR\",\"@id\":\"https:\/\/www.suno.com.br\/noticias\/#\/schema\/logo\/image\/\",\"url\":\"https:\/\/files.sunoresearch.com.br\/n\/uploads\/2021\/09\/suno-logo.png\",\"contentUrl\":\"https:\/\/files.sunoresearch.com.br\/n\/uploads\/2021\/09\/suno-logo.png\",\"width\":180,\"height\":180,\"caption\":\"Suno Not\u00edcias\"},\"image\":{\"@id\":\"https:\/\/www.suno.com.br\/noticias\/#\/schema\/logo\/image\/\"},\"sameAs\":[\"https:\/\/facebook.com\/sunoresearch\",\"https:\/\/x.com\/sunoresearch\",\"https:\/\/www.instagram.com\/suno\",\"https:\/\/www.linkedin.com\/company\/suno-research\/\",\"https:\/\/www.youtube.com\/c\/sunoresearch\"]},{\"@type\":\"Person\",\"@id\":\"https:\/\/www.suno.com.br\/noticias\/#\/schema\/person\/f341d3ae5d1cc685176c9a5327cdfdbb\",\"name\":\"Camila Paim\",\"image\":{\"@type\":\"ImageObject\",\"inLanguage\":\"pt-BR\",\"@id\":\"https:\/\/www.suno.com.br\/noticias\/#\/schema\/person\/image\/\",\"url\":\"https:\/\/secure.gravatar.com\/avatar\/f33728e65febb1aa7ecf6792956f9b20?s=96&r=g\",\"contentUrl\":\"https:\/\/secure.gravatar.com\/avatar\/f33728e65febb1aa7ecf6792956f9b20?s=96&r=g\",\"caption\":\"Camila Paim\"},\"description\":\"Jornalista formada pela USP, tem experi\u00eancia em reda\u00e7\u00f5es, SEO, Branded Content e Webdesign. Com passagem pelo Jornal da USP, Empiricus e C6 Bank, hoje \u00e9 rep\u00f3rter no Suno Not\u00edcias cobrindo macroeconomia, finan\u00e7as pessoais e startups.\",\"url\":\"https:\/\/www.suno.com.br\/noticias\/author\/camila-figueiredosuno-com-br\/\"}]}<\/script>\n<!-- \/ Yoast SEO plugin. -->","yoast_head_json":{"title":"Infla\u00e7\u00e3o pode voltar a subir em 2025, dizem analistas sobre IPCA","description":"Revertendo as proje\u00e7\u00f5es iniciais, a infla\u00e7\u00e3o na virada de 2024 para 2025 poder\u00e1 tomar um novo rumo. Veja a opini\u00e3o de especialistas.","robots":{"index":"index","follow":"follow","max-snippet":"max-snippet:-1","max-image-preview":"max-image-preview:large","max-video-preview":"max-video-preview:-1"},"canonical":"https:\/\/www.suno.com.br\/noticias\/inflacao-voltar-subir-analistas-ipca-cpf\/","og_locale":"pt_BR","og_type":"article","og_title":"Infla\u00e7\u00e3o pode voltar a subir em 2025, dizem analistas sobre IPCA","og_description":"Revertendo as proje\u00e7\u00f5es iniciais, a infla\u00e7\u00e3o na virada de 2024 para 2025 poder\u00e1 tomar um novo rumo. Veja a opini\u00e3o de especialistas.","og_url":"https:\/\/www.suno.com.br\/noticias\/inflacao-voltar-subir-analistas-ipca-cpf\/","og_site_name":"Suno Not\u00edcias","article_publisher":"https:\/\/facebook.com\/sunoresearch","og_image":[{"width":1272,"height":825,"url":"http:\/\/files.sunoresearch.com.br\/n\/uploads\/2024\/02\/iStock-1487850283.jpg","type":"image\/jpeg"}],"author":"Camila Paim","twitter_card":"summary_large_image","twitter_creator":"@sunoresearch","twitter_site":"@sunoresearch","twitter_misc":{"Escrito por":"Camila Paim","Est. tempo de leitura":"5 minutos"},"schema":{"@context":"https:\/\/schema.org","@graph":[{"@type":"NewsArticle","@id":"https:\/\/www.suno.com.br\/noticias\/inflacao-voltar-subir-analistas-ipca-cpf\/#article","isPartOf":{"@id":"https:\/\/www.suno.com.br\/noticias\/inflacao-voltar-subir-analistas-ipca-cpf\/"},"author":{"name":"Camila Paim","@id":"https:\/\/www.suno.com.br\/noticias\/#\/schema\/person\/f341d3ae5d1cc685176c9a5327cdfdbb"},"headline":"Infla\u00e7\u00e3o pode voltar a subir em 2025, revertendo expectativas iniciais para o IPCA; entenda","datePublished":"2024-04-21T14:45:00+00:00","mainEntityOfPage":{"@id":"https:\/\/www.suno.com.br\/noticias\/inflacao-voltar-subir-analistas-ipca-cpf\/"},"wordCount":909,"publisher":{"@id":"https:\/\/www.suno.com.br\/noticias\/#organization"},"image":{"@id":"https:\/\/www.suno.com.br\/noticias\/inflacao-voltar-subir-analistas-ipca-cpf\/#primaryimage"},"thumbnailUrl":"https:\/\/files.sunoresearch.com.br\/n\/uploads\/2024\/02\/iStock-1487850283.jpg","keywords":["infla\u00e7\u00e3o","IPCA","PicPay"],"articleSection":["Economia"],"inLanguage":"pt-BR"},{"@type":"WebPage","@id":"https:\/\/www.suno.com.br\/noticias\/inflacao-voltar-subir-analistas-ipca-cpf\/","url":"https:\/\/www.suno.com.br\/noticias\/inflacao-voltar-subir-analistas-ipca-cpf\/","name":"Infla\u00e7\u00e3o pode voltar a subir em 2025, dizem analistas sobre IPCA","isPartOf":{"@id":"https:\/\/www.suno.com.br\/noticias\/#website"},"primaryImageOfPage":{"@id":"https:\/\/www.suno.com.br\/noticias\/inflacao-voltar-subir-analistas-ipca-cpf\/#primaryimage"},"image":{"@id":"https:\/\/www.suno.com.br\/noticias\/inflacao-voltar-subir-analistas-ipca-cpf\/#primaryimage"},"thumbnailUrl":"https:\/\/files.sunoresearch.com.br\/n\/uploads\/2024\/02\/iStock-1487850283.jpg","datePublished":"2024-04-21T14:45:00+00:00","description":"Revertendo as proje\u00e7\u00f5es iniciais, a infla\u00e7\u00e3o na virada de 2024 para 2025 poder\u00e1 tomar um novo rumo. Veja a opini\u00e3o de especialistas.","breadcrumb":{"@id":"https:\/\/www.suno.com.br\/noticias\/inflacao-voltar-subir-analistas-ipca-cpf\/#breadcrumb"},"inLanguage":"pt-BR","potentialAction":[{"@type":"ReadAction","target":["https:\/\/www.suno.com.br\/noticias\/inflacao-voltar-subir-analistas-ipca-cpf\/"]}]},{"@type":"ImageObject","inLanguage":"pt-BR","@id":"https:\/\/www.suno.com.br\/noticias\/inflacao-voltar-subir-analistas-ipca-cpf\/#primaryimage","url":"https:\/\/files.sunoresearch.com.br\/n\/uploads\/2024\/02\/iStock-1487850283.jpg","contentUrl":"https:\/\/files.sunoresearch.com.br\/n\/uploads\/2024\/02\/iStock-1487850283.jpg","width":1272,"height":825,"caption":"Infla\u00e7\u00e3o IPCA. Foto: iStock."},{"@type":"BreadcrumbList","@id":"https:\/\/www.suno.com.br\/noticias\/inflacao-voltar-subir-analistas-ipca-cpf\/#breadcrumb","itemListElement":[{"@type":"ListItem","position":1,"name":"Not\u00edcias","item":"https:\/\/www.suno.com.br\/noticias\/"},{"@type":"ListItem","position":2,"name":"Economia","item":"https:\/\/www.suno.com.br\/noticias\/economia\/"},{"@type":"ListItem","position":3,"name":"Infla\u00e7\u00e3o pode voltar a subir em 2025, revertendo expectativas iniciais para o IPCA; entenda"}]},{"@type":"WebSite","@id":"https:\/\/www.suno.com.br\/noticias\/#website","url":"https:\/\/www.suno.com.br\/noticias\/","name":"Suno Not\u00edcias","description":"Seu portal de informa\u00e7\u00e3o sobre o mundo dos investimentos","publisher":{"@id":"https:\/\/www.suno.com.br\/noticias\/#organization"},"potentialAction":[{"@type":"SearchAction","target":{"@type":"EntryPoint","urlTemplate":"https:\/\/www.suno.com.br\/noticias\/?s={search_term_string}"},"query-input":{"@type":"PropertyValueSpecification","valueRequired":true,"valueName":"search_term_string"}}],"inLanguage":"pt-BR"},{"@type":"Organization","@id":"https:\/\/www.suno.com.br\/noticias\/#organization","name":"Suno Not\u00edcias","url":"https:\/\/www.suno.com.br\/noticias\/","logo":{"@type":"ImageObject","inLanguage":"pt-BR","@id":"https:\/\/www.suno.com.br\/noticias\/#\/schema\/logo\/image\/","url":"https:\/\/files.sunoresearch.com.br\/n\/uploads\/2021\/09\/suno-logo.png","contentUrl":"https:\/\/files.sunoresearch.com.br\/n\/uploads\/2021\/09\/suno-logo.png","width":180,"height":180,"caption":"Suno Not\u00edcias"},"image":{"@id":"https:\/\/www.suno.com.br\/noticias\/#\/schema\/logo\/image\/"},"sameAs":["https:\/\/facebook.com\/sunoresearch","https:\/\/x.com\/sunoresearch","https:\/\/www.instagram.com\/suno","https:\/\/www.linkedin.com\/company\/suno-research\/","https:\/\/www.youtube.com\/c\/sunoresearch"]},{"@type":"Person","@id":"https:\/\/www.suno.com.br\/noticias\/#\/schema\/person\/f341d3ae5d1cc685176c9a5327cdfdbb","name":"Camila Paim","image":{"@type":"ImageObject","inLanguage":"pt-BR","@id":"https:\/\/www.suno.com.br\/noticias\/#\/schema\/person\/image\/","url":"https:\/\/secure.gravatar.com\/avatar\/f33728e65febb1aa7ecf6792956f9b20?s=96&r=g","contentUrl":"https:\/\/secure.gravatar.com\/avatar\/f33728e65febb1aa7ecf6792956f9b20?s=96&r=g","caption":"Camila Paim"},"description":"Jornalista formada pela USP, tem experi\u00eancia em reda\u00e7\u00f5es, SEO, Branded Content e Webdesign. Com passagem pelo Jornal da USP, Empiricus e C6 Bank, hoje \u00e9 rep\u00f3rter no Suno Not\u00edcias cobrindo macroeconomia, finan\u00e7as pessoais e startups.","url":"https:\/\/www.suno.com.br\/noticias\/author\/camila-figueiredosuno-com-br\/"}]}},"default_loop_html":"<div class=\"cardsPage__listCard__boxs\"><div class=\"cardsPage__listCard__boxs__img\"><a href=\"https:\/\/www.suno.com.br\/noticias\/inflacao-voltar-subir-analistas-ipca-cpf\/\"><img class=\"mask\" src=\"https:\/\/www.suno.com.br\/noticias\/wp-content\/themes\/suno\/resources\/images\/spotlight\/spotlight1img\/bg-mask.png\" alt=\"Image Mask\"\/><img src=\"https:\/\/files.sunoresearch.com.br\/n\/uploads\/2024\/02\/iStock-1487850283-400x200.jpg\" alt=\"Infla\u00e7\u00e3o pode voltar a subir em 2025, revertendo expectativas iniciais para o IPCA; entenda\"\/><\/a><span class=\"spotlightCategory\"><a href=\"https:\/\/www.suno.com.br\/noticias\/economia\/\">Economia<\/a><\/span><\/div><div class=\"cardsPage__listCard__boxs__content\"><a href=\"https:\/\/www.suno.com.br\/noticias\/inflacao-voltar-subir-analistas-ipca-cpf\/\"><h2 class=\"content__title\">Infla\u00e7\u00e3o pode voltar a subir em 2025, revertendo expectativas iniciais para o IPCA; entenda<\/h2><\/a><div class=\"newsContent__article__meta\"><div class=\"newsContent__article__meta__authorBox\"><a href=\"https:\/\/www.suno.com.br\/noticias\/author\/camila-figueiredosuno-com-br\/\" class=\"authorBox__avatar noMobi\"><img src=\"https:\/\/files.sunoresearch.com.br\/n\/uploads\/2024\/05\/camila-paim-square-150x150.jpg\" alt=\"Camila Paim\"><\/a><div class=\"authorBox__name\"><span>por\n\t\t\t<a href=\"https:\/\/www.suno.com.br\/noticias\/author\/camila-figueiredosuno-com-br\/\"><span itemprop=\"author\">Camila Paim<\/span><\/a><\/span><time datetime=\"2024-04-21T11:45:00-03:00\" itemprop=\"datePublished\">21\/04\/2024 11:45<\/time><\/div><\/div><\/div><\/div><\/div>","single_layout":"posts","amp_enabled":true,"_links":{"self":[{"href":"https:\/\/www.suno.com.br\/noticias\/wp-json\/wp\/v2\/posts\/546161"}],"collection":[{"href":"https:\/\/www.suno.com.br\/noticias\/wp-json\/wp\/v2\/posts"}],"about":[{"href":"https:\/\/www.suno.com.br\/noticias\/wp-json\/wp\/v2\/types\/post"}],"author":[{"embeddable":true,"href":"https:\/\/www.suno.com.br\/noticias\/wp-json\/wp\/v2\/users\/283"}],"replies":[{"embeddable":true,"href":"https:\/\/www.suno.com.br\/noticias\/wp-json\/wp\/v2\/comments?post=546161"}],"version-history":[{"count":3,"href":"https:\/\/www.suno.com.br\/noticias\/wp-json\/wp\/v2\/posts\/546161\/revisions"}],"predecessor-version":[{"id":546183,"href":"https:\/\/www.suno.com.br\/noticias\/wp-json\/wp\/v2\/posts\/546161\/revisions\/546183"}],"wp:featuredmedia":[{"embeddable":true,"href":"https:\/\/www.suno.com.br\/noticias\/wp-json\/wp\/v2\/media\/527031"}],"wp:attachment":[{"href":"https:\/\/www.suno.com.br\/noticias\/wp-json\/wp\/v2\/media?parent=546161"}],"wp:term":[{"taxonomy":"category","embeddable":true,"href":"https:\/\/www.suno.com.br\/noticias\/wp-json\/wp\/v2\/categories?post=546161"},{"taxonomy":"post_tag","embeddable":true,"href":"https:\/\/www.suno.com.br\/noticias\/wp-json\/wp\/v2\/tags?post=546161"},{"taxonomy":"suno_strategy","embeddable":true,"href":"https:\/\/www.suno.com.br\/noticias\/wp-json\/wp\/v2\/suno_strategy?post=546161"}],"curies":[{"name":"wp","href":"https:\/\/api.w.org\/{rel}","templated":true}]}}