{"id":546074,"date":"2024-04-20T00:23:50","date_gmt":"2024-04-20T03:23:50","guid":{"rendered":"https:\/\/www.suno.com.br\/noticias\/?p=546074"},"modified":"2024-04-20T00:47:02","modified_gmt":"2024-04-20T03:47:02","slug":"vale-vale3-ex-conselheiro-recua-mm","status":"publish","type":"post","link":"https:\/\/www.suno.com.br\/noticias\/vale-vale3-ex-conselheiro-recua-mm\/","title":{"rendered":"Conselheiro da Vale (VALE3) que denunciou manipula\u00e7\u00e3o na troca de CEO volta atr\u00e1s: &#8220;N\u00e3o tenho como comprovar&#8221;"},"content":{"rendered":"<p>Ap\u00f3s Jos\u00e9 Luciano Duarte Penido afirmar em sua carta de ren\u00fancia que o processo sucess\u00f3rio na <a class=\"suno-keyword\" data-force=\"yes\" data-priority=\"2\" href=\"https:\/\/www.suno.com.br\/acoes\/VALE3\/\" target=\"_blank\" rel=\"noopener\"><strong>Vale<\/strong> (VALE3)<\/a> vinha sendo conduzido de forma manipulada, a mineradora disse, em comunicado ao mercado nesta sexta-feira (19), que Penido, agora ex-conselheiro da empresa, prestou esclarecimentos \u00e0 <a class=\"suno-keyword\" data-force=\"no\" data-priority=\"2\" href=\"https:\/\/www.suno.com.br\/artigos\/cvm\/\" target=\"_blank\" rel=\"noopener\">Comiss\u00e3o de Valores Mobili\u00e1rios (CVM)<\/a> sobre o processo sucess\u00f3rio da empresa.<\/p>\t<div class=\"wrapper-featured-image\">\n\t\t<figure class=\"spotlightImg\">\n\n\t\t\t<picture>\n\t\t\t\t<source media=\"(max-width: 768px)\" srcset=\"https:\/\/files.sunoresearch.com.br\/n\/uploads\/2022\/12\/vale-vale3-400x200.jpg\">\n\t\t\t\t<img loading=\"lazy\" decoding=\"async\" class=\"newsContent__article__imgCapa lazyloadDisabled \" src=\"https:\/\/files.sunoresearch.com.br\/n\/uploads\/2022\/12\/vale-vale3-800x450.jpg\" width=\"800\" height=\"450\" alt=\"Conselheiro da Vale (VALE3) que denunciou manipula\u00e7\u00e3o na troca de CEO volta atr\u00e1s: &#8220;N\u00e3o tenho como comprovar&#8221;\" fetchpriority=high \/>\n\t\t\t<\/picture>\n\n\t\t\t<figcaption class=\"wp-caption-text wp-caption-text--show\">Vale (VALE3). Foto: Divulga\u00e7\u00e3o\/Vale<\/figcaption>\n\t\t<\/figure>\n\t<\/div>\n\n\n\n\n\n\t<p>\n\t\t<a href=\"https:\/\/lp.suno.com.br\/planilha-da-vida-financeira\/\" target=\"_blank\" data-element=\"shortcode-suno-banner\" title=\"Banner SUNO, clique e saiba mais\">\n\t\t\t<picture>\n\t\t\t\t<source media=\"(max-width: 500px)\" srcset=\"https:\/\/files.sunoresearch.com.br\/n\/uploads\/2023\/04\/400x300-Planilha-vida-financeira-true.png\">\n\t\t\t\t<img class=\"newsContent__article__imgCapa newsContent__article__imgCapa--banner\"\n\t\t\t\t\tsrc=\"https:\/\/files.sunoresearch.com.br\/n\/uploads\/2023\/04\/1420x240-Planilha-vida-financeira-true.png\"\n\t\t\t\t\tdata-promo-id=\"106682\"\t\t\t\t\t\t\t\t\t\twidth='1420' height='240'\t\t\t\t\talt=\"https:\/\/files.sunoresearch.com.br\/n\/uploads\/2023\/04\/1420x240-Planilha-vida-financeira-true.png\"\n\t\t\t\t>\n\t\t\t<\/picture>\n\t\t<\/a>\n\t<\/p>\n\n\n\n\n\n<p>No texto, a Vale revela que <strong>Penido<\/strong> disse que a <strong>carta de ren\u00fancia<\/strong> dele n\u00e3o tinha por objetivo apontar irregularidades no processo de defini\u00e7\u00e3o do presidente da companhia &#8211; o qual, para ele, vem sendo conduzido pelo conselho de administra\u00e7\u00e3o em conformidade com a lei, o <a class=\"suno-keyword\" data-force=\"no\" data-priority=\"1\" href=\"https:\/\/www.suno.com.br\/artigos\/estatuto-social\/\" target=\"_blank\" rel=\"noopener\">estatuto social<\/a>, o regime interno e as pol\u00edticas corporativas da companhia. &#8220;A inten\u00e7\u00e3o era expor as raz\u00f5es pessoais que motivaram a minha ren\u00fancia&#8221;, afirma.<\/p>\n\n\n\n<p>O ex-conselheiro, segundo a companhia, relata que discordou da decis\u00e3o do <strong>conselho de administra\u00e7\u00e3o da Vale<\/strong> de abrir o processo de sucess\u00e3o do presidente da companhia em uma reuni\u00e3o em 8 de mar\u00e7o. Apesar de respeitar as decis\u00f5es colegiadas do Conselho, Penido expressou sua insatisfa\u00e7\u00e3o com a decis\u00e3o e apresentou sua ren\u00fancia.<\/p>\n\n\n\n<p>\u201cAo mencionar, em minha carta, a exist\u00eancia de vazamentos, manipula\u00e7\u00f5es, influ\u00eancias pol\u00edticas e conflitos, estava me referindo ao que tomei conhecimento por meio das not\u00edcias veiculadas nos principais meios de comunica\u00e7\u00e3o do pa\u00eds a respeito do processo de defini\u00e7\u00e3o do presidente da companhia. N\u00e3o disponho de elementos comprobat\u00f3rios do que a imprensa vem publicando\u201d, diz Penido.<\/p>\n\n\n\n<p>A Vale informou que as declara\u00e7\u00f5es do ex-conselheiro est\u00e3o sendo examinadas no \u00e2mbito da apura\u00e7\u00e3o conduzida pelo chief compliance officer da empresa.<\/p>\n\n\n\n<h2 class=\"wp-block-heading\">Entenda o conflito entre Jos\u00e9 Penido e a mineradora <\/h2>\n\n\n\n<p>O conselheiro de administra\u00e7\u00e3o da Vale, Jos\u00e9 Luciano Duarte Penido, renunciou ao cargo no dia 11 de mar\u00e7o devido a discord\u00e2ncias em rela\u00e7\u00e3o ao processo de sucess\u00e3o do atual presidente da companhia, <a class=\"suno-keyword\" data-force=\"no\" data-priority=\"2\" href=\"https:\/\/www.suno.com.br\/tudo-sobre\/eduardo-bartolomeo\/\" target=\"_blank\" rel=\"noopener\"><strong>Eduardo Bartolomeo<\/strong><\/a>.<\/p>\n\n\n\n<p>Em uma carta dirigida ao presidente do Conselho de Administra\u00e7\u00e3o, Daniel Stieler, Penido expressou sua preocupa\u00e7\u00e3o com o que considera ser uma manipula\u00e7\u00e3o no processo de sucess\u00e3o e a influ\u00eancia pol\u00edtica negativa sobre ele.<\/p>\n\n\n\n<p>&#8220;Apesar de respeitar decis\u00f5es colegiadas, em minha opini\u00e3o o atual<strong> processo sucess\u00f3rio do CEO da Vale<\/strong> vem sendo conduzido de forma manipulada, n\u00e3o atende ao melhor interesse da empresa, e sofre evidente e nefasta influ\u00eancia pol\u00edtica&#8221;, escreveu na carta de ren\u00fancia.<\/p>\n\n\n\n<p>Penido tamb\u00e9m expressou sua falta de confian\u00e7a na &#8220;honestidade de princ\u00edpios de acionistas relevantes&#8221; da empresa em rela\u00e7\u00e3o ao objetivo de elevar a governan\u00e7a da Vale ao n\u00edvel de uma corpora\u00e7\u00e3o.<\/p>\n\n\n\n<p>Segundo ele, o Conselho foi dominado por uma maioria motivada por interesses espec\u00edficos de alguns acionistas, com agendas pessoais ou conflitos de interesse evidentes. Ele tamb\u00e9m apontou vazamentos frequentes e tendenciosos para a imprensa sobre o processo, violando a confidencialidade necess\u00e1ria.<\/p>\n\n\n\n<p>Diante desses problemas, Penido considerou sua perman\u00eancia no Conselho como ineficaz, desagrad\u00e1vel e frustrante.<\/p>\n\n\n\n<p>Em resposta, a companhia afirmou em um comunicado ao mercado que o processo de escolha do <strong>presidente da Vale<\/strong> est\u00e1 em conformidade com o estatuto social, o regimento interno do \u00f3rg\u00e3o e pol\u00edticas corporativas da empresa.<\/p>\n\n\n\t<p>\n\t\t<a href=\"https:\/\/lp.suno.com.br\/ebook-como-analisar-uma-acao\/\" target=\"_blank\" data-element=\"shortcode-suno-banner\" title=\"Banner SUNO, clique e saiba mais\">\n\t\t\t<picture>\n\t\t\t\t<source media=\"(max-width: 500px)\" srcset=\"https:\/\/files.sunoresearch.com.br\/n\/uploads\/2023\/03\/Ebook-Acoes-Mobile.jpg\">\n\t\t\t\t<img class=\"newsContent__article__imgCapa newsContent__article__imgCapa--banner\"\n\t\t\t\t\tsrc=\"https:\/\/files.sunoresearch.com.br\/n\/uploads\/2023\/03\/Ebook-Acoes-Desktop.jpg\"\n\t\t\t\t\tdata-promo-id=\"378302\"\t\t\t\t\t\t\t\t\t\twidth='1420' height='286'\t\t\t\t\talt=\"https:\/\/files.sunoresearch.com.br\/n\/uploads\/2023\/03\/Ebook-Acoes-Desktop.jpg\"\n\t\t\t\t>\n\t\t\t<\/picture>\n\t\t<\/a>\n\t<\/p>\n\n\n\n\n\n<h2 class=\"wp-block-heading\">Vale se pronunciou ap\u00f3s den\u00fancia de ex-conselheiro<\/h2>\n\n\n\n<p>\u00c0 \u00e9poca, a&nbsp;Vale&nbsp;se pronunciou ap\u00f3s as afirma\u00e7\u00f5es de Penido. \u201cEm aten\u00e7\u00e3o \u00e0s not\u00edcias de imprensa que reproduzem o conte\u00fado da carta de ren\u00fancia assinada pelo Sr. Jos\u00e9 Luciano Duarte Penido, o&nbsp;<a href=\"https:\/\/www.suno.com.br\/artigos\/conselho-administracao\/\" target=\"_blank\" rel=\"noreferrer noopener\">Conselho de Administra\u00e7\u00e3o<\/a>&nbsp;da Vale esclarece, no que tange ao processo de defini\u00e7\u00e3o do Presidente da Companhia, que sua atua\u00e7\u00e3o est\u00e1 rigorosamente em conformidade com o Estatuto Social da Vale, o Regimento Interno do \u00f3rg\u00e3o e pol\u00edticas corporativas\u201d, diz.<\/p>\n\n\n\n<p>Segundo o comunicado, o&nbsp;<strong>Conselho de Administra\u00e7\u00e3o da Vale<\/strong>&nbsp;\u201cseguir\u00e1 desempenhando as a\u00e7\u00f5es previstas nos processos de governan\u00e7a da companhia e executando sua miss\u00e3o de forma diligente\u201d.<\/p>\n\n\n\n<p>O Conselho de Administra\u00e7\u00e3o da Vale \u00e9 composto por representantes dos acionistas, eleitos em assembleia, e \u00e9 respons\u00e1vel por tomar decis\u00f5es estrat\u00e9gicas em nome da companhia.<\/p>\n\n\n\n<p>Atualmente, o colegiado da Vale possui 13 cadeiras. Dessas, oito conselheiros s\u00e3o considerados independentes, o que significa que n\u00e3o possuem v\u00ednculos significativos com a empresa ou seus acionistas majorit\u00e1rios, garantindo assim uma maior imparcialidade em suas decis\u00f5es. <\/p>\n\n\n\n<p>Os outros quatro conselheiros representam acionistas de refer\u00eancia, que incluem entidades como a Previ, <a class=\"suno-keyword\" target=\"_blank\" data-force=\"yes\" data-priority=\"2\" href=\"https:\/\/www.suno.com.br\/acoes\/BRAP4\/\" rel=\"noopener\">Bradespar (BRAP4)<\/a> e Mitsui, al\u00e9m de um representante dos empregados da <strong>Vale<\/strong>.<\/p>\n\n\n\t<p>\n\t\t<a href=\"https:\/\/lp.suno.com.br\/planilha-da-vida-financeira\/\" target=\"_blank\" data-element=\"shortcode-suno-banner\" title=\"Banner SUNO, clique e saiba mais\">\n\t\t\t<picture>\n\t\t\t\t<source media=\"(max-width: 500px)\" srcset=\"https:\/\/files.sunoresearch.com.br\/n\/uploads\/2023\/04\/400x300-Planilha-vida-financeira-true.png\">\n\t\t\t\t<img class=\"newsContent__article__imgCapa newsContent__article__imgCapa--banner\"\n\t\t\t\t\tsrc=\"https:\/\/files.sunoresearch.com.br\/n\/uploads\/2023\/04\/1420x240-Planilha-vida-financeira-true.png\"\n\t\t\t\t\tdata-promo-id=\"383123\"\t\t\t\t\t\t\t\t\t\twidth='1420' height='240'\t\t\t\t\talt=\"https:\/\/files.sunoresearch.com.br\/n\/uploads\/2023\/04\/1420x240-Planilha-vida-financeira-true.png\"\n\t\t\t\t>\n\t\t\t<\/picture>\n\t\t<\/a>\n\t<\/p>\n\n\n","protected":false},"excerpt":{"rendered":"<p>Ap\u00f3s Jos\u00e9 Luciano Duarte Penido afirmar em sua carta de ren\u00fancia que o processo sucess\u00f3rio na Vale (VALE3) vinha sendo conduzido de forma manipulada, a mineradora disse, em comunicado ao mercado nesta sexta-feira (19), que Penido, agora ex-conselheiro da empresa, prestou esclarecimentos \u00e0 Comiss\u00e3o de Valores Mobili\u00e1rios (CVM) sobre o processo sucess\u00f3rio da empresa. Vale [&hellip;]<\/p>\n","protected":false},"author":345,"featured_media":331473,"comment_status":"closed","ping_status":"closed","sticky":false,"template":"","format":"standard","meta":[],"categories":[64],"tags":[286,2721,676],"suno_strategy":[],"class_list":["post-546074","post","type-post","status-publish","format-standard","has-post-thumbnail","hentry","category-negocios","tag-acoes","tag-conselho-de-administracao","tag-vale-vale3"],"yoast_head":"<!-- This site is optimized with the Yoast SEO plugin v24.4 - https:\/\/yoast.com\/wordpress\/plugins\/seo\/ -->\n<title>Vale (VALE3): ex-conselheiro recua ap\u00f3s CVM pedir explica\u00e7\u00e3o<\/title>\n<meta name=\"description\" content=\"Penido, ex-conselheiro da empresa, prestou esclarecimentos \u00e0 Comiss\u00e3o de Valores Mobili\u00e1rios (CVM) sobre o processo sucess\u00f3rio da Vale.\" \/>\n<meta name=\"robots\" content=\"index, follow, max-snippet:-1, max-image-preview:large, max-video-preview:-1\" \/>\n<link rel=\"canonical\" href=\"https:\/\/www.suno.com.br\/noticias\/vale-vale3-ex-conselheiro-recua-mm\/\" \/>\n<meta property=\"og:locale\" content=\"pt_BR\" \/>\n<meta property=\"og:type\" content=\"article\" \/>\n<meta property=\"og:title\" content=\"Vale (VALE3): ex-conselheiro recua ap\u00f3s CVM pedir explica\u00e7\u00e3o\" \/>\n<meta property=\"og:description\" content=\"Penido, ex-conselheiro da empresa, prestou esclarecimentos \u00e0 Comiss\u00e3o de Valores Mobili\u00e1rios (CVM) sobre o processo sucess\u00f3rio da Vale.\" \/>\n<meta property=\"og:url\" content=\"https:\/\/www.suno.com.br\/noticias\/vale-vale3-ex-conselheiro-recua-mm\/\" \/>\n<meta property=\"og:site_name\" content=\"Suno Not\u00edcias\" \/>\n<meta property=\"article:publisher\" content=\"https:\/\/facebook.com\/sunoresearch\" \/>\n<meta property=\"og:image\" content=\"https:\/\/files.sunoresearch.com.br\/n\/uploads\/2022\/12\/vale-vale3.jpg\" \/>\n\t<meta property=\"og:image:width\" content=\"1200\" \/>\n\t<meta property=\"og:image:height\" content=\"800\" \/>\n\t<meta property=\"og:image:type\" content=\"image\/jpeg\" \/>\n<meta name=\"author\" content=\"Murilo Melo\" \/>\n<meta name=\"twitter:card\" content=\"summary_large_image\" \/>\n<meta name=\"twitter:creator\" content=\"@sunoresearch\" \/>\n<meta name=\"twitter:site\" content=\"@sunoresearch\" \/>\n<meta name=\"twitter:label1\" content=\"Escrito por\" \/>\n\t<meta name=\"twitter:data1\" content=\"Murilo Melo\" \/>\n\t<meta name=\"twitter:label2\" content=\"Est. tempo de leitura\" \/>\n\t<meta name=\"twitter:data2\" content=\"4 minutos\" \/>\n<script type=\"application\/ld+json\" class=\"yoast-schema-graph\">{\"@context\":\"https:\/\/schema.org\",\"@graph\":[{\"@type\":\"NewsArticle\",\"@id\":\"https:\/\/www.suno.com.br\/noticias\/vale-vale3-ex-conselheiro-recua-mm\/#article\",\"isPartOf\":{\"@id\":\"https:\/\/www.suno.com.br\/noticias\/vale-vale3-ex-conselheiro-recua-mm\/\"},\"author\":{\"name\":\"Murilo Melo\",\"@id\":\"https:\/\/www.suno.com.br\/noticias\/#\/schema\/person\/32d4feb215afe4b317d446bb442400dd\"},\"headline\":\"Conselheiro da Vale (VALE3) que denunciou manipula\u00e7\u00e3o na troca de CEO volta atr\u00e1s: &#8220;N\u00e3o tenho como comprovar&#8221;\",\"datePublished\":\"2024-04-20T03:23:50+00:00\",\"dateModified\":\"2024-04-20T03:47:02+00:00\",\"mainEntityOfPage\":{\"@id\":\"https:\/\/www.suno.com.br\/noticias\/vale-vale3-ex-conselheiro-recua-mm\/\"},\"wordCount\":812,\"publisher\":{\"@id\":\"https:\/\/www.suno.com.br\/noticias\/#organization\"},\"image\":{\"@id\":\"https:\/\/www.suno.com.br\/noticias\/vale-vale3-ex-conselheiro-recua-mm\/#primaryimage\"},\"thumbnailUrl\":\"https:\/\/files.sunoresearch.com.br\/n\/uploads\/2022\/12\/vale-vale3.jpg\",\"keywords\":[\"A\u00e7\u00f5es\",\"Conselho de Administra\u00e7\u00e3o\",\"Vale (VALE3)\"],\"articleSection\":[\"Neg\u00f3cios\"],\"inLanguage\":\"pt-BR\"},{\"@type\":\"WebPage\",\"@id\":\"https:\/\/www.suno.com.br\/noticias\/vale-vale3-ex-conselheiro-recua-mm\/\",\"url\":\"https:\/\/www.suno.com.br\/noticias\/vale-vale3-ex-conselheiro-recua-mm\/\",\"name\":\"Vale (VALE3): ex-conselheiro recua ap\u00f3s CVM pedir explica\u00e7\u00e3o\",\"isPartOf\":{\"@id\":\"https:\/\/www.suno.com.br\/noticias\/#website\"},\"primaryImageOfPage\":{\"@id\":\"https:\/\/www.suno.com.br\/noticias\/vale-vale3-ex-conselheiro-recua-mm\/#primaryimage\"},\"image\":{\"@id\":\"https:\/\/www.suno.com.br\/noticias\/vale-vale3-ex-conselheiro-recua-mm\/#primaryimage\"},\"thumbnailUrl\":\"https:\/\/files.sunoresearch.com.br\/n\/uploads\/2022\/12\/vale-vale3.jpg\",\"datePublished\":\"2024-04-20T03:23:50+00:00\",\"dateModified\":\"2024-04-20T03:47:02+00:00\",\"description\":\"Penido, ex-conselheiro da empresa, prestou esclarecimentos \u00e0 Comiss\u00e3o de Valores Mobili\u00e1rios (CVM) sobre o processo sucess\u00f3rio da Vale.\",\"breadcrumb\":{\"@id\":\"https:\/\/www.suno.com.br\/noticias\/vale-vale3-ex-conselheiro-recua-mm\/#breadcrumb\"},\"inLanguage\":\"pt-BR\",\"potentialAction\":[{\"@type\":\"ReadAction\",\"target\":[\"https:\/\/www.suno.com.br\/noticias\/vale-vale3-ex-conselheiro-recua-mm\/\"]}]},{\"@type\":\"ImageObject\",\"inLanguage\":\"pt-BR\",\"@id\":\"https:\/\/www.suno.com.br\/noticias\/vale-vale3-ex-conselheiro-recua-mm\/#primaryimage\",\"url\":\"https:\/\/files.sunoresearch.com.br\/n\/uploads\/2022\/12\/vale-vale3.jpg\",\"contentUrl\":\"https:\/\/files.sunoresearch.com.br\/n\/uploads\/2022\/12\/vale-vale3.jpg\",\"width\":1200,\"height\":800,\"caption\":\"Vale (VALE3). Foto: Divulga\u00e7\u00e3o\/Vale\"},{\"@type\":\"BreadcrumbList\",\"@id\":\"https:\/\/www.suno.com.br\/noticias\/vale-vale3-ex-conselheiro-recua-mm\/#breadcrumb\",\"itemListElement\":[{\"@type\":\"ListItem\",\"position\":1,\"name\":\"Not\u00edcias\",\"item\":\"https:\/\/www.suno.com.br\/noticias\/\"},{\"@type\":\"ListItem\",\"position\":2,\"name\":\"Neg\u00f3cios\",\"item\":\"https:\/\/www.suno.com.br\/noticias\/negocios\/\"},{\"@type\":\"ListItem\",\"position\":3,\"name\":\"Conselheiro da Vale (VALE3) que denunciou manipula\u00e7\u00e3o na troca de CEO volta atr\u00e1s: &#8220;N\u00e3o tenho como comprovar&#8221;\"}]},{\"@type\":\"WebSite\",\"@id\":\"https:\/\/www.suno.com.br\/noticias\/#website\",\"url\":\"https:\/\/www.suno.com.br\/noticias\/\",\"name\":\"Suno Not\u00edcias\",\"description\":\"Seu portal de informa\u00e7\u00e3o sobre o mundo dos investimentos\",\"publisher\":{\"@id\":\"https:\/\/www.suno.com.br\/noticias\/#organization\"},\"potentialAction\":[{\"@type\":\"SearchAction\",\"target\":{\"@type\":\"EntryPoint\",\"urlTemplate\":\"https:\/\/www.suno.com.br\/noticias\/?s={search_term_string}\"},\"query-input\":{\"@type\":\"PropertyValueSpecification\",\"valueRequired\":true,\"valueName\":\"search_term_string\"}}],\"inLanguage\":\"pt-BR\"},{\"@type\":\"Organization\",\"@id\":\"https:\/\/www.suno.com.br\/noticias\/#organization\",\"name\":\"Suno Not\u00edcias\",\"url\":\"https:\/\/www.suno.com.br\/noticias\/\",\"logo\":{\"@type\":\"ImageObject\",\"inLanguage\":\"pt-BR\",\"@id\":\"https:\/\/www.suno.com.br\/noticias\/#\/schema\/logo\/image\/\",\"url\":\"https:\/\/files.sunoresearch.com.br\/n\/uploads\/2021\/09\/suno-logo.png\",\"contentUrl\":\"https:\/\/files.sunoresearch.com.br\/n\/uploads\/2021\/09\/suno-logo.png\",\"width\":180,\"height\":180,\"caption\":\"Suno Not\u00edcias\"},\"image\":{\"@id\":\"https:\/\/www.suno.com.br\/noticias\/#\/schema\/logo\/image\/\"},\"sameAs\":[\"https:\/\/facebook.com\/sunoresearch\",\"https:\/\/x.com\/sunoresearch\",\"https:\/\/www.instagram.com\/suno\",\"https:\/\/www.linkedin.com\/company\/suno-research\/\",\"https:\/\/www.youtube.com\/c\/sunoresearch\"]},{\"@type\":\"Person\",\"@id\":\"https:\/\/www.suno.com.br\/noticias\/#\/schema\/person\/32d4feb215afe4b317d446bb442400dd\",\"name\":\"Murilo Melo\",\"image\":{\"@type\":\"ImageObject\",\"inLanguage\":\"pt-BR\",\"@id\":\"https:\/\/www.suno.com.br\/noticias\/#\/schema\/person\/image\/\",\"url\":\"https:\/\/secure.gravatar.com\/avatar\/af7a693198b592028493c0e8b0583d4f?s=96&r=g\",\"contentUrl\":\"https:\/\/secure.gravatar.com\/avatar\/af7a693198b592028493c0e8b0583d4f?s=96&r=g\",\"caption\":\"Murilo Melo\"},\"description\":\"\u00c9 um jornalista e letr\u00f3logo com vasta experi\u00eancia em economia, finan\u00e7as e mercado. J\u00e1 foi rep\u00f3rter de jornais, revistas e sites noticiosos como A Tarde, Correio e Folha de S.Paulo. No Suno Not\u00edcias, escreve sobre neg\u00f3cios\",\"url\":\"https:\/\/www.suno.com.br\/noticias\/author\/murilomelo-jornalismogmail-com\/\"}]}<\/script>\n<!-- \/ Yoast SEO plugin. -->","yoast_head_json":{"title":"Vale (VALE3): ex-conselheiro recua ap\u00f3s CVM pedir explica\u00e7\u00e3o","description":"Penido, ex-conselheiro da empresa, prestou esclarecimentos \u00e0 Comiss\u00e3o de Valores Mobili\u00e1rios (CVM) sobre o processo sucess\u00f3rio da Vale.","robots":{"index":"index","follow":"follow","max-snippet":"max-snippet:-1","max-image-preview":"max-image-preview:large","max-video-preview":"max-video-preview:-1"},"canonical":"https:\/\/www.suno.com.br\/noticias\/vale-vale3-ex-conselheiro-recua-mm\/","og_locale":"pt_BR","og_type":"article","og_title":"Vale (VALE3): ex-conselheiro recua ap\u00f3s CVM pedir explica\u00e7\u00e3o","og_description":"Penido, ex-conselheiro da empresa, prestou esclarecimentos \u00e0 Comiss\u00e3o de Valores Mobili\u00e1rios (CVM) sobre o processo sucess\u00f3rio da Vale.","og_url":"https:\/\/www.suno.com.br\/noticias\/vale-vale3-ex-conselheiro-recua-mm\/","og_site_name":"Suno Not\u00edcias","article_publisher":"https:\/\/facebook.com\/sunoresearch","og_image":[{"width":1200,"height":800,"url":"https:\/\/files.sunoresearch.com.br\/n\/uploads\/2022\/12\/vale-vale3.jpg","type":"image\/jpeg"}],"author":"Murilo Melo","twitter_card":"summary_large_image","twitter_creator":"@sunoresearch","twitter_site":"@sunoresearch","twitter_misc":{"Escrito por":"Murilo Melo","Est. tempo de leitura":"4 minutos"},"schema":{"@context":"https:\/\/schema.org","@graph":[{"@type":"NewsArticle","@id":"https:\/\/www.suno.com.br\/noticias\/vale-vale3-ex-conselheiro-recua-mm\/#article","isPartOf":{"@id":"https:\/\/www.suno.com.br\/noticias\/vale-vale3-ex-conselheiro-recua-mm\/"},"author":{"name":"Murilo Melo","@id":"https:\/\/www.suno.com.br\/noticias\/#\/schema\/person\/32d4feb215afe4b317d446bb442400dd"},"headline":"Conselheiro da Vale (VALE3) que denunciou manipula\u00e7\u00e3o na troca de CEO volta atr\u00e1s: &#8220;N\u00e3o tenho como comprovar&#8221;","datePublished":"2024-04-20T03:23:50+00:00","dateModified":"2024-04-20T03:47:02+00:00","mainEntityOfPage":{"@id":"https:\/\/www.suno.com.br\/noticias\/vale-vale3-ex-conselheiro-recua-mm\/"},"wordCount":812,"publisher":{"@id":"https:\/\/www.suno.com.br\/noticias\/#organization"},"image":{"@id":"https:\/\/www.suno.com.br\/noticias\/vale-vale3-ex-conselheiro-recua-mm\/#primaryimage"},"thumbnailUrl":"https:\/\/files.sunoresearch.com.br\/n\/uploads\/2022\/12\/vale-vale3.jpg","keywords":["A\u00e7\u00f5es","Conselho de Administra\u00e7\u00e3o","Vale (VALE3)"],"articleSection":["Neg\u00f3cios"],"inLanguage":"pt-BR"},{"@type":"WebPage","@id":"https:\/\/www.suno.com.br\/noticias\/vale-vale3-ex-conselheiro-recua-mm\/","url":"https:\/\/www.suno.com.br\/noticias\/vale-vale3-ex-conselheiro-recua-mm\/","name":"Vale (VALE3): ex-conselheiro recua ap\u00f3s CVM pedir explica\u00e7\u00e3o","isPartOf":{"@id":"https:\/\/www.suno.com.br\/noticias\/#website"},"primaryImageOfPage":{"@id":"https:\/\/www.suno.com.br\/noticias\/vale-vale3-ex-conselheiro-recua-mm\/#primaryimage"},"image":{"@id":"https:\/\/www.suno.com.br\/noticias\/vale-vale3-ex-conselheiro-recua-mm\/#primaryimage"},"thumbnailUrl":"https:\/\/files.sunoresearch.com.br\/n\/uploads\/2022\/12\/vale-vale3.jpg","datePublished":"2024-04-20T03:23:50+00:00","dateModified":"2024-04-20T03:47:02+00:00","description":"Penido, ex-conselheiro da empresa, prestou esclarecimentos \u00e0 Comiss\u00e3o de Valores Mobili\u00e1rios (CVM) sobre o processo sucess\u00f3rio da Vale.","breadcrumb":{"@id":"https:\/\/www.suno.com.br\/noticias\/vale-vale3-ex-conselheiro-recua-mm\/#breadcrumb"},"inLanguage":"pt-BR","potentialAction":[{"@type":"ReadAction","target":["https:\/\/www.suno.com.br\/noticias\/vale-vale3-ex-conselheiro-recua-mm\/"]}]},{"@type":"ImageObject","inLanguage":"pt-BR","@id":"https:\/\/www.suno.com.br\/noticias\/vale-vale3-ex-conselheiro-recua-mm\/#primaryimage","url":"https:\/\/files.sunoresearch.com.br\/n\/uploads\/2022\/12\/vale-vale3.jpg","contentUrl":"https:\/\/files.sunoresearch.com.br\/n\/uploads\/2022\/12\/vale-vale3.jpg","width":1200,"height":800,"caption":"Vale (VALE3). Foto: Divulga\u00e7\u00e3o\/Vale"},{"@type":"BreadcrumbList","@id":"https:\/\/www.suno.com.br\/noticias\/vale-vale3-ex-conselheiro-recua-mm\/#breadcrumb","itemListElement":[{"@type":"ListItem","position":1,"name":"Not\u00edcias","item":"https:\/\/www.suno.com.br\/noticias\/"},{"@type":"ListItem","position":2,"name":"Neg\u00f3cios","item":"https:\/\/www.suno.com.br\/noticias\/negocios\/"},{"@type":"ListItem","position":3,"name":"Conselheiro da Vale (VALE3) que denunciou manipula\u00e7\u00e3o na troca de CEO volta atr\u00e1s: &#8220;N\u00e3o tenho como comprovar&#8221;"}]},{"@type":"WebSite","@id":"https:\/\/www.suno.com.br\/noticias\/#website","url":"https:\/\/www.suno.com.br\/noticias\/","name":"Suno Not\u00edcias","description":"Seu portal de informa\u00e7\u00e3o sobre o mundo dos investimentos","publisher":{"@id":"https:\/\/www.suno.com.br\/noticias\/#organization"},"potentialAction":[{"@type":"SearchAction","target":{"@type":"EntryPoint","urlTemplate":"https:\/\/www.suno.com.br\/noticias\/?s={search_term_string}"},"query-input":{"@type":"PropertyValueSpecification","valueRequired":true,"valueName":"search_term_string"}}],"inLanguage":"pt-BR"},{"@type":"Organization","@id":"https:\/\/www.suno.com.br\/noticias\/#organization","name":"Suno Not\u00edcias","url":"https:\/\/www.suno.com.br\/noticias\/","logo":{"@type":"ImageObject","inLanguage":"pt-BR","@id":"https:\/\/www.suno.com.br\/noticias\/#\/schema\/logo\/image\/","url":"https:\/\/files.sunoresearch.com.br\/n\/uploads\/2021\/09\/suno-logo.png","contentUrl":"https:\/\/files.sunoresearch.com.br\/n\/uploads\/2021\/09\/suno-logo.png","width":180,"height":180,"caption":"Suno Not\u00edcias"},"image":{"@id":"https:\/\/www.suno.com.br\/noticias\/#\/schema\/logo\/image\/"},"sameAs":["https:\/\/facebook.com\/sunoresearch","https:\/\/x.com\/sunoresearch","https:\/\/www.instagram.com\/suno","https:\/\/www.linkedin.com\/company\/suno-research\/","https:\/\/www.youtube.com\/c\/sunoresearch"]},{"@type":"Person","@id":"https:\/\/www.suno.com.br\/noticias\/#\/schema\/person\/32d4feb215afe4b317d446bb442400dd","name":"Murilo Melo","image":{"@type":"ImageObject","inLanguage":"pt-BR","@id":"https:\/\/www.suno.com.br\/noticias\/#\/schema\/person\/image\/","url":"https:\/\/secure.gravatar.com\/avatar\/af7a693198b592028493c0e8b0583d4f?s=96&r=g","contentUrl":"https:\/\/secure.gravatar.com\/avatar\/af7a693198b592028493c0e8b0583d4f?s=96&r=g","caption":"Murilo Melo"},"description":"\u00c9 um jornalista e letr\u00f3logo com vasta experi\u00eancia em economia, finan\u00e7as e mercado. J\u00e1 foi rep\u00f3rter de jornais, revistas e sites noticiosos como A Tarde, Correio e Folha de S.Paulo. No Suno Not\u00edcias, escreve sobre neg\u00f3cios","url":"https:\/\/www.suno.com.br\/noticias\/author\/murilomelo-jornalismogmail-com\/"}]}},"default_loop_html":"<div class=\"cardsPage__listCard__boxs\"><div class=\"cardsPage__listCard__boxs__img\"><a href=\"https:\/\/www.suno.com.br\/noticias\/vale-vale3-ex-conselheiro-recua-mm\/\"><img class=\"mask\" src=\"https:\/\/www.suno.com.br\/noticias\/wp-content\/themes\/suno\/resources\/images\/spotlight\/spotlight1img\/bg-mask.png\" alt=\"Image Mask\"\/><img src=\"https:\/\/files.sunoresearch.com.br\/n\/uploads\/2022\/12\/vale-vale3-400x200.jpg\" alt=\"Conselheiro da Vale (VALE3) que denunciou manipula\u00e7\u00e3o na troca de CEO volta atr\u00e1s: &#8220;N\u00e3o tenho como comprovar&#8221;\"\/><\/a><span class=\"spotlightCategory\"><a href=\"https:\/\/www.suno.com.br\/noticias\/negocios\/\">Neg\u00f3cios<\/a><\/span><\/div><div class=\"cardsPage__listCard__boxs__content\"><a href=\"https:\/\/www.suno.com.br\/noticias\/vale-vale3-ex-conselheiro-recua-mm\/\"><h2 class=\"content__title\">Conselheiro da Vale (VALE3) que denunciou manipula\u00e7\u00e3o na troca de CEO volta atr\u00e1s: &#8220;N\u00e3o tenho como comprovar&#8221;<\/h2><\/a><div class=\"newsContent__article__meta\"><div class=\"newsContent__article__meta__authorBox\"><a href=\"https:\/\/www.suno.com.br\/noticias\/author\/murilomelo-jornalismogmail-com\/\" class=\"authorBox__avatar noMobi\"><img src=\"https:\/\/files.sunoresearch.com.br\/n\/uploads\/2024\/02\/Murilo_Melo_Jornalista-e1708476456132-150x150.jpeg\" alt=\"Murilo Melo\"><\/a><div class=\"authorBox__name\"><span>por\n\t\t\t<a href=\"https:\/\/www.suno.com.br\/noticias\/author\/murilomelo-jornalismogmail-com\/\"><span itemprop=\"author\">Murilo Melo<\/span><\/a><\/span><time datetime=\"2024-04-20T00:23:50-03:00\" itemprop=\"datePublished\">20\/04\/2024 00:23<\/time><\/div><\/div><\/div><\/div><\/div>","single_layout":"posts","amp_enabled":true,"_links":{"self":[{"href":"https:\/\/www.suno.com.br\/noticias\/wp-json\/wp\/v2\/posts\/546074"}],"collection":[{"href":"https:\/\/www.suno.com.br\/noticias\/wp-json\/wp\/v2\/posts"}],"about":[{"href":"https:\/\/www.suno.com.br\/noticias\/wp-json\/wp\/v2\/types\/post"}],"author":[{"embeddable":true,"href":"https:\/\/www.suno.com.br\/noticias\/wp-json\/wp\/v2\/users\/345"}],"replies":[{"embeddable":true,"href":"https:\/\/www.suno.com.br\/noticias\/wp-json\/wp\/v2\/comments?post=546074"}],"version-history":[{"count":3,"href":"https:\/\/www.suno.com.br\/noticias\/wp-json\/wp\/v2\/posts\/546074\/revisions"}],"predecessor-version":[{"id":546115,"href":"https:\/\/www.suno.com.br\/noticias\/wp-json\/wp\/v2\/posts\/546074\/revisions\/546115"}],"wp:featuredmedia":[{"embeddable":true,"href":"https:\/\/www.suno.com.br\/noticias\/wp-json\/wp\/v2\/media\/331473"}],"wp:attachment":[{"href":"https:\/\/www.suno.com.br\/noticias\/wp-json\/wp\/v2\/media?parent=546074"}],"wp:term":[{"taxonomy":"category","embeddable":true,"href":"https:\/\/www.suno.com.br\/noticias\/wp-json\/wp\/v2\/categories?post=546074"},{"taxonomy":"post_tag","embeddable":true,"href":"https:\/\/www.suno.com.br\/noticias\/wp-json\/wp\/v2\/tags?post=546074"},{"taxonomy":"suno_strategy","embeddable":true,"href":"https:\/\/www.suno.com.br\/noticias\/wp-json\/wp\/v2\/suno_strategy?post=546074"}],"curies":[{"name":"wp","href":"https:\/\/api.w.org\/{rel}","templated":true}]}}