{"id":546018,"date":"2024-04-20T10:50:38","date_gmt":"2024-04-20T13:50:38","guid":{"rendered":"https:\/\/www.suno.com.br\/noticias\/?p=546018"},"modified":"2024-04-20T10:56:07","modified_gmt":"2024-04-20T13:56:07","slug":"dolar-cai-sexta-mas-sobe-na-semana-jo","status":"publish","type":"post","link":"https:\/\/www.suno.com.br\/noticias\/dolar-cai-sexta-mas-sobe-na-semana-jo\/","title":{"rendered":"D\u00f3lar cai para R$ 5,19, mas sobe na semana com tens\u00f5es no Oriente M\u00e9dio e preocupa\u00e7\u00e3o fiscal; entenda"},"content":{"rendered":"<figure class=\"wp-block-image\"><img decoding=\"async\" src=\"https:\/\/cdn.jsdelivr.net\/gh\/sergiosdlima\/assets-ebc@1.0.0\/abr\/assets\/images\/logo-agenciabrasil.svg\" alt=\"Logo Ag\u00eancia Brasil\"\/><\/figure>\n<p class=\"has-text-align-center\"><a class=\"\" style=\"background: yellow;\" href=\"https:\/\/agenciabrasil.ebc.com.br\/economia\/noticia\/2024-04\/dolar-cai-para-r-519-mas-sobe-153-na-semana\"><\/p>\t<div class=\"wrapper-featured-image\">\n\t\t<figure class=\"spotlightImg\">\n\n\t\t\t<picture>\n\t\t\t\t<source media=\"(max-width: 768px)\" srcset=\"https:\/\/files.sunoresearch.com.br\/n\/uploads\/2024\/04\/iStock-1369127419-400x200.jpg\">\n\t\t\t\t<img loading=\"lazy\" decoding=\"async\" class=\"newsContent__article__imgCapa lazyloadDisabled \" src=\"https:\/\/files.sunoresearch.com.br\/n\/uploads\/2024\/04\/iStock-1369127419-800x450.jpg\" width=\"800\" height=\"450\" alt=\"D\u00f3lar cai para R$ 5,19, mas sobe na semana com tens\u00f5es no Oriente M\u00e9dio e preocupa\u00e7\u00e3o fiscal; entenda\" fetchpriority=high \/>\n\t\t\t<\/picture>\n\n\t\t\t<figcaption class=\"wp-caption-text wp-caption-text--show\">Aposentadoria. Foto: iStock.<\/figcaption>\n\t\t<\/figure>\n\t<\/div>\n\n\n<figure class=\"wp-block-image\"><img decoding=\"async\" src=\"https:\/\/cdn.jsdelivr.net\/gh\/sergiosdlima\/assets-ebc@1.0.0\/abr\/assets\/images\/logo-agenciabrasil.svg\" alt=\"Logo Ag\u00eancia Brasil\"\/><\/figure>\n\n\n\n<p class=\"has-text-align-center\"><a class=\"\" style=\"background: yellow;\" href=\"https:\/\/agenciabrasil.ebc.com.br\/economia\/noticia\/2024-04\/dolar-cai-para-r-519-mas-sobe-153-na-semana\"><br><br><\/a><\/p>\n\n\n\n\n\n\n\t<p>\n\t\t<a href=\"\" target=\"_blank\" data-element=\"shortcode-suno-banner\" title=\"Banner SUNO, clique e saiba mais\">\n\t\t\t<picture>\n\t\t\t\t<source media=\"(max-width: 500px)\" srcset=\"\">\n\t\t\t\t<img class=\"newsContent__article__imgCapa newsContent__article__imgCapa--banner\"\n\t\t\t\t\tsrc=\"\"\n\t\t\t\t\tdata-promo-id=\"240038\"\t\t\t\t\t\t\t\t\t\t\t\t\t\t\talt=\"\"\n\t\t\t\t>\n\t\t\t<\/picture>\n\t\t<\/a>\n\t<\/p>\n\n\n\n\n\n<p><span style=\"font-weight: 400;\">O <\/span><b>d\u00f3lar comercial<\/b><span style=\"font-weight: 400;\"> encerrou esta sexta-feira (19) vendido a R$ 5,199, com recuo de R$ 0,044 (-0,96%). A <\/span><b>cota\u00e7\u00e3o<\/b><span style=\"font-weight: 400;\"> iniciou o dia em alta, chegando a R$ 5,27 pouco depois das 9h, ainda sob a tens\u00e3o dos ataques israelenses a instala\u00e7\u00f5es militares iranianas. Ap\u00f3s a abertura dos mercados norte-americanos, no entanto, a moeda inverteu o movimento. Na m\u00ednima do dia, por volta das 15h30, chegou a R$ 5,18.<\/span><\/p>\n\n\n\n<p><span style=\"font-weight: 400;\">Apesar do recuo desta sexta, o d\u00f3lar fechou a semana com alta de 1,53%. A divisa acumula valoriza\u00e7\u00e3o de 3,67% em abril e de 7,13% em 2024. H\u00e1 uma crescente preocupa\u00e7\u00e3o com as contas p\u00fablicas brasileiras, aquecimento da economia americana al\u00e9m do esperado e as tens\u00f5es no Oriente M\u00e9dio, que pressionam a cota\u00e7\u00e3o do petr\u00f3leo.&nbsp;<\/span><\/p>\n\n\n\n<p><span style=\"font-weight: 400;\">A Lei de Diretrizes Or\u00e7ament\u00e1rias (LDO) apresentada pelo governo nesta semana trouxe preocupa\u00e7\u00e3o, j\u00e1 que para manter as metas fiscais com o aumento das despesas h\u00e1 uma depend\u00eancia de um resultado excepcional de arrecada\u00e7\u00e3o. Al\u00e9m disso, h\u00e1 temores sobre at\u00e9 onde podem ir as altera\u00e7\u00f5es no arcabou\u00e7o fiscal aprovado em 2023.\u00a0<\/span><\/p>\n\n\n\t<div data-element=\"shortcode-read-more\" class=\"knowMore\">\n\t\t\t\t<span class=\"knowMore__title\">Leia mais<\/span>\n\t\t\t\t<a class=\"knowMore__link\" href=\"https:\/\/www.suno.com.br\/noticias\/ibovespa-tarde-alta-petz-petz3-dispara-gss\/\">\n\t\t\tIbovespa amplia alta com exterior misto; Petz (PETZ3) dispara 38%; Vale (VALE3) e Petrobras (PETR4) sobem, IRB (IRBR3) cai e d\u00f3lar recua\t\t<\/a>\n\t<\/div>\n\n\n\n\n<p>Analistas e economistas j\u00e1 come\u00e7am a revisar para cima a proje\u00e7\u00e3o para a Selic ao fim do ano. O temor \u00e9 que o risco fiscal leve o <strong>Banco Central<\/strong> a reduzir o ritmo do corte nos juros.&nbsp;<\/p>\n\n\n\n<p><span style=\"font-weight: 400;\">No <\/span><b>mercado de a\u00e7\u00f5es<\/b><span style=\"font-weight: 400;\">, o dia tamb\u00e9m foi marcado pelo al\u00edvio. O \u00edndice Ibovespa, da B3, fechou aos 125.124 pontos, com alta de 0,75%. Mesmo com as altas de ontem (18) e de hoje, o indicador caiu 0,65% na semana.<\/span><\/p>\n\n\n\t<p>\n\t\t<a href=\"https:\/\/lp.suno.com.br\/ebook-gratuito-investindo-no-exterior\/\" target=\"_blank\" data-element=\"shortcode-suno-banner\" title=\"Banner SUNO, clique e saiba mais\">\n\t\t\t<picture>\n\t\t\t\t<source media=\"(max-width: 500px)\" srcset=\"https:\/\/files.sunoresearch.com.br\/n\/uploads\/2023\/03\/400x300-Investindo-no-exterior.png\">\n\t\t\t\t<img class=\"newsContent__article__imgCapa newsContent__article__imgCapa--banner\"\n\t\t\t\t\tsrc=\"https:\/\/files.sunoresearch.com.br\/n\/uploads\/2023\/03\/1420x240-Investindo-no-exterior.png\"\n\t\t\t\t\tdata-promo-id=\"383161\"\t\t\t\t\t\t\t\t\t\twidth='1420' height='240'\t\t\t\t\talt=\"https:\/\/files.sunoresearch.com.br\/n\/uploads\/2023\/03\/1420x240-Investindo-no-exterior.png\"\n\t\t\t\t>\n\t\t\t<\/picture>\n\t\t<\/a>\n\t<\/p>\n\n\n\n\n\n<h2 class=\"wp-block-heading\"><b>D\u00f3lar: cen\u00e1rio externo pressiona<\/b><\/h2>\n\n\n\n<p><span style=\"font-weight: 400;\">No mercado externo, o d\u00f3lar passou a cair num momento de ajuste internacional, em que investidores aproveitam ganhos recentes para venderem a<\/span><b> moeda<\/b><span style=\"font-weight: 400;\"> e embolsarem os lucros. O esvaziamento das <\/span><b>tens\u00f5es no Oriente M\u00e9dio<\/b><span style=\"font-weight: 400;\">, ap\u00f3s a constata\u00e7\u00e3o de que o ataque feito por Israel no meio da semana provocou danos m\u00ednimos \u00e0 infraestrutura iraniana, ajudou a amenizar o clima no cen\u00e1rio global.<\/span><\/p>\n\n\n\n<p><span style=\"font-weight: 400;\">Nas \u00faltimas semanas, a divulga\u00e7\u00e3o de dados que mostram o aquecimento da economia norte-americana tem provocado tens\u00f5es no mercado. No entanto, a aus\u00eancia de novos indicadores econ\u00f4micos nos Estados Unidos ajudou a dissipar a turbul\u00eancia nesta sexta-feira e segurar o<\/span><b> d\u00f3lar.&nbsp;<\/b><\/p>\n\n\n\n<p><i><span style=\"font-weight: 400;\">* com informa\u00e7\u00f5es da Reuters<\/span><\/i><\/p>\n\n\n\n<p><span style=\"font-weight: 400;\">Com Ag\u00eancia Brasil<\/span><\/p>\n\n\n\t<p>\n\t\t<a href=\"https:\/\/lp.suno.com.br\/planilha-da-vida-financeira\/\" target=\"_blank\" data-element=\"shortcode-suno-banner\" title=\"Banner SUNO, clique e saiba mais\">\n\t\t\t<picture>\n\t\t\t\t<source media=\"(max-width: 500px)\" srcset=\"https:\/\/files.sunoresearch.com.br\/n\/uploads\/2023\/04\/400x300-Planilha-vida-financeira-true.png\">\n\t\t\t\t<img class=\"newsContent__article__imgCapa newsContent__article__imgCapa--banner\"\n\t\t\t\t\tsrc=\"https:\/\/files.sunoresearch.com.br\/n\/uploads\/2023\/04\/1420x240-Planilha-vida-financeira-true.png\"\n\t\t\t\t\tdata-promo-id=\"383123\"\t\t\t\t\t\t\t\t\t\twidth='1420' height='240'\t\t\t\t\talt=\"https:\/\/files.sunoresearch.com.br\/n\/uploads\/2023\/04\/1420x240-Planilha-vida-financeira-true.png\"\n\t\t\t\t>\n\t\t\t<\/picture>\n\t\t<\/a>\n\t<\/p>\n\n\n","protected":false},"excerpt":{"rendered":"<p>Aposentadoria. Foto: iStock. O d\u00f3lar comercial encerrou esta sexta-feira (19) vendido a R$ 5,199, com recuo de R$ 0,044 (-0,96%). A cota\u00e7\u00e3o iniciou o dia em alta, chegando a R$ 5,27 pouco depois das 9h, ainda sob a tens\u00e3o dos ataques israelenses a instala\u00e7\u00f5es militares iranianas. Ap\u00f3s a abertura dos mercados norte-americanos, no entanto, a [&hellip;]<\/p>\n","protected":false},"author":43,"featured_media":545753,"comment_status":"closed","ping_status":"closed","sticky":false,"template":"","format":"standard","meta":[],"categories":[62],"tags":[326],"suno_strategy":[],"class_list":["post-546018","post","type-post","status-publish","format-standard","has-post-thumbnail","hentry","category-economia","tag-dolar"],"yoast_head":"<!-- This site is optimized with the Yoast SEO plugin v24.4 - https:\/\/yoast.com\/wordpress\/plugins\/seo\/ -->\n<title>D\u00f3lar cai para R$ 5,19, mas sobe na semana com tens\u00f5es no Oriente M\u00e9dio e preocupa\u00e7\u00e3o fiscal; entenda<\/title>\n<meta name=\"description\" content=\"Com al\u00edvio no mercado internacional, o d\u00f3lar caiu abaixo de R$ 5,20. Apesar disso, a semana foi de alta para a moeda americana.\" \/>\n<meta name=\"robots\" content=\"index, follow, max-snippet:-1, max-image-preview:large, max-video-preview:-1\" \/>\n<link rel=\"canonical\" href=\"https:\/\/www.suno.com.br\/noticias\/dolar-cai-sexta-mas-sobe-na-semana-jo\/\" \/>\n<meta property=\"og:locale\" content=\"pt_BR\" \/>\n<meta property=\"og:type\" content=\"article\" \/>\n<meta property=\"og:title\" content=\"D\u00f3lar cai para R$ 5,19, mas sobe na semana com tens\u00f5es no Oriente M\u00e9dio e preocupa\u00e7\u00e3o fiscal; entenda\" \/>\n<meta property=\"og:description\" content=\"Com al\u00edvio no mercado internacional, o d\u00f3lar caiu abaixo de R$ 5,20. Apesar disso, a semana foi de alta para a moeda americana.\" \/>\n<meta property=\"og:url\" content=\"https:\/\/www.suno.com.br\/noticias\/dolar-cai-sexta-mas-sobe-na-semana-jo\/\" \/>\n<meta property=\"og:site_name\" content=\"Suno Not\u00edcias\" \/>\n<meta property=\"article:publisher\" content=\"https:\/\/facebook.com\/sunoresearch\" \/>\n<meta property=\"article:author\" content=\"https:\/\/www.facebook.com\/sunonoticias\/\" \/>\n<meta property=\"og:image\" content=\"https:\/\/files.sunoresearch.com.br\/n\/uploads\/2024\/04\/iStock-1369127419.jpg\" \/>\n\t<meta property=\"og:image:width\" content=\"1254\" \/>\n\t<meta property=\"og:image:height\" content=\"836\" \/>\n\t<meta property=\"og:image:type\" content=\"image\/jpeg\" \/>\n<meta name=\"author\" content=\"Reda\u00e7\u00e3o Suno Not\u00edcias\" \/>\n<meta name=\"twitter:card\" content=\"summary_large_image\" \/>\n<meta name=\"twitter:creator\" content=\"@https:\/\/twitter.com\/sunoresearch\" \/>\n<meta name=\"twitter:site\" content=\"@sunoresearch\" \/>\n<meta name=\"twitter:label1\" content=\"Escrito por\" \/>\n\t<meta name=\"twitter:data1\" content=\"Reda\u00e7\u00e3o Suno Not\u00edcias\" \/>\n\t<meta name=\"twitter:label2\" content=\"Est. tempo de leitura\" \/>\n\t<meta name=\"twitter:data2\" content=\"3 minutos\" \/>\n<script type=\"application\/ld+json\" class=\"yoast-schema-graph\">{\"@context\":\"https:\/\/schema.org\",\"@graph\":[{\"@type\":\"NewsArticle\",\"@id\":\"https:\/\/www.suno.com.br\/noticias\/dolar-cai-sexta-mas-sobe-na-semana-jo\/#article\",\"isPartOf\":{\"@id\":\"https:\/\/www.suno.com.br\/noticias\/dolar-cai-sexta-mas-sobe-na-semana-jo\/\"},\"author\":{\"name\":\"Reda\u00e7\u00e3o Suno Not\u00edcias\",\"@id\":\"https:\/\/www.suno.com.br\/noticias\/#\/schema\/person\/c1b1bd3727fa852bd045e9dbff3673ea\"},\"headline\":\"D\u00f3lar cai para R$ 5,19, mas sobe na semana com tens\u00f5es no Oriente M\u00e9dio e preocupa\u00e7\u00e3o fiscal; entenda\",\"datePublished\":\"2024-04-20T13:50:38+00:00\",\"dateModified\":\"2024-04-20T13:56:07+00:00\",\"mainEntityOfPage\":{\"@id\":\"https:\/\/www.suno.com.br\/noticias\/dolar-cai-sexta-mas-sobe-na-semana-jo\/\"},\"wordCount\":451,\"publisher\":{\"@id\":\"https:\/\/www.suno.com.br\/noticias\/#organization\"},\"image\":{\"@id\":\"https:\/\/www.suno.com.br\/noticias\/dolar-cai-sexta-mas-sobe-na-semana-jo\/#primaryimage\"},\"thumbnailUrl\":\"https:\/\/files.sunoresearch.com.br\/n\/uploads\/2024\/04\/iStock-1369127419.jpg\",\"keywords\":[\"d\u00f3lar\"],\"articleSection\":[\"Economia\"],\"inLanguage\":\"pt-BR\"},{\"@type\":\"WebPage\",\"@id\":\"https:\/\/www.suno.com.br\/noticias\/dolar-cai-sexta-mas-sobe-na-semana-jo\/\",\"url\":\"https:\/\/www.suno.com.br\/noticias\/dolar-cai-sexta-mas-sobe-na-semana-jo\/\",\"name\":\"D\u00f3lar cai para R$ 5,19, mas sobe na semana com tens\u00f5es no Oriente M\u00e9dio e preocupa\u00e7\u00e3o fiscal; entenda\",\"isPartOf\":{\"@id\":\"https:\/\/www.suno.com.br\/noticias\/#website\"},\"primaryImageOfPage\":{\"@id\":\"https:\/\/www.suno.com.br\/noticias\/dolar-cai-sexta-mas-sobe-na-semana-jo\/#primaryimage\"},\"image\":{\"@id\":\"https:\/\/www.suno.com.br\/noticias\/dolar-cai-sexta-mas-sobe-na-semana-jo\/#primaryimage\"},\"thumbnailUrl\":\"https:\/\/files.sunoresearch.com.br\/n\/uploads\/2024\/04\/iStock-1369127419.jpg\",\"datePublished\":\"2024-04-20T13:50:38+00:00\",\"dateModified\":\"2024-04-20T13:56:07+00:00\",\"description\":\"Com al\u00edvio no mercado internacional, o d\u00f3lar caiu abaixo de R$ 5,20. Apesar disso, a semana foi de alta para a moeda americana.\",\"breadcrumb\":{\"@id\":\"https:\/\/www.suno.com.br\/noticias\/dolar-cai-sexta-mas-sobe-na-semana-jo\/#breadcrumb\"},\"inLanguage\":\"pt-BR\",\"potentialAction\":[{\"@type\":\"ReadAction\",\"target\":[\"https:\/\/www.suno.com.br\/noticias\/dolar-cai-sexta-mas-sobe-na-semana-jo\/\"]}]},{\"@type\":\"ImageObject\",\"inLanguage\":\"pt-BR\",\"@id\":\"https:\/\/www.suno.com.br\/noticias\/dolar-cai-sexta-mas-sobe-na-semana-jo\/#primaryimage\",\"url\":\"https:\/\/files.sunoresearch.com.br\/n\/uploads\/2024\/04\/iStock-1369127419.jpg\",\"contentUrl\":\"https:\/\/files.sunoresearch.com.br\/n\/uploads\/2024\/04\/iStock-1369127419.jpg\",\"width\":1254,\"height\":836,\"caption\":\"Aposentadoria. Foto: iStock.\"},{\"@type\":\"BreadcrumbList\",\"@id\":\"https:\/\/www.suno.com.br\/noticias\/dolar-cai-sexta-mas-sobe-na-semana-jo\/#breadcrumb\",\"itemListElement\":[{\"@type\":\"ListItem\",\"position\":1,\"name\":\"Not\u00edcias\",\"item\":\"https:\/\/www.suno.com.br\/noticias\/\"},{\"@type\":\"ListItem\",\"position\":2,\"name\":\"Economia\",\"item\":\"https:\/\/www.suno.com.br\/noticias\/economia\/\"},{\"@type\":\"ListItem\",\"position\":3,\"name\":\"D\u00f3lar cai para R$ 5,19, mas sobe na semana com tens\u00f5es no Oriente M\u00e9dio e preocupa\u00e7\u00e3o fiscal; entenda\"}]},{\"@type\":\"WebSite\",\"@id\":\"https:\/\/www.suno.com.br\/noticias\/#website\",\"url\":\"https:\/\/www.suno.com.br\/noticias\/\",\"name\":\"Suno Not\u00edcias\",\"description\":\"Seu portal de informa\u00e7\u00e3o sobre o mundo dos investimentos\",\"publisher\":{\"@id\":\"https:\/\/www.suno.com.br\/noticias\/#organization\"},\"potentialAction\":[{\"@type\":\"SearchAction\",\"target\":{\"@type\":\"EntryPoint\",\"urlTemplate\":\"https:\/\/www.suno.com.br\/noticias\/?s={search_term_string}\"},\"query-input\":{\"@type\":\"PropertyValueSpecification\",\"valueRequired\":true,\"valueName\":\"search_term_string\"}}],\"inLanguage\":\"pt-BR\"},{\"@type\":\"Organization\",\"@id\":\"https:\/\/www.suno.com.br\/noticias\/#organization\",\"name\":\"Suno Not\u00edcias\",\"url\":\"https:\/\/www.suno.com.br\/noticias\/\",\"logo\":{\"@type\":\"ImageObject\",\"inLanguage\":\"pt-BR\",\"@id\":\"https:\/\/www.suno.com.br\/noticias\/#\/schema\/logo\/image\/\",\"url\":\"https:\/\/files.sunoresearch.com.br\/n\/uploads\/2021\/09\/suno-logo.png\",\"contentUrl\":\"https:\/\/files.sunoresearch.com.br\/n\/uploads\/2021\/09\/suno-logo.png\",\"width\":180,\"height\":180,\"caption\":\"Suno Not\u00edcias\"},\"image\":{\"@id\":\"https:\/\/www.suno.com.br\/noticias\/#\/schema\/logo\/image\/\"},\"sameAs\":[\"https:\/\/facebook.com\/sunoresearch\",\"https:\/\/x.com\/sunoresearch\",\"https:\/\/www.instagram.com\/suno\",\"https:\/\/www.linkedin.com\/company\/suno-research\/\",\"https:\/\/www.youtube.com\/c\/sunoresearch\"]},{\"@type\":\"Person\",\"@id\":\"https:\/\/www.suno.com.br\/noticias\/#\/schema\/person\/c1b1bd3727fa852bd045e9dbff3673ea\",\"name\":\"Reda\u00e7\u00e3o Suno Not\u00edcias\",\"image\":{\"@type\":\"ImageObject\",\"inLanguage\":\"pt-BR\",\"@id\":\"https:\/\/www.suno.com.br\/noticias\/#\/schema\/person\/image\/\",\"url\":\"https:\/\/secure.gravatar.com\/avatar\/b8104b9b5a71985d5238ee59fbe418af?s=96&r=g\",\"contentUrl\":\"https:\/\/secure.gravatar.com\/avatar\/b8104b9b5a71985d5238ee59fbe418af?s=96&r=g\",\"caption\":\"Reda\u00e7\u00e3o Suno Not\u00edcias\"},\"description\":\"O Suno Not\u00edcias \u00e9 um portal de informa\u00e7\u00f5es sobre Mercado Financeiro, Pol\u00edtica, Neg\u00f3cios, Economia e Finan\u00e7as Pessoais.\",\"sameAs\":[\"https:\/\/www.suno.com.br\/noticias\",\"https:\/\/www.facebook.com\/sunonoticias\/\",\"https:\/\/www.instagram.com\/sunonoticias\/\",\"https:\/\/x.com\/https:\/\/twitter.com\/sunoresearch\",\"https:\/\/www.youtube.com\/sunonoticias\"],\"url\":\"https:\/\/www.suno.com.br\/noticias\/author\/redacao-suno\/\"}]}<\/script>\n<!-- \/ Yoast SEO plugin. -->","yoast_head_json":{"title":"D\u00f3lar cai para R$ 5,19, mas sobe na semana com tens\u00f5es no Oriente M\u00e9dio e preocupa\u00e7\u00e3o fiscal; entenda","description":"Com al\u00edvio no mercado internacional, o d\u00f3lar caiu abaixo de R$ 5,20. Apesar disso, a semana foi de alta para a moeda americana.","robots":{"index":"index","follow":"follow","max-snippet":"max-snippet:-1","max-image-preview":"max-image-preview:large","max-video-preview":"max-video-preview:-1"},"canonical":"https:\/\/www.suno.com.br\/noticias\/dolar-cai-sexta-mas-sobe-na-semana-jo\/","og_locale":"pt_BR","og_type":"article","og_title":"D\u00f3lar cai para R$ 5,19, mas sobe na semana com tens\u00f5es no Oriente M\u00e9dio e preocupa\u00e7\u00e3o fiscal; entenda","og_description":"Com al\u00edvio no mercado internacional, o d\u00f3lar caiu abaixo de R$ 5,20. Apesar disso, a semana foi de alta para a moeda americana.","og_url":"https:\/\/www.suno.com.br\/noticias\/dolar-cai-sexta-mas-sobe-na-semana-jo\/","og_site_name":"Suno Not\u00edcias","article_publisher":"https:\/\/facebook.com\/sunoresearch","article_author":"https:\/\/www.facebook.com\/sunonoticias\/","og_image":[{"width":1254,"height":836,"url":"https:\/\/files.sunoresearch.com.br\/n\/uploads\/2024\/04\/iStock-1369127419.jpg","type":"image\/jpeg"}],"author":"Reda\u00e7\u00e3o Suno Not\u00edcias","twitter_card":"summary_large_image","twitter_creator":"@https:\/\/twitter.com\/sunoresearch","twitter_site":"@sunoresearch","twitter_misc":{"Escrito por":"Reda\u00e7\u00e3o Suno Not\u00edcias","Est. tempo de leitura":"3 minutos"},"schema":{"@context":"https:\/\/schema.org","@graph":[{"@type":"NewsArticle","@id":"https:\/\/www.suno.com.br\/noticias\/dolar-cai-sexta-mas-sobe-na-semana-jo\/#article","isPartOf":{"@id":"https:\/\/www.suno.com.br\/noticias\/dolar-cai-sexta-mas-sobe-na-semana-jo\/"},"author":{"name":"Reda\u00e7\u00e3o Suno Not\u00edcias","@id":"https:\/\/www.suno.com.br\/noticias\/#\/schema\/person\/c1b1bd3727fa852bd045e9dbff3673ea"},"headline":"D\u00f3lar cai para R$ 5,19, mas sobe na semana com tens\u00f5es no Oriente M\u00e9dio e preocupa\u00e7\u00e3o fiscal; entenda","datePublished":"2024-04-20T13:50:38+00:00","dateModified":"2024-04-20T13:56:07+00:00","mainEntityOfPage":{"@id":"https:\/\/www.suno.com.br\/noticias\/dolar-cai-sexta-mas-sobe-na-semana-jo\/"},"wordCount":451,"publisher":{"@id":"https:\/\/www.suno.com.br\/noticias\/#organization"},"image":{"@id":"https:\/\/www.suno.com.br\/noticias\/dolar-cai-sexta-mas-sobe-na-semana-jo\/#primaryimage"},"thumbnailUrl":"https:\/\/files.sunoresearch.com.br\/n\/uploads\/2024\/04\/iStock-1369127419.jpg","keywords":["d\u00f3lar"],"articleSection":["Economia"],"inLanguage":"pt-BR"},{"@type":"WebPage","@id":"https:\/\/www.suno.com.br\/noticias\/dolar-cai-sexta-mas-sobe-na-semana-jo\/","url":"https:\/\/www.suno.com.br\/noticias\/dolar-cai-sexta-mas-sobe-na-semana-jo\/","name":"D\u00f3lar cai para R$ 5,19, mas sobe na semana com tens\u00f5es no Oriente M\u00e9dio e preocupa\u00e7\u00e3o fiscal; entenda","isPartOf":{"@id":"https:\/\/www.suno.com.br\/noticias\/#website"},"primaryImageOfPage":{"@id":"https:\/\/www.suno.com.br\/noticias\/dolar-cai-sexta-mas-sobe-na-semana-jo\/#primaryimage"},"image":{"@id":"https:\/\/www.suno.com.br\/noticias\/dolar-cai-sexta-mas-sobe-na-semana-jo\/#primaryimage"},"thumbnailUrl":"https:\/\/files.sunoresearch.com.br\/n\/uploads\/2024\/04\/iStock-1369127419.jpg","datePublished":"2024-04-20T13:50:38+00:00","dateModified":"2024-04-20T13:56:07+00:00","description":"Com al\u00edvio no mercado internacional, o d\u00f3lar caiu abaixo de R$ 5,20. Apesar disso, a semana foi de alta para a moeda americana.","breadcrumb":{"@id":"https:\/\/www.suno.com.br\/noticias\/dolar-cai-sexta-mas-sobe-na-semana-jo\/#breadcrumb"},"inLanguage":"pt-BR","potentialAction":[{"@type":"ReadAction","target":["https:\/\/www.suno.com.br\/noticias\/dolar-cai-sexta-mas-sobe-na-semana-jo\/"]}]},{"@type":"ImageObject","inLanguage":"pt-BR","@id":"https:\/\/www.suno.com.br\/noticias\/dolar-cai-sexta-mas-sobe-na-semana-jo\/#primaryimage","url":"https:\/\/files.sunoresearch.com.br\/n\/uploads\/2024\/04\/iStock-1369127419.jpg","contentUrl":"https:\/\/files.sunoresearch.com.br\/n\/uploads\/2024\/04\/iStock-1369127419.jpg","width":1254,"height":836,"caption":"Aposentadoria. Foto: iStock."},{"@type":"BreadcrumbList","@id":"https:\/\/www.suno.com.br\/noticias\/dolar-cai-sexta-mas-sobe-na-semana-jo\/#breadcrumb","itemListElement":[{"@type":"ListItem","position":1,"name":"Not\u00edcias","item":"https:\/\/www.suno.com.br\/noticias\/"},{"@type":"ListItem","position":2,"name":"Economia","item":"https:\/\/www.suno.com.br\/noticias\/economia\/"},{"@type":"ListItem","position":3,"name":"D\u00f3lar cai para R$ 5,19, mas sobe na semana com tens\u00f5es no Oriente M\u00e9dio e preocupa\u00e7\u00e3o fiscal; entenda"}]},{"@type":"WebSite","@id":"https:\/\/www.suno.com.br\/noticias\/#website","url":"https:\/\/www.suno.com.br\/noticias\/","name":"Suno Not\u00edcias","description":"Seu portal de informa\u00e7\u00e3o sobre o mundo dos investimentos","publisher":{"@id":"https:\/\/www.suno.com.br\/noticias\/#organization"},"potentialAction":[{"@type":"SearchAction","target":{"@type":"EntryPoint","urlTemplate":"https:\/\/www.suno.com.br\/noticias\/?s={search_term_string}"},"query-input":{"@type":"PropertyValueSpecification","valueRequired":true,"valueName":"search_term_string"}}],"inLanguage":"pt-BR"},{"@type":"Organization","@id":"https:\/\/www.suno.com.br\/noticias\/#organization","name":"Suno Not\u00edcias","url":"https:\/\/www.suno.com.br\/noticias\/","logo":{"@type":"ImageObject","inLanguage":"pt-BR","@id":"https:\/\/www.suno.com.br\/noticias\/#\/schema\/logo\/image\/","url":"https:\/\/files.sunoresearch.com.br\/n\/uploads\/2021\/09\/suno-logo.png","contentUrl":"https:\/\/files.sunoresearch.com.br\/n\/uploads\/2021\/09\/suno-logo.png","width":180,"height":180,"caption":"Suno Not\u00edcias"},"image":{"@id":"https:\/\/www.suno.com.br\/noticias\/#\/schema\/logo\/image\/"},"sameAs":["https:\/\/facebook.com\/sunoresearch","https:\/\/x.com\/sunoresearch","https:\/\/www.instagram.com\/suno","https:\/\/www.linkedin.com\/company\/suno-research\/","https:\/\/www.youtube.com\/c\/sunoresearch"]},{"@type":"Person","@id":"https:\/\/www.suno.com.br\/noticias\/#\/schema\/person\/c1b1bd3727fa852bd045e9dbff3673ea","name":"Reda\u00e7\u00e3o Suno Not\u00edcias","image":{"@type":"ImageObject","inLanguage":"pt-BR","@id":"https:\/\/www.suno.com.br\/noticias\/#\/schema\/person\/image\/","url":"https:\/\/secure.gravatar.com\/avatar\/b8104b9b5a71985d5238ee59fbe418af?s=96&r=g","contentUrl":"https:\/\/secure.gravatar.com\/avatar\/b8104b9b5a71985d5238ee59fbe418af?s=96&r=g","caption":"Reda\u00e7\u00e3o Suno Not\u00edcias"},"description":"O Suno Not\u00edcias \u00e9 um portal de informa\u00e7\u00f5es sobre Mercado Financeiro, Pol\u00edtica, Neg\u00f3cios, Economia e Finan\u00e7as Pessoais.","sameAs":["https:\/\/www.suno.com.br\/noticias","https:\/\/www.facebook.com\/sunonoticias\/","https:\/\/www.instagram.com\/sunonoticias\/","https:\/\/x.com\/https:\/\/twitter.com\/sunoresearch","https:\/\/www.youtube.com\/sunonoticias"],"url":"https:\/\/www.suno.com.br\/noticias\/author\/redacao-suno\/"}]}},"default_loop_html":"<div class=\"cardsPage__listCard__boxs\"><div class=\"cardsPage__listCard__boxs__img\"><a href=\"https:\/\/www.suno.com.br\/noticias\/dolar-cai-sexta-mas-sobe-na-semana-jo\/\"><img class=\"mask\" src=\"https:\/\/www.suno.com.br\/noticias\/wp-content\/themes\/suno\/resources\/images\/spotlight\/spotlight1img\/bg-mask.png\" alt=\"Image Mask\"\/><img src=\"https:\/\/files.sunoresearch.com.br\/n\/uploads\/2024\/04\/iStock-1369127419-400x200.jpg\" alt=\"D\u00f3lar cai para R$ 5,19, mas sobe na semana com tens\u00f5es no Oriente M\u00e9dio e preocupa\u00e7\u00e3o fiscal; entenda\"\/><\/a><span class=\"spotlightCategory\"><a href=\"https:\/\/www.suno.com.br\/noticias\/economia\/\">Economia<\/a><\/span><\/div><div class=\"cardsPage__listCard__boxs__content\"><a href=\"https:\/\/www.suno.com.br\/noticias\/dolar-cai-sexta-mas-sobe-na-semana-jo\/\"><h2 class=\"content__title\">D\u00f3lar cai para R$ 5,19, mas sobe na semana com tens\u00f5es no Oriente M\u00e9dio e preocupa\u00e7\u00e3o fiscal; entenda<\/h2><\/a><div class=\"newsContent__article__meta\"><div class=\"newsContent__article__meta__authorBox\"><a href=\"https:\/\/www.suno.com.br\/noticias\/author\/redacao-suno\/\" class=\"authorBox__avatar noMobi\"><img src=\"https:\/\/files.sunoresearch.com.br\/n\/uploads\/2020\/08\/0ace682d-redacao-1-150x150.webp\" alt=\"Reda\u00e7\u00e3o Suno Not\u00edcias\"><\/a><div class=\"authorBox__name\"><span>por\n\t\t\t<a href=\"https:\/\/www.suno.com.br\/noticias\/author\/redacao-suno\/\"><span itemprop=\"author\">Reda\u00e7\u00e3o Suno Not\u00edcias<\/span><\/a><\/span><time datetime=\"2024-04-20T10:50:38-03:00\" itemprop=\"datePublished\">20\/04\/2024 10:50<\/time><\/div><\/div><\/div><\/div><\/div>","single_layout":"posts","amp_enabled":true,"_links":{"self":[{"href":"https:\/\/www.suno.com.br\/noticias\/wp-json\/wp\/v2\/posts\/546018"}],"collection":[{"href":"https:\/\/www.suno.com.br\/noticias\/wp-json\/wp\/v2\/posts"}],"about":[{"href":"https:\/\/www.suno.com.br\/noticias\/wp-json\/wp\/v2\/types\/post"}],"author":[{"embeddable":true,"href":"https:\/\/www.suno.com.br\/noticias\/wp-json\/wp\/v2\/users\/43"}],"replies":[{"embeddable":true,"href":"https:\/\/www.suno.com.br\/noticias\/wp-json\/wp\/v2\/comments?post=546018"}],"version-history":[{"count":2,"href":"https:\/\/www.suno.com.br\/noticias\/wp-json\/wp\/v2\/posts\/546018\/revisions"}],"predecessor-version":[{"id":546135,"href":"https:\/\/www.suno.com.br\/noticias\/wp-json\/wp\/v2\/posts\/546018\/revisions\/546135"}],"wp:featuredmedia":[{"embeddable":true,"href":"https:\/\/www.suno.com.br\/noticias\/wp-json\/wp\/v2\/media\/545753"}],"wp:attachment":[{"href":"https:\/\/www.suno.com.br\/noticias\/wp-json\/wp\/v2\/media?parent=546018"}],"wp:term":[{"taxonomy":"category","embeddable":true,"href":"https:\/\/www.suno.com.br\/noticias\/wp-json\/wp\/v2\/categories?post=546018"},{"taxonomy":"post_tag","embeddable":true,"href":"https:\/\/www.suno.com.br\/noticias\/wp-json\/wp\/v2\/tags?post=546018"},{"taxonomy":"suno_strategy","embeddable":true,"href":"https:\/\/www.suno.com.br\/noticias\/wp-json\/wp\/v2\/suno_strategy?post=546018"}],"curies":[{"name":"wp","href":"https:\/\/api.w.org\/{rel}","templated":true}]}}