{"id":545971,"date":"2024-04-19T20:36:28","date_gmt":"2024-04-19T23:36:28","guid":{"rendered":"https:\/\/www.suno.com.br\/noticias\/?p=545971"},"modified":"2024-04-19T22:28:12","modified_gmt":"2024-04-20T01:28:12","slug":"emae-arrematada-bilhao-privatizacao-sp-evm","status":"publish","type":"post","link":"https:\/\/www.suno.com.br\/noticias\/emae-arrematada-bilhao-privatizacao-sp-evm\/","title":{"rendered":"Emae (EMAE4) \u00e9 arrematada por R$ 1 bilh\u00e3o em leil\u00e3o de privatiza\u00e7\u00e3o; fundo comprador tem Tanure como cotista"},"content":{"rendered":"<p>O Fundo Phoenix, administrado pela Trustee DTVM, e que tem entre seus cotistas o empres\u00e1rio <a class=\"suno-keyword\" data-force=\"no\" data-priority=\"2\" href=\"https:\/\/www.suno.com.br\/tudo-sobre\/nelson-tanure\/\" target=\"_blank\" rel=\"noopener\">Nelson Tanure<\/a>, venceu o primeiro leil\u00e3o de privatiza\u00e7\u00e3o do governador do Estado de S\u00e3o Paulo Tarc\u00edsio de Freitas, arrematando a <a href=\"https:\/\/www.suno.com.br\/acoes\/emae4\/\"><strong>Emae<\/strong> (EMAE4)<\/a> por R$ 1,04 bilh\u00e3o.<\/p><div class=\"videoFull \">\n\t\t\t<div class=\"videoWrapper yt-lazyload center\"\n\t\t\t\tdata-width=\"960\"\n\t\t\t\tdata-height=\"540\"\n\t\t\t\tdata-id=\"BV7IM_4qNcU\"\n\t\t\t\tdata-alt=\"V\u00eddeo do YouTube - clique para reproduzir\"\n\t\t\t\tdata-logo=\"3\"\n\t\t\t\tdata-imagequality=\"maxres\">\n\t\t\t<\/div>\n\t\t<\/div><script type=\"application\/ld+json\">{\"@context\":\"https:\/\/schema.org\",\"@type\":\"VideoObject\",\"name\":\"\ud83d\udd34PETROBRAS (PETR4) SOBE COM POSSIBILIDADE DE DIVIDENDOS | Ibovespa avan\u00e7a | Notredame e Lei Rouanet\",\"description\":\"#mercadofinanceiro #a\u00e7\u00f5es #investimentos #bolsadevalores #ibovespa #dinheiro #finan\u00e7as #pol\u00edtica #d\u00f3lar #livedas19h #petr4 #petr3 #petrobras #vale3 #vale #a\u00e7\u00f5es #economia #dividendos #min\u00e9riodeferro #min\u00e9rio #petr\u00f3leo #commodities #proventos #jcp #statusinvest #statusalpha #governo #lula #ceo #presidente \ud83d\udd34\ud83d\udccaINVISTA MELHOR COM STATUS ALPHA: https:\/\/lp.statusinvest.com.br\/ao\/status-alpha\/?utm_source=youtube.noticias&utm_medium=live 00:00 In\u00edcio do v\u00eddeo 02:30 Fechamento de preg\u00e3o 06:50 Rumores sobre dividendos de PETR4 10:15 Notredame multada por Lei\u2026\",\"duration\":\"PT22M23S\",\"embedUrl\":\"https:\/\/www.youtube.com\/embed\/BV7IM_4qNcU\",\"regionsAllowed\":\"en-US\",\"interactionStatistic\":{\"@type\":\"InteractionCounter\",\"interactionType\":{\"@type\":\"WatchAction\"},\"userInteractionCount\":6069},\"thumbnailUrl\":\"https:\/\/i.ytimg.com\/vi\/BV7IM_4qNcU\/default.jpg\",\"uploadDate\":\"2024-04-20T10:26:10Z\"}<\/script>\n\n\n\n\n\n\n\t<p>\n\t\t<a href=\"https:\/\/lp.suno.com.br\/planilha-da-vida-financeira\/\" target=\"_blank\" data-element=\"shortcode-suno-banner\" title=\"Banner SUNO, clique e saiba mais\">\n\t\t\t<picture>\n\t\t\t\t<source media=\"(max-width: 500px)\" srcset=\"https:\/\/files.sunoresearch.com.br\/n\/uploads\/2023\/04\/400x300-Planilha-vida-financeira-true.png\">\n\t\t\t\t<img class=\"newsContent__article__imgCapa newsContent__article__imgCapa--banner\"\n\t\t\t\t\tsrc=\"https:\/\/files.sunoresearch.com.br\/n\/uploads\/2023\/04\/1420x240-Planilha-vida-financeira-true.png\"\n\t\t\t\t\tdata-promo-id=\"106682\"\t\t\t\t\t\t\t\t\t\twidth='1420' height='240'\t\t\t\t\talt=\"https:\/\/files.sunoresearch.com.br\/n\/uploads\/2023\/04\/1420x240-Planilha-vida-financeira-true.png\"\n\t\t\t\t>\n\t\t\t<\/picture>\n\t\t<\/a>\n\t<\/p>\n\n\n\n\n\n<p>Com isso, o valor pago pela Emae teve des\u00e1gio de 33,68%.<\/p>\n\n\n\n<p>As <strong>a\u00e7\u00f5es da Emae<\/strong>, que se mantinham est\u00e1veis at\u00e9 o in\u00edcio do leil\u00e3o, despencou durante a disputa. At\u00e9 as 16h38, os pap\u00e9is derretiam 32,89%. Fecharam em queda de 28,42%.<\/p>\n\n\n\n<p>Al\u00e9m do <strong>Fundo Phoenix<\/strong>, participaram da disputa a Matrix Energy &#8211; ligada \u00e0 comercializadora Matrix Energia, empresa detida pela DXT International S.A. (50,01%), parte do Grupo Duferco, e por fundos de investimento sob gest\u00e3o da Prisma Capital (49,99%) &#8211; e o grupo franc\u00eas EDF. A disputa ocorreu na tarde desta sexta-feira, na B3, na capital paulista.<\/p>\n\n\n\n<p>O vencedor do certame passar\u00e1 a gerir um ativo com 906 megawatts (MW) em gera\u00e7\u00e3o hidrel\u00e9trica suficiente para abastecer 825 mil resid\u00eancias na Grande S\u00e3o Paulo. A hidrel\u00e9trica de Henry Borden (889 MW) \u00e9 o principal ativo da empresa, inaugurada em 1920 e localizada no p\u00e9 da Serra do Mar.<\/p>\n\n\n\n<p>O portf\u00f3lio conta ainda com outras tr\u00eas Pequenas Centrais Hidrel\u00e9tricas (PCH), oito barragens e duas usinas elevat\u00f3rias. <\/p>\n\n\n\n<p>A empresa tamb\u00e9m tem papel importante no controle das cheias no Estado, regulando os n\u00edveis dos rios Pinheiros e Tiet\u00ea e ajudando a prevenir alagamentos. Para isso, \u00e9 feito o bombeamento das \u00e1guas do rio para o Reservat\u00f3rio Billings.<\/p>\n\n\n\n\t<div data-element=\"shortcode-read-more\" class=\"readToo\">\n\t\t\t\t<span class=\"readToo__title\">Leia mais<\/span>\n\t\t\t\t<ul class=\"readToo__list\">\n\t\t\t<li><a href=\"https:\/\/www.suno.com.br\/noticias\/cosan-csan3-vende-milhoes-acoes-vale-vale3-jvj\/\">Cosan (CSAN3) vende 33,525 milh\u00f5es de a\u00e7\u00f5es da Vale (VALE3); veja os motivos<\/a><\/li><li><a href=\"https:\/\/www.suno.com.br\/noticias\/acoes-petrobras-petr4-melhor-semana-bolsa-valores-19-04-24-jvj\/\">Petrobras (PETR4) tem melhor semana na Bolsa em 3 meses<\/a><\/li><li><a href=\"https:\/\/www.suno.com.br\/noticias\/emae-emae4-emae4-dividendos-abril-evm\/\">Emae (EMAE4) pagar\u00e1 R$ 28 milh\u00f5es em dividendos; veja<\/a><\/li>\t\t<\/ul>\n\t<\/div>\n\n\n\n\n<p>Outro servi\u00e7o prestado pela Emae \u00e9 a travessia por meio de balsa. A empresa transporta diariamente pessoas e ve\u00edculos nas travessias Boror\u00e9, Taquacetuba e Jo\u00e3o Basso. <\/p>\n\n\n\n<p>&#8220;Mensalmente, o servi\u00e7o da Emae realiza uma m\u00e9dia de 14 mil viagens e transporta gratuitamente 161 mil passageiros e 158 mil ve\u00edculos&#8221;, informou o Governo do Estado.<\/p>\n\n\n\n<p>Embora seja uma empresa pequena, a <strong>privatiza\u00e7\u00e3o da Emae<\/strong> tem grande significado para Tarc\u00edsio de Freitas, que consegue avan\u00e7ar com um processo que vinha sendo considerado um teste para a privatiza\u00e7\u00e3o da Sabesp (SBSP3).<\/p>\n\n\n\n<p>No ano passado, a Emae teve <a class=\"suno-keyword\" data-force=\"no\" data-priority=\"1\" href=\"https:\/\/www.suno.com.br\/artigos\/o-que-receita-liquida\/\" target=\"_blank\" rel=\"noopener\">receita l\u00edquida<\/a> de R$ 603 milh\u00f5es e <a class=\"suno-keyword\" data-force=\"no\" data-priority=\"1\" href=\"https:\/\/www.suno.com.br\/artigos\/valor-de-mercado\/\" target=\"_blank\" rel=\"noopener\">valor de mercado<\/a>, de R$ 2,3 bilh\u00f5es. Al\u00e9m do governo paulista, participam da composi\u00e7\u00e3o acion\u00e1ria da estatal a Companhia Metropolitana de S\u00e3o Paulo, a Eletrobras (ELET3) e uma parcela minorit\u00e1ria com outros acionistas. <\/p>\n\n\n\n<p>A fatia \u00e0 venda corresponde \u00e0s participa\u00e7\u00f5es do governo e do Metr\u00f4, que somam quase 40% da empresa.<\/p>\n\n\n\t<p>\n\t\t<a href=\"https:\/\/lp.suno.com.br\/ebook-como-analisar-uma-acao\/\" target=\"_blank\" data-element=\"shortcode-suno-banner\" title=\"Banner SUNO, clique e saiba mais\">\n\t\t\t<picture>\n\t\t\t\t<source media=\"(max-width: 500px)\" srcset=\"https:\/\/files.sunoresearch.com.br\/n\/uploads\/2023\/03\/Ebook-Acoes-Mobile.jpg\">\n\t\t\t\t<img class=\"newsContent__article__imgCapa newsContent__article__imgCapa--banner\"\n\t\t\t\t\tsrc=\"https:\/\/files.sunoresearch.com.br\/n\/uploads\/2023\/03\/Ebook-Acoes-Desktop.jpg\"\n\t\t\t\t\tdata-promo-id=\"378302\"\t\t\t\t\t\t\t\t\t\twidth='1420' height='286'\t\t\t\t\talt=\"https:\/\/files.sunoresearch.com.br\/n\/uploads\/2023\/03\/Ebook-Acoes-Desktop.jpg\"\n\t\t\t\t>\n\t\t\t<\/picture>\n\t\t<\/a>\n\t<\/p>\n\n\n\n\n\n<h2 class=\"wp-block-heading\">Inten\u00e7\u00e3o do Phoenix \u00e9 fazer EMAE crescer e elevar o patamar, expressa Mauricio Quadrado<\/h2>\n\n\n\n<p>O Fundo Phoenix, que arrematou a estatal paulista EMAE, pretende fazer a empresa crescer e alcan\u00e7ar um patamar maior do que o verificado hoje, disse h\u00e1 pouco o presidente do Banco M\u00e1ster de Investimento, Mauricio Quadrado.<\/p>\n\n\n\n<p>&#8220;Estamos pegando uma empresa arrumada, acho que nossa responsabilidade aumenta agora, para faz\u00ea-la crescer mais ainda, gerar mais emprego, essa \u00e9 nossa ideia&#8221;, disse Quadrado, em discurso pouco antes de bater o martelo para marcar a finaliza\u00e7\u00e3o do leil\u00e3o. <\/p>\n\n\n\n<p>O banco atuou como corretora do fundo.<\/p>\n\n\n\n<p>Ele disse tamb\u00e9m que o grupo de investidores que comp\u00f5e o Fundo Phoenix j\u00e1 est\u00e1 no setor el\u00e9trico, &#8220;conhece muito o setor e vai conseguir trazer a empresa para um patamar melhor que j\u00e1 esta hoje&#8221;.<\/p>\n\n\n\n<p>O fundo ofereceu R$ 70,65 por a\u00e7\u00e3o da <strong>EMAE<\/strong>, com \u00e1gio de 33,68% em rela\u00e7\u00e3o ao pre\u00e7o m\u00ednimo R$ 52,85\/a\u00e7\u00e3o, superando outros dois concorrentes, a francesa EDF e a comercializadora Matrix. Considerando o montante total de a\u00e7\u00f5es \u00e0 venda pelo governo paulista &#8211; 14,7 milh\u00f5es que o Estado det\u00e9m diretamente e outras 350 mil que pertencem ao Metr\u00f4 &#8211; a opera\u00e7\u00e3o totaliza R$ 1,04 bilh\u00e3o, acima do pre\u00e7o m\u00ednimo de R$ 780 milh\u00f5es.<\/p>\n\n\n\n<p><em>Com Estad\u00e3o Conte\u00fado<\/em><\/p>\n\n\n\t<p>\n\t\t<a href=\"https:\/\/lp.suno.com.br\/planilha-da-vida-financeira\/\" target=\"_blank\" data-element=\"shortcode-suno-banner\" title=\"Banner SUNO, clique e saiba mais\">\n\t\t\t<picture>\n\t\t\t\t<source media=\"(max-width: 500px)\" srcset=\"https:\/\/files.sunoresearch.com.br\/n\/uploads\/2023\/04\/400x300-Planilha-vida-financeira-true.png\">\n\t\t\t\t<img class=\"newsContent__article__imgCapa newsContent__article__imgCapa--banner\"\n\t\t\t\t\tsrc=\"https:\/\/files.sunoresearch.com.br\/n\/uploads\/2023\/04\/1420x240-Planilha-vida-financeira-true.png\"\n\t\t\t\t\tdata-promo-id=\"383123\"\t\t\t\t\t\t\t\t\t\twidth='1420' height='240'\t\t\t\t\talt=\"https:\/\/files.sunoresearch.com.br\/n\/uploads\/2023\/04\/1420x240-Planilha-vida-financeira-true.png\"\n\t\t\t\t>\n\t\t\t<\/picture>\n\t\t<\/a>\n\t<\/p>\n\n\n","protected":false},"excerpt":{"rendered":"<p>O Fundo Phoenix, administrado pela Trustee DTVM, e que tem entre seus cotistas o empres\u00e1rio Nelson Tanure, venceu o primeiro leil\u00e3o de privatiza\u00e7\u00e3o do governador do Estado de S\u00e3o Paulo Tarc\u00edsio de Freitas, arrematando a Emae (EMAE4) por R$ 1,04 bilh\u00e3o. Com isso, o valor pago pela Emae teve des\u00e1gio de 33,68%. As a\u00e7\u00f5es da [&hellip;]<\/p>\n","protected":false},"author":73,"featured_media":151887,"comment_status":"closed","ping_status":"closed","sticky":false,"template":"","format":"standard","meta":[],"categories":[64],"tags":[106444,945],"suno_strategy":[],"class_list":["post-545971","post","type-post","status-publish","format-standard","has-post-thumbnail","hentry","category-negocios","tag-agencias","tag-privatizacoes"],"yoast_head":"<!-- This site is optimized with the Yoast SEO plugin v24.4 - https:\/\/yoast.com\/wordpress\/plugins\/seo\/ -->\n<title>Emae (EMAE4) \u00e9 arrematada por R$ 1 bilh\u00e3o em leil\u00e3o em SP<\/title>\n<meta name=\"description\" content=\"As a\u00e7\u00f5es da Emae, que se mantinham est\u00e1veis at\u00e9 o in\u00edcio do leil\u00e3o, despencou durante a disputa. Os pap\u00e9is fecharam com queda de 28%\" \/>\n<meta name=\"robots\" content=\"index, follow, max-snippet:-1, max-image-preview:large, max-video-preview:-1\" \/>\n<link rel=\"canonical\" href=\"https:\/\/www.suno.com.br\/noticias\/emae-arrematada-bilhao-privatizacao-sp-evm\/\" \/>\n<meta property=\"og:locale\" content=\"pt_BR\" \/>\n<meta property=\"og:type\" content=\"article\" \/>\n<meta property=\"og:title\" content=\"Emae (EMAE4) \u00e9 arrematada por R$ 1 bilh\u00e3o em leil\u00e3o em SP\" \/>\n<meta property=\"og:description\" content=\"As a\u00e7\u00f5es da Emae, que se mantinham est\u00e1veis at\u00e9 o in\u00edcio do leil\u00e3o, despencou durante a disputa. Os pap\u00e9is fecharam com queda de 28%\" \/>\n<meta property=\"og:url\" content=\"https:\/\/www.suno.com.br\/noticias\/emae-arrematada-bilhao-privatizacao-sp-evm\/\" \/>\n<meta property=\"og:site_name\" content=\"Suno Not\u00edcias\" \/>\n<meta property=\"article:publisher\" content=\"https:\/\/facebook.com\/sunoresearch\" \/>\n<meta property=\"og:image\" content=\"https:\/\/files.sunoresearch.com.br\/n\/uploads\/2021\/05\/593271b8-power-lines-1868352_1280.jpg\" \/>\n\t<meta property=\"og:image:width\" content=\"1280\" \/>\n\t<meta property=\"og:image:height\" content=\"853\" \/>\n\t<meta property=\"og:image:type\" content=\"image\/jpeg\" \/>\n<meta name=\"author\" content=\"Eduardo Vargas\" \/>\n<meta name=\"twitter:card\" content=\"summary_large_image\" \/>\n<meta name=\"twitter:creator\" content=\"@sunoresearch\" \/>\n<meta name=\"twitter:site\" content=\"@sunoresearch\" \/>\n<meta name=\"twitter:label1\" content=\"Escrito por\" \/>\n\t<meta name=\"twitter:data1\" content=\"Eduardo Vargas\" \/>\n\t<meta name=\"twitter:label2\" content=\"Est. tempo de leitura\" \/>\n\t<meta name=\"twitter:data2\" content=\"4 minutos\" \/>\n<script type=\"application\/ld+json\" class=\"yoast-schema-graph\">{\"@context\":\"https:\/\/schema.org\",\"@graph\":[{\"@type\":\"NewsArticle\",\"@id\":\"https:\/\/www.suno.com.br\/noticias\/emae-arrematada-bilhao-privatizacao-sp-evm\/#article\",\"isPartOf\":{\"@id\":\"https:\/\/www.suno.com.br\/noticias\/emae-arrematada-bilhao-privatizacao-sp-evm\/\"},\"author\":{\"name\":\"Eduardo Vargas\",\"@id\":\"https:\/\/www.suno.com.br\/noticias\/#\/schema\/person\/7f4d362bf3518e76090143ae77bb49a5\"},\"headline\":\"Emae (EMAE4) \u00e9 arrematada por R$ 1 bilh\u00e3o em leil\u00e3o de privatiza\u00e7\u00e3o; fundo comprador tem Tanure como cotista\",\"datePublished\":\"2024-04-19T23:36:28+00:00\",\"dateModified\":\"2024-04-20T01:28:12+00:00\",\"mainEntityOfPage\":{\"@id\":\"https:\/\/www.suno.com.br\/noticias\/emae-arrematada-bilhao-privatizacao-sp-evm\/\"},\"wordCount\":671,\"publisher\":{\"@id\":\"https:\/\/www.suno.com.br\/noticias\/#organization\"},\"image\":{\"@id\":\"https:\/\/www.suno.com.br\/noticias\/emae-arrematada-bilhao-privatizacao-sp-evm\/#primaryimage\"},\"thumbnailUrl\":\"https:\/\/files.sunoresearch.com.br\/n\/uploads\/2021\/05\/593271b8-power-lines-1868352_1280-jpg.webp\",\"keywords\":[\"Ag\u00eancias\",\"privatiza\u00e7\u00f5es\"],\"articleSection\":[\"Neg\u00f3cios\"],\"inLanguage\":\"pt-BR\"},{\"@type\":\"WebPage\",\"@id\":\"https:\/\/www.suno.com.br\/noticias\/emae-arrematada-bilhao-privatizacao-sp-evm\/\",\"url\":\"https:\/\/www.suno.com.br\/noticias\/emae-arrematada-bilhao-privatizacao-sp-evm\/\",\"name\":\"Emae (EMAE4) \u00e9 arrematada por R$ 1 bilh\u00e3o em leil\u00e3o em SP\",\"isPartOf\":{\"@id\":\"https:\/\/www.suno.com.br\/noticias\/#website\"},\"primaryImageOfPage\":{\"@id\":\"https:\/\/www.suno.com.br\/noticias\/emae-arrematada-bilhao-privatizacao-sp-evm\/#primaryimage\"},\"image\":{\"@id\":\"https:\/\/www.suno.com.br\/noticias\/emae-arrematada-bilhao-privatizacao-sp-evm\/#primaryimage\"},\"thumbnailUrl\":\"https:\/\/files.sunoresearch.com.br\/n\/uploads\/2021\/05\/593271b8-power-lines-1868352_1280-jpg.webp\",\"datePublished\":\"2024-04-19T23:36:28+00:00\",\"dateModified\":\"2024-04-20T01:28:12+00:00\",\"description\":\"As a\u00e7\u00f5es da Emae, que se mantinham est\u00e1veis at\u00e9 o in\u00edcio do leil\u00e3o, despencou durante a disputa. Os pap\u00e9is fecharam com queda de 28%\",\"breadcrumb\":{\"@id\":\"https:\/\/www.suno.com.br\/noticias\/emae-arrematada-bilhao-privatizacao-sp-evm\/#breadcrumb\"},\"inLanguage\":\"pt-BR\",\"potentialAction\":[{\"@type\":\"ReadAction\",\"target\":[\"https:\/\/www.suno.com.br\/noticias\/emae-arrematada-bilhao-privatizacao-sp-evm\/\"]}]},{\"@type\":\"ImageObject\",\"inLanguage\":\"pt-BR\",\"@id\":\"https:\/\/www.suno.com.br\/noticias\/emae-arrematada-bilhao-privatizacao-sp-evm\/#primaryimage\",\"url\":\"https:\/\/files.sunoresearch.com.br\/n\/uploads\/2021\/05\/593271b8-power-lines-1868352_1280-jpg.webp\",\"contentUrl\":\"https:\/\/files.sunoresearch.com.br\/n\/uploads\/2021\/05\/593271b8-power-lines-1868352_1280-jpg.webp\",\"width\":1280,\"height\":853,\"caption\":\"Cons\u00f3rcio brecou planos de Doria de realizar a privatiza\u00e7\u00e3o da Emae ainda em 2021 - Foto: Pixabay\"},{\"@type\":\"BreadcrumbList\",\"@id\":\"https:\/\/www.suno.com.br\/noticias\/emae-arrematada-bilhao-privatizacao-sp-evm\/#breadcrumb\",\"itemListElement\":[{\"@type\":\"ListItem\",\"position\":1,\"name\":\"Not\u00edcias\",\"item\":\"https:\/\/www.suno.com.br\/noticias\/\"},{\"@type\":\"ListItem\",\"position\":2,\"name\":\"Neg\u00f3cios\",\"item\":\"https:\/\/www.suno.com.br\/noticias\/negocios\/\"},{\"@type\":\"ListItem\",\"position\":3,\"name\":\"Emae (EMAE4) \u00e9 arrematada por R$ 1 bilh\u00e3o em leil\u00e3o de privatiza\u00e7\u00e3o; fundo comprador tem Tanure como cotista\"}]},{\"@type\":\"WebSite\",\"@id\":\"https:\/\/www.suno.com.br\/noticias\/#website\",\"url\":\"https:\/\/www.suno.com.br\/noticias\/\",\"name\":\"Suno Not\u00edcias\",\"description\":\"Seu portal de informa\u00e7\u00e3o sobre o mundo dos investimentos\",\"publisher\":{\"@id\":\"https:\/\/www.suno.com.br\/noticias\/#organization\"},\"potentialAction\":[{\"@type\":\"SearchAction\",\"target\":{\"@type\":\"EntryPoint\",\"urlTemplate\":\"https:\/\/www.suno.com.br\/noticias\/?s={search_term_string}\"},\"query-input\":{\"@type\":\"PropertyValueSpecification\",\"valueRequired\":true,\"valueName\":\"search_term_string\"}}],\"inLanguage\":\"pt-BR\"},{\"@type\":\"Organization\",\"@id\":\"https:\/\/www.suno.com.br\/noticias\/#organization\",\"name\":\"Suno Not\u00edcias\",\"url\":\"https:\/\/www.suno.com.br\/noticias\/\",\"logo\":{\"@type\":\"ImageObject\",\"inLanguage\":\"pt-BR\",\"@id\":\"https:\/\/www.suno.com.br\/noticias\/#\/schema\/logo\/image\/\",\"url\":\"https:\/\/files.sunoresearch.com.br\/n\/uploads\/2021\/09\/suno-logo.png\",\"contentUrl\":\"https:\/\/files.sunoresearch.com.br\/n\/uploads\/2021\/09\/suno-logo.png\",\"width\":180,\"height\":180,\"caption\":\"Suno Not\u00edcias\"},\"image\":{\"@id\":\"https:\/\/www.suno.com.br\/noticias\/#\/schema\/logo\/image\/\"},\"sameAs\":[\"https:\/\/facebook.com\/sunoresearch\",\"https:\/\/x.com\/sunoresearch\",\"https:\/\/www.instagram.com\/suno\",\"https:\/\/www.linkedin.com\/company\/suno-research\/\",\"https:\/\/www.youtube.com\/c\/sunoresearch\"]},{\"@type\":\"Person\",\"@id\":\"https:\/\/www.suno.com.br\/noticias\/#\/schema\/person\/7f4d362bf3518e76090143ae77bb49a5\",\"name\":\"Eduardo Vargas\",\"image\":{\"@type\":\"ImageObject\",\"inLanguage\":\"pt-BR\",\"@id\":\"https:\/\/www.suno.com.br\/noticias\/#\/schema\/person\/image\/\",\"url\":\"https:\/\/secure.gravatar.com\/avatar\/dac340933427a22924c9f99d1eb2e3f2?s=96&r=g\",\"contentUrl\":\"https:\/\/secure.gravatar.com\/avatar\/dac340933427a22924c9f99d1eb2e3f2?s=96&r=g\",\"caption\":\"Eduardo Vargas\"},\"description\":\"Jornalista formado pela UFSC, cobre macroeconomia, neg\u00f3cios e startups para o Suno Not\u00edcias, escrevendo principalmente not\u00edcias sobre o mercado financeiro e a bolsa de valores. No YouTube e no Instagram, \u00e9 respons\u00e1vel pela produ\u00e7\u00e3o de Reels e Shorts do Suno Not\u00edcias. Anteriormente, trabalhou cobrindo economia e cotidiano no ND+ e para o ND, maior jornal impresso de Santa Catarina. Cursou um semestre letivo de Estudos de M\u00eddia na Universidad de Buenos Aires.\",\"url\":\"https:\/\/www.suno.com.br\/noticias\/author\/eduardo-vargas\/\"}]}<\/script>\n<!-- \/ Yoast SEO plugin. -->","yoast_head_json":{"title":"Emae (EMAE4) \u00e9 arrematada por R$ 1 bilh\u00e3o em leil\u00e3o em SP","description":"As a\u00e7\u00f5es da Emae, que se mantinham est\u00e1veis at\u00e9 o in\u00edcio do leil\u00e3o, despencou durante a disputa. Os pap\u00e9is fecharam com queda de 28%","robots":{"index":"index","follow":"follow","max-snippet":"max-snippet:-1","max-image-preview":"max-image-preview:large","max-video-preview":"max-video-preview:-1"},"canonical":"https:\/\/www.suno.com.br\/noticias\/emae-arrematada-bilhao-privatizacao-sp-evm\/","og_locale":"pt_BR","og_type":"article","og_title":"Emae (EMAE4) \u00e9 arrematada por R$ 1 bilh\u00e3o em leil\u00e3o em SP","og_description":"As a\u00e7\u00f5es da Emae, que se mantinham est\u00e1veis at\u00e9 o in\u00edcio do leil\u00e3o, despencou durante a disputa. Os pap\u00e9is fecharam com queda de 28%","og_url":"https:\/\/www.suno.com.br\/noticias\/emae-arrematada-bilhao-privatizacao-sp-evm\/","og_site_name":"Suno Not\u00edcias","article_publisher":"https:\/\/facebook.com\/sunoresearch","og_image":[{"width":1280,"height":853,"url":"https:\/\/files.sunoresearch.com.br\/n\/uploads\/2021\/05\/593271b8-power-lines-1868352_1280.jpg","type":"image\/jpeg"}],"author":"Eduardo Vargas","twitter_card":"summary_large_image","twitter_creator":"@sunoresearch","twitter_site":"@sunoresearch","twitter_misc":{"Escrito por":"Eduardo Vargas","Est. tempo de leitura":"4 minutos"},"schema":{"@context":"https:\/\/schema.org","@graph":[{"@type":"NewsArticle","@id":"https:\/\/www.suno.com.br\/noticias\/emae-arrematada-bilhao-privatizacao-sp-evm\/#article","isPartOf":{"@id":"https:\/\/www.suno.com.br\/noticias\/emae-arrematada-bilhao-privatizacao-sp-evm\/"},"author":{"name":"Eduardo Vargas","@id":"https:\/\/www.suno.com.br\/noticias\/#\/schema\/person\/7f4d362bf3518e76090143ae77bb49a5"},"headline":"Emae (EMAE4) \u00e9 arrematada por R$ 1 bilh\u00e3o em leil\u00e3o de privatiza\u00e7\u00e3o; fundo comprador tem Tanure como cotista","datePublished":"2024-04-19T23:36:28+00:00","dateModified":"2024-04-20T01:28:12+00:00","mainEntityOfPage":{"@id":"https:\/\/www.suno.com.br\/noticias\/emae-arrematada-bilhao-privatizacao-sp-evm\/"},"wordCount":671,"publisher":{"@id":"https:\/\/www.suno.com.br\/noticias\/#organization"},"image":{"@id":"https:\/\/www.suno.com.br\/noticias\/emae-arrematada-bilhao-privatizacao-sp-evm\/#primaryimage"},"thumbnailUrl":"https:\/\/files.sunoresearch.com.br\/n\/uploads\/2021\/05\/593271b8-power-lines-1868352_1280-jpg.webp","keywords":["Ag\u00eancias","privatiza\u00e7\u00f5es"],"articleSection":["Neg\u00f3cios"],"inLanguage":"pt-BR"},{"@type":"WebPage","@id":"https:\/\/www.suno.com.br\/noticias\/emae-arrematada-bilhao-privatizacao-sp-evm\/","url":"https:\/\/www.suno.com.br\/noticias\/emae-arrematada-bilhao-privatizacao-sp-evm\/","name":"Emae (EMAE4) \u00e9 arrematada por R$ 1 bilh\u00e3o em leil\u00e3o em SP","isPartOf":{"@id":"https:\/\/www.suno.com.br\/noticias\/#website"},"primaryImageOfPage":{"@id":"https:\/\/www.suno.com.br\/noticias\/emae-arrematada-bilhao-privatizacao-sp-evm\/#primaryimage"},"image":{"@id":"https:\/\/www.suno.com.br\/noticias\/emae-arrematada-bilhao-privatizacao-sp-evm\/#primaryimage"},"thumbnailUrl":"https:\/\/files.sunoresearch.com.br\/n\/uploads\/2021\/05\/593271b8-power-lines-1868352_1280-jpg.webp","datePublished":"2024-04-19T23:36:28+00:00","dateModified":"2024-04-20T01:28:12+00:00","description":"As a\u00e7\u00f5es da Emae, que se mantinham est\u00e1veis at\u00e9 o in\u00edcio do leil\u00e3o, despencou durante a disputa. Os pap\u00e9is fecharam com queda de 28%","breadcrumb":{"@id":"https:\/\/www.suno.com.br\/noticias\/emae-arrematada-bilhao-privatizacao-sp-evm\/#breadcrumb"},"inLanguage":"pt-BR","potentialAction":[{"@type":"ReadAction","target":["https:\/\/www.suno.com.br\/noticias\/emae-arrematada-bilhao-privatizacao-sp-evm\/"]}]},{"@type":"ImageObject","inLanguage":"pt-BR","@id":"https:\/\/www.suno.com.br\/noticias\/emae-arrematada-bilhao-privatizacao-sp-evm\/#primaryimage","url":"https:\/\/files.sunoresearch.com.br\/n\/uploads\/2021\/05\/593271b8-power-lines-1868352_1280-jpg.webp","contentUrl":"https:\/\/files.sunoresearch.com.br\/n\/uploads\/2021\/05\/593271b8-power-lines-1868352_1280-jpg.webp","width":1280,"height":853,"caption":"Cons\u00f3rcio brecou planos de Doria de realizar a privatiza\u00e7\u00e3o da Emae ainda em 2021 - Foto: Pixabay"},{"@type":"BreadcrumbList","@id":"https:\/\/www.suno.com.br\/noticias\/emae-arrematada-bilhao-privatizacao-sp-evm\/#breadcrumb","itemListElement":[{"@type":"ListItem","position":1,"name":"Not\u00edcias","item":"https:\/\/www.suno.com.br\/noticias\/"},{"@type":"ListItem","position":2,"name":"Neg\u00f3cios","item":"https:\/\/www.suno.com.br\/noticias\/negocios\/"},{"@type":"ListItem","position":3,"name":"Emae (EMAE4) \u00e9 arrematada por R$ 1 bilh\u00e3o em leil\u00e3o de privatiza\u00e7\u00e3o; fundo comprador tem Tanure como cotista"}]},{"@type":"WebSite","@id":"https:\/\/www.suno.com.br\/noticias\/#website","url":"https:\/\/www.suno.com.br\/noticias\/","name":"Suno Not\u00edcias","description":"Seu portal de informa\u00e7\u00e3o sobre o mundo dos investimentos","publisher":{"@id":"https:\/\/www.suno.com.br\/noticias\/#organization"},"potentialAction":[{"@type":"SearchAction","target":{"@type":"EntryPoint","urlTemplate":"https:\/\/www.suno.com.br\/noticias\/?s={search_term_string}"},"query-input":{"@type":"PropertyValueSpecification","valueRequired":true,"valueName":"search_term_string"}}],"inLanguage":"pt-BR"},{"@type":"Organization","@id":"https:\/\/www.suno.com.br\/noticias\/#organization","name":"Suno Not\u00edcias","url":"https:\/\/www.suno.com.br\/noticias\/","logo":{"@type":"ImageObject","inLanguage":"pt-BR","@id":"https:\/\/www.suno.com.br\/noticias\/#\/schema\/logo\/image\/","url":"https:\/\/files.sunoresearch.com.br\/n\/uploads\/2021\/09\/suno-logo.png","contentUrl":"https:\/\/files.sunoresearch.com.br\/n\/uploads\/2021\/09\/suno-logo.png","width":180,"height":180,"caption":"Suno Not\u00edcias"},"image":{"@id":"https:\/\/www.suno.com.br\/noticias\/#\/schema\/logo\/image\/"},"sameAs":["https:\/\/facebook.com\/sunoresearch","https:\/\/x.com\/sunoresearch","https:\/\/www.instagram.com\/suno","https:\/\/www.linkedin.com\/company\/suno-research\/","https:\/\/www.youtube.com\/c\/sunoresearch"]},{"@type":"Person","@id":"https:\/\/www.suno.com.br\/noticias\/#\/schema\/person\/7f4d362bf3518e76090143ae77bb49a5","name":"Eduardo Vargas","image":{"@type":"ImageObject","inLanguage":"pt-BR","@id":"https:\/\/www.suno.com.br\/noticias\/#\/schema\/person\/image\/","url":"https:\/\/secure.gravatar.com\/avatar\/dac340933427a22924c9f99d1eb2e3f2?s=96&r=g","contentUrl":"https:\/\/secure.gravatar.com\/avatar\/dac340933427a22924c9f99d1eb2e3f2?s=96&r=g","caption":"Eduardo Vargas"},"description":"Jornalista formado pela UFSC, cobre macroeconomia, neg\u00f3cios e startups para o Suno Not\u00edcias, escrevendo principalmente not\u00edcias sobre o mercado financeiro e a bolsa de valores. No YouTube e no Instagram, \u00e9 respons\u00e1vel pela produ\u00e7\u00e3o de Reels e Shorts do Suno Not\u00edcias. Anteriormente, trabalhou cobrindo economia e cotidiano no ND+ e para o ND, maior jornal impresso de Santa Catarina. Cursou um semestre letivo de Estudos de M\u00eddia na Universidad de Buenos Aires.","url":"https:\/\/www.suno.com.br\/noticias\/author\/eduardo-vargas\/"}]}},"default_loop_html":"<div class=\"cardsPage__listCard__boxs\"><div class=\"cardsPage__listCard__boxs__img\"><a href=\"https:\/\/www.suno.com.br\/noticias\/emae-arrematada-bilhao-privatizacao-sp-evm\/\"><img class=\"mask\" src=\"https:\/\/www.suno.com.br\/noticias\/wp-content\/themes\/suno\/resources\/images\/spotlight\/spotlight1img\/bg-mask.png\" alt=\"Image Mask\"\/><img src=\"https:\/\/files.sunoresearch.com.br\/n\/uploads\/2021\/05\/593271b8-power-lines-1868352_1280-400x200.webp\" alt=\"Emae (EMAE4) \u00e9 arrematada por R$ 1 bilh\u00e3o em leil\u00e3o de privatiza\u00e7\u00e3o; fundo comprador tem Tanure como cotista\"\/><\/a><span class=\"spotlightCategory\"><a href=\"https:\/\/www.suno.com.br\/noticias\/negocios\/\">Neg\u00f3cios<\/a><\/span><\/div><div class=\"cardsPage__listCard__boxs__content\"><a href=\"https:\/\/www.suno.com.br\/noticias\/emae-arrematada-bilhao-privatizacao-sp-evm\/\"><h2 class=\"content__title\">Emae (EMAE4) \u00e9 arrematada por R$ 1 bilh\u00e3o em leil\u00e3o de privatiza\u00e7\u00e3o; fundo comprador tem Tanure como cotista<\/h2><\/a><div class=\"newsContent__article__meta\"><div class=\"newsContent__article__meta__authorBox\"><a href=\"https:\/\/www.suno.com.br\/noticias\/author\/eduardo-vargas\/\" class=\"authorBox__avatar noMobi\"><img src=\"https:\/\/secure.gravatar.com\/avatar\/dac340933427a22924c9f99d1eb2e3f2?s=96&#038;r=g\" alt=\"Eduardo Vargas\"><\/a><div class=\"authorBox__name\"><span>por\n\t\t\t<a href=\"https:\/\/www.suno.com.br\/noticias\/author\/eduardo-vargas\/\"><span itemprop=\"author\">Eduardo Vargas<\/span><\/a><\/span><time datetime=\"2024-04-19T20:36:28-03:00\" itemprop=\"datePublished\">19\/04\/2024 20:36<\/time><\/div><\/div><\/div><\/div><\/div>","single_layout":"posts","amp_enabled":true,"_links":{"self":[{"href":"https:\/\/www.suno.com.br\/noticias\/wp-json\/wp\/v2\/posts\/545971"}],"collection":[{"href":"https:\/\/www.suno.com.br\/noticias\/wp-json\/wp\/v2\/posts"}],"about":[{"href":"https:\/\/www.suno.com.br\/noticias\/wp-json\/wp\/v2\/types\/post"}],"author":[{"embeddable":true,"href":"https:\/\/www.suno.com.br\/noticias\/wp-json\/wp\/v2\/users\/73"}],"replies":[{"embeddable":true,"href":"https:\/\/www.suno.com.br\/noticias\/wp-json\/wp\/v2\/comments?post=545971"}],"version-history":[{"count":3,"href":"https:\/\/www.suno.com.br\/noticias\/wp-json\/wp\/v2\/posts\/545971\/revisions"}],"predecessor-version":[{"id":546090,"href":"https:\/\/www.suno.com.br\/noticias\/wp-json\/wp\/v2\/posts\/545971\/revisions\/546090"}],"wp:featuredmedia":[{"embeddable":true,"href":"https:\/\/www.suno.com.br\/noticias\/wp-json\/wp\/v2\/media\/151887"}],"wp:attachment":[{"href":"https:\/\/www.suno.com.br\/noticias\/wp-json\/wp\/v2\/media?parent=545971"}],"wp:term":[{"taxonomy":"category","embeddable":true,"href":"https:\/\/www.suno.com.br\/noticias\/wp-json\/wp\/v2\/categories?post=545971"},{"taxonomy":"post_tag","embeddable":true,"href":"https:\/\/www.suno.com.br\/noticias\/wp-json\/wp\/v2\/tags?post=545971"},{"taxonomy":"suno_strategy","embeddable":true,"href":"https:\/\/www.suno.com.br\/noticias\/wp-json\/wp\/v2\/suno_strategy?post=545971"}],"curies":[{"name":"wp","href":"https:\/\/api.w.org\/{rel}","templated":true}]}}