{"id":545932,"date":"2024-04-19T17:07:56","date_gmt":"2024-04-19T20:07:56","guid":{"rendered":"https:\/\/www.suno.com.br\/noticias\/?p=545932"},"modified":"2024-04-19T17:08:00","modified_gmt":"2024-04-19T20:08:00","slug":"petroleo-fecha-alta-oriente-medio-conflito-recua-na-semana","status":"publish","type":"post","link":"https:\/\/www.suno.com.br\/noticias\/petroleo-fecha-alta-oriente-medio-conflito-recua-na-semana\/","title":{"rendered":"Petr\u00f3leo fecha em alta em meio ao conflito no Oriente M\u00e9dio, mas cai na semana"},"content":{"rendered":"<p>Os contratos futuros de <strong>petr\u00f3leo<\/strong> fecharam em alta hoje, que foi contida ao longo do dia, ap\u00f3s as cota\u00e7\u00f5es chegaram a disparar mais de 4%. Ap\u00f3s as not\u00edcias sobre os ataques de Israel ao Ir\u00e3, os pre\u00e7os subiram fortemente, mas perderam for\u00e7as na medida em que a percep\u00e7\u00e3o de que uma escalada n\u00e3o era iminente foi tomando conta. Em algum momento, as cota\u00e7\u00f5es chegaram at\u00e9 mesmo a cair. Ao final, o petr\u00f3leo terminou a semana recuando, levando em conta que os maiores temores sobre o conflito n\u00e3o se consolidaram.<\/p>\t<div class=\"wrapper-featured-image\">\n\t\t<figure class=\"spotlightImg\">\n\n\t\t\t<picture>\n\t\t\t\t<source media=\"(max-width: 768px)\" srcset=\"https:\/\/files.sunoresearch.com.br\/n\/uploads\/2022\/12\/refinaria-plataforma-petroleo-400x200.jpg\">\n\t\t\t\t<img loading=\"lazy\" decoding=\"async\" class=\"newsContent__article__imgCapa lazyloadDisabled \" src=\"https:\/\/files.sunoresearch.com.br\/n\/uploads\/2022\/12\/refinaria-plataforma-petroleo-800x450.jpg\" width=\"800\" height=\"450\" alt=\"Petr\u00f3leo fecha em alta em meio ao conflito no Oriente M\u00e9dio, mas cai na semana\" fetchpriority=high \/>\n\t\t\t<\/picture>\n\n\t\t\t<figcaption class=\"wp-caption-text wp-caption-text--show\">BRAV3. Foto: Keridjackson\/Pixabay<\/figcaption>\n\t\t<\/figure>\n\t<\/div>\n\n\n\n\n\n\t<p>\n\t\t<a href=\"\" target=\"_blank\" data-element=\"shortcode-suno-banner\" title=\"Banner SUNO, clique e saiba mais\">\n\t\t\t<picture>\n\t\t\t\t<source media=\"(max-width: 500px)\" srcset=\"\">\n\t\t\t\t<img class=\"newsContent__article__imgCapa newsContent__article__imgCapa--banner\"\n\t\t\t\t\tsrc=\"\"\n\t\t\t\t\tdata-promo-id=\"240038\"\t\t\t\t\t\t\t\t\t\t\t\t\t\t\talt=\"\"\n\t\t\t\t>\n\t\t\t<\/picture>\n\t\t<\/a>\n\t<\/p>\n\n\n\n\n\n\n\n<p>O <strong>WTI<\/strong> para junho fechou em alta de 0,15% (US$ 0,12), a US$ 82,22 o barril, na <a class=\"suno-keyword\" target=\"_blank\" data-force=\"no\" data-priority=\"1\" href=\"https:\/\/www.suno.com.br\/artigos\/nymex\/\" rel=\"noopener\">New York Mercantile Exchange (Nymex)<\/a>, e o <strong>petr\u00f3leo do tipo Brent<\/strong> para o mesmo m\u00eas avan\u00e7ou 0,21% (US$ 0,18), a US$ 87,29 o barril, na Intercontinental Exchange. Na semana, o WTI caiu 3,11% e o Brent caiu 3,49%.<\/p>\n\n\n\n<p>&#8220;Numa semana que come\u00e7ou com o ataque de drones e m\u00edsseis do Ir\u00e3 a Israel e que terminou com o ataque retaliat\u00f3rio de Israel ao Ir\u00e3, \u00e9 algo surpreendente que o <strong>pre\u00e7o do petr\u00f3leo<\/strong> tenha ca\u00eddo&#8221;, aponta a Capital Economics. Afinal de contas, o risco para o fornecimento f\u00edsico de petr\u00f3leo aumentou claramente com o \u00faltimo ataque ao Ir\u00e3. &#8220;No entanto, pensamos que n\u00e3o \u00e9 do interesse nem do Ir\u00e3 nem de Israel perturbar o com\u00e9rcio regional de energia e que, por enquanto, isso estar\u00e1 fora dos limites, mesmo que os ataques retaliat\u00f3rios continuem&#8221;, pondera.<\/p>\n\n\n\t<p>\n\t\t<a href=\"https:\/\/lp.suno.com.br\/ebook-gratuito-investindo-no-exterior\/\" target=\"_blank\" data-element=\"shortcode-suno-banner\" title=\"Banner SUNO, clique e saiba mais\">\n\t\t\t<picture>\n\t\t\t\t<source media=\"(max-width: 500px)\" srcset=\"https:\/\/files.sunoresearch.com.br\/n\/uploads\/2023\/03\/400x300-Investindo-no-exterior.png\">\n\t\t\t\t<img class=\"newsContent__article__imgCapa newsContent__article__imgCapa--banner\"\n\t\t\t\t\tsrc=\"https:\/\/files.sunoresearch.com.br\/n\/uploads\/2023\/03\/1420x240-Investindo-no-exterior.png\"\n\t\t\t\t\tdata-promo-id=\"383161\"\t\t\t\t\t\t\t\t\t\twidth='1420' height='240'\t\t\t\t\talt=\"https:\/\/files.sunoresearch.com.br\/n\/uploads\/2023\/03\/1420x240-Investindo-no-exterior.png\"\n\t\t\t\t>\n\t\t\t<\/picture>\n\t\t<\/a>\n\t<\/p>\n\n\n\n\n\n<h2 class=\"wp-block-heading\">Petr\u00f3leo: Opep+ deve manter <a class=\"suno-keyword\" target=\"_blank\" data-force=\"no\" data-priority=\"1\" href=\"https:\/\/www.suno.com.br\/artigos\/oferta-restrita\/\" rel=\"noopener\">oferta restrita<\/a> <\/h2>\n\n\n\n<p>A <i>CNN<\/i> publicou que uma base a\u00e9rea na cidade de Isfahan, no Ir\u00e3, supostamente alvo de um ataque militar de Israel, n\u00e3o parece ter sofrido danos extensivos, segundo imagens obtidas pela reportagem da Umbra Space. A emissora de TV estatal do Ir\u00e3 informou que as instala\u00e7\u00f5es nucleares pr\u00f3ximas \u00e0 cidade de Isfahan est\u00e3o &#8220;totalmente seguras&#8221;.<\/p>\n\n\n\n<p>Fora do conflito, h\u00e1 outros elementos que podem impulsionar os pre\u00e7os. O Commerzbank espera que a <strong>procura por petr\u00f3leo<\/strong> aumente na segunda metade do ano devido aos cortes nas taxas de juros do <a class=\"suno-keyword\" target=\"_blank\" data-force=\"no\" data-priority=\"1\" href=\"https:\/\/www.suno.com.br\/artigos\/bce\/\" rel=\"noopener\">Banco Central Europeu (BCE)<\/a> e \u00e0 perspectiva cont\u00ednua de queda das taxas de juro do Federal Reserve (Fed). Al\u00e9m disso, a Organiza\u00e7\u00e3o dos Pa\u00edses Exportadores de Petr\u00f3leo e aliados (Opep+) dever\u00e1 manter a oferta restrita pelo menos at\u00e9 meados do ano. <\/p>\n\n\n\n<p>\u00c9 prov\u00e1vel que menos <strong>petr\u00f3leo <\/strong>do Ir\u00e3 e da Venezuela chegue ao mercado nos pr\u00f3ximos meses, uma vez que os EUA pretendem refor\u00e7ar as san\u00e7\u00f5es petrol\u00edferas contra o Ir\u00e3 e restabelec\u00ea-las contra a Venezuela.<\/p>\n\n\n\n<p><em>Com Estad\u00e3o Conte\u00fado<\/em><\/p>\n\n\n\t<p>\n\t\t<a href=\"https:\/\/lp.suno.com.br\/planilha-da-vida-financeira\/\" target=\"_blank\" data-element=\"shortcode-suno-banner\" title=\"Banner SUNO, clique e saiba mais\">\n\t\t\t<picture>\n\t\t\t\t<source media=\"(max-width: 500px)\" srcset=\"https:\/\/files.sunoresearch.com.br\/n\/uploads\/2023\/04\/400x300-Planilha-vida-financeira-true.png\">\n\t\t\t\t<img class=\"newsContent__article__imgCapa newsContent__article__imgCapa--banner\"\n\t\t\t\t\tsrc=\"https:\/\/files.sunoresearch.com.br\/n\/uploads\/2023\/04\/1420x240-Planilha-vida-financeira-true.png\"\n\t\t\t\t\tdata-promo-id=\"383123\"\t\t\t\t\t\t\t\t\t\twidth='1420' height='240'\t\t\t\t\talt=\"https:\/\/files.sunoresearch.com.br\/n\/uploads\/2023\/04\/1420x240-Planilha-vida-financeira-true.png\"\n\t\t\t\t>\n\t\t\t<\/picture>\n\t\t<\/a>\n\t<\/p>\n\n\n","protected":false},"excerpt":{"rendered":"<p>Os contratos futuros de petr\u00f3leo fecharam em alta hoje, que foi contida ao longo do dia, ap\u00f3s as cota\u00e7\u00f5es chegaram a disparar mais de 4%. Ap\u00f3s as not\u00edcias sobre os ataques de Israel ao Ir\u00e3, os pre\u00e7os subiram fortemente, mas perderam for\u00e7as na medida em que a percep\u00e7\u00e3o de que uma escalada n\u00e3o era iminente [&hellip;]<\/p>\n","protected":false},"author":43,"featured_media":330176,"comment_status":"closed","ping_status":"closed","sticky":false,"template":"","format":"standard","meta":[],"categories":[60],"tags":[104982,104983],"suno_strategy":[],"class_list":["post-545932","post","type-post","status-publish","format-standard","has-post-thumbnail","hentry","category-mercado","tag-petroleo-brent","tag-petroleo-wti"],"yoast_head":"<!-- This site is optimized with the Yoast SEO plugin v24.4 - https:\/\/yoast.com\/wordpress\/plugins\/seo\/ -->\n<title>Petr\u00f3leo fecha em alta em meio ao conflito no Oriente M\u00e9dio<\/title>\n<meta name=\"description\" content=\"Ap\u00f3s as not\u00edcias sobre os ataques de Israel ao Ir\u00e3, os pre\u00e7os subiram fortemente, mas perderam for\u00e7a, Entenda mais sobre o petr\u00f3leo\" \/>\n<meta name=\"robots\" content=\"index, follow, max-snippet:-1, max-image-preview:large, max-video-preview:-1\" \/>\n<link rel=\"canonical\" href=\"https:\/\/www.suno.com.br\/noticias\/petroleo-fecha-alta-oriente-medio-conflito-recua-na-semana\/\" \/>\n<meta property=\"og:locale\" content=\"pt_BR\" \/>\n<meta property=\"og:type\" content=\"article\" \/>\n<meta property=\"og:title\" content=\"Petr\u00f3leo fecha em alta em meio ao conflito no Oriente M\u00e9dio\" \/>\n<meta property=\"og:description\" content=\"Ap\u00f3s as not\u00edcias sobre os ataques de Israel ao Ir\u00e3, os pre\u00e7os subiram fortemente, mas perderam for\u00e7a, Entenda mais sobre o petr\u00f3leo\" \/>\n<meta property=\"og:url\" content=\"https:\/\/www.suno.com.br\/noticias\/petroleo-fecha-alta-oriente-medio-conflito-recua-na-semana\/\" \/>\n<meta property=\"og:site_name\" content=\"Suno Not\u00edcias\" \/>\n<meta property=\"article:publisher\" content=\"https:\/\/facebook.com\/sunoresearch\" \/>\n<meta property=\"article:author\" content=\"https:\/\/www.facebook.com\/sunonoticias\/\" \/>\n<meta property=\"og:image\" content=\"https:\/\/files.sunoresearch.com.br\/n\/uploads\/2022\/12\/refinaria-plataforma-petroleo.jpg\" \/>\n\t<meta property=\"og:image:width\" content=\"1200\" \/>\n\t<meta property=\"og:image:height\" content=\"800\" \/>\n\t<meta property=\"og:image:type\" content=\"image\/jpeg\" \/>\n<meta name=\"author\" content=\"Reda\u00e7\u00e3o Suno Not\u00edcias\" \/>\n<meta name=\"twitter:card\" content=\"summary_large_image\" \/>\n<meta name=\"twitter:creator\" content=\"@https:\/\/twitter.com\/sunoresearch\" \/>\n<meta name=\"twitter:site\" content=\"@sunoresearch\" \/>\n<meta name=\"twitter:label1\" content=\"Escrito por\" \/>\n\t<meta name=\"twitter:data1\" content=\"Reda\u00e7\u00e3o Suno Not\u00edcias\" \/>\n\t<meta name=\"twitter:label2\" content=\"Est. tempo de leitura\" \/>\n\t<meta name=\"twitter:data2\" content=\"3 minutos\" \/>\n<script type=\"application\/ld+json\" class=\"yoast-schema-graph\">{\"@context\":\"https:\/\/schema.org\",\"@graph\":[{\"@type\":\"NewsArticle\",\"@id\":\"https:\/\/www.suno.com.br\/noticias\/petroleo-fecha-alta-oriente-medio-conflito-recua-na-semana\/#article\",\"isPartOf\":{\"@id\":\"https:\/\/www.suno.com.br\/noticias\/petroleo-fecha-alta-oriente-medio-conflito-recua-na-semana\/\"},\"author\":{\"name\":\"Reda\u00e7\u00e3o Suno Not\u00edcias\",\"@id\":\"https:\/\/www.suno.com.br\/noticias\/#\/schema\/person\/c1b1bd3727fa852bd045e9dbff3673ea\"},\"headline\":\"Petr\u00f3leo fecha em alta em meio ao conflito no Oriente M\u00e9dio, mas cai na semana\",\"datePublished\":\"2024-04-19T20:07:56+00:00\",\"dateModified\":\"2024-04-19T20:08:00+00:00\",\"mainEntityOfPage\":{\"@id\":\"https:\/\/www.suno.com.br\/noticias\/petroleo-fecha-alta-oriente-medio-conflito-recua-na-semana\/\"},\"wordCount\":471,\"publisher\":{\"@id\":\"https:\/\/www.suno.com.br\/noticias\/#organization\"},\"image\":{\"@id\":\"https:\/\/www.suno.com.br\/noticias\/petroleo-fecha-alta-oriente-medio-conflito-recua-na-semana\/#primaryimage\"},\"thumbnailUrl\":\"https:\/\/files.sunoresearch.com.br\/n\/uploads\/2022\/12\/refinaria-plataforma-petroleo.jpg\",\"keywords\":[\"Petr\u00f3leo Brent\",\"Petr\u00f3leo WTI\"],\"articleSection\":[\"Mercado\"],\"inLanguage\":\"pt-BR\"},{\"@type\":\"WebPage\",\"@id\":\"https:\/\/www.suno.com.br\/noticias\/petroleo-fecha-alta-oriente-medio-conflito-recua-na-semana\/\",\"url\":\"https:\/\/www.suno.com.br\/noticias\/petroleo-fecha-alta-oriente-medio-conflito-recua-na-semana\/\",\"name\":\"Petr\u00f3leo fecha em alta em meio ao conflito no Oriente M\u00e9dio\",\"isPartOf\":{\"@id\":\"https:\/\/www.suno.com.br\/noticias\/#website\"},\"primaryImageOfPage\":{\"@id\":\"https:\/\/www.suno.com.br\/noticias\/petroleo-fecha-alta-oriente-medio-conflito-recua-na-semana\/#primaryimage\"},\"image\":{\"@id\":\"https:\/\/www.suno.com.br\/noticias\/petroleo-fecha-alta-oriente-medio-conflito-recua-na-semana\/#primaryimage\"},\"thumbnailUrl\":\"https:\/\/files.sunoresearch.com.br\/n\/uploads\/2022\/12\/refinaria-plataforma-petroleo.jpg\",\"datePublished\":\"2024-04-19T20:07:56+00:00\",\"dateModified\":\"2024-04-19T20:08:00+00:00\",\"description\":\"Ap\u00f3s as not\u00edcias sobre os ataques de Israel ao Ir\u00e3, os pre\u00e7os subiram fortemente, mas perderam for\u00e7a, Entenda mais sobre o petr\u00f3leo\",\"breadcrumb\":{\"@id\":\"https:\/\/www.suno.com.br\/noticias\/petroleo-fecha-alta-oriente-medio-conflito-recua-na-semana\/#breadcrumb\"},\"inLanguage\":\"pt-BR\",\"potentialAction\":[{\"@type\":\"ReadAction\",\"target\":[\"https:\/\/www.suno.com.br\/noticias\/petroleo-fecha-alta-oriente-medio-conflito-recua-na-semana\/\"]}]},{\"@type\":\"ImageObject\",\"inLanguage\":\"pt-BR\",\"@id\":\"https:\/\/www.suno.com.br\/noticias\/petroleo-fecha-alta-oriente-medio-conflito-recua-na-semana\/#primaryimage\",\"url\":\"https:\/\/files.sunoresearch.com.br\/n\/uploads\/2022\/12\/refinaria-plataforma-petroleo.jpg\",\"contentUrl\":\"https:\/\/files.sunoresearch.com.br\/n\/uploads\/2022\/12\/refinaria-plataforma-petroleo.jpg\",\"width\":1200,\"height\":800,\"caption\":\"BRAV3. Foto: Keridjackson\/Pixabay\"},{\"@type\":\"BreadcrumbList\",\"@id\":\"https:\/\/www.suno.com.br\/noticias\/petroleo-fecha-alta-oriente-medio-conflito-recua-na-semana\/#breadcrumb\",\"itemListElement\":[{\"@type\":\"ListItem\",\"position\":1,\"name\":\"Not\u00edcias\",\"item\":\"https:\/\/www.suno.com.br\/noticias\/\"},{\"@type\":\"ListItem\",\"position\":2,\"name\":\"Mercado\",\"item\":\"https:\/\/www.suno.com.br\/noticias\/mercado\/\"},{\"@type\":\"ListItem\",\"position\":3,\"name\":\"Petr\u00f3leo fecha em alta em meio ao conflito no Oriente M\u00e9dio, mas cai na semana\"}]},{\"@type\":\"WebSite\",\"@id\":\"https:\/\/www.suno.com.br\/noticias\/#website\",\"url\":\"https:\/\/www.suno.com.br\/noticias\/\",\"name\":\"Suno Not\u00edcias\",\"description\":\"Seu portal de informa\u00e7\u00e3o sobre o mundo dos investimentos\",\"publisher\":{\"@id\":\"https:\/\/www.suno.com.br\/noticias\/#organization\"},\"potentialAction\":[{\"@type\":\"SearchAction\",\"target\":{\"@type\":\"EntryPoint\",\"urlTemplate\":\"https:\/\/www.suno.com.br\/noticias\/?s={search_term_string}\"},\"query-input\":{\"@type\":\"PropertyValueSpecification\",\"valueRequired\":true,\"valueName\":\"search_term_string\"}}],\"inLanguage\":\"pt-BR\"},{\"@type\":\"Organization\",\"@id\":\"https:\/\/www.suno.com.br\/noticias\/#organization\",\"name\":\"Suno Not\u00edcias\",\"url\":\"https:\/\/www.suno.com.br\/noticias\/\",\"logo\":{\"@type\":\"ImageObject\",\"inLanguage\":\"pt-BR\",\"@id\":\"https:\/\/www.suno.com.br\/noticias\/#\/schema\/logo\/image\/\",\"url\":\"https:\/\/files.sunoresearch.com.br\/n\/uploads\/2021\/09\/suno-logo.png\",\"contentUrl\":\"https:\/\/files.sunoresearch.com.br\/n\/uploads\/2021\/09\/suno-logo.png\",\"width\":180,\"height\":180,\"caption\":\"Suno Not\u00edcias\"},\"image\":{\"@id\":\"https:\/\/www.suno.com.br\/noticias\/#\/schema\/logo\/image\/\"},\"sameAs\":[\"https:\/\/facebook.com\/sunoresearch\",\"https:\/\/x.com\/sunoresearch\",\"https:\/\/www.instagram.com\/suno\",\"https:\/\/www.linkedin.com\/company\/suno-research\/\",\"https:\/\/www.youtube.com\/c\/sunoresearch\"]},{\"@type\":\"Person\",\"@id\":\"https:\/\/www.suno.com.br\/noticias\/#\/schema\/person\/c1b1bd3727fa852bd045e9dbff3673ea\",\"name\":\"Reda\u00e7\u00e3o Suno Not\u00edcias\",\"image\":{\"@type\":\"ImageObject\",\"inLanguage\":\"pt-BR\",\"@id\":\"https:\/\/www.suno.com.br\/noticias\/#\/schema\/person\/image\/\",\"url\":\"https:\/\/secure.gravatar.com\/avatar\/b8104b9b5a71985d5238ee59fbe418af?s=96&r=g\",\"contentUrl\":\"https:\/\/secure.gravatar.com\/avatar\/b8104b9b5a71985d5238ee59fbe418af?s=96&r=g\",\"caption\":\"Reda\u00e7\u00e3o Suno Not\u00edcias\"},\"description\":\"O Suno Not\u00edcias \u00e9 um portal de informa\u00e7\u00f5es sobre Mercado Financeiro, Pol\u00edtica, Neg\u00f3cios, Economia e Finan\u00e7as Pessoais.\",\"sameAs\":[\"https:\/\/www.suno.com.br\/noticias\",\"https:\/\/www.facebook.com\/sunonoticias\/\",\"https:\/\/www.instagram.com\/sunonoticias\/\",\"https:\/\/x.com\/https:\/\/twitter.com\/sunoresearch\",\"https:\/\/www.youtube.com\/sunonoticias\"],\"url\":\"https:\/\/www.suno.com.br\/noticias\/author\/redacao-suno\/\"}]}<\/script>\n<!-- \/ Yoast SEO plugin. -->","yoast_head_json":{"title":"Petr\u00f3leo fecha em alta em meio ao conflito no Oriente M\u00e9dio","description":"Ap\u00f3s as not\u00edcias sobre os ataques de Israel ao Ir\u00e3, os pre\u00e7os subiram fortemente, mas perderam for\u00e7a, Entenda mais sobre o petr\u00f3leo","robots":{"index":"index","follow":"follow","max-snippet":"max-snippet:-1","max-image-preview":"max-image-preview:large","max-video-preview":"max-video-preview:-1"},"canonical":"https:\/\/www.suno.com.br\/noticias\/petroleo-fecha-alta-oriente-medio-conflito-recua-na-semana\/","og_locale":"pt_BR","og_type":"article","og_title":"Petr\u00f3leo fecha em alta em meio ao conflito no Oriente M\u00e9dio","og_description":"Ap\u00f3s as not\u00edcias sobre os ataques de Israel ao Ir\u00e3, os pre\u00e7os subiram fortemente, mas perderam for\u00e7a, Entenda mais sobre o petr\u00f3leo","og_url":"https:\/\/www.suno.com.br\/noticias\/petroleo-fecha-alta-oriente-medio-conflito-recua-na-semana\/","og_site_name":"Suno Not\u00edcias","article_publisher":"https:\/\/facebook.com\/sunoresearch","article_author":"https:\/\/www.facebook.com\/sunonoticias\/","og_image":[{"width":1200,"height":800,"url":"https:\/\/files.sunoresearch.com.br\/n\/uploads\/2022\/12\/refinaria-plataforma-petroleo.jpg","type":"image\/jpeg"}],"author":"Reda\u00e7\u00e3o Suno Not\u00edcias","twitter_card":"summary_large_image","twitter_creator":"@https:\/\/twitter.com\/sunoresearch","twitter_site":"@sunoresearch","twitter_misc":{"Escrito por":"Reda\u00e7\u00e3o Suno Not\u00edcias","Est. tempo de leitura":"3 minutos"},"schema":{"@context":"https:\/\/schema.org","@graph":[{"@type":"NewsArticle","@id":"https:\/\/www.suno.com.br\/noticias\/petroleo-fecha-alta-oriente-medio-conflito-recua-na-semana\/#article","isPartOf":{"@id":"https:\/\/www.suno.com.br\/noticias\/petroleo-fecha-alta-oriente-medio-conflito-recua-na-semana\/"},"author":{"name":"Reda\u00e7\u00e3o Suno Not\u00edcias","@id":"https:\/\/www.suno.com.br\/noticias\/#\/schema\/person\/c1b1bd3727fa852bd045e9dbff3673ea"},"headline":"Petr\u00f3leo fecha em alta em meio ao conflito no Oriente M\u00e9dio, mas cai na semana","datePublished":"2024-04-19T20:07:56+00:00","dateModified":"2024-04-19T20:08:00+00:00","mainEntityOfPage":{"@id":"https:\/\/www.suno.com.br\/noticias\/petroleo-fecha-alta-oriente-medio-conflito-recua-na-semana\/"},"wordCount":471,"publisher":{"@id":"https:\/\/www.suno.com.br\/noticias\/#organization"},"image":{"@id":"https:\/\/www.suno.com.br\/noticias\/petroleo-fecha-alta-oriente-medio-conflito-recua-na-semana\/#primaryimage"},"thumbnailUrl":"https:\/\/files.sunoresearch.com.br\/n\/uploads\/2022\/12\/refinaria-plataforma-petroleo.jpg","keywords":["Petr\u00f3leo Brent","Petr\u00f3leo WTI"],"articleSection":["Mercado"],"inLanguage":"pt-BR"},{"@type":"WebPage","@id":"https:\/\/www.suno.com.br\/noticias\/petroleo-fecha-alta-oriente-medio-conflito-recua-na-semana\/","url":"https:\/\/www.suno.com.br\/noticias\/petroleo-fecha-alta-oriente-medio-conflito-recua-na-semana\/","name":"Petr\u00f3leo fecha em alta em meio ao conflito no Oriente M\u00e9dio","isPartOf":{"@id":"https:\/\/www.suno.com.br\/noticias\/#website"},"primaryImageOfPage":{"@id":"https:\/\/www.suno.com.br\/noticias\/petroleo-fecha-alta-oriente-medio-conflito-recua-na-semana\/#primaryimage"},"image":{"@id":"https:\/\/www.suno.com.br\/noticias\/petroleo-fecha-alta-oriente-medio-conflito-recua-na-semana\/#primaryimage"},"thumbnailUrl":"https:\/\/files.sunoresearch.com.br\/n\/uploads\/2022\/12\/refinaria-plataforma-petroleo.jpg","datePublished":"2024-04-19T20:07:56+00:00","dateModified":"2024-04-19T20:08:00+00:00","description":"Ap\u00f3s as not\u00edcias sobre os ataques de Israel ao Ir\u00e3, os pre\u00e7os subiram fortemente, mas perderam for\u00e7a, Entenda mais sobre o petr\u00f3leo","breadcrumb":{"@id":"https:\/\/www.suno.com.br\/noticias\/petroleo-fecha-alta-oriente-medio-conflito-recua-na-semana\/#breadcrumb"},"inLanguage":"pt-BR","potentialAction":[{"@type":"ReadAction","target":["https:\/\/www.suno.com.br\/noticias\/petroleo-fecha-alta-oriente-medio-conflito-recua-na-semana\/"]}]},{"@type":"ImageObject","inLanguage":"pt-BR","@id":"https:\/\/www.suno.com.br\/noticias\/petroleo-fecha-alta-oriente-medio-conflito-recua-na-semana\/#primaryimage","url":"https:\/\/files.sunoresearch.com.br\/n\/uploads\/2022\/12\/refinaria-plataforma-petroleo.jpg","contentUrl":"https:\/\/files.sunoresearch.com.br\/n\/uploads\/2022\/12\/refinaria-plataforma-petroleo.jpg","width":1200,"height":800,"caption":"BRAV3. Foto: Keridjackson\/Pixabay"},{"@type":"BreadcrumbList","@id":"https:\/\/www.suno.com.br\/noticias\/petroleo-fecha-alta-oriente-medio-conflito-recua-na-semana\/#breadcrumb","itemListElement":[{"@type":"ListItem","position":1,"name":"Not\u00edcias","item":"https:\/\/www.suno.com.br\/noticias\/"},{"@type":"ListItem","position":2,"name":"Mercado","item":"https:\/\/www.suno.com.br\/noticias\/mercado\/"},{"@type":"ListItem","position":3,"name":"Petr\u00f3leo fecha em alta em meio ao conflito no Oriente M\u00e9dio, mas cai na semana"}]},{"@type":"WebSite","@id":"https:\/\/www.suno.com.br\/noticias\/#website","url":"https:\/\/www.suno.com.br\/noticias\/","name":"Suno Not\u00edcias","description":"Seu portal de informa\u00e7\u00e3o sobre o mundo dos investimentos","publisher":{"@id":"https:\/\/www.suno.com.br\/noticias\/#organization"},"potentialAction":[{"@type":"SearchAction","target":{"@type":"EntryPoint","urlTemplate":"https:\/\/www.suno.com.br\/noticias\/?s={search_term_string}"},"query-input":{"@type":"PropertyValueSpecification","valueRequired":true,"valueName":"search_term_string"}}],"inLanguage":"pt-BR"},{"@type":"Organization","@id":"https:\/\/www.suno.com.br\/noticias\/#organization","name":"Suno Not\u00edcias","url":"https:\/\/www.suno.com.br\/noticias\/","logo":{"@type":"ImageObject","inLanguage":"pt-BR","@id":"https:\/\/www.suno.com.br\/noticias\/#\/schema\/logo\/image\/","url":"https:\/\/files.sunoresearch.com.br\/n\/uploads\/2021\/09\/suno-logo.png","contentUrl":"https:\/\/files.sunoresearch.com.br\/n\/uploads\/2021\/09\/suno-logo.png","width":180,"height":180,"caption":"Suno Not\u00edcias"},"image":{"@id":"https:\/\/www.suno.com.br\/noticias\/#\/schema\/logo\/image\/"},"sameAs":["https:\/\/facebook.com\/sunoresearch","https:\/\/x.com\/sunoresearch","https:\/\/www.instagram.com\/suno","https:\/\/www.linkedin.com\/company\/suno-research\/","https:\/\/www.youtube.com\/c\/sunoresearch"]},{"@type":"Person","@id":"https:\/\/www.suno.com.br\/noticias\/#\/schema\/person\/c1b1bd3727fa852bd045e9dbff3673ea","name":"Reda\u00e7\u00e3o Suno Not\u00edcias","image":{"@type":"ImageObject","inLanguage":"pt-BR","@id":"https:\/\/www.suno.com.br\/noticias\/#\/schema\/person\/image\/","url":"https:\/\/secure.gravatar.com\/avatar\/b8104b9b5a71985d5238ee59fbe418af?s=96&r=g","contentUrl":"https:\/\/secure.gravatar.com\/avatar\/b8104b9b5a71985d5238ee59fbe418af?s=96&r=g","caption":"Reda\u00e7\u00e3o Suno Not\u00edcias"},"description":"O Suno Not\u00edcias \u00e9 um portal de informa\u00e7\u00f5es sobre Mercado Financeiro, Pol\u00edtica, Neg\u00f3cios, Economia e Finan\u00e7as Pessoais.","sameAs":["https:\/\/www.suno.com.br\/noticias","https:\/\/www.facebook.com\/sunonoticias\/","https:\/\/www.instagram.com\/sunonoticias\/","https:\/\/x.com\/https:\/\/twitter.com\/sunoresearch","https:\/\/www.youtube.com\/sunonoticias"],"url":"https:\/\/www.suno.com.br\/noticias\/author\/redacao-suno\/"}]}},"default_loop_html":"<div class=\"cardsPage__listCard__boxs\"><div class=\"cardsPage__listCard__boxs__img\"><a href=\"https:\/\/www.suno.com.br\/noticias\/petroleo-fecha-alta-oriente-medio-conflito-recua-na-semana\/\"><img class=\"mask\" src=\"https:\/\/www.suno.com.br\/noticias\/wp-content\/themes\/suno\/resources\/images\/spotlight\/spotlight1img\/bg-mask.png\" alt=\"Image Mask\"\/><img src=\"https:\/\/files.sunoresearch.com.br\/n\/uploads\/2022\/12\/refinaria-plataforma-petroleo-400x200.jpg\" alt=\"Petr\u00f3leo fecha em alta em meio ao conflito no Oriente M\u00e9dio, mas cai na semana\"\/><\/a><span class=\"spotlightCategory\"><a href=\"https:\/\/www.suno.com.br\/noticias\/mercado\/\">Mercado<\/a><\/span><\/div><div class=\"cardsPage__listCard__boxs__content\"><a href=\"https:\/\/www.suno.com.br\/noticias\/petroleo-fecha-alta-oriente-medio-conflito-recua-na-semana\/\"><h2 class=\"content__title\">Petr\u00f3leo fecha em alta em meio ao conflito no Oriente M\u00e9dio, mas cai na semana<\/h2><\/a><div class=\"newsContent__article__meta\"><div class=\"newsContent__article__meta__authorBox\"><a href=\"https:\/\/www.suno.com.br\/noticias\/author\/redacao-suno\/\" class=\"authorBox__avatar noMobi\"><img src=\"https:\/\/files.sunoresearch.com.br\/n\/uploads\/2020\/08\/0ace682d-redacao-1-150x150.webp\" alt=\"Reda\u00e7\u00e3o Suno Not\u00edcias\"><\/a><div class=\"authorBox__name\"><span>por\n\t\t\t<a href=\"https:\/\/www.suno.com.br\/noticias\/author\/redacao-suno\/\"><span itemprop=\"author\">Reda\u00e7\u00e3o Suno Not\u00edcias<\/span><\/a><\/span><time datetime=\"2024-04-19T17:07:56-03:00\" itemprop=\"datePublished\">19\/04\/2024 17:07<\/time><\/div><\/div><\/div><\/div><\/div>","single_layout":"posts","amp_enabled":true,"_links":{"self":[{"href":"https:\/\/www.suno.com.br\/noticias\/wp-json\/wp\/v2\/posts\/545932"}],"collection":[{"href":"https:\/\/www.suno.com.br\/noticias\/wp-json\/wp\/v2\/posts"}],"about":[{"href":"https:\/\/www.suno.com.br\/noticias\/wp-json\/wp\/v2\/types\/post"}],"author":[{"embeddable":true,"href":"https:\/\/www.suno.com.br\/noticias\/wp-json\/wp\/v2\/users\/43"}],"replies":[{"embeddable":true,"href":"https:\/\/www.suno.com.br\/noticias\/wp-json\/wp\/v2\/comments?post=545932"}],"version-history":[{"count":2,"href":"https:\/\/www.suno.com.br\/noticias\/wp-json\/wp\/v2\/posts\/545932\/revisions"}],"predecessor-version":[{"id":545973,"href":"https:\/\/www.suno.com.br\/noticias\/wp-json\/wp\/v2\/posts\/545932\/revisions\/545973"}],"wp:featuredmedia":[{"embeddable":true,"href":"https:\/\/www.suno.com.br\/noticias\/wp-json\/wp\/v2\/media\/330176"}],"wp:attachment":[{"href":"https:\/\/www.suno.com.br\/noticias\/wp-json\/wp\/v2\/media?parent=545932"}],"wp:term":[{"taxonomy":"category","embeddable":true,"href":"https:\/\/www.suno.com.br\/noticias\/wp-json\/wp\/v2\/categories?post=545932"},{"taxonomy":"post_tag","embeddable":true,"href":"https:\/\/www.suno.com.br\/noticias\/wp-json\/wp\/v2\/tags?post=545932"},{"taxonomy":"suno_strategy","embeddable":true,"href":"https:\/\/www.suno.com.br\/noticias\/wp-json\/wp\/v2\/suno_strategy?post=545932"}],"curies":[{"name":"wp","href":"https:\/\/api.w.org\/{rel}","templated":true}]}}