{"id":545912,"date":"2024-04-19T17:33:39","date_gmt":"2024-04-19T20:33:39","guid":{"rendered":"https:\/\/www.suno.com.br\/noticias\/?p=545912"},"modified":"2024-04-19T20:30:17","modified_gmt":"2024-04-19T23:30:17","slug":"taesa-taee11-acoes-andam-lado-analista-cpf","status":"publish","type":"post","link":"https:\/\/www.suno.com.br\/noticias\/taesa-taee11-acoes-andam-lado-analista-cpf\/","title":{"rendered":"Taesa (TAEE11) anda de lado no Ibovespa, observa analista. Entenda por qu\u00ea"},"content":{"rendered":"<p>Os pap\u00e9is da <strong>Taesa <\/strong>(<a href=\"https:\/\/www.suno.com.br\/acoes\/TAEE11\/\" target=\"_blank\" rel=\"noreferrer noopener\">TAEE11<\/a>) terminaram o preg\u00e3o desta sexta-feira (19) em alta de 0,28%, a R$ 35,71. A performance acumulada das a\u00e7\u00f5es nesta semana foi ligeiramente negativa em 0,61%.<\/p>\t<div class=\"wrapper-featured-image\">\n\t\t<figure class=\"spotlightImg\">\n\n\t\t\t<picture>\n\t\t\t\t<source media=\"(max-width: 768px)\" srcset=\"https:\/\/files.sunoresearch.com.br\/n\/uploads\/2023\/08\/taesa-taee11-400x200.jpg\">\n\t\t\t\t<img loading=\"lazy\" decoding=\"async\" class=\"newsContent__article__imgCapa lazyloadDisabled \" src=\"https:\/\/files.sunoresearch.com.br\/n\/uploads\/2023\/08\/taesa-taee11-800x450.jpg\" width=\"800\" height=\"450\" alt=\"Taesa (TAEE11) anda de lado no Ibovespa, observa analista. Entenda por qu\u00ea\" fetchpriority=high \/>\n\t\t\t<\/picture>\n\n\t\t\t<figcaption class=\"wp-caption-text wp-caption-text--show\">Taesa (TAEE11) - Foto: Reprodu\u00e7\u00e3o\/Facebook Taesa<\/figcaption>\n\t\t<\/figure>\n\t<\/div>\n\n\n\n\n\n\t<p>\n\t\t<a href=\"\" target=\"_blank\" data-element=\"shortcode-suno-banner\" title=\"Banner SUNO, clique e saiba mais\">\n\t\t\t<picture>\n\t\t\t\t<source media=\"(max-width: 500px)\" srcset=\"\">\n\t\t\t\t<img class=\"newsContent__article__imgCapa newsContent__article__imgCapa--banner\"\n\t\t\t\t\tsrc=\"\"\n\t\t\t\t\tdata-promo-id=\"287935\"\t\t\t\t\t\t\t\t\t\t\t\t\t\t\talt=\"\"\n\t\t\t\t>\n\t\t\t<\/picture>\n\t\t<\/a>\n\t<\/p>\n\n\n\n\n\n<p>As <strong>units da Taesa <\/strong>d\u00e3o continuidade \u00e0 sua tend\u00eancia de queda observada desde dezembro de 2023, embora tenham se recuperado parcialmente no \u00faltimo m\u00eas.<\/p>\n\n\n\n<p>As <strong>a\u00e7\u00f5es TAEE11 <\/strong>derreteram 1,41% na semana anterior, em uma mar\u00e9 de perdas leves. <\/p>\n\n\n\n<p>Nesta semana, as units voltam a operar no campo positivo. A cota\u00e7\u00e3o m\u00e1xima semanal foi de R$ 36,25 na ter\u00e7a-feira (16), enquanto a m\u00ednima chegou a R$ 35,61, na quinta-feira (18).<\/p>\n\n\n\n<p>A performance acumulada dos pap\u00e9is em abril at\u00e9 agora esta se consolidando negativa em 1,73%, contradizendo a alta de mar\u00e7o de 3,74%. <\/p>\n\n\n\n<p>Janeiro e fevereiro, contudo, foram meses com tend\u00eancias baixistas, com quedas de 2,20% e 4,04%, respectivamente. <\/p>\n\n\n\n<p>Levando-se em conta o pre\u00e7o da a\u00e7\u00e3o na <a class=\"suno-keyword\" data-force=\"no\" data-priority=\"3\" href=\"https:\/\/www.suno.com.br\/guias\/bolsa-de-valores\/\" target=\"_blank\" rel=\"noopener\">Bolsa de Valores<\/a> at\u00e9 o encerramento de 2023, de R$ 37,72, o desempenho acumulado em 2024 \u00e9 de -6,35% at\u00e9 agora. Ainda em queda, o valor j\u00e1 est\u00e1 em linha do observado em mar\u00e7o.<\/p>\n\n\n\n<p>J\u00e1 as a\u00e7\u00f5es TAEE3, que s\u00e3o os pap\u00e9is ordin\u00e1rios da companhia el\u00e9trica, tiveram leve alta de 0,25% hoje (19) recuaram 0,50% nesta semana. Enquanto isso, as a\u00e7\u00f5es preferenciais, negociadas com o ticker TAEE4, apresentaram alta discreta de 0,08% no preg\u00e3o e baixa de 0,67% no contexto semanal.<\/p>\n\n\n\t<p>\n\t\t<a href=\"https:\/\/lp.suno.com.br\/plataforma-de-controle-de-investimentos\/\" target=\"_blank\" data-element=\"shortcode-suno-banner\" title=\"Banner SUNO, clique e saiba mais\">\n\t\t\t<picture>\n\t\t\t\t<source media=\"(max-width: 500px)\" srcset=\"https:\/\/files.sunoresearch.com.br\/n\/uploads\/2023\/03\/400x300-Controle-de-Investimentos.png\">\n\t\t\t\t<img class=\"newsContent__article__imgCapa newsContent__article__imgCapa--banner\"\n\t\t\t\t\tsrc=\"https:\/\/files.sunoresearch.com.br\/n\/uploads\/2023\/03\/1420x240-Controle-de-Investimentos.png\"\n\t\t\t\t\tdata-promo-id=\"383162\"\t\t\t\t\t\t\t\t\t\twidth='1420' height='240'\t\t\t\t\talt=\"https:\/\/files.sunoresearch.com.br\/n\/uploads\/2023\/03\/1420x240-Controle-de-Investimentos.png\"\n\t\t\t\t>\n\t\t\t<\/picture>\n\t\t<\/a>\n\t<\/p>\n\n\n\n\n\n<h2 class=\"wp-block-heading\">Analista comenta o desempenho semanal da Taesa (TAEE1)<\/h2>\n\n\n\n<p>Segundo Arlindo Souza, analista da Levante Corp, o que o mercado observa na Taesa \u00e9 um papel que anda de lado, &#8220;no zero a zero&#8221;. <\/p>\n\n\n\n<p>&#8220;O setor de infraestrutura \u00e9 bem ligado \u00e0 <a class=\"suno-keyword\" data-force=\"no\" data-priority=\"1\" href=\"https:\/\/www.suno.com.br\/artigos\/curva-de-juros\/\" target=\"_blank\" rel=\"noopener\">curva de juros<\/a>, ent\u00e3o vimos uma abertura nestes v\u00e9rtices, junto com a discuss\u00e3o fiscal e pol\u00edtica de juros nos Estados Unidos, que afetam os neg\u00f3cios&#8221;, comenta Souza.<\/p>\n\n\n\n<p>Al\u00e9m disso, o analista levanta que um fator que est\u00e1 influenciando o <strong>setor das el\u00e9tricas<\/strong> h\u00e1 algumas semanas, mas que n\u00e3o afeta tanto a Taesa &#8211; os pre\u00e7os de energia. <\/p>\n\n\n\n<p>&#8220;Isso afeta mais os pap\u00e9is de geradoras de energia, como <a class=\"suno-keyword\" data-force=\"yes\" data-priority=\"2\" href=\"https:\/\/www.suno.com.br\/acoes\/ELET3\/\" target=\"_blank\" rel=\"noopener\">Eletrobras (ELET3)<\/a>, <a class=\"suno-keyword\" data-force=\"yes\" data-priority=\"2\" href=\"https:\/\/www.suno.com.br\/acoes\/EGIE3\/\" target=\"_blank\" rel=\"noopener\">Engie (EGIE3)<\/a> e <a class=\"suno-keyword\" data-force=\"yes\" data-priority=\"1\" href=\"https:\/\/www.suno.com.br\/acoes\/aesb3\/\" target=\"_blank\" rel=\"noopener\">AES Brasil (AESB3)<\/a>. Nas \u00faltimas semanas, o mercado viu uma queda nas negocia\u00e7\u00f5es. Nesta semana, a energia incentivada de <a class=\"suno-keyword\" data-force=\"no\" data-priority=\"1\" href=\"https:\/\/www.suno.com.br\/artigos\/longo-prazo\/\" target=\"_blank\" rel=\"noopener\">longo prazo<\/a> subiu 1,5%, mas no m\u00eas cai 10,6%, o que pressiona as geradoras&#8221;, explica o analista. <\/p>\n\n\n\n<p>Por fim, Souza afirma: &#8220;O desempenho da <strong>Taesa <\/strong>(TAEE11) especificamente \u00e9 bem &#8216;natural&#8217; de mercado, com o papel praticamente sem varia\u00e7\u00e3o.&#8221;<\/p>\n\n\n\n\n\t<p>\n\t\t<a href=\"https:\/\/lp.suno.com.br\/ebook-como-analisar-uma-acao\/\" target=\"_blank\" data-element=\"shortcode-suno-banner\" title=\"Banner SUNO, clique e saiba mais\">\n\t\t\t<picture>\n\t\t\t\t<source media=\"(max-width: 500px)\" srcset=\"https:\/\/files.sunoresearch.com.br\/n\/uploads\/2023\/03\/Ebook-Acoes-Mobile.jpg\">\n\t\t\t\t<img class=\"newsContent__article__imgCapa newsContent__article__imgCapa--banner\"\n\t\t\t\t\tsrc=\"https:\/\/files.sunoresearch.com.br\/n\/uploads\/2023\/03\/Ebook-Acoes-Desktop.jpg\"\n\t\t\t\t\tdata-promo-id=\"378302\"\t\t\t\t\t\t\t\t\t\twidth='1420' height='286'\t\t\t\t\talt=\"https:\/\/files.sunoresearch.com.br\/n\/uploads\/2023\/03\/Ebook-Acoes-Desktop.jpg\"\n\t\t\t\t>\n\t\t\t<\/picture>\n\t\t<\/a>\n\t<\/p>\n\n\n","protected":false},"excerpt":{"rendered":"<p>Os pap\u00e9is da Taesa (TAEE11) terminaram o preg\u00e3o desta sexta-feira (19) em alta de 0,28%, a R$ 35,71. A performance acumulada das a\u00e7\u00f5es nesta semana foi ligeiramente negativa em 0,61%. Taesa (TAEE11) &#8211; Foto: Reprodu\u00e7\u00e3o\/Facebook Taesa As units da Taesa d\u00e3o continuidade \u00e0 sua tend\u00eancia de queda observada desde dezembro de 2023, embora tenham se [&hellip;]<\/p>\n","protected":false},"author":283,"featured_media":448775,"comment_status":"closed","ping_status":"closed","sticky":false,"template":"","format":"standard","meta":[],"categories":[64],"tags":[286,105816,649],"suno_strategy":[],"class_list":["post-545912","post","type-post","status-publish","format-standard","has-post-thumbnail","hentry","category-negocios","tag-acoes","tag-especialistas","tag-taesa-taee11-taee3-taee4"],"yoast_head":"<!-- This site is optimized with the Yoast SEO plugin v24.4 - https:\/\/yoast.com\/wordpress\/plugins\/seo\/ -->\n<title>Taesa (TAEE11) anda de lado &#039;no zero a zero&#039;, opina analista<\/title>\n<meta name=\"description\" content=\"Andando de lado, as a\u00e7\u00f5es da Taesa (TAEE11) consolidam sua posi\u00e7\u00e3o no mercado no &quot;zero a zero&quot;; veja a opini\u00e3o do analista.\" \/>\n<meta name=\"robots\" content=\"index, follow, max-snippet:-1, max-image-preview:large, max-video-preview:-1\" \/>\n<link rel=\"canonical\" href=\"https:\/\/www.suno.com.br\/noticias\/taesa-taee11-acoes-andam-lado-analista-cpf\/\" \/>\n<meta property=\"og:locale\" content=\"pt_BR\" \/>\n<meta property=\"og:type\" content=\"article\" \/>\n<meta property=\"og:title\" content=\"Taesa (TAEE11) anda de lado &#039;no zero a zero&#039;, opina analista\" \/>\n<meta property=\"og:description\" content=\"Andando de lado, as a\u00e7\u00f5es da Taesa (TAEE11) consolidam sua posi\u00e7\u00e3o no mercado no &quot;zero a zero&quot;; veja a opini\u00e3o do analista.\" \/>\n<meta property=\"og:url\" content=\"https:\/\/www.suno.com.br\/noticias\/taesa-taee11-acoes-andam-lado-analista-cpf\/\" \/>\n<meta property=\"og:site_name\" content=\"Suno Not\u00edcias\" \/>\n<meta property=\"article:publisher\" content=\"https:\/\/facebook.com\/sunoresearch\" \/>\n<meta property=\"og:image\" content=\"https:\/\/files.sunoresearch.com.br\/n\/uploads\/2023\/08\/taesa-taee11.jpg\" \/>\n\t<meta property=\"og:image:width\" content=\"1280\" \/>\n\t<meta property=\"og:image:height\" content=\"720\" \/>\n\t<meta property=\"og:image:type\" content=\"image\/jpeg\" \/>\n<meta name=\"author\" content=\"Camila Paim\" \/>\n<meta name=\"twitter:card\" content=\"summary_large_image\" \/>\n<meta name=\"twitter:creator\" content=\"@sunoresearch\" \/>\n<meta name=\"twitter:site\" content=\"@sunoresearch\" \/>\n<meta name=\"twitter:label1\" content=\"Escrito por\" \/>\n\t<meta name=\"twitter:data1\" content=\"Camila Paim\" \/>\n\t<meta name=\"twitter:label2\" content=\"Est. tempo de leitura\" \/>\n\t<meta name=\"twitter:data2\" content=\"3 minutos\" \/>\n<script type=\"application\/ld+json\" class=\"yoast-schema-graph\">{\"@context\":\"https:\/\/schema.org\",\"@graph\":[{\"@type\":\"NewsArticle\",\"@id\":\"https:\/\/www.suno.com.br\/noticias\/taesa-taee11-acoes-andam-lado-analista-cpf\/#article\",\"isPartOf\":{\"@id\":\"https:\/\/www.suno.com.br\/noticias\/taesa-taee11-acoes-andam-lado-analista-cpf\/\"},\"author\":{\"name\":\"Camila Paim\",\"@id\":\"https:\/\/www.suno.com.br\/noticias\/#\/schema\/person\/f341d3ae5d1cc685176c9a5327cdfdbb\"},\"headline\":\"Taesa (TAEE11) anda de lado no Ibovespa, observa analista. Entenda por qu\u00ea\",\"datePublished\":\"2024-04-19T20:33:39+00:00\",\"dateModified\":\"2024-04-19T23:30:17+00:00\",\"mainEntityOfPage\":{\"@id\":\"https:\/\/www.suno.com.br\/noticias\/taesa-taee11-acoes-andam-lado-analista-cpf\/\"},\"wordCount\":424,\"publisher\":{\"@id\":\"https:\/\/www.suno.com.br\/noticias\/#organization\"},\"image\":{\"@id\":\"https:\/\/www.suno.com.br\/noticias\/taesa-taee11-acoes-andam-lado-analista-cpf\/#primaryimage\"},\"thumbnailUrl\":\"https:\/\/files.sunoresearch.com.br\/n\/uploads\/2023\/08\/taesa-taee11.jpg\",\"keywords\":[\"A\u00e7\u00f5es\",\"Especialistas\",\"Taesa (TAEE11\/TAEE3\/TAEE4)\"],\"articleSection\":[\"Neg\u00f3cios\"],\"inLanguage\":\"pt-BR\"},{\"@type\":\"WebPage\",\"@id\":\"https:\/\/www.suno.com.br\/noticias\/taesa-taee11-acoes-andam-lado-analista-cpf\/\",\"url\":\"https:\/\/www.suno.com.br\/noticias\/taesa-taee11-acoes-andam-lado-analista-cpf\/\",\"name\":\"Taesa (TAEE11) anda de lado 'no zero a zero', opina analista\",\"isPartOf\":{\"@id\":\"https:\/\/www.suno.com.br\/noticias\/#website\"},\"primaryImageOfPage\":{\"@id\":\"https:\/\/www.suno.com.br\/noticias\/taesa-taee11-acoes-andam-lado-analista-cpf\/#primaryimage\"},\"image\":{\"@id\":\"https:\/\/www.suno.com.br\/noticias\/taesa-taee11-acoes-andam-lado-analista-cpf\/#primaryimage\"},\"thumbnailUrl\":\"https:\/\/files.sunoresearch.com.br\/n\/uploads\/2023\/08\/taesa-taee11.jpg\",\"datePublished\":\"2024-04-19T20:33:39+00:00\",\"dateModified\":\"2024-04-19T23:30:17+00:00\",\"description\":\"Andando de lado, as a\u00e7\u00f5es da Taesa (TAEE11) consolidam sua posi\u00e7\u00e3o no mercado no \\\"zero a zero\\\"; veja a opini\u00e3o do analista.\",\"breadcrumb\":{\"@id\":\"https:\/\/www.suno.com.br\/noticias\/taesa-taee11-acoes-andam-lado-analista-cpf\/#breadcrumb\"},\"inLanguage\":\"pt-BR\",\"potentialAction\":[{\"@type\":\"ReadAction\",\"target\":[\"https:\/\/www.suno.com.br\/noticias\/taesa-taee11-acoes-andam-lado-analista-cpf\/\"]}]},{\"@type\":\"ImageObject\",\"inLanguage\":\"pt-BR\",\"@id\":\"https:\/\/www.suno.com.br\/noticias\/taesa-taee11-acoes-andam-lado-analista-cpf\/#primaryimage\",\"url\":\"https:\/\/files.sunoresearch.com.br\/n\/uploads\/2023\/08\/taesa-taee11.jpg\",\"contentUrl\":\"https:\/\/files.sunoresearch.com.br\/n\/uploads\/2023\/08\/taesa-taee11.jpg\",\"width\":1280,\"height\":720,\"caption\":\"Taesa (TAEE11) - Foto: Reprodu\u00e7\u00e3o\/Facebook Taesa\"},{\"@type\":\"BreadcrumbList\",\"@id\":\"https:\/\/www.suno.com.br\/noticias\/taesa-taee11-acoes-andam-lado-analista-cpf\/#breadcrumb\",\"itemListElement\":[{\"@type\":\"ListItem\",\"position\":1,\"name\":\"Not\u00edcias\",\"item\":\"https:\/\/www.suno.com.br\/noticias\/\"},{\"@type\":\"ListItem\",\"position\":2,\"name\":\"Neg\u00f3cios\",\"item\":\"https:\/\/www.suno.com.br\/noticias\/negocios\/\"},{\"@type\":\"ListItem\",\"position\":3,\"name\":\"Taesa (TAEE11) anda de lado no Ibovespa, observa analista. Entenda por qu\u00ea\"}]},{\"@type\":\"WebSite\",\"@id\":\"https:\/\/www.suno.com.br\/noticias\/#website\",\"url\":\"https:\/\/www.suno.com.br\/noticias\/\",\"name\":\"Suno Not\u00edcias\",\"description\":\"Seu portal de informa\u00e7\u00e3o sobre o mundo dos investimentos\",\"publisher\":{\"@id\":\"https:\/\/www.suno.com.br\/noticias\/#organization\"},\"potentialAction\":[{\"@type\":\"SearchAction\",\"target\":{\"@type\":\"EntryPoint\",\"urlTemplate\":\"https:\/\/www.suno.com.br\/noticias\/?s={search_term_string}\"},\"query-input\":{\"@type\":\"PropertyValueSpecification\",\"valueRequired\":true,\"valueName\":\"search_term_string\"}}],\"inLanguage\":\"pt-BR\"},{\"@type\":\"Organization\",\"@id\":\"https:\/\/www.suno.com.br\/noticias\/#organization\",\"name\":\"Suno Not\u00edcias\",\"url\":\"https:\/\/www.suno.com.br\/noticias\/\",\"logo\":{\"@type\":\"ImageObject\",\"inLanguage\":\"pt-BR\",\"@id\":\"https:\/\/www.suno.com.br\/noticias\/#\/schema\/logo\/image\/\",\"url\":\"https:\/\/files.sunoresearch.com.br\/n\/uploads\/2021\/09\/suno-logo.png\",\"contentUrl\":\"https:\/\/files.sunoresearch.com.br\/n\/uploads\/2021\/09\/suno-logo.png\",\"width\":180,\"height\":180,\"caption\":\"Suno Not\u00edcias\"},\"image\":{\"@id\":\"https:\/\/www.suno.com.br\/noticias\/#\/schema\/logo\/image\/\"},\"sameAs\":[\"https:\/\/facebook.com\/sunoresearch\",\"https:\/\/x.com\/sunoresearch\",\"https:\/\/www.instagram.com\/suno\",\"https:\/\/www.linkedin.com\/company\/suno-research\/\",\"https:\/\/www.youtube.com\/c\/sunoresearch\"]},{\"@type\":\"Person\",\"@id\":\"https:\/\/www.suno.com.br\/noticias\/#\/schema\/person\/f341d3ae5d1cc685176c9a5327cdfdbb\",\"name\":\"Camila Paim\",\"image\":{\"@type\":\"ImageObject\",\"inLanguage\":\"pt-BR\",\"@id\":\"https:\/\/www.suno.com.br\/noticias\/#\/schema\/person\/image\/\",\"url\":\"https:\/\/secure.gravatar.com\/avatar\/f33728e65febb1aa7ecf6792956f9b20?s=96&r=g\",\"contentUrl\":\"https:\/\/secure.gravatar.com\/avatar\/f33728e65febb1aa7ecf6792956f9b20?s=96&r=g\",\"caption\":\"Camila Paim\"},\"description\":\"Jornalista formada pela USP, tem experi\u00eancia em reda\u00e7\u00f5es, SEO, Branded Content e Webdesign. Com passagem pelo Jornal da USP, Empiricus e C6 Bank, hoje \u00e9 rep\u00f3rter no Suno Not\u00edcias cobrindo macroeconomia, finan\u00e7as pessoais e startups.\",\"url\":\"https:\/\/www.suno.com.br\/noticias\/author\/camila-figueiredosuno-com-br\/\"}]}<\/script>\n<!-- \/ Yoast SEO plugin. -->","yoast_head_json":{"title":"Taesa (TAEE11) anda de lado 'no zero a zero', opina analista","description":"Andando de lado, as a\u00e7\u00f5es da Taesa (TAEE11) consolidam sua posi\u00e7\u00e3o no mercado no \"zero a zero\"; veja a opini\u00e3o do analista.","robots":{"index":"index","follow":"follow","max-snippet":"max-snippet:-1","max-image-preview":"max-image-preview:large","max-video-preview":"max-video-preview:-1"},"canonical":"https:\/\/www.suno.com.br\/noticias\/taesa-taee11-acoes-andam-lado-analista-cpf\/","og_locale":"pt_BR","og_type":"article","og_title":"Taesa (TAEE11) anda de lado 'no zero a zero', opina analista","og_description":"Andando de lado, as a\u00e7\u00f5es da Taesa (TAEE11) consolidam sua posi\u00e7\u00e3o no mercado no \"zero a zero\"; veja a opini\u00e3o do analista.","og_url":"https:\/\/www.suno.com.br\/noticias\/taesa-taee11-acoes-andam-lado-analista-cpf\/","og_site_name":"Suno Not\u00edcias","article_publisher":"https:\/\/facebook.com\/sunoresearch","og_image":[{"width":1280,"height":720,"url":"https:\/\/files.sunoresearch.com.br\/n\/uploads\/2023\/08\/taesa-taee11.jpg","type":"image\/jpeg"}],"author":"Camila Paim","twitter_card":"summary_large_image","twitter_creator":"@sunoresearch","twitter_site":"@sunoresearch","twitter_misc":{"Escrito por":"Camila Paim","Est. tempo de leitura":"3 minutos"},"schema":{"@context":"https:\/\/schema.org","@graph":[{"@type":"NewsArticle","@id":"https:\/\/www.suno.com.br\/noticias\/taesa-taee11-acoes-andam-lado-analista-cpf\/#article","isPartOf":{"@id":"https:\/\/www.suno.com.br\/noticias\/taesa-taee11-acoes-andam-lado-analista-cpf\/"},"author":{"name":"Camila Paim","@id":"https:\/\/www.suno.com.br\/noticias\/#\/schema\/person\/f341d3ae5d1cc685176c9a5327cdfdbb"},"headline":"Taesa (TAEE11) anda de lado no Ibovespa, observa analista. Entenda por qu\u00ea","datePublished":"2024-04-19T20:33:39+00:00","dateModified":"2024-04-19T23:30:17+00:00","mainEntityOfPage":{"@id":"https:\/\/www.suno.com.br\/noticias\/taesa-taee11-acoes-andam-lado-analista-cpf\/"},"wordCount":424,"publisher":{"@id":"https:\/\/www.suno.com.br\/noticias\/#organization"},"image":{"@id":"https:\/\/www.suno.com.br\/noticias\/taesa-taee11-acoes-andam-lado-analista-cpf\/#primaryimage"},"thumbnailUrl":"https:\/\/files.sunoresearch.com.br\/n\/uploads\/2023\/08\/taesa-taee11.jpg","keywords":["A\u00e7\u00f5es","Especialistas","Taesa (TAEE11\/TAEE3\/TAEE4)"],"articleSection":["Neg\u00f3cios"],"inLanguage":"pt-BR"},{"@type":"WebPage","@id":"https:\/\/www.suno.com.br\/noticias\/taesa-taee11-acoes-andam-lado-analista-cpf\/","url":"https:\/\/www.suno.com.br\/noticias\/taesa-taee11-acoes-andam-lado-analista-cpf\/","name":"Taesa (TAEE11) anda de lado 'no zero a zero', opina analista","isPartOf":{"@id":"https:\/\/www.suno.com.br\/noticias\/#website"},"primaryImageOfPage":{"@id":"https:\/\/www.suno.com.br\/noticias\/taesa-taee11-acoes-andam-lado-analista-cpf\/#primaryimage"},"image":{"@id":"https:\/\/www.suno.com.br\/noticias\/taesa-taee11-acoes-andam-lado-analista-cpf\/#primaryimage"},"thumbnailUrl":"https:\/\/files.sunoresearch.com.br\/n\/uploads\/2023\/08\/taesa-taee11.jpg","datePublished":"2024-04-19T20:33:39+00:00","dateModified":"2024-04-19T23:30:17+00:00","description":"Andando de lado, as a\u00e7\u00f5es da Taesa (TAEE11) consolidam sua posi\u00e7\u00e3o no mercado no \"zero a zero\"; veja a opini\u00e3o do analista.","breadcrumb":{"@id":"https:\/\/www.suno.com.br\/noticias\/taesa-taee11-acoes-andam-lado-analista-cpf\/#breadcrumb"},"inLanguage":"pt-BR","potentialAction":[{"@type":"ReadAction","target":["https:\/\/www.suno.com.br\/noticias\/taesa-taee11-acoes-andam-lado-analista-cpf\/"]}]},{"@type":"ImageObject","inLanguage":"pt-BR","@id":"https:\/\/www.suno.com.br\/noticias\/taesa-taee11-acoes-andam-lado-analista-cpf\/#primaryimage","url":"https:\/\/files.sunoresearch.com.br\/n\/uploads\/2023\/08\/taesa-taee11.jpg","contentUrl":"https:\/\/files.sunoresearch.com.br\/n\/uploads\/2023\/08\/taesa-taee11.jpg","width":1280,"height":720,"caption":"Taesa (TAEE11) - Foto: Reprodu\u00e7\u00e3o\/Facebook Taesa"},{"@type":"BreadcrumbList","@id":"https:\/\/www.suno.com.br\/noticias\/taesa-taee11-acoes-andam-lado-analista-cpf\/#breadcrumb","itemListElement":[{"@type":"ListItem","position":1,"name":"Not\u00edcias","item":"https:\/\/www.suno.com.br\/noticias\/"},{"@type":"ListItem","position":2,"name":"Neg\u00f3cios","item":"https:\/\/www.suno.com.br\/noticias\/negocios\/"},{"@type":"ListItem","position":3,"name":"Taesa (TAEE11) anda de lado no Ibovespa, observa analista. Entenda por qu\u00ea"}]},{"@type":"WebSite","@id":"https:\/\/www.suno.com.br\/noticias\/#website","url":"https:\/\/www.suno.com.br\/noticias\/","name":"Suno Not\u00edcias","description":"Seu portal de informa\u00e7\u00e3o sobre o mundo dos investimentos","publisher":{"@id":"https:\/\/www.suno.com.br\/noticias\/#organization"},"potentialAction":[{"@type":"SearchAction","target":{"@type":"EntryPoint","urlTemplate":"https:\/\/www.suno.com.br\/noticias\/?s={search_term_string}"},"query-input":{"@type":"PropertyValueSpecification","valueRequired":true,"valueName":"search_term_string"}}],"inLanguage":"pt-BR"},{"@type":"Organization","@id":"https:\/\/www.suno.com.br\/noticias\/#organization","name":"Suno Not\u00edcias","url":"https:\/\/www.suno.com.br\/noticias\/","logo":{"@type":"ImageObject","inLanguage":"pt-BR","@id":"https:\/\/www.suno.com.br\/noticias\/#\/schema\/logo\/image\/","url":"https:\/\/files.sunoresearch.com.br\/n\/uploads\/2021\/09\/suno-logo.png","contentUrl":"https:\/\/files.sunoresearch.com.br\/n\/uploads\/2021\/09\/suno-logo.png","width":180,"height":180,"caption":"Suno Not\u00edcias"},"image":{"@id":"https:\/\/www.suno.com.br\/noticias\/#\/schema\/logo\/image\/"},"sameAs":["https:\/\/facebook.com\/sunoresearch","https:\/\/x.com\/sunoresearch","https:\/\/www.instagram.com\/suno","https:\/\/www.linkedin.com\/company\/suno-research\/","https:\/\/www.youtube.com\/c\/sunoresearch"]},{"@type":"Person","@id":"https:\/\/www.suno.com.br\/noticias\/#\/schema\/person\/f341d3ae5d1cc685176c9a5327cdfdbb","name":"Camila Paim","image":{"@type":"ImageObject","inLanguage":"pt-BR","@id":"https:\/\/www.suno.com.br\/noticias\/#\/schema\/person\/image\/","url":"https:\/\/secure.gravatar.com\/avatar\/f33728e65febb1aa7ecf6792956f9b20?s=96&r=g","contentUrl":"https:\/\/secure.gravatar.com\/avatar\/f33728e65febb1aa7ecf6792956f9b20?s=96&r=g","caption":"Camila Paim"},"description":"Jornalista formada pela USP, tem experi\u00eancia em reda\u00e7\u00f5es, SEO, Branded Content e Webdesign. Com passagem pelo Jornal da USP, Empiricus e C6 Bank, hoje \u00e9 rep\u00f3rter no Suno Not\u00edcias cobrindo macroeconomia, finan\u00e7as pessoais e startups.","url":"https:\/\/www.suno.com.br\/noticias\/author\/camila-figueiredosuno-com-br\/"}]}},"default_loop_html":"<div class=\"cardsPage__listCard__boxs\"><div class=\"cardsPage__listCard__boxs__img\"><a href=\"https:\/\/www.suno.com.br\/noticias\/taesa-taee11-acoes-andam-lado-analista-cpf\/\"><img class=\"mask\" src=\"https:\/\/www.suno.com.br\/noticias\/wp-content\/themes\/suno\/resources\/images\/spotlight\/spotlight1img\/bg-mask.png\" alt=\"Image Mask\"\/><img src=\"https:\/\/files.sunoresearch.com.br\/n\/uploads\/2023\/08\/taesa-taee11-400x200.jpg\" alt=\"Taesa (TAEE11) anda de lado no Ibovespa, observa analista. Entenda por qu\u00ea\"\/><\/a><span class=\"spotlightCategory\"><a href=\"https:\/\/www.suno.com.br\/noticias\/negocios\/\">Neg\u00f3cios<\/a><\/span><\/div><div class=\"cardsPage__listCard__boxs__content\"><a href=\"https:\/\/www.suno.com.br\/noticias\/taesa-taee11-acoes-andam-lado-analista-cpf\/\"><h2 class=\"content__title\">Taesa (TAEE11) anda de lado no Ibovespa, observa analista. Entenda por qu\u00ea<\/h2><\/a><div class=\"newsContent__article__meta\"><div class=\"newsContent__article__meta__authorBox\"><a href=\"https:\/\/www.suno.com.br\/noticias\/author\/camila-figueiredosuno-com-br\/\" class=\"authorBox__avatar noMobi\"><img src=\"https:\/\/files.sunoresearch.com.br\/n\/uploads\/2024\/05\/camila-paim-square-150x150.jpg\" alt=\"Camila Paim\"><\/a><div class=\"authorBox__name\"><span>por\n\t\t\t<a href=\"https:\/\/www.suno.com.br\/noticias\/author\/camila-figueiredosuno-com-br\/\"><span itemprop=\"author\">Camila Paim<\/span><\/a><\/span><time datetime=\"2024-04-19T17:33:39-03:00\" itemprop=\"datePublished\">19\/04\/2024 17:33<\/time><\/div><\/div><\/div><\/div><\/div>","single_layout":"posts","amp_enabled":true,"_links":{"self":[{"href":"https:\/\/www.suno.com.br\/noticias\/wp-json\/wp\/v2\/posts\/545912"}],"collection":[{"href":"https:\/\/www.suno.com.br\/noticias\/wp-json\/wp\/v2\/posts"}],"about":[{"href":"https:\/\/www.suno.com.br\/noticias\/wp-json\/wp\/v2\/types\/post"}],"author":[{"embeddable":true,"href":"https:\/\/www.suno.com.br\/noticias\/wp-json\/wp\/v2\/users\/283"}],"replies":[{"embeddable":true,"href":"https:\/\/www.suno.com.br\/noticias\/wp-json\/wp\/v2\/comments?post=545912"}],"version-history":[{"count":3,"href":"https:\/\/www.suno.com.br\/noticias\/wp-json\/wp\/v2\/posts\/545912\/revisions"}],"predecessor-version":[{"id":546046,"href":"https:\/\/www.suno.com.br\/noticias\/wp-json\/wp\/v2\/posts\/545912\/revisions\/546046"}],"wp:featuredmedia":[{"embeddable":true,"href":"https:\/\/www.suno.com.br\/noticias\/wp-json\/wp\/v2\/media\/448775"}],"wp:attachment":[{"href":"https:\/\/www.suno.com.br\/noticias\/wp-json\/wp\/v2\/media?parent=545912"}],"wp:term":[{"taxonomy":"category","embeddable":true,"href":"https:\/\/www.suno.com.br\/noticias\/wp-json\/wp\/v2\/categories?post=545912"},{"taxonomy":"post_tag","embeddable":true,"href":"https:\/\/www.suno.com.br\/noticias\/wp-json\/wp\/v2\/tags?post=545912"},{"taxonomy":"suno_strategy","embeddable":true,"href":"https:\/\/www.suno.com.br\/noticias\/wp-json\/wp\/v2\/suno_strategy?post=545912"}],"curies":[{"name":"wp","href":"https:\/\/api.w.org\/{rel}","templated":true}]}}