{"id":545796,"date":"2024-04-19T12:54:27","date_gmt":"2024-04-19T15:54:27","guid":{"rendered":"https:\/\/www.suno.com.br\/noticias\/?p=545796"},"modified":"2024-04-19T16:43:44","modified_gmt":"2024-04-19T19:43:44","slug":"selic-xp-eleva-projecao-taxa-terminal-cpf","status":"publish","type":"post","link":"https:\/\/www.suno.com.br\/noticias\/selic-xp-eleva-projecao-taxa-terminal-cpf\/","title":{"rendered":"Selic: com piora no cen\u00e1rio externo e risco fiscal no pa\u00eds, XP eleva proje\u00e7\u00e3o para uma taxa de dois d\u00edgitos no final do ano"},"content":{"rendered":"<p>A XP Research voltou atr\u00e1s com a sua proje\u00e7\u00e3o para a taxa <strong>Selic<\/strong> em 10,00% at\u00e9 o final deste ano. A \u00faltima expectativa da casa era de 9,00% ao ano. <\/p>\t<div class=\"wrapper-featured-image\">\n\t\t<figure class=\"spotlightImg\">\n\n\t\t\t<picture>\n\t\t\t\t<source media=\"(max-width: 768px)\" srcset=\"https:\/\/files.sunoresearch.com.br\/n\/uploads\/2024\/04\/iStock-1489161417-400x200.jpg\">\n\t\t\t\t<img loading=\"lazy\" decoding=\"async\" class=\"newsContent__article__imgCapa lazyloadDisabled \" src=\"https:\/\/files.sunoresearch.com.br\/n\/uploads\/2024\/04\/iStock-1489161417-800x450.jpg\" width=\"800\" height=\"450\" alt=\"Selic: com piora no cen\u00e1rio externo e risco fiscal no pa\u00eds, XP eleva proje\u00e7\u00e3o para uma taxa de dois d\u00edgitos no final do ano\" fetchpriority=high \/>\n\t\t\t<\/picture>\n\n\t\t\t<figcaption class=\"wp-caption-text wp-caption-text--show\">Selic. Foto: iStock.<\/figcaption>\n\t\t<\/figure>\n\t<\/div>\n\n\n\n\n\n\n\n\t<p>\n\t\t<a href=\"\" target=\"_blank\" data-element=\"shortcode-suno-banner\" title=\"Banner SUNO, clique e saiba mais\">\n\t\t\t<picture>\n\t\t\t\t<source media=\"(max-width: 500px)\" srcset=\"\">\n\t\t\t\t<img class=\"newsContent__article__imgCapa newsContent__article__imgCapa--banner\"\n\t\t\t\t\tsrc=\"\"\n\t\t\t\t\tdata-promo-id=\"240038\"\t\t\t\t\t\t\t\t\t\t\t\t\t\t\talt=\"\"\n\t\t\t\t>\n\t\t\t<\/picture>\n\t\t<\/a>\n\t<\/p>\n\n\n\n\n\n<p>A equipe econ\u00f4mica liderada por Caio Megale acredita que o ritmo de cortes da <strong>taxa Selic<\/strong> dever\u00e1 diminuir nas pr\u00f3ximas reuni\u00e3o do Comit\u00ea de <a class=\"suno-keyword\" target=\"_blank\" data-force=\"no\" data-priority=\"1\" href=\"https:\/\/www.suno.com.br\/artigos\/politica-monetaria\/\" rel=\"noopener\">Pol\u00edtica Monet\u00e1ria<\/a> (<strong>Copom<\/strong>). <\/p>\n\n\n\n<p>Em seu \u00faltimo ajuste, em dezembro, a XP havia fixado a Selic terminal de 10,00% para 9,00%, mais otimista com a redu\u00e7\u00e3o da <strong>infla\u00e7\u00e3o<\/strong>. <\/p>\n\n\n\n<p>Sobre as adapta\u00e7\u00f5es \u00e0 nova previs\u00e3o para a <strong>taxa terminal<\/strong> de 10%, os analistas comentam que j\u00e1 havia uma preocupa\u00e7\u00e3o em torno da sustentabilidade fiscal e medidas que poderiam manter a demanda dom\u00e9stica aquecida. <\/p>\n\n\n\n\t<div data-element=\"shortcode-read-more\" class=\"readToo\">\n\t\t\t\t<span class=\"readToo__title\">Leia mais<\/span>\n\t\t\t\t<ul class=\"readToo__list\">\n\t\t\t<li><a href=\"https:\/\/www.suno.com.br\/noticias\/dolar-campos-neto-reticente-intervencao-cambio-cpf\/\">D\u00f3lar e Selic: Campos Neto fala de incertezas do BC e desconversa sobre interven\u00e7\u00f5es no c\u00e2mbio<\/a><\/li><li><a href=\"https:\/\/www.suno.com.br\/noticias\/selic-banco-reducao-corte-juros-va\/\">Selic: banco prev\u00ea altera\u00e7\u00e3o da pol\u00edtica monet\u00e1ria e redu\u00e7\u00e3o do ritmo de corte de juros em maio<\/a><\/li><li><a href=\"https:\/\/www.suno.com.br\/noticias\/tesouro-direto-titulos-publicos-disparam-como-investir-gb\/\">Tesouro direto: t\u00edtulos p\u00fablicos disparam com risco fiscal; como investir?<\/a><\/li>\t\t<\/ul>\n\t<\/div>\n\n\n\n\n<p>&#8220;Mas, naquele momento, reconhec\u00edamos um cen\u00e1rio global melhor, com base em <strong>cortes de juros <\/strong>nos EUA a partir do primeiro semestre, defla\u00e7\u00e3o global de custos e melhoria dos termos de troca do Brasil,&#8221; afirma o relat\u00f3rio econ\u00f4mico.<\/p>\n\n\n\n<p>Contudo, os especialistas afirmam que o ambiente externo positivo n\u00e3o se materializou, enquanto os elementos do cen\u00e1rio anterior altistas para a infla\u00e7\u00e3o (expans\u00e3o fiscal e parafiscal) est\u00e3o ocorrendo como esperado.<\/p>\n\n\n\n<h2 class=\"wp-block-heading\">Copom deve reduzir cortes na Taxa Selic para 0,25 p.p.<\/h2>\n\n\n\n<p>Como lembram os analistas da XP, o Copom parece concordar com essa an\u00e1lise. <\/p>\n\n\n\n<p>&#8220;Em suas observa\u00e7\u00f5es durante o evento da XP na confer\u00eancia de primavera do FMI, o presidente do Banco Central, Roberto Campos Neto, mostrou-se preocupado e praticamente abandonou a orienta\u00e7\u00e3o dada na reuni\u00e3o do Copom em mar\u00e7o, de que outro corte de 0,50 p.p. [pontos percentuais] na taxa Selic ocorreria em maio&#8221;, relembram.<\/p>\n\n\n\n<p>Por isso, a XP espera que o ritmo de flexibiliza\u00e7\u00e3o da pol\u00edtica monet\u00e1ria agora deve passar para cortes menores, de 0,25 p.p., a partir da pr\u00f3xima reuni\u00e3o, nos dias 7 e 8 de maio. <\/p>\n\n\n\n<blockquote class=\"wp-block-quote is-layout-flow wp-block-quote-is-layout-flow\">\n<p>&#8220;Posteriormente, prevemos dois cortes adicionais de 0,25 p.p., chegando \u00e0 taxa terminal de 10,00%&#8221;, afirma relat\u00f3rio da XP.<\/p>\n<\/blockquote>\n\n\n\n<p>As expectativas para o IPCA de 2025 ser\u00e3o o \u201cgatilho\u201d para uma pausa, defendem os analistas. &#8220;A Pesquisa Focus do Banco Central indica o IPCA de 2025 \u2013 horizonte relevante do Copom \u2013 ao redor de 3,5%, abaixo, portanto, da nossa proje\u00e7\u00e3o de 4,0%,&#8221; dizem.<\/p>\n\n\n\n<p>&#8220;Se estivermos corretos, as expectativas de infla\u00e7\u00e3o do mercado subir\u00e3o, afastando-se ainda mais da meta e impondo uma restri\u00e7\u00e3o para que o Copom continue o ciclo de flexibiliza\u00e7\u00e3o monet\u00e1ria&#8221;, apontam.<\/p>\n\n\n\n\t<div data-element=\"shortcode-read-more\" class=\"readToo\">\n\t\t\t\t<span class=\"readToo__title\">Leia mais<\/span>\n\t\t\t\t<ul class=\"readToo__list\">\n\t\t\t<li><a href=\"https:\/\/www.suno.com.br\/noticias\/dolar-campos-neto-reticente-intervencao-cambio-cpf\/\">D\u00f3lar e Selic: Campos Neto fala de incertezas do BC e desconversa sobre interven\u00e7\u00f5es no c\u00e2mbio<\/a><\/li><li><a href=\"https:\/\/www.suno.com.br\/noticias\/selic-mercado-corte-maio-gpj\/\">Selic: mercado p\u00f5e em d\u00favida corte de 0,5 ponto em maio e j\u00e1 v\u00ea redu\u00e7\u00e3o de 0,25 em junho<\/a><\/li>\t\t<\/ul>\n\t<\/div>\n\n\n\n\t<p>\n\t\t<a href=\"https:\/\/lp.suno.com.br\/ebook-gratuito-investindo-no-exterior\/\" target=\"_blank\" data-element=\"shortcode-suno-banner\" title=\"Banner SUNO, clique e saiba mais\">\n\t\t\t<picture>\n\t\t\t\t<source media=\"(max-width: 500px)\" srcset=\"https:\/\/files.sunoresearch.com.br\/n\/uploads\/2023\/03\/400x300-Investindo-no-exterior.png\">\n\t\t\t\t<img class=\"newsContent__article__imgCapa newsContent__article__imgCapa--banner\"\n\t\t\t\t\tsrc=\"https:\/\/files.sunoresearch.com.br\/n\/uploads\/2023\/03\/1420x240-Investindo-no-exterior.png\"\n\t\t\t\t\tdata-promo-id=\"383161\"\t\t\t\t\t\t\t\t\t\twidth='1420' height='240'\t\t\t\t\talt=\"https:\/\/files.sunoresearch.com.br\/n\/uploads\/2023\/03\/1420x240-Investindo-no-exterior.png\"\n\t\t\t\t>\n\t\t\t<\/picture>\n\t\t<\/a>\n\t<\/p>\n\n\n\n\n\n<h2 class=\"wp-block-heading\">Impacto do Fed na Selic brasileira<\/h2>\n\n\n\n<p>Em dezembro, a XP esperava o in\u00edcio do ciclo de flexibiliza\u00e7\u00e3o monet\u00e1ria nos Estados Unidos que ainda n\u00e3o veio. <\/p>\n\n\n\n<p>Agora, a casa acredita que existe uma janela de tempo limitada para o Federal Reserve (Fed, banco central dos EUA) atingir o n\u00edvel de confian\u00e7a necess\u00e1rio para in\u00edcio do ciclo de corte de <strong>juros <\/strong>antes do 4\u00ba trimestre. <\/p>\n\n\n\n<blockquote class=\"wp-block-quote is-layout-flow wp-block-quote-is-layout-flow\">\n<p>&#8220;Tal movimento &#8211; semelhante ao que o mercado est\u00e1 precificando atualmente \u2013 leva a: (i) d\u00f3lar americano mais forte e (ii) <strong>taxas de juros<\/strong> terminais mais altas para <a class=\"suno-keyword\" target=\"_blank\" data-force=\"no\" data-priority=\"2\" href=\"https:\/\/www.suno.com.br\/artigos\/paises-emergentes\/\" rel=\"noopener\">pa\u00edses emergentes<\/a> (inclusive o Brasil,&#8221; lista a XP.<\/p>\n<\/blockquote>\n\n\n\n<p>Nesse contexto, com o real brasileira enfraquecido e a demanda dom\u00e9stica aquecida, o processo de desinfla\u00e7\u00e3o fica muito limitado, o que deve continuar impactando nos cortes da <strong>Selic <\/strong>at\u00e9 o pr\u00f3ximo ano.  <\/p>\n\n\n\n\t<div data-element=\"shortcode-read-more\" class=\"readToo\">\n\t\t\t\t<span class=\"readToo__title\">Leia mais<\/span>\n\t\t\t\t<ul class=\"readToo__list\">\n\t\t\t<li><a href=\"https:\/\/www.suno.com.br\/noticias\/bradesco-bbdc4-acoes-pior-ja-passou-genial-evm\/\">Bradesco (BBDC4): &#8216;o pior j\u00e1 passou&#8217;, diz Genial, que recomenda compra das a\u00e7\u00f5es<\/a><\/li><li><a href=\"https:\/\/www.suno.com.br\/noticias\/weg-wege3-itau-bba-gpj-previa-gpj\/\">Weg (WEGE3): Ita\u00fa BBA projeta virada positiva em breve; veja recomenda\u00e7\u00e3o<\/a><\/li>\t\t<\/ul>\n\t<\/div>\n\n\n\n\t<p>\n\t\t<a href=\"https:\/\/lp.suno.com.br\/planilha-da-vida-financeira\/\" target=\"_blank\" data-element=\"shortcode-suno-banner\" title=\"Banner SUNO, clique e saiba mais\">\n\t\t\t<picture>\n\t\t\t\t<source media=\"(max-width: 500px)\" srcset=\"https:\/\/files.sunoresearch.com.br\/n\/uploads\/2023\/04\/400x300-Planilha-vida-financeira-true.png\">\n\t\t\t\t<img class=\"newsContent__article__imgCapa newsContent__article__imgCapa--banner\"\n\t\t\t\t\tsrc=\"https:\/\/files.sunoresearch.com.br\/n\/uploads\/2023\/04\/1420x240-Planilha-vida-financeira-true.png\"\n\t\t\t\t\tdata-promo-id=\"383123\"\t\t\t\t\t\t\t\t\t\twidth='1420' height='240'\t\t\t\t\talt=\"https:\/\/files.sunoresearch.com.br\/n\/uploads\/2023\/04\/1420x240-Planilha-vida-financeira-true.png\"\n\t\t\t\t>\n\t\t\t<\/picture>\n\t\t<\/a>\n\t<\/p>\n\n\n","protected":false},"excerpt":{"rendered":"<p>A XP Research voltou atr\u00e1s com a sua proje\u00e7\u00e3o para a taxa Selic em 10,00% at\u00e9 o final deste ano. A \u00faltima expectativa da casa era de 9,00% ao ano. Selic. Foto: iStock. A equipe econ\u00f4mica liderada por Caio Megale acredita que o ritmo de cortes da taxa Selic dever\u00e1 diminuir nas pr\u00f3ximas reuni\u00e3o do [&hellip;]<\/p>\n","protected":false},"author":283,"featured_media":544343,"comment_status":"closed","ping_status":"closed","sticky":false,"template":"","format":"standard","meta":[],"categories":[62],"tags":[1842,105816,290,888],"suno_strategy":[],"class_list":["post-545796","post","type-post","status-publish","format-standard","has-post-thumbnail","hentry","category-economia","tag-banco-central-bc","tag-especialistas","tag-taxa-selic","tag-xp-investimentos"],"yoast_head":"<!-- This site is optimized with the Yoast SEO plugin v24.4 - https:\/\/yoast.com\/wordpress\/plugins\/seo\/ -->\n<title>Selic: XP eleva proje\u00e7\u00e3o de taxa terminal para 10% ao ano<\/title>\n<meta name=\"description\" content=\"A XP atualizou a sua proje\u00e7\u00e3o da taxa Selic terminal para 10%, ap\u00f3s concretiza\u00e7\u00e3o de eventos econ\u00f4micos. Veja o que esperar da Selic em 2024.\" \/>\n<meta name=\"robots\" content=\"index, follow, max-snippet:-1, max-image-preview:large, max-video-preview:-1\" \/>\n<link rel=\"canonical\" href=\"https:\/\/www.suno.com.br\/noticias\/selic-xp-eleva-projecao-taxa-terminal-cpf\/\" \/>\n<meta property=\"og:locale\" content=\"pt_BR\" \/>\n<meta property=\"og:type\" content=\"article\" \/>\n<meta property=\"og:title\" content=\"Selic: XP eleva proje\u00e7\u00e3o de taxa terminal para 10% ao ano\" \/>\n<meta property=\"og:description\" content=\"A XP atualizou a sua proje\u00e7\u00e3o da taxa Selic terminal para 10%, ap\u00f3s concretiza\u00e7\u00e3o de eventos econ\u00f4micos. Veja o que esperar da Selic em 2024.\" \/>\n<meta property=\"og:url\" content=\"https:\/\/www.suno.com.br\/noticias\/selic-xp-eleva-projecao-taxa-terminal-cpf\/\" \/>\n<meta property=\"og:site_name\" content=\"Suno Not\u00edcias\" \/>\n<meta property=\"article:publisher\" content=\"https:\/\/facebook.com\/sunoresearch\" \/>\n<meta property=\"og:image\" content=\"https:\/\/files.sunoresearch.com.br\/n\/uploads\/2024\/04\/iStock-1489161417.jpg\" \/>\n\t<meta property=\"og:image:width\" content=\"1294\" \/>\n\t<meta property=\"og:image:height\" content=\"811\" \/>\n\t<meta property=\"og:image:type\" content=\"image\/jpeg\" \/>\n<meta name=\"author\" content=\"Camila Paim\" \/>\n<meta name=\"twitter:card\" content=\"summary_large_image\" \/>\n<meta name=\"twitter:creator\" content=\"@sunoresearch\" \/>\n<meta name=\"twitter:site\" content=\"@sunoresearch\" \/>\n<meta name=\"twitter:label1\" content=\"Escrito por\" \/>\n\t<meta name=\"twitter:data1\" content=\"Camila Paim\" \/>\n\t<meta name=\"twitter:label2\" content=\"Est. tempo de leitura\" \/>\n\t<meta name=\"twitter:data2\" content=\"3 minutos\" \/>\n<script type=\"application\/ld+json\" class=\"yoast-schema-graph\">{\"@context\":\"https:\/\/schema.org\",\"@graph\":[{\"@type\":\"NewsArticle\",\"@id\":\"https:\/\/www.suno.com.br\/noticias\/selic-xp-eleva-projecao-taxa-terminal-cpf\/#article\",\"isPartOf\":{\"@id\":\"https:\/\/www.suno.com.br\/noticias\/selic-xp-eleva-projecao-taxa-terminal-cpf\/\"},\"author\":{\"name\":\"Camila Paim\",\"@id\":\"https:\/\/www.suno.com.br\/noticias\/#\/schema\/person\/f341d3ae5d1cc685176c9a5327cdfdbb\"},\"headline\":\"Selic: com piora no cen\u00e1rio externo e risco fiscal no pa\u00eds, XP eleva proje\u00e7\u00e3o para uma taxa de dois d\u00edgitos no final do ano\",\"datePublished\":\"2024-04-19T15:54:27+00:00\",\"dateModified\":\"2024-04-19T19:43:44+00:00\",\"mainEntityOfPage\":{\"@id\":\"https:\/\/www.suno.com.br\/noticias\/selic-xp-eleva-projecao-taxa-terminal-cpf\/\"},\"wordCount\":589,\"publisher\":{\"@id\":\"https:\/\/www.suno.com.br\/noticias\/#organization\"},\"image\":{\"@id\":\"https:\/\/www.suno.com.br\/noticias\/selic-xp-eleva-projecao-taxa-terminal-cpf\/#primaryimage\"},\"thumbnailUrl\":\"https:\/\/files.sunoresearch.com.br\/n\/uploads\/2024\/04\/iStock-1489161417.jpg\",\"keywords\":[\"Banco Central (BC)\",\"Especialistas\",\"Taxa Selic\",\"XP Investimentos\"],\"articleSection\":[\"Economia\"],\"inLanguage\":\"pt-BR\"},{\"@type\":\"WebPage\",\"@id\":\"https:\/\/www.suno.com.br\/noticias\/selic-xp-eleva-projecao-taxa-terminal-cpf\/\",\"url\":\"https:\/\/www.suno.com.br\/noticias\/selic-xp-eleva-projecao-taxa-terminal-cpf\/\",\"name\":\"Selic: XP eleva proje\u00e7\u00e3o de taxa terminal para 10% ao ano\",\"isPartOf\":{\"@id\":\"https:\/\/www.suno.com.br\/noticias\/#website\"},\"primaryImageOfPage\":{\"@id\":\"https:\/\/www.suno.com.br\/noticias\/selic-xp-eleva-projecao-taxa-terminal-cpf\/#primaryimage\"},\"image\":{\"@id\":\"https:\/\/www.suno.com.br\/noticias\/selic-xp-eleva-projecao-taxa-terminal-cpf\/#primaryimage\"},\"thumbnailUrl\":\"https:\/\/files.sunoresearch.com.br\/n\/uploads\/2024\/04\/iStock-1489161417.jpg\",\"datePublished\":\"2024-04-19T15:54:27+00:00\",\"dateModified\":\"2024-04-19T19:43:44+00:00\",\"description\":\"A XP atualizou a sua proje\u00e7\u00e3o da taxa Selic terminal para 10%, ap\u00f3s concretiza\u00e7\u00e3o de eventos econ\u00f4micos. Veja o que esperar da Selic em 2024.\",\"breadcrumb\":{\"@id\":\"https:\/\/www.suno.com.br\/noticias\/selic-xp-eleva-projecao-taxa-terminal-cpf\/#breadcrumb\"},\"inLanguage\":\"pt-BR\",\"potentialAction\":[{\"@type\":\"ReadAction\",\"target\":[\"https:\/\/www.suno.com.br\/noticias\/selic-xp-eleva-projecao-taxa-terminal-cpf\/\"]}]},{\"@type\":\"ImageObject\",\"inLanguage\":\"pt-BR\",\"@id\":\"https:\/\/www.suno.com.br\/noticias\/selic-xp-eleva-projecao-taxa-terminal-cpf\/#primaryimage\",\"url\":\"https:\/\/files.sunoresearch.com.br\/n\/uploads\/2024\/04\/iStock-1489161417.jpg\",\"contentUrl\":\"https:\/\/files.sunoresearch.com.br\/n\/uploads\/2024\/04\/iStock-1489161417.jpg\",\"width\":1294,\"height\":811,\"caption\":\"Selic. Foto: iStock.\"},{\"@type\":\"BreadcrumbList\",\"@id\":\"https:\/\/www.suno.com.br\/noticias\/selic-xp-eleva-projecao-taxa-terminal-cpf\/#breadcrumb\",\"itemListElement\":[{\"@type\":\"ListItem\",\"position\":1,\"name\":\"Not\u00edcias\",\"item\":\"https:\/\/www.suno.com.br\/noticias\/\"},{\"@type\":\"ListItem\",\"position\":2,\"name\":\"Economia\",\"item\":\"https:\/\/www.suno.com.br\/noticias\/economia\/\"},{\"@type\":\"ListItem\",\"position\":3,\"name\":\"Selic: com piora no cen\u00e1rio externo e risco fiscal no pa\u00eds, XP eleva proje\u00e7\u00e3o para uma taxa de dois d\u00edgitos no final do ano\"}]},{\"@type\":\"WebSite\",\"@id\":\"https:\/\/www.suno.com.br\/noticias\/#website\",\"url\":\"https:\/\/www.suno.com.br\/noticias\/\",\"name\":\"Suno Not\u00edcias\",\"description\":\"Seu portal de informa\u00e7\u00e3o sobre o mundo dos investimentos\",\"publisher\":{\"@id\":\"https:\/\/www.suno.com.br\/noticias\/#organization\"},\"potentialAction\":[{\"@type\":\"SearchAction\",\"target\":{\"@type\":\"EntryPoint\",\"urlTemplate\":\"https:\/\/www.suno.com.br\/noticias\/?s={search_term_string}\"},\"query-input\":{\"@type\":\"PropertyValueSpecification\",\"valueRequired\":true,\"valueName\":\"search_term_string\"}}],\"inLanguage\":\"pt-BR\"},{\"@type\":\"Organization\",\"@id\":\"https:\/\/www.suno.com.br\/noticias\/#organization\",\"name\":\"Suno Not\u00edcias\",\"url\":\"https:\/\/www.suno.com.br\/noticias\/\",\"logo\":{\"@type\":\"ImageObject\",\"inLanguage\":\"pt-BR\",\"@id\":\"https:\/\/www.suno.com.br\/noticias\/#\/schema\/logo\/image\/\",\"url\":\"https:\/\/files.sunoresearch.com.br\/n\/uploads\/2021\/09\/suno-logo.png\",\"contentUrl\":\"https:\/\/files.sunoresearch.com.br\/n\/uploads\/2021\/09\/suno-logo.png\",\"width\":180,\"height\":180,\"caption\":\"Suno Not\u00edcias\"},\"image\":{\"@id\":\"https:\/\/www.suno.com.br\/noticias\/#\/schema\/logo\/image\/\"},\"sameAs\":[\"https:\/\/facebook.com\/sunoresearch\",\"https:\/\/x.com\/sunoresearch\",\"https:\/\/www.instagram.com\/suno\",\"https:\/\/www.linkedin.com\/company\/suno-research\/\",\"https:\/\/www.youtube.com\/c\/sunoresearch\"]},{\"@type\":\"Person\",\"@id\":\"https:\/\/www.suno.com.br\/noticias\/#\/schema\/person\/f341d3ae5d1cc685176c9a5327cdfdbb\",\"name\":\"Camila Paim\",\"image\":{\"@type\":\"ImageObject\",\"inLanguage\":\"pt-BR\",\"@id\":\"https:\/\/www.suno.com.br\/noticias\/#\/schema\/person\/image\/\",\"url\":\"https:\/\/secure.gravatar.com\/avatar\/f33728e65febb1aa7ecf6792956f9b20?s=96&r=g\",\"contentUrl\":\"https:\/\/secure.gravatar.com\/avatar\/f33728e65febb1aa7ecf6792956f9b20?s=96&r=g\",\"caption\":\"Camila Paim\"},\"description\":\"Jornalista formada pela USP, tem experi\u00eancia em reda\u00e7\u00f5es, SEO, Branded Content e Webdesign. Com passagem pelo Jornal da USP, Empiricus e C6 Bank, hoje \u00e9 rep\u00f3rter no Suno Not\u00edcias cobrindo macroeconomia, finan\u00e7as pessoais e startups.\",\"url\":\"https:\/\/www.suno.com.br\/noticias\/author\/camila-figueiredosuno-com-br\/\"}]}<\/script>\n<!-- \/ Yoast SEO plugin. -->","yoast_head_json":{"title":"Selic: XP eleva proje\u00e7\u00e3o de taxa terminal para 10% ao ano","description":"A XP atualizou a sua proje\u00e7\u00e3o da taxa Selic terminal para 10%, ap\u00f3s concretiza\u00e7\u00e3o de eventos econ\u00f4micos. Veja o que esperar da Selic em 2024.","robots":{"index":"index","follow":"follow","max-snippet":"max-snippet:-1","max-image-preview":"max-image-preview:large","max-video-preview":"max-video-preview:-1"},"canonical":"https:\/\/www.suno.com.br\/noticias\/selic-xp-eleva-projecao-taxa-terminal-cpf\/","og_locale":"pt_BR","og_type":"article","og_title":"Selic: XP eleva proje\u00e7\u00e3o de taxa terminal para 10% ao ano","og_description":"A XP atualizou a sua proje\u00e7\u00e3o da taxa Selic terminal para 10%, ap\u00f3s concretiza\u00e7\u00e3o de eventos econ\u00f4micos. Veja o que esperar da Selic em 2024.","og_url":"https:\/\/www.suno.com.br\/noticias\/selic-xp-eleva-projecao-taxa-terminal-cpf\/","og_site_name":"Suno Not\u00edcias","article_publisher":"https:\/\/facebook.com\/sunoresearch","og_image":[{"width":1294,"height":811,"url":"https:\/\/files.sunoresearch.com.br\/n\/uploads\/2024\/04\/iStock-1489161417.jpg","type":"image\/jpeg"}],"author":"Camila Paim","twitter_card":"summary_large_image","twitter_creator":"@sunoresearch","twitter_site":"@sunoresearch","twitter_misc":{"Escrito por":"Camila Paim","Est. tempo de leitura":"3 minutos"},"schema":{"@context":"https:\/\/schema.org","@graph":[{"@type":"NewsArticle","@id":"https:\/\/www.suno.com.br\/noticias\/selic-xp-eleva-projecao-taxa-terminal-cpf\/#article","isPartOf":{"@id":"https:\/\/www.suno.com.br\/noticias\/selic-xp-eleva-projecao-taxa-terminal-cpf\/"},"author":{"name":"Camila Paim","@id":"https:\/\/www.suno.com.br\/noticias\/#\/schema\/person\/f341d3ae5d1cc685176c9a5327cdfdbb"},"headline":"Selic: com piora no cen\u00e1rio externo e risco fiscal no pa\u00eds, XP eleva proje\u00e7\u00e3o para uma taxa de dois d\u00edgitos no final do ano","datePublished":"2024-04-19T15:54:27+00:00","dateModified":"2024-04-19T19:43:44+00:00","mainEntityOfPage":{"@id":"https:\/\/www.suno.com.br\/noticias\/selic-xp-eleva-projecao-taxa-terminal-cpf\/"},"wordCount":589,"publisher":{"@id":"https:\/\/www.suno.com.br\/noticias\/#organization"},"image":{"@id":"https:\/\/www.suno.com.br\/noticias\/selic-xp-eleva-projecao-taxa-terminal-cpf\/#primaryimage"},"thumbnailUrl":"https:\/\/files.sunoresearch.com.br\/n\/uploads\/2024\/04\/iStock-1489161417.jpg","keywords":["Banco Central (BC)","Especialistas","Taxa Selic","XP Investimentos"],"articleSection":["Economia"],"inLanguage":"pt-BR"},{"@type":"WebPage","@id":"https:\/\/www.suno.com.br\/noticias\/selic-xp-eleva-projecao-taxa-terminal-cpf\/","url":"https:\/\/www.suno.com.br\/noticias\/selic-xp-eleva-projecao-taxa-terminal-cpf\/","name":"Selic: XP eleva proje\u00e7\u00e3o de taxa terminal para 10% ao ano","isPartOf":{"@id":"https:\/\/www.suno.com.br\/noticias\/#website"},"primaryImageOfPage":{"@id":"https:\/\/www.suno.com.br\/noticias\/selic-xp-eleva-projecao-taxa-terminal-cpf\/#primaryimage"},"image":{"@id":"https:\/\/www.suno.com.br\/noticias\/selic-xp-eleva-projecao-taxa-terminal-cpf\/#primaryimage"},"thumbnailUrl":"https:\/\/files.sunoresearch.com.br\/n\/uploads\/2024\/04\/iStock-1489161417.jpg","datePublished":"2024-04-19T15:54:27+00:00","dateModified":"2024-04-19T19:43:44+00:00","description":"A XP atualizou a sua proje\u00e7\u00e3o da taxa Selic terminal para 10%, ap\u00f3s concretiza\u00e7\u00e3o de eventos econ\u00f4micos. Veja o que esperar da Selic em 2024.","breadcrumb":{"@id":"https:\/\/www.suno.com.br\/noticias\/selic-xp-eleva-projecao-taxa-terminal-cpf\/#breadcrumb"},"inLanguage":"pt-BR","potentialAction":[{"@type":"ReadAction","target":["https:\/\/www.suno.com.br\/noticias\/selic-xp-eleva-projecao-taxa-terminal-cpf\/"]}]},{"@type":"ImageObject","inLanguage":"pt-BR","@id":"https:\/\/www.suno.com.br\/noticias\/selic-xp-eleva-projecao-taxa-terminal-cpf\/#primaryimage","url":"https:\/\/files.sunoresearch.com.br\/n\/uploads\/2024\/04\/iStock-1489161417.jpg","contentUrl":"https:\/\/files.sunoresearch.com.br\/n\/uploads\/2024\/04\/iStock-1489161417.jpg","width":1294,"height":811,"caption":"Selic. Foto: iStock."},{"@type":"BreadcrumbList","@id":"https:\/\/www.suno.com.br\/noticias\/selic-xp-eleva-projecao-taxa-terminal-cpf\/#breadcrumb","itemListElement":[{"@type":"ListItem","position":1,"name":"Not\u00edcias","item":"https:\/\/www.suno.com.br\/noticias\/"},{"@type":"ListItem","position":2,"name":"Economia","item":"https:\/\/www.suno.com.br\/noticias\/economia\/"},{"@type":"ListItem","position":3,"name":"Selic: com piora no cen\u00e1rio externo e risco fiscal no pa\u00eds, XP eleva proje\u00e7\u00e3o para uma taxa de dois d\u00edgitos no final do ano"}]},{"@type":"WebSite","@id":"https:\/\/www.suno.com.br\/noticias\/#website","url":"https:\/\/www.suno.com.br\/noticias\/","name":"Suno Not\u00edcias","description":"Seu portal de informa\u00e7\u00e3o sobre o mundo dos investimentos","publisher":{"@id":"https:\/\/www.suno.com.br\/noticias\/#organization"},"potentialAction":[{"@type":"SearchAction","target":{"@type":"EntryPoint","urlTemplate":"https:\/\/www.suno.com.br\/noticias\/?s={search_term_string}"},"query-input":{"@type":"PropertyValueSpecification","valueRequired":true,"valueName":"search_term_string"}}],"inLanguage":"pt-BR"},{"@type":"Organization","@id":"https:\/\/www.suno.com.br\/noticias\/#organization","name":"Suno Not\u00edcias","url":"https:\/\/www.suno.com.br\/noticias\/","logo":{"@type":"ImageObject","inLanguage":"pt-BR","@id":"https:\/\/www.suno.com.br\/noticias\/#\/schema\/logo\/image\/","url":"https:\/\/files.sunoresearch.com.br\/n\/uploads\/2021\/09\/suno-logo.png","contentUrl":"https:\/\/files.sunoresearch.com.br\/n\/uploads\/2021\/09\/suno-logo.png","width":180,"height":180,"caption":"Suno Not\u00edcias"},"image":{"@id":"https:\/\/www.suno.com.br\/noticias\/#\/schema\/logo\/image\/"},"sameAs":["https:\/\/facebook.com\/sunoresearch","https:\/\/x.com\/sunoresearch","https:\/\/www.instagram.com\/suno","https:\/\/www.linkedin.com\/company\/suno-research\/","https:\/\/www.youtube.com\/c\/sunoresearch"]},{"@type":"Person","@id":"https:\/\/www.suno.com.br\/noticias\/#\/schema\/person\/f341d3ae5d1cc685176c9a5327cdfdbb","name":"Camila Paim","image":{"@type":"ImageObject","inLanguage":"pt-BR","@id":"https:\/\/www.suno.com.br\/noticias\/#\/schema\/person\/image\/","url":"https:\/\/secure.gravatar.com\/avatar\/f33728e65febb1aa7ecf6792956f9b20?s=96&r=g","contentUrl":"https:\/\/secure.gravatar.com\/avatar\/f33728e65febb1aa7ecf6792956f9b20?s=96&r=g","caption":"Camila Paim"},"description":"Jornalista formada pela USP, tem experi\u00eancia em reda\u00e7\u00f5es, SEO, Branded Content e Webdesign. Com passagem pelo Jornal da USP, Empiricus e C6 Bank, hoje \u00e9 rep\u00f3rter no Suno Not\u00edcias cobrindo macroeconomia, finan\u00e7as pessoais e startups.","url":"https:\/\/www.suno.com.br\/noticias\/author\/camila-figueiredosuno-com-br\/"}]}},"default_loop_html":"<div class=\"cardsPage__listCard__boxs\"><div class=\"cardsPage__listCard__boxs__img\"><a href=\"https:\/\/www.suno.com.br\/noticias\/selic-xp-eleva-projecao-taxa-terminal-cpf\/\"><img class=\"mask\" src=\"https:\/\/www.suno.com.br\/noticias\/wp-content\/themes\/suno\/resources\/images\/spotlight\/spotlight1img\/bg-mask.png\" alt=\"Image Mask\"\/><img src=\"https:\/\/files.sunoresearch.com.br\/n\/uploads\/2024\/04\/iStock-1489161417-400x200.jpg\" alt=\"Selic: com piora no cen\u00e1rio externo e risco fiscal no pa\u00eds, XP eleva proje\u00e7\u00e3o para uma taxa de dois d\u00edgitos no final do ano\"\/><\/a><span class=\"spotlightCategory\"><a href=\"https:\/\/www.suno.com.br\/noticias\/economia\/\">Economia<\/a><\/span><\/div><div class=\"cardsPage__listCard__boxs__content\"><a href=\"https:\/\/www.suno.com.br\/noticias\/selic-xp-eleva-projecao-taxa-terminal-cpf\/\"><h2 class=\"content__title\">Selic: com piora no cen\u00e1rio externo e risco fiscal no pa\u00eds, XP eleva proje\u00e7\u00e3o para uma taxa de dois d\u00edgitos no final do ano<\/h2><\/a><div class=\"newsContent__article__meta\"><div class=\"newsContent__article__meta__authorBox\"><a href=\"https:\/\/www.suno.com.br\/noticias\/author\/giovanni-porfiriosuno-com-br\/\" class=\"authorBox__avatar noMobi\"><img src=\"https:\/\/files.sunoresearch.com.br\/n\/uploads\/2024\/05\/DSCF4115-1-1-150x150.webp\" alt=\"Giovanni Porf\u00edrio Jacomino\"><\/a><div class=\"authorBox__name\"><span>por\n\t\t\t<a href=\"https:\/\/www.suno.com.br\/noticias\/author\/giovanni-porfiriosuno-com-br\/\"><span itemprop=\"author\">Giovanni Porf\u00edrio Jacomino<\/span><\/a><\/span><time datetime=\"2024-04-19T12:54:27-03:00\" itemprop=\"datePublished\">19\/04\/2024 12:54<\/time><\/div><\/div><\/div><\/div><\/div>","single_layout":"posts","amp_enabled":true,"_links":{"self":[{"href":"https:\/\/www.suno.com.br\/noticias\/wp-json\/wp\/v2\/posts\/545796"}],"collection":[{"href":"https:\/\/www.suno.com.br\/noticias\/wp-json\/wp\/v2\/posts"}],"about":[{"href":"https:\/\/www.suno.com.br\/noticias\/wp-json\/wp\/v2\/types\/post"}],"author":[{"embeddable":true,"href":"https:\/\/www.suno.com.br\/noticias\/wp-json\/wp\/v2\/users\/283"}],"replies":[{"embeddable":true,"href":"https:\/\/www.suno.com.br\/noticias\/wp-json\/wp\/v2\/comments?post=545796"}],"version-history":[{"count":2,"href":"https:\/\/www.suno.com.br\/noticias\/wp-json\/wp\/v2\/posts\/545796\/revisions"}],"predecessor-version":[{"id":545964,"href":"https:\/\/www.suno.com.br\/noticias\/wp-json\/wp\/v2\/posts\/545796\/revisions\/545964"}],"wp:featuredmedia":[{"embeddable":true,"href":"https:\/\/www.suno.com.br\/noticias\/wp-json\/wp\/v2\/media\/544343"}],"wp:attachment":[{"href":"https:\/\/www.suno.com.br\/noticias\/wp-json\/wp\/v2\/media?parent=545796"}],"wp:term":[{"taxonomy":"category","embeddable":true,"href":"https:\/\/www.suno.com.br\/noticias\/wp-json\/wp\/v2\/categories?post=545796"},{"taxonomy":"post_tag","embeddable":true,"href":"https:\/\/www.suno.com.br\/noticias\/wp-json\/wp\/v2\/tags?post=545796"},{"taxonomy":"suno_strategy","embeddable":true,"href":"https:\/\/www.suno.com.br\/noticias\/wp-json\/wp\/v2\/suno_strategy?post=545796"}],"curies":[{"name":"wp","href":"https:\/\/api.w.org\/{rel}","templated":true}]}}