{"id":545760,"date":"2024-04-19T11:45:28","date_gmt":"2024-04-19T14:45:28","guid":{"rendered":"https:\/\/www.suno.com.br\/noticias\/?p=545760"},"modified":"2024-04-19T11:45:33","modified_gmt":"2024-04-19T14:45:33","slug":"weg-wege3-itau-bba-gpj-previa-gpj","status":"publish","type":"post","link":"https:\/\/www.suno.com.br\/noticias\/weg-wege3-itau-bba-gpj-previa-gpj\/","title":{"rendered":"Weg (WEGE3): Ita\u00fa BBA projeta virada positiva em breve; veja recomenda\u00e7\u00e3o"},"content":{"rendered":"<p>Em relat\u00f3rio mais recente sobre a <a href=\"https:\/\/www.suno.com.br\/acoes\/WEGE3\/\"><strong>Weg<\/strong> (WEGE3)<\/a>, o Ita\u00fa BBA refor\u00e7ou otimismo para a companhia diante de perspectivas para o primeiro trimestre deste ano. O banco comparou os \u00faltimos resultados da concorrente su\u00ed\u00e7a ABB e sugeriu uma potencial inflex\u00e3o para a empresa brasileira nos pr\u00f3ximos meses.<\/p>\t<div class=\"wrapper-featured-image\">\n\t\t<figure class=\"spotlightImg\">\n\n\t\t\t<picture>\n\t\t\t\t<source media=\"(max-width: 768px)\" srcset=\"https:\/\/files.sunoresearch.com.br\/n\/uploads\/2022\/07\/weg-400x200.jpg\">\n\t\t\t\t<img loading=\"lazy\" decoding=\"async\" class=\"newsContent__article__imgCapa lazyloadDisabled \" src=\"https:\/\/files.sunoresearch.com.br\/n\/uploads\/2022\/07\/weg-800x450.jpg\" width=\"800\" height=\"450\" alt=\"Weg (WEGE3): Ita\u00fa BBA projeta virada positiva em breve; veja recomenda\u00e7\u00e3o\" fetchpriority=high \/>\n\t\t\t<\/picture>\n\n\t\t\t<figcaption class=\"wp-caption-text wp-caption-text--show\">Weg (WEGE3). Foto: Divulga\u00e7\u00e3o<\/figcaption>\n\t\t<\/figure>\n\t<\/div>\n\n\n\n\n\n\n\n\t<p>\n\t\t<a href=\"\" target=\"_blank\" data-element=\"shortcode-suno-banner\" title=\"Banner SUNO, clique e saiba mais\">\n\t\t\t<picture>\n\t\t\t\t<source media=\"(max-width: 500px)\" srcset=\"\">\n\t\t\t\t<img class=\"newsContent__article__imgCapa newsContent__article__imgCapa--banner\"\n\t\t\t\t\tsrc=\"\"\n\t\t\t\t\tdata-promo-id=\"250708\"\t\t\t\t\t\t\t\t\t\t\t\t\t\t\talt=\"\"\n\t\t\t\t>\n\t\t\t<\/picture>\n\t\t<\/a>\n\t<\/p>\n\n\n\n\n\n<p>Os analistas do Ita\u00fa BBA mencionam que os resultados da divis\u00e3o motion da <strong>ABB<\/strong> &#8211; compar\u00e1vel aos neg\u00f3cios de energia da Weg &#8211; teriam apresentado tend\u00eancia de recupera\u00e7\u00e3o com ventos favor\u00e1veis de pre\u00e7os positivos; demanda robusta em neg\u00f3cios relacionados a projetos e sistemas, al\u00e9m de baixa demanda de ciclo curto, embora com sinais de recupera\u00e7\u00e3o, indicando potencial inflex\u00e3o ascendente no ciclo.<\/p>\n\n\n\n<p>O banco tamb\u00e9m cita a carteira de pedidos da ABB, que chegou ao maior patamar hist\u00f3rico, al\u00e9m de melhorias nas margens da companhia.<\/p>\n\n\n\n<p>Neste sentido, como poss\u00edvel recupera\u00e7\u00e3o do mercado, os analistas do Ita\u00fa BBA entendem que o pior j\u00e1 teria ficado para tr\u00e1s para a Weg, mencionando tend\u00eancias favor\u00e1veis da ABB em procura de ciclo longo, al\u00e9m da expans\u00e3o nas encomendas, \u201co que mitiga as preocupa\u00e7\u00f5es dos investidores em rela\u00e7\u00e3o aos resultados da Weg\u201d.<\/p>\n\n\n\n<p>O Ita\u00fa BBA tem recomenda\u00e7\u00e3o &#8216;outperform&#8217; para as <strong>a\u00e7\u00f5es da Weg<\/strong>, equivalente \u00e0 &#8216;compra&#8217;, com pre\u00e7o-alvo a R$ 47,00.<\/p>\n\n\n\n<h2 class=\"wp-block-heading\">BBA projeta valoriza\u00e7\u00e3o das a\u00e7\u00f5es da Weg, com \u201calta das vendas para o exterior\u201d<\/h2>\n\n\n\n<p>Em outro relat\u00f3rio divulgado no in\u00edcio desta semana sobre a Weg (<strong>WEGE3<\/strong>), o Ita\u00fa BBA estima que cerca de 30% da receita total da<strong> <\/strong>companhia no primeiro trimestre deste ano devem vir do mercado internacional. A \u00faltima vez que a companhia registrou alta nas vendas para o exterior foi em 2022.<\/p>\n\n\n\n<p>As vendas nacionais da empresa representam quase metade, cerca de 16% da <a href=\"https:\/\/www.suno.com.br\/artigos\/receita-total\/\">receita total<\/a>. Em rela\u00e7\u00e3o \u00e0 gera\u00e7\u00e3o, transmiss\u00e3o e distribui\u00e7\u00e3o de energia el\u00e9trica (GTD) no Brasil, que representa cerca de 25% da receita total, houve uma pequena queda nas importa\u00e7\u00f5es de pain\u00e9is solares, registrando 20% a menos que o ano anterior e 10% a menos que o trimestre passado.<\/p>\n\n\n\n<p>Para os analistas do BBA, isso indica que o segmento de energia solar da Weg pode estar um pouco fraco, mas o setor de transmiss\u00e3o e distribui\u00e7\u00e3o de energia mostra ascens\u00e3o.<\/p>\n\n\n\n<p>Sobre os custos, os estrategistas notaram que os pre\u00e7os do a\u00e7o, cobre e alum\u00ednio tiveram alta de 2% em rela\u00e7\u00e3o ao quarto trimestre de 2023 da companhia. Na vis\u00e3o do banco, isso pode significar que a Weg deve gastar um pouco mais para fabricar essa linha de produtos.<\/p>\n\n\n\n<p>Os dados analisados pelo BBA indicam ainda uma <a href=\"https:\/\/www.suno.com.br\/artigos\/saude-financeira\/\">sa\u00fade financeira<\/a> robusta na linha superior do neg\u00f3cio de motores da Weg no decorrer deste ano, que deve compensar o desempenho mais fraco do segmento solar dom\u00e9stico. Pre\u00e7os est\u00e1veis de mat\u00e9rias-primas, combinados com uma leitura positiva da demanda de pares, sugerem riscos limitados de revis\u00f5es descendentes de margem no futuro.<\/p>\n\n\n\n<h2 class=\"wp-block-heading\">Desempenho das a\u00e7\u00f5es da Weg<\/h2>\n\n\n\n<p>Confira o desempenho das a\u00e7\u00f5es da <strong>Weg<\/strong> (WEGE3).<\/p>\n\n\n\n<div class=\"pluginQuotation\">\n  <p class=\"ticker\">\n    Cota\u00e7\u00e3o <span>WEGE3<\/span>\n  <\/p>\n  <div class=\"info\">\n    <div class=\"leftSide\">\n      Gr\u00e1fico gerado em: 19\/04\/2024    <\/div>\n\t\t\t\t\t<div class=\"rightSide\">\n\t\t\t\t\t<span class=\"period\">\n\t\t\t\t\t\t5 Dias\t\t\t\t\t<\/span>\n\t\t\t<\/div>\n\t\t  <\/div>\n\n  <div id=\"chart-c77cf2e354229e31fca0909c21d69df7\" data-block-hash=\"c77cf2e354229e31fca0909c21d69df7\"  class=\"chart\" style=\"width:100%;height:400px;\"><\/div>\n\n  <div class=\"pluginQuotation__footer\">\n    <div class=\"dataChart\">\n\n      <div class=\"dataChart__div1 variation\">\n        <div class=\"value-positive\">\n          1,53 (+0,58%)        <\/div>\n        <div class=\"text\">\n          Varia\u00e7\u00e3o do per\u00edodo\n        <\/div>\n      <\/div>\n\n      <div class=\"dataChart__div2 minMax\">\n        <div class=\"value\">\n          R$\u00a037,79        <\/div>\n        <div class=\"text\">\n          M\u00ednima\n        <\/div>\n      <\/div>\n\n      <div class=\"dataChart__div3 minMax\">\n        <div class=\"value\">\n          R$\u00a038,52        <\/div>\n        <div class=\"text\">\n          M\u00e1xima\n        <\/div>\n      <\/div>\n\n\t\t\t<div class=\"dataChart__div4 rightSide\">\n\t\t\t\t<div class=\"analiticaSource\">\n\t\t\t\t\t<span>\n\t\t\t\t\t\tFonte:\n\t\t\t\t\t<\/span>\n\t\t\t\t\t<img decoding=\"async\" class=\"analiticaLogo\" src=\"https:\/\/www.suno.com.br\/noticias\/wp-content\/plugins\/suno-block-ticker-quotation\/src\/suno-analitica-logo.png\" alt=\"Logo Suno Anal\u00edtica\" \/>\n\t\t\t\t<\/div>\n\n\t\t\t\t<a href=\"https:\/\/www.suno.com.br\/analitica\/acoes\/WEGE3\" target=\"_blank\">\n\t\t\t\t\t<span>\n\t\t\t\t\t\tVer mais cota\u00e7\u00f5es\n\t\t\t\t\t<\/span>\n\t\t\t\t\t<svg xmlns=\"http:\/\/www.w3.org\/2000\/svg\" width=\"9\" height=\"8\" viewBox=\"0 0 9 8\" fill=\"none\">\n\t\t\t\t\t\t<path d=\"M4.20996 0L3.50496 0.705L6.29496 3.5H0.209961V4.5H6.29496L3.50496 7.295L4.20996 8L8.20996 4L4.20996 0Z\" fill=\"#D42126\" \/>\n\t\t\t\t\t<\/svg>\n\t\t\t\t<\/a>\n    <\/div>\n\n    <\/div>\n  <\/div>\n<\/div>\n\n\n<script type=\"text\/javascript\">\n  let chart_c77cf2e354229e31fca0909c21d69df7 = document.getElementById('chart-c77cf2e354229e31fca0909c21d69df7');\n  let data_json_c77cf2e354229e31fca0909c21d69df7 = \"[{\\\"date\\\":\\\"15\\\\\\\/04\\\\\\\/24 10:10\\\",\\\"value\\\":37.79},{\\\"date\\\":\\\"15\\\\\\\/04\\\\\\\/24 10:20\\\",\\\"value\\\":37.85},{\\\"date\\\":\\\"15\\\\\\\/04\\\\\\\/24 10:30\\\",\\\"value\\\":37.85},{\\\"date\\\":\\\"18\\\\\\\/04\\\\\\\/24 11:50\\\",\\\"value\\\":38.52},{\\\"date\\\":\\\"18\\\\\\\/04\\\\\\\/24 12:00\\\",\\\"value\\\":38.45},{\\\"date\\\":\\\"18\\\\\\\/04\\\\\\\/24 12:10\\\",\\\"value\\\":38.4},{\\\"date\\\":\\\"18\\\\\\\/04\\\\\\\/24 12:20\\\",\\\"value\\\":38.37}]\";\n  let isPositive_c77cf2e354229e31fca0909c21d69df7 = true;\n\n  let color_c77cf2e354229e31fca0909c21d69df7 = isPositive_c77cf2e354229e31fca0909c21d69df7 ? '#3AB53A' : '#D92C2D';\n\n  let data_c77cf2e354229e31fca0909c21d69df7 = JSON.parse(data_json_c77cf2e354229e31fca0909c21d69df7);\n\n  const result_c77cf2e354229e31fca0909c21d69df7 = {\n    date: [],\n    value: [],\n  };\n\n  data_c77cf2e354229e31fca0909c21d69df7.forEach((item) => {\n    result_c77cf2e354229e31fca0909c21d69df7.date.push(item.date);\n    result_c77cf2e354229e31fca0909c21d69df7.value.push(Number(item.value));\n  });\n\n  let option_c77cf2e354229e31fca0909c21d69df7 = {\n    \/\/ variavel de cor global\n    color: [color_c77cf2e354229e31fca0909c21d69df7],\n    title: {\n      text: '',\n    },\n    tooltip: {\n      trigger: 'axis',\n      axisPointer: {\n        type: 'cross',\n        label: {\n          \/\/ cor dos valores em X e Y\n          backgroundColor: color_c77cf2e354229e31fca0909c21d69df7,\n          formatter: (value) => {\n            if (typeof value.value === 'number') {\n              return Number(value.value).toLocaleString('pt-br', {\n                style: 'currency',\n                currency: 'BRL'\n              });\n            }\n            return value.value;\n          },\n        },\n      },\n      valueFormatter: (value) => Number(value).toLocaleString('pt-br', {\n        style: 'currency',\n        currency: 'BRL'\n      }),\n    },\n    legend: {\n      \/\/ data: ['Valor de Fechamento'],\n      show: false,\n    },\n    toolbox: {\n      feature: {\n        saveAsImage: {\n          show: false,\n        },\n      },\n    },\n    grid: {\n      left: '0px',\n      right: '0px',\n      bottom: '0px',\n      containLabel: true,\n    },\n    xAxis: [{\n      type: 'category',\n      data: result_c77cf2e354229e31fca0909c21d69df7.date,\n      boundaryGap: true,\n    }],\n    yAxis: [{\n      type: 'value',\n      min: Math.min(...result_c77cf2e354229e31fca0909c21d69df7.value),\n      max: Math.max(...result_c77cf2e354229e31fca0909c21d69df7.value),\n      axisLabel: {\n        formatter: (value) => value.toLocaleString('pt-br', {\n          style: 'currency',\n          currency: 'BRL'\n        }),\n      },\n    }],\n    series: [{\n      name: 'Valor de Fechamento',\n      type: 'line',\n      stack: 'Total',\n      \/\/ cor do grafico\n      areaStyle: {},\n      emphasis: {\n        focus: 'series',\n      },\n      data: result_c77cf2e354229e31fca0909c21d69df7.value,\n      \/\/ cor da linha\n      lineStyle: {\n        color: color_c77cf2e354229e31fca0909c21d69df7,\n      },\n    }, ],\n  };\n\n\twindow.chart_c77cf2e354229e31fca0909c21d69df7 = {\n\t\tel: chart_c77cf2e354229e31fca0909c21d69df7,\n\t\toption: option_c77cf2e354229e31fca0909c21d69df7\t};\n\n\n<\/script>\n\n\n\t<p>\n\t\t<a href=\"https:\/\/lp.suno.com.br\/ebook-como-analisar-uma-acao\/\" target=\"_blank\" data-element=\"shortcode-suno-banner\" title=\"Banner SUNO, clique e saiba mais\">\n\t\t\t<picture>\n\t\t\t\t<source media=\"(max-width: 500px)\" srcset=\"https:\/\/files.sunoresearch.com.br\/n\/uploads\/2023\/03\/Ebook-Acoes-Mobile.jpg\">\n\t\t\t\t<img class=\"newsContent__article__imgCapa newsContent__article__imgCapa--banner\"\n\t\t\t\t\tsrc=\"https:\/\/files.sunoresearch.com.br\/n\/uploads\/2023\/03\/Ebook-Acoes-Desktop.jpg\"\n\t\t\t\t\tdata-promo-id=\"378302\"\t\t\t\t\t\t\t\t\t\twidth='1420' height='286'\t\t\t\t\talt=\"https:\/\/files.sunoresearch.com.br\/n\/uploads\/2023\/03\/Ebook-Acoes-Desktop.jpg\"\n\t\t\t\t>\n\t\t\t<\/picture>\n\t\t<\/a>\n\t<\/p>\n\n\n","protected":false},"excerpt":{"rendered":"<p>Em relat\u00f3rio mais recente sobre a Weg (WEGE3), o Ita\u00fa BBA refor\u00e7ou otimismo para a companhia diante de perspectivas para o primeiro trimestre deste ano. O banco comparou os \u00faltimos resultados da concorrente su\u00ed\u00e7a ABB e sugeriu uma potencial inflex\u00e3o para a empresa brasileira nos pr\u00f3ximos meses. Weg (WEGE3). Foto: Divulga\u00e7\u00e3o Os analistas do Ita\u00fa [&hellip;]<\/p>\n","protected":false},"author":313,"featured_media":277335,"comment_status":"closed","ping_status":"closed","sticky":false,"template":"","format":"standard","meta":[],"categories":[64],"tags":[286,105816,681],"suno_strategy":[],"class_list":["post-545760","post","type-post","status-publish","format-standard","has-post-thumbnail","hentry","category-negocios","tag-acoes","tag-especialistas","tag-weg-wege3"],"yoast_head":"<!-- This site is optimized with the Yoast SEO plugin v24.4 - https:\/\/yoast.com\/wordpress\/plugins\/seo\/ -->\n<title>Weg (WEGE3): BBA projeta virada positiva em breve<\/title>\n<meta name=\"description\" content=\"Em relat\u00f3rio mais recente sobre a Weg, o Ita\u00fa BBA refor\u00e7ou otimismo para a companhia, diante de perspectivas para o 1T deste ano.\" \/>\n<meta name=\"robots\" content=\"index, follow, max-snippet:-1, max-image-preview:large, max-video-preview:-1\" \/>\n<link rel=\"canonical\" href=\"https:\/\/www.suno.com.br\/noticias\/weg-wege3-itau-bba-gpj-previa-gpj\/\" \/>\n<meta property=\"og:locale\" content=\"pt_BR\" \/>\n<meta property=\"og:type\" content=\"article\" \/>\n<meta property=\"og:title\" content=\"Weg (WEGE3): BBA projeta virada positiva em breve\" \/>\n<meta property=\"og:description\" content=\"Em relat\u00f3rio mais recente sobre a Weg, o Ita\u00fa BBA refor\u00e7ou otimismo para a companhia, diante de perspectivas para o 1T deste ano.\" \/>\n<meta property=\"og:url\" content=\"https:\/\/www.suno.com.br\/noticias\/weg-wege3-itau-bba-gpj-previa-gpj\/\" \/>\n<meta property=\"og:site_name\" content=\"Suno Not\u00edcias\" \/>\n<meta property=\"article:publisher\" content=\"https:\/\/facebook.com\/sunoresearch\" \/>\n<meta property=\"og:image\" content=\"https:\/\/files.sunoresearch.com.br\/n\/uploads\/2022\/07\/weg.jpg\" \/>\n\t<meta property=\"og:image:width\" content=\"1400\" \/>\n\t<meta property=\"og:image:height\" content=\"824\" \/>\n\t<meta property=\"og:image:type\" content=\"image\/jpeg\" \/>\n<meta name=\"author\" content=\"Giovanni Porf\u00edrio Jacomino\" \/>\n<meta name=\"twitter:card\" content=\"summary_large_image\" \/>\n<meta name=\"twitter:creator\" content=\"@sunoresearch\" \/>\n<meta name=\"twitter:site\" content=\"@sunoresearch\" \/>\n<meta name=\"twitter:label1\" content=\"Escrito por\" \/>\n\t<meta name=\"twitter:data1\" content=\"Giovanni Porf\u00edrio Jacomino\" \/>\n\t<meta name=\"twitter:label2\" content=\"Est. tempo de leitura\" \/>\n\t<meta name=\"twitter:data2\" content=\"3 minutos\" \/>\n<script type=\"application\/ld+json\" class=\"yoast-schema-graph\">{\"@context\":\"https:\/\/schema.org\",\"@graph\":[{\"@type\":\"NewsArticle\",\"@id\":\"https:\/\/www.suno.com.br\/noticias\/weg-wege3-itau-bba-gpj-previa-gpj\/#article\",\"isPartOf\":{\"@id\":\"https:\/\/www.suno.com.br\/noticias\/weg-wege3-itau-bba-gpj-previa-gpj\/\"},\"author\":{\"name\":\"Giovanni Porf\u00edrio Jacomino\",\"@id\":\"https:\/\/www.suno.com.br\/noticias\/#\/schema\/person\/d0f32748bbca4bee871fa191ee4e2d40\"},\"headline\":\"Weg (WEGE3): Ita\u00fa BBA projeta virada positiva em breve; veja recomenda\u00e7\u00e3o\",\"datePublished\":\"2024-04-19T14:45:28+00:00\",\"dateModified\":\"2024-04-19T14:45:33+00:00\",\"mainEntityOfPage\":{\"@id\":\"https:\/\/www.suno.com.br\/noticias\/weg-wege3-itau-bba-gpj-previa-gpj\/\"},\"wordCount\":543,\"publisher\":{\"@id\":\"https:\/\/www.suno.com.br\/noticias\/#organization\"},\"image\":{\"@id\":\"https:\/\/www.suno.com.br\/noticias\/weg-wege3-itau-bba-gpj-previa-gpj\/#primaryimage\"},\"thumbnailUrl\":\"https:\/\/files.sunoresearch.com.br\/n\/uploads\/2022\/07\/weg.jpg\",\"keywords\":[\"A\u00e7\u00f5es\",\"Especialistas\",\"Weg (WEGE3)\"],\"articleSection\":[\"Neg\u00f3cios\"],\"inLanguage\":\"pt-BR\"},{\"@type\":\"WebPage\",\"@id\":\"https:\/\/www.suno.com.br\/noticias\/weg-wege3-itau-bba-gpj-previa-gpj\/\",\"url\":\"https:\/\/www.suno.com.br\/noticias\/weg-wege3-itau-bba-gpj-previa-gpj\/\",\"name\":\"Weg (WEGE3): BBA projeta virada positiva em breve\",\"isPartOf\":{\"@id\":\"https:\/\/www.suno.com.br\/noticias\/#website\"},\"primaryImageOfPage\":{\"@id\":\"https:\/\/www.suno.com.br\/noticias\/weg-wege3-itau-bba-gpj-previa-gpj\/#primaryimage\"},\"image\":{\"@id\":\"https:\/\/www.suno.com.br\/noticias\/weg-wege3-itau-bba-gpj-previa-gpj\/#primaryimage\"},\"thumbnailUrl\":\"https:\/\/files.sunoresearch.com.br\/n\/uploads\/2022\/07\/weg.jpg\",\"datePublished\":\"2024-04-19T14:45:28+00:00\",\"dateModified\":\"2024-04-19T14:45:33+00:00\",\"description\":\"Em relat\u00f3rio mais recente sobre a Weg, o Ita\u00fa BBA refor\u00e7ou otimismo para a companhia, diante de perspectivas para o 1T deste ano.\",\"breadcrumb\":{\"@id\":\"https:\/\/www.suno.com.br\/noticias\/weg-wege3-itau-bba-gpj-previa-gpj\/#breadcrumb\"},\"inLanguage\":\"pt-BR\",\"potentialAction\":[{\"@type\":\"ReadAction\",\"target\":[\"https:\/\/www.suno.com.br\/noticias\/weg-wege3-itau-bba-gpj-previa-gpj\/\"]}]},{\"@type\":\"ImageObject\",\"inLanguage\":\"pt-BR\",\"@id\":\"https:\/\/www.suno.com.br\/noticias\/weg-wege3-itau-bba-gpj-previa-gpj\/#primaryimage\",\"url\":\"https:\/\/files.sunoresearch.com.br\/n\/uploads\/2022\/07\/weg.jpg\",\"contentUrl\":\"https:\/\/files.sunoresearch.com.br\/n\/uploads\/2022\/07\/weg.jpg\",\"width\":1400,\"height\":824,\"caption\":\"Weg (WEGE3). Foto: Divulga\u00e7\u00e3o\"},{\"@type\":\"BreadcrumbList\",\"@id\":\"https:\/\/www.suno.com.br\/noticias\/weg-wege3-itau-bba-gpj-previa-gpj\/#breadcrumb\",\"itemListElement\":[{\"@type\":\"ListItem\",\"position\":1,\"name\":\"Not\u00edcias\",\"item\":\"https:\/\/www.suno.com.br\/noticias\/\"},{\"@type\":\"ListItem\",\"position\":2,\"name\":\"Neg\u00f3cios\",\"item\":\"https:\/\/www.suno.com.br\/noticias\/negocios\/\"},{\"@type\":\"ListItem\",\"position\":3,\"name\":\"Weg (WEGE3): Ita\u00fa BBA projeta virada positiva em breve; veja recomenda\u00e7\u00e3o\"}]},{\"@type\":\"WebSite\",\"@id\":\"https:\/\/www.suno.com.br\/noticias\/#website\",\"url\":\"https:\/\/www.suno.com.br\/noticias\/\",\"name\":\"Suno Not\u00edcias\",\"description\":\"Seu portal de informa\u00e7\u00e3o sobre o mundo dos investimentos\",\"publisher\":{\"@id\":\"https:\/\/www.suno.com.br\/noticias\/#organization\"},\"potentialAction\":[{\"@type\":\"SearchAction\",\"target\":{\"@type\":\"EntryPoint\",\"urlTemplate\":\"https:\/\/www.suno.com.br\/noticias\/?s={search_term_string}\"},\"query-input\":{\"@type\":\"PropertyValueSpecification\",\"valueRequired\":true,\"valueName\":\"search_term_string\"}}],\"inLanguage\":\"pt-BR\"},{\"@type\":\"Organization\",\"@id\":\"https:\/\/www.suno.com.br\/noticias\/#organization\",\"name\":\"Suno Not\u00edcias\",\"url\":\"https:\/\/www.suno.com.br\/noticias\/\",\"logo\":{\"@type\":\"ImageObject\",\"inLanguage\":\"pt-BR\",\"@id\":\"https:\/\/www.suno.com.br\/noticias\/#\/schema\/logo\/image\/\",\"url\":\"https:\/\/files.sunoresearch.com.br\/n\/uploads\/2021\/09\/suno-logo.png\",\"contentUrl\":\"https:\/\/files.sunoresearch.com.br\/n\/uploads\/2021\/09\/suno-logo.png\",\"width\":180,\"height\":180,\"caption\":\"Suno Not\u00edcias\"},\"image\":{\"@id\":\"https:\/\/www.suno.com.br\/noticias\/#\/schema\/logo\/image\/\"},\"sameAs\":[\"https:\/\/facebook.com\/sunoresearch\",\"https:\/\/x.com\/sunoresearch\",\"https:\/\/www.instagram.com\/suno\",\"https:\/\/www.linkedin.com\/company\/suno-research\/\",\"https:\/\/www.youtube.com\/c\/sunoresearch\"]},{\"@type\":\"Person\",\"@id\":\"https:\/\/www.suno.com.br\/noticias\/#\/schema\/person\/d0f32748bbca4bee871fa191ee4e2d40\",\"name\":\"Giovanni Porf\u00edrio Jacomino\",\"image\":{\"@type\":\"ImageObject\",\"inLanguage\":\"pt-BR\",\"@id\":\"https:\/\/www.suno.com.br\/noticias\/#\/schema\/person\/image\/\",\"url\":\"https:\/\/secure.gravatar.com\/avatar\/efb32e19b730a121cb7a80f41ffec01a?s=96&r=g\",\"contentUrl\":\"https:\/\/secure.gravatar.com\/avatar\/efb32e19b730a121cb7a80f41ffec01a?s=96&r=g\",\"caption\":\"Giovanni Porf\u00edrio Jacomino\"},\"description\":\"Giovanni Porf\u00edrio Jacomino \u00e9 jornalista formado pela Universidade Estadual de Londrina (UEL) e p\u00f3s-graduado em Produ\u00e7\u00e3o e Pr\u00e1ticas Jornal\u00edsticas na Contemporaneidade na Faculdade C\u00e1sper L\u00edbero (FCL). Foi editor web no Startupi e no Finsiders, atuando ainda como editor no TC Mover, portal de not\u00edcias da TradersClub, fazendo a cobertura de assuntos relacionados ao mercado financeiro interno e externo. Atualmente, \u00e9 Rep\u00f3rter do Suno Not\u00edcias.\",\"url\":\"https:\/\/www.suno.com.br\/noticias\/author\/giovanni-porfiriosuno-com-br\/\"}]}<\/script>\n<!-- \/ Yoast SEO plugin. -->","yoast_head_json":{"title":"Weg (WEGE3): BBA projeta virada positiva em breve","description":"Em relat\u00f3rio mais recente sobre a Weg, o Ita\u00fa BBA refor\u00e7ou otimismo para a companhia, diante de perspectivas para o 1T deste ano.","robots":{"index":"index","follow":"follow","max-snippet":"max-snippet:-1","max-image-preview":"max-image-preview:large","max-video-preview":"max-video-preview:-1"},"canonical":"https:\/\/www.suno.com.br\/noticias\/weg-wege3-itau-bba-gpj-previa-gpj\/","og_locale":"pt_BR","og_type":"article","og_title":"Weg (WEGE3): BBA projeta virada positiva em breve","og_description":"Em relat\u00f3rio mais recente sobre a Weg, o Ita\u00fa BBA refor\u00e7ou otimismo para a companhia, diante de perspectivas para o 1T deste ano.","og_url":"https:\/\/www.suno.com.br\/noticias\/weg-wege3-itau-bba-gpj-previa-gpj\/","og_site_name":"Suno Not\u00edcias","article_publisher":"https:\/\/facebook.com\/sunoresearch","og_image":[{"width":1400,"height":824,"url":"https:\/\/files.sunoresearch.com.br\/n\/uploads\/2022\/07\/weg.jpg","type":"image\/jpeg"}],"author":"Giovanni Porf\u00edrio Jacomino","twitter_card":"summary_large_image","twitter_creator":"@sunoresearch","twitter_site":"@sunoresearch","twitter_misc":{"Escrito por":"Giovanni Porf\u00edrio Jacomino","Est. tempo de leitura":"3 minutos"},"schema":{"@context":"https:\/\/schema.org","@graph":[{"@type":"NewsArticle","@id":"https:\/\/www.suno.com.br\/noticias\/weg-wege3-itau-bba-gpj-previa-gpj\/#article","isPartOf":{"@id":"https:\/\/www.suno.com.br\/noticias\/weg-wege3-itau-bba-gpj-previa-gpj\/"},"author":{"name":"Giovanni Porf\u00edrio Jacomino","@id":"https:\/\/www.suno.com.br\/noticias\/#\/schema\/person\/d0f32748bbca4bee871fa191ee4e2d40"},"headline":"Weg (WEGE3): Ita\u00fa BBA projeta virada positiva em breve; veja recomenda\u00e7\u00e3o","datePublished":"2024-04-19T14:45:28+00:00","dateModified":"2024-04-19T14:45:33+00:00","mainEntityOfPage":{"@id":"https:\/\/www.suno.com.br\/noticias\/weg-wege3-itau-bba-gpj-previa-gpj\/"},"wordCount":543,"publisher":{"@id":"https:\/\/www.suno.com.br\/noticias\/#organization"},"image":{"@id":"https:\/\/www.suno.com.br\/noticias\/weg-wege3-itau-bba-gpj-previa-gpj\/#primaryimage"},"thumbnailUrl":"https:\/\/files.sunoresearch.com.br\/n\/uploads\/2022\/07\/weg.jpg","keywords":["A\u00e7\u00f5es","Especialistas","Weg (WEGE3)"],"articleSection":["Neg\u00f3cios"],"inLanguage":"pt-BR"},{"@type":"WebPage","@id":"https:\/\/www.suno.com.br\/noticias\/weg-wege3-itau-bba-gpj-previa-gpj\/","url":"https:\/\/www.suno.com.br\/noticias\/weg-wege3-itau-bba-gpj-previa-gpj\/","name":"Weg (WEGE3): BBA projeta virada positiva em breve","isPartOf":{"@id":"https:\/\/www.suno.com.br\/noticias\/#website"},"primaryImageOfPage":{"@id":"https:\/\/www.suno.com.br\/noticias\/weg-wege3-itau-bba-gpj-previa-gpj\/#primaryimage"},"image":{"@id":"https:\/\/www.suno.com.br\/noticias\/weg-wege3-itau-bba-gpj-previa-gpj\/#primaryimage"},"thumbnailUrl":"https:\/\/files.sunoresearch.com.br\/n\/uploads\/2022\/07\/weg.jpg","datePublished":"2024-04-19T14:45:28+00:00","dateModified":"2024-04-19T14:45:33+00:00","description":"Em relat\u00f3rio mais recente sobre a Weg, o Ita\u00fa BBA refor\u00e7ou otimismo para a companhia, diante de perspectivas para o 1T deste ano.","breadcrumb":{"@id":"https:\/\/www.suno.com.br\/noticias\/weg-wege3-itau-bba-gpj-previa-gpj\/#breadcrumb"},"inLanguage":"pt-BR","potentialAction":[{"@type":"ReadAction","target":["https:\/\/www.suno.com.br\/noticias\/weg-wege3-itau-bba-gpj-previa-gpj\/"]}]},{"@type":"ImageObject","inLanguage":"pt-BR","@id":"https:\/\/www.suno.com.br\/noticias\/weg-wege3-itau-bba-gpj-previa-gpj\/#primaryimage","url":"https:\/\/files.sunoresearch.com.br\/n\/uploads\/2022\/07\/weg.jpg","contentUrl":"https:\/\/files.sunoresearch.com.br\/n\/uploads\/2022\/07\/weg.jpg","width":1400,"height":824,"caption":"Weg (WEGE3). Foto: Divulga\u00e7\u00e3o"},{"@type":"BreadcrumbList","@id":"https:\/\/www.suno.com.br\/noticias\/weg-wege3-itau-bba-gpj-previa-gpj\/#breadcrumb","itemListElement":[{"@type":"ListItem","position":1,"name":"Not\u00edcias","item":"https:\/\/www.suno.com.br\/noticias\/"},{"@type":"ListItem","position":2,"name":"Neg\u00f3cios","item":"https:\/\/www.suno.com.br\/noticias\/negocios\/"},{"@type":"ListItem","position":3,"name":"Weg (WEGE3): Ita\u00fa BBA projeta virada positiva em breve; veja recomenda\u00e7\u00e3o"}]},{"@type":"WebSite","@id":"https:\/\/www.suno.com.br\/noticias\/#website","url":"https:\/\/www.suno.com.br\/noticias\/","name":"Suno Not\u00edcias","description":"Seu portal de informa\u00e7\u00e3o sobre o mundo dos investimentos","publisher":{"@id":"https:\/\/www.suno.com.br\/noticias\/#organization"},"potentialAction":[{"@type":"SearchAction","target":{"@type":"EntryPoint","urlTemplate":"https:\/\/www.suno.com.br\/noticias\/?s={search_term_string}"},"query-input":{"@type":"PropertyValueSpecification","valueRequired":true,"valueName":"search_term_string"}}],"inLanguage":"pt-BR"},{"@type":"Organization","@id":"https:\/\/www.suno.com.br\/noticias\/#organization","name":"Suno Not\u00edcias","url":"https:\/\/www.suno.com.br\/noticias\/","logo":{"@type":"ImageObject","inLanguage":"pt-BR","@id":"https:\/\/www.suno.com.br\/noticias\/#\/schema\/logo\/image\/","url":"https:\/\/files.sunoresearch.com.br\/n\/uploads\/2021\/09\/suno-logo.png","contentUrl":"https:\/\/files.sunoresearch.com.br\/n\/uploads\/2021\/09\/suno-logo.png","width":180,"height":180,"caption":"Suno Not\u00edcias"},"image":{"@id":"https:\/\/www.suno.com.br\/noticias\/#\/schema\/logo\/image\/"},"sameAs":["https:\/\/facebook.com\/sunoresearch","https:\/\/x.com\/sunoresearch","https:\/\/www.instagram.com\/suno","https:\/\/www.linkedin.com\/company\/suno-research\/","https:\/\/www.youtube.com\/c\/sunoresearch"]},{"@type":"Person","@id":"https:\/\/www.suno.com.br\/noticias\/#\/schema\/person\/d0f32748bbca4bee871fa191ee4e2d40","name":"Giovanni Porf\u00edrio Jacomino","image":{"@type":"ImageObject","inLanguage":"pt-BR","@id":"https:\/\/www.suno.com.br\/noticias\/#\/schema\/person\/image\/","url":"https:\/\/secure.gravatar.com\/avatar\/efb32e19b730a121cb7a80f41ffec01a?s=96&r=g","contentUrl":"https:\/\/secure.gravatar.com\/avatar\/efb32e19b730a121cb7a80f41ffec01a?s=96&r=g","caption":"Giovanni Porf\u00edrio Jacomino"},"description":"Giovanni Porf\u00edrio Jacomino \u00e9 jornalista formado pela Universidade Estadual de Londrina (UEL) e p\u00f3s-graduado em Produ\u00e7\u00e3o e Pr\u00e1ticas Jornal\u00edsticas na Contemporaneidade na Faculdade C\u00e1sper L\u00edbero (FCL). Foi editor web no Startupi e no Finsiders, atuando ainda como editor no TC Mover, portal de not\u00edcias da TradersClub, fazendo a cobertura de assuntos relacionados ao mercado financeiro interno e externo. Atualmente, \u00e9 Rep\u00f3rter do Suno Not\u00edcias.","url":"https:\/\/www.suno.com.br\/noticias\/author\/giovanni-porfiriosuno-com-br\/"}]}},"default_loop_html":"<div class=\"cardsPage__listCard__boxs\"><div class=\"cardsPage__listCard__boxs__img\"><a href=\"https:\/\/www.suno.com.br\/noticias\/weg-wege3-itau-bba-gpj-previa-gpj\/\"><img class=\"mask\" src=\"https:\/\/www.suno.com.br\/noticias\/wp-content\/themes\/suno\/resources\/images\/spotlight\/spotlight1img\/bg-mask.png\" alt=\"Image Mask\"\/><img src=\"https:\/\/files.sunoresearch.com.br\/n\/uploads\/2022\/07\/weg-400x200.jpg\" alt=\"Weg (WEGE3): Ita\u00fa BBA projeta virada positiva em breve; veja recomenda\u00e7\u00e3o\"\/><\/a><span class=\"spotlightCategory\"><a href=\"https:\/\/www.suno.com.br\/noticias\/negocios\/\">Neg\u00f3cios<\/a><\/span><\/div><div class=\"cardsPage__listCard__boxs__content\"><a href=\"https:\/\/www.suno.com.br\/noticias\/weg-wege3-itau-bba-gpj-previa-gpj\/\"><h2 class=\"content__title\">Weg (WEGE3): Ita\u00fa BBA projeta virada positiva em breve; veja recomenda\u00e7\u00e3o<\/h2><\/a><div class=\"newsContent__article__meta\"><div class=\"newsContent__article__meta__authorBox\"><a href=\"https:\/\/www.suno.com.br\/noticias\/author\/giovanni-porfiriosuno-com-br\/\" class=\"authorBox__avatar noMobi\"><img src=\"https:\/\/files.sunoresearch.com.br\/n\/uploads\/2024\/05\/DSCF4115-1-1-150x150.webp\" alt=\"Giovanni Porf\u00edrio Jacomino\"><\/a><div class=\"authorBox__name\"><span>por\n\t\t\t<a href=\"https:\/\/www.suno.com.br\/noticias\/author\/giovanni-porfiriosuno-com-br\/\"><span itemprop=\"author\">Giovanni Porf\u00edrio Jacomino<\/span><\/a><\/span><time datetime=\"2024-04-19T11:45:28-03:00\" itemprop=\"datePublished\">19\/04\/2024 11:45<\/time><\/div><\/div><\/div><\/div><\/div>","single_layout":"posts","amp_enabled":true,"_links":{"self":[{"href":"https:\/\/www.suno.com.br\/noticias\/wp-json\/wp\/v2\/posts\/545760"}],"collection":[{"href":"https:\/\/www.suno.com.br\/noticias\/wp-json\/wp\/v2\/posts"}],"about":[{"href":"https:\/\/www.suno.com.br\/noticias\/wp-json\/wp\/v2\/types\/post"}],"author":[{"embeddable":true,"href":"https:\/\/www.suno.com.br\/noticias\/wp-json\/wp\/v2\/users\/313"}],"replies":[{"embeddable":true,"href":"https:\/\/www.suno.com.br\/noticias\/wp-json\/wp\/v2\/comments?post=545760"}],"version-history":[{"count":2,"href":"https:\/\/www.suno.com.br\/noticias\/wp-json\/wp\/v2\/posts\/545760\/revisions"}],"predecessor-version":[{"id":545795,"href":"https:\/\/www.suno.com.br\/noticias\/wp-json\/wp\/v2\/posts\/545760\/revisions\/545795"}],"wp:featuredmedia":[{"embeddable":true,"href":"https:\/\/www.suno.com.br\/noticias\/wp-json\/wp\/v2\/media\/277335"}],"wp:attachment":[{"href":"https:\/\/www.suno.com.br\/noticias\/wp-json\/wp\/v2\/media?parent=545760"}],"wp:term":[{"taxonomy":"category","embeddable":true,"href":"https:\/\/www.suno.com.br\/noticias\/wp-json\/wp\/v2\/categories?post=545760"},{"taxonomy":"post_tag","embeddable":true,"href":"https:\/\/www.suno.com.br\/noticias\/wp-json\/wp\/v2\/tags?post=545760"},{"taxonomy":"suno_strategy","embeddable":true,"href":"https:\/\/www.suno.com.br\/noticias\/wp-json\/wp\/v2\/suno_strategy?post=545760"}],"curies":[{"name":"wp","href":"https:\/\/api.w.org\/{rel}","templated":true}]}}