{"id":545633,"date":"2024-04-19T08:58:29","date_gmt":"2024-04-19T11:58:29","guid":{"rendered":"https:\/\/www.suno.com.br\/noticias\/?p=545633"},"modified":"2024-04-19T08:58:34","modified_gmt":"2024-04-19T11:58:34","slug":"bradespar-brap4-jp-morgan-gpj","status":"publish","type":"post","link":"https:\/\/www.suno.com.br\/noticias\/bradespar-brap4-jp-morgan-gpj\/","title":{"rendered":"Bradespar (BRAP4): JP Morgan eleva participa\u00e7\u00e3o na companhia; confira"},"content":{"rendered":"<p>A <a href=\"https:\/\/www.suno.com.br\/acoes\/VALE3\/\"><strong>B<\/strong><\/a><a href=\"https:\/\/www.suno.com.br\/acoes\/BRAP4\/\"><strong>radespar<\/strong> (BRAP4)<\/a>, holding que investe na <a href=\"https:\/\/www.suno.com.br\/acoes\/VALE3\/\">Vale (VALE3)<\/a>, comunicou ao mercado nesta quinta-feira (18) que o grupo econ\u00f4mico do JP Morgan aumentou sua participa\u00e7\u00e3o para 5,03% do total de <a href=\"https:\/\/www.suno.com.br\/artigos\/acoes-preferenciais\/\">a\u00e7\u00f5es preferenciais<\/a> de emiss\u00e3o da companhia.<\/p>\t<div class=\"wrapper-featured-image\">\n\t\t<figure class=\"spotlightImg\">\n\n\t\t\t<picture>\n\t\t\t\t<source media=\"(max-width: 768px)\" srcset=\"https:\/\/files.sunoresearch.com.br\/n\/uploads\/2023\/03\/Bradespar-400x200.jpg\">\n\t\t\t\t<img loading=\"lazy\" decoding=\"async\" class=\"newsContent__article__imgCapa lazyloadDisabled \" src=\"https:\/\/files.sunoresearch.com.br\/n\/uploads\/2023\/03\/Bradespar-800x450.jpg\" width=\"800\" height=\"450\" alt=\"Bradespar (BRAP4): JP Morgan eleva participa\u00e7\u00e3o na companhia; confira\" fetchpriority=high \/>\n\t\t\t<\/picture>\n\n\t\t\t<figcaption class=\"wp-caption-text wp-caption-text--show\">Bradespar (BRAP4) - Foto: Ricardo Teles\/Divulga\u00e7\u00e3o <\/figcaption>\n\t\t<\/figure>\n\t<\/div>\n\n\n\n\n\n\n\n\t<p>\n\t\t<a href=\"https:\/\/lp.suno.com.br\/planilha-da-vida-financeira\/\" target=\"_blank\" data-element=\"shortcode-suno-banner\" title=\"Banner SUNO, clique e saiba mais\">\n\t\t\t<picture>\n\t\t\t\t<source media=\"(max-width: 500px)\" srcset=\"https:\/\/files.sunoresearch.com.br\/n\/uploads\/2023\/04\/400x300-Planilha-vida-financeira-true.png\">\n\t\t\t\t<img class=\"newsContent__article__imgCapa newsContent__article__imgCapa--banner\"\n\t\t\t\t\tsrc=\"https:\/\/files.sunoresearch.com.br\/n\/uploads\/2023\/04\/1420x240-Planilha-vida-financeira-true.png\"\n\t\t\t\t\tdata-promo-id=\"106682\"\t\t\t\t\t\t\t\t\t\twidth='1420' height='240'\t\t\t\t\talt=\"https:\/\/files.sunoresearch.com.br\/n\/uploads\/2023\/04\/1420x240-Planilha-vida-financeira-true.png\"\n\t\t\t\t>\n\t\t\t<\/picture>\n\t\t<\/a>\n\t<\/p>\n\n\n\n\n\n<p>Segundo o comunicado, &#8220;certas empresas&#8221; controladas pelo JP Morgan adquiriram um total de 289.691 a\u00e7\u00f5es <strong>BRAP4<\/strong> em 16 de abril de 2024. O capital social da empresa \u00e9 representado por 255.106.712 a\u00e7\u00f5es.<\/p>\n\n\n\n<p>&#8220;O aumento da participa\u00e7\u00e3o teve motiva\u00e7\u00e3o exclusiva de investimento e de prote\u00e7\u00e3o de <a href=\"https:\/\/www.suno.com.br\/artigos\/riscos-financeiros\/\">riscos financeiros<\/a> assumidos em opera\u00e7\u00f5es celebradas com clientes e n\u00e3o visa, portanto, alterar a composi\u00e7\u00e3o do controle ou da estrutura administrativa da companhia, sem preju\u00edzo do regular exerc\u00edcio de direito de voto pelos referidos investidores&#8221;, informou a Bradespar.<\/p>\n\n\n\n<h2 class=\"wp-block-heading\">Bradespar (BRAP4): lucro l\u00edquido recua 30% no quarto trimestre, a R$ 524 milh\u00f5es; empresa aprova dividendos<\/h2>\n\n\n\n<p>A Bradespar anotou lucro l\u00edquido de R$ 524 milh\u00f5es no quarto trimestre de 2023 (4T23), conforme balan\u00e7o divulgado no fim de mar\u00e7o.<\/p>\n\n\n\n<p>Com isso, a BRAP4 apresenta uma baixa de 30% no lucro na base anual. No acumulado do ano, a companhia reportou um lucro de R$ 1,896 bilh\u00e3o, queda de 49,1% na compara\u00e7\u00e3o anual.<\/p>\n\n\n\n<p>O retorno sobre o patrim\u00f4nio l\u00edquido m\u00e9dio (ROAE) alcan\u00e7ou 22,6%, \u201creflexo do excelente desempenho da Vale no per\u00edodo\u201d, informa a companhia.<\/p>\n\n\n\n<p>No quarto trimestre de 2023, a Bradespar registrou uma <a href=\"https:\/\/www.suno.com.br\/artigos\/receita-operacional\/\">receita operacional<\/a> de R$ 451 milh\u00f5es, recuo de 32,8% em rela\u00e7\u00e3o ao mesmo per\u00edodo de 2022. Em 2023, a receita operacional da Bradespar chegou a R$ 1,894 bilh\u00e3o, queda de 48,8% na compara\u00e7\u00e3o anual.<\/p>\n\n\n\n<p>J\u00e1 o <a href=\"https:\/\/www.suno.com.br\/artigos\/resultado-financeiro\/\">resultado financeiro<\/a> no per\u00edodo atingiu o valor positivo de R$ 67,8 milh\u00f5es, decorrente, principalmente, de <a href=\"https:\/\/www.suno.com.br\/artigos\/aplicacoes-financeiras\/\">aplica\u00e7\u00f5es financeiras<\/a> e de remunera\u00e7\u00e3o sobre Impostos a Recuperar.<\/p>\n\n\n\n<p>\u201cTal resultado reflete a continuidade da posi\u00e7\u00e3o l\u00edquida de caixa da companhia, na medida que liquidou todo o endividamento financeiro em exerc\u00edcios anteriores\u201d, diz o resultado da Bradespar.<\/p>\n\n\n\n<p>As despesas gerais e administrativas da Bradespar totalizaram R$ 1,9 milh\u00e3o no quarto trimestre de 2023 e R$ 6,9 milh\u00f5es no acumulado do ano.<\/p>\n\n\n\n<h2 class=\"wp-block-heading\">Desempenho das a\u00e7\u00f5es de Bradespar<\/h2>\n\n\n\n<p>Confira o desempenho das a\u00e7\u00f5es de <strong>Bradespar<\/strong> (BRAP4).<\/p>\n\n\n\n<div class=\"pluginQuotation\">\n  <p class=\"ticker\">\n    Cota\u00e7\u00e3o <span>BRAP4<\/span>\n  <\/p>\n  <div class=\"info\">\n    <div class=\"leftSide\">\n      Gr\u00e1fico gerado em: 19\/04\/2024    <\/div>\n\t\t\t\t\t<div class=\"rightSide\">\n\t\t\t\t\t<span class=\"period\">\n\t\t\t\t\t\t5 Dias\t\t\t\t\t<\/span>\n\t\t\t<\/div>\n\t\t  <\/div>\n\n  <div id=\"chart-d48dc3072550abd5c73621b51a9b8c8a\" data-block-hash=\"d48dc3072550abd5c73621b51a9b8c8a\"  class=\"chart\" style=\"width:100%;height:400px;\"><\/div>\n\n  <div class=\"pluginQuotation__footer\">\n    <div class=\"dataChart\">\n\n      <div class=\"dataChart__div1 variation\">\n        <div class=\"value-negative\">\n          -0,58 (-0,12%)        <\/div>\n        <div class=\"text\">\n          Varia\u00e7\u00e3o do per\u00edodo\n        <\/div>\n      <\/div>\n\n      <div class=\"dataChart__div2 minMax\">\n        <div class=\"value\">\n          R$\u00a020,61        <\/div>\n        <div class=\"text\">\n          M\u00ednima\n        <\/div>\n      <\/div>\n\n      <div class=\"dataChart__div3 minMax\">\n        <div class=\"value\">\n          R$\u00a020,81        <\/div>\n        <div class=\"text\">\n          M\u00e1xima\n        <\/div>\n      <\/div>\n\n\t\t\t<div class=\"dataChart__div4 rightSide\">\n\t\t\t\t<div class=\"analiticaSource\">\n\t\t\t\t\t<span>\n\t\t\t\t\t\tFonte:\n\t\t\t\t\t<\/span>\n\t\t\t\t\t<img decoding=\"async\" class=\"analiticaLogo\" src=\"https:\/\/www.suno.com.br\/noticias\/wp-content\/plugins\/suno-block-ticker-quotation\/src\/suno-analitica-logo.png\" alt=\"Logo Suno Anal\u00edtica\" \/>\n\t\t\t\t<\/div>\n\n\t\t\t\t<a href=\"https:\/\/www.suno.com.br\/analitica\/acoes\/BRAP4\" target=\"_blank\">\n\t\t\t\t\t<span>\n\t\t\t\t\t\tVer mais cota\u00e7\u00f5es\n\t\t\t\t\t<\/span>\n\t\t\t\t\t<svg xmlns=\"http:\/\/www.w3.org\/2000\/svg\" width=\"9\" height=\"8\" viewBox=\"0 0 9 8\" fill=\"none\">\n\t\t\t\t\t\t<path d=\"M4.20996 0L3.50496 0.705L6.29496 3.5H0.209961V4.5H6.29496L3.50496 7.295L4.20996 8L8.20996 4L4.20996 0Z\" fill=\"#D42126\" \/>\n\t\t\t\t\t<\/svg>\n\t\t\t\t<\/a>\n    <\/div>\n\n    <\/div>\n  <\/div>\n<\/div>\n\n\n<script type=\"text\/javascript\">\n  let chart_d48dc3072550abd5c73621b51a9b8c8a = document.getElementById('chart-d48dc3072550abd5c73621b51a9b8c8a');\n  let data_json_d48dc3072550abd5c73621b51a9b8c8a = \"[{\\\"date\\\":\\\"15\\\\\\\/04\\\\\\\/24 10:10\\\",\\\"value\\\":20.73},{\\\"date\\\":\\\"15\\\\\\\/04\\\\\\\/24 10:20\\\",\\\"value\\\":20.78},{\\\"date\\\":\\\"15\\\\\\\/04\\\\\\\/24 10:30\\\",\\\"value\\\":20.8},{\\\"date\\\":\\\"18\\\\\\\/04\\\\\\\/24 11:30\\\",\\\"value\\\":20.79},{\\\"date\\\":\\\"18\\\\\\\/04\\\\\\\/24 11:40\\\",\\\"value\\\":20.8},{\\\"date\\\":\\\"18\\\\\\\/04\\\\\\\/24 11:50\\\",\\\"value\\\":20.81},{\\\"date\\\":\\\"18\\\\\\\/04\\\\\\\/24 12:00\\\",\\\"value\\\":20.8},{\\\"date\\\":\\\"18\\\\\\\/04\\\\\\\/24 12:10\\\",\\\"value\\\":20.61}]\";\n  let isPositive_d48dc3072550abd5c73621b51a9b8c8a = \"\";\n\n  let color_d48dc3072550abd5c73621b51a9b8c8a = isPositive_d48dc3072550abd5c73621b51a9b8c8a ? '#3AB53A' : '#D92C2D';\n\n  let data_d48dc3072550abd5c73621b51a9b8c8a = JSON.parse(data_json_d48dc3072550abd5c73621b51a9b8c8a);\n\n  const result_d48dc3072550abd5c73621b51a9b8c8a = {\n    date: [],\n    value: [],\n  };\n\n  data_d48dc3072550abd5c73621b51a9b8c8a.forEach((item) => {\n    result_d48dc3072550abd5c73621b51a9b8c8a.date.push(item.date);\n    result_d48dc3072550abd5c73621b51a9b8c8a.value.push(Number(item.value));\n  });\n\n  let option_d48dc3072550abd5c73621b51a9b8c8a = {\n    \/\/ variavel de cor global\n    color: [color_d48dc3072550abd5c73621b51a9b8c8a],\n    title: {\n      text: '',\n    },\n    tooltip: {\n      trigger: 'axis',\n      axisPointer: {\n        type: 'cross',\n        label: {\n          \/\/ cor dos valores em X e Y\n          backgroundColor: color_d48dc3072550abd5c73621b51a9b8c8a,\n          formatter: (value) => {\n            if (typeof value.value === 'number') {\n              return Number(value.value).toLocaleString('pt-br', {\n                style: 'currency',\n                currency: 'BRL'\n              });\n            }\n            return value.value;\n          },\n        },\n      },\n      valueFormatter: (value) => Number(value).toLocaleString('pt-br', {\n        style: 'currency',\n        currency: 'BRL'\n      }),\n    },\n    legend: {\n      \/\/ data: ['Valor de Fechamento'],\n      show: false,\n    },\n    toolbox: {\n      feature: {\n        saveAsImage: {\n          show: false,\n        },\n      },\n    },\n    grid: {\n      left: '0px',\n      right: '0px',\n      bottom: '0px',\n      containLabel: true,\n    },\n    xAxis: [{\n      type: 'category',\n      data: result_d48dc3072550abd5c73621b51a9b8c8a.date,\n      boundaryGap: true,\n    }],\n    yAxis: [{\n      type: 'value',\n      min: Math.min(...result_d48dc3072550abd5c73621b51a9b8c8a.value),\n      max: Math.max(...result_d48dc3072550abd5c73621b51a9b8c8a.value),\n      axisLabel: {\n        formatter: (value) => value.toLocaleString('pt-br', {\n          style: 'currency',\n          currency: 'BRL'\n        }),\n      },\n    }],\n    series: [{\n      name: 'Valor de Fechamento',\n      type: 'line',\n      stack: 'Total',\n      \/\/ cor do grafico\n      areaStyle: {},\n      emphasis: {\n        focus: 'series',\n      },\n      data: result_d48dc3072550abd5c73621b51a9b8c8a.value,\n      \/\/ cor da linha\n      lineStyle: {\n        color: color_d48dc3072550abd5c73621b51a9b8c8a,\n      },\n    }, ],\n  };\n\n\twindow.chart_d48dc3072550abd5c73621b51a9b8c8a = {\n\t\tel: chart_d48dc3072550abd5c73621b51a9b8c8a,\n\t\toption: option_d48dc3072550abd5c73621b51a9b8c8a\t};\n\n\n<\/script>\n\n\n\t<p>\n\t\t<a href=\"https:\/\/lp.suno.com.br\/ebook-como-analisar-uma-acao\/\" target=\"_blank\" data-element=\"shortcode-suno-banner\" title=\"Banner SUNO, clique e saiba mais\">\n\t\t\t<picture>\n\t\t\t\t<source media=\"(max-width: 500px)\" srcset=\"https:\/\/files.sunoresearch.com.br\/n\/uploads\/2023\/03\/Ebook-Acoes-Mobile.jpg\">\n\t\t\t\t<img class=\"newsContent__article__imgCapa newsContent__article__imgCapa--banner\"\n\t\t\t\t\tsrc=\"https:\/\/files.sunoresearch.com.br\/n\/uploads\/2023\/03\/Ebook-Acoes-Desktop.jpg\"\n\t\t\t\t\tdata-promo-id=\"378302\"\t\t\t\t\t\t\t\t\t\twidth='1420' height='286'\t\t\t\t\talt=\"https:\/\/files.sunoresearch.com.br\/n\/uploads\/2023\/03\/Ebook-Acoes-Desktop.jpg\"\n\t\t\t\t>\n\t\t\t<\/picture>\n\t\t<\/a>\n\t<\/p>\n\n\n","protected":false},"excerpt":{"rendered":"<p>A Bradespar (BRAP4), holding que investe na Vale (VALE3), comunicou ao mercado nesta quinta-feira (18) que o grupo econ\u00f4mico do JP Morgan aumentou sua participa\u00e7\u00e3o para 5,03% do total de a\u00e7\u00f5es preferenciais de emiss\u00e3o da companhia. Bradespar (BRAP4) &#8211; Foto: Ricardo Teles\/Divulga\u00e7\u00e3o Segundo o comunicado, &#8220;certas empresas&#8221; controladas pelo JP Morgan adquiriram um total de [&hellip;]<\/p>\n","protected":false},"author":313,"featured_media":381436,"comment_status":"closed","ping_status":"closed","sticky":false,"template":"","format":"standard","meta":[],"categories":[64],"tags":[393,106187],"suno_strategy":[],"class_list":["post-545633","post","type-post","status-publish","format-standard","has-post-thumbnail","hentry","category-negocios","tag-bradespar-brap3-brap4","tag-jp-morgan"],"yoast_head":"<!-- This site is optimized with the Yoast SEO plugin v24.4 - https:\/\/yoast.com\/wordpress\/plugins\/seo\/ -->\n<title>Bradespar (BRAP4): JP Morgan eleva fatia na companhia; confira<\/title>\n<meta name=\"description\" content=\"O JP Morgan aumentou sua participa\u00e7\u00e3o na Bradespar, holding que investe na Vale (VALE3). Veja a participa\u00e7\u00e3o do JP Morgan na Bradespar.\" \/>\n<meta name=\"robots\" content=\"index, follow, max-snippet:-1, max-image-preview:large, max-video-preview:-1\" \/>\n<link rel=\"canonical\" href=\"https:\/\/www.suno.com.br\/noticias\/bradespar-brap4-jp-morgan-gpj\/\" \/>\n<meta property=\"og:locale\" content=\"pt_BR\" \/>\n<meta property=\"og:type\" content=\"article\" \/>\n<meta property=\"og:title\" content=\"Bradespar (BRAP4): JP Morgan eleva fatia na companhia; confira\" \/>\n<meta property=\"og:description\" content=\"O JP Morgan aumentou sua participa\u00e7\u00e3o na Bradespar, holding que investe na Vale (VALE3). Veja a participa\u00e7\u00e3o do JP Morgan na Bradespar.\" \/>\n<meta property=\"og:url\" content=\"https:\/\/www.suno.com.br\/noticias\/bradespar-brap4-jp-morgan-gpj\/\" \/>\n<meta property=\"og:site_name\" content=\"Suno Not\u00edcias\" \/>\n<meta property=\"article:publisher\" content=\"https:\/\/facebook.com\/sunoresearch\" \/>\n<meta property=\"og:image\" content=\"https:\/\/files.sunoresearch.com.br\/n\/uploads\/2023\/03\/Bradespar.jpg\" \/>\n\t<meta property=\"og:image:width\" content=\"1400\" \/>\n\t<meta property=\"og:image:height\" content=\"833\" \/>\n\t<meta property=\"og:image:type\" content=\"image\/jpeg\" \/>\n<meta name=\"author\" content=\"Giovanni Porf\u00edrio Jacomino\" \/>\n<meta name=\"twitter:card\" content=\"summary_large_image\" \/>\n<meta name=\"twitter:creator\" content=\"@sunoresearch\" \/>\n<meta name=\"twitter:site\" content=\"@sunoresearch\" \/>\n<meta name=\"twitter:label1\" content=\"Escrito por\" \/>\n\t<meta name=\"twitter:data1\" content=\"Giovanni Porf\u00edrio Jacomino\" \/>\n\t<meta name=\"twitter:label2\" content=\"Est. tempo de leitura\" \/>\n\t<meta name=\"twitter:data2\" content=\"2 minutos\" \/>\n<script type=\"application\/ld+json\" class=\"yoast-schema-graph\">{\"@context\":\"https:\/\/schema.org\",\"@graph\":[{\"@type\":\"NewsArticle\",\"@id\":\"https:\/\/www.suno.com.br\/noticias\/bradespar-brap4-jp-morgan-gpj\/#article\",\"isPartOf\":{\"@id\":\"https:\/\/www.suno.com.br\/noticias\/bradespar-brap4-jp-morgan-gpj\/\"},\"author\":{\"name\":\"Giovanni Porf\u00edrio Jacomino\",\"@id\":\"https:\/\/www.suno.com.br\/noticias\/#\/schema\/person\/d0f32748bbca4bee871fa191ee4e2d40\"},\"headline\":\"Bradespar (BRAP4): JP Morgan eleva participa\u00e7\u00e3o na companhia; confira\",\"datePublished\":\"2024-04-19T11:58:29+00:00\",\"dateModified\":\"2024-04-19T11:58:34+00:00\",\"mainEntityOfPage\":{\"@id\":\"https:\/\/www.suno.com.br\/noticias\/bradespar-brap4-jp-morgan-gpj\/\"},\"wordCount\":379,\"publisher\":{\"@id\":\"https:\/\/www.suno.com.br\/noticias\/#organization\"},\"image\":{\"@id\":\"https:\/\/www.suno.com.br\/noticias\/bradespar-brap4-jp-morgan-gpj\/#primaryimage\"},\"thumbnailUrl\":\"https:\/\/files.sunoresearch.com.br\/n\/uploads\/2023\/03\/Bradespar.jpg\",\"keywords\":[\"Bradespar (BRAP3\/BRAP4)\",\"JP Morgan\"],\"articleSection\":[\"Neg\u00f3cios\"],\"inLanguage\":\"pt-BR\"},{\"@type\":\"WebPage\",\"@id\":\"https:\/\/www.suno.com.br\/noticias\/bradespar-brap4-jp-morgan-gpj\/\",\"url\":\"https:\/\/www.suno.com.br\/noticias\/bradespar-brap4-jp-morgan-gpj\/\",\"name\":\"Bradespar (BRAP4): JP Morgan eleva fatia na companhia; confira\",\"isPartOf\":{\"@id\":\"https:\/\/www.suno.com.br\/noticias\/#website\"},\"primaryImageOfPage\":{\"@id\":\"https:\/\/www.suno.com.br\/noticias\/bradespar-brap4-jp-morgan-gpj\/#primaryimage\"},\"image\":{\"@id\":\"https:\/\/www.suno.com.br\/noticias\/bradespar-brap4-jp-morgan-gpj\/#primaryimage\"},\"thumbnailUrl\":\"https:\/\/files.sunoresearch.com.br\/n\/uploads\/2023\/03\/Bradespar.jpg\",\"datePublished\":\"2024-04-19T11:58:29+00:00\",\"dateModified\":\"2024-04-19T11:58:34+00:00\",\"description\":\"O JP Morgan aumentou sua participa\u00e7\u00e3o na Bradespar, holding que investe na Vale (VALE3). Veja a participa\u00e7\u00e3o do JP Morgan na Bradespar.\",\"breadcrumb\":{\"@id\":\"https:\/\/www.suno.com.br\/noticias\/bradespar-brap4-jp-morgan-gpj\/#breadcrumb\"},\"inLanguage\":\"pt-BR\",\"potentialAction\":[{\"@type\":\"ReadAction\",\"target\":[\"https:\/\/www.suno.com.br\/noticias\/bradespar-brap4-jp-morgan-gpj\/\"]}]},{\"@type\":\"ImageObject\",\"inLanguage\":\"pt-BR\",\"@id\":\"https:\/\/www.suno.com.br\/noticias\/bradespar-brap4-jp-morgan-gpj\/#primaryimage\",\"url\":\"https:\/\/files.sunoresearch.com.br\/n\/uploads\/2023\/03\/Bradespar.jpg\",\"contentUrl\":\"https:\/\/files.sunoresearch.com.br\/n\/uploads\/2023\/03\/Bradespar.jpg\",\"width\":1400,\"height\":833,\"caption\":\"Bradespar (BRAP4) - Foto: Ricardo Teles\/Divulga\u00e7\u00e3o\"},{\"@type\":\"BreadcrumbList\",\"@id\":\"https:\/\/www.suno.com.br\/noticias\/bradespar-brap4-jp-morgan-gpj\/#breadcrumb\",\"itemListElement\":[{\"@type\":\"ListItem\",\"position\":1,\"name\":\"Not\u00edcias\",\"item\":\"https:\/\/www.suno.com.br\/noticias\/\"},{\"@type\":\"ListItem\",\"position\":2,\"name\":\"Neg\u00f3cios\",\"item\":\"https:\/\/www.suno.com.br\/noticias\/negocios\/\"},{\"@type\":\"ListItem\",\"position\":3,\"name\":\"Bradespar (BRAP4): JP Morgan eleva participa\u00e7\u00e3o na companhia; confira\"}]},{\"@type\":\"WebSite\",\"@id\":\"https:\/\/www.suno.com.br\/noticias\/#website\",\"url\":\"https:\/\/www.suno.com.br\/noticias\/\",\"name\":\"Suno Not\u00edcias\",\"description\":\"Seu portal de informa\u00e7\u00e3o sobre o mundo dos investimentos\",\"publisher\":{\"@id\":\"https:\/\/www.suno.com.br\/noticias\/#organization\"},\"potentialAction\":[{\"@type\":\"SearchAction\",\"target\":{\"@type\":\"EntryPoint\",\"urlTemplate\":\"https:\/\/www.suno.com.br\/noticias\/?s={search_term_string}\"},\"query-input\":{\"@type\":\"PropertyValueSpecification\",\"valueRequired\":true,\"valueName\":\"search_term_string\"}}],\"inLanguage\":\"pt-BR\"},{\"@type\":\"Organization\",\"@id\":\"https:\/\/www.suno.com.br\/noticias\/#organization\",\"name\":\"Suno Not\u00edcias\",\"url\":\"https:\/\/www.suno.com.br\/noticias\/\",\"logo\":{\"@type\":\"ImageObject\",\"inLanguage\":\"pt-BR\",\"@id\":\"https:\/\/www.suno.com.br\/noticias\/#\/schema\/logo\/image\/\",\"url\":\"https:\/\/files.sunoresearch.com.br\/n\/uploads\/2021\/09\/suno-logo.png\",\"contentUrl\":\"https:\/\/files.sunoresearch.com.br\/n\/uploads\/2021\/09\/suno-logo.png\",\"width\":180,\"height\":180,\"caption\":\"Suno Not\u00edcias\"},\"image\":{\"@id\":\"https:\/\/www.suno.com.br\/noticias\/#\/schema\/logo\/image\/\"},\"sameAs\":[\"https:\/\/facebook.com\/sunoresearch\",\"https:\/\/x.com\/sunoresearch\",\"https:\/\/www.instagram.com\/suno\",\"https:\/\/www.linkedin.com\/company\/suno-research\/\",\"https:\/\/www.youtube.com\/c\/sunoresearch\"]},{\"@type\":\"Person\",\"@id\":\"https:\/\/www.suno.com.br\/noticias\/#\/schema\/person\/d0f32748bbca4bee871fa191ee4e2d40\",\"name\":\"Giovanni Porf\u00edrio Jacomino\",\"image\":{\"@type\":\"ImageObject\",\"inLanguage\":\"pt-BR\",\"@id\":\"https:\/\/www.suno.com.br\/noticias\/#\/schema\/person\/image\/\",\"url\":\"https:\/\/secure.gravatar.com\/avatar\/efb32e19b730a121cb7a80f41ffec01a?s=96&r=g\",\"contentUrl\":\"https:\/\/secure.gravatar.com\/avatar\/efb32e19b730a121cb7a80f41ffec01a?s=96&r=g\",\"caption\":\"Giovanni Porf\u00edrio Jacomino\"},\"description\":\"Giovanni Porf\u00edrio Jacomino \u00e9 jornalista formado pela Universidade Estadual de Londrina (UEL) e p\u00f3s-graduado em Produ\u00e7\u00e3o e Pr\u00e1ticas Jornal\u00edsticas na Contemporaneidade na Faculdade C\u00e1sper L\u00edbero (FCL). Foi editor web no Startupi e no Finsiders, atuando ainda como editor no TC Mover, portal de not\u00edcias da TradersClub, fazendo a cobertura de assuntos relacionados ao mercado financeiro interno e externo. Atualmente, \u00e9 Rep\u00f3rter do Suno Not\u00edcias.\",\"url\":\"https:\/\/www.suno.com.br\/noticias\/author\/giovanni-porfiriosuno-com-br\/\"}]}<\/script>\n<!-- \/ Yoast SEO plugin. -->","yoast_head_json":{"title":"Bradespar (BRAP4): JP Morgan eleva fatia na companhia; confira","description":"O JP Morgan aumentou sua participa\u00e7\u00e3o na Bradespar, holding que investe na Vale (VALE3). Veja a participa\u00e7\u00e3o do JP Morgan na Bradespar.","robots":{"index":"index","follow":"follow","max-snippet":"max-snippet:-1","max-image-preview":"max-image-preview:large","max-video-preview":"max-video-preview:-1"},"canonical":"https:\/\/www.suno.com.br\/noticias\/bradespar-brap4-jp-morgan-gpj\/","og_locale":"pt_BR","og_type":"article","og_title":"Bradespar (BRAP4): JP Morgan eleva fatia na companhia; confira","og_description":"O JP Morgan aumentou sua participa\u00e7\u00e3o na Bradespar, holding que investe na Vale (VALE3). Veja a participa\u00e7\u00e3o do JP Morgan na Bradespar.","og_url":"https:\/\/www.suno.com.br\/noticias\/bradespar-brap4-jp-morgan-gpj\/","og_site_name":"Suno Not\u00edcias","article_publisher":"https:\/\/facebook.com\/sunoresearch","og_image":[{"width":1400,"height":833,"url":"https:\/\/files.sunoresearch.com.br\/n\/uploads\/2023\/03\/Bradespar.jpg","type":"image\/jpeg"}],"author":"Giovanni Porf\u00edrio Jacomino","twitter_card":"summary_large_image","twitter_creator":"@sunoresearch","twitter_site":"@sunoresearch","twitter_misc":{"Escrito por":"Giovanni Porf\u00edrio Jacomino","Est. tempo de leitura":"2 minutos"},"schema":{"@context":"https:\/\/schema.org","@graph":[{"@type":"NewsArticle","@id":"https:\/\/www.suno.com.br\/noticias\/bradespar-brap4-jp-morgan-gpj\/#article","isPartOf":{"@id":"https:\/\/www.suno.com.br\/noticias\/bradespar-brap4-jp-morgan-gpj\/"},"author":{"name":"Giovanni Porf\u00edrio Jacomino","@id":"https:\/\/www.suno.com.br\/noticias\/#\/schema\/person\/d0f32748bbca4bee871fa191ee4e2d40"},"headline":"Bradespar (BRAP4): JP Morgan eleva participa\u00e7\u00e3o na companhia; confira","datePublished":"2024-04-19T11:58:29+00:00","dateModified":"2024-04-19T11:58:34+00:00","mainEntityOfPage":{"@id":"https:\/\/www.suno.com.br\/noticias\/bradespar-brap4-jp-morgan-gpj\/"},"wordCount":379,"publisher":{"@id":"https:\/\/www.suno.com.br\/noticias\/#organization"},"image":{"@id":"https:\/\/www.suno.com.br\/noticias\/bradespar-brap4-jp-morgan-gpj\/#primaryimage"},"thumbnailUrl":"https:\/\/files.sunoresearch.com.br\/n\/uploads\/2023\/03\/Bradespar.jpg","keywords":["Bradespar (BRAP3\/BRAP4)","JP Morgan"],"articleSection":["Neg\u00f3cios"],"inLanguage":"pt-BR"},{"@type":"WebPage","@id":"https:\/\/www.suno.com.br\/noticias\/bradespar-brap4-jp-morgan-gpj\/","url":"https:\/\/www.suno.com.br\/noticias\/bradespar-brap4-jp-morgan-gpj\/","name":"Bradespar (BRAP4): JP Morgan eleva fatia na companhia; confira","isPartOf":{"@id":"https:\/\/www.suno.com.br\/noticias\/#website"},"primaryImageOfPage":{"@id":"https:\/\/www.suno.com.br\/noticias\/bradespar-brap4-jp-morgan-gpj\/#primaryimage"},"image":{"@id":"https:\/\/www.suno.com.br\/noticias\/bradespar-brap4-jp-morgan-gpj\/#primaryimage"},"thumbnailUrl":"https:\/\/files.sunoresearch.com.br\/n\/uploads\/2023\/03\/Bradespar.jpg","datePublished":"2024-04-19T11:58:29+00:00","dateModified":"2024-04-19T11:58:34+00:00","description":"O JP Morgan aumentou sua participa\u00e7\u00e3o na Bradespar, holding que investe na Vale (VALE3). Veja a participa\u00e7\u00e3o do JP Morgan na Bradespar.","breadcrumb":{"@id":"https:\/\/www.suno.com.br\/noticias\/bradespar-brap4-jp-morgan-gpj\/#breadcrumb"},"inLanguage":"pt-BR","potentialAction":[{"@type":"ReadAction","target":["https:\/\/www.suno.com.br\/noticias\/bradespar-brap4-jp-morgan-gpj\/"]}]},{"@type":"ImageObject","inLanguage":"pt-BR","@id":"https:\/\/www.suno.com.br\/noticias\/bradespar-brap4-jp-morgan-gpj\/#primaryimage","url":"https:\/\/files.sunoresearch.com.br\/n\/uploads\/2023\/03\/Bradespar.jpg","contentUrl":"https:\/\/files.sunoresearch.com.br\/n\/uploads\/2023\/03\/Bradespar.jpg","width":1400,"height":833,"caption":"Bradespar (BRAP4) - Foto: Ricardo Teles\/Divulga\u00e7\u00e3o"},{"@type":"BreadcrumbList","@id":"https:\/\/www.suno.com.br\/noticias\/bradespar-brap4-jp-morgan-gpj\/#breadcrumb","itemListElement":[{"@type":"ListItem","position":1,"name":"Not\u00edcias","item":"https:\/\/www.suno.com.br\/noticias\/"},{"@type":"ListItem","position":2,"name":"Neg\u00f3cios","item":"https:\/\/www.suno.com.br\/noticias\/negocios\/"},{"@type":"ListItem","position":3,"name":"Bradespar (BRAP4): JP Morgan eleva participa\u00e7\u00e3o na companhia; confira"}]},{"@type":"WebSite","@id":"https:\/\/www.suno.com.br\/noticias\/#website","url":"https:\/\/www.suno.com.br\/noticias\/","name":"Suno Not\u00edcias","description":"Seu portal de informa\u00e7\u00e3o sobre o mundo dos investimentos","publisher":{"@id":"https:\/\/www.suno.com.br\/noticias\/#organization"},"potentialAction":[{"@type":"SearchAction","target":{"@type":"EntryPoint","urlTemplate":"https:\/\/www.suno.com.br\/noticias\/?s={search_term_string}"},"query-input":{"@type":"PropertyValueSpecification","valueRequired":true,"valueName":"search_term_string"}}],"inLanguage":"pt-BR"},{"@type":"Organization","@id":"https:\/\/www.suno.com.br\/noticias\/#organization","name":"Suno Not\u00edcias","url":"https:\/\/www.suno.com.br\/noticias\/","logo":{"@type":"ImageObject","inLanguage":"pt-BR","@id":"https:\/\/www.suno.com.br\/noticias\/#\/schema\/logo\/image\/","url":"https:\/\/files.sunoresearch.com.br\/n\/uploads\/2021\/09\/suno-logo.png","contentUrl":"https:\/\/files.sunoresearch.com.br\/n\/uploads\/2021\/09\/suno-logo.png","width":180,"height":180,"caption":"Suno Not\u00edcias"},"image":{"@id":"https:\/\/www.suno.com.br\/noticias\/#\/schema\/logo\/image\/"},"sameAs":["https:\/\/facebook.com\/sunoresearch","https:\/\/x.com\/sunoresearch","https:\/\/www.instagram.com\/suno","https:\/\/www.linkedin.com\/company\/suno-research\/","https:\/\/www.youtube.com\/c\/sunoresearch"]},{"@type":"Person","@id":"https:\/\/www.suno.com.br\/noticias\/#\/schema\/person\/d0f32748bbca4bee871fa191ee4e2d40","name":"Giovanni Porf\u00edrio Jacomino","image":{"@type":"ImageObject","inLanguage":"pt-BR","@id":"https:\/\/www.suno.com.br\/noticias\/#\/schema\/person\/image\/","url":"https:\/\/secure.gravatar.com\/avatar\/efb32e19b730a121cb7a80f41ffec01a?s=96&r=g","contentUrl":"https:\/\/secure.gravatar.com\/avatar\/efb32e19b730a121cb7a80f41ffec01a?s=96&r=g","caption":"Giovanni Porf\u00edrio Jacomino"},"description":"Giovanni Porf\u00edrio Jacomino \u00e9 jornalista formado pela Universidade Estadual de Londrina (UEL) e p\u00f3s-graduado em Produ\u00e7\u00e3o e Pr\u00e1ticas Jornal\u00edsticas na Contemporaneidade na Faculdade C\u00e1sper L\u00edbero (FCL). Foi editor web no Startupi e no Finsiders, atuando ainda como editor no TC Mover, portal de not\u00edcias da TradersClub, fazendo a cobertura de assuntos relacionados ao mercado financeiro interno e externo. Atualmente, \u00e9 Rep\u00f3rter do Suno Not\u00edcias.","url":"https:\/\/www.suno.com.br\/noticias\/author\/giovanni-porfiriosuno-com-br\/"}]}},"default_loop_html":"<div class=\"cardsPage__listCard__boxs\"><div class=\"cardsPage__listCard__boxs__img\"><a href=\"https:\/\/www.suno.com.br\/noticias\/bradespar-brap4-jp-morgan-gpj\/\"><img class=\"mask\" src=\"https:\/\/www.suno.com.br\/noticias\/wp-content\/themes\/suno\/resources\/images\/spotlight\/spotlight1img\/bg-mask.png\" alt=\"Image Mask\"\/><img src=\"https:\/\/files.sunoresearch.com.br\/n\/uploads\/2023\/03\/Bradespar-400x200.jpg\" alt=\"Bradespar (BRAP4): JP Morgan eleva participa\u00e7\u00e3o na companhia; confira\"\/><\/a><span class=\"spotlightCategory\"><a href=\"https:\/\/www.suno.com.br\/noticias\/negocios\/\">Neg\u00f3cios<\/a><\/span><\/div><div class=\"cardsPage__listCard__boxs__content\"><a href=\"https:\/\/www.suno.com.br\/noticias\/bradespar-brap4-jp-morgan-gpj\/\"><h2 class=\"content__title\">Bradespar (BRAP4): JP Morgan eleva participa\u00e7\u00e3o na companhia; confira<\/h2><\/a><div class=\"newsContent__article__meta\"><div class=\"newsContent__article__meta__authorBox\"><a href=\"https:\/\/www.suno.com.br\/noticias\/author\/giovanni-porfiriosuno-com-br\/\" class=\"authorBox__avatar noMobi\"><img src=\"https:\/\/files.sunoresearch.com.br\/n\/uploads\/2024\/05\/DSCF4115-1-1-150x150.webp\" alt=\"Giovanni Porf\u00edrio Jacomino\"><\/a><div class=\"authorBox__name\"><span>por\n\t\t\t<a href=\"https:\/\/www.suno.com.br\/noticias\/author\/giovanni-porfiriosuno-com-br\/\"><span itemprop=\"author\">Giovanni Porf\u00edrio Jacomino<\/span><\/a><\/span><time datetime=\"2024-04-19T08:58:29-03:00\" itemprop=\"datePublished\">19\/04\/2024 08:58<\/time><\/div><\/div><\/div><\/div><\/div>","single_layout":"posts","amp_enabled":true,"_links":{"self":[{"href":"https:\/\/www.suno.com.br\/noticias\/wp-json\/wp\/v2\/posts\/545633"}],"collection":[{"href":"https:\/\/www.suno.com.br\/noticias\/wp-json\/wp\/v2\/posts"}],"about":[{"href":"https:\/\/www.suno.com.br\/noticias\/wp-json\/wp\/v2\/types\/post"}],"author":[{"embeddable":true,"href":"https:\/\/www.suno.com.br\/noticias\/wp-json\/wp\/v2\/users\/313"}],"replies":[{"embeddable":true,"href":"https:\/\/www.suno.com.br\/noticias\/wp-json\/wp\/v2\/comments?post=545633"}],"version-history":[{"count":3,"href":"https:\/\/www.suno.com.br\/noticias\/wp-json\/wp\/v2\/posts\/545633\/revisions"}],"predecessor-version":[{"id":545699,"href":"https:\/\/www.suno.com.br\/noticias\/wp-json\/wp\/v2\/posts\/545633\/revisions\/545699"}],"wp:featuredmedia":[{"embeddable":true,"href":"https:\/\/www.suno.com.br\/noticias\/wp-json\/wp\/v2\/media\/381436"}],"wp:attachment":[{"href":"https:\/\/www.suno.com.br\/noticias\/wp-json\/wp\/v2\/media?parent=545633"}],"wp:term":[{"taxonomy":"category","embeddable":true,"href":"https:\/\/www.suno.com.br\/noticias\/wp-json\/wp\/v2\/categories?post=545633"},{"taxonomy":"post_tag","embeddable":true,"href":"https:\/\/www.suno.com.br\/noticias\/wp-json\/wp\/v2\/tags?post=545633"},{"taxonomy":"suno_strategy","embeddable":true,"href":"https:\/\/www.suno.com.br\/noticias\/wp-json\/wp\/v2\/suno_strategy?post=545633"}],"curies":[{"name":"wp","href":"https:\/\/api.w.org\/{rel}","templated":true}]}}