{"id":545630,"date":"2024-04-19T08:38:36","date_gmt":"2024-04-19T11:38:36","guid":{"rendered":"https:\/\/www.suno.com.br\/noticias\/?p=545630"},"modified":"2024-04-19T08:38:39","modified_gmt":"2024-04-19T11:38:39","slug":"bolsas-asiaticas-caem-conflito-ira-israel-gss","status":"publish","type":"post","link":"https:\/\/www.suno.com.br\/noticias\/bolsas-asiaticas-caem-conflito-ira-israel-gss\/","title":{"rendered":"Bolsas asi\u00e1ticas fecham em queda, de olho no Oriente M\u00e9dio; Europa opera com cautela"},"content":{"rendered":"<p>As <strong>bolsas asi\u00e1ticas<\/strong> registraram baixas nesta sexta-feira (19). O aparente ataque de Israel ao Ir\u00e3 refor\u00e7ou a cautela com o quadro geopol\u00edtico, mas houve tempo para redu\u00e7\u00e3o das perdas, diante da avalia\u00e7\u00e3o de que o epis\u00f3dio, ao menos por enquanto, parecia limitado.<\/p>\t<div class=\"wrapper-featured-image\">\n\t\t<figure class=\"spotlightImg\">\n\n\t\t\t<picture>\n\t\t\t\t<source media=\"(max-width: 768px)\" srcset=\"https:\/\/files.sunoresearch.com.br\/n\/uploads\/2024\/04\/iStock-1341935407-400x200.jpg\">\n\t\t\t\t<img loading=\"lazy\" decoding=\"async\" class=\"newsContent__article__imgCapa lazyloadDisabled \" src=\"https:\/\/files.sunoresearch.com.br\/n\/uploads\/2024\/04\/iStock-1341935407-800x450.jpg\" width=\"800\" height=\"450\" alt=\"Bolsas asi\u00e1ticas fecham em queda, de olho no Oriente M\u00e9dio; Europa opera com cautela\" fetchpriority=high \/>\n\t\t\t<\/picture>\n\n\t\t\t<figcaption class=\"wp-caption-text wp-caption-text--show\">Bolsas asi\u00e1ticas China. Foto: iStock.<\/figcaption>\n\t\t<\/figure>\n\t<\/div>\n\n\n\n\n\n\n\n\t<p>\n\t\t<a href=\"https:\/\/lp.suno.com.br\/planilha-da-vida-financeira\/\" target=\"_blank\" data-element=\"shortcode-suno-banner\" title=\"Banner SUNO, clique e saiba mais\">\n\t\t\t<picture>\n\t\t\t\t<source media=\"(max-width: 500px)\" srcset=\"https:\/\/files.sunoresearch.com.br\/n\/uploads\/2023\/04\/400x300-Planilha-vida-financeira-true.png\">\n\t\t\t\t<img class=\"newsContent__article__imgCapa newsContent__article__imgCapa--banner\"\n\t\t\t\t\tsrc=\"https:\/\/files.sunoresearch.com.br\/n\/uploads\/2023\/04\/1420x240-Planilha-vida-financeira-true.png\"\n\t\t\t\t\tdata-promo-id=\"106682\"\t\t\t\t\t\t\t\t\t\twidth='1420' height='240'\t\t\t\t\talt=\"https:\/\/files.sunoresearch.com.br\/n\/uploads\/2023\/04\/1420x240-Planilha-vida-financeira-true.png\"\n\t\t\t\t>\n\t\t\t<\/picture>\n\t\t<\/a>\n\t<\/p>\n\n\n\n\n\n<p>Esse cen\u00e1rio pode influenciar as negocia\u00e7\u00f5es do <strong>Ibovespa hoje<\/strong>. Na v\u00e9spera, o \u00edndice fechou praticamente est\u00e1vel, com <a href=\"https:\/\/www.suno.com.br\/noticias\/ibovespa-hoje-estavel-vale-vale3-sobe-bancos-queda-jvj\/\">alta de 0,02%, aos 124.196,18 pontos.<\/a><\/p>\n\n\n\n<p>Hoje, na Bolsa de T\u00f3quio, o \u00edndice <strong>Nikkei<\/strong> fechou em queda de 2,66%, em 37.068,35 pontos. A perda di\u00e1ria em pontos foi a maior desde fevereiro de 2021, no maior recuo porcentual do \u00edndice desde setembro de 2022. Al\u00e9m disso, havia espa\u00e7o para a corre\u00e7\u00e3o, ap\u00f3s menos de um m\u00eas atr\u00e1s T\u00f3quio ter atingido m\u00e1xima hist\u00f3rica. Ainda assim, o Nikkei reduziu perdas vistas nas m\u00ednimas intraday de mais cedo.<\/p>\n\n\n\n<p>Na China, a <strong>Bolsa de Xangai<\/strong> fechou em baixa de 0,29%, em 3.065,38 pontos, e a de Shenzhen recuou 0,73%, a 1.764,10 pontos. A\u00e7\u00f5es ligadas a servi\u00e7os de consumo e de companhias de semicondutores puxaram as perdas. Neste caso, influiu o fato de que a TSMC reduziu a perspectiva para o crescimento do setor de chips em 2024, em quadro de demanda mais modesta dos consumidores. Hygon Information Technology caiu 4,8% e NAURA Technology Group, 2,2%. China Tourism Group Duty Free registrou baixa de 5,3%. J\u00e1 pap\u00e9is do setor de energia subiram, ante temores sobre a oferta com as tens\u00f5es no Oriente M\u00e9dio. PetroChina caiu 2,8% e Cnooc, 3,95%.<\/p>\n\n\n\n<p>O <strong>\u00edndice Kospi<\/strong>, da Bolsa de Seul, caiu 1,64%, a 2.591,55 pontos. A\u00e7\u00f5es de empresas de semicondutores tamb\u00e9m estiveram sob press\u00e3o nesse mercado. Samsung Electronics caiu 2,5% e a fabricante de chips SK Hynix recuou 4,9%.<\/p>\n\n\n\n<p>Em Hong Kong, o <strong>\u00edndice Hang Seng<\/strong> fechou em queda de 0,99%, em 16.224,14 pontos, com a a\u00e7\u00e3o da Li Auto liderando as perdas (-7,4%). Em Taiwan, o <strong>Taiex<\/strong> caiu 3,81%, a 19.527,12 pontos.<\/p>\n\n\n\n<p>Na Oceania, o \u00edndice <strong>S&amp;P\/ASX 200 <\/strong>caiu 0,98% na Bolsa de Sydney, a 7.567,30 pontos. O mercado australiano teve a pior semana desde setembro, com recuo semanal de 2,8%, em quadro de menor expectativa por cortes de juros e crescentes temores ante o conflito no Oriente M\u00e9dio. Houve ainda redu\u00e7\u00e3o nas perdas no dia, mas todos os 11 setores terminaram com baixa, com os setor financeiro exibindo perda de pouco mais de 1%.<\/p>\n\n\n\t<p>\n\t\t<a href=\"https:\/\/lp.suno.com.br\/ebook-como-analisar-uma-acao\/\" target=\"_blank\" data-element=\"shortcode-suno-banner\" title=\"Banner SUNO, clique e saiba mais\">\n\t\t\t<picture>\n\t\t\t\t<source media=\"(max-width: 500px)\" srcset=\"https:\/\/files.sunoresearch.com.br\/n\/uploads\/2023\/03\/Ebook-Acoes-Mobile.jpg\">\n\t\t\t\t<img class=\"newsContent__article__imgCapa newsContent__article__imgCapa--banner\"\n\t\t\t\t\tsrc=\"https:\/\/files.sunoresearch.com.br\/n\/uploads\/2023\/03\/Ebook-Acoes-Desktop.jpg\"\n\t\t\t\t\tdata-promo-id=\"378302\"\t\t\t\t\t\t\t\t\t\twidth='1420' height='286'\t\t\t\t\talt=\"https:\/\/files.sunoresearch.com.br\/n\/uploads\/2023\/03\/Ebook-Acoes-Desktop.jpg\"\n\t\t\t\t>\n\t\t\t<\/picture>\n\t\t<\/a>\n\t<\/p>\n\n\n\n\n\n<h2 class=\"wp-block-heading\">Bolsas da Europa t\u00eam baixa com cautela por guerra<\/h2>\n\n\n\n<p>Os mercados acion\u00e1rios europeus exibem sinal negativo nesta manh\u00e3. O ataque que, segundo fontes, Israel realizou em Isfahan, no Ir\u00e3, refor\u00e7ava a cautela com tens\u00f5es no Oriente M\u00e9dio, mas a avalia\u00e7\u00e3o em geral \u00e9 de que a a\u00e7\u00e3o foi contida, enquanto Teer\u00e3 sinaliza que n\u00e3o planeja retalia\u00e7\u00e3o, ao menos de imediato. Al\u00e9m disso, investidores avaliam indicadores da regi\u00e3o.<\/p>\n\n\n\n<p>Confira o desempenho dos \u00edndices por volta das 08h30:<\/p>\n\n\n\n<ul class=\"wp-block-list\">\n<li>Londres (FTSE100): -0,56% a 7.833 pontos<\/li>\n\n\n\n<li>Frankfurt (DAX): -0,67% a 17.731 pontos<\/li>\n\n\n\n<li>Paris (CAC 40): -0,22% a 8.005 pontos<\/li>\n\n\n\n<li>Madrid (Ibex 35): -0,56% a 10.705 pontos<\/li>\n\n\n\n<li>Europa (Stoxx 50): -0,38% a 4.919 pontos<\/li>\n<\/ul>\n\n\n\n<p>Algumas companhias a\u00e9reas da Europa informavam sobre mudan\u00e7as em rotas de voos, ap\u00f3s o aparente ataque israelense. A KLM disse que suspenderia voos a Tel-Aviv at\u00e9 o dia 22. A empresa \u00e9 parte do grupo Air-France KLM, que tinha baixa de 0,61% em Paris. A pr\u00f3pria Air France disse que monitorava o quadro, mas por enquanto n\u00e3o havia alterado rotas.<\/p>\n\n\n\n<p>O setor de energia tamb\u00e9m seguia como foco, mas os ganhos de mais cedo do petr\u00f3leo com a not\u00edcia do ataque eram em grande medida agora revertidos. Entre petroleiras, BP operava em baixa de 0,72% em Londres, Total Energias perdia 1,12% em Paris e Eni ca\u00eda 0,79% em Mil\u00e3o.<\/p>\n\n\n\n<p>Na agenda de indicadores, o \u00edndice de pre\u00e7os ao produtor (PPI, na sigla em ingl\u00eas) da Alemanha recuou 2,9% em mar\u00e7o, na compara\u00e7\u00e3o anual, quando analistas ouvidos pela FactSet previam baixa de 3,0%. A Reuters ainda reportou, a partir de fonte, que o governo da Alemanha elevaria levemente a proje\u00e7\u00e3o de crescimento do pa\u00eds neste ano e cortaria a de infla\u00e7\u00e3o, em suas proje\u00e7\u00f5es atualizadas que saem na pr\u00f3xima semana.<\/p>\n\n\n\n<p>No Reino Unido, as vendas no varejo ficaram estagnadas em mar\u00e7o ante fevereiro, enquanto analistas projetavam alta de 0,5%.<\/p>\n\n\n\n<p><em>*Com informa\u00e7\u00f5es de Dow Jones Newswires e Estad\u00e3o Conte\u00fado<\/em><\/p>\n\n\n\t<p>\n\t\t<a href=\"https:\/\/lp.suno.com.br\/planilha-da-vida-financeira\/\" target=\"_blank\" data-element=\"shortcode-suno-banner\" title=\"Banner SUNO, clique e saiba mais\">\n\t\t\t<picture>\n\t\t\t\t<source media=\"(max-width: 500px)\" srcset=\"https:\/\/files.sunoresearch.com.br\/n\/uploads\/2023\/04\/400x300-Planilha-vida-financeira-true.png\">\n\t\t\t\t<img class=\"newsContent__article__imgCapa newsContent__article__imgCapa--banner\"\n\t\t\t\t\tsrc=\"https:\/\/files.sunoresearch.com.br\/n\/uploads\/2023\/04\/1420x240-Planilha-vida-financeira-true.png\"\n\t\t\t\t\tdata-promo-id=\"383123\"\t\t\t\t\t\t\t\t\t\twidth='1420' height='240'\t\t\t\t\talt=\"https:\/\/files.sunoresearch.com.br\/n\/uploads\/2023\/04\/1420x240-Planilha-vida-financeira-true.png\"\n\t\t\t\t>\n\t\t\t<\/picture>\n\t\t<\/a>\n\t<\/p>\n\n\n","protected":false},"excerpt":{"rendered":"<p>As bolsas asi\u00e1ticas registraram baixas nesta sexta-feira (19). O aparente ataque de Israel ao Ir\u00e3 refor\u00e7ou a cautela com o quadro geopol\u00edtico, mas houve tempo para redu\u00e7\u00e3o das perdas, diante da avalia\u00e7\u00e3o de que o epis\u00f3dio, ao menos por enquanto, parecia limitado. Bolsas asi\u00e1ticas China. Foto: iStock. Esse cen\u00e1rio pode influenciar as negocia\u00e7\u00f5es do Ibovespa [&hellip;]<\/p>\n","protected":false},"author":43,"featured_media":545679,"comment_status":"closed","ping_status":"closed","sticky":false,"template":"","format":"standard","meta":[],"categories":[64],"tags":[104703,711],"suno_strategy":[],"class_list":["post-545630","post","type-post","status-publish","format-standard","has-post-thumbnail","hentry","category-negocios","tag-bolsas-mundiais","tag-china"],"yoast_head":"<!-- This site is optimized with the Yoast SEO plugin v24.4 - https:\/\/yoast.com\/wordpress\/plugins\/seo\/ -->\n<title>Bolsas asi\u00e1ticas caem, de olho no conflito entre Ir\u00e3 e Israel<\/title>\n<meta name=\"description\" content=\"As bolsas asi\u00e1ticas fecharam em queda, repercutindo os temores quanto \u00e0 guerra no Oriente M\u00e9dio. Saiba sobre as bolsas asi\u00e1ticas hoje (19).\" \/>\n<meta name=\"robots\" content=\"index, follow, max-snippet:-1, max-image-preview:large, max-video-preview:-1\" \/>\n<link rel=\"canonical\" href=\"https:\/\/www.suno.com.br\/noticias\/bolsas-asiaticas-caem-conflito-ira-israel-gss\/\" \/>\n<meta property=\"og:locale\" content=\"pt_BR\" \/>\n<meta property=\"og:type\" content=\"article\" \/>\n<meta property=\"og:title\" content=\"Bolsas asi\u00e1ticas caem, de olho no conflito entre Ir\u00e3 e Israel\" \/>\n<meta property=\"og:description\" content=\"As bolsas asi\u00e1ticas fecharam em queda, repercutindo os temores quanto \u00e0 guerra no Oriente M\u00e9dio. Saiba sobre as bolsas asi\u00e1ticas hoje (19).\" \/>\n<meta property=\"og:url\" content=\"https:\/\/www.suno.com.br\/noticias\/bolsas-asiaticas-caem-conflito-ira-israel-gss\/\" \/>\n<meta property=\"og:site_name\" content=\"Suno Not\u00edcias\" \/>\n<meta property=\"article:publisher\" content=\"https:\/\/facebook.com\/sunoresearch\" \/>\n<meta property=\"article:author\" content=\"https:\/\/www.facebook.com\/sunonoticias\/\" \/>\n<meta property=\"og:image\" content=\"https:\/\/files.sunoresearch.com.br\/n\/uploads\/2024\/04\/iStock-1341935407.jpg\" \/>\n\t<meta property=\"og:image:width\" content=\"1224\" \/>\n\t<meta property=\"og:image:height\" content=\"857\" \/>\n\t<meta property=\"og:image:type\" content=\"image\/jpeg\" \/>\n<meta name=\"author\" content=\"Reda\u00e7\u00e3o Suno Not\u00edcias\" \/>\n<meta name=\"twitter:card\" content=\"summary_large_image\" \/>\n<meta name=\"twitter:creator\" content=\"@https:\/\/twitter.com\/sunoresearch\" \/>\n<meta name=\"twitter:site\" content=\"@sunoresearch\" \/>\n<meta name=\"twitter:label1\" content=\"Escrito por\" \/>\n\t<meta name=\"twitter:data1\" content=\"Reda\u00e7\u00e3o Suno Not\u00edcias\" \/>\n\t<meta name=\"twitter:label2\" content=\"Est. tempo de leitura\" \/>\n\t<meta name=\"twitter:data2\" content=\"4 minutos\" \/>\n<script type=\"application\/ld+json\" class=\"yoast-schema-graph\">{\"@context\":\"https:\/\/schema.org\",\"@graph\":[{\"@type\":\"NewsArticle\",\"@id\":\"https:\/\/www.suno.com.br\/noticias\/bolsas-asiaticas-caem-conflito-ira-israel-gss\/#article\",\"isPartOf\":{\"@id\":\"https:\/\/www.suno.com.br\/noticias\/bolsas-asiaticas-caem-conflito-ira-israel-gss\/\"},\"author\":{\"name\":\"Reda\u00e7\u00e3o Suno Not\u00edcias\",\"@id\":\"https:\/\/www.suno.com.br\/noticias\/#\/schema\/person\/c1b1bd3727fa852bd045e9dbff3673ea\"},\"headline\":\"Bolsas asi\u00e1ticas fecham em queda, de olho no Oriente M\u00e9dio; Europa opera com cautela\",\"datePublished\":\"2024-04-19T11:38:36+00:00\",\"dateModified\":\"2024-04-19T11:38:39+00:00\",\"mainEntityOfPage\":{\"@id\":\"https:\/\/www.suno.com.br\/noticias\/bolsas-asiaticas-caem-conflito-ira-israel-gss\/\"},\"wordCount\":748,\"publisher\":{\"@id\":\"https:\/\/www.suno.com.br\/noticias\/#organization\"},\"image\":{\"@id\":\"https:\/\/www.suno.com.br\/noticias\/bolsas-asiaticas-caem-conflito-ira-israel-gss\/#primaryimage\"},\"thumbnailUrl\":\"https:\/\/files.sunoresearch.com.br\/n\/uploads\/2024\/04\/iStock-1341935407.jpg\",\"keywords\":[\"Bolsas mundiais\",\"China\"],\"articleSection\":[\"Neg\u00f3cios\"],\"inLanguage\":\"pt-BR\"},{\"@type\":\"WebPage\",\"@id\":\"https:\/\/www.suno.com.br\/noticias\/bolsas-asiaticas-caem-conflito-ira-israel-gss\/\",\"url\":\"https:\/\/www.suno.com.br\/noticias\/bolsas-asiaticas-caem-conflito-ira-israel-gss\/\",\"name\":\"Bolsas asi\u00e1ticas caem, de olho no conflito entre Ir\u00e3 e Israel\",\"isPartOf\":{\"@id\":\"https:\/\/www.suno.com.br\/noticias\/#website\"},\"primaryImageOfPage\":{\"@id\":\"https:\/\/www.suno.com.br\/noticias\/bolsas-asiaticas-caem-conflito-ira-israel-gss\/#primaryimage\"},\"image\":{\"@id\":\"https:\/\/www.suno.com.br\/noticias\/bolsas-asiaticas-caem-conflito-ira-israel-gss\/#primaryimage\"},\"thumbnailUrl\":\"https:\/\/files.sunoresearch.com.br\/n\/uploads\/2024\/04\/iStock-1341935407.jpg\",\"datePublished\":\"2024-04-19T11:38:36+00:00\",\"dateModified\":\"2024-04-19T11:38:39+00:00\",\"description\":\"As bolsas asi\u00e1ticas fecharam em queda, repercutindo os temores quanto \u00e0 guerra no Oriente M\u00e9dio. Saiba sobre as bolsas asi\u00e1ticas hoje (19).\",\"breadcrumb\":{\"@id\":\"https:\/\/www.suno.com.br\/noticias\/bolsas-asiaticas-caem-conflito-ira-israel-gss\/#breadcrumb\"},\"inLanguage\":\"pt-BR\",\"potentialAction\":[{\"@type\":\"ReadAction\",\"target\":[\"https:\/\/www.suno.com.br\/noticias\/bolsas-asiaticas-caem-conflito-ira-israel-gss\/\"]}]},{\"@type\":\"ImageObject\",\"inLanguage\":\"pt-BR\",\"@id\":\"https:\/\/www.suno.com.br\/noticias\/bolsas-asiaticas-caem-conflito-ira-israel-gss\/#primaryimage\",\"url\":\"https:\/\/files.sunoresearch.com.br\/n\/uploads\/2024\/04\/iStock-1341935407.jpg\",\"contentUrl\":\"https:\/\/files.sunoresearch.com.br\/n\/uploads\/2024\/04\/iStock-1341935407.jpg\",\"width\":1224,\"height\":857,\"caption\":\"Bolsas asi\u00e1ticas China. Foto: iStock.\"},{\"@type\":\"BreadcrumbList\",\"@id\":\"https:\/\/www.suno.com.br\/noticias\/bolsas-asiaticas-caem-conflito-ira-israel-gss\/#breadcrumb\",\"itemListElement\":[{\"@type\":\"ListItem\",\"position\":1,\"name\":\"Not\u00edcias\",\"item\":\"https:\/\/www.suno.com.br\/noticias\/\"},{\"@type\":\"ListItem\",\"position\":2,\"name\":\"Neg\u00f3cios\",\"item\":\"https:\/\/www.suno.com.br\/noticias\/negocios\/\"},{\"@type\":\"ListItem\",\"position\":3,\"name\":\"Bolsas asi\u00e1ticas fecham em queda, de olho no Oriente M\u00e9dio; Europa opera com cautela\"}]},{\"@type\":\"WebSite\",\"@id\":\"https:\/\/www.suno.com.br\/noticias\/#website\",\"url\":\"https:\/\/www.suno.com.br\/noticias\/\",\"name\":\"Suno Not\u00edcias\",\"description\":\"Seu portal de informa\u00e7\u00e3o sobre o mundo dos investimentos\",\"publisher\":{\"@id\":\"https:\/\/www.suno.com.br\/noticias\/#organization\"},\"potentialAction\":[{\"@type\":\"SearchAction\",\"target\":{\"@type\":\"EntryPoint\",\"urlTemplate\":\"https:\/\/www.suno.com.br\/noticias\/?s={search_term_string}\"},\"query-input\":{\"@type\":\"PropertyValueSpecification\",\"valueRequired\":true,\"valueName\":\"search_term_string\"}}],\"inLanguage\":\"pt-BR\"},{\"@type\":\"Organization\",\"@id\":\"https:\/\/www.suno.com.br\/noticias\/#organization\",\"name\":\"Suno Not\u00edcias\",\"url\":\"https:\/\/www.suno.com.br\/noticias\/\",\"logo\":{\"@type\":\"ImageObject\",\"inLanguage\":\"pt-BR\",\"@id\":\"https:\/\/www.suno.com.br\/noticias\/#\/schema\/logo\/image\/\",\"url\":\"https:\/\/files.sunoresearch.com.br\/n\/uploads\/2021\/09\/suno-logo.png\",\"contentUrl\":\"https:\/\/files.sunoresearch.com.br\/n\/uploads\/2021\/09\/suno-logo.png\",\"width\":180,\"height\":180,\"caption\":\"Suno Not\u00edcias\"},\"image\":{\"@id\":\"https:\/\/www.suno.com.br\/noticias\/#\/schema\/logo\/image\/\"},\"sameAs\":[\"https:\/\/facebook.com\/sunoresearch\",\"https:\/\/x.com\/sunoresearch\",\"https:\/\/www.instagram.com\/suno\",\"https:\/\/www.linkedin.com\/company\/suno-research\/\",\"https:\/\/www.youtube.com\/c\/sunoresearch\"]},{\"@type\":\"Person\",\"@id\":\"https:\/\/www.suno.com.br\/noticias\/#\/schema\/person\/c1b1bd3727fa852bd045e9dbff3673ea\",\"name\":\"Reda\u00e7\u00e3o Suno Not\u00edcias\",\"image\":{\"@type\":\"ImageObject\",\"inLanguage\":\"pt-BR\",\"@id\":\"https:\/\/www.suno.com.br\/noticias\/#\/schema\/person\/image\/\",\"url\":\"https:\/\/secure.gravatar.com\/avatar\/b8104b9b5a71985d5238ee59fbe418af?s=96&r=g\",\"contentUrl\":\"https:\/\/secure.gravatar.com\/avatar\/b8104b9b5a71985d5238ee59fbe418af?s=96&r=g\",\"caption\":\"Reda\u00e7\u00e3o Suno Not\u00edcias\"},\"description\":\"O Suno Not\u00edcias \u00e9 um portal de informa\u00e7\u00f5es sobre Mercado Financeiro, Pol\u00edtica, Neg\u00f3cios, Economia e Finan\u00e7as Pessoais.\",\"sameAs\":[\"https:\/\/www.suno.com.br\/noticias\",\"https:\/\/www.facebook.com\/sunonoticias\/\",\"https:\/\/www.instagram.com\/sunonoticias\/\",\"https:\/\/x.com\/https:\/\/twitter.com\/sunoresearch\",\"https:\/\/www.youtube.com\/sunonoticias\"],\"url\":\"https:\/\/www.suno.com.br\/noticias\/author\/redacao-suno\/\"}]}<\/script>\n<!-- \/ Yoast SEO plugin. -->","yoast_head_json":{"title":"Bolsas asi\u00e1ticas caem, de olho no conflito entre Ir\u00e3 e Israel","description":"As bolsas asi\u00e1ticas fecharam em queda, repercutindo os temores quanto \u00e0 guerra no Oriente M\u00e9dio. Saiba sobre as bolsas asi\u00e1ticas hoje (19).","robots":{"index":"index","follow":"follow","max-snippet":"max-snippet:-1","max-image-preview":"max-image-preview:large","max-video-preview":"max-video-preview:-1"},"canonical":"https:\/\/www.suno.com.br\/noticias\/bolsas-asiaticas-caem-conflito-ira-israel-gss\/","og_locale":"pt_BR","og_type":"article","og_title":"Bolsas asi\u00e1ticas caem, de olho no conflito entre Ir\u00e3 e Israel","og_description":"As bolsas asi\u00e1ticas fecharam em queda, repercutindo os temores quanto \u00e0 guerra no Oriente M\u00e9dio. Saiba sobre as bolsas asi\u00e1ticas hoje (19).","og_url":"https:\/\/www.suno.com.br\/noticias\/bolsas-asiaticas-caem-conflito-ira-israel-gss\/","og_site_name":"Suno Not\u00edcias","article_publisher":"https:\/\/facebook.com\/sunoresearch","article_author":"https:\/\/www.facebook.com\/sunonoticias\/","og_image":[{"width":1224,"height":857,"url":"https:\/\/files.sunoresearch.com.br\/n\/uploads\/2024\/04\/iStock-1341935407.jpg","type":"image\/jpeg"}],"author":"Reda\u00e7\u00e3o Suno Not\u00edcias","twitter_card":"summary_large_image","twitter_creator":"@https:\/\/twitter.com\/sunoresearch","twitter_site":"@sunoresearch","twitter_misc":{"Escrito por":"Reda\u00e7\u00e3o Suno Not\u00edcias","Est. tempo de leitura":"4 minutos"},"schema":{"@context":"https:\/\/schema.org","@graph":[{"@type":"NewsArticle","@id":"https:\/\/www.suno.com.br\/noticias\/bolsas-asiaticas-caem-conflito-ira-israel-gss\/#article","isPartOf":{"@id":"https:\/\/www.suno.com.br\/noticias\/bolsas-asiaticas-caem-conflito-ira-israel-gss\/"},"author":{"name":"Reda\u00e7\u00e3o Suno Not\u00edcias","@id":"https:\/\/www.suno.com.br\/noticias\/#\/schema\/person\/c1b1bd3727fa852bd045e9dbff3673ea"},"headline":"Bolsas asi\u00e1ticas fecham em queda, de olho no Oriente M\u00e9dio; Europa opera com cautela","datePublished":"2024-04-19T11:38:36+00:00","dateModified":"2024-04-19T11:38:39+00:00","mainEntityOfPage":{"@id":"https:\/\/www.suno.com.br\/noticias\/bolsas-asiaticas-caem-conflito-ira-israel-gss\/"},"wordCount":748,"publisher":{"@id":"https:\/\/www.suno.com.br\/noticias\/#organization"},"image":{"@id":"https:\/\/www.suno.com.br\/noticias\/bolsas-asiaticas-caem-conflito-ira-israel-gss\/#primaryimage"},"thumbnailUrl":"https:\/\/files.sunoresearch.com.br\/n\/uploads\/2024\/04\/iStock-1341935407.jpg","keywords":["Bolsas mundiais","China"],"articleSection":["Neg\u00f3cios"],"inLanguage":"pt-BR"},{"@type":"WebPage","@id":"https:\/\/www.suno.com.br\/noticias\/bolsas-asiaticas-caem-conflito-ira-israel-gss\/","url":"https:\/\/www.suno.com.br\/noticias\/bolsas-asiaticas-caem-conflito-ira-israel-gss\/","name":"Bolsas asi\u00e1ticas caem, de olho no conflito entre Ir\u00e3 e Israel","isPartOf":{"@id":"https:\/\/www.suno.com.br\/noticias\/#website"},"primaryImageOfPage":{"@id":"https:\/\/www.suno.com.br\/noticias\/bolsas-asiaticas-caem-conflito-ira-israel-gss\/#primaryimage"},"image":{"@id":"https:\/\/www.suno.com.br\/noticias\/bolsas-asiaticas-caem-conflito-ira-israel-gss\/#primaryimage"},"thumbnailUrl":"https:\/\/files.sunoresearch.com.br\/n\/uploads\/2024\/04\/iStock-1341935407.jpg","datePublished":"2024-04-19T11:38:36+00:00","dateModified":"2024-04-19T11:38:39+00:00","description":"As bolsas asi\u00e1ticas fecharam em queda, repercutindo os temores quanto \u00e0 guerra no Oriente M\u00e9dio. Saiba sobre as bolsas asi\u00e1ticas hoje (19).","breadcrumb":{"@id":"https:\/\/www.suno.com.br\/noticias\/bolsas-asiaticas-caem-conflito-ira-israel-gss\/#breadcrumb"},"inLanguage":"pt-BR","potentialAction":[{"@type":"ReadAction","target":["https:\/\/www.suno.com.br\/noticias\/bolsas-asiaticas-caem-conflito-ira-israel-gss\/"]}]},{"@type":"ImageObject","inLanguage":"pt-BR","@id":"https:\/\/www.suno.com.br\/noticias\/bolsas-asiaticas-caem-conflito-ira-israel-gss\/#primaryimage","url":"https:\/\/files.sunoresearch.com.br\/n\/uploads\/2024\/04\/iStock-1341935407.jpg","contentUrl":"https:\/\/files.sunoresearch.com.br\/n\/uploads\/2024\/04\/iStock-1341935407.jpg","width":1224,"height":857,"caption":"Bolsas asi\u00e1ticas China. Foto: iStock."},{"@type":"BreadcrumbList","@id":"https:\/\/www.suno.com.br\/noticias\/bolsas-asiaticas-caem-conflito-ira-israel-gss\/#breadcrumb","itemListElement":[{"@type":"ListItem","position":1,"name":"Not\u00edcias","item":"https:\/\/www.suno.com.br\/noticias\/"},{"@type":"ListItem","position":2,"name":"Neg\u00f3cios","item":"https:\/\/www.suno.com.br\/noticias\/negocios\/"},{"@type":"ListItem","position":3,"name":"Bolsas asi\u00e1ticas fecham em queda, de olho no Oriente M\u00e9dio; Europa opera com cautela"}]},{"@type":"WebSite","@id":"https:\/\/www.suno.com.br\/noticias\/#website","url":"https:\/\/www.suno.com.br\/noticias\/","name":"Suno Not\u00edcias","description":"Seu portal de informa\u00e7\u00e3o sobre o mundo dos investimentos","publisher":{"@id":"https:\/\/www.suno.com.br\/noticias\/#organization"},"potentialAction":[{"@type":"SearchAction","target":{"@type":"EntryPoint","urlTemplate":"https:\/\/www.suno.com.br\/noticias\/?s={search_term_string}"},"query-input":{"@type":"PropertyValueSpecification","valueRequired":true,"valueName":"search_term_string"}}],"inLanguage":"pt-BR"},{"@type":"Organization","@id":"https:\/\/www.suno.com.br\/noticias\/#organization","name":"Suno Not\u00edcias","url":"https:\/\/www.suno.com.br\/noticias\/","logo":{"@type":"ImageObject","inLanguage":"pt-BR","@id":"https:\/\/www.suno.com.br\/noticias\/#\/schema\/logo\/image\/","url":"https:\/\/files.sunoresearch.com.br\/n\/uploads\/2021\/09\/suno-logo.png","contentUrl":"https:\/\/files.sunoresearch.com.br\/n\/uploads\/2021\/09\/suno-logo.png","width":180,"height":180,"caption":"Suno Not\u00edcias"},"image":{"@id":"https:\/\/www.suno.com.br\/noticias\/#\/schema\/logo\/image\/"},"sameAs":["https:\/\/facebook.com\/sunoresearch","https:\/\/x.com\/sunoresearch","https:\/\/www.instagram.com\/suno","https:\/\/www.linkedin.com\/company\/suno-research\/","https:\/\/www.youtube.com\/c\/sunoresearch"]},{"@type":"Person","@id":"https:\/\/www.suno.com.br\/noticias\/#\/schema\/person\/c1b1bd3727fa852bd045e9dbff3673ea","name":"Reda\u00e7\u00e3o Suno Not\u00edcias","image":{"@type":"ImageObject","inLanguage":"pt-BR","@id":"https:\/\/www.suno.com.br\/noticias\/#\/schema\/person\/image\/","url":"https:\/\/secure.gravatar.com\/avatar\/b8104b9b5a71985d5238ee59fbe418af?s=96&r=g","contentUrl":"https:\/\/secure.gravatar.com\/avatar\/b8104b9b5a71985d5238ee59fbe418af?s=96&r=g","caption":"Reda\u00e7\u00e3o Suno Not\u00edcias"},"description":"O Suno Not\u00edcias \u00e9 um portal de informa\u00e7\u00f5es sobre Mercado Financeiro, Pol\u00edtica, Neg\u00f3cios, Economia e Finan\u00e7as Pessoais.","sameAs":["https:\/\/www.suno.com.br\/noticias","https:\/\/www.facebook.com\/sunonoticias\/","https:\/\/www.instagram.com\/sunonoticias\/","https:\/\/x.com\/https:\/\/twitter.com\/sunoresearch","https:\/\/www.youtube.com\/sunonoticias"],"url":"https:\/\/www.suno.com.br\/noticias\/author\/redacao-suno\/"}]}},"default_loop_html":"<div class=\"cardsPage__listCard__boxs\"><div class=\"cardsPage__listCard__boxs__img\"><a href=\"https:\/\/www.suno.com.br\/noticias\/bolsas-asiaticas-caem-conflito-ira-israel-gss\/\"><img class=\"mask\" src=\"https:\/\/www.suno.com.br\/noticias\/wp-content\/themes\/suno\/resources\/images\/spotlight\/spotlight1img\/bg-mask.png\" alt=\"Image Mask\"\/><img src=\"https:\/\/files.sunoresearch.com.br\/n\/uploads\/2024\/04\/iStock-1341935407-400x200.jpg\" alt=\"Bolsas asi\u00e1ticas fecham em queda, de olho no Oriente M\u00e9dio; Europa opera com cautela\"\/><\/a><span class=\"spotlightCategory\"><a href=\"https:\/\/www.suno.com.br\/noticias\/negocios\/\">Neg\u00f3cios<\/a><\/span><\/div><div class=\"cardsPage__listCard__boxs__content\"><a href=\"https:\/\/www.suno.com.br\/noticias\/bolsas-asiaticas-caem-conflito-ira-israel-gss\/\"><h2 class=\"content__title\">Bolsas asi\u00e1ticas fecham em queda, de olho no Oriente M\u00e9dio; Europa opera com cautela<\/h2><\/a><div class=\"newsContent__article__meta\"><div class=\"newsContent__article__meta__authorBox\"><a href=\"https:\/\/www.suno.com.br\/noticias\/author\/redacao-suno\/\" class=\"authorBox__avatar noMobi\"><img src=\"https:\/\/files.sunoresearch.com.br\/n\/uploads\/2020\/08\/0ace682d-redacao-1-150x150.webp\" alt=\"Reda\u00e7\u00e3o Suno Not\u00edcias\"><\/a><div class=\"authorBox__name\"><span>por\n\t\t\t<a href=\"https:\/\/www.suno.com.br\/noticias\/author\/redacao-suno\/\"><span itemprop=\"author\">Reda\u00e7\u00e3o Suno Not\u00edcias<\/span><\/a><\/span><time datetime=\"2024-04-19T08:38:36-03:00\" itemprop=\"datePublished\">19\/04\/2024 08:38<\/time><\/div><\/div><\/div><\/div><\/div>","single_layout":"posts","amp_enabled":true,"_links":{"self":[{"href":"https:\/\/www.suno.com.br\/noticias\/wp-json\/wp\/v2\/posts\/545630"}],"collection":[{"href":"https:\/\/www.suno.com.br\/noticias\/wp-json\/wp\/v2\/posts"}],"about":[{"href":"https:\/\/www.suno.com.br\/noticias\/wp-json\/wp\/v2\/types\/post"}],"author":[{"embeddable":true,"href":"https:\/\/www.suno.com.br\/noticias\/wp-json\/wp\/v2\/users\/43"}],"replies":[{"embeddable":true,"href":"https:\/\/www.suno.com.br\/noticias\/wp-json\/wp\/v2\/comments?post=545630"}],"version-history":[{"count":2,"href":"https:\/\/www.suno.com.br\/noticias\/wp-json\/wp\/v2\/posts\/545630\/revisions"}],"predecessor-version":[{"id":545682,"href":"https:\/\/www.suno.com.br\/noticias\/wp-json\/wp\/v2\/posts\/545630\/revisions\/545682"}],"wp:featuredmedia":[{"embeddable":true,"href":"https:\/\/www.suno.com.br\/noticias\/wp-json\/wp\/v2\/media\/545679"}],"wp:attachment":[{"href":"https:\/\/www.suno.com.br\/noticias\/wp-json\/wp\/v2\/media?parent=545630"}],"wp:term":[{"taxonomy":"category","embeddable":true,"href":"https:\/\/www.suno.com.br\/noticias\/wp-json\/wp\/v2\/categories?post=545630"},{"taxonomy":"post_tag","embeddable":true,"href":"https:\/\/www.suno.com.br\/noticias\/wp-json\/wp\/v2\/tags?post=545630"},{"taxonomy":"suno_strategy","embeddable":true,"href":"https:\/\/www.suno.com.br\/noticias\/wp-json\/wp\/v2\/suno_strategy?post=545630"}],"curies":[{"name":"wp","href":"https:\/\/api.w.org\/{rel}","templated":true}]}}