{"id":545554,"date":"2024-04-18T23:18:28","date_gmt":"2024-04-19T02:18:28","guid":{"rendered":"https:\/\/www.suno.com.br\/noticias\/?p=545554"},"modified":"2024-04-18T23:18:43","modified_gmt":"2024-04-19T02:18:43","slug":"radar-bradesco-bbdc4-vale-vale3-vibra-energia-vbbr3","status":"publish","type":"post","link":"https:\/\/www.suno.com.br\/noticias\/radar-bradesco-bbdc4-vale-vale3-vibra-energia-vbbr3\/","title":{"rendered":"Radar: proje\u00e7\u00f5es para o balan\u00e7o do Bradesco (BBDC4) no 1T24, Vale (VALE3) tem pre\u00e7o-alvo reduzido e Vibra (VBBR3)\u00a0anuncia dividendos bilion\u00e1rios"},"content":{"rendered":"<p>Em relat\u00f3rio sobre o&nbsp;<a href=\"https:\/\/www.suno.com.br\/acoes\/BBDC4\/\" target=\"_blank\" rel=\"noreferrer noopener\"><strong>Bradesco<\/strong>&nbsp;(BBDC4)<\/a>, especialistas do Santander projetaram um&nbsp;<a href=\"https:\/\/www.suno.com.br\/artigos\/lucro-liquido\/\" target=\"_blank\" rel=\"noreferrer noopener\">lucro l\u00edquido<\/a>&nbsp;de R$ 3,8 bilh\u00f5es para o banco no primeiro trimestre de 2024.<\/p>\t<div class=\"wrapper-featured-image\">\n\t\t<figure class=\"spotlightImg\">\n\n\t\t\t<picture>\n\t\t\t\t<source media=\"(max-width: 768px)\" srcset=\"https:\/\/files.sunoresearch.com.br\/n\/uploads\/2021\/02\/a52b280e-230615fachadas14-400x200.webp\">\n\t\t\t\t<img loading=\"lazy\" decoding=\"async\" class=\"newsContent__article__imgCapa lazyloadDisabled \" src=\"https:\/\/files.sunoresearch.com.br\/n\/uploads\/2021\/02\/a52b280e-230615fachadas14-800x450.webp\" width=\"800\" height=\"450\" alt=\"Radar: proje\u00e7\u00f5es para o balan\u00e7o do Bradesco (BBDC4) no 1T24, Vale (VALE3) tem pre\u00e7o-alvo reduzido e Vibra (VBBR3)\u00a0anuncia dividendos bilion\u00e1rios\" fetchpriority=high \/>\n\t\t\t<\/picture>\n\n\t\t\t<figcaption class=\"wp-caption-text wp-caption-text--show\">Bradesco (BBDC4). Foto: divulga\u00e7\u00e3o<\/figcaption>\n\t\t<\/figure>\n\t<\/div>\n\n\n\n\n\n\t<p>\n\t\t<a href=\"https:\/\/lp.suno.com.br\/planilha-da-vida-financeira\/\" target=\"_blank\" data-element=\"shortcode-suno-banner\" title=\"Banner SUNO, clique e saiba mais\">\n\t\t\t<picture>\n\t\t\t\t<source media=\"(max-width: 500px)\" srcset=\"https:\/\/files.sunoresearch.com.br\/n\/uploads\/2023\/04\/400x300-Planilha-vida-financeira-true.png\">\n\t\t\t\t<img class=\"newsContent__article__imgCapa newsContent__article__imgCapa--banner\"\n\t\t\t\t\tsrc=\"https:\/\/files.sunoresearch.com.br\/n\/uploads\/2023\/04\/1420x240-Planilha-vida-financeira-true.png\"\n\t\t\t\t\tdata-promo-id=\"106682\"\t\t\t\t\t\t\t\t\t\twidth='1420' height='240'\t\t\t\t\talt=\"https:\/\/files.sunoresearch.com.br\/n\/uploads\/2023\/04\/1420x240-Planilha-vida-financeira-true.png\"\n\t\t\t\t>\n\t\t\t<\/picture>\n\t\t<\/a>\n\t<\/p>\n\n\n\n\n\n\n\n<p>Com isso, o&nbsp;<strong>lucro do Bradesco<\/strong>&nbsp;apresentaria uma retra\u00e7\u00e3o de 10% na base anual, apesar de uma melhora ante o trimestre anterior.<\/p>\n\n\n\n<p>A recomenda\u00e7\u00e3o do Santander \u00e9 neutra para as&nbsp;<strong>a\u00e7\u00f5es do Bradesco<\/strong>, com pre\u00e7o-alvo de R$ 16. Atualmente os pap\u00e9is negociam a pouco abaixo de R$ 14.<\/p>\n\n\n\n<p>\u201cAcreditamos que as principais not\u00edcias positivas dever\u00e3o advir da melhoria&nbsp;<a href=\"https:\/\/www.suno.com.br\/artigos\/npl\/\">NPLs<\/a>, embora acreditemos que n\u00e3o veremos o crescimento dos empr\u00e9stimos acelerar ainda no 1T24. Al\u00e9m disso, n\u00f3s esperamos outro trimestre de leve crescimento nas receitas de taxas, parcialmente compensado pelo melhor desempenho do segmento de seguros e despesas sob controle\u201d, diz a casa.<\/p>\n\n\n\n<p>\u201cAo todo, projetamos&nbsp;<a href=\"https:\/\/www.suno.com.br\/artigos\/roae\/\">ROAE<\/a>&nbsp;em 9,5%. A nossa vis\u00e3o de que embora v\u00edssemos uma potencial melhoria na propor\u00e7\u00e3o de NPL, bem como no esfor\u00e7os para acelerar o crescimento dos empr\u00e9stimos e reduzir o n\u00famero de funcion\u00e1rios, ainda assim recomendamos cautela para investidores em rela\u00e7\u00e3o ao Bradesco, pois acreditamos que o banco poder\u00e1 continuar a lutar com ROE abaixo&nbsp;<a href=\"https:\/\/www.suno.com.br\/artigos\/custo-de-capital\/\" target=\"_blank\" rel=\"noreferrer noopener\">custo de capital<\/a>&nbsp;durante a maior parte dos pr\u00f3ximos dois anos\u201d, completa.<\/p>\n\n\n\n<p>Sobre os empr\u00e9stimos, os analistas esperam que a carteira de cr\u00e9dito do Bradesco permane\u00e7a praticamente est\u00e1vel em termos anuais, caindo cerca de 1%.<\/p>\n\n\n\n<p>Sobre a qualidade dos ativos, a proje\u00e7\u00e3o \u00e9 de que a inadimpl\u00eancia de 90 dias do Bradesco melhore 20 bps no trimestre, para 5%, apoiado por pol\u00edticas de cr\u00e9dito mais conservadoras adotadas durante 2023, que provavelmente resultar\u00e3o em melhores ativos qualidade.<\/p>\n\n\n\n<p>Al\u00e9m de Bradesco, confira outros destaques desta quinta-feira:<\/p>\n\n\n\n<h2 class=\"wp-block-heading\">Vale (VALE3): ap\u00f3s relat\u00f3rio de produ\u00e7\u00e3o e vendas, BB-BI reduz pre\u00e7o-alvo para as a\u00e7\u00f5es<\/h2>\n\n\n\n<ul class=\"wp-block-list\">\n<li>Em relat\u00f3rio sobre a&nbsp;<a href=\"https:\/\/www.suno.com.br\/artigos\/o-que-sao-acoes-ordinarias-preferenciais-e-units\/\"><strong>V<\/strong><\/a><a href=\"https:\/\/www.suno.com.br\/acoes\/VALE3\/\"><strong>ale&nbsp;<\/strong>(VALE3)<\/a>&nbsp;ap\u00f3s a divulga\u00e7\u00e3o dos n\u00fameros de produ\u00e7\u00e3o e vendas do 1T24, o BB Investimentos reduziu o pre\u00e7o-alvo para as&nbsp;<a href=\"https:\/\/www.suno.com.br\/artigos\/o-que-sao-acoes-ordinarias-preferenciais-e-units\/\">a\u00e7\u00f5es ordin\u00e1rias<\/a>&nbsp;e ADRs da mineradora, mas manteve a recomenda\u00e7\u00e3o de \u2018compra\u2019.<\/li>\n<\/ul>\n\n\n\n<ul class=\"wp-block-list\">\n<li>Ap\u00f3s a revis\u00e3o de seu modelo financeiro, incorporando os dados do relat\u00f3rio de produ\u00e7\u00e3o e vendas do&nbsp;<strong>1T24 da Vale<\/strong>, bem como premissas atualizadas de&nbsp;<em>pre\u00e7o de min\u00e9rio de ferro<\/em>, metais, fretes e c\u00e2mbio, o BB-BI reduziu o pre\u00e7o-alvo para R$ 80,00 (antes R$ 89,00) para&nbsp;<strong>VALE3<\/strong>&nbsp;e as<strong>&nbsp;ADRs da Vale<\/strong>&nbsp;para US$ 16,00 (antes US$ 18,00).<\/li>\n<\/ul>\n\n\n\n<ul class=\"wp-block-list\">\n<li>O&nbsp;<strong>relat\u00f3rio de produ\u00e7\u00e3o e vendas da Vale<\/strong>&nbsp;do 1T24 trouxe volumes em geral crescentes na compara\u00e7\u00e3o anual, mas abaixo das estimativas do BB-BI, com exce\u00e7\u00e3o apenas do volume de produ\u00e7\u00e3o de min\u00e9rio de ferro, de 70,8 milh\u00f5es de toneladas m\u00e9tricas (Mt), que foi 2,7% superior \u00e0 proje\u00e7\u00e3o do banco e representa um crescimento anual de 6,1% \u2013 puxado pelo melhor desempenho na opera\u00e7\u00e3o de S11D mesmo durante o per\u00edodo de chuvas e por maiores compras de terceiros.<\/li>\n<\/ul>\n\n\n\n<ul class=\"wp-block-list\">\n<li>A Vale tamb\u00e9m atualizou os pre\u00e7os de min\u00e9rio de ferro de US$ 115 por tonelada para US$ 103 por tonelada em 2024; US$ 103 por tonelada para US$ 92 por tonelada em 2025 e US$ 90 por tonelada para US$ 86 por tonelada em 2026.<\/li>\n<\/ul>\n\n\n\n<ul class=\"wp-block-list\">\n<li>O BB-BI listou alguns fatores de risco para a Vale:<\/li>\n<\/ul>\n\n\n\n<ul class=\"wp-block-list\">\n<li>atividade industrial global em ritmo mais lento que o esperado e expectativa de retomada na China n\u00e3o se concretizando, afetando a demanda de min\u00e9rio de ferro;<\/li>\n\n\n\n<li>aumento na oferta de min\u00e9rio de ferro pelos principais produtores mundiais, desequilibrando a rela\u00e7\u00e3o&nbsp;<a href=\"https:\/\/www.suno.com.br\/artigos\/oferta-demanda\/\">oferta e demanda<\/a>;<\/li>\n\n\n\n<li>novos eventos de rompimentos de barragem, passivos relacionados a&nbsp;<strong>Brumadinho<\/strong>&nbsp;ou<strong>&nbsp;Samarco<\/strong>&nbsp;e\/ou perda de licen\u00e7as que impactem as opera\u00e7\u00f5es.<\/li>\n<\/ul>\n\n\n\n<h2 class=\"wp-block-heading\">Vibra Energia (VBBR3) anuncia pagamento R$ 1,6 bi em dividendos e JCP; veja o valor por a\u00e7\u00e3o<\/h2>\n\n\n\n<ul class=\"wp-block-list\">\n<li>A&nbsp;<strong>Vibra Energia&nbsp;<\/strong>(VBBR3) comunicou nesta quinta-feira (18) que vai pagar dividendos complementares aos seus acionistas no valor total de R$ 1.604.581.530,06, equivalentes a R$ 1,438911205 por a\u00e7\u00e3o e 35,7% do&nbsp;<a href=\"https:\/\/www.suno.com.br\/artigos\/lucro-liquido\/\" target=\"_blank\" rel=\"noreferrer noopener\">lucro l\u00edquido<\/a>&nbsp;ajustado at\u00e9 2023.<\/li>\n<\/ul>\n\n\n\n<ul class=\"wp-block-list\">\n<li>A decis\u00e3o, diz a companhia, foi tomada ap\u00f3s reuni\u00e3o do&nbsp;<a href=\"https:\/\/www.suno.com.br\/artigos\/conselho-administracao\/\" target=\"_blank\" rel=\"noreferrer noopener\">conselho de administra\u00e7\u00e3o<\/a>.<\/li>\n<\/ul>\n\n\n\n<ul class=\"wp-block-list\">\n<li>Conforme condi\u00e7\u00f5es estabelecidas, os<strong>&nbsp;dividendos complementares da Vibra<\/strong>&nbsp;ser\u00e3o imputados aos dividendos obrigat\u00f3rios a serem declarados com base no balan\u00e7o levantado at\u00e9 31 de dezembro do ano passado. A empresa n\u00e3o divulgou quantos acionistas devem ser contemplados pelas&nbsp;<a href=\"https:\/\/www.suno.com.br\/artigos\/o-que-sao-acoes-ordinarias-preferenciais-e-units\/\" target=\"_blank\" rel=\"noreferrer noopener\">a\u00e7\u00f5es ordin\u00e1rias<\/a>.<\/li>\n<\/ul>\n\n\n\n<ul class=\"wp-block-list\">\n<li>Do montante, foi informada a distribui\u00e7\u00e3o a t\u00edtulo de&nbsp;<a href=\"https:\/\/www.suno.com.br\/artigos\/entenda-o-jcp\/\" target=\"_blank\" rel=\"noreferrer noopener\">juros sobre capital pr\u00f3prio<\/a>&nbsp;(JCP) declarados no valor de R$ 928.421.090,24, que devem ser pagos at\u00e9 o dia 31 de agosto de 2024.<\/li>\n<\/ul>\n\n\n\n<ul class=\"wp-block-list\">\n<li>O restante representa a distribui\u00e7\u00e3o de dividendos no valor de R$ 676.160.439,82, equivalente a R$ 0,60634801971 por a\u00e7\u00e3o. A&nbsp;<strong>Vibra<\/strong>&nbsp;diz que esse valor ser\u00e1 pago at\u00e9 o dia 30 de novembro deste ano.<\/li>\n<\/ul>\n\n\n\n<ul class=\"wp-block-list\">\n<li>Ter\u00e3o direitos de receber os&nbsp;<strong>dividendos da Vibra&nbsp;<\/strong>os acionistas com posi\u00e7\u00e3o na empresa at\u00e9 esta quinta-feira (18). A partir desta sexta-feira (19), os pap\u00e9is ser\u00e3o consideradas \u201cex-direitos\u201d, segundo comunicado.<\/li>\n<\/ul>\n\n\n\n<h2 class=\"wp-block-heading\">CCR (CCRO3) vai pagar R$ 536,2 milh\u00f5es em dividendos; veja valor por a\u00e7\u00e3o<\/h2>\n\n\n\n<ul class=\"wp-block-list\">\n<li>A&nbsp;<a href=\"https:\/\/www.suno.com.br\/acoes\/CCRO3\/\" target=\"_blank\" rel=\"noreferrer noopener\"><strong>CCR<\/strong>&nbsp;(CCRO3)<\/a>&nbsp;aprovou um novo pagamento de&nbsp;<a href=\"https:\/\/www.suno.com.br\/guias\/dividendos\/\" target=\"_blank\" rel=\"noreferrer noopener\">dividendos<\/a>, no valor total de R$ 536,2 milh\u00f5es. A aprova\u00e7\u00e3o foi realizada em nova&nbsp;<a href=\"https:\/\/www.suno.com.br\/artigos\/assembleia-geral-ordinaria\/\" target=\"_blank\" rel=\"noreferrer noopener\">Assembleia Geral Ordin\u00e1ria<\/a>&nbsp;e Extraordin\u00e1ria da empresa, que aconteceu hoje (18).<\/li>\n<\/ul>\n\n\n\n<ul class=\"wp-block-list\">\n<li>Os&nbsp;<strong>dividendos da CCR&nbsp;<\/strong>v\u00e3o ser pagos no dia 30 de abril de 2023 e s\u00e3o relativos ao&nbsp;<a href=\"https:\/\/www.suno.com.br\/artigos\/exercicio-social\/\" target=\"_blank\" rel=\"noreferrer noopener\">exerc\u00edcio social<\/a>&nbsp;terminado em 31 de dezembro do ano passado. Os proventos equivalem a R$ 0,26586176875 por a\u00e7\u00e3o ordin\u00e1ria.<\/li>\n<\/ul>\n\n\n\n<ul class=\"wp-block-list\">\n<li>Desse total, quase R$ 404,9 milh\u00f5es ser\u00e3o distribu\u00eddos a t\u00edtulo de dividendo m\u00ednimo obrigat\u00f3rio. O valor remanescente, de R$ 131,32 milh\u00f5es, vai ser pago a t\u00edtulo de dividendos adicionais.<\/li>\n<\/ul>\n\n\n\n<ul class=\"wp-block-list\">\n<li>Os&nbsp;<strong>proventos da CCR<\/strong>&nbsp;ser\u00e3o pagos aos investidores que encerraram o preg\u00e3o de hoje (18) na Bolsa de Valores com a\u00e7\u00f5es da companhia em suas carteiras. Dessa forma, as a\u00e7\u00f5es compradas amanh\u00e3 (19) n\u00e3o ser\u00e3o contabilizadas no pagamento de rendimentos.<\/li>\n<\/ul>\n\n\n\t<p>\n\t\t<a href=\"https:\/\/lp.suno.com.br\/ebook-como-analisar-uma-acao\/\" target=\"_blank\" data-element=\"shortcode-suno-banner\" title=\"Banner SUNO, clique e saiba mais\">\n\t\t\t<picture>\n\t\t\t\t<source media=\"(max-width: 500px)\" srcset=\"https:\/\/files.sunoresearch.com.br\/n\/uploads\/2023\/03\/Ebook-Acoes-Mobile.jpg\">\n\t\t\t\t<img class=\"newsContent__article__imgCapa newsContent__article__imgCapa--banner\"\n\t\t\t\t\tsrc=\"https:\/\/files.sunoresearch.com.br\/n\/uploads\/2023\/03\/Ebook-Acoes-Desktop.jpg\"\n\t\t\t\t\tdata-promo-id=\"378302\"\t\t\t\t\t\t\t\t\t\twidth='1420' height='286'\t\t\t\t\talt=\"https:\/\/files.sunoresearch.com.br\/n\/uploads\/2023\/03\/Ebook-Acoes-Desktop.jpg\"\n\t\t\t\t>\n\t\t\t<\/picture>\n\t\t<\/a>\n\t<\/p>\n\n\n\n\n\n<h2 class=\"wp-block-heading\">Sabesp (SBSP3): analistas veem chance maior de privatiza\u00e7\u00e3o atrair investidor estrat\u00e9gico; a\u00e7\u00f5es sobem<\/h2>\n\n\n\n<ul class=\"wp-block-list\">\n<li>A C\u00e2mara Municipal de S\u00e3o Paulo aprovou, na quarta-feira (17), em primeiro turno, o projeto que abre caminho para a privatiza\u00e7\u00e3o da<strong>&nbsp;Sabesp (SBSP3)<\/strong>. Para o Ita\u00fa BBA, o modelo da oferta da Sabesp aumenta a chance de atrair um investidor estrat\u00e9gico, o que \u00e9 visto como crucial para aumentar a efici\u00eancia da empresa e alcan\u00e7ar a universaliza\u00e7\u00e3o dos servi\u00e7os at\u00e9 2029.&nbsp;<\/li>\n<\/ul>\n\n\n\n<ul class=\"wp-block-list\">\n<li>Os termos s\u00e3o muito positivos, oferecendo uma solu\u00e7\u00e3o inteligente para a maior quest\u00e3o levantada pelos investidores nos \u00faltimos meses: como o governo atrair\u00e1 um investidor estrat\u00e9gico se o pre\u00e7o das&nbsp;<strong>a\u00e7\u00f5es da Sabesp<\/strong>&nbsp;aumentar significativamente?\u201d, afirma o BBA, que recomenda a compra dos pap\u00e9is, com pre\u00e7o-alvo de R$ 120.&nbsp;<\/li>\n<\/ul>\n\n\n\n<ul class=\"wp-block-list\">\n<li>De acordo com a research, existem alguns potenciais investidores estrat\u00e9gicos, incluindo Aegea,&nbsp;<a href=\"https:\/\/www.suno.com.br\/acoes\/EQTL3\/\" target=\"_blank\" rel=\"noreferrer noopener\">Equatorial (EQTL3)<\/a>, Cosan (CSAN3), Votorantim e IG4. A Sabesp estipula o prazo para a precifica\u00e7\u00e3o da oferta para agosto, tendo como refer\u00eancia o resultado do primeiro trimestre de 2024.&nbsp;<\/li>\n<\/ul>\n\n\n\n<ul class=\"wp-block-list\">\n<li>Na mesma linha, o Safra v\u00ea o modelo de oferta como um desenvolvimento positivo e importante para o processo de&nbsp;<strong>privatiza\u00e7\u00e3o da Sabesp<\/strong>: \u201cO modelo proposto para selecionar investidores em dois blocos pode abordar um dos principais desafios desta oferta, que \u00e9 garantir a participa\u00e7\u00e3o e sele\u00e7\u00e3o de um investidor estrat\u00e9gico.\u201d<\/li>\n<\/ul>\n\n\n\n<ul class=\"wp-block-list\">\n<li>Al\u00e9m disso, o banco tamb\u00e9m considera como positivas as regras de governan\u00e7a, pois incluem limites de vota\u00e7\u00e3o de 30%, estabelecendo um limite para o poder do Estado, e cl\u00e1usulas de bloqueio adicionadas para os investidores estrat\u00e9gicos que permanecer\u00e3o em vigor at\u00e9 que a meta de universaliza\u00e7\u00e3o seja alcan\u00e7ada (2029), garantindo assim compromisso com a qualidade das opera\u00e7\u00f5es.&nbsp;<\/li>\n<\/ul>\n\n\n\n<ul class=\"wp-block-list\">\n<li>\u201cTamb\u00e9m vemos a aprova\u00e7\u00e3o do projeto de lei proposto pelo munic\u00edpio de S\u00e3o Paulo (para permitir a privatiza\u00e7\u00e3o da Sabesp) na primeira (de duas) rodadas de vota\u00e7\u00e3o como um marco positivo para o processo\u201d, cita o Safra.<\/li>\n<\/ul>\n\n\n\n<h2 class=\"wp-block-heading\">Hypera (HYPE3) aprova R$ 61 milh\u00f5es em dividendos; veja o valor por a\u00e7\u00e3o<\/h2>\n\n\n\n<ul class=\"wp-block-list\">\n<li>O grupo farmac\u00eautico&nbsp;<strong>Hypera&nbsp;<\/strong>(HYPE3) disse em comunicado desta quinta-feira (18) que vai pagar os&nbsp;<a href=\"https:\/\/www.suno.com.br\/guias\/dividendos\/\" target=\"_blank\" rel=\"noreferrer noopener\">dividendos<\/a>&nbsp;complementares aos seus acionistas no valor total de R$ 61.5.835,08, equivalentes a R$ 0,09724 por a\u00e7\u00e3o.<\/li>\n<\/ul>\n\n\n\n<ul class=\"wp-block-list\">\n<li>Segundo a empresa, a decis\u00e3o foi tomada ap\u00f3s reuni\u00e3o do&nbsp;<a href=\"https:\/\/www.suno.com.br\/artigos\/conselho-administracao\/\" target=\"_blank\" rel=\"noreferrer noopener\">conselho de administra\u00e7\u00e3o<\/a>.<\/li>\n<\/ul>\n\n\n\n<ul class=\"wp-block-list\">\n<li>Conforme condi\u00e7\u00f5es estabelecidas, os&nbsp;<strong>dividendos complementares da Hypera&nbsp;<\/strong>ser\u00e3o imputados aos dividendos obrigat\u00f3rios a serem declarados com base no exerc\u00edcio deste ano. A empresa n\u00e3o divulgou quantos acionistas devem ser contemplados pelas&nbsp;<a href=\"https:\/\/www.suno.com.br\/artigos\/o-que-sao-acoes-ordinarias-preferenciais-e-units\/\" target=\"_blank\" rel=\"noreferrer noopener\">a\u00e7\u00f5es ordin\u00e1rias<\/a>.<\/li>\n<\/ul>\n\n\n\n<ul class=\"wp-block-list\">\n<li>Ter\u00e3o direito de receber os&nbsp;<strong>dividendos da Hypera&nbsp;<\/strong>os acionistas com posi\u00e7\u00e3o na empresa at\u00e9 23 de abril deste ano. No dia 24 deste m\u00eas, os pap\u00e9is ser\u00e3o consideradas \u201cex-direitos\u201d, segundo comunicado.<\/li>\n<\/ul>\n\n\n\n<ul class=\"wp-block-list\">\n<li>Sem data fixa, a&nbsp;<strong>Hypera&nbsp;<\/strong>diz que o pagamento \u201cser\u00e1 realizado at\u00e9 o final do&nbsp;<a href=\"https:\/\/www.suno.com.br\/artigos\/exercicio-social\/\" target=\"_blank\" rel=\"noreferrer noopener\">exerc\u00edcio social<\/a>&nbsp;de 2025, em data a ser oportunamente definida pela companhia.<\/li>\n<\/ul>\n\n\n\n<h2 class=\"wp-block-heading\">TIM (TIMS3) antecipa dividendos e anuncia nova data de pagamento; veja quando<\/h2>\n\n\n\n<ul class=\"wp-block-list\">\n<li>A&nbsp;<a href=\"https:\/\/www.suno.com.br\/acoes\/TIMS3\/\" target=\"_blank\" rel=\"noreferrer noopener\"><strong>TIM<\/strong>&nbsp;(TIMS3)<\/a>&nbsp;informou que vai antecipar o pagamento da primeira parcela de seus&nbsp;<a href=\"https:\/\/www.suno.com.br\/guias\/dividendos\/\" target=\"_blank\" rel=\"noreferrer noopener\">dividendos<\/a>&nbsp;complementares para o dia 22 de abril de 2024, no valor de R$ 437 milh\u00f5es.<\/li>\n<\/ul>\n\n\n\n<ul class=\"wp-block-list\">\n<li>Antes da mudan\u00e7a, os<strong>&nbsp;dividendos da TIM&nbsp;<\/strong>seriam pagos inicialmente no dia 23 de abril de 2024. Apesar da altera\u00e7\u00e3o da data de pagamento, as outras condi\u00e7\u00f5es informadas originalmente foram mantidas.<\/li>\n<\/ul>\n\n\n\n<ul class=\"wp-block-list\">\n<li>Os dividendos ser\u00e3o distribu\u00eddos somente aos investidores com posi\u00e7\u00e3o comprada nas a\u00e7\u00f5es da empresa at\u00e9 a data de corte, que foi em 9 de abril de 2024.<\/li>\n<\/ul>\n\n\n\n<ul class=\"wp-block-list\">\n<li>Em outras palavras, as<strong>&nbsp;a\u00e7\u00f5es da TIM&nbsp;<\/strong>que foram compradas depois desta data de corte ser\u00e3o consideradas como \u201cex-direitos\u201d, ou seja, sem direito a distribui\u00e7\u00e3o desses proventos.<\/li>\n<\/ul>\n\n\n\n<ul class=\"wp-block-list\">\n<li>Os&nbsp;<strong>proventos da TIM<\/strong>&nbsp;ter\u00e3o o valor de R$ 0,180559931 por a\u00e7\u00e3o, o que representa apenas a primeira parcela a ser distribu\u00edda.<\/li>\n<\/ul>\n\n\n\n<ul class=\"wp-block-list\">\n<li>At\u00e9 23 de julho de 2024, outro montante de R$ 437 milh\u00f5es tamb\u00e9m ser\u00e1 distribu\u00eddo, equivalente aos mesmos R$ 0,180559931 por a\u00e7\u00e3o. Por fim, at\u00e9 22 de outubro deste ano, vai ser pago um outro montante de R$ 436 milh\u00f5es, correspondente a R$ 0,180146751 por a\u00e7\u00e3o.<\/li>\n<\/ul>\n\n\n\n<h2 class=\"wp-block-heading\">Oi (OIBR3): Plano de recupera\u00e7\u00e3o judicial \u00e9 atualizado e a\u00e7\u00f5es sobem mais de 4% com assembleia suspensa<\/h2>\n\n\n\n<ul class=\"wp-block-list\">\n<li>A&nbsp;<strong>Oi&nbsp;<\/strong>(<a href=\"https:\/\/www.suno.com.br\/acoes\/oibr3\/\" target=\"_blank\" rel=\"noreferrer noopener\">OIBR3<\/a>), em recupera\u00e7\u00e3o judicial, apresentou nesta quinta-feira (18) \u00e0 Assembleia Geral de Credores, a vers\u00e3o atualizada do&nbsp;<a href=\"https:\/\/www.suno.com.br\/artigos\/plano-de-recuperacao\/\" target=\"_blank\" rel=\"noreferrer noopener\">Plano de Recupera\u00e7\u00e3o Judicial<\/a>&nbsp;das Recuperandas.<\/li>\n<\/ul>\n\n\n\n<ul class=\"wp-block-list\">\n<li>Em comunicado ao mercado e aos acionistas de&nbsp;<strong>OIBR3<\/strong>, a empresa de telecomunica\u00e7\u00e3o entregou o documento em conjunto com as suas subsidi\u00e1rias Portugal Telecom International Finance e Oi Brasil Holdings Co\u00f6peratief, parte do&nbsp;<strong>Grupo Oi&nbsp;<\/strong>e todas em RJ.<\/li>\n<\/ul>\n\n\n\n<ul class=\"wp-block-list\">\n<li>O documento do&nbsp;<strong>plano de recupera\u00e7\u00e3o judicial da Oi<\/strong>&nbsp;est\u00e1 dispon\u00edvel para consulta dos acionistas e credores, com respectivos anexos, nos websites da Companhia (em www.oi.com.br\/ri ou https:\/\/recjud.com.br).<\/li>\n<\/ul>\n\n\n\n<ul class=\"wp-block-list\">\n<li>\u201cO plano atualizado apresentado \u00e9 resultado da continuidade das extensas negocia\u00e7\u00f5es mantidas entre a Companhia e um grupo relevante de credores financeiros internacionais titulares de notas emitidas pelo Grupo no exterior (Noteholders) e ag\u00eancias de fomento internacionais (Export Credit Agencies \u2013 ECAs, em conjunto com os Noteholders, \u2018o Ad Hoc Group\u2019), torreiras, credor fornecedor de capacidade satelital e da V.tal \u2013 Rede Neutra de Telecomunica\u00e7\u00f5es S.A., al\u00e9m de melhorias e contribui\u00e7\u00f5es de credores em rela\u00e7\u00e3o \u00e0 vers\u00e3o anteriormente apresentada\u201d, detalhou a companhia no comunicado ao mercado.<\/li>\n<\/ul>\n\n\n\n<ul class=\"wp-block-list\">\n<li>De acordo com a tele, o plano de<strong>&nbsp;recupera\u00e7\u00e3o judicial<\/strong>&nbsp;<strong>da Oi<\/strong>&nbsp;atualizado estar\u00e1 sujeito \u00e0 aprecia\u00e7\u00e3o dos credores ou representantes presentes na Assembleia Geral de Credores (AGC) que aconteceu nesta quinta-feira (18 de abril), \u00e0s 14 horas, na 7\u00aa Vara Empresarial do Rio de Janeiro.<\/li>\n<\/ul>\n\n\n\n<ul class=\"wp-block-list\">\n<li>A companhia se compromete a manter seus acionistas e o mercado informados sobre o desenvolvimento dos assuntos objeto deste&nbsp;<a href=\"https:\/\/www.suno.com.br\/artigos\/fato-relevante\/\" target=\"_blank\" rel=\"noreferrer noopener\">Fato Relevante<\/a>.<\/li>\n<\/ul>\n\n\n\n<p>Do <strong>Bradesco<\/strong> \u00e0 Vibra Energia, essas foram as empresas que se destacaram hoje. Para ler todas as mat\u00e9rias&nbsp;<strong><a href=\"https:\/\/www.suno.com.br\/noticias\/todos\/?utm_content=XYOE2ItQuUY.20201113&amp;utm_campaign=Track%2B&amp;utm_medium=video&amp;utm_source=telegram.sunoresearch\" target=\"_blank\" rel=\"noreferrer noopener\">clique aqui<\/a><\/strong>.<a href=\"https:\/\/lp.suno.com.br\/planilha-da-vida-financeira\/\" target=\"_blank\" rel=\"noreferrer noopener\"><\/a><a href=\"https:\/\/lp.suno.com.br\/planilha-da-vida-financeira\/\" target=\"_blank\" rel=\"noreferrer noopener\"><\/a><a href=\"https:\/\/lp.suno.com.br\/planilha-da-vida-financeira\/\" target=\"_blank\" rel=\"noreferrer noopener\"><\/a><a href=\"https:\/\/lp.suno.com.br\/planilha-da-vida-financeira\/\" target=\"_blank\" rel=\"noreferrer noopener\"><\/a><a href=\"https:\/\/lp.suno.com.br\/planilha-da-vida-financeira\/\" target=\"_blank\" rel=\"noreferrer noopener\"><\/a><a href=\"https:\/\/lp.suno.com.br\/cl\/webinario-suno-black-2024\/\" target=\"_blank\" rel=\"noreferrer noopener\"><\/a><a href=\"https:\/\/lp.suno.com.br\/planilha-da-vida-financeira\/\" target=\"_blank\" rel=\"noreferrer noopener\"><\/a><\/p>\n\n\n\t<p>\n\t\t<a href=\"https:\/\/lp.suno.com.br\/planilha-da-vida-financeira\/\" target=\"_blank\" data-element=\"shortcode-suno-banner\" title=\"Banner SUNO, clique e saiba mais\">\n\t\t\t<picture>\n\t\t\t\t<source media=\"(max-width: 500px)\" srcset=\"https:\/\/files.sunoresearch.com.br\/n\/uploads\/2023\/04\/400x300-Planilha-vida-financeira-true.png\">\n\t\t\t\t<img class=\"newsContent__article__imgCapa newsContent__article__imgCapa--banner\"\n\t\t\t\t\tsrc=\"https:\/\/files.sunoresearch.com.br\/n\/uploads\/2023\/04\/1420x240-Planilha-vida-financeira-true.png\"\n\t\t\t\t\tdata-promo-id=\"383123\"\t\t\t\t\t\t\t\t\t\twidth='1420' height='240'\t\t\t\t\talt=\"https:\/\/files.sunoresearch.com.br\/n\/uploads\/2023\/04\/1420x240-Planilha-vida-financeira-true.png\"\n\t\t\t\t>\n\t\t\t<\/picture>\n\t\t<\/a>\n\t<\/p>\n\n\n","protected":false},"excerpt":{"rendered":"<p>Em relat\u00f3rio sobre o&nbsp;Bradesco&nbsp;(BBDC4), especialistas do Santander projetaram um&nbsp;lucro l\u00edquido&nbsp;de R$ 3,8 bilh\u00f5es para o banco no primeiro trimestre de 2024. Bradesco (BBDC4). Foto: divulga\u00e7\u00e3o Com isso, o&nbsp;lucro do Bradesco&nbsp;apresentaria uma retra\u00e7\u00e3o de 10% na base anual, apesar de uma melhora ante o trimestre anterior. A recomenda\u00e7\u00e3o do Santander \u00e9 neutra para as&nbsp;a\u00e7\u00f5es do Bradesco, [&hellip;]<\/p>\n","protected":false},"author":227,"featured_media":118916,"comment_status":"closed","ping_status":"closed","sticky":false,"template":"","format":"standard","meta":[],"categories":[64],"tags":[392,407,501,584,106765,663,676,596],"suno_strategy":[],"class_list":["post-545554","post","type-post","status-publish","format-standard","has-post-thumbnail","hentry","category-negocios","tag-bradesco-bbdc3-bbdc4","tag-ccr-ccro3","tag-hypera-pharma-hype3","tag-oi-oibr3-oibr4","tag-sabesp-sbsp3","tag-tim-tims3","tag-vale-vale3","tag-vibra-energia-vbbr3"],"yoast_head":"<!-- This site is optimized with the Yoast SEO plugin v24.4 - https:\/\/yoast.com\/wordpress\/plugins\/seo\/ -->\n<title>Radar: proje\u00e7\u00f5es para o balan\u00e7o do 1T24 do Bradesco (BBDC4), Vale (VALE3) tem pre\u00e7o-alvo reduzido e Vibra (VBBR3)\u00a0anuncia dividendos bilion\u00e1rios<\/title>\n<meta name=\"description\" content=\"Analistas projetam balan\u00e7o do Bradesco no 1T24, Vale tem pre\u00e7o-alvo reduzido e Vibra anuncia pagamento bilion\u00e1rio de dividendos\" \/>\n<meta name=\"robots\" content=\"index, follow, max-snippet:-1, max-image-preview:large, max-video-preview:-1\" \/>\n<link rel=\"canonical\" href=\"https:\/\/www.suno.com.br\/noticias\/radar-bradesco-bbdc4-vale-vale3-vibra-energia-vbbr3\/\" \/>\n<meta property=\"og:locale\" content=\"pt_BR\" \/>\n<meta property=\"og:type\" content=\"article\" \/>\n<meta property=\"og:title\" content=\"Radar: proje\u00e7\u00f5es para o balan\u00e7o do 1T24 do Bradesco (BBDC4), Vale (VALE3) tem pre\u00e7o-alvo reduzido e Vibra (VBBR3)\u00a0anuncia dividendos bilion\u00e1rios\" \/>\n<meta property=\"og:description\" content=\"Analistas projetam balan\u00e7o do Bradesco no 1T24, Vale tem pre\u00e7o-alvo reduzido e Vibra anuncia pagamento bilion\u00e1rio de dividendos\" \/>\n<meta property=\"og:url\" content=\"https:\/\/www.suno.com.br\/noticias\/radar-bradesco-bbdc4-vale-vale3-vibra-energia-vbbr3\/\" \/>\n<meta property=\"og:site_name\" content=\"Suno Not\u00edcias\" \/>\n<meta property=\"article:publisher\" content=\"https:\/\/facebook.com\/sunoresearch\" \/>\n<meta property=\"og:image\" content=\"https:\/\/files.sunoresearch.com.br\/n\/uploads\/2021\/02\/a52b280e-230615fachadas14.jpg\" \/>\n\t<meta property=\"og:image:width\" content=\"1200\" \/>\n\t<meta property=\"og:image:height\" content=\"797\" \/>\n\t<meta property=\"og:image:type\" content=\"image\/jpeg\" \/>\n<meta name=\"author\" content=\"Vanessa Loiola\" \/>\n<meta name=\"twitter:card\" content=\"summary_large_image\" \/>\n<meta name=\"twitter:creator\" content=\"@sunoresearch\" \/>\n<meta name=\"twitter:site\" content=\"@sunoresearch\" \/>\n<meta name=\"twitter:label1\" content=\"Escrito por\" \/>\n\t<meta name=\"twitter:data1\" content=\"Vanessa Loiola\" \/>\n\t<meta name=\"twitter:label2\" content=\"Est. tempo de leitura\" \/>\n\t<meta name=\"twitter:data2\" content=\"11 minutos\" \/>\n<script type=\"application\/ld+json\" class=\"yoast-schema-graph\">{\"@context\":\"https:\/\/schema.org\",\"@graph\":[{\"@type\":\"NewsArticle\",\"@id\":\"https:\/\/www.suno.com.br\/noticias\/radar-bradesco-bbdc4-vale-vale3-vibra-energia-vbbr3\/#article\",\"isPartOf\":{\"@id\":\"https:\/\/www.suno.com.br\/noticias\/radar-bradesco-bbdc4-vale-vale3-vibra-energia-vbbr3\/\"},\"author\":{\"name\":\"Vanessa Loiola\",\"@id\":\"https:\/\/www.suno.com.br\/noticias\/#\/schema\/person\/450c455ecff319bab1f1a0e643451479\"},\"headline\":\"Radar: proje\u00e7\u00f5es para o balan\u00e7o do Bradesco (BBDC4) no 1T24, Vale (VALE3) tem pre\u00e7o-alvo reduzido e Vibra (VBBR3)\u00a0anuncia dividendos bilion\u00e1rios\",\"datePublished\":\"2024-04-19T02:18:28+00:00\",\"dateModified\":\"2024-04-19T02:18:43+00:00\",\"mainEntityOfPage\":{\"@id\":\"https:\/\/www.suno.com.br\/noticias\/radar-bradesco-bbdc4-vale-vale3-vibra-energia-vbbr3\/\"},\"wordCount\":2141,\"publisher\":{\"@id\":\"https:\/\/www.suno.com.br\/noticias\/#organization\"},\"image\":{\"@id\":\"https:\/\/www.suno.com.br\/noticias\/radar-bradesco-bbdc4-vale-vale3-vibra-energia-vbbr3\/#primaryimage\"},\"thumbnailUrl\":\"https:\/\/files.sunoresearch.com.br\/n\/uploads\/2021\/02\/a52b280e-230615fachadas14-jpg.webp\",\"keywords\":[\"Bradesco (BBDC3\/BBDC4)\",\"CCR (CCRO3)\",\"Hypera Pharma (HYPE3)\",\"Oi (OIBR3\/OIBR4)\",\"Sabesp (SBSP3)\",\"TIM (TIMS3)\",\"Vale (VALE3)\",\"Vibra Energia (VBBR3)\"],\"articleSection\":[\"Neg\u00f3cios\"],\"inLanguage\":\"pt-BR\"},{\"@type\":\"WebPage\",\"@id\":\"https:\/\/www.suno.com.br\/noticias\/radar-bradesco-bbdc4-vale-vale3-vibra-energia-vbbr3\/\",\"url\":\"https:\/\/www.suno.com.br\/noticias\/radar-bradesco-bbdc4-vale-vale3-vibra-energia-vbbr3\/\",\"name\":\"Radar: proje\u00e7\u00f5es para o balan\u00e7o do 1T24 do Bradesco (BBDC4), Vale (VALE3) tem pre\u00e7o-alvo reduzido e Vibra (VBBR3)\u00a0anuncia dividendos bilion\u00e1rios\",\"isPartOf\":{\"@id\":\"https:\/\/www.suno.com.br\/noticias\/#website\"},\"primaryImageOfPage\":{\"@id\":\"https:\/\/www.suno.com.br\/noticias\/radar-bradesco-bbdc4-vale-vale3-vibra-energia-vbbr3\/#primaryimage\"},\"image\":{\"@id\":\"https:\/\/www.suno.com.br\/noticias\/radar-bradesco-bbdc4-vale-vale3-vibra-energia-vbbr3\/#primaryimage\"},\"thumbnailUrl\":\"https:\/\/files.sunoresearch.com.br\/n\/uploads\/2021\/02\/a52b280e-230615fachadas14-jpg.webp\",\"datePublished\":\"2024-04-19T02:18:28+00:00\",\"dateModified\":\"2024-04-19T02:18:43+00:00\",\"description\":\"Analistas projetam balan\u00e7o do Bradesco no 1T24, Vale tem pre\u00e7o-alvo reduzido e Vibra anuncia pagamento bilion\u00e1rio de dividendos\",\"breadcrumb\":{\"@id\":\"https:\/\/www.suno.com.br\/noticias\/radar-bradesco-bbdc4-vale-vale3-vibra-energia-vbbr3\/#breadcrumb\"},\"inLanguage\":\"pt-BR\",\"potentialAction\":[{\"@type\":\"ReadAction\",\"target\":[\"https:\/\/www.suno.com.br\/noticias\/radar-bradesco-bbdc4-vale-vale3-vibra-energia-vbbr3\/\"]}]},{\"@type\":\"ImageObject\",\"inLanguage\":\"pt-BR\",\"@id\":\"https:\/\/www.suno.com.br\/noticias\/radar-bradesco-bbdc4-vale-vale3-vibra-energia-vbbr3\/#primaryimage\",\"url\":\"https:\/\/files.sunoresearch.com.br\/n\/uploads\/2021\/02\/a52b280e-230615fachadas14-jpg.webp\",\"contentUrl\":\"https:\/\/files.sunoresearch.com.br\/n\/uploads\/2021\/02\/a52b280e-230615fachadas14-jpg.webp\",\"width\":1200,\"height\":797,\"caption\":\"Bradesco (BBDC4). Foto: divulga\u00e7\u00e3o\"},{\"@type\":\"BreadcrumbList\",\"@id\":\"https:\/\/www.suno.com.br\/noticias\/radar-bradesco-bbdc4-vale-vale3-vibra-energia-vbbr3\/#breadcrumb\",\"itemListElement\":[{\"@type\":\"ListItem\",\"position\":1,\"name\":\"Not\u00edcias\",\"item\":\"https:\/\/www.suno.com.br\/noticias\/\"},{\"@type\":\"ListItem\",\"position\":2,\"name\":\"Neg\u00f3cios\",\"item\":\"https:\/\/www.suno.com.br\/noticias\/negocios\/\"},{\"@type\":\"ListItem\",\"position\":3,\"name\":\"Radar: proje\u00e7\u00f5es para o balan\u00e7o do Bradesco (BBDC4) no 1T24, Vale (VALE3) tem pre\u00e7o-alvo reduzido e Vibra (VBBR3)\u00a0anuncia dividendos bilion\u00e1rios\"}]},{\"@type\":\"WebSite\",\"@id\":\"https:\/\/www.suno.com.br\/noticias\/#website\",\"url\":\"https:\/\/www.suno.com.br\/noticias\/\",\"name\":\"Suno Not\u00edcias\",\"description\":\"Seu portal de informa\u00e7\u00e3o sobre o mundo dos investimentos\",\"publisher\":{\"@id\":\"https:\/\/www.suno.com.br\/noticias\/#organization\"},\"potentialAction\":[{\"@type\":\"SearchAction\",\"target\":{\"@type\":\"EntryPoint\",\"urlTemplate\":\"https:\/\/www.suno.com.br\/noticias\/?s={search_term_string}\"},\"query-input\":{\"@type\":\"PropertyValueSpecification\",\"valueRequired\":true,\"valueName\":\"search_term_string\"}}],\"inLanguage\":\"pt-BR\"},{\"@type\":\"Organization\",\"@id\":\"https:\/\/www.suno.com.br\/noticias\/#organization\",\"name\":\"Suno Not\u00edcias\",\"url\":\"https:\/\/www.suno.com.br\/noticias\/\",\"logo\":{\"@type\":\"ImageObject\",\"inLanguage\":\"pt-BR\",\"@id\":\"https:\/\/www.suno.com.br\/noticias\/#\/schema\/logo\/image\/\",\"url\":\"https:\/\/files.sunoresearch.com.br\/n\/uploads\/2021\/09\/suno-logo.png\",\"contentUrl\":\"https:\/\/files.sunoresearch.com.br\/n\/uploads\/2021\/09\/suno-logo.png\",\"width\":180,\"height\":180,\"caption\":\"Suno Not\u00edcias\"},\"image\":{\"@id\":\"https:\/\/www.suno.com.br\/noticias\/#\/schema\/logo\/image\/\"},\"sameAs\":[\"https:\/\/facebook.com\/sunoresearch\",\"https:\/\/x.com\/sunoresearch\",\"https:\/\/www.instagram.com\/suno\",\"https:\/\/www.linkedin.com\/company\/suno-research\/\",\"https:\/\/www.youtube.com\/c\/sunoresearch\"]},{\"@type\":\"Person\",\"@id\":\"https:\/\/www.suno.com.br\/noticias\/#\/schema\/person\/450c455ecff319bab1f1a0e643451479\",\"name\":\"Vanessa Loiola\",\"image\":{\"@type\":\"ImageObject\",\"inLanguage\":\"pt-BR\",\"@id\":\"https:\/\/www.suno.com.br\/noticias\/#\/schema\/person\/image\/\",\"url\":\"https:\/\/secure.gravatar.com\/avatar\/8b41117f9780831919eb38da349c3f20?s=96&r=g\",\"contentUrl\":\"https:\/\/secure.gravatar.com\/avatar\/8b41117f9780831919eb38da349c3f20?s=96&r=g\",\"caption\":\"Vanessa Loiola\"},\"description\":\"Jornalista formada pela PUC-SP, com experi\u00eancia na cobertura das editorias de economia, finan\u00e7as, bolsa de valores, pol\u00edtica, energia solar e entretenimento. Com passagem pela BM&amp;C News e RedeTV!\",\"url\":\"https:\/\/www.suno.com.br\/noticias\/author\/vanessal-loiolagmail-com\/\"}]}<\/script>\n<!-- \/ Yoast SEO plugin. -->","yoast_head_json":{"title":"Radar: proje\u00e7\u00f5es para o balan\u00e7o do 1T24 do Bradesco (BBDC4), Vale (VALE3) tem pre\u00e7o-alvo reduzido e Vibra (VBBR3)\u00a0anuncia dividendos bilion\u00e1rios","description":"Analistas projetam balan\u00e7o do Bradesco no 1T24, Vale tem pre\u00e7o-alvo reduzido e Vibra anuncia pagamento bilion\u00e1rio de dividendos","robots":{"index":"index","follow":"follow","max-snippet":"max-snippet:-1","max-image-preview":"max-image-preview:large","max-video-preview":"max-video-preview:-1"},"canonical":"https:\/\/www.suno.com.br\/noticias\/radar-bradesco-bbdc4-vale-vale3-vibra-energia-vbbr3\/","og_locale":"pt_BR","og_type":"article","og_title":"Radar: proje\u00e7\u00f5es para o balan\u00e7o do 1T24 do Bradesco (BBDC4), Vale (VALE3) tem pre\u00e7o-alvo reduzido e Vibra (VBBR3)\u00a0anuncia dividendos bilion\u00e1rios","og_description":"Analistas projetam balan\u00e7o do Bradesco no 1T24, Vale tem pre\u00e7o-alvo reduzido e Vibra anuncia pagamento bilion\u00e1rio de dividendos","og_url":"https:\/\/www.suno.com.br\/noticias\/radar-bradesco-bbdc4-vale-vale3-vibra-energia-vbbr3\/","og_site_name":"Suno Not\u00edcias","article_publisher":"https:\/\/facebook.com\/sunoresearch","og_image":[{"width":1200,"height":797,"url":"https:\/\/files.sunoresearch.com.br\/n\/uploads\/2021\/02\/a52b280e-230615fachadas14.jpg","type":"image\/jpeg"}],"author":"Vanessa Loiola","twitter_card":"summary_large_image","twitter_creator":"@sunoresearch","twitter_site":"@sunoresearch","twitter_misc":{"Escrito por":"Vanessa Loiola","Est. tempo de leitura":"11 minutos"},"schema":{"@context":"https:\/\/schema.org","@graph":[{"@type":"NewsArticle","@id":"https:\/\/www.suno.com.br\/noticias\/radar-bradesco-bbdc4-vale-vale3-vibra-energia-vbbr3\/#article","isPartOf":{"@id":"https:\/\/www.suno.com.br\/noticias\/radar-bradesco-bbdc4-vale-vale3-vibra-energia-vbbr3\/"},"author":{"name":"Vanessa Loiola","@id":"https:\/\/www.suno.com.br\/noticias\/#\/schema\/person\/450c455ecff319bab1f1a0e643451479"},"headline":"Radar: proje\u00e7\u00f5es para o balan\u00e7o do Bradesco (BBDC4) no 1T24, Vale (VALE3) tem pre\u00e7o-alvo reduzido e Vibra (VBBR3)\u00a0anuncia dividendos bilion\u00e1rios","datePublished":"2024-04-19T02:18:28+00:00","dateModified":"2024-04-19T02:18:43+00:00","mainEntityOfPage":{"@id":"https:\/\/www.suno.com.br\/noticias\/radar-bradesco-bbdc4-vale-vale3-vibra-energia-vbbr3\/"},"wordCount":2141,"publisher":{"@id":"https:\/\/www.suno.com.br\/noticias\/#organization"},"image":{"@id":"https:\/\/www.suno.com.br\/noticias\/radar-bradesco-bbdc4-vale-vale3-vibra-energia-vbbr3\/#primaryimage"},"thumbnailUrl":"https:\/\/files.sunoresearch.com.br\/n\/uploads\/2021\/02\/a52b280e-230615fachadas14-jpg.webp","keywords":["Bradesco (BBDC3\/BBDC4)","CCR (CCRO3)","Hypera Pharma (HYPE3)","Oi (OIBR3\/OIBR4)","Sabesp (SBSP3)","TIM (TIMS3)","Vale (VALE3)","Vibra Energia (VBBR3)"],"articleSection":["Neg\u00f3cios"],"inLanguage":"pt-BR"},{"@type":"WebPage","@id":"https:\/\/www.suno.com.br\/noticias\/radar-bradesco-bbdc4-vale-vale3-vibra-energia-vbbr3\/","url":"https:\/\/www.suno.com.br\/noticias\/radar-bradesco-bbdc4-vale-vale3-vibra-energia-vbbr3\/","name":"Radar: proje\u00e7\u00f5es para o balan\u00e7o do 1T24 do Bradesco (BBDC4), Vale (VALE3) tem pre\u00e7o-alvo reduzido e Vibra (VBBR3)\u00a0anuncia dividendos bilion\u00e1rios","isPartOf":{"@id":"https:\/\/www.suno.com.br\/noticias\/#website"},"primaryImageOfPage":{"@id":"https:\/\/www.suno.com.br\/noticias\/radar-bradesco-bbdc4-vale-vale3-vibra-energia-vbbr3\/#primaryimage"},"image":{"@id":"https:\/\/www.suno.com.br\/noticias\/radar-bradesco-bbdc4-vale-vale3-vibra-energia-vbbr3\/#primaryimage"},"thumbnailUrl":"https:\/\/files.sunoresearch.com.br\/n\/uploads\/2021\/02\/a52b280e-230615fachadas14-jpg.webp","datePublished":"2024-04-19T02:18:28+00:00","dateModified":"2024-04-19T02:18:43+00:00","description":"Analistas projetam balan\u00e7o do Bradesco no 1T24, Vale tem pre\u00e7o-alvo reduzido e Vibra anuncia pagamento bilion\u00e1rio de dividendos","breadcrumb":{"@id":"https:\/\/www.suno.com.br\/noticias\/radar-bradesco-bbdc4-vale-vale3-vibra-energia-vbbr3\/#breadcrumb"},"inLanguage":"pt-BR","potentialAction":[{"@type":"ReadAction","target":["https:\/\/www.suno.com.br\/noticias\/radar-bradesco-bbdc4-vale-vale3-vibra-energia-vbbr3\/"]}]},{"@type":"ImageObject","inLanguage":"pt-BR","@id":"https:\/\/www.suno.com.br\/noticias\/radar-bradesco-bbdc4-vale-vale3-vibra-energia-vbbr3\/#primaryimage","url":"https:\/\/files.sunoresearch.com.br\/n\/uploads\/2021\/02\/a52b280e-230615fachadas14-jpg.webp","contentUrl":"https:\/\/files.sunoresearch.com.br\/n\/uploads\/2021\/02\/a52b280e-230615fachadas14-jpg.webp","width":1200,"height":797,"caption":"Bradesco (BBDC4). Foto: divulga\u00e7\u00e3o"},{"@type":"BreadcrumbList","@id":"https:\/\/www.suno.com.br\/noticias\/radar-bradesco-bbdc4-vale-vale3-vibra-energia-vbbr3\/#breadcrumb","itemListElement":[{"@type":"ListItem","position":1,"name":"Not\u00edcias","item":"https:\/\/www.suno.com.br\/noticias\/"},{"@type":"ListItem","position":2,"name":"Neg\u00f3cios","item":"https:\/\/www.suno.com.br\/noticias\/negocios\/"},{"@type":"ListItem","position":3,"name":"Radar: proje\u00e7\u00f5es para o balan\u00e7o do Bradesco (BBDC4) no 1T24, Vale (VALE3) tem pre\u00e7o-alvo reduzido e Vibra (VBBR3)\u00a0anuncia dividendos bilion\u00e1rios"}]},{"@type":"WebSite","@id":"https:\/\/www.suno.com.br\/noticias\/#website","url":"https:\/\/www.suno.com.br\/noticias\/","name":"Suno Not\u00edcias","description":"Seu portal de informa\u00e7\u00e3o sobre o mundo dos investimentos","publisher":{"@id":"https:\/\/www.suno.com.br\/noticias\/#organization"},"potentialAction":[{"@type":"SearchAction","target":{"@type":"EntryPoint","urlTemplate":"https:\/\/www.suno.com.br\/noticias\/?s={search_term_string}"},"query-input":{"@type":"PropertyValueSpecification","valueRequired":true,"valueName":"search_term_string"}}],"inLanguage":"pt-BR"},{"@type":"Organization","@id":"https:\/\/www.suno.com.br\/noticias\/#organization","name":"Suno Not\u00edcias","url":"https:\/\/www.suno.com.br\/noticias\/","logo":{"@type":"ImageObject","inLanguage":"pt-BR","@id":"https:\/\/www.suno.com.br\/noticias\/#\/schema\/logo\/image\/","url":"https:\/\/files.sunoresearch.com.br\/n\/uploads\/2021\/09\/suno-logo.png","contentUrl":"https:\/\/files.sunoresearch.com.br\/n\/uploads\/2021\/09\/suno-logo.png","width":180,"height":180,"caption":"Suno Not\u00edcias"},"image":{"@id":"https:\/\/www.suno.com.br\/noticias\/#\/schema\/logo\/image\/"},"sameAs":["https:\/\/facebook.com\/sunoresearch","https:\/\/x.com\/sunoresearch","https:\/\/www.instagram.com\/suno","https:\/\/www.linkedin.com\/company\/suno-research\/","https:\/\/www.youtube.com\/c\/sunoresearch"]},{"@type":"Person","@id":"https:\/\/www.suno.com.br\/noticias\/#\/schema\/person\/450c455ecff319bab1f1a0e643451479","name":"Vanessa Loiola","image":{"@type":"ImageObject","inLanguage":"pt-BR","@id":"https:\/\/www.suno.com.br\/noticias\/#\/schema\/person\/image\/","url":"https:\/\/secure.gravatar.com\/avatar\/8b41117f9780831919eb38da349c3f20?s=96&r=g","contentUrl":"https:\/\/secure.gravatar.com\/avatar\/8b41117f9780831919eb38da349c3f20?s=96&r=g","caption":"Vanessa Loiola"},"description":"Jornalista formada pela PUC-SP, com experi\u00eancia na cobertura das editorias de economia, finan\u00e7as, bolsa de valores, pol\u00edtica, energia solar e entretenimento. Com passagem pela BM&amp;C News e RedeTV!","url":"https:\/\/www.suno.com.br\/noticias\/author\/vanessal-loiolagmail-com\/"}]}},"default_loop_html":"<div class=\"cardsPage__listCard__boxs\"><div class=\"cardsPage__listCard__boxs__img\"><a href=\"https:\/\/www.suno.com.br\/noticias\/radar-bradesco-bbdc4-vale-vale3-vibra-energia-vbbr3\/\"><img class=\"mask\" src=\"https:\/\/www.suno.com.br\/noticias\/wp-content\/themes\/suno\/resources\/images\/spotlight\/spotlight1img\/bg-mask.png\" alt=\"Image Mask\"\/><img src=\"https:\/\/files.sunoresearch.com.br\/n\/uploads\/2021\/02\/a52b280e-230615fachadas14-400x200.webp\" alt=\"Radar: proje\u00e7\u00f5es para o balan\u00e7o do Bradesco (BBDC4) no 1T24, Vale (VALE3) tem pre\u00e7o-alvo reduzido e Vibra (VBBR3)\u00a0anuncia dividendos bilion\u00e1rios\"\/><\/a><span class=\"spotlightCategory\"><a href=\"https:\/\/www.suno.com.br\/noticias\/negocios\/\">Neg\u00f3cios<\/a><\/span><\/div><div class=\"cardsPage__listCard__boxs__content\"><a href=\"https:\/\/www.suno.com.br\/noticias\/radar-bradesco-bbdc4-vale-vale3-vibra-energia-vbbr3\/\"><h2 class=\"content__title\">Radar: proje\u00e7\u00f5es para o balan\u00e7o do Bradesco (BBDC4) no 1T24, Vale (VALE3) tem pre\u00e7o-alvo reduzido e Vibra (VBBR3)\u00a0anuncia dividendos bilion\u00e1rios<\/h2><\/a><div class=\"newsContent__article__meta\"><div class=\"newsContent__article__meta__authorBox\"><a href=\"https:\/\/www.suno.com.br\/noticias\/author\/vanessal-loiolagmail-com\/\" class=\"authorBox__avatar noMobi\"><img src=\"https:\/\/secure.gravatar.com\/avatar\/8b41117f9780831919eb38da349c3f20?s=96&#038;r=g\" alt=\"Vanessa Loiola\"><\/a><div class=\"authorBox__name\"><span>por\n\t\t\t<a href=\"https:\/\/www.suno.com.br\/noticias\/author\/vanessal-loiolagmail-com\/\"><span itemprop=\"author\">Vanessa Loiola<\/span><\/a><\/span><time datetime=\"2024-04-18T23:18:28-03:00\" itemprop=\"datePublished\">18\/04\/2024 23:18<\/time><\/div><\/div><\/div><\/div><\/div>","single_layout":"posts","amp_enabled":true,"_links":{"self":[{"href":"https:\/\/www.suno.com.br\/noticias\/wp-json\/wp\/v2\/posts\/545554"}],"collection":[{"href":"https:\/\/www.suno.com.br\/noticias\/wp-json\/wp\/v2\/posts"}],"about":[{"href":"https:\/\/www.suno.com.br\/noticias\/wp-json\/wp\/v2\/types\/post"}],"author":[{"embeddable":true,"href":"https:\/\/www.suno.com.br\/noticias\/wp-json\/wp\/v2\/users\/227"}],"replies":[{"embeddable":true,"href":"https:\/\/www.suno.com.br\/noticias\/wp-json\/wp\/v2\/comments?post=545554"}],"version-history":[{"count":2,"href":"https:\/\/www.suno.com.br\/noticias\/wp-json\/wp\/v2\/posts\/545554\/revisions"}],"predecessor-version":[{"id":545580,"href":"https:\/\/www.suno.com.br\/noticias\/wp-json\/wp\/v2\/posts\/545554\/revisions\/545580"}],"wp:featuredmedia":[{"embeddable":true,"href":"https:\/\/www.suno.com.br\/noticias\/wp-json\/wp\/v2\/media\/118916"}],"wp:attachment":[{"href":"https:\/\/www.suno.com.br\/noticias\/wp-json\/wp\/v2\/media?parent=545554"}],"wp:term":[{"taxonomy":"category","embeddable":true,"href":"https:\/\/www.suno.com.br\/noticias\/wp-json\/wp\/v2\/categories?post=545554"},{"taxonomy":"post_tag","embeddable":true,"href":"https:\/\/www.suno.com.br\/noticias\/wp-json\/wp\/v2\/tags?post=545554"},{"taxonomy":"suno_strategy","embeddable":true,"href":"https:\/\/www.suno.com.br\/noticias\/wp-json\/wp\/v2\/suno_strategy?post=545554"}],"curies":[{"name":"wp","href":"https:\/\/api.w.org\/{rel}","templated":true}]}}