{"id":545547,"date":"2024-04-18T22:01:08","date_gmt":"2024-04-19T01:01:08","guid":{"rendered":"https:\/\/www.suno.com.br\/noticias\/?p=545547"},"modified":"2024-04-19T02:27:12","modified_gmt":"2024-04-19T05:27:12","slug":"btg-corta-preco-alvo-acoes-b3-b3sa3-jo","status":"publish","type":"post","link":"https:\/\/www.suno.com.br\/noticias\/btg-corta-preco-alvo-acoes-b3-b3sa3-jo\/","title":{"rendered":"Analistas cortam pre\u00e7o-alvo das a\u00e7\u00f5es da B3 (B3SA3) ap\u00f3s queda no volume de negocia\u00e7\u00f5es e piora no cen\u00e1rio macro"},"content":{"rendered":"<p>Passada a euforia do fim de 2023 na bolsa, previs\u00f5es cada vez mais conservadoras para a performance do <a class=\"suno-keyword\" data-force=\"no\" data-priority=\"2\" href=\"https:\/\/www.suno.com.br\/artigos\/mercado-de-acoes\/\" target=\"_blank\" rel=\"noopener\">mercado de a\u00e7\u00f5es<\/a> nos pr\u00f3ximos meses \u2013 e um relat\u00f3rio operacional mais fraco do que o esperado para os tr\u00eas primeiros meses do ano \u2013 fizeram o BTG reduzir o pre\u00e7o-alvo para as a\u00e7\u00f5es da <strong>B3<\/strong> (<strong>B3SA3<\/strong>).&nbsp;<\/p>\t<div class=\"wrapper-featured-image\">\n\t\t<figure class=\"spotlightImg\">\n\n\t\t\t<picture>\n\t\t\t\t<source media=\"(max-width: 768px)\" srcset=\"https:\/\/files.sunoresearch.com.br\/n\/uploads\/2023\/07\/B3-Divulgacao-400x200.jpg\">\n\t\t\t\t<img loading=\"lazy\" decoding=\"async\" class=\"newsContent__article__imgCapa lazyloadDisabled \" src=\"https:\/\/files.sunoresearch.com.br\/n\/uploads\/2023\/07\/B3-Divulgacao-800x450.jpg\" width=\"800\" height=\"450\" alt=\"Analistas cortam pre\u00e7o-alvo das a\u00e7\u00f5es da B3 (B3SA3) ap\u00f3s queda no volume de negocia\u00e7\u00f5es e piora no cen\u00e1rio macro\" fetchpriority=high \/>\n\t\t\t<\/picture>\n\n\t\t\t<figcaption class=\"wp-caption-text wp-caption-text--show\">B3 (B3SA3). Foto: B3\/Divulga\u00e7\u00e3o<\/figcaption>\n\t\t<\/figure>\n\t<\/div>\n\n\n\n\n\n\t<p>\n\t\t<a href=\"https:\/\/lp.suno.com.br\/planilha-da-vida-financeira\/\" target=\"_blank\" data-element=\"shortcode-suno-banner\" title=\"Banner SUNO, clique e saiba mais\">\n\t\t\t<picture>\n\t\t\t\t<source media=\"(max-width: 500px)\" srcset=\"https:\/\/files.sunoresearch.com.br\/n\/uploads\/2023\/04\/400x300-Planilha-vida-financeira-true.png\">\n\t\t\t\t<img class=\"newsContent__article__imgCapa newsContent__article__imgCapa--banner\"\n\t\t\t\t\tsrc=\"https:\/\/files.sunoresearch.com.br\/n\/uploads\/2023\/04\/1420x240-Planilha-vida-financeira-true.png\"\n\t\t\t\t\tdata-promo-id=\"106682\"\t\t\t\t\t\t\t\t\t\twidth='1420' height='240'\t\t\t\t\talt=\"https:\/\/files.sunoresearch.com.br\/n\/uploads\/2023\/04\/1420x240-Planilha-vida-financeira-true.png\"\n\t\t\t\t>\n\t\t\t<\/picture>\n\t\t<\/a>\n\t<\/p>\n\n\n\n\n\n\n\n<p>\u00c9 que, para o banco de investimentos, a temperatura do mercado mudou. Os <strong>dados operacionais da B3<\/strong> decepcionaram, mas os pr\u00f3ximos meses podem confirmar a tend\u00eancia, j\u00e1 que h\u00e1 uma&nbsp;deteriora\u00e7\u00e3o das expectativas para as contas p\u00fablicas brasileiras. Dados recentes da infla\u00e7\u00e3o americana tamb\u00e9m entraram na conta. Se o Fed e o Copom decidirem encerrar antecipadamente o corte de suas taxas b\u00e1sicas de juros, a atratividade da <a class=\"suno-keyword\" data-force=\"no\" data-priority=\"2\" href=\"https:\/\/www.suno.com.br\/artigos\/renda-variavel-7-dicas\/\" target=\"_blank\" rel=\"noopener\">renda vari\u00e1vel<\/a> tende a diminuir.<\/p>\n\n\n\n<p>Com os volumes de negocia\u00e7\u00e3o mais baixos, o BTG estima uma queda de 5% na proje\u00e7\u00e3o de <a class=\"suno-keyword\" target=\"_blank\" data-force=\"no\" data-priority=\"1\" href=\"https:\/\/www.suno.com.br\/artigos\/lpa-lucro-por-acao\/\" rel=\"noopener\">lucro por a\u00e7\u00e3o<\/a>. Os analistas do banco de investimentos cortaram de R$ 16 para R$ 13,50 o <strong>pre\u00e7o-alvo para as a\u00e7\u00f5es da B3<\/strong> nos pr\u00f3ximos 12 meses. Apesar disso, o BTG ainda mant\u00e9m uma recomenda\u00e7\u00e3o neutra para B3SA3. No ano, a <strong>operadora da bolsa brasileira<\/strong> registra queda de 21%.<\/p>\n\n\n\t<p>\n\t\t<a href=\"https:\/\/lp.suno.com.br\/ebook-como-analisar-uma-acao\/\" target=\"_blank\" data-element=\"shortcode-suno-banner\" title=\"Banner SUNO, clique e saiba mais\">\n\t\t\t<picture>\n\t\t\t\t<source media=\"(max-width: 500px)\" srcset=\"https:\/\/files.sunoresearch.com.br\/n\/uploads\/2023\/03\/Ebook-Acoes-Mobile.jpg\">\n\t\t\t\t<img class=\"newsContent__article__imgCapa newsContent__article__imgCapa--banner\"\n\t\t\t\t\tsrc=\"https:\/\/files.sunoresearch.com.br\/n\/uploads\/2023\/03\/Ebook-Acoes-Desktop.jpg\"\n\t\t\t\t\tdata-promo-id=\"378302\"\t\t\t\t\t\t\t\t\t\twidth='1420' height='286'\t\t\t\t\talt=\"https:\/\/files.sunoresearch.com.br\/n\/uploads\/2023\/03\/Ebook-Acoes-Desktop.jpg\"\n\t\t\t\t>\n\t\t\t<\/picture>\n\t\t<\/a>\n\t<\/p>\n\n\n\n\n\n<h2 class=\"wp-block-heading\">B3: decep\u00e7\u00e3o com volume negociado<\/h2>\n\n\n\n<p>Uma das principais raz\u00f5es para o corte no pre\u00e7o-alvo dos<strong> pap\u00e9is da B3 <\/strong>foram os dados operacionais de mar\u00e7o \u2013 com queda em v\u00e1rios indicadores chave, como a m\u00e9dia de valor negociado no segmento de a\u00e7\u00f5es no m\u00eas (-6%) frente a fevereiro. No comparativo anual, a queda foi de 7%.&nbsp;<\/p>\n\n\n\n<p>Al\u00e9m disso, outros bra\u00e7os de neg\u00f3cios da B3, como o <strong>mercado futuro e cust\u00f3dia<\/strong>, tamb\u00e9m tiveram n\u00fameros aqu\u00e9m do esperado.&nbsp;<\/p>\n\n\n\n<p>O BTG tamb\u00e9m pontuou coloca\u00e7\u00f5es recentes do <strong>CEO da B3, <\/strong>Gilson Finkelsztain. Com rela\u00e7\u00e3o a uma eventual concorr\u00eancia de grupos globais que pretendem operar no Brasil, o executivo acredita que n\u00e3o h\u00e1 nada a temer, com a bolsa pronta para diversificar as suas fontes de renda e portf\u00f3lio de produtos. Finkelsztain \u00e9 otimista e v\u00ea um potencial de crescimento no seu bra\u00e7o de dados e um resultado melhor no segundo semestre do ano, com a eventual retomada de estreias na bolsa.&nbsp;<\/p>\n\n\n\n<p>A <strong>B3<\/strong> n\u00e3o v\u00ea a campainha de um IPO soar desde setembro de 2021, quando a Vittia (VITT3) abriu o seu capital.<\/p>\n\n\n\t<p>\n\t\t<a href=\"https:\/\/lp.suno.com.br\/planilha-da-vida-financeira\/\" target=\"_blank\" data-element=\"shortcode-suno-banner\" title=\"Banner SUNO, clique e saiba mais\">\n\t\t\t<picture>\n\t\t\t\t<source media=\"(max-width: 500px)\" srcset=\"https:\/\/files.sunoresearch.com.br\/n\/uploads\/2023\/04\/400x300-Planilha-vida-financeira-true.png\">\n\t\t\t\t<img class=\"newsContent__article__imgCapa newsContent__article__imgCapa--banner\"\n\t\t\t\t\tsrc=\"https:\/\/files.sunoresearch.com.br\/n\/uploads\/2023\/04\/1420x240-Planilha-vida-financeira-true.png\"\n\t\t\t\t\tdata-promo-id=\"383123\"\t\t\t\t\t\t\t\t\t\twidth='1420' height='240'\t\t\t\t\talt=\"https:\/\/files.sunoresearch.com.br\/n\/uploads\/2023\/04\/1420x240-Planilha-vida-financeira-true.png\"\n\t\t\t\t>\n\t\t\t<\/picture>\n\t\t<\/a>\n\t<\/p>\n\n\n","protected":false},"excerpt":{"rendered":"<p>Passada a euforia do fim de 2023 na bolsa, previs\u00f5es cada vez mais conservadoras para a performance do mercado de a\u00e7\u00f5es nos pr\u00f3ximos meses \u2013 e um relat\u00f3rio operacional mais fraco do que o esperado para os tr\u00eas primeiros meses do ano \u2013 fizeram o BTG reduzir o pre\u00e7o-alvo para as a\u00e7\u00f5es da B3 (B3SA3).&nbsp; [&hellip;]<\/p>\n","protected":false},"author":357,"featured_media":424475,"comment_status":"closed","ping_status":"closed","sticky":false,"template":"","format":"standard","meta":[],"categories":[60],"tags":[286,367],"suno_strategy":[],"class_list":["post-545547","post","type-post","status-publish","format-standard","has-post-thumbnail","hentry","category-mercado","tag-acoes","tag-b3-b3sa3"],"yoast_head":"<!-- This site is optimized with the Yoast SEO plugin v24.4 - https:\/\/yoast.com\/wordpress\/plugins\/seo\/ -->\n<title>BTG corta pre\u00e7o-alvo para a\u00e7\u00f5es da B3 (B3SA3); entenda<\/title>\n<meta name=\"description\" content=\"Ap\u00f3s relat\u00f3rio operacional fraco para os tr\u00eas primeiros meses do ano, o BTG reduziu pre\u00e7o-alvo para as a\u00e7\u00f5es da B3 (B3SA3)\" \/>\n<meta name=\"robots\" content=\"index, follow, max-snippet:-1, max-image-preview:large, max-video-preview:-1\" \/>\n<link rel=\"canonical\" href=\"https:\/\/www.suno.com.br\/noticias\/btg-corta-preco-alvo-acoes-b3-b3sa3-jo\/\" \/>\n<meta property=\"og:locale\" content=\"pt_BR\" \/>\n<meta property=\"og:type\" content=\"article\" \/>\n<meta property=\"og:title\" content=\"BTG corta pre\u00e7o-alvo para a\u00e7\u00f5es da B3 (B3SA3); entenda\" \/>\n<meta property=\"og:description\" content=\"Ap\u00f3s relat\u00f3rio operacional fraco para os tr\u00eas primeiros meses do ano, o BTG reduziu pre\u00e7o-alvo para as a\u00e7\u00f5es da B3 (B3SA3)\" \/>\n<meta property=\"og:url\" content=\"https:\/\/www.suno.com.br\/noticias\/btg-corta-preco-alvo-acoes-b3-b3sa3-jo\/\" \/>\n<meta property=\"og:site_name\" content=\"Suno Not\u00edcias\" \/>\n<meta property=\"article:publisher\" content=\"https:\/\/facebook.com\/sunoresearch\" \/>\n<meta property=\"og:image\" content=\"https:\/\/files.sunoresearch.com.br\/n\/uploads\/2023\/07\/B3-Divulgacao.jpg\" \/>\n\t<meta property=\"og:image:width\" content=\"1450\" \/>\n\t<meta property=\"og:image:height\" content=\"816\" \/>\n\t<meta property=\"og:image:type\" content=\"image\/jpeg\" \/>\n<meta name=\"author\" content=\"Jasmine Olga\" \/>\n<meta name=\"twitter:card\" content=\"summary_large_image\" \/>\n<meta name=\"twitter:creator\" content=\"@sunoresearch\" \/>\n<meta name=\"twitter:site\" content=\"@sunoresearch\" \/>\n<meta name=\"twitter:label1\" content=\"Escrito por\" \/>\n\t<meta name=\"twitter:data1\" content=\"Jasmine Olga\" \/>\n\t<meta name=\"twitter:label2\" content=\"Est. tempo de leitura\" \/>\n\t<meta name=\"twitter:data2\" content=\"3 minutos\" \/>\n<script type=\"application\/ld+json\" class=\"yoast-schema-graph\">{\"@context\":\"https:\/\/schema.org\",\"@graph\":[{\"@type\":\"NewsArticle\",\"@id\":\"https:\/\/www.suno.com.br\/noticias\/btg-corta-preco-alvo-acoes-b3-b3sa3-jo\/#article\",\"isPartOf\":{\"@id\":\"https:\/\/www.suno.com.br\/noticias\/btg-corta-preco-alvo-acoes-b3-b3sa3-jo\/\"},\"author\":{\"name\":\"Jasmine Olga\",\"@id\":\"https:\/\/www.suno.com.br\/noticias\/#\/schema\/person\/6c0c0d7020a0fa6d9c70e3072e910a76\"},\"headline\":\"Analistas cortam pre\u00e7o-alvo das a\u00e7\u00f5es da B3 (B3SA3) ap\u00f3s queda no volume de negocia\u00e7\u00f5es e piora no cen\u00e1rio macro\",\"datePublished\":\"2024-04-19T01:01:08+00:00\",\"dateModified\":\"2024-04-19T05:27:12+00:00\",\"mainEntityOfPage\":{\"@id\":\"https:\/\/www.suno.com.br\/noticias\/btg-corta-preco-alvo-acoes-b3-b3sa3-jo\/\"},\"wordCount\":446,\"publisher\":{\"@id\":\"https:\/\/www.suno.com.br\/noticias\/#organization\"},\"image\":{\"@id\":\"https:\/\/www.suno.com.br\/noticias\/btg-corta-preco-alvo-acoes-b3-b3sa3-jo\/#primaryimage\"},\"thumbnailUrl\":\"https:\/\/files.sunoresearch.com.br\/n\/uploads\/2023\/07\/B3-Divulgacao.jpg\",\"keywords\":[\"A\u00e7\u00f5es\",\"B3 (B3SA3)\"],\"articleSection\":[\"Mercado\"],\"inLanguage\":\"pt-BR\"},{\"@type\":\"WebPage\",\"@id\":\"https:\/\/www.suno.com.br\/noticias\/btg-corta-preco-alvo-acoes-b3-b3sa3-jo\/\",\"url\":\"https:\/\/www.suno.com.br\/noticias\/btg-corta-preco-alvo-acoes-b3-b3sa3-jo\/\",\"name\":\"BTG corta pre\u00e7o-alvo para a\u00e7\u00f5es da B3 (B3SA3); entenda\",\"isPartOf\":{\"@id\":\"https:\/\/www.suno.com.br\/noticias\/#website\"},\"primaryImageOfPage\":{\"@id\":\"https:\/\/www.suno.com.br\/noticias\/btg-corta-preco-alvo-acoes-b3-b3sa3-jo\/#primaryimage\"},\"image\":{\"@id\":\"https:\/\/www.suno.com.br\/noticias\/btg-corta-preco-alvo-acoes-b3-b3sa3-jo\/#primaryimage\"},\"thumbnailUrl\":\"https:\/\/files.sunoresearch.com.br\/n\/uploads\/2023\/07\/B3-Divulgacao.jpg\",\"datePublished\":\"2024-04-19T01:01:08+00:00\",\"dateModified\":\"2024-04-19T05:27:12+00:00\",\"description\":\"Ap\u00f3s relat\u00f3rio operacional fraco para os tr\u00eas primeiros meses do ano, o BTG reduziu pre\u00e7o-alvo para as a\u00e7\u00f5es da B3 (B3SA3)\",\"breadcrumb\":{\"@id\":\"https:\/\/www.suno.com.br\/noticias\/btg-corta-preco-alvo-acoes-b3-b3sa3-jo\/#breadcrumb\"},\"inLanguage\":\"pt-BR\",\"potentialAction\":[{\"@type\":\"ReadAction\",\"target\":[\"https:\/\/www.suno.com.br\/noticias\/btg-corta-preco-alvo-acoes-b3-b3sa3-jo\/\"]}]},{\"@type\":\"ImageObject\",\"inLanguage\":\"pt-BR\",\"@id\":\"https:\/\/www.suno.com.br\/noticias\/btg-corta-preco-alvo-acoes-b3-b3sa3-jo\/#primaryimage\",\"url\":\"https:\/\/files.sunoresearch.com.br\/n\/uploads\/2023\/07\/B3-Divulgacao.jpg\",\"contentUrl\":\"https:\/\/files.sunoresearch.com.br\/n\/uploads\/2023\/07\/B3-Divulgacao.jpg\",\"width\":1450,\"height\":816,\"caption\":\"B3 (B3SA3). Foto: B3\/Divulga\u00e7\u00e3o\"},{\"@type\":\"BreadcrumbList\",\"@id\":\"https:\/\/www.suno.com.br\/noticias\/btg-corta-preco-alvo-acoes-b3-b3sa3-jo\/#breadcrumb\",\"itemListElement\":[{\"@type\":\"ListItem\",\"position\":1,\"name\":\"Not\u00edcias\",\"item\":\"https:\/\/www.suno.com.br\/noticias\/\"},{\"@type\":\"ListItem\",\"position\":2,\"name\":\"Mercado\",\"item\":\"https:\/\/www.suno.com.br\/noticias\/mercado\/\"},{\"@type\":\"ListItem\",\"position\":3,\"name\":\"Analistas cortam pre\u00e7o-alvo das a\u00e7\u00f5es da B3 (B3SA3) ap\u00f3s queda no volume de negocia\u00e7\u00f5es e piora no cen\u00e1rio macro\"}]},{\"@type\":\"WebSite\",\"@id\":\"https:\/\/www.suno.com.br\/noticias\/#website\",\"url\":\"https:\/\/www.suno.com.br\/noticias\/\",\"name\":\"Suno Not\u00edcias\",\"description\":\"Seu portal de informa\u00e7\u00e3o sobre o mundo dos investimentos\",\"publisher\":{\"@id\":\"https:\/\/www.suno.com.br\/noticias\/#organization\"},\"potentialAction\":[{\"@type\":\"SearchAction\",\"target\":{\"@type\":\"EntryPoint\",\"urlTemplate\":\"https:\/\/www.suno.com.br\/noticias\/?s={search_term_string}\"},\"query-input\":{\"@type\":\"PropertyValueSpecification\",\"valueRequired\":true,\"valueName\":\"search_term_string\"}}],\"inLanguage\":\"pt-BR\"},{\"@type\":\"Organization\",\"@id\":\"https:\/\/www.suno.com.br\/noticias\/#organization\",\"name\":\"Suno Not\u00edcias\",\"url\":\"https:\/\/www.suno.com.br\/noticias\/\",\"logo\":{\"@type\":\"ImageObject\",\"inLanguage\":\"pt-BR\",\"@id\":\"https:\/\/www.suno.com.br\/noticias\/#\/schema\/logo\/image\/\",\"url\":\"https:\/\/files.sunoresearch.com.br\/n\/uploads\/2021\/09\/suno-logo.png\",\"contentUrl\":\"https:\/\/files.sunoresearch.com.br\/n\/uploads\/2021\/09\/suno-logo.png\",\"width\":180,\"height\":180,\"caption\":\"Suno Not\u00edcias\"},\"image\":{\"@id\":\"https:\/\/www.suno.com.br\/noticias\/#\/schema\/logo\/image\/\"},\"sameAs\":[\"https:\/\/facebook.com\/sunoresearch\",\"https:\/\/x.com\/sunoresearch\",\"https:\/\/www.instagram.com\/suno\",\"https:\/\/www.linkedin.com\/company\/suno-research\/\",\"https:\/\/www.youtube.com\/c\/sunoresearch\"]},{\"@type\":\"Person\",\"@id\":\"https:\/\/www.suno.com.br\/noticias\/#\/schema\/person\/6c0c0d7020a0fa6d9c70e3072e910a76\",\"name\":\"Jasmine Olga\",\"image\":{\"@type\":\"ImageObject\",\"inLanguage\":\"pt-BR\",\"@id\":\"https:\/\/www.suno.com.br\/noticias\/#\/schema\/person\/image\/\",\"url\":\"https:\/\/secure.gravatar.com\/avatar\/89c522bf55fa43668e6ca1a73de4c227?s=96&r=g\",\"contentUrl\":\"https:\/\/secure.gravatar.com\/avatar\/89c522bf55fa43668e6ca1a73de4c227?s=96&r=g\",\"caption\":\"Jasmine Olga\"},\"description\":\"Formada em jornalismo pela Universidade de S\u00e3o Paulo (ECA-USP), j\u00e1 passou pelo Centro de Cidadania Fiscal (CCiF), Seu Dinheiro e a revista Voc\u00ea S\/A.\",\"url\":\"https:\/\/www.suno.com.br\/noticias\/author\/ms-jasmineolgagmail-com\/\"}]}<\/script>\n<!-- \/ Yoast SEO plugin. -->","yoast_head_json":{"title":"BTG corta pre\u00e7o-alvo para a\u00e7\u00f5es da B3 (B3SA3); entenda","description":"Ap\u00f3s relat\u00f3rio operacional fraco para os tr\u00eas primeiros meses do ano, o BTG reduziu pre\u00e7o-alvo para as a\u00e7\u00f5es da B3 (B3SA3)","robots":{"index":"index","follow":"follow","max-snippet":"max-snippet:-1","max-image-preview":"max-image-preview:large","max-video-preview":"max-video-preview:-1"},"canonical":"https:\/\/www.suno.com.br\/noticias\/btg-corta-preco-alvo-acoes-b3-b3sa3-jo\/","og_locale":"pt_BR","og_type":"article","og_title":"BTG corta pre\u00e7o-alvo para a\u00e7\u00f5es da B3 (B3SA3); entenda","og_description":"Ap\u00f3s relat\u00f3rio operacional fraco para os tr\u00eas primeiros meses do ano, o BTG reduziu pre\u00e7o-alvo para as a\u00e7\u00f5es da B3 (B3SA3)","og_url":"https:\/\/www.suno.com.br\/noticias\/btg-corta-preco-alvo-acoes-b3-b3sa3-jo\/","og_site_name":"Suno Not\u00edcias","article_publisher":"https:\/\/facebook.com\/sunoresearch","og_image":[{"width":1450,"height":816,"url":"https:\/\/files.sunoresearch.com.br\/n\/uploads\/2023\/07\/B3-Divulgacao.jpg","type":"image\/jpeg"}],"author":"Jasmine Olga","twitter_card":"summary_large_image","twitter_creator":"@sunoresearch","twitter_site":"@sunoresearch","twitter_misc":{"Escrito por":"Jasmine Olga","Est. tempo de leitura":"3 minutos"},"schema":{"@context":"https:\/\/schema.org","@graph":[{"@type":"NewsArticle","@id":"https:\/\/www.suno.com.br\/noticias\/btg-corta-preco-alvo-acoes-b3-b3sa3-jo\/#article","isPartOf":{"@id":"https:\/\/www.suno.com.br\/noticias\/btg-corta-preco-alvo-acoes-b3-b3sa3-jo\/"},"author":{"name":"Jasmine Olga","@id":"https:\/\/www.suno.com.br\/noticias\/#\/schema\/person\/6c0c0d7020a0fa6d9c70e3072e910a76"},"headline":"Analistas cortam pre\u00e7o-alvo das a\u00e7\u00f5es da B3 (B3SA3) ap\u00f3s queda no volume de negocia\u00e7\u00f5es e piora no cen\u00e1rio macro","datePublished":"2024-04-19T01:01:08+00:00","dateModified":"2024-04-19T05:27:12+00:00","mainEntityOfPage":{"@id":"https:\/\/www.suno.com.br\/noticias\/btg-corta-preco-alvo-acoes-b3-b3sa3-jo\/"},"wordCount":446,"publisher":{"@id":"https:\/\/www.suno.com.br\/noticias\/#organization"},"image":{"@id":"https:\/\/www.suno.com.br\/noticias\/btg-corta-preco-alvo-acoes-b3-b3sa3-jo\/#primaryimage"},"thumbnailUrl":"https:\/\/files.sunoresearch.com.br\/n\/uploads\/2023\/07\/B3-Divulgacao.jpg","keywords":["A\u00e7\u00f5es","B3 (B3SA3)"],"articleSection":["Mercado"],"inLanguage":"pt-BR"},{"@type":"WebPage","@id":"https:\/\/www.suno.com.br\/noticias\/btg-corta-preco-alvo-acoes-b3-b3sa3-jo\/","url":"https:\/\/www.suno.com.br\/noticias\/btg-corta-preco-alvo-acoes-b3-b3sa3-jo\/","name":"BTG corta pre\u00e7o-alvo para a\u00e7\u00f5es da B3 (B3SA3); entenda","isPartOf":{"@id":"https:\/\/www.suno.com.br\/noticias\/#website"},"primaryImageOfPage":{"@id":"https:\/\/www.suno.com.br\/noticias\/btg-corta-preco-alvo-acoes-b3-b3sa3-jo\/#primaryimage"},"image":{"@id":"https:\/\/www.suno.com.br\/noticias\/btg-corta-preco-alvo-acoes-b3-b3sa3-jo\/#primaryimage"},"thumbnailUrl":"https:\/\/files.sunoresearch.com.br\/n\/uploads\/2023\/07\/B3-Divulgacao.jpg","datePublished":"2024-04-19T01:01:08+00:00","dateModified":"2024-04-19T05:27:12+00:00","description":"Ap\u00f3s relat\u00f3rio operacional fraco para os tr\u00eas primeiros meses do ano, o BTG reduziu pre\u00e7o-alvo para as a\u00e7\u00f5es da B3 (B3SA3)","breadcrumb":{"@id":"https:\/\/www.suno.com.br\/noticias\/btg-corta-preco-alvo-acoes-b3-b3sa3-jo\/#breadcrumb"},"inLanguage":"pt-BR","potentialAction":[{"@type":"ReadAction","target":["https:\/\/www.suno.com.br\/noticias\/btg-corta-preco-alvo-acoes-b3-b3sa3-jo\/"]}]},{"@type":"ImageObject","inLanguage":"pt-BR","@id":"https:\/\/www.suno.com.br\/noticias\/btg-corta-preco-alvo-acoes-b3-b3sa3-jo\/#primaryimage","url":"https:\/\/files.sunoresearch.com.br\/n\/uploads\/2023\/07\/B3-Divulgacao.jpg","contentUrl":"https:\/\/files.sunoresearch.com.br\/n\/uploads\/2023\/07\/B3-Divulgacao.jpg","width":1450,"height":816,"caption":"B3 (B3SA3). Foto: B3\/Divulga\u00e7\u00e3o"},{"@type":"BreadcrumbList","@id":"https:\/\/www.suno.com.br\/noticias\/btg-corta-preco-alvo-acoes-b3-b3sa3-jo\/#breadcrumb","itemListElement":[{"@type":"ListItem","position":1,"name":"Not\u00edcias","item":"https:\/\/www.suno.com.br\/noticias\/"},{"@type":"ListItem","position":2,"name":"Mercado","item":"https:\/\/www.suno.com.br\/noticias\/mercado\/"},{"@type":"ListItem","position":3,"name":"Analistas cortam pre\u00e7o-alvo das a\u00e7\u00f5es da B3 (B3SA3) ap\u00f3s queda no volume de negocia\u00e7\u00f5es e piora no cen\u00e1rio macro"}]},{"@type":"WebSite","@id":"https:\/\/www.suno.com.br\/noticias\/#website","url":"https:\/\/www.suno.com.br\/noticias\/","name":"Suno Not\u00edcias","description":"Seu portal de informa\u00e7\u00e3o sobre o mundo dos investimentos","publisher":{"@id":"https:\/\/www.suno.com.br\/noticias\/#organization"},"potentialAction":[{"@type":"SearchAction","target":{"@type":"EntryPoint","urlTemplate":"https:\/\/www.suno.com.br\/noticias\/?s={search_term_string}"},"query-input":{"@type":"PropertyValueSpecification","valueRequired":true,"valueName":"search_term_string"}}],"inLanguage":"pt-BR"},{"@type":"Organization","@id":"https:\/\/www.suno.com.br\/noticias\/#organization","name":"Suno Not\u00edcias","url":"https:\/\/www.suno.com.br\/noticias\/","logo":{"@type":"ImageObject","inLanguage":"pt-BR","@id":"https:\/\/www.suno.com.br\/noticias\/#\/schema\/logo\/image\/","url":"https:\/\/files.sunoresearch.com.br\/n\/uploads\/2021\/09\/suno-logo.png","contentUrl":"https:\/\/files.sunoresearch.com.br\/n\/uploads\/2021\/09\/suno-logo.png","width":180,"height":180,"caption":"Suno Not\u00edcias"},"image":{"@id":"https:\/\/www.suno.com.br\/noticias\/#\/schema\/logo\/image\/"},"sameAs":["https:\/\/facebook.com\/sunoresearch","https:\/\/x.com\/sunoresearch","https:\/\/www.instagram.com\/suno","https:\/\/www.linkedin.com\/company\/suno-research\/","https:\/\/www.youtube.com\/c\/sunoresearch"]},{"@type":"Person","@id":"https:\/\/www.suno.com.br\/noticias\/#\/schema\/person\/6c0c0d7020a0fa6d9c70e3072e910a76","name":"Jasmine Olga","image":{"@type":"ImageObject","inLanguage":"pt-BR","@id":"https:\/\/www.suno.com.br\/noticias\/#\/schema\/person\/image\/","url":"https:\/\/secure.gravatar.com\/avatar\/89c522bf55fa43668e6ca1a73de4c227?s=96&r=g","contentUrl":"https:\/\/secure.gravatar.com\/avatar\/89c522bf55fa43668e6ca1a73de4c227?s=96&r=g","caption":"Jasmine Olga"},"description":"Formada em jornalismo pela Universidade de S\u00e3o Paulo (ECA-USP), j\u00e1 passou pelo Centro de Cidadania Fiscal (CCiF), Seu Dinheiro e a revista Voc\u00ea S\/A.","url":"https:\/\/www.suno.com.br\/noticias\/author\/ms-jasmineolgagmail-com\/"}]}},"default_loop_html":"<div class=\"cardsPage__listCard__boxs\"><div class=\"cardsPage__listCard__boxs__img\"><a href=\"https:\/\/www.suno.com.br\/noticias\/btg-corta-preco-alvo-acoes-b3-b3sa3-jo\/\"><img class=\"mask\" src=\"https:\/\/www.suno.com.br\/noticias\/wp-content\/themes\/suno\/resources\/images\/spotlight\/spotlight1img\/bg-mask.png\" alt=\"Image Mask\"\/><img src=\"https:\/\/files.sunoresearch.com.br\/n\/uploads\/2023\/07\/B3-Divulgacao-400x200.jpg\" alt=\"Analistas cortam pre\u00e7o-alvo das a\u00e7\u00f5es da B3 (B3SA3) ap\u00f3s queda no volume de negocia\u00e7\u00f5es e piora no cen\u00e1rio macro\"\/><\/a><span class=\"spotlightCategory\"><a href=\"https:\/\/www.suno.com.br\/noticias\/mercado\/\">Mercado<\/a><\/span><\/div><div class=\"cardsPage__listCard__boxs__content\"><a href=\"https:\/\/www.suno.com.br\/noticias\/btg-corta-preco-alvo-acoes-b3-b3sa3-jo\/\"><h2 class=\"content__title\">Analistas cortam pre\u00e7o-alvo das a\u00e7\u00f5es da B3 (B3SA3) ap\u00f3s queda no volume de negocia\u00e7\u00f5es e piora no cen\u00e1rio macro<\/h2><\/a><div class=\"newsContent__article__meta\"><div class=\"newsContent__article__meta__authorBox\"><a href=\"https:\/\/www.suno.com.br\/noticias\/author\/ms-jasmineolgagmail-com\/\" class=\"authorBox__avatar noMobi\"><img src=\"https:\/\/files.sunoresearch.com.br\/n\/uploads\/2024\/04\/WhatsApp-Image-2024-04-19-at-17.33.55-150x150.jpeg\" alt=\"Jasmine Olga\"><\/a><div class=\"authorBox__name\"><span>por\n\t\t\t<a href=\"https:\/\/www.suno.com.br\/noticias\/author\/ms-jasmineolgagmail-com\/\"><span itemprop=\"author\">Jasmine Olga<\/span><\/a><\/span><time datetime=\"2024-04-18T22:01:08-03:00\" itemprop=\"datePublished\">18\/04\/2024 22:01<\/time><\/div><\/div><\/div><\/div><\/div>","single_layout":"posts","amp_enabled":true,"_links":{"self":[{"href":"https:\/\/www.suno.com.br\/noticias\/wp-json\/wp\/v2\/posts\/545547"}],"collection":[{"href":"https:\/\/www.suno.com.br\/noticias\/wp-json\/wp\/v2\/posts"}],"about":[{"href":"https:\/\/www.suno.com.br\/noticias\/wp-json\/wp\/v2\/types\/post"}],"author":[{"embeddable":true,"href":"https:\/\/www.suno.com.br\/noticias\/wp-json\/wp\/v2\/users\/357"}],"replies":[{"embeddable":true,"href":"https:\/\/www.suno.com.br\/noticias\/wp-json\/wp\/v2\/comments?post=545547"}],"version-history":[{"count":3,"href":"https:\/\/www.suno.com.br\/noticias\/wp-json\/wp\/v2\/posts\/545547\/revisions"}],"predecessor-version":[{"id":545628,"href":"https:\/\/www.suno.com.br\/noticias\/wp-json\/wp\/v2\/posts\/545547\/revisions\/545628"}],"wp:featuredmedia":[{"embeddable":true,"href":"https:\/\/www.suno.com.br\/noticias\/wp-json\/wp\/v2\/media\/424475"}],"wp:attachment":[{"href":"https:\/\/www.suno.com.br\/noticias\/wp-json\/wp\/v2\/media?parent=545547"}],"wp:term":[{"taxonomy":"category","embeddable":true,"href":"https:\/\/www.suno.com.br\/noticias\/wp-json\/wp\/v2\/categories?post=545547"},{"taxonomy":"post_tag","embeddable":true,"href":"https:\/\/www.suno.com.br\/noticias\/wp-json\/wp\/v2\/tags?post=545547"},{"taxonomy":"suno_strategy","embeddable":true,"href":"https:\/\/www.suno.com.br\/noticias\/wp-json\/wp\/v2\/suno_strategy?post=545547"}],"curies":[{"name":"wp","href":"https:\/\/api.w.org\/{rel}","templated":true}]}}