{"id":545466,"date":"2024-04-18T18:09:29","date_gmt":"2024-04-18T21:09:29","guid":{"rendered":"https:\/\/www.suno.com.br\/noticias\/?p=545466"},"modified":"2024-04-18T18:09:33","modified_gmt":"2024-04-18T21:09:33","slug":"dolar-leve-alta-exterior-fed","status":"publish","type":"post","link":"https:\/\/www.suno.com.br\/noticias\/dolar-leve-alta-exterior-fed\/","title":{"rendered":"D\u00f3lar tem leve alta com exterior ap\u00f3s declara\u00e7\u00f5es de dirigentes do Fed"},"content":{"rendered":"<p>Ap\u00f3s queda de 0,47% ontem, o <strong>d\u00f3lar<\/strong> \u00e0 vista apresentou leve alta na sess\u00e3o desta quinta-feira, 18, dia marcado por fortalecimento da moeda americana no exterior. Falas duras de dirigentes do Federal Reserve (Fed, o Banco Central americano) empurraram as taxas dos Treasuries ainda mais para cima, o que castigou divisas emergentes. Os ru\u00eddos pol\u00edticos locais e a percep\u00e7\u00e3o de desidrata\u00e7\u00e3o prematura do novo arcabou\u00e7o fiscal seguem como pano de fundo para a busca de prote\u00e7\u00e3o cambial.<\/p>\t<div class=\"wrapper-featured-image\">\n\t\t<figure class=\"spotlightImg\">\n\n\t\t\t<picture>\n\t\t\t\t<source media=\"(max-width: 768px)\" srcset=\"https:\/\/files.sunoresearch.com.br\/n\/uploads\/2023\/12\/dolar-cotacao-cambio-moeda-400x200.jpg\">\n\t\t\t\t<img loading=\"lazy\" decoding=\"async\" class=\"newsContent__article__imgCapa lazyloadDisabled \" src=\"https:\/\/files.sunoresearch.com.br\/n\/uploads\/2023\/12\/dolar-cotacao-cambio-moeda-800x450.jpg\" width=\"800\" height=\"450\" alt=\"D\u00f3lar tem leve alta com exterior ap\u00f3s declara\u00e7\u00f5es de dirigentes do Fed\" fetchpriority=high \/>\n\t\t\t<\/picture>\n\n\t\t\t<figcaption class=\"wp-caption-text wp-caption-text--show\">D\u00f3lar - Foto: iStock<\/figcaption>\n\t\t<\/figure>\n\t<\/div>\n\n\n\n\n\n\t<p>\n\t\t<a href=\"\" target=\"_blank\" data-element=\"shortcode-suno-banner\" title=\"Banner SUNO, clique e saiba mais\">\n\t\t\t<picture>\n\t\t\t\t<source media=\"(max-width: 500px)\" srcset=\"\">\n\t\t\t\t<img class=\"newsContent__article__imgCapa newsContent__article__imgCapa--banner\"\n\t\t\t\t\tsrc=\"\"\n\t\t\t\t\tdata-promo-id=\"240038\"\t\t\t\t\t\t\t\t\t\t\t\t\t\t\talt=\"\"\n\t\t\t\t>\n\t\t\t<\/picture>\n\t\t<\/a>\n\t<\/p>\n\n\n\n\n\n\n\n<p>Tirando uma queda pontual e limitada nos primeiros neg\u00f3cios, quando registrou m\u00ednima a R$ 5,2293, a moeda trabalhou em alta no restante da sess\u00e3o. Com m\u00e1xima a R$ 5,2784 no in\u00edcio da tarde, a <strong>cota\u00e7\u00e3o do d\u00f3lar<\/strong> reduziu bastante os ganhos na \u00faltima hora de preg\u00e3o e encerrou cotado a R$ 5,2502, avan\u00e7o de 0,12%. A divisa passa a apresentar avan\u00e7o de 2,52% nesta semana, o que leva a valoriza\u00e7\u00e3o acumulada em abril para 4,68%.<\/p>\n\n\n\n<p>Term\u00f4metro do comportamento da moeda americana em rela\u00e7\u00e3o a uma cesta de seis divisas fortes, o <a class=\"suno-keyword\" target=\"_blank\" data-force=\"no\" data-priority=\"1\" href=\"https:\/\/www.suno.com.br\/artigos\/dxy\/\" rel=\"noopener\">\u00edndice DXY<\/a> teve leve alta, voltando a superar os 106,100 pontos. Entre divisas e emergentes, as piores perdas foram dos pesos mexicano e colombiano, dois dos principais pares do real. Na contram\u00e3o, o peso chileno teve ganhos de mais de 1%, escorado na alta do cobre, que atingiu hoje o maior n\u00edvel em dois anos.<\/p>\n\n\n\n<p>&#8220;Houve uma corre\u00e7\u00e3o ontem no c\u00e2mbio at\u00e9 por causa do movimento exacerbado de alta nos dias anteriores. E hoje o <strong>d\u00f3lar \u00e0 vista<\/strong> j\u00e1 voltou a subir. Ainda n\u00e3o foi encontrado um ponto de equil\u00edbrio&#8221;, afirma o economista-chefe da Frente Corretora, Fabrizio Velloni, ressaltando que o mercado ainda est\u00e1 absorvendo a perspectiva de juros altos por mais tempo nos Estados Unidos. &#8220;As divisas emergentes acabam sofrendo um pouco mais porque tem um n\u00edvel de risco maior. Com o cen\u00e1rio muito indefinido, \u00e9 natural que haja busca de hedge&#8221;.<\/p>\n\n\n\t<p>\n\t\t<a href=\"https:\/\/lp.suno.com.br\/ebook-gratuito-investindo-no-exterior\/\" target=\"_blank\" data-element=\"shortcode-suno-banner\" title=\"Banner SUNO, clique e saiba mais\">\n\t\t\t<picture>\n\t\t\t\t<source media=\"(max-width: 500px)\" srcset=\"https:\/\/files.sunoresearch.com.br\/n\/uploads\/2023\/03\/400x300-Investindo-no-exterior.png\">\n\t\t\t\t<img class=\"newsContent__article__imgCapa newsContent__article__imgCapa--banner\"\n\t\t\t\t\tsrc=\"https:\/\/files.sunoresearch.com.br\/n\/uploads\/2023\/03\/1420x240-Investindo-no-exterior.png\"\n\t\t\t\t\tdata-promo-id=\"383161\"\t\t\t\t\t\t\t\t\t\twidth='1420' height='240'\t\t\t\t\talt=\"https:\/\/files.sunoresearch.com.br\/n\/uploads\/2023\/03\/1420x240-Investindo-no-exterior.png\"\n\t\t\t\t>\n\t\t\t<\/picture>\n\t\t<\/a>\n\t<\/p>\n\n\n\n\n\n<h2 class=\"wp-block-heading\">D\u00f3lar e as falas do Fed<\/h2>\n\n\n\n<p>Com a aus\u00eancia de indicadores de peso, as aten\u00e7\u00f5es se voltaram para falas de dirigentes do Federal Reserve. Pela manh\u00e3, o presidente do Fed de Nova York, John Willians, afirmou n\u00e3o sentir urg\u00eancia de cortar os juros. Com direito a voto nas decis\u00f5es de <a class=\"suno-keyword\" target=\"_blank\" data-force=\"no\" data-priority=\"1\" href=\"https:\/\/www.suno.com.br\/artigos\/politica-monetaria\/\" rel=\"noopener\">pol\u00edtica monet\u00e1ria<\/a> do BC americano, Willians disse que a taxas v\u00e3o cair, mas que o momento exato depende do comportamento da economia, que ainda est\u00e1 aquecida. No in\u00edcio da tarde, o presidente do Fed de Atlanta, Raphael Bostic, refor\u00e7ou a perspectiva de posterga\u00e7\u00e3o dos cortes de juros mais para o fim do ano.<\/p>\n\n\n\n<p>Em entrevista coletiva ao lado do presidente do Banco Central, Roberto Campos Neto, o ministro da Fazenda, Fernando Haddad, afirmou \u00e9 &#8220;preciso cautela nos pr\u00f3ximos dias e semanas, porque haver\u00e1 um reposicionamento global&#8221; com as mudan\u00e7as das expectativas para os juros nos EUA. <\/p>\n\n\n\n<p>J\u00e1 Campos Neto disse que o BC decidiu abandonar o &#8220;foward guidance&#8221; da pol\u00edtica monet\u00e1ria, que previa novo corte da <a class=\"suno-keyword\" target=\"_blank\" data-force=\"no\" data-priority=\"3\" href=\"https:\/\/www.suno.com.br\/artigos\/taxa-selic\/\" rel=\"noopener\">taxa Selic<\/a> em 0,50 ponto porcentual em maio, porque &#8220;a visibilidade \u00e9 menor&#8221;. Ambos participaram de encontro do G20 Brasil, que ocorreu em paralelo \u00e0s reuni\u00f5es de Primavera do Fundo Monet\u00e1rio Internacional (FMI), em Washington.<\/p>\n\n\n\n<p>Segundo o presidente do BC, o <strong>fortalecimento global do d\u00f3lar<\/strong> pode impor necessidade de rea\u00e7\u00e3o de alguns banqueiros centrais. O Brasil estaria em uma situa\u00e7\u00e3o melhor, em raz\u00e3o dos fundamentos externos positivo, com super\u00e1vits comerciais robustos. &#8220;N\u00e3o interferimos no mercado de c\u00e2mbio para combater uma mudan\u00e7a estrutural, que tem fundamento, como o caso da percep\u00e7\u00e3o de que os juros dos EUA ter\u00e3o de ficar mais altos por mais tempo&#8221;, disse o Campos Neto.<\/p>\n\n\n\n<p>&#8220;N\u00e3o houve novidade no que Haddad e Campos Neto falaram. O mercado continua avesso ao risco. A alta dos juros do Treasuries fortalece o <strong>d\u00f3lar <\/strong>e ainda temos o clima de incerteza com a quest\u00e3o fiscal dom\u00e9stica&#8221;, afirma a economista Cristiane Quartaroli, do Ouribank.<\/p>\n\n\n\n<p><em>Com Estad\u00e3o Conte\u00fado<\/em><\/p>\n\n\n\t<p>\n\t\t<a href=\"https:\/\/lp.suno.com.br\/planilha-da-vida-financeira\/\" target=\"_blank\" data-element=\"shortcode-suno-banner\" title=\"Banner SUNO, clique e saiba mais\">\n\t\t\t<picture>\n\t\t\t\t<source media=\"(max-width: 500px)\" srcset=\"https:\/\/files.sunoresearch.com.br\/n\/uploads\/2023\/04\/400x300-Planilha-vida-financeira-true.png\">\n\t\t\t\t<img class=\"newsContent__article__imgCapa newsContent__article__imgCapa--banner\"\n\t\t\t\t\tsrc=\"https:\/\/files.sunoresearch.com.br\/n\/uploads\/2023\/04\/1420x240-Planilha-vida-financeira-true.png\"\n\t\t\t\t\tdata-promo-id=\"383123\"\t\t\t\t\t\t\t\t\t\twidth='1420' height='240'\t\t\t\t\talt=\"https:\/\/files.sunoresearch.com.br\/n\/uploads\/2023\/04\/1420x240-Planilha-vida-financeira-true.png\"\n\t\t\t\t>\n\t\t\t<\/picture>\n\t\t<\/a>\n\t<\/p>\n\n\n","protected":false},"excerpt":{"rendered":"<p>Ap\u00f3s queda de 0,47% ontem, o d\u00f3lar \u00e0 vista apresentou leve alta na sess\u00e3o desta quinta-feira, 18, dia marcado por fortalecimento da moeda americana no exterior. Falas duras de dirigentes do Federal Reserve (Fed, o Banco Central americano) empurraram as taxas dos Treasuries ainda mais para cima, o que castigou divisas emergentes. Os ru\u00eddos pol\u00edticos [&hellip;]<\/p>\n","protected":false},"author":43,"featured_media":496262,"comment_status":"closed","ping_status":"closed","sticky":false,"template":"","format":"standard","meta":[],"categories":[60],"tags":[326,1852],"suno_strategy":[],"class_list":["post-545466","post","type-post","status-publish","format-standard","has-post-thumbnail","hentry","category-mercado","tag-dolar","tag-dolar-futuro"],"yoast_head":"<!-- This site is optimized with the Yoast SEO plugin v24.4 - https:\/\/yoast.com\/wordpress\/plugins\/seo\/ -->\n<title>D\u00f3lar tem leve alta com exterior ap\u00f3s declara\u00e7\u00f5es de dirigentes do Fed<\/title>\n<meta name=\"description\" content=\"O d\u00f3lar \u00e0 vista apresentou leve alta na sess\u00e3o desta quinta-feira, 18, dia marcado por fortalecimento da moeda americana no exterior.\" \/>\n<meta name=\"robots\" content=\"index, follow, max-snippet:-1, max-image-preview:large, max-video-preview:-1\" \/>\n<link rel=\"canonical\" href=\"https:\/\/www.suno.com.br\/noticias\/dolar-leve-alta-exterior-fed\/\" \/>\n<meta property=\"og:locale\" content=\"pt_BR\" \/>\n<meta property=\"og:type\" content=\"article\" \/>\n<meta property=\"og:title\" content=\"D\u00f3lar tem leve alta com exterior ap\u00f3s declara\u00e7\u00f5es de dirigentes do Fed\" \/>\n<meta property=\"og:description\" content=\"O d\u00f3lar \u00e0 vista apresentou leve alta na sess\u00e3o desta quinta-feira, 18, dia marcado por fortalecimento da moeda americana no exterior.\" \/>\n<meta property=\"og:url\" content=\"https:\/\/www.suno.com.br\/noticias\/dolar-leve-alta-exterior-fed\/\" \/>\n<meta property=\"og:site_name\" content=\"Suno Not\u00edcias\" \/>\n<meta property=\"article:publisher\" content=\"https:\/\/facebook.com\/sunoresearch\" \/>\n<meta property=\"article:author\" content=\"https:\/\/www.facebook.com\/sunonoticias\/\" \/>\n<meta property=\"og:image\" content=\"https:\/\/files.sunoresearch.com.br\/n\/uploads\/2023\/12\/dolar-cotacao-cambio-moeda.jpg\" \/>\n\t<meta property=\"og:image:width\" content=\"1422\" \/>\n\t<meta property=\"og:image:height\" content=\"800\" \/>\n\t<meta property=\"og:image:type\" content=\"image\/jpeg\" \/>\n<meta name=\"author\" content=\"Reda\u00e7\u00e3o Suno Not\u00edcias\" \/>\n<meta name=\"twitter:card\" content=\"summary_large_image\" \/>\n<meta name=\"twitter:creator\" content=\"@https:\/\/twitter.com\/sunoresearch\" \/>\n<meta name=\"twitter:site\" content=\"@sunoresearch\" \/>\n<meta name=\"twitter:label1\" content=\"Escrito por\" \/>\n\t<meta name=\"twitter:data1\" content=\"Reda\u00e7\u00e3o Suno Not\u00edcias\" \/>\n\t<meta name=\"twitter:label2\" content=\"Est. tempo de leitura\" \/>\n\t<meta name=\"twitter:data2\" content=\"4 minutos\" \/>\n<script type=\"application\/ld+json\" class=\"yoast-schema-graph\">{\"@context\":\"https:\/\/schema.org\",\"@graph\":[{\"@type\":\"NewsArticle\",\"@id\":\"https:\/\/www.suno.com.br\/noticias\/dolar-leve-alta-exterior-fed\/#article\",\"isPartOf\":{\"@id\":\"https:\/\/www.suno.com.br\/noticias\/dolar-leve-alta-exterior-fed\/\"},\"author\":{\"name\":\"Reda\u00e7\u00e3o Suno Not\u00edcias\",\"@id\":\"https:\/\/www.suno.com.br\/noticias\/#\/schema\/person\/c1b1bd3727fa852bd045e9dbff3673ea\"},\"headline\":\"D\u00f3lar tem leve alta com exterior ap\u00f3s declara\u00e7\u00f5es de dirigentes do Fed\",\"datePublished\":\"2024-04-18T21:09:29+00:00\",\"dateModified\":\"2024-04-18T21:09:33+00:00\",\"mainEntityOfPage\":{\"@id\":\"https:\/\/www.suno.com.br\/noticias\/dolar-leve-alta-exterior-fed\/\"},\"wordCount\":705,\"publisher\":{\"@id\":\"https:\/\/www.suno.com.br\/noticias\/#organization\"},\"image\":{\"@id\":\"https:\/\/www.suno.com.br\/noticias\/dolar-leve-alta-exterior-fed\/#primaryimage\"},\"thumbnailUrl\":\"https:\/\/files.sunoresearch.com.br\/n\/uploads\/2023\/12\/dolar-cotacao-cambio-moeda.jpg\",\"keywords\":[\"d\u00f3lar\",\"d\u00f3lar futuro\"],\"articleSection\":[\"Mercado\"],\"inLanguage\":\"pt-BR\"},{\"@type\":\"WebPage\",\"@id\":\"https:\/\/www.suno.com.br\/noticias\/dolar-leve-alta-exterior-fed\/\",\"url\":\"https:\/\/www.suno.com.br\/noticias\/dolar-leve-alta-exterior-fed\/\",\"name\":\"D\u00f3lar tem leve alta com exterior ap\u00f3s declara\u00e7\u00f5es de dirigentes do Fed\",\"isPartOf\":{\"@id\":\"https:\/\/www.suno.com.br\/noticias\/#website\"},\"primaryImageOfPage\":{\"@id\":\"https:\/\/www.suno.com.br\/noticias\/dolar-leve-alta-exterior-fed\/#primaryimage\"},\"image\":{\"@id\":\"https:\/\/www.suno.com.br\/noticias\/dolar-leve-alta-exterior-fed\/#primaryimage\"},\"thumbnailUrl\":\"https:\/\/files.sunoresearch.com.br\/n\/uploads\/2023\/12\/dolar-cotacao-cambio-moeda.jpg\",\"datePublished\":\"2024-04-18T21:09:29+00:00\",\"dateModified\":\"2024-04-18T21:09:33+00:00\",\"description\":\"O d\u00f3lar \u00e0 vista apresentou leve alta na sess\u00e3o desta quinta-feira, 18, dia marcado por fortalecimento da moeda americana no exterior.\",\"breadcrumb\":{\"@id\":\"https:\/\/www.suno.com.br\/noticias\/dolar-leve-alta-exterior-fed\/#breadcrumb\"},\"inLanguage\":\"pt-BR\",\"potentialAction\":[{\"@type\":\"ReadAction\",\"target\":[\"https:\/\/www.suno.com.br\/noticias\/dolar-leve-alta-exterior-fed\/\"]}]},{\"@type\":\"ImageObject\",\"inLanguage\":\"pt-BR\",\"@id\":\"https:\/\/www.suno.com.br\/noticias\/dolar-leve-alta-exterior-fed\/#primaryimage\",\"url\":\"https:\/\/files.sunoresearch.com.br\/n\/uploads\/2023\/12\/dolar-cotacao-cambio-moeda.jpg\",\"contentUrl\":\"https:\/\/files.sunoresearch.com.br\/n\/uploads\/2023\/12\/dolar-cotacao-cambio-moeda.jpg\",\"width\":1422,\"height\":800,\"caption\":\"D\u00f3lar - Foto: iStock\"},{\"@type\":\"BreadcrumbList\",\"@id\":\"https:\/\/www.suno.com.br\/noticias\/dolar-leve-alta-exterior-fed\/#breadcrumb\",\"itemListElement\":[{\"@type\":\"ListItem\",\"position\":1,\"name\":\"Not\u00edcias\",\"item\":\"https:\/\/www.suno.com.br\/noticias\/\"},{\"@type\":\"ListItem\",\"position\":2,\"name\":\"Mercado\",\"item\":\"https:\/\/www.suno.com.br\/noticias\/mercado\/\"},{\"@type\":\"ListItem\",\"position\":3,\"name\":\"D\u00f3lar tem leve alta com exterior ap\u00f3s declara\u00e7\u00f5es de dirigentes do Fed\"}]},{\"@type\":\"WebSite\",\"@id\":\"https:\/\/www.suno.com.br\/noticias\/#website\",\"url\":\"https:\/\/www.suno.com.br\/noticias\/\",\"name\":\"Suno Not\u00edcias\",\"description\":\"Seu portal de informa\u00e7\u00e3o sobre o mundo dos investimentos\",\"publisher\":{\"@id\":\"https:\/\/www.suno.com.br\/noticias\/#organization\"},\"potentialAction\":[{\"@type\":\"SearchAction\",\"target\":{\"@type\":\"EntryPoint\",\"urlTemplate\":\"https:\/\/www.suno.com.br\/noticias\/?s={search_term_string}\"},\"query-input\":{\"@type\":\"PropertyValueSpecification\",\"valueRequired\":true,\"valueName\":\"search_term_string\"}}],\"inLanguage\":\"pt-BR\"},{\"@type\":\"Organization\",\"@id\":\"https:\/\/www.suno.com.br\/noticias\/#organization\",\"name\":\"Suno Not\u00edcias\",\"url\":\"https:\/\/www.suno.com.br\/noticias\/\",\"logo\":{\"@type\":\"ImageObject\",\"inLanguage\":\"pt-BR\",\"@id\":\"https:\/\/www.suno.com.br\/noticias\/#\/schema\/logo\/image\/\",\"url\":\"https:\/\/files.sunoresearch.com.br\/n\/uploads\/2021\/09\/suno-logo.png\",\"contentUrl\":\"https:\/\/files.sunoresearch.com.br\/n\/uploads\/2021\/09\/suno-logo.png\",\"width\":180,\"height\":180,\"caption\":\"Suno Not\u00edcias\"},\"image\":{\"@id\":\"https:\/\/www.suno.com.br\/noticias\/#\/schema\/logo\/image\/\"},\"sameAs\":[\"https:\/\/facebook.com\/sunoresearch\",\"https:\/\/x.com\/sunoresearch\",\"https:\/\/www.instagram.com\/suno\",\"https:\/\/www.linkedin.com\/company\/suno-research\/\",\"https:\/\/www.youtube.com\/c\/sunoresearch\"]},{\"@type\":\"Person\",\"@id\":\"https:\/\/www.suno.com.br\/noticias\/#\/schema\/person\/c1b1bd3727fa852bd045e9dbff3673ea\",\"name\":\"Reda\u00e7\u00e3o Suno Not\u00edcias\",\"image\":{\"@type\":\"ImageObject\",\"inLanguage\":\"pt-BR\",\"@id\":\"https:\/\/www.suno.com.br\/noticias\/#\/schema\/person\/image\/\",\"url\":\"https:\/\/secure.gravatar.com\/avatar\/b8104b9b5a71985d5238ee59fbe418af?s=96&r=g\",\"contentUrl\":\"https:\/\/secure.gravatar.com\/avatar\/b8104b9b5a71985d5238ee59fbe418af?s=96&r=g\",\"caption\":\"Reda\u00e7\u00e3o Suno Not\u00edcias\"},\"description\":\"O Suno Not\u00edcias \u00e9 um portal de informa\u00e7\u00f5es sobre Mercado Financeiro, Pol\u00edtica, Neg\u00f3cios, Economia e Finan\u00e7as Pessoais.\",\"sameAs\":[\"https:\/\/www.suno.com.br\/noticias\",\"https:\/\/www.facebook.com\/sunonoticias\/\",\"https:\/\/www.instagram.com\/sunonoticias\/\",\"https:\/\/x.com\/https:\/\/twitter.com\/sunoresearch\",\"https:\/\/www.youtube.com\/sunonoticias\"],\"url\":\"https:\/\/www.suno.com.br\/noticias\/author\/redacao-suno\/\"}]}<\/script>\n<!-- \/ Yoast SEO plugin. -->","yoast_head_json":{"title":"D\u00f3lar tem leve alta com exterior ap\u00f3s declara\u00e7\u00f5es de dirigentes do Fed","description":"O d\u00f3lar \u00e0 vista apresentou leve alta na sess\u00e3o desta quinta-feira, 18, dia marcado por fortalecimento da moeda americana no exterior.","robots":{"index":"index","follow":"follow","max-snippet":"max-snippet:-1","max-image-preview":"max-image-preview:large","max-video-preview":"max-video-preview:-1"},"canonical":"https:\/\/www.suno.com.br\/noticias\/dolar-leve-alta-exterior-fed\/","og_locale":"pt_BR","og_type":"article","og_title":"D\u00f3lar tem leve alta com exterior ap\u00f3s declara\u00e7\u00f5es de dirigentes do Fed","og_description":"O d\u00f3lar \u00e0 vista apresentou leve alta na sess\u00e3o desta quinta-feira, 18, dia marcado por fortalecimento da moeda americana no exterior.","og_url":"https:\/\/www.suno.com.br\/noticias\/dolar-leve-alta-exterior-fed\/","og_site_name":"Suno Not\u00edcias","article_publisher":"https:\/\/facebook.com\/sunoresearch","article_author":"https:\/\/www.facebook.com\/sunonoticias\/","og_image":[{"width":1422,"height":800,"url":"https:\/\/files.sunoresearch.com.br\/n\/uploads\/2023\/12\/dolar-cotacao-cambio-moeda.jpg","type":"image\/jpeg"}],"author":"Reda\u00e7\u00e3o Suno Not\u00edcias","twitter_card":"summary_large_image","twitter_creator":"@https:\/\/twitter.com\/sunoresearch","twitter_site":"@sunoresearch","twitter_misc":{"Escrito por":"Reda\u00e7\u00e3o Suno Not\u00edcias","Est. tempo de leitura":"4 minutos"},"schema":{"@context":"https:\/\/schema.org","@graph":[{"@type":"NewsArticle","@id":"https:\/\/www.suno.com.br\/noticias\/dolar-leve-alta-exterior-fed\/#article","isPartOf":{"@id":"https:\/\/www.suno.com.br\/noticias\/dolar-leve-alta-exterior-fed\/"},"author":{"name":"Reda\u00e7\u00e3o Suno Not\u00edcias","@id":"https:\/\/www.suno.com.br\/noticias\/#\/schema\/person\/c1b1bd3727fa852bd045e9dbff3673ea"},"headline":"D\u00f3lar tem leve alta com exterior ap\u00f3s declara\u00e7\u00f5es de dirigentes do Fed","datePublished":"2024-04-18T21:09:29+00:00","dateModified":"2024-04-18T21:09:33+00:00","mainEntityOfPage":{"@id":"https:\/\/www.suno.com.br\/noticias\/dolar-leve-alta-exterior-fed\/"},"wordCount":705,"publisher":{"@id":"https:\/\/www.suno.com.br\/noticias\/#organization"},"image":{"@id":"https:\/\/www.suno.com.br\/noticias\/dolar-leve-alta-exterior-fed\/#primaryimage"},"thumbnailUrl":"https:\/\/files.sunoresearch.com.br\/n\/uploads\/2023\/12\/dolar-cotacao-cambio-moeda.jpg","keywords":["d\u00f3lar","d\u00f3lar futuro"],"articleSection":["Mercado"],"inLanguage":"pt-BR"},{"@type":"WebPage","@id":"https:\/\/www.suno.com.br\/noticias\/dolar-leve-alta-exterior-fed\/","url":"https:\/\/www.suno.com.br\/noticias\/dolar-leve-alta-exterior-fed\/","name":"D\u00f3lar tem leve alta com exterior ap\u00f3s declara\u00e7\u00f5es de dirigentes do Fed","isPartOf":{"@id":"https:\/\/www.suno.com.br\/noticias\/#website"},"primaryImageOfPage":{"@id":"https:\/\/www.suno.com.br\/noticias\/dolar-leve-alta-exterior-fed\/#primaryimage"},"image":{"@id":"https:\/\/www.suno.com.br\/noticias\/dolar-leve-alta-exterior-fed\/#primaryimage"},"thumbnailUrl":"https:\/\/files.sunoresearch.com.br\/n\/uploads\/2023\/12\/dolar-cotacao-cambio-moeda.jpg","datePublished":"2024-04-18T21:09:29+00:00","dateModified":"2024-04-18T21:09:33+00:00","description":"O d\u00f3lar \u00e0 vista apresentou leve alta na sess\u00e3o desta quinta-feira, 18, dia marcado por fortalecimento da moeda americana no exterior.","breadcrumb":{"@id":"https:\/\/www.suno.com.br\/noticias\/dolar-leve-alta-exterior-fed\/#breadcrumb"},"inLanguage":"pt-BR","potentialAction":[{"@type":"ReadAction","target":["https:\/\/www.suno.com.br\/noticias\/dolar-leve-alta-exterior-fed\/"]}]},{"@type":"ImageObject","inLanguage":"pt-BR","@id":"https:\/\/www.suno.com.br\/noticias\/dolar-leve-alta-exterior-fed\/#primaryimage","url":"https:\/\/files.sunoresearch.com.br\/n\/uploads\/2023\/12\/dolar-cotacao-cambio-moeda.jpg","contentUrl":"https:\/\/files.sunoresearch.com.br\/n\/uploads\/2023\/12\/dolar-cotacao-cambio-moeda.jpg","width":1422,"height":800,"caption":"D\u00f3lar - Foto: iStock"},{"@type":"BreadcrumbList","@id":"https:\/\/www.suno.com.br\/noticias\/dolar-leve-alta-exterior-fed\/#breadcrumb","itemListElement":[{"@type":"ListItem","position":1,"name":"Not\u00edcias","item":"https:\/\/www.suno.com.br\/noticias\/"},{"@type":"ListItem","position":2,"name":"Mercado","item":"https:\/\/www.suno.com.br\/noticias\/mercado\/"},{"@type":"ListItem","position":3,"name":"D\u00f3lar tem leve alta com exterior ap\u00f3s declara\u00e7\u00f5es de dirigentes do Fed"}]},{"@type":"WebSite","@id":"https:\/\/www.suno.com.br\/noticias\/#website","url":"https:\/\/www.suno.com.br\/noticias\/","name":"Suno Not\u00edcias","description":"Seu portal de informa\u00e7\u00e3o sobre o mundo dos investimentos","publisher":{"@id":"https:\/\/www.suno.com.br\/noticias\/#organization"},"potentialAction":[{"@type":"SearchAction","target":{"@type":"EntryPoint","urlTemplate":"https:\/\/www.suno.com.br\/noticias\/?s={search_term_string}"},"query-input":{"@type":"PropertyValueSpecification","valueRequired":true,"valueName":"search_term_string"}}],"inLanguage":"pt-BR"},{"@type":"Organization","@id":"https:\/\/www.suno.com.br\/noticias\/#organization","name":"Suno Not\u00edcias","url":"https:\/\/www.suno.com.br\/noticias\/","logo":{"@type":"ImageObject","inLanguage":"pt-BR","@id":"https:\/\/www.suno.com.br\/noticias\/#\/schema\/logo\/image\/","url":"https:\/\/files.sunoresearch.com.br\/n\/uploads\/2021\/09\/suno-logo.png","contentUrl":"https:\/\/files.sunoresearch.com.br\/n\/uploads\/2021\/09\/suno-logo.png","width":180,"height":180,"caption":"Suno Not\u00edcias"},"image":{"@id":"https:\/\/www.suno.com.br\/noticias\/#\/schema\/logo\/image\/"},"sameAs":["https:\/\/facebook.com\/sunoresearch","https:\/\/x.com\/sunoresearch","https:\/\/www.instagram.com\/suno","https:\/\/www.linkedin.com\/company\/suno-research\/","https:\/\/www.youtube.com\/c\/sunoresearch"]},{"@type":"Person","@id":"https:\/\/www.suno.com.br\/noticias\/#\/schema\/person\/c1b1bd3727fa852bd045e9dbff3673ea","name":"Reda\u00e7\u00e3o Suno Not\u00edcias","image":{"@type":"ImageObject","inLanguage":"pt-BR","@id":"https:\/\/www.suno.com.br\/noticias\/#\/schema\/person\/image\/","url":"https:\/\/secure.gravatar.com\/avatar\/b8104b9b5a71985d5238ee59fbe418af?s=96&r=g","contentUrl":"https:\/\/secure.gravatar.com\/avatar\/b8104b9b5a71985d5238ee59fbe418af?s=96&r=g","caption":"Reda\u00e7\u00e3o Suno Not\u00edcias"},"description":"O Suno Not\u00edcias \u00e9 um portal de informa\u00e7\u00f5es sobre Mercado Financeiro, Pol\u00edtica, Neg\u00f3cios, Economia e Finan\u00e7as Pessoais.","sameAs":["https:\/\/www.suno.com.br\/noticias","https:\/\/www.facebook.com\/sunonoticias\/","https:\/\/www.instagram.com\/sunonoticias\/","https:\/\/x.com\/https:\/\/twitter.com\/sunoresearch","https:\/\/www.youtube.com\/sunonoticias"],"url":"https:\/\/www.suno.com.br\/noticias\/author\/redacao-suno\/"}]}},"default_loop_html":"<div class=\"cardsPage__listCard__boxs\"><div class=\"cardsPage__listCard__boxs__img\"><a href=\"https:\/\/www.suno.com.br\/noticias\/dolar-leve-alta-exterior-fed\/\"><img class=\"mask\" src=\"https:\/\/www.suno.com.br\/noticias\/wp-content\/themes\/suno\/resources\/images\/spotlight\/spotlight1img\/bg-mask.png\" alt=\"Image Mask\"\/><img src=\"https:\/\/files.sunoresearch.com.br\/n\/uploads\/2023\/12\/dolar-cotacao-cambio-moeda-400x200.jpg\" alt=\"D\u00f3lar tem leve alta com exterior ap\u00f3s declara\u00e7\u00f5es de dirigentes do Fed\"\/><\/a><span class=\"spotlightCategory\"><a href=\"https:\/\/www.suno.com.br\/noticias\/mercado\/\">Mercado<\/a><\/span><\/div><div class=\"cardsPage__listCard__boxs__content\"><a href=\"https:\/\/www.suno.com.br\/noticias\/dolar-leve-alta-exterior-fed\/\"><h2 class=\"content__title\">D\u00f3lar tem leve alta com exterior ap\u00f3s declara\u00e7\u00f5es de dirigentes do Fed<\/h2><\/a><div class=\"newsContent__article__meta\"><div class=\"newsContent__article__meta__authorBox\"><a href=\"https:\/\/www.suno.com.br\/noticias\/author\/redacao-suno\/\" class=\"authorBox__avatar noMobi\"><img src=\"https:\/\/files.sunoresearch.com.br\/n\/uploads\/2020\/08\/0ace682d-redacao-1-150x150.webp\" alt=\"Reda\u00e7\u00e3o Suno Not\u00edcias\"><\/a><div class=\"authorBox__name\"><span>por\n\t\t\t<a href=\"https:\/\/www.suno.com.br\/noticias\/author\/redacao-suno\/\"><span itemprop=\"author\">Reda\u00e7\u00e3o Suno Not\u00edcias<\/span><\/a><\/span><time datetime=\"2024-04-18T18:09:29-03:00\" itemprop=\"datePublished\">18\/04\/2024 18:09<\/time><\/div><\/div><\/div><\/div><\/div>","single_layout":"posts","amp_enabled":true,"_links":{"self":[{"href":"https:\/\/www.suno.com.br\/noticias\/wp-json\/wp\/v2\/posts\/545466"}],"collection":[{"href":"https:\/\/www.suno.com.br\/noticias\/wp-json\/wp\/v2\/posts"}],"about":[{"href":"https:\/\/www.suno.com.br\/noticias\/wp-json\/wp\/v2\/types\/post"}],"author":[{"embeddable":true,"href":"https:\/\/www.suno.com.br\/noticias\/wp-json\/wp\/v2\/users\/43"}],"replies":[{"embeddable":true,"href":"https:\/\/www.suno.com.br\/noticias\/wp-json\/wp\/v2\/comments?post=545466"}],"version-history":[{"count":2,"href":"https:\/\/www.suno.com.br\/noticias\/wp-json\/wp\/v2\/posts\/545466\/revisions"}],"predecessor-version":[{"id":545482,"href":"https:\/\/www.suno.com.br\/noticias\/wp-json\/wp\/v2\/posts\/545466\/revisions\/545482"}],"wp:featuredmedia":[{"embeddable":true,"href":"https:\/\/www.suno.com.br\/noticias\/wp-json\/wp\/v2\/media\/496262"}],"wp:attachment":[{"href":"https:\/\/www.suno.com.br\/noticias\/wp-json\/wp\/v2\/media?parent=545466"}],"wp:term":[{"taxonomy":"category","embeddable":true,"href":"https:\/\/www.suno.com.br\/noticias\/wp-json\/wp\/v2\/categories?post=545466"},{"taxonomy":"post_tag","embeddable":true,"href":"https:\/\/www.suno.com.br\/noticias\/wp-json\/wp\/v2\/tags?post=545466"},{"taxonomy":"suno_strategy","embeddable":true,"href":"https:\/\/www.suno.com.br\/noticias\/wp-json\/wp\/v2\/suno_strategy?post=545466"}],"curies":[{"name":"wp","href":"https:\/\/api.w.org\/{rel}","templated":true}]}}