{"id":545415,"date":"2024-04-18T20:14:52","date_gmt":"2024-04-18T23:14:52","guid":{"rendered":"https:\/\/www.suno.com.br\/noticias\/?p=545415"},"modified":"2024-04-18T20:15:00","modified_gmt":"2024-04-18T23:15:00","slug":"vale-vale3-bb-bi-acoes-producao-gpj","status":"publish","type":"post","link":"https:\/\/www.suno.com.br\/noticias\/vale-vale3-bb-bi-acoes-producao-gpj\/","title":{"rendered":"Vale (VALE3): ap\u00f3s relat\u00f3rio de produ\u00e7\u00e3o e vendas, BB-BI reduz pre\u00e7o-alvo para as a\u00e7\u00f5es"},"content":{"rendered":"<p>Em relat\u00f3rio sobre a <a href=\"https:\/\/www.suno.com.br\/artigos\/o-que-sao-acoes-ordinarias-preferenciais-e-units\/\"><strong>V<\/strong><\/a><a href=\"https:\/\/www.suno.com.br\/acoes\/VALE3\/\"><strong>ale <\/strong>(VALE3)<\/a> ap\u00f3s a divulga\u00e7\u00e3o dos n\u00fameros de produ\u00e7\u00e3o e vendas do 1T24, o BB Investimentos reduziu o pre\u00e7o-alvo para as <a href=\"https:\/\/www.suno.com.br\/artigos\/o-que-sao-acoes-ordinarias-preferenciais-e-units\/\">a\u00e7\u00f5es ordin\u00e1rias<\/a> e ADRs da mineradora, mas manteve a recomenda\u00e7\u00e3o de &#8216;compra&#8217;. <\/p>\t<div class=\"wrapper-featured-image\">\n\t\t<figure class=\"spotlightImg\">\n\n\t\t\t<picture>\n\t\t\t\t<source media=\"(max-width: 768px)\" srcset=\"https:\/\/files.sunoresearch.com.br\/n\/uploads\/2021\/02\/aff09bff-c0100329-vale-400x200.webp\">\n\t\t\t\t<img loading=\"lazy\" decoding=\"async\" class=\"newsContent__article__imgCapa lazyloadDisabled \" src=\"https:\/\/files.sunoresearch.com.br\/n\/uploads\/2021\/02\/aff09bff-c0100329-vale-800x450.webp\" width=\"800\" height=\"450\" alt=\"Vale (VALE3): ap\u00f3s relat\u00f3rio de produ\u00e7\u00e3o e vendas, BB-BI reduz pre\u00e7o-alvo para as a\u00e7\u00f5es\" fetchpriority=high \/>\n\t\t\t<\/picture>\n\n\t\t\t<figcaption class=\"wp-caption-text wp-caption-text--show\">Vale (VALE3). Foto: Divulga\u00e7\u00e3o.<\/figcaption>\n\t\t<\/figure>\n\t<\/div>\n\n\n\n\n\n\n\n\t<p>\n\t\t<a href=\"\" target=\"_blank\" data-element=\"shortcode-suno-banner\" title=\"Banner SUNO, clique e saiba mais\">\n\t\t\t<picture>\n\t\t\t\t<source media=\"(max-width: 500px)\" srcset=\"\">\n\t\t\t\t<img class=\"newsContent__article__imgCapa newsContent__article__imgCapa--banner\"\n\t\t\t\t\tsrc=\"\"\n\t\t\t\t\tdata-promo-id=\"250706\"\t\t\t\t\t\t\t\t\t\t\t\t\t\t\talt=\"\"\n\t\t\t\t>\n\t\t\t<\/picture>\n\t\t<\/a>\n\t<\/p>\n\n\n\n\n\n<p>Ap\u00f3s a revis\u00e3o de seu modelo financeiro, incorporando os dados do relat\u00f3rio de produ\u00e7\u00e3o e vendas do <strong>1T24 da Vale<\/strong>, bem como premissas atualizadas de <em>pre\u00e7o de min\u00e9rio de ferro<\/em>, metais, fretes e c\u00e2mbio, o BB-BI reduziu o pre\u00e7o-alvo para R$ 80,00 (antes R$ 89,00) para <strong>VALE3<\/strong> e as<strong> ADRs da Vale<\/strong> para US$ 16,00 (antes US$ 18,00).<\/p>\n\n\n\n<p>O <strong>relat\u00f3rio de produ\u00e7\u00e3o e vendas da Vale<\/strong> do 1T24 trouxe volumes em geral crescentes na compara\u00e7\u00e3o anual, mas abaixo das estimativas do BB-BI, com exce\u00e7\u00e3o apenas do volume de produ\u00e7\u00e3o de min\u00e9rio de ferro, de 70,8 milh\u00f5es de toneladas m\u00e9tricas (Mt), que foi 2,7% superior \u00e0 proje\u00e7\u00e3o do banco e representa um crescimento anual de 6,1% &#8211; puxado pelo melhor desempenho na opera\u00e7\u00e3o de S11D mesmo durante o per\u00edodo de chuvas e por maiores compras de terceiros.<\/p>\n\n\n\n<p>A Vale tamb\u00e9m atualizou os pre\u00e7os de min\u00e9rio de ferro de US$ 115 por tonelada para US$ 103 por tonelada em 2024; US$ 103 por tonelada para US$ 92 por tonelada em 2025 e US$ 90 por tonelada para US$ 86 por tonelada em 2026.<\/p>\n\n\n\n<p>O BB-BI listou alguns fatores de risco para a Vale: <\/p>\n\n\n\n<ul class=\"wp-block-list\">\n<li>atividade industrial global em ritmo mais lento que o esperado e expectativa de retomada na China n\u00e3o se concretizando, afetando a demanda de min\u00e9rio de ferro; <\/li>\n\n\n\n<li>aumento na oferta de min\u00e9rio de ferro pelos principais produtores mundiais, desequilibrando a rela\u00e7\u00e3o <a href=\"https:\/\/www.suno.com.br\/artigos\/oferta-demanda\/\">oferta e demanda<\/a>;<\/li>\n\n\n\n<li>novos eventos de rompimentos de barragem, passivos relacionados a <strong>Brumadinho<\/strong> ou<strong> Samarco<\/strong> e\/ou perda de licen\u00e7as que impactem as opera\u00e7\u00f5es.<\/li>\n<\/ul>\n\n\n\n<p>A companhia divulgar\u00e1 os <strong>resultados do 1T24<\/strong> <strong>da Vale<\/strong> no pr\u00f3ximo dia 24 de abril, ap\u00f3s o <a href=\"https:\/\/www.suno.com.br\/artigos\/fechamento-do-mercado\/\">fechamento do mercado<\/a>.<\/p>\n\n\n\n\t<div data-element=\"shortcode-read-more\" class=\"readToo\">\n\t\t\t\t<span class=\"readToo__title\">Leia mais<\/span>\n\t\t\t\t<ul class=\"readToo__list\">\n\t\t\t<li><a href=\"https:\/\/www.suno.com.br\/noticias\/vale-vale3-projecoes-1t24-lucro-mm\/\">Vale (VALE3) deve ter queda de 20,7% no lucro do 1T24, diz Genial ap\u00f3s dados de produ\u00e7\u00e3o e vendas<\/a><\/li><li><a href=\"https:\/\/www.suno.com.br\/noticias\/vale-vale3-minerio-producao-1t24-gpj\/\">Vale (VALE3): apesar de cen\u00e1rio fraco para o min\u00e9rio, produ\u00e7\u00e3o foi positiva no 1T24, dizem analistas; a\u00e7\u00f5es sobem no Ibovespa<\/a><\/li>\t\t<\/ul>\n\t<\/div>\n\n\n\n\n<h2 class=\"wp-block-heading\">Vale (VALE3): produ\u00e7\u00e3o de min\u00e9rio de ferro sobe 6% no primeiro trimestre e chega a 70,8 milh\u00f5es de toneladas<\/h2>\n\n\n\n<p>A Vale anunciou a produ\u00e7\u00e3o de 70,8 milh\u00f5es de toneladas m\u00e9tricas (Mt) de min\u00e9rio de ferro durante o primeiro trimestre de 2024 (1T24).<\/p>\n\n\n\n<p>Conforme novo relat\u00f3rio operacional divulgado nesta semana, a produ\u00e7\u00e3o de min\u00e9rio de ferro da Vale mostra uma queda de 20,8% em rela\u00e7\u00e3o ao trimestre imediatamente anterior (4T23), mas uma alta de 6,1% na compara\u00e7\u00e3o com o primeiro trimestre de 2023 (1T23).<\/p>\n\n\n\n<p>O aumento anual na <strong>produ\u00e7\u00e3o da Vale<\/strong> \u00e9 atribu\u00eddo ao melhor desempenho operacional no S11D. Al\u00e9m disso, tamb\u00e9m impactou nesse resultado a \u201ccontinuidade das iniciativas de confiabilidade dos ativos\u201d, assim como maiores compras de terceiros.<\/p>\n\n\n\n<p>A produ\u00e7\u00e3o de pelotas da mineradora somou 8,5 milh\u00f5es de toneladas m\u00e9tricas, com crescimento anual de 2%, impactada pelo aumento da \u201cpellet feed\u201d dispon\u00edvel.<\/p>\n\n\n\n<p>J\u00e1 as vendas de min\u00e9rio de ferro da Vale atingiram 63,8 milh\u00f5es de toneladas m\u00e9tricas no primeiro trimestre de 2024, com aumento anual de 15%.<\/p>\n\n\n\n<p>A Vale destacou um aumento consider\u00e1vel nas vendas durante o primeiro trimestre de 2024. No per\u00edodo, a empresa comercializou 63,826 milh\u00f5es de toneladas da commodity, alta de 14,7% na compara\u00e7\u00e3o anual e queda de 29,3% no intervalo trimestral.<\/p>\n\n\n\n<p>Segundo a Vale, o trimestre foi marcado por \u201cvendas robustas de min\u00e9rio de ferro\u201d, impulsionado pela melhoria consistente nas opera\u00e7\u00f5es da commodity.<\/p>\n\n\n\n<p>As vendas de finos da Vale atingiram 52,546 milh\u00f5es de toneladas, aumento de 14,6% ante igual per\u00edodo do ano passado e retra\u00e7\u00e3o de 32,5% na compara\u00e7\u00e3o sequencial.<\/p>\n\n\n\n<p>J\u00e1 as vendas de pelotas aumentaram 13,4% na compara\u00e7\u00e3o anual e diminu\u00edram 10,3% no intervalo trimestral, para 9,225 milh\u00f5es de toneladas, enquanto a produ\u00e7\u00e3o de pelotas foi de 8,467 milh\u00f5es de toneladas, aumento de 1,8%.<\/p>\n\n\n\n<h2 class=\"wp-block-heading\">Desempenho das a\u00e7\u00f5es de Vale (VALE3)<\/h2>\n\n\n\n<p>No fechamento, as a\u00e7\u00f5es de <strong>Vale<\/strong> fecharam com alta de 0,37%, cotadas a R$ 62,44. No m\u00eas, os pap\u00e9is sobem 2,48%, mas no ano, recuam 15,63%.<\/p>\n\n\n\n<div class=\"pluginQuotation\">\n  <p class=\"ticker\">\n    Cota\u00e7\u00e3o <span>VALE3<\/span>\n  <\/p>\n  <div class=\"info\">\n    <div class=\"leftSide\">\n      Gr\u00e1fico gerado em: 18\/04\/2024    <\/div>\n\t\t\t\t\t<div class=\"rightSide\">\n\t\t\t\t\t<span class=\"period\">\n\t\t\t\t\t\t1 Dia\t\t\t\t\t<\/span>\n\t\t\t<\/div>\n\t\t  <\/div>\n\n  <div id=\"chart-30d3b7ec12b6fe60926381d74748b6bf\" data-block-hash=\"30d3b7ec12b6fe60926381d74748b6bf\"  class=\"chart\" style=\"width:100%;height:400px;\"><\/div>\n\n  <div class=\"pluginQuotation__footer\">\n    <div class=\"dataChart\">\n\n      <div class=\"dataChart__div1 variation\">\n        <div class=\"value-negative\">\n          -0,39 (-0,24%)        <\/div>\n        <div class=\"text\">\n          Varia\u00e7\u00e3o do per\u00edodo\n        <\/div>\n      <\/div>\n\n      <div class=\"dataChart__div2 minMax\">\n        <div class=\"value\">\n          R$\u00a062,09        <\/div>\n        <div class=\"text\">\n          M\u00ednima\n        <\/div>\n      <\/div>\n\n      <div class=\"dataChart__div3 minMax\">\n        <div class=\"value\">\n          R$\u00a062,68        <\/div>\n        <div class=\"text\">\n          M\u00e1xima\n        <\/div>\n      <\/div>\n\n\t\t\t<div class=\"dataChart__div4 rightSide\">\n\t\t\t\t<div class=\"analiticaSource\">\n\t\t\t\t\t<span>\n\t\t\t\t\t\tFonte:\n\t\t\t\t\t<\/span>\n\t\t\t\t\t<img decoding=\"async\" class=\"analiticaLogo\" src=\"https:\/\/www.suno.com.br\/noticias\/wp-content\/plugins\/suno-block-ticker-quotation\/src\/suno-analitica-logo.png\" alt=\"Logo Suno Anal\u00edtica\" \/>\n\t\t\t\t<\/div>\n\n\t\t\t\t<a href=\"https:\/\/www.suno.com.br\/analitica\/acoes\/VALE3\" target=\"_blank\">\n\t\t\t\t\t<span>\n\t\t\t\t\t\tVer mais cota\u00e7\u00f5es\n\t\t\t\t\t<\/span>\n\t\t\t\t\t<svg xmlns=\"http:\/\/www.w3.org\/2000\/svg\" width=\"9\" height=\"8\" viewBox=\"0 0 9 8\" fill=\"none\">\n\t\t\t\t\t\t<path d=\"M4.20996 0L3.50496 0.705L6.29496 3.5H0.209961V4.5H6.29496L3.50496 7.295L4.20996 8L8.20996 4L4.20996 0Z\" fill=\"#D42126\" \/>\n\t\t\t\t\t<\/svg>\n\t\t\t\t<\/a>\n    <\/div>\n\n    <\/div>\n  <\/div>\n<\/div>\n\n\n<script type=\"text\/javascript\">\n  let chart_30d3b7ec12b6fe60926381d74748b6bf = document.getElementById('chart-30d3b7ec12b6fe60926381d74748b6bf');\n  let data_json_30d3b7ec12b6fe60926381d74748b6bf = \"[{\\\"date\\\":\\\"18\\\\\\\/04\\\\\\\/24 10:44\\\",\\\"value\\\":62.33},{\\\"date\\\":\\\"18\\\\\\\/04\\\\\\\/24 10:46\\\",\\\"value\\\":62.45},{\\\"date\\\":\\\"18\\\\\\\/04\\\\\\\/24 10:48\\\",\\\"value\\\":62.44},{\\\"date\\\":\\\"18\\\\\\\/04\\\\\\\/24 10:50\\\",\\\"value\\\":62.46},{\\\"date\\\":\\\"18\\\\\\\/04\\\\\\\/24 10:52\\\",\\\"value\\\":62.41},{\\\"date\\\":\\\"18\\\\\\\/04\\\\\\\/24 10:54\\\",\\\"value\\\":62.47},{\\\"date\\\":\\\"18\\\\\\\/04\\\\\\\/24 10:56\\\",\\\"value\\\":62.48},{\\\"date\\\":\\\"18\\\\\\\/04\\\\\\\/24 10:58\\\",\\\"value\\\":62.49},{\\\"date\\\":\\\"18\\\\\\\/04\\\\\\\/24 11:00\\\",\\\"value\\\":62.48},{\\\"date\\\":\\\"18\\\\\\\/04\\\\\\\/24 11:02\\\",\\\"value\\\":62.45},{\\\"date\\\":\\\"18\\\\\\\/04\\\\\\\/24 11:04\\\",\\\"value\\\":62.5},{\\\"date\\\":\\\"18\\\\\\\/04\\\\\\\/24 11:06\\\",\\\"value\\\":62.53},{\\\"date\\\":\\\"18\\\\\\\/04\\\\\\\/24 11:08\\\",\\\"value\\\":62.59},{\\\"date\\\":\\\"18\\\\\\\/04\\\\\\\/24 11:10\\\",\\\"value\\\":62.62},{\\\"date\\\":\\\"18\\\\\\\/04\\\\\\\/24 11:12\\\",\\\"value\\\":62.65},{\\\"date\\\":\\\"18\\\\\\\/04\\\\\\\/24 11:14\\\",\\\"value\\\":62.59},{\\\"date\\\":\\\"18\\\\\\\/04\\\\\\\/24 11:16\\\",\\\"value\\\":62.62},{\\\"date\\\":\\\"18\\\\\\\/04\\\\\\\/24 11:18\\\",\\\"value\\\":62.68},{\\\"date\\\":\\\"18\\\\\\\/04\\\\\\\/24 11:20\\\",\\\"value\\\":62.09},{\\\"date\\\":\\\"18\\\\\\\/04\\\\\\\/24 11:22\\\",\\\"value\\\":62.61},{\\\"date\\\":\\\"18\\\\\\\/04\\\\\\\/24 11:24\\\",\\\"value\\\":62.57},{\\\"date\\\":\\\"18\\\\\\\/04\\\\\\\/24 11:26\\\",\\\"value\\\":62.57},{\\\"date\\\":\\\"18\\\\\\\/04\\\\\\\/24 11:28\\\",\\\"value\\\":62.09}]\";\n  let isPositive_30d3b7ec12b6fe60926381d74748b6bf = \"\";\n\n  let color_30d3b7ec12b6fe60926381d74748b6bf = isPositive_30d3b7ec12b6fe60926381d74748b6bf ? '#3AB53A' : '#D92C2D';\n\n  let data_30d3b7ec12b6fe60926381d74748b6bf = JSON.parse(data_json_30d3b7ec12b6fe60926381d74748b6bf);\n\n  const result_30d3b7ec12b6fe60926381d74748b6bf = {\n    date: [],\n    value: [],\n  };\n\n  data_30d3b7ec12b6fe60926381d74748b6bf.forEach((item) => {\n    result_30d3b7ec12b6fe60926381d74748b6bf.date.push(item.date);\n    result_30d3b7ec12b6fe60926381d74748b6bf.value.push(Number(item.value));\n  });\n\n  let option_30d3b7ec12b6fe60926381d74748b6bf = {\n    \/\/ variavel de cor global\n    color: [color_30d3b7ec12b6fe60926381d74748b6bf],\n    title: {\n      text: '',\n    },\n    tooltip: {\n      trigger: 'axis',\n      axisPointer: {\n        type: 'cross',\n        label: {\n          \/\/ cor dos valores em X e Y\n          backgroundColor: color_30d3b7ec12b6fe60926381d74748b6bf,\n          formatter: (value) => {\n            if (typeof value.value === 'number') {\n              return Number(value.value).toLocaleString('pt-br', {\n                style: 'currency',\n                currency: 'BRL'\n              });\n            }\n            return value.value;\n          },\n        },\n      },\n      valueFormatter: (value) => Number(value).toLocaleString('pt-br', {\n        style: 'currency',\n        currency: 'BRL'\n      }),\n    },\n    legend: {\n      \/\/ data: ['Valor de Fechamento'],\n      show: false,\n    },\n    toolbox: {\n      feature: {\n        saveAsImage: {\n          show: false,\n        },\n      },\n    },\n    grid: {\n      left: '0px',\n      right: '0px',\n      bottom: '0px',\n      containLabel: true,\n    },\n    xAxis: [{\n      type: 'category',\n      data: result_30d3b7ec12b6fe60926381d74748b6bf.date,\n      boundaryGap: true,\n    }],\n    yAxis: [{\n      type: 'value',\n      min: Math.min(...result_30d3b7ec12b6fe60926381d74748b6bf.value),\n      max: Math.max(...result_30d3b7ec12b6fe60926381d74748b6bf.value),\n      axisLabel: {\n        formatter: (value) => value.toLocaleString('pt-br', {\n          style: 'currency',\n          currency: 'BRL'\n        }),\n      },\n    }],\n    series: [{\n      name: 'Valor de Fechamento',\n      type: 'line',\n      stack: 'Total',\n      \/\/ cor do grafico\n      areaStyle: {},\n      emphasis: {\n        focus: 'series',\n      },\n      data: result_30d3b7ec12b6fe60926381d74748b6bf.value,\n      \/\/ cor da linha\n      lineStyle: {\n        color: color_30d3b7ec12b6fe60926381d74748b6bf,\n      },\n    }, ],\n  };\n\n\twindow.chart_30d3b7ec12b6fe60926381d74748b6bf = {\n\t\tel: chart_30d3b7ec12b6fe60926381d74748b6bf,\n\t\toption: option_30d3b7ec12b6fe60926381d74748b6bf\t};\n\n\n<\/script>\n\n\n\t<p>\n\t\t<a href=\"https:\/\/lp.suno.com.br\/ebook-como-analisar-uma-acao\/\" target=\"_blank\" data-element=\"shortcode-suno-banner\" title=\"Banner SUNO, clique e saiba mais\">\n\t\t\t<picture>\n\t\t\t\t<source media=\"(max-width: 500px)\" srcset=\"https:\/\/files.sunoresearch.com.br\/n\/uploads\/2023\/03\/Ebook-Acoes-Mobile.jpg\">\n\t\t\t\t<img class=\"newsContent__article__imgCapa newsContent__article__imgCapa--banner\"\n\t\t\t\t\tsrc=\"https:\/\/files.sunoresearch.com.br\/n\/uploads\/2023\/03\/Ebook-Acoes-Desktop.jpg\"\n\t\t\t\t\tdata-promo-id=\"378302\"\t\t\t\t\t\t\t\t\t\twidth='1420' height='286'\t\t\t\t\talt=\"https:\/\/files.sunoresearch.com.br\/n\/uploads\/2023\/03\/Ebook-Acoes-Desktop.jpg\"\n\t\t\t\t>\n\t\t\t<\/picture>\n\t\t<\/a>\n\t<\/p>\n\n\n","protected":false},"excerpt":{"rendered":"<p>Em relat\u00f3rio sobre a Vale (VALE3) ap\u00f3s a divulga\u00e7\u00e3o dos n\u00fameros de produ\u00e7\u00e3o e vendas do 1T24, o BB Investimentos reduziu o pre\u00e7o-alvo para as a\u00e7\u00f5es ordin\u00e1rias e ADRs da mineradora, mas manteve a recomenda\u00e7\u00e3o de &#8216;compra&#8217;. Vale (VALE3). Foto: Divulga\u00e7\u00e3o. Ap\u00f3s a revis\u00e3o de seu modelo financeiro, incorporando os dados do relat\u00f3rio de produ\u00e7\u00e3o [&hellip;]<\/p>\n","protected":false},"author":313,"featured_media":126963,"comment_status":"closed","ping_status":"closed","sticky":false,"template":"","format":"standard","meta":[],"categories":[64],"tags":[286,105816,676],"suno_strategy":[],"class_list":["post-545415","post","type-post","status-publish","format-standard","has-post-thumbnail","hentry","category-negocios","tag-acoes","tag-especialistas","tag-vale-vale3"],"yoast_head":"<!-- This site is optimized with the Yoast SEO plugin v24.4 - https:\/\/yoast.com\/wordpress\/plugins\/seo\/ -->\n<title>Vale (VALE3): BB-BI define novo pre\u00e7o-alvo para as a\u00e7\u00f5es; confira<\/title>\n<meta name=\"description\" content=\"O BB-BI divulgou um relat\u00f3rio sobre a Vale ap\u00f3s a divulga\u00e7\u00e3o dos n\u00fameros de produ\u00e7\u00e3o e vendas do 1T24. Veja a an\u00e1lise do BB-BI sobre a Vale.\" \/>\n<meta name=\"robots\" content=\"index, follow, max-snippet:-1, max-image-preview:large, max-video-preview:-1\" \/>\n<link rel=\"canonical\" href=\"https:\/\/www.suno.com.br\/noticias\/vale-vale3-bb-bi-acoes-producao-gpj\/\" \/>\n<meta property=\"og:locale\" content=\"pt_BR\" \/>\n<meta property=\"og:type\" content=\"article\" \/>\n<meta property=\"og:title\" content=\"Vale (VALE3): BB-BI define novo pre\u00e7o-alvo para as a\u00e7\u00f5es; confira\" \/>\n<meta property=\"og:description\" content=\"O BB-BI divulgou um relat\u00f3rio sobre a Vale ap\u00f3s a divulga\u00e7\u00e3o dos n\u00fameros de produ\u00e7\u00e3o e vendas do 1T24. Veja a an\u00e1lise do BB-BI sobre a Vale.\" \/>\n<meta property=\"og:url\" content=\"https:\/\/www.suno.com.br\/noticias\/vale-vale3-bb-bi-acoes-producao-gpj\/\" \/>\n<meta property=\"og:site_name\" content=\"Suno Not\u00edcias\" \/>\n<meta property=\"article:publisher\" content=\"https:\/\/facebook.com\/sunoresearch\" \/>\n<meta property=\"og:image\" content=\"https:\/\/files.sunoresearch.com.br\/n\/uploads\/2021\/02\/aff09bff-c0100329-vale.jpg\" \/>\n\t<meta property=\"og:image:width\" content=\"1380\" \/>\n\t<meta property=\"og:image:height\" content=\"937\" \/>\n\t<meta property=\"og:image:type\" content=\"image\/jpeg\" \/>\n<meta name=\"author\" content=\"Giovanni Porf\u00edrio Jacomino\" \/>\n<meta name=\"twitter:card\" content=\"summary_large_image\" \/>\n<meta name=\"twitter:creator\" content=\"@sunoresearch\" \/>\n<meta name=\"twitter:site\" content=\"@sunoresearch\" \/>\n<meta name=\"twitter:label1\" content=\"Escrito por\" \/>\n\t<meta name=\"twitter:data1\" content=\"Giovanni Porf\u00edrio Jacomino\" \/>\n\t<meta name=\"twitter:label2\" content=\"Est. tempo de leitura\" \/>\n\t<meta name=\"twitter:data2\" content=\"4 minutos\" \/>\n<script type=\"application\/ld+json\" class=\"yoast-schema-graph\">{\"@context\":\"https:\/\/schema.org\",\"@graph\":[{\"@type\":\"NewsArticle\",\"@id\":\"https:\/\/www.suno.com.br\/noticias\/vale-vale3-bb-bi-acoes-producao-gpj\/#article\",\"isPartOf\":{\"@id\":\"https:\/\/www.suno.com.br\/noticias\/vale-vale3-bb-bi-acoes-producao-gpj\/\"},\"author\":{\"name\":\"Giovanni Porf\u00edrio Jacomino\",\"@id\":\"https:\/\/www.suno.com.br\/noticias\/#\/schema\/person\/d0f32748bbca4bee871fa191ee4e2d40\"},\"headline\":\"Vale (VALE3): ap\u00f3s relat\u00f3rio de produ\u00e7\u00e3o e vendas, BB-BI reduz pre\u00e7o-alvo para as a\u00e7\u00f5es\",\"datePublished\":\"2024-04-18T23:14:52+00:00\",\"dateModified\":\"2024-04-18T23:15:00+00:00\",\"mainEntityOfPage\":{\"@id\":\"https:\/\/www.suno.com.br\/noticias\/vale-vale3-bb-bi-acoes-producao-gpj\/\"},\"wordCount\":695,\"publisher\":{\"@id\":\"https:\/\/www.suno.com.br\/noticias\/#organization\"},\"image\":{\"@id\":\"https:\/\/www.suno.com.br\/noticias\/vale-vale3-bb-bi-acoes-producao-gpj\/#primaryimage\"},\"thumbnailUrl\":\"https:\/\/files.sunoresearch.com.br\/n\/uploads\/2021\/02\/aff09bff-c0100329-vale-jpg.webp\",\"keywords\":[\"A\u00e7\u00f5es\",\"Especialistas\",\"Vale (VALE3)\"],\"articleSection\":[\"Neg\u00f3cios\"],\"inLanguage\":\"pt-BR\"},{\"@type\":\"WebPage\",\"@id\":\"https:\/\/www.suno.com.br\/noticias\/vale-vale3-bb-bi-acoes-producao-gpj\/\",\"url\":\"https:\/\/www.suno.com.br\/noticias\/vale-vale3-bb-bi-acoes-producao-gpj\/\",\"name\":\"Vale (VALE3): BB-BI define novo pre\u00e7o-alvo para as a\u00e7\u00f5es; confira\",\"isPartOf\":{\"@id\":\"https:\/\/www.suno.com.br\/noticias\/#website\"},\"primaryImageOfPage\":{\"@id\":\"https:\/\/www.suno.com.br\/noticias\/vale-vale3-bb-bi-acoes-producao-gpj\/#primaryimage\"},\"image\":{\"@id\":\"https:\/\/www.suno.com.br\/noticias\/vale-vale3-bb-bi-acoes-producao-gpj\/#primaryimage\"},\"thumbnailUrl\":\"https:\/\/files.sunoresearch.com.br\/n\/uploads\/2021\/02\/aff09bff-c0100329-vale-jpg.webp\",\"datePublished\":\"2024-04-18T23:14:52+00:00\",\"dateModified\":\"2024-04-18T23:15:00+00:00\",\"description\":\"O BB-BI divulgou um relat\u00f3rio sobre a Vale ap\u00f3s a divulga\u00e7\u00e3o dos n\u00fameros de produ\u00e7\u00e3o e vendas do 1T24. Veja a an\u00e1lise do BB-BI sobre a Vale.\",\"breadcrumb\":{\"@id\":\"https:\/\/www.suno.com.br\/noticias\/vale-vale3-bb-bi-acoes-producao-gpj\/#breadcrumb\"},\"inLanguage\":\"pt-BR\",\"potentialAction\":[{\"@type\":\"ReadAction\",\"target\":[\"https:\/\/www.suno.com.br\/noticias\/vale-vale3-bb-bi-acoes-producao-gpj\/\"]}]},{\"@type\":\"ImageObject\",\"inLanguage\":\"pt-BR\",\"@id\":\"https:\/\/www.suno.com.br\/noticias\/vale-vale3-bb-bi-acoes-producao-gpj\/#primaryimage\",\"url\":\"https:\/\/files.sunoresearch.com.br\/n\/uploads\/2021\/02\/aff09bff-c0100329-vale-jpg.webp\",\"contentUrl\":\"https:\/\/files.sunoresearch.com.br\/n\/uploads\/2021\/02\/aff09bff-c0100329-vale-jpg.webp\",\"width\":1380,\"height\":937,\"caption\":\"Vale (VALE3). Foto: Divulga\u00e7\u00e3o.\"},{\"@type\":\"BreadcrumbList\",\"@id\":\"https:\/\/www.suno.com.br\/noticias\/vale-vale3-bb-bi-acoes-producao-gpj\/#breadcrumb\",\"itemListElement\":[{\"@type\":\"ListItem\",\"position\":1,\"name\":\"Not\u00edcias\",\"item\":\"https:\/\/www.suno.com.br\/noticias\/\"},{\"@type\":\"ListItem\",\"position\":2,\"name\":\"Neg\u00f3cios\",\"item\":\"https:\/\/www.suno.com.br\/noticias\/negocios\/\"},{\"@type\":\"ListItem\",\"position\":3,\"name\":\"Vale (VALE3): ap\u00f3s relat\u00f3rio de produ\u00e7\u00e3o e vendas, BB-BI reduz pre\u00e7o-alvo para as a\u00e7\u00f5es\"}]},{\"@type\":\"WebSite\",\"@id\":\"https:\/\/www.suno.com.br\/noticias\/#website\",\"url\":\"https:\/\/www.suno.com.br\/noticias\/\",\"name\":\"Suno Not\u00edcias\",\"description\":\"Seu portal de informa\u00e7\u00e3o sobre o mundo dos investimentos\",\"publisher\":{\"@id\":\"https:\/\/www.suno.com.br\/noticias\/#organization\"},\"potentialAction\":[{\"@type\":\"SearchAction\",\"target\":{\"@type\":\"EntryPoint\",\"urlTemplate\":\"https:\/\/www.suno.com.br\/noticias\/?s={search_term_string}\"},\"query-input\":{\"@type\":\"PropertyValueSpecification\",\"valueRequired\":true,\"valueName\":\"search_term_string\"}}],\"inLanguage\":\"pt-BR\"},{\"@type\":\"Organization\",\"@id\":\"https:\/\/www.suno.com.br\/noticias\/#organization\",\"name\":\"Suno Not\u00edcias\",\"url\":\"https:\/\/www.suno.com.br\/noticias\/\",\"logo\":{\"@type\":\"ImageObject\",\"inLanguage\":\"pt-BR\",\"@id\":\"https:\/\/www.suno.com.br\/noticias\/#\/schema\/logo\/image\/\",\"url\":\"https:\/\/files.sunoresearch.com.br\/n\/uploads\/2021\/09\/suno-logo.png\",\"contentUrl\":\"https:\/\/files.sunoresearch.com.br\/n\/uploads\/2021\/09\/suno-logo.png\",\"width\":180,\"height\":180,\"caption\":\"Suno Not\u00edcias\"},\"image\":{\"@id\":\"https:\/\/www.suno.com.br\/noticias\/#\/schema\/logo\/image\/\"},\"sameAs\":[\"https:\/\/facebook.com\/sunoresearch\",\"https:\/\/x.com\/sunoresearch\",\"https:\/\/www.instagram.com\/suno\",\"https:\/\/www.linkedin.com\/company\/suno-research\/\",\"https:\/\/www.youtube.com\/c\/sunoresearch\"]},{\"@type\":\"Person\",\"@id\":\"https:\/\/www.suno.com.br\/noticias\/#\/schema\/person\/d0f32748bbca4bee871fa191ee4e2d40\",\"name\":\"Giovanni Porf\u00edrio Jacomino\",\"image\":{\"@type\":\"ImageObject\",\"inLanguage\":\"pt-BR\",\"@id\":\"https:\/\/www.suno.com.br\/noticias\/#\/schema\/person\/image\/\",\"url\":\"https:\/\/secure.gravatar.com\/avatar\/efb32e19b730a121cb7a80f41ffec01a?s=96&r=g\",\"contentUrl\":\"https:\/\/secure.gravatar.com\/avatar\/efb32e19b730a121cb7a80f41ffec01a?s=96&r=g\",\"caption\":\"Giovanni Porf\u00edrio Jacomino\"},\"description\":\"Giovanni Porf\u00edrio Jacomino \u00e9 jornalista formado pela Universidade Estadual de Londrina (UEL) e p\u00f3s-graduado em Produ\u00e7\u00e3o e Pr\u00e1ticas Jornal\u00edsticas na Contemporaneidade na Faculdade C\u00e1sper L\u00edbero (FCL). Foi editor web no Startupi e no Finsiders, atuando ainda como editor no TC Mover, portal de not\u00edcias da TradersClub, fazendo a cobertura de assuntos relacionados ao mercado financeiro interno e externo. Atualmente, \u00e9 Rep\u00f3rter do Suno Not\u00edcias.\",\"url\":\"https:\/\/www.suno.com.br\/noticias\/author\/giovanni-porfiriosuno-com-br\/\"}]}<\/script>\n<!-- \/ Yoast SEO plugin. -->","yoast_head_json":{"title":"Vale (VALE3): BB-BI define novo pre\u00e7o-alvo para as a\u00e7\u00f5es; confira","description":"O BB-BI divulgou um relat\u00f3rio sobre a Vale ap\u00f3s a divulga\u00e7\u00e3o dos n\u00fameros de produ\u00e7\u00e3o e vendas do 1T24. Veja a an\u00e1lise do BB-BI sobre a Vale.","robots":{"index":"index","follow":"follow","max-snippet":"max-snippet:-1","max-image-preview":"max-image-preview:large","max-video-preview":"max-video-preview:-1"},"canonical":"https:\/\/www.suno.com.br\/noticias\/vale-vale3-bb-bi-acoes-producao-gpj\/","og_locale":"pt_BR","og_type":"article","og_title":"Vale (VALE3): BB-BI define novo pre\u00e7o-alvo para as a\u00e7\u00f5es; confira","og_description":"O BB-BI divulgou um relat\u00f3rio sobre a Vale ap\u00f3s a divulga\u00e7\u00e3o dos n\u00fameros de produ\u00e7\u00e3o e vendas do 1T24. Veja a an\u00e1lise do BB-BI sobre a Vale.","og_url":"https:\/\/www.suno.com.br\/noticias\/vale-vale3-bb-bi-acoes-producao-gpj\/","og_site_name":"Suno Not\u00edcias","article_publisher":"https:\/\/facebook.com\/sunoresearch","og_image":[{"width":1380,"height":937,"url":"https:\/\/files.sunoresearch.com.br\/n\/uploads\/2021\/02\/aff09bff-c0100329-vale.jpg","type":"image\/jpeg"}],"author":"Giovanni Porf\u00edrio Jacomino","twitter_card":"summary_large_image","twitter_creator":"@sunoresearch","twitter_site":"@sunoresearch","twitter_misc":{"Escrito por":"Giovanni Porf\u00edrio Jacomino","Est. tempo de leitura":"4 minutos"},"schema":{"@context":"https:\/\/schema.org","@graph":[{"@type":"NewsArticle","@id":"https:\/\/www.suno.com.br\/noticias\/vale-vale3-bb-bi-acoes-producao-gpj\/#article","isPartOf":{"@id":"https:\/\/www.suno.com.br\/noticias\/vale-vale3-bb-bi-acoes-producao-gpj\/"},"author":{"name":"Giovanni Porf\u00edrio Jacomino","@id":"https:\/\/www.suno.com.br\/noticias\/#\/schema\/person\/d0f32748bbca4bee871fa191ee4e2d40"},"headline":"Vale (VALE3): ap\u00f3s relat\u00f3rio de produ\u00e7\u00e3o e vendas, BB-BI reduz pre\u00e7o-alvo para as a\u00e7\u00f5es","datePublished":"2024-04-18T23:14:52+00:00","dateModified":"2024-04-18T23:15:00+00:00","mainEntityOfPage":{"@id":"https:\/\/www.suno.com.br\/noticias\/vale-vale3-bb-bi-acoes-producao-gpj\/"},"wordCount":695,"publisher":{"@id":"https:\/\/www.suno.com.br\/noticias\/#organization"},"image":{"@id":"https:\/\/www.suno.com.br\/noticias\/vale-vale3-bb-bi-acoes-producao-gpj\/#primaryimage"},"thumbnailUrl":"https:\/\/files.sunoresearch.com.br\/n\/uploads\/2021\/02\/aff09bff-c0100329-vale-jpg.webp","keywords":["A\u00e7\u00f5es","Especialistas","Vale (VALE3)"],"articleSection":["Neg\u00f3cios"],"inLanguage":"pt-BR"},{"@type":"WebPage","@id":"https:\/\/www.suno.com.br\/noticias\/vale-vale3-bb-bi-acoes-producao-gpj\/","url":"https:\/\/www.suno.com.br\/noticias\/vale-vale3-bb-bi-acoes-producao-gpj\/","name":"Vale (VALE3): BB-BI define novo pre\u00e7o-alvo para as a\u00e7\u00f5es; confira","isPartOf":{"@id":"https:\/\/www.suno.com.br\/noticias\/#website"},"primaryImageOfPage":{"@id":"https:\/\/www.suno.com.br\/noticias\/vale-vale3-bb-bi-acoes-producao-gpj\/#primaryimage"},"image":{"@id":"https:\/\/www.suno.com.br\/noticias\/vale-vale3-bb-bi-acoes-producao-gpj\/#primaryimage"},"thumbnailUrl":"https:\/\/files.sunoresearch.com.br\/n\/uploads\/2021\/02\/aff09bff-c0100329-vale-jpg.webp","datePublished":"2024-04-18T23:14:52+00:00","dateModified":"2024-04-18T23:15:00+00:00","description":"O BB-BI divulgou um relat\u00f3rio sobre a Vale ap\u00f3s a divulga\u00e7\u00e3o dos n\u00fameros de produ\u00e7\u00e3o e vendas do 1T24. Veja a an\u00e1lise do BB-BI sobre a Vale.","breadcrumb":{"@id":"https:\/\/www.suno.com.br\/noticias\/vale-vale3-bb-bi-acoes-producao-gpj\/#breadcrumb"},"inLanguage":"pt-BR","potentialAction":[{"@type":"ReadAction","target":["https:\/\/www.suno.com.br\/noticias\/vale-vale3-bb-bi-acoes-producao-gpj\/"]}]},{"@type":"ImageObject","inLanguage":"pt-BR","@id":"https:\/\/www.suno.com.br\/noticias\/vale-vale3-bb-bi-acoes-producao-gpj\/#primaryimage","url":"https:\/\/files.sunoresearch.com.br\/n\/uploads\/2021\/02\/aff09bff-c0100329-vale-jpg.webp","contentUrl":"https:\/\/files.sunoresearch.com.br\/n\/uploads\/2021\/02\/aff09bff-c0100329-vale-jpg.webp","width":1380,"height":937,"caption":"Vale (VALE3). Foto: Divulga\u00e7\u00e3o."},{"@type":"BreadcrumbList","@id":"https:\/\/www.suno.com.br\/noticias\/vale-vale3-bb-bi-acoes-producao-gpj\/#breadcrumb","itemListElement":[{"@type":"ListItem","position":1,"name":"Not\u00edcias","item":"https:\/\/www.suno.com.br\/noticias\/"},{"@type":"ListItem","position":2,"name":"Neg\u00f3cios","item":"https:\/\/www.suno.com.br\/noticias\/negocios\/"},{"@type":"ListItem","position":3,"name":"Vale (VALE3): ap\u00f3s relat\u00f3rio de produ\u00e7\u00e3o e vendas, BB-BI reduz pre\u00e7o-alvo para as a\u00e7\u00f5es"}]},{"@type":"WebSite","@id":"https:\/\/www.suno.com.br\/noticias\/#website","url":"https:\/\/www.suno.com.br\/noticias\/","name":"Suno Not\u00edcias","description":"Seu portal de informa\u00e7\u00e3o sobre o mundo dos investimentos","publisher":{"@id":"https:\/\/www.suno.com.br\/noticias\/#organization"},"potentialAction":[{"@type":"SearchAction","target":{"@type":"EntryPoint","urlTemplate":"https:\/\/www.suno.com.br\/noticias\/?s={search_term_string}"},"query-input":{"@type":"PropertyValueSpecification","valueRequired":true,"valueName":"search_term_string"}}],"inLanguage":"pt-BR"},{"@type":"Organization","@id":"https:\/\/www.suno.com.br\/noticias\/#organization","name":"Suno Not\u00edcias","url":"https:\/\/www.suno.com.br\/noticias\/","logo":{"@type":"ImageObject","inLanguage":"pt-BR","@id":"https:\/\/www.suno.com.br\/noticias\/#\/schema\/logo\/image\/","url":"https:\/\/files.sunoresearch.com.br\/n\/uploads\/2021\/09\/suno-logo.png","contentUrl":"https:\/\/files.sunoresearch.com.br\/n\/uploads\/2021\/09\/suno-logo.png","width":180,"height":180,"caption":"Suno Not\u00edcias"},"image":{"@id":"https:\/\/www.suno.com.br\/noticias\/#\/schema\/logo\/image\/"},"sameAs":["https:\/\/facebook.com\/sunoresearch","https:\/\/x.com\/sunoresearch","https:\/\/www.instagram.com\/suno","https:\/\/www.linkedin.com\/company\/suno-research\/","https:\/\/www.youtube.com\/c\/sunoresearch"]},{"@type":"Person","@id":"https:\/\/www.suno.com.br\/noticias\/#\/schema\/person\/d0f32748bbca4bee871fa191ee4e2d40","name":"Giovanni Porf\u00edrio Jacomino","image":{"@type":"ImageObject","inLanguage":"pt-BR","@id":"https:\/\/www.suno.com.br\/noticias\/#\/schema\/person\/image\/","url":"https:\/\/secure.gravatar.com\/avatar\/efb32e19b730a121cb7a80f41ffec01a?s=96&r=g","contentUrl":"https:\/\/secure.gravatar.com\/avatar\/efb32e19b730a121cb7a80f41ffec01a?s=96&r=g","caption":"Giovanni Porf\u00edrio Jacomino"},"description":"Giovanni Porf\u00edrio Jacomino \u00e9 jornalista formado pela Universidade Estadual de Londrina (UEL) e p\u00f3s-graduado em Produ\u00e7\u00e3o e Pr\u00e1ticas Jornal\u00edsticas na Contemporaneidade na Faculdade C\u00e1sper L\u00edbero (FCL). Foi editor web no Startupi e no Finsiders, atuando ainda como editor no TC Mover, portal de not\u00edcias da TradersClub, fazendo a cobertura de assuntos relacionados ao mercado financeiro interno e externo. Atualmente, \u00e9 Rep\u00f3rter do Suno Not\u00edcias.","url":"https:\/\/www.suno.com.br\/noticias\/author\/giovanni-porfiriosuno-com-br\/"}]}},"default_loop_html":"<div class=\"cardsPage__listCard__boxs\"><div class=\"cardsPage__listCard__boxs__img\"><a href=\"https:\/\/www.suno.com.br\/noticias\/vale-vale3-bb-bi-acoes-producao-gpj\/\"><img class=\"mask\" src=\"https:\/\/www.suno.com.br\/noticias\/wp-content\/themes\/suno\/resources\/images\/spotlight\/spotlight1img\/bg-mask.png\" alt=\"Image Mask\"\/><img src=\"https:\/\/files.sunoresearch.com.br\/n\/uploads\/2021\/02\/aff09bff-c0100329-vale-400x200.webp\" alt=\"Vale (VALE3): ap\u00f3s relat\u00f3rio de produ\u00e7\u00e3o e vendas, BB-BI reduz pre\u00e7o-alvo para as a\u00e7\u00f5es\"\/><\/a><span class=\"spotlightCategory\"><a href=\"https:\/\/www.suno.com.br\/noticias\/negocios\/\">Neg\u00f3cios<\/a><\/span><\/div><div class=\"cardsPage__listCard__boxs__content\"><a href=\"https:\/\/www.suno.com.br\/noticias\/vale-vale3-bb-bi-acoes-producao-gpj\/\"><h2 class=\"content__title\">Vale (VALE3): ap\u00f3s relat\u00f3rio de produ\u00e7\u00e3o e vendas, BB-BI reduz pre\u00e7o-alvo para as a\u00e7\u00f5es<\/h2><\/a><div class=\"newsContent__article__meta\"><div class=\"newsContent__article__meta__authorBox\"><a href=\"https:\/\/www.suno.com.br\/noticias\/author\/giovanni-porfiriosuno-com-br\/\" class=\"authorBox__avatar noMobi\"><img src=\"https:\/\/files.sunoresearch.com.br\/n\/uploads\/2024\/05\/DSCF4115-1-1-150x150.webp\" alt=\"Giovanni Porf\u00edrio Jacomino\"><\/a><div class=\"authorBox__name\"><span>por\n\t\t\t<a href=\"https:\/\/www.suno.com.br\/noticias\/author\/giovanni-porfiriosuno-com-br\/\"><span itemprop=\"author\">Giovanni Porf\u00edrio Jacomino<\/span><\/a><\/span><time datetime=\"2024-04-18T20:14:52-03:00\" itemprop=\"datePublished\">18\/04\/2024 20:14<\/time><\/div><\/div><\/div><\/div><\/div>","single_layout":"posts","amp_enabled":true,"_links":{"self":[{"href":"https:\/\/www.suno.com.br\/noticias\/wp-json\/wp\/v2\/posts\/545415"}],"collection":[{"href":"https:\/\/www.suno.com.br\/noticias\/wp-json\/wp\/v2\/posts"}],"about":[{"href":"https:\/\/www.suno.com.br\/noticias\/wp-json\/wp\/v2\/types\/post"}],"author":[{"embeddable":true,"href":"https:\/\/www.suno.com.br\/noticias\/wp-json\/wp\/v2\/users\/313"}],"replies":[{"embeddable":true,"href":"https:\/\/www.suno.com.br\/noticias\/wp-json\/wp\/v2\/comments?post=545415"}],"version-history":[{"count":2,"href":"https:\/\/www.suno.com.br\/noticias\/wp-json\/wp\/v2\/posts\/545415\/revisions"}],"predecessor-version":[{"id":545517,"href":"https:\/\/www.suno.com.br\/noticias\/wp-json\/wp\/v2\/posts\/545415\/revisions\/545517"}],"wp:featuredmedia":[{"embeddable":true,"href":"https:\/\/www.suno.com.br\/noticias\/wp-json\/wp\/v2\/media\/126963"}],"wp:attachment":[{"href":"https:\/\/www.suno.com.br\/noticias\/wp-json\/wp\/v2\/media?parent=545415"}],"wp:term":[{"taxonomy":"category","embeddable":true,"href":"https:\/\/www.suno.com.br\/noticias\/wp-json\/wp\/v2\/categories?post=545415"},{"taxonomy":"post_tag","embeddable":true,"href":"https:\/\/www.suno.com.br\/noticias\/wp-json\/wp\/v2\/tags?post=545415"},{"taxonomy":"suno_strategy","embeddable":true,"href":"https:\/\/www.suno.com.br\/noticias\/wp-json\/wp\/v2\/suno_strategy?post=545415"}],"curies":[{"name":"wp","href":"https:\/\/api.w.org\/{rel}","templated":true}]}}