{"id":545272,"date":"2024-04-18T13:51:23","date_gmt":"2024-04-18T16:51:23","guid":{"rendered":"https:\/\/www.suno.com.br\/noticias\/?p=545272"},"modified":"2024-04-18T13:51:29","modified_gmt":"2024-04-18T16:51:29","slug":"ceron-preocupa-acoes-congresso-gastos-evm","status":"publish","type":"post","link":"https:\/\/www.suno.com.br\/noticias\/ceron-preocupa-acoes-congresso-gastos-evm\/","title":{"rendered":"Ceron: Obviamente preocupa conjunto de a\u00e7\u00f5es do Congresso que ampliam gastos"},"content":{"rendered":"<p>O secret\u00e1rio do <a class=\"suno-keyword\" data-force=\"no\" data-priority=\"2\" href=\"https:\/\/www.suno.com.br\/artigos\/tesouro-nacional\/\" target=\"_blank\" rel=\"noopener\">Tesouro Nacional<\/a>, <a href=\"https:\/\/www.suno.com.br\/noticias\/haddad-ceron-divida-governadores-nordeste-evm\/\">Rog\u00e9rio <strong>Ceron<\/strong><\/a>, disse que as a\u00e7\u00f5es com potencial para aumentar os gastos p\u00fablicos em tramita\u00e7\u00e3o no Congresso s\u00e3o motivo de preocupa\u00e7\u00e3o. <\/p><div class=\"videoFull \">\n\t\t\t<div class=\"videoWrapper yt-lazyload center\"\n\t\t\t\tdata-width=\"960\"\n\t\t\t\tdata-height=\"540\"\n\t\t\t\tdata-id=\"4HCxQyX-0_8\"\n\t\t\t\tdata-alt=\"V\u00eddeo do YouTube - clique para reproduzir\"\n\t\t\t\tdata-logo=\"3\"\n\t\t\t\tdata-imagequality=\"maxres\">\n\t\t\t<\/div>\n\t\t<\/div><script type=\"application\/ld+json\">{\"@context\":\"https:\/\/schema.org\",\"@type\":\"VideoObject\",\"name\":\"\ud83d\udd34 SELIC MAIOR E IBOVESPA EM QUEDA? | Dividendos da Petrobras (PETR4) | Aposta em d\u00f3lar na m\u00e1xima\",\"description\":\"#mercadofinanceiro #a\u00e7\u00f5es #investimentos #bolsadevalores #ibovespa #dinheiro #finan\u00e7as #pol\u00edtica #d\u00f3lar #livedas19h #petr4 #petr3 #petrobras #vale3 #vale #a\u00e7\u00f5es #economia #dividendos #min\u00e9riodeferro #min\u00e9rio #petr\u00f3leo #commodities #proventos #jcp #statusinvest #statusalpha #governo #lula #ceo #presidente #arcabou\u00e7o #arcabou\u00e7ofiscal #metafiscal #camposneto #rcn #oi #oibr3 #elet3 #eletrobras #klabin #klbn11 00:00 In\u00edcio do v\u00eddeo 01:43 Fechamento de preg\u00e3o 04:50 Falas de Campos Neto 06:50\u2026\",\"duration\":\"PT18M49S\",\"embedUrl\":\"https:\/\/www.youtube.com\/embed\/4HCxQyX-0_8\",\"regionsAllowed\":\"en-US\",\"interactionStatistic\":{\"@type\":\"InteractionCounter\",\"interactionType\":{\"@type\":\"WatchAction\"},\"userInteractionCount\":3939},\"thumbnailUrl\":\"https:\/\/i.ytimg.com\/vi\/4HCxQyX-0_8\/default.jpg\",\"uploadDate\":\"2024-04-17T22:29:36Z\"}<\/script>\n\n\n\n\n\n\n\t<p>\n\t\t<a href=\"\" target=\"_blank\" data-element=\"shortcode-suno-banner\" title=\"Banner SUNO, clique e saiba mais\">\n\t\t\t<picture>\n\t\t\t\t<source media=\"(max-width: 500px)\" srcset=\"\">\n\t\t\t\t<img class=\"newsContent__article__imgCapa newsContent__article__imgCapa--banner\"\n\t\t\t\t\tsrc=\"\"\n\t\t\t\t\tdata-promo-id=\"240038\"\t\t\t\t\t\t\t\t\t\t\t\t\t\t\talt=\"\"\n\t\t\t\t>\n\t\t\t<\/picture>\n\t\t<\/a>\n\t<\/p>\n\n\n\n\n\n<p>Em entrevista \u00e0 GloboNews, ele disse compreender os pedidos &#8220;merit\u00f3rios&#8221; por parte da sociedade e do Congresso para investimentos em determinadas \u00e1reas, mas pontuou que o governo n\u00e3o tem espa\u00e7o para ren\u00fancia de receitas ou amplia\u00e7\u00e3o de gastos p\u00fablicos na atual situa\u00e7\u00e3o fiscal.<\/p>\n\n\n\n<p>Ceron ainda frisou que o governo tem um compromisso &#8220;irretrat\u00e1vel&#8221; com a \u00e1rea fiscal do pa\u00eds e apontou que novas medidas de cunho fiscal para lan\u00e7amento em &#8220;momento oportuno&#8221; est\u00e3o sendo analisadas.<\/p>\n\n\n\n<p>Antes, o secret\u00e1rio do Tesouro Nacional j\u00e1 havia alertado que o Brasil tem muito espa\u00e7o para reduzir a <a class=\"suno-keyword\" target=\"_blank\" data-force=\"no\" data-priority=\"1\" href=\"https:\/\/www.suno.com.br\/artigos\/taxa-de-juros\/\" rel=\"noopener\">taxa b\u00e1sica de juros<\/a>, a Selic, mas que o Banco Central s\u00f3 poder\u00e1 avan\u00e7ar no ciclo de corte se houver reformas econ\u00f4micas e di\u00e1logo entre os Poderes capazes de dar seguran\u00e7a ao afrouxamento da <a class=\"suno-keyword\" target=\"_blank\" data-force=\"no\" data-priority=\"1\" href=\"https:\/\/www.suno.com.br\/artigos\/politica-monetaria\/\" rel=\"noopener\">pol\u00edtica monet\u00e1ria<\/a>. &#8220;\u00c9 importante que as sinaliza\u00e7\u00f5es sejam corretas e bastantes claras, no sentido de ser irretrat\u00e1vel com a recupera\u00e7\u00e3o fiscal do pa\u00eds&#8221;, refor\u00e7ou Ceron, durante entrevista \u00e0 GloboNews.<\/p>\n\n\n\n<p>Como exemplo de sua preocupa\u00e7\u00e3o, ele citou as mudan\u00e7as no regime previdenci\u00e1rio decorrente da desonera\u00e7\u00e3o da folha de pagamentos dos munic\u00edpios.<\/p>\n\n\n\n<p>&#8220;N\u00e3o d\u00e1 para ter retrocesso e precisamos avan\u00e7ar. A quest\u00e3o da Previd\u00eancia \u00e9 grav\u00edssima, n\u00f3s tivemos muito esfor\u00e7os para avan\u00e7ar com o regime de Previd\u00eancia. Isso ser\u00e1 discutido no Judici\u00e1rio, mas preocupa enormemente&#8221;, acrescentou Ceron.<\/p>\n\n\n\t<p>\n\t\t<a href=\"https:\/\/lp.suno.com.br\/ebook-gratuito-investindo-no-exterior\/\" target=\"_blank\" data-element=\"shortcode-suno-banner\" title=\"Banner SUNO, clique e saiba mais\">\n\t\t\t<picture>\n\t\t\t\t<source media=\"(max-width: 500px)\" srcset=\"https:\/\/files.sunoresearch.com.br\/n\/uploads\/2023\/03\/400x300-Investindo-no-exterior.png\">\n\t\t\t\t<img class=\"newsContent__article__imgCapa newsContent__article__imgCapa--banner\"\n\t\t\t\t\tsrc=\"https:\/\/files.sunoresearch.com.br\/n\/uploads\/2023\/03\/1420x240-Investindo-no-exterior.png\"\n\t\t\t\t\tdata-promo-id=\"383161\"\t\t\t\t\t\t\t\t\t\twidth='1420' height='240'\t\t\t\t\talt=\"https:\/\/files.sunoresearch.com.br\/n\/uploads\/2023\/03\/1420x240-Investindo-no-exterior.png\"\n\t\t\t\t>\n\t\t\t<\/picture>\n\t\t<\/a>\n\t<\/p>\n\n\n\n\n\n<h2 class=\"wp-block-heading\">Ceron fala em &#8216;outro tipo de postura&#8217; com a Selic<\/h2>\n\n\n\n<p>Na avalia\u00e7\u00e3o do secret\u00e1rio do Tesouro Nacional, eventuais medidas que possam ser tomadas no ambiente dom\u00e9stico e internacional e que conduzam para uma piora fiscal do Brasil podem conduzir o Banco Central a &#8220;outro tipo de postura na condu\u00e7\u00e3o da Selic&#8221;.<\/p>\n\n\n\n<p>&#8220;Os pr\u00f3ximos eventos contam na Selic, sejam no ambiente internacional, que est\u00e1 bastante estressado por causa dos juros americanos e da possibilidade de posterga\u00e7\u00e3o do ciclo de relaxamento da pol\u00edtica monet\u00e1ria, quanto tamb\u00e9m no cen\u00e1rio dom\u00e9stico&#8221;, afirmou o secret\u00e1rio em entrevista \u00e0 GloboNews.<\/p>\n\n\n\n<p>Ceron ainda complementou sua observa\u00e7\u00e3o sobre os juros, dizendo que medidas que foram discutidas no Brasil e &#8220;que podem ter um impacto negativo&#8221; tendem a gerar mais impacto sobre o c\u00e2mbio, elevar ainda mais a incerteza e consequentemente for\u00e7ar o BC a ter outro tipo de postura em rela\u00e7\u00e3o \u00e0 pol\u00edtica monet\u00e1ria, que no momento est\u00e1 num ciclo de afrouxamento.<\/p>\n\n\n\n<p>A avalia\u00e7\u00e3o de <strong>Ceron<\/strong> ocorre ap\u00f3s o presidente do BC, <a class=\"suno-keyword\" data-force=\"no\" data-priority=\"2\" href=\"https:\/\/www.suno.com.br\/tudo-sobre\/roberto-campos-neto\/\" target=\"_blank\" rel=\"noopener\">Roberto Campos Neto<\/a>, indicar na quarta-feira que o aumento da incerteza no cen\u00e1rio econ\u00f4mico &#8220;talvez signifique taxas de juros altas por mais tempo&#8221;.<\/p>\n\n\n\n<p>Com Estad\u00e3o Conte\u00fado<\/p>\n\n\n\t<p>\n\t\t<a href=\"https:\/\/lp.suno.com.br\/planilha-da-vida-financeira\/\" target=\"_blank\" data-element=\"shortcode-suno-banner\" title=\"Banner SUNO, clique e saiba mais\">\n\t\t\t<picture>\n\t\t\t\t<source media=\"(max-width: 500px)\" srcset=\"https:\/\/files.sunoresearch.com.br\/n\/uploads\/2023\/04\/400x300-Planilha-vida-financeira-true.png\">\n\t\t\t\t<img class=\"newsContent__article__imgCapa newsContent__article__imgCapa--banner\"\n\t\t\t\t\tsrc=\"https:\/\/files.sunoresearch.com.br\/n\/uploads\/2023\/04\/1420x240-Planilha-vida-financeira-true.png\"\n\t\t\t\t\tdata-promo-id=\"383123\"\t\t\t\t\t\t\t\t\t\twidth='1420' height='240'\t\t\t\t\talt=\"https:\/\/files.sunoresearch.com.br\/n\/uploads\/2023\/04\/1420x240-Planilha-vida-financeira-true.png\"\n\t\t\t\t>\n\t\t\t<\/picture>\n\t\t<\/a>\n\t<\/p>\n\n\n","protected":false},"excerpt":{"rendered":"<p>O secret\u00e1rio do Tesouro Nacional, Rog\u00e9rio Ceron, disse que as a\u00e7\u00f5es com potencial para aumentar os gastos p\u00fablicos em tramita\u00e7\u00e3o no Congresso s\u00e3o motivo de preocupa\u00e7\u00e3o. Em entrevista \u00e0 GloboNews, ele disse compreender os pedidos &#8220;merit\u00f3rios&#8221; por parte da sociedade e do Congresso para investimentos em determinadas \u00e1reas, mas pontuou que o governo n\u00e3o tem [&hellip;]<\/p>\n","protected":false},"author":73,"featured_media":498344,"comment_status":"closed","ping_status":"closed","sticky":false,"template":"","format":"standard","meta":[],"categories":[62],"tags":[106444,1044],"suno_strategy":[],"class_list":["post-545272","post","type-post","status-publish","format-standard","has-post-thumbnail","hentry","category-economia","tag-agencias","tag-tesouro-nacional"],"yoast_head":"<!-- This site is optimized with the Yoast SEO plugin v24.4 - https:\/\/yoast.com\/wordpress\/plugins\/seo\/ -->\n<title>Ceron: Preocupa conjunto de a\u00e7\u00f5es do Congresso que ampliam gastos<\/title>\n<meta name=\"description\" content=\"O secret\u00e1rio do Tesouro Nacional, Rog\u00e9rio Ceron, disse que as a\u00e7\u00f5es com potencial para aumentar os gastos p\u00fablicos em tramita\u00e7\u00e3o no Congresso s\u00e3o motivo de preocupa\u00e7\u00e3o\" \/>\n<meta name=\"robots\" content=\"index, follow, max-snippet:-1, max-image-preview:large, max-video-preview:-1\" \/>\n<link rel=\"canonical\" href=\"https:\/\/www.suno.com.br\/noticias\/ceron-preocupa-acoes-congresso-gastos-evm\/\" \/>\n<meta property=\"og:locale\" content=\"pt_BR\" \/>\n<meta property=\"og:type\" content=\"article\" \/>\n<meta property=\"og:title\" content=\"Ceron: Preocupa conjunto de a\u00e7\u00f5es do Congresso que ampliam gastos\" \/>\n<meta property=\"og:description\" content=\"O secret\u00e1rio do Tesouro Nacional, Rog\u00e9rio Ceron, disse que as a\u00e7\u00f5es com potencial para aumentar os gastos p\u00fablicos em tramita\u00e7\u00e3o no Congresso s\u00e3o motivo de preocupa\u00e7\u00e3o\" \/>\n<meta property=\"og:url\" content=\"https:\/\/www.suno.com.br\/noticias\/ceron-preocupa-acoes-congresso-gastos-evm\/\" \/>\n<meta property=\"og:site_name\" content=\"Suno Not\u00edcias\" \/>\n<meta property=\"article:publisher\" content=\"https:\/\/facebook.com\/sunoresearch\" \/>\n<meta property=\"og:image\" content=\"https:\/\/files.sunoresearch.com.br\/n\/uploads\/2023\/12\/ceron-1-scaled.jpg\" \/>\n\t<meta property=\"og:image:width\" content=\"2560\" \/>\n\t<meta property=\"og:image:height\" content=\"1707\" \/>\n\t<meta property=\"og:image:type\" content=\"image\/jpeg\" \/>\n<meta name=\"author\" content=\"Eduardo Vargas\" \/>\n<meta name=\"twitter:card\" content=\"summary_large_image\" \/>\n<meta name=\"twitter:creator\" content=\"@sunoresearch\" \/>\n<meta name=\"twitter:site\" content=\"@sunoresearch\" \/>\n<meta name=\"twitter:label1\" content=\"Escrito por\" \/>\n\t<meta name=\"twitter:data1\" content=\"Eduardo Vargas\" \/>\n\t<meta name=\"twitter:label2\" content=\"Est. tempo de leitura\" \/>\n\t<meta name=\"twitter:data2\" content=\"3 minutos\" \/>\n<script type=\"application\/ld+json\" class=\"yoast-schema-graph\">{\"@context\":\"https:\/\/schema.org\",\"@graph\":[{\"@type\":\"NewsArticle\",\"@id\":\"https:\/\/www.suno.com.br\/noticias\/ceron-preocupa-acoes-congresso-gastos-evm\/#article\",\"isPartOf\":{\"@id\":\"https:\/\/www.suno.com.br\/noticias\/ceron-preocupa-acoes-congresso-gastos-evm\/\"},\"author\":{\"name\":\"Eduardo Vargas\",\"@id\":\"https:\/\/www.suno.com.br\/noticias\/#\/schema\/person\/7f4d362bf3518e76090143ae77bb49a5\"},\"headline\":\"Ceron: Obviamente preocupa conjunto de a\u00e7\u00f5es do Congresso que ampliam gastos\",\"datePublished\":\"2024-04-18T16:51:23+00:00\",\"dateModified\":\"2024-04-18T16:51:29+00:00\",\"mainEntityOfPage\":{\"@id\":\"https:\/\/www.suno.com.br\/noticias\/ceron-preocupa-acoes-congresso-gastos-evm\/\"},\"wordCount\":514,\"publisher\":{\"@id\":\"https:\/\/www.suno.com.br\/noticias\/#organization\"},\"image\":{\"@id\":\"https:\/\/www.suno.com.br\/noticias\/ceron-preocupa-acoes-congresso-gastos-evm\/#primaryimage\"},\"thumbnailUrl\":\"https:\/\/files.sunoresearch.com.br\/n\/uploads\/2023\/12\/ceron-1-scaled.jpg\",\"keywords\":[\"Ag\u00eancias\",\"Tesouro Nacional\"],\"articleSection\":[\"Economia\"],\"inLanguage\":\"pt-BR\"},{\"@type\":\"WebPage\",\"@id\":\"https:\/\/www.suno.com.br\/noticias\/ceron-preocupa-acoes-congresso-gastos-evm\/\",\"url\":\"https:\/\/www.suno.com.br\/noticias\/ceron-preocupa-acoes-congresso-gastos-evm\/\",\"name\":\"Ceron: Preocupa conjunto de a\u00e7\u00f5es do Congresso que ampliam gastos\",\"isPartOf\":{\"@id\":\"https:\/\/www.suno.com.br\/noticias\/#website\"},\"primaryImageOfPage\":{\"@id\":\"https:\/\/www.suno.com.br\/noticias\/ceron-preocupa-acoes-congresso-gastos-evm\/#primaryimage\"},\"image\":{\"@id\":\"https:\/\/www.suno.com.br\/noticias\/ceron-preocupa-acoes-congresso-gastos-evm\/#primaryimage\"},\"thumbnailUrl\":\"https:\/\/files.sunoresearch.com.br\/n\/uploads\/2023\/12\/ceron-1-scaled.jpg\",\"datePublished\":\"2024-04-18T16:51:23+00:00\",\"dateModified\":\"2024-04-18T16:51:29+00:00\",\"description\":\"O secret\u00e1rio do Tesouro Nacional, Rog\u00e9rio Ceron, disse que as a\u00e7\u00f5es com potencial para aumentar os gastos p\u00fablicos em tramita\u00e7\u00e3o no Congresso s\u00e3o motivo de preocupa\u00e7\u00e3o\",\"breadcrumb\":{\"@id\":\"https:\/\/www.suno.com.br\/noticias\/ceron-preocupa-acoes-congresso-gastos-evm\/#breadcrumb\"},\"inLanguage\":\"pt-BR\",\"potentialAction\":[{\"@type\":\"ReadAction\",\"target\":[\"https:\/\/www.suno.com.br\/noticias\/ceron-preocupa-acoes-congresso-gastos-evm\/\"]}]},{\"@type\":\"ImageObject\",\"inLanguage\":\"pt-BR\",\"@id\":\"https:\/\/www.suno.com.br\/noticias\/ceron-preocupa-acoes-congresso-gastos-evm\/#primaryimage\",\"url\":\"https:\/\/files.sunoresearch.com.br\/n\/uploads\/2023\/12\/ceron-1-scaled.jpg\",\"contentUrl\":\"https:\/\/files.sunoresearch.com.br\/n\/uploads\/2023\/12\/ceron-1-scaled.jpg\",\"width\":2560,\"height\":1707,\"caption\":\"Rog\u00e9rio Ceron, atual Secret\u00e1rio do Tesouro Nacional - Foto: Divulga\u00e7\u00e3o\/XP\"},{\"@type\":\"BreadcrumbList\",\"@id\":\"https:\/\/www.suno.com.br\/noticias\/ceron-preocupa-acoes-congresso-gastos-evm\/#breadcrumb\",\"itemListElement\":[{\"@type\":\"ListItem\",\"position\":1,\"name\":\"Not\u00edcias\",\"item\":\"https:\/\/www.suno.com.br\/noticias\/\"},{\"@type\":\"ListItem\",\"position\":2,\"name\":\"Economia\",\"item\":\"https:\/\/www.suno.com.br\/noticias\/economia\/\"},{\"@type\":\"ListItem\",\"position\":3,\"name\":\"Ceron: Obviamente preocupa conjunto de a\u00e7\u00f5es do Congresso que ampliam gastos\"}]},{\"@type\":\"WebSite\",\"@id\":\"https:\/\/www.suno.com.br\/noticias\/#website\",\"url\":\"https:\/\/www.suno.com.br\/noticias\/\",\"name\":\"Suno Not\u00edcias\",\"description\":\"Seu portal de informa\u00e7\u00e3o sobre o mundo dos investimentos\",\"publisher\":{\"@id\":\"https:\/\/www.suno.com.br\/noticias\/#organization\"},\"potentialAction\":[{\"@type\":\"SearchAction\",\"target\":{\"@type\":\"EntryPoint\",\"urlTemplate\":\"https:\/\/www.suno.com.br\/noticias\/?s={search_term_string}\"},\"query-input\":{\"@type\":\"PropertyValueSpecification\",\"valueRequired\":true,\"valueName\":\"search_term_string\"}}],\"inLanguage\":\"pt-BR\"},{\"@type\":\"Organization\",\"@id\":\"https:\/\/www.suno.com.br\/noticias\/#organization\",\"name\":\"Suno Not\u00edcias\",\"url\":\"https:\/\/www.suno.com.br\/noticias\/\",\"logo\":{\"@type\":\"ImageObject\",\"inLanguage\":\"pt-BR\",\"@id\":\"https:\/\/www.suno.com.br\/noticias\/#\/schema\/logo\/image\/\",\"url\":\"https:\/\/files.sunoresearch.com.br\/n\/uploads\/2021\/09\/suno-logo.png\",\"contentUrl\":\"https:\/\/files.sunoresearch.com.br\/n\/uploads\/2021\/09\/suno-logo.png\",\"width\":180,\"height\":180,\"caption\":\"Suno Not\u00edcias\"},\"image\":{\"@id\":\"https:\/\/www.suno.com.br\/noticias\/#\/schema\/logo\/image\/\"},\"sameAs\":[\"https:\/\/facebook.com\/sunoresearch\",\"https:\/\/x.com\/sunoresearch\",\"https:\/\/www.instagram.com\/suno\",\"https:\/\/www.linkedin.com\/company\/suno-research\/\",\"https:\/\/www.youtube.com\/c\/sunoresearch\"]},{\"@type\":\"Person\",\"@id\":\"https:\/\/www.suno.com.br\/noticias\/#\/schema\/person\/7f4d362bf3518e76090143ae77bb49a5\",\"name\":\"Eduardo Vargas\",\"image\":{\"@type\":\"ImageObject\",\"inLanguage\":\"pt-BR\",\"@id\":\"https:\/\/www.suno.com.br\/noticias\/#\/schema\/person\/image\/\",\"url\":\"https:\/\/secure.gravatar.com\/avatar\/dac340933427a22924c9f99d1eb2e3f2?s=96&r=g\",\"contentUrl\":\"https:\/\/secure.gravatar.com\/avatar\/dac340933427a22924c9f99d1eb2e3f2?s=96&r=g\",\"caption\":\"Eduardo Vargas\"},\"description\":\"Jornalista formado pela UFSC, cobre macroeconomia, neg\u00f3cios e startups para o Suno Not\u00edcias, escrevendo principalmente not\u00edcias sobre o mercado financeiro e a bolsa de valores. No YouTube e no Instagram, \u00e9 respons\u00e1vel pela produ\u00e7\u00e3o de Reels e Shorts do Suno Not\u00edcias. Anteriormente, trabalhou cobrindo economia e cotidiano no ND+ e para o ND, maior jornal impresso de Santa Catarina. Cursou um semestre letivo de Estudos de M\u00eddia na Universidad de Buenos Aires.\",\"url\":\"https:\/\/www.suno.com.br\/noticias\/author\/eduardo-vargas\/\"}]}<\/script>\n<!-- \/ Yoast SEO plugin. -->","yoast_head_json":{"title":"Ceron: Preocupa conjunto de a\u00e7\u00f5es do Congresso que ampliam gastos","description":"O secret\u00e1rio do Tesouro Nacional, Rog\u00e9rio Ceron, disse que as a\u00e7\u00f5es com potencial para aumentar os gastos p\u00fablicos em tramita\u00e7\u00e3o no Congresso s\u00e3o motivo de preocupa\u00e7\u00e3o","robots":{"index":"index","follow":"follow","max-snippet":"max-snippet:-1","max-image-preview":"max-image-preview:large","max-video-preview":"max-video-preview:-1"},"canonical":"https:\/\/www.suno.com.br\/noticias\/ceron-preocupa-acoes-congresso-gastos-evm\/","og_locale":"pt_BR","og_type":"article","og_title":"Ceron: Preocupa conjunto de a\u00e7\u00f5es do Congresso que ampliam gastos","og_description":"O secret\u00e1rio do Tesouro Nacional, Rog\u00e9rio Ceron, disse que as a\u00e7\u00f5es com potencial para aumentar os gastos p\u00fablicos em tramita\u00e7\u00e3o no Congresso s\u00e3o motivo de preocupa\u00e7\u00e3o","og_url":"https:\/\/www.suno.com.br\/noticias\/ceron-preocupa-acoes-congresso-gastos-evm\/","og_site_name":"Suno Not\u00edcias","article_publisher":"https:\/\/facebook.com\/sunoresearch","og_image":[{"width":2560,"height":1707,"url":"https:\/\/files.sunoresearch.com.br\/n\/uploads\/2023\/12\/ceron-1-scaled.jpg","type":"image\/jpeg"}],"author":"Eduardo Vargas","twitter_card":"summary_large_image","twitter_creator":"@sunoresearch","twitter_site":"@sunoresearch","twitter_misc":{"Escrito por":"Eduardo Vargas","Est. tempo de leitura":"3 minutos"},"schema":{"@context":"https:\/\/schema.org","@graph":[{"@type":"NewsArticle","@id":"https:\/\/www.suno.com.br\/noticias\/ceron-preocupa-acoes-congresso-gastos-evm\/#article","isPartOf":{"@id":"https:\/\/www.suno.com.br\/noticias\/ceron-preocupa-acoes-congresso-gastos-evm\/"},"author":{"name":"Eduardo Vargas","@id":"https:\/\/www.suno.com.br\/noticias\/#\/schema\/person\/7f4d362bf3518e76090143ae77bb49a5"},"headline":"Ceron: Obviamente preocupa conjunto de a\u00e7\u00f5es do Congresso que ampliam gastos","datePublished":"2024-04-18T16:51:23+00:00","dateModified":"2024-04-18T16:51:29+00:00","mainEntityOfPage":{"@id":"https:\/\/www.suno.com.br\/noticias\/ceron-preocupa-acoes-congresso-gastos-evm\/"},"wordCount":514,"publisher":{"@id":"https:\/\/www.suno.com.br\/noticias\/#organization"},"image":{"@id":"https:\/\/www.suno.com.br\/noticias\/ceron-preocupa-acoes-congresso-gastos-evm\/#primaryimage"},"thumbnailUrl":"https:\/\/files.sunoresearch.com.br\/n\/uploads\/2023\/12\/ceron-1-scaled.jpg","keywords":["Ag\u00eancias","Tesouro Nacional"],"articleSection":["Economia"],"inLanguage":"pt-BR"},{"@type":"WebPage","@id":"https:\/\/www.suno.com.br\/noticias\/ceron-preocupa-acoes-congresso-gastos-evm\/","url":"https:\/\/www.suno.com.br\/noticias\/ceron-preocupa-acoes-congresso-gastos-evm\/","name":"Ceron: Preocupa conjunto de a\u00e7\u00f5es do Congresso que ampliam gastos","isPartOf":{"@id":"https:\/\/www.suno.com.br\/noticias\/#website"},"primaryImageOfPage":{"@id":"https:\/\/www.suno.com.br\/noticias\/ceron-preocupa-acoes-congresso-gastos-evm\/#primaryimage"},"image":{"@id":"https:\/\/www.suno.com.br\/noticias\/ceron-preocupa-acoes-congresso-gastos-evm\/#primaryimage"},"thumbnailUrl":"https:\/\/files.sunoresearch.com.br\/n\/uploads\/2023\/12\/ceron-1-scaled.jpg","datePublished":"2024-04-18T16:51:23+00:00","dateModified":"2024-04-18T16:51:29+00:00","description":"O secret\u00e1rio do Tesouro Nacional, Rog\u00e9rio Ceron, disse que as a\u00e7\u00f5es com potencial para aumentar os gastos p\u00fablicos em tramita\u00e7\u00e3o no Congresso s\u00e3o motivo de preocupa\u00e7\u00e3o","breadcrumb":{"@id":"https:\/\/www.suno.com.br\/noticias\/ceron-preocupa-acoes-congresso-gastos-evm\/#breadcrumb"},"inLanguage":"pt-BR","potentialAction":[{"@type":"ReadAction","target":["https:\/\/www.suno.com.br\/noticias\/ceron-preocupa-acoes-congresso-gastos-evm\/"]}]},{"@type":"ImageObject","inLanguage":"pt-BR","@id":"https:\/\/www.suno.com.br\/noticias\/ceron-preocupa-acoes-congresso-gastos-evm\/#primaryimage","url":"https:\/\/files.sunoresearch.com.br\/n\/uploads\/2023\/12\/ceron-1-scaled.jpg","contentUrl":"https:\/\/files.sunoresearch.com.br\/n\/uploads\/2023\/12\/ceron-1-scaled.jpg","width":2560,"height":1707,"caption":"Rog\u00e9rio Ceron, atual Secret\u00e1rio do Tesouro Nacional - Foto: Divulga\u00e7\u00e3o\/XP"},{"@type":"BreadcrumbList","@id":"https:\/\/www.suno.com.br\/noticias\/ceron-preocupa-acoes-congresso-gastos-evm\/#breadcrumb","itemListElement":[{"@type":"ListItem","position":1,"name":"Not\u00edcias","item":"https:\/\/www.suno.com.br\/noticias\/"},{"@type":"ListItem","position":2,"name":"Economia","item":"https:\/\/www.suno.com.br\/noticias\/economia\/"},{"@type":"ListItem","position":3,"name":"Ceron: Obviamente preocupa conjunto de a\u00e7\u00f5es do Congresso que ampliam gastos"}]},{"@type":"WebSite","@id":"https:\/\/www.suno.com.br\/noticias\/#website","url":"https:\/\/www.suno.com.br\/noticias\/","name":"Suno Not\u00edcias","description":"Seu portal de informa\u00e7\u00e3o sobre o mundo dos investimentos","publisher":{"@id":"https:\/\/www.suno.com.br\/noticias\/#organization"},"potentialAction":[{"@type":"SearchAction","target":{"@type":"EntryPoint","urlTemplate":"https:\/\/www.suno.com.br\/noticias\/?s={search_term_string}"},"query-input":{"@type":"PropertyValueSpecification","valueRequired":true,"valueName":"search_term_string"}}],"inLanguage":"pt-BR"},{"@type":"Organization","@id":"https:\/\/www.suno.com.br\/noticias\/#organization","name":"Suno Not\u00edcias","url":"https:\/\/www.suno.com.br\/noticias\/","logo":{"@type":"ImageObject","inLanguage":"pt-BR","@id":"https:\/\/www.suno.com.br\/noticias\/#\/schema\/logo\/image\/","url":"https:\/\/files.sunoresearch.com.br\/n\/uploads\/2021\/09\/suno-logo.png","contentUrl":"https:\/\/files.sunoresearch.com.br\/n\/uploads\/2021\/09\/suno-logo.png","width":180,"height":180,"caption":"Suno Not\u00edcias"},"image":{"@id":"https:\/\/www.suno.com.br\/noticias\/#\/schema\/logo\/image\/"},"sameAs":["https:\/\/facebook.com\/sunoresearch","https:\/\/x.com\/sunoresearch","https:\/\/www.instagram.com\/suno","https:\/\/www.linkedin.com\/company\/suno-research\/","https:\/\/www.youtube.com\/c\/sunoresearch"]},{"@type":"Person","@id":"https:\/\/www.suno.com.br\/noticias\/#\/schema\/person\/7f4d362bf3518e76090143ae77bb49a5","name":"Eduardo Vargas","image":{"@type":"ImageObject","inLanguage":"pt-BR","@id":"https:\/\/www.suno.com.br\/noticias\/#\/schema\/person\/image\/","url":"https:\/\/secure.gravatar.com\/avatar\/dac340933427a22924c9f99d1eb2e3f2?s=96&r=g","contentUrl":"https:\/\/secure.gravatar.com\/avatar\/dac340933427a22924c9f99d1eb2e3f2?s=96&r=g","caption":"Eduardo Vargas"},"description":"Jornalista formado pela UFSC, cobre macroeconomia, neg\u00f3cios e startups para o Suno Not\u00edcias, escrevendo principalmente not\u00edcias sobre o mercado financeiro e a bolsa de valores. No YouTube e no Instagram, \u00e9 respons\u00e1vel pela produ\u00e7\u00e3o de Reels e Shorts do Suno Not\u00edcias. Anteriormente, trabalhou cobrindo economia e cotidiano no ND+ e para o ND, maior jornal impresso de Santa Catarina. Cursou um semestre letivo de Estudos de M\u00eddia na Universidad de Buenos Aires.","url":"https:\/\/www.suno.com.br\/noticias\/author\/eduardo-vargas\/"}]}},"default_loop_html":"<div class=\"cardsPage__listCard__boxs\"><div class=\"cardsPage__listCard__boxs__img\"><a href=\"https:\/\/www.suno.com.br\/noticias\/ceron-preocupa-acoes-congresso-gastos-evm\/\"><img class=\"mask\" src=\"https:\/\/www.suno.com.br\/noticias\/wp-content\/themes\/suno\/resources\/images\/spotlight\/spotlight1img\/bg-mask.png\" alt=\"Image Mask\"\/><img src=\"https:\/\/files.sunoresearch.com.br\/n\/uploads\/2023\/12\/ceron-1-400x200.jpg\" alt=\"Ceron: Obviamente preocupa conjunto de a\u00e7\u00f5es do Congresso que ampliam gastos\"\/><\/a><span class=\"spotlightCategory\"><a href=\"https:\/\/www.suno.com.br\/noticias\/economia\/\">Economia<\/a><\/span><\/div><div class=\"cardsPage__listCard__boxs__content\"><a href=\"https:\/\/www.suno.com.br\/noticias\/ceron-preocupa-acoes-congresso-gastos-evm\/\"><h2 class=\"content__title\">Ceron: Obviamente preocupa conjunto de a\u00e7\u00f5es do Congresso que ampliam gastos<\/h2><\/a><div class=\"newsContent__article__meta\"><div class=\"newsContent__article__meta__authorBox\"><a href=\"https:\/\/www.suno.com.br\/noticias\/author\/eduardo-vargas\/\" class=\"authorBox__avatar noMobi\"><img src=\"https:\/\/secure.gravatar.com\/avatar\/dac340933427a22924c9f99d1eb2e3f2?s=96&#038;r=g\" alt=\"Eduardo Vargas\"><\/a><div class=\"authorBox__name\"><span>por\n\t\t\t<a href=\"https:\/\/www.suno.com.br\/noticias\/author\/eduardo-vargas\/\"><span itemprop=\"author\">Eduardo Vargas<\/span><\/a><\/span><time datetime=\"2024-04-18T13:51:23-03:00\" itemprop=\"datePublished\">18\/04\/2024 13:51<\/time><\/div><\/div><\/div><\/div><\/div>","single_layout":"posts","amp_enabled":true,"_links":{"self":[{"href":"https:\/\/www.suno.com.br\/noticias\/wp-json\/wp\/v2\/posts\/545272"}],"collection":[{"href":"https:\/\/www.suno.com.br\/noticias\/wp-json\/wp\/v2\/posts"}],"about":[{"href":"https:\/\/www.suno.com.br\/noticias\/wp-json\/wp\/v2\/types\/post"}],"author":[{"embeddable":true,"href":"https:\/\/www.suno.com.br\/noticias\/wp-json\/wp\/v2\/users\/73"}],"replies":[{"embeddable":true,"href":"https:\/\/www.suno.com.br\/noticias\/wp-json\/wp\/v2\/comments?post=545272"}],"version-history":[{"count":3,"href":"https:\/\/www.suno.com.br\/noticias\/wp-json\/wp\/v2\/posts\/545272\/revisions"}],"predecessor-version":[{"id":545355,"href":"https:\/\/www.suno.com.br\/noticias\/wp-json\/wp\/v2\/posts\/545272\/revisions\/545355"}],"wp:featuredmedia":[{"embeddable":true,"href":"https:\/\/www.suno.com.br\/noticias\/wp-json\/wp\/v2\/media\/498344"}],"wp:attachment":[{"href":"https:\/\/www.suno.com.br\/noticias\/wp-json\/wp\/v2\/media?parent=545272"}],"wp:term":[{"taxonomy":"category","embeddable":true,"href":"https:\/\/www.suno.com.br\/noticias\/wp-json\/wp\/v2\/categories?post=545272"},{"taxonomy":"post_tag","embeddable":true,"href":"https:\/\/www.suno.com.br\/noticias\/wp-json\/wp\/v2\/tags?post=545272"},{"taxonomy":"suno_strategy","embeddable":true,"href":"https:\/\/www.suno.com.br\/noticias\/wp-json\/wp\/v2\/suno_strategy?post=545272"}],"curies":[{"name":"wp","href":"https:\/\/api.w.org\/{rel}","templated":true}]}}