{"id":545199,"date":"2024-04-18T09:15:12","date_gmt":"2024-04-18T12:15:12","guid":{"rendered":"https:\/\/www.suno.com.br\/noticias\/?p=545199"},"modified":"2024-04-18T09:15:17","modified_gmt":"2024-04-18T12:15:17","slug":"banco-do-brasil-bbas3-rede-fisica-digitalizacao-gpj","status":"publish","type":"post","link":"https:\/\/www.suno.com.br\/noticias\/banco-do-brasil-bbas3-rede-fisica-digitalizacao-gpj\/","title":{"rendered":"Banco do Brasil (BBAS3): fortaleza \u00e9 rede f\u00edsica, mas digitaliza\u00e7\u00e3o \u00e9 &#8216;realidade&#8217;, diz presidente"},"content":{"rendered":"<p>A presidente do <a href=\"https:\/\/www.suno.com.br\/acoes\/BBAS3\/\"><strong>Banco do Brasil <\/strong>(BBAS3)<\/a>, Tarciana Medeiros, afirmou em evento no Rio de Janeiro que a principal for\u00e7a da institui\u00e7\u00e3o ainda \u00e9 a sua rede de ag\u00eancias f\u00edsicas com grande penetra\u00e7\u00e3o no territ\u00f3rio brasileiro, muito embora a digitaliza\u00e7\u00e3o seja uma &#8220;realidade&#8221;.<\/p>\t<div class=\"wrapper-featured-image\">\n\t\t<figure class=\"spotlightImg\">\n\n\t\t\t<picture>\n\t\t\t\t<source media=\"(max-width: 768px)\" srcset=\"https:\/\/files.sunoresearch.com.br\/n\/uploads\/2023\/08\/tarciana-medeiros-presidente-do-banco-do-brasil-400x200.jpg\">\n\t\t\t\t<img loading=\"lazy\" decoding=\"async\" class=\"newsContent__article__imgCapa lazyloadDisabled \" src=\"https:\/\/files.sunoresearch.com.br\/n\/uploads\/2023\/08\/tarciana-medeiros-presidente-do-banco-do-brasil-800x450.jpg\" width=\"800\" height=\"450\" alt=\"Banco do Brasil (BBAS3): fortaleza \u00e9 rede f\u00edsica, mas digitaliza\u00e7\u00e3o \u00e9 &#8216;realidade&#8217;, diz presidente\" fetchpriority=high \/>\n\t\t\t<\/picture>\n\n\t\t\t<figcaption class=\"wp-caption-text wp-caption-text--show\">Tarciana Medeiros - Foto: Divulga\u00e7\u00e3o\/ Banco de Brasil<\/figcaption>\n\t\t<\/figure>\n\t<\/div>\n\n\n\n\n\n\n\n\t<p>\n\t\t<a href=\"\" target=\"_blank\" data-element=\"shortcode-suno-banner\" title=\"Banner SUNO, clique e saiba mais\">\n\t\t\t<picture>\n\t\t\t\t<source media=\"(max-width: 500px)\" srcset=\"\">\n\t\t\t\t<img class=\"newsContent__article__imgCapa newsContent__article__imgCapa--banner\"\n\t\t\t\t\tsrc=\"\"\n\t\t\t\t\tdata-promo-id=\"250678\"\t\t\t\t\t\t\t\t\t\t\t\t\t\t\talt=\"\"\n\t\t\t\t>\n\t\t\t<\/picture>\n\t\t<\/a>\n\t<\/p>\n\n\n\n\n\n<p>Medeiros sugeriu que, no <a href=\"https:\/\/www.suno.com.br\/artigos\/curto-prazo\/\">curto prazo<\/a>, deve prevalecer uma l\u00f3gica de complementaridade das ag\u00eancias f\u00edsicas com ferramentas digitais.<\/p>\n\n\n\n<p>&#8220;Nossa principal fortaleza \u00e9 a nossa rede f\u00edsica, mas o digital \u00e9 uma realidade. Temos 30 milh\u00f5es de clientes com opera\u00e7\u00e3o digital. Temos um banco no WhatsApp, um aplicativo dos mais bem avaliados. A gente foi entendendo que precisava entregar o f\u00edsico e o digital na medida que cada cliente precisa&#8221;, disse <strong>Tarciana Medeiros<\/strong> durante o Web Summit, evento de tecnologia que acontece nesta semana no Rio de Janeiro.<\/p>\n\n\n\n<p>Tarciana citou como exemplo de meio termo a primeira ag\u00eancia &#8220;fisital&#8221;, que mescla a experi\u00eancia f\u00edsica com a digital, no m\u00eas passado, no Recife (PE). Chamada &#8220;<strong>Ponto BB<\/strong>&#8220;, a ag\u00eancia leva para o ponto f\u00edsico o melhor dos servi\u00e7os digitais do banco, esp\u00e9cie de meio termo que ainda permite contato com outros servi\u00e7os, como Livelo, Shopping BB<strong> <\/strong>e espa\u00e7o para palestras.<\/p>\n\n\n\n\t<div data-element=\"shortcode-read-more\" class=\"readToo\">\n\t\t\t\t<span class=\"readToo__title\">Leia mais<\/span>\n\t\t\t\t<ul class=\"readToo__list\">\n\t\t\t<li><a href=\"https:\/\/www.suno.com.br\/noticias\/banco-do-brasil-bbas3-lanca-cartao-braile-cpf\/\">Banco do Brasil (BBAS3) foca em acessibilidade com 1\u00ba cart\u00e3o 100% em braile<\/a><\/li><li><a href=\"https:\/\/www.suno.com.br\/noticias\/banco-do-brasil-bbas3-nova-agenda-ponto-bb-cpf\/\">Banco do Brasil (BBAS3) estreia novo modelo de ag\u00eancia; conhe\u00e7a o Ponto BB<\/a><\/li>\t\t<\/ul>\n\t<\/div>\n\n\n\n\n<p>&#8220;O segredo \u00e9 entender em que medida, num grande laborat\u00f3rio, podemos entregar um banco f\u00edsico e digital de acordo com o que cada regi\u00e3o precisa&#8221;, disse a <strong>presidente do Banco do Brasil<\/strong>. <\/p>\n\n\n\n<p>&#8220;A necessidade b\u00e1sica (do cliente) \u00e9 pagar, receber e guardar. Na medida em que esse relacionamento vai evoluindo, a necessidade de rela\u00e7\u00f5es mais complexas vai aparecendo&#8221;, completa a executiva, indicando a observ\u00e2ncia de um ritmo moderado na transi\u00e7\u00e3o do BB para o digital.<\/p>\n\n\n\n<p>Ainda de acordo com Tarciana, o<strong> BB<\/strong> tem hoje um total de 92 milh\u00f5es de clientes, dos quais 15 milh\u00f5es ingressaram no banco nos \u00faltimos &#8220;dois ou tr\u00eas anos&#8221;, boa parte durante a pandemia de Covid-19.<\/p>\n\n\n\n<h2 class=\"wp-block-heading\">Desempenho das a\u00e7\u00f5es do Banco do Brasil<\/h2>\n\n\n\n<p>Confira o desempenho das a\u00e7\u00f5es do <strong>Banco do Brasil<\/strong> (BBAS3).<\/p>\n\n\n\n<div class=\"pluginQuotation\">\n  <p class=\"ticker\">\n    Cota\u00e7\u00e3o <span>BBAS3<\/span>\n  <\/p>\n  <div class=\"info\">\n    <div class=\"leftSide\">\n      Gr\u00e1fico gerado em: 18\/04\/2024    <\/div>\n\t\t\t\t\t<div class=\"rightSide\">\n\t\t\t\t\t<span class=\"period\">\n\t\t\t\t\t\t5 Dias\t\t\t\t\t<\/span>\n\t\t\t<\/div>\n\t\t  <\/div>\n\n  <div id=\"chart-3c273696fed5521fdb2794bcafbea9c5\" data-block-hash=\"3c273696fed5521fdb2794bcafbea9c5\"  class=\"chart\" style=\"width:100%;height:400px;\"><\/div>\n\n  <div class=\"pluginQuotation__footer\">\n    <div class=\"dataChart\">\n\n      <div class=\"dataChart__div1 variation\">\n        <div class=\"value-negative\">\n          0,00 (0,00%)        <\/div>\n        <div class=\"text\">\n          Varia\u00e7\u00e3o do per\u00edodo\n        <\/div>\n      <\/div>\n\n      <div class=\"dataChart__div2 minMax\">\n        <div class=\"value\">\n          R$\u00a028,09        <\/div>\n        <div class=\"text\">\n          M\u00ednima\n        <\/div>\n      <\/div>\n\n      <div class=\"dataChart__div3 minMax\">\n        <div class=\"value\">\n          R$\u00a028,09        <\/div>\n        <div class=\"text\">\n          M\u00e1xima\n        <\/div>\n      <\/div>\n\n\t\t\t<div class=\"dataChart__div4 rightSide\">\n\t\t\t\t<div class=\"analiticaSource\">\n\t\t\t\t\t<span>\n\t\t\t\t\t\tFonte:\n\t\t\t\t\t<\/span>\n\t\t\t\t\t<img decoding=\"async\" class=\"analiticaLogo\" src=\"https:\/\/www.suno.com.br\/noticias\/wp-content\/plugins\/suno-block-ticker-quotation\/src\/suno-analitica-logo.png\" alt=\"Logo Suno Anal\u00edtica\" \/>\n\t\t\t\t<\/div>\n\n\t\t\t\t<a href=\"https:\/\/www.suno.com.br\/analitica\/acoes\/BBAS3\" target=\"_blank\">\n\t\t\t\t\t<span>\n\t\t\t\t\t\tVer mais cota\u00e7\u00f5es\n\t\t\t\t\t<\/span>\n\t\t\t\t\t<svg xmlns=\"http:\/\/www.w3.org\/2000\/svg\" width=\"9\" height=\"8\" viewBox=\"0 0 9 8\" fill=\"none\">\n\t\t\t\t\t\t<path d=\"M4.20996 0L3.50496 0.705L6.29496 3.5H0.209961V4.5H6.29496L3.50496 7.295L4.20996 8L8.20996 4L4.20996 0Z\" fill=\"#D42126\" \/>\n\t\t\t\t\t<\/svg>\n\t\t\t\t<\/a>\n    <\/div>\n\n    <\/div>\n  <\/div>\n<\/div>\n\n\n<script type=\"text\/javascript\">\n  let chart_3c273696fed5521fdb2794bcafbea9c5 = document.getElementById('chart-3c273696fed5521fdb2794bcafbea9c5');\n  let data_json_3c273696fed5521fdb2794bcafbea9c5 = \"[{\\\"date\\\":\\\"12\\\\\\\/04\\\\\\\/24 10:20\\\",\\\"value\\\":28.09}]\";\n  let isPositive_3c273696fed5521fdb2794bcafbea9c5 = true;\n\n  let color_3c273696fed5521fdb2794bcafbea9c5 = isPositive_3c273696fed5521fdb2794bcafbea9c5 ? '#3AB53A' : '#D92C2D';\n\n  let data_3c273696fed5521fdb2794bcafbea9c5 = JSON.parse(data_json_3c273696fed5521fdb2794bcafbea9c5);\n\n  const result_3c273696fed5521fdb2794bcafbea9c5 = {\n    date: [],\n    value: [],\n  };\n\n  data_3c273696fed5521fdb2794bcafbea9c5.forEach((item) => {\n    result_3c273696fed5521fdb2794bcafbea9c5.date.push(item.date);\n    result_3c273696fed5521fdb2794bcafbea9c5.value.push(Number(item.value));\n  });\n\n  let option_3c273696fed5521fdb2794bcafbea9c5 = {\n    \/\/ variavel de cor global\n    color: [color_3c273696fed5521fdb2794bcafbea9c5],\n    title: {\n      text: '',\n    },\n    tooltip: {\n      trigger: 'axis',\n      axisPointer: {\n        type: 'cross',\n        label: {\n          \/\/ cor dos valores em X e Y\n          backgroundColor: color_3c273696fed5521fdb2794bcafbea9c5,\n          formatter: (value) => {\n            if (typeof value.value === 'number') {\n              return Number(value.value).toLocaleString('pt-br', {\n                style: 'currency',\n                currency: 'BRL'\n              });\n            }\n            return value.value;\n          },\n        },\n      },\n      valueFormatter: (value) => Number(value).toLocaleString('pt-br', {\n        style: 'currency',\n        currency: 'BRL'\n      }),\n    },\n    legend: {\n      \/\/ data: ['Valor de Fechamento'],\n      show: false,\n    },\n    toolbox: {\n      feature: {\n        saveAsImage: {\n          show: false,\n        },\n      },\n    },\n    grid: {\n      left: '0px',\n      right: '0px',\n      bottom: '0px',\n      containLabel: true,\n    },\n    xAxis: [{\n      type: 'category',\n      data: result_3c273696fed5521fdb2794bcafbea9c5.date,\n      boundaryGap: true,\n    }],\n    yAxis: [{\n      type: 'value',\n      min: Math.min(...result_3c273696fed5521fdb2794bcafbea9c5.value),\n      max: Math.max(...result_3c273696fed5521fdb2794bcafbea9c5.value),\n      axisLabel: {\n        formatter: (value) => value.toLocaleString('pt-br', {\n          style: 'currency',\n          currency: 'BRL'\n        }),\n      },\n    }],\n    series: [{\n      name: 'Valor de Fechamento',\n      type: 'line',\n      stack: 'Total',\n      \/\/ cor do grafico\n      areaStyle: {},\n      emphasis: {\n        focus: 'series',\n      },\n      data: result_3c273696fed5521fdb2794bcafbea9c5.value,\n      \/\/ cor da linha\n      lineStyle: {\n        color: color_3c273696fed5521fdb2794bcafbea9c5,\n      },\n    }, ],\n  };\n\n\twindow.chart_3c273696fed5521fdb2794bcafbea9c5 = {\n\t\tel: chart_3c273696fed5521fdb2794bcafbea9c5,\n\t\toption: option_3c273696fed5521fdb2794bcafbea9c5\t};\n\n\n<\/script>\n\n\n\t<p>\n\t\t<a href=\"https:\/\/lp.suno.com.br\/ebook-como-analisar-uma-acao\/\" target=\"_blank\" data-element=\"shortcode-suno-banner\" title=\"Banner SUNO, clique e saiba mais\">\n\t\t\t<picture>\n\t\t\t\t<source media=\"(max-width: 500px)\" srcset=\"https:\/\/files.sunoresearch.com.br\/n\/uploads\/2023\/03\/Ebook-Acoes-Mobile.jpg\">\n\t\t\t\t<img class=\"newsContent__article__imgCapa newsContent__article__imgCapa--banner\"\n\t\t\t\t\tsrc=\"https:\/\/files.sunoresearch.com.br\/n\/uploads\/2023\/03\/Ebook-Acoes-Desktop.jpg\"\n\t\t\t\t\tdata-promo-id=\"378302\"\t\t\t\t\t\t\t\t\t\twidth='1420' height='286'\t\t\t\t\talt=\"https:\/\/files.sunoresearch.com.br\/n\/uploads\/2023\/03\/Ebook-Acoes-Desktop.jpg\"\n\t\t\t\t>\n\t\t\t<\/picture>\n\t\t<\/a>\n\t<\/p>\n\n\n","protected":false},"excerpt":{"rendered":"<p>A presidente do Banco do Brasil (BBAS3), Tarciana Medeiros, afirmou em evento no Rio de Janeiro que a principal for\u00e7a da institui\u00e7\u00e3o ainda \u00e9 a sua rede de ag\u00eancias f\u00edsicas com grande penetra\u00e7\u00e3o no territ\u00f3rio brasileiro, muito embora a digitaliza\u00e7\u00e3o seja uma &#8220;realidade&#8221;. Tarciana Medeiros &#8211; Foto: Divulga\u00e7\u00e3o\/ Banco de Brasil Medeiros sugeriu que, no [&hellip;]<\/p>\n","protected":false},"author":313,"featured_media":438460,"comment_status":"closed","ping_status":"closed","sticky":false,"template":"","format":"standard","meta":[],"categories":[64],"tags":[732],"suno_strategy":[],"class_list":["post-545199","post","type-post","status-publish","format-standard","has-post-thumbnail","hentry","category-negocios","tag-banco-do-brasil-bbas3"],"yoast_head":"<!-- This site is optimized with the Yoast SEO plugin v24.4 - https:\/\/yoast.com\/wordpress\/plugins\/seo\/ -->\n<title>Banco do Brasil (BBAS3) v\u00ea f\u00edsico e digital como complementares<\/title>\n<meta name=\"description\" content=\"A presidente do Banco do Brasil, Tarciana Medeiros, afirmou que a principal for\u00e7a da institui\u00e7\u00e3o ainda \u00e9 a sua rede de ag\u00eancias f\u00edsicas.\" \/>\n<meta name=\"robots\" content=\"index, follow, max-snippet:-1, max-image-preview:large, max-video-preview:-1\" \/>\n<link rel=\"canonical\" href=\"https:\/\/www.suno.com.br\/noticias\/banco-do-brasil-bbas3-rede-fisica-digitalizacao-gpj\/\" \/>\n<meta property=\"og:locale\" content=\"pt_BR\" \/>\n<meta property=\"og:type\" content=\"article\" \/>\n<meta property=\"og:title\" content=\"Banco do Brasil (BBAS3) v\u00ea f\u00edsico e digital como complementares\" \/>\n<meta property=\"og:description\" content=\"A presidente do Banco do Brasil, Tarciana Medeiros, afirmou que a principal for\u00e7a da institui\u00e7\u00e3o ainda \u00e9 a sua rede de ag\u00eancias f\u00edsicas.\" \/>\n<meta property=\"og:url\" content=\"https:\/\/www.suno.com.br\/noticias\/banco-do-brasil-bbas3-rede-fisica-digitalizacao-gpj\/\" \/>\n<meta property=\"og:site_name\" content=\"Suno Not\u00edcias\" \/>\n<meta property=\"article:publisher\" content=\"https:\/\/facebook.com\/sunoresearch\" \/>\n<meta property=\"og:image\" content=\"https:\/\/files.sunoresearch.com.br\/n\/uploads\/2023\/08\/tarciana-medeiros-presidente-do-banco-do-brasil.jpg\" \/>\n\t<meta property=\"og:image:width\" content=\"1200\" \/>\n\t<meta property=\"og:image:height\" content=\"800\" \/>\n\t<meta property=\"og:image:type\" content=\"image\/jpeg\" \/>\n<meta name=\"author\" content=\"Giovanni Porf\u00edrio Jacomino\" \/>\n<meta name=\"twitter:card\" content=\"summary_large_image\" \/>\n<meta name=\"twitter:creator\" content=\"@sunoresearch\" \/>\n<meta name=\"twitter:site\" content=\"@sunoresearch\" \/>\n<meta name=\"twitter:label1\" content=\"Escrito por\" \/>\n\t<meta name=\"twitter:data1\" content=\"Giovanni Porf\u00edrio Jacomino\" \/>\n\t<meta name=\"twitter:label2\" content=\"Est. tempo de leitura\" \/>\n\t<meta name=\"twitter:data2\" content=\"2 minutos\" \/>\n<script type=\"application\/ld+json\" class=\"yoast-schema-graph\">{\"@context\":\"https:\/\/schema.org\",\"@graph\":[{\"@type\":\"NewsArticle\",\"@id\":\"https:\/\/www.suno.com.br\/noticias\/banco-do-brasil-bbas3-rede-fisica-digitalizacao-gpj\/#article\",\"isPartOf\":{\"@id\":\"https:\/\/www.suno.com.br\/noticias\/banco-do-brasil-bbas3-rede-fisica-digitalizacao-gpj\/\"},\"author\":{\"name\":\"Giovanni Porf\u00edrio Jacomino\",\"@id\":\"https:\/\/www.suno.com.br\/noticias\/#\/schema\/person\/d0f32748bbca4bee871fa191ee4e2d40\"},\"headline\":\"Banco do Brasil (BBAS3): fortaleza \u00e9 rede f\u00edsica, mas digitaliza\u00e7\u00e3o \u00e9 &#8216;realidade&#8217;, diz presidente\",\"datePublished\":\"2024-04-18T12:15:12+00:00\",\"dateModified\":\"2024-04-18T12:15:17+00:00\",\"mainEntityOfPage\":{\"@id\":\"https:\/\/www.suno.com.br\/noticias\/banco-do-brasil-bbas3-rede-fisica-digitalizacao-gpj\/\"},\"wordCount\":367,\"publisher\":{\"@id\":\"https:\/\/www.suno.com.br\/noticias\/#organization\"},\"image\":{\"@id\":\"https:\/\/www.suno.com.br\/noticias\/banco-do-brasil-bbas3-rede-fisica-digitalizacao-gpj\/#primaryimage\"},\"thumbnailUrl\":\"https:\/\/files.sunoresearch.com.br\/n\/uploads\/2023\/08\/tarciana-medeiros-presidente-do-banco-do-brasil.jpg\",\"keywords\":[\"Banco do Brasil (BBAS3)\"],\"articleSection\":[\"Neg\u00f3cios\"],\"inLanguage\":\"pt-BR\"},{\"@type\":\"WebPage\",\"@id\":\"https:\/\/www.suno.com.br\/noticias\/banco-do-brasil-bbas3-rede-fisica-digitalizacao-gpj\/\",\"url\":\"https:\/\/www.suno.com.br\/noticias\/banco-do-brasil-bbas3-rede-fisica-digitalizacao-gpj\/\",\"name\":\"Banco do Brasil (BBAS3) v\u00ea f\u00edsico e digital como complementares\",\"isPartOf\":{\"@id\":\"https:\/\/www.suno.com.br\/noticias\/#website\"},\"primaryImageOfPage\":{\"@id\":\"https:\/\/www.suno.com.br\/noticias\/banco-do-brasil-bbas3-rede-fisica-digitalizacao-gpj\/#primaryimage\"},\"image\":{\"@id\":\"https:\/\/www.suno.com.br\/noticias\/banco-do-brasil-bbas3-rede-fisica-digitalizacao-gpj\/#primaryimage\"},\"thumbnailUrl\":\"https:\/\/files.sunoresearch.com.br\/n\/uploads\/2023\/08\/tarciana-medeiros-presidente-do-banco-do-brasil.jpg\",\"datePublished\":\"2024-04-18T12:15:12+00:00\",\"dateModified\":\"2024-04-18T12:15:17+00:00\",\"description\":\"A presidente do Banco do Brasil, Tarciana Medeiros, afirmou que a principal for\u00e7a da institui\u00e7\u00e3o ainda \u00e9 a sua rede de ag\u00eancias f\u00edsicas.\",\"breadcrumb\":{\"@id\":\"https:\/\/www.suno.com.br\/noticias\/banco-do-brasil-bbas3-rede-fisica-digitalizacao-gpj\/#breadcrumb\"},\"inLanguage\":\"pt-BR\",\"potentialAction\":[{\"@type\":\"ReadAction\",\"target\":[\"https:\/\/www.suno.com.br\/noticias\/banco-do-brasil-bbas3-rede-fisica-digitalizacao-gpj\/\"]}]},{\"@type\":\"ImageObject\",\"inLanguage\":\"pt-BR\",\"@id\":\"https:\/\/www.suno.com.br\/noticias\/banco-do-brasil-bbas3-rede-fisica-digitalizacao-gpj\/#primaryimage\",\"url\":\"https:\/\/files.sunoresearch.com.br\/n\/uploads\/2023\/08\/tarciana-medeiros-presidente-do-banco-do-brasil.jpg\",\"contentUrl\":\"https:\/\/files.sunoresearch.com.br\/n\/uploads\/2023\/08\/tarciana-medeiros-presidente-do-banco-do-brasil.jpg\",\"width\":1200,\"height\":800,\"caption\":\"Tarciana Medeiros - Foto: Divulga\u00e7\u00e3o\/ Banco de Brasil\"},{\"@type\":\"BreadcrumbList\",\"@id\":\"https:\/\/www.suno.com.br\/noticias\/banco-do-brasil-bbas3-rede-fisica-digitalizacao-gpj\/#breadcrumb\",\"itemListElement\":[{\"@type\":\"ListItem\",\"position\":1,\"name\":\"Not\u00edcias\",\"item\":\"https:\/\/www.suno.com.br\/noticias\/\"},{\"@type\":\"ListItem\",\"position\":2,\"name\":\"Neg\u00f3cios\",\"item\":\"https:\/\/www.suno.com.br\/noticias\/negocios\/\"},{\"@type\":\"ListItem\",\"position\":3,\"name\":\"Banco do Brasil (BBAS3): fortaleza \u00e9 rede f\u00edsica, mas digitaliza\u00e7\u00e3o \u00e9 &#8216;realidade&#8217;, diz presidente\"}]},{\"@type\":\"WebSite\",\"@id\":\"https:\/\/www.suno.com.br\/noticias\/#website\",\"url\":\"https:\/\/www.suno.com.br\/noticias\/\",\"name\":\"Suno Not\u00edcias\",\"description\":\"Seu portal de informa\u00e7\u00e3o sobre o mundo dos investimentos\",\"publisher\":{\"@id\":\"https:\/\/www.suno.com.br\/noticias\/#organization\"},\"potentialAction\":[{\"@type\":\"SearchAction\",\"target\":{\"@type\":\"EntryPoint\",\"urlTemplate\":\"https:\/\/www.suno.com.br\/noticias\/?s={search_term_string}\"},\"query-input\":{\"@type\":\"PropertyValueSpecification\",\"valueRequired\":true,\"valueName\":\"search_term_string\"}}],\"inLanguage\":\"pt-BR\"},{\"@type\":\"Organization\",\"@id\":\"https:\/\/www.suno.com.br\/noticias\/#organization\",\"name\":\"Suno Not\u00edcias\",\"url\":\"https:\/\/www.suno.com.br\/noticias\/\",\"logo\":{\"@type\":\"ImageObject\",\"inLanguage\":\"pt-BR\",\"@id\":\"https:\/\/www.suno.com.br\/noticias\/#\/schema\/logo\/image\/\",\"url\":\"https:\/\/files.sunoresearch.com.br\/n\/uploads\/2021\/09\/suno-logo.png\",\"contentUrl\":\"https:\/\/files.sunoresearch.com.br\/n\/uploads\/2021\/09\/suno-logo.png\",\"width\":180,\"height\":180,\"caption\":\"Suno Not\u00edcias\"},\"image\":{\"@id\":\"https:\/\/www.suno.com.br\/noticias\/#\/schema\/logo\/image\/\"},\"sameAs\":[\"https:\/\/facebook.com\/sunoresearch\",\"https:\/\/x.com\/sunoresearch\",\"https:\/\/www.instagram.com\/suno\",\"https:\/\/www.linkedin.com\/company\/suno-research\/\",\"https:\/\/www.youtube.com\/c\/sunoresearch\"]},{\"@type\":\"Person\",\"@id\":\"https:\/\/www.suno.com.br\/noticias\/#\/schema\/person\/d0f32748bbca4bee871fa191ee4e2d40\",\"name\":\"Giovanni Porf\u00edrio Jacomino\",\"image\":{\"@type\":\"ImageObject\",\"inLanguage\":\"pt-BR\",\"@id\":\"https:\/\/www.suno.com.br\/noticias\/#\/schema\/person\/image\/\",\"url\":\"https:\/\/secure.gravatar.com\/avatar\/efb32e19b730a121cb7a80f41ffec01a?s=96&r=g\",\"contentUrl\":\"https:\/\/secure.gravatar.com\/avatar\/efb32e19b730a121cb7a80f41ffec01a?s=96&r=g\",\"caption\":\"Giovanni Porf\u00edrio Jacomino\"},\"description\":\"Giovanni Porf\u00edrio Jacomino \u00e9 jornalista formado pela Universidade Estadual de Londrina (UEL) e p\u00f3s-graduado em Produ\u00e7\u00e3o e Pr\u00e1ticas Jornal\u00edsticas na Contemporaneidade na Faculdade C\u00e1sper L\u00edbero (FCL). Foi editor web no Startupi e no Finsiders, atuando ainda como editor no TC Mover, portal de not\u00edcias da TradersClub, fazendo a cobertura de assuntos relacionados ao mercado financeiro interno e externo. Atualmente, \u00e9 Rep\u00f3rter do Suno Not\u00edcias.\",\"url\":\"https:\/\/www.suno.com.br\/noticias\/author\/giovanni-porfiriosuno-com-br\/\"}]}<\/script>\n<!-- \/ Yoast SEO plugin. -->","yoast_head_json":{"title":"Banco do Brasil (BBAS3) v\u00ea f\u00edsico e digital como complementares","description":"A presidente do Banco do Brasil, Tarciana Medeiros, afirmou que a principal for\u00e7a da institui\u00e7\u00e3o ainda \u00e9 a sua rede de ag\u00eancias f\u00edsicas.","robots":{"index":"index","follow":"follow","max-snippet":"max-snippet:-1","max-image-preview":"max-image-preview:large","max-video-preview":"max-video-preview:-1"},"canonical":"https:\/\/www.suno.com.br\/noticias\/banco-do-brasil-bbas3-rede-fisica-digitalizacao-gpj\/","og_locale":"pt_BR","og_type":"article","og_title":"Banco do Brasil (BBAS3) v\u00ea f\u00edsico e digital como complementares","og_description":"A presidente do Banco do Brasil, Tarciana Medeiros, afirmou que a principal for\u00e7a da institui\u00e7\u00e3o ainda \u00e9 a sua rede de ag\u00eancias f\u00edsicas.","og_url":"https:\/\/www.suno.com.br\/noticias\/banco-do-brasil-bbas3-rede-fisica-digitalizacao-gpj\/","og_site_name":"Suno Not\u00edcias","article_publisher":"https:\/\/facebook.com\/sunoresearch","og_image":[{"width":1200,"height":800,"url":"https:\/\/files.sunoresearch.com.br\/n\/uploads\/2023\/08\/tarciana-medeiros-presidente-do-banco-do-brasil.jpg","type":"image\/jpeg"}],"author":"Giovanni Porf\u00edrio Jacomino","twitter_card":"summary_large_image","twitter_creator":"@sunoresearch","twitter_site":"@sunoresearch","twitter_misc":{"Escrito por":"Giovanni Porf\u00edrio Jacomino","Est. tempo de leitura":"2 minutos"},"schema":{"@context":"https:\/\/schema.org","@graph":[{"@type":"NewsArticle","@id":"https:\/\/www.suno.com.br\/noticias\/banco-do-brasil-bbas3-rede-fisica-digitalizacao-gpj\/#article","isPartOf":{"@id":"https:\/\/www.suno.com.br\/noticias\/banco-do-brasil-bbas3-rede-fisica-digitalizacao-gpj\/"},"author":{"name":"Giovanni Porf\u00edrio Jacomino","@id":"https:\/\/www.suno.com.br\/noticias\/#\/schema\/person\/d0f32748bbca4bee871fa191ee4e2d40"},"headline":"Banco do Brasil (BBAS3): fortaleza \u00e9 rede f\u00edsica, mas digitaliza\u00e7\u00e3o \u00e9 &#8216;realidade&#8217;, diz presidente","datePublished":"2024-04-18T12:15:12+00:00","dateModified":"2024-04-18T12:15:17+00:00","mainEntityOfPage":{"@id":"https:\/\/www.suno.com.br\/noticias\/banco-do-brasil-bbas3-rede-fisica-digitalizacao-gpj\/"},"wordCount":367,"publisher":{"@id":"https:\/\/www.suno.com.br\/noticias\/#organization"},"image":{"@id":"https:\/\/www.suno.com.br\/noticias\/banco-do-brasil-bbas3-rede-fisica-digitalizacao-gpj\/#primaryimage"},"thumbnailUrl":"https:\/\/files.sunoresearch.com.br\/n\/uploads\/2023\/08\/tarciana-medeiros-presidente-do-banco-do-brasil.jpg","keywords":["Banco do Brasil (BBAS3)"],"articleSection":["Neg\u00f3cios"],"inLanguage":"pt-BR"},{"@type":"WebPage","@id":"https:\/\/www.suno.com.br\/noticias\/banco-do-brasil-bbas3-rede-fisica-digitalizacao-gpj\/","url":"https:\/\/www.suno.com.br\/noticias\/banco-do-brasil-bbas3-rede-fisica-digitalizacao-gpj\/","name":"Banco do Brasil (BBAS3) v\u00ea f\u00edsico e digital como complementares","isPartOf":{"@id":"https:\/\/www.suno.com.br\/noticias\/#website"},"primaryImageOfPage":{"@id":"https:\/\/www.suno.com.br\/noticias\/banco-do-brasil-bbas3-rede-fisica-digitalizacao-gpj\/#primaryimage"},"image":{"@id":"https:\/\/www.suno.com.br\/noticias\/banco-do-brasil-bbas3-rede-fisica-digitalizacao-gpj\/#primaryimage"},"thumbnailUrl":"https:\/\/files.sunoresearch.com.br\/n\/uploads\/2023\/08\/tarciana-medeiros-presidente-do-banco-do-brasil.jpg","datePublished":"2024-04-18T12:15:12+00:00","dateModified":"2024-04-18T12:15:17+00:00","description":"A presidente do Banco do Brasil, Tarciana Medeiros, afirmou que a principal for\u00e7a da institui\u00e7\u00e3o ainda \u00e9 a sua rede de ag\u00eancias f\u00edsicas.","breadcrumb":{"@id":"https:\/\/www.suno.com.br\/noticias\/banco-do-brasil-bbas3-rede-fisica-digitalizacao-gpj\/#breadcrumb"},"inLanguage":"pt-BR","potentialAction":[{"@type":"ReadAction","target":["https:\/\/www.suno.com.br\/noticias\/banco-do-brasil-bbas3-rede-fisica-digitalizacao-gpj\/"]}]},{"@type":"ImageObject","inLanguage":"pt-BR","@id":"https:\/\/www.suno.com.br\/noticias\/banco-do-brasil-bbas3-rede-fisica-digitalizacao-gpj\/#primaryimage","url":"https:\/\/files.sunoresearch.com.br\/n\/uploads\/2023\/08\/tarciana-medeiros-presidente-do-banco-do-brasil.jpg","contentUrl":"https:\/\/files.sunoresearch.com.br\/n\/uploads\/2023\/08\/tarciana-medeiros-presidente-do-banco-do-brasil.jpg","width":1200,"height":800,"caption":"Tarciana Medeiros - Foto: Divulga\u00e7\u00e3o\/ Banco de Brasil"},{"@type":"BreadcrumbList","@id":"https:\/\/www.suno.com.br\/noticias\/banco-do-brasil-bbas3-rede-fisica-digitalizacao-gpj\/#breadcrumb","itemListElement":[{"@type":"ListItem","position":1,"name":"Not\u00edcias","item":"https:\/\/www.suno.com.br\/noticias\/"},{"@type":"ListItem","position":2,"name":"Neg\u00f3cios","item":"https:\/\/www.suno.com.br\/noticias\/negocios\/"},{"@type":"ListItem","position":3,"name":"Banco do Brasil (BBAS3): fortaleza \u00e9 rede f\u00edsica, mas digitaliza\u00e7\u00e3o \u00e9 &#8216;realidade&#8217;, diz presidente"}]},{"@type":"WebSite","@id":"https:\/\/www.suno.com.br\/noticias\/#website","url":"https:\/\/www.suno.com.br\/noticias\/","name":"Suno Not\u00edcias","description":"Seu portal de informa\u00e7\u00e3o sobre o mundo dos investimentos","publisher":{"@id":"https:\/\/www.suno.com.br\/noticias\/#organization"},"potentialAction":[{"@type":"SearchAction","target":{"@type":"EntryPoint","urlTemplate":"https:\/\/www.suno.com.br\/noticias\/?s={search_term_string}"},"query-input":{"@type":"PropertyValueSpecification","valueRequired":true,"valueName":"search_term_string"}}],"inLanguage":"pt-BR"},{"@type":"Organization","@id":"https:\/\/www.suno.com.br\/noticias\/#organization","name":"Suno Not\u00edcias","url":"https:\/\/www.suno.com.br\/noticias\/","logo":{"@type":"ImageObject","inLanguage":"pt-BR","@id":"https:\/\/www.suno.com.br\/noticias\/#\/schema\/logo\/image\/","url":"https:\/\/files.sunoresearch.com.br\/n\/uploads\/2021\/09\/suno-logo.png","contentUrl":"https:\/\/files.sunoresearch.com.br\/n\/uploads\/2021\/09\/suno-logo.png","width":180,"height":180,"caption":"Suno Not\u00edcias"},"image":{"@id":"https:\/\/www.suno.com.br\/noticias\/#\/schema\/logo\/image\/"},"sameAs":["https:\/\/facebook.com\/sunoresearch","https:\/\/x.com\/sunoresearch","https:\/\/www.instagram.com\/suno","https:\/\/www.linkedin.com\/company\/suno-research\/","https:\/\/www.youtube.com\/c\/sunoresearch"]},{"@type":"Person","@id":"https:\/\/www.suno.com.br\/noticias\/#\/schema\/person\/d0f32748bbca4bee871fa191ee4e2d40","name":"Giovanni Porf\u00edrio Jacomino","image":{"@type":"ImageObject","inLanguage":"pt-BR","@id":"https:\/\/www.suno.com.br\/noticias\/#\/schema\/person\/image\/","url":"https:\/\/secure.gravatar.com\/avatar\/efb32e19b730a121cb7a80f41ffec01a?s=96&r=g","contentUrl":"https:\/\/secure.gravatar.com\/avatar\/efb32e19b730a121cb7a80f41ffec01a?s=96&r=g","caption":"Giovanni Porf\u00edrio Jacomino"},"description":"Giovanni Porf\u00edrio Jacomino \u00e9 jornalista formado pela Universidade Estadual de Londrina (UEL) e p\u00f3s-graduado em Produ\u00e7\u00e3o e Pr\u00e1ticas Jornal\u00edsticas na Contemporaneidade na Faculdade C\u00e1sper L\u00edbero (FCL). Foi editor web no Startupi e no Finsiders, atuando ainda como editor no TC Mover, portal de not\u00edcias da TradersClub, fazendo a cobertura de assuntos relacionados ao mercado financeiro interno e externo. Atualmente, \u00e9 Rep\u00f3rter do Suno Not\u00edcias.","url":"https:\/\/www.suno.com.br\/noticias\/author\/giovanni-porfiriosuno-com-br\/"}]}},"default_loop_html":"<div class=\"cardsPage__listCard__boxs\"><div class=\"cardsPage__listCard__boxs__img\"><a href=\"https:\/\/www.suno.com.br\/noticias\/banco-do-brasil-bbas3-rede-fisica-digitalizacao-gpj\/\"><img class=\"mask\" src=\"https:\/\/www.suno.com.br\/noticias\/wp-content\/themes\/suno\/resources\/images\/spotlight\/spotlight1img\/bg-mask.png\" alt=\"Image Mask\"\/><img src=\"https:\/\/files.sunoresearch.com.br\/n\/uploads\/2023\/08\/tarciana-medeiros-presidente-do-banco-do-brasil-400x200.jpg\" alt=\"Banco do Brasil (BBAS3): fortaleza \u00e9 rede f\u00edsica, mas digitaliza\u00e7\u00e3o \u00e9 &#8216;realidade&#8217;, diz presidente\"\/><\/a><span class=\"spotlightCategory\"><a href=\"https:\/\/www.suno.com.br\/noticias\/negocios\/\">Neg\u00f3cios<\/a><\/span><\/div><div class=\"cardsPage__listCard__boxs__content\"><a href=\"https:\/\/www.suno.com.br\/noticias\/banco-do-brasil-bbas3-rede-fisica-digitalizacao-gpj\/\"><h2 class=\"content__title\">Banco do Brasil (BBAS3): fortaleza \u00e9 rede f\u00edsica, mas digitaliza\u00e7\u00e3o \u00e9 &#8216;realidade&#8217;, diz presidente<\/h2><\/a><div class=\"newsContent__article__meta\"><div class=\"newsContent__article__meta__authorBox\"><a href=\"https:\/\/www.suno.com.br\/noticias\/author\/camila-figueiredosuno-com-br\/\" class=\"authorBox__avatar noMobi\"><img src=\"https:\/\/files.sunoresearch.com.br\/n\/uploads\/2024\/05\/camila-paim-square-150x150.jpg\" alt=\"Camila Paim\"><\/a><div class=\"authorBox__name\"><span>por\n\t\t\t<a href=\"https:\/\/www.suno.com.br\/noticias\/author\/camila-figueiredosuno-com-br\/\"><span itemprop=\"author\">Camila Paim<\/span><\/a><\/span><time datetime=\"2024-04-18T09:15:12-03:00\" itemprop=\"datePublished\">18\/04\/2024 09:15<\/time><\/div><\/div><\/div><\/div><\/div>","single_layout":"posts","amp_enabled":true,"_links":{"self":[{"href":"https:\/\/www.suno.com.br\/noticias\/wp-json\/wp\/v2\/posts\/545199"}],"collection":[{"href":"https:\/\/www.suno.com.br\/noticias\/wp-json\/wp\/v2\/posts"}],"about":[{"href":"https:\/\/www.suno.com.br\/noticias\/wp-json\/wp\/v2\/types\/post"}],"author":[{"embeddable":true,"href":"https:\/\/www.suno.com.br\/noticias\/wp-json\/wp\/v2\/users\/313"}],"replies":[{"embeddable":true,"href":"https:\/\/www.suno.com.br\/noticias\/wp-json\/wp\/v2\/comments?post=545199"}],"version-history":[{"count":2,"href":"https:\/\/www.suno.com.br\/noticias\/wp-json\/wp\/v2\/posts\/545199\/revisions"}],"predecessor-version":[{"id":545216,"href":"https:\/\/www.suno.com.br\/noticias\/wp-json\/wp\/v2\/posts\/545199\/revisions\/545216"}],"wp:featuredmedia":[{"embeddable":true,"href":"https:\/\/www.suno.com.br\/noticias\/wp-json\/wp\/v2\/media\/438460"}],"wp:attachment":[{"href":"https:\/\/www.suno.com.br\/noticias\/wp-json\/wp\/v2\/media?parent=545199"}],"wp:term":[{"taxonomy":"category","embeddable":true,"href":"https:\/\/www.suno.com.br\/noticias\/wp-json\/wp\/v2\/categories?post=545199"},{"taxonomy":"post_tag","embeddable":true,"href":"https:\/\/www.suno.com.br\/noticias\/wp-json\/wp\/v2\/tags?post=545199"},{"taxonomy":"suno_strategy","embeddable":true,"href":"https:\/\/www.suno.com.br\/noticias\/wp-json\/wp\/v2\/suno_strategy?post=545199"}],"curies":[{"name":"wp","href":"https:\/\/api.w.org\/{rel}","templated":true}]}}