{"id":545091,"date":"2024-04-18T08:08:27","date_gmt":"2024-04-18T11:08:27","guid":{"rendered":"https:\/\/www.suno.com.br\/noticias\/?p=545091"},"modified":"2024-04-18T08:08:33","modified_gmt":"2024-04-18T11:08:33","slug":"sabesp-camara-privatizacao-gpj","status":"publish","type":"post","link":"https:\/\/www.suno.com.br\/noticias\/sabesp-camara-privatizacao-gpj\/","title":{"rendered":"Sabesp (SBSP3): C\u00e2mara Municipal de SP aprova privatiza\u00e7\u00e3o em primeiro turno"},"content":{"rendered":"<p>A C\u00e2mara Municipal de S\u00e3o Paulo aprovou, nesta quarta-feira (17), em primeiro turno, o projeto que abre caminho para a privatiza\u00e7\u00e3o da <a href=\"https:\/\/www.suno.com.br\/acoes\/SBSP3\/\"><strong>Sabesp<\/strong> (SBSP3)<\/a>. <\/p>\t<div class=\"wrapper-featured-image\">\n\t\t<figure class=\"spotlightImg\">\n\n\t\t\t<picture>\n\t\t\t\t<source media=\"(max-width: 768px)\" srcset=\"https:\/\/files.sunoresearch.com.br\/n\/uploads\/2023\/03\/sabesp-sbsp3-privatizacao-saiba-mais-foto-divulgacao-400x200.jpg\">\n\t\t\t\t<img loading=\"lazy\" decoding=\"async\" class=\"newsContent__article__imgCapa lazyloadDisabled \" src=\"https:\/\/files.sunoresearch.com.br\/n\/uploads\/2023\/03\/sabesp-sbsp3-privatizacao-saiba-mais-foto-divulgacao-800x450.jpg\" width=\"800\" height=\"450\" alt=\"Sabesp (SBSP3): C\u00e2mara Municipal de SP aprova privatiza\u00e7\u00e3o em primeiro turno\" fetchpriority=high \/>\n\t\t\t<\/picture>\n\n\t\t\t<figcaption class=\"wp-caption-text wp-caption-text--show\">Sabesp (SBSP3). Foto: Divulga\u00e7\u00e3o<\/figcaption>\n\t\t<\/figure>\n\t<\/div>\n\n\n\n\n\n\n\n\t<p>\n\t\t<a href=\"https:\/\/lp.suno.com.br\/planilha-da-vida-financeira\/\" target=\"_blank\" data-element=\"shortcode-suno-banner\" title=\"Banner SUNO, clique e saiba mais\">\n\t\t\t<picture>\n\t\t\t\t<source media=\"(max-width: 500px)\" srcset=\"https:\/\/files.sunoresearch.com.br\/n\/uploads\/2023\/04\/400x300-Planilha-vida-financeira-true.png\">\n\t\t\t\t<img class=\"newsContent__article__imgCapa newsContent__article__imgCapa--banner\"\n\t\t\t\t\tsrc=\"https:\/\/files.sunoresearch.com.br\/n\/uploads\/2023\/04\/1420x240-Planilha-vida-financeira-true.png\"\n\t\t\t\t\tdata-promo-id=\"106682\"\t\t\t\t\t\t\t\t\t\twidth='1420' height='240'\t\t\t\t\talt=\"https:\/\/files.sunoresearch.com.br\/n\/uploads\/2023\/04\/1420x240-Planilha-vida-financeira-true.png\"\n\t\t\t\t>\n\t\t\t<\/picture>\n\t\t<\/a>\n\t<\/p>\n\n\n\n\n\n<p>O projeto de lei 163\/2024, apresentado pela prefeitura de S\u00e3o Paulo<strong>,<\/strong> teve 36 votos favor\u00e1veis \u00e0 <strong>privatiza\u00e7\u00e3o da Sabesp<\/strong> e 18 contr\u00e1rios. No entanto, o texto ainda precisa passar por uma segunda vota\u00e7\u00e3o, e uma nova audi\u00eancia p\u00fablica ainda deve acontecer antes disso.<\/p>\n\n\n\n<p>Em dezembro, a Assembleia Legislativa do Estado de S\u00e3o Paulo (Alesp) havia dado autoriza\u00e7\u00e3o para que o governo do Estado de S\u00e3o Paulo diminu\u00edsse sua participa\u00e7\u00e3o na empresa de saneamento. O texto da Alesp foi sancionado pelo governador de S\u00e3o Paulo, Tarc\u00edsio de Freitas (Republicanos), mas a companhia ainda precisava negociar contratos com os munic\u00edpios atendidos.<\/p>\n\n\n\n<p>O caso da capital paulista \u00e9 crucial. Isso porque entre os cerca de 370 munic\u00edpios atendidos pela Sabesp, S\u00e3o Paulo representa entre 45% e 50% da <a href=\"https:\/\/www.suno.com.br\/artigos\/receita-total\/\">receita total<\/a> da empresa de saneamento.<\/p>\n\n\n\n<p>A lei municipal 14.934, de 2009, que autoriza a Prefeitura de S\u00e3o Paulo a celebrar conv\u00eanios com o Estado de S\u00e3o Paulo, a Ag\u00eancia Reguladora de Saneamento e Energia do Estado de S\u00e3o Paulo (Arsesp) e a Sabesp, previa o fim do contrato em caso de privatiza\u00e7\u00e3o. Cabia \u00e0 C\u00e2mara Municipal, neste caso, a aprova\u00e7\u00e3o de uma nova lei sobre o assunto.<\/p>\n\n\n\n<p>A previs\u00e3o da Sabesp (<strong>SBSP3<\/strong>) \u00e9 que a desestatiza\u00e7\u00e3o da empresa seja realizada at\u00e9 o fim do primeiro semestre de 2024.<\/p>\n\n\n\n<p>Promessa de campanha eleitoral do ent\u00e3o candidato e hoje governador, a privatiza\u00e7\u00e3o da companhia de saneamento paulista \u00e9 considerada a menina dos olhos do atual chefe do Pal\u00e1cio dos Bandeirantes, que diz que isso ir\u00e1 transformar a Sabesp em uma multinacional de saneamento.<\/p>\n\n\n\t<p>\n\t\t<a href=\"https:\/\/lp.suno.com.br\/ebook-como-analisar-uma-acao\/\" target=\"_blank\" data-element=\"shortcode-suno-banner\" title=\"Banner SUNO, clique e saiba mais\">\n\t\t\t<picture>\n\t\t\t\t<source media=\"(max-width: 500px)\" srcset=\"https:\/\/files.sunoresearch.com.br\/n\/uploads\/2023\/03\/Ebook-Acoes-Mobile.jpg\">\n\t\t\t\t<img class=\"newsContent__article__imgCapa newsContent__article__imgCapa--banner\"\n\t\t\t\t\tsrc=\"https:\/\/files.sunoresearch.com.br\/n\/uploads\/2023\/03\/Ebook-Acoes-Desktop.jpg\"\n\t\t\t\t\tdata-promo-id=\"378302\"\t\t\t\t\t\t\t\t\t\twidth='1420' height='286'\t\t\t\t\talt=\"https:\/\/files.sunoresearch.com.br\/n\/uploads\/2023\/03\/Ebook-Acoes-Desktop.jpg\"\n\t\t\t\t>\n\t\t\t<\/picture>\n\t\t<\/a>\n\t<\/p>\n\n\n\n\n\n<h2 class=\"wp-block-heading\">Manifesta\u00e7\u00f5es<\/h2>\n\n\n\n<p>O debate sobre o projeto de lei foi acalorado ao longo da sess\u00e3o que contou com mais de quatro horas de dura\u00e7\u00e3o. Al\u00e9m de manifesta\u00e7\u00f5es de grupos civis contr\u00e1rios \u00e0 <strong>desestatiza\u00e7\u00e3o da Sabesp<\/strong>, presentes dentro e fora do pr\u00e9dio, houve bate boca entre vereadores em meio \u00e0s falas no plen\u00e1rio.<\/p>\n\n\n\n<p>Deputados da oposi\u00e7\u00e3o, como PSOL e PT, criticaram o fato de a mat\u00e9ria n\u00e3o ter passado por todas as comiss\u00f5es da Casa, incluindo a de Finan\u00e7as. &#8220;O processo n\u00e3o est\u00e1 passando por cima dos ritos normais democr\u00e1ticos&#8221;, afirmou a vereadora Silvia da Bancada Feminista do PSOL.<\/p>\n\n\n\n<p>A parlamentar destacou que o partido, junto com o PT, entrou com uma medida judicial para impedir a continuidade da vota\u00e7\u00e3o e a poss\u00edvel anula\u00e7\u00e3o caso ela aconte\u00e7a. Ela criticou ainda a antecipa\u00e7\u00e3o da vota\u00e7\u00e3o do projeto de lei, antes do fim do calend\u00e1rio de audi\u00eancias p\u00fablicas sobre a privatiza\u00e7\u00e3o.<\/p>\n\n\n\n<p>O vereador Sidney Cruz (Solidariedade), relator do projeto e presidente da Comiss\u00e3o Especial de Estudos Relativos ao <strong>Processo de Privatiza\u00e7\u00e3o da Sabesp<\/strong>, negou falta di\u00e1logo na C\u00e2mara. &#8220;N\u00e3o d\u00e1 para falar que o assunto come\u00e7ou a ser debatido ontem na primeira audi\u00eancia p\u00fablica. Estamos falando disso desde outubro de 2023&#8221;, disse.<\/p>\n\n\n\n<p>Cruz defendeu a ades\u00e3o \u00e0 concess\u00e3o, ressaltando a antecipa\u00e7\u00e3o de recursos ao Fundo Municipal de Saneamento Ambiental e Infraestrutura na assinatura do conv\u00eanio para a cidade de S\u00e3o Paulo. Citou tamb\u00e9m o adiantamento da universaliza\u00e7\u00e3o dos servi\u00e7os de saneamento de 2033 para 2029, conforme estipulado no modelo de privatiza\u00e7\u00e3o da <strong>Sabesp<\/strong>.<\/p>\n\n\n\n<p><em>*Com informa\u00e7\u00f5es de Estad\u00e3o Conte\u00fado<\/em><\/p>\n\n\n\t<p>\n\t\t<a href=\"https:\/\/lp.suno.com.br\/planilha-da-vida-financeira\/\" target=\"_blank\" data-element=\"shortcode-suno-banner\" title=\"Banner SUNO, clique e saiba mais\">\n\t\t\t<picture>\n\t\t\t\t<source media=\"(max-width: 500px)\" srcset=\"https:\/\/files.sunoresearch.com.br\/n\/uploads\/2023\/04\/400x300-Planilha-vida-financeira-true.png\">\n\t\t\t\t<img class=\"newsContent__article__imgCapa newsContent__article__imgCapa--banner\"\n\t\t\t\t\tsrc=\"https:\/\/files.sunoresearch.com.br\/n\/uploads\/2023\/04\/1420x240-Planilha-vida-financeira-true.png\"\n\t\t\t\t\tdata-promo-id=\"383123\"\t\t\t\t\t\t\t\t\t\twidth='1420' height='240'\t\t\t\t\talt=\"https:\/\/files.sunoresearch.com.br\/n\/uploads\/2023\/04\/1420x240-Planilha-vida-financeira-true.png\"\n\t\t\t\t>\n\t\t\t<\/picture>\n\t\t<\/a>\n\t<\/p>\n\n\n","protected":false},"excerpt":{"rendered":"<p>A C\u00e2mara Municipal de S\u00e3o Paulo aprovou, nesta quarta-feira (17), em primeiro turno, o projeto que abre caminho para a privatiza\u00e7\u00e3o da Sabesp (SBSP3). Sabesp (SBSP3). Foto: Divulga\u00e7\u00e3o O projeto de lei 163\/2024, apresentado pela prefeitura de S\u00e3o Paulo, teve 36 votos favor\u00e1veis \u00e0 privatiza\u00e7\u00e3o da Sabesp e 18 contr\u00e1rios. No entanto, o texto ainda [&hellip;]<\/p>\n","protected":false},"author":313,"featured_media":378892,"comment_status":"closed","ping_status":"closed","sticky":false,"template":"","format":"standard","meta":[],"categories":[64],"tags":[945,106765],"suno_strategy":[],"class_list":["post-545091","post","type-post","status-publish","format-standard","has-post-thumbnail","hentry","category-negocios","tag-privatizacoes","tag-sabesp-sbsp3"],"yoast_head":"<!-- This site is optimized with the Yoast SEO plugin v24.4 - https:\/\/yoast.com\/wordpress\/plugins\/seo\/ -->\n<title>Sabesp (SBSP3): C\u00e2mara de SP aprova privatiza\u00e7\u00e3o em 1\u00ba turno<\/title>\n<meta name=\"description\" content=\"O projeto de privatiza\u00e7\u00e3o da Sabesp (SBSP3) teve 36 votos favor\u00e1veis e 18 contr\u00e1rios. Clique para saber mais sobre a privatiza\u00e7\u00e3o da Sabesp.\" \/>\n<meta name=\"robots\" content=\"index, follow, max-snippet:-1, max-image-preview:large, max-video-preview:-1\" \/>\n<link rel=\"canonical\" href=\"https:\/\/www.suno.com.br\/noticias\/sabesp-camara-privatizacao-gpj\/\" \/>\n<meta property=\"og:locale\" content=\"pt_BR\" \/>\n<meta property=\"og:type\" content=\"article\" \/>\n<meta property=\"og:title\" content=\"Sabesp (SBSP3): C\u00e2mara de SP aprova privatiza\u00e7\u00e3o em 1\u00ba turno\" \/>\n<meta property=\"og:description\" content=\"O projeto de privatiza\u00e7\u00e3o da Sabesp (SBSP3) teve 36 votos favor\u00e1veis e 18 contr\u00e1rios. Clique para saber mais sobre a privatiza\u00e7\u00e3o da Sabesp.\" \/>\n<meta property=\"og:url\" content=\"https:\/\/www.suno.com.br\/noticias\/sabesp-camara-privatizacao-gpj\/\" \/>\n<meta property=\"og:site_name\" content=\"Suno Not\u00edcias\" \/>\n<meta property=\"article:publisher\" content=\"https:\/\/facebook.com\/sunoresearch\" \/>\n<meta property=\"og:image\" content=\"https:\/\/files.sunoresearch.com.br\/n\/uploads\/2023\/03\/sabesp-sbsp3-privatizacao-saiba-mais-foto-divulgacao.jpg\" \/>\n\t<meta property=\"og:image:width\" content=\"1200\" \/>\n\t<meta property=\"og:image:height\" content=\"675\" \/>\n\t<meta property=\"og:image:type\" content=\"image\/jpeg\" \/>\n<meta name=\"author\" content=\"Giovanni Porf\u00edrio Jacomino\" \/>\n<meta name=\"twitter:card\" content=\"summary_large_image\" \/>\n<meta name=\"twitter:creator\" content=\"@sunoresearch\" \/>\n<meta name=\"twitter:site\" content=\"@sunoresearch\" \/>\n<meta name=\"twitter:label1\" content=\"Escrito por\" \/>\n\t<meta name=\"twitter:data1\" content=\"Giovanni Porf\u00edrio Jacomino\" \/>\n\t<meta name=\"twitter:label2\" content=\"Est. tempo de leitura\" \/>\n\t<meta name=\"twitter:data2\" content=\"3 minutos\" \/>\n<script type=\"application\/ld+json\" class=\"yoast-schema-graph\">{\"@context\":\"https:\/\/schema.org\",\"@graph\":[{\"@type\":\"NewsArticle\",\"@id\":\"https:\/\/www.suno.com.br\/noticias\/sabesp-camara-privatizacao-gpj\/#article\",\"isPartOf\":{\"@id\":\"https:\/\/www.suno.com.br\/noticias\/sabesp-camara-privatizacao-gpj\/\"},\"author\":{\"name\":\"Giovanni Porf\u00edrio Jacomino\",\"@id\":\"https:\/\/www.suno.com.br\/noticias\/#\/schema\/person\/d0f32748bbca4bee871fa191ee4e2d40\"},\"headline\":\"Sabesp (SBSP3): C\u00e2mara Municipal de SP aprova privatiza\u00e7\u00e3o em primeiro turno\",\"datePublished\":\"2024-04-18T11:08:27+00:00\",\"dateModified\":\"2024-04-18T11:08:33+00:00\",\"mainEntityOfPage\":{\"@id\":\"https:\/\/www.suno.com.br\/noticias\/sabesp-camara-privatizacao-gpj\/\"},\"wordCount\":616,\"publisher\":{\"@id\":\"https:\/\/www.suno.com.br\/noticias\/#organization\"},\"image\":{\"@id\":\"https:\/\/www.suno.com.br\/noticias\/sabesp-camara-privatizacao-gpj\/#primaryimage\"},\"thumbnailUrl\":\"https:\/\/files.sunoresearch.com.br\/n\/uploads\/2023\/03\/sabesp-sbsp3-privatizacao-saiba-mais-foto-divulgacao.jpg\",\"keywords\":[\"privatiza\u00e7\u00f5es\",\"Sabesp (SBSP3)\"],\"articleSection\":[\"Neg\u00f3cios\"],\"inLanguage\":\"pt-BR\"},{\"@type\":\"WebPage\",\"@id\":\"https:\/\/www.suno.com.br\/noticias\/sabesp-camara-privatizacao-gpj\/\",\"url\":\"https:\/\/www.suno.com.br\/noticias\/sabesp-camara-privatizacao-gpj\/\",\"name\":\"Sabesp (SBSP3): C\u00e2mara de SP aprova privatiza\u00e7\u00e3o em 1\u00ba turno\",\"isPartOf\":{\"@id\":\"https:\/\/www.suno.com.br\/noticias\/#website\"},\"primaryImageOfPage\":{\"@id\":\"https:\/\/www.suno.com.br\/noticias\/sabesp-camara-privatizacao-gpj\/#primaryimage\"},\"image\":{\"@id\":\"https:\/\/www.suno.com.br\/noticias\/sabesp-camara-privatizacao-gpj\/#primaryimage\"},\"thumbnailUrl\":\"https:\/\/files.sunoresearch.com.br\/n\/uploads\/2023\/03\/sabesp-sbsp3-privatizacao-saiba-mais-foto-divulgacao.jpg\",\"datePublished\":\"2024-04-18T11:08:27+00:00\",\"dateModified\":\"2024-04-18T11:08:33+00:00\",\"description\":\"O projeto de privatiza\u00e7\u00e3o da Sabesp (SBSP3) teve 36 votos favor\u00e1veis e 18 contr\u00e1rios. Clique para saber mais sobre a privatiza\u00e7\u00e3o da Sabesp.\",\"breadcrumb\":{\"@id\":\"https:\/\/www.suno.com.br\/noticias\/sabesp-camara-privatizacao-gpj\/#breadcrumb\"},\"inLanguage\":\"pt-BR\",\"potentialAction\":[{\"@type\":\"ReadAction\",\"target\":[\"https:\/\/www.suno.com.br\/noticias\/sabesp-camara-privatizacao-gpj\/\"]}]},{\"@type\":\"ImageObject\",\"inLanguage\":\"pt-BR\",\"@id\":\"https:\/\/www.suno.com.br\/noticias\/sabesp-camara-privatizacao-gpj\/#primaryimage\",\"url\":\"https:\/\/files.sunoresearch.com.br\/n\/uploads\/2023\/03\/sabesp-sbsp3-privatizacao-saiba-mais-foto-divulgacao.jpg\",\"contentUrl\":\"https:\/\/files.sunoresearch.com.br\/n\/uploads\/2023\/03\/sabesp-sbsp3-privatizacao-saiba-mais-foto-divulgacao.jpg\",\"width\":1200,\"height\":675,\"caption\":\"Sabesp (SBSP3). Foto: Divulga\u00e7\u00e3o\"},{\"@type\":\"BreadcrumbList\",\"@id\":\"https:\/\/www.suno.com.br\/noticias\/sabesp-camara-privatizacao-gpj\/#breadcrumb\",\"itemListElement\":[{\"@type\":\"ListItem\",\"position\":1,\"name\":\"Not\u00edcias\",\"item\":\"https:\/\/www.suno.com.br\/noticias\/\"},{\"@type\":\"ListItem\",\"position\":2,\"name\":\"Neg\u00f3cios\",\"item\":\"https:\/\/www.suno.com.br\/noticias\/negocios\/\"},{\"@type\":\"ListItem\",\"position\":3,\"name\":\"Sabesp (SBSP3): C\u00e2mara Municipal de SP aprova privatiza\u00e7\u00e3o em primeiro turno\"}]},{\"@type\":\"WebSite\",\"@id\":\"https:\/\/www.suno.com.br\/noticias\/#website\",\"url\":\"https:\/\/www.suno.com.br\/noticias\/\",\"name\":\"Suno Not\u00edcias\",\"description\":\"Seu portal de informa\u00e7\u00e3o sobre o mundo dos investimentos\",\"publisher\":{\"@id\":\"https:\/\/www.suno.com.br\/noticias\/#organization\"},\"potentialAction\":[{\"@type\":\"SearchAction\",\"target\":{\"@type\":\"EntryPoint\",\"urlTemplate\":\"https:\/\/www.suno.com.br\/noticias\/?s={search_term_string}\"},\"query-input\":{\"@type\":\"PropertyValueSpecification\",\"valueRequired\":true,\"valueName\":\"search_term_string\"}}],\"inLanguage\":\"pt-BR\"},{\"@type\":\"Organization\",\"@id\":\"https:\/\/www.suno.com.br\/noticias\/#organization\",\"name\":\"Suno Not\u00edcias\",\"url\":\"https:\/\/www.suno.com.br\/noticias\/\",\"logo\":{\"@type\":\"ImageObject\",\"inLanguage\":\"pt-BR\",\"@id\":\"https:\/\/www.suno.com.br\/noticias\/#\/schema\/logo\/image\/\",\"url\":\"https:\/\/files.sunoresearch.com.br\/n\/uploads\/2021\/09\/suno-logo.png\",\"contentUrl\":\"https:\/\/files.sunoresearch.com.br\/n\/uploads\/2021\/09\/suno-logo.png\",\"width\":180,\"height\":180,\"caption\":\"Suno Not\u00edcias\"},\"image\":{\"@id\":\"https:\/\/www.suno.com.br\/noticias\/#\/schema\/logo\/image\/\"},\"sameAs\":[\"https:\/\/facebook.com\/sunoresearch\",\"https:\/\/x.com\/sunoresearch\",\"https:\/\/www.instagram.com\/suno\",\"https:\/\/www.linkedin.com\/company\/suno-research\/\",\"https:\/\/www.youtube.com\/c\/sunoresearch\"]},{\"@type\":\"Person\",\"@id\":\"https:\/\/www.suno.com.br\/noticias\/#\/schema\/person\/d0f32748bbca4bee871fa191ee4e2d40\",\"name\":\"Giovanni Porf\u00edrio Jacomino\",\"image\":{\"@type\":\"ImageObject\",\"inLanguage\":\"pt-BR\",\"@id\":\"https:\/\/www.suno.com.br\/noticias\/#\/schema\/person\/image\/\",\"url\":\"https:\/\/secure.gravatar.com\/avatar\/efb32e19b730a121cb7a80f41ffec01a?s=96&r=g\",\"contentUrl\":\"https:\/\/secure.gravatar.com\/avatar\/efb32e19b730a121cb7a80f41ffec01a?s=96&r=g\",\"caption\":\"Giovanni Porf\u00edrio Jacomino\"},\"description\":\"Giovanni Porf\u00edrio Jacomino \u00e9 jornalista formado pela Universidade Estadual de Londrina (UEL) e p\u00f3s-graduado em Produ\u00e7\u00e3o e Pr\u00e1ticas Jornal\u00edsticas na Contemporaneidade na Faculdade C\u00e1sper L\u00edbero (FCL). Foi editor web no Startupi e no Finsiders, atuando ainda como editor no TC Mover, portal de not\u00edcias da TradersClub, fazendo a cobertura de assuntos relacionados ao mercado financeiro interno e externo. Atualmente, \u00e9 Rep\u00f3rter do Suno Not\u00edcias.\",\"url\":\"https:\/\/www.suno.com.br\/noticias\/author\/giovanni-porfiriosuno-com-br\/\"}]}<\/script>\n<!-- \/ Yoast SEO plugin. -->","yoast_head_json":{"title":"Sabesp (SBSP3): C\u00e2mara de SP aprova privatiza\u00e7\u00e3o em 1\u00ba turno","description":"O projeto de privatiza\u00e7\u00e3o da Sabesp (SBSP3) teve 36 votos favor\u00e1veis e 18 contr\u00e1rios. Clique para saber mais sobre a privatiza\u00e7\u00e3o da Sabesp.","robots":{"index":"index","follow":"follow","max-snippet":"max-snippet:-1","max-image-preview":"max-image-preview:large","max-video-preview":"max-video-preview:-1"},"canonical":"https:\/\/www.suno.com.br\/noticias\/sabesp-camara-privatizacao-gpj\/","og_locale":"pt_BR","og_type":"article","og_title":"Sabesp (SBSP3): C\u00e2mara de SP aprova privatiza\u00e7\u00e3o em 1\u00ba turno","og_description":"O projeto de privatiza\u00e7\u00e3o da Sabesp (SBSP3) teve 36 votos favor\u00e1veis e 18 contr\u00e1rios. Clique para saber mais sobre a privatiza\u00e7\u00e3o da Sabesp.","og_url":"https:\/\/www.suno.com.br\/noticias\/sabesp-camara-privatizacao-gpj\/","og_site_name":"Suno Not\u00edcias","article_publisher":"https:\/\/facebook.com\/sunoresearch","og_image":[{"width":1200,"height":675,"url":"https:\/\/files.sunoresearch.com.br\/n\/uploads\/2023\/03\/sabesp-sbsp3-privatizacao-saiba-mais-foto-divulgacao.jpg","type":"image\/jpeg"}],"author":"Giovanni Porf\u00edrio Jacomino","twitter_card":"summary_large_image","twitter_creator":"@sunoresearch","twitter_site":"@sunoresearch","twitter_misc":{"Escrito por":"Giovanni Porf\u00edrio Jacomino","Est. tempo de leitura":"3 minutos"},"schema":{"@context":"https:\/\/schema.org","@graph":[{"@type":"NewsArticle","@id":"https:\/\/www.suno.com.br\/noticias\/sabesp-camara-privatizacao-gpj\/#article","isPartOf":{"@id":"https:\/\/www.suno.com.br\/noticias\/sabesp-camara-privatizacao-gpj\/"},"author":{"name":"Giovanni Porf\u00edrio Jacomino","@id":"https:\/\/www.suno.com.br\/noticias\/#\/schema\/person\/d0f32748bbca4bee871fa191ee4e2d40"},"headline":"Sabesp (SBSP3): C\u00e2mara Municipal de SP aprova privatiza\u00e7\u00e3o em primeiro turno","datePublished":"2024-04-18T11:08:27+00:00","dateModified":"2024-04-18T11:08:33+00:00","mainEntityOfPage":{"@id":"https:\/\/www.suno.com.br\/noticias\/sabesp-camara-privatizacao-gpj\/"},"wordCount":616,"publisher":{"@id":"https:\/\/www.suno.com.br\/noticias\/#organization"},"image":{"@id":"https:\/\/www.suno.com.br\/noticias\/sabesp-camara-privatizacao-gpj\/#primaryimage"},"thumbnailUrl":"https:\/\/files.sunoresearch.com.br\/n\/uploads\/2023\/03\/sabesp-sbsp3-privatizacao-saiba-mais-foto-divulgacao.jpg","keywords":["privatiza\u00e7\u00f5es","Sabesp (SBSP3)"],"articleSection":["Neg\u00f3cios"],"inLanguage":"pt-BR"},{"@type":"WebPage","@id":"https:\/\/www.suno.com.br\/noticias\/sabesp-camara-privatizacao-gpj\/","url":"https:\/\/www.suno.com.br\/noticias\/sabesp-camara-privatizacao-gpj\/","name":"Sabesp (SBSP3): C\u00e2mara de SP aprova privatiza\u00e7\u00e3o em 1\u00ba turno","isPartOf":{"@id":"https:\/\/www.suno.com.br\/noticias\/#website"},"primaryImageOfPage":{"@id":"https:\/\/www.suno.com.br\/noticias\/sabesp-camara-privatizacao-gpj\/#primaryimage"},"image":{"@id":"https:\/\/www.suno.com.br\/noticias\/sabesp-camara-privatizacao-gpj\/#primaryimage"},"thumbnailUrl":"https:\/\/files.sunoresearch.com.br\/n\/uploads\/2023\/03\/sabesp-sbsp3-privatizacao-saiba-mais-foto-divulgacao.jpg","datePublished":"2024-04-18T11:08:27+00:00","dateModified":"2024-04-18T11:08:33+00:00","description":"O projeto de privatiza\u00e7\u00e3o da Sabesp (SBSP3) teve 36 votos favor\u00e1veis e 18 contr\u00e1rios. Clique para saber mais sobre a privatiza\u00e7\u00e3o da Sabesp.","breadcrumb":{"@id":"https:\/\/www.suno.com.br\/noticias\/sabesp-camara-privatizacao-gpj\/#breadcrumb"},"inLanguage":"pt-BR","potentialAction":[{"@type":"ReadAction","target":["https:\/\/www.suno.com.br\/noticias\/sabesp-camara-privatizacao-gpj\/"]}]},{"@type":"ImageObject","inLanguage":"pt-BR","@id":"https:\/\/www.suno.com.br\/noticias\/sabesp-camara-privatizacao-gpj\/#primaryimage","url":"https:\/\/files.sunoresearch.com.br\/n\/uploads\/2023\/03\/sabesp-sbsp3-privatizacao-saiba-mais-foto-divulgacao.jpg","contentUrl":"https:\/\/files.sunoresearch.com.br\/n\/uploads\/2023\/03\/sabesp-sbsp3-privatizacao-saiba-mais-foto-divulgacao.jpg","width":1200,"height":675,"caption":"Sabesp (SBSP3). Foto: Divulga\u00e7\u00e3o"},{"@type":"BreadcrumbList","@id":"https:\/\/www.suno.com.br\/noticias\/sabesp-camara-privatizacao-gpj\/#breadcrumb","itemListElement":[{"@type":"ListItem","position":1,"name":"Not\u00edcias","item":"https:\/\/www.suno.com.br\/noticias\/"},{"@type":"ListItem","position":2,"name":"Neg\u00f3cios","item":"https:\/\/www.suno.com.br\/noticias\/negocios\/"},{"@type":"ListItem","position":3,"name":"Sabesp (SBSP3): C\u00e2mara Municipal de SP aprova privatiza\u00e7\u00e3o em primeiro turno"}]},{"@type":"WebSite","@id":"https:\/\/www.suno.com.br\/noticias\/#website","url":"https:\/\/www.suno.com.br\/noticias\/","name":"Suno Not\u00edcias","description":"Seu portal de informa\u00e7\u00e3o sobre o mundo dos investimentos","publisher":{"@id":"https:\/\/www.suno.com.br\/noticias\/#organization"},"potentialAction":[{"@type":"SearchAction","target":{"@type":"EntryPoint","urlTemplate":"https:\/\/www.suno.com.br\/noticias\/?s={search_term_string}"},"query-input":{"@type":"PropertyValueSpecification","valueRequired":true,"valueName":"search_term_string"}}],"inLanguage":"pt-BR"},{"@type":"Organization","@id":"https:\/\/www.suno.com.br\/noticias\/#organization","name":"Suno Not\u00edcias","url":"https:\/\/www.suno.com.br\/noticias\/","logo":{"@type":"ImageObject","inLanguage":"pt-BR","@id":"https:\/\/www.suno.com.br\/noticias\/#\/schema\/logo\/image\/","url":"https:\/\/files.sunoresearch.com.br\/n\/uploads\/2021\/09\/suno-logo.png","contentUrl":"https:\/\/files.sunoresearch.com.br\/n\/uploads\/2021\/09\/suno-logo.png","width":180,"height":180,"caption":"Suno Not\u00edcias"},"image":{"@id":"https:\/\/www.suno.com.br\/noticias\/#\/schema\/logo\/image\/"},"sameAs":["https:\/\/facebook.com\/sunoresearch","https:\/\/x.com\/sunoresearch","https:\/\/www.instagram.com\/suno","https:\/\/www.linkedin.com\/company\/suno-research\/","https:\/\/www.youtube.com\/c\/sunoresearch"]},{"@type":"Person","@id":"https:\/\/www.suno.com.br\/noticias\/#\/schema\/person\/d0f32748bbca4bee871fa191ee4e2d40","name":"Giovanni Porf\u00edrio Jacomino","image":{"@type":"ImageObject","inLanguage":"pt-BR","@id":"https:\/\/www.suno.com.br\/noticias\/#\/schema\/person\/image\/","url":"https:\/\/secure.gravatar.com\/avatar\/efb32e19b730a121cb7a80f41ffec01a?s=96&r=g","contentUrl":"https:\/\/secure.gravatar.com\/avatar\/efb32e19b730a121cb7a80f41ffec01a?s=96&r=g","caption":"Giovanni Porf\u00edrio Jacomino"},"description":"Giovanni Porf\u00edrio Jacomino \u00e9 jornalista formado pela Universidade Estadual de Londrina (UEL) e p\u00f3s-graduado em Produ\u00e7\u00e3o e Pr\u00e1ticas Jornal\u00edsticas na Contemporaneidade na Faculdade C\u00e1sper L\u00edbero (FCL). Foi editor web no Startupi e no Finsiders, atuando ainda como editor no TC Mover, portal de not\u00edcias da TradersClub, fazendo a cobertura de assuntos relacionados ao mercado financeiro interno e externo. Atualmente, \u00e9 Rep\u00f3rter do Suno Not\u00edcias.","url":"https:\/\/www.suno.com.br\/noticias\/author\/giovanni-porfiriosuno-com-br\/"}]}},"default_loop_html":"<div class=\"cardsPage__listCard__boxs\"><div class=\"cardsPage__listCard__boxs__img\"><a href=\"https:\/\/www.suno.com.br\/noticias\/sabesp-camara-privatizacao-gpj\/\"><img class=\"mask\" src=\"https:\/\/www.suno.com.br\/noticias\/wp-content\/themes\/suno\/resources\/images\/spotlight\/spotlight1img\/bg-mask.png\" alt=\"Image Mask\"\/><img src=\"https:\/\/files.sunoresearch.com.br\/n\/uploads\/2023\/03\/sabesp-sbsp3-privatizacao-saiba-mais-foto-divulgacao-400x200.jpg\" alt=\"Sabesp (SBSP3): C\u00e2mara Municipal de SP aprova privatiza\u00e7\u00e3o em primeiro turno\"\/><\/a><span class=\"spotlightCategory\"><a href=\"https:\/\/www.suno.com.br\/noticias\/negocios\/\">Neg\u00f3cios<\/a><\/span><\/div><div class=\"cardsPage__listCard__boxs__content\"><a href=\"https:\/\/www.suno.com.br\/noticias\/sabesp-camara-privatizacao-gpj\/\"><h2 class=\"content__title\">Sabesp (SBSP3): C\u00e2mara Municipal de SP aprova privatiza\u00e7\u00e3o em primeiro turno<\/h2><\/a><div class=\"newsContent__article__meta\"><div class=\"newsContent__article__meta__authorBox\"><a href=\"https:\/\/www.suno.com.br\/noticias\/author\/giovanni-porfiriosuno-com-br\/\" class=\"authorBox__avatar noMobi\"><img src=\"https:\/\/files.sunoresearch.com.br\/n\/uploads\/2024\/05\/DSCF4115-1-1-150x150.webp\" alt=\"Giovanni Porf\u00edrio Jacomino\"><\/a><div class=\"authorBox__name\"><span>por\n\t\t\t<a href=\"https:\/\/www.suno.com.br\/noticias\/author\/giovanni-porfiriosuno-com-br\/\"><span itemprop=\"author\">Giovanni Porf\u00edrio Jacomino<\/span><\/a><\/span><time datetime=\"2024-04-18T08:08:27-03:00\" itemprop=\"datePublished\">18\/04\/2024 08:08<\/time><\/div><\/div><\/div><\/div><\/div>","single_layout":"posts","amp_enabled":true,"_links":{"self":[{"href":"https:\/\/www.suno.com.br\/noticias\/wp-json\/wp\/v2\/posts\/545091"}],"collection":[{"href":"https:\/\/www.suno.com.br\/noticias\/wp-json\/wp\/v2\/posts"}],"about":[{"href":"https:\/\/www.suno.com.br\/noticias\/wp-json\/wp\/v2\/types\/post"}],"author":[{"embeddable":true,"href":"https:\/\/www.suno.com.br\/noticias\/wp-json\/wp\/v2\/users\/313"}],"replies":[{"embeddable":true,"href":"https:\/\/www.suno.com.br\/noticias\/wp-json\/wp\/v2\/comments?post=545091"}],"version-history":[{"count":2,"href":"https:\/\/www.suno.com.br\/noticias\/wp-json\/wp\/v2\/posts\/545091\/revisions"}],"predecessor-version":[{"id":545193,"href":"https:\/\/www.suno.com.br\/noticias\/wp-json\/wp\/v2\/posts\/545091\/revisions\/545193"}],"wp:featuredmedia":[{"embeddable":true,"href":"https:\/\/www.suno.com.br\/noticias\/wp-json\/wp\/v2\/media\/378892"}],"wp:attachment":[{"href":"https:\/\/www.suno.com.br\/noticias\/wp-json\/wp\/v2\/media?parent=545091"}],"wp:term":[{"taxonomy":"category","embeddable":true,"href":"https:\/\/www.suno.com.br\/noticias\/wp-json\/wp\/v2\/categories?post=545091"},{"taxonomy":"post_tag","embeddable":true,"href":"https:\/\/www.suno.com.br\/noticias\/wp-json\/wp\/v2\/tags?post=545091"},{"taxonomy":"suno_strategy","embeddable":true,"href":"https:\/\/www.suno.com.br\/noticias\/wp-json\/wp\/v2\/suno_strategy?post=545091"}],"curies":[{"name":"wp","href":"https:\/\/api.w.org\/{rel}","templated":true}]}}