{"id":545044,"date":"2024-04-17T19:21:00","date_gmt":"2024-04-17T22:21:00","guid":{"rendered":"https:\/\/www.suno.com.br\/noticias\/?p=545044"},"modified":"2024-04-17T19:21:04","modified_gmt":"2024-04-17T22:21:04","slug":"dolar-cai-fala-dura-de-campos-neto","status":"publish","type":"post","link":"https:\/\/www.suno.com.br\/noticias\/dolar-cai-fala-dura-de-campos-neto\/","title":{"rendered":"D\u00f3lar cai 0,47% com ajustes em meio a alertas de Campos Neto sobre pol\u00edtica monet\u00e1ria"},"content":{"rendered":"<p>Ap\u00f3s cinco preg\u00f5es consecutivos de alta, per\u00edodo em que acumulou valoriza\u00e7\u00e3o de 5,21%, o <strong>d\u00f3lar<\/strong> \u00e0 vista recuou na sess\u00e3o desta quarta-feira, 17. O enfraquecimento global da moeda americana e a queda dos Treasuries, em dia de agenda esvaziada no exterior, abriu espa\u00e7o para um movimento na realiza\u00e7\u00e3o de lucros no mercado local. Houve tamb\u00e9m relatos de internaliza\u00e7\u00e3o de recursos por parte de exportadores para aproveitar as cota\u00e7\u00f5es mais elevadas.<\/p>\t<div class=\"wrapper-featured-image\">\n\t\t<figure class=\"spotlightImg\">\n\n\t\t\t<picture>\n\t\t\t\t<source media=\"(max-width: 768px)\" srcset=\"https:\/\/files.sunoresearch.com.br\/n\/uploads\/2023\/05\/dolar-eua-cambio-400x200.jpg\">\n\t\t\t\t<img loading=\"lazy\" decoding=\"async\" class=\"newsContent__article__imgCapa lazyloadDisabled \" src=\"https:\/\/files.sunoresearch.com.br\/n\/uploads\/2023\/05\/dolar-eua-cambio-800x450.jpg\" width=\"800\" height=\"450\" alt=\"D\u00f3lar cai 0,47% com ajustes em meio a alertas de Campos Neto sobre pol\u00edtica monet\u00e1ria\" fetchpriority=high \/>\n\t\t\t<\/picture>\n\n\t\t\t<figcaption class=\"wp-caption-text wp-caption-text--show\">D\u00f3lar. Foto: iStock<\/figcaption>\n\t\t<\/figure>\n\t<\/div>\n\n\n\n\n\n\t<p>\n\t\t<a href=\"https:\/\/lp.suno.com.br\/planilha-da-vida-financeira\/\" target=\"_blank\" data-element=\"shortcode-suno-banner\" title=\"Banner SUNO, clique e saiba mais\">\n\t\t\t<picture>\n\t\t\t\t<source media=\"(max-width: 500px)\" srcset=\"https:\/\/files.sunoresearch.com.br\/n\/uploads\/2023\/04\/400x300-Planilha-vida-financeira-true.png\">\n\t\t\t\t<img class=\"newsContent__article__imgCapa newsContent__article__imgCapa--banner\"\n\t\t\t\t\tsrc=\"https:\/\/files.sunoresearch.com.br\/n\/uploads\/2023\/04\/1420x240-Planilha-vida-financeira-true.png\"\n\t\t\t\t\tdata-promo-id=\"106682\"\t\t\t\t\t\t\t\t\t\twidth='1420' height='240'\t\t\t\t\talt=\"https:\/\/files.sunoresearch.com.br\/n\/uploads\/2023\/04\/1420x240-Planilha-vida-financeira-true.png\"\n\t\t\t\t>\n\t\t\t<\/picture>\n\t\t<\/a>\n\t<\/p>\n\n\n\n\n\n\n\n<p>Tirando altas pontuais e bem limitadas na abertura dos neg\u00f3cios e no in\u00edcio da tarde, o <strong>d\u00f3lar \u00e0 vista<\/strong> operou em baixa no restante do preg\u00e3o. Com m\u00ednima a R$ 5,2198 por volta das 15h45, a divisa encerrou o preg\u00e3o em queda de 0,47%, cotada a R$ 5,2439 &#8211; ainda nos maiores n\u00edveis desde mar\u00e7o de 2023. Apesar do refresco hoje, o d\u00f3lar acumula valoriza\u00e7\u00e3o de 4,56% em abril.<\/p>\n\n\n\n<p>Uma vez mais, houve giro forte no mercado de <strong>d\u00f3lar futuro<\/strong>, com o contrato para maio movimentando mais de US$ 18 bilh\u00f5es. Ontem, os investidores estrangeiros ampliaram ainda mais as posi\u00e7\u00f5es compradas em derivativos cambiais (<a class=\"suno-keyword\" target=\"_blank\" data-force=\"no\" data-priority=\"1\" href=\"https:\/\/www.suno.com.br\/artigos\/dolar-futuro\/\" rel=\"noopener\">d\u00f3lar futuro<\/a>, <a class=\"suno-keyword\" target=\"_blank\" data-force=\"no\" data-priority=\"1\" href=\"https:\/\/www.suno.com.br\/artigos\/mini-contrato\/\" rel=\"noopener\">mini contrato<\/a>, <a class=\"suno-keyword\" target=\"_blank\" data-force=\"no\" data-priority=\"1\" href=\"https:\/\/www.suno.com.br\/artigos\/cupom-cambial\/\" rel=\"noopener\">cupom cambial<\/a> e swap), que atingiram o pico hist\u00f3rico US$ 70,3 bilh\u00f5es, segundo dados da B3. J\u00e1 os fundos locais mant\u00eam posi\u00e7\u00f5es vendidas de US$ 8,5 bilh\u00f5es.<\/p>\n\n\n\n<h2 class=\"wp-block-heading\">D\u00f3lar: BC vai intervir?<\/h2>\n\n\n\n<p>&#8220;Hoje \u00e9 um dia de ressaca, sem agenda relevante. A moeda brasileira se valoriza, em uma corre\u00e7\u00e3o que era amplamente esperada ap\u00f3s a alta muito forte do d\u00f3lar na segunda e na ter\u00e7a-feira&#8221;, afirma o economista Andr\u00e9 Galhardo, consultor econ\u00f4mico da Remessa Online, para quem os fatores que levaram ao estresse no mercado de c\u00e2mbio nos \u00faltimos dias ainda n\u00e3o se dissiparam.<\/p>\n\n\n\n<p>Galhardo lembra a fala de ontem do presidente do Federal Reserve, <a class=\"suno-keyword\" target=\"_blank\" data-force=\"no\" data-priority=\"2\" href=\"https:\/\/www.suno.com.br\/tudo-sobre\/jerome-powell\/\" rel=\"noopener\">Jerome Powell<\/a>, chancelando a expectativa de cortes de juros apenas no segundo semestre e de forma parcimoniosa, ap\u00f3s dados fortes de varejo nos EUA. As tens\u00f5es geopol\u00edticas seguem no radar, embora Israel n\u00e3o tenha at\u00e9 o momento retaliado o Ir\u00e3 pelos ataques a solo israelense no fim de semana.<\/p>\n\n\n\n<p>&#8220;Os elementos principais que levaram \u00e0 deprecia\u00e7\u00e3o do real foram externos. A <strong>cota\u00e7\u00e3o do d\u00f3lar<\/strong> subiu tamb\u00e9m contra moedas fortes. O real j\u00e1 \u00e9 geralmente uma moeda mais sens\u00edvel, mas acabou ficando mais vol\u00e1til com a divulga\u00e7\u00e3o da mudan\u00e7a da <a class=\"suno-keyword\" target=\"_blank\" data-force=\"no\" data-priority=\"1\" href=\"https:\/\/www.suno.com.br\/artigos\/meta-fiscal\/\" rel=\"noopener\">meta fiscal<\/a> de 2025&#8243;, diz Galhardo, em refer\u00eancia ao projeto de lei de diretrizes or\u00e7ament\u00e1rias (PLDO), apresentado pelo governo na \u00faltima segunda-feira.<\/p>\n\n\n\t<p>\n\t\t<a href=\"https:\/\/lp.suno.com.br\/ebook-como-analisar-uma-acao\/\" target=\"_blank\" data-element=\"shortcode-suno-banner\" title=\"Banner SUNO, clique e saiba mais\">\n\t\t\t<picture>\n\t\t\t\t<source media=\"(max-width: 500px)\" srcset=\"https:\/\/files.sunoresearch.com.br\/n\/uploads\/2023\/03\/Ebook-Acoes-Mobile.jpg\">\n\t\t\t\t<img class=\"newsContent__article__imgCapa newsContent__article__imgCapa--banner\"\n\t\t\t\t\tsrc=\"https:\/\/files.sunoresearch.com.br\/n\/uploads\/2023\/03\/Ebook-Acoes-Desktop.jpg\"\n\t\t\t\t\tdata-promo-id=\"378302\"\t\t\t\t\t\t\t\t\t\twidth='1420' height='286'\t\t\t\t\talt=\"https:\/\/files.sunoresearch.com.br\/n\/uploads\/2023\/03\/Ebook-Acoes-Desktop.jpg\"\n\t\t\t\t>\n\t\t\t<\/picture>\n\t\t<\/a>\n\t<\/p>\n\n\n\n\n\n<p>As aten\u00e7\u00f5es se voltaram ao longo da tarde \u00e0 participa\u00e7\u00e3o do presidente do Banco Central, Roberto Campos Neto, em evento da XP Investimentos, em Washington. Em meio a especula\u00e7\u00f5es de que o BC poderia intervir novamente no c\u00e2mbio para amenizar o movimento de deprecia\u00e7\u00e3o do real nos \u00faltimos dois dias, Campos Neto afirmou que a autarquia n\u00e3o reage a movimentos de reprecifica\u00e7\u00e3o do <a class=\"suno-keyword\" target=\"_blank\" data-force=\"no\" data-priority=\"1\" href=\"https:\/\/www.suno.com.br\/artigos\/premio-de-risco\/\" rel=\"noopener\">pr\u00eamio de risco<\/a> brasileiro com interven\u00e7\u00f5es no mercado cambial.<\/p>\n\n\n\n<p>Campos Neto tamb\u00e9m passou um recado mais duro em rela\u00e7\u00e3o \u00e0 <a class=\"suno-keyword\" target=\"_blank\" data-force=\"no\" data-priority=\"1\" href=\"https:\/\/www.suno.com.br\/artigos\/politica-monetaria\/\" rel=\"noopener\">pol\u00edtica monet\u00e1ria<\/a>, abrindo espa\u00e7o para que a <a class=\"suno-keyword\" target=\"_blank\" data-force=\"no\" data-priority=\"1\" href=\"https:\/\/www.suno.com.br\/artigos\/curva-de-juros\/\" rel=\"noopener\">curva de juros<\/a> passasse a espelhar desacelera\u00e7\u00e3o do ritmo de corte da Selic de 0,50 ponto para 0,25 ponto em maio. Ele disse que o BC &#8220;n\u00e3o tem medo de fazer o necess\u00e1rio&#8221; para fazer a infla\u00e7\u00e3o \u00e0 meta e que j\u00e1 tentou &#8220;mostrar isso ao mercado&#8221;.<\/p>\n\n\n\n<p>No que foi interpretado como uma sinaliza\u00e7\u00e3o de que o BC pode n\u00e3o seguir o <a class=\"suno-keyword\" target=\"_blank\" data-force=\"no\" data-priority=\"1\" href=\"https:\/\/www.suno.com.br\/artigos\/forward-guidance\/\" rel=\"noopener\">forward guidance<\/a> de corte da taxa Selic em 0,50 ponto na &#8220;pr\u00f3xima reuni\u00e3o&#8221;, Campos Neto afirmou que, dentro de v\u00e1rios cen\u00e1rios, pode haver um quadro de aumento de incerteza e estresse global que levaria o BC a alterar seu cen\u00e1rio-base.<\/p>\n\n\n\n<p>Para Galhardo, da Remessa Online, a perspectiva de que o BC mire em uma taxa Selic terminal mais perto de 10% pode mitigar press\u00f5es mais fortes sobre a moeda brasileira. &#8220;Essa \u00e9 a percep\u00e7\u00e3o que fica com a fala do Campos Neto. Isso garante um juro real ainda expressivo e impede altas mais fortes do d\u00f3lar&#8221;, dia Galhardo, que, por ora, projeta Selic termina em 9,50%, mas com vi\u00e9s para 9,75%. &#8220;Vejo o <strong>d\u00f3lar <\/strong>numa faixa entre R$ 5,00 R$ 5,15, trabalhando mais perto do limite superior da banda em abril e com queda gradual em maio e junho. Vamos encerrar o primeiro semestre com d\u00f3lar orbitando R$ 5,00&#8243;.<\/p>\n\n\n\n<p><em>Com Estad\u00e3o Conte\u00fado<\/em><\/p>\n\n\n\t<p>\n\t\t<a href=\"https:\/\/lp.suno.com.br\/planilha-da-vida-financeira\/\" target=\"_blank\" data-element=\"shortcode-suno-banner\" title=\"Banner SUNO, clique e saiba mais\">\n\t\t\t<picture>\n\t\t\t\t<source media=\"(max-width: 500px)\" srcset=\"https:\/\/files.sunoresearch.com.br\/n\/uploads\/2023\/04\/400x300-Planilha-vida-financeira-true.png\">\n\t\t\t\t<img class=\"newsContent__article__imgCapa newsContent__article__imgCapa--banner\"\n\t\t\t\t\tsrc=\"https:\/\/files.sunoresearch.com.br\/n\/uploads\/2023\/04\/1420x240-Planilha-vida-financeira-true.png\"\n\t\t\t\t\tdata-promo-id=\"383123\"\t\t\t\t\t\t\t\t\t\twidth='1420' height='240'\t\t\t\t\talt=\"https:\/\/files.sunoresearch.com.br\/n\/uploads\/2023\/04\/1420x240-Planilha-vida-financeira-true.png\"\n\t\t\t\t>\n\t\t\t<\/picture>\n\t\t<\/a>\n\t<\/p>\n\n\n","protected":false},"excerpt":{"rendered":"<p>Ap\u00f3s cinco preg\u00f5es consecutivos de alta, per\u00edodo em que acumulou valoriza\u00e7\u00e3o de 5,21%, o d\u00f3lar \u00e0 vista recuou na sess\u00e3o desta quarta-feira, 17. O enfraquecimento global da moeda americana e a queda dos Treasuries, em dia de agenda esvaziada no exterior, abriu espa\u00e7o para um movimento na realiza\u00e7\u00e3o de lucros no mercado local. Houve tamb\u00e9m [&hellip;]<\/p>\n","protected":false},"author":43,"featured_media":408456,"comment_status":"closed","ping_status":"closed","sticky":false,"template":"","format":"standard","meta":[],"categories":[60],"tags":[326,1852],"suno_strategy":[],"class_list":["post-545044","post","type-post","status-publish","format-standard","has-post-thumbnail","hentry","category-mercado","tag-dolar","tag-dolar-futuro"],"yoast_head":"<!-- This site is optimized with the Yoast SEO plugin v24.4 - https:\/\/yoast.com\/wordpress\/plugins\/seo\/ -->\n<title>D\u00f3lar cai 0,47% com ajustes em meio a alertas de Campos Neto<\/title>\n<meta name=\"description\" content=\"O d\u00f3lar encerrou o preg\u00e3o em queda de 0,47%, cotado a R$ 5,2439 - ainda nos maiores n\u00edveis desde mar\u00e7o de 2023. Saiba mais sobre o d\u00f3lar\" \/>\n<meta name=\"robots\" content=\"index, follow, max-snippet:-1, max-image-preview:large, max-video-preview:-1\" \/>\n<link rel=\"canonical\" href=\"https:\/\/www.suno.com.br\/noticias\/dolar-cai-fala-dura-de-campos-neto\/\" \/>\n<meta property=\"og:locale\" content=\"pt_BR\" \/>\n<meta property=\"og:type\" content=\"article\" \/>\n<meta property=\"og:title\" content=\"D\u00f3lar cai 0,47% com ajustes em meio a alertas de Campos Neto\" \/>\n<meta property=\"og:description\" content=\"O d\u00f3lar encerrou o preg\u00e3o em queda de 0,47%, cotado a R$ 5,2439 - ainda nos maiores n\u00edveis desde mar\u00e7o de 2023. Saiba mais sobre o d\u00f3lar\" \/>\n<meta property=\"og:url\" content=\"https:\/\/www.suno.com.br\/noticias\/dolar-cai-fala-dura-de-campos-neto\/\" \/>\n<meta property=\"og:site_name\" content=\"Suno Not\u00edcias\" \/>\n<meta property=\"article:publisher\" content=\"https:\/\/facebook.com\/sunoresearch\" \/>\n<meta property=\"article:author\" content=\"https:\/\/www.facebook.com\/sunonoticias\/\" \/>\n<meta property=\"og:image\" content=\"https:\/\/files.sunoresearch.com.br\/n\/uploads\/2023\/05\/dolar-eua-cambio.jpg\" \/>\n\t<meta property=\"og:image:width\" content=\"1200\" \/>\n\t<meta property=\"og:image:height\" content=\"800\" \/>\n\t<meta property=\"og:image:type\" content=\"image\/jpeg\" \/>\n<meta name=\"author\" content=\"Reda\u00e7\u00e3o Suno Not\u00edcias\" \/>\n<meta name=\"twitter:card\" content=\"summary_large_image\" \/>\n<meta name=\"twitter:creator\" content=\"@https:\/\/twitter.com\/sunoresearch\" \/>\n<meta name=\"twitter:site\" content=\"@sunoresearch\" \/>\n<meta name=\"twitter:label1\" content=\"Escrito por\" \/>\n\t<meta name=\"twitter:data1\" content=\"Reda\u00e7\u00e3o Suno Not\u00edcias\" \/>\n\t<meta name=\"twitter:label2\" content=\"Est. tempo de leitura\" \/>\n\t<meta name=\"twitter:data2\" content=\"4 minutos\" \/>\n<script type=\"application\/ld+json\" class=\"yoast-schema-graph\">{\"@context\":\"https:\/\/schema.org\",\"@graph\":[{\"@type\":\"NewsArticle\",\"@id\":\"https:\/\/www.suno.com.br\/noticias\/dolar-cai-fala-dura-de-campos-neto\/#article\",\"isPartOf\":{\"@id\":\"https:\/\/www.suno.com.br\/noticias\/dolar-cai-fala-dura-de-campos-neto\/\"},\"author\":{\"name\":\"Reda\u00e7\u00e3o Suno Not\u00edcias\",\"@id\":\"https:\/\/www.suno.com.br\/noticias\/#\/schema\/person\/c1b1bd3727fa852bd045e9dbff3673ea\"},\"headline\":\"D\u00f3lar cai 0,47% com ajustes em meio a alertas de Campos Neto sobre pol\u00edtica monet\u00e1ria\",\"datePublished\":\"2024-04-17T22:21:00+00:00\",\"dateModified\":\"2024-04-17T22:21:04+00:00\",\"mainEntityOfPage\":{\"@id\":\"https:\/\/www.suno.com.br\/noticias\/dolar-cai-fala-dura-de-campos-neto\/\"},\"wordCount\":780,\"publisher\":{\"@id\":\"https:\/\/www.suno.com.br\/noticias\/#organization\"},\"image\":{\"@id\":\"https:\/\/www.suno.com.br\/noticias\/dolar-cai-fala-dura-de-campos-neto\/#primaryimage\"},\"thumbnailUrl\":\"https:\/\/files.sunoresearch.com.br\/n\/uploads\/2023\/05\/dolar-eua-cambio.jpg\",\"keywords\":[\"d\u00f3lar\",\"d\u00f3lar futuro\"],\"articleSection\":[\"Mercado\"],\"inLanguage\":\"pt-BR\"},{\"@type\":\"WebPage\",\"@id\":\"https:\/\/www.suno.com.br\/noticias\/dolar-cai-fala-dura-de-campos-neto\/\",\"url\":\"https:\/\/www.suno.com.br\/noticias\/dolar-cai-fala-dura-de-campos-neto\/\",\"name\":\"D\u00f3lar cai 0,47% com ajustes em meio a alertas de Campos Neto\",\"isPartOf\":{\"@id\":\"https:\/\/www.suno.com.br\/noticias\/#website\"},\"primaryImageOfPage\":{\"@id\":\"https:\/\/www.suno.com.br\/noticias\/dolar-cai-fala-dura-de-campos-neto\/#primaryimage\"},\"image\":{\"@id\":\"https:\/\/www.suno.com.br\/noticias\/dolar-cai-fala-dura-de-campos-neto\/#primaryimage\"},\"thumbnailUrl\":\"https:\/\/files.sunoresearch.com.br\/n\/uploads\/2023\/05\/dolar-eua-cambio.jpg\",\"datePublished\":\"2024-04-17T22:21:00+00:00\",\"dateModified\":\"2024-04-17T22:21:04+00:00\",\"description\":\"O d\u00f3lar encerrou o preg\u00e3o em queda de 0,47%, cotado a R$ 5,2439 - ainda nos maiores n\u00edveis desde mar\u00e7o de 2023. Saiba mais sobre o d\u00f3lar\",\"breadcrumb\":{\"@id\":\"https:\/\/www.suno.com.br\/noticias\/dolar-cai-fala-dura-de-campos-neto\/#breadcrumb\"},\"inLanguage\":\"pt-BR\",\"potentialAction\":[{\"@type\":\"ReadAction\",\"target\":[\"https:\/\/www.suno.com.br\/noticias\/dolar-cai-fala-dura-de-campos-neto\/\"]}]},{\"@type\":\"ImageObject\",\"inLanguage\":\"pt-BR\",\"@id\":\"https:\/\/www.suno.com.br\/noticias\/dolar-cai-fala-dura-de-campos-neto\/#primaryimage\",\"url\":\"https:\/\/files.sunoresearch.com.br\/n\/uploads\/2023\/05\/dolar-eua-cambio.jpg\",\"contentUrl\":\"https:\/\/files.sunoresearch.com.br\/n\/uploads\/2023\/05\/dolar-eua-cambio.jpg\",\"width\":1200,\"height\":800,\"caption\":\"D\u00f3lar. Foto: iStock\"},{\"@type\":\"BreadcrumbList\",\"@id\":\"https:\/\/www.suno.com.br\/noticias\/dolar-cai-fala-dura-de-campos-neto\/#breadcrumb\",\"itemListElement\":[{\"@type\":\"ListItem\",\"position\":1,\"name\":\"Not\u00edcias\",\"item\":\"https:\/\/www.suno.com.br\/noticias\/\"},{\"@type\":\"ListItem\",\"position\":2,\"name\":\"Mercado\",\"item\":\"https:\/\/www.suno.com.br\/noticias\/mercado\/\"},{\"@type\":\"ListItem\",\"position\":3,\"name\":\"D\u00f3lar cai 0,47% com ajustes em meio a alertas de Campos Neto sobre pol\u00edtica monet\u00e1ria\"}]},{\"@type\":\"WebSite\",\"@id\":\"https:\/\/www.suno.com.br\/noticias\/#website\",\"url\":\"https:\/\/www.suno.com.br\/noticias\/\",\"name\":\"Suno Not\u00edcias\",\"description\":\"Seu portal de informa\u00e7\u00e3o sobre o mundo dos investimentos\",\"publisher\":{\"@id\":\"https:\/\/www.suno.com.br\/noticias\/#organization\"},\"potentialAction\":[{\"@type\":\"SearchAction\",\"target\":{\"@type\":\"EntryPoint\",\"urlTemplate\":\"https:\/\/www.suno.com.br\/noticias\/?s={search_term_string}\"},\"query-input\":{\"@type\":\"PropertyValueSpecification\",\"valueRequired\":true,\"valueName\":\"search_term_string\"}}],\"inLanguage\":\"pt-BR\"},{\"@type\":\"Organization\",\"@id\":\"https:\/\/www.suno.com.br\/noticias\/#organization\",\"name\":\"Suno Not\u00edcias\",\"url\":\"https:\/\/www.suno.com.br\/noticias\/\",\"logo\":{\"@type\":\"ImageObject\",\"inLanguage\":\"pt-BR\",\"@id\":\"https:\/\/www.suno.com.br\/noticias\/#\/schema\/logo\/image\/\",\"url\":\"https:\/\/files.sunoresearch.com.br\/n\/uploads\/2021\/09\/suno-logo.png\",\"contentUrl\":\"https:\/\/files.sunoresearch.com.br\/n\/uploads\/2021\/09\/suno-logo.png\",\"width\":180,\"height\":180,\"caption\":\"Suno Not\u00edcias\"},\"image\":{\"@id\":\"https:\/\/www.suno.com.br\/noticias\/#\/schema\/logo\/image\/\"},\"sameAs\":[\"https:\/\/facebook.com\/sunoresearch\",\"https:\/\/x.com\/sunoresearch\",\"https:\/\/www.instagram.com\/suno\",\"https:\/\/www.linkedin.com\/company\/suno-research\/\",\"https:\/\/www.youtube.com\/c\/sunoresearch\"]},{\"@type\":\"Person\",\"@id\":\"https:\/\/www.suno.com.br\/noticias\/#\/schema\/person\/c1b1bd3727fa852bd045e9dbff3673ea\",\"name\":\"Reda\u00e7\u00e3o Suno Not\u00edcias\",\"image\":{\"@type\":\"ImageObject\",\"inLanguage\":\"pt-BR\",\"@id\":\"https:\/\/www.suno.com.br\/noticias\/#\/schema\/person\/image\/\",\"url\":\"https:\/\/secure.gravatar.com\/avatar\/b8104b9b5a71985d5238ee59fbe418af?s=96&r=g\",\"contentUrl\":\"https:\/\/secure.gravatar.com\/avatar\/b8104b9b5a71985d5238ee59fbe418af?s=96&r=g\",\"caption\":\"Reda\u00e7\u00e3o Suno Not\u00edcias\"},\"description\":\"O Suno Not\u00edcias \u00e9 um portal de informa\u00e7\u00f5es sobre Mercado Financeiro, Pol\u00edtica, Neg\u00f3cios, Economia e Finan\u00e7as Pessoais.\",\"sameAs\":[\"https:\/\/www.suno.com.br\/noticias\",\"https:\/\/www.facebook.com\/sunonoticias\/\",\"https:\/\/www.instagram.com\/sunonoticias\/\",\"https:\/\/x.com\/https:\/\/twitter.com\/sunoresearch\",\"https:\/\/www.youtube.com\/sunonoticias\"],\"url\":\"https:\/\/www.suno.com.br\/noticias\/author\/redacao-suno\/\"}]}<\/script>\n<!-- \/ Yoast SEO plugin. -->","yoast_head_json":{"title":"D\u00f3lar cai 0,47% com ajustes em meio a alertas de Campos Neto","description":"O d\u00f3lar encerrou o preg\u00e3o em queda de 0,47%, cotado a R$ 5,2439 - ainda nos maiores n\u00edveis desde mar\u00e7o de 2023. Saiba mais sobre o d\u00f3lar","robots":{"index":"index","follow":"follow","max-snippet":"max-snippet:-1","max-image-preview":"max-image-preview:large","max-video-preview":"max-video-preview:-1"},"canonical":"https:\/\/www.suno.com.br\/noticias\/dolar-cai-fala-dura-de-campos-neto\/","og_locale":"pt_BR","og_type":"article","og_title":"D\u00f3lar cai 0,47% com ajustes em meio a alertas de Campos Neto","og_description":"O d\u00f3lar encerrou o preg\u00e3o em queda de 0,47%, cotado a R$ 5,2439 - ainda nos maiores n\u00edveis desde mar\u00e7o de 2023. Saiba mais sobre o d\u00f3lar","og_url":"https:\/\/www.suno.com.br\/noticias\/dolar-cai-fala-dura-de-campos-neto\/","og_site_name":"Suno Not\u00edcias","article_publisher":"https:\/\/facebook.com\/sunoresearch","article_author":"https:\/\/www.facebook.com\/sunonoticias\/","og_image":[{"width":1200,"height":800,"url":"https:\/\/files.sunoresearch.com.br\/n\/uploads\/2023\/05\/dolar-eua-cambio.jpg","type":"image\/jpeg"}],"author":"Reda\u00e7\u00e3o Suno Not\u00edcias","twitter_card":"summary_large_image","twitter_creator":"@https:\/\/twitter.com\/sunoresearch","twitter_site":"@sunoresearch","twitter_misc":{"Escrito por":"Reda\u00e7\u00e3o Suno Not\u00edcias","Est. tempo de leitura":"4 minutos"},"schema":{"@context":"https:\/\/schema.org","@graph":[{"@type":"NewsArticle","@id":"https:\/\/www.suno.com.br\/noticias\/dolar-cai-fala-dura-de-campos-neto\/#article","isPartOf":{"@id":"https:\/\/www.suno.com.br\/noticias\/dolar-cai-fala-dura-de-campos-neto\/"},"author":{"name":"Reda\u00e7\u00e3o Suno Not\u00edcias","@id":"https:\/\/www.suno.com.br\/noticias\/#\/schema\/person\/c1b1bd3727fa852bd045e9dbff3673ea"},"headline":"D\u00f3lar cai 0,47% com ajustes em meio a alertas de Campos Neto sobre pol\u00edtica monet\u00e1ria","datePublished":"2024-04-17T22:21:00+00:00","dateModified":"2024-04-17T22:21:04+00:00","mainEntityOfPage":{"@id":"https:\/\/www.suno.com.br\/noticias\/dolar-cai-fala-dura-de-campos-neto\/"},"wordCount":780,"publisher":{"@id":"https:\/\/www.suno.com.br\/noticias\/#organization"},"image":{"@id":"https:\/\/www.suno.com.br\/noticias\/dolar-cai-fala-dura-de-campos-neto\/#primaryimage"},"thumbnailUrl":"https:\/\/files.sunoresearch.com.br\/n\/uploads\/2023\/05\/dolar-eua-cambio.jpg","keywords":["d\u00f3lar","d\u00f3lar futuro"],"articleSection":["Mercado"],"inLanguage":"pt-BR"},{"@type":"WebPage","@id":"https:\/\/www.suno.com.br\/noticias\/dolar-cai-fala-dura-de-campos-neto\/","url":"https:\/\/www.suno.com.br\/noticias\/dolar-cai-fala-dura-de-campos-neto\/","name":"D\u00f3lar cai 0,47% com ajustes em meio a alertas de Campos Neto","isPartOf":{"@id":"https:\/\/www.suno.com.br\/noticias\/#website"},"primaryImageOfPage":{"@id":"https:\/\/www.suno.com.br\/noticias\/dolar-cai-fala-dura-de-campos-neto\/#primaryimage"},"image":{"@id":"https:\/\/www.suno.com.br\/noticias\/dolar-cai-fala-dura-de-campos-neto\/#primaryimage"},"thumbnailUrl":"https:\/\/files.sunoresearch.com.br\/n\/uploads\/2023\/05\/dolar-eua-cambio.jpg","datePublished":"2024-04-17T22:21:00+00:00","dateModified":"2024-04-17T22:21:04+00:00","description":"O d\u00f3lar encerrou o preg\u00e3o em queda de 0,47%, cotado a R$ 5,2439 - ainda nos maiores n\u00edveis desde mar\u00e7o de 2023. Saiba mais sobre o d\u00f3lar","breadcrumb":{"@id":"https:\/\/www.suno.com.br\/noticias\/dolar-cai-fala-dura-de-campos-neto\/#breadcrumb"},"inLanguage":"pt-BR","potentialAction":[{"@type":"ReadAction","target":["https:\/\/www.suno.com.br\/noticias\/dolar-cai-fala-dura-de-campos-neto\/"]}]},{"@type":"ImageObject","inLanguage":"pt-BR","@id":"https:\/\/www.suno.com.br\/noticias\/dolar-cai-fala-dura-de-campos-neto\/#primaryimage","url":"https:\/\/files.sunoresearch.com.br\/n\/uploads\/2023\/05\/dolar-eua-cambio.jpg","contentUrl":"https:\/\/files.sunoresearch.com.br\/n\/uploads\/2023\/05\/dolar-eua-cambio.jpg","width":1200,"height":800,"caption":"D\u00f3lar. Foto: iStock"},{"@type":"BreadcrumbList","@id":"https:\/\/www.suno.com.br\/noticias\/dolar-cai-fala-dura-de-campos-neto\/#breadcrumb","itemListElement":[{"@type":"ListItem","position":1,"name":"Not\u00edcias","item":"https:\/\/www.suno.com.br\/noticias\/"},{"@type":"ListItem","position":2,"name":"Mercado","item":"https:\/\/www.suno.com.br\/noticias\/mercado\/"},{"@type":"ListItem","position":3,"name":"D\u00f3lar cai 0,47% com ajustes em meio a alertas de Campos Neto sobre pol\u00edtica monet\u00e1ria"}]},{"@type":"WebSite","@id":"https:\/\/www.suno.com.br\/noticias\/#website","url":"https:\/\/www.suno.com.br\/noticias\/","name":"Suno Not\u00edcias","description":"Seu portal de informa\u00e7\u00e3o sobre o mundo dos investimentos","publisher":{"@id":"https:\/\/www.suno.com.br\/noticias\/#organization"},"potentialAction":[{"@type":"SearchAction","target":{"@type":"EntryPoint","urlTemplate":"https:\/\/www.suno.com.br\/noticias\/?s={search_term_string}"},"query-input":{"@type":"PropertyValueSpecification","valueRequired":true,"valueName":"search_term_string"}}],"inLanguage":"pt-BR"},{"@type":"Organization","@id":"https:\/\/www.suno.com.br\/noticias\/#organization","name":"Suno Not\u00edcias","url":"https:\/\/www.suno.com.br\/noticias\/","logo":{"@type":"ImageObject","inLanguage":"pt-BR","@id":"https:\/\/www.suno.com.br\/noticias\/#\/schema\/logo\/image\/","url":"https:\/\/files.sunoresearch.com.br\/n\/uploads\/2021\/09\/suno-logo.png","contentUrl":"https:\/\/files.sunoresearch.com.br\/n\/uploads\/2021\/09\/suno-logo.png","width":180,"height":180,"caption":"Suno Not\u00edcias"},"image":{"@id":"https:\/\/www.suno.com.br\/noticias\/#\/schema\/logo\/image\/"},"sameAs":["https:\/\/facebook.com\/sunoresearch","https:\/\/x.com\/sunoresearch","https:\/\/www.instagram.com\/suno","https:\/\/www.linkedin.com\/company\/suno-research\/","https:\/\/www.youtube.com\/c\/sunoresearch"]},{"@type":"Person","@id":"https:\/\/www.suno.com.br\/noticias\/#\/schema\/person\/c1b1bd3727fa852bd045e9dbff3673ea","name":"Reda\u00e7\u00e3o Suno Not\u00edcias","image":{"@type":"ImageObject","inLanguage":"pt-BR","@id":"https:\/\/www.suno.com.br\/noticias\/#\/schema\/person\/image\/","url":"https:\/\/secure.gravatar.com\/avatar\/b8104b9b5a71985d5238ee59fbe418af?s=96&r=g","contentUrl":"https:\/\/secure.gravatar.com\/avatar\/b8104b9b5a71985d5238ee59fbe418af?s=96&r=g","caption":"Reda\u00e7\u00e3o Suno Not\u00edcias"},"description":"O Suno Not\u00edcias \u00e9 um portal de informa\u00e7\u00f5es sobre Mercado Financeiro, Pol\u00edtica, Neg\u00f3cios, Economia e Finan\u00e7as Pessoais.","sameAs":["https:\/\/www.suno.com.br\/noticias","https:\/\/www.facebook.com\/sunonoticias\/","https:\/\/www.instagram.com\/sunonoticias\/","https:\/\/x.com\/https:\/\/twitter.com\/sunoresearch","https:\/\/www.youtube.com\/sunonoticias"],"url":"https:\/\/www.suno.com.br\/noticias\/author\/redacao-suno\/"}]}},"default_loop_html":"<div class=\"cardsPage__listCard__boxs\"><div class=\"cardsPage__listCard__boxs__img\"><a href=\"https:\/\/www.suno.com.br\/noticias\/dolar-cai-fala-dura-de-campos-neto\/\"><img class=\"mask\" src=\"https:\/\/www.suno.com.br\/noticias\/wp-content\/themes\/suno\/resources\/images\/spotlight\/spotlight1img\/bg-mask.png\" alt=\"Image Mask\"\/><img src=\"https:\/\/files.sunoresearch.com.br\/n\/uploads\/2023\/05\/dolar-eua-cambio-400x200.jpg\" alt=\"D\u00f3lar cai 0,47% com ajustes em meio a alertas de Campos Neto sobre pol\u00edtica monet\u00e1ria\"\/><\/a><span class=\"spotlightCategory\"><a href=\"https:\/\/www.suno.com.br\/noticias\/mercado\/\">Mercado<\/a><\/span><\/div><div class=\"cardsPage__listCard__boxs__content\"><a href=\"https:\/\/www.suno.com.br\/noticias\/dolar-cai-fala-dura-de-campos-neto\/\"><h2 class=\"content__title\">D\u00f3lar cai 0,47% com ajustes em meio a alertas de Campos Neto sobre pol\u00edtica monet\u00e1ria<\/h2><\/a><div class=\"newsContent__article__meta\"><div class=\"newsContent__article__meta__authorBox\"><a href=\"https:\/\/www.suno.com.br\/noticias\/author\/redacao-suno\/\" class=\"authorBox__avatar noMobi\"><img src=\"https:\/\/files.sunoresearch.com.br\/n\/uploads\/2020\/08\/0ace682d-redacao-1-150x150.webp\" alt=\"Reda\u00e7\u00e3o Suno Not\u00edcias\"><\/a><div class=\"authorBox__name\"><span>por\n\t\t\t<a href=\"https:\/\/www.suno.com.br\/noticias\/author\/redacao-suno\/\"><span itemprop=\"author\">Reda\u00e7\u00e3o Suno Not\u00edcias<\/span><\/a><\/span><time datetime=\"2024-04-17T19:21:00-03:00\" itemprop=\"datePublished\">17\/04\/2024 19:21<\/time><\/div><\/div><\/div><\/div><\/div>","single_layout":"posts","amp_enabled":true,"_links":{"self":[{"href":"https:\/\/www.suno.com.br\/noticias\/wp-json\/wp\/v2\/posts\/545044"}],"collection":[{"href":"https:\/\/www.suno.com.br\/noticias\/wp-json\/wp\/v2\/posts"}],"about":[{"href":"https:\/\/www.suno.com.br\/noticias\/wp-json\/wp\/v2\/types\/post"}],"author":[{"embeddable":true,"href":"https:\/\/www.suno.com.br\/noticias\/wp-json\/wp\/v2\/users\/43"}],"replies":[{"embeddable":true,"href":"https:\/\/www.suno.com.br\/noticias\/wp-json\/wp\/v2\/comments?post=545044"}],"version-history":[{"count":2,"href":"https:\/\/www.suno.com.br\/noticias\/wp-json\/wp\/v2\/posts\/545044\/revisions"}],"predecessor-version":[{"id":545065,"href":"https:\/\/www.suno.com.br\/noticias\/wp-json\/wp\/v2\/posts\/545044\/revisions\/545065"}],"wp:featuredmedia":[{"embeddable":true,"href":"https:\/\/www.suno.com.br\/noticias\/wp-json\/wp\/v2\/media\/408456"}],"wp:attachment":[{"href":"https:\/\/www.suno.com.br\/noticias\/wp-json\/wp\/v2\/media?parent=545044"}],"wp:term":[{"taxonomy":"category","embeddable":true,"href":"https:\/\/www.suno.com.br\/noticias\/wp-json\/wp\/v2\/categories?post=545044"},{"taxonomy":"post_tag","embeddable":true,"href":"https:\/\/www.suno.com.br\/noticias\/wp-json\/wp\/v2\/tags?post=545044"},{"taxonomy":"suno_strategy","embeddable":true,"href":"https:\/\/www.suno.com.br\/noticias\/wp-json\/wp\/v2\/suno_strategy?post=545044"}],"curies":[{"name":"wp","href":"https:\/\/api.w.org\/{rel}","templated":true}]}}