{"id":544929,"date":"2024-04-17T17:20:56","date_gmt":"2024-04-17T20:20:56","guid":{"rendered":"https:\/\/www.suno.com.br\/noticias\/?p=544929"},"modified":"2024-04-17T17:44:25","modified_gmt":"2024-04-17T20:44:25","slug":"selic-banco-central-campos-neto-inflacao-cpf","status":"publish","type":"post","link":"https:\/\/www.suno.com.br\/noticias\/selic-banco-central-campos-neto-inflacao-cpf\/","title":{"rendered":"Campos Neto diz que BC far\u00e1 o que for preciso para atingir meta de infla\u00e7\u00e3o: &#8220;Juros podem ficar altos por mais tempo&#8221;"},"content":{"rendered":"<p>O presidente do <a class=\"suno-keyword\" data-force=\"no\" data-priority=\"3\" href=\"https:\/\/www.suno.com.br\/artigos\/bacen\/\" target=\"_blank\" rel=\"noopener\">Banco Central (BC)<\/a>, Roberto Campos Neto, disse que a autoridade monet\u00e1ria que define a taxa <strong>Selic <\/strong>&#8220;n\u00e3o tem medo de fazer o que \u00e9 necess\u00e1rio&#8221; para a converg\u00eancia da infla\u00e7\u00e3o \u00e0 meta. <\/p>\t<div class=\"wrapper-featured-image\">\n\t\t<figure class=\"spotlightImg\">\n\n\t\t\t<picture>\n\t\t\t\t<source media=\"(max-width: 768px)\" srcset=\"https:\/\/files.sunoresearch.com.br\/n\/uploads\/2021\/03\/bfb6fff2-roberto-campos-neto-foto-pablo-valadares-camara-dos-deputados-400x200.webp\">\n\t\t\t\t<img loading=\"lazy\" decoding=\"async\" class=\"newsContent__article__imgCapa lazyloadDisabled \" src=\"https:\/\/files.sunoresearch.com.br\/n\/uploads\/2021\/03\/bfb6fff2-roberto-campos-neto-foto-pablo-valadares-camara-dos-deputados-800x450.webp\" width=\"800\" height=\"450\" alt=\"Campos Neto diz que BC far\u00e1 o que for preciso para atingir meta de infla\u00e7\u00e3o: &#8220;Juros podem ficar altos por mais tempo&#8221;\" fetchpriority=high \/>\n\t\t\t<\/picture>\n\n\t\t\t<figcaption class=\"wp-caption-text wp-caption-text--show\">Roberto Campos Neto, presidente do Banco Central - Foto: Pablo Valadares C\u00e2mara dos Deputados<\/figcaption>\n\t\t<\/figure>\n\t<\/div>\n\n\n\n\n\n\n\n\t<p>\n\t\t<a href=\"\" target=\"_blank\" data-element=\"shortcode-suno-banner\" title=\"Banner SUNO, clique e saiba mais\">\n\t\t\t<picture>\n\t\t\t\t<source media=\"(max-width: 500px)\" srcset=\"\">\n\t\t\t\t<img class=\"newsContent__article__imgCapa newsContent__article__imgCapa--banner\"\n\t\t\t\t\tsrc=\"\"\n\t\t\t\t\tdata-promo-id=\"240038\"\t\t\t\t\t\t\t\t\t\t\t\t\t\t\talt=\"\"\n\t\t\t\t>\n\t\t\t<\/picture>\n\t\t<\/a>\n\t<\/p>\n\n\n\n\n\n<p>&#8220;J\u00e1 tentamos mostrar isso ao mercado&#8221;, disse, durante sua apresenta\u00e7\u00e3o em evento promovido pela XP Investimentos, em Washington nesta quarta-feira (17).<\/p>\n\n\n\n<p><strong>Campos Neto<\/strong> tamb\u00e9m afirmou que agora h\u00e1 muito mais incertezas do que no \u00faltimo Comit\u00ea de <a class=\"suno-keyword\" target=\"_blank\" data-force=\"no\" data-priority=\"1\" href=\"https:\/\/www.suno.com.br\/artigos\/politica-monetaria\/\" rel=\"noopener\">Pol\u00edtica Monet\u00e1ria<\/a> (<strong>Copom<\/strong>), mas o aumento da incerteza ficou dentro do esperado pelo BC. <\/p>\n\n\n\n<p>Entre elas, as d\u00favidas sobre como ser\u00e1 o processo de desinfla\u00e7\u00e3o, o que pode &#8220;significar juro alto por mais tempo&#8221;. &#8220;At\u00e9 o pr\u00f3ximo Copom, temos de observar a cada dia.&#8221;<\/p>\n\n\n\n<p>Durante o evento, ele afirmou que a comunica\u00e7\u00e3o do Copom e o pr\u00f3prio <a class=\"suno-keyword\" target=\"_blank\" data-force=\"no\" data-priority=\"1\" href=\"https:\/\/www.suno.com.br\/artigos\/forward-guidance\/\" rel=\"noopener\">forward guidance<\/a> desenham as linhas para quais podem ser as a\u00e7\u00f5es do comit\u00ea, a depender da evolu\u00e7\u00e3o do cen\u00e1rio.<\/p>\n\n\n\n<p>&#8220;Podemos ter uma redu\u00e7\u00e3o da incerteza, o que significa seguir no caminho de sempre; podemos ter um sistema em que a incerteza continua alta, sem mudar, o que pode significar redu\u00e7\u00e3o do ritmo; podemos ter cen\u00e1rio em que a incerteza come\u00e7a a afetar vari\u00e1veis mais importantes, e precisamos conversar sobre mudar o balan\u00e7o de riscos; e podemos ter um cen\u00e1rio em que a incerteza aumenta, criando estresse globalmente, e nesse caso mudar\u00edamos nosso cen\u00e1rio-base&#8221;, disse o <strong>presidente do Banco Central<\/strong>.<\/p>\n\n\n\n<p>Sobre os recentes acontecimentos na \u00e1rea fiscal, Campos Neto disse que o BC sempre defendeu que as metas teriam de ser mantidas, mas entendeu que a mudan\u00e7a foi necess\u00e1ria. <\/p>\n\n\n\n<p>Ele lembrou que o ministro da Fazenda, <strong>Fernando Haddad<\/strong>, disse &#8220;muitas vezes que as \u00e2ncoras fiscal e monet\u00e1ria est\u00e3o relacionadas, mas a rela\u00e7\u00e3o &#8220;n\u00e3o \u00e9 mec\u00e2nica&#8221;. <\/p>\n\n\n\n<p>Segundo Campos Neto, &#8220;a evid\u00eancia dos \u00faltimos dias sugere que o mercado ficou mais preocupado com fiscal&#8221;, mas que \u00e9 necess\u00e1rio ver o impacto da revis\u00e3o nas vari\u00e1veis dos modelos.<\/p>\n\n\n\n<p>Ele comentou ainda sobre as crescentes expectativas para o <a class=\"suno-keyword\" target=\"_blank\" data-force=\"no\" data-priority=\"2\" href=\"https:\/\/www.suno.com.br\/artigos\/pib-produto-interno-bruto\/\" rel=\"noopener\">Produto Interno Bruto (PIB)<\/a> brasileiro, afirmando que a proje\u00e7\u00e3o do BC, &#8220;continua adequada&#8221;. <\/p>\n\n\n\n<p>Afirmou ainda ver no PIX &#8220;um efeito no PIB potencial&#8221;.<\/p>\n\n\n\t<p>\n\t\t<a href=\"https:\/\/lp.suno.com.br\/ebook-gratuito-investindo-no-exterior\/\" target=\"_blank\" data-element=\"shortcode-suno-banner\" title=\"Banner SUNO, clique e saiba mais\">\n\t\t\t<picture>\n\t\t\t\t<source media=\"(max-width: 500px)\" srcset=\"https:\/\/files.sunoresearch.com.br\/n\/uploads\/2023\/03\/400x300-Investindo-no-exterior.png\">\n\t\t\t\t<img class=\"newsContent__article__imgCapa newsContent__article__imgCapa--banner\"\n\t\t\t\t\tsrc=\"https:\/\/files.sunoresearch.com.br\/n\/uploads\/2023\/03\/1420x240-Investindo-no-exterior.png\"\n\t\t\t\t\tdata-promo-id=\"383161\"\t\t\t\t\t\t\t\t\t\twidth='1420' height='240'\t\t\t\t\talt=\"https:\/\/files.sunoresearch.com.br\/n\/uploads\/2023\/03\/1420x240-Investindo-no-exterior.png\"\n\t\t\t\t>\n\t\t\t<\/picture>\n\t\t<\/a>\n\t<\/p>\n\n\n\n\n\n<h2 class=\"wp-block-heading\">Campos Neto n\u00e3o aborda diretamente Selic e menciona c\u00e2mbio do d\u00f3lar<\/h2>\n\n\n\n<p>Enquanto que as perspectivas de cortes da <strong>taxa Selic <\/strong>n\u00e3o foram diretamente abordadas, o presidente do BC comentou sobre as expectativas para o c\u00e2mbio do <strong>d\u00f3lar<\/strong>.<\/p>\n\n\n\n<p>Segundo RCN, o Banco Central n\u00e3o reage a movimentos de reprecifica\u00e7\u00e3o do <a class=\"suno-keyword\" target=\"_blank\" data-force=\"no\" data-priority=\"1\" href=\"https:\/\/www.suno.com.br\/artigos\/premio-de-risco\/\" rel=\"noopener\">pr\u00eamio de risco<\/a> brasileiro com interven\u00e7\u00f5es no c\u00e2mbio, disse o presidente da autarquia. <\/p>\n\n\n\n<p>&#8220;N\u00e3o reagimos ao fato de que as pessoas est\u00e3o reprecificando nosso pr\u00eamio de risco&#8221;, disse Campos Neto, argumentando que esse tipo de interven\u00e7\u00e3o pode criar impacto em outros ativos. <\/p>\n\n\n\n<p>&#8220;Se o governo intervir demais no <strong>c\u00e2mbio<\/strong>, voc\u00ea veria a <strong>taxa de juros <\/strong>longa explodir, porque as pessoas procuram outras formas de fazer hedge.&#8221;<\/p>\n\n\n\n<p>Segundo o banqueiro central, a autarquia procura n\u00e3o intervir muito pouco &#8211; o que poderia abrir espa\u00e7o para movimentos especulativos -, nem intervir demais. <\/p>\n\n\n\n<p>&#8220;O c\u00e2mbio \u00e9 flutuante, achamos que \u00e9 uma fun\u00e7\u00e3o importante dele, e que nossa interven\u00e7\u00e3o s\u00f3 \u00e9 para as circunst\u00e2ncias de mau funcionamento do mercado, falta de liquidez ou m\u00e1 interpreta\u00e7\u00e3o de algo&#8221;, disse.<\/p>\n\n\n\n<p><em>Com informa\u00e7\u00f5es de Estad\u00e3o Conte\u00fado.<\/em><\/p>\n\n\n\n\t<div data-element=\"shortcode-read-more\" class=\"readToo\">\n\t\t\t\t<span class=\"readToo__title\">Leia mais<\/span>\n\t\t\t\t<ul class=\"readToo__list\">\n\t\t\t<li><a href=\"https:\/\/www.suno.com.br\/noticias\/banco-central-bc-valores-a-receber-resgates-evm\/\">Valores a Receber: BC anuncia mudan\u00e7a para resgates acima de R$ 100<\/a><\/li><li><a href=\"https:\/\/www.suno.com.br\/noticias\/oi-oibr3-suspende-assembleia-credores-entenda-cpf\/\">Oi (OIBR3) suspende Assembleia de credores pela 4\u00aa vez; entenda<\/a><\/li><li><a href=\"https:\/\/www.suno.com.br\/noticias\/cortes-selic-btg-mudancas-projecoes-va\/\">Cortes na Selic continuar\u00e3o? BTG v\u00ea fatores internos e externos modificando proje\u00e7\u00f5es<\/a><\/li>\t\t<\/ul>\n\t<\/div>\n\n\n\n\t<p>\n\t\t<a href=\"https:\/\/lp.suno.com.br\/planilha-da-vida-financeira\/\" target=\"_blank\" data-element=\"shortcode-suno-banner\" title=\"Banner SUNO, clique e saiba mais\">\n\t\t\t<picture>\n\t\t\t\t<source media=\"(max-width: 500px)\" srcset=\"https:\/\/files.sunoresearch.com.br\/n\/uploads\/2023\/04\/400x300-Planilha-vida-financeira-true.png\">\n\t\t\t\t<img class=\"newsContent__article__imgCapa newsContent__article__imgCapa--banner\"\n\t\t\t\t\tsrc=\"https:\/\/files.sunoresearch.com.br\/n\/uploads\/2023\/04\/1420x240-Planilha-vida-financeira-true.png\"\n\t\t\t\t\tdata-promo-id=\"383123\"\t\t\t\t\t\t\t\t\t\twidth='1420' height='240'\t\t\t\t\talt=\"https:\/\/files.sunoresearch.com.br\/n\/uploads\/2023\/04\/1420x240-Planilha-vida-financeira-true.png\"\n\t\t\t\t>\n\t\t\t<\/picture>\n\t\t<\/a>\n\t<\/p>\n\n\n","protected":false},"excerpt":{"rendered":"<p>O presidente do Banco Central (BC), Roberto Campos Neto, disse que a autoridade monet\u00e1ria que define a taxa Selic &#8220;n\u00e3o tem medo de fazer o que \u00e9 necess\u00e1rio&#8221; para a converg\u00eancia da infla\u00e7\u00e3o \u00e0 meta. Roberto Campos Neto, presidente do Banco Central &#8211; Foto: Pablo Valadares C\u00e2mara dos Deputados &#8220;J\u00e1 tentamos mostrar isso ao mercado&#8221;, [&hellip;]<\/p>\n","protected":false},"author":283,"featured_media":130435,"comment_status":"closed","ping_status":"closed","sticky":false,"template":"","format":"standard","meta":[],"categories":[62],"tags":[1842,850,1113],"suno_strategy":[],"class_list":["post-544929","post","type-post","status-publish","format-standard","has-post-thumbnail","hentry","category-economia","tag-banco-central-bc","tag-inflacao","tag-roberto-campos-neto"],"yoast_head":"<!-- This site is optimized with the Yoast SEO plugin v24.4 - https:\/\/yoast.com\/wordpress\/plugins\/seo\/ -->\n<title>Selic: BC far\u00e1 o necess\u00e1rio para atingir meta de infla\u00e7\u00e3o, diz RCN<\/title>\n<meta name=\"description\" content=\"Sem men\u00e7\u00f5es diretas \u00e0 Selic, o presidente do Banco Central afirmou que a autoridade monet\u00e1ria est\u00e1 dedicada \u00e0 infla\u00e7\u00e3o chegar na meta.\" \/>\n<meta name=\"robots\" content=\"index, follow, max-snippet:-1, max-image-preview:large, max-video-preview:-1\" \/>\n<link rel=\"canonical\" href=\"https:\/\/www.suno.com.br\/noticias\/selic-banco-central-campos-neto-inflacao-cpf\/\" \/>\n<meta property=\"og:locale\" content=\"pt_BR\" \/>\n<meta property=\"og:type\" content=\"article\" \/>\n<meta property=\"og:title\" content=\"Selic: BC far\u00e1 o necess\u00e1rio para atingir meta de infla\u00e7\u00e3o, diz RCN\" \/>\n<meta property=\"og:description\" content=\"Sem men\u00e7\u00f5es diretas \u00e0 Selic, o presidente do Banco Central afirmou que a autoridade monet\u00e1ria est\u00e1 dedicada \u00e0 infla\u00e7\u00e3o chegar na meta.\" \/>\n<meta property=\"og:url\" content=\"https:\/\/www.suno.com.br\/noticias\/selic-banco-central-campos-neto-inflacao-cpf\/\" \/>\n<meta property=\"og:site_name\" content=\"Suno Not\u00edcias\" \/>\n<meta property=\"article:publisher\" content=\"https:\/\/facebook.com\/sunoresearch\" \/>\n<meta property=\"og:image\" content=\"https:\/\/files.sunoresearch.com.br\/n\/uploads\/2021\/03\/bfb6fff2-roberto-campos-neto-foto-pablo-valadares-camara-dos-deputados.jpg\" \/>\n\t<meta property=\"og:image:width\" content=\"1200\" \/>\n\t<meta property=\"og:image:height\" content=\"800\" \/>\n\t<meta property=\"og:image:type\" content=\"image\/jpeg\" \/>\n<meta name=\"author\" content=\"Camila Paim\" \/>\n<meta name=\"twitter:card\" content=\"summary_large_image\" \/>\n<meta name=\"twitter:creator\" content=\"@sunoresearch\" \/>\n<meta name=\"twitter:site\" content=\"@sunoresearch\" \/>\n<meta name=\"twitter:label1\" content=\"Escrito por\" \/>\n\t<meta name=\"twitter:data1\" content=\"Camila Paim\" \/>\n\t<meta name=\"twitter:label2\" content=\"Est. tempo de leitura\" \/>\n\t<meta name=\"twitter:data2\" content=\"3 minutos\" \/>\n<script type=\"application\/ld+json\" class=\"yoast-schema-graph\">{\"@context\":\"https:\/\/schema.org\",\"@graph\":[{\"@type\":\"NewsArticle\",\"@id\":\"https:\/\/www.suno.com.br\/noticias\/selic-banco-central-campos-neto-inflacao-cpf\/#article\",\"isPartOf\":{\"@id\":\"https:\/\/www.suno.com.br\/noticias\/selic-banco-central-campos-neto-inflacao-cpf\/\"},\"author\":{\"name\":\"Camila Paim\",\"@id\":\"https:\/\/www.suno.com.br\/noticias\/#\/schema\/person\/f341d3ae5d1cc685176c9a5327cdfdbb\"},\"headline\":\"Campos Neto diz que BC far\u00e1 o que for preciso para atingir meta de infla\u00e7\u00e3o: &#8220;Juros podem ficar altos por mais tempo&#8221;\",\"datePublished\":\"2024-04-17T20:20:56+00:00\",\"dateModified\":\"2024-04-17T20:44:25+00:00\",\"mainEntityOfPage\":{\"@id\":\"https:\/\/www.suno.com.br\/noticias\/selic-banco-central-campos-neto-inflacao-cpf\/\"},\"wordCount\":611,\"publisher\":{\"@id\":\"https:\/\/www.suno.com.br\/noticias\/#organization\"},\"image\":{\"@id\":\"https:\/\/www.suno.com.br\/noticias\/selic-banco-central-campos-neto-inflacao-cpf\/#primaryimage\"},\"thumbnailUrl\":\"https:\/\/files.sunoresearch.com.br\/n\/uploads\/2021\/03\/bfb6fff2-roberto-campos-neto-foto-pablo-valadares-camara-dos-deputados-jpg.webp\",\"keywords\":[\"Banco Central (BC)\",\"infla\u00e7\u00e3o\",\"Roberto Campos Neto\"],\"articleSection\":[\"Economia\"],\"inLanguage\":\"pt-BR\"},{\"@type\":\"WebPage\",\"@id\":\"https:\/\/www.suno.com.br\/noticias\/selic-banco-central-campos-neto-inflacao-cpf\/\",\"url\":\"https:\/\/www.suno.com.br\/noticias\/selic-banco-central-campos-neto-inflacao-cpf\/\",\"name\":\"Selic: BC far\u00e1 o necess\u00e1rio para atingir meta de infla\u00e7\u00e3o, diz RCN\",\"isPartOf\":{\"@id\":\"https:\/\/www.suno.com.br\/noticias\/#website\"},\"primaryImageOfPage\":{\"@id\":\"https:\/\/www.suno.com.br\/noticias\/selic-banco-central-campos-neto-inflacao-cpf\/#primaryimage\"},\"image\":{\"@id\":\"https:\/\/www.suno.com.br\/noticias\/selic-banco-central-campos-neto-inflacao-cpf\/#primaryimage\"},\"thumbnailUrl\":\"https:\/\/files.sunoresearch.com.br\/n\/uploads\/2021\/03\/bfb6fff2-roberto-campos-neto-foto-pablo-valadares-camara-dos-deputados-jpg.webp\",\"datePublished\":\"2024-04-17T20:20:56+00:00\",\"dateModified\":\"2024-04-17T20:44:25+00:00\",\"description\":\"Sem men\u00e7\u00f5es diretas \u00e0 Selic, o presidente do Banco Central afirmou que a autoridade monet\u00e1ria est\u00e1 dedicada \u00e0 infla\u00e7\u00e3o chegar na meta.\",\"breadcrumb\":{\"@id\":\"https:\/\/www.suno.com.br\/noticias\/selic-banco-central-campos-neto-inflacao-cpf\/#breadcrumb\"},\"inLanguage\":\"pt-BR\",\"potentialAction\":[{\"@type\":\"ReadAction\",\"target\":[\"https:\/\/www.suno.com.br\/noticias\/selic-banco-central-campos-neto-inflacao-cpf\/\"]}]},{\"@type\":\"ImageObject\",\"inLanguage\":\"pt-BR\",\"@id\":\"https:\/\/www.suno.com.br\/noticias\/selic-banco-central-campos-neto-inflacao-cpf\/#primaryimage\",\"url\":\"https:\/\/files.sunoresearch.com.br\/n\/uploads\/2021\/03\/bfb6fff2-roberto-campos-neto-foto-pablo-valadares-camara-dos-deputados-jpg.webp\",\"contentUrl\":\"https:\/\/files.sunoresearch.com.br\/n\/uploads\/2021\/03\/bfb6fff2-roberto-campos-neto-foto-pablo-valadares-camara-dos-deputados-jpg.webp\",\"width\":1200,\"height\":800,\"caption\":\"Roberto Campos Neto, presidente do Banco Central - Foto: Pablo Valadares C\u00e2mara dos Deputados\"},{\"@type\":\"BreadcrumbList\",\"@id\":\"https:\/\/www.suno.com.br\/noticias\/selic-banco-central-campos-neto-inflacao-cpf\/#breadcrumb\",\"itemListElement\":[{\"@type\":\"ListItem\",\"position\":1,\"name\":\"Not\u00edcias\",\"item\":\"https:\/\/www.suno.com.br\/noticias\/\"},{\"@type\":\"ListItem\",\"position\":2,\"name\":\"Economia\",\"item\":\"https:\/\/www.suno.com.br\/noticias\/economia\/\"},{\"@type\":\"ListItem\",\"position\":3,\"name\":\"Campos Neto diz que BC far\u00e1 o que for preciso para atingir meta de infla\u00e7\u00e3o: &#8220;Juros podem ficar altos por mais tempo&#8221;\"}]},{\"@type\":\"WebSite\",\"@id\":\"https:\/\/www.suno.com.br\/noticias\/#website\",\"url\":\"https:\/\/www.suno.com.br\/noticias\/\",\"name\":\"Suno Not\u00edcias\",\"description\":\"Seu portal de informa\u00e7\u00e3o sobre o mundo dos investimentos\",\"publisher\":{\"@id\":\"https:\/\/www.suno.com.br\/noticias\/#organization\"},\"potentialAction\":[{\"@type\":\"SearchAction\",\"target\":{\"@type\":\"EntryPoint\",\"urlTemplate\":\"https:\/\/www.suno.com.br\/noticias\/?s={search_term_string}\"},\"query-input\":{\"@type\":\"PropertyValueSpecification\",\"valueRequired\":true,\"valueName\":\"search_term_string\"}}],\"inLanguage\":\"pt-BR\"},{\"@type\":\"Organization\",\"@id\":\"https:\/\/www.suno.com.br\/noticias\/#organization\",\"name\":\"Suno Not\u00edcias\",\"url\":\"https:\/\/www.suno.com.br\/noticias\/\",\"logo\":{\"@type\":\"ImageObject\",\"inLanguage\":\"pt-BR\",\"@id\":\"https:\/\/www.suno.com.br\/noticias\/#\/schema\/logo\/image\/\",\"url\":\"https:\/\/files.sunoresearch.com.br\/n\/uploads\/2021\/09\/suno-logo.png\",\"contentUrl\":\"https:\/\/files.sunoresearch.com.br\/n\/uploads\/2021\/09\/suno-logo.png\",\"width\":180,\"height\":180,\"caption\":\"Suno Not\u00edcias\"},\"image\":{\"@id\":\"https:\/\/www.suno.com.br\/noticias\/#\/schema\/logo\/image\/\"},\"sameAs\":[\"https:\/\/facebook.com\/sunoresearch\",\"https:\/\/x.com\/sunoresearch\",\"https:\/\/www.instagram.com\/suno\",\"https:\/\/www.linkedin.com\/company\/suno-research\/\",\"https:\/\/www.youtube.com\/c\/sunoresearch\"]},{\"@type\":\"Person\",\"@id\":\"https:\/\/www.suno.com.br\/noticias\/#\/schema\/person\/f341d3ae5d1cc685176c9a5327cdfdbb\",\"name\":\"Camila Paim\",\"image\":{\"@type\":\"ImageObject\",\"inLanguage\":\"pt-BR\",\"@id\":\"https:\/\/www.suno.com.br\/noticias\/#\/schema\/person\/image\/\",\"url\":\"https:\/\/secure.gravatar.com\/avatar\/f33728e65febb1aa7ecf6792956f9b20?s=96&r=g\",\"contentUrl\":\"https:\/\/secure.gravatar.com\/avatar\/f33728e65febb1aa7ecf6792956f9b20?s=96&r=g\",\"caption\":\"Camila Paim\"},\"description\":\"Jornalista formada pela USP, tem experi\u00eancia em reda\u00e7\u00f5es, SEO, Branded Content e Webdesign. Com passagem pelo Jornal da USP, Empiricus e C6 Bank, hoje \u00e9 rep\u00f3rter no Suno Not\u00edcias cobrindo macroeconomia, finan\u00e7as pessoais e startups.\",\"url\":\"https:\/\/www.suno.com.br\/noticias\/author\/camila-figueiredosuno-com-br\/\"}]}<\/script>\n<!-- \/ Yoast SEO plugin. -->","yoast_head_json":{"title":"Selic: BC far\u00e1 o necess\u00e1rio para atingir meta de infla\u00e7\u00e3o, diz RCN","description":"Sem men\u00e7\u00f5es diretas \u00e0 Selic, o presidente do Banco Central afirmou que a autoridade monet\u00e1ria est\u00e1 dedicada \u00e0 infla\u00e7\u00e3o chegar na meta.","robots":{"index":"index","follow":"follow","max-snippet":"max-snippet:-1","max-image-preview":"max-image-preview:large","max-video-preview":"max-video-preview:-1"},"canonical":"https:\/\/www.suno.com.br\/noticias\/selic-banco-central-campos-neto-inflacao-cpf\/","og_locale":"pt_BR","og_type":"article","og_title":"Selic: BC far\u00e1 o necess\u00e1rio para atingir meta de infla\u00e7\u00e3o, diz RCN","og_description":"Sem men\u00e7\u00f5es diretas \u00e0 Selic, o presidente do Banco Central afirmou que a autoridade monet\u00e1ria est\u00e1 dedicada \u00e0 infla\u00e7\u00e3o chegar na meta.","og_url":"https:\/\/www.suno.com.br\/noticias\/selic-banco-central-campos-neto-inflacao-cpf\/","og_site_name":"Suno Not\u00edcias","article_publisher":"https:\/\/facebook.com\/sunoresearch","og_image":[{"width":1200,"height":800,"url":"https:\/\/files.sunoresearch.com.br\/n\/uploads\/2021\/03\/bfb6fff2-roberto-campos-neto-foto-pablo-valadares-camara-dos-deputados.jpg","type":"image\/jpeg"}],"author":"Camila Paim","twitter_card":"summary_large_image","twitter_creator":"@sunoresearch","twitter_site":"@sunoresearch","twitter_misc":{"Escrito por":"Camila Paim","Est. tempo de leitura":"3 minutos"},"schema":{"@context":"https:\/\/schema.org","@graph":[{"@type":"NewsArticle","@id":"https:\/\/www.suno.com.br\/noticias\/selic-banco-central-campos-neto-inflacao-cpf\/#article","isPartOf":{"@id":"https:\/\/www.suno.com.br\/noticias\/selic-banco-central-campos-neto-inflacao-cpf\/"},"author":{"name":"Camila Paim","@id":"https:\/\/www.suno.com.br\/noticias\/#\/schema\/person\/f341d3ae5d1cc685176c9a5327cdfdbb"},"headline":"Campos Neto diz que BC far\u00e1 o que for preciso para atingir meta de infla\u00e7\u00e3o: &#8220;Juros podem ficar altos por mais tempo&#8221;","datePublished":"2024-04-17T20:20:56+00:00","dateModified":"2024-04-17T20:44:25+00:00","mainEntityOfPage":{"@id":"https:\/\/www.suno.com.br\/noticias\/selic-banco-central-campos-neto-inflacao-cpf\/"},"wordCount":611,"publisher":{"@id":"https:\/\/www.suno.com.br\/noticias\/#organization"},"image":{"@id":"https:\/\/www.suno.com.br\/noticias\/selic-banco-central-campos-neto-inflacao-cpf\/#primaryimage"},"thumbnailUrl":"https:\/\/files.sunoresearch.com.br\/n\/uploads\/2021\/03\/bfb6fff2-roberto-campos-neto-foto-pablo-valadares-camara-dos-deputados-jpg.webp","keywords":["Banco Central (BC)","infla\u00e7\u00e3o","Roberto Campos Neto"],"articleSection":["Economia"],"inLanguage":"pt-BR"},{"@type":"WebPage","@id":"https:\/\/www.suno.com.br\/noticias\/selic-banco-central-campos-neto-inflacao-cpf\/","url":"https:\/\/www.suno.com.br\/noticias\/selic-banco-central-campos-neto-inflacao-cpf\/","name":"Selic: BC far\u00e1 o necess\u00e1rio para atingir meta de infla\u00e7\u00e3o, diz RCN","isPartOf":{"@id":"https:\/\/www.suno.com.br\/noticias\/#website"},"primaryImageOfPage":{"@id":"https:\/\/www.suno.com.br\/noticias\/selic-banco-central-campos-neto-inflacao-cpf\/#primaryimage"},"image":{"@id":"https:\/\/www.suno.com.br\/noticias\/selic-banco-central-campos-neto-inflacao-cpf\/#primaryimage"},"thumbnailUrl":"https:\/\/files.sunoresearch.com.br\/n\/uploads\/2021\/03\/bfb6fff2-roberto-campos-neto-foto-pablo-valadares-camara-dos-deputados-jpg.webp","datePublished":"2024-04-17T20:20:56+00:00","dateModified":"2024-04-17T20:44:25+00:00","description":"Sem men\u00e7\u00f5es diretas \u00e0 Selic, o presidente do Banco Central afirmou que a autoridade monet\u00e1ria est\u00e1 dedicada \u00e0 infla\u00e7\u00e3o chegar na meta.","breadcrumb":{"@id":"https:\/\/www.suno.com.br\/noticias\/selic-banco-central-campos-neto-inflacao-cpf\/#breadcrumb"},"inLanguage":"pt-BR","potentialAction":[{"@type":"ReadAction","target":["https:\/\/www.suno.com.br\/noticias\/selic-banco-central-campos-neto-inflacao-cpf\/"]}]},{"@type":"ImageObject","inLanguage":"pt-BR","@id":"https:\/\/www.suno.com.br\/noticias\/selic-banco-central-campos-neto-inflacao-cpf\/#primaryimage","url":"https:\/\/files.sunoresearch.com.br\/n\/uploads\/2021\/03\/bfb6fff2-roberto-campos-neto-foto-pablo-valadares-camara-dos-deputados-jpg.webp","contentUrl":"https:\/\/files.sunoresearch.com.br\/n\/uploads\/2021\/03\/bfb6fff2-roberto-campos-neto-foto-pablo-valadares-camara-dos-deputados-jpg.webp","width":1200,"height":800,"caption":"Roberto Campos Neto, presidente do Banco Central - Foto: Pablo Valadares C\u00e2mara dos Deputados"},{"@type":"BreadcrumbList","@id":"https:\/\/www.suno.com.br\/noticias\/selic-banco-central-campos-neto-inflacao-cpf\/#breadcrumb","itemListElement":[{"@type":"ListItem","position":1,"name":"Not\u00edcias","item":"https:\/\/www.suno.com.br\/noticias\/"},{"@type":"ListItem","position":2,"name":"Economia","item":"https:\/\/www.suno.com.br\/noticias\/economia\/"},{"@type":"ListItem","position":3,"name":"Campos Neto diz que BC far\u00e1 o que for preciso para atingir meta de infla\u00e7\u00e3o: &#8220;Juros podem ficar altos por mais tempo&#8221;"}]},{"@type":"WebSite","@id":"https:\/\/www.suno.com.br\/noticias\/#website","url":"https:\/\/www.suno.com.br\/noticias\/","name":"Suno Not\u00edcias","description":"Seu portal de informa\u00e7\u00e3o sobre o mundo dos investimentos","publisher":{"@id":"https:\/\/www.suno.com.br\/noticias\/#organization"},"potentialAction":[{"@type":"SearchAction","target":{"@type":"EntryPoint","urlTemplate":"https:\/\/www.suno.com.br\/noticias\/?s={search_term_string}"},"query-input":{"@type":"PropertyValueSpecification","valueRequired":true,"valueName":"search_term_string"}}],"inLanguage":"pt-BR"},{"@type":"Organization","@id":"https:\/\/www.suno.com.br\/noticias\/#organization","name":"Suno Not\u00edcias","url":"https:\/\/www.suno.com.br\/noticias\/","logo":{"@type":"ImageObject","inLanguage":"pt-BR","@id":"https:\/\/www.suno.com.br\/noticias\/#\/schema\/logo\/image\/","url":"https:\/\/files.sunoresearch.com.br\/n\/uploads\/2021\/09\/suno-logo.png","contentUrl":"https:\/\/files.sunoresearch.com.br\/n\/uploads\/2021\/09\/suno-logo.png","width":180,"height":180,"caption":"Suno Not\u00edcias"},"image":{"@id":"https:\/\/www.suno.com.br\/noticias\/#\/schema\/logo\/image\/"},"sameAs":["https:\/\/facebook.com\/sunoresearch","https:\/\/x.com\/sunoresearch","https:\/\/www.instagram.com\/suno","https:\/\/www.linkedin.com\/company\/suno-research\/","https:\/\/www.youtube.com\/c\/sunoresearch"]},{"@type":"Person","@id":"https:\/\/www.suno.com.br\/noticias\/#\/schema\/person\/f341d3ae5d1cc685176c9a5327cdfdbb","name":"Camila Paim","image":{"@type":"ImageObject","inLanguage":"pt-BR","@id":"https:\/\/www.suno.com.br\/noticias\/#\/schema\/person\/image\/","url":"https:\/\/secure.gravatar.com\/avatar\/f33728e65febb1aa7ecf6792956f9b20?s=96&r=g","contentUrl":"https:\/\/secure.gravatar.com\/avatar\/f33728e65febb1aa7ecf6792956f9b20?s=96&r=g","caption":"Camila Paim"},"description":"Jornalista formada pela USP, tem experi\u00eancia em reda\u00e7\u00f5es, SEO, Branded Content e Webdesign. Com passagem pelo Jornal da USP, Empiricus e C6 Bank, hoje \u00e9 rep\u00f3rter no Suno Not\u00edcias cobrindo macroeconomia, finan\u00e7as pessoais e startups.","url":"https:\/\/www.suno.com.br\/noticias\/author\/camila-figueiredosuno-com-br\/"}]}},"default_loop_html":"<div class=\"cardsPage__listCard__boxs\"><div class=\"cardsPage__listCard__boxs__img\"><a href=\"https:\/\/www.suno.com.br\/noticias\/selic-banco-central-campos-neto-inflacao-cpf\/\"><img class=\"mask\" src=\"https:\/\/www.suno.com.br\/noticias\/wp-content\/themes\/suno\/resources\/images\/spotlight\/spotlight1img\/bg-mask.png\" alt=\"Image Mask\"\/><img src=\"https:\/\/files.sunoresearch.com.br\/n\/uploads\/2021\/03\/bfb6fff2-roberto-campos-neto-foto-pablo-valadares-camara-dos-deputados-400x200.webp\" alt=\"Campos Neto diz que BC far\u00e1 o que for preciso para atingir meta de infla\u00e7\u00e3o: &#8220;Juros podem ficar altos por mais tempo&#8221;\"\/><\/a><span class=\"spotlightCategory\"><a href=\"https:\/\/www.suno.com.br\/noticias\/economia\/\">Economia<\/a><\/span><\/div><div class=\"cardsPage__listCard__boxs__content\"><a href=\"https:\/\/www.suno.com.br\/noticias\/selic-banco-central-campos-neto-inflacao-cpf\/\"><h2 class=\"content__title\">Campos Neto diz que BC far\u00e1 o que for preciso para atingir meta de infla\u00e7\u00e3o: &#8220;Juros podem ficar altos por mais tempo&#8221;<\/h2><\/a><div class=\"newsContent__article__meta\"><div class=\"newsContent__article__meta__authorBox\"><a href=\"https:\/\/www.suno.com.br\/noticias\/author\/vini08correiagmail-com\/\" class=\"authorBox__avatar noMobi\"><img src=\"https:\/\/files.sunoresearch.com.br\/n\/uploads\/2026\/04\/WhatsApp-Image-2026-04-20-at-19.35.48-150x150.webp\" alt=\"Vin\u00edcius Alves\"><\/a><div class=\"authorBox__name\"><span>por\n\t\t\t<a href=\"https:\/\/www.suno.com.br\/noticias\/author\/vini08correiagmail-com\/\"><span itemprop=\"author\">Vin\u00edcius Alves<\/span><\/a><\/span><time datetime=\"2024-04-17T17:20:56-03:00\" itemprop=\"datePublished\">17\/04\/2024 17:20<\/time><\/div><\/div><\/div><\/div><\/div>","single_layout":"posts","amp_enabled":true,"_links":{"self":[{"href":"https:\/\/www.suno.com.br\/noticias\/wp-json\/wp\/v2\/posts\/544929"}],"collection":[{"href":"https:\/\/www.suno.com.br\/noticias\/wp-json\/wp\/v2\/posts"}],"about":[{"href":"https:\/\/www.suno.com.br\/noticias\/wp-json\/wp\/v2\/types\/post"}],"author":[{"embeddable":true,"href":"https:\/\/www.suno.com.br\/noticias\/wp-json\/wp\/v2\/users\/283"}],"replies":[{"embeddable":true,"href":"https:\/\/www.suno.com.br\/noticias\/wp-json\/wp\/v2\/comments?post=544929"}],"version-history":[{"count":2,"href":"https:\/\/www.suno.com.br\/noticias\/wp-json\/wp\/v2\/posts\/544929\/revisions"}],"predecessor-version":[{"id":545029,"href":"https:\/\/www.suno.com.br\/noticias\/wp-json\/wp\/v2\/posts\/544929\/revisions\/545029"}],"wp:featuredmedia":[{"embeddable":true,"href":"https:\/\/www.suno.com.br\/noticias\/wp-json\/wp\/v2\/media\/130435"}],"wp:attachment":[{"href":"https:\/\/www.suno.com.br\/noticias\/wp-json\/wp\/v2\/media?parent=544929"}],"wp:term":[{"taxonomy":"category","embeddable":true,"href":"https:\/\/www.suno.com.br\/noticias\/wp-json\/wp\/v2\/categories?post=544929"},{"taxonomy":"post_tag","embeddable":true,"href":"https:\/\/www.suno.com.br\/noticias\/wp-json\/wp\/v2\/tags?post=544929"},{"taxonomy":"suno_strategy","embeddable":true,"href":"https:\/\/www.suno.com.br\/noticias\/wp-json\/wp\/v2\/suno_strategy?post=544929"}],"curies":[{"name":"wp","href":"https:\/\/api.w.org\/{rel}","templated":true}]}}