{"id":544745,"date":"2024-04-17T09:03:54","date_gmt":"2024-04-17T12:03:54","guid":{"rendered":"https:\/\/www.suno.com.br\/noticias\/?p=544745"},"modified":"2024-04-17T11:55:32","modified_gmt":"2024-04-17T14:55:32","slug":"vale-vale3-minerio-producao-1t24-gpj","status":"publish","type":"post","link":"https:\/\/www.suno.com.br\/noticias\/vale-vale3-minerio-producao-1t24-gpj\/","title":{"rendered":"Vale (VALE3): apesar de cen\u00e1rio fraco para o min\u00e9rio, produ\u00e7\u00e3o foi positiva no 1T24, dizem analistas; a\u00e7\u00f5es sobem no Ibovespa"},"content":{"rendered":"<p>Em relat\u00f3rios ap\u00f3s a divulga\u00e7\u00e3o da pr\u00e9via operacional da <a href=\"https:\/\/www.suno.com.br\/acoes\/VALE3\/\"><strong>Vale<\/strong> (VALE3)<\/a> no 1T24, analistas de mercado destacaram a alta anual nos n\u00fameros de produ\u00e7\u00e3o de min\u00e9rio de ferro no per\u00edodo, mesmo em meio a um trimestre sazonalmente mais fraco, o que pode ser positivo para a empresa ao longo do ano. As a\u00e7\u00f5es da mineradora sobem no Ibovespa nesta quarta-feira (17).<\/p>\t<div class=\"wrapper-featured-image\">\n\t\t<figure class=\"spotlightImg\">\n\n\t\t\t<picture>\n\t\t\t\t<source media=\"(max-width: 768px)\" srcset=\"https:\/\/files.sunoresearch.com.br\/n\/uploads\/2024\/03\/iStock-1309508201-1-400x200.jpg\">\n\t\t\t\t<img loading=\"lazy\" decoding=\"async\" class=\"newsContent__article__imgCapa lazyloadDisabled \" src=\"https:\/\/files.sunoresearch.com.br\/n\/uploads\/2024\/03\/iStock-1309508201-1-800x450.jpg\" width=\"800\" height=\"450\" alt=\"Vale (VALE3): apesar de cen\u00e1rio fraco para o min\u00e9rio, produ\u00e7\u00e3o foi positiva no 1T24, dizem analistas; a\u00e7\u00f5es sobem no Ibovespa\" fetchpriority=high \/>\n\t\t\t<\/picture>\n\n\t\t\t<figcaption class=\"wp-caption-text wp-caption-text--show\">Vale (VALE3). Foto: iStock.<\/figcaption>\n\t\t<\/figure>\n\t<\/div>\n\n\n\n\n\n\n\n\t<p>\n\t\t<a href=\"\" target=\"_blank\" data-element=\"shortcode-suno-banner\" title=\"Banner SUNO, clique e saiba mais\">\n\t\t\t<picture>\n\t\t\t\t<source media=\"(max-width: 500px)\" srcset=\"\">\n\t\t\t\t<img class=\"newsContent__article__imgCapa newsContent__article__imgCapa--banner\"\n\t\t\t\t\tsrc=\"\"\n\t\t\t\t\tdata-promo-id=\"250706\"\t\t\t\t\t\t\t\t\t\t\t\t\t\t\talt=\"\"\n\t\t\t\t>\n\t\t\t<\/picture>\n\t\t<\/a>\n\t<\/p>\n\n\n\n\n\n<p>No intradia, as <strong>a\u00e7\u00f5es<\/strong> <strong>VALE3 <\/strong>subiam 2,08%, cotadas a R$ 62,72.<\/p>\n\n\n\n<div class=\"pluginQuotation\">\n  <p class=\"ticker\">\n    Cota\u00e7\u00e3o <span>VALE3<\/span>\n  <\/p>\n  <div class=\"info\">\n    <div class=\"leftSide\">\n      Gr\u00e1fico gerado em: 17\/04\/2024    <\/div>\n\t\t\t\t\t<div class=\"rightSide\">\n\t\t\t\t\t<span class=\"period\">\n\t\t\t\t\t\t5 Dias\t\t\t\t\t<\/span>\n\t\t\t<\/div>\n\t\t  <\/div>\n\n  <div id=\"chart-28333243dc7765deaf5146ff107dff0a\" data-block-hash=\"28333243dc7765deaf5146ff107dff0a\"  class=\"chart\" style=\"width:100%;height:400px;\"><\/div>\n\n  <div class=\"pluginQuotation__footer\">\n    <div class=\"dataChart\">\n\n      <div class=\"dataChart__div1 variation\">\n        <div class=\"value-negative\">\n          -1,85 (-1,16%)        <\/div>\n        <div class=\"text\">\n          Varia\u00e7\u00e3o do per\u00edodo\n        <\/div>\n      <\/div>\n\n      <div class=\"dataChart__div2 minMax\">\n        <div class=\"value\">\n          R$\u00a061,48        <\/div>\n        <div class=\"text\">\n          M\u00ednima\n        <\/div>\n      <\/div>\n\n      <div class=\"dataChart__div3 minMax\">\n        <div class=\"value\">\n          R$\u00a062,80        <\/div>\n        <div class=\"text\">\n          M\u00e1xima\n        <\/div>\n      <\/div>\n\n\t\t\t<div class=\"dataChart__div4 rightSide\">\n\t\t\t\t<div class=\"analiticaSource\">\n\t\t\t\t\t<span>\n\t\t\t\t\t\tFonte:\n\t\t\t\t\t<\/span>\n\t\t\t\t\t<img decoding=\"async\" class=\"analiticaLogo\" src=\"https:\/\/www.suno.com.br\/noticias\/wp-content\/plugins\/suno-block-ticker-quotation\/src\/suno-analitica-logo.png\" alt=\"Logo Suno Anal\u00edtica\" \/>\n\t\t\t\t<\/div>\n\n\t\t\t\t<a href=\"https:\/\/www.suno.com.br\/analitica\/acoes\/VALE3\" target=\"_blank\">\n\t\t\t\t\t<span>\n\t\t\t\t\t\tVer mais cota\u00e7\u00f5es\n\t\t\t\t\t<\/span>\n\t\t\t\t\t<svg xmlns=\"http:\/\/www.w3.org\/2000\/svg\" width=\"9\" height=\"8\" viewBox=\"0 0 9 8\" fill=\"none\">\n\t\t\t\t\t\t<path d=\"M4.20996 0L3.50496 0.705L6.29496 3.5H0.209961V4.5H6.29496L3.50496 7.295L4.20996 8L8.20996 4L4.20996 0Z\" fill=\"#D42126\" \/>\n\t\t\t\t\t<\/svg>\n\t\t\t\t<\/a>\n    <\/div>\n\n    <\/div>\n  <\/div>\n<\/div>\n\n\n<script type=\"text\/javascript\">\n  let chart_28333243dc7765deaf5146ff107dff0a = document.getElementById('chart-28333243dc7765deaf5146ff107dff0a');\n  let data_json_28333243dc7765deaf5146ff107dff0a = \"[{\\\"date\\\":\\\"12\\\\\\\/04\\\\\\\/24 11:00\\\",\\\"value\\\":62.64},{\\\"date\\\":\\\"12\\\\\\\/04\\\\\\\/24 11:10\\\",\\\"value\\\":62.8},{\\\"date\\\":\\\"12\\\\\\\/04\\\\\\\/24 11:20\\\",\\\"value\\\":62.66},{\\\"date\\\":\\\"12\\\\\\\/04\\\\\\\/24 11:30\\\",\\\"value\\\":61.48}]\";\n  let isPositive_28333243dc7765deaf5146ff107dff0a = \"\";\n\n  let color_28333243dc7765deaf5146ff107dff0a = isPositive_28333243dc7765deaf5146ff107dff0a ? '#3AB53A' : '#D92C2D';\n\n  let data_28333243dc7765deaf5146ff107dff0a = JSON.parse(data_json_28333243dc7765deaf5146ff107dff0a);\n\n  const result_28333243dc7765deaf5146ff107dff0a = {\n    date: [],\n    value: [],\n  };\n\n  data_28333243dc7765deaf5146ff107dff0a.forEach((item) => {\n    result_28333243dc7765deaf5146ff107dff0a.date.push(item.date);\n    result_28333243dc7765deaf5146ff107dff0a.value.push(Number(item.value));\n  });\n\n  let option_28333243dc7765deaf5146ff107dff0a = {\n    \/\/ variavel de cor global\n    color: [color_28333243dc7765deaf5146ff107dff0a],\n    title: {\n      text: '',\n    },\n    tooltip: {\n      trigger: 'axis',\n      axisPointer: {\n        type: 'cross',\n        label: {\n          \/\/ cor dos valores em X e Y\n          backgroundColor: color_28333243dc7765deaf5146ff107dff0a,\n          formatter: (value) => {\n            if (typeof value.value === 'number') {\n              return Number(value.value).toLocaleString('pt-br', {\n                style: 'currency',\n                currency: 'BRL'\n              });\n            }\n            return value.value;\n          },\n        },\n      },\n      valueFormatter: (value) => Number(value).toLocaleString('pt-br', {\n        style: 'currency',\n        currency: 'BRL'\n      }),\n    },\n    legend: {\n      \/\/ data: ['Valor de Fechamento'],\n      show: false,\n    },\n    toolbox: {\n      feature: {\n        saveAsImage: {\n          show: false,\n        },\n      },\n    },\n    grid: {\n      left: '0px',\n      right: '0px',\n      bottom: '0px',\n      containLabel: true,\n    },\n    xAxis: [{\n      type: 'category',\n      data: result_28333243dc7765deaf5146ff107dff0a.date,\n      boundaryGap: true,\n    }],\n    yAxis: [{\n      type: 'value',\n      min: Math.min(...result_28333243dc7765deaf5146ff107dff0a.value),\n      max: Math.max(...result_28333243dc7765deaf5146ff107dff0a.value),\n      axisLabel: {\n        formatter: (value) => value.toLocaleString('pt-br', {\n          style: 'currency',\n          currency: 'BRL'\n        }),\n      },\n    }],\n    series: [{\n      name: 'Valor de Fechamento',\n      type: 'line',\n      stack: 'Total',\n      \/\/ cor do grafico\n      areaStyle: {},\n      emphasis: {\n        focus: 'series',\n      },\n      data: result_28333243dc7765deaf5146ff107dff0a.value,\n      \/\/ cor da linha\n      lineStyle: {\n        color: color_28333243dc7765deaf5146ff107dff0a,\n      },\n    }, ],\n  };\n\n\twindow.chart_28333243dc7765deaf5146ff107dff0a = {\n\t\tel: chart_28333243dc7765deaf5146ff107dff0a,\n\t\toption: option_28333243dc7765deaf5146ff107dff0a\t};\n\n\n<\/script>\n\n\n\n<p>A Vale (<strong>VALE3<\/strong>) anunciou a produ\u00e7\u00e3o de 70,8 milh\u00f5es de toneladas m\u00e9tricas (Mt) de min\u00e9rio de ferro durante o primeiro trimestre de 2024 (1T24), queda de 20,8% em rela\u00e7\u00e3o ao trimestre imediatamente anterior (4T23), mas uma alta de 6,1% na compara\u00e7\u00e3o com o primeiro trimestre de 2023 (1T23).<\/p>\n\n\n\n<p>Em relat\u00f3rio, o Safra pontuou que a produ\u00e7\u00e3o de <strong>min\u00e9rio de ferro<\/strong> foi o destaque do trimestre, e acredita que os n\u00fameros do per\u00edodo &#8220;trazem flexibilidade para a Vale gerenciar a produ\u00e7\u00e3o ao longo de 2024, sem arriscar sua orienta\u00e7\u00e3o de produ\u00e7\u00e3o de 310-320 milh\u00f5es de toneladas&#8221;.<\/p>\n\n\n\n<p>Por outro lado, salientou o banco, a interrup\u00e7\u00e3o das minas de On\u00e7a Puma e Sossego poder\u00e1 colocar em risco a orienta\u00e7\u00e3o de produ\u00e7\u00e3o de n\u00edquel e cobre, &#8220;embora acreditemos que a empresa continuar\u00e1 a operar o forno de On\u00e7a Puma e a planta de processamento de Sossego com alimenta\u00e7\u00e3o dispon\u00edvel por algum tempo&#8221;, disse o Safra.<\/p>\n\n\n\n<p>O Safra projetou que o Ebitda da Vale no 1T24 pode se aproximar de US$ 3,5 bilh\u00f5es, &#8220;ap\u00f3s considerar a produ\u00e7\u00e3o e os n\u00fameros de pre\u00e7os realizados para o trimestre, que est\u00e1 acima de nossa previs\u00e3o de aproximadamente US$ 3,36 bilh\u00f5es de Ebitda&#8221;.<\/p>\n\n\n\n<p>Tamb\u00e9m em relat\u00f3rio, a XP (<a href=\"https:\/\/www.suno.com.br\/bdrs\/xpbr31\/\">XPBR31<\/a>) avaliou que a Vale reportou um desempenho operacional melhor do que o esperado no 1T24, com embarques s\u00f3lidos de min\u00e9rio de ferro em meio a um trimestre sazonalmente mais fraco, implicando um <em>upside<\/em> em rela\u00e7\u00e3o \u00e0s estimativas do banco. <\/p>\n\n\n\n<p>Ap\u00f3s a <strong>pr\u00e9via da Vale<\/strong>, a casa agora prev\u00ea um <a href=\"https:\/\/www.suno.com.br\/artigos\/ebitda-ajustado\/\">Ebitda ajustado<\/a> de US$ 3,2 bilh\u00f5es no 1T24, aumento de 14% frente \u00e0 previs\u00e3o anterior.<\/p>\n\n\n\n<p>Em contrapartida, a XP refor\u00e7ou que as opera\u00e7\u00f5es de n\u00edquel devem ser mais uma vez o ponto fraco do trimestre, &#8220;refletindo a cont\u00ednua press\u00e3o sobre as perspectivas de pre\u00e7os e a fraca produ\u00e7\u00e3o&#8221;.<\/p>\n\n\n\n<p>Para Rafael Passos, s\u00f3cio e analista da Ajax Asset Management, em suma, os n\u00fameros do <strong>relat\u00f3rio da Vale<\/strong> vieram mais fortes do lado de &#8216;ferrosos&#8217;, com maior produ\u00e7\u00e3o e vendas no per\u00edodo (embora sazonalmente mais fraca), mesmo com estrat\u00e9gia de estoques do management. <\/p>\n\n\n\n<p>&#8220;Vale destacar as melhorias nas opera\u00e7\u00f5es S11D, e s\u00f3lido desempenho do sistema Sudeste. J\u00e1 a divis\u00e3o de metais b\u00e1sicos mostra resultados ainda fracos, com alguma melhora do cobre. O management mant\u00e9m estrat\u00e9gia de simplifica\u00e7\u00e3o de portf\u00f3lio, com foco nos principais neg\u00f3cios e oportunidades de crescimento, em linha com melhor aloca\u00e7\u00e3o de capital&#8221;, descreveu.<\/p>\n\n\n\n<h2 class=\"wp-block-heading\">Vale n\u00e3o dever\u00e1 pagar dividendos extraordin\u00e1rios no segundo semestre, projeta BTG<\/h2>\n\n\n\n<p>Em relat\u00f3rio, o <a href=\"https:\/\/www.suno.com.br\/acoes\/bpac11\/\">BTG Pactual (BPAC11)<\/a> reconheceu que a Vale reportou um relat\u00f3rio de produ\u00e7\u00e3o &#8216;bastante satisfat\u00f3rio&#8217;, considerando a forma como o mercado entrou cauteloso nesta \u00e9poca de resultados. O banco enxerga um aumento modesto em sua estimativa de Ebitda para o 1T24 de US$ 3,2 bilh\u00f5es.<\/p>\n\n\n\n<p>No geral, o BTG prev\u00ea um ambiente desafiador para a Vale nos pr\u00f3ximos meses, com pre\u00e7os de min\u00e9rio de ferro abaixo de suas expectativas, deteriora\u00e7\u00e3o dos mercados imobili\u00e1rios na China e riscos negativos para as estimativas de consenso.<\/p>\n\n\n\n<p>&#8220;Reconhecemos que a gest\u00e3o entregar\u00e1 resultados na frente operacional e controlar o que \u00e9 poss\u00edvel, no entanto, continuamos a ver algumas quest\u00f5es (Samarco, CEO e concess\u00f5es ferrovi\u00e1rias) como obst\u00e1culo. Neste ponto, nossa vis\u00e3o \u00e9 que as provis\u00f5es aumentar\u00e3o em rela\u00e7\u00e3o aos n\u00edveis atuais e n\u00e3o acreditamos que a Vale dever\u00e1 pagar dividendos extraordin\u00e1rios no segundo semestre de 2024&#8221;, escrevem os analistas Leonardo Correa e Caio Greiner.<\/p>\n\n\n\n<p>O BTG tem recomenda\u00e7\u00e3o &#8216;neutra&#8217; para as <strong>a\u00e7\u00f5es de Vale<\/strong>, com pre\u00e7o-alvo a US$ 16,00.<\/p>\n\n\n\n<h2 class=\"wp-block-heading\">Ita\u00fa BBA sobre Vale: prevemos um conjunto de resultados mais fraco<\/h2>\n\n\n\n<p>Em relat\u00f3rio ap\u00f3s a divulga\u00e7\u00e3o da pr\u00e9via da Vale, o Ita\u00fa BBA aumentou sua estimativa de Ebitda do 1T24 em US$ 3,6 bilh\u00f5es (de US$ 3,2 bilh\u00f5es), principalmente &#8220;devido a volumes melhores que o esperado e pre\u00e7os realizados de min\u00e9rio de ferro&#8221; &#8211; ainda que represente uma queda de 46% em rela\u00e7\u00e3o ao trimestre anterior (ou 2% em termos anuais).<\/p>\n\n\n\n<p>&#8220;Dito isso, ainda prevemos um conjunto de resultados mais fraco, impactado por pre\u00e7os realizados de min\u00e9rio de ferro sequencialmente mais fracos, volumes mais baixos e custos mais elevados&#8221;, afirma a casa.<\/p>\n\n\n\n<p>O banco considerou que os pre\u00e7os e volumes realizados para as vendas de n\u00edquel e cobre da empresa foram mais fracos do que o esperado, o que provavelmente resultar\u00e1 em um desempenho abaixo da expectativa na divis\u00e3o de<strong> <\/strong>metais b\u00e1sicos da Vale.<\/p>\n\n\n\n<p>O Ita\u00fa BBA tem recomenda\u00e7\u00e3o &#8216;outperform&#8217; para as a\u00e7\u00f5es de Vale, equivalente a &#8216;compra&#8217;, com pre\u00e7o-alvo a US$ 14,00.<\/p>\n\n\n\t<p>\n\t\t<a href=\"https:\/\/lp.suno.com.br\/ebook-como-analisar-uma-acao\/\" target=\"_blank\" data-element=\"shortcode-suno-banner\" title=\"Banner SUNO, clique e saiba mais\">\n\t\t\t<picture>\n\t\t\t\t<source media=\"(max-width: 500px)\" srcset=\"https:\/\/files.sunoresearch.com.br\/n\/uploads\/2023\/03\/Ebook-Acoes-Mobile.jpg\">\n\t\t\t\t<img class=\"newsContent__article__imgCapa newsContent__article__imgCapa--banner\"\n\t\t\t\t\tsrc=\"https:\/\/files.sunoresearch.com.br\/n\/uploads\/2023\/03\/Ebook-Acoes-Desktop.jpg\"\n\t\t\t\t\tdata-promo-id=\"378302\"\t\t\t\t\t\t\t\t\t\twidth='1420' height='286'\t\t\t\t\talt=\"https:\/\/files.sunoresearch.com.br\/n\/uploads\/2023\/03\/Ebook-Acoes-Desktop.jpg\"\n\t\t\t\t>\n\t\t\t<\/picture>\n\t\t<\/a>\n\t<\/p>\n\n\n\n\n\n<h2 class=\"wp-block-heading\">Vale (VALE3): produ\u00e7\u00e3o de min\u00e9rio de ferro sobe 6% no primeiro trimestre e chega a 70,8 milh\u00f5es de toneladas<\/h2>\n\n\n\n<p>A Vale anunciou a produ\u00e7\u00e3o de 70,8 milh\u00f5es de toneladas m\u00e9tricas (Mt) de min\u00e9rio de ferro durante o primeiro trimestre de 2024 (1T24).<\/p>\n\n\n\n<p>Conforme novo relat\u00f3rio operacional anunciado nesta ter\u00e7a-feira (16), a produ\u00e7\u00e3o de min\u00e9rio de ferro da Vale mostra uma queda de 20,8% em rela\u00e7\u00e3o ao trimestre imediatamente anterior (4T23), mas uma alta de 6,1% na compara\u00e7\u00e3o com o primeiro trimestre de 2023 (1T23).<\/p>\n\n\n\n<p>O aumento anual na <strong>produ\u00e7\u00e3o da Vale<\/strong> \u00e9 atribu\u00eddo ao melhor desempenho operacional no S11D. Al\u00e9m disso, tamb\u00e9m impactou nesse resultado a \u201ccontinuidade das iniciativas de confiabilidade dos ativos\u201d, assim como maiores compras de terceiros.<\/p>\n\n\n\n<p>A produ\u00e7\u00e3o de pelotas da mineradora somou 8,5 milh\u00f5es de toneladas m\u00e9tricas, com crescimento anual de 2%, impactada pelo aumento da \u201cpellet feed\u201d dispon\u00edvel.<\/p>\n\n\n\n<p>J\u00e1 as vendas de <strong>min\u00e9rio de ferro da Vale<\/strong> atingiram 63,8 milh\u00f5es de toneladas m\u00e9tricas no primeiro trimestre de 2024, com aumento anual de 15%.<\/p>\n\n\n\n<p>A Vale destacou um aumento consider\u00e1vel nas vendas durante o primeiro trimestre de 2024. No per\u00edodo, a empresa comercializou 63,826 milh\u00f5es de toneladas da commodity, alta de 14,7% na compara\u00e7\u00e3o anual e queda de 29,3% no intervalo trimestral.<\/p>\n\n\n\n<p>Segundo a Vale, o trimestre foi marcado por \u201cvendas robustas de min\u00e9rio de ferro\u201d, impulsionado pela melhoria consistente nas opera\u00e7\u00f5es da commodity.<\/p>\n\n\n\n<p>As <strong>vendas de finos da Vale<\/strong> atingiram 52,546 milh\u00f5es de toneladas, aumento de 14,6% ante igual per\u00edodo do ano passado e retra\u00e7\u00e3o de 32,5% na compara\u00e7\u00e3o sequencial.<\/p>\n\n\n\n<p>J\u00e1 as vendas de pelotas aumentaram 13,4% na compara\u00e7\u00e3o anual e diminu\u00edram 10,3% no intervalo trimestral, para 9,225 milh\u00f5es de toneladas, enquanto a produ\u00e7\u00e3o de pelotas foi de 8,467 milh\u00f5es de toneladas, aumento de 1,8%.<\/p>\n\n\n\n<h2 class=\"wp-block-heading\">Pre\u00e7o realizado de finos de min\u00e9rio no trimestre foi de US$ 100,7\/t, queda anual de 7,3%<\/h2>\n\n\n\n<p>O pre\u00e7o realizado de finos de min\u00e9rio de ferro foi de US$ 100,7 por tonelada no primeiro trimestre de 2024, queda de 7,3% ante igual per\u00edodo do ano passado. No intervalo sequencial, o recuo foi de 14,9%, informou a Vale em seu relat\u00f3rio de produ\u00e7\u00e3o e vendas nesta ter\u00e7a-feira, 16.<\/p>\n\n\n\n<p>Segundo a mineradora, a redu\u00e7\u00e3o no pre\u00e7o realizado de finos de min\u00e9rio foi atribu\u00edda, em grande parte, aos ajustes provis\u00f3rios de pre\u00e7os devido a pre\u00e7os futuros menores no \u00faltimo dia do trimestre do que a m\u00e9dia para o per\u00edodo.<\/p>\n\n\n\n<p>O pre\u00e7o realizado das pelotas, por sua vez, foi de US$ 171,9 a tonelada, aumento de 5,8% ante igual per\u00edodo do ano passado e avan\u00e7o de 5,2% na compara\u00e7\u00e3o sequencial. De acordo com a Vale, os pr\u00eamios contratuais trimestrais de pelotas aumentaram, enquanto as vendas de pelotas geralmente n\u00e3o s\u00e3o impactadas por ajustes provis\u00f3rios de pre\u00e7os.<\/p>\n\n\n\n<p>O pr\u00eamio all-in totalizou US$ 2,2 por tonelada, ligeiramente maior na compara\u00e7\u00e3o trimestre contra trimestre. A Vale explicou que, dadas as atuais condi\u00e7\u00f5es de mercado, com um spread de pre\u00e7o menor para materiais de menor qualidade, a empresa continuou a priorizar a venda de produtos blendados e de alta s\u00edlica no primeiro trimestre, a fim de maximizar o valor de seu portf\u00f3lio de produtos.<\/p>\n\n\n\n<h2 class=\"wp-block-heading\">Outros destaques de produ\u00e7\u00e3o e venda da Vale no 1T24<\/h2>\n\n\n\n<p>A produ\u00e7\u00e3o de cobre foi 22% maior, a 81,9 quilotoneladas (kt). Segundo a Vale, essa produ\u00e7\u00e3o foi impulsionada pela \u201ccontinua\u00e7\u00e3o do s\u00f3lido ramp-up da planta de Salobo 3, bem como pelo melhor desempenho operacional das plantas de Salobo 1 e 2\u201d.<\/p>\n\n\n\n<p>A produ\u00e7\u00e3o de <strong>n\u00edquel da Vale<\/strong>, por sua vez, foi de 39,5 quilotoneladas, cerca de 4% mais baixa na compara\u00e7\u00e3o anual. A queda \u00e9 atribu\u00edda sobretudo pela \u201creforma do forno de On\u00e7a Puma\u201d, mas que acabou sendo compensada de forma parcial pelo \u201cmelhor desempenho das opera\u00e7\u00f5es do Canad\u00e1 e da Indon\u00e9sia\u201d, destaca o comunicado da Vale.<\/p>\n\n\n\n<p>Um dos principais destaques do <strong>desempenho da Vale<\/strong> no primeiro trimestre deste ano foram as vendas de min\u00e9rio de ferro em patamares considerados \u201crobustos\u201d (+15% a\/a), e a consist\u00eancia no aprimoramento das opera\u00e7\u00f5es da commodity.<\/p>\n\n\n\n<p>Outro destaque da <strong>Vale<\/strong> no per\u00edodo foi sobre o cobre, visto que Salobo 3 alcan\u00e7ou uma taxa m\u00e9dia de processamento de cerca de 90%. Em rela\u00e7\u00e3o ao n\u00edquel, as opera\u00e7\u00f5es situadas na Indon\u00e9sia e no Canad\u00e1 geraram uma melhor performance na compara\u00e7\u00e3o anual.<\/p>\n\n\n\n<p><em>*Com informa\u00e7\u00f5es de Estad\u00e3o Conte\u00fado<\/em><\/p>\n\n\n\t<p>\n\t\t<a href=\"https:\/\/lp.suno.com.br\/plataforma-de-controle-de-investimentos\/\" target=\"_blank\" data-element=\"shortcode-suno-banner\" title=\"Banner SUNO, clique e saiba mais\">\n\t\t\t<picture>\n\t\t\t\t<source media=\"(max-width: 500px)\" srcset=\"https:\/\/files.sunoresearch.com.br\/n\/uploads\/2023\/03\/400x300-Controle-de-Investimentos.png\">\n\t\t\t\t<img class=\"newsContent__article__imgCapa newsContent__article__imgCapa--banner\"\n\t\t\t\t\tsrc=\"https:\/\/files.sunoresearch.com.br\/n\/uploads\/2023\/03\/1420x240-Controle-de-Investimentos.png\"\n\t\t\t\t\tdata-promo-id=\"383162\"\t\t\t\t\t\t\t\t\t\twidth='1420' height='240'\t\t\t\t\talt=\"https:\/\/files.sunoresearch.com.br\/n\/uploads\/2023\/03\/1420x240-Controle-de-Investimentos.png\"\n\t\t\t\t>\n\t\t\t<\/picture>\n\t\t<\/a>\n\t<\/p>\n\n\n","protected":false},"excerpt":{"rendered":"<p>Em relat\u00f3rios ap\u00f3s a divulga\u00e7\u00e3o da pr\u00e9via operacional da Vale (VALE3) no 1T24, analistas de mercado destacaram a alta anual nos n\u00fameros de produ\u00e7\u00e3o de min\u00e9rio de ferro no per\u00edodo, mesmo em meio a um trimestre sazonalmente mais fraco, o que pode ser positivo para a empresa ao longo do ano. As a\u00e7\u00f5es da mineradora [&hellip;]<\/p>\n","protected":false},"author":313,"featured_media":531713,"comment_status":"closed","ping_status":"closed","sticky":false,"template":"","format":"standard","meta":[],"categories":[64],"tags":[286,105816,676],"suno_strategy":[],"class_list":["post-544745","post","type-post","status-publish","format-standard","has-post-thumbnail","hentry","category-negocios","tag-acoes","tag-especialistas","tag-vale-vale3"],"yoast_head":"<!-- This site is optimized with the Yoast SEO plugin v24.4 - https:\/\/yoast.com\/wordpress\/plugins\/seo\/ -->\n<title>Vale (VALE3): produ\u00e7\u00e3o do min\u00e9rio foi positiva no 1T24; an\u00e1lise<\/title>\n<meta name=\"description\" content=\"Analistas de mercado comentaram sobre a pr\u00e9via operacional da Vale no 1T24. Confira an\u00e1lises sobre a pr\u00e9via da Vale no 1T24.\" \/>\n<meta name=\"robots\" content=\"index, follow, max-snippet:-1, max-image-preview:large, max-video-preview:-1\" \/>\n<link rel=\"canonical\" href=\"https:\/\/www.suno.com.br\/noticias\/vale-vale3-minerio-producao-1t24-gpj\/\" \/>\n<meta property=\"og:locale\" content=\"pt_BR\" \/>\n<meta property=\"og:type\" content=\"article\" \/>\n<meta property=\"og:title\" content=\"Vale (VALE3): produ\u00e7\u00e3o do min\u00e9rio foi positiva no 1T24; an\u00e1lise\" \/>\n<meta property=\"og:description\" content=\"Analistas de mercado comentaram sobre a pr\u00e9via operacional da Vale no 1T24. Confira an\u00e1lises sobre a pr\u00e9via da Vale no 1T24.\" \/>\n<meta property=\"og:url\" content=\"https:\/\/www.suno.com.br\/noticias\/vale-vale3-minerio-producao-1t24-gpj\/\" \/>\n<meta property=\"og:site_name\" content=\"Suno Not\u00edcias\" \/>\n<meta property=\"article:publisher\" content=\"https:\/\/facebook.com\/sunoresearch\" \/>\n<meta property=\"og:image\" content=\"https:\/\/files.sunoresearch.com.br\/n\/uploads\/2024\/03\/iStock-1309508201-1.jpg\" \/>\n\t<meta property=\"og:image:width\" content=\"1255\" \/>\n\t<meta property=\"og:image:height\" content=\"835\" \/>\n\t<meta property=\"og:image:type\" content=\"image\/jpeg\" \/>\n<meta name=\"author\" content=\"Giovanni Porf\u00edrio Jacomino\" \/>\n<meta name=\"twitter:card\" content=\"summary_large_image\" \/>\n<meta name=\"twitter:creator\" content=\"@sunoresearch\" \/>\n<meta name=\"twitter:site\" content=\"@sunoresearch\" \/>\n<meta name=\"twitter:label1\" content=\"Escrito por\" \/>\n\t<meta name=\"twitter:data1\" content=\"Giovanni Porf\u00edrio Jacomino\" \/>\n\t<meta name=\"twitter:label2\" content=\"Est. tempo de leitura\" \/>\n\t<meta name=\"twitter:data2\" content=\"9 minutos\" \/>\n<script type=\"application\/ld+json\" class=\"yoast-schema-graph\">{\"@context\":\"https:\/\/schema.org\",\"@graph\":[{\"@type\":\"NewsArticle\",\"@id\":\"https:\/\/www.suno.com.br\/noticias\/vale-vale3-minerio-producao-1t24-gpj\/#article\",\"isPartOf\":{\"@id\":\"https:\/\/www.suno.com.br\/noticias\/vale-vale3-minerio-producao-1t24-gpj\/\"},\"author\":{\"name\":\"Giovanni Porf\u00edrio Jacomino\",\"@id\":\"https:\/\/www.suno.com.br\/noticias\/#\/schema\/person\/d0f32748bbca4bee871fa191ee4e2d40\"},\"headline\":\"Vale (VALE3): apesar de cen\u00e1rio fraco para o min\u00e9rio, produ\u00e7\u00e3o foi positiva no 1T24, dizem analistas; a\u00e7\u00f5es sobem no Ibovespa\",\"datePublished\":\"2024-04-17T12:03:54+00:00\",\"dateModified\":\"2024-04-17T14:55:32+00:00\",\"mainEntityOfPage\":{\"@id\":\"https:\/\/www.suno.com.br\/noticias\/vale-vale3-minerio-producao-1t24-gpj\/\"},\"wordCount\":1690,\"publisher\":{\"@id\":\"https:\/\/www.suno.com.br\/noticias\/#organization\"},\"image\":{\"@id\":\"https:\/\/www.suno.com.br\/noticias\/vale-vale3-minerio-producao-1t24-gpj\/#primaryimage\"},\"thumbnailUrl\":\"https:\/\/files.sunoresearch.com.br\/n\/uploads\/2024\/03\/iStock-1309508201-1.jpg\",\"keywords\":[\"A\u00e7\u00f5es\",\"Especialistas\",\"Vale (VALE3)\"],\"articleSection\":[\"Neg\u00f3cios\"],\"inLanguage\":\"pt-BR\"},{\"@type\":\"WebPage\",\"@id\":\"https:\/\/www.suno.com.br\/noticias\/vale-vale3-minerio-producao-1t24-gpj\/\",\"url\":\"https:\/\/www.suno.com.br\/noticias\/vale-vale3-minerio-producao-1t24-gpj\/\",\"name\":\"Vale (VALE3): produ\u00e7\u00e3o do min\u00e9rio foi positiva no 1T24; an\u00e1lise\",\"isPartOf\":{\"@id\":\"https:\/\/www.suno.com.br\/noticias\/#website\"},\"primaryImageOfPage\":{\"@id\":\"https:\/\/www.suno.com.br\/noticias\/vale-vale3-minerio-producao-1t24-gpj\/#primaryimage\"},\"image\":{\"@id\":\"https:\/\/www.suno.com.br\/noticias\/vale-vale3-minerio-producao-1t24-gpj\/#primaryimage\"},\"thumbnailUrl\":\"https:\/\/files.sunoresearch.com.br\/n\/uploads\/2024\/03\/iStock-1309508201-1.jpg\",\"datePublished\":\"2024-04-17T12:03:54+00:00\",\"dateModified\":\"2024-04-17T14:55:32+00:00\",\"description\":\"Analistas de mercado comentaram sobre a pr\u00e9via operacional da Vale no 1T24. Confira an\u00e1lises sobre a pr\u00e9via da Vale no 1T24.\",\"breadcrumb\":{\"@id\":\"https:\/\/www.suno.com.br\/noticias\/vale-vale3-minerio-producao-1t24-gpj\/#breadcrumb\"},\"inLanguage\":\"pt-BR\",\"potentialAction\":[{\"@type\":\"ReadAction\",\"target\":[\"https:\/\/www.suno.com.br\/noticias\/vale-vale3-minerio-producao-1t24-gpj\/\"]}]},{\"@type\":\"ImageObject\",\"inLanguage\":\"pt-BR\",\"@id\":\"https:\/\/www.suno.com.br\/noticias\/vale-vale3-minerio-producao-1t24-gpj\/#primaryimage\",\"url\":\"https:\/\/files.sunoresearch.com.br\/n\/uploads\/2024\/03\/iStock-1309508201-1.jpg\",\"contentUrl\":\"https:\/\/files.sunoresearch.com.br\/n\/uploads\/2024\/03\/iStock-1309508201-1.jpg\",\"width\":1255,\"height\":835,\"caption\":\"Vale (VALE3). Foto: iStock.\"},{\"@type\":\"BreadcrumbList\",\"@id\":\"https:\/\/www.suno.com.br\/noticias\/vale-vale3-minerio-producao-1t24-gpj\/#breadcrumb\",\"itemListElement\":[{\"@type\":\"ListItem\",\"position\":1,\"name\":\"Not\u00edcias\",\"item\":\"https:\/\/www.suno.com.br\/noticias\/\"},{\"@type\":\"ListItem\",\"position\":2,\"name\":\"Neg\u00f3cios\",\"item\":\"https:\/\/www.suno.com.br\/noticias\/negocios\/\"},{\"@type\":\"ListItem\",\"position\":3,\"name\":\"Vale (VALE3): apesar de cen\u00e1rio fraco para o min\u00e9rio, produ\u00e7\u00e3o foi positiva no 1T24, dizem analistas; a\u00e7\u00f5es sobem no Ibovespa\"}]},{\"@type\":\"WebSite\",\"@id\":\"https:\/\/www.suno.com.br\/noticias\/#website\",\"url\":\"https:\/\/www.suno.com.br\/noticias\/\",\"name\":\"Suno Not\u00edcias\",\"description\":\"Seu portal de informa\u00e7\u00e3o sobre o mundo dos investimentos\",\"publisher\":{\"@id\":\"https:\/\/www.suno.com.br\/noticias\/#organization\"},\"potentialAction\":[{\"@type\":\"SearchAction\",\"target\":{\"@type\":\"EntryPoint\",\"urlTemplate\":\"https:\/\/www.suno.com.br\/noticias\/?s={search_term_string}\"},\"query-input\":{\"@type\":\"PropertyValueSpecification\",\"valueRequired\":true,\"valueName\":\"search_term_string\"}}],\"inLanguage\":\"pt-BR\"},{\"@type\":\"Organization\",\"@id\":\"https:\/\/www.suno.com.br\/noticias\/#organization\",\"name\":\"Suno Not\u00edcias\",\"url\":\"https:\/\/www.suno.com.br\/noticias\/\",\"logo\":{\"@type\":\"ImageObject\",\"inLanguage\":\"pt-BR\",\"@id\":\"https:\/\/www.suno.com.br\/noticias\/#\/schema\/logo\/image\/\",\"url\":\"https:\/\/files.sunoresearch.com.br\/n\/uploads\/2021\/09\/suno-logo.png\",\"contentUrl\":\"https:\/\/files.sunoresearch.com.br\/n\/uploads\/2021\/09\/suno-logo.png\",\"width\":180,\"height\":180,\"caption\":\"Suno Not\u00edcias\"},\"image\":{\"@id\":\"https:\/\/www.suno.com.br\/noticias\/#\/schema\/logo\/image\/\"},\"sameAs\":[\"https:\/\/facebook.com\/sunoresearch\",\"https:\/\/x.com\/sunoresearch\",\"https:\/\/www.instagram.com\/suno\",\"https:\/\/www.linkedin.com\/company\/suno-research\/\",\"https:\/\/www.youtube.com\/c\/sunoresearch\"]},{\"@type\":\"Person\",\"@id\":\"https:\/\/www.suno.com.br\/noticias\/#\/schema\/person\/d0f32748bbca4bee871fa191ee4e2d40\",\"name\":\"Giovanni Porf\u00edrio Jacomino\",\"image\":{\"@type\":\"ImageObject\",\"inLanguage\":\"pt-BR\",\"@id\":\"https:\/\/www.suno.com.br\/noticias\/#\/schema\/person\/image\/\",\"url\":\"https:\/\/secure.gravatar.com\/avatar\/efb32e19b730a121cb7a80f41ffec01a?s=96&r=g\",\"contentUrl\":\"https:\/\/secure.gravatar.com\/avatar\/efb32e19b730a121cb7a80f41ffec01a?s=96&r=g\",\"caption\":\"Giovanni Porf\u00edrio Jacomino\"},\"description\":\"Giovanni Porf\u00edrio Jacomino \u00e9 jornalista formado pela Universidade Estadual de Londrina (UEL) e p\u00f3s-graduado em Produ\u00e7\u00e3o e Pr\u00e1ticas Jornal\u00edsticas na Contemporaneidade na Faculdade C\u00e1sper L\u00edbero (FCL). Foi editor web no Startupi e no Finsiders, atuando ainda como editor no TC Mover, portal de not\u00edcias da TradersClub, fazendo a cobertura de assuntos relacionados ao mercado financeiro interno e externo. Atualmente, \u00e9 Rep\u00f3rter do Suno Not\u00edcias.\",\"url\":\"https:\/\/www.suno.com.br\/noticias\/author\/giovanni-porfiriosuno-com-br\/\"}]}<\/script>\n<!-- \/ Yoast SEO plugin. -->","yoast_head_json":{"title":"Vale (VALE3): produ\u00e7\u00e3o do min\u00e9rio foi positiva no 1T24; an\u00e1lise","description":"Analistas de mercado comentaram sobre a pr\u00e9via operacional da Vale no 1T24. Confira an\u00e1lises sobre a pr\u00e9via da Vale no 1T24.","robots":{"index":"index","follow":"follow","max-snippet":"max-snippet:-1","max-image-preview":"max-image-preview:large","max-video-preview":"max-video-preview:-1"},"canonical":"https:\/\/www.suno.com.br\/noticias\/vale-vale3-minerio-producao-1t24-gpj\/","og_locale":"pt_BR","og_type":"article","og_title":"Vale (VALE3): produ\u00e7\u00e3o do min\u00e9rio foi positiva no 1T24; an\u00e1lise","og_description":"Analistas de mercado comentaram sobre a pr\u00e9via operacional da Vale no 1T24. Confira an\u00e1lises sobre a pr\u00e9via da Vale no 1T24.","og_url":"https:\/\/www.suno.com.br\/noticias\/vale-vale3-minerio-producao-1t24-gpj\/","og_site_name":"Suno Not\u00edcias","article_publisher":"https:\/\/facebook.com\/sunoresearch","og_image":[{"width":1255,"height":835,"url":"https:\/\/files.sunoresearch.com.br\/n\/uploads\/2024\/03\/iStock-1309508201-1.jpg","type":"image\/jpeg"}],"author":"Giovanni Porf\u00edrio Jacomino","twitter_card":"summary_large_image","twitter_creator":"@sunoresearch","twitter_site":"@sunoresearch","twitter_misc":{"Escrito por":"Giovanni Porf\u00edrio Jacomino","Est. tempo de leitura":"9 minutos"},"schema":{"@context":"https:\/\/schema.org","@graph":[{"@type":"NewsArticle","@id":"https:\/\/www.suno.com.br\/noticias\/vale-vale3-minerio-producao-1t24-gpj\/#article","isPartOf":{"@id":"https:\/\/www.suno.com.br\/noticias\/vale-vale3-minerio-producao-1t24-gpj\/"},"author":{"name":"Giovanni Porf\u00edrio Jacomino","@id":"https:\/\/www.suno.com.br\/noticias\/#\/schema\/person\/d0f32748bbca4bee871fa191ee4e2d40"},"headline":"Vale (VALE3): apesar de cen\u00e1rio fraco para o min\u00e9rio, produ\u00e7\u00e3o foi positiva no 1T24, dizem analistas; a\u00e7\u00f5es sobem no Ibovespa","datePublished":"2024-04-17T12:03:54+00:00","dateModified":"2024-04-17T14:55:32+00:00","mainEntityOfPage":{"@id":"https:\/\/www.suno.com.br\/noticias\/vale-vale3-minerio-producao-1t24-gpj\/"},"wordCount":1690,"publisher":{"@id":"https:\/\/www.suno.com.br\/noticias\/#organization"},"image":{"@id":"https:\/\/www.suno.com.br\/noticias\/vale-vale3-minerio-producao-1t24-gpj\/#primaryimage"},"thumbnailUrl":"https:\/\/files.sunoresearch.com.br\/n\/uploads\/2024\/03\/iStock-1309508201-1.jpg","keywords":["A\u00e7\u00f5es","Especialistas","Vale (VALE3)"],"articleSection":["Neg\u00f3cios"],"inLanguage":"pt-BR"},{"@type":"WebPage","@id":"https:\/\/www.suno.com.br\/noticias\/vale-vale3-minerio-producao-1t24-gpj\/","url":"https:\/\/www.suno.com.br\/noticias\/vale-vale3-minerio-producao-1t24-gpj\/","name":"Vale (VALE3): produ\u00e7\u00e3o do min\u00e9rio foi positiva no 1T24; an\u00e1lise","isPartOf":{"@id":"https:\/\/www.suno.com.br\/noticias\/#website"},"primaryImageOfPage":{"@id":"https:\/\/www.suno.com.br\/noticias\/vale-vale3-minerio-producao-1t24-gpj\/#primaryimage"},"image":{"@id":"https:\/\/www.suno.com.br\/noticias\/vale-vale3-minerio-producao-1t24-gpj\/#primaryimage"},"thumbnailUrl":"https:\/\/files.sunoresearch.com.br\/n\/uploads\/2024\/03\/iStock-1309508201-1.jpg","datePublished":"2024-04-17T12:03:54+00:00","dateModified":"2024-04-17T14:55:32+00:00","description":"Analistas de mercado comentaram sobre a pr\u00e9via operacional da Vale no 1T24. Confira an\u00e1lises sobre a pr\u00e9via da Vale no 1T24.","breadcrumb":{"@id":"https:\/\/www.suno.com.br\/noticias\/vale-vale3-minerio-producao-1t24-gpj\/#breadcrumb"},"inLanguage":"pt-BR","potentialAction":[{"@type":"ReadAction","target":["https:\/\/www.suno.com.br\/noticias\/vale-vale3-minerio-producao-1t24-gpj\/"]}]},{"@type":"ImageObject","inLanguage":"pt-BR","@id":"https:\/\/www.suno.com.br\/noticias\/vale-vale3-minerio-producao-1t24-gpj\/#primaryimage","url":"https:\/\/files.sunoresearch.com.br\/n\/uploads\/2024\/03\/iStock-1309508201-1.jpg","contentUrl":"https:\/\/files.sunoresearch.com.br\/n\/uploads\/2024\/03\/iStock-1309508201-1.jpg","width":1255,"height":835,"caption":"Vale (VALE3). Foto: iStock."},{"@type":"BreadcrumbList","@id":"https:\/\/www.suno.com.br\/noticias\/vale-vale3-minerio-producao-1t24-gpj\/#breadcrumb","itemListElement":[{"@type":"ListItem","position":1,"name":"Not\u00edcias","item":"https:\/\/www.suno.com.br\/noticias\/"},{"@type":"ListItem","position":2,"name":"Neg\u00f3cios","item":"https:\/\/www.suno.com.br\/noticias\/negocios\/"},{"@type":"ListItem","position":3,"name":"Vale (VALE3): apesar de cen\u00e1rio fraco para o min\u00e9rio, produ\u00e7\u00e3o foi positiva no 1T24, dizem analistas; a\u00e7\u00f5es sobem no Ibovespa"}]},{"@type":"WebSite","@id":"https:\/\/www.suno.com.br\/noticias\/#website","url":"https:\/\/www.suno.com.br\/noticias\/","name":"Suno Not\u00edcias","description":"Seu portal de informa\u00e7\u00e3o sobre o mundo dos investimentos","publisher":{"@id":"https:\/\/www.suno.com.br\/noticias\/#organization"},"potentialAction":[{"@type":"SearchAction","target":{"@type":"EntryPoint","urlTemplate":"https:\/\/www.suno.com.br\/noticias\/?s={search_term_string}"},"query-input":{"@type":"PropertyValueSpecification","valueRequired":true,"valueName":"search_term_string"}}],"inLanguage":"pt-BR"},{"@type":"Organization","@id":"https:\/\/www.suno.com.br\/noticias\/#organization","name":"Suno Not\u00edcias","url":"https:\/\/www.suno.com.br\/noticias\/","logo":{"@type":"ImageObject","inLanguage":"pt-BR","@id":"https:\/\/www.suno.com.br\/noticias\/#\/schema\/logo\/image\/","url":"https:\/\/files.sunoresearch.com.br\/n\/uploads\/2021\/09\/suno-logo.png","contentUrl":"https:\/\/files.sunoresearch.com.br\/n\/uploads\/2021\/09\/suno-logo.png","width":180,"height":180,"caption":"Suno Not\u00edcias"},"image":{"@id":"https:\/\/www.suno.com.br\/noticias\/#\/schema\/logo\/image\/"},"sameAs":["https:\/\/facebook.com\/sunoresearch","https:\/\/x.com\/sunoresearch","https:\/\/www.instagram.com\/suno","https:\/\/www.linkedin.com\/company\/suno-research\/","https:\/\/www.youtube.com\/c\/sunoresearch"]},{"@type":"Person","@id":"https:\/\/www.suno.com.br\/noticias\/#\/schema\/person\/d0f32748bbca4bee871fa191ee4e2d40","name":"Giovanni Porf\u00edrio Jacomino","image":{"@type":"ImageObject","inLanguage":"pt-BR","@id":"https:\/\/www.suno.com.br\/noticias\/#\/schema\/person\/image\/","url":"https:\/\/secure.gravatar.com\/avatar\/efb32e19b730a121cb7a80f41ffec01a?s=96&r=g","contentUrl":"https:\/\/secure.gravatar.com\/avatar\/efb32e19b730a121cb7a80f41ffec01a?s=96&r=g","caption":"Giovanni Porf\u00edrio Jacomino"},"description":"Giovanni Porf\u00edrio Jacomino \u00e9 jornalista formado pela Universidade Estadual de Londrina (UEL) e p\u00f3s-graduado em Produ\u00e7\u00e3o e Pr\u00e1ticas Jornal\u00edsticas na Contemporaneidade na Faculdade C\u00e1sper L\u00edbero (FCL). Foi editor web no Startupi e no Finsiders, atuando ainda como editor no TC Mover, portal de not\u00edcias da TradersClub, fazendo a cobertura de assuntos relacionados ao mercado financeiro interno e externo. Atualmente, \u00e9 Rep\u00f3rter do Suno Not\u00edcias.","url":"https:\/\/www.suno.com.br\/noticias\/author\/giovanni-porfiriosuno-com-br\/"}]}},"default_loop_html":"<div class=\"cardsPage__listCard__boxs\"><div class=\"cardsPage__listCard__boxs__img\"><a href=\"https:\/\/www.suno.com.br\/noticias\/vale-vale3-minerio-producao-1t24-gpj\/\"><img class=\"mask\" src=\"https:\/\/www.suno.com.br\/noticias\/wp-content\/themes\/suno\/resources\/images\/spotlight\/spotlight1img\/bg-mask.png\" alt=\"Image Mask\"\/><img src=\"https:\/\/files.sunoresearch.com.br\/n\/uploads\/2024\/03\/iStock-1309508201-1-400x200.jpg\" alt=\"Vale (VALE3): apesar de cen\u00e1rio fraco para o min\u00e9rio, produ\u00e7\u00e3o foi positiva no 1T24, dizem analistas; a\u00e7\u00f5es sobem no Ibovespa\"\/><\/a><span class=\"spotlightCategory\"><a href=\"https:\/\/www.suno.com.br\/noticias\/negocios\/\">Neg\u00f3cios<\/a><\/span><\/div><div class=\"cardsPage__listCard__boxs__content\"><a href=\"https:\/\/www.suno.com.br\/noticias\/vale-vale3-minerio-producao-1t24-gpj\/\"><h2 class=\"content__title\">Vale (VALE3): apesar de cen\u00e1rio fraco para o min\u00e9rio, produ\u00e7\u00e3o foi positiva no 1T24, dizem analistas; a\u00e7\u00f5es sobem no Ibovespa<\/h2><\/a><div class=\"newsContent__article__meta\"><div class=\"newsContent__article__meta__authorBox\"><a href=\"https:\/\/www.suno.com.br\/noticias\/author\/giovanni-porfiriosuno-com-br\/\" class=\"authorBox__avatar noMobi\"><img src=\"https:\/\/files.sunoresearch.com.br\/n\/uploads\/2024\/05\/DSCF4115-1-1-150x150.webp\" alt=\"Giovanni Porf\u00edrio Jacomino\"><\/a><div class=\"authorBox__name\"><span>por\n\t\t\t<a href=\"https:\/\/www.suno.com.br\/noticias\/author\/giovanni-porfiriosuno-com-br\/\"><span itemprop=\"author\">Giovanni Porf\u00edrio Jacomino<\/span><\/a><\/span><time datetime=\"2024-04-17T09:03:54-03:00\" itemprop=\"datePublished\">17\/04\/2024 09:03<\/time><\/div><\/div><\/div><\/div><\/div>","single_layout":"posts","amp_enabled":true,"_links":{"self":[{"href":"https:\/\/www.suno.com.br\/noticias\/wp-json\/wp\/v2\/posts\/544745"}],"collection":[{"href":"https:\/\/www.suno.com.br\/noticias\/wp-json\/wp\/v2\/posts"}],"about":[{"href":"https:\/\/www.suno.com.br\/noticias\/wp-json\/wp\/v2\/types\/post"}],"author":[{"embeddable":true,"href":"https:\/\/www.suno.com.br\/noticias\/wp-json\/wp\/v2\/users\/313"}],"replies":[{"embeddable":true,"href":"https:\/\/www.suno.com.br\/noticias\/wp-json\/wp\/v2\/comments?post=544745"}],"version-history":[{"count":3,"href":"https:\/\/www.suno.com.br\/noticias\/wp-json\/wp\/v2\/posts\/544745\/revisions"}],"predecessor-version":[{"id":544878,"href":"https:\/\/www.suno.com.br\/noticias\/wp-json\/wp\/v2\/posts\/544745\/revisions\/544878"}],"wp:featuredmedia":[{"embeddable":true,"href":"https:\/\/www.suno.com.br\/noticias\/wp-json\/wp\/v2\/media\/531713"}],"wp:attachment":[{"href":"https:\/\/www.suno.com.br\/noticias\/wp-json\/wp\/v2\/media?parent=544745"}],"wp:term":[{"taxonomy":"category","embeddable":true,"href":"https:\/\/www.suno.com.br\/noticias\/wp-json\/wp\/v2\/categories?post=544745"},{"taxonomy":"post_tag","embeddable":true,"href":"https:\/\/www.suno.com.br\/noticias\/wp-json\/wp\/v2\/tags?post=544745"},{"taxonomy":"suno_strategy","embeddable":true,"href":"https:\/\/www.suno.com.br\/noticias\/wp-json\/wp\/v2\/suno_strategy?post=544745"}],"curies":[{"name":"wp","href":"https:\/\/api.w.org\/{rel}","templated":true}]}}