{"id":544692,"date":"2024-04-16T22:57:52","date_gmt":"2024-04-17T01:57:52","guid":{"rendered":"https:\/\/www.suno.com.br\/noticias\/?p=544692"},"modified":"2024-04-16T23:15:46","modified_gmt":"2024-04-17T02:15:46","slug":"weg-wege3-projecoes-1t24-receita-lucro-mm","status":"publish","type":"post","link":"https:\/\/www.suno.com.br\/noticias\/weg-wege3-projecoes-1t24-receita-lucro-mm\/","title":{"rendered":"Weg (WEGE3) salta no Ibovespa: BBA projeta  valoriza\u00e7\u00e3o das a\u00e7\u00f5es com &#8220;alta das vendas para o exterior&#8221;"},"content":{"rendered":"<p>Cerca de 30% da <a class=\"suno-keyword\" data-force=\"no\" data-priority=\"1\" href=\"https:\/\/www.suno.com.br\/artigos\/receita-total\/\" target=\"_blank\" rel=\"noopener\">receita total<\/a> da <a href=\"https:\/\/www.suno.com.br\/acoes\/wege3\/\"><strong>Weg<\/strong> (WEGE3)<\/a> no primeiro trimestre deste ano devem vir do mercado internacional. A \u00faltima vez que a companhia registrou alta nas vendas para o exterior foi em 2022. \u00c9 o que aponta o Ita\u00fa BBA em relat\u00f3rio sobre o desempenho operacional e avalia\u00e7\u00e3o da empresa.<\/p>\t<div class=\"wrapper-featured-image\">\n\t\t<figure class=\"spotlightImg\">\n\n\t\t\t<picture>\n\t\t\t\t<source media=\"(max-width: 768px)\" srcset=\"https:\/\/files.sunoresearch.com.br\/n\/uploads\/2023\/07\/we-wege3-400x200.jpg\">\n\t\t\t\t<img loading=\"lazy\" decoding=\"async\" class=\"newsContent__article__imgCapa lazyloadDisabled \" src=\"https:\/\/files.sunoresearch.com.br\/n\/uploads\/2023\/07\/we-wege3-800x450.jpg\" width=\"800\" height=\"450\" alt=\"Weg (WEGE3) salta no Ibovespa: BBA projeta  valoriza\u00e7\u00e3o das a\u00e7\u00f5es com &#8220;alta das vendas para o exterior&#8221;\" fetchpriority=high \/>\n\t\t\t<\/picture>\n\n\t\t\t<figcaption class=\"wp-caption-text wp-caption-text--show\">Weg (WEGE3). Foto: Reprodu\u00e7\u00e3o.<\/figcaption>\n\t\t<\/figure>\n\t<\/div>\n\n\n\n\n\n\t<p>\n\t\t<a href=\"https:\/\/lp.suno.com.br\/planilha-da-vida-financeira\/\" target=\"_blank\" data-element=\"shortcode-suno-banner\" title=\"Banner SUNO, clique e saiba mais\">\n\t\t\t<picture>\n\t\t\t\t<source media=\"(max-width: 500px)\" srcset=\"https:\/\/files.sunoresearch.com.br\/n\/uploads\/2023\/04\/400x300-Planilha-vida-financeira-true.png\">\n\t\t\t\t<img class=\"newsContent__article__imgCapa newsContent__article__imgCapa--banner\"\n\t\t\t\t\tsrc=\"https:\/\/files.sunoresearch.com.br\/n\/uploads\/2023\/04\/1420x240-Planilha-vida-financeira-true.png\"\n\t\t\t\t\tdata-promo-id=\"106682\"\t\t\t\t\t\t\t\t\t\twidth='1420' height='240'\t\t\t\t\talt=\"https:\/\/files.sunoresearch.com.br\/n\/uploads\/2023\/04\/1420x240-Planilha-vida-financeira-true.png\"\n\t\t\t\t>\n\t\t\t<\/picture>\n\t\t<\/a>\n\t<\/p>\n\n\n\n\n\n<p>As <strong>vendas nacionais da Weg<\/strong> representam quase metade, cerca de 16% da receita total. Em rela\u00e7\u00e3o \u00e0 gera\u00e7\u00e3o, transmiss\u00e3o e distribui\u00e7\u00e3o de energia el\u00e9trica (GTD) no Brasil, que representa cerca de 25% da receita total, houve uma pequena queda nas importa\u00e7\u00f5es de pain\u00e9is solares, registrando 20% a menos que o ano anterior e 10% a menos que o trimestre passado. <\/p>\n\n\n\n<p>Para os <strong>analistas do BBA<\/strong>, isso indica que o <strong>segmento de energia solar<\/strong> <strong>da Weg<\/strong> pode estar um pouco fraco, mas o setor de transmiss\u00e3o e distribui\u00e7\u00e3o de energia mostra ascens\u00e3o.<\/p>\n\n\n\n<p>Sobre os custos, os estrategistas notaram que os pre\u00e7os do a\u00e7o, cobre e alum\u00ednio tiveram alta de 2% em rela\u00e7\u00e3o ao<strong> quarto trimestre de 2023 da Weg<\/strong>. Na vis\u00e3o do banco, isso pode significar que a Weg deve gastar um pouco mais para fabricar essa linha de produtos. <\/p>\n\n\n\n<p>Os dados analisados pelo BBA indicam ainda uma <a class=\"suno-keyword\" data-force=\"no\" data-priority=\"1\" href=\"https:\/\/www.suno.com.br\/artigos\/saude-financeira\/\" target=\"_blank\" rel=\"noopener\">sa\u00fade financeira<\/a> robusta na linha superior do neg\u00f3cio de motores da Weg<strong> <\/strong>no decorrer deste ano, que deve compensar o desempenho mais fraco do segmento solar dom\u00e9stico. Pre\u00e7os est\u00e1veis de mat\u00e9rias-primas, combinados com uma leitura positiva da demanda de pares, sugerem riscos limitados de revis\u00f5es descendentes de margem no futuro.<\/p>\n\n\n\t<p>\n\t\t<a href=\"https:\/\/lp.suno.com.br\/ebook-como-analisar-uma-acao\/\" target=\"_blank\" data-element=\"shortcode-suno-banner\" title=\"Banner SUNO, clique e saiba mais\">\n\t\t\t<picture>\n\t\t\t\t<source media=\"(max-width: 500px)\" srcset=\"https:\/\/files.sunoresearch.com.br\/n\/uploads\/2023\/03\/Ebook-Acoes-Mobile.jpg\">\n\t\t\t\t<img class=\"newsContent__article__imgCapa newsContent__article__imgCapa--banner\"\n\t\t\t\t\tsrc=\"https:\/\/files.sunoresearch.com.br\/n\/uploads\/2023\/03\/Ebook-Acoes-Desktop.jpg\"\n\t\t\t\t\tdata-promo-id=\"378302\"\t\t\t\t\t\t\t\t\t\twidth='1420' height='286'\t\t\t\t\talt=\"https:\/\/files.sunoresearch.com.br\/n\/uploads\/2023\/03\/Ebook-Acoes-Desktop.jpg\"\n\t\t\t\t>\n\t\t\t<\/picture>\n\t\t<\/a>\n\t<\/p>\n\n\n\n\n\n<h2 class=\"wp-block-heading\">Weg fecha preg\u00e3o em alta de 3%<\/h2>\n\n\n\n<p>Quanto ao valor das a\u00e7\u00f5es da empresa, os estrategistas notaram que ele continua subindo. Segundo o relat\u00f3rio do Ita\u00fa BBA, <strong>os pap\u00e9is da Weg <\/strong>est\u00e3o sendo negociadas a 30 vezes o lucro previsto para 2024 e 27 vezes o lucro previsto para 2025. O sucesso no mercado, conforme o banco, \u00e9 gra\u00e7as aos resultados do quarto trimestre de 2023 (4T23).<\/p>\n\n\n\n<p>Nesta ter\u00e7a-feira (16), a empresa fechou o <strong>Ibovespa<\/strong> em alta de 3%, com a\u00e7\u00f5es sendo negociadas a R$ 38,77. No ano, a Weg registra subiu 1,47% na Bolsa. No dia 22 de mar\u00e7o deste ano, os pap\u00e9is da companhia chegaram a valer R$ 39,69. Em mar\u00e7o, o BBA estabeleceu o <strong>pre\u00e7o-alvo da Weg<\/strong> a\u00a0R$ 47 por a\u00e7\u00e3o, ante R$ 38,50 em fevereiro.<\/p>\n\n\n\n<h2 class=\"wp-block-heading\">Com lucro bilion\u00e1rio no 4T23, Weg agenda divulga\u00e7\u00e3o de resultados do primeiro trimestre<\/h2>\n\n\n\n<p>A <strong>Weg<\/strong> (WEGE3) informou que vai divulgar os resultados do primeiro trimestre de 2024 (1T24) no dia 2 de maio, antes da <a class=\"suno-keyword\" target=\"_blank\" data-force=\"no\" data-priority=\"1\" href=\"https:\/\/www.suno.com.br\/artigos\/abertura-do-mercado\/\" rel=\"noopener\">abertura do mercado<\/a>.<\/p>\n\n\n\n<p>Em seguida, no dia 3 de maio, a empresa agendou uma teleconfer\u00eancia para apresenta\u00e7\u00e3o dos resultados. O evento ser\u00e1 conduzido em portugu\u00eas, com tradu\u00e7\u00e3o simult\u00e2nea para o ingl\u00eas, possibilitando que investidores e analistas tenham acesso \u00e0s informa\u00e7\u00f5es e an\u00e1lises sobre o desempenho da empresa no trimestre.<\/p>\n\n\n\n<p>No quarto trimestre de 2023, a Weg registrou um lucro l\u00edquido de R$ 1,7 bilh\u00e3o, representando um aumento significativo de 46,2% em compara\u00e7\u00e3o com o mesmo per\u00edodo de 2022. No acumulado do ano, o lucro da empresa em 2023 atingiu R$ 5,7 bilh\u00f5es, refletindo um aumento de 36,2% em rela\u00e7\u00e3o ao ano anterior.<\/p>\n\n\n\n<p>O lucro antes de juros, impostos, <a class=\"suno-keyword\" target=\"_blank\" data-force=\"no\" data-priority=\"1\" href=\"https:\/\/www.suno.com.br\/artigos\/depreciacao-amortizacao\/\" rel=\"noopener\">deprecia\u00e7\u00e3o e amortiza\u00e7\u00e3o<\/a> (Ebitda) ajustado totalizou R$ 1,83 bilh\u00e3o no per\u00edodo, apresentando um crescimento de 17,3% em compara\u00e7\u00e3o com o mesmo trimestre de 2022.<\/p>\n\n\n\n<p>A <a class=\"suno-keyword\" target=\"_blank\" data-force=\"no\" data-priority=\"1\" href=\"https:\/\/www.suno.com.br\/artigos\/o-que-receita-liquida\/\" rel=\"noopener\">receita l\u00edquida<\/a> no quarto trimestre de 2023 alcan\u00e7ou R$ 8,56 bilh\u00f5es, representando um aumento de 7,3% em rela\u00e7\u00e3o ao mesmo per\u00edodo de 2022. No ano, o conglomerado industrial brasileiro registrou receitas de R$ 32,5 bilh\u00f5es, apresentando um crescimento de 8,7% em compara\u00e7\u00e3o com o mesmo per\u00edodo do ano anterior.<\/p>\n\n\n\n<p>Esse desempenho positivo da <strong>Weg<\/strong>, diz especialistas, foi impulsionado pela continuidade do bom desempenho tanto no Brasil quanto nos principais pa\u00edses em que a companhia atua.<\/p>\n\n\n\t<p>\n\t\t<a href=\"https:\/\/lp.suno.com.br\/planilha-da-vida-financeira\/\" target=\"_blank\" data-element=\"shortcode-suno-banner\" title=\"Banner SUNO, clique e saiba mais\">\n\t\t\t<picture>\n\t\t\t\t<source media=\"(max-width: 500px)\" srcset=\"https:\/\/files.sunoresearch.com.br\/n\/uploads\/2023\/04\/400x300-Planilha-vida-financeira-true.png\">\n\t\t\t\t<img class=\"newsContent__article__imgCapa newsContent__article__imgCapa--banner\"\n\t\t\t\t\tsrc=\"https:\/\/files.sunoresearch.com.br\/n\/uploads\/2023\/04\/1420x240-Planilha-vida-financeira-true.png\"\n\t\t\t\t\tdata-promo-id=\"383123\"\t\t\t\t\t\t\t\t\t\twidth='1420' height='240'\t\t\t\t\talt=\"https:\/\/files.sunoresearch.com.br\/n\/uploads\/2023\/04\/1420x240-Planilha-vida-financeira-true.png\"\n\t\t\t\t>\n\t\t\t<\/picture>\n\t\t<\/a>\n\t<\/p>\n\n\n","protected":false},"excerpt":{"rendered":"<p>Cerca de 30% da receita total da Weg (WEGE3) no primeiro trimestre deste ano devem vir do mercado internacional. A \u00faltima vez que a companhia registrou alta nas vendas para o exterior foi em 2022. \u00c9 o que aponta o Ita\u00fa BBA em relat\u00f3rio sobre o desempenho operacional e avalia\u00e7\u00e3o da empresa. Weg (WEGE3). Foto: [&hellip;]<\/p>\n","protected":false},"author":345,"featured_media":435026,"comment_status":"closed","ping_status":"closed","sticky":false,"template":"","format":"standard","meta":[],"categories":[64],"tags":[286,681],"suno_strategy":[],"class_list":["post-544692","post","type-post","status-publish","format-standard","has-post-thumbnail","hentry","category-negocios","tag-acoes","tag-weg-wege3"],"yoast_head":"<!-- This site is optimized with the Yoast SEO plugin v24.4 - https:\/\/yoast.com\/wordpress\/plugins\/seo\/ -->\n<title>Weg (WEGE3): BBA prev\u00ea valoriza\u00e7\u00e3o das a\u00e7\u00f5es ap\u00f3s o 1T24<\/title>\n<meta name=\"description\" content=\"Relat\u00f3rio do Ita\u00fa BBA prev\u00ea balan\u00e7o da Weg no 1T24 com &quot;alta das vendas para o exterior&quot; e valoriza\u00e7\u00f5es das a\u00e7\u00f5es da empresa\" \/>\n<meta name=\"robots\" content=\"index, follow, max-snippet:-1, max-image-preview:large, max-video-preview:-1\" \/>\n<link rel=\"canonical\" href=\"https:\/\/www.suno.com.br\/noticias\/weg-wege3-projecoes-1t24-receita-lucro-mm\/\" \/>\n<meta property=\"og:locale\" content=\"pt_BR\" \/>\n<meta property=\"og:type\" content=\"article\" \/>\n<meta property=\"og:title\" content=\"Weg (WEGE3): BBA prev\u00ea valoriza\u00e7\u00e3o das a\u00e7\u00f5es ap\u00f3s o 1T24\" \/>\n<meta property=\"og:description\" content=\"Relat\u00f3rio do Ita\u00fa BBA prev\u00ea balan\u00e7o da Weg no 1T24 com &quot;alta das vendas para o exterior&quot; e valoriza\u00e7\u00f5es das a\u00e7\u00f5es da empresa\" \/>\n<meta property=\"og:url\" content=\"https:\/\/www.suno.com.br\/noticias\/weg-wege3-projecoes-1t24-receita-lucro-mm\/\" \/>\n<meta property=\"og:site_name\" content=\"Suno Not\u00edcias\" \/>\n<meta property=\"article:publisher\" content=\"https:\/\/facebook.com\/sunoresearch\" \/>\n<meta property=\"og:image\" content=\"https:\/\/files.sunoresearch.com.br\/n\/uploads\/2023\/07\/we-wege3.jpg\" \/>\n\t<meta property=\"og:image:width\" content=\"1200\" \/>\n\t<meta property=\"og:image:height\" content=\"675\" \/>\n\t<meta property=\"og:image:type\" content=\"image\/jpeg\" \/>\n<meta name=\"author\" content=\"Murilo Melo\" \/>\n<meta name=\"twitter:card\" content=\"summary_large_image\" \/>\n<meta name=\"twitter:creator\" content=\"@sunoresearch\" \/>\n<meta name=\"twitter:site\" content=\"@sunoresearch\" \/>\n<meta name=\"twitter:label1\" content=\"Escrito por\" \/>\n\t<meta name=\"twitter:data1\" content=\"Murilo Melo\" \/>\n\t<meta name=\"twitter:label2\" content=\"Est. tempo de leitura\" \/>\n\t<meta name=\"twitter:data2\" content=\"4 minutos\" \/>\n<script type=\"application\/ld+json\" class=\"yoast-schema-graph\">{\"@context\":\"https:\/\/schema.org\",\"@graph\":[{\"@type\":\"NewsArticle\",\"@id\":\"https:\/\/www.suno.com.br\/noticias\/weg-wege3-projecoes-1t24-receita-lucro-mm\/#article\",\"isPartOf\":{\"@id\":\"https:\/\/www.suno.com.br\/noticias\/weg-wege3-projecoes-1t24-receita-lucro-mm\/\"},\"author\":{\"name\":\"Murilo Melo\",\"@id\":\"https:\/\/www.suno.com.br\/noticias\/#\/schema\/person\/32d4feb215afe4b317d446bb442400dd\"},\"headline\":\"Weg (WEGE3) salta no Ibovespa: BBA projeta valoriza\u00e7\u00e3o das a\u00e7\u00f5es com &#8220;alta das vendas para o exterior&#8221;\",\"datePublished\":\"2024-04-17T01:57:52+00:00\",\"dateModified\":\"2024-04-17T02:15:46+00:00\",\"mainEntityOfPage\":{\"@id\":\"https:\/\/www.suno.com.br\/noticias\/weg-wege3-projecoes-1t24-receita-lucro-mm\/\"},\"wordCount\":673,\"publisher\":{\"@id\":\"https:\/\/www.suno.com.br\/noticias\/#organization\"},\"image\":{\"@id\":\"https:\/\/www.suno.com.br\/noticias\/weg-wege3-projecoes-1t24-receita-lucro-mm\/#primaryimage\"},\"thumbnailUrl\":\"https:\/\/files.sunoresearch.com.br\/n\/uploads\/2023\/07\/we-wege3.jpg\",\"keywords\":[\"A\u00e7\u00f5es\",\"Weg (WEGE3)\"],\"articleSection\":[\"Neg\u00f3cios\"],\"inLanguage\":\"pt-BR\"},{\"@type\":\"WebPage\",\"@id\":\"https:\/\/www.suno.com.br\/noticias\/weg-wege3-projecoes-1t24-receita-lucro-mm\/\",\"url\":\"https:\/\/www.suno.com.br\/noticias\/weg-wege3-projecoes-1t24-receita-lucro-mm\/\",\"name\":\"Weg (WEGE3): BBA prev\u00ea valoriza\u00e7\u00e3o das a\u00e7\u00f5es ap\u00f3s o 1T24\",\"isPartOf\":{\"@id\":\"https:\/\/www.suno.com.br\/noticias\/#website\"},\"primaryImageOfPage\":{\"@id\":\"https:\/\/www.suno.com.br\/noticias\/weg-wege3-projecoes-1t24-receita-lucro-mm\/#primaryimage\"},\"image\":{\"@id\":\"https:\/\/www.suno.com.br\/noticias\/weg-wege3-projecoes-1t24-receita-lucro-mm\/#primaryimage\"},\"thumbnailUrl\":\"https:\/\/files.sunoresearch.com.br\/n\/uploads\/2023\/07\/we-wege3.jpg\",\"datePublished\":\"2024-04-17T01:57:52+00:00\",\"dateModified\":\"2024-04-17T02:15:46+00:00\",\"description\":\"Relat\u00f3rio do Ita\u00fa BBA prev\u00ea balan\u00e7o da Weg no 1T24 com \\\"alta das vendas para o exterior\\\" e valoriza\u00e7\u00f5es das a\u00e7\u00f5es da empresa\",\"breadcrumb\":{\"@id\":\"https:\/\/www.suno.com.br\/noticias\/weg-wege3-projecoes-1t24-receita-lucro-mm\/#breadcrumb\"},\"inLanguage\":\"pt-BR\",\"potentialAction\":[{\"@type\":\"ReadAction\",\"target\":[\"https:\/\/www.suno.com.br\/noticias\/weg-wege3-projecoes-1t24-receita-lucro-mm\/\"]}]},{\"@type\":\"ImageObject\",\"inLanguage\":\"pt-BR\",\"@id\":\"https:\/\/www.suno.com.br\/noticias\/weg-wege3-projecoes-1t24-receita-lucro-mm\/#primaryimage\",\"url\":\"https:\/\/files.sunoresearch.com.br\/n\/uploads\/2023\/07\/we-wege3.jpg\",\"contentUrl\":\"https:\/\/files.sunoresearch.com.br\/n\/uploads\/2023\/07\/we-wege3.jpg\",\"width\":1200,\"height\":675,\"caption\":\"Weg (WEGE3). Foto: Reprodu\u00e7\u00e3o.\"},{\"@type\":\"BreadcrumbList\",\"@id\":\"https:\/\/www.suno.com.br\/noticias\/weg-wege3-projecoes-1t24-receita-lucro-mm\/#breadcrumb\",\"itemListElement\":[{\"@type\":\"ListItem\",\"position\":1,\"name\":\"Not\u00edcias\",\"item\":\"https:\/\/www.suno.com.br\/noticias\/\"},{\"@type\":\"ListItem\",\"position\":2,\"name\":\"Neg\u00f3cios\",\"item\":\"https:\/\/www.suno.com.br\/noticias\/negocios\/\"},{\"@type\":\"ListItem\",\"position\":3,\"name\":\"Weg (WEGE3) salta no Ibovespa: BBA projeta valoriza\u00e7\u00e3o das a\u00e7\u00f5es com &#8220;alta das vendas para o exterior&#8221;\"}]},{\"@type\":\"WebSite\",\"@id\":\"https:\/\/www.suno.com.br\/noticias\/#website\",\"url\":\"https:\/\/www.suno.com.br\/noticias\/\",\"name\":\"Suno Not\u00edcias\",\"description\":\"Seu portal de informa\u00e7\u00e3o sobre o mundo dos investimentos\",\"publisher\":{\"@id\":\"https:\/\/www.suno.com.br\/noticias\/#organization\"},\"potentialAction\":[{\"@type\":\"SearchAction\",\"target\":{\"@type\":\"EntryPoint\",\"urlTemplate\":\"https:\/\/www.suno.com.br\/noticias\/?s={search_term_string}\"},\"query-input\":{\"@type\":\"PropertyValueSpecification\",\"valueRequired\":true,\"valueName\":\"search_term_string\"}}],\"inLanguage\":\"pt-BR\"},{\"@type\":\"Organization\",\"@id\":\"https:\/\/www.suno.com.br\/noticias\/#organization\",\"name\":\"Suno Not\u00edcias\",\"url\":\"https:\/\/www.suno.com.br\/noticias\/\",\"logo\":{\"@type\":\"ImageObject\",\"inLanguage\":\"pt-BR\",\"@id\":\"https:\/\/www.suno.com.br\/noticias\/#\/schema\/logo\/image\/\",\"url\":\"https:\/\/files.sunoresearch.com.br\/n\/uploads\/2021\/09\/suno-logo.png\",\"contentUrl\":\"https:\/\/files.sunoresearch.com.br\/n\/uploads\/2021\/09\/suno-logo.png\",\"width\":180,\"height\":180,\"caption\":\"Suno Not\u00edcias\"},\"image\":{\"@id\":\"https:\/\/www.suno.com.br\/noticias\/#\/schema\/logo\/image\/\"},\"sameAs\":[\"https:\/\/facebook.com\/sunoresearch\",\"https:\/\/x.com\/sunoresearch\",\"https:\/\/www.instagram.com\/suno\",\"https:\/\/www.linkedin.com\/company\/suno-research\/\",\"https:\/\/www.youtube.com\/c\/sunoresearch\"]},{\"@type\":\"Person\",\"@id\":\"https:\/\/www.suno.com.br\/noticias\/#\/schema\/person\/32d4feb215afe4b317d446bb442400dd\",\"name\":\"Murilo Melo\",\"image\":{\"@type\":\"ImageObject\",\"inLanguage\":\"pt-BR\",\"@id\":\"https:\/\/www.suno.com.br\/noticias\/#\/schema\/person\/image\/\",\"url\":\"https:\/\/secure.gravatar.com\/avatar\/af7a693198b592028493c0e8b0583d4f?s=96&r=g\",\"contentUrl\":\"https:\/\/secure.gravatar.com\/avatar\/af7a693198b592028493c0e8b0583d4f?s=96&r=g\",\"caption\":\"Murilo Melo\"},\"description\":\"\u00c9 um jornalista e letr\u00f3logo com vasta experi\u00eancia em economia, finan\u00e7as e mercado. J\u00e1 foi rep\u00f3rter de jornais, revistas e sites noticiosos como A Tarde, Correio e Folha de S.Paulo. No Suno Not\u00edcias, escreve sobre neg\u00f3cios\",\"url\":\"https:\/\/www.suno.com.br\/noticias\/author\/murilomelo-jornalismogmail-com\/\"}]}<\/script>\n<!-- \/ Yoast SEO plugin. -->","yoast_head_json":{"title":"Weg (WEGE3): BBA prev\u00ea valoriza\u00e7\u00e3o das a\u00e7\u00f5es ap\u00f3s o 1T24","description":"Relat\u00f3rio do Ita\u00fa BBA prev\u00ea balan\u00e7o da Weg no 1T24 com \"alta das vendas para o exterior\" e valoriza\u00e7\u00f5es das a\u00e7\u00f5es da empresa","robots":{"index":"index","follow":"follow","max-snippet":"max-snippet:-1","max-image-preview":"max-image-preview:large","max-video-preview":"max-video-preview:-1"},"canonical":"https:\/\/www.suno.com.br\/noticias\/weg-wege3-projecoes-1t24-receita-lucro-mm\/","og_locale":"pt_BR","og_type":"article","og_title":"Weg (WEGE3): BBA prev\u00ea valoriza\u00e7\u00e3o das a\u00e7\u00f5es ap\u00f3s o 1T24","og_description":"Relat\u00f3rio do Ita\u00fa BBA prev\u00ea balan\u00e7o da Weg no 1T24 com \"alta das vendas para o exterior\" e valoriza\u00e7\u00f5es das a\u00e7\u00f5es da empresa","og_url":"https:\/\/www.suno.com.br\/noticias\/weg-wege3-projecoes-1t24-receita-lucro-mm\/","og_site_name":"Suno Not\u00edcias","article_publisher":"https:\/\/facebook.com\/sunoresearch","og_image":[{"width":1200,"height":675,"url":"https:\/\/files.sunoresearch.com.br\/n\/uploads\/2023\/07\/we-wege3.jpg","type":"image\/jpeg"}],"author":"Murilo Melo","twitter_card":"summary_large_image","twitter_creator":"@sunoresearch","twitter_site":"@sunoresearch","twitter_misc":{"Escrito por":"Murilo Melo","Est. tempo de leitura":"4 minutos"},"schema":{"@context":"https:\/\/schema.org","@graph":[{"@type":"NewsArticle","@id":"https:\/\/www.suno.com.br\/noticias\/weg-wege3-projecoes-1t24-receita-lucro-mm\/#article","isPartOf":{"@id":"https:\/\/www.suno.com.br\/noticias\/weg-wege3-projecoes-1t24-receita-lucro-mm\/"},"author":{"name":"Murilo Melo","@id":"https:\/\/www.suno.com.br\/noticias\/#\/schema\/person\/32d4feb215afe4b317d446bb442400dd"},"headline":"Weg (WEGE3) salta no Ibovespa: BBA projeta valoriza\u00e7\u00e3o das a\u00e7\u00f5es com &#8220;alta das vendas para o exterior&#8221;","datePublished":"2024-04-17T01:57:52+00:00","dateModified":"2024-04-17T02:15:46+00:00","mainEntityOfPage":{"@id":"https:\/\/www.suno.com.br\/noticias\/weg-wege3-projecoes-1t24-receita-lucro-mm\/"},"wordCount":673,"publisher":{"@id":"https:\/\/www.suno.com.br\/noticias\/#organization"},"image":{"@id":"https:\/\/www.suno.com.br\/noticias\/weg-wege3-projecoes-1t24-receita-lucro-mm\/#primaryimage"},"thumbnailUrl":"https:\/\/files.sunoresearch.com.br\/n\/uploads\/2023\/07\/we-wege3.jpg","keywords":["A\u00e7\u00f5es","Weg (WEGE3)"],"articleSection":["Neg\u00f3cios"],"inLanguage":"pt-BR"},{"@type":"WebPage","@id":"https:\/\/www.suno.com.br\/noticias\/weg-wege3-projecoes-1t24-receita-lucro-mm\/","url":"https:\/\/www.suno.com.br\/noticias\/weg-wege3-projecoes-1t24-receita-lucro-mm\/","name":"Weg (WEGE3): BBA prev\u00ea valoriza\u00e7\u00e3o das a\u00e7\u00f5es ap\u00f3s o 1T24","isPartOf":{"@id":"https:\/\/www.suno.com.br\/noticias\/#website"},"primaryImageOfPage":{"@id":"https:\/\/www.suno.com.br\/noticias\/weg-wege3-projecoes-1t24-receita-lucro-mm\/#primaryimage"},"image":{"@id":"https:\/\/www.suno.com.br\/noticias\/weg-wege3-projecoes-1t24-receita-lucro-mm\/#primaryimage"},"thumbnailUrl":"https:\/\/files.sunoresearch.com.br\/n\/uploads\/2023\/07\/we-wege3.jpg","datePublished":"2024-04-17T01:57:52+00:00","dateModified":"2024-04-17T02:15:46+00:00","description":"Relat\u00f3rio do Ita\u00fa BBA prev\u00ea balan\u00e7o da Weg no 1T24 com \"alta das vendas para o exterior\" e valoriza\u00e7\u00f5es das a\u00e7\u00f5es da empresa","breadcrumb":{"@id":"https:\/\/www.suno.com.br\/noticias\/weg-wege3-projecoes-1t24-receita-lucro-mm\/#breadcrumb"},"inLanguage":"pt-BR","potentialAction":[{"@type":"ReadAction","target":["https:\/\/www.suno.com.br\/noticias\/weg-wege3-projecoes-1t24-receita-lucro-mm\/"]}]},{"@type":"ImageObject","inLanguage":"pt-BR","@id":"https:\/\/www.suno.com.br\/noticias\/weg-wege3-projecoes-1t24-receita-lucro-mm\/#primaryimage","url":"https:\/\/files.sunoresearch.com.br\/n\/uploads\/2023\/07\/we-wege3.jpg","contentUrl":"https:\/\/files.sunoresearch.com.br\/n\/uploads\/2023\/07\/we-wege3.jpg","width":1200,"height":675,"caption":"Weg (WEGE3). Foto: Reprodu\u00e7\u00e3o."},{"@type":"BreadcrumbList","@id":"https:\/\/www.suno.com.br\/noticias\/weg-wege3-projecoes-1t24-receita-lucro-mm\/#breadcrumb","itemListElement":[{"@type":"ListItem","position":1,"name":"Not\u00edcias","item":"https:\/\/www.suno.com.br\/noticias\/"},{"@type":"ListItem","position":2,"name":"Neg\u00f3cios","item":"https:\/\/www.suno.com.br\/noticias\/negocios\/"},{"@type":"ListItem","position":3,"name":"Weg (WEGE3) salta no Ibovespa: BBA projeta valoriza\u00e7\u00e3o das a\u00e7\u00f5es com &#8220;alta das vendas para o exterior&#8221;"}]},{"@type":"WebSite","@id":"https:\/\/www.suno.com.br\/noticias\/#website","url":"https:\/\/www.suno.com.br\/noticias\/","name":"Suno Not\u00edcias","description":"Seu portal de informa\u00e7\u00e3o sobre o mundo dos investimentos","publisher":{"@id":"https:\/\/www.suno.com.br\/noticias\/#organization"},"potentialAction":[{"@type":"SearchAction","target":{"@type":"EntryPoint","urlTemplate":"https:\/\/www.suno.com.br\/noticias\/?s={search_term_string}"},"query-input":{"@type":"PropertyValueSpecification","valueRequired":true,"valueName":"search_term_string"}}],"inLanguage":"pt-BR"},{"@type":"Organization","@id":"https:\/\/www.suno.com.br\/noticias\/#organization","name":"Suno Not\u00edcias","url":"https:\/\/www.suno.com.br\/noticias\/","logo":{"@type":"ImageObject","inLanguage":"pt-BR","@id":"https:\/\/www.suno.com.br\/noticias\/#\/schema\/logo\/image\/","url":"https:\/\/files.sunoresearch.com.br\/n\/uploads\/2021\/09\/suno-logo.png","contentUrl":"https:\/\/files.sunoresearch.com.br\/n\/uploads\/2021\/09\/suno-logo.png","width":180,"height":180,"caption":"Suno Not\u00edcias"},"image":{"@id":"https:\/\/www.suno.com.br\/noticias\/#\/schema\/logo\/image\/"},"sameAs":["https:\/\/facebook.com\/sunoresearch","https:\/\/x.com\/sunoresearch","https:\/\/www.instagram.com\/suno","https:\/\/www.linkedin.com\/company\/suno-research\/","https:\/\/www.youtube.com\/c\/sunoresearch"]},{"@type":"Person","@id":"https:\/\/www.suno.com.br\/noticias\/#\/schema\/person\/32d4feb215afe4b317d446bb442400dd","name":"Murilo Melo","image":{"@type":"ImageObject","inLanguage":"pt-BR","@id":"https:\/\/www.suno.com.br\/noticias\/#\/schema\/person\/image\/","url":"https:\/\/secure.gravatar.com\/avatar\/af7a693198b592028493c0e8b0583d4f?s=96&r=g","contentUrl":"https:\/\/secure.gravatar.com\/avatar\/af7a693198b592028493c0e8b0583d4f?s=96&r=g","caption":"Murilo Melo"},"description":"\u00c9 um jornalista e letr\u00f3logo com vasta experi\u00eancia em economia, finan\u00e7as e mercado. J\u00e1 foi rep\u00f3rter de jornais, revistas e sites noticiosos como A Tarde, Correio e Folha de S.Paulo. No Suno Not\u00edcias, escreve sobre neg\u00f3cios","url":"https:\/\/www.suno.com.br\/noticias\/author\/murilomelo-jornalismogmail-com\/"}]}},"default_loop_html":"<div class=\"cardsPage__listCard__boxs\"><div class=\"cardsPage__listCard__boxs__img\"><a href=\"https:\/\/www.suno.com.br\/noticias\/weg-wege3-projecoes-1t24-receita-lucro-mm\/\"><img class=\"mask\" src=\"https:\/\/www.suno.com.br\/noticias\/wp-content\/themes\/suno\/resources\/images\/spotlight\/spotlight1img\/bg-mask.png\" alt=\"Image Mask\"\/><img src=\"https:\/\/files.sunoresearch.com.br\/n\/uploads\/2023\/07\/we-wege3-400x200.jpg\" alt=\"Weg (WEGE3) salta no Ibovespa: BBA projeta  valoriza\u00e7\u00e3o das a\u00e7\u00f5es com &#8220;alta das vendas para o exterior&#8221;\"\/><\/a><span class=\"spotlightCategory\"><a href=\"https:\/\/www.suno.com.br\/noticias\/negocios\/\">Neg\u00f3cios<\/a><\/span><\/div><div class=\"cardsPage__listCard__boxs__content\"><a href=\"https:\/\/www.suno.com.br\/noticias\/weg-wege3-projecoes-1t24-receita-lucro-mm\/\"><h2 class=\"content__title\">Weg (WEGE3) salta no Ibovespa: BBA projeta  valoriza\u00e7\u00e3o das a\u00e7\u00f5es com &#8220;alta das vendas para o exterior&#8221;<\/h2><\/a><div class=\"newsContent__article__meta\"><div class=\"newsContent__article__meta__authorBox\"><a href=\"https:\/\/www.suno.com.br\/noticias\/author\/murilomelo-jornalismogmail-com\/\" class=\"authorBox__avatar noMobi\"><img src=\"https:\/\/files.sunoresearch.com.br\/n\/uploads\/2024\/02\/Murilo_Melo_Jornalista-e1708476456132-150x150.jpeg\" alt=\"Murilo Melo\"><\/a><div class=\"authorBox__name\"><span>por\n\t\t\t<a href=\"https:\/\/www.suno.com.br\/noticias\/author\/murilomelo-jornalismogmail-com\/\"><span itemprop=\"author\">Murilo Melo<\/span><\/a><\/span><time datetime=\"2024-04-16T22:57:52-03:00\" itemprop=\"datePublished\">16\/04\/2024 22:57<\/time><\/div><\/div><\/div><\/div><\/div>","single_layout":"posts","amp_enabled":true,"_links":{"self":[{"href":"https:\/\/www.suno.com.br\/noticias\/wp-json\/wp\/v2\/posts\/544692"}],"collection":[{"href":"https:\/\/www.suno.com.br\/noticias\/wp-json\/wp\/v2\/posts"}],"about":[{"href":"https:\/\/www.suno.com.br\/noticias\/wp-json\/wp\/v2\/types\/post"}],"author":[{"embeddable":true,"href":"https:\/\/www.suno.com.br\/noticias\/wp-json\/wp\/v2\/users\/345"}],"replies":[{"embeddable":true,"href":"https:\/\/www.suno.com.br\/noticias\/wp-json\/wp\/v2\/comments?post=544692"}],"version-history":[{"count":3,"href":"https:\/\/www.suno.com.br\/noticias\/wp-json\/wp\/v2\/posts\/544692\/revisions"}],"predecessor-version":[{"id":544722,"href":"https:\/\/www.suno.com.br\/noticias\/wp-json\/wp\/v2\/posts\/544692\/revisions\/544722"}],"wp:featuredmedia":[{"embeddable":true,"href":"https:\/\/www.suno.com.br\/noticias\/wp-json\/wp\/v2\/media\/435026"}],"wp:attachment":[{"href":"https:\/\/www.suno.com.br\/noticias\/wp-json\/wp\/v2\/media?parent=544692"}],"wp:term":[{"taxonomy":"category","embeddable":true,"href":"https:\/\/www.suno.com.br\/noticias\/wp-json\/wp\/v2\/categories?post=544692"},{"taxonomy":"post_tag","embeddable":true,"href":"https:\/\/www.suno.com.br\/noticias\/wp-json\/wp\/v2\/tags?post=544692"},{"taxonomy":"suno_strategy","embeddable":true,"href":"https:\/\/www.suno.com.br\/noticias\/wp-json\/wp\/v2\/suno_strategy?post=544692"}],"curies":[{"name":"wp","href":"https:\/\/api.w.org\/{rel}","templated":true}]}}