{"id":544624,"date":"2024-04-16T19:52:23","date_gmt":"2024-04-16T22:52:23","guid":{"rendered":"https:\/\/www.suno.com.br\/noticias\/?p=544624"},"modified":"2024-04-16T20:02:21","modified_gmt":"2024-04-16T23:02:21","slug":"telefonica-vivt3-dividendos-pagamento-valor-acao-mm","status":"publish","type":"post","link":"https:\/\/www.suno.com.br\/noticias\/telefonica-vivt3-dividendos-pagamento-valor-acao-mm\/","title":{"rendered":"Telef\u00f4nica (VIVT3), dona da Vivo, anuncia pagamento de R$ 380 milh\u00f5es em dividendos; veja o valor por a\u00e7\u00e3o"},"content":{"rendered":"<p>A empresa de telecomunica\u00e7\u00f5es <a class=\"suno-keyword\" data-force=\"yes\" data-priority=\"2\" href=\"https:\/\/www.suno.com.br\/acoes\/VIVT3\/\" target=\"_blank\" rel=\"noopener\"><strong>Telef\u00f4nica<\/strong> (VIVT3)<\/a>, dona da Vivo, anunciou nesta ter\u00e7a-feira (16) que vai pagar os dividendos complementares aos seus acionistas no valor total de R$ 380 milh\u00f5es, equivalentes a R$ 0,22994292518 por a\u00e7\u00e3o.<\/p>\t<div class=\"wrapper-featured-image\">\n\t\t<figure class=\"spotlightImg\">\n\n\t\t\t<picture>\n\t\t\t\t<source media=\"(max-width: 768px)\" srcset=\"https:\/\/files.sunoresearch.com.br\/n\/uploads\/2021\/02\/2ad2106d-1200px-telefonica01-400x200.webp\">\n\t\t\t\t<img loading=\"lazy\" decoding=\"async\" class=\"newsContent__article__imgCapa lazyloadDisabled \" src=\"https:\/\/files.sunoresearch.com.br\/n\/uploads\/2021\/02\/2ad2106d-1200px-telefonica01-800x450.webp\" width=\"800\" height=\"450\" alt=\"Telef\u00f4nica (VIVT3), dona da Vivo, anuncia pagamento de R$ 380 milh\u00f5es em dividendos; veja o valor por a\u00e7\u00e3o\" fetchpriority=high \/>\n\t\t\t<\/picture>\n\n\t\t\t<figcaption class=\"wp-caption-text wp-caption-text--show\">Telef\u00f4nica Brasil. Foto: Divulga\u00e7\u00e3o<\/figcaption>\n\t\t<\/figure>\n\t<\/div>\n\n\n\n\n\n\t<p>\n\t\t<a href=\"\" target=\"_blank\" data-element=\"shortcode-suno-banner\" title=\"Banner SUNO, clique e saiba mais\">\n\t\t\t<picture>\n\t\t\t\t<source media=\"(max-width: 500px)\" srcset=\"\">\n\t\t\t\t<img class=\"newsContent__article__imgCapa newsContent__article__imgCapa--banner\"\n\t\t\t\t\tsrc=\"\"\n\t\t\t\t\tdata-promo-id=\"89005\"\t\t\t\t\t\t\t\t\t\t\t\t\t\t\talt=\"\"\n\t\t\t\t>\n\t\t\t<\/picture>\n\t\t<\/a>\n\t<\/p>\n\n\n\n\n\n<p>A decis\u00e3o, diz a companhia, foi tomada ap\u00f3s reuni\u00e3o do <a class=\"suno-keyword\" target=\"_blank\" data-force=\"no\" data-priority=\"1\" href=\"https:\/\/www.suno.com.br\/artigos\/conselho-administracao\/\" rel=\"noopener\">conselho de administra\u00e7\u00e3o<\/a>.<\/p>\n\n\n\n<p>Conforme condi\u00e7\u00f5es estabelecidas, os&nbsp;<strong>dividendos complementares da Telef\u00f4nica<\/strong> ser\u00e3o imputados aos&nbsp;<a href=\"https:\/\/www.suno.com.br\/guias\/dividendos\/\" target=\"_blank\" rel=\"noreferrer noopener\">dividendos<\/a>&nbsp;obrigat\u00f3rios a serem declarados com base no balan\u00e7o levantado at\u00e9 31 de mar\u00e7o deste ano. A empresa n\u00e3o divulgou quantos acionistas devem ser contemplados pelas&nbsp;<strong>a\u00e7\u00f5es ordin\u00e1rias<\/strong>.<\/p>\n\n\n\n<p>&#8220;Com reten\u00e7\u00e3o de imposto de renda na fonte, \u00e0 al\u00edquota de 15%, os <strong>dividendos<\/strong> resultam no montante l\u00edquido de R$ 323.000.000,00&#8243;, diz a companhia.<\/p>\n\n\n\n<p>Ter\u00e3o direitos de receber os&nbsp;<strong>dividendos da Telef\u00f4nica&nbsp;<\/strong>os acionistas com posi\u00e7\u00e3o na empresa at\u00e9 29 de abril. No dia 30 do mesmo m\u00eas, os pap\u00e9is ser\u00e3o consideradas \u201cex-direitos\u201d, segundo comunicado.<\/p>\n\n\n\n<p>Sem data fixa, a Telef\u00f4nica diz que o pagamento deve ser feito at\u00e9 30 de abril de 2025.<\/p>\n\n\n\n<h2 class=\"wp-block-heading\">Dividendos Telef\u00f4nica<\/h2>\n\n\n\n<ul class=\"wp-block-list\">\n<li>Tipo: dividendo<\/li>\n\n\n\n<li>Valor por a\u00e7\u00e3o: 0,22994292518<\/li>\n\n\n\n<li>Data de corte: 29 de abril<\/li>\n\n\n\n<li>Valor bruto do dividendo: R$ 380.000.000,00<\/li>\n\n\n\n<li>Rendimento: n\u00e3o informado<\/li>\n<\/ul>\n\n\n\t<p>\n\t\t<a href=\"https:\/\/lp.suno.com.br\/minicurso-investindo-fiis\/\" target=\"_blank\" data-element=\"shortcode-suno-banner\" title=\"Banner SUNO, clique e saiba mais\">\n\t\t\t<picture>\n\t\t\t\t<source media=\"(max-width: 500px)\" srcset=\"https:\/\/files.sunoresearch.com.br\/n\/uploads\/2023\/03\/400x300-Minicurso-FIIS.png\">\n\t\t\t\t<img class=\"newsContent__article__imgCapa newsContent__article__imgCapa--banner\"\n\t\t\t\t\tsrc=\"https:\/\/files.sunoresearch.com.br\/n\/uploads\/2023\/03\/1420x240-Minicurso-FIIS.png\"\n\t\t\t\t\tdata-promo-id=\"383125\"\t\t\t\t\t\t\t\t\t\twidth='1420' height='240'\t\t\t\t\talt=\"https:\/\/files.sunoresearch.com.br\/n\/uploads\/2023\/03\/1420x240-Minicurso-FIIS.png\"\n\t\t\t\t>\n\t\t\t<\/picture>\n\t\t<\/a>\n\t<\/p>\n\n\n\n\n\n<h2 class=\"wp-block-heading\">Telef\u00f4nica: restitui\u00e7\u00e3o aos investidores com redu\u00e7\u00e3o de capital<\/h2>\n\n\n\n<p>A\u00a0Telef\u00f4nica<strong>\u00a0<\/strong>informou que com o encerramento do per\u00edodo de oposi\u00e7\u00e3o dos credores \u00e0\u00a0<a href=\"https:\/\/www.suno.com.br\/artigos\/reducao-capital\/\" target=\"_blank\" rel=\"noreferrer noopener\">redu\u00e7\u00e3o de capital<\/a>\u00a0social da empresa, esse processo se tornou \u201cplenamente eficaz\u201d. Dessa forma, a companhia vai pagar uma restitui\u00e7\u00e3o de R$ 0,90766944153 por a\u00e7\u00e3o ordin\u00e1ria aos investidores.<\/p>\n\n\n\n<p>A redu\u00e7\u00e3o de&nbsp;<strong>capital social da Telef\u00f4nica<\/strong>&nbsp;teve aprova\u00e7\u00e3o em Assembleia Geral Extraordin\u00e1ria (AGE), que aconteceu no dia 24 de janeiro de 2024. Al\u00e9m disso, os requisitos legais para que essa redu\u00e7\u00e3o acontecesse foram cumpridos.<\/p>\n\n\n\n<p>O valor por a\u00e7\u00e3o da\u00a0<strong>restitui\u00e7\u00e3o da Telef\u00f4nica<\/strong>\u00a0leva em conta a quantidade de\u00a0<a href=\"https:\/\/www.suno.com.br\/artigos\/o-que-sao-acoes-ordinarias-preferenciais-e-units\/\" target=\"_blank\" rel=\"noreferrer noopener\">a\u00e7\u00f5es ordin\u00e1rias<\/a>\u00a0atualmente em circula\u00e7\u00e3o. A quantia tamb\u00e9m considera o cancelamento de certas a\u00e7\u00f5es mantidas em tesouraria, feito no dia 22 de dezembro de 2023.<\/p>\n\n\n\n<p>O pagamento da restitui\u00e7\u00e3o ser\u00e1 realizado aos investidores com posi\u00e7\u00e3o comprada nos pap\u00e9is da companhia at\u00e9 o final da sess\u00e3o de 10 de abril de 2024. A partir do dia seguinte, 11 de abril, as a\u00e7\u00f5es passaram a negociar sem direito a essa restitui\u00e7\u00e3o.<\/p>\n\n\n\n<p>Dessa forma, a distribui\u00e7\u00e3o vai ser feita em parcela \u00fanica, no dia 10 de julho de 2024. O valor a ser pago a cada acionista ser\u00e1 proporcional ao n\u00famero de<strong>&nbsp;a\u00e7\u00f5es VIVT3<\/strong>&nbsp;que cada um deles possui at\u00e9 a&nbsp;<a target=\"_blank\" href=\"https:\/\/www.suno.com.br\/artigos\/dividendos-datas-importantes\/\" rel=\"noreferrer noopener\">data de corte<\/a>.<\/p>\n\n\n\n<p>As a\u00e7\u00f5es da\u00a0<strong>Telef\u00f4nica\u00a0<\/strong>encerraram a sess\u00e3o desta ter\u00e7a-feira (16) em queda de 0,25%, cotadas a R$ 48,69,. O desempenho acumulado em abril at\u00e9 o momento \u00e9 de -1,74%. No ano de 2024, a performance acumulada \u00e9 de -6,96% at\u00e9 agora, considerando a cota\u00e7\u00e3o final de 2023, que foi de R$ 53,28.<\/p>\n\n\n\t<p>\n\t\t<a href=\"https:\/\/lp.suno.com.br\/planilha-da-vida-financeira\/\" target=\"_blank\" data-element=\"shortcode-suno-banner\" title=\"Banner SUNO, clique e saiba mais\">\n\t\t\t<picture>\n\t\t\t\t<source media=\"(max-width: 500px)\" srcset=\"https:\/\/files.sunoresearch.com.br\/n\/uploads\/2023\/04\/400x300-Planilha-vida-financeira-true.png\">\n\t\t\t\t<img class=\"newsContent__article__imgCapa newsContent__article__imgCapa--banner\"\n\t\t\t\t\tsrc=\"https:\/\/files.sunoresearch.com.br\/n\/uploads\/2023\/04\/1420x240-Planilha-vida-financeira-true.png\"\n\t\t\t\t\tdata-promo-id=\"383123\"\t\t\t\t\t\t\t\t\t\twidth='1420' height='240'\t\t\t\t\talt=\"https:\/\/files.sunoresearch.com.br\/n\/uploads\/2023\/04\/1420x240-Planilha-vida-financeira-true.png\"\n\t\t\t\t>\n\t\t\t<\/picture>\n\t\t<\/a>\n\t<\/p>\n\n\n","protected":false},"excerpt":{"rendered":"<p>A empresa de telecomunica\u00e7\u00f5es Telef\u00f4nica (VIVT3), dona da Vivo, anunciou nesta ter\u00e7a-feira (16) que vai pagar os dividendos complementares aos seus acionistas no valor total de R$ 380 milh\u00f5es, equivalentes a R$ 0,22994292518 por a\u00e7\u00e3o. Telef\u00f4nica Brasil. Foto: Divulga\u00e7\u00e3o A decis\u00e3o, diz a companhia, foi tomada ap\u00f3s reuni\u00e3o do conselho de administra\u00e7\u00e3o. Conforme condi\u00e7\u00f5es estabelecidas, [&hellip;]<\/p>\n","protected":false},"author":345,"featured_media":121537,"comment_status":"closed","ping_status":"closed","sticky":false,"template":"","format":"standard","meta":[],"categories":[64],"tags":[295,659],"suno_strategy":[],"class_list":["post-544624","post","type-post","status-publish","format-standard","has-post-thumbnail","hentry","category-negocios","tag-dividendos","tag-telefonica-vivt3"],"yoast_head":"<!-- This site is optimized with the Yoast SEO plugin v24.4 - https:\/\/yoast.com\/wordpress\/plugins\/seo\/ -->\n<title>Telef\u00f4nica (VIVT3) anuncia pagamento de dividendos; veja valor<\/title>\n<meta name=\"description\" content=\"A Telef\u00f4nica informou que vai pagar os dividendos complementares aos seus acionistas no valor total de R$ 380 milh\u00f5es. Saiba mais\" \/>\n<meta name=\"robots\" content=\"index, follow, max-snippet:-1, max-image-preview:large, max-video-preview:-1\" \/>\n<link rel=\"canonical\" href=\"https:\/\/www.suno.com.br\/noticias\/telefonica-vivt3-dividendos-pagamento-valor-acao-mm\/\" \/>\n<meta property=\"og:locale\" content=\"pt_BR\" \/>\n<meta property=\"og:type\" content=\"article\" \/>\n<meta property=\"og:title\" content=\"Telef\u00f4nica (VIVT3) anuncia pagamento de dividendos; veja valor\" \/>\n<meta property=\"og:description\" content=\"A Telef\u00f4nica informou que vai pagar os dividendos complementares aos seus acionistas no valor total de R$ 380 milh\u00f5es. Saiba mais\" \/>\n<meta property=\"og:url\" content=\"https:\/\/www.suno.com.br\/noticias\/telefonica-vivt3-dividendos-pagamento-valor-acao-mm\/\" \/>\n<meta property=\"og:site_name\" content=\"Suno Not\u00edcias\" \/>\n<meta property=\"article:publisher\" content=\"https:\/\/facebook.com\/sunoresearch\" \/>\n<meta property=\"og:image\" content=\"https:\/\/files.sunoresearch.com.br\/n\/uploads\/2021\/02\/2ad2106d-1200px-telefonica01.jpg\" \/>\n\t<meta property=\"og:image:width\" content=\"1200\" \/>\n\t<meta property=\"og:image:height\" content=\"900\" \/>\n\t<meta property=\"og:image:type\" content=\"image\/jpeg\" \/>\n<meta name=\"author\" content=\"Murilo Melo\" \/>\n<meta name=\"twitter:card\" content=\"summary_large_image\" \/>\n<meta name=\"twitter:creator\" content=\"@sunoresearch\" \/>\n<meta name=\"twitter:site\" content=\"@sunoresearch\" \/>\n<meta name=\"twitter:label1\" content=\"Escrito por\" \/>\n\t<meta name=\"twitter:data1\" content=\"Murilo Melo\" \/>\n\t<meta name=\"twitter:label2\" content=\"Est. tempo de leitura\" \/>\n\t<meta name=\"twitter:data2\" content=\"3 minutos\" \/>\n<script type=\"application\/ld+json\" class=\"yoast-schema-graph\">{\"@context\":\"https:\/\/schema.org\",\"@graph\":[{\"@type\":\"NewsArticle\",\"@id\":\"https:\/\/www.suno.com.br\/noticias\/telefonica-vivt3-dividendos-pagamento-valor-acao-mm\/#article\",\"isPartOf\":{\"@id\":\"https:\/\/www.suno.com.br\/noticias\/telefonica-vivt3-dividendos-pagamento-valor-acao-mm\/\"},\"author\":{\"name\":\"Murilo Melo\",\"@id\":\"https:\/\/www.suno.com.br\/noticias\/#\/schema\/person\/32d4feb215afe4b317d446bb442400dd\"},\"headline\":\"Telef\u00f4nica (VIVT3), dona da Vivo, anuncia pagamento de R$ 380 milh\u00f5es em dividendos; veja o valor por a\u00e7\u00e3o\",\"datePublished\":\"2024-04-16T22:52:23+00:00\",\"dateModified\":\"2024-04-16T23:02:21+00:00\",\"mainEntityOfPage\":{\"@id\":\"https:\/\/www.suno.com.br\/noticias\/telefonica-vivt3-dividendos-pagamento-valor-acao-mm\/\"},\"wordCount\":521,\"publisher\":{\"@id\":\"https:\/\/www.suno.com.br\/noticias\/#organization\"},\"image\":{\"@id\":\"https:\/\/www.suno.com.br\/noticias\/telefonica-vivt3-dividendos-pagamento-valor-acao-mm\/#primaryimage\"},\"thumbnailUrl\":\"https:\/\/files.sunoresearch.com.br\/n\/uploads\/2021\/02\/2ad2106d-1200px-telefonica01-jpg.webp\",\"keywords\":[\"dividendos\",\"Telef\u00f4nica (VIVT3)\"],\"articleSection\":[\"Neg\u00f3cios\"],\"inLanguage\":\"pt-BR\"},{\"@type\":\"WebPage\",\"@id\":\"https:\/\/www.suno.com.br\/noticias\/telefonica-vivt3-dividendos-pagamento-valor-acao-mm\/\",\"url\":\"https:\/\/www.suno.com.br\/noticias\/telefonica-vivt3-dividendos-pagamento-valor-acao-mm\/\",\"name\":\"Telef\u00f4nica (VIVT3) anuncia pagamento de dividendos; veja valor\",\"isPartOf\":{\"@id\":\"https:\/\/www.suno.com.br\/noticias\/#website\"},\"primaryImageOfPage\":{\"@id\":\"https:\/\/www.suno.com.br\/noticias\/telefonica-vivt3-dividendos-pagamento-valor-acao-mm\/#primaryimage\"},\"image\":{\"@id\":\"https:\/\/www.suno.com.br\/noticias\/telefonica-vivt3-dividendos-pagamento-valor-acao-mm\/#primaryimage\"},\"thumbnailUrl\":\"https:\/\/files.sunoresearch.com.br\/n\/uploads\/2021\/02\/2ad2106d-1200px-telefonica01-jpg.webp\",\"datePublished\":\"2024-04-16T22:52:23+00:00\",\"dateModified\":\"2024-04-16T23:02:21+00:00\",\"description\":\"A Telef\u00f4nica informou que vai pagar os dividendos complementares aos seus acionistas no valor total de R$ 380 milh\u00f5es. Saiba mais\",\"breadcrumb\":{\"@id\":\"https:\/\/www.suno.com.br\/noticias\/telefonica-vivt3-dividendos-pagamento-valor-acao-mm\/#breadcrumb\"},\"inLanguage\":\"pt-BR\",\"potentialAction\":[{\"@type\":\"ReadAction\",\"target\":[\"https:\/\/www.suno.com.br\/noticias\/telefonica-vivt3-dividendos-pagamento-valor-acao-mm\/\"]}]},{\"@type\":\"ImageObject\",\"inLanguage\":\"pt-BR\",\"@id\":\"https:\/\/www.suno.com.br\/noticias\/telefonica-vivt3-dividendos-pagamento-valor-acao-mm\/#primaryimage\",\"url\":\"https:\/\/files.sunoresearch.com.br\/n\/uploads\/2021\/02\/2ad2106d-1200px-telefonica01-jpg.webp\",\"contentUrl\":\"https:\/\/files.sunoresearch.com.br\/n\/uploads\/2021\/02\/2ad2106d-1200px-telefonica01-jpg.webp\",\"width\":1200,\"height\":900,\"caption\":\"Telef\u00f4nica Brasil. Foto: Divulga\u00e7\u00e3o\"},{\"@type\":\"BreadcrumbList\",\"@id\":\"https:\/\/www.suno.com.br\/noticias\/telefonica-vivt3-dividendos-pagamento-valor-acao-mm\/#breadcrumb\",\"itemListElement\":[{\"@type\":\"ListItem\",\"position\":1,\"name\":\"Not\u00edcias\",\"item\":\"https:\/\/www.suno.com.br\/noticias\/\"},{\"@type\":\"ListItem\",\"position\":2,\"name\":\"Neg\u00f3cios\",\"item\":\"https:\/\/www.suno.com.br\/noticias\/negocios\/\"},{\"@type\":\"ListItem\",\"position\":3,\"name\":\"Telef\u00f4nica (VIVT3), dona da Vivo, anuncia pagamento de R$ 380 milh\u00f5es em dividendos; veja o valor por a\u00e7\u00e3o\"}]},{\"@type\":\"WebSite\",\"@id\":\"https:\/\/www.suno.com.br\/noticias\/#website\",\"url\":\"https:\/\/www.suno.com.br\/noticias\/\",\"name\":\"Suno Not\u00edcias\",\"description\":\"Seu portal de informa\u00e7\u00e3o sobre o mundo dos investimentos\",\"publisher\":{\"@id\":\"https:\/\/www.suno.com.br\/noticias\/#organization\"},\"potentialAction\":[{\"@type\":\"SearchAction\",\"target\":{\"@type\":\"EntryPoint\",\"urlTemplate\":\"https:\/\/www.suno.com.br\/noticias\/?s={search_term_string}\"},\"query-input\":{\"@type\":\"PropertyValueSpecification\",\"valueRequired\":true,\"valueName\":\"search_term_string\"}}],\"inLanguage\":\"pt-BR\"},{\"@type\":\"Organization\",\"@id\":\"https:\/\/www.suno.com.br\/noticias\/#organization\",\"name\":\"Suno Not\u00edcias\",\"url\":\"https:\/\/www.suno.com.br\/noticias\/\",\"logo\":{\"@type\":\"ImageObject\",\"inLanguage\":\"pt-BR\",\"@id\":\"https:\/\/www.suno.com.br\/noticias\/#\/schema\/logo\/image\/\",\"url\":\"https:\/\/files.sunoresearch.com.br\/n\/uploads\/2021\/09\/suno-logo.png\",\"contentUrl\":\"https:\/\/files.sunoresearch.com.br\/n\/uploads\/2021\/09\/suno-logo.png\",\"width\":180,\"height\":180,\"caption\":\"Suno Not\u00edcias\"},\"image\":{\"@id\":\"https:\/\/www.suno.com.br\/noticias\/#\/schema\/logo\/image\/\"},\"sameAs\":[\"https:\/\/facebook.com\/sunoresearch\",\"https:\/\/x.com\/sunoresearch\",\"https:\/\/www.instagram.com\/suno\",\"https:\/\/www.linkedin.com\/company\/suno-research\/\",\"https:\/\/www.youtube.com\/c\/sunoresearch\"]},{\"@type\":\"Person\",\"@id\":\"https:\/\/www.suno.com.br\/noticias\/#\/schema\/person\/32d4feb215afe4b317d446bb442400dd\",\"name\":\"Murilo Melo\",\"image\":{\"@type\":\"ImageObject\",\"inLanguage\":\"pt-BR\",\"@id\":\"https:\/\/www.suno.com.br\/noticias\/#\/schema\/person\/image\/\",\"url\":\"https:\/\/secure.gravatar.com\/avatar\/af7a693198b592028493c0e8b0583d4f?s=96&r=g\",\"contentUrl\":\"https:\/\/secure.gravatar.com\/avatar\/af7a693198b592028493c0e8b0583d4f?s=96&r=g\",\"caption\":\"Murilo Melo\"},\"description\":\"\u00c9 um jornalista e letr\u00f3logo com vasta experi\u00eancia em economia, finan\u00e7as e mercado. J\u00e1 foi rep\u00f3rter de jornais, revistas e sites noticiosos como A Tarde, Correio e Folha de S.Paulo. No Suno Not\u00edcias, escreve sobre neg\u00f3cios\",\"url\":\"https:\/\/www.suno.com.br\/noticias\/author\/murilomelo-jornalismogmail-com\/\"}]}<\/script>\n<!-- \/ Yoast SEO plugin. -->","yoast_head_json":{"title":"Telef\u00f4nica (VIVT3) anuncia pagamento de dividendos; veja valor","description":"A Telef\u00f4nica informou que vai pagar os dividendos complementares aos seus acionistas no valor total de R$ 380 milh\u00f5es. Saiba mais","robots":{"index":"index","follow":"follow","max-snippet":"max-snippet:-1","max-image-preview":"max-image-preview:large","max-video-preview":"max-video-preview:-1"},"canonical":"https:\/\/www.suno.com.br\/noticias\/telefonica-vivt3-dividendos-pagamento-valor-acao-mm\/","og_locale":"pt_BR","og_type":"article","og_title":"Telef\u00f4nica (VIVT3) anuncia pagamento de dividendos; veja valor","og_description":"A Telef\u00f4nica informou que vai pagar os dividendos complementares aos seus acionistas no valor total de R$ 380 milh\u00f5es. Saiba mais","og_url":"https:\/\/www.suno.com.br\/noticias\/telefonica-vivt3-dividendos-pagamento-valor-acao-mm\/","og_site_name":"Suno Not\u00edcias","article_publisher":"https:\/\/facebook.com\/sunoresearch","og_image":[{"width":1200,"height":900,"url":"https:\/\/files.sunoresearch.com.br\/n\/uploads\/2021\/02\/2ad2106d-1200px-telefonica01.jpg","type":"image\/jpeg"}],"author":"Murilo Melo","twitter_card":"summary_large_image","twitter_creator":"@sunoresearch","twitter_site":"@sunoresearch","twitter_misc":{"Escrito por":"Murilo Melo","Est. tempo de leitura":"3 minutos"},"schema":{"@context":"https:\/\/schema.org","@graph":[{"@type":"NewsArticle","@id":"https:\/\/www.suno.com.br\/noticias\/telefonica-vivt3-dividendos-pagamento-valor-acao-mm\/#article","isPartOf":{"@id":"https:\/\/www.suno.com.br\/noticias\/telefonica-vivt3-dividendos-pagamento-valor-acao-mm\/"},"author":{"name":"Murilo Melo","@id":"https:\/\/www.suno.com.br\/noticias\/#\/schema\/person\/32d4feb215afe4b317d446bb442400dd"},"headline":"Telef\u00f4nica (VIVT3), dona da Vivo, anuncia pagamento de R$ 380 milh\u00f5es em dividendos; veja o valor por a\u00e7\u00e3o","datePublished":"2024-04-16T22:52:23+00:00","dateModified":"2024-04-16T23:02:21+00:00","mainEntityOfPage":{"@id":"https:\/\/www.suno.com.br\/noticias\/telefonica-vivt3-dividendos-pagamento-valor-acao-mm\/"},"wordCount":521,"publisher":{"@id":"https:\/\/www.suno.com.br\/noticias\/#organization"},"image":{"@id":"https:\/\/www.suno.com.br\/noticias\/telefonica-vivt3-dividendos-pagamento-valor-acao-mm\/#primaryimage"},"thumbnailUrl":"https:\/\/files.sunoresearch.com.br\/n\/uploads\/2021\/02\/2ad2106d-1200px-telefonica01-jpg.webp","keywords":["dividendos","Telef\u00f4nica (VIVT3)"],"articleSection":["Neg\u00f3cios"],"inLanguage":"pt-BR"},{"@type":"WebPage","@id":"https:\/\/www.suno.com.br\/noticias\/telefonica-vivt3-dividendos-pagamento-valor-acao-mm\/","url":"https:\/\/www.suno.com.br\/noticias\/telefonica-vivt3-dividendos-pagamento-valor-acao-mm\/","name":"Telef\u00f4nica (VIVT3) anuncia pagamento de dividendos; veja valor","isPartOf":{"@id":"https:\/\/www.suno.com.br\/noticias\/#website"},"primaryImageOfPage":{"@id":"https:\/\/www.suno.com.br\/noticias\/telefonica-vivt3-dividendos-pagamento-valor-acao-mm\/#primaryimage"},"image":{"@id":"https:\/\/www.suno.com.br\/noticias\/telefonica-vivt3-dividendos-pagamento-valor-acao-mm\/#primaryimage"},"thumbnailUrl":"https:\/\/files.sunoresearch.com.br\/n\/uploads\/2021\/02\/2ad2106d-1200px-telefonica01-jpg.webp","datePublished":"2024-04-16T22:52:23+00:00","dateModified":"2024-04-16T23:02:21+00:00","description":"A Telef\u00f4nica informou que vai pagar os dividendos complementares aos seus acionistas no valor total de R$ 380 milh\u00f5es. Saiba mais","breadcrumb":{"@id":"https:\/\/www.suno.com.br\/noticias\/telefonica-vivt3-dividendos-pagamento-valor-acao-mm\/#breadcrumb"},"inLanguage":"pt-BR","potentialAction":[{"@type":"ReadAction","target":["https:\/\/www.suno.com.br\/noticias\/telefonica-vivt3-dividendos-pagamento-valor-acao-mm\/"]}]},{"@type":"ImageObject","inLanguage":"pt-BR","@id":"https:\/\/www.suno.com.br\/noticias\/telefonica-vivt3-dividendos-pagamento-valor-acao-mm\/#primaryimage","url":"https:\/\/files.sunoresearch.com.br\/n\/uploads\/2021\/02\/2ad2106d-1200px-telefonica01-jpg.webp","contentUrl":"https:\/\/files.sunoresearch.com.br\/n\/uploads\/2021\/02\/2ad2106d-1200px-telefonica01-jpg.webp","width":1200,"height":900,"caption":"Telef\u00f4nica Brasil. Foto: Divulga\u00e7\u00e3o"},{"@type":"BreadcrumbList","@id":"https:\/\/www.suno.com.br\/noticias\/telefonica-vivt3-dividendos-pagamento-valor-acao-mm\/#breadcrumb","itemListElement":[{"@type":"ListItem","position":1,"name":"Not\u00edcias","item":"https:\/\/www.suno.com.br\/noticias\/"},{"@type":"ListItem","position":2,"name":"Neg\u00f3cios","item":"https:\/\/www.suno.com.br\/noticias\/negocios\/"},{"@type":"ListItem","position":3,"name":"Telef\u00f4nica (VIVT3), dona da Vivo, anuncia pagamento de R$ 380 milh\u00f5es em dividendos; veja o valor por a\u00e7\u00e3o"}]},{"@type":"WebSite","@id":"https:\/\/www.suno.com.br\/noticias\/#website","url":"https:\/\/www.suno.com.br\/noticias\/","name":"Suno Not\u00edcias","description":"Seu portal de informa\u00e7\u00e3o sobre o mundo dos investimentos","publisher":{"@id":"https:\/\/www.suno.com.br\/noticias\/#organization"},"potentialAction":[{"@type":"SearchAction","target":{"@type":"EntryPoint","urlTemplate":"https:\/\/www.suno.com.br\/noticias\/?s={search_term_string}"},"query-input":{"@type":"PropertyValueSpecification","valueRequired":true,"valueName":"search_term_string"}}],"inLanguage":"pt-BR"},{"@type":"Organization","@id":"https:\/\/www.suno.com.br\/noticias\/#organization","name":"Suno Not\u00edcias","url":"https:\/\/www.suno.com.br\/noticias\/","logo":{"@type":"ImageObject","inLanguage":"pt-BR","@id":"https:\/\/www.suno.com.br\/noticias\/#\/schema\/logo\/image\/","url":"https:\/\/files.sunoresearch.com.br\/n\/uploads\/2021\/09\/suno-logo.png","contentUrl":"https:\/\/files.sunoresearch.com.br\/n\/uploads\/2021\/09\/suno-logo.png","width":180,"height":180,"caption":"Suno Not\u00edcias"},"image":{"@id":"https:\/\/www.suno.com.br\/noticias\/#\/schema\/logo\/image\/"},"sameAs":["https:\/\/facebook.com\/sunoresearch","https:\/\/x.com\/sunoresearch","https:\/\/www.instagram.com\/suno","https:\/\/www.linkedin.com\/company\/suno-research\/","https:\/\/www.youtube.com\/c\/sunoresearch"]},{"@type":"Person","@id":"https:\/\/www.suno.com.br\/noticias\/#\/schema\/person\/32d4feb215afe4b317d446bb442400dd","name":"Murilo Melo","image":{"@type":"ImageObject","inLanguage":"pt-BR","@id":"https:\/\/www.suno.com.br\/noticias\/#\/schema\/person\/image\/","url":"https:\/\/secure.gravatar.com\/avatar\/af7a693198b592028493c0e8b0583d4f?s=96&r=g","contentUrl":"https:\/\/secure.gravatar.com\/avatar\/af7a693198b592028493c0e8b0583d4f?s=96&r=g","caption":"Murilo Melo"},"description":"\u00c9 um jornalista e letr\u00f3logo com vasta experi\u00eancia em economia, finan\u00e7as e mercado. J\u00e1 foi rep\u00f3rter de jornais, revistas e sites noticiosos como A Tarde, Correio e Folha de S.Paulo. No Suno Not\u00edcias, escreve sobre neg\u00f3cios","url":"https:\/\/www.suno.com.br\/noticias\/author\/murilomelo-jornalismogmail-com\/"}]}},"default_loop_html":"<div class=\"cardsPage__listCard__boxs\"><div class=\"cardsPage__listCard__boxs__img\"><a href=\"https:\/\/www.suno.com.br\/noticias\/telefonica-vivt3-dividendos-pagamento-valor-acao-mm\/\"><img class=\"mask\" src=\"https:\/\/www.suno.com.br\/noticias\/wp-content\/themes\/suno\/resources\/images\/spotlight\/spotlight1img\/bg-mask.png\" alt=\"Image Mask\"\/><img src=\"https:\/\/files.sunoresearch.com.br\/n\/uploads\/2021\/02\/2ad2106d-1200px-telefonica01-400x200.webp\" alt=\"Telef\u00f4nica (VIVT3), dona da Vivo, anuncia pagamento de R$ 380 milh\u00f5es em dividendos; veja o valor por a\u00e7\u00e3o\"\/><\/a><span class=\"spotlightCategory\"><a href=\"https:\/\/www.suno.com.br\/noticias\/negocios\/\">Neg\u00f3cios<\/a><\/span><\/div><div class=\"cardsPage__listCard__boxs__content\"><a href=\"https:\/\/www.suno.com.br\/noticias\/telefonica-vivt3-dividendos-pagamento-valor-acao-mm\/\"><h2 class=\"content__title\">Telef\u00f4nica (VIVT3), dona da Vivo, anuncia pagamento de R$ 380 milh\u00f5es em dividendos; veja o valor por a\u00e7\u00e3o<\/h2><\/a><div class=\"newsContent__article__meta\"><div class=\"newsContent__article__meta__authorBox\"><a href=\"https:\/\/www.suno.com.br\/noticias\/author\/murilomelo-jornalismogmail-com\/\" class=\"authorBox__avatar noMobi\"><img src=\"https:\/\/files.sunoresearch.com.br\/n\/uploads\/2024\/02\/Murilo_Melo_Jornalista-e1708476456132-150x150.jpeg\" alt=\"Murilo Melo\"><\/a><div class=\"authorBox__name\"><span>por\n\t\t\t<a href=\"https:\/\/www.suno.com.br\/noticias\/author\/murilomelo-jornalismogmail-com\/\"><span itemprop=\"author\">Murilo Melo<\/span><\/a><\/span><time datetime=\"2024-04-16T19:52:23-03:00\" itemprop=\"datePublished\">16\/04\/2024 19:52<\/time><\/div><\/div><\/div><\/div><\/div>","single_layout":"posts","amp_enabled":true,"_links":{"self":[{"href":"https:\/\/www.suno.com.br\/noticias\/wp-json\/wp\/v2\/posts\/544624"}],"collection":[{"href":"https:\/\/www.suno.com.br\/noticias\/wp-json\/wp\/v2\/posts"}],"about":[{"href":"https:\/\/www.suno.com.br\/noticias\/wp-json\/wp\/v2\/types\/post"}],"author":[{"embeddable":true,"href":"https:\/\/www.suno.com.br\/noticias\/wp-json\/wp\/v2\/users\/345"}],"replies":[{"embeddable":true,"href":"https:\/\/www.suno.com.br\/noticias\/wp-json\/wp\/v2\/comments?post=544624"}],"version-history":[{"count":2,"href":"https:\/\/www.suno.com.br\/noticias\/wp-json\/wp\/v2\/posts\/544624\/revisions"}],"predecessor-version":[{"id":544659,"href":"https:\/\/www.suno.com.br\/noticias\/wp-json\/wp\/v2\/posts\/544624\/revisions\/544659"}],"wp:featuredmedia":[{"embeddable":true,"href":"https:\/\/www.suno.com.br\/noticias\/wp-json\/wp\/v2\/media\/121537"}],"wp:attachment":[{"href":"https:\/\/www.suno.com.br\/noticias\/wp-json\/wp\/v2\/media?parent=544624"}],"wp:term":[{"taxonomy":"category","embeddable":true,"href":"https:\/\/www.suno.com.br\/noticias\/wp-json\/wp\/v2\/categories?post=544624"},{"taxonomy":"post_tag","embeddable":true,"href":"https:\/\/www.suno.com.br\/noticias\/wp-json\/wp\/v2\/tags?post=544624"},{"taxonomy":"suno_strategy","embeddable":true,"href":"https:\/\/www.suno.com.br\/noticias\/wp-json\/wp\/v2\/suno_strategy?post=544624"}],"curies":[{"name":"wp","href":"https:\/\/api.w.org\/{rel}","templated":true}]}}