{"id":544600,"date":"2024-04-16T18:21:30","date_gmt":"2024-04-16T21:21:30","guid":{"rendered":"https:\/\/www.suno.com.br\/noticias\/?p=544600"},"modified":"2024-04-16T20:09:46","modified_gmt":"2024-04-16T23:09:46","slug":"dolar-avanca-161-supera-r-526-fed-risco-fiscal","status":"publish","type":"post","link":"https:\/\/www.suno.com.br\/noticias\/dolar-avanca-161-supera-r-526-fed-risco-fiscal\/","title":{"rendered":"5\u00aa alta seguida: d\u00f3lar dispara 1,61% e vai R$ 5,26, maior cota\u00e7\u00e3o em treze meses"},"content":{"rendered":"<p>O <strong>d\u00f3lar <\/strong>\u00e0 vista encerrou a sess\u00e3o desta ter\u00e7a-feira, 16, em alta de 1,61%, cotado R$ 5,2688, ap\u00f3s ter flertado no fim da manh\u00e3 com o n\u00edvel de R$ 5,29, ao registrar m\u00e1xima a R$ 5,2875. Foi o quinto preg\u00e3o consecutivo de avan\u00e7o da moeda americana, per\u00edodo em que acumulou ganhos de 5,21%. No ano, o d\u00f3lar apresenta valoriza\u00e7\u00e3o de 8,56%. \u00c9 o maior valor do d\u00f3lar desde mar\u00e7o de 2023.<\/p>\t<div class=\"wrapper-featured-image\">\n\t\t<figure class=\"spotlightImg\">\n\n\t\t\t<picture>\n\t\t\t\t<source media=\"(max-width: 768px)\" srcset=\"https:\/\/files.sunoresearch.com.br\/n\/uploads\/2023\/09\/comprar-dolar-cotacao-400x200.jpg\">\n\t\t\t\t<img loading=\"lazy\" decoding=\"async\" class=\"newsContent__article__imgCapa lazyloadDisabled \" src=\"https:\/\/files.sunoresearch.com.br\/n\/uploads\/2023\/09\/comprar-dolar-cotacao-800x450.jpg\" width=\"800\" height=\"450\" alt=\"5\u00aa alta seguida: d\u00f3lar dispara 1,61% e vai R$ 5,26, maior cota\u00e7\u00e3o em treze meses\" fetchpriority=high \/>\n\t\t\t<\/picture>\n\n\t\t\t<figcaption class=\"wp-caption-text wp-caption-text--show\">a\u00e7\u00f5es para investir. Foto: Pexels<\/figcaption>\n\t\t<\/figure>\n\t<\/div>\n\n\n\n\n\n\t<p>\n\t\t<a href=\"\" target=\"_blank\" data-element=\"shortcode-suno-banner\" title=\"Banner SUNO, clique e saiba mais\">\n\t\t\t<picture>\n\t\t\t\t<source media=\"(max-width: 500px)\" srcset=\"\">\n\t\t\t\t<img class=\"newsContent__article__imgCapa newsContent__article__imgCapa--banner\"\n\t\t\t\t\tsrc=\"\"\n\t\t\t\t\tdata-promo-id=\"240038\"\t\t\t\t\t\t\t\t\t\t\t\t\t\t\talt=\"\"\n\t\t\t\t>\n\t\t\t<\/picture>\n\t\t<\/a>\n\t<\/p>\n\n\n\n\n\n\n\n<p>A avalia\u00e7\u00e3o crescente de que h\u00e1 cada vez menos espa\u00e7o para cortes de juros nos EUA neste ano provocou nova rodada de alta das taxa dos Treasuries, castigando divisas emergentes. O real sofre ainda com o aumento da percep\u00e7\u00e3o de risco fiscal dom\u00e9stico ap\u00f3s sinais de eros\u00e3o do arcabou\u00e7o fiscal, que culminaram ontem com an\u00fancio de altera\u00e7\u00e3o de metas de resultado prim\u00e1rio.<\/p>\n\n\n\n<p>Operadores relatam sa\u00edda de recursos da bolsa dom\u00e9stica e aumento da <strong>demanda por d\u00f3lares<\/strong> por parte de estrangeiros no segmento futuro. Mais uma vez, o giro com contrato de <strong>d\u00f3lar futuro<\/strong> para maio foi robusto, acima de US$ 24 bilh\u00f5es. Dados da B3 mostram que ontem o investidor n\u00e3o residente aumentou a posi\u00e7\u00e3o comprada em derivativos cambiais (<a class=\"suno-keyword\" target=\"_blank\" data-force=\"no\" data-priority=\"1\" href=\"https:\/\/www.suno.com.br\/artigos\/dolar-futuro\/\" rel=\"noopener\">d\u00f3lar futuro<\/a>, mini contratos, <a class=\"suno-keyword\" target=\"_blank\" data-force=\"no\" data-priority=\"1\" href=\"https:\/\/www.suno.com.br\/artigos\/cupom-cambial\/\" rel=\"noopener\">cupom cambial<\/a> e swaps) em quase US$ 3 bilh\u00f5es, para cerca de US$ 69 bilh\u00f5es.<\/p>\n\n\n\n\t<div data-element=\"shortcode-read-more\" class=\"readToo\">\n\t\t\t\t<span class=\"readToo__title\">Leia mais<\/span>\n\t\t\t\t<ul class=\"readToo__list\">\n\t\t\t<li><a href=\"https:\/\/www.suno.com.br\/noticias\/dolar-avanca-161-supera-r-526-fed-risco-fiscal\/\">5\u00aa alta seguida: d\u00f3lar dispara 1,61% e vai R$ 5,26, maior cota\u00e7\u00e3o em treze meses<\/a><\/li><li><a href=\"https:\/\/www.suno.com.br\/noticias\/conflito-em-israel-consequencias-economia-brasileira-cpf\/\">D\u00f3lar, Selic, commodities&#8230; Conflito em Israel pode ter 5 consequ\u00eancias para a economia brasileira<\/a><\/li><li><a href=\"https:\/\/www.suno.com.br\/noticias\/itau-itub4-juros-eua-ibovespa-dolar-cpf\/\">EUA s\u00f3 devem cortar juros em setembro, diz Ita\u00fa BBA; analistas apontam impactos no d\u00f3lar, Selic e no Ibovespa<\/a><\/li>\t\t<\/ul>\n\t<\/div>\n\n\n\n\n<p>Temores de escalada do conflito no Oriente M\u00e9dio, com eventual revide de Israel ao Ir\u00e3 ap\u00f3s ataques a solo israelense no fim de semana, contribuem para a busca por d\u00f3lares. No exterior, o <a class=\"suno-keyword\" target=\"_blank\" data-force=\"no\" data-priority=\"1\" href=\"https:\/\/www.suno.com.br\/artigos\/dxy\/\" rel=\"noopener\">\u00edndice DXY<\/a> &#8211; term\u00f4metro do comportamento da moeda americana em rela\u00e7\u00e3o a seis divisas fortes &#8211; operou em leve alta ao longo do dia e chegou a superar os 106,500 pontos.<\/p>\n\n\n\n<p>O real apresentou o segundo pior desempenho entre divisas emergentes. As maiores perdas foram do peso mexicano, em movimento da aparente realiza\u00e7\u00e3o de lucros. At\u00e9 ontem, a divisa mexicana era a \u00fanica moeda emergente relevante que apresentava ganhos em rela\u00e7\u00e3o ao d\u00f3lar no ano.<\/p>\n\n\n\t<p>\n\t\t<a href=\"https:\/\/lp.suno.com.br\/ebook-gratuito-investindo-no-exterior\/\" target=\"_blank\" data-element=\"shortcode-suno-banner\" title=\"Banner SUNO, clique e saiba mais\">\n\t\t\t<picture>\n\t\t\t\t<source media=\"(max-width: 500px)\" srcset=\"https:\/\/files.sunoresearch.com.br\/n\/uploads\/2023\/03\/400x300-Investindo-no-exterior.png\">\n\t\t\t\t<img class=\"newsContent__article__imgCapa newsContent__article__imgCapa--banner\"\n\t\t\t\t\tsrc=\"https:\/\/files.sunoresearch.com.br\/n\/uploads\/2023\/03\/1420x240-Investindo-no-exterior.png\"\n\t\t\t\t\tdata-promo-id=\"383161\"\t\t\t\t\t\t\t\t\t\twidth='1420' height='240'\t\t\t\t\talt=\"https:\/\/files.sunoresearch.com.br\/n\/uploads\/2023\/03\/1420x240-Investindo-no-exterior.png\"\n\t\t\t\t>\n\t\t\t<\/picture>\n\t\t<\/a>\n\t<\/p>\n\n\n\n\n\n<h2 class=\"wp-block-heading\">D\u00f3lar, treasuries e aumento das tens\u00f5es geopol\u00edticas<\/h2>\n\n\n\n<p>&#8220;O aumento das tens\u00f5es geopol\u00edticas, que faz investidores procurarem ativos mais seguros, e essa reprecifica\u00e7\u00e3o do corte de juros nos EUA aumentaram muito a procura pelo d\u00f3lar. E hoje Powell disse que o corte de juros pode vir mais adiante&#8221;, afirma o economista e CIO da Medici Asset, Gustavo Corradi Matos, em refer\u00eancia a declara\u00e7\u00f5es do presidente do Federal Reserve, <a class=\"suno-keyword\" target=\"_blank\" data-force=\"no\" data-priority=\"2\" href=\"https:\/\/www.suno.com.br\/tudo-sobre\/jerome-powell\/\" rel=\"noopener\">Jerome Powell<\/a>, \u00e0 tarde.<\/p>\n\n\n\n<p>As taxas da Treasuries avan\u00e7aram, com o retorno da T-note de 2 anos &#8211; mais ligado \u00e0s expectativas par ao rumo dos juro nos EUA neste ano &#8211; renovando m\u00e1xima (5,007%) justamente em meio \u00e0 fala de Powell. Ferramenta de monitoramento do CME Group mostrou leve aumento das chances de apenas uma redu\u00e7\u00e3o de juros de 25 pontos-base neste ano, para pouco mais de 35%.<\/p>\n\n\n\n<p>Em evento, Powell disse que as leituras recentes de infla\u00e7\u00e3o sugerem que levar\u00e1 mais tempo para que o BC americano adquira confian\u00e7a suficiente para cortar os juros. Dada a &#8220;falta de progresso&#8221; no processo de levar \u00e0 infla\u00e7\u00e3o \u00e0 meta de 2% seria &#8220;apropriado&#8221; manter a <a class=\"suno-keyword\" target=\"_blank\" data-force=\"no\" data-priority=\"1\" href=\"https:\/\/www.suno.com.br\/artigos\/politica-monetaria\/\" rel=\"noopener\">pol\u00edtica monet\u00e1ria<\/a> restritiva por mais tempo.<\/p>\n\n\n\n<p>Matos, da Medici Asset, observa que o movimento global de <strong>fortalecimento do d\u00f3lar <\/strong>se d\u00e1 exatamente no momento em que investidores tendem a pedir mais pr\u00eamios de risco para carregar ativos dom\u00e9sticos, em raz\u00e3o da piora do quadro fiscal. &#8220;O mercado j\u00e1 sabia que haveria mudan\u00e7a da meta, mas h\u00e1 uma rea\u00e7\u00e3o quando a inten\u00e7\u00e3o de mudar se torna realidade. Isso acaba prejudicando o real&#8221;, diz o gestor, que v\u00ea R$ 5,20 como um novo piso para a taxa de c\u00e2mbio.<\/p>\n\n\n\n<p>Em conversa com jornalistas em Washington, onde participa de reuni\u00f5es de primavera do Fundo Monet\u00e1rio Internacional (FMI), o ministro da Fazenda, Fernando Haddad, disse que o ambiente externo explica dois ter\u00e7os do movimento dos ativos brasileiros. &#8220;Tem muita coisa que est\u00e1 fazendo com que o mundo esteja atento ao que est\u00e1 acontecendo nos Estados Unidos e o <strong>d\u00f3lar<\/strong> est\u00e1 se valorizando frente \u00e0s demais moedas&#8221;, disse Haddad, ressaltando que hoje o peso mexicano sofre mais que o real.<\/p>\n\n\n\n<p><em>Com Estad\u00e3o Conte\u00fado<\/em><\/p>\n\n\n\t<p>\n\t\t<a href=\"https:\/\/lp.suno.com.br\/planilha-da-vida-financeira\/\" target=\"_blank\" data-element=\"shortcode-suno-banner\" title=\"Banner SUNO, clique e saiba mais\">\n\t\t\t<picture>\n\t\t\t\t<source media=\"(max-width: 500px)\" srcset=\"https:\/\/files.sunoresearch.com.br\/n\/uploads\/2023\/04\/400x300-Planilha-vida-financeira-true.png\">\n\t\t\t\t<img class=\"newsContent__article__imgCapa newsContent__article__imgCapa--banner\"\n\t\t\t\t\tsrc=\"https:\/\/files.sunoresearch.com.br\/n\/uploads\/2023\/04\/1420x240-Planilha-vida-financeira-true.png\"\n\t\t\t\t\tdata-promo-id=\"383123\"\t\t\t\t\t\t\t\t\t\twidth='1420' height='240'\t\t\t\t\talt=\"https:\/\/files.sunoresearch.com.br\/n\/uploads\/2023\/04\/1420x240-Planilha-vida-financeira-true.png\"\n\t\t\t\t>\n\t\t\t<\/picture>\n\t\t<\/a>\n\t<\/p>\n\n\n","protected":false},"excerpt":{"rendered":"<p>O d\u00f3lar \u00e0 vista encerrou a sess\u00e3o desta ter\u00e7a-feira, 16, em alta de 1,61%, cotado R$ 5,2688, ap\u00f3s ter flertado no fim da manh\u00e3 com o n\u00edvel de R$ 5,29, ao registrar m\u00e1xima a R$ 5,2875. Foi o quinto preg\u00e3o consecutivo de avan\u00e7o da moeda americana, per\u00edodo em que acumulou ganhos de 5,21%. No ano, [&hellip;]<\/p>\n","protected":false},"author":43,"featured_media":455693,"comment_status":"closed","ping_status":"closed","sticky":false,"template":"","format":"standard","meta":[],"categories":[60],"tags":[326,1852],"suno_strategy":[],"class_list":["post-544600","post","type-post","status-publish","format-standard","has-post-thumbnail","hentry","category-mercado","tag-dolar","tag-dolar-futuro"],"yoast_head":"<!-- This site is optimized with the Yoast SEO plugin v24.4 - https:\/\/yoast.com\/wordpress\/plugins\/seo\/ -->\n<title>D\u00f3lar dispara 1,61% e supera R$ 5,26<\/title>\n<meta name=\"description\" content=\"O d\u00f3lar encerrou a sess\u00e3o desta ter\u00e7a-feira, 16, em alta de 1,61%, cotado R$ 5,2688, ap\u00f3s ter flertado no fim da manh\u00e3 com o n\u00edvel de R$ 5,29\" \/>\n<meta name=\"robots\" content=\"index, follow, max-snippet:-1, max-image-preview:large, max-video-preview:-1\" \/>\n<link rel=\"canonical\" href=\"https:\/\/www.suno.com.br\/noticias\/dolar-avanca-161-supera-r-526-fed-risco-fiscal\/\" \/>\n<meta property=\"og:locale\" content=\"pt_BR\" \/>\n<meta property=\"og:type\" content=\"article\" \/>\n<meta property=\"og:title\" content=\"D\u00f3lar dispara 1,61% e supera R$ 5,26\" \/>\n<meta property=\"og:description\" content=\"O d\u00f3lar encerrou a sess\u00e3o desta ter\u00e7a-feira, 16, em alta de 1,61%, cotado R$ 5,2688, ap\u00f3s ter flertado no fim da manh\u00e3 com o n\u00edvel de R$ 5,29\" \/>\n<meta property=\"og:url\" content=\"https:\/\/www.suno.com.br\/noticias\/dolar-avanca-161-supera-r-526-fed-risco-fiscal\/\" \/>\n<meta property=\"og:site_name\" content=\"Suno Not\u00edcias\" \/>\n<meta property=\"article:publisher\" content=\"https:\/\/facebook.com\/sunoresearch\" \/>\n<meta property=\"article:author\" content=\"https:\/\/www.facebook.com\/sunonoticias\/\" \/>\n<meta property=\"og:image\" content=\"https:\/\/files.sunoresearch.com.br\/n\/uploads\/2023\/09\/comprar-dolar-cotacao.jpg\" \/>\n\t<meta property=\"og:image:width\" content=\"1200\" \/>\n\t<meta property=\"og:image:height\" content=\"800\" \/>\n\t<meta property=\"og:image:type\" content=\"image\/jpeg\" \/>\n<meta name=\"author\" content=\"Reda\u00e7\u00e3o Suno Not\u00edcias\" \/>\n<meta name=\"twitter:card\" content=\"summary_large_image\" \/>\n<meta name=\"twitter:creator\" content=\"@https:\/\/twitter.com\/sunoresearch\" \/>\n<meta name=\"twitter:site\" content=\"@sunoresearch\" \/>\n<meta name=\"twitter:label1\" content=\"Escrito por\" \/>\n\t<meta name=\"twitter:data1\" content=\"Reda\u00e7\u00e3o Suno Not\u00edcias\" \/>\n\t<meta name=\"twitter:label2\" content=\"Est. tempo de leitura\" \/>\n\t<meta name=\"twitter:data2\" content=\"4 minutos\" \/>\n<script type=\"application\/ld+json\" class=\"yoast-schema-graph\">{\"@context\":\"https:\/\/schema.org\",\"@graph\":[{\"@type\":\"NewsArticle\",\"@id\":\"https:\/\/www.suno.com.br\/noticias\/dolar-avanca-161-supera-r-526-fed-risco-fiscal\/#article\",\"isPartOf\":{\"@id\":\"https:\/\/www.suno.com.br\/noticias\/dolar-avanca-161-supera-r-526-fed-risco-fiscal\/\"},\"author\":{\"name\":\"Reda\u00e7\u00e3o Suno Not\u00edcias\",\"@id\":\"https:\/\/www.suno.com.br\/noticias\/#\/schema\/person\/c1b1bd3727fa852bd045e9dbff3673ea\"},\"headline\":\"5\u00aa alta seguida: d\u00f3lar dispara 1,61% e vai R$ 5,26, maior cota\u00e7\u00e3o em treze meses\",\"datePublished\":\"2024-04-16T21:21:30+00:00\",\"dateModified\":\"2024-04-16T23:09:46+00:00\",\"mainEntityOfPage\":{\"@id\":\"https:\/\/www.suno.com.br\/noticias\/dolar-avanca-161-supera-r-526-fed-risco-fiscal\/\"},\"wordCount\":738,\"publisher\":{\"@id\":\"https:\/\/www.suno.com.br\/noticias\/#organization\"},\"image\":{\"@id\":\"https:\/\/www.suno.com.br\/noticias\/dolar-avanca-161-supera-r-526-fed-risco-fiscal\/#primaryimage\"},\"thumbnailUrl\":\"https:\/\/files.sunoresearch.com.br\/n\/uploads\/2023\/09\/comprar-dolar-cotacao.jpg\",\"keywords\":[\"d\u00f3lar\",\"d\u00f3lar futuro\"],\"articleSection\":[\"Mercado\"],\"inLanguage\":\"pt-BR\"},{\"@type\":\"WebPage\",\"@id\":\"https:\/\/www.suno.com.br\/noticias\/dolar-avanca-161-supera-r-526-fed-risco-fiscal\/\",\"url\":\"https:\/\/www.suno.com.br\/noticias\/dolar-avanca-161-supera-r-526-fed-risco-fiscal\/\",\"name\":\"D\u00f3lar dispara 1,61% e supera R$ 5,26\",\"isPartOf\":{\"@id\":\"https:\/\/www.suno.com.br\/noticias\/#website\"},\"primaryImageOfPage\":{\"@id\":\"https:\/\/www.suno.com.br\/noticias\/dolar-avanca-161-supera-r-526-fed-risco-fiscal\/#primaryimage\"},\"image\":{\"@id\":\"https:\/\/www.suno.com.br\/noticias\/dolar-avanca-161-supera-r-526-fed-risco-fiscal\/#primaryimage\"},\"thumbnailUrl\":\"https:\/\/files.sunoresearch.com.br\/n\/uploads\/2023\/09\/comprar-dolar-cotacao.jpg\",\"datePublished\":\"2024-04-16T21:21:30+00:00\",\"dateModified\":\"2024-04-16T23:09:46+00:00\",\"description\":\"O d\u00f3lar encerrou a sess\u00e3o desta ter\u00e7a-feira, 16, em alta de 1,61%, cotado R$ 5,2688, ap\u00f3s ter flertado no fim da manh\u00e3 com o n\u00edvel de R$ 5,29\",\"breadcrumb\":{\"@id\":\"https:\/\/www.suno.com.br\/noticias\/dolar-avanca-161-supera-r-526-fed-risco-fiscal\/#breadcrumb\"},\"inLanguage\":\"pt-BR\",\"potentialAction\":[{\"@type\":\"ReadAction\",\"target\":[\"https:\/\/www.suno.com.br\/noticias\/dolar-avanca-161-supera-r-526-fed-risco-fiscal\/\"]}]},{\"@type\":\"ImageObject\",\"inLanguage\":\"pt-BR\",\"@id\":\"https:\/\/www.suno.com.br\/noticias\/dolar-avanca-161-supera-r-526-fed-risco-fiscal\/#primaryimage\",\"url\":\"https:\/\/files.sunoresearch.com.br\/n\/uploads\/2023\/09\/comprar-dolar-cotacao.jpg\",\"contentUrl\":\"https:\/\/files.sunoresearch.com.br\/n\/uploads\/2023\/09\/comprar-dolar-cotacao.jpg\",\"width\":1200,\"height\":800,\"caption\":\"a\u00e7\u00f5es para investir. Foto: Pexels\"},{\"@type\":\"BreadcrumbList\",\"@id\":\"https:\/\/www.suno.com.br\/noticias\/dolar-avanca-161-supera-r-526-fed-risco-fiscal\/#breadcrumb\",\"itemListElement\":[{\"@type\":\"ListItem\",\"position\":1,\"name\":\"Not\u00edcias\",\"item\":\"https:\/\/www.suno.com.br\/noticias\/\"},{\"@type\":\"ListItem\",\"position\":2,\"name\":\"Mercado\",\"item\":\"https:\/\/www.suno.com.br\/noticias\/mercado\/\"},{\"@type\":\"ListItem\",\"position\":3,\"name\":\"5\u00aa alta seguida: d\u00f3lar dispara 1,61% e vai R$ 5,26, maior cota\u00e7\u00e3o em treze meses\"}]},{\"@type\":\"WebSite\",\"@id\":\"https:\/\/www.suno.com.br\/noticias\/#website\",\"url\":\"https:\/\/www.suno.com.br\/noticias\/\",\"name\":\"Suno Not\u00edcias\",\"description\":\"Seu portal de informa\u00e7\u00e3o sobre o mundo dos investimentos\",\"publisher\":{\"@id\":\"https:\/\/www.suno.com.br\/noticias\/#organization\"},\"potentialAction\":[{\"@type\":\"SearchAction\",\"target\":{\"@type\":\"EntryPoint\",\"urlTemplate\":\"https:\/\/www.suno.com.br\/noticias\/?s={search_term_string}\"},\"query-input\":{\"@type\":\"PropertyValueSpecification\",\"valueRequired\":true,\"valueName\":\"search_term_string\"}}],\"inLanguage\":\"pt-BR\"},{\"@type\":\"Organization\",\"@id\":\"https:\/\/www.suno.com.br\/noticias\/#organization\",\"name\":\"Suno Not\u00edcias\",\"url\":\"https:\/\/www.suno.com.br\/noticias\/\",\"logo\":{\"@type\":\"ImageObject\",\"inLanguage\":\"pt-BR\",\"@id\":\"https:\/\/www.suno.com.br\/noticias\/#\/schema\/logo\/image\/\",\"url\":\"https:\/\/files.sunoresearch.com.br\/n\/uploads\/2021\/09\/suno-logo.png\",\"contentUrl\":\"https:\/\/files.sunoresearch.com.br\/n\/uploads\/2021\/09\/suno-logo.png\",\"width\":180,\"height\":180,\"caption\":\"Suno Not\u00edcias\"},\"image\":{\"@id\":\"https:\/\/www.suno.com.br\/noticias\/#\/schema\/logo\/image\/\"},\"sameAs\":[\"https:\/\/facebook.com\/sunoresearch\",\"https:\/\/x.com\/sunoresearch\",\"https:\/\/www.instagram.com\/suno\",\"https:\/\/www.linkedin.com\/company\/suno-research\/\",\"https:\/\/www.youtube.com\/c\/sunoresearch\"]},{\"@type\":\"Person\",\"@id\":\"https:\/\/www.suno.com.br\/noticias\/#\/schema\/person\/c1b1bd3727fa852bd045e9dbff3673ea\",\"name\":\"Reda\u00e7\u00e3o Suno Not\u00edcias\",\"image\":{\"@type\":\"ImageObject\",\"inLanguage\":\"pt-BR\",\"@id\":\"https:\/\/www.suno.com.br\/noticias\/#\/schema\/person\/image\/\",\"url\":\"https:\/\/secure.gravatar.com\/avatar\/b8104b9b5a71985d5238ee59fbe418af?s=96&r=g\",\"contentUrl\":\"https:\/\/secure.gravatar.com\/avatar\/b8104b9b5a71985d5238ee59fbe418af?s=96&r=g\",\"caption\":\"Reda\u00e7\u00e3o Suno Not\u00edcias\"},\"description\":\"O Suno Not\u00edcias \u00e9 um portal de informa\u00e7\u00f5es sobre Mercado Financeiro, Pol\u00edtica, Neg\u00f3cios, Economia e Finan\u00e7as Pessoais.\",\"sameAs\":[\"https:\/\/www.suno.com.br\/noticias\",\"https:\/\/www.facebook.com\/sunonoticias\/\",\"https:\/\/www.instagram.com\/sunonoticias\/\",\"https:\/\/x.com\/https:\/\/twitter.com\/sunoresearch\",\"https:\/\/www.youtube.com\/sunonoticias\"],\"url\":\"https:\/\/www.suno.com.br\/noticias\/author\/redacao-suno\/\"}]}<\/script>\n<!-- \/ Yoast SEO plugin. -->","yoast_head_json":{"title":"D\u00f3lar dispara 1,61% e supera R$ 5,26","description":"O d\u00f3lar encerrou a sess\u00e3o desta ter\u00e7a-feira, 16, em alta de 1,61%, cotado R$ 5,2688, ap\u00f3s ter flertado no fim da manh\u00e3 com o n\u00edvel de R$ 5,29","robots":{"index":"index","follow":"follow","max-snippet":"max-snippet:-1","max-image-preview":"max-image-preview:large","max-video-preview":"max-video-preview:-1"},"canonical":"https:\/\/www.suno.com.br\/noticias\/dolar-avanca-161-supera-r-526-fed-risco-fiscal\/","og_locale":"pt_BR","og_type":"article","og_title":"D\u00f3lar dispara 1,61% e supera R$ 5,26","og_description":"O d\u00f3lar encerrou a sess\u00e3o desta ter\u00e7a-feira, 16, em alta de 1,61%, cotado R$ 5,2688, ap\u00f3s ter flertado no fim da manh\u00e3 com o n\u00edvel de R$ 5,29","og_url":"https:\/\/www.suno.com.br\/noticias\/dolar-avanca-161-supera-r-526-fed-risco-fiscal\/","og_site_name":"Suno Not\u00edcias","article_publisher":"https:\/\/facebook.com\/sunoresearch","article_author":"https:\/\/www.facebook.com\/sunonoticias\/","og_image":[{"width":1200,"height":800,"url":"https:\/\/files.sunoresearch.com.br\/n\/uploads\/2023\/09\/comprar-dolar-cotacao.jpg","type":"image\/jpeg"}],"author":"Reda\u00e7\u00e3o Suno Not\u00edcias","twitter_card":"summary_large_image","twitter_creator":"@https:\/\/twitter.com\/sunoresearch","twitter_site":"@sunoresearch","twitter_misc":{"Escrito por":"Reda\u00e7\u00e3o Suno Not\u00edcias","Est. tempo de leitura":"4 minutos"},"schema":{"@context":"https:\/\/schema.org","@graph":[{"@type":"NewsArticle","@id":"https:\/\/www.suno.com.br\/noticias\/dolar-avanca-161-supera-r-526-fed-risco-fiscal\/#article","isPartOf":{"@id":"https:\/\/www.suno.com.br\/noticias\/dolar-avanca-161-supera-r-526-fed-risco-fiscal\/"},"author":{"name":"Reda\u00e7\u00e3o Suno Not\u00edcias","@id":"https:\/\/www.suno.com.br\/noticias\/#\/schema\/person\/c1b1bd3727fa852bd045e9dbff3673ea"},"headline":"5\u00aa alta seguida: d\u00f3lar dispara 1,61% e vai R$ 5,26, maior cota\u00e7\u00e3o em treze meses","datePublished":"2024-04-16T21:21:30+00:00","dateModified":"2024-04-16T23:09:46+00:00","mainEntityOfPage":{"@id":"https:\/\/www.suno.com.br\/noticias\/dolar-avanca-161-supera-r-526-fed-risco-fiscal\/"},"wordCount":738,"publisher":{"@id":"https:\/\/www.suno.com.br\/noticias\/#organization"},"image":{"@id":"https:\/\/www.suno.com.br\/noticias\/dolar-avanca-161-supera-r-526-fed-risco-fiscal\/#primaryimage"},"thumbnailUrl":"https:\/\/files.sunoresearch.com.br\/n\/uploads\/2023\/09\/comprar-dolar-cotacao.jpg","keywords":["d\u00f3lar","d\u00f3lar futuro"],"articleSection":["Mercado"],"inLanguage":"pt-BR"},{"@type":"WebPage","@id":"https:\/\/www.suno.com.br\/noticias\/dolar-avanca-161-supera-r-526-fed-risco-fiscal\/","url":"https:\/\/www.suno.com.br\/noticias\/dolar-avanca-161-supera-r-526-fed-risco-fiscal\/","name":"D\u00f3lar dispara 1,61% e supera R$ 5,26","isPartOf":{"@id":"https:\/\/www.suno.com.br\/noticias\/#website"},"primaryImageOfPage":{"@id":"https:\/\/www.suno.com.br\/noticias\/dolar-avanca-161-supera-r-526-fed-risco-fiscal\/#primaryimage"},"image":{"@id":"https:\/\/www.suno.com.br\/noticias\/dolar-avanca-161-supera-r-526-fed-risco-fiscal\/#primaryimage"},"thumbnailUrl":"https:\/\/files.sunoresearch.com.br\/n\/uploads\/2023\/09\/comprar-dolar-cotacao.jpg","datePublished":"2024-04-16T21:21:30+00:00","dateModified":"2024-04-16T23:09:46+00:00","description":"O d\u00f3lar encerrou a sess\u00e3o desta ter\u00e7a-feira, 16, em alta de 1,61%, cotado R$ 5,2688, ap\u00f3s ter flertado no fim da manh\u00e3 com o n\u00edvel de R$ 5,29","breadcrumb":{"@id":"https:\/\/www.suno.com.br\/noticias\/dolar-avanca-161-supera-r-526-fed-risco-fiscal\/#breadcrumb"},"inLanguage":"pt-BR","potentialAction":[{"@type":"ReadAction","target":["https:\/\/www.suno.com.br\/noticias\/dolar-avanca-161-supera-r-526-fed-risco-fiscal\/"]}]},{"@type":"ImageObject","inLanguage":"pt-BR","@id":"https:\/\/www.suno.com.br\/noticias\/dolar-avanca-161-supera-r-526-fed-risco-fiscal\/#primaryimage","url":"https:\/\/files.sunoresearch.com.br\/n\/uploads\/2023\/09\/comprar-dolar-cotacao.jpg","contentUrl":"https:\/\/files.sunoresearch.com.br\/n\/uploads\/2023\/09\/comprar-dolar-cotacao.jpg","width":1200,"height":800,"caption":"a\u00e7\u00f5es para investir. Foto: Pexels"},{"@type":"BreadcrumbList","@id":"https:\/\/www.suno.com.br\/noticias\/dolar-avanca-161-supera-r-526-fed-risco-fiscal\/#breadcrumb","itemListElement":[{"@type":"ListItem","position":1,"name":"Not\u00edcias","item":"https:\/\/www.suno.com.br\/noticias\/"},{"@type":"ListItem","position":2,"name":"Mercado","item":"https:\/\/www.suno.com.br\/noticias\/mercado\/"},{"@type":"ListItem","position":3,"name":"5\u00aa alta seguida: d\u00f3lar dispara 1,61% e vai R$ 5,26, maior cota\u00e7\u00e3o em treze meses"}]},{"@type":"WebSite","@id":"https:\/\/www.suno.com.br\/noticias\/#website","url":"https:\/\/www.suno.com.br\/noticias\/","name":"Suno Not\u00edcias","description":"Seu portal de informa\u00e7\u00e3o sobre o mundo dos investimentos","publisher":{"@id":"https:\/\/www.suno.com.br\/noticias\/#organization"},"potentialAction":[{"@type":"SearchAction","target":{"@type":"EntryPoint","urlTemplate":"https:\/\/www.suno.com.br\/noticias\/?s={search_term_string}"},"query-input":{"@type":"PropertyValueSpecification","valueRequired":true,"valueName":"search_term_string"}}],"inLanguage":"pt-BR"},{"@type":"Organization","@id":"https:\/\/www.suno.com.br\/noticias\/#organization","name":"Suno Not\u00edcias","url":"https:\/\/www.suno.com.br\/noticias\/","logo":{"@type":"ImageObject","inLanguage":"pt-BR","@id":"https:\/\/www.suno.com.br\/noticias\/#\/schema\/logo\/image\/","url":"https:\/\/files.sunoresearch.com.br\/n\/uploads\/2021\/09\/suno-logo.png","contentUrl":"https:\/\/files.sunoresearch.com.br\/n\/uploads\/2021\/09\/suno-logo.png","width":180,"height":180,"caption":"Suno Not\u00edcias"},"image":{"@id":"https:\/\/www.suno.com.br\/noticias\/#\/schema\/logo\/image\/"},"sameAs":["https:\/\/facebook.com\/sunoresearch","https:\/\/x.com\/sunoresearch","https:\/\/www.instagram.com\/suno","https:\/\/www.linkedin.com\/company\/suno-research\/","https:\/\/www.youtube.com\/c\/sunoresearch"]},{"@type":"Person","@id":"https:\/\/www.suno.com.br\/noticias\/#\/schema\/person\/c1b1bd3727fa852bd045e9dbff3673ea","name":"Reda\u00e7\u00e3o Suno Not\u00edcias","image":{"@type":"ImageObject","inLanguage":"pt-BR","@id":"https:\/\/www.suno.com.br\/noticias\/#\/schema\/person\/image\/","url":"https:\/\/secure.gravatar.com\/avatar\/b8104b9b5a71985d5238ee59fbe418af?s=96&r=g","contentUrl":"https:\/\/secure.gravatar.com\/avatar\/b8104b9b5a71985d5238ee59fbe418af?s=96&r=g","caption":"Reda\u00e7\u00e3o Suno Not\u00edcias"},"description":"O Suno Not\u00edcias \u00e9 um portal de informa\u00e7\u00f5es sobre Mercado Financeiro, Pol\u00edtica, Neg\u00f3cios, Economia e Finan\u00e7as Pessoais.","sameAs":["https:\/\/www.suno.com.br\/noticias","https:\/\/www.facebook.com\/sunonoticias\/","https:\/\/www.instagram.com\/sunonoticias\/","https:\/\/x.com\/https:\/\/twitter.com\/sunoresearch","https:\/\/www.youtube.com\/sunonoticias"],"url":"https:\/\/www.suno.com.br\/noticias\/author\/redacao-suno\/"}]}},"default_loop_html":"<div class=\"cardsPage__listCard__boxs\"><div class=\"cardsPage__listCard__boxs__img\"><a href=\"https:\/\/www.suno.com.br\/noticias\/dolar-avanca-161-supera-r-526-fed-risco-fiscal\/\"><img class=\"mask\" src=\"https:\/\/www.suno.com.br\/noticias\/wp-content\/themes\/suno\/resources\/images\/spotlight\/spotlight1img\/bg-mask.png\" alt=\"Image Mask\"\/><img src=\"https:\/\/files.sunoresearch.com.br\/n\/uploads\/2023\/09\/comprar-dolar-cotacao-400x200.jpg\" alt=\"5\u00aa alta seguida: d\u00f3lar dispara 1,61% e vai R$ 5,26, maior cota\u00e7\u00e3o em treze meses\"\/><\/a><span class=\"spotlightCategory\"><a href=\"https:\/\/www.suno.com.br\/noticias\/mercado\/\">Mercado<\/a><\/span><\/div><div class=\"cardsPage__listCard__boxs__content\"><a href=\"https:\/\/www.suno.com.br\/noticias\/dolar-avanca-161-supera-r-526-fed-risco-fiscal\/\"><h2 class=\"content__title\">5\u00aa alta seguida: d\u00f3lar dispara 1,61% e vai R$ 5,26, maior cota\u00e7\u00e3o em treze meses<\/h2><\/a><div class=\"newsContent__article__meta\"><div class=\"newsContent__article__meta__authorBox\"><a href=\"https:\/\/www.suno.com.br\/noticias\/author\/camila-figueiredosuno-com-br\/\" class=\"authorBox__avatar noMobi\"><img src=\"https:\/\/files.sunoresearch.com.br\/n\/uploads\/2024\/05\/camila-paim-square-150x150.jpg\" alt=\"Camila Paim\"><\/a><div class=\"authorBox__name\"><span>por\n\t\t\t<a href=\"https:\/\/www.suno.com.br\/noticias\/author\/camila-figueiredosuno-com-br\/\"><span itemprop=\"author\">Camila Paim<\/span><\/a><\/span><time datetime=\"2024-04-16T18:21:30-03:00\" itemprop=\"datePublished\">16\/04\/2024 18:21<\/time><\/div><\/div><\/div><\/div><\/div>","single_layout":"posts","amp_enabled":true,"_links":{"self":[{"href":"https:\/\/www.suno.com.br\/noticias\/wp-json\/wp\/v2\/posts\/544600"}],"collection":[{"href":"https:\/\/www.suno.com.br\/noticias\/wp-json\/wp\/v2\/posts"}],"about":[{"href":"https:\/\/www.suno.com.br\/noticias\/wp-json\/wp\/v2\/types\/post"}],"author":[{"embeddable":true,"href":"https:\/\/www.suno.com.br\/noticias\/wp-json\/wp\/v2\/users\/43"}],"replies":[{"embeddable":true,"href":"https:\/\/www.suno.com.br\/noticias\/wp-json\/wp\/v2\/comments?post=544600"}],"version-history":[{"count":3,"href":"https:\/\/www.suno.com.br\/noticias\/wp-json\/wp\/v2\/posts\/544600\/revisions"}],"predecessor-version":[{"id":544663,"href":"https:\/\/www.suno.com.br\/noticias\/wp-json\/wp\/v2\/posts\/544600\/revisions\/544663"}],"wp:featuredmedia":[{"embeddable":true,"href":"https:\/\/www.suno.com.br\/noticias\/wp-json\/wp\/v2\/media\/455693"}],"wp:attachment":[{"href":"https:\/\/www.suno.com.br\/noticias\/wp-json\/wp\/v2\/media?parent=544600"}],"wp:term":[{"taxonomy":"category","embeddable":true,"href":"https:\/\/www.suno.com.br\/noticias\/wp-json\/wp\/v2\/categories?post=544600"},{"taxonomy":"post_tag","embeddable":true,"href":"https:\/\/www.suno.com.br\/noticias\/wp-json\/wp\/v2\/tags?post=544600"},{"taxonomy":"suno_strategy","embeddable":true,"href":"https:\/\/www.suno.com.br\/noticias\/wp-json\/wp\/v2\/suno_strategy?post=544600"}],"curies":[{"name":"wp","href":"https:\/\/api.w.org\/{rel}","templated":true}]}}