{"id":544562,"date":"2024-04-16T21:06:55","date_gmt":"2024-04-17T00:06:55","guid":{"rendered":"https:\/\/www.suno.com.br\/noticias\/?p=544562"},"modified":"2024-04-16T21:15:28","modified_gmt":"2024-04-17T00:15:28","slug":"b3-b3sa3-analistas-projetam-1t24-abaixo-esperado-va","status":"publish","type":"post","link":"https:\/\/www.suno.com.br\/noticias\/b3-b3sa3-analistas-projetam-1t24-abaixo-esperado-va\/","title":{"rendered":"B3 (B3SA3): analistas preveem balan\u00e7o do 1T24 abaixo do esperado, mas mant\u00eam otimismo para o segundo semestre. Veja por qu\u00ea"},"content":{"rendered":"<p>O volume financeiro m\u00e9dio negociado na<strong> B3 (B3SA3)<\/strong> no segmento de a\u00e7\u00f5es apresentou uma queda de 7,2% em mar\u00e7o deste ano em compara\u00e7\u00e3o com fevereiro, totalizando um montante de R$ 24,558 bilh\u00f5es. Para os analistas da XP, a pr\u00e9via de mar\u00e7o veio pior do que o esperado. O balan\u00e7o do tamb\u00e9m deve frustrar a expectativa de aumento nos volumes m\u00e9dios negociados em 2024.<\/p>\t<div class=\"wrapper-featured-image\">\n\t\t<figure class=\"spotlightImg\">\n\n\t\t\t<picture>\n\t\t\t\t<source media=\"(max-width: 768px)\" srcset=\"https:\/\/files.sunoresearch.com.br\/n\/uploads\/2023\/05\/b3-logotipo-400x200.jpg\">\n\t\t\t\t<img loading=\"lazy\" decoding=\"async\" class=\"newsContent__article__imgCapa lazyloadDisabled \" src=\"https:\/\/files.sunoresearch.com.br\/n\/uploads\/2023\/05\/b3-logotipo-800x450.jpg\" width=\"800\" height=\"450\" alt=\"B3 (B3SA3): analistas preveem balan\u00e7o do 1T24 abaixo do esperado, mas mant\u00eam otimismo para o segundo semestre. Veja por qu\u00ea\" fetchpriority=high \/>\n\t\t\t<\/picture>\n\n\t\t\t<figcaption class=\"wp-caption-text wp-caption-text--show\">B3 (B3SA3). Foto: iStock<\/figcaption>\n\t\t<\/figure>\n\t<\/div>\n\n\n\n\n\n\t<p>\n\t\t<a href=\"https:\/\/lp.suno.com.br\/planilha-da-vida-financeira\/\" target=\"_blank\" data-element=\"shortcode-suno-banner\" title=\"Banner SUNO, clique e saiba mais\">\n\t\t\t<picture>\n\t\t\t\t<source media=\"(max-width: 500px)\" srcset=\"https:\/\/files.sunoresearch.com.br\/n\/uploads\/2023\/04\/400x300-Planilha-vida-financeira-true.png\">\n\t\t\t\t<img class=\"newsContent__article__imgCapa newsContent__article__imgCapa--banner\"\n\t\t\t\t\tsrc=\"https:\/\/files.sunoresearch.com.br\/n\/uploads\/2023\/04\/1420x240-Planilha-vida-financeira-true.png\"\n\t\t\t\t\tdata-promo-id=\"106682\"\t\t\t\t\t\t\t\t\t\twidth='1420' height='240'\t\t\t\t\talt=\"https:\/\/files.sunoresearch.com.br\/n\/uploads\/2023\/04\/1420x240-Planilha-vida-financeira-true.png\"\n\t\t\t\t>\n\t\t\t<\/picture>\n\t\t<\/a>\n\t<\/p>\n\n\n\n\n\n<p>\u201cOs <strong>resultados operacionais da B3<\/strong> divulgados em mar\u00e7o indicam que o primeiro trimestre continua a apresentar volumes fracos. Isso deve levar a n\u00fameros ruins no <strong>1T24 da B3<\/strong>. De modo geral, ainda esperamos uma atividade mais aquecida para os mercados de capitais no segundo semestre com uma Selic mais baixa\u201d, afirma a XP.\u00a0<\/p>\n\n\n\n<p>No <a class=\"suno-keyword\" data-force=\"no\" data-priority=\"1\" href=\"https:\/\/www.suno.com.br\/artigos\/curto-prazo\/\" target=\"_blank\" rel=\"noopener\">curto prazo<\/a>, a XP n\u00e3o v\u00ea nenhum gatilho para as <strong>a\u00e7\u00e3o da B3<\/strong>, mantendo uma vis\u00e3o conservadora para a empresa que administra a Bolsa de Valores, com recomenda\u00e7\u00e3o neutra e pre\u00e7o-alvo de R$ 16.\u00a0Os <strong>pap\u00e9is da B3<\/strong> s\u00e3o negociados hoje a R$ 11,33.<\/p>\n\n\n\n<p>Na mesma linha, o Safra avalia que as perspectivas de maior velocidade de giro parecem distantes, considerando a baixa atividade nos <strong>mercados de capitais <\/strong>globalmente, e um ADTV (\u201cvolume m\u00e9dio di\u00e1rio de negocia\u00e7\u00e3o\u201d na sigla em ingl\u00eas) mais forte devem depender mais de um aumento no <a class=\"suno-keyword\" data-force=\"no\" data-priority=\"1\" href=\"https:\/\/www.suno.com.br\/artigos\/valor-de-mercado\/\" target=\"_blank\" rel=\"noopener\">valor de mercado<\/a> das empresas listadas.\u00a0<\/p>\n\n\n\n<p>\u201cAssim, esperamos outro conjunto de resultados fracos para o 1T24.\u00a0 No geral, os n\u00fameros de mar\u00e7o ficaram ligeiramente abaixo de nossas estimativas. Esperamos que a <a class=\"suno-keyword\" data-force=\"no\" data-priority=\"1\" href=\"https:\/\/www.suno.com.br\/artigos\/o-que-receita-liquida\/\" target=\"_blank\" rel=\"noopener\">receita l\u00edquida<\/a> total decline 2% em rela\u00e7\u00e3o ao trimestre anterior e permane\u00e7a est\u00e1vel em rela\u00e7\u00e3o ao ano anterior, em R$ 2,2 bilh\u00f5es, o que representa 3% abaixo de nossa previs\u00e3o oficial\u201d, afirma o Safra que ainda\u00a0recomenda compra das <strong>a\u00e7\u00f5es da B3<\/strong>, com pre\u00e7o-alvo de R$ 17.\u00a0<\/p>\n\n\n\n<p>Embora o momentum dos lucros deva permanecer fraco no primeiro semestre de 2024, o Goldman Sachs mant\u00e9m recomenda\u00e7\u00e3o de compra para B3, pois espera\u00a0um aumento nos volumes de negocia\u00e7\u00e3o no segundo semestre do ano, apoiado por novos cortes de juros e um cen\u00e1rio macro mais benigno.\u00a0<\/p>\n\n\n\n<p>\u201cTamb\u00e9m vemos a empresa sendo negociada a 13,3x P\/E, bem abaixo dos m\u00faltiplos de 20x e 25x negociados nos \u00faltimos dois ciclos de flexibiliza\u00e7\u00e3o e 40% abaixo dos pares internacionais\u201d, destacam os analistas do Sachs.&nbsp;<\/p>\n\n\n\n\t<div data-element=\"shortcode-read-more\" class=\"readToo\">\n\t\t\t\t<span class=\"readToo__title\">Leia mais<\/span>\n\t\t\t\t<ul class=\"readToo__list\">\n\t\t\t<li><a href=\"https:\/\/www.suno.com.br\/noticias\/nubank-roxo34-investir-milhoes-mexico-cpf\/\">Nubank (ROXO34) vai investir R$ 525 milh\u00f5es em unidade no M\u00e9xico<\/a><\/li><li><a href=\"https:\/\/www.suno.com.br\/noticias\/banco-do-brasil-bbas3-lucrar-bilhoes-safra-evm\/\">Banco do Brasil (BBAS3) deve lucrar R$ 9,4 bilh\u00f5es, mas Safra mant\u00e9m cautela; entenda<\/a><\/li>\t\t<\/ul>\n\t<\/div>\n\n\n\n\n<h2 class=\"wp-block-heading\">B3: volume m\u00e9dio di\u00e1rio no mercado de a\u00e7\u00f5es cai 5,6%<\/h2>\n\n\n\n<p>O <strong>volume financeiro m\u00e9dio negociado na<\/strong>&nbsp;<strong>B3<\/strong> no segmento de a\u00e7\u00f5es apresentou uma queda de 7,2% em mar\u00e7o deste ano em compara\u00e7\u00e3o com fevereiro, totalizando um montante de R$ 24,558 bilh\u00f5es. Em rela\u00e7\u00e3o ao mesmo per\u00edodo do ano anterior, a queda foi de 5,6%.<\/p>\n\n\n\n<p>Apesar da&nbsp;<strong>queda no volume financeiro na B3<\/strong>, a empresa encerrou o m\u00eas com 5,938 milh\u00f5es de contas na deposit\u00e1ria, registrando um avan\u00e7o de 0,6% em 12 meses. O n\u00famero de investidores individuais atingiu 5,094 milh\u00f5es, representando um aumento de 0,6%. A quantidade de empresas listadas permaneceu est\u00e1vel em 443.<\/p>\n\n\n\n<p>A&nbsp;<strong>capitaliza\u00e7\u00e3o m\u00e9dia de mercado da B3<\/strong>&nbsp;estava em R$ 4,586 trilh\u00f5es, apresentando uma queda de 1,3% em rela\u00e7\u00e3o ao mesmo per\u00edodo do ano anterior.<\/p>\n\n\n\n<p>No segmento de futuros, que engloba juros, moedas e mercadorias, o volume m\u00e9dio di\u00e1rio registrou um aumento de 15,3% na base anual, atingindo R$ 7,287 bilh\u00f5es. Por outro lado, a receita m\u00e9dia por contrato apresentou uma queda de 4,4% em rela\u00e7\u00e3o ao ano anterior.<\/p>\n\n\n\n<p>No&nbsp;<a href=\"https:\/\/www.suno.com.br\/artigos\/mercado-balcao\/\" target=\"_blank\" rel=\"noreferrer noopener\">mercado de balc\u00e3o<\/a>, as novas emiss\u00f5es de renda fixa da&nbsp;<strong>B3&nbsp;<\/strong>aumentaram 7,2% na compara\u00e7\u00e3o anual, totalizando R$ 1,382 trilh\u00e3o. No entanto, o estoque apresentou uma leve queda de 0,1%, ficando em R$ 6,244 trilh\u00f5es.<\/p>\n\n\n\t<p>\n\t\t<a href=\"https:\/\/lp.suno.com.br\/ebook-como-analisar-uma-acao\/\" target=\"_blank\" data-element=\"shortcode-suno-banner\" title=\"Banner SUNO, clique e saiba mais\">\n\t\t\t<picture>\n\t\t\t\t<source media=\"(max-width: 500px)\" srcset=\"https:\/\/files.sunoresearch.com.br\/n\/uploads\/2023\/03\/Ebook-Acoes-Mobile.jpg\">\n\t\t\t\t<img class=\"newsContent__article__imgCapa newsContent__article__imgCapa--banner\"\n\t\t\t\t\tsrc=\"https:\/\/files.sunoresearch.com.br\/n\/uploads\/2023\/03\/Ebook-Acoes-Desktop.jpg\"\n\t\t\t\t\tdata-promo-id=\"378302\"\t\t\t\t\t\t\t\t\t\twidth='1420' height='286'\t\t\t\t\talt=\"https:\/\/files.sunoresearch.com.br\/n\/uploads\/2023\/03\/Ebook-Acoes-Desktop.jpg\"\n\t\t\t\t>\n\t\t\t<\/picture>\n\t\t<\/a>\n\t<\/p>\n\n\n\n\n\n<h2 class=\"wp-block-heading\">Lucro da B3 cai 8,8% no 4T23<\/h2>\n\n\n\n<p>No quarto trimestre do ano passado (4T23), a&nbsp;<strong>B3 registrou uma queda de 8,8% no lucro<\/strong>, que totalizou R$ 915,5 milh\u00f5es. Fatores como a redu\u00e7\u00e3o da receita e o aumento das despesas, especialmente relacionadas ao processamento de dados, contribu\u00edram para esse resultado, conforme balan\u00e7o da empresa.<\/p>\n\n\n\n<p>A receita da operadora da bolsa caiu 2,8%, alcan\u00e7ando R$ 2,24 bilh\u00f5es, refletindo uma movimenta\u00e7\u00e3o mais fraca no mercado acion\u00e1rio, que impactou negativamente o segmento listado.<\/p>\n\n\n\n<p>Esse segmento, que corresponde a quase 57% da <strong>receita total da<\/strong>&nbsp;<strong>B3<\/strong>, engloba n\u00e3o apenas a\u00e7\u00f5es, mas tamb\u00e9m instrumentos de <a class=\"suno-keyword\" target=\"_blank\" data-force=\"no\" data-priority=\"2\" href=\"https:\/\/www.suno.com.br\/artigos\/renda-variavel-7-dicas\/\" rel=\"noopener\">renda vari\u00e1vel<\/a>, juros, moedas e mercadorias. A queda de 13,5% na receita desse segmento n\u00e3o p\u00f4de ser compensada pelo aumento na receita de outros segmentos de atua\u00e7\u00e3o, como balc\u00e3o e tecnologia, dados e servi\u00e7os.<\/p>\n\n\n\n<h2 class=\"wp-block-heading\">Cota\u00e7\u00e3o <\/h2>\n\n\n\n<p>Nesta ter\u00e7a-feira (16), as a\u00e7\u00f5es da<strong> B3<\/strong> ca\u00edram 1,33%, cotadas em R$ 11,33. <\/p>\n\n\n\n\n\t<p>\n\t\t<a href=\"https:\/\/lp.suno.com.br\/planilha-da-vida-financeira\/\" target=\"_blank\" data-element=\"shortcode-suno-banner\" title=\"Banner SUNO, clique e saiba mais\">\n\t\t\t<picture>\n\t\t\t\t<source media=\"(max-width: 500px)\" srcset=\"https:\/\/files.sunoresearch.com.br\/n\/uploads\/2023\/04\/400x300-Planilha-vida-financeira-true.png\">\n\t\t\t\t<img class=\"newsContent__article__imgCapa newsContent__article__imgCapa--banner\"\n\t\t\t\t\tsrc=\"https:\/\/files.sunoresearch.com.br\/n\/uploads\/2023\/04\/1420x240-Planilha-vida-financeira-true.png\"\n\t\t\t\t\tdata-promo-id=\"383123\"\t\t\t\t\t\t\t\t\t\twidth='1420' height='240'\t\t\t\t\talt=\"https:\/\/files.sunoresearch.com.br\/n\/uploads\/2023\/04\/1420x240-Planilha-vida-financeira-true.png\"\n\t\t\t\t>\n\t\t\t<\/picture>\n\t\t<\/a>\n\t<\/p>\n\n\n","protected":false},"excerpt":{"rendered":"<p>O volume financeiro m\u00e9dio negociado na B3 (B3SA3) no segmento de a\u00e7\u00f5es apresentou uma queda de 7,2% em mar\u00e7o deste ano em compara\u00e7\u00e3o com fevereiro, totalizando um montante de R$ 24,558 bilh\u00f5es. Para os analistas da XP, a pr\u00e9via de mar\u00e7o veio pior do que o esperado. O balan\u00e7o do tamb\u00e9m deve frustrar a expectativa [&hellip;]<\/p>\n","protected":false},"author":301,"featured_media":406488,"comment_status":"closed","ping_status":"closed","sticky":false,"template":"","format":"standard","meta":[],"categories":[64],"tags":[367],"suno_strategy":[],"class_list":["post-544562","post","type-post","status-publish","format-standard","has-post-thumbnail","hentry","category-negocios","tag-b3-b3sa3"],"yoast_head":"<!-- This site is optimized with the Yoast SEO plugin v24.4 - https:\/\/yoast.com\/wordpress\/plugins\/seo\/ -->\n<title>B3 (B3SA3): analistas projetam 1T24 abaixo do esperado<\/title>\n<meta name=\"description\" content=\"O volume financeiro m\u00e9dio negociado na B3 no segmento de a\u00e7\u00f5es apresentou uma queda de 7,2% em mar\u00e7o deste ano.\" \/>\n<meta name=\"robots\" content=\"index, follow, max-snippet:-1, max-image-preview:large, max-video-preview:-1\" \/>\n<link rel=\"canonical\" href=\"https:\/\/www.suno.com.br\/noticias\/b3-b3sa3-analistas-projetam-1t24-abaixo-esperado-va\/\" \/>\n<meta property=\"og:locale\" content=\"pt_BR\" \/>\n<meta property=\"og:type\" content=\"article\" \/>\n<meta property=\"og:title\" content=\"B3 (B3SA3): analistas projetam 1T24 abaixo do esperado\" \/>\n<meta property=\"og:description\" content=\"O volume financeiro m\u00e9dio negociado na B3 no segmento de a\u00e7\u00f5es apresentou uma queda de 7,2% em mar\u00e7o deste ano.\" \/>\n<meta property=\"og:url\" content=\"https:\/\/www.suno.com.br\/noticias\/b3-b3sa3-analistas-projetam-1t24-abaixo-esperado-va\/\" \/>\n<meta property=\"og:site_name\" content=\"Suno Not\u00edcias\" \/>\n<meta property=\"article:publisher\" content=\"https:\/\/facebook.com\/sunoresearch\" \/>\n<meta property=\"og:image\" content=\"https:\/\/files.sunoresearch.com.br\/n\/uploads\/2023\/05\/b3-logotipo.jpg\" \/>\n\t<meta property=\"og:image:width\" content=\"1200\" \/>\n\t<meta property=\"og:image:height\" content=\"800\" \/>\n\t<meta property=\"og:image:type\" content=\"image\/jpeg\" \/>\n<meta name=\"author\" content=\"Vin\u00edcius Alves\" \/>\n<meta name=\"twitter:card\" content=\"summary_large_image\" \/>\n<meta name=\"twitter:creator\" content=\"@sunoresearch\" \/>\n<meta name=\"twitter:site\" content=\"@sunoresearch\" \/>\n<meta name=\"twitter:label1\" content=\"Escrito por\" \/>\n\t<meta name=\"twitter:data1\" content=\"Vin\u00edcius Alves\" \/>\n\t<meta name=\"twitter:label2\" content=\"Est. tempo de leitura\" \/>\n\t<meta name=\"twitter:data2\" content=\"5 minutos\" \/>\n<script type=\"application\/ld+json\" class=\"yoast-schema-graph\">{\"@context\":\"https:\/\/schema.org\",\"@graph\":[{\"@type\":\"NewsArticle\",\"@id\":\"https:\/\/www.suno.com.br\/noticias\/b3-b3sa3-analistas-projetam-1t24-abaixo-esperado-va\/#article\",\"isPartOf\":{\"@id\":\"https:\/\/www.suno.com.br\/noticias\/b3-b3sa3-analistas-projetam-1t24-abaixo-esperado-va\/\"},\"author\":{\"name\":\"Vin\u00edcius Alves\",\"@id\":\"https:\/\/www.suno.com.br\/noticias\/#\/schema\/person\/4a180549702d0e236b3e420862bcded3\"},\"headline\":\"B3 (B3SA3): analistas preveem balan\u00e7o do 1T24 abaixo do esperado, mas mant\u00eam otimismo para o segundo semestre. Veja por qu\u00ea\",\"datePublished\":\"2024-04-17T00:06:55+00:00\",\"dateModified\":\"2024-04-17T00:15:28+00:00\",\"mainEntityOfPage\":{\"@id\":\"https:\/\/www.suno.com.br\/noticias\/b3-b3sa3-analistas-projetam-1t24-abaixo-esperado-va\/\"},\"wordCount\":821,\"publisher\":{\"@id\":\"https:\/\/www.suno.com.br\/noticias\/#organization\"},\"image\":{\"@id\":\"https:\/\/www.suno.com.br\/noticias\/b3-b3sa3-analistas-projetam-1t24-abaixo-esperado-va\/#primaryimage\"},\"thumbnailUrl\":\"https:\/\/files.sunoresearch.com.br\/n\/uploads\/2023\/05\/b3-logotipo.jpg\",\"keywords\":[\"B3 (B3SA3)\"],\"articleSection\":[\"Neg\u00f3cios\"],\"inLanguage\":\"pt-BR\"},{\"@type\":\"WebPage\",\"@id\":\"https:\/\/www.suno.com.br\/noticias\/b3-b3sa3-analistas-projetam-1t24-abaixo-esperado-va\/\",\"url\":\"https:\/\/www.suno.com.br\/noticias\/b3-b3sa3-analistas-projetam-1t24-abaixo-esperado-va\/\",\"name\":\"B3 (B3SA3): analistas projetam 1T24 abaixo do esperado\",\"isPartOf\":{\"@id\":\"https:\/\/www.suno.com.br\/noticias\/#website\"},\"primaryImageOfPage\":{\"@id\":\"https:\/\/www.suno.com.br\/noticias\/b3-b3sa3-analistas-projetam-1t24-abaixo-esperado-va\/#primaryimage\"},\"image\":{\"@id\":\"https:\/\/www.suno.com.br\/noticias\/b3-b3sa3-analistas-projetam-1t24-abaixo-esperado-va\/#primaryimage\"},\"thumbnailUrl\":\"https:\/\/files.sunoresearch.com.br\/n\/uploads\/2023\/05\/b3-logotipo.jpg\",\"datePublished\":\"2024-04-17T00:06:55+00:00\",\"dateModified\":\"2024-04-17T00:15:28+00:00\",\"description\":\"O volume financeiro m\u00e9dio negociado na B3 no segmento de a\u00e7\u00f5es apresentou uma queda de 7,2% em mar\u00e7o deste ano.\",\"breadcrumb\":{\"@id\":\"https:\/\/www.suno.com.br\/noticias\/b3-b3sa3-analistas-projetam-1t24-abaixo-esperado-va\/#breadcrumb\"},\"inLanguage\":\"pt-BR\",\"potentialAction\":[{\"@type\":\"ReadAction\",\"target\":[\"https:\/\/www.suno.com.br\/noticias\/b3-b3sa3-analistas-projetam-1t24-abaixo-esperado-va\/\"]}]},{\"@type\":\"ImageObject\",\"inLanguage\":\"pt-BR\",\"@id\":\"https:\/\/www.suno.com.br\/noticias\/b3-b3sa3-analistas-projetam-1t24-abaixo-esperado-va\/#primaryimage\",\"url\":\"https:\/\/files.sunoresearch.com.br\/n\/uploads\/2023\/05\/b3-logotipo.jpg\",\"contentUrl\":\"https:\/\/files.sunoresearch.com.br\/n\/uploads\/2023\/05\/b3-logotipo.jpg\",\"width\":1200,\"height\":800,\"caption\":\"B3 (B3SA3). Foto: iStock\"},{\"@type\":\"BreadcrumbList\",\"@id\":\"https:\/\/www.suno.com.br\/noticias\/b3-b3sa3-analistas-projetam-1t24-abaixo-esperado-va\/#breadcrumb\",\"itemListElement\":[{\"@type\":\"ListItem\",\"position\":1,\"name\":\"Not\u00edcias\",\"item\":\"https:\/\/www.suno.com.br\/noticias\/\"},{\"@type\":\"ListItem\",\"position\":2,\"name\":\"Neg\u00f3cios\",\"item\":\"https:\/\/www.suno.com.br\/noticias\/negocios\/\"},{\"@type\":\"ListItem\",\"position\":3,\"name\":\"B3 (B3SA3): analistas preveem balan\u00e7o do 1T24 abaixo do esperado, mas mant\u00eam otimismo para o segundo semestre. Veja por qu\u00ea\"}]},{\"@type\":\"WebSite\",\"@id\":\"https:\/\/www.suno.com.br\/noticias\/#website\",\"url\":\"https:\/\/www.suno.com.br\/noticias\/\",\"name\":\"Suno Not\u00edcias\",\"description\":\"Seu portal de informa\u00e7\u00e3o sobre o mundo dos investimentos\",\"publisher\":{\"@id\":\"https:\/\/www.suno.com.br\/noticias\/#organization\"},\"potentialAction\":[{\"@type\":\"SearchAction\",\"target\":{\"@type\":\"EntryPoint\",\"urlTemplate\":\"https:\/\/www.suno.com.br\/noticias\/?s={search_term_string}\"},\"query-input\":{\"@type\":\"PropertyValueSpecification\",\"valueRequired\":true,\"valueName\":\"search_term_string\"}}],\"inLanguage\":\"pt-BR\"},{\"@type\":\"Organization\",\"@id\":\"https:\/\/www.suno.com.br\/noticias\/#organization\",\"name\":\"Suno Not\u00edcias\",\"url\":\"https:\/\/www.suno.com.br\/noticias\/\",\"logo\":{\"@type\":\"ImageObject\",\"inLanguage\":\"pt-BR\",\"@id\":\"https:\/\/www.suno.com.br\/noticias\/#\/schema\/logo\/image\/\",\"url\":\"https:\/\/files.sunoresearch.com.br\/n\/uploads\/2021\/09\/suno-logo.png\",\"contentUrl\":\"https:\/\/files.sunoresearch.com.br\/n\/uploads\/2021\/09\/suno-logo.png\",\"width\":180,\"height\":180,\"caption\":\"Suno Not\u00edcias\"},\"image\":{\"@id\":\"https:\/\/www.suno.com.br\/noticias\/#\/schema\/logo\/image\/\"},\"sameAs\":[\"https:\/\/facebook.com\/sunoresearch\",\"https:\/\/x.com\/sunoresearch\",\"https:\/\/www.instagram.com\/suno\",\"https:\/\/www.linkedin.com\/company\/suno-research\/\",\"https:\/\/www.youtube.com\/c\/sunoresearch\"]},{\"@type\":\"Person\",\"@id\":\"https:\/\/www.suno.com.br\/noticias\/#\/schema\/person\/4a180549702d0e236b3e420862bcded3\",\"name\":\"Vin\u00edcius Alves\",\"image\":{\"@type\":\"ImageObject\",\"inLanguage\":\"pt-BR\",\"@id\":\"https:\/\/www.suno.com.br\/noticias\/#\/schema\/person\/image\/\",\"url\":\"https:\/\/secure.gravatar.com\/avatar\/a95b7fe6d1b813f7907d4f476d5a39e1?s=96&r=g\",\"contentUrl\":\"https:\/\/secure.gravatar.com\/avatar\/a95b7fe6d1b813f7907d4f476d5a39e1?s=96&r=g\",\"caption\":\"Vin\u00edcius Alves\"},\"description\":\"Jornalista formado na Faculdade C\u00e1sper L\u00edbero. Com passagens pela Ag\u00eancia Estado, InfoMoney e Editora Globo.\",\"url\":\"https:\/\/www.suno.com.br\/noticias\/author\/vini08correiagmail-com\/\"}]}<\/script>\n<!-- \/ Yoast SEO plugin. -->","yoast_head_json":{"title":"B3 (B3SA3): analistas projetam 1T24 abaixo do esperado","description":"O volume financeiro m\u00e9dio negociado na B3 no segmento de a\u00e7\u00f5es apresentou uma queda de 7,2% em mar\u00e7o deste ano.","robots":{"index":"index","follow":"follow","max-snippet":"max-snippet:-1","max-image-preview":"max-image-preview:large","max-video-preview":"max-video-preview:-1"},"canonical":"https:\/\/www.suno.com.br\/noticias\/b3-b3sa3-analistas-projetam-1t24-abaixo-esperado-va\/","og_locale":"pt_BR","og_type":"article","og_title":"B3 (B3SA3): analistas projetam 1T24 abaixo do esperado","og_description":"O volume financeiro m\u00e9dio negociado na B3 no segmento de a\u00e7\u00f5es apresentou uma queda de 7,2% em mar\u00e7o deste ano.","og_url":"https:\/\/www.suno.com.br\/noticias\/b3-b3sa3-analistas-projetam-1t24-abaixo-esperado-va\/","og_site_name":"Suno Not\u00edcias","article_publisher":"https:\/\/facebook.com\/sunoresearch","og_image":[{"width":1200,"height":800,"url":"https:\/\/files.sunoresearch.com.br\/n\/uploads\/2023\/05\/b3-logotipo.jpg","type":"image\/jpeg"}],"author":"Vin\u00edcius Alves","twitter_card":"summary_large_image","twitter_creator":"@sunoresearch","twitter_site":"@sunoresearch","twitter_misc":{"Escrito por":"Vin\u00edcius Alves","Est. tempo de leitura":"5 minutos"},"schema":{"@context":"https:\/\/schema.org","@graph":[{"@type":"NewsArticle","@id":"https:\/\/www.suno.com.br\/noticias\/b3-b3sa3-analistas-projetam-1t24-abaixo-esperado-va\/#article","isPartOf":{"@id":"https:\/\/www.suno.com.br\/noticias\/b3-b3sa3-analistas-projetam-1t24-abaixo-esperado-va\/"},"author":{"name":"Vin\u00edcius Alves","@id":"https:\/\/www.suno.com.br\/noticias\/#\/schema\/person\/4a180549702d0e236b3e420862bcded3"},"headline":"B3 (B3SA3): analistas preveem balan\u00e7o do 1T24 abaixo do esperado, mas mant\u00eam otimismo para o segundo semestre. Veja por qu\u00ea","datePublished":"2024-04-17T00:06:55+00:00","dateModified":"2024-04-17T00:15:28+00:00","mainEntityOfPage":{"@id":"https:\/\/www.suno.com.br\/noticias\/b3-b3sa3-analistas-projetam-1t24-abaixo-esperado-va\/"},"wordCount":821,"publisher":{"@id":"https:\/\/www.suno.com.br\/noticias\/#organization"},"image":{"@id":"https:\/\/www.suno.com.br\/noticias\/b3-b3sa3-analistas-projetam-1t24-abaixo-esperado-va\/#primaryimage"},"thumbnailUrl":"https:\/\/files.sunoresearch.com.br\/n\/uploads\/2023\/05\/b3-logotipo.jpg","keywords":["B3 (B3SA3)"],"articleSection":["Neg\u00f3cios"],"inLanguage":"pt-BR"},{"@type":"WebPage","@id":"https:\/\/www.suno.com.br\/noticias\/b3-b3sa3-analistas-projetam-1t24-abaixo-esperado-va\/","url":"https:\/\/www.suno.com.br\/noticias\/b3-b3sa3-analistas-projetam-1t24-abaixo-esperado-va\/","name":"B3 (B3SA3): analistas projetam 1T24 abaixo do esperado","isPartOf":{"@id":"https:\/\/www.suno.com.br\/noticias\/#website"},"primaryImageOfPage":{"@id":"https:\/\/www.suno.com.br\/noticias\/b3-b3sa3-analistas-projetam-1t24-abaixo-esperado-va\/#primaryimage"},"image":{"@id":"https:\/\/www.suno.com.br\/noticias\/b3-b3sa3-analistas-projetam-1t24-abaixo-esperado-va\/#primaryimage"},"thumbnailUrl":"https:\/\/files.sunoresearch.com.br\/n\/uploads\/2023\/05\/b3-logotipo.jpg","datePublished":"2024-04-17T00:06:55+00:00","dateModified":"2024-04-17T00:15:28+00:00","description":"O volume financeiro m\u00e9dio negociado na B3 no segmento de a\u00e7\u00f5es apresentou uma queda de 7,2% em mar\u00e7o deste ano.","breadcrumb":{"@id":"https:\/\/www.suno.com.br\/noticias\/b3-b3sa3-analistas-projetam-1t24-abaixo-esperado-va\/#breadcrumb"},"inLanguage":"pt-BR","potentialAction":[{"@type":"ReadAction","target":["https:\/\/www.suno.com.br\/noticias\/b3-b3sa3-analistas-projetam-1t24-abaixo-esperado-va\/"]}]},{"@type":"ImageObject","inLanguage":"pt-BR","@id":"https:\/\/www.suno.com.br\/noticias\/b3-b3sa3-analistas-projetam-1t24-abaixo-esperado-va\/#primaryimage","url":"https:\/\/files.sunoresearch.com.br\/n\/uploads\/2023\/05\/b3-logotipo.jpg","contentUrl":"https:\/\/files.sunoresearch.com.br\/n\/uploads\/2023\/05\/b3-logotipo.jpg","width":1200,"height":800,"caption":"B3 (B3SA3). Foto: iStock"},{"@type":"BreadcrumbList","@id":"https:\/\/www.suno.com.br\/noticias\/b3-b3sa3-analistas-projetam-1t24-abaixo-esperado-va\/#breadcrumb","itemListElement":[{"@type":"ListItem","position":1,"name":"Not\u00edcias","item":"https:\/\/www.suno.com.br\/noticias\/"},{"@type":"ListItem","position":2,"name":"Neg\u00f3cios","item":"https:\/\/www.suno.com.br\/noticias\/negocios\/"},{"@type":"ListItem","position":3,"name":"B3 (B3SA3): analistas preveem balan\u00e7o do 1T24 abaixo do esperado, mas mant\u00eam otimismo para o segundo semestre. Veja por qu\u00ea"}]},{"@type":"WebSite","@id":"https:\/\/www.suno.com.br\/noticias\/#website","url":"https:\/\/www.suno.com.br\/noticias\/","name":"Suno Not\u00edcias","description":"Seu portal de informa\u00e7\u00e3o sobre o mundo dos investimentos","publisher":{"@id":"https:\/\/www.suno.com.br\/noticias\/#organization"},"potentialAction":[{"@type":"SearchAction","target":{"@type":"EntryPoint","urlTemplate":"https:\/\/www.suno.com.br\/noticias\/?s={search_term_string}"},"query-input":{"@type":"PropertyValueSpecification","valueRequired":true,"valueName":"search_term_string"}}],"inLanguage":"pt-BR"},{"@type":"Organization","@id":"https:\/\/www.suno.com.br\/noticias\/#organization","name":"Suno Not\u00edcias","url":"https:\/\/www.suno.com.br\/noticias\/","logo":{"@type":"ImageObject","inLanguage":"pt-BR","@id":"https:\/\/www.suno.com.br\/noticias\/#\/schema\/logo\/image\/","url":"https:\/\/files.sunoresearch.com.br\/n\/uploads\/2021\/09\/suno-logo.png","contentUrl":"https:\/\/files.sunoresearch.com.br\/n\/uploads\/2021\/09\/suno-logo.png","width":180,"height":180,"caption":"Suno Not\u00edcias"},"image":{"@id":"https:\/\/www.suno.com.br\/noticias\/#\/schema\/logo\/image\/"},"sameAs":["https:\/\/facebook.com\/sunoresearch","https:\/\/x.com\/sunoresearch","https:\/\/www.instagram.com\/suno","https:\/\/www.linkedin.com\/company\/suno-research\/","https:\/\/www.youtube.com\/c\/sunoresearch"]},{"@type":"Person","@id":"https:\/\/www.suno.com.br\/noticias\/#\/schema\/person\/4a180549702d0e236b3e420862bcded3","name":"Vin\u00edcius Alves","image":{"@type":"ImageObject","inLanguage":"pt-BR","@id":"https:\/\/www.suno.com.br\/noticias\/#\/schema\/person\/image\/","url":"https:\/\/secure.gravatar.com\/avatar\/a95b7fe6d1b813f7907d4f476d5a39e1?s=96&r=g","contentUrl":"https:\/\/secure.gravatar.com\/avatar\/a95b7fe6d1b813f7907d4f476d5a39e1?s=96&r=g","caption":"Vin\u00edcius Alves"},"description":"Jornalista formado na Faculdade C\u00e1sper L\u00edbero. Com passagens pela Ag\u00eancia Estado, InfoMoney e Editora Globo.","url":"https:\/\/www.suno.com.br\/noticias\/author\/vini08correiagmail-com\/"}]}},"default_loop_html":"<div class=\"cardsPage__listCard__boxs\"><div class=\"cardsPage__listCard__boxs__img\"><a href=\"https:\/\/www.suno.com.br\/noticias\/b3-b3sa3-analistas-projetam-1t24-abaixo-esperado-va\/\"><img class=\"mask\" src=\"https:\/\/www.suno.com.br\/noticias\/wp-content\/themes\/suno\/resources\/images\/spotlight\/spotlight1img\/bg-mask.png\" alt=\"Image Mask\"\/><img src=\"https:\/\/files.sunoresearch.com.br\/n\/uploads\/2023\/05\/b3-logotipo-400x200.jpg\" alt=\"B3 (B3SA3): analistas preveem balan\u00e7o do 1T24 abaixo do esperado, mas mant\u00eam otimismo para o segundo semestre. Veja por qu\u00ea\"\/><\/a><span class=\"spotlightCategory\"><a href=\"https:\/\/www.suno.com.br\/noticias\/negocios\/\">Neg\u00f3cios<\/a><\/span><\/div><div class=\"cardsPage__listCard__boxs__content\"><a href=\"https:\/\/www.suno.com.br\/noticias\/b3-b3sa3-analistas-projetam-1t24-abaixo-esperado-va\/\"><h2 class=\"content__title\">B3 (B3SA3): analistas preveem balan\u00e7o do 1T24 abaixo do esperado, mas mant\u00eam otimismo para o segundo semestre. Veja por qu\u00ea<\/h2><\/a><div class=\"newsContent__article__meta\"><div class=\"newsContent__article__meta__authorBox\"><a href=\"https:\/\/www.suno.com.br\/noticias\/author\/eduardo-vargas\/\" class=\"authorBox__avatar noMobi\"><img src=\"https:\/\/secure.gravatar.com\/avatar\/dac340933427a22924c9f99d1eb2e3f2?s=96&#038;r=g\" alt=\"Eduardo Vargas\"><\/a><div class=\"authorBox__name\"><span>por\n\t\t\t<a href=\"https:\/\/www.suno.com.br\/noticias\/author\/eduardo-vargas\/\"><span itemprop=\"author\">Eduardo Vargas<\/span><\/a><\/span><time datetime=\"2024-04-16T21:06:55-03:00\" itemprop=\"datePublished\">16\/04\/2024 21:06<\/time><\/div><\/div><\/div><\/div><\/div>","single_layout":"posts","amp_enabled":true,"_links":{"self":[{"href":"https:\/\/www.suno.com.br\/noticias\/wp-json\/wp\/v2\/posts\/544562"}],"collection":[{"href":"https:\/\/www.suno.com.br\/noticias\/wp-json\/wp\/v2\/posts"}],"about":[{"href":"https:\/\/www.suno.com.br\/noticias\/wp-json\/wp\/v2\/types\/post"}],"author":[{"embeddable":true,"href":"https:\/\/www.suno.com.br\/noticias\/wp-json\/wp\/v2\/users\/301"}],"replies":[{"embeddable":true,"href":"https:\/\/www.suno.com.br\/noticias\/wp-json\/wp\/v2\/comments?post=544562"}],"version-history":[{"count":2,"href":"https:\/\/www.suno.com.br\/noticias\/wp-json\/wp\/v2\/posts\/544562\/revisions"}],"predecessor-version":[{"id":544695,"href":"https:\/\/www.suno.com.br\/noticias\/wp-json\/wp\/v2\/posts\/544562\/revisions\/544695"}],"wp:featuredmedia":[{"embeddable":true,"href":"https:\/\/www.suno.com.br\/noticias\/wp-json\/wp\/v2\/media\/406488"}],"wp:attachment":[{"href":"https:\/\/www.suno.com.br\/noticias\/wp-json\/wp\/v2\/media?parent=544562"}],"wp:term":[{"taxonomy":"category","embeddable":true,"href":"https:\/\/www.suno.com.br\/noticias\/wp-json\/wp\/v2\/categories?post=544562"},{"taxonomy":"post_tag","embeddable":true,"href":"https:\/\/www.suno.com.br\/noticias\/wp-json\/wp\/v2\/tags?post=544562"},{"taxonomy":"suno_strategy","embeddable":true,"href":"https:\/\/www.suno.com.br\/noticias\/wp-json\/wp\/v2\/suno_strategy?post=544562"}],"curies":[{"name":"wp","href":"https:\/\/api.w.org\/{rel}","templated":true}]}}