{"id":544450,"date":"2024-04-16T12:58:56","date_gmt":"2024-04-16T15:58:56","guid":{"rendered":"https:\/\/www.suno.com.br\/noticias\/?p=544450"},"modified":"2024-04-16T12:59:53","modified_gmt":"2024-04-16T15:59:53","slug":"arcabouco-fiscal-tebet-mudanca-regra-evm","status":"publish","type":"post","link":"https:\/\/www.suno.com.br\/noticias\/arcabouco-fiscal-tebet-mudanca-regra-evm\/","title":{"rendered":"Arcabou\u00e7o Fiscal: Tebet nega mudan\u00e7a na regra"},"content":{"rendered":"<p>A ministra do Planejamento e Or\u00e7amento, <a href=\"https:\/\/www.suno.com.br\/noticias\/petrobras-petr4-simone-tebet-interferencia-governo-gpj\/\">Simone Tebet<\/a>, voltou a defender nesta ter\u00e7a (16) em entrevista \u00e0 Globonews, que a mudan\u00e7a das metas fiscais a partir de 2025 n\u00e3o significam uma altera\u00e7\u00e3o da lei do novo <strong>arcabou\u00e7o fiscal<\/strong>. <\/p><div class=\"videoFull \">\n\t\t\t<div class=\"videoWrapper yt-lazyload center\"\n\t\t\t\tdata-width=\"960\"\n\t\t\t\tdata-height=\"540\"\n\t\t\t\tdata-id=\"T8FCXiRVmwI\"\n\t\t\t\tdata-alt=\"V\u00eddeo do YouTube - clique para reproduzir\"\n\t\t\t\tdata-logo=\"3\"\n\t\t\t\tdata-imagequality=\"maxres\">\n\t\t\t<\/div>\n\t\t<\/div><script type=\"application\/ld+json\">{\"@context\":\"https:\/\/schema.org\",\"@type\":\"VideoObject\",\"name\":\"\ud83d\udd34PRESIDENTE DO CONSELHO DA PETROBRAS (PETR4) SUSPENSO | Ibovespa cai | Recorde no agro\",\"description\":\"#mercadofinanceiro #a\u00e7\u00f5es #investimentos #bolsadevalores #ibovespa #dinheiro #finan\u00e7as #pol\u00edtica #d\u00f3lar #livedas19h #petr4 #petr3 #petrobras #vale3 #vale #a\u00e7\u00f5es #economia #dividendos #min\u00e9riodeferro #min\u00e9rio #petr\u00f3leo #commodities #proventos #jcp #statusinvest #statusalpha #governo #lula #ceo #presidente #agro #agroneg\u00f3cio \ud83d\udd34\ud83d\udccaINVISTA MELHOR COM STATUS ALPHA: https:\/\/lp.statusinvest.com.br\/ao\/status-alpha\/?utm_source=youtube.noticias&utm_medium=live 00:00 In\u00edcio do v\u00eddeo 01:36 Fechamento de preg\u00e3o 03:50 CEO da Petrobras ironiza crise 05:30 Presidente do\u2026\",\"duration\":\"PT20M11S\",\"embedUrl\":\"https:\/\/www.youtube.com\/embed\/T8FCXiRVmwI\",\"regionsAllowed\":\"en-US\",\"interactionStatistic\":{\"@type\":\"InteractionCounter\",\"interactionType\":{\"@type\":\"WatchAction\"},\"userInteractionCount\":8165},\"thumbnailUrl\":\"https:\/\/i.ytimg.com\/vi\/T8FCXiRVmwI\/default.jpg\",\"uploadDate\":\"2024-04-12T22:30:12Z\"}<\/script>\n\n\n\n\n\t<p>\n\t\t<a href=\"\" target=\"_blank\" data-element=\"shortcode-suno-banner\" title=\"Banner SUNO, clique e saiba mais\">\n\t\t\t<picture>\n\t\t\t\t<source media=\"(max-width: 500px)\" srcset=\"\">\n\t\t\t\t<img class=\"newsContent__article__imgCapa newsContent__article__imgCapa--banner\"\n\t\t\t\t\tsrc=\"\"\n\t\t\t\t\tdata-promo-id=\"240038\"\t\t\t\t\t\t\t\t\t\t\t\t\t\t\talt=\"\"\n\t\t\t\t>\n\t\t\t<\/picture>\n\t\t<\/a>\n\t<\/p>\n\n\n\n\n\n\n\n<p>Ela refor\u00e7ou que &#8220;n\u00e3o passa pela cabe\u00e7a&#8221; da equipe econ\u00f4mica alterar o que ela considera como &#8220;as duas travas principais&#8221; e o &#8220;mantra&#8221; do arcabou\u00e7o fiscal: as defini\u00e7\u00f5es de que o governo poder\u00e1 aumentar o gastos na propor\u00e7\u00e3o de at\u00e9 70% do crescimento das receitas, mas desde que seja respeitado o limite de 2,5% de alta real dos gastos.<\/p>\n\n\n\n<p>&#8220;Ainda que a PLDO <i>[Projeto de Lei de Diretrizes Or\u00e7ament\u00e1rias]<\/i> fa\u00e7a parte do arcabou\u00e7o, n\u00f3s n\u00e3o mudamos a <strong>lei do arcabou\u00e7o <\/strong>e nem vamos mudar. Porque sabemos do impacto nocivo disso e, a\u00ed sim, ter\u00edamos problema na curva de juro e de sustentabilidade da d\u00edvida&#8221;, explicou a ministra.<\/p>\n\n\n\n<p>Para ela, essas duas travas valem muito mais, sob a \u00f3tica das despesas, do que a meta de resultado prim\u00e1rio em si.<\/p>\n\n\n\n<p>&#8220;O Brasil n\u00e3o pode gastar mais do que arrecada, o Brasil n\u00e3o pode gastar tudo que arrecada e tem que gastar bem&#8221;, frisou a ministra.<\/p>\n\n\n\n<p>Em seguida, <strong>Tebet<\/strong> destacou que a infla\u00e7\u00e3o tem sido controlada e que a previs\u00e3o \u00e9 que o PIB do Brasil possa crescer cerca de 2,5% neste ano. &#8220;\u00c9 um crescimento que nos garante a sustentabilidade da d\u00edvida a partir de 2027.&#8221;<\/p>\n\n\n\n\t<div data-element=\"shortcode-read-more\" class=\"readToo\">\n\t\t\t\t<span class=\"readToo__title\">Leia mais<\/span>\n\t\t\t\t<ul class=\"readToo__list\">\n\t\t\t<li><a href=\"https:\/\/www.suno.com.br\/noticias\/dolar-acima-525-cambio-eua-disparada-cpf\/\">D\u00f3lar acima de R$ 5,25: o que est\u00e1 acontecendo? Especialistas analisam<\/a><\/li><li><a href=\"https:\/\/www.suno.com.br\/noticias\/regras-arcabouco-fiscal-secretario-ministerio-da-fazenda-evm\/\">Regras previstas no arcabou\u00e7o fiscal n\u00e3o ser\u00e3o revistas, diz Secret\u00e1rio do Minist\u00e9rio da Fazenda<\/a><\/li>\t\t<\/ul>\n\t<\/div>\n\n\n\n\n<h2 class=\"wp-block-heading\">Arcabou\u00e7o fiscal e revis\u00e3o de gastos<\/h2>\n\n\n\n<p>A ministra afirmou que ela e o ministro da Fazenda, Fernando Haddad, garantem que o arcabou\u00e7o veio para ficar. Para a ministra, a fim de sustentar a credibilidade da regra fiscal diante do mercado, do sistema financeiro e dos investidores, \u00e9 necess\u00e1rio acelerar a roda da revis\u00e3o de gastos.<\/p>\n\n\n\n<p>Tebet defendeu que em um momento inicial foi necess\u00e1rio recompor as receitas para recuperar as pol\u00edticas p\u00fablicas destru\u00eddas no governo anterior, mas que isso \u00e9 passado. &#8220;O governo Lula n\u00e3o sucedeu qualquer governo, n\u00e3o sucedeu um Fernando Henrique Cardoso&#8221;, disse. &#8220;N\u00f3s sucedemos um governo disfuncional e disruptivo&#8221;, acrescentou a ministra, que afirmou que o governo anterior, do ex-presidente Jair Bolsonaro, registrou um aumento descontrolado dos gastos com destrui\u00e7\u00e3o de grandes pol\u00edticas p\u00fablicas.<\/p>\n\n\n\n<p>O grande foco agora, frisou, \u00e9 tratar com responsabilidade a revis\u00e3o de gastos. &#8220;Quem foi eleito tem a miss\u00e3o de fazer o que for melhor para o Pa\u00eds, doa a quem doer&#8221;, salientou.<\/p>\n\n\n\t<p>\n\t\t<a href=\"https:\/\/lp.suno.com.br\/ebook-gratuito-investindo-no-exterior\/\" target=\"_blank\" data-element=\"shortcode-suno-banner\" title=\"Banner SUNO, clique e saiba mais\">\n\t\t\t<picture>\n\t\t\t\t<source media=\"(max-width: 500px)\" srcset=\"https:\/\/files.sunoresearch.com.br\/n\/uploads\/2023\/03\/400x300-Investindo-no-exterior.png\">\n\t\t\t\t<img class=\"newsContent__article__imgCapa newsContent__article__imgCapa--banner\"\n\t\t\t\t\tsrc=\"https:\/\/files.sunoresearch.com.br\/n\/uploads\/2023\/03\/1420x240-Investindo-no-exterior.png\"\n\t\t\t\t\tdata-promo-id=\"383161\"\t\t\t\t\t\t\t\t\t\twidth='1420' height='240'\t\t\t\t\talt=\"https:\/\/files.sunoresearch.com.br\/n\/uploads\/2023\/03\/1420x240-Investindo-no-exterior.png\"\n\t\t\t\t>\n\t\t\t<\/picture>\n\t\t<\/a>\n\t<\/p>\n\n\n\n\n\n<p>Na entrevista \u00e0 GloboNews, Tebet defendeu que \u00e9 necess\u00e1rio que o governo e Congresso assumam o compromisso de rever pol\u00edticas p\u00fablicas ineficientes, extinguir as que n\u00e3o t\u00eam condi\u00e7\u00f5es de serem aperfei\u00e7oadas e fazer economia de forma inteligente, para realocar bem esses recursos.<\/p>\n\n\n\n<p>A ministra do Planejamento e Or\u00e7amento frisou que o objetivo do governo n\u00e3o \u00e9 acabar com pol\u00edticas p\u00fablicas, e sim olhar com lupa os gastos tribut\u00e1rios. Reiterou ainda que n\u00e3o h\u00e1 timidez na revis\u00e3o de gastos. &#8220;N\u00e3o queremos anunciar antes da hora para evitar qualquer tipo de press\u00e3o, qualquer tipo de recuo em fun\u00e7\u00e3o de press\u00f5es.&#8221;<\/p>\n\n\n\n<p>Ao comentar a inclus\u00e3o do Proagro no anexo para tratar de revis\u00e3o de gastos, presente no PLDO de 2025, Tebet disse que o processo ocorreu &#8220;quietinho&#8221;. &#8220;N\u00f3s fomos ao CMN, fizemos a resolu\u00e7\u00e3o, eles entenderam e conversamos com parte da frente parlamentar&#8221;, detalhou a ministra, que disse que n\u00e3o houve tempo para conversar com toda a frente. &#8220;Eu sou do agroneg\u00f3cio, vi ali um caminho.&#8221;<\/p>\n\n\n\n<p>A ministra retomou ainda ideia de que o seguro defeso deve entrar na mira da revis\u00e3o de gastos. &#8220;A Pnad fala que temos 250 mil pescadores artesanais, mas temos mais 800 mil recebendo, tem alguma coisa errada.&#8221;<\/p>\n\n\n\n<h2 class=\"wp-block-heading\">Aumento de receitas<\/h2>\n\n\n\n<p>Questionada sobre os esfor\u00e7os para atingir as metas fiscais deste e dos pr\u00f3ximos anos, Simone Tebet disse que ainda existe &#8220;uma ou outra quest\u00e3o&#8221; em que o governo &#8220;pode sim avan\u00e7ar&#8221; sob o ponto de vista das receitas. Ela n\u00e3o detalhou, no entanto, quais seriam essas medidas.<\/p>\n\n\n\n<p>&#8220;Em rela\u00e7\u00e3o ao Projeto de <a class=\"suno-keyword\" target=\"_blank\" data-force=\"no\" data-priority=\"2\" href=\"https:\/\/www.suno.com.br\/artigos\/lei-orcamentaria-anual\/\" rel=\"noopener\">Lei Or\u00e7ament\u00e1ria Anual<\/a>, ainda n\u00e3o posso adiantar. \u00c9 nossa responsabilidade preparar, levarmos para a Junta Or\u00e7ament\u00e1ria e primeiro para o ministro Haddad ratificar. Est\u00e1 longe ainda, temos que aguardar e pe\u00e7o paci\u00eancia&#8221;, disse ela.<\/p>\n\n\n\n<p>A ministra frisou, por\u00e9m, que essas eventuais novas medidas de aumento de receita visam diminuir a injusti\u00e7a tribut\u00e1ria e n\u00e3o o aumento da carga de impostos paga pela popula\u00e7\u00e3o.<\/p>\n\n\n\n<p>Com Estad\u00e3o Conte\u00fado<\/p>\n\n\n\t<p>\n\t\t<a href=\"https:\/\/lp.suno.com.br\/planilha-da-vida-financeira\/\" target=\"_blank\" data-element=\"shortcode-suno-banner\" title=\"Banner SUNO, clique e saiba mais\">\n\t\t\t<picture>\n\t\t\t\t<source media=\"(max-width: 500px)\" srcset=\"https:\/\/files.sunoresearch.com.br\/n\/uploads\/2023\/04\/400x300-Planilha-vida-financeira-true.png\">\n\t\t\t\t<img class=\"newsContent__article__imgCapa newsContent__article__imgCapa--banner\"\n\t\t\t\t\tsrc=\"https:\/\/files.sunoresearch.com.br\/n\/uploads\/2023\/04\/1420x240-Planilha-vida-financeira-true.png\"\n\t\t\t\t\tdata-promo-id=\"383123\"\t\t\t\t\t\t\t\t\t\twidth='1420' height='240'\t\t\t\t\talt=\"https:\/\/files.sunoresearch.com.br\/n\/uploads\/2023\/04\/1420x240-Planilha-vida-financeira-true.png\"\n\t\t\t\t>\n\t\t\t<\/picture>\n\t\t<\/a>\n\t<\/p>\n\n\n","protected":false},"excerpt":{"rendered":"<p>A ministra do Planejamento e Or\u00e7amento, Simone Tebet, voltou a defender nesta ter\u00e7a (16) em entrevista \u00e0 Globonews, que a mudan\u00e7a das metas fiscais a partir de 2025 n\u00e3o significam uma altera\u00e7\u00e3o da lei do novo arcabou\u00e7o fiscal. Ela refor\u00e7ou que &#8220;n\u00e3o passa pela cabe\u00e7a&#8221; da equipe econ\u00f4mica alterar o que ela considera como &#8220;as [&hellip;]<\/p>\n","protected":false},"author":73,"featured_media":338819,"comment_status":"closed","ping_status":"closed","sticky":false,"template":"","format":"standard","meta":[],"categories":[62],"tags":[106444,97358],"suno_strategy":[],"class_list":["post-544450","post","type-post","status-publish","format-standard","has-post-thumbnail","hentry","category-economia","tag-agencias","tag-politica-fiscal"],"yoast_head":"<!-- This site is optimized with the Yoast SEO plugin v24.4 - https:\/\/yoast.com\/wordpress\/plugins\/seo\/ -->\n<title>Arcabou\u00e7o Fiscal: Tebet nega mudan\u00e7a na regra<\/title>\n<meta name=\"description\" content=\"Ela refor\u00e7ou que &quot;n\u00e3o passa pela cabe\u00e7a&quot; da equipe alterar o que considera como &quot;as duas travas principais&quot; e o &quot;mantra&quot; do arcabou\u00e7o fiscal\" \/>\n<meta name=\"robots\" content=\"index, follow, max-snippet:-1, max-image-preview:large, max-video-preview:-1\" \/>\n<link rel=\"canonical\" href=\"https:\/\/www.suno.com.br\/noticias\/arcabouco-fiscal-tebet-mudanca-regra-evm\/\" \/>\n<meta property=\"og:locale\" content=\"pt_BR\" \/>\n<meta property=\"og:type\" content=\"article\" \/>\n<meta property=\"og:title\" content=\"Arcabou\u00e7o Fiscal: Tebet nega mudan\u00e7a na regra\" \/>\n<meta property=\"og:description\" content=\"Ela refor\u00e7ou que &quot;n\u00e3o passa pela cabe\u00e7a&quot; da equipe alterar o que considera como &quot;as duas travas principais&quot; e o &quot;mantra&quot; do arcabou\u00e7o fiscal\" \/>\n<meta property=\"og:url\" content=\"https:\/\/www.suno.com.br\/noticias\/arcabouco-fiscal-tebet-mudanca-regra-evm\/\" \/>\n<meta property=\"og:site_name\" content=\"Suno Not\u00edcias\" \/>\n<meta property=\"article:publisher\" content=\"https:\/\/facebook.com\/sunoresearch\" \/>\n<meta property=\"og:image\" content=\"https:\/\/files.sunoresearch.com.br\/n\/uploads\/2022\/12\/Simone-Tebet-scaled.jpg\" \/>\n\t<meta property=\"og:image:width\" content=\"2560\" \/>\n\t<meta property=\"og:image:height\" content=\"1707\" \/>\n\t<meta property=\"og:image:type\" content=\"image\/jpeg\" \/>\n<meta name=\"author\" content=\"Eduardo Vargas\" \/>\n<meta name=\"twitter:card\" content=\"summary_large_image\" \/>\n<meta name=\"twitter:creator\" content=\"@sunoresearch\" \/>\n<meta name=\"twitter:site\" content=\"@sunoresearch\" \/>\n<meta name=\"twitter:label1\" content=\"Escrito por\" \/>\n\t<meta name=\"twitter:data1\" content=\"Eduardo Vargas\" \/>\n\t<meta name=\"twitter:label2\" content=\"Est. tempo de leitura\" \/>\n\t<meta name=\"twitter:data2\" content=\"4 minutos\" \/>\n<script type=\"application\/ld+json\" class=\"yoast-schema-graph\">{\"@context\":\"https:\/\/schema.org\",\"@graph\":[{\"@type\":\"NewsArticle\",\"@id\":\"https:\/\/www.suno.com.br\/noticias\/arcabouco-fiscal-tebet-mudanca-regra-evm\/#article\",\"isPartOf\":{\"@id\":\"https:\/\/www.suno.com.br\/noticias\/arcabouco-fiscal-tebet-mudanca-regra-evm\/\"},\"author\":{\"name\":\"Eduardo Vargas\",\"@id\":\"https:\/\/www.suno.com.br\/noticias\/#\/schema\/person\/7f4d362bf3518e76090143ae77bb49a5\"},\"headline\":\"Arcabou\u00e7o Fiscal: Tebet nega mudan\u00e7a na regra\",\"datePublished\":\"2024-04-16T15:58:56+00:00\",\"dateModified\":\"2024-04-16T15:59:53+00:00\",\"mainEntityOfPage\":{\"@id\":\"https:\/\/www.suno.com.br\/noticias\/arcabouco-fiscal-tebet-mudanca-regra-evm\/\"},\"wordCount\":804,\"publisher\":{\"@id\":\"https:\/\/www.suno.com.br\/noticias\/#organization\"},\"image\":{\"@id\":\"https:\/\/www.suno.com.br\/noticias\/arcabouco-fiscal-tebet-mudanca-regra-evm\/#primaryimage\"},\"thumbnailUrl\":\"https:\/\/files.sunoresearch.com.br\/n\/uploads\/2022\/12\/Simone-Tebet-scaled.jpg\",\"keywords\":[\"Ag\u00eancias\",\"pol\u00edtica fiscal\"],\"articleSection\":[\"Economia\"],\"inLanguage\":\"pt-BR\"},{\"@type\":\"WebPage\",\"@id\":\"https:\/\/www.suno.com.br\/noticias\/arcabouco-fiscal-tebet-mudanca-regra-evm\/\",\"url\":\"https:\/\/www.suno.com.br\/noticias\/arcabouco-fiscal-tebet-mudanca-regra-evm\/\",\"name\":\"Arcabou\u00e7o Fiscal: Tebet nega mudan\u00e7a na regra\",\"isPartOf\":{\"@id\":\"https:\/\/www.suno.com.br\/noticias\/#website\"},\"primaryImageOfPage\":{\"@id\":\"https:\/\/www.suno.com.br\/noticias\/arcabouco-fiscal-tebet-mudanca-regra-evm\/#primaryimage\"},\"image\":{\"@id\":\"https:\/\/www.suno.com.br\/noticias\/arcabouco-fiscal-tebet-mudanca-regra-evm\/#primaryimage\"},\"thumbnailUrl\":\"https:\/\/files.sunoresearch.com.br\/n\/uploads\/2022\/12\/Simone-Tebet-scaled.jpg\",\"datePublished\":\"2024-04-16T15:58:56+00:00\",\"dateModified\":\"2024-04-16T15:59:53+00:00\",\"description\":\"Ela refor\u00e7ou que \\\"n\u00e3o passa pela cabe\u00e7a\\\" da equipe alterar o que considera como \\\"as duas travas principais\\\" e o \\\"mantra\\\" do arcabou\u00e7o fiscal\",\"breadcrumb\":{\"@id\":\"https:\/\/www.suno.com.br\/noticias\/arcabouco-fiscal-tebet-mudanca-regra-evm\/#breadcrumb\"},\"inLanguage\":\"pt-BR\",\"potentialAction\":[{\"@type\":\"ReadAction\",\"target\":[\"https:\/\/www.suno.com.br\/noticias\/arcabouco-fiscal-tebet-mudanca-regra-evm\/\"]}]},{\"@type\":\"ImageObject\",\"inLanguage\":\"pt-BR\",\"@id\":\"https:\/\/www.suno.com.br\/noticias\/arcabouco-fiscal-tebet-mudanca-regra-evm\/#primaryimage\",\"url\":\"https:\/\/files.sunoresearch.com.br\/n\/uploads\/2022\/12\/Simone-Tebet-scaled.jpg\",\"contentUrl\":\"https:\/\/files.sunoresearch.com.br\/n\/uploads\/2022\/12\/Simone-Tebet-scaled.jpg\",\"width\":2560,\"height\":1707,\"caption\":\"Simone Tebet. Foto: Fabio Rodrigues Pozzebom\/Ag\u00eancia Brasil\"},{\"@type\":\"BreadcrumbList\",\"@id\":\"https:\/\/www.suno.com.br\/noticias\/arcabouco-fiscal-tebet-mudanca-regra-evm\/#breadcrumb\",\"itemListElement\":[{\"@type\":\"ListItem\",\"position\":1,\"name\":\"Not\u00edcias\",\"item\":\"https:\/\/www.suno.com.br\/noticias\/\"},{\"@type\":\"ListItem\",\"position\":2,\"name\":\"Economia\",\"item\":\"https:\/\/www.suno.com.br\/noticias\/economia\/\"},{\"@type\":\"ListItem\",\"position\":3,\"name\":\"Arcabou\u00e7o Fiscal: Tebet nega mudan\u00e7a na regra\"}]},{\"@type\":\"WebSite\",\"@id\":\"https:\/\/www.suno.com.br\/noticias\/#website\",\"url\":\"https:\/\/www.suno.com.br\/noticias\/\",\"name\":\"Suno Not\u00edcias\",\"description\":\"Seu portal de informa\u00e7\u00e3o sobre o mundo dos investimentos\",\"publisher\":{\"@id\":\"https:\/\/www.suno.com.br\/noticias\/#organization\"},\"potentialAction\":[{\"@type\":\"SearchAction\",\"target\":{\"@type\":\"EntryPoint\",\"urlTemplate\":\"https:\/\/www.suno.com.br\/noticias\/?s={search_term_string}\"},\"query-input\":{\"@type\":\"PropertyValueSpecification\",\"valueRequired\":true,\"valueName\":\"search_term_string\"}}],\"inLanguage\":\"pt-BR\"},{\"@type\":\"Organization\",\"@id\":\"https:\/\/www.suno.com.br\/noticias\/#organization\",\"name\":\"Suno Not\u00edcias\",\"url\":\"https:\/\/www.suno.com.br\/noticias\/\",\"logo\":{\"@type\":\"ImageObject\",\"inLanguage\":\"pt-BR\",\"@id\":\"https:\/\/www.suno.com.br\/noticias\/#\/schema\/logo\/image\/\",\"url\":\"https:\/\/files.sunoresearch.com.br\/n\/uploads\/2021\/09\/suno-logo.png\",\"contentUrl\":\"https:\/\/files.sunoresearch.com.br\/n\/uploads\/2021\/09\/suno-logo.png\",\"width\":180,\"height\":180,\"caption\":\"Suno Not\u00edcias\"},\"image\":{\"@id\":\"https:\/\/www.suno.com.br\/noticias\/#\/schema\/logo\/image\/\"},\"sameAs\":[\"https:\/\/facebook.com\/sunoresearch\",\"https:\/\/x.com\/sunoresearch\",\"https:\/\/www.instagram.com\/suno\",\"https:\/\/www.linkedin.com\/company\/suno-research\/\",\"https:\/\/www.youtube.com\/c\/sunoresearch\"]},{\"@type\":\"Person\",\"@id\":\"https:\/\/www.suno.com.br\/noticias\/#\/schema\/person\/7f4d362bf3518e76090143ae77bb49a5\",\"name\":\"Eduardo Vargas\",\"image\":{\"@type\":\"ImageObject\",\"inLanguage\":\"pt-BR\",\"@id\":\"https:\/\/www.suno.com.br\/noticias\/#\/schema\/person\/image\/\",\"url\":\"https:\/\/secure.gravatar.com\/avatar\/dac340933427a22924c9f99d1eb2e3f2?s=96&r=g\",\"contentUrl\":\"https:\/\/secure.gravatar.com\/avatar\/dac340933427a22924c9f99d1eb2e3f2?s=96&r=g\",\"caption\":\"Eduardo Vargas\"},\"description\":\"Jornalista formado pela UFSC, cobre macroeconomia, neg\u00f3cios e startups para o Suno Not\u00edcias, escrevendo principalmente not\u00edcias sobre o mercado financeiro e a bolsa de valores. No YouTube e no Instagram, \u00e9 respons\u00e1vel pela produ\u00e7\u00e3o de Reels e Shorts do Suno Not\u00edcias. Anteriormente, trabalhou cobrindo economia e cotidiano no ND+ e para o ND, maior jornal impresso de Santa Catarina. Cursou um semestre letivo de Estudos de M\u00eddia na Universidad de Buenos Aires.\",\"url\":\"https:\/\/www.suno.com.br\/noticias\/author\/eduardo-vargas\/\"}]}<\/script>\n<!-- \/ Yoast SEO plugin. -->","yoast_head_json":{"title":"Arcabou\u00e7o Fiscal: Tebet nega mudan\u00e7a na regra","description":"Ela refor\u00e7ou que \"n\u00e3o passa pela cabe\u00e7a\" da equipe alterar o que considera como \"as duas travas principais\" e o \"mantra\" do arcabou\u00e7o fiscal","robots":{"index":"index","follow":"follow","max-snippet":"max-snippet:-1","max-image-preview":"max-image-preview:large","max-video-preview":"max-video-preview:-1"},"canonical":"https:\/\/www.suno.com.br\/noticias\/arcabouco-fiscal-tebet-mudanca-regra-evm\/","og_locale":"pt_BR","og_type":"article","og_title":"Arcabou\u00e7o Fiscal: Tebet nega mudan\u00e7a na regra","og_description":"Ela refor\u00e7ou que \"n\u00e3o passa pela cabe\u00e7a\" da equipe alterar o que considera como \"as duas travas principais\" e o \"mantra\" do arcabou\u00e7o fiscal","og_url":"https:\/\/www.suno.com.br\/noticias\/arcabouco-fiscal-tebet-mudanca-regra-evm\/","og_site_name":"Suno Not\u00edcias","article_publisher":"https:\/\/facebook.com\/sunoresearch","og_image":[{"width":2560,"height":1707,"url":"https:\/\/files.sunoresearch.com.br\/n\/uploads\/2022\/12\/Simone-Tebet-scaled.jpg","type":"image\/jpeg"}],"author":"Eduardo Vargas","twitter_card":"summary_large_image","twitter_creator":"@sunoresearch","twitter_site":"@sunoresearch","twitter_misc":{"Escrito por":"Eduardo Vargas","Est. tempo de leitura":"4 minutos"},"schema":{"@context":"https:\/\/schema.org","@graph":[{"@type":"NewsArticle","@id":"https:\/\/www.suno.com.br\/noticias\/arcabouco-fiscal-tebet-mudanca-regra-evm\/#article","isPartOf":{"@id":"https:\/\/www.suno.com.br\/noticias\/arcabouco-fiscal-tebet-mudanca-regra-evm\/"},"author":{"name":"Eduardo Vargas","@id":"https:\/\/www.suno.com.br\/noticias\/#\/schema\/person\/7f4d362bf3518e76090143ae77bb49a5"},"headline":"Arcabou\u00e7o Fiscal: Tebet nega mudan\u00e7a na regra","datePublished":"2024-04-16T15:58:56+00:00","dateModified":"2024-04-16T15:59:53+00:00","mainEntityOfPage":{"@id":"https:\/\/www.suno.com.br\/noticias\/arcabouco-fiscal-tebet-mudanca-regra-evm\/"},"wordCount":804,"publisher":{"@id":"https:\/\/www.suno.com.br\/noticias\/#organization"},"image":{"@id":"https:\/\/www.suno.com.br\/noticias\/arcabouco-fiscal-tebet-mudanca-regra-evm\/#primaryimage"},"thumbnailUrl":"https:\/\/files.sunoresearch.com.br\/n\/uploads\/2022\/12\/Simone-Tebet-scaled.jpg","keywords":["Ag\u00eancias","pol\u00edtica fiscal"],"articleSection":["Economia"],"inLanguage":"pt-BR"},{"@type":"WebPage","@id":"https:\/\/www.suno.com.br\/noticias\/arcabouco-fiscal-tebet-mudanca-regra-evm\/","url":"https:\/\/www.suno.com.br\/noticias\/arcabouco-fiscal-tebet-mudanca-regra-evm\/","name":"Arcabou\u00e7o Fiscal: Tebet nega mudan\u00e7a na regra","isPartOf":{"@id":"https:\/\/www.suno.com.br\/noticias\/#website"},"primaryImageOfPage":{"@id":"https:\/\/www.suno.com.br\/noticias\/arcabouco-fiscal-tebet-mudanca-regra-evm\/#primaryimage"},"image":{"@id":"https:\/\/www.suno.com.br\/noticias\/arcabouco-fiscal-tebet-mudanca-regra-evm\/#primaryimage"},"thumbnailUrl":"https:\/\/files.sunoresearch.com.br\/n\/uploads\/2022\/12\/Simone-Tebet-scaled.jpg","datePublished":"2024-04-16T15:58:56+00:00","dateModified":"2024-04-16T15:59:53+00:00","description":"Ela refor\u00e7ou que \"n\u00e3o passa pela cabe\u00e7a\" da equipe alterar o que considera como \"as duas travas principais\" e o \"mantra\" do arcabou\u00e7o fiscal","breadcrumb":{"@id":"https:\/\/www.suno.com.br\/noticias\/arcabouco-fiscal-tebet-mudanca-regra-evm\/#breadcrumb"},"inLanguage":"pt-BR","potentialAction":[{"@type":"ReadAction","target":["https:\/\/www.suno.com.br\/noticias\/arcabouco-fiscal-tebet-mudanca-regra-evm\/"]}]},{"@type":"ImageObject","inLanguage":"pt-BR","@id":"https:\/\/www.suno.com.br\/noticias\/arcabouco-fiscal-tebet-mudanca-regra-evm\/#primaryimage","url":"https:\/\/files.sunoresearch.com.br\/n\/uploads\/2022\/12\/Simone-Tebet-scaled.jpg","contentUrl":"https:\/\/files.sunoresearch.com.br\/n\/uploads\/2022\/12\/Simone-Tebet-scaled.jpg","width":2560,"height":1707,"caption":"Simone Tebet. Foto: Fabio Rodrigues Pozzebom\/Ag\u00eancia Brasil"},{"@type":"BreadcrumbList","@id":"https:\/\/www.suno.com.br\/noticias\/arcabouco-fiscal-tebet-mudanca-regra-evm\/#breadcrumb","itemListElement":[{"@type":"ListItem","position":1,"name":"Not\u00edcias","item":"https:\/\/www.suno.com.br\/noticias\/"},{"@type":"ListItem","position":2,"name":"Economia","item":"https:\/\/www.suno.com.br\/noticias\/economia\/"},{"@type":"ListItem","position":3,"name":"Arcabou\u00e7o Fiscal: Tebet nega mudan\u00e7a na regra"}]},{"@type":"WebSite","@id":"https:\/\/www.suno.com.br\/noticias\/#website","url":"https:\/\/www.suno.com.br\/noticias\/","name":"Suno Not\u00edcias","description":"Seu portal de informa\u00e7\u00e3o sobre o mundo dos investimentos","publisher":{"@id":"https:\/\/www.suno.com.br\/noticias\/#organization"},"potentialAction":[{"@type":"SearchAction","target":{"@type":"EntryPoint","urlTemplate":"https:\/\/www.suno.com.br\/noticias\/?s={search_term_string}"},"query-input":{"@type":"PropertyValueSpecification","valueRequired":true,"valueName":"search_term_string"}}],"inLanguage":"pt-BR"},{"@type":"Organization","@id":"https:\/\/www.suno.com.br\/noticias\/#organization","name":"Suno Not\u00edcias","url":"https:\/\/www.suno.com.br\/noticias\/","logo":{"@type":"ImageObject","inLanguage":"pt-BR","@id":"https:\/\/www.suno.com.br\/noticias\/#\/schema\/logo\/image\/","url":"https:\/\/files.sunoresearch.com.br\/n\/uploads\/2021\/09\/suno-logo.png","contentUrl":"https:\/\/files.sunoresearch.com.br\/n\/uploads\/2021\/09\/suno-logo.png","width":180,"height":180,"caption":"Suno Not\u00edcias"},"image":{"@id":"https:\/\/www.suno.com.br\/noticias\/#\/schema\/logo\/image\/"},"sameAs":["https:\/\/facebook.com\/sunoresearch","https:\/\/x.com\/sunoresearch","https:\/\/www.instagram.com\/suno","https:\/\/www.linkedin.com\/company\/suno-research\/","https:\/\/www.youtube.com\/c\/sunoresearch"]},{"@type":"Person","@id":"https:\/\/www.suno.com.br\/noticias\/#\/schema\/person\/7f4d362bf3518e76090143ae77bb49a5","name":"Eduardo Vargas","image":{"@type":"ImageObject","inLanguage":"pt-BR","@id":"https:\/\/www.suno.com.br\/noticias\/#\/schema\/person\/image\/","url":"https:\/\/secure.gravatar.com\/avatar\/dac340933427a22924c9f99d1eb2e3f2?s=96&r=g","contentUrl":"https:\/\/secure.gravatar.com\/avatar\/dac340933427a22924c9f99d1eb2e3f2?s=96&r=g","caption":"Eduardo Vargas"},"description":"Jornalista formado pela UFSC, cobre macroeconomia, neg\u00f3cios e startups para o Suno Not\u00edcias, escrevendo principalmente not\u00edcias sobre o mercado financeiro e a bolsa de valores. No YouTube e no Instagram, \u00e9 respons\u00e1vel pela produ\u00e7\u00e3o de Reels e Shorts do Suno Not\u00edcias. Anteriormente, trabalhou cobrindo economia e cotidiano no ND+ e para o ND, maior jornal impresso de Santa Catarina. Cursou um semestre letivo de Estudos de M\u00eddia na Universidad de Buenos Aires.","url":"https:\/\/www.suno.com.br\/noticias\/author\/eduardo-vargas\/"}]}},"default_loop_html":"<div class=\"cardsPage__listCard__boxs\"><div class=\"cardsPage__listCard__boxs__img\"><a href=\"https:\/\/www.suno.com.br\/noticias\/arcabouco-fiscal-tebet-mudanca-regra-evm\/\"><img class=\"mask\" src=\"https:\/\/www.suno.com.br\/noticias\/wp-content\/themes\/suno\/resources\/images\/spotlight\/spotlight1img\/bg-mask.png\" alt=\"Image Mask\"\/><img src=\"https:\/\/files.sunoresearch.com.br\/n\/uploads\/2022\/12\/Simone-Tebet-400x200.jpg\" alt=\"Arcabou\u00e7o Fiscal: Tebet nega mudan\u00e7a na regra\"\/><\/a><span class=\"spotlightCategory\"><a href=\"https:\/\/www.suno.com.br\/noticias\/economia\/\">Economia<\/a><\/span><\/div><div class=\"cardsPage__listCard__boxs__content\"><a href=\"https:\/\/www.suno.com.br\/noticias\/arcabouco-fiscal-tebet-mudanca-regra-evm\/\"><h2 class=\"content__title\">Arcabou\u00e7o Fiscal: Tebet nega mudan\u00e7a na regra<\/h2><\/a><div class=\"newsContent__article__meta\"><div class=\"newsContent__article__meta__authorBox\"><a href=\"https:\/\/www.suno.com.br\/noticias\/author\/eduardo-vargas\/\" class=\"authorBox__avatar noMobi\"><img src=\"https:\/\/secure.gravatar.com\/avatar\/dac340933427a22924c9f99d1eb2e3f2?s=96&#038;r=g\" alt=\"Eduardo Vargas\"><\/a><div class=\"authorBox__name\"><span>por\n\t\t\t<a href=\"https:\/\/www.suno.com.br\/noticias\/author\/eduardo-vargas\/\"><span itemprop=\"author\">Eduardo Vargas<\/span><\/a><\/span><time datetime=\"2024-04-16T12:58:56-03:00\" itemprop=\"datePublished\">16\/04\/2024 12:58<\/time><\/div><\/div><\/div><\/div><\/div>","single_layout":"posts","amp_enabled":true,"_links":{"self":[{"href":"https:\/\/www.suno.com.br\/noticias\/wp-json\/wp\/v2\/posts\/544450"}],"collection":[{"href":"https:\/\/www.suno.com.br\/noticias\/wp-json\/wp\/v2\/posts"}],"about":[{"href":"https:\/\/www.suno.com.br\/noticias\/wp-json\/wp\/v2\/types\/post"}],"author":[{"embeddable":true,"href":"https:\/\/www.suno.com.br\/noticias\/wp-json\/wp\/v2\/users\/73"}],"replies":[{"embeddable":true,"href":"https:\/\/www.suno.com.br\/noticias\/wp-json\/wp\/v2\/comments?post=544450"}],"version-history":[{"count":3,"href":"https:\/\/www.suno.com.br\/noticias\/wp-json\/wp\/v2\/posts\/544450\/revisions"}],"predecessor-version":[{"id":544488,"href":"https:\/\/www.suno.com.br\/noticias\/wp-json\/wp\/v2\/posts\/544450\/revisions\/544488"}],"wp:featuredmedia":[{"embeddable":true,"href":"https:\/\/www.suno.com.br\/noticias\/wp-json\/wp\/v2\/media\/338819"}],"wp:attachment":[{"href":"https:\/\/www.suno.com.br\/noticias\/wp-json\/wp\/v2\/media?parent=544450"}],"wp:term":[{"taxonomy":"category","embeddable":true,"href":"https:\/\/www.suno.com.br\/noticias\/wp-json\/wp\/v2\/categories?post=544450"},{"taxonomy":"post_tag","embeddable":true,"href":"https:\/\/www.suno.com.br\/noticias\/wp-json\/wp\/v2\/tags?post=544450"},{"taxonomy":"suno_strategy","embeddable":true,"href":"https:\/\/www.suno.com.br\/noticias\/wp-json\/wp\/v2\/suno_strategy?post=544450"}],"curies":[{"name":"wp","href":"https:\/\/api.w.org\/{rel}","templated":true}]}}