{"id":544389,"date":"2024-04-16T11:47:51","date_gmt":"2024-04-16T14:47:51","guid":{"rendered":"https:\/\/www.suno.com.br\/noticias\/?p=544389"},"modified":"2024-04-16T11:47:58","modified_gmt":"2024-04-16T14:47:58","slug":"vamos-vamo3-diretor-financeiro-ri-gpj","status":"publish","type":"post","link":"https:\/\/www.suno.com.br\/noticias\/vamos-vamo3-diretor-financeiro-ri-gpj\/","title":{"rendered":"Vamos (VAMO3) anuncia novo diretor financeiro e de RI; veja quem \u00e9"},"content":{"rendered":"<p>O <a href=\"https:\/\/www.suno.com.br\/artigos\/conselho-administracao\/\">conselho de administra\u00e7\u00e3o<\/a> da <a href=\"https:\/\/www.suno.com.br\/artigos\/relacoes-com-investidores\/\"><strong>V<\/strong><\/a><a href=\"https:\/\/www.suno.com.br\/acoes\/vamo3\/\"><strong>amos<\/strong> (VAMO3)<\/a> elegeu Jos\u00e9 Cez\u00e1rio Menezes de Barros Sobrinho aos cargos de diretor administrativo financeiro (CFO) e diretor de <a href=\"https:\/\/www.suno.com.br\/artigos\/relacoes-com-investidores\/\">rela\u00e7\u00f5es com investidores<\/a> da companhia, segundo <a href=\"https:\/\/www.suno.com.br\/artigos\/fato-relevante\/\">fato relevante<\/a> divulgado nesta ter\u00e7a-feira (16).<\/p>\t<div class=\"wrapper-featured-image\">\n\t\t<figure class=\"spotlightImg\">\n\n\t\t\t<picture>\n\t\t\t\t<source media=\"(max-width: 768px)\" srcset=\"https:\/\/files.sunoresearch.com.br\/n\/uploads\/2021\/07\/a04ea997-truck-2920533_1920-400x200.webp\">\n\t\t\t\t<img loading=\"lazy\" decoding=\"async\" class=\"newsContent__article__imgCapa lazyloadDisabled \" src=\"https:\/\/files.sunoresearch.com.br\/n\/uploads\/2021\/07\/a04ea997-truck-2920533_1920-800x450.webp\" width=\"800\" height=\"450\" alt=\"Vamos (VAMO3) anuncia novo diretor financeiro e de RI; veja quem \u00e9\" fetchpriority=high \/>\n\t\t\t<\/picture>\n\n\t\t\t<figcaption class=\"wp-caption-text wp-caption-text--show\">Vamos (VAMO3): Foto: Pixabay. <\/figcaption>\n\t\t<\/figure>\n\t<\/div>\n\n\n\n\n\n\n\n\t<p>\n\t\t<a href=\"https:\/\/lp.suno.com.br\/planilha-da-vida-financeira\/\" target=\"_blank\" data-element=\"shortcode-suno-banner\" title=\"Banner SUNO, clique e saiba mais\">\n\t\t\t<picture>\n\t\t\t\t<source media=\"(max-width: 500px)\" srcset=\"https:\/\/files.sunoresearch.com.br\/n\/uploads\/2023\/04\/400x300-Planilha-vida-financeira-true.png\">\n\t\t\t\t<img class=\"newsContent__article__imgCapa newsContent__article__imgCapa--banner\"\n\t\t\t\t\tsrc=\"https:\/\/files.sunoresearch.com.br\/n\/uploads\/2023\/04\/1420x240-Planilha-vida-financeira-true.png\"\n\t\t\t\t\tdata-promo-id=\"106682\"\t\t\t\t\t\t\t\t\t\twidth='1420' height='240'\t\t\t\t\talt=\"https:\/\/files.sunoresearch.com.br\/n\/uploads\/2023\/04\/1420x240-Planilha-vida-financeira-true.png\"\n\t\t\t\t>\n\t\t\t<\/picture>\n\t\t<\/a>\n\t<\/p>\n\n\n\n\n\n<p>Cez\u00e1rio entrar\u00e1 na companhia a partir de 1\u00ba de maio de 2024 e, ap\u00f3s o per\u00edodo de transi\u00e7\u00e3o, assumir\u00e1 os cargos efetivamente em 1\u00ba de junho.<\/p>\n\n\n\n<p>&#8220;Adriano Ortega se manter\u00e1 no pleno exerc\u00edcio dos seus cargos atuais na diretoria da companhia at\u00e9 o dia 31 de maio, per\u00edodo em que estar\u00e1 encarregado do processo de transi\u00e7\u00e3o para o novo CFO e DRI. Ap\u00f3s seu efetivo desligamento da Vamos, Adriano permanecer\u00e1 no grupo para assumir novas atribui\u00e7\u00f5es na Simpar<strong>&#8220;<\/strong>, informou a Vamos.<\/p>\n\n\n\n<h2 class=\"wp-block-heading\">Vamos (VAMO3) lucra R$ 195,5 milh\u00f5es no 4T23, queda de 20% na base anual<\/h2>\n\n\n\n<p>A Vamos (<strong>VAMO3<\/strong>) reportou <a href=\"https:\/\/www.suno.com.br\/artigos\/lucro-liquido\/\">lucro l\u00edquido<\/a> consolidado de R$ 195,5 milh\u00f5es no quarto trimestre de 2023, queda de 20% em rela\u00e7\u00e3o ao mesmo per\u00edodo de 2022. A companhia atribui a queda a efeitos n\u00e3o recorrentes e desempenho mais fraco das concession\u00e1rias de agroneg\u00f3cio quando comparado ao ano anterior.<\/p>\n\n\n\n<p>O Ebitda da empresa foi de R$ 661 milh\u00f5es entre outubro e dezembro, 16,6% maior do que no \u00faltimo trimestre de 2022. No acumulado do ano, o crescimento foi de 38%, para R$ 2,668 bilh\u00f5es.<\/p>\n\n\n\n<p>Como fatores positivos, Gustavo Couto, CEO da Vamos, destaca o bom desempenho do setor de loca\u00e7\u00e3o, cujo Ebitda atingiu R$ 687 milh\u00f5es no trimestre, alta anual de 44%. Entre janeiro e dezembro, o crescimento chegou a 66%, a R$ 2,547 bilh\u00f5es.<\/p>\n\n\n\n<p>\u201cVemos um crescimento saud\u00e1vel e sustent\u00e1vel na nossa principal linha de neg\u00f3cio\u201d, disse em entrevista ressaltando o impulso positivo da redu\u00e7\u00e3o da <a href=\"https:\/\/www.suno.com.br\/artigos\/juros\/\">taxa de juros<\/a> para esse setor.<\/p>\n\n\n\n<p>O capex contratado da Vamos foi de R$ 1,105 bilh\u00e3o no quarto trimestre de 2023, alta de 9,5% em rela\u00e7\u00e3o ao mesmo per\u00edodo de 2022, \u201cdemonstrando resili\u00eancia do modelo de neg\u00f3cio e o potencial de crescimento do segmento de loca\u00e7\u00e3o\u201d, segundo o release de resultados.<\/p>\n\n\n\n<p>J\u00e1 a <a href=\"https:\/\/www.suno.com.br\/artigos\/o-que-receita-liquida\/\">receita l\u00edquida<\/a> consolidada atingiu R$ 1,453 bilh\u00e3o nos \u00faltimos tr\u00eas meses de 2023, 4,4% a mais que no mesmo per\u00edodo de 2022. No acumulado do ano, a cifra somou R$ 6,085 bilh\u00f5es, avan\u00e7o de 23,9% ante os 12 meses do ano anterior.<\/p>\n\n\n\t<p>\n\t\t<a href=\"https:\/\/lp.suno.com.br\/ebook-como-analisar-uma-acao\/\" target=\"_blank\" data-element=\"shortcode-suno-banner\" title=\"Banner SUNO, clique e saiba mais\">\n\t\t\t<picture>\n\t\t\t\t<source media=\"(max-width: 500px)\" srcset=\"https:\/\/files.sunoresearch.com.br\/n\/uploads\/2023\/03\/Ebook-Acoes-Mobile.jpg\">\n\t\t\t\t<img class=\"newsContent__article__imgCapa newsContent__article__imgCapa--banner\"\n\t\t\t\t\tsrc=\"https:\/\/files.sunoresearch.com.br\/n\/uploads\/2023\/03\/Ebook-Acoes-Desktop.jpg\"\n\t\t\t\t\tdata-promo-id=\"378302\"\t\t\t\t\t\t\t\t\t\twidth='1420' height='286'\t\t\t\t\talt=\"https:\/\/files.sunoresearch.com.br\/n\/uploads\/2023\/03\/Ebook-Acoes-Desktop.jpg\"\n\t\t\t\t>\n\t\t\t<\/picture>\n\t\t<\/a>\n\t<\/p>\n\n\n\n\n\n<h2 class=\"wp-block-heading\">Desalavancagem e perspectivas da Vamos<\/h2>\n\n\n\n<p>Couto ressalta tamb\u00e9m a desalavancagem da companhia. A taxa, medida por <a href=\"https:\/\/www.suno.com.br\/artigos\/divida-liquida\/\">d\u00edvida l\u00edquida<\/a>\/Ebitda, recuou para 3,3 vezes no final de 2023 depois de um \u00e1pice de 3,6 vezes. \u201cEsse \u00e9 o patamar que a empresa tem buscado e a deixa confort\u00e1vel para fazer neg\u00f3cios maiores e investir\u201d, afirma o executivo.<\/p>\n\n\n\n<p>Entre os fatores que contribu\u00edram para esse processo de desalavancagem, Couto cita o follow-on promovido pela companhia no ano passado e a maior utiliza\u00e7\u00e3o de ativos que estavam em estoque e come\u00e7aram a gerar receita. Atualmente, 91% da frota dispon\u00edvel da Vamos est\u00e1 alugada.<\/p>\n\n\n\n<p>Olhando para frente, o CEO espera uma retomada, ainda que gradual, do desempenho das concession\u00e1rias ligadas ao agroneg\u00f3cio depois de serem penalizadas no ano passado por quest\u00f5es como menor acesso ao cr\u00e9dito, seca no final de ano e alta taxa de juros. \u201cO segmento pode ter parado um pouco para tomar f\u00f4lego, mas as perspectivas s\u00e3o positivas ao longo do ano\u201d, disse.<\/p>\n\n\n\n<p>J\u00e1 em loca\u00e7\u00e3o, mesmo com o desempenho positivo em 2023, o CEO da <strong>Vamos<\/strong> ainda v\u00ea espa\u00e7o para mais crescimento, especialmente com a desacelera\u00e7\u00e3o da Selic.<\/p>\n\n\n\n<p><em>*Com informa\u00e7\u00f5es de Estad\u00e3o Conte\u00fado<\/em><\/p>\n\n\n\t<p>\n\t\t<a href=\"https:\/\/lp.suno.com.br\/planilha-da-vida-financeira\/\" target=\"_blank\" data-element=\"shortcode-suno-banner\" title=\"Banner SUNO, clique e saiba mais\">\n\t\t\t<picture>\n\t\t\t\t<source media=\"(max-width: 500px)\" srcset=\"https:\/\/files.sunoresearch.com.br\/n\/uploads\/2023\/04\/400x300-Planilha-vida-financeira-true.png\">\n\t\t\t\t<img class=\"newsContent__article__imgCapa newsContent__article__imgCapa--banner\"\n\t\t\t\t\tsrc=\"https:\/\/files.sunoresearch.com.br\/n\/uploads\/2023\/04\/1420x240-Planilha-vida-financeira-true.png\"\n\t\t\t\t\tdata-promo-id=\"383123\"\t\t\t\t\t\t\t\t\t\twidth='1420' height='240'\t\t\t\t\talt=\"https:\/\/files.sunoresearch.com.br\/n\/uploads\/2023\/04\/1420x240-Planilha-vida-financeira-true.png\"\n\t\t\t\t>\n\t\t\t<\/picture>\n\t\t<\/a>\n\t<\/p>\n\n\n","protected":false},"excerpt":{"rendered":"<p>O conselho de administra\u00e7\u00e3o da Vamos (VAMO3) elegeu Jos\u00e9 Cez\u00e1rio Menezes de Barros Sobrinho aos cargos de diretor administrativo financeiro (CFO) e diretor de rela\u00e7\u00f5es com investidores da companhia, segundo fato relevante divulgado nesta ter\u00e7a-feira (16). Vamos (VAMO3): Foto: Pixabay. Cez\u00e1rio entrar\u00e1 na companhia a partir de 1\u00ba de maio de 2024 e, ap\u00f3s o [&hellip;]<\/p>\n","protected":false},"author":313,"featured_media":162861,"comment_status":"closed","ping_status":"closed","sticky":false,"template":"","format":"standard","meta":[],"categories":[64],"tags":[105973],"suno_strategy":[],"class_list":["post-544389","post","type-post","status-publish","format-standard","has-post-thumbnail","hentry","category-negocios","tag-vamos-vamo3"],"yoast_head":"<!-- This site is optimized with the Yoast SEO plugin v24.4 - https:\/\/yoast.com\/wordpress\/plugins\/seo\/ -->\n<title>Vamos (VAMO3) anuncia novo diretor financeiro e de RI<\/title>\n<meta name=\"description\" content=\"O novo diretor financeiro e de RI entrar\u00e1 na Vamos em 1\u00ba de maio e, ap\u00f3s o per\u00edodo de transi\u00e7\u00e3o, assumir\u00e1 os cargos em 1\u00ba de junho.\" \/>\n<meta name=\"robots\" content=\"index, follow, max-snippet:-1, max-image-preview:large, max-video-preview:-1\" \/>\n<link rel=\"canonical\" href=\"https:\/\/www.suno.com.br\/noticias\/vamos-vamo3-diretor-financeiro-ri-gpj\/\" \/>\n<meta property=\"og:locale\" content=\"pt_BR\" \/>\n<meta property=\"og:type\" content=\"article\" \/>\n<meta property=\"og:title\" content=\"Vamos (VAMO3) anuncia novo diretor financeiro e de RI\" \/>\n<meta property=\"og:description\" content=\"O novo diretor financeiro e de RI entrar\u00e1 na Vamos em 1\u00ba de maio e, ap\u00f3s o per\u00edodo de transi\u00e7\u00e3o, assumir\u00e1 os cargos em 1\u00ba de junho.\" \/>\n<meta property=\"og:url\" content=\"https:\/\/www.suno.com.br\/noticias\/vamos-vamo3-diretor-financeiro-ri-gpj\/\" \/>\n<meta property=\"og:site_name\" content=\"Suno Not\u00edcias\" \/>\n<meta property=\"article:publisher\" content=\"https:\/\/facebook.com\/sunoresearch\" \/>\n<meta property=\"og:image\" content=\"https:\/\/files.sunoresearch.com.br\/n\/uploads\/2021\/07\/a04ea997-truck-2920533_1920.jpg\" \/>\n\t<meta property=\"og:image:width\" content=\"1920\" \/>\n\t<meta property=\"og:image:height\" content=\"1292\" \/>\n\t<meta property=\"og:image:type\" content=\"image\/jpeg\" \/>\n<meta name=\"author\" content=\"Giovanni Porf\u00edrio Jacomino\" \/>\n<meta name=\"twitter:card\" content=\"summary_large_image\" \/>\n<meta name=\"twitter:creator\" content=\"@sunoresearch\" \/>\n<meta name=\"twitter:site\" content=\"@sunoresearch\" \/>\n<meta name=\"twitter:label1\" content=\"Escrito por\" \/>\n\t<meta name=\"twitter:data1\" content=\"Giovanni Porf\u00edrio Jacomino\" \/>\n\t<meta name=\"twitter:label2\" content=\"Est. tempo de leitura\" \/>\n\t<meta name=\"twitter:data2\" content=\"4 minutos\" \/>\n<script type=\"application\/ld+json\" class=\"yoast-schema-graph\">{\"@context\":\"https:\/\/schema.org\",\"@graph\":[{\"@type\":\"NewsArticle\",\"@id\":\"https:\/\/www.suno.com.br\/noticias\/vamos-vamo3-diretor-financeiro-ri-gpj\/#article\",\"isPartOf\":{\"@id\":\"https:\/\/www.suno.com.br\/noticias\/vamos-vamo3-diretor-financeiro-ri-gpj\/\"},\"author\":{\"name\":\"Giovanni Porf\u00edrio Jacomino\",\"@id\":\"https:\/\/www.suno.com.br\/noticias\/#\/schema\/person\/d0f32748bbca4bee871fa191ee4e2d40\"},\"headline\":\"Vamos (VAMO3) anuncia novo diretor financeiro e de RI; veja quem \u00e9\",\"datePublished\":\"2024-04-16T14:47:51+00:00\",\"dateModified\":\"2024-04-16T14:47:58+00:00\",\"mainEntityOfPage\":{\"@id\":\"https:\/\/www.suno.com.br\/noticias\/vamos-vamo3-diretor-financeiro-ri-gpj\/\"},\"wordCount\":612,\"publisher\":{\"@id\":\"https:\/\/www.suno.com.br\/noticias\/#organization\"},\"image\":{\"@id\":\"https:\/\/www.suno.com.br\/noticias\/vamos-vamo3-diretor-financeiro-ri-gpj\/#primaryimage\"},\"thumbnailUrl\":\"https:\/\/files.sunoresearch.com.br\/n\/uploads\/2021\/07\/a04ea997-truck-2920533_1920-jpg.webp\",\"keywords\":[\"Vamos (VAMO3)\"],\"articleSection\":[\"Neg\u00f3cios\"],\"inLanguage\":\"pt-BR\"},{\"@type\":\"WebPage\",\"@id\":\"https:\/\/www.suno.com.br\/noticias\/vamos-vamo3-diretor-financeiro-ri-gpj\/\",\"url\":\"https:\/\/www.suno.com.br\/noticias\/vamos-vamo3-diretor-financeiro-ri-gpj\/\",\"name\":\"Vamos (VAMO3) anuncia novo diretor financeiro e de RI\",\"isPartOf\":{\"@id\":\"https:\/\/www.suno.com.br\/noticias\/#website\"},\"primaryImageOfPage\":{\"@id\":\"https:\/\/www.suno.com.br\/noticias\/vamos-vamo3-diretor-financeiro-ri-gpj\/#primaryimage\"},\"image\":{\"@id\":\"https:\/\/www.suno.com.br\/noticias\/vamos-vamo3-diretor-financeiro-ri-gpj\/#primaryimage\"},\"thumbnailUrl\":\"https:\/\/files.sunoresearch.com.br\/n\/uploads\/2021\/07\/a04ea997-truck-2920533_1920-jpg.webp\",\"datePublished\":\"2024-04-16T14:47:51+00:00\",\"dateModified\":\"2024-04-16T14:47:58+00:00\",\"description\":\"O novo diretor financeiro e de RI entrar\u00e1 na Vamos em 1\u00ba de maio e, ap\u00f3s o per\u00edodo de transi\u00e7\u00e3o, assumir\u00e1 os cargos em 1\u00ba de junho.\",\"breadcrumb\":{\"@id\":\"https:\/\/www.suno.com.br\/noticias\/vamos-vamo3-diretor-financeiro-ri-gpj\/#breadcrumb\"},\"inLanguage\":\"pt-BR\",\"potentialAction\":[{\"@type\":\"ReadAction\",\"target\":[\"https:\/\/www.suno.com.br\/noticias\/vamos-vamo3-diretor-financeiro-ri-gpj\/\"]}]},{\"@type\":\"ImageObject\",\"inLanguage\":\"pt-BR\",\"@id\":\"https:\/\/www.suno.com.br\/noticias\/vamos-vamo3-diretor-financeiro-ri-gpj\/#primaryimage\",\"url\":\"https:\/\/files.sunoresearch.com.br\/n\/uploads\/2021\/07\/a04ea997-truck-2920533_1920-jpg.webp\",\"contentUrl\":\"https:\/\/files.sunoresearch.com.br\/n\/uploads\/2021\/07\/a04ea997-truck-2920533_1920-jpg.webp\",\"width\":1920,\"height\":1292,\"caption\":\"Vamos (VAMO3): Foto: Pixabay.\"},{\"@type\":\"BreadcrumbList\",\"@id\":\"https:\/\/www.suno.com.br\/noticias\/vamos-vamo3-diretor-financeiro-ri-gpj\/#breadcrumb\",\"itemListElement\":[{\"@type\":\"ListItem\",\"position\":1,\"name\":\"Not\u00edcias\",\"item\":\"https:\/\/www.suno.com.br\/noticias\/\"},{\"@type\":\"ListItem\",\"position\":2,\"name\":\"Neg\u00f3cios\",\"item\":\"https:\/\/www.suno.com.br\/noticias\/negocios\/\"},{\"@type\":\"ListItem\",\"position\":3,\"name\":\"Vamos (VAMO3) anuncia novo diretor financeiro e de RI; veja quem \u00e9\"}]},{\"@type\":\"WebSite\",\"@id\":\"https:\/\/www.suno.com.br\/noticias\/#website\",\"url\":\"https:\/\/www.suno.com.br\/noticias\/\",\"name\":\"Suno Not\u00edcias\",\"description\":\"Seu portal de informa\u00e7\u00e3o sobre o mundo dos investimentos\",\"publisher\":{\"@id\":\"https:\/\/www.suno.com.br\/noticias\/#organization\"},\"potentialAction\":[{\"@type\":\"SearchAction\",\"target\":{\"@type\":\"EntryPoint\",\"urlTemplate\":\"https:\/\/www.suno.com.br\/noticias\/?s={search_term_string}\"},\"query-input\":{\"@type\":\"PropertyValueSpecification\",\"valueRequired\":true,\"valueName\":\"search_term_string\"}}],\"inLanguage\":\"pt-BR\"},{\"@type\":\"Organization\",\"@id\":\"https:\/\/www.suno.com.br\/noticias\/#organization\",\"name\":\"Suno Not\u00edcias\",\"url\":\"https:\/\/www.suno.com.br\/noticias\/\",\"logo\":{\"@type\":\"ImageObject\",\"inLanguage\":\"pt-BR\",\"@id\":\"https:\/\/www.suno.com.br\/noticias\/#\/schema\/logo\/image\/\",\"url\":\"https:\/\/files.sunoresearch.com.br\/n\/uploads\/2021\/09\/suno-logo.png\",\"contentUrl\":\"https:\/\/files.sunoresearch.com.br\/n\/uploads\/2021\/09\/suno-logo.png\",\"width\":180,\"height\":180,\"caption\":\"Suno Not\u00edcias\"},\"image\":{\"@id\":\"https:\/\/www.suno.com.br\/noticias\/#\/schema\/logo\/image\/\"},\"sameAs\":[\"https:\/\/facebook.com\/sunoresearch\",\"https:\/\/x.com\/sunoresearch\",\"https:\/\/www.instagram.com\/suno\",\"https:\/\/www.linkedin.com\/company\/suno-research\/\",\"https:\/\/www.youtube.com\/c\/sunoresearch\"]},{\"@type\":\"Person\",\"@id\":\"https:\/\/www.suno.com.br\/noticias\/#\/schema\/person\/d0f32748bbca4bee871fa191ee4e2d40\",\"name\":\"Giovanni Porf\u00edrio Jacomino\",\"image\":{\"@type\":\"ImageObject\",\"inLanguage\":\"pt-BR\",\"@id\":\"https:\/\/www.suno.com.br\/noticias\/#\/schema\/person\/image\/\",\"url\":\"https:\/\/secure.gravatar.com\/avatar\/efb32e19b730a121cb7a80f41ffec01a?s=96&r=g\",\"contentUrl\":\"https:\/\/secure.gravatar.com\/avatar\/efb32e19b730a121cb7a80f41ffec01a?s=96&r=g\",\"caption\":\"Giovanni Porf\u00edrio Jacomino\"},\"description\":\"Giovanni Porf\u00edrio Jacomino \u00e9 jornalista formado pela Universidade Estadual de Londrina (UEL) e p\u00f3s-graduado em Produ\u00e7\u00e3o e Pr\u00e1ticas Jornal\u00edsticas na Contemporaneidade na Faculdade C\u00e1sper L\u00edbero (FCL). Foi editor web no Startupi e no Finsiders, atuando ainda como editor no TC Mover, portal de not\u00edcias da TradersClub, fazendo a cobertura de assuntos relacionados ao mercado financeiro interno e externo. Atualmente, \u00e9 Rep\u00f3rter do Suno Not\u00edcias.\",\"url\":\"https:\/\/www.suno.com.br\/noticias\/author\/giovanni-porfiriosuno-com-br\/\"}]}<\/script>\n<!-- \/ Yoast SEO plugin. -->","yoast_head_json":{"title":"Vamos (VAMO3) anuncia novo diretor financeiro e de RI","description":"O novo diretor financeiro e de RI entrar\u00e1 na Vamos em 1\u00ba de maio e, ap\u00f3s o per\u00edodo de transi\u00e7\u00e3o, assumir\u00e1 os cargos em 1\u00ba de junho.","robots":{"index":"index","follow":"follow","max-snippet":"max-snippet:-1","max-image-preview":"max-image-preview:large","max-video-preview":"max-video-preview:-1"},"canonical":"https:\/\/www.suno.com.br\/noticias\/vamos-vamo3-diretor-financeiro-ri-gpj\/","og_locale":"pt_BR","og_type":"article","og_title":"Vamos (VAMO3) anuncia novo diretor financeiro e de RI","og_description":"O novo diretor financeiro e de RI entrar\u00e1 na Vamos em 1\u00ba de maio e, ap\u00f3s o per\u00edodo de transi\u00e7\u00e3o, assumir\u00e1 os cargos em 1\u00ba de junho.","og_url":"https:\/\/www.suno.com.br\/noticias\/vamos-vamo3-diretor-financeiro-ri-gpj\/","og_site_name":"Suno Not\u00edcias","article_publisher":"https:\/\/facebook.com\/sunoresearch","og_image":[{"width":1920,"height":1292,"url":"https:\/\/files.sunoresearch.com.br\/n\/uploads\/2021\/07\/a04ea997-truck-2920533_1920.jpg","type":"image\/jpeg"}],"author":"Giovanni Porf\u00edrio Jacomino","twitter_card":"summary_large_image","twitter_creator":"@sunoresearch","twitter_site":"@sunoresearch","twitter_misc":{"Escrito por":"Giovanni Porf\u00edrio Jacomino","Est. tempo de leitura":"4 minutos"},"schema":{"@context":"https:\/\/schema.org","@graph":[{"@type":"NewsArticle","@id":"https:\/\/www.suno.com.br\/noticias\/vamos-vamo3-diretor-financeiro-ri-gpj\/#article","isPartOf":{"@id":"https:\/\/www.suno.com.br\/noticias\/vamos-vamo3-diretor-financeiro-ri-gpj\/"},"author":{"name":"Giovanni Porf\u00edrio Jacomino","@id":"https:\/\/www.suno.com.br\/noticias\/#\/schema\/person\/d0f32748bbca4bee871fa191ee4e2d40"},"headline":"Vamos (VAMO3) anuncia novo diretor financeiro e de RI; veja quem \u00e9","datePublished":"2024-04-16T14:47:51+00:00","dateModified":"2024-04-16T14:47:58+00:00","mainEntityOfPage":{"@id":"https:\/\/www.suno.com.br\/noticias\/vamos-vamo3-diretor-financeiro-ri-gpj\/"},"wordCount":612,"publisher":{"@id":"https:\/\/www.suno.com.br\/noticias\/#organization"},"image":{"@id":"https:\/\/www.suno.com.br\/noticias\/vamos-vamo3-diretor-financeiro-ri-gpj\/#primaryimage"},"thumbnailUrl":"https:\/\/files.sunoresearch.com.br\/n\/uploads\/2021\/07\/a04ea997-truck-2920533_1920-jpg.webp","keywords":["Vamos (VAMO3)"],"articleSection":["Neg\u00f3cios"],"inLanguage":"pt-BR"},{"@type":"WebPage","@id":"https:\/\/www.suno.com.br\/noticias\/vamos-vamo3-diretor-financeiro-ri-gpj\/","url":"https:\/\/www.suno.com.br\/noticias\/vamos-vamo3-diretor-financeiro-ri-gpj\/","name":"Vamos (VAMO3) anuncia novo diretor financeiro e de RI","isPartOf":{"@id":"https:\/\/www.suno.com.br\/noticias\/#website"},"primaryImageOfPage":{"@id":"https:\/\/www.suno.com.br\/noticias\/vamos-vamo3-diretor-financeiro-ri-gpj\/#primaryimage"},"image":{"@id":"https:\/\/www.suno.com.br\/noticias\/vamos-vamo3-diretor-financeiro-ri-gpj\/#primaryimage"},"thumbnailUrl":"https:\/\/files.sunoresearch.com.br\/n\/uploads\/2021\/07\/a04ea997-truck-2920533_1920-jpg.webp","datePublished":"2024-04-16T14:47:51+00:00","dateModified":"2024-04-16T14:47:58+00:00","description":"O novo diretor financeiro e de RI entrar\u00e1 na Vamos em 1\u00ba de maio e, ap\u00f3s o per\u00edodo de transi\u00e7\u00e3o, assumir\u00e1 os cargos em 1\u00ba de junho.","breadcrumb":{"@id":"https:\/\/www.suno.com.br\/noticias\/vamos-vamo3-diretor-financeiro-ri-gpj\/#breadcrumb"},"inLanguage":"pt-BR","potentialAction":[{"@type":"ReadAction","target":["https:\/\/www.suno.com.br\/noticias\/vamos-vamo3-diretor-financeiro-ri-gpj\/"]}]},{"@type":"ImageObject","inLanguage":"pt-BR","@id":"https:\/\/www.suno.com.br\/noticias\/vamos-vamo3-diretor-financeiro-ri-gpj\/#primaryimage","url":"https:\/\/files.sunoresearch.com.br\/n\/uploads\/2021\/07\/a04ea997-truck-2920533_1920-jpg.webp","contentUrl":"https:\/\/files.sunoresearch.com.br\/n\/uploads\/2021\/07\/a04ea997-truck-2920533_1920-jpg.webp","width":1920,"height":1292,"caption":"Vamos (VAMO3): Foto: Pixabay."},{"@type":"BreadcrumbList","@id":"https:\/\/www.suno.com.br\/noticias\/vamos-vamo3-diretor-financeiro-ri-gpj\/#breadcrumb","itemListElement":[{"@type":"ListItem","position":1,"name":"Not\u00edcias","item":"https:\/\/www.suno.com.br\/noticias\/"},{"@type":"ListItem","position":2,"name":"Neg\u00f3cios","item":"https:\/\/www.suno.com.br\/noticias\/negocios\/"},{"@type":"ListItem","position":3,"name":"Vamos (VAMO3) anuncia novo diretor financeiro e de RI; veja quem \u00e9"}]},{"@type":"WebSite","@id":"https:\/\/www.suno.com.br\/noticias\/#website","url":"https:\/\/www.suno.com.br\/noticias\/","name":"Suno Not\u00edcias","description":"Seu portal de informa\u00e7\u00e3o sobre o mundo dos investimentos","publisher":{"@id":"https:\/\/www.suno.com.br\/noticias\/#organization"},"potentialAction":[{"@type":"SearchAction","target":{"@type":"EntryPoint","urlTemplate":"https:\/\/www.suno.com.br\/noticias\/?s={search_term_string}"},"query-input":{"@type":"PropertyValueSpecification","valueRequired":true,"valueName":"search_term_string"}}],"inLanguage":"pt-BR"},{"@type":"Organization","@id":"https:\/\/www.suno.com.br\/noticias\/#organization","name":"Suno Not\u00edcias","url":"https:\/\/www.suno.com.br\/noticias\/","logo":{"@type":"ImageObject","inLanguage":"pt-BR","@id":"https:\/\/www.suno.com.br\/noticias\/#\/schema\/logo\/image\/","url":"https:\/\/files.sunoresearch.com.br\/n\/uploads\/2021\/09\/suno-logo.png","contentUrl":"https:\/\/files.sunoresearch.com.br\/n\/uploads\/2021\/09\/suno-logo.png","width":180,"height":180,"caption":"Suno Not\u00edcias"},"image":{"@id":"https:\/\/www.suno.com.br\/noticias\/#\/schema\/logo\/image\/"},"sameAs":["https:\/\/facebook.com\/sunoresearch","https:\/\/x.com\/sunoresearch","https:\/\/www.instagram.com\/suno","https:\/\/www.linkedin.com\/company\/suno-research\/","https:\/\/www.youtube.com\/c\/sunoresearch"]},{"@type":"Person","@id":"https:\/\/www.suno.com.br\/noticias\/#\/schema\/person\/d0f32748bbca4bee871fa191ee4e2d40","name":"Giovanni Porf\u00edrio Jacomino","image":{"@type":"ImageObject","inLanguage":"pt-BR","@id":"https:\/\/www.suno.com.br\/noticias\/#\/schema\/person\/image\/","url":"https:\/\/secure.gravatar.com\/avatar\/efb32e19b730a121cb7a80f41ffec01a?s=96&r=g","contentUrl":"https:\/\/secure.gravatar.com\/avatar\/efb32e19b730a121cb7a80f41ffec01a?s=96&r=g","caption":"Giovanni Porf\u00edrio Jacomino"},"description":"Giovanni Porf\u00edrio Jacomino \u00e9 jornalista formado pela Universidade Estadual de Londrina (UEL) e p\u00f3s-graduado em Produ\u00e7\u00e3o e Pr\u00e1ticas Jornal\u00edsticas na Contemporaneidade na Faculdade C\u00e1sper L\u00edbero (FCL). Foi editor web no Startupi e no Finsiders, atuando ainda como editor no TC Mover, portal de not\u00edcias da TradersClub, fazendo a cobertura de assuntos relacionados ao mercado financeiro interno e externo. Atualmente, \u00e9 Rep\u00f3rter do Suno Not\u00edcias.","url":"https:\/\/www.suno.com.br\/noticias\/author\/giovanni-porfiriosuno-com-br\/"}]}},"default_loop_html":"<div class=\"cardsPage__listCard__boxs\"><div class=\"cardsPage__listCard__boxs__img\"><a href=\"https:\/\/www.suno.com.br\/noticias\/vamos-vamo3-diretor-financeiro-ri-gpj\/\"><img class=\"mask\" src=\"https:\/\/www.suno.com.br\/noticias\/wp-content\/themes\/suno\/resources\/images\/spotlight\/spotlight1img\/bg-mask.png\" alt=\"Image Mask\"\/><img src=\"https:\/\/files.sunoresearch.com.br\/n\/uploads\/2021\/07\/a04ea997-truck-2920533_1920-400x200.webp\" alt=\"Vamos (VAMO3) anuncia novo diretor financeiro e de RI; veja quem \u00e9\"\/><\/a><span class=\"spotlightCategory\"><a href=\"https:\/\/www.suno.com.br\/noticias\/negocios\/\">Neg\u00f3cios<\/a><\/span><\/div><div class=\"cardsPage__listCard__boxs__content\"><a href=\"https:\/\/www.suno.com.br\/noticias\/vamos-vamo3-diretor-financeiro-ri-gpj\/\"><h2 class=\"content__title\">Vamos (VAMO3) anuncia novo diretor financeiro e de RI; veja quem \u00e9<\/h2><\/a><div class=\"newsContent__article__meta\"><div class=\"newsContent__article__meta__authorBox\"><a href=\"https:\/\/www.suno.com.br\/noticias\/author\/giovanni-porfiriosuno-com-br\/\" class=\"authorBox__avatar noMobi\"><img src=\"https:\/\/files.sunoresearch.com.br\/n\/uploads\/2024\/05\/DSCF4115-1-1-150x150.webp\" alt=\"Giovanni Porf\u00edrio Jacomino\"><\/a><div class=\"authorBox__name\"><span>por\n\t\t\t<a href=\"https:\/\/www.suno.com.br\/noticias\/author\/giovanni-porfiriosuno-com-br\/\"><span itemprop=\"author\">Giovanni Porf\u00edrio Jacomino<\/span><\/a><\/span><time datetime=\"2024-04-16T11:47:51-03:00\" itemprop=\"datePublished\">16\/04\/2024 11:47<\/time><\/div><\/div><\/div><\/div><\/div>","single_layout":"posts","amp_enabled":true,"_links":{"self":[{"href":"https:\/\/www.suno.com.br\/noticias\/wp-json\/wp\/v2\/posts\/544389"}],"collection":[{"href":"https:\/\/www.suno.com.br\/noticias\/wp-json\/wp\/v2\/posts"}],"about":[{"href":"https:\/\/www.suno.com.br\/noticias\/wp-json\/wp\/v2\/types\/post"}],"author":[{"embeddable":true,"href":"https:\/\/www.suno.com.br\/noticias\/wp-json\/wp\/v2\/users\/313"}],"replies":[{"embeddable":true,"href":"https:\/\/www.suno.com.br\/noticias\/wp-json\/wp\/v2\/comments?post=544389"}],"version-history":[{"count":2,"href":"https:\/\/www.suno.com.br\/noticias\/wp-json\/wp\/v2\/posts\/544389\/revisions"}],"predecessor-version":[{"id":544442,"href":"https:\/\/www.suno.com.br\/noticias\/wp-json\/wp\/v2\/posts\/544389\/revisions\/544442"}],"wp:featuredmedia":[{"embeddable":true,"href":"https:\/\/www.suno.com.br\/noticias\/wp-json\/wp\/v2\/media\/162861"}],"wp:attachment":[{"href":"https:\/\/www.suno.com.br\/noticias\/wp-json\/wp\/v2\/media?parent=544389"}],"wp:term":[{"taxonomy":"category","embeddable":true,"href":"https:\/\/www.suno.com.br\/noticias\/wp-json\/wp\/v2\/categories?post=544389"},{"taxonomy":"post_tag","embeddable":true,"href":"https:\/\/www.suno.com.br\/noticias\/wp-json\/wp\/v2\/tags?post=544389"},{"taxonomy":"suno_strategy","embeddable":true,"href":"https:\/\/www.suno.com.br\/noticias\/wp-json\/wp\/v2\/suno_strategy?post=544389"}],"curies":[{"name":"wp","href":"https:\/\/api.w.org\/{rel}","templated":true}]}}