{"id":544293,"date":"2024-04-16T07:44:04","date_gmt":"2024-04-16T10:44:04","guid":{"rendered":"https:\/\/www.suno.com.br\/noticias\/?p=544293"},"modified":"2024-04-16T07:44:10","modified_gmt":"2024-04-16T10:44:10","slug":"vale-vale3-mina-sossego-gpj","status":"publish","type":"post","link":"https:\/\/www.suno.com.br\/noticias\/vale-vale3-mina-sossego-gpj\/","title":{"rendered":"Vale (VALE3): TJ do Par\u00e1 suspende liminar que autorizava funcionamento da Mina de Sossego"},"content":{"rendered":"<p>A<strong> <a href=\"https:\/\/www.suno.com.br\/acoes\/VALE3\/\">Vale <\/a><\/strong><a href=\"https:\/\/www.suno.com.br\/acoes\/VALE3\/\">(VALE3)<\/a> comunicou ao mercado nesta segunda-feira (15) que tomou conhecimento sobre decis\u00e3o do Tribunal de Justi\u00e7a do Par\u00e1 que suspendeu a liminar que autorizava o funcionamento da Mina de Sossego.<\/p>\t<div class=\"wrapper-featured-image\">\n\t\t<figure class=\"spotlightImg\">\n\n\t\t\t<picture>\n\t\t\t\t<source media=\"(max-width: 768px)\" srcset=\"https:\/\/files.sunoresearch.com.br\/n\/uploads\/2024\/03\/iStock-1456578551-400x200.jpg\">\n\t\t\t\t<img loading=\"lazy\" decoding=\"async\" class=\"newsContent__article__imgCapa lazyloadDisabled \" src=\"https:\/\/files.sunoresearch.com.br\/n\/uploads\/2024\/03\/iStock-1456578551-800x450.jpg\" width=\"800\" height=\"450\" alt=\"Vale (VALE3): TJ do Par\u00e1 suspende liminar que autorizava funcionamento da Mina de Sossego\" fetchpriority=high \/>\n\t\t\t<\/picture>\n\n\t\t\t<figcaption class=\"wp-caption-text wp-caption-text--show\">Vale (VALE3). Foto: iStock.<\/figcaption>\n\t\t<\/figure>\n\t<\/div>\n\n\n\n\n\n\n\n\t<p>\n\t\t<a href=\"\" target=\"_blank\" data-element=\"shortcode-suno-banner\" title=\"Banner SUNO, clique e saiba mais\">\n\t\t\t<picture>\n\t\t\t\t<source media=\"(max-width: 500px)\" srcset=\"\">\n\t\t\t\t<img class=\"newsContent__article__imgCapa newsContent__article__imgCapa--banner\"\n\t\t\t\t\tsrc=\"\"\n\t\t\t\t\tdata-promo-id=\"250706\"\t\t\t\t\t\t\t\t\t\t\t\t\t\t\talt=\"\"\n\t\t\t\t>\n\t\t\t<\/picture>\n\t\t<\/a>\n\t<\/p>\n\n\n\n\n\n<p>A Vale lembrou que em fevereiro de 2024, a Secretaria do Meio Ambiente do Estado do Par\u00e1 (SEMAS) havia suspendido a licen\u00e7a de opera\u00e7\u00e3o (LO) da mina, alegando descumprimento de condicionantes ambientais. <\/p>\n\n\n\n<p>Ap\u00f3s a decis\u00e3o da SEMAS, a Vale ajuizou Tutela Provis\u00f3ria de Urg\u00eancia, tendo o ju\u00edzo de primeira inst\u00e2ncia de Cana\u00e3 dos Caraj\u00e1s, em 24 de fevereiro de 2024, restabelecido a vig\u00eancia e validade da LO. <\/p>\n\n\n\n<p>Em 1\u00ba de mar\u00e7o, o Estado interp\u00f4s recurso de agravo de instrumento para o Tribunal de Justi\u00e7a do Estado do Par\u00e1, obtendo decis\u00e3o que restabelece a suspens\u00e3o da LO da <strong>Mina do Sossego<\/strong>. A empresa ainda n\u00e3o foi notificada formalmente da decis\u00e3o.<\/p>\n\n\n\n<p>&#8220;A empresa adotar\u00e1 as medidas judiciais cab\u00edveis visando reverter esta decis\u00e3o e restabelecer o pleno funcionamento de suas opera\u00e7\u00f5es, confiando na justi\u00e7a brasileira e no cumprimento de suas obriga\u00e7\u00f5es&#8221;, disse a Vale.  <\/p>\n\n\n\t<div data-element=\"shortcode-read-more\" class=\"knowMore\">\n\t\t\t\t<span class=\"knowMore__title\">Leia mais<\/span>\n\t\t\t\t<a class=\"knowMore__link\" href=\"https:\/\/www.suno.com.br\/noticias\/vale-vale3-minerio-ferro-previa-1t24-gpj\/\">\n\t\t\tVale (VALE3): min\u00e9rio de ferro deve ser &#039;contratempo&#039; no 1T24, diz Genial\t\t<\/a>\n\t<\/div>\n\n\n\n\n<h2 class=\"wp-block-heading\">Vale (VALE3) informa sobre opera\u00e7\u00f5es com consumo de energia el\u00e9trica no Brasil<\/h2>\n\n\n\n<p>A Vale (<strong>VALE3<\/strong>) informou nesta segunda (15) sobre a energia el\u00e9trica utilizada nas suas opera\u00e7\u00f5es no Brasil em 2023.<\/p>\n\n\n\n<p>A mineradora diz que atingiu sua meta de ter 100% de consumo de energia el\u00e9trica renov\u00e1vel. A meta da companhia globalmente, diz a empresa, \u00e9 de chegar a 100% de consumo de energia renov\u00e1vel at\u00e9 o ano de 2023.<\/p>\n\n\n\n<p>Atualmente, as informa\u00e7\u00f5es da companhia mostram que j\u00e1 chegaram a 88,5%.<\/p>\n\n\n\n<p>Esse atingimento da meta em 2023 significa que a Vale zerou suas emiss\u00f5es indiretas de CO2 no Brasil, que correspondem ao escopo 2.<\/p>\n\n\n\n<p>\u201cA estrat\u00e9gia de descarboniza\u00e7\u00e3o da Vale busca reduzir em 33% suas emiss\u00f5es de CO2 de escopos 1 e 2 (diretos e indiretos) at\u00e9 2030 e zerar suas emiss\u00f5es l\u00edquidas at\u00e9 2050\u201d, explica a diretora de Energia e Descarboniza\u00e7\u00e3o, Ludmila Nascimento.<\/p>\n\n\n\n<p>\u201cQueremos avan\u00e7ar nas nossas metas, ajudar a tornar a matriz energ\u00e9tica do Brasil ainda mais limpa\u201d.<\/p>\n\n\n\t<p>\n\t\t<a href=\"https:\/\/lp.suno.com.br\/ebook-como-analisar-uma-acao\/\" target=\"_blank\" data-element=\"shortcode-suno-banner\" title=\"Banner SUNO, clique e saiba mais\">\n\t\t\t<picture>\n\t\t\t\t<source media=\"(max-width: 500px)\" srcset=\"https:\/\/files.sunoresearch.com.br\/n\/uploads\/2023\/03\/Ebook-Acoes-Mobile.jpg\">\n\t\t\t\t<img class=\"newsContent__article__imgCapa newsContent__article__imgCapa--banner\"\n\t\t\t\t\tsrc=\"https:\/\/files.sunoresearch.com.br\/n\/uploads\/2023\/03\/Ebook-Acoes-Desktop.jpg\"\n\t\t\t\t\tdata-promo-id=\"378302\"\t\t\t\t\t\t\t\t\t\twidth='1420' height='286'\t\t\t\t\talt=\"https:\/\/files.sunoresearch.com.br\/n\/uploads\/2023\/03\/Ebook-Acoes-Desktop.jpg\"\n\t\t\t\t>\n\t\t\t<\/picture>\n\t\t<\/a>\n\t<\/p>\n\n\n\n\n\n<h2 class=\"wp-block-heading\">Vale: complexo solar<\/h2>\n\n\n\n<p>Para que a meta fosse atingida dois anos antes do prazo, a companhia destaca, em comunicado, que foi fundamental a entrada em opera\u00e7\u00e3o do complexo solar Sol do Cerrado, em novembro de 2022.<\/p>\n\n\n\n<p>Localizado em Ja\u00edba (MG), o complexo representou um investimento de R$ 3 bilh\u00f5es, sendo um dos maiores parques de energia solar da Am\u00e9rica Latina, com pot\u00eancia instalada de 766 Megawatts-pico, o equivalente ao consumo de uma cidade de 800 mil habitantes.<\/p>\n\n\n\n<p>Em julho de 2023, o complexo atingiu sua capacidade m\u00e1xima. Sua contribui\u00e7\u00e3o potencial \u00e9 de cerca de 16% de toda a energia el\u00e9trica consumida pela Vale no Brasil.<\/p>\n\n\n\n<p>Para atingir sua meta de 2030, a Vale investe em parcerias em joint-ventures, certificados de gera\u00e7\u00e3o renov\u00e1vel nos contratos (PPAs) e iniciativas de inova\u00e7\u00e3o para efici\u00eancia no uso de baterias.<\/p>\n\n\n\n<h2 class=\"wp-block-heading\">Desempenho das a\u00e7\u00f5es de Vale<\/h2>\n\n\n\n<p>Confira o desempenho das a\u00e7\u00f5es de <strong>Vale<\/strong> (VALE3).<\/p>\n\n\n\n<div class=\"pluginQuotation\">\n  <p class=\"ticker\">\n    Cota\u00e7\u00e3o <span>VALE3<\/span>\n  <\/p>\n  <div class=\"info\">\n    <div class=\"leftSide\">\n      Gr\u00e1fico gerado em: 16\/04\/2024    <\/div>\n\t\t\t\t\t<div class=\"rightSide\">\n\t\t\t\t\t<span class=\"period\">\n\t\t\t\t\t\t5 Dias\t\t\t\t\t<\/span>\n\t\t\t<\/div>\n\t\t  <\/div>\n\n  <div id=\"chart-7337ebbc8c6c8174e61faec144fbfab5\" data-block-hash=\"7337ebbc8c6c8174e61faec144fbfab5\"  class=\"chart\" style=\"width:100%;height:400px;\"><\/div>\n\n  <div class=\"pluginQuotation__footer\">\n    <div class=\"dataChart\">\n\n      <div class=\"dataChart__div1 variation\">\n        <div class=\"value-negative\">\n          -0,54 (-0,34%)        <\/div>\n        <div class=\"text\">\n          Varia\u00e7\u00e3o do per\u00edodo\n        <\/div>\n      <\/div>\n\n      <div class=\"dataChart__div2 minMax\">\n        <div class=\"value\">\n          R$\u00a062,30        <\/div>\n        <div class=\"text\">\n          M\u00ednima\n        <\/div>\n      <\/div>\n\n      <div class=\"dataChart__div3 minMax\">\n        <div class=\"value\">\n          R$\u00a062,80        <\/div>\n        <div class=\"text\">\n          M\u00e1xima\n        <\/div>\n      <\/div>\n\n\t\t\t<div class=\"dataChart__div4 rightSide\">\n\t\t\t\t<div class=\"analiticaSource\">\n\t\t\t\t\t<span>\n\t\t\t\t\t\tFonte:\n\t\t\t\t\t<\/span>\n\t\t\t\t\t<img decoding=\"async\" class=\"analiticaLogo\" src=\"https:\/\/www.suno.com.br\/noticias\/wp-content\/plugins\/suno-block-ticker-quotation\/src\/suno-analitica-logo.png\" alt=\"Logo Suno Anal\u00edtica\" \/>\n\t\t\t\t<\/div>\n\n\t\t\t\t<a href=\"https:\/\/www.suno.com.br\/analitica\/acoes\/VALE3\" target=\"_blank\">\n\t\t\t\t\t<span>\n\t\t\t\t\t\tVer mais cota\u00e7\u00f5es\n\t\t\t\t\t<\/span>\n\t\t\t\t\t<svg xmlns=\"http:\/\/www.w3.org\/2000\/svg\" width=\"9\" height=\"8\" viewBox=\"0 0 9 8\" fill=\"none\">\n\t\t\t\t\t\t<path d=\"M4.20996 0L3.50496 0.705L6.29496 3.5H0.209961V4.5H6.29496L3.50496 7.295L4.20996 8L8.20996 4L4.20996 0Z\" fill=\"#D42126\" \/>\n\t\t\t\t\t<\/svg>\n\t\t\t\t<\/a>\n    <\/div>\n\n    <\/div>\n  <\/div>\n<\/div>\n\n\n<script type=\"text\/javascript\">\n  let chart_7337ebbc8c6c8174e61faec144fbfab5 = document.getElementById('chart-7337ebbc8c6c8174e61faec144fbfab5');\n  let data_json_7337ebbc8c6c8174e61faec144fbfab5 = \"[{\\\"date\\\":\\\"12\\\\\\\/04\\\\\\\/24 11:00\\\",\\\"value\\\":62.64},{\\\"date\\\":\\\"12\\\\\\\/04\\\\\\\/24 11:10\\\",\\\"value\\\":62.8},{\\\"date\\\":\\\"12\\\\\\\/04\\\\\\\/24 11:20\\\",\\\"value\\\":62.66},{\\\"date\\\":\\\"12\\\\\\\/04\\\\\\\/24 11:30\\\",\\\"value\\\":62.3}]\";\n  let isPositive_7337ebbc8c6c8174e61faec144fbfab5 = \"\";\n\n  let color_7337ebbc8c6c8174e61faec144fbfab5 = isPositive_7337ebbc8c6c8174e61faec144fbfab5 ? '#3AB53A' : '#D92C2D';\n\n  let data_7337ebbc8c6c8174e61faec144fbfab5 = JSON.parse(data_json_7337ebbc8c6c8174e61faec144fbfab5);\n\n  const result_7337ebbc8c6c8174e61faec144fbfab5 = {\n    date: [],\n    value: [],\n  };\n\n  data_7337ebbc8c6c8174e61faec144fbfab5.forEach((item) => {\n    result_7337ebbc8c6c8174e61faec144fbfab5.date.push(item.date);\n    result_7337ebbc8c6c8174e61faec144fbfab5.value.push(Number(item.value));\n  });\n\n  let option_7337ebbc8c6c8174e61faec144fbfab5 = {\n    \/\/ variavel de cor global\n    color: [color_7337ebbc8c6c8174e61faec144fbfab5],\n    title: {\n      text: '',\n    },\n    tooltip: {\n      trigger: 'axis',\n      axisPointer: {\n        type: 'cross',\n        label: {\n          \/\/ cor dos valores em X e Y\n          backgroundColor: color_7337ebbc8c6c8174e61faec144fbfab5,\n          formatter: (value) => {\n            if (typeof value.value === 'number') {\n              return Number(value.value).toLocaleString('pt-br', {\n                style: 'currency',\n                currency: 'BRL'\n              });\n            }\n            return value.value;\n          },\n        },\n      },\n      valueFormatter: (value) => Number(value).toLocaleString('pt-br', {\n        style: 'currency',\n        currency: 'BRL'\n      }),\n    },\n    legend: {\n      \/\/ data: ['Valor de Fechamento'],\n      show: false,\n    },\n    toolbox: {\n      feature: {\n        saveAsImage: {\n          show: false,\n        },\n      },\n    },\n    grid: {\n      left: '0px',\n      right: '0px',\n      bottom: '0px',\n      containLabel: true,\n    },\n    xAxis: [{\n      type: 'category',\n      data: result_7337ebbc8c6c8174e61faec144fbfab5.date,\n      boundaryGap: true,\n    }],\n    yAxis: [{\n      type: 'value',\n      min: Math.min(...result_7337ebbc8c6c8174e61faec144fbfab5.value),\n      max: Math.max(...result_7337ebbc8c6c8174e61faec144fbfab5.value),\n      axisLabel: {\n        formatter: (value) => value.toLocaleString('pt-br', {\n          style: 'currency',\n          currency: 'BRL'\n        }),\n      },\n    }],\n    series: [{\n      name: 'Valor de Fechamento',\n      type: 'line',\n      stack: 'Total',\n      \/\/ cor do grafico\n      areaStyle: {},\n      emphasis: {\n        focus: 'series',\n      },\n      data: result_7337ebbc8c6c8174e61faec144fbfab5.value,\n      \/\/ cor da linha\n      lineStyle: {\n        color: color_7337ebbc8c6c8174e61faec144fbfab5,\n      },\n    }, ],\n  };\n\n\twindow.chart_7337ebbc8c6c8174e61faec144fbfab5 = {\n\t\tel: chart_7337ebbc8c6c8174e61faec144fbfab5,\n\t\toption: option_7337ebbc8c6c8174e61faec144fbfab5\t};\n\n\n<\/script>\n\n\n\t<p>\n\t\t<a href=\"https:\/\/lp.suno.com.br\/plataforma-de-controle-de-investimentos\/\" target=\"_blank\" data-element=\"shortcode-suno-banner\" title=\"Banner SUNO, clique e saiba mais\">\n\t\t\t<picture>\n\t\t\t\t<source media=\"(max-width: 500px)\" srcset=\"https:\/\/files.sunoresearch.com.br\/n\/uploads\/2023\/03\/400x300-Controle-de-Investimentos.png\">\n\t\t\t\t<img class=\"newsContent__article__imgCapa newsContent__article__imgCapa--banner\"\n\t\t\t\t\tsrc=\"https:\/\/files.sunoresearch.com.br\/n\/uploads\/2023\/03\/1420x240-Controle-de-Investimentos.png\"\n\t\t\t\t\tdata-promo-id=\"383162\"\t\t\t\t\t\t\t\t\t\twidth='1420' height='240'\t\t\t\t\talt=\"https:\/\/files.sunoresearch.com.br\/n\/uploads\/2023\/03\/1420x240-Controle-de-Investimentos.png\"\n\t\t\t\t>\n\t\t\t<\/picture>\n\t\t<\/a>\n\t<\/p>\n\n\n","protected":false},"excerpt":{"rendered":"<p>A Vale (VALE3) comunicou ao mercado nesta segunda-feira (15) que tomou conhecimento sobre decis\u00e3o do Tribunal de Justi\u00e7a do Par\u00e1 que suspendeu a liminar que autorizava o funcionamento da Mina de Sossego. Vale (VALE3). Foto: iStock. A Vale lembrou que em fevereiro de 2024, a Secretaria do Meio Ambiente do Estado do Par\u00e1 (SEMAS) havia [&hellip;]<\/p>\n","protected":false},"author":313,"featured_media":531707,"comment_status":"closed","ping_status":"closed","sticky":false,"template":"","format":"standard","meta":[],"categories":[64],"tags":[676],"suno_strategy":[],"class_list":["post-544293","post","type-post","status-publish","format-standard","has-post-thumbnail","hentry","category-negocios","tag-vale-vale3"],"yoast_head":"<!-- This site is optimized with the Yoast SEO plugin v24.4 - https:\/\/yoast.com\/wordpress\/plugins\/seo\/ -->\n<title>Vale (VALE3): liminar que autorizava atividade de mina \u00e9 suspensa<\/title>\n<meta name=\"description\" content=\"Em fevereiro de 2024, a licen\u00e7a de opera\u00e7\u00e3o (LO) da mina da Vale j\u00e1 havia sido suspensa. Saiba mais sobre a mina da Vale.\" \/>\n<meta name=\"robots\" content=\"index, follow, max-snippet:-1, max-image-preview:large, max-video-preview:-1\" \/>\n<link rel=\"canonical\" href=\"https:\/\/www.suno.com.br\/noticias\/vale-vale3-mina-sossego-gpj\/\" \/>\n<meta property=\"og:locale\" content=\"pt_BR\" \/>\n<meta property=\"og:type\" content=\"article\" \/>\n<meta property=\"og:title\" content=\"Vale (VALE3): liminar que autorizava atividade de mina \u00e9 suspensa\" \/>\n<meta property=\"og:description\" content=\"Em fevereiro de 2024, a licen\u00e7a de opera\u00e7\u00e3o (LO) da mina da Vale j\u00e1 havia sido suspensa. Saiba mais sobre a mina da Vale.\" \/>\n<meta property=\"og:url\" content=\"https:\/\/www.suno.com.br\/noticias\/vale-vale3-mina-sossego-gpj\/\" \/>\n<meta property=\"og:site_name\" content=\"Suno Not\u00edcias\" \/>\n<meta property=\"article:publisher\" content=\"https:\/\/facebook.com\/sunoresearch\" \/>\n<meta property=\"og:image\" content=\"https:\/\/files.sunoresearch.com.br\/n\/uploads\/2024\/03\/iStock-1456578551.jpg\" \/>\n\t<meta property=\"og:image:width\" content=\"1254\" \/>\n\t<meta property=\"og:image:height\" content=\"836\" \/>\n\t<meta property=\"og:image:type\" content=\"image\/jpeg\" \/>\n<meta name=\"author\" content=\"Giovanni Porf\u00edrio Jacomino\" \/>\n<meta name=\"twitter:card\" content=\"summary_large_image\" \/>\n<meta name=\"twitter:creator\" content=\"@sunoresearch\" \/>\n<meta name=\"twitter:site\" content=\"@sunoresearch\" \/>\n<meta name=\"twitter:label1\" content=\"Escrito por\" \/>\n\t<meta name=\"twitter:data1\" content=\"Giovanni Porf\u00edrio Jacomino\" \/>\n\t<meta name=\"twitter:label2\" content=\"Est. tempo de leitura\" \/>\n\t<meta name=\"twitter:data2\" content=\"3 minutos\" \/>\n<script type=\"application\/ld+json\" class=\"yoast-schema-graph\">{\"@context\":\"https:\/\/schema.org\",\"@graph\":[{\"@type\":\"NewsArticle\",\"@id\":\"https:\/\/www.suno.com.br\/noticias\/vale-vale3-mina-sossego-gpj\/#article\",\"isPartOf\":{\"@id\":\"https:\/\/www.suno.com.br\/noticias\/vale-vale3-mina-sossego-gpj\/\"},\"author\":{\"name\":\"Giovanni Porf\u00edrio Jacomino\",\"@id\":\"https:\/\/www.suno.com.br\/noticias\/#\/schema\/person\/d0f32748bbca4bee871fa191ee4e2d40\"},\"headline\":\"Vale (VALE3): TJ do Par\u00e1 suspende liminar que autorizava funcionamento da Mina de Sossego\",\"datePublished\":\"2024-04-16T10:44:04+00:00\",\"dateModified\":\"2024-04-16T10:44:10+00:00\",\"mainEntityOfPage\":{\"@id\":\"https:\/\/www.suno.com.br\/noticias\/vale-vale3-mina-sossego-gpj\/\"},\"wordCount\":532,\"publisher\":{\"@id\":\"https:\/\/www.suno.com.br\/noticias\/#organization\"},\"image\":{\"@id\":\"https:\/\/www.suno.com.br\/noticias\/vale-vale3-mina-sossego-gpj\/#primaryimage\"},\"thumbnailUrl\":\"https:\/\/files.sunoresearch.com.br\/n\/uploads\/2024\/03\/iStock-1456578551.jpg\",\"keywords\":[\"Vale (VALE3)\"],\"articleSection\":[\"Neg\u00f3cios\"],\"inLanguage\":\"pt-BR\"},{\"@type\":\"WebPage\",\"@id\":\"https:\/\/www.suno.com.br\/noticias\/vale-vale3-mina-sossego-gpj\/\",\"url\":\"https:\/\/www.suno.com.br\/noticias\/vale-vale3-mina-sossego-gpj\/\",\"name\":\"Vale (VALE3): liminar que autorizava atividade de mina \u00e9 suspensa\",\"isPartOf\":{\"@id\":\"https:\/\/www.suno.com.br\/noticias\/#website\"},\"primaryImageOfPage\":{\"@id\":\"https:\/\/www.suno.com.br\/noticias\/vale-vale3-mina-sossego-gpj\/#primaryimage\"},\"image\":{\"@id\":\"https:\/\/www.suno.com.br\/noticias\/vale-vale3-mina-sossego-gpj\/#primaryimage\"},\"thumbnailUrl\":\"https:\/\/files.sunoresearch.com.br\/n\/uploads\/2024\/03\/iStock-1456578551.jpg\",\"datePublished\":\"2024-04-16T10:44:04+00:00\",\"dateModified\":\"2024-04-16T10:44:10+00:00\",\"description\":\"Em fevereiro de 2024, a licen\u00e7a de opera\u00e7\u00e3o (LO) da mina da Vale j\u00e1 havia sido suspensa. Saiba mais sobre a mina da Vale.\",\"breadcrumb\":{\"@id\":\"https:\/\/www.suno.com.br\/noticias\/vale-vale3-mina-sossego-gpj\/#breadcrumb\"},\"inLanguage\":\"pt-BR\",\"potentialAction\":[{\"@type\":\"ReadAction\",\"target\":[\"https:\/\/www.suno.com.br\/noticias\/vale-vale3-mina-sossego-gpj\/\"]}]},{\"@type\":\"ImageObject\",\"inLanguage\":\"pt-BR\",\"@id\":\"https:\/\/www.suno.com.br\/noticias\/vale-vale3-mina-sossego-gpj\/#primaryimage\",\"url\":\"https:\/\/files.sunoresearch.com.br\/n\/uploads\/2024\/03\/iStock-1456578551.jpg\",\"contentUrl\":\"https:\/\/files.sunoresearch.com.br\/n\/uploads\/2024\/03\/iStock-1456578551.jpg\",\"width\":1254,\"height\":836,\"caption\":\"Vale (VALE3). Foto: iStock.\"},{\"@type\":\"BreadcrumbList\",\"@id\":\"https:\/\/www.suno.com.br\/noticias\/vale-vale3-mina-sossego-gpj\/#breadcrumb\",\"itemListElement\":[{\"@type\":\"ListItem\",\"position\":1,\"name\":\"Not\u00edcias\",\"item\":\"https:\/\/www.suno.com.br\/noticias\/\"},{\"@type\":\"ListItem\",\"position\":2,\"name\":\"Neg\u00f3cios\",\"item\":\"https:\/\/www.suno.com.br\/noticias\/negocios\/\"},{\"@type\":\"ListItem\",\"position\":3,\"name\":\"Vale (VALE3): TJ do Par\u00e1 suspende liminar que autorizava funcionamento da Mina de Sossego\"}]},{\"@type\":\"WebSite\",\"@id\":\"https:\/\/www.suno.com.br\/noticias\/#website\",\"url\":\"https:\/\/www.suno.com.br\/noticias\/\",\"name\":\"Suno Not\u00edcias\",\"description\":\"Seu portal de informa\u00e7\u00e3o sobre o mundo dos investimentos\",\"publisher\":{\"@id\":\"https:\/\/www.suno.com.br\/noticias\/#organization\"},\"potentialAction\":[{\"@type\":\"SearchAction\",\"target\":{\"@type\":\"EntryPoint\",\"urlTemplate\":\"https:\/\/www.suno.com.br\/noticias\/?s={search_term_string}\"},\"query-input\":{\"@type\":\"PropertyValueSpecification\",\"valueRequired\":true,\"valueName\":\"search_term_string\"}}],\"inLanguage\":\"pt-BR\"},{\"@type\":\"Organization\",\"@id\":\"https:\/\/www.suno.com.br\/noticias\/#organization\",\"name\":\"Suno Not\u00edcias\",\"url\":\"https:\/\/www.suno.com.br\/noticias\/\",\"logo\":{\"@type\":\"ImageObject\",\"inLanguage\":\"pt-BR\",\"@id\":\"https:\/\/www.suno.com.br\/noticias\/#\/schema\/logo\/image\/\",\"url\":\"https:\/\/files.sunoresearch.com.br\/n\/uploads\/2021\/09\/suno-logo.png\",\"contentUrl\":\"https:\/\/files.sunoresearch.com.br\/n\/uploads\/2021\/09\/suno-logo.png\",\"width\":180,\"height\":180,\"caption\":\"Suno Not\u00edcias\"},\"image\":{\"@id\":\"https:\/\/www.suno.com.br\/noticias\/#\/schema\/logo\/image\/\"},\"sameAs\":[\"https:\/\/facebook.com\/sunoresearch\",\"https:\/\/x.com\/sunoresearch\",\"https:\/\/www.instagram.com\/suno\",\"https:\/\/www.linkedin.com\/company\/suno-research\/\",\"https:\/\/www.youtube.com\/c\/sunoresearch\"]},{\"@type\":\"Person\",\"@id\":\"https:\/\/www.suno.com.br\/noticias\/#\/schema\/person\/d0f32748bbca4bee871fa191ee4e2d40\",\"name\":\"Giovanni Porf\u00edrio Jacomino\",\"image\":{\"@type\":\"ImageObject\",\"inLanguage\":\"pt-BR\",\"@id\":\"https:\/\/www.suno.com.br\/noticias\/#\/schema\/person\/image\/\",\"url\":\"https:\/\/secure.gravatar.com\/avatar\/efb32e19b730a121cb7a80f41ffec01a?s=96&r=g\",\"contentUrl\":\"https:\/\/secure.gravatar.com\/avatar\/efb32e19b730a121cb7a80f41ffec01a?s=96&r=g\",\"caption\":\"Giovanni Porf\u00edrio Jacomino\"},\"description\":\"Giovanni Porf\u00edrio Jacomino \u00e9 jornalista formado pela Universidade Estadual de Londrina (UEL) e p\u00f3s-graduado em Produ\u00e7\u00e3o e Pr\u00e1ticas Jornal\u00edsticas na Contemporaneidade na Faculdade C\u00e1sper L\u00edbero (FCL). Foi editor web no Startupi e no Finsiders, atuando ainda como editor no TC Mover, portal de not\u00edcias da TradersClub, fazendo a cobertura de assuntos relacionados ao mercado financeiro interno e externo. Atualmente, \u00e9 Rep\u00f3rter do Suno Not\u00edcias.\",\"url\":\"https:\/\/www.suno.com.br\/noticias\/author\/giovanni-porfiriosuno-com-br\/\"}]}<\/script>\n<!-- \/ Yoast SEO plugin. -->","yoast_head_json":{"title":"Vale (VALE3): liminar que autorizava atividade de mina \u00e9 suspensa","description":"Em fevereiro de 2024, a licen\u00e7a de opera\u00e7\u00e3o (LO) da mina da Vale j\u00e1 havia sido suspensa. Saiba mais sobre a mina da Vale.","robots":{"index":"index","follow":"follow","max-snippet":"max-snippet:-1","max-image-preview":"max-image-preview:large","max-video-preview":"max-video-preview:-1"},"canonical":"https:\/\/www.suno.com.br\/noticias\/vale-vale3-mina-sossego-gpj\/","og_locale":"pt_BR","og_type":"article","og_title":"Vale (VALE3): liminar que autorizava atividade de mina \u00e9 suspensa","og_description":"Em fevereiro de 2024, a licen\u00e7a de opera\u00e7\u00e3o (LO) da mina da Vale j\u00e1 havia sido suspensa. Saiba mais sobre a mina da Vale.","og_url":"https:\/\/www.suno.com.br\/noticias\/vale-vale3-mina-sossego-gpj\/","og_site_name":"Suno Not\u00edcias","article_publisher":"https:\/\/facebook.com\/sunoresearch","og_image":[{"width":1254,"height":836,"url":"https:\/\/files.sunoresearch.com.br\/n\/uploads\/2024\/03\/iStock-1456578551.jpg","type":"image\/jpeg"}],"author":"Giovanni Porf\u00edrio Jacomino","twitter_card":"summary_large_image","twitter_creator":"@sunoresearch","twitter_site":"@sunoresearch","twitter_misc":{"Escrito por":"Giovanni Porf\u00edrio Jacomino","Est. tempo de leitura":"3 minutos"},"schema":{"@context":"https:\/\/schema.org","@graph":[{"@type":"NewsArticle","@id":"https:\/\/www.suno.com.br\/noticias\/vale-vale3-mina-sossego-gpj\/#article","isPartOf":{"@id":"https:\/\/www.suno.com.br\/noticias\/vale-vale3-mina-sossego-gpj\/"},"author":{"name":"Giovanni Porf\u00edrio Jacomino","@id":"https:\/\/www.suno.com.br\/noticias\/#\/schema\/person\/d0f32748bbca4bee871fa191ee4e2d40"},"headline":"Vale (VALE3): TJ do Par\u00e1 suspende liminar que autorizava funcionamento da Mina de Sossego","datePublished":"2024-04-16T10:44:04+00:00","dateModified":"2024-04-16T10:44:10+00:00","mainEntityOfPage":{"@id":"https:\/\/www.suno.com.br\/noticias\/vale-vale3-mina-sossego-gpj\/"},"wordCount":532,"publisher":{"@id":"https:\/\/www.suno.com.br\/noticias\/#organization"},"image":{"@id":"https:\/\/www.suno.com.br\/noticias\/vale-vale3-mina-sossego-gpj\/#primaryimage"},"thumbnailUrl":"https:\/\/files.sunoresearch.com.br\/n\/uploads\/2024\/03\/iStock-1456578551.jpg","keywords":["Vale (VALE3)"],"articleSection":["Neg\u00f3cios"],"inLanguage":"pt-BR"},{"@type":"WebPage","@id":"https:\/\/www.suno.com.br\/noticias\/vale-vale3-mina-sossego-gpj\/","url":"https:\/\/www.suno.com.br\/noticias\/vale-vale3-mina-sossego-gpj\/","name":"Vale (VALE3): liminar que autorizava atividade de mina \u00e9 suspensa","isPartOf":{"@id":"https:\/\/www.suno.com.br\/noticias\/#website"},"primaryImageOfPage":{"@id":"https:\/\/www.suno.com.br\/noticias\/vale-vale3-mina-sossego-gpj\/#primaryimage"},"image":{"@id":"https:\/\/www.suno.com.br\/noticias\/vale-vale3-mina-sossego-gpj\/#primaryimage"},"thumbnailUrl":"https:\/\/files.sunoresearch.com.br\/n\/uploads\/2024\/03\/iStock-1456578551.jpg","datePublished":"2024-04-16T10:44:04+00:00","dateModified":"2024-04-16T10:44:10+00:00","description":"Em fevereiro de 2024, a licen\u00e7a de opera\u00e7\u00e3o (LO) da mina da Vale j\u00e1 havia sido suspensa. Saiba mais sobre a mina da Vale.","breadcrumb":{"@id":"https:\/\/www.suno.com.br\/noticias\/vale-vale3-mina-sossego-gpj\/#breadcrumb"},"inLanguage":"pt-BR","potentialAction":[{"@type":"ReadAction","target":["https:\/\/www.suno.com.br\/noticias\/vale-vale3-mina-sossego-gpj\/"]}]},{"@type":"ImageObject","inLanguage":"pt-BR","@id":"https:\/\/www.suno.com.br\/noticias\/vale-vale3-mina-sossego-gpj\/#primaryimage","url":"https:\/\/files.sunoresearch.com.br\/n\/uploads\/2024\/03\/iStock-1456578551.jpg","contentUrl":"https:\/\/files.sunoresearch.com.br\/n\/uploads\/2024\/03\/iStock-1456578551.jpg","width":1254,"height":836,"caption":"Vale (VALE3). Foto: iStock."},{"@type":"BreadcrumbList","@id":"https:\/\/www.suno.com.br\/noticias\/vale-vale3-mina-sossego-gpj\/#breadcrumb","itemListElement":[{"@type":"ListItem","position":1,"name":"Not\u00edcias","item":"https:\/\/www.suno.com.br\/noticias\/"},{"@type":"ListItem","position":2,"name":"Neg\u00f3cios","item":"https:\/\/www.suno.com.br\/noticias\/negocios\/"},{"@type":"ListItem","position":3,"name":"Vale (VALE3): TJ do Par\u00e1 suspende liminar que autorizava funcionamento da Mina de Sossego"}]},{"@type":"WebSite","@id":"https:\/\/www.suno.com.br\/noticias\/#website","url":"https:\/\/www.suno.com.br\/noticias\/","name":"Suno Not\u00edcias","description":"Seu portal de informa\u00e7\u00e3o sobre o mundo dos investimentos","publisher":{"@id":"https:\/\/www.suno.com.br\/noticias\/#organization"},"potentialAction":[{"@type":"SearchAction","target":{"@type":"EntryPoint","urlTemplate":"https:\/\/www.suno.com.br\/noticias\/?s={search_term_string}"},"query-input":{"@type":"PropertyValueSpecification","valueRequired":true,"valueName":"search_term_string"}}],"inLanguage":"pt-BR"},{"@type":"Organization","@id":"https:\/\/www.suno.com.br\/noticias\/#organization","name":"Suno Not\u00edcias","url":"https:\/\/www.suno.com.br\/noticias\/","logo":{"@type":"ImageObject","inLanguage":"pt-BR","@id":"https:\/\/www.suno.com.br\/noticias\/#\/schema\/logo\/image\/","url":"https:\/\/files.sunoresearch.com.br\/n\/uploads\/2021\/09\/suno-logo.png","contentUrl":"https:\/\/files.sunoresearch.com.br\/n\/uploads\/2021\/09\/suno-logo.png","width":180,"height":180,"caption":"Suno Not\u00edcias"},"image":{"@id":"https:\/\/www.suno.com.br\/noticias\/#\/schema\/logo\/image\/"},"sameAs":["https:\/\/facebook.com\/sunoresearch","https:\/\/x.com\/sunoresearch","https:\/\/www.instagram.com\/suno","https:\/\/www.linkedin.com\/company\/suno-research\/","https:\/\/www.youtube.com\/c\/sunoresearch"]},{"@type":"Person","@id":"https:\/\/www.suno.com.br\/noticias\/#\/schema\/person\/d0f32748bbca4bee871fa191ee4e2d40","name":"Giovanni Porf\u00edrio Jacomino","image":{"@type":"ImageObject","inLanguage":"pt-BR","@id":"https:\/\/www.suno.com.br\/noticias\/#\/schema\/person\/image\/","url":"https:\/\/secure.gravatar.com\/avatar\/efb32e19b730a121cb7a80f41ffec01a?s=96&r=g","contentUrl":"https:\/\/secure.gravatar.com\/avatar\/efb32e19b730a121cb7a80f41ffec01a?s=96&r=g","caption":"Giovanni Porf\u00edrio Jacomino"},"description":"Giovanni Porf\u00edrio Jacomino \u00e9 jornalista formado pela Universidade Estadual de Londrina (UEL) e p\u00f3s-graduado em Produ\u00e7\u00e3o e Pr\u00e1ticas Jornal\u00edsticas na Contemporaneidade na Faculdade C\u00e1sper L\u00edbero (FCL). Foi editor web no Startupi e no Finsiders, atuando ainda como editor no TC Mover, portal de not\u00edcias da TradersClub, fazendo a cobertura de assuntos relacionados ao mercado financeiro interno e externo. Atualmente, \u00e9 Rep\u00f3rter do Suno Not\u00edcias.","url":"https:\/\/www.suno.com.br\/noticias\/author\/giovanni-porfiriosuno-com-br\/"}]}},"default_loop_html":"<div class=\"cardsPage__listCard__boxs\"><div class=\"cardsPage__listCard__boxs__img\"><a href=\"https:\/\/www.suno.com.br\/noticias\/vale-vale3-mina-sossego-gpj\/\"><img class=\"mask\" src=\"https:\/\/www.suno.com.br\/noticias\/wp-content\/themes\/suno\/resources\/images\/spotlight\/spotlight1img\/bg-mask.png\" alt=\"Image Mask\"\/><img src=\"https:\/\/files.sunoresearch.com.br\/n\/uploads\/2024\/03\/iStock-1456578551-400x200.jpg\" alt=\"Vale (VALE3): TJ do Par\u00e1 suspende liminar que autorizava funcionamento da Mina de Sossego\"\/><\/a><span class=\"spotlightCategory\"><a href=\"https:\/\/www.suno.com.br\/noticias\/negocios\/\">Neg\u00f3cios<\/a><\/span><\/div><div class=\"cardsPage__listCard__boxs__content\"><a href=\"https:\/\/www.suno.com.br\/noticias\/vale-vale3-mina-sossego-gpj\/\"><h2 class=\"content__title\">Vale (VALE3): TJ do Par\u00e1 suspende liminar que autorizava funcionamento da Mina de Sossego<\/h2><\/a><div class=\"newsContent__article__meta\"><div class=\"newsContent__article__meta__authorBox\"><a href=\"https:\/\/www.suno.com.br\/noticias\/author\/giovanni-porfiriosuno-com-br\/\" class=\"authorBox__avatar noMobi\"><img src=\"https:\/\/files.sunoresearch.com.br\/n\/uploads\/2024\/05\/DSCF4115-1-1-150x150.webp\" alt=\"Giovanni Porf\u00edrio Jacomino\"><\/a><div class=\"authorBox__name\"><span>por\n\t\t\t<a href=\"https:\/\/www.suno.com.br\/noticias\/author\/giovanni-porfiriosuno-com-br\/\"><span itemprop=\"author\">Giovanni Porf\u00edrio Jacomino<\/span><\/a><\/span><time datetime=\"2024-04-16T07:44:04-03:00\" itemprop=\"datePublished\">16\/04\/2024 07:44<\/time><\/div><\/div><\/div><\/div><\/div>","single_layout":"posts","amp_enabled":true,"_links":{"self":[{"href":"https:\/\/www.suno.com.br\/noticias\/wp-json\/wp\/v2\/posts\/544293"}],"collection":[{"href":"https:\/\/www.suno.com.br\/noticias\/wp-json\/wp\/v2\/posts"}],"about":[{"href":"https:\/\/www.suno.com.br\/noticias\/wp-json\/wp\/v2\/types\/post"}],"author":[{"embeddable":true,"href":"https:\/\/www.suno.com.br\/noticias\/wp-json\/wp\/v2\/users\/313"}],"replies":[{"embeddable":true,"href":"https:\/\/www.suno.com.br\/noticias\/wp-json\/wp\/v2\/comments?post=544293"}],"version-history":[{"count":2,"href":"https:\/\/www.suno.com.br\/noticias\/wp-json\/wp\/v2\/posts\/544293\/revisions"}],"predecessor-version":[{"id":544306,"href":"https:\/\/www.suno.com.br\/noticias\/wp-json\/wp\/v2\/posts\/544293\/revisions\/544306"}],"wp:featuredmedia":[{"embeddable":true,"href":"https:\/\/www.suno.com.br\/noticias\/wp-json\/wp\/v2\/media\/531707"}],"wp:attachment":[{"href":"https:\/\/www.suno.com.br\/noticias\/wp-json\/wp\/v2\/media?parent=544293"}],"wp:term":[{"taxonomy":"category","embeddable":true,"href":"https:\/\/www.suno.com.br\/noticias\/wp-json\/wp\/v2\/categories?post=544293"},{"taxonomy":"post_tag","embeddable":true,"href":"https:\/\/www.suno.com.br\/noticias\/wp-json\/wp\/v2\/tags?post=544293"},{"taxonomy":"suno_strategy","embeddable":true,"href":"https:\/\/www.suno.com.br\/noticias\/wp-json\/wp\/v2\/suno_strategy?post=544293"}],"curies":[{"name":"wp","href":"https:\/\/api.w.org\/{rel}","templated":true}]}}