{"id":544213,"date":"2024-04-15T20:13:24","date_gmt":"2024-04-15T23:13:24","guid":{"rendered":"https:\/\/www.suno.com.br\/noticias\/?p=544213"},"modified":"2024-04-15T20:13:32","modified_gmt":"2024-04-15T23:13:32","slug":"b3-b3sa3-volume-medio-mercado-acoes-mm","status":"publish","type":"post","link":"https:\/\/www.suno.com.br\/noticias\/b3-b3sa3-volume-medio-mercado-acoes-mm\/","title":{"rendered":"B3 (B3SA3): volume m\u00e9dio di\u00e1rio no mercado de a\u00e7\u00f5es cai 5,6% em mar\u00e7o na compara\u00e7\u00e3o anual"},"content":{"rendered":"<p>O volume financeiro m\u00e9dio negociado na <strong>B3<\/strong> (B3SA3) no segmento de a\u00e7\u00f5es apresentou uma queda de 7,2% em mar\u00e7o deste ano em compara\u00e7\u00e3o com fevereiro, totalizando um montante de R$ 24,558 bilh\u00f5es. Em rela\u00e7\u00e3o ao mesmo per\u00edodo do ano anterior, a queda foi de 5,6%.<\/p>\t<div class=\"wrapper-featured-image\">\n\t\t<figure class=\"spotlightImg\">\n\n\t\t\t<picture>\n\t\t\t\t<source media=\"(max-width: 768px)\" srcset=\"https:\/\/files.sunoresearch.com.br\/n\/uploads\/2023\/06\/Ibovespa-B3-Fachada-400x200.jpg\">\n\t\t\t\t<img loading=\"lazy\" decoding=\"async\" class=\"newsContent__article__imgCapa lazyloadDisabled \" src=\"https:\/\/files.sunoresearch.com.br\/n\/uploads\/2023\/06\/Ibovespa-B3-Fachada-800x450.jpg\" width=\"800\" height=\"450\" alt=\"B3 (B3SA3): volume m\u00e9dio di\u00e1rio no mercado de a\u00e7\u00f5es cai 5,6% em mar\u00e7o na compara\u00e7\u00e3o anual\" fetchpriority=high \/>\n\t\t\t<\/picture>\n\n\t\t\t<figcaption class=\"wp-caption-text wp-caption-text--show\">B3 (B3SA3). Foto: Divulga\u00e7\u00e3o<\/figcaption>\n\t\t<\/figure>\n\t<\/div>\n\n\n\n\n\n\t<p>\n\t\t<a href=\"https:\/\/lp.suno.com.br\/planilha-da-vida-financeira\/\" target=\"_blank\" data-element=\"shortcode-suno-banner\" title=\"Banner SUNO, clique e saiba mais\">\n\t\t\t<picture>\n\t\t\t\t<source media=\"(max-width: 500px)\" srcset=\"https:\/\/files.sunoresearch.com.br\/n\/uploads\/2023\/04\/400x300-Planilha-vida-financeira-true.png\">\n\t\t\t\t<img class=\"newsContent__article__imgCapa newsContent__article__imgCapa--banner\"\n\t\t\t\t\tsrc=\"https:\/\/files.sunoresearch.com.br\/n\/uploads\/2023\/04\/1420x240-Planilha-vida-financeira-true.png\"\n\t\t\t\t\tdata-promo-id=\"106682\"\t\t\t\t\t\t\t\t\t\twidth='1420' height='240'\t\t\t\t\talt=\"https:\/\/files.sunoresearch.com.br\/n\/uploads\/2023\/04\/1420x240-Planilha-vida-financeira-true.png\"\n\t\t\t\t>\n\t\t\t<\/picture>\n\t\t<\/a>\n\t<\/p>\n\n\n\n\n\n\n\n<p>Apesar da <strong>queda no volume financeiro na B3<\/strong>, a empresa encerrou o m\u00eas com 5,938 milh\u00f5es de contas na deposit\u00e1ria, registrando um avan\u00e7o de 0,6% em 12 meses. O n\u00famero de investidores individuais atingiu 5,094 milh\u00f5es, representando um aumento de 0,6%. A quantidade de empresas listadas permaneceu est\u00e1vel em 443.<\/p>\n\n\n\n<p>A <strong>capitaliza\u00e7\u00e3o m\u00e9dia de mercado da B3<\/strong> estava em R$ 4,586 trilh\u00f5es, apresentando uma queda de 1,3% em rela\u00e7\u00e3o ao mesmo per\u00edodo do ano anterior.<\/p>\n\n\n\n<p>No segmento de futuros, que engloba juros, moedas e mercadorias, o volume m\u00e9dio di\u00e1rio registrou um aumento de 15,3% na base anual, atingindo R$ 7,287 bilh\u00f5es. Por outro lado, a receita m\u00e9dia por contrato apresentou uma queda de 4,4% em rela\u00e7\u00e3o ao ano anterior.<\/p>\n\n\n\n<p>No <a class=\"suno-keyword\" target=\"_blank\" data-force=\"no\" data-priority=\"1\" href=\"https:\/\/www.suno.com.br\/artigos\/mercado-balcao\/\" rel=\"noopener\">mercado de balc\u00e3o<\/a>, as novas emiss\u00f5es de renda fixa da <strong>B3 <\/strong>aumentaram 7,2% na compara\u00e7\u00e3o anual, totalizando R$ 1,382 trilh\u00e3o. No entanto, o estoque apresentou uma leve queda de 0,1%, ficando em R$ 6,244 trilh\u00f5es.<\/p>\n\n\n\n<h2 class=\"wp-block-heading\">Entenda por que o indicador \u00e9 importante para a B3<\/h2>\n\n\n\n<ul class=\"wp-block-list\">\n<li>O <strong>volume m\u00e9dio di\u00e1rio<\/strong> no mercado de a\u00e7\u00f5es \u00e9 uma m\u00e9trica que representa a m\u00e9dia das quantidades de a\u00e7\u00f5es negociadas em um determinado per\u00edodo de tempo, geralmente calculada em dias. <\/li>\n\n\n\n<li>No caso da B3, o c\u00e1lculo \u00e9 feito mensalmente. Esse volume \u00e9 uma medida importante da liquidez de um mercado, indicando o n\u00famero de a\u00e7\u00f5es que s\u00e3o compradas e vendidas em um dia t\u00edpico de negocia\u00e7\u00e3o.<\/li>\n\n\n\n<li>A m\u00e9trica \u00e9 utilizada por investidores e analistas para avaliar a atividade e o interesse dos participantes do mercado em determinados ativos ou no mercado como um todo. <\/li>\n\n\n\n<li>Um alto volume m\u00e9dio di\u00e1rio pode indicar uma maior liquidez e interesse dos investidores, enquanto um baixo volume m\u00e9dio di\u00e1rio pode sugerir menor atividade e poss\u00edveis dificuldades em encontrar contrapartes para negocia\u00e7\u00f5es.<\/li>\n<\/ul>\n\n\n\t<p>\n\t\t<a href=\"https:\/\/lp.suno.com.br\/ebook-como-analisar-uma-acao\/\" target=\"_blank\" data-element=\"shortcode-suno-banner\" title=\"Banner SUNO, clique e saiba mais\">\n\t\t\t<picture>\n\t\t\t\t<source media=\"(max-width: 500px)\" srcset=\"https:\/\/files.sunoresearch.com.br\/n\/uploads\/2023\/03\/Ebook-Acoes-Mobile.jpg\">\n\t\t\t\t<img class=\"newsContent__article__imgCapa newsContent__article__imgCapa--banner\"\n\t\t\t\t\tsrc=\"https:\/\/files.sunoresearch.com.br\/n\/uploads\/2023\/03\/Ebook-Acoes-Desktop.jpg\"\n\t\t\t\t\tdata-promo-id=\"378302\"\t\t\t\t\t\t\t\t\t\twidth='1420' height='286'\t\t\t\t\talt=\"https:\/\/files.sunoresearch.com.br\/n\/uploads\/2023\/03\/Ebook-Acoes-Desktop.jpg\"\n\t\t\t\t>\n\t\t\t<\/picture>\n\t\t<\/a>\n\t<\/p>\n\n\n\n\n\n<h2 class=\"wp-block-heading\">Lucro da B3 cai 8,8% no 4T23<\/h2>\n\n\n\n<p>No quarto trimestre do ano passado (4T23), a <strong>B3 registrou uma queda de 8,8% no lucro<\/strong>, que totalizou R$ 915,5 milh\u00f5es. Fatores como a redu\u00e7\u00e3o da receita e o aumento das despesas, especialmente relacionadas ao processamento de dados, contribu\u00edram para esse resultado, conforme balan\u00e7o da empresa.<\/p>\n\n\n\n<p>A receita da operadora da bolsa caiu 2,8%, alcan\u00e7ando R$ 2,24 bilh\u00f5es, refletindo uma movimenta\u00e7\u00e3o mais fraca no mercado acion\u00e1rio, que impactou negativamente o segmento listado. <\/p>\n\n\n\n<p>Esse segmento, que corresponde a quase 57% da receita total da <strong>B3<\/strong>, engloba n\u00e3o apenas a\u00e7\u00f5es, mas tamb\u00e9m instrumentos de renda vari\u00e1vel, juros, moedas e mercadorias. A queda de 13,5% na receita desse segmento n\u00e3o p\u00f4de ser compensada pelo aumento na receita de outros segmentos de atua\u00e7\u00e3o, como balc\u00e3o e tecnologia, dados e servi\u00e7os.<\/p>\n\n\n\n<h2 class=\"wp-block-heading\">Estrangeiros sacam R$ 879,7 milh\u00f5es na B3&nbsp;<\/h2>\n\n\n\n<p>Na quinta-feira (11), os investidores estrangeiros realizaram saques no segmento secund\u00e1rio da<strong> Bolsa de Valores<\/strong> de S\u00e3o Paulo (B3), totalizando R$ 879,7 milh\u00f5es em recursos. Esse movimento ocorreu em meio a uma queda de 0,51% no Ibovespa, principal \u00edndice da B3. Com essas retiradas, o d\u00e9ficit mensal dos <strong>investidores estrangeiros<\/strong> nesse segmento atingiu R$ 2,70 bilh\u00f5es, enquanto o d\u00e9ficit anual alcan\u00e7ou a marca de R$ 25,60 bilh\u00f5es. <\/p>\n\n\n\n<p>Por outro lado, os investidores institucionais demonstraram um comportamento oposto, realizando aportes no valor de R$ 266,8 milh\u00f5es no mesmo dia. Essa entrada de recursos contribuiu para reduzir o d\u00e9ficit mensal desse grupo para R$ 586,9 milh\u00f5es, enquanto o <strong>super\u00e1vit anual <\/strong>atingiu R$ 963,2 milh\u00f5es.<\/p>\n\n\n\n<p>Destacando-se ainda mais, os investidores individuais tamb\u00e9m contribu\u00edram para o cen\u00e1rio positivo, com aportes de R$ 331,1 milh\u00f5es na mesma data. Isso elevou o saldo positivo do m\u00eas para expressivos R$ 1,82 bilh\u00e3o e o super\u00e1vit acumulado em 2024 para robustos R$ 14,47 bilh\u00f5es. Os n\u00fameros foram divulgados pela <strong>B3<\/strong>.<\/p>\n\n\n\t<p>\n\t\t<a href=\"https:\/\/lp.suno.com.br\/planilha-da-vida-financeira\/\" target=\"_blank\" data-element=\"shortcode-suno-banner\" title=\"Banner SUNO, clique e saiba mais\">\n\t\t\t<picture>\n\t\t\t\t<source media=\"(max-width: 500px)\" srcset=\"https:\/\/files.sunoresearch.com.br\/n\/uploads\/2023\/04\/400x300-Planilha-vida-financeira-true.png\">\n\t\t\t\t<img class=\"newsContent__article__imgCapa newsContent__article__imgCapa--banner\"\n\t\t\t\t\tsrc=\"https:\/\/files.sunoresearch.com.br\/n\/uploads\/2023\/04\/1420x240-Planilha-vida-financeira-true.png\"\n\t\t\t\t\tdata-promo-id=\"383123\"\t\t\t\t\t\t\t\t\t\twidth='1420' height='240'\t\t\t\t\talt=\"https:\/\/files.sunoresearch.com.br\/n\/uploads\/2023\/04\/1420x240-Planilha-vida-financeira-true.png\"\n\t\t\t\t>\n\t\t\t<\/picture>\n\t\t<\/a>\n\t<\/p>\n\n\n","protected":false},"excerpt":{"rendered":"<p>O volume financeiro m\u00e9dio negociado na B3 (B3SA3) no segmento de a\u00e7\u00f5es apresentou uma queda de 7,2% em mar\u00e7o deste ano em compara\u00e7\u00e3o com fevereiro, totalizando um montante de R$ 24,558 bilh\u00f5es. Em rela\u00e7\u00e3o ao mesmo per\u00edodo do ano anterior, a queda foi de 5,6%. B3 (B3SA3). Foto: Divulga\u00e7\u00e3o Apesar da queda no volume financeiro [&hellip;]<\/p>\n","protected":false},"author":345,"featured_media":414140,"comment_status":"closed","ping_status":"closed","sticky":false,"template":"","format":"standard","meta":[],"categories":[64],"tags":[286,367],"suno_strategy":[],"class_list":["post-544213","post","type-post","status-publish","format-standard","has-post-thumbnail","hentry","category-negocios","tag-acoes","tag-b3-b3sa3"],"yoast_head":"<!-- This site is optimized with the Yoast SEO plugin v24.4 - https:\/\/yoast.com\/wordpress\/plugins\/seo\/ -->\n<title>B3 (B3SA3): volume m\u00e9dio di\u00e1rio no mercado de a\u00e7\u00f5es cai 7,2%<\/title>\n<meta name=\"description\" content=\"O volume financeiro m\u00e9dio negociado na B3 (B3SA3) no segmento de a\u00e7\u00f5es teve queda de 7,2% em mar\u00e7o deste ano em compara\u00e7\u00e3o com fevereiro\" \/>\n<meta name=\"robots\" content=\"index, follow, max-snippet:-1, max-image-preview:large, max-video-preview:-1\" \/>\n<link rel=\"canonical\" href=\"https:\/\/www.suno.com.br\/noticias\/b3-b3sa3-volume-medio-mercado-acoes-mm\/\" \/>\n<meta property=\"og:locale\" content=\"pt_BR\" \/>\n<meta property=\"og:type\" content=\"article\" \/>\n<meta property=\"og:title\" content=\"B3 (B3SA3): volume m\u00e9dio di\u00e1rio no mercado de a\u00e7\u00f5es cai 7,2%\" \/>\n<meta property=\"og:description\" content=\"O volume financeiro m\u00e9dio negociado na B3 (B3SA3) no segmento de a\u00e7\u00f5es teve queda de 7,2% em mar\u00e7o deste ano em compara\u00e7\u00e3o com fevereiro\" \/>\n<meta property=\"og:url\" content=\"https:\/\/www.suno.com.br\/noticias\/b3-b3sa3-volume-medio-mercado-acoes-mm\/\" \/>\n<meta property=\"og:site_name\" content=\"Suno Not\u00edcias\" \/>\n<meta property=\"article:publisher\" content=\"https:\/\/facebook.com\/sunoresearch\" \/>\n<meta property=\"og:image\" content=\"https:\/\/files.sunoresearch.com.br\/n\/uploads\/2023\/06\/Ibovespa-B3-Fachada.jpg\" \/>\n\t<meta property=\"og:image:width\" content=\"1459\" \/>\n\t<meta property=\"og:image:height\" content=\"821\" \/>\n\t<meta property=\"og:image:type\" content=\"image\/jpeg\" \/>\n<meta name=\"author\" content=\"Murilo Melo\" \/>\n<meta name=\"twitter:card\" content=\"summary_large_image\" \/>\n<meta name=\"twitter:creator\" content=\"@sunoresearch\" \/>\n<meta name=\"twitter:site\" content=\"@sunoresearch\" \/>\n<meta name=\"twitter:label1\" content=\"Escrito por\" \/>\n\t<meta name=\"twitter:data1\" content=\"Murilo Melo\" \/>\n\t<meta name=\"twitter:label2\" content=\"Est. tempo de leitura\" \/>\n\t<meta name=\"twitter:data2\" content=\"4 minutos\" \/>\n<script type=\"application\/ld+json\" class=\"yoast-schema-graph\">{\"@context\":\"https:\/\/schema.org\",\"@graph\":[{\"@type\":\"NewsArticle\",\"@id\":\"https:\/\/www.suno.com.br\/noticias\/b3-b3sa3-volume-medio-mercado-acoes-mm\/#article\",\"isPartOf\":{\"@id\":\"https:\/\/www.suno.com.br\/noticias\/b3-b3sa3-volume-medio-mercado-acoes-mm\/\"},\"author\":{\"name\":\"Murilo Melo\",\"@id\":\"https:\/\/www.suno.com.br\/noticias\/#\/schema\/person\/32d4feb215afe4b317d446bb442400dd\"},\"headline\":\"B3 (B3SA3): volume m\u00e9dio di\u00e1rio no mercado de a\u00e7\u00f5es cai 5,6% em mar\u00e7o na compara\u00e7\u00e3o anual\",\"datePublished\":\"2024-04-15T23:13:24+00:00\",\"dateModified\":\"2024-04-15T23:13:32+00:00\",\"mainEntityOfPage\":{\"@id\":\"https:\/\/www.suno.com.br\/noticias\/b3-b3sa3-volume-medio-mercado-acoes-mm\/\"},\"wordCount\":716,\"publisher\":{\"@id\":\"https:\/\/www.suno.com.br\/noticias\/#organization\"},\"image\":{\"@id\":\"https:\/\/www.suno.com.br\/noticias\/b3-b3sa3-volume-medio-mercado-acoes-mm\/#primaryimage\"},\"thumbnailUrl\":\"https:\/\/files.sunoresearch.com.br\/n\/uploads\/2023\/06\/Ibovespa-B3-Fachada.jpg\",\"keywords\":[\"A\u00e7\u00f5es\",\"B3 (B3SA3)\"],\"articleSection\":[\"Neg\u00f3cios\"],\"inLanguage\":\"pt-BR\"},{\"@type\":\"WebPage\",\"@id\":\"https:\/\/www.suno.com.br\/noticias\/b3-b3sa3-volume-medio-mercado-acoes-mm\/\",\"url\":\"https:\/\/www.suno.com.br\/noticias\/b3-b3sa3-volume-medio-mercado-acoes-mm\/\",\"name\":\"B3 (B3SA3): volume m\u00e9dio di\u00e1rio no mercado de a\u00e7\u00f5es cai 7,2%\",\"isPartOf\":{\"@id\":\"https:\/\/www.suno.com.br\/noticias\/#website\"},\"primaryImageOfPage\":{\"@id\":\"https:\/\/www.suno.com.br\/noticias\/b3-b3sa3-volume-medio-mercado-acoes-mm\/#primaryimage\"},\"image\":{\"@id\":\"https:\/\/www.suno.com.br\/noticias\/b3-b3sa3-volume-medio-mercado-acoes-mm\/#primaryimage\"},\"thumbnailUrl\":\"https:\/\/files.sunoresearch.com.br\/n\/uploads\/2023\/06\/Ibovespa-B3-Fachada.jpg\",\"datePublished\":\"2024-04-15T23:13:24+00:00\",\"dateModified\":\"2024-04-15T23:13:32+00:00\",\"description\":\"O volume financeiro m\u00e9dio negociado na B3 (B3SA3) no segmento de a\u00e7\u00f5es teve queda de 7,2% em mar\u00e7o deste ano em compara\u00e7\u00e3o com fevereiro\",\"breadcrumb\":{\"@id\":\"https:\/\/www.suno.com.br\/noticias\/b3-b3sa3-volume-medio-mercado-acoes-mm\/#breadcrumb\"},\"inLanguage\":\"pt-BR\",\"potentialAction\":[{\"@type\":\"ReadAction\",\"target\":[\"https:\/\/www.suno.com.br\/noticias\/b3-b3sa3-volume-medio-mercado-acoes-mm\/\"]}]},{\"@type\":\"ImageObject\",\"inLanguage\":\"pt-BR\",\"@id\":\"https:\/\/www.suno.com.br\/noticias\/b3-b3sa3-volume-medio-mercado-acoes-mm\/#primaryimage\",\"url\":\"https:\/\/files.sunoresearch.com.br\/n\/uploads\/2023\/06\/Ibovespa-B3-Fachada.jpg\",\"contentUrl\":\"https:\/\/files.sunoresearch.com.br\/n\/uploads\/2023\/06\/Ibovespa-B3-Fachada.jpg\",\"width\":1459,\"height\":821,\"caption\":\"B3 (B3SA3). Foto: Divulga\u00e7\u00e3o\"},{\"@type\":\"BreadcrumbList\",\"@id\":\"https:\/\/www.suno.com.br\/noticias\/b3-b3sa3-volume-medio-mercado-acoes-mm\/#breadcrumb\",\"itemListElement\":[{\"@type\":\"ListItem\",\"position\":1,\"name\":\"Not\u00edcias\",\"item\":\"https:\/\/www.suno.com.br\/noticias\/\"},{\"@type\":\"ListItem\",\"position\":2,\"name\":\"Neg\u00f3cios\",\"item\":\"https:\/\/www.suno.com.br\/noticias\/negocios\/\"},{\"@type\":\"ListItem\",\"position\":3,\"name\":\"B3 (B3SA3): volume m\u00e9dio di\u00e1rio no mercado de a\u00e7\u00f5es cai 5,6% em mar\u00e7o na compara\u00e7\u00e3o anual\"}]},{\"@type\":\"WebSite\",\"@id\":\"https:\/\/www.suno.com.br\/noticias\/#website\",\"url\":\"https:\/\/www.suno.com.br\/noticias\/\",\"name\":\"Suno Not\u00edcias\",\"description\":\"Seu portal de informa\u00e7\u00e3o sobre o mundo dos investimentos\",\"publisher\":{\"@id\":\"https:\/\/www.suno.com.br\/noticias\/#organization\"},\"potentialAction\":[{\"@type\":\"SearchAction\",\"target\":{\"@type\":\"EntryPoint\",\"urlTemplate\":\"https:\/\/www.suno.com.br\/noticias\/?s={search_term_string}\"},\"query-input\":{\"@type\":\"PropertyValueSpecification\",\"valueRequired\":true,\"valueName\":\"search_term_string\"}}],\"inLanguage\":\"pt-BR\"},{\"@type\":\"Organization\",\"@id\":\"https:\/\/www.suno.com.br\/noticias\/#organization\",\"name\":\"Suno Not\u00edcias\",\"url\":\"https:\/\/www.suno.com.br\/noticias\/\",\"logo\":{\"@type\":\"ImageObject\",\"inLanguage\":\"pt-BR\",\"@id\":\"https:\/\/www.suno.com.br\/noticias\/#\/schema\/logo\/image\/\",\"url\":\"https:\/\/files.sunoresearch.com.br\/n\/uploads\/2021\/09\/suno-logo.png\",\"contentUrl\":\"https:\/\/files.sunoresearch.com.br\/n\/uploads\/2021\/09\/suno-logo.png\",\"width\":180,\"height\":180,\"caption\":\"Suno Not\u00edcias\"},\"image\":{\"@id\":\"https:\/\/www.suno.com.br\/noticias\/#\/schema\/logo\/image\/\"},\"sameAs\":[\"https:\/\/facebook.com\/sunoresearch\",\"https:\/\/x.com\/sunoresearch\",\"https:\/\/www.instagram.com\/suno\",\"https:\/\/www.linkedin.com\/company\/suno-research\/\",\"https:\/\/www.youtube.com\/c\/sunoresearch\"]},{\"@type\":\"Person\",\"@id\":\"https:\/\/www.suno.com.br\/noticias\/#\/schema\/person\/32d4feb215afe4b317d446bb442400dd\",\"name\":\"Murilo Melo\",\"image\":{\"@type\":\"ImageObject\",\"inLanguage\":\"pt-BR\",\"@id\":\"https:\/\/www.suno.com.br\/noticias\/#\/schema\/person\/image\/\",\"url\":\"https:\/\/secure.gravatar.com\/avatar\/af7a693198b592028493c0e8b0583d4f?s=96&r=g\",\"contentUrl\":\"https:\/\/secure.gravatar.com\/avatar\/af7a693198b592028493c0e8b0583d4f?s=96&r=g\",\"caption\":\"Murilo Melo\"},\"description\":\"\u00c9 um jornalista e letr\u00f3logo com vasta experi\u00eancia em economia, finan\u00e7as e mercado. J\u00e1 foi rep\u00f3rter de jornais, revistas e sites noticiosos como A Tarde, Correio e Folha de S.Paulo. No Suno Not\u00edcias, escreve sobre neg\u00f3cios\",\"url\":\"https:\/\/www.suno.com.br\/noticias\/author\/murilomelo-jornalismogmail-com\/\"}]}<\/script>\n<!-- \/ Yoast SEO plugin. -->","yoast_head_json":{"title":"B3 (B3SA3): volume m\u00e9dio di\u00e1rio no mercado de a\u00e7\u00f5es cai 7,2%","description":"O volume financeiro m\u00e9dio negociado na B3 (B3SA3) no segmento de a\u00e7\u00f5es teve queda de 7,2% em mar\u00e7o deste ano em compara\u00e7\u00e3o com fevereiro","robots":{"index":"index","follow":"follow","max-snippet":"max-snippet:-1","max-image-preview":"max-image-preview:large","max-video-preview":"max-video-preview:-1"},"canonical":"https:\/\/www.suno.com.br\/noticias\/b3-b3sa3-volume-medio-mercado-acoes-mm\/","og_locale":"pt_BR","og_type":"article","og_title":"B3 (B3SA3): volume m\u00e9dio di\u00e1rio no mercado de a\u00e7\u00f5es cai 7,2%","og_description":"O volume financeiro m\u00e9dio negociado na B3 (B3SA3) no segmento de a\u00e7\u00f5es teve queda de 7,2% em mar\u00e7o deste ano em compara\u00e7\u00e3o com fevereiro","og_url":"https:\/\/www.suno.com.br\/noticias\/b3-b3sa3-volume-medio-mercado-acoes-mm\/","og_site_name":"Suno Not\u00edcias","article_publisher":"https:\/\/facebook.com\/sunoresearch","og_image":[{"width":1459,"height":821,"url":"https:\/\/files.sunoresearch.com.br\/n\/uploads\/2023\/06\/Ibovespa-B3-Fachada.jpg","type":"image\/jpeg"}],"author":"Murilo Melo","twitter_card":"summary_large_image","twitter_creator":"@sunoresearch","twitter_site":"@sunoresearch","twitter_misc":{"Escrito por":"Murilo Melo","Est. tempo de leitura":"4 minutos"},"schema":{"@context":"https:\/\/schema.org","@graph":[{"@type":"NewsArticle","@id":"https:\/\/www.suno.com.br\/noticias\/b3-b3sa3-volume-medio-mercado-acoes-mm\/#article","isPartOf":{"@id":"https:\/\/www.suno.com.br\/noticias\/b3-b3sa3-volume-medio-mercado-acoes-mm\/"},"author":{"name":"Murilo Melo","@id":"https:\/\/www.suno.com.br\/noticias\/#\/schema\/person\/32d4feb215afe4b317d446bb442400dd"},"headline":"B3 (B3SA3): volume m\u00e9dio di\u00e1rio no mercado de a\u00e7\u00f5es cai 5,6% em mar\u00e7o na compara\u00e7\u00e3o anual","datePublished":"2024-04-15T23:13:24+00:00","dateModified":"2024-04-15T23:13:32+00:00","mainEntityOfPage":{"@id":"https:\/\/www.suno.com.br\/noticias\/b3-b3sa3-volume-medio-mercado-acoes-mm\/"},"wordCount":716,"publisher":{"@id":"https:\/\/www.suno.com.br\/noticias\/#organization"},"image":{"@id":"https:\/\/www.suno.com.br\/noticias\/b3-b3sa3-volume-medio-mercado-acoes-mm\/#primaryimage"},"thumbnailUrl":"https:\/\/files.sunoresearch.com.br\/n\/uploads\/2023\/06\/Ibovespa-B3-Fachada.jpg","keywords":["A\u00e7\u00f5es","B3 (B3SA3)"],"articleSection":["Neg\u00f3cios"],"inLanguage":"pt-BR"},{"@type":"WebPage","@id":"https:\/\/www.suno.com.br\/noticias\/b3-b3sa3-volume-medio-mercado-acoes-mm\/","url":"https:\/\/www.suno.com.br\/noticias\/b3-b3sa3-volume-medio-mercado-acoes-mm\/","name":"B3 (B3SA3): volume m\u00e9dio di\u00e1rio no mercado de a\u00e7\u00f5es cai 7,2%","isPartOf":{"@id":"https:\/\/www.suno.com.br\/noticias\/#website"},"primaryImageOfPage":{"@id":"https:\/\/www.suno.com.br\/noticias\/b3-b3sa3-volume-medio-mercado-acoes-mm\/#primaryimage"},"image":{"@id":"https:\/\/www.suno.com.br\/noticias\/b3-b3sa3-volume-medio-mercado-acoes-mm\/#primaryimage"},"thumbnailUrl":"https:\/\/files.sunoresearch.com.br\/n\/uploads\/2023\/06\/Ibovespa-B3-Fachada.jpg","datePublished":"2024-04-15T23:13:24+00:00","dateModified":"2024-04-15T23:13:32+00:00","description":"O volume financeiro m\u00e9dio negociado na B3 (B3SA3) no segmento de a\u00e7\u00f5es teve queda de 7,2% em mar\u00e7o deste ano em compara\u00e7\u00e3o com fevereiro","breadcrumb":{"@id":"https:\/\/www.suno.com.br\/noticias\/b3-b3sa3-volume-medio-mercado-acoes-mm\/#breadcrumb"},"inLanguage":"pt-BR","potentialAction":[{"@type":"ReadAction","target":["https:\/\/www.suno.com.br\/noticias\/b3-b3sa3-volume-medio-mercado-acoes-mm\/"]}]},{"@type":"ImageObject","inLanguage":"pt-BR","@id":"https:\/\/www.suno.com.br\/noticias\/b3-b3sa3-volume-medio-mercado-acoes-mm\/#primaryimage","url":"https:\/\/files.sunoresearch.com.br\/n\/uploads\/2023\/06\/Ibovespa-B3-Fachada.jpg","contentUrl":"https:\/\/files.sunoresearch.com.br\/n\/uploads\/2023\/06\/Ibovespa-B3-Fachada.jpg","width":1459,"height":821,"caption":"B3 (B3SA3). Foto: Divulga\u00e7\u00e3o"},{"@type":"BreadcrumbList","@id":"https:\/\/www.suno.com.br\/noticias\/b3-b3sa3-volume-medio-mercado-acoes-mm\/#breadcrumb","itemListElement":[{"@type":"ListItem","position":1,"name":"Not\u00edcias","item":"https:\/\/www.suno.com.br\/noticias\/"},{"@type":"ListItem","position":2,"name":"Neg\u00f3cios","item":"https:\/\/www.suno.com.br\/noticias\/negocios\/"},{"@type":"ListItem","position":3,"name":"B3 (B3SA3): volume m\u00e9dio di\u00e1rio no mercado de a\u00e7\u00f5es cai 5,6% em mar\u00e7o na compara\u00e7\u00e3o anual"}]},{"@type":"WebSite","@id":"https:\/\/www.suno.com.br\/noticias\/#website","url":"https:\/\/www.suno.com.br\/noticias\/","name":"Suno Not\u00edcias","description":"Seu portal de informa\u00e7\u00e3o sobre o mundo dos investimentos","publisher":{"@id":"https:\/\/www.suno.com.br\/noticias\/#organization"},"potentialAction":[{"@type":"SearchAction","target":{"@type":"EntryPoint","urlTemplate":"https:\/\/www.suno.com.br\/noticias\/?s={search_term_string}"},"query-input":{"@type":"PropertyValueSpecification","valueRequired":true,"valueName":"search_term_string"}}],"inLanguage":"pt-BR"},{"@type":"Organization","@id":"https:\/\/www.suno.com.br\/noticias\/#organization","name":"Suno Not\u00edcias","url":"https:\/\/www.suno.com.br\/noticias\/","logo":{"@type":"ImageObject","inLanguage":"pt-BR","@id":"https:\/\/www.suno.com.br\/noticias\/#\/schema\/logo\/image\/","url":"https:\/\/files.sunoresearch.com.br\/n\/uploads\/2021\/09\/suno-logo.png","contentUrl":"https:\/\/files.sunoresearch.com.br\/n\/uploads\/2021\/09\/suno-logo.png","width":180,"height":180,"caption":"Suno Not\u00edcias"},"image":{"@id":"https:\/\/www.suno.com.br\/noticias\/#\/schema\/logo\/image\/"},"sameAs":["https:\/\/facebook.com\/sunoresearch","https:\/\/x.com\/sunoresearch","https:\/\/www.instagram.com\/suno","https:\/\/www.linkedin.com\/company\/suno-research\/","https:\/\/www.youtube.com\/c\/sunoresearch"]},{"@type":"Person","@id":"https:\/\/www.suno.com.br\/noticias\/#\/schema\/person\/32d4feb215afe4b317d446bb442400dd","name":"Murilo Melo","image":{"@type":"ImageObject","inLanguage":"pt-BR","@id":"https:\/\/www.suno.com.br\/noticias\/#\/schema\/person\/image\/","url":"https:\/\/secure.gravatar.com\/avatar\/af7a693198b592028493c0e8b0583d4f?s=96&r=g","contentUrl":"https:\/\/secure.gravatar.com\/avatar\/af7a693198b592028493c0e8b0583d4f?s=96&r=g","caption":"Murilo Melo"},"description":"\u00c9 um jornalista e letr\u00f3logo com vasta experi\u00eancia em economia, finan\u00e7as e mercado. J\u00e1 foi rep\u00f3rter de jornais, revistas e sites noticiosos como A Tarde, Correio e Folha de S.Paulo. No Suno Not\u00edcias, escreve sobre neg\u00f3cios","url":"https:\/\/www.suno.com.br\/noticias\/author\/murilomelo-jornalismogmail-com\/"}]}},"default_loop_html":"<div class=\"cardsPage__listCard__boxs\"><div class=\"cardsPage__listCard__boxs__img\"><a href=\"https:\/\/www.suno.com.br\/noticias\/b3-b3sa3-volume-medio-mercado-acoes-mm\/\"><img class=\"mask\" src=\"https:\/\/www.suno.com.br\/noticias\/wp-content\/themes\/suno\/resources\/images\/spotlight\/spotlight1img\/bg-mask.png\" alt=\"Image Mask\"\/><img src=\"https:\/\/files.sunoresearch.com.br\/n\/uploads\/2023\/06\/Ibovespa-B3-Fachada-400x200.jpg\" alt=\"B3 (B3SA3): volume m\u00e9dio di\u00e1rio no mercado de a\u00e7\u00f5es cai 5,6% em mar\u00e7o na compara\u00e7\u00e3o anual\"\/><\/a><span class=\"spotlightCategory\"><a href=\"https:\/\/www.suno.com.br\/noticias\/negocios\/\">Neg\u00f3cios<\/a><\/span><\/div><div class=\"cardsPage__listCard__boxs__content\"><a href=\"https:\/\/www.suno.com.br\/noticias\/b3-b3sa3-volume-medio-mercado-acoes-mm\/\"><h2 class=\"content__title\">B3 (B3SA3): volume m\u00e9dio di\u00e1rio no mercado de a\u00e7\u00f5es cai 5,6% em mar\u00e7o na compara\u00e7\u00e3o anual<\/h2><\/a><div class=\"newsContent__article__meta\"><div class=\"newsContent__article__meta__authorBox\"><a href=\"https:\/\/www.suno.com.br\/noticias\/author\/murilomelo-jornalismogmail-com\/\" class=\"authorBox__avatar noMobi\"><img src=\"https:\/\/files.sunoresearch.com.br\/n\/uploads\/2024\/02\/Murilo_Melo_Jornalista-e1708476456132-150x150.jpeg\" alt=\"Murilo Melo\"><\/a><div class=\"authorBox__name\"><span>por\n\t\t\t<a href=\"https:\/\/www.suno.com.br\/noticias\/author\/murilomelo-jornalismogmail-com\/\"><span itemprop=\"author\">Murilo Melo<\/span><\/a><\/span><time datetime=\"2024-04-15T20:13:24-03:00\" itemprop=\"datePublished\">15\/04\/2024 20:13<\/time><\/div><\/div><\/div><\/div><\/div>","single_layout":"posts","amp_enabled":true,"_links":{"self":[{"href":"https:\/\/www.suno.com.br\/noticias\/wp-json\/wp\/v2\/posts\/544213"}],"collection":[{"href":"https:\/\/www.suno.com.br\/noticias\/wp-json\/wp\/v2\/posts"}],"about":[{"href":"https:\/\/www.suno.com.br\/noticias\/wp-json\/wp\/v2\/types\/post"}],"author":[{"embeddable":true,"href":"https:\/\/www.suno.com.br\/noticias\/wp-json\/wp\/v2\/users\/345"}],"replies":[{"embeddable":true,"href":"https:\/\/www.suno.com.br\/noticias\/wp-json\/wp\/v2\/comments?post=544213"}],"version-history":[{"count":2,"href":"https:\/\/www.suno.com.br\/noticias\/wp-json\/wp\/v2\/posts\/544213\/revisions"}],"predecessor-version":[{"id":544230,"href":"https:\/\/www.suno.com.br\/noticias\/wp-json\/wp\/v2\/posts\/544213\/revisions\/544230"}],"wp:featuredmedia":[{"embeddable":true,"href":"https:\/\/www.suno.com.br\/noticias\/wp-json\/wp\/v2\/media\/414140"}],"wp:attachment":[{"href":"https:\/\/www.suno.com.br\/noticias\/wp-json\/wp\/v2\/media?parent=544213"}],"wp:term":[{"taxonomy":"category","embeddable":true,"href":"https:\/\/www.suno.com.br\/noticias\/wp-json\/wp\/v2\/categories?post=544213"},{"taxonomy":"post_tag","embeddable":true,"href":"https:\/\/www.suno.com.br\/noticias\/wp-json\/wp\/v2\/tags?post=544213"},{"taxonomy":"suno_strategy","embeddable":true,"href":"https:\/\/www.suno.com.br\/noticias\/wp-json\/wp\/v2\/suno_strategy?post=544213"}],"curies":[{"name":"wp","href":"https:\/\/api.w.org\/{rel}","templated":true}]}}