{"id":544188,"date":"2024-04-15T20:32:02","date_gmt":"2024-04-15T23:32:02","guid":{"rendered":"https:\/\/www.suno.com.br\/noticias\/?p=544188"},"modified":"2024-04-15T20:32:44","modified_gmt":"2024-04-15T23:32:44","slug":"btg-bpac11-mercado-acoes-mm","status":"publish","type":"post","link":"https:\/\/www.suno.com.br\/noticias\/btg-bpac11-mercado-acoes-mm\/","title":{"rendered":"Apesar da queda sucessiva no Ibovespa, BTG (BPAC11) \u00e9 escolha segura no mercado de capitais, avalia Safra. Veja motivos"},"content":{"rendered":"<p>As a\u00e7\u00f5es do <strong>BTG Pactual<\/strong> (BPAC11) atingiram um valor de R$ 33,76 no fechamento do <a class=\"suno-keyword\" data-force=\"no\" data-priority=\"2\" href=\"https:\/\/www.suno.com.br\/artigos\/pregao\/\" target=\"_blank\" rel=\"noopener\">preg\u00e3o da bolsa<\/a> brasileira, o Ibovespa, nesta segunda-feira (15). Isso representa uma queda de 1,57% ante o valor de fechamento da sexta-feira (12) e marca, at\u00e9 ent\u00e3o, o menor valor da empresa na Bolsa em 2024. A maior alta deste ano do BTG no Ibovespa foi registrada em 15 de janeiro, com a\u00e7\u00f5es negociadas a R$ 38,47.<\/p>\t<div class=\"wrapper-featured-image\">\n\t\t<figure class=\"spotlightImg\">\n\n\t\t\t<picture>\n\t\t\t\t<source media=\"(max-width: 768px)\" srcset=\"https:\/\/files.sunoresearch.com.br\/n\/uploads\/2024\/03\/iStock-1456133946-400x200.jpg\">\n\t\t\t\t<img loading=\"lazy\" decoding=\"async\" class=\"newsContent__article__imgCapa lazyloadDisabled \" src=\"https:\/\/files.sunoresearch.com.br\/n\/uploads\/2024\/03\/iStock-1456133946-800x450.jpg\" width=\"800\" height=\"450\" alt=\"Apesar da queda sucessiva no Ibovespa, BTG (BPAC11) \u00e9 escolha segura no mercado de capitais, avalia Safra. Veja motivos\" fetchpriority=high \/>\n\t\t\t<\/picture>\n\n\t\t\t<figcaption class=\"wp-caption-text wp-caption-text--show\">Bolsa de valores - Foto: iSotck<\/figcaption>\n\t\t<\/figure>\n\t<\/div>\n\n\n\n\n\n\t<p>\n\t\t<a href=\"https:\/\/lp.suno.com.br\/planilha-da-vida-financeira\/\" target=\"_blank\" data-element=\"shortcode-suno-banner\" title=\"Banner SUNO, clique e saiba mais\">\n\t\t\t<picture>\n\t\t\t\t<source media=\"(max-width: 500px)\" srcset=\"https:\/\/files.sunoresearch.com.br\/n\/uploads\/2023\/04\/400x300-Planilha-vida-financeira-true.png\">\n\t\t\t\t<img class=\"newsContent__article__imgCapa newsContent__article__imgCapa--banner\"\n\t\t\t\t\tsrc=\"https:\/\/files.sunoresearch.com.br\/n\/uploads\/2023\/04\/1420x240-Planilha-vida-financeira-true.png\"\n\t\t\t\t\tdata-promo-id=\"106682\"\t\t\t\t\t\t\t\t\t\twidth='1420' height='240'\t\t\t\t\talt=\"https:\/\/files.sunoresearch.com.br\/n\/uploads\/2023\/04\/1420x240-Planilha-vida-financeira-true.png\"\n\t\t\t\t>\n\t\t\t<\/picture>\n\t\t<\/a>\n\t<\/p>\n\n\n\n\n\n<p>Desde o dia 9 de abril o <strong>BTG cai na Bols<\/strong>a. Ainda assim, em um cen\u00e1rio de taxas de juros elevadas e perda de atratividade no <a class=\"suno-keyword\" data-force=\"no\" data-priority=\"1\" href=\"https:\/\/www.suno.com.br\/artigos\/mercado-de-capitais-conceito\/\" target=\"_blank\" rel=\"noopener\">mercado de capitais<\/a> brasileiro, o BTG Pactual<strong> <\/strong>\u00e9 considerado a op\u00e7\u00e3o mais segura, de acordo com an\u00e1lise do Safra. A institui\u00e7\u00e3o destaca a plataforma de neg\u00f3cios diversificada do BTG como um diferencial em meio \u00e0s adversidades econ\u00f4micas, ressaltando sua resili\u00eancia e desempenho superior ao setor nos \u00faltimos anos.<\/p>\n\n\n\n<p>Analistas do Safra, Daniel Vaz, Silvio D\u00f3ria e Gabriel Pucci preveem um <strong>crescimento de lucro por a\u00e7\u00e3o do BTG <\/strong>(EPS) de +20% em termos hom\u00f3logos nos pr\u00f3ximos dois anos. Com base nessa perspectiva, o Safra revisou para cima suas previs\u00f5es de <strong>lucro para o BTG<\/strong>, projetando R$ 12,495 bilh\u00f5es em 2024 e R$ 15,087 bilh\u00f5es em 2025. Esses n\u00fameros representam aumentos significativos em rela\u00e7\u00e3o \u00e0s previs\u00f5es anteriores e superam as expectativas de consenso.<\/p>\n\n\n\n<p>Al\u00e9m disso, o pre\u00e7o-alvo para a Unit (unidade de negocia\u00e7\u00e3o de a\u00e7\u00f5es) do <strong>BTG <\/strong>foi revisado para R$ 42 pelo Safra, refletindo um potencial de valoriza\u00e7\u00e3o de 22% sobre o fechamento de sexta-feira, 12.<\/p>\n\n\n\n<p>Enquanto isso, a B3 mant\u00e9m-se como a principal escolha (top pick) do Safra devido a uma assimetria mais positiva, mesmo ap\u00f3s uma queda significativa no acumulado de 2024, influenciada pela sa\u00edda de capital externo. Em contraste, as <strong>Units do BTG acumulam queda <\/strong>neste ano.<\/p>\n\n\n\t<p>\n\t\t<a href=\"https:\/\/lp.suno.com.br\/ebook-como-analisar-uma-acao\/\" target=\"_blank\" data-element=\"shortcode-suno-banner\" title=\"Banner SUNO, clique e saiba mais\">\n\t\t\t<picture>\n\t\t\t\t<source media=\"(max-width: 500px)\" srcset=\"https:\/\/files.sunoresearch.com.br\/n\/uploads\/2023\/03\/Ebook-Acoes-Mobile.jpg\">\n\t\t\t\t<img class=\"newsContent__article__imgCapa newsContent__article__imgCapa--banner\"\n\t\t\t\t\tsrc=\"https:\/\/files.sunoresearch.com.br\/n\/uploads\/2023\/03\/Ebook-Acoes-Desktop.jpg\"\n\t\t\t\t\tdata-promo-id=\"378302\"\t\t\t\t\t\t\t\t\t\twidth='1420' height='286'\t\t\t\t\talt=\"https:\/\/files.sunoresearch.com.br\/n\/uploads\/2023\/03\/Ebook-Acoes-Desktop.jpg\"\n\t\t\t\t>\n\t\t\t<\/picture>\n\t\t<\/a>\n\t<\/p>\n\n\n\n\n\n<h2 class=\"wp-block-heading\">BTG registra lucro recorde no 4T23<\/h2>\n\n\n\n<p>No \u00faltimo trimestre de 2023 (4T23), o <a class=\"suno-keyword\" target=\"_blank\" data-force=\"no\" data-priority=\"1\" href=\"https:\/\/www.suno.com.br\/artigos\/lucro-liquido\/\" rel=\"noopener\">lucro l\u00edquido<\/a> ajustado do BTG Pactual atingiu R$ 2,847 bilh\u00f5es, representando um aumento de 4,1% em rela\u00e7\u00e3o ao trimestre anterior e um crescimento de 61,1% em compara\u00e7\u00e3o com o mesmo per\u00edodo de 2022. No acumulado do ano, o lucro totalizou R$ 10,419 bilh\u00f5es, refletindo um crescimento anual de 25%. Os dados foram divulgados em <strong>balan\u00e7o do BTG<\/strong> no dia 5 de fevereiro deste ano.<\/p>\n\n\n\n<p>A <a class=\"suno-keyword\" target=\"_blank\" data-force=\"no\" data-priority=\"1\" href=\"https:\/\/www.suno.com.br\/artigos\/receita-total\/\" rel=\"noopener\">receita total<\/a> do banco alcan\u00e7ou R$ 5,653 bilh\u00f5es nos \u00faltimos tr\u00eas meses de 2023, mantendo-se est\u00e1vel em compara\u00e7\u00e3o trimestral e apresentando um robusto avan\u00e7o de 55,9% em rela\u00e7\u00e3o ao mesmo per\u00edodo do ano anterior. Esse aumento expressivo nas compara\u00e7\u00f5es anuais foi influenciado por efeitos de base de compara\u00e7\u00e3o, como o reconhecimento do impacto de uma provis\u00e3o n\u00e3o recorrente no quarto trimestre de 2022.<\/p>\n\n\n\n<p>O retorno ajustado sobre o patrim\u00f4nio (Roae) no 4T23 foi de 23,4%, um leve aumento em rela\u00e7\u00e3o ao trimestre anterior e uma significativa melhoria em rela\u00e7\u00e3o ao mesmo per\u00edodo do ano anterior. Para o ano como um todo, o indicador ficou em 22,7%, superando as proje\u00e7\u00f5es da institui\u00e7\u00e3o. O CEO do BTG Pactual, Roberto Sallouti, afirmou \u00e0 \u00e9poca que a expectativa \u00e9 de um novo aumento para este ano.<\/p>\n\n\n\n<p>Em rela\u00e7\u00e3o \u00e0 capta\u00e7\u00e3o l\u00edquida de clientes, o <strong>BTG<\/strong> registrou R$ 41 bilh\u00f5es no \u00faltimo trimestre de 2023, uma queda em compara\u00e7\u00e3o ao trimestre anterior, refletindo um ambiente desafiador. <\/p>\n\n\n\t<p>\n\t\t<a href=\"https:\/\/lp.suno.com.br\/planilha-da-vida-financeira\/\" target=\"_blank\" data-element=\"shortcode-suno-banner\" title=\"Banner SUNO, clique e saiba mais\">\n\t\t\t<picture>\n\t\t\t\t<source media=\"(max-width: 500px)\" srcset=\"https:\/\/files.sunoresearch.com.br\/n\/uploads\/2023\/04\/400x300-Planilha-vida-financeira-true.png\">\n\t\t\t\t<img class=\"newsContent__article__imgCapa newsContent__article__imgCapa--banner\"\n\t\t\t\t\tsrc=\"https:\/\/files.sunoresearch.com.br\/n\/uploads\/2023\/04\/1420x240-Planilha-vida-financeira-true.png\"\n\t\t\t\t\tdata-promo-id=\"383123\"\t\t\t\t\t\t\t\t\t\twidth='1420' height='240'\t\t\t\t\talt=\"https:\/\/files.sunoresearch.com.br\/n\/uploads\/2023\/04\/1420x240-Planilha-vida-financeira-true.png\"\n\t\t\t\t>\n\t\t\t<\/picture>\n\t\t<\/a>\n\t<\/p>\n\n\n","protected":false},"excerpt":{"rendered":"<p>As a\u00e7\u00f5es do BTG Pactual (BPAC11) atingiram um valor de R$ 33,76 no fechamento do preg\u00e3o da bolsa brasileira, o Ibovespa, nesta segunda-feira (15). Isso representa uma queda de 1,57% ante o valor de fechamento da sexta-feira (12) e marca, at\u00e9 ent\u00e3o, o menor valor da empresa na Bolsa em 2024. A maior alta deste [&hellip;]<\/p>\n","protected":false},"author":345,"featured_media":532476,"comment_status":"closed","ping_status":"closed","sticky":false,"template":"","format":"standard","meta":[],"categories":[64],"tags":[286,399],"suno_strategy":[],"class_list":["post-544188","post","type-post","status-publish","format-standard","has-post-thumbnail","hentry","category-negocios","tag-acoes","tag-btg-pactual-bpac11-bpac3-bpac5"],"yoast_head":"<!-- This site is optimized with the Yoast SEO plugin v24.4 - https:\/\/yoast.com\/wordpress\/plugins\/seo\/ -->\n<title>Safra: BTG (BPAC11) \u00e9 a op\u00e7\u00e3o segura e rent\u00e1vel<\/title>\n<meta name=\"description\" content=\"A plataforma diversificada do BTG \u00e9 diferencial em meio \u00e0s adversidades econ\u00f4micas, e seu desempenho \u00e9 expressivo ao setor nos \u00faltimos anos.\" \/>\n<meta name=\"robots\" content=\"index, follow, max-snippet:-1, max-image-preview:large, max-video-preview:-1\" \/>\n<link rel=\"canonical\" href=\"https:\/\/www.suno.com.br\/noticias\/btg-bpac11-mercado-acoes-mm\/\" \/>\n<meta property=\"og:locale\" content=\"pt_BR\" \/>\n<meta property=\"og:type\" content=\"article\" \/>\n<meta property=\"og:title\" content=\"Safra: BTG (BPAC11) \u00e9 a op\u00e7\u00e3o segura e rent\u00e1vel\" \/>\n<meta property=\"og:description\" content=\"A plataforma diversificada do BTG \u00e9 diferencial em meio \u00e0s adversidades econ\u00f4micas, e seu desempenho \u00e9 expressivo ao setor nos \u00faltimos anos.\" \/>\n<meta property=\"og:url\" content=\"https:\/\/www.suno.com.br\/noticias\/btg-bpac11-mercado-acoes-mm\/\" \/>\n<meta property=\"og:site_name\" content=\"Suno Not\u00edcias\" \/>\n<meta property=\"article:publisher\" content=\"https:\/\/facebook.com\/sunoresearch\" \/>\n<meta property=\"og:image\" content=\"https:\/\/files.sunoresearch.com.br\/n\/uploads\/2024\/03\/iStock-1456133946.jpg\" \/>\n\t<meta property=\"og:image:width\" content=\"2291\" \/>\n\t<meta property=\"og:image:height\" content=\"1309\" \/>\n\t<meta property=\"og:image:type\" content=\"image\/jpeg\" \/>\n<meta name=\"author\" content=\"Murilo Melo\" \/>\n<meta name=\"twitter:card\" content=\"summary_large_image\" \/>\n<meta name=\"twitter:creator\" content=\"@sunoresearch\" \/>\n<meta name=\"twitter:site\" content=\"@sunoresearch\" \/>\n<meta name=\"twitter:label1\" content=\"Escrito por\" \/>\n\t<meta name=\"twitter:data1\" content=\"Murilo Melo\" \/>\n\t<meta name=\"twitter:label2\" content=\"Est. tempo de leitura\" \/>\n\t<meta name=\"twitter:data2\" content=\"3 minutos\" \/>\n<script type=\"application\/ld+json\" class=\"yoast-schema-graph\">{\"@context\":\"https:\/\/schema.org\",\"@graph\":[{\"@type\":\"NewsArticle\",\"@id\":\"https:\/\/www.suno.com.br\/noticias\/btg-bpac11-mercado-acoes-mm\/#article\",\"isPartOf\":{\"@id\":\"https:\/\/www.suno.com.br\/noticias\/btg-bpac11-mercado-acoes-mm\/\"},\"author\":{\"name\":\"Murilo Melo\",\"@id\":\"https:\/\/www.suno.com.br\/noticias\/#\/schema\/person\/32d4feb215afe4b317d446bb442400dd\"},\"headline\":\"Apesar da queda sucessiva no Ibovespa, BTG (BPAC11) \u00e9 escolha segura no mercado de capitais, avalia Safra. Veja motivos\",\"datePublished\":\"2024-04-15T23:32:02+00:00\",\"dateModified\":\"2024-04-15T23:32:44+00:00\",\"mainEntityOfPage\":{\"@id\":\"https:\/\/www.suno.com.br\/noticias\/btg-bpac11-mercado-acoes-mm\/\"},\"wordCount\":585,\"publisher\":{\"@id\":\"https:\/\/www.suno.com.br\/noticias\/#organization\"},\"image\":{\"@id\":\"https:\/\/www.suno.com.br\/noticias\/btg-bpac11-mercado-acoes-mm\/#primaryimage\"},\"thumbnailUrl\":\"https:\/\/files.sunoresearch.com.br\/n\/uploads\/2024\/03\/iStock-1456133946.jpg\",\"keywords\":[\"A\u00e7\u00f5es\",\"BTG Pactual (BPAC11\/BPAC3\/BPAC5)\"],\"articleSection\":[\"Neg\u00f3cios\"],\"inLanguage\":\"pt-BR\"},{\"@type\":\"WebPage\",\"@id\":\"https:\/\/www.suno.com.br\/noticias\/btg-bpac11-mercado-acoes-mm\/\",\"url\":\"https:\/\/www.suno.com.br\/noticias\/btg-bpac11-mercado-acoes-mm\/\",\"name\":\"Safra: BTG (BPAC11) \u00e9 a op\u00e7\u00e3o segura e rent\u00e1vel\",\"isPartOf\":{\"@id\":\"https:\/\/www.suno.com.br\/noticias\/#website\"},\"primaryImageOfPage\":{\"@id\":\"https:\/\/www.suno.com.br\/noticias\/btg-bpac11-mercado-acoes-mm\/#primaryimage\"},\"image\":{\"@id\":\"https:\/\/www.suno.com.br\/noticias\/btg-bpac11-mercado-acoes-mm\/#primaryimage\"},\"thumbnailUrl\":\"https:\/\/files.sunoresearch.com.br\/n\/uploads\/2024\/03\/iStock-1456133946.jpg\",\"datePublished\":\"2024-04-15T23:32:02+00:00\",\"dateModified\":\"2024-04-15T23:32:44+00:00\",\"description\":\"A plataforma diversificada do BTG \u00e9 diferencial em meio \u00e0s adversidades econ\u00f4micas, e seu desempenho \u00e9 expressivo ao setor nos \u00faltimos anos.\",\"breadcrumb\":{\"@id\":\"https:\/\/www.suno.com.br\/noticias\/btg-bpac11-mercado-acoes-mm\/#breadcrumb\"},\"inLanguage\":\"pt-BR\",\"potentialAction\":[{\"@type\":\"ReadAction\",\"target\":[\"https:\/\/www.suno.com.br\/noticias\/btg-bpac11-mercado-acoes-mm\/\"]}]},{\"@type\":\"ImageObject\",\"inLanguage\":\"pt-BR\",\"@id\":\"https:\/\/www.suno.com.br\/noticias\/btg-bpac11-mercado-acoes-mm\/#primaryimage\",\"url\":\"https:\/\/files.sunoresearch.com.br\/n\/uploads\/2024\/03\/iStock-1456133946.jpg\",\"contentUrl\":\"https:\/\/files.sunoresearch.com.br\/n\/uploads\/2024\/03\/iStock-1456133946.jpg\",\"width\":2291,\"height\":1309,\"caption\":\"Bolsa de valores - Foto: iSotck\"},{\"@type\":\"BreadcrumbList\",\"@id\":\"https:\/\/www.suno.com.br\/noticias\/btg-bpac11-mercado-acoes-mm\/#breadcrumb\",\"itemListElement\":[{\"@type\":\"ListItem\",\"position\":1,\"name\":\"Not\u00edcias\",\"item\":\"https:\/\/www.suno.com.br\/noticias\/\"},{\"@type\":\"ListItem\",\"position\":2,\"name\":\"Neg\u00f3cios\",\"item\":\"https:\/\/www.suno.com.br\/noticias\/negocios\/\"},{\"@type\":\"ListItem\",\"position\":3,\"name\":\"Apesar da queda sucessiva no Ibovespa, BTG (BPAC11) \u00e9 escolha segura no mercado de capitais, avalia Safra. Veja motivos\"}]},{\"@type\":\"WebSite\",\"@id\":\"https:\/\/www.suno.com.br\/noticias\/#website\",\"url\":\"https:\/\/www.suno.com.br\/noticias\/\",\"name\":\"Suno Not\u00edcias\",\"description\":\"Seu portal de informa\u00e7\u00e3o sobre o mundo dos investimentos\",\"publisher\":{\"@id\":\"https:\/\/www.suno.com.br\/noticias\/#organization\"},\"potentialAction\":[{\"@type\":\"SearchAction\",\"target\":{\"@type\":\"EntryPoint\",\"urlTemplate\":\"https:\/\/www.suno.com.br\/noticias\/?s={search_term_string}\"},\"query-input\":{\"@type\":\"PropertyValueSpecification\",\"valueRequired\":true,\"valueName\":\"search_term_string\"}}],\"inLanguage\":\"pt-BR\"},{\"@type\":\"Organization\",\"@id\":\"https:\/\/www.suno.com.br\/noticias\/#organization\",\"name\":\"Suno Not\u00edcias\",\"url\":\"https:\/\/www.suno.com.br\/noticias\/\",\"logo\":{\"@type\":\"ImageObject\",\"inLanguage\":\"pt-BR\",\"@id\":\"https:\/\/www.suno.com.br\/noticias\/#\/schema\/logo\/image\/\",\"url\":\"https:\/\/files.sunoresearch.com.br\/n\/uploads\/2021\/09\/suno-logo.png\",\"contentUrl\":\"https:\/\/files.sunoresearch.com.br\/n\/uploads\/2021\/09\/suno-logo.png\",\"width\":180,\"height\":180,\"caption\":\"Suno Not\u00edcias\"},\"image\":{\"@id\":\"https:\/\/www.suno.com.br\/noticias\/#\/schema\/logo\/image\/\"},\"sameAs\":[\"https:\/\/facebook.com\/sunoresearch\",\"https:\/\/x.com\/sunoresearch\",\"https:\/\/www.instagram.com\/suno\",\"https:\/\/www.linkedin.com\/company\/suno-research\/\",\"https:\/\/www.youtube.com\/c\/sunoresearch\"]},{\"@type\":\"Person\",\"@id\":\"https:\/\/www.suno.com.br\/noticias\/#\/schema\/person\/32d4feb215afe4b317d446bb442400dd\",\"name\":\"Murilo Melo\",\"image\":{\"@type\":\"ImageObject\",\"inLanguage\":\"pt-BR\",\"@id\":\"https:\/\/www.suno.com.br\/noticias\/#\/schema\/person\/image\/\",\"url\":\"https:\/\/secure.gravatar.com\/avatar\/af7a693198b592028493c0e8b0583d4f?s=96&r=g\",\"contentUrl\":\"https:\/\/secure.gravatar.com\/avatar\/af7a693198b592028493c0e8b0583d4f?s=96&r=g\",\"caption\":\"Murilo Melo\"},\"description\":\"\u00c9 um jornalista e letr\u00f3logo com vasta experi\u00eancia em economia, finan\u00e7as e mercado. J\u00e1 foi rep\u00f3rter de jornais, revistas e sites noticiosos como A Tarde, Correio e Folha de S.Paulo. No Suno Not\u00edcias, escreve sobre neg\u00f3cios\",\"url\":\"https:\/\/www.suno.com.br\/noticias\/author\/murilomelo-jornalismogmail-com\/\"}]}<\/script>\n<!-- \/ Yoast SEO plugin. -->","yoast_head_json":{"title":"Safra: BTG (BPAC11) \u00e9 a op\u00e7\u00e3o segura e rent\u00e1vel","description":"A plataforma diversificada do BTG \u00e9 diferencial em meio \u00e0s adversidades econ\u00f4micas, e seu desempenho \u00e9 expressivo ao setor nos \u00faltimos anos.","robots":{"index":"index","follow":"follow","max-snippet":"max-snippet:-1","max-image-preview":"max-image-preview:large","max-video-preview":"max-video-preview:-1"},"canonical":"https:\/\/www.suno.com.br\/noticias\/btg-bpac11-mercado-acoes-mm\/","og_locale":"pt_BR","og_type":"article","og_title":"Safra: BTG (BPAC11) \u00e9 a op\u00e7\u00e3o segura e rent\u00e1vel","og_description":"A plataforma diversificada do BTG \u00e9 diferencial em meio \u00e0s adversidades econ\u00f4micas, e seu desempenho \u00e9 expressivo ao setor nos \u00faltimos anos.","og_url":"https:\/\/www.suno.com.br\/noticias\/btg-bpac11-mercado-acoes-mm\/","og_site_name":"Suno Not\u00edcias","article_publisher":"https:\/\/facebook.com\/sunoresearch","og_image":[{"width":2291,"height":1309,"url":"https:\/\/files.sunoresearch.com.br\/n\/uploads\/2024\/03\/iStock-1456133946.jpg","type":"image\/jpeg"}],"author":"Murilo Melo","twitter_card":"summary_large_image","twitter_creator":"@sunoresearch","twitter_site":"@sunoresearch","twitter_misc":{"Escrito por":"Murilo Melo","Est. tempo de leitura":"3 minutos"},"schema":{"@context":"https:\/\/schema.org","@graph":[{"@type":"NewsArticle","@id":"https:\/\/www.suno.com.br\/noticias\/btg-bpac11-mercado-acoes-mm\/#article","isPartOf":{"@id":"https:\/\/www.suno.com.br\/noticias\/btg-bpac11-mercado-acoes-mm\/"},"author":{"name":"Murilo Melo","@id":"https:\/\/www.suno.com.br\/noticias\/#\/schema\/person\/32d4feb215afe4b317d446bb442400dd"},"headline":"Apesar da queda sucessiva no Ibovespa, BTG (BPAC11) \u00e9 escolha segura no mercado de capitais, avalia Safra. Veja motivos","datePublished":"2024-04-15T23:32:02+00:00","dateModified":"2024-04-15T23:32:44+00:00","mainEntityOfPage":{"@id":"https:\/\/www.suno.com.br\/noticias\/btg-bpac11-mercado-acoes-mm\/"},"wordCount":585,"publisher":{"@id":"https:\/\/www.suno.com.br\/noticias\/#organization"},"image":{"@id":"https:\/\/www.suno.com.br\/noticias\/btg-bpac11-mercado-acoes-mm\/#primaryimage"},"thumbnailUrl":"https:\/\/files.sunoresearch.com.br\/n\/uploads\/2024\/03\/iStock-1456133946.jpg","keywords":["A\u00e7\u00f5es","BTG Pactual (BPAC11\/BPAC3\/BPAC5)"],"articleSection":["Neg\u00f3cios"],"inLanguage":"pt-BR"},{"@type":"WebPage","@id":"https:\/\/www.suno.com.br\/noticias\/btg-bpac11-mercado-acoes-mm\/","url":"https:\/\/www.suno.com.br\/noticias\/btg-bpac11-mercado-acoes-mm\/","name":"Safra: BTG (BPAC11) \u00e9 a op\u00e7\u00e3o segura e rent\u00e1vel","isPartOf":{"@id":"https:\/\/www.suno.com.br\/noticias\/#website"},"primaryImageOfPage":{"@id":"https:\/\/www.suno.com.br\/noticias\/btg-bpac11-mercado-acoes-mm\/#primaryimage"},"image":{"@id":"https:\/\/www.suno.com.br\/noticias\/btg-bpac11-mercado-acoes-mm\/#primaryimage"},"thumbnailUrl":"https:\/\/files.sunoresearch.com.br\/n\/uploads\/2024\/03\/iStock-1456133946.jpg","datePublished":"2024-04-15T23:32:02+00:00","dateModified":"2024-04-15T23:32:44+00:00","description":"A plataforma diversificada do BTG \u00e9 diferencial em meio \u00e0s adversidades econ\u00f4micas, e seu desempenho \u00e9 expressivo ao setor nos \u00faltimos anos.","breadcrumb":{"@id":"https:\/\/www.suno.com.br\/noticias\/btg-bpac11-mercado-acoes-mm\/#breadcrumb"},"inLanguage":"pt-BR","potentialAction":[{"@type":"ReadAction","target":["https:\/\/www.suno.com.br\/noticias\/btg-bpac11-mercado-acoes-mm\/"]}]},{"@type":"ImageObject","inLanguage":"pt-BR","@id":"https:\/\/www.suno.com.br\/noticias\/btg-bpac11-mercado-acoes-mm\/#primaryimage","url":"https:\/\/files.sunoresearch.com.br\/n\/uploads\/2024\/03\/iStock-1456133946.jpg","contentUrl":"https:\/\/files.sunoresearch.com.br\/n\/uploads\/2024\/03\/iStock-1456133946.jpg","width":2291,"height":1309,"caption":"Bolsa de valores - Foto: iSotck"},{"@type":"BreadcrumbList","@id":"https:\/\/www.suno.com.br\/noticias\/btg-bpac11-mercado-acoes-mm\/#breadcrumb","itemListElement":[{"@type":"ListItem","position":1,"name":"Not\u00edcias","item":"https:\/\/www.suno.com.br\/noticias\/"},{"@type":"ListItem","position":2,"name":"Neg\u00f3cios","item":"https:\/\/www.suno.com.br\/noticias\/negocios\/"},{"@type":"ListItem","position":3,"name":"Apesar da queda sucessiva no Ibovespa, BTG (BPAC11) \u00e9 escolha segura no mercado de capitais, avalia Safra. Veja motivos"}]},{"@type":"WebSite","@id":"https:\/\/www.suno.com.br\/noticias\/#website","url":"https:\/\/www.suno.com.br\/noticias\/","name":"Suno Not\u00edcias","description":"Seu portal de informa\u00e7\u00e3o sobre o mundo dos investimentos","publisher":{"@id":"https:\/\/www.suno.com.br\/noticias\/#organization"},"potentialAction":[{"@type":"SearchAction","target":{"@type":"EntryPoint","urlTemplate":"https:\/\/www.suno.com.br\/noticias\/?s={search_term_string}"},"query-input":{"@type":"PropertyValueSpecification","valueRequired":true,"valueName":"search_term_string"}}],"inLanguage":"pt-BR"},{"@type":"Organization","@id":"https:\/\/www.suno.com.br\/noticias\/#organization","name":"Suno Not\u00edcias","url":"https:\/\/www.suno.com.br\/noticias\/","logo":{"@type":"ImageObject","inLanguage":"pt-BR","@id":"https:\/\/www.suno.com.br\/noticias\/#\/schema\/logo\/image\/","url":"https:\/\/files.sunoresearch.com.br\/n\/uploads\/2021\/09\/suno-logo.png","contentUrl":"https:\/\/files.sunoresearch.com.br\/n\/uploads\/2021\/09\/suno-logo.png","width":180,"height":180,"caption":"Suno Not\u00edcias"},"image":{"@id":"https:\/\/www.suno.com.br\/noticias\/#\/schema\/logo\/image\/"},"sameAs":["https:\/\/facebook.com\/sunoresearch","https:\/\/x.com\/sunoresearch","https:\/\/www.instagram.com\/suno","https:\/\/www.linkedin.com\/company\/suno-research\/","https:\/\/www.youtube.com\/c\/sunoresearch"]},{"@type":"Person","@id":"https:\/\/www.suno.com.br\/noticias\/#\/schema\/person\/32d4feb215afe4b317d446bb442400dd","name":"Murilo Melo","image":{"@type":"ImageObject","inLanguage":"pt-BR","@id":"https:\/\/www.suno.com.br\/noticias\/#\/schema\/person\/image\/","url":"https:\/\/secure.gravatar.com\/avatar\/af7a693198b592028493c0e8b0583d4f?s=96&r=g","contentUrl":"https:\/\/secure.gravatar.com\/avatar\/af7a693198b592028493c0e8b0583d4f?s=96&r=g","caption":"Murilo Melo"},"description":"\u00c9 um jornalista e letr\u00f3logo com vasta experi\u00eancia em economia, finan\u00e7as e mercado. J\u00e1 foi rep\u00f3rter de jornais, revistas e sites noticiosos como A Tarde, Correio e Folha de S.Paulo. No Suno Not\u00edcias, escreve sobre neg\u00f3cios","url":"https:\/\/www.suno.com.br\/noticias\/author\/murilomelo-jornalismogmail-com\/"}]}},"default_loop_html":"<div class=\"cardsPage__listCard__boxs\"><div class=\"cardsPage__listCard__boxs__img\"><a href=\"https:\/\/www.suno.com.br\/noticias\/btg-bpac11-mercado-acoes-mm\/\"><img class=\"mask\" src=\"https:\/\/www.suno.com.br\/noticias\/wp-content\/themes\/suno\/resources\/images\/spotlight\/spotlight1img\/bg-mask.png\" alt=\"Image Mask\"\/><img src=\"https:\/\/files.sunoresearch.com.br\/n\/uploads\/2024\/03\/iStock-1456133946-400x200.jpg\" alt=\"Apesar da queda sucessiva no Ibovespa, BTG (BPAC11) \u00e9 escolha segura no mercado de capitais, avalia Safra. Veja motivos\"\/><\/a><span class=\"spotlightCategory\"><a href=\"https:\/\/www.suno.com.br\/noticias\/negocios\/\">Neg\u00f3cios<\/a><\/span><\/div><div class=\"cardsPage__listCard__boxs__content\"><a href=\"https:\/\/www.suno.com.br\/noticias\/btg-bpac11-mercado-acoes-mm\/\"><h2 class=\"content__title\">Apesar da queda sucessiva no Ibovespa, BTG (BPAC11) \u00e9 escolha segura no mercado de capitais, avalia Safra. Veja motivos<\/h2><\/a><div class=\"newsContent__article__meta\"><div class=\"newsContent__article__meta__authorBox\"><a href=\"https:\/\/www.suno.com.br\/noticias\/author\/murilomelo-jornalismogmail-com\/\" class=\"authorBox__avatar noMobi\"><img src=\"https:\/\/files.sunoresearch.com.br\/n\/uploads\/2024\/02\/Murilo_Melo_Jornalista-e1708476456132-150x150.jpeg\" alt=\"Murilo Melo\"><\/a><div class=\"authorBox__name\"><span>por\n\t\t\t<a href=\"https:\/\/www.suno.com.br\/noticias\/author\/murilomelo-jornalismogmail-com\/\"><span itemprop=\"author\">Murilo Melo<\/span><\/a><\/span><time datetime=\"2024-04-15T20:32:02-03:00\" itemprop=\"datePublished\">15\/04\/2024 20:32<\/time><\/div><\/div><\/div><\/div><\/div>","single_layout":"posts","amp_enabled":true,"_links":{"self":[{"href":"https:\/\/www.suno.com.br\/noticias\/wp-json\/wp\/v2\/posts\/544188"}],"collection":[{"href":"https:\/\/www.suno.com.br\/noticias\/wp-json\/wp\/v2\/posts"}],"about":[{"href":"https:\/\/www.suno.com.br\/noticias\/wp-json\/wp\/v2\/types\/post"}],"author":[{"embeddable":true,"href":"https:\/\/www.suno.com.br\/noticias\/wp-json\/wp\/v2\/users\/345"}],"replies":[{"embeddable":true,"href":"https:\/\/www.suno.com.br\/noticias\/wp-json\/wp\/v2\/comments?post=544188"}],"version-history":[{"count":3,"href":"https:\/\/www.suno.com.br\/noticias\/wp-json\/wp\/v2\/posts\/544188\/revisions"}],"predecessor-version":[{"id":544239,"href":"https:\/\/www.suno.com.br\/noticias\/wp-json\/wp\/v2\/posts\/544188\/revisions\/544239"}],"wp:featuredmedia":[{"embeddable":true,"href":"https:\/\/www.suno.com.br\/noticias\/wp-json\/wp\/v2\/media\/532476"}],"wp:attachment":[{"href":"https:\/\/www.suno.com.br\/noticias\/wp-json\/wp\/v2\/media?parent=544188"}],"wp:term":[{"taxonomy":"category","embeddable":true,"href":"https:\/\/www.suno.com.br\/noticias\/wp-json\/wp\/v2\/categories?post=544188"},{"taxonomy":"post_tag","embeddable":true,"href":"https:\/\/www.suno.com.br\/noticias\/wp-json\/wp\/v2\/tags?post=544188"},{"taxonomy":"suno_strategy","embeddable":true,"href":"https:\/\/www.suno.com.br\/noticias\/wp-json\/wp\/v2\/suno_strategy?post=544188"}],"curies":[{"name":"wp","href":"https:\/\/api.w.org\/{rel}","templated":true}]}}