{"id":544173,"date":"2024-04-16T08:06:37","date_gmt":"2024-04-16T11:06:37","guid":{"rendered":"https:\/\/www.suno.com.br\/noticias\/?p=544173"},"modified":"2024-04-16T08:06:43","modified_gmt":"2024-04-16T11:06:43","slug":"campos-neto-economia-fiscal-monetaria-gpj","status":"publish","type":"post","link":"https:\/\/www.suno.com.br\/noticias\/campos-neto-economia-fiscal-monetaria-gpj\/","title":{"rendered":"Campos Neto: se as pessoas perderem confian\u00e7a na \u00e2ncora fiscal, a \u00e2ncora monet\u00e1ria ser\u00e1 afetada"},"content":{"rendered":"<p>O presidente do Banco Central, Roberto <strong>Campos Neto<\/strong>, afirmou nesta segunda-feira (15) que se as pessoas perderem a confian\u00e7a na \u00e2ncora fiscal, a \u00e2ncora monet\u00e1ria ser\u00e1 afetada. <\/p>\t<div class=\"wrapper-featured-image\">\n\t\t<figure class=\"spotlightImg\">\n\n\t\t\t<picture>\n\t\t\t\t<source media=\"(max-width: 768px)\" srcset=\"https:\/\/files.sunoresearch.com.br\/n\/uploads\/2021\/03\/95a90a39-50378530453_d3c330df4f_k-400x200.webp\">\n\t\t\t\t<img loading=\"lazy\" decoding=\"async\" class=\"newsContent__article__imgCapa lazyloadDisabled \" src=\"https:\/\/files.sunoresearch.com.br\/n\/uploads\/2021\/03\/95a90a39-50378530453_d3c330df4f_k-800x450.webp\" width=\"800\" height=\"450\" alt=\"Campos Neto: se as pessoas perderem confian\u00e7a na \u00e2ncora fiscal, a \u00e2ncora monet\u00e1ria ser\u00e1 afetada\" fetchpriority=high \/>\n\t\t\t<\/picture>\n\n\t\t\t<figcaption class=\"wp-caption-text wp-caption-text--show\">Roberto Campos Neto, presidente do Banco Central- Foto: Raphael Ribeiro\/BCB<\/figcaption>\n\t\t<\/figure>\n\t<\/div>\n\n\n\n\n\n\n\n\t<p>\n\t\t<a href=\"\" target=\"_blank\" data-element=\"shortcode-suno-banner\" title=\"Banner SUNO, clique e saiba mais\">\n\t\t\t<picture>\n\t\t\t\t<source media=\"(max-width: 500px)\" srcset=\"\">\n\t\t\t\t<img class=\"newsContent__article__imgCapa newsContent__article__imgCapa--banner\"\n\t\t\t\t\tsrc=\"\"\n\t\t\t\t\tdata-promo-id=\"240038\"\t\t\t\t\t\t\t\t\t\t\t\t\t\t\talt=\"\"\n\t\t\t\t>\n\t\t\t<\/picture>\n\t\t<\/a>\n\t<\/p>\n\n\n\n\n\n<p>Ele, que participou nesta segunda de evento promovido pelo Council on Foreign Relations, ponderou que a autarquia tenta n\u00e3o comentar sobre a <a href=\"https:\/\/www.suno.com.br\/artigos\/politica-fiscal\/\">pol\u00edtica fiscal<\/a> tanto quanto poss\u00edvel, mas frisou que, se h\u00e1 perda de credibilidade ou transpar\u00eancia no fiscal, aumentam os custos da <a href=\"https:\/\/www.suno.com.br\/artigos\/politica-monetaria\/\">pol\u00edtica monet\u00e1ria<\/a>.<\/p>\n\n\n\n<p>&#8220;Dito isso, o mercado tinha um n\u00famero muito pior para o fiscal do que a nova meta realmente adotada&#8221;, salientou Campos Neto, em refer\u00eancia \u00e0 altera\u00e7\u00e3o promovida pelo governo na <strong>meta fiscal de 2025<\/strong>.<\/p>\n\n\n\n<p>O <strong>presidente do BC<\/strong> ressaltou a import\u00e2ncia de tentar n\u00e3o alterar as metas e fazer o m\u00e1ximo de esfor\u00e7o para garantir que elas sejam cumpridas.<\/p>\n\n\n\n<p>Ele afirmou, no entanto, que se por alguma raz\u00e3o for necess\u00e1rio fazer uma mudan\u00e7a, \u00e9 importante que ela seja bem comunicada, a fim de que a confian\u00e7a na \u00e2ncora fiscal n\u00e3o seja perdida.<\/p>\n\n\n\n<h2 class=\"wp-block-heading\">Real<\/h2>\n\n\n\n<p>O <strong>presidente do Banco Central <\/strong>ponderou que o real est\u00e1 relativamente fraco no <a href=\"https:\/\/www.suno.com.br\/artigos\/curto-prazo\/\">curto prazo<\/a>, mas que no m\u00e9dio prazo est\u00e1 com um desempenho igual e at\u00e9 melhor do que os pares.<\/p>\n\n\n\n<p>Para <strong>Roberto Campos Neto<\/strong>, a fraqueza no curto prazo est\u00e1 relacionada a uma nova avalia\u00e7\u00e3o do equil\u00edbrio de pre\u00e7os.<\/p>\n\n\n\n<p>O banqueiro central avaliou que a quest\u00e3o fiscal, que estava em segundo plano, agora \u00e9 o foco do debate, e disse que o assunto voltou \u00e0 cena na Europa, nos Estados Unidos, no Jap\u00e3o e na maioria dos mercados emergentes.<\/p>\n\n\n\n<p>Ainda sobre a conjuntura brasileira, salientou que o Pa\u00eds tem uma d\u00edvida alta, mas que est\u00e1 lidando com um plano que tenta transmitir compromisso com a quest\u00e3o fiscal.<\/p>\n\n\n\n<p>Ainda sobre os movimentos do c\u00e2mbio, Campos Neto ressaltou que o Pa\u00eds tem hoje uma <a href=\"https:\/\/www.suno.com.br\/artigos\/balanca-comercial\/\">balan\u00e7a comercial<\/a> definitivamente mais forte do que tinha no passado, com aumento da produtividade do setor agropecu\u00e1rio e tamb\u00e9m no setor petrol\u00edfero. &#8220;Isso, no geral, torna a moeda mais est\u00e1vel&#8221;.<\/p>\n\n\n\t<p>\n\t\t<a href=\"https:\/\/lp.suno.com.br\/ebook-gratuito-investindo-no-exterior\/\" target=\"_blank\" data-element=\"shortcode-suno-banner\" title=\"Banner SUNO, clique e saiba mais\">\n\t\t\t<picture>\n\t\t\t\t<source media=\"(max-width: 500px)\" srcset=\"https:\/\/files.sunoresearch.com.br\/n\/uploads\/2023\/03\/400x300-Investindo-no-exterior.png\">\n\t\t\t\t<img class=\"newsContent__article__imgCapa newsContent__article__imgCapa--banner\"\n\t\t\t\t\tsrc=\"https:\/\/files.sunoresearch.com.br\/n\/uploads\/2023\/03\/1420x240-Investindo-no-exterior.png\"\n\t\t\t\t\tdata-promo-id=\"383161\"\t\t\t\t\t\t\t\t\t\twidth='1420' height='240'\t\t\t\t\talt=\"https:\/\/files.sunoresearch.com.br\/n\/uploads\/2023\/03\/1420x240-Investindo-no-exterior.png\"\n\t\t\t\t>\n\t\t\t<\/picture>\n\t\t<\/a>\n\t<\/p>\n\n\n\n\n\n<h2 class=\"wp-block-heading\">Taxonomia<\/h2>\n\n\n\n<p>O presidente do Banco Central afirmou que est\u00e1 trabalhando com o banco central italiano para criar uma taxonomia geral para transa\u00e7\u00f5es internacionais. &#8220;A ideia \u00e9 conversar com pa\u00edses diferentes e ver se conseguimos 15 ou 20 pa\u00edses com essa taxonomia em comum&#8221;, disse, no evento promovido pelo Council on Foreign Relations.<\/p>\n\n\n\n<p>Campos Neto afirmou que alguns pa\u00edses precisam enfrentar mudan\u00e7as no <a href=\"https:\/\/www.suno.com.br\/artigos\/sistema-tributario\/\">sistema tribut\u00e1rio<\/a> para aderir a uma taxonomia global, mas que acredita que esse pode vir a se tornar um sistema global. &#8220;A efici\u00eancia que se obt\u00e9m com isso \u00e9 enorme&#8221;, disse. &#8220;Mas isso n\u00e3o vai acontecer amanh\u00e3&#8221;, ponderou.<\/p>\n\n\n\n<h2 class=\"wp-block-heading\">Economia tokenizada<\/h2>\n\n\n\n<p>O presidente do Banco Central afirmou que a discuss\u00e3o atual n\u00e3o \u00e9 se as criptomoedas<strong> <\/strong>s\u00e3o boas ou ruins, ou mesmo se acreditamos nas criptomoedas, e sim sobre estarmos avan\u00e7ando para uma economia tokenizada.<\/p>\n\n\n\n<p>&#8220;E a resposta \u00e9 sim, est\u00e1 acontecendo&#8221;, disse Campos Neto. &#8220;Na verdade, est\u00e1 acontecendo em algumas partes mais r\u00e1pido do que esper\u00e1vamos e em outras partes est\u00e1 acontecendo mais lentamente&#8221;, ponderou.<\/p>\n\n\n\n<h2 class=\"wp-block-heading\">Campos Neto: melhor coisa que pode fazer \u00e9 tentar n\u00e3o interferir na sucess\u00e3o do BC<\/h2>\n\n\n\n<p>Tentar n\u00e3o interferir na escolha do pr\u00f3ximo presidente do Banco Central \u00e9 o melhor a se fazer, disse <a href=\"https:\/\/www.suno.com.br\/tudo-sobre\/roberto-campos-neto\/\">Roberto Campos Neto<\/a> nesta segunda-feira (15). O mandato dele termina em dezembro, e at\u00e9 l\u00e1 o presidente da Rep\u00fablica, Luiz In\u00e1cio Lula da Silva, deve indicar outro nome para a fun\u00e7\u00e3o.<\/p>\n\n\n\n<p>&#8220;N\u00e3o faz sentido para mim tentar interferir no processo, ou tentar dizer se o candidato A, B ou C \u00e9 melhor&#8221;, afirmou Campos Neto, em um evento organizado pelo Council on Foreign Relations. &#8220;O que a lei diz \u00e9 que \u00e9 prerrogativa do presidente, e ele ter\u00e1 a liberdade para fazer isso e tamb\u00e9m vai pagar o pre\u00e7o se a escolha n\u00e3o for boa.&#8221;<\/p>\n\n\n\n<p>Campos Neto disse que, independentemente de quem for escolhido para substitu\u00ed-lo, tentar\u00e1 garantir uma transi\u00e7\u00e3o tranquila no comando da autarquia.<\/p>\n\n\n\n<p>&#8220;Eu n\u00e3o vejo muitas mudan\u00e7as, porque o Banco Central \u00e9 muito t\u00e9cnico, o Banco Central tem um mandato claro e a autonomia do Banco Central d\u00e1 poder a quem sentar na cadeira para ser independente do governo, e espero que isso continue&#8221;, disse <strong>Campos Neto<\/strong>.<\/p>\n\n\n\n<p><em>*Com informa\u00e7\u00f5es de Estad\u00e3o Conte\u00fado<\/em><\/p>\n\n\n\t<p>\n\t\t<a href=\"https:\/\/lp.suno.com.br\/planilha-da-vida-financeira\/\" target=\"_blank\" data-element=\"shortcode-suno-banner\" title=\"Banner SUNO, clique e saiba mais\">\n\t\t\t<picture>\n\t\t\t\t<source media=\"(max-width: 500px)\" srcset=\"https:\/\/files.sunoresearch.com.br\/n\/uploads\/2023\/04\/400x300-Planilha-vida-financeira-true.png\">\n\t\t\t\t<img class=\"newsContent__article__imgCapa newsContent__article__imgCapa--banner\"\n\t\t\t\t\tsrc=\"https:\/\/files.sunoresearch.com.br\/n\/uploads\/2023\/04\/1420x240-Planilha-vida-financeira-true.png\"\n\t\t\t\t\tdata-promo-id=\"383123\"\t\t\t\t\t\t\t\t\t\twidth='1420' height='240'\t\t\t\t\talt=\"https:\/\/files.sunoresearch.com.br\/n\/uploads\/2023\/04\/1420x240-Planilha-vida-financeira-true.png\"\n\t\t\t\t>\n\t\t\t<\/picture>\n\t\t<\/a>\n\t<\/p>\n\n\n","protected":false},"excerpt":{"rendered":"<p>O presidente do Banco Central, Roberto Campos Neto, afirmou nesta segunda-feira (15) que se as pessoas perderem a confian\u00e7a na \u00e2ncora fiscal, a \u00e2ncora monet\u00e1ria ser\u00e1 afetada. Roberto Campos Neto, presidente do Banco Central- Foto: Raphael Ribeiro\/BCB Ele, que participou nesta segunda de evento promovido pelo Council on Foreign Relations, ponderou que a autarquia tenta [&hellip;]<\/p>\n","protected":false},"author":313,"featured_media":132138,"comment_status":"closed","ping_status":"closed","sticky":false,"template":"","format":"standard","meta":[],"categories":[62],"tags":[740,1113],"suno_strategy":[],"class_list":["post-544173","post","type-post","status-publish","format-standard","has-post-thumbnail","hentry","category-economia","tag-economia","tag-roberto-campos-neto"],"yoast_head":"<!-- This site is optimized with the Yoast SEO plugin v24.4 - https:\/\/yoast.com\/wordpress\/plugins\/seo\/ -->\n<title>Campos Neto comenta sobre altera\u00e7\u00e3o na meta fiscal para 2025<\/title>\n<meta name=\"description\" content=\"Em evento, Campos Neto ressaltou a import\u00e2ncia de tentar n\u00e3o alterar as metas e fazer o m\u00e1ximo de esfor\u00e7o para garantir seu cumprimento.\" \/>\n<meta name=\"robots\" content=\"index, follow, max-snippet:-1, max-image-preview:large, max-video-preview:-1\" \/>\n<link rel=\"canonical\" href=\"https:\/\/www.suno.com.br\/noticias\/campos-neto-economia-fiscal-monetaria-gpj\/\" \/>\n<meta property=\"og:locale\" content=\"pt_BR\" \/>\n<meta property=\"og:type\" content=\"article\" \/>\n<meta property=\"og:title\" content=\"Campos Neto comenta sobre altera\u00e7\u00e3o na meta fiscal para 2025\" \/>\n<meta property=\"og:description\" content=\"Em evento, Campos Neto ressaltou a import\u00e2ncia de tentar n\u00e3o alterar as metas e fazer o m\u00e1ximo de esfor\u00e7o para garantir seu cumprimento.\" \/>\n<meta property=\"og:url\" content=\"https:\/\/www.suno.com.br\/noticias\/campos-neto-economia-fiscal-monetaria-gpj\/\" \/>\n<meta property=\"og:site_name\" content=\"Suno Not\u00edcias\" \/>\n<meta property=\"article:publisher\" content=\"https:\/\/facebook.com\/sunoresearch\" \/>\n<meta property=\"og:image\" content=\"https:\/\/files.sunoresearch.com.br\/n\/uploads\/2021\/03\/95a90a39-50378530453_d3c330df4f_k.jpg\" \/>\n\t<meta property=\"og:image:width\" content=\"1200\" \/>\n\t<meta property=\"og:image:height\" content=\"800\" \/>\n\t<meta property=\"og:image:type\" content=\"image\/jpeg\" \/>\n<meta name=\"author\" content=\"Giovanni Porf\u00edrio Jacomino\" \/>\n<meta name=\"twitter:card\" content=\"summary_large_image\" \/>\n<meta name=\"twitter:creator\" content=\"@sunoresearch\" \/>\n<meta name=\"twitter:site\" content=\"@sunoresearch\" \/>\n<meta name=\"twitter:label1\" content=\"Escrito por\" \/>\n\t<meta name=\"twitter:data1\" content=\"Giovanni Porf\u00edrio Jacomino\" \/>\n\t<meta name=\"twitter:label2\" content=\"Est. tempo de leitura\" \/>\n\t<meta name=\"twitter:data2\" content=\"4 minutos\" \/>\n<script type=\"application\/ld+json\" class=\"yoast-schema-graph\">{\"@context\":\"https:\/\/schema.org\",\"@graph\":[{\"@type\":\"NewsArticle\",\"@id\":\"https:\/\/www.suno.com.br\/noticias\/campos-neto-economia-fiscal-monetaria-gpj\/#article\",\"isPartOf\":{\"@id\":\"https:\/\/www.suno.com.br\/noticias\/campos-neto-economia-fiscal-monetaria-gpj\/\"},\"author\":{\"name\":\"Giovanni Porf\u00edrio Jacomino\",\"@id\":\"https:\/\/www.suno.com.br\/noticias\/#\/schema\/person\/d0f32748bbca4bee871fa191ee4e2d40\"},\"headline\":\"Campos Neto: se as pessoas perderem confian\u00e7a na \u00e2ncora fiscal, a \u00e2ncora monet\u00e1ria ser\u00e1 afetada\",\"datePublished\":\"2024-04-16T11:06:37+00:00\",\"dateModified\":\"2024-04-16T11:06:43+00:00\",\"mainEntityOfPage\":{\"@id\":\"https:\/\/www.suno.com.br\/noticias\/campos-neto-economia-fiscal-monetaria-gpj\/\"},\"wordCount\":771,\"publisher\":{\"@id\":\"https:\/\/www.suno.com.br\/noticias\/#organization\"},\"image\":{\"@id\":\"https:\/\/www.suno.com.br\/noticias\/campos-neto-economia-fiscal-monetaria-gpj\/#primaryimage\"},\"thumbnailUrl\":\"https:\/\/files.sunoresearch.com.br\/n\/uploads\/2021\/03\/95a90a39-50378530453_d3c330df4f_k-jpg.webp\",\"keywords\":[\"Economia\",\"Roberto Campos Neto\"],\"articleSection\":[\"Economia\"],\"inLanguage\":\"pt-BR\"},{\"@type\":\"WebPage\",\"@id\":\"https:\/\/www.suno.com.br\/noticias\/campos-neto-economia-fiscal-monetaria-gpj\/\",\"url\":\"https:\/\/www.suno.com.br\/noticias\/campos-neto-economia-fiscal-monetaria-gpj\/\",\"name\":\"Campos Neto comenta sobre altera\u00e7\u00e3o na meta fiscal para 2025\",\"isPartOf\":{\"@id\":\"https:\/\/www.suno.com.br\/noticias\/#website\"},\"primaryImageOfPage\":{\"@id\":\"https:\/\/www.suno.com.br\/noticias\/campos-neto-economia-fiscal-monetaria-gpj\/#primaryimage\"},\"image\":{\"@id\":\"https:\/\/www.suno.com.br\/noticias\/campos-neto-economia-fiscal-monetaria-gpj\/#primaryimage\"},\"thumbnailUrl\":\"https:\/\/files.sunoresearch.com.br\/n\/uploads\/2021\/03\/95a90a39-50378530453_d3c330df4f_k-jpg.webp\",\"datePublished\":\"2024-04-16T11:06:37+00:00\",\"dateModified\":\"2024-04-16T11:06:43+00:00\",\"description\":\"Em evento, Campos Neto ressaltou a import\u00e2ncia de tentar n\u00e3o alterar as metas e fazer o m\u00e1ximo de esfor\u00e7o para garantir seu cumprimento.\",\"breadcrumb\":{\"@id\":\"https:\/\/www.suno.com.br\/noticias\/campos-neto-economia-fiscal-monetaria-gpj\/#breadcrumb\"},\"inLanguage\":\"pt-BR\",\"potentialAction\":[{\"@type\":\"ReadAction\",\"target\":[\"https:\/\/www.suno.com.br\/noticias\/campos-neto-economia-fiscal-monetaria-gpj\/\"]}]},{\"@type\":\"ImageObject\",\"inLanguage\":\"pt-BR\",\"@id\":\"https:\/\/www.suno.com.br\/noticias\/campos-neto-economia-fiscal-monetaria-gpj\/#primaryimage\",\"url\":\"https:\/\/files.sunoresearch.com.br\/n\/uploads\/2021\/03\/95a90a39-50378530453_d3c330df4f_k-jpg.webp\",\"contentUrl\":\"https:\/\/files.sunoresearch.com.br\/n\/uploads\/2021\/03\/95a90a39-50378530453_d3c330df4f_k-jpg.webp\",\"width\":1200,\"height\":800,\"caption\":\"Roberto Campos Neto, presidente do Banco Central- Foto: Raphael Ribeiro\/BCB\"},{\"@type\":\"BreadcrumbList\",\"@id\":\"https:\/\/www.suno.com.br\/noticias\/campos-neto-economia-fiscal-monetaria-gpj\/#breadcrumb\",\"itemListElement\":[{\"@type\":\"ListItem\",\"position\":1,\"name\":\"Not\u00edcias\",\"item\":\"https:\/\/www.suno.com.br\/noticias\/\"},{\"@type\":\"ListItem\",\"position\":2,\"name\":\"Economia\",\"item\":\"https:\/\/www.suno.com.br\/noticias\/economia\/\"},{\"@type\":\"ListItem\",\"position\":3,\"name\":\"Campos Neto: se as pessoas perderem confian\u00e7a na \u00e2ncora fiscal, a \u00e2ncora monet\u00e1ria ser\u00e1 afetada\"}]},{\"@type\":\"WebSite\",\"@id\":\"https:\/\/www.suno.com.br\/noticias\/#website\",\"url\":\"https:\/\/www.suno.com.br\/noticias\/\",\"name\":\"Suno Not\u00edcias\",\"description\":\"Seu portal de informa\u00e7\u00e3o sobre o mundo dos investimentos\",\"publisher\":{\"@id\":\"https:\/\/www.suno.com.br\/noticias\/#organization\"},\"potentialAction\":[{\"@type\":\"SearchAction\",\"target\":{\"@type\":\"EntryPoint\",\"urlTemplate\":\"https:\/\/www.suno.com.br\/noticias\/?s={search_term_string}\"},\"query-input\":{\"@type\":\"PropertyValueSpecification\",\"valueRequired\":true,\"valueName\":\"search_term_string\"}}],\"inLanguage\":\"pt-BR\"},{\"@type\":\"Organization\",\"@id\":\"https:\/\/www.suno.com.br\/noticias\/#organization\",\"name\":\"Suno Not\u00edcias\",\"url\":\"https:\/\/www.suno.com.br\/noticias\/\",\"logo\":{\"@type\":\"ImageObject\",\"inLanguage\":\"pt-BR\",\"@id\":\"https:\/\/www.suno.com.br\/noticias\/#\/schema\/logo\/image\/\",\"url\":\"https:\/\/files.sunoresearch.com.br\/n\/uploads\/2021\/09\/suno-logo.png\",\"contentUrl\":\"https:\/\/files.sunoresearch.com.br\/n\/uploads\/2021\/09\/suno-logo.png\",\"width\":180,\"height\":180,\"caption\":\"Suno Not\u00edcias\"},\"image\":{\"@id\":\"https:\/\/www.suno.com.br\/noticias\/#\/schema\/logo\/image\/\"},\"sameAs\":[\"https:\/\/facebook.com\/sunoresearch\",\"https:\/\/x.com\/sunoresearch\",\"https:\/\/www.instagram.com\/suno\",\"https:\/\/www.linkedin.com\/company\/suno-research\/\",\"https:\/\/www.youtube.com\/c\/sunoresearch\"]},{\"@type\":\"Person\",\"@id\":\"https:\/\/www.suno.com.br\/noticias\/#\/schema\/person\/d0f32748bbca4bee871fa191ee4e2d40\",\"name\":\"Giovanni Porf\u00edrio Jacomino\",\"image\":{\"@type\":\"ImageObject\",\"inLanguage\":\"pt-BR\",\"@id\":\"https:\/\/www.suno.com.br\/noticias\/#\/schema\/person\/image\/\",\"url\":\"https:\/\/secure.gravatar.com\/avatar\/efb32e19b730a121cb7a80f41ffec01a?s=96&r=g\",\"contentUrl\":\"https:\/\/secure.gravatar.com\/avatar\/efb32e19b730a121cb7a80f41ffec01a?s=96&r=g\",\"caption\":\"Giovanni Porf\u00edrio Jacomino\"},\"description\":\"Giovanni Porf\u00edrio Jacomino \u00e9 jornalista formado pela Universidade Estadual de Londrina (UEL) e p\u00f3s-graduado em Produ\u00e7\u00e3o e Pr\u00e1ticas Jornal\u00edsticas na Contemporaneidade na Faculdade C\u00e1sper L\u00edbero (FCL). Foi editor web no Startupi e no Finsiders, atuando ainda como editor no TC Mover, portal de not\u00edcias da TradersClub, fazendo a cobertura de assuntos relacionados ao mercado financeiro interno e externo. Atualmente, \u00e9 Rep\u00f3rter do Suno Not\u00edcias.\",\"url\":\"https:\/\/www.suno.com.br\/noticias\/author\/giovanni-porfiriosuno-com-br\/\"}]}<\/script>\n<!-- \/ Yoast SEO plugin. -->","yoast_head_json":{"title":"Campos Neto comenta sobre altera\u00e7\u00e3o na meta fiscal para 2025","description":"Em evento, Campos Neto ressaltou a import\u00e2ncia de tentar n\u00e3o alterar as metas e fazer o m\u00e1ximo de esfor\u00e7o para garantir seu cumprimento.","robots":{"index":"index","follow":"follow","max-snippet":"max-snippet:-1","max-image-preview":"max-image-preview:large","max-video-preview":"max-video-preview:-1"},"canonical":"https:\/\/www.suno.com.br\/noticias\/campos-neto-economia-fiscal-monetaria-gpj\/","og_locale":"pt_BR","og_type":"article","og_title":"Campos Neto comenta sobre altera\u00e7\u00e3o na meta fiscal para 2025","og_description":"Em evento, Campos Neto ressaltou a import\u00e2ncia de tentar n\u00e3o alterar as metas e fazer o m\u00e1ximo de esfor\u00e7o para garantir seu cumprimento.","og_url":"https:\/\/www.suno.com.br\/noticias\/campos-neto-economia-fiscal-monetaria-gpj\/","og_site_name":"Suno Not\u00edcias","article_publisher":"https:\/\/facebook.com\/sunoresearch","og_image":[{"width":1200,"height":800,"url":"https:\/\/files.sunoresearch.com.br\/n\/uploads\/2021\/03\/95a90a39-50378530453_d3c330df4f_k.jpg","type":"image\/jpeg"}],"author":"Giovanni Porf\u00edrio Jacomino","twitter_card":"summary_large_image","twitter_creator":"@sunoresearch","twitter_site":"@sunoresearch","twitter_misc":{"Escrito por":"Giovanni Porf\u00edrio Jacomino","Est. tempo de leitura":"4 minutos"},"schema":{"@context":"https:\/\/schema.org","@graph":[{"@type":"NewsArticle","@id":"https:\/\/www.suno.com.br\/noticias\/campos-neto-economia-fiscal-monetaria-gpj\/#article","isPartOf":{"@id":"https:\/\/www.suno.com.br\/noticias\/campos-neto-economia-fiscal-monetaria-gpj\/"},"author":{"name":"Giovanni Porf\u00edrio Jacomino","@id":"https:\/\/www.suno.com.br\/noticias\/#\/schema\/person\/d0f32748bbca4bee871fa191ee4e2d40"},"headline":"Campos Neto: se as pessoas perderem confian\u00e7a na \u00e2ncora fiscal, a \u00e2ncora monet\u00e1ria ser\u00e1 afetada","datePublished":"2024-04-16T11:06:37+00:00","dateModified":"2024-04-16T11:06:43+00:00","mainEntityOfPage":{"@id":"https:\/\/www.suno.com.br\/noticias\/campos-neto-economia-fiscal-monetaria-gpj\/"},"wordCount":771,"publisher":{"@id":"https:\/\/www.suno.com.br\/noticias\/#organization"},"image":{"@id":"https:\/\/www.suno.com.br\/noticias\/campos-neto-economia-fiscal-monetaria-gpj\/#primaryimage"},"thumbnailUrl":"https:\/\/files.sunoresearch.com.br\/n\/uploads\/2021\/03\/95a90a39-50378530453_d3c330df4f_k-jpg.webp","keywords":["Economia","Roberto Campos Neto"],"articleSection":["Economia"],"inLanguage":"pt-BR"},{"@type":"WebPage","@id":"https:\/\/www.suno.com.br\/noticias\/campos-neto-economia-fiscal-monetaria-gpj\/","url":"https:\/\/www.suno.com.br\/noticias\/campos-neto-economia-fiscal-monetaria-gpj\/","name":"Campos Neto comenta sobre altera\u00e7\u00e3o na meta fiscal para 2025","isPartOf":{"@id":"https:\/\/www.suno.com.br\/noticias\/#website"},"primaryImageOfPage":{"@id":"https:\/\/www.suno.com.br\/noticias\/campos-neto-economia-fiscal-monetaria-gpj\/#primaryimage"},"image":{"@id":"https:\/\/www.suno.com.br\/noticias\/campos-neto-economia-fiscal-monetaria-gpj\/#primaryimage"},"thumbnailUrl":"https:\/\/files.sunoresearch.com.br\/n\/uploads\/2021\/03\/95a90a39-50378530453_d3c330df4f_k-jpg.webp","datePublished":"2024-04-16T11:06:37+00:00","dateModified":"2024-04-16T11:06:43+00:00","description":"Em evento, Campos Neto ressaltou a import\u00e2ncia de tentar n\u00e3o alterar as metas e fazer o m\u00e1ximo de esfor\u00e7o para garantir seu cumprimento.","breadcrumb":{"@id":"https:\/\/www.suno.com.br\/noticias\/campos-neto-economia-fiscal-monetaria-gpj\/#breadcrumb"},"inLanguage":"pt-BR","potentialAction":[{"@type":"ReadAction","target":["https:\/\/www.suno.com.br\/noticias\/campos-neto-economia-fiscal-monetaria-gpj\/"]}]},{"@type":"ImageObject","inLanguage":"pt-BR","@id":"https:\/\/www.suno.com.br\/noticias\/campos-neto-economia-fiscal-monetaria-gpj\/#primaryimage","url":"https:\/\/files.sunoresearch.com.br\/n\/uploads\/2021\/03\/95a90a39-50378530453_d3c330df4f_k-jpg.webp","contentUrl":"https:\/\/files.sunoresearch.com.br\/n\/uploads\/2021\/03\/95a90a39-50378530453_d3c330df4f_k-jpg.webp","width":1200,"height":800,"caption":"Roberto Campos Neto, presidente do Banco Central- Foto: Raphael Ribeiro\/BCB"},{"@type":"BreadcrumbList","@id":"https:\/\/www.suno.com.br\/noticias\/campos-neto-economia-fiscal-monetaria-gpj\/#breadcrumb","itemListElement":[{"@type":"ListItem","position":1,"name":"Not\u00edcias","item":"https:\/\/www.suno.com.br\/noticias\/"},{"@type":"ListItem","position":2,"name":"Economia","item":"https:\/\/www.suno.com.br\/noticias\/economia\/"},{"@type":"ListItem","position":3,"name":"Campos Neto: se as pessoas perderem confian\u00e7a na \u00e2ncora fiscal, a \u00e2ncora monet\u00e1ria ser\u00e1 afetada"}]},{"@type":"WebSite","@id":"https:\/\/www.suno.com.br\/noticias\/#website","url":"https:\/\/www.suno.com.br\/noticias\/","name":"Suno Not\u00edcias","description":"Seu portal de informa\u00e7\u00e3o sobre o mundo dos investimentos","publisher":{"@id":"https:\/\/www.suno.com.br\/noticias\/#organization"},"potentialAction":[{"@type":"SearchAction","target":{"@type":"EntryPoint","urlTemplate":"https:\/\/www.suno.com.br\/noticias\/?s={search_term_string}"},"query-input":{"@type":"PropertyValueSpecification","valueRequired":true,"valueName":"search_term_string"}}],"inLanguage":"pt-BR"},{"@type":"Organization","@id":"https:\/\/www.suno.com.br\/noticias\/#organization","name":"Suno Not\u00edcias","url":"https:\/\/www.suno.com.br\/noticias\/","logo":{"@type":"ImageObject","inLanguage":"pt-BR","@id":"https:\/\/www.suno.com.br\/noticias\/#\/schema\/logo\/image\/","url":"https:\/\/files.sunoresearch.com.br\/n\/uploads\/2021\/09\/suno-logo.png","contentUrl":"https:\/\/files.sunoresearch.com.br\/n\/uploads\/2021\/09\/suno-logo.png","width":180,"height":180,"caption":"Suno Not\u00edcias"},"image":{"@id":"https:\/\/www.suno.com.br\/noticias\/#\/schema\/logo\/image\/"},"sameAs":["https:\/\/facebook.com\/sunoresearch","https:\/\/x.com\/sunoresearch","https:\/\/www.instagram.com\/suno","https:\/\/www.linkedin.com\/company\/suno-research\/","https:\/\/www.youtube.com\/c\/sunoresearch"]},{"@type":"Person","@id":"https:\/\/www.suno.com.br\/noticias\/#\/schema\/person\/d0f32748bbca4bee871fa191ee4e2d40","name":"Giovanni Porf\u00edrio Jacomino","image":{"@type":"ImageObject","inLanguage":"pt-BR","@id":"https:\/\/www.suno.com.br\/noticias\/#\/schema\/person\/image\/","url":"https:\/\/secure.gravatar.com\/avatar\/efb32e19b730a121cb7a80f41ffec01a?s=96&r=g","contentUrl":"https:\/\/secure.gravatar.com\/avatar\/efb32e19b730a121cb7a80f41ffec01a?s=96&r=g","caption":"Giovanni Porf\u00edrio Jacomino"},"description":"Giovanni Porf\u00edrio Jacomino \u00e9 jornalista formado pela Universidade Estadual de Londrina (UEL) e p\u00f3s-graduado em Produ\u00e7\u00e3o e Pr\u00e1ticas Jornal\u00edsticas na Contemporaneidade na Faculdade C\u00e1sper L\u00edbero (FCL). Foi editor web no Startupi e no Finsiders, atuando ainda como editor no TC Mover, portal de not\u00edcias da TradersClub, fazendo a cobertura de assuntos relacionados ao mercado financeiro interno e externo. Atualmente, \u00e9 Rep\u00f3rter do Suno Not\u00edcias.","url":"https:\/\/www.suno.com.br\/noticias\/author\/giovanni-porfiriosuno-com-br\/"}]}},"default_loop_html":"<div class=\"cardsPage__listCard__boxs\"><div class=\"cardsPage__listCard__boxs__img\"><a href=\"https:\/\/www.suno.com.br\/noticias\/campos-neto-economia-fiscal-monetaria-gpj\/\"><img class=\"mask\" src=\"https:\/\/www.suno.com.br\/noticias\/wp-content\/themes\/suno\/resources\/images\/spotlight\/spotlight1img\/bg-mask.png\" alt=\"Image Mask\"\/><img src=\"https:\/\/files.sunoresearch.com.br\/n\/uploads\/2021\/03\/95a90a39-50378530453_d3c330df4f_k-400x200.webp\" alt=\"Campos Neto: se as pessoas perderem confian\u00e7a na \u00e2ncora fiscal, a \u00e2ncora monet\u00e1ria ser\u00e1 afetada\"\/><\/a><span class=\"spotlightCategory\"><a href=\"https:\/\/www.suno.com.br\/noticias\/economia\/\">Economia<\/a><\/span><\/div><div class=\"cardsPage__listCard__boxs__content\"><a href=\"https:\/\/www.suno.com.br\/noticias\/campos-neto-economia-fiscal-monetaria-gpj\/\"><h2 class=\"content__title\">Campos Neto: se as pessoas perderem confian\u00e7a na \u00e2ncora fiscal, a \u00e2ncora monet\u00e1ria ser\u00e1 afetada<\/h2><\/a><div class=\"newsContent__article__meta\"><div class=\"newsContent__article__meta__authorBox\"><a href=\"https:\/\/www.suno.com.br\/noticias\/author\/giovanni-porfiriosuno-com-br\/\" class=\"authorBox__avatar noMobi\"><img src=\"https:\/\/files.sunoresearch.com.br\/n\/uploads\/2024\/05\/DSCF4115-1-1-150x150.webp\" alt=\"Giovanni Porf\u00edrio Jacomino\"><\/a><div class=\"authorBox__name\"><span>por\n\t\t\t<a href=\"https:\/\/www.suno.com.br\/noticias\/author\/giovanni-porfiriosuno-com-br\/\"><span itemprop=\"author\">Giovanni Porf\u00edrio Jacomino<\/span><\/a><\/span><time datetime=\"2024-04-16T08:06:37-03:00\" itemprop=\"datePublished\">16\/04\/2024 08:06<\/time><\/div><\/div><\/div><\/div><\/div>","single_layout":"posts","amp_enabled":true,"_links":{"self":[{"href":"https:\/\/www.suno.com.br\/noticias\/wp-json\/wp\/v2\/posts\/544173"}],"collection":[{"href":"https:\/\/www.suno.com.br\/noticias\/wp-json\/wp\/v2\/posts"}],"about":[{"href":"https:\/\/www.suno.com.br\/noticias\/wp-json\/wp\/v2\/types\/post"}],"author":[{"embeddable":true,"href":"https:\/\/www.suno.com.br\/noticias\/wp-json\/wp\/v2\/users\/313"}],"replies":[{"embeddable":true,"href":"https:\/\/www.suno.com.br\/noticias\/wp-json\/wp\/v2\/comments?post=544173"}],"version-history":[{"count":2,"href":"https:\/\/www.suno.com.br\/noticias\/wp-json\/wp\/v2\/posts\/544173\/revisions"}],"predecessor-version":[{"id":544322,"href":"https:\/\/www.suno.com.br\/noticias\/wp-json\/wp\/v2\/posts\/544173\/revisions\/544322"}],"wp:featuredmedia":[{"embeddable":true,"href":"https:\/\/www.suno.com.br\/noticias\/wp-json\/wp\/v2\/media\/132138"}],"wp:attachment":[{"href":"https:\/\/www.suno.com.br\/noticias\/wp-json\/wp\/v2\/media?parent=544173"}],"wp:term":[{"taxonomy":"category","embeddable":true,"href":"https:\/\/www.suno.com.br\/noticias\/wp-json\/wp\/v2\/categories?post=544173"},{"taxonomy":"post_tag","embeddable":true,"href":"https:\/\/www.suno.com.br\/noticias\/wp-json\/wp\/v2\/tags?post=544173"},{"taxonomy":"suno_strategy","embeddable":true,"href":"https:\/\/www.suno.com.br\/noticias\/wp-json\/wp\/v2\/suno_strategy?post=544173"}],"curies":[{"name":"wp","href":"https:\/\/api.w.org\/{rel}","templated":true}]}}