{"id":544166,"date":"2024-04-15T19:17:37","date_gmt":"2024-04-15T22:17:37","guid":{"rendered":"https:\/\/www.suno.com.br\/noticias\/?p=544166"},"modified":"2024-04-15T19:17:40","modified_gmt":"2024-04-15T22:17:40","slug":"dolar-fecha-maior-valor-mais-um-ano-fiscal","status":"publish","type":"post","link":"https:\/\/www.suno.com.br\/noticias\/dolar-fecha-maior-valor-mais-um-ano-fiscal\/","title":{"rendered":"D\u00f3lar fecha no maior valor em mais de um ano"},"content":{"rendered":"<p>O <strong>d\u00f3lar<\/strong> \u00e0 vista emendou o quarto preg\u00e3o consecutivo de valoriza\u00e7\u00e3o na sess\u00e3o desta segunda-feira, 15, e alcan\u00e7ou o maior valor de fechamento em mais de um ano. Ao ambiente externo marcado por fortalecimento da moeda americana e alta das taxas dos Treasuries &#8211; ap\u00f3s dados de varejo nos EUA em mar\u00e7o refor\u00e7arem a leitura que o Federal Reserve tem pouco espa\u00e7o para cortar os juros neste ano -, somou-se a percep\u00e7\u00e3o de corros\u00e3o prematura do novo arcabou\u00e7o fiscal, com a mudan\u00e7a para a meta dos pr\u00f3ximos anos.<\/p>\t<div class=\"wrapper-featured-image\">\n\t\t<figure class=\"spotlightImg\">\n\n\t\t\t<picture>\n\t\t\t\t<source media=\"(max-width: 768px)\" srcset=\"https:\/\/files.sunoresearch.com.br\/n\/uploads\/2024\/03\/cedula-de-dolar-usd-400x200.jpg\">\n\t\t\t\t<img loading=\"lazy\" decoding=\"async\" class=\"newsContent__article__imgCapa lazyloadDisabled \" src=\"https:\/\/files.sunoresearch.com.br\/n\/uploads\/2024\/03\/cedula-de-dolar-usd-800x450.jpg\" width=\"800\" height=\"450\" alt=\"D\u00f3lar fecha no maior valor em mais de um ano\" fetchpriority=high \/>\n\t\t\t<\/picture>\n\n\t\t\t<figcaption class=\"wp-caption-text wp-caption-text--show\">D\u00f3lar - Foto: Unsplash<\/figcaption>\n\t\t<\/figure>\n\t<\/div>\n\n\n\n\n\n\t<p>\n\t\t<a href=\"\" target=\"_blank\" data-element=\"shortcode-suno-banner\" title=\"Banner SUNO, clique e saiba mais\">\n\t\t\t<picture>\n\t\t\t\t<source media=\"(max-width: 500px)\" srcset=\"\">\n\t\t\t\t<img class=\"newsContent__article__imgCapa newsContent__article__imgCapa--banner\"\n\t\t\t\t\tsrc=\"\"\n\t\t\t\t\tdata-promo-id=\"240038\"\t\t\t\t\t\t\t\t\t\t\t\t\t\t\talt=\"\"\n\t\t\t\t>\n\t\t\t<\/picture>\n\t\t<\/a>\n\t<\/p>\n\n\n\n\n\n\n\n<p>Tamb\u00e9m aumentaram a busca por <a class=\"suno-keyword\" target=\"_blank\" data-force=\"no\" data-priority=\"1\" href=\"https:\/\/www.suno.com.br\/artigos\/hedge-cambial\/\" rel=\"noopener\">hedge cambial<\/a> os temores de conflagra\u00e7\u00e3o da crise geopol\u00edtica no Oriente M\u00e9dio, dada a incerteza em torno da resposta de Israel aos ataques iranianos no \u00faltimo s\u00e1bado, e as quest\u00f5es t\u00e9cnicas do mercado local. Operadores ressaltam que vencem hoje US$ 3,8 bilh\u00f5es em NTN-As, t\u00edtulos atrelados \u00e0 varia\u00e7\u00e3o da taxa de c\u00e2mbio, mas o Banco Central vendeu apenas US$ 1 bilh\u00e3o em swaps cambias extras no dia 2. Haveria, em tese, uma demanda de US$ 2,8 bilh\u00f5es por <a class=\"suno-keyword\" target=\"_blank\" data-force=\"no\" data-priority=\"1\" href=\"https:\/\/www.suno.com.br\/artigos\/dolar-futuro\/\" rel=\"noopener\">d\u00f3lar futuro<\/a> &#8211; o que teria contribu\u00eddo para pressionar as cota\u00e7\u00f5es nos \u00faltimos dias.<\/p>\n\n\n\n<p>Afora uma queda pontual e bem limitada nos primeiros minutos de negocia\u00e7\u00e3o, a divisa trabalhou em alta no restante do dia, com m\u00e1xima a R$ 5,2150 \u00e0 tarde, em sintonia com o exterior. No fim da sess\u00e3o, o <strong>d\u00f3lar \u00e0 vista<\/strong> subia 1,25%, cotado a R$ 5,1852 &#8211; maior valor de fechamento desde 27 de mar\u00e7o do ano passado (R$ 5,2065). A moeda j\u00e1 acumula alta de 3,39% em abril, o que leva os ganhos no ano a 6,84%.<\/p>\n\n\n\t<p>\n\t\t<a href=\"https:\/\/lp.suno.com.br\/ebook-gratuito-investindo-no-exterior\/\" target=\"_blank\" data-element=\"shortcode-suno-banner\" title=\"Banner SUNO, clique e saiba mais\">\n\t\t\t<picture>\n\t\t\t\t<source media=\"(max-width: 500px)\" srcset=\"https:\/\/files.sunoresearch.com.br\/n\/uploads\/2023\/03\/400x300-Investindo-no-exterior.png\">\n\t\t\t\t<img class=\"newsContent__article__imgCapa newsContent__article__imgCapa--banner\"\n\t\t\t\t\tsrc=\"https:\/\/files.sunoresearch.com.br\/n\/uploads\/2023\/03\/1420x240-Investindo-no-exterior.png\"\n\t\t\t\t\tdata-promo-id=\"383161\"\t\t\t\t\t\t\t\t\t\twidth='1420' height='240'\t\t\t\t\talt=\"https:\/\/files.sunoresearch.com.br\/n\/uploads\/2023\/03\/1420x240-Investindo-no-exterior.png\"\n\t\t\t\t>\n\t\t\t<\/picture>\n\t\t<\/a>\n\t<\/p>\n\n\n\n\n\n<h2 class=\"wp-block-heading\">O que afetou a cota\u00e7\u00e3o do d\u00f3lar hoje?<\/h2>\n\n\n\n<p>Para o economista-chefe da Nova Futura Investimentos, Nicolas Borsoi, o notici\u00e1rio fiscal dom\u00e9stico carregado &#8211; com destaque para a informa\u00e7\u00e3o de que o novo arcabou\u00e7o fiscal foi alterado muito antes da primeira mudan\u00e7a no extinto <a class=\"suno-keyword\" target=\"_blank\" data-force=\"no\" data-priority=\"1\" href=\"https:\/\/www.suno.com.br\/artigos\/teto-de-gastos\/\" rel=\"noopener\">teto de gastos<\/a> &#8211; prejudica o desempenho da moeda brasileira. &#8220;O mercado j\u00e1 sabia que o governo n\u00e3o ia entregar as metas de prim\u00e1rio, apesar dos projetos de aumento de arrecada\u00e7\u00e3o. O que surpreende \u00e9 a velocidade da deteriora\u00e7\u00e3o. O governo est\u00e1 desistindo muito cedo&#8221;, afirma Borsoi.<\/p>\n\n\n\n<p>Como adiantado pelo Broadcast, a <strong>meta fiscal para 2025<\/strong> foi alterada de super\u00e1vit de 0,5% do PIB para 0%. Em antecipa\u00e7\u00e3o \u00e0 divulga\u00e7\u00e3o do Projeto de Lei de Diretrizes Or\u00e7ament\u00e1rias (PLDO), o ministro da Fazenda, Fernando Haddad, confirmou em entrevista \u00e0 GloboNews, no in\u00edcio da tarde, a modifica\u00e7\u00e3o da meta. O objetivo agora \u00e9 entregar algum super\u00e1vit ainda no mandato do presidente Lula, disse Haddad. De fato, o PLDO trouxe meta de <a class=\"suno-keyword\" target=\"_blank\" data-force=\"no\" data-priority=\"1\" href=\"https:\/\/www.suno.com.br\/artigos\/superavit-primario\/\" rel=\"noopener\">super\u00e1vit prim\u00e1rio<\/a> de 0,25% do PIB em 2026, com banda de 0,25 ponto porcentual. No arcabou\u00e7o, contudo, era esperado saldo de 1,00% do PIB daqui a dois anos.<\/p>\n\n\n\n<p>No exterior, o <a class=\"suno-keyword\" target=\"_blank\" data-force=\"no\" data-priority=\"1\" href=\"https:\/\/www.suno.com.br\/artigos\/dxy\/\" rel=\"noopener\">\u00edndice DXY<\/a> &#8211; principal refer\u00eancia do <strong>comportamento do d\u00f3lar <\/strong>em rela\u00e7\u00e3o a uma cesta de seis divisas fortes &#8211; ultrapassou a linha dos 106,200 pontos \u00e0 tarde, com m\u00e1ximas da moeda americana em rela\u00e7\u00e3o ao euro. Entre as divisas emergentes e de pa\u00edses exportadores de commodities mais relevantes, o peso chileno e o real apresentaram o pior desempenho, com perdas acima de 1%. Em abril, a moeda brasileira \u00e9 a que mais cai na compara\u00e7\u00e3o com a <strong>cota\u00e7\u00e3o do d\u00f3lar<\/strong>.<\/p>\n\n\n\n<p>As taxas dos Treasuries, que haviam mergulhado na \u00faltima sexta-feira em meio \u00e0 busca por prote\u00e7\u00e3o, hoje voltaram a subir, escoradas em dados fortes da economia americana. As vendas no varejo nos EUA cresceram 0,7% em mar\u00e7o na compara\u00e7\u00e3o mensal, acima do previsto (0,4%). As cota\u00e7\u00f5es do petr\u00f3leo apresentaram leve recuo, com o contrato do Brent para junho ainda na casa de US$ 90. N\u00e3o se sabe ainda como Israel vai responder aos ataques iranianos.<\/p>\n\n\n\n<p>O economista-chefe do Banco Pine, Cristiano Oliveira, alterou a expectativa para a <strong>taxa de c\u00e2mbi<\/strong>o no fim do ano de R$ 4,75 para R$ 4,85. Ele ressalta o comportamento do real nos pr\u00f3ximos meses estar\u00e1 muito ligado aos indicadores americanos e ao vaiv\u00e9m das apostas para o in\u00edcio do ciclo de corte de juros pelo Fed.<\/p>\n\n\n\n<p>&#8220;Aumentamos a expectativa de c\u00e2mbio m\u00e9dio <strong>d\u00f3la<\/strong>r R$ 4,88 para R$ 4,98, com retomada da tend\u00eancia de valoriza\u00e7\u00e3o do real apenas ap\u00f3s o in\u00edcio do ciclo de cortes de juros pelo Fed, a partir de setembro (ante cen\u00e1rio anterior em junho)&#8221;, afirma Oliveira.<\/p>\n\n\n\n<p><em>Com Estad\u00e3o Conte\u00fado<\/em><\/p>\n\n\n\t<p>\n\t\t<a href=\"https:\/\/lp.suno.com.br\/planilha-da-vida-financeira\/\" target=\"_blank\" data-element=\"shortcode-suno-banner\" title=\"Banner SUNO, clique e saiba mais\">\n\t\t\t<picture>\n\t\t\t\t<source media=\"(max-width: 500px)\" srcset=\"https:\/\/files.sunoresearch.com.br\/n\/uploads\/2023\/04\/400x300-Planilha-vida-financeira-true.png\">\n\t\t\t\t<img class=\"newsContent__article__imgCapa newsContent__article__imgCapa--banner\"\n\t\t\t\t\tsrc=\"https:\/\/files.sunoresearch.com.br\/n\/uploads\/2023\/04\/1420x240-Planilha-vida-financeira-true.png\"\n\t\t\t\t\tdata-promo-id=\"383123\"\t\t\t\t\t\t\t\t\t\twidth='1420' height='240'\t\t\t\t\talt=\"https:\/\/files.sunoresearch.com.br\/n\/uploads\/2023\/04\/1420x240-Planilha-vida-financeira-true.png\"\n\t\t\t\t>\n\t\t\t<\/picture>\n\t\t<\/a>\n\t<\/p>\n\n\n","protected":false},"excerpt":{"rendered":"<p>O d\u00f3lar \u00e0 vista emendou o quarto preg\u00e3o consecutivo de valoriza\u00e7\u00e3o na sess\u00e3o desta segunda-feira, 15, e alcan\u00e7ou o maior valor de fechamento em mais de um ano. Ao ambiente externo marcado por fortalecimento da moeda americana e alta das taxas dos Treasuries &#8211; ap\u00f3s dados de varejo nos EUA em mar\u00e7o refor\u00e7arem a leitura [&hellip;]<\/p>\n","protected":false},"author":43,"featured_media":534878,"comment_status":"closed","ping_status":"closed","sticky":false,"template":"","format":"standard","meta":[],"categories":[60],"tags":[1852],"suno_strategy":[],"class_list":["post-544166","post","type-post","status-publish","format-standard","has-post-thumbnail","hentry","category-mercado","tag-dolar-futuro"],"yoast_head":"<!-- This site is optimized with the Yoast SEO plugin v24.4 - https:\/\/yoast.com\/wordpress\/plugins\/seo\/ -->\n<title>D\u00f3lar fecha no maior valor em mais de um ano<\/title>\n<meta name=\"description\" content=\"No fim da sess\u00e3o, o d\u00f3lar \u00e0 vista subia 1,25%, cotado a R$ 5,1852 - maior valor de fechamento desde 27 de mar\u00e7o do ano passado (R$ 5,2065)\" \/>\n<meta name=\"robots\" content=\"index, follow, max-snippet:-1, max-image-preview:large, max-video-preview:-1\" \/>\n<link rel=\"canonical\" href=\"https:\/\/www.suno.com.br\/noticias\/dolar-fecha-maior-valor-mais-um-ano-fiscal\/\" \/>\n<meta property=\"og:locale\" content=\"pt_BR\" \/>\n<meta property=\"og:type\" content=\"article\" \/>\n<meta property=\"og:title\" content=\"D\u00f3lar fecha no maior valor em mais de um ano\" \/>\n<meta property=\"og:description\" content=\"No fim da sess\u00e3o, o d\u00f3lar \u00e0 vista subia 1,25%, cotado a R$ 5,1852 - maior valor de fechamento desde 27 de mar\u00e7o do ano passado (R$ 5,2065)\" \/>\n<meta property=\"og:url\" content=\"https:\/\/www.suno.com.br\/noticias\/dolar-fecha-maior-valor-mais-um-ano-fiscal\/\" \/>\n<meta property=\"og:site_name\" content=\"Suno Not\u00edcias\" \/>\n<meta property=\"article:publisher\" content=\"https:\/\/facebook.com\/sunoresearch\" \/>\n<meta property=\"article:author\" content=\"https:\/\/www.facebook.com\/sunonoticias\/\" \/>\n<meta property=\"og:image\" content=\"https:\/\/files.sunoresearch.com.br\/n\/uploads\/2024\/03\/cedula-de-dolar-usd.jpg\" \/>\n\t<meta property=\"og:image:width\" content=\"1200\" \/>\n\t<meta property=\"og:image:height\" content=\"800\" \/>\n\t<meta property=\"og:image:type\" content=\"image\/jpeg\" \/>\n<meta name=\"author\" content=\"Reda\u00e7\u00e3o Suno Not\u00edcias\" \/>\n<meta name=\"twitter:card\" content=\"summary_large_image\" \/>\n<meta name=\"twitter:creator\" content=\"@https:\/\/twitter.com\/sunoresearch\" \/>\n<meta name=\"twitter:site\" content=\"@sunoresearch\" \/>\n<meta name=\"twitter:label1\" content=\"Escrito por\" \/>\n\t<meta name=\"twitter:data1\" content=\"Reda\u00e7\u00e3o Suno Not\u00edcias\" \/>\n\t<meta name=\"twitter:label2\" content=\"Est. tempo de leitura\" \/>\n\t<meta name=\"twitter:data2\" content=\"4 minutos\" \/>\n<script type=\"application\/ld+json\" class=\"yoast-schema-graph\">{\"@context\":\"https:\/\/schema.org\",\"@graph\":[{\"@type\":\"NewsArticle\",\"@id\":\"https:\/\/www.suno.com.br\/noticias\/dolar-fecha-maior-valor-mais-um-ano-fiscal\/#article\",\"isPartOf\":{\"@id\":\"https:\/\/www.suno.com.br\/noticias\/dolar-fecha-maior-valor-mais-um-ano-fiscal\/\"},\"author\":{\"name\":\"Reda\u00e7\u00e3o Suno Not\u00edcias\",\"@id\":\"https:\/\/www.suno.com.br\/noticias\/#\/schema\/person\/c1b1bd3727fa852bd045e9dbff3673ea\"},\"headline\":\"D\u00f3lar fecha no maior valor em mais de um ano\",\"datePublished\":\"2024-04-15T22:17:37+00:00\",\"dateModified\":\"2024-04-15T22:17:40+00:00\",\"mainEntityOfPage\":{\"@id\":\"https:\/\/www.suno.com.br\/noticias\/dolar-fecha-maior-valor-mais-um-ano-fiscal\/\"},\"wordCount\":781,\"publisher\":{\"@id\":\"https:\/\/www.suno.com.br\/noticias\/#organization\"},\"image\":{\"@id\":\"https:\/\/www.suno.com.br\/noticias\/dolar-fecha-maior-valor-mais-um-ano-fiscal\/#primaryimage\"},\"thumbnailUrl\":\"https:\/\/files.sunoresearch.com.br\/n\/uploads\/2024\/03\/cedula-de-dolar-usd.jpg\",\"keywords\":[\"d\u00f3lar futuro\"],\"articleSection\":[\"Mercado\"],\"inLanguage\":\"pt-BR\"},{\"@type\":\"WebPage\",\"@id\":\"https:\/\/www.suno.com.br\/noticias\/dolar-fecha-maior-valor-mais-um-ano-fiscal\/\",\"url\":\"https:\/\/www.suno.com.br\/noticias\/dolar-fecha-maior-valor-mais-um-ano-fiscal\/\",\"name\":\"D\u00f3lar fecha no maior valor em mais de um ano\",\"isPartOf\":{\"@id\":\"https:\/\/www.suno.com.br\/noticias\/#website\"},\"primaryImageOfPage\":{\"@id\":\"https:\/\/www.suno.com.br\/noticias\/dolar-fecha-maior-valor-mais-um-ano-fiscal\/#primaryimage\"},\"image\":{\"@id\":\"https:\/\/www.suno.com.br\/noticias\/dolar-fecha-maior-valor-mais-um-ano-fiscal\/#primaryimage\"},\"thumbnailUrl\":\"https:\/\/files.sunoresearch.com.br\/n\/uploads\/2024\/03\/cedula-de-dolar-usd.jpg\",\"datePublished\":\"2024-04-15T22:17:37+00:00\",\"dateModified\":\"2024-04-15T22:17:40+00:00\",\"description\":\"No fim da sess\u00e3o, o d\u00f3lar \u00e0 vista subia 1,25%, cotado a R$ 5,1852 - maior valor de fechamento desde 27 de mar\u00e7o do ano passado (R$ 5,2065)\",\"breadcrumb\":{\"@id\":\"https:\/\/www.suno.com.br\/noticias\/dolar-fecha-maior-valor-mais-um-ano-fiscal\/#breadcrumb\"},\"inLanguage\":\"pt-BR\",\"potentialAction\":[{\"@type\":\"ReadAction\",\"target\":[\"https:\/\/www.suno.com.br\/noticias\/dolar-fecha-maior-valor-mais-um-ano-fiscal\/\"]}]},{\"@type\":\"ImageObject\",\"inLanguage\":\"pt-BR\",\"@id\":\"https:\/\/www.suno.com.br\/noticias\/dolar-fecha-maior-valor-mais-um-ano-fiscal\/#primaryimage\",\"url\":\"https:\/\/files.sunoresearch.com.br\/n\/uploads\/2024\/03\/cedula-de-dolar-usd.jpg\",\"contentUrl\":\"https:\/\/files.sunoresearch.com.br\/n\/uploads\/2024\/03\/cedula-de-dolar-usd.jpg\",\"width\":1200,\"height\":800,\"caption\":\"D\u00f3lar - Foto: Unsplash\"},{\"@type\":\"BreadcrumbList\",\"@id\":\"https:\/\/www.suno.com.br\/noticias\/dolar-fecha-maior-valor-mais-um-ano-fiscal\/#breadcrumb\",\"itemListElement\":[{\"@type\":\"ListItem\",\"position\":1,\"name\":\"Not\u00edcias\",\"item\":\"https:\/\/www.suno.com.br\/noticias\/\"},{\"@type\":\"ListItem\",\"position\":2,\"name\":\"Mercado\",\"item\":\"https:\/\/www.suno.com.br\/noticias\/mercado\/\"},{\"@type\":\"ListItem\",\"position\":3,\"name\":\"D\u00f3lar fecha no maior valor em mais de um ano\"}]},{\"@type\":\"WebSite\",\"@id\":\"https:\/\/www.suno.com.br\/noticias\/#website\",\"url\":\"https:\/\/www.suno.com.br\/noticias\/\",\"name\":\"Suno Not\u00edcias\",\"description\":\"Seu portal de informa\u00e7\u00e3o sobre o mundo dos investimentos\",\"publisher\":{\"@id\":\"https:\/\/www.suno.com.br\/noticias\/#organization\"},\"potentialAction\":[{\"@type\":\"SearchAction\",\"target\":{\"@type\":\"EntryPoint\",\"urlTemplate\":\"https:\/\/www.suno.com.br\/noticias\/?s={search_term_string}\"},\"query-input\":{\"@type\":\"PropertyValueSpecification\",\"valueRequired\":true,\"valueName\":\"search_term_string\"}}],\"inLanguage\":\"pt-BR\"},{\"@type\":\"Organization\",\"@id\":\"https:\/\/www.suno.com.br\/noticias\/#organization\",\"name\":\"Suno Not\u00edcias\",\"url\":\"https:\/\/www.suno.com.br\/noticias\/\",\"logo\":{\"@type\":\"ImageObject\",\"inLanguage\":\"pt-BR\",\"@id\":\"https:\/\/www.suno.com.br\/noticias\/#\/schema\/logo\/image\/\",\"url\":\"https:\/\/files.sunoresearch.com.br\/n\/uploads\/2021\/09\/suno-logo.png\",\"contentUrl\":\"https:\/\/files.sunoresearch.com.br\/n\/uploads\/2021\/09\/suno-logo.png\",\"width\":180,\"height\":180,\"caption\":\"Suno Not\u00edcias\"},\"image\":{\"@id\":\"https:\/\/www.suno.com.br\/noticias\/#\/schema\/logo\/image\/\"},\"sameAs\":[\"https:\/\/facebook.com\/sunoresearch\",\"https:\/\/x.com\/sunoresearch\",\"https:\/\/www.instagram.com\/suno\",\"https:\/\/www.linkedin.com\/company\/suno-research\/\",\"https:\/\/www.youtube.com\/c\/sunoresearch\"]},{\"@type\":\"Person\",\"@id\":\"https:\/\/www.suno.com.br\/noticias\/#\/schema\/person\/c1b1bd3727fa852bd045e9dbff3673ea\",\"name\":\"Reda\u00e7\u00e3o Suno Not\u00edcias\",\"image\":{\"@type\":\"ImageObject\",\"inLanguage\":\"pt-BR\",\"@id\":\"https:\/\/www.suno.com.br\/noticias\/#\/schema\/person\/image\/\",\"url\":\"https:\/\/secure.gravatar.com\/avatar\/b8104b9b5a71985d5238ee59fbe418af?s=96&r=g\",\"contentUrl\":\"https:\/\/secure.gravatar.com\/avatar\/b8104b9b5a71985d5238ee59fbe418af?s=96&r=g\",\"caption\":\"Reda\u00e7\u00e3o Suno Not\u00edcias\"},\"description\":\"O Suno Not\u00edcias \u00e9 um portal de informa\u00e7\u00f5es sobre Mercado Financeiro, Pol\u00edtica, Neg\u00f3cios, Economia e Finan\u00e7as Pessoais.\",\"sameAs\":[\"https:\/\/www.suno.com.br\/noticias\",\"https:\/\/www.facebook.com\/sunonoticias\/\",\"https:\/\/www.instagram.com\/sunonoticias\/\",\"https:\/\/x.com\/https:\/\/twitter.com\/sunoresearch\",\"https:\/\/www.youtube.com\/sunonoticias\"],\"url\":\"https:\/\/www.suno.com.br\/noticias\/author\/redacao-suno\/\"}]}<\/script>\n<!-- \/ Yoast SEO plugin. -->","yoast_head_json":{"title":"D\u00f3lar fecha no maior valor em mais de um ano","description":"No fim da sess\u00e3o, o d\u00f3lar \u00e0 vista subia 1,25%, cotado a R$ 5,1852 - maior valor de fechamento desde 27 de mar\u00e7o do ano passado (R$ 5,2065)","robots":{"index":"index","follow":"follow","max-snippet":"max-snippet:-1","max-image-preview":"max-image-preview:large","max-video-preview":"max-video-preview:-1"},"canonical":"https:\/\/www.suno.com.br\/noticias\/dolar-fecha-maior-valor-mais-um-ano-fiscal\/","og_locale":"pt_BR","og_type":"article","og_title":"D\u00f3lar fecha no maior valor em mais de um ano","og_description":"No fim da sess\u00e3o, o d\u00f3lar \u00e0 vista subia 1,25%, cotado a R$ 5,1852 - maior valor de fechamento desde 27 de mar\u00e7o do ano passado (R$ 5,2065)","og_url":"https:\/\/www.suno.com.br\/noticias\/dolar-fecha-maior-valor-mais-um-ano-fiscal\/","og_site_name":"Suno Not\u00edcias","article_publisher":"https:\/\/facebook.com\/sunoresearch","article_author":"https:\/\/www.facebook.com\/sunonoticias\/","og_image":[{"width":1200,"height":800,"url":"https:\/\/files.sunoresearch.com.br\/n\/uploads\/2024\/03\/cedula-de-dolar-usd.jpg","type":"image\/jpeg"}],"author":"Reda\u00e7\u00e3o Suno Not\u00edcias","twitter_card":"summary_large_image","twitter_creator":"@https:\/\/twitter.com\/sunoresearch","twitter_site":"@sunoresearch","twitter_misc":{"Escrito por":"Reda\u00e7\u00e3o Suno Not\u00edcias","Est. tempo de leitura":"4 minutos"},"schema":{"@context":"https:\/\/schema.org","@graph":[{"@type":"NewsArticle","@id":"https:\/\/www.suno.com.br\/noticias\/dolar-fecha-maior-valor-mais-um-ano-fiscal\/#article","isPartOf":{"@id":"https:\/\/www.suno.com.br\/noticias\/dolar-fecha-maior-valor-mais-um-ano-fiscal\/"},"author":{"name":"Reda\u00e7\u00e3o Suno Not\u00edcias","@id":"https:\/\/www.suno.com.br\/noticias\/#\/schema\/person\/c1b1bd3727fa852bd045e9dbff3673ea"},"headline":"D\u00f3lar fecha no maior valor em mais de um ano","datePublished":"2024-04-15T22:17:37+00:00","dateModified":"2024-04-15T22:17:40+00:00","mainEntityOfPage":{"@id":"https:\/\/www.suno.com.br\/noticias\/dolar-fecha-maior-valor-mais-um-ano-fiscal\/"},"wordCount":781,"publisher":{"@id":"https:\/\/www.suno.com.br\/noticias\/#organization"},"image":{"@id":"https:\/\/www.suno.com.br\/noticias\/dolar-fecha-maior-valor-mais-um-ano-fiscal\/#primaryimage"},"thumbnailUrl":"https:\/\/files.sunoresearch.com.br\/n\/uploads\/2024\/03\/cedula-de-dolar-usd.jpg","keywords":["d\u00f3lar futuro"],"articleSection":["Mercado"],"inLanguage":"pt-BR"},{"@type":"WebPage","@id":"https:\/\/www.suno.com.br\/noticias\/dolar-fecha-maior-valor-mais-um-ano-fiscal\/","url":"https:\/\/www.suno.com.br\/noticias\/dolar-fecha-maior-valor-mais-um-ano-fiscal\/","name":"D\u00f3lar fecha no maior valor em mais de um ano","isPartOf":{"@id":"https:\/\/www.suno.com.br\/noticias\/#website"},"primaryImageOfPage":{"@id":"https:\/\/www.suno.com.br\/noticias\/dolar-fecha-maior-valor-mais-um-ano-fiscal\/#primaryimage"},"image":{"@id":"https:\/\/www.suno.com.br\/noticias\/dolar-fecha-maior-valor-mais-um-ano-fiscal\/#primaryimage"},"thumbnailUrl":"https:\/\/files.sunoresearch.com.br\/n\/uploads\/2024\/03\/cedula-de-dolar-usd.jpg","datePublished":"2024-04-15T22:17:37+00:00","dateModified":"2024-04-15T22:17:40+00:00","description":"No fim da sess\u00e3o, o d\u00f3lar \u00e0 vista subia 1,25%, cotado a R$ 5,1852 - maior valor de fechamento desde 27 de mar\u00e7o do ano passado (R$ 5,2065)","breadcrumb":{"@id":"https:\/\/www.suno.com.br\/noticias\/dolar-fecha-maior-valor-mais-um-ano-fiscal\/#breadcrumb"},"inLanguage":"pt-BR","potentialAction":[{"@type":"ReadAction","target":["https:\/\/www.suno.com.br\/noticias\/dolar-fecha-maior-valor-mais-um-ano-fiscal\/"]}]},{"@type":"ImageObject","inLanguage":"pt-BR","@id":"https:\/\/www.suno.com.br\/noticias\/dolar-fecha-maior-valor-mais-um-ano-fiscal\/#primaryimage","url":"https:\/\/files.sunoresearch.com.br\/n\/uploads\/2024\/03\/cedula-de-dolar-usd.jpg","contentUrl":"https:\/\/files.sunoresearch.com.br\/n\/uploads\/2024\/03\/cedula-de-dolar-usd.jpg","width":1200,"height":800,"caption":"D\u00f3lar - Foto: Unsplash"},{"@type":"BreadcrumbList","@id":"https:\/\/www.suno.com.br\/noticias\/dolar-fecha-maior-valor-mais-um-ano-fiscal\/#breadcrumb","itemListElement":[{"@type":"ListItem","position":1,"name":"Not\u00edcias","item":"https:\/\/www.suno.com.br\/noticias\/"},{"@type":"ListItem","position":2,"name":"Mercado","item":"https:\/\/www.suno.com.br\/noticias\/mercado\/"},{"@type":"ListItem","position":3,"name":"D\u00f3lar fecha no maior valor em mais de um ano"}]},{"@type":"WebSite","@id":"https:\/\/www.suno.com.br\/noticias\/#website","url":"https:\/\/www.suno.com.br\/noticias\/","name":"Suno Not\u00edcias","description":"Seu portal de informa\u00e7\u00e3o sobre o mundo dos investimentos","publisher":{"@id":"https:\/\/www.suno.com.br\/noticias\/#organization"},"potentialAction":[{"@type":"SearchAction","target":{"@type":"EntryPoint","urlTemplate":"https:\/\/www.suno.com.br\/noticias\/?s={search_term_string}"},"query-input":{"@type":"PropertyValueSpecification","valueRequired":true,"valueName":"search_term_string"}}],"inLanguage":"pt-BR"},{"@type":"Organization","@id":"https:\/\/www.suno.com.br\/noticias\/#organization","name":"Suno Not\u00edcias","url":"https:\/\/www.suno.com.br\/noticias\/","logo":{"@type":"ImageObject","inLanguage":"pt-BR","@id":"https:\/\/www.suno.com.br\/noticias\/#\/schema\/logo\/image\/","url":"https:\/\/files.sunoresearch.com.br\/n\/uploads\/2021\/09\/suno-logo.png","contentUrl":"https:\/\/files.sunoresearch.com.br\/n\/uploads\/2021\/09\/suno-logo.png","width":180,"height":180,"caption":"Suno Not\u00edcias"},"image":{"@id":"https:\/\/www.suno.com.br\/noticias\/#\/schema\/logo\/image\/"},"sameAs":["https:\/\/facebook.com\/sunoresearch","https:\/\/x.com\/sunoresearch","https:\/\/www.instagram.com\/suno","https:\/\/www.linkedin.com\/company\/suno-research\/","https:\/\/www.youtube.com\/c\/sunoresearch"]},{"@type":"Person","@id":"https:\/\/www.suno.com.br\/noticias\/#\/schema\/person\/c1b1bd3727fa852bd045e9dbff3673ea","name":"Reda\u00e7\u00e3o Suno Not\u00edcias","image":{"@type":"ImageObject","inLanguage":"pt-BR","@id":"https:\/\/www.suno.com.br\/noticias\/#\/schema\/person\/image\/","url":"https:\/\/secure.gravatar.com\/avatar\/b8104b9b5a71985d5238ee59fbe418af?s=96&r=g","contentUrl":"https:\/\/secure.gravatar.com\/avatar\/b8104b9b5a71985d5238ee59fbe418af?s=96&r=g","caption":"Reda\u00e7\u00e3o Suno Not\u00edcias"},"description":"O Suno Not\u00edcias \u00e9 um portal de informa\u00e7\u00f5es sobre Mercado Financeiro, Pol\u00edtica, Neg\u00f3cios, Economia e Finan\u00e7as Pessoais.","sameAs":["https:\/\/www.suno.com.br\/noticias","https:\/\/www.facebook.com\/sunonoticias\/","https:\/\/www.instagram.com\/sunonoticias\/","https:\/\/x.com\/https:\/\/twitter.com\/sunoresearch","https:\/\/www.youtube.com\/sunonoticias"],"url":"https:\/\/www.suno.com.br\/noticias\/author\/redacao-suno\/"}]}},"default_loop_html":"<div class=\"cardsPage__listCard__boxs\"><div class=\"cardsPage__listCard__boxs__img\"><a href=\"https:\/\/www.suno.com.br\/noticias\/dolar-fecha-maior-valor-mais-um-ano-fiscal\/\"><img class=\"mask\" src=\"https:\/\/www.suno.com.br\/noticias\/wp-content\/themes\/suno\/resources\/images\/spotlight\/spotlight1img\/bg-mask.png\" alt=\"Image Mask\"\/><img src=\"https:\/\/files.sunoresearch.com.br\/n\/uploads\/2024\/03\/cedula-de-dolar-usd-400x200.jpg\" alt=\"D\u00f3lar fecha no maior valor em mais de um ano\"\/><\/a><span class=\"spotlightCategory\"><a href=\"https:\/\/www.suno.com.br\/noticias\/mercado\/\">Mercado<\/a><\/span><\/div><div class=\"cardsPage__listCard__boxs__content\"><a href=\"https:\/\/www.suno.com.br\/noticias\/dolar-fecha-maior-valor-mais-um-ano-fiscal\/\"><h2 class=\"content__title\">D\u00f3lar fecha no maior valor em mais de um ano<\/h2><\/a><div class=\"newsContent__article__meta\"><div class=\"newsContent__article__meta__authorBox\"><a href=\"https:\/\/www.suno.com.br\/noticias\/author\/redacao-suno\/\" class=\"authorBox__avatar noMobi\"><img src=\"https:\/\/files.sunoresearch.com.br\/n\/uploads\/2020\/08\/0ace682d-redacao-1-150x150.webp\" alt=\"Reda\u00e7\u00e3o Suno Not\u00edcias\"><\/a><div class=\"authorBox__name\"><span>por\n\t\t\t<a href=\"https:\/\/www.suno.com.br\/noticias\/author\/redacao-suno\/\"><span itemprop=\"author\">Reda\u00e7\u00e3o Suno Not\u00edcias<\/span><\/a><\/span><time datetime=\"2024-04-15T19:17:37-03:00\" itemprop=\"datePublished\">15\/04\/2024 19:17<\/time><\/div><\/div><\/div><\/div><\/div>","single_layout":"posts","amp_enabled":true,"_links":{"self":[{"href":"https:\/\/www.suno.com.br\/noticias\/wp-json\/wp\/v2\/posts\/544166"}],"collection":[{"href":"https:\/\/www.suno.com.br\/noticias\/wp-json\/wp\/v2\/posts"}],"about":[{"href":"https:\/\/www.suno.com.br\/noticias\/wp-json\/wp\/v2\/types\/post"}],"author":[{"embeddable":true,"href":"https:\/\/www.suno.com.br\/noticias\/wp-json\/wp\/v2\/users\/43"}],"replies":[{"embeddable":true,"href":"https:\/\/www.suno.com.br\/noticias\/wp-json\/wp\/v2\/comments?post=544166"}],"version-history":[{"count":2,"href":"https:\/\/www.suno.com.br\/noticias\/wp-json\/wp\/v2\/posts\/544166\/revisions"}],"predecessor-version":[{"id":544207,"href":"https:\/\/www.suno.com.br\/noticias\/wp-json\/wp\/v2\/posts\/544166\/revisions\/544207"}],"wp:featuredmedia":[{"embeddable":true,"href":"https:\/\/www.suno.com.br\/noticias\/wp-json\/wp\/v2\/media\/534878"}],"wp:attachment":[{"href":"https:\/\/www.suno.com.br\/noticias\/wp-json\/wp\/v2\/media?parent=544166"}],"wp:term":[{"taxonomy":"category","embeddable":true,"href":"https:\/\/www.suno.com.br\/noticias\/wp-json\/wp\/v2\/categories?post=544166"},{"taxonomy":"post_tag","embeddable":true,"href":"https:\/\/www.suno.com.br\/noticias\/wp-json\/wp\/v2\/tags?post=544166"},{"taxonomy":"suno_strategy","embeddable":true,"href":"https:\/\/www.suno.com.br\/noticias\/wp-json\/wp\/v2\/suno_strategy?post=544166"}],"curies":[{"name":"wp","href":"https:\/\/api.w.org\/{rel}","templated":true}]}}