{"id":544149,"date":"2024-04-15T21:07:01","date_gmt":"2024-04-16T00:07:01","guid":{"rendered":"https:\/\/www.suno.com.br\/noticias\/?p=544149"},"modified":"2024-04-15T21:47:40","modified_gmt":"2024-04-16T00:47:40","slug":"governo-federal-projeto-orcamento-meta-fiscal-salario-minimo-2025","status":"publish","type":"post","link":"https:\/\/www.suno.com.br\/noticias\/governo-federal-projeto-orcamento-meta-fiscal-salario-minimo-2025\/","title":{"rendered":"Governo projeta sal\u00e1rio m\u00ednimo em R$ 1.502,00 em 2025; meta fiscal tem mudan\u00e7as"},"content":{"rendered":"<p>O Projeto de Lei de Diretrizes Or\u00e7ament\u00e1rias (PLDO) de 2025, enviado pelo <strong>governo federal <\/strong>ao Congresso, estima que o <a class=\"suno-keyword\" data-force=\"no\" data-priority=\"3\" href=\"https:\/\/www.suno.com.br\/artigos\/salario-minimo\/\" target=\"_blank\" rel=\"noopener\">sal\u00e1rio m\u00ednimo<\/a> ser\u00e1 de R$ 1.502 em 2025, um aumento de pouco mais de 6% em rela\u00e7\u00e3o ao patamar atual, de R$ 1.412. De acordo com o PLDO 2025, a previs\u00e3o \u00e9 de que o sal\u00e1rio m\u00ednimo seja de R$ 1.582 em 2026, chegando a R$ 1.676 em 2027. Para 2028, a proje\u00e7\u00e3o \u00e9 de R$ 1.772.<\/p>\t<div class=\"wrapper-featured-image\">\n\t\t<figure class=\"spotlightImg\">\n\n\t\t\t<picture>\n\t\t\t\t<source media=\"(max-width: 768px)\" srcset=\"https:\/\/files.sunoresearch.com.br\/n\/uploads\/2023\/05\/governo-brasil-brasilia-planalto-400x200.jpg\">\n\t\t\t\t<img loading=\"lazy\" decoding=\"async\" class=\"newsContent__article__imgCapa lazyloadDisabled \" src=\"https:\/\/files.sunoresearch.com.br\/n\/uploads\/2023\/05\/governo-brasil-brasilia-planalto-800x450.jpg\" width=\"800\" height=\"450\" alt=\"Governo projeta sal\u00e1rio m\u00ednimo em R$ 1.502,00 em 2025; meta fiscal tem mudan\u00e7as\" fetchpriority=high \/>\n\t\t\t<\/picture>\n\n\t\t\t<figcaption class=\"wp-caption-text wp-caption-text--show\">Pra\u00e7a dos 3 Poderes - Foto: iStock<\/figcaption>\n\t\t<\/figure>\n\t<\/div>\n\n\n\n\n\n\t<p>\n\t\t<a href=\"\" target=\"_blank\" data-element=\"shortcode-suno-banner\" title=\"Banner SUNO, clique e saiba mais\">\n\t\t\t<picture>\n\t\t\t\t<source media=\"(max-width: 500px)\" srcset=\"\">\n\t\t\t\t<img class=\"newsContent__article__imgCapa newsContent__article__imgCapa--banner\"\n\t\t\t\t\tsrc=\"\"\n\t\t\t\t\tdata-promo-id=\"240038\"\t\t\t\t\t\t\t\t\t\t\t\t\t\t\talt=\"\"\n\t\t\t\t>\n\t\t\t<\/picture>\n\t\t<\/a>\n\t<\/p>\n\n\n\n\n\n\n\n<p>As cifras devem atender \u00e0 nova pol\u00edtica de <strong>valoriza\u00e7\u00e3o do m\u00ednimo<\/strong> do governo, que retomou as corre\u00e7\u00f5es acima da infla\u00e7\u00e3o. A f\u00f3rmula para se chegar ao montante prev\u00ea o reajuste pelo \u00cdndice Nacional de Pre\u00e7os ao Consumidor (INPC) acumulado no per\u00edodo de 12 meses at\u00e9 novembro mais o crescimento do PIB de dois anos antes.<\/p>\n\n\n\n<p>A grade de par\u00e2metros macroecon\u00f4micos do PLDO ainda prev\u00ea uma <strong>alta do Produto Interno Bruto<\/strong> (PIB) de 2025 em 2,80%. O documento inclui a previs\u00e3o de alta do PIB de 2,58% em 2026, de 2,62% em 2027 e de 2,51% em 2028.<\/p>\n\n\n\n<p>A estimativa est\u00e1 acima das proje\u00e7\u00f5es de economistas segundo o <a class=\"suno-keyword\" target=\"_blank\" data-force=\"no\" data-priority=\"2\" href=\"https:\/\/www.suno.com.br\/artigos\/boletim-focus\/\" rel=\"noopener\">Boletim Focus<\/a>, coletado pelo Banco Central e divulgado na \u00faltima semana, que aponta alta de 1,90% na atividade econ\u00f4mica no ano que vem. J\u00e1 no Banco Central, a proje\u00e7\u00e3o atual \u00e9 de avan\u00e7o de 1,9% neste ano, conforme o Relat\u00f3rio Trimestral de Infla\u00e7\u00e3o (RTI) de mar\u00e7o.<\/p>\n\n\n\n<p>O projeto estima uma infla\u00e7\u00e3o medida pelo \u00cdndice Nacional de Pre\u00e7os ao Consumidor Amplo (<strong>IPCA<\/strong>) de 3,10% em 2025 e de 3,00% em 2026, 2027 e 2028. J\u00e1 o INPC deve variar apresentar alta de 3,00% em cada um dos quatro anos do <a class=\"suno-keyword\" target=\"_blank\" data-force=\"no\" data-priority=\"1\" href=\"https:\/\/www.suno.com.br\/artigos\/curto-prazo\/\" rel=\"noopener\">curto prazo<\/a>.<\/p>\n\n\n\n<p>A <strong>proje\u00e7\u00e3o Selic<\/strong> (taxa over) ficou em 8,05% no pr\u00f3ximo ano, 7,22% em 2026 e 7,02% em 2027 e 6,77% em 2028. O PLDO de 2025 projeta um c\u00e2mbio m\u00e9dio a R$ 4,98 no pr\u00f3ximo ano; R$ 5,03 em 2026; R$ 5,07 em 2027 e R$ 5,10 em 2028.<\/p>\n\n\n\n<p>O <strong>projeto do governo federal<\/strong> estima ainda um crescimento da massa salarial nominal de 7,51% em 2025, 7,37% em 2026, 6,60% em 2027 e 6,92% em 2028.<\/p>\n\n\n\n<h2 class=\"wp-block-heading\">Meta fiscal em 2025<\/h2>\n\n\n\n<p>Enviado nesta segunda-feira (15) ao Congresso Nacional, o projeto da <strong>Lei de Diretrizes Or\u00e7ament\u00e1rias<\/strong> (PLDO) de 2025 adiou o compromisso da equipe econ\u00f4mica de <strong>zerar o d\u00e9ficit prim\u00e1rio<\/strong> \u2013 resultado nas contas do governo sem os juros da <a class=\"suno-keyword\" target=\"_blank\" data-force=\"no\" data-priority=\"1\" href=\"https:\/\/www.suno.com.br\/artigos\/divida-publica\/\" rel=\"noopener\">d\u00edvida p\u00fablica<\/a>. A proposta manteve em zero a meta de resultado prim\u00e1rio para 2025, com margem de toler\u00e2ncia de 0,25 ponto percentual do Produto Interno Bruto (PIB) para mais ou para menos.<img decoding=\"async\" style=\"width: 1px; height: 1px; display: inline;\" src=\"https:\/\/agenciabrasil.ebc.com.br\/ebc.png?id=1590429&amp;o=rss\"><img decoding=\"async\" style=\"width: 1px; height: 1px; display: inline;\" src=\"https:\/\/agenciabrasil.ebc.com.br\/ebc.gif?id=1590429&amp;o=rss\"><\/p>\n\n\n\n<p>O texto da PLDO projeta super\u00e1vit de 0,25% do PIB para 2026, 0,5% em 2027 e 1% em 2028. Como em todos os anos, h\u00e1 a margem de toler\u00e2ncia de 0,25 ponto percentual, a obten\u00e7\u00e3o de super\u00e1vit prim\u00e1rio, na pr\u00e1tica, s\u00f3 est\u00e1 garantida a partir de 2026, \u00faltimo ano do <strong>atual governo<\/strong>.<\/p>\n\n\n\n<p>At\u00e9 agora, a <strong>equipe econ\u00f4mica<\/strong> trabalhava com d\u00e9ficit zero em 2024 e super\u00e1vit prim\u00e1rio de 0,5% do Produto Interno Bruto (PIB) em 2025 e de 1% do PIB em 2026, tamb\u00e9m com a margem de toler\u00e2ncia de 0,25 ponto percentual. No entanto, as receitas extras que est\u00e3o entrando nos cofres federais em 2024 n\u00e3o dever\u00e3o se repetir em 2025, dificultando o cumprimento das metas anteriores.<\/p>\n\n\n\n<p>Em valores absolutos, o PLDO prev\u00ea que o <strong>resultado prim\u00e1rio<\/strong> poder\u00e1 variar entre d\u00e9ficit de R$ 31 bilh\u00f5es e super\u00e1vit prim\u00e1rio de R$ 31 bilh\u00f5es em 2025, considerando a margem de toler\u00e2ncia. Para 2026, o texto prev\u00ea super\u00e1vit de R$ 33,1 bilh\u00f5es, com o resultado variando de zero a&nbsp;super\u00e1vit de R$ 66,2 bilh\u00f5es.<\/p>\n\n\n\n<p>Para 2027, o governo prev\u00ea super\u00e1vit de R$ 70,7 bilh\u00f5es, variando de resultado positivo de R$ 35,3 bilh\u00f5es a R$ 106 bilh\u00f5es. Para 2028, o projeto estima super\u00e1vit prim\u00e1rio de R$ 150,7 bilh\u00f5es, com o intervalo entre R$ 113 bilh\u00f5es e R$ 188,4 bilh\u00f5es.<\/p>\n\n\n\n<h2 class=\"wp-block-heading\">Haddad: &#8220;Meta fact\u00edvel&#8221;<\/h2>\n\n\n\n<p>Mais cedo, o ministro da Fazenda, <strong>Fernando Haddad<\/strong>, tinha informado, em entrevista \u00e0 emissora de televis\u00e3o GloboNews, que a meta de resultado prim\u00e1rio estava em zero no pr\u00f3ximo ano. Na semana passada, o ministro tinha defendido uma <a href=\"https:\/\/agenciabrasil.ebc.com.br\/economia\/noticia\/2024-04\/haddad-tempo-se-esgota-para-definir-meta-fiscal-factivel-para-2025\" target=\"_blank\" rel=\"noopener\">meta fiscal \u201cfact\u00edvel\u201d para 2025<\/a>&nbsp;para dar credibilidade ao novo arcabou\u00e7o fiscal.<\/p>\n\n\n\n<p>Al\u00e9m da diminui\u00e7\u00e3o de receitas extraordin\u00e1rias, que n\u00e3o se repetir\u00e3o em 2025, o governo enfrenta desafios com o Congresso. Os parlamentares querem manter a desonera\u00e7\u00e3o da folha de pagamento para 17 setores da economia, a redu\u00e7\u00e3o da contribui\u00e7\u00e3o \u00e0 Previd\u00eancia Social por pequenas prefeituras e a ajuda a empresas do setor de eventos. No in\u00edcio do m\u00eas, Haddad cobrou um<a href=\"https:\/\/agenciabrasil.ebc.com.br\/economia\/noticia\/2024-04\/haddad-pede-pacto-entre-poderes-apos-decisao-de-pacheco\" target=\"_blank\" rel=\"noopener\"> pacto entre os Poderes<\/a> e responsabilidade do Congresso Nacional na gest\u00e3o das contas p\u00fablicas.<\/p>\n\n\n\n<h2 class=\"wp-block-heading\">Governo federal: revis\u00e3o de gastos<\/h2>\n\n\n\n<p>O <strong>PLDO de 2025<\/strong> prop\u00f5e medidas de revis\u00e3o de gastos no Instituto Nacional do Seguro Social (INSS) e nas indeniza\u00e7\u00f5es do Programa de Garantia da Atividade Agropecu\u00e1ria (Proagro) para os pr\u00f3ximos anos. A economia total chegaria a R$ 37,3 bilh\u00f5es, dividida da seguinte forma: R$ 9,2 bilh\u00f5es em 2025 e R$ 9,3 bilh\u00f5es por ano entre 2026 e 2028.<\/p>\n\n\n\n<p>Em rela\u00e7\u00e3o ao INSS, o governo quer economizar R$ 7,2 bilh\u00f5es por ano em 2025 e 2026, R$ 7,1 bilh\u00f5es em 2027 e R$ 7 bilh\u00f5es em 2028. No Proagro, o projeto prev\u00ea economia de R$ 2 bilh\u00f5es em 2025, R$ 2,1 bilh\u00f5es em 2026, R$ 2,2 bilh\u00f5es em 2027 e R$ 2,3 bilh\u00f5es em 2028.<\/p>\n\n\n\n<h2 class=\"wp-block-heading\">Sal\u00e1rio m\u00ednimo em 2028 \u00e9 de R$ 1.772, esclarece secret\u00e1rio do Or\u00e7amento<\/h2>\n\n\n\n<p>O secret\u00e1rio do Or\u00e7amento Federal, Paulo Bijos, esclareceu nesta quinta-feira, 15, a proje\u00e7\u00e3o para o sal\u00e1rio m\u00ednimo em 2028. Segundo ele, a previs\u00e3o \u00e9 de que esse valor chegue a R$ 1.772 no ano, e n\u00e3o a R$ 1.722 conforme constou da apresenta\u00e7\u00e3o feita pelo Planejamento nesta segunda-feira, 15, na divulga\u00e7\u00e3o do projeto de lei de diretrizes or\u00e7ament\u00e1rias (PLDO) de 2025.<\/p>\n\n\n\n<p>Para o pr\u00f3ximo ano (2025), o sal\u00e1rio m\u00ednimo foi estimado em R$ 1.502; em R$ 1.582 para 2026, e em R$ 1.676 para 2027.<\/p>\n\n\n\n<h2 class=\"wp-block-heading\">Limites de despesas<\/h2>\n\n\n\n<p>Esse foi o primeiro <strong>projeto da LDO<\/strong> enviado ao Congresso dentro das regras do novo <strong>arcabou\u00e7o fiscal<\/strong>. Pela regra que limita o crescimento real (acima da infla\u00e7\u00e3o) dos gastos a 70% do crescimento real da receita, as despesas federais poder\u00e3o subir at\u00e9 5,92% em 2025, 6,39% em 2026, 2,94% em 2027 e 2,05% em 2028.<\/p>\n\n\n\n<p>Em valores absolutos, o governo federal poder\u00e1 gastar at\u00e9 R$ 2,222 trilh\u00f5es em 2025, R$ 2,35 trilh\u00f5es em 2026, R$ 2,48 trilh\u00f5es em 2027 e R$ 2,61 trilh\u00f5es em 2028. Desse total, o Poder Executivo poder\u00e1 gastar at\u00e9 R$ 2,136 trilh\u00f5es em 2025, R$ 2,258 trilh\u00f5es em 2026, R$ 2,385 trilh\u00f5es em 2027 e R$ 2,507 trilh\u00f5es em 2028.<\/p>\n\n\n\n<p>Estabelecidos pelo novo arcabou\u00e7o fiscal, os limites de crescimento dos gastos, na pr\u00e1tica, funcionam como um teto de gastos atenuado. Os limites para os demais Poderes \u2013 Legislativo, Judici\u00e1rio, Minist\u00e9rio P\u00fablico da Uni\u00e3o e Defensoria P\u00fablica da Uni\u00e3o \u2013 ficaram definidos da seguinte forma: R$ 86,9 bilh\u00f5es em 2025, R$ 91,9 bilh\u00f5es em 2026, R$ 97 bilh\u00f5es em 2027 e R$ 102 bilh\u00f5es em 2028.<\/p>\n\n\n\t<p>\n\t\t<a href=\"https:\/\/lp.suno.com.br\/ebook-gratuito-investindo-no-exterior\/\" target=\"_blank\" data-element=\"shortcode-suno-banner\" title=\"Banner SUNO, clique e saiba mais\">\n\t\t\t<picture>\n\t\t\t\t<source media=\"(max-width: 500px)\" srcset=\"https:\/\/files.sunoresearch.com.br\/n\/uploads\/2023\/03\/400x300-Investindo-no-exterior.png\">\n\t\t\t\t<img class=\"newsContent__article__imgCapa newsContent__article__imgCapa--banner\"\n\t\t\t\t\tsrc=\"https:\/\/files.sunoresearch.com.br\/n\/uploads\/2023\/03\/1420x240-Investindo-no-exterior.png\"\n\t\t\t\t\tdata-promo-id=\"383161\"\t\t\t\t\t\t\t\t\t\twidth='1420' height='240'\t\t\t\t\talt=\"https:\/\/files.sunoresearch.com.br\/n\/uploads\/2023\/03\/1420x240-Investindo-no-exterior.png\"\n\t\t\t\t>\n\t\t\t<\/picture>\n\t\t<\/a>\n\t<\/p>\n\n\n\n\n\n<h2 class=\"wp-block-heading\">Meta de 2025 mudou para 0%, ainda no campo de equil\u00edbrio, mas precisamos cuidar, diz Ceron<\/h2>\n\n\n\n<p>O secret\u00e1rio do Tesouro Nacional, Rog\u00e9rio Ceron, comentou nesta segunda-feira, 15, sobre a mudan\u00e7a na <strong>meta fiscal de 2025<\/strong> &#8211; que estava prevista para ser de um super\u00e1vit prim\u00e1rio de 0,50% do Produto Interno Bruto (PIB) e que hoje foi formalizada para um d\u00e9ficit zero, o mesmo objetivo deste ano. &#8220;A meta de 2025 mudou para 0%, ainda no campo de equil\u00edbrio, mas precisamos cuidar&#8221;, comentou durante entrevista coletiva para detalhar o Projeto de Lei de Diretrizes Or\u00e7ament\u00e1rias (PLDO).<\/p>\n\n\n\n<p>Assim como j\u00e1 tinha dito momentos antes, Ceron enfatizou a import\u00e2ncia da atua\u00e7\u00e3o dos Tr\u00eas Poderes nessa luta do governo pelo equil\u00edbrio das contas p\u00fablicas e, depois de citar rev\u00e9s com o Congresso, enfatizou que este ano houve apoio do Judici\u00e1rio ao governo na busca da recupera\u00e7\u00e3o fiscal, citando a revis\u00e3o da vida toda do INSS, pelo Supremo Tribunal Federal (STF). &#8220;Recupera\u00e7\u00e3o fiscal tem de ser compromisso de todos os Poderes e da sociedade&#8221;, disse.<\/p>\n\n\n\n<p>Apesar do quadro positivo, o secret\u00e1rio enfatizou que o Brasil &#8220;ainda inspira cuidados&#8221; e comentou que, por mais nobres que as medidas apresentadas sejam, elas precisam ter sempre o amparo de fonte de recursos. &#8220;Precisamos estar atentos \u00e0 recupera\u00e7\u00e3o fiscal em todos os minutos, n\u00e3o \u00e9 algo de que possamos descuidar&#8221;, salientou.<\/p>\n\n\n\n<p>Segundo ele, h\u00e1 um processo ineg\u00e1vel de recupera\u00e7\u00e3o das contas p\u00fablicas em curso. Ele disse que a deteriora\u00e7\u00e3o fiscal, por\u00e9m, \u00e9 algo que tem visto ao redor de todo o mundo, citando que dentro do grupo das 20 maiores economias do mundo (G20), apenas duas n\u00e3o registraram resultado fiscal negativo em 2023. &#8220;\u00c9 um desafio global e o Brasil est\u00e1 bem posicionado. &#8220;Estamos rediscutindo uma meta de 0,5% do PIB para zero, o que \u00e9 um avan\u00e7o, mas temos de cuidar. O Brasil precisa ainda olhar para a recupera\u00e7\u00e3o fiscal, mas com o intuito de garantir uma trajet\u00f3ria sustent\u00e1vel da d\u00edvida p\u00fablica.&#8221;<\/p>\n\n\n\n<h2 class=\"wp-block-heading\">Governo federal diz que PLDO mostra economia potencial com Previd\u00eancia e Proagro de R$ 37,3 bi em 4 anos<\/h2>\n\n\n\n<p>O Projeto de Lei de Diretrizes Or\u00e7ament\u00e1rias (PLDO) de 2025 traz, pela primeira vez, um anexo para tratar de revis\u00e3o de gastos, uma frente liderada pelo <strong>Minist\u00e9rio do Planejamento e Or\u00e7amento<\/strong>. O documento listou duas a\u00e7\u00f5es para op\u00e7\u00f5es de melhoria e economia potencial: benef\u00edcios previdenci\u00e1rios e o Proagro. A informa\u00e7\u00e3o foi antecipada pelo <i>Broadcast<\/i>, sistema de not\u00edcias em tempo real do Grupo Estado. A proje\u00e7\u00e3o aponta expectativa de economia de R$ 37,3 bilh\u00f5es com revis\u00f5es nas duas a\u00e7\u00f5es entre 2025 e 2028.<\/p>\n\n\n\n<p>Para a a\u00e7\u00e3o de revis\u00e3o de benef\u00edcios previdenci\u00e1rios, a estimativa \u00e9 de economia potencial de R$ 28,6 bilh\u00f5es em quatro anos.<\/p>\n\n\n\n<p>Para 2025, a expectativa \u00e9 de economia potencial de R$ 7,2 bilh\u00f5es, mesma cifra estimada para 2026. Em 2027, a economia potencial \u00e9 de R$ 7,1 bilh\u00f5es, enquanto para 2028 o n\u00famero \u00e9 de R$ 7,0 bilh\u00f5es.<\/p>\n\n\n\n<p>J\u00e1 com o Proagro, a economia potencial em quatro anos \u00e9 estimada pelo<strong> governo federal <\/strong>em R$ 8,7 bilh\u00f5es em quatro anos. Para 2025, a proje\u00e7\u00e3o aponta economia de R$ 2 bilh\u00f5es. Em 2026, o ganho potencial \u00e9 de R$ 2,1 bilh\u00f5es. Em 2027, a estimativa \u00e9 de R$ 2,2 bilh\u00f5es poupados e em 2028, o montante \u00e9 projetado em R$ 2,3 bilh\u00f5es.<\/p>\n\n\n\n<p><em>Com Estad\u00e3o Conte\u00fado e Ag\u00eancia Brasil<\/em><\/p>\n\n\n\t<p>\n\t\t<a href=\"https:\/\/lp.suno.com.br\/planilha-da-vida-financeira\/\" target=\"_blank\" data-element=\"shortcode-suno-banner\" title=\"Banner SUNO, clique e saiba mais\">\n\t\t\t<picture>\n\t\t\t\t<source media=\"(max-width: 500px)\" srcset=\"https:\/\/files.sunoresearch.com.br\/n\/uploads\/2023\/04\/400x300-Planilha-vida-financeira-true.png\">\n\t\t\t\t<img class=\"newsContent__article__imgCapa newsContent__article__imgCapa--banner\"\n\t\t\t\t\tsrc=\"https:\/\/files.sunoresearch.com.br\/n\/uploads\/2023\/04\/1420x240-Planilha-vida-financeira-true.png\"\n\t\t\t\t\tdata-promo-id=\"383123\"\t\t\t\t\t\t\t\t\t\twidth='1420' height='240'\t\t\t\t\talt=\"https:\/\/files.sunoresearch.com.br\/n\/uploads\/2023\/04\/1420x240-Planilha-vida-financeira-true.png\"\n\t\t\t\t>\n\t\t\t<\/picture>\n\t\t<\/a>\n\t<\/p>\n\n\n","protected":false},"excerpt":{"rendered":"<p>O Projeto de Lei de Diretrizes Or\u00e7ament\u00e1rias (PLDO) de 2025, enviado pelo governo federal ao Congresso, estima que o sal\u00e1rio m\u00ednimo ser\u00e1 de R$ 1.502 em 2025, um aumento de pouco mais de 6% em rela\u00e7\u00e3o ao patamar atual, de R$ 1.412. De acordo com o PLDO 2025, a previs\u00e3o \u00e9 de que o sal\u00e1rio [&hellip;]<\/p>\n","protected":false},"author":43,"featured_media":401491,"comment_status":"closed","ping_status":"closed","sticky":false,"template":"","format":"standard","meta":[],"categories":[62],"tags":[1556,1128,1824],"suno_strategy":[],"class_list":["post-544149","post","type-post","status-publish","format-standard","has-post-thumbnail","hentry","category-economia","tag-governo-federal","tag-orcamento-publico","tag-salario-minimo"],"yoast_head":"<!-- This site is optimized with the Yoast SEO plugin v24.4 - https:\/\/yoast.com\/wordpress\/plugins\/seo\/ -->\n<title>Governo projeta sal\u00e1rio m\u00ednimo em R$ 1.502,00 em 2025<\/title>\n<meta name=\"description\" content=\"O Projeto de Lei de Diretrizes Or\u00e7ament\u00e1rias (PLDO) de 2025, enviado pelo governo federal ao Congresso, estima sal\u00e1rio m\u00ednimo em 2025\" \/>\n<meta name=\"robots\" content=\"index, follow, max-snippet:-1, max-image-preview:large, max-video-preview:-1\" \/>\n<link rel=\"canonical\" href=\"https:\/\/www.suno.com.br\/noticias\/governo-federal-projeto-orcamento-meta-fiscal-salario-minimo-2025\/\" \/>\n<meta property=\"og:locale\" content=\"pt_BR\" \/>\n<meta property=\"og:type\" content=\"article\" \/>\n<meta property=\"og:title\" content=\"Governo projeta sal\u00e1rio m\u00ednimo em R$ 1.502,00 em 2025\" \/>\n<meta property=\"og:description\" content=\"O Projeto de Lei de Diretrizes Or\u00e7ament\u00e1rias (PLDO) de 2025, enviado pelo governo federal ao Congresso, estima sal\u00e1rio m\u00ednimo em 2025\" \/>\n<meta property=\"og:url\" content=\"https:\/\/www.suno.com.br\/noticias\/governo-federal-projeto-orcamento-meta-fiscal-salario-minimo-2025\/\" \/>\n<meta property=\"og:site_name\" content=\"Suno Not\u00edcias\" \/>\n<meta property=\"article:publisher\" content=\"https:\/\/facebook.com\/sunoresearch\" \/>\n<meta property=\"article:author\" content=\"https:\/\/www.facebook.com\/sunonoticias\/\" \/>\n<meta property=\"og:image\" content=\"https:\/\/files.sunoresearch.com.br\/n\/uploads\/2023\/05\/governo-brasil-brasilia-planalto.jpg\" \/>\n\t<meta property=\"og:image:width\" content=\"1200\" \/>\n\t<meta property=\"og:image:height\" content=\"800\" \/>\n\t<meta property=\"og:image:type\" content=\"image\/jpeg\" \/>\n<meta name=\"author\" content=\"Reda\u00e7\u00e3o Suno Not\u00edcias\" \/>\n<meta name=\"twitter:card\" content=\"summary_large_image\" \/>\n<meta name=\"twitter:creator\" content=\"@https:\/\/twitter.com\/sunoresearch\" \/>\n<meta name=\"twitter:site\" content=\"@sunoresearch\" \/>\n<meta name=\"twitter:label1\" content=\"Escrito por\" \/>\n\t<meta name=\"twitter:data1\" content=\"Reda\u00e7\u00e3o Suno Not\u00edcias\" \/>\n\t<meta name=\"twitter:label2\" content=\"Est. tempo de leitura\" \/>\n\t<meta name=\"twitter:data2\" content=\"10 minutos\" \/>\n<script type=\"application\/ld+json\" class=\"yoast-schema-graph\">{\"@context\":\"https:\/\/schema.org\",\"@graph\":[{\"@type\":\"NewsArticle\",\"@id\":\"https:\/\/www.suno.com.br\/noticias\/governo-federal-projeto-orcamento-meta-fiscal-salario-minimo-2025\/#article\",\"isPartOf\":{\"@id\":\"https:\/\/www.suno.com.br\/noticias\/governo-federal-projeto-orcamento-meta-fiscal-salario-minimo-2025\/\"},\"author\":{\"name\":\"Reda\u00e7\u00e3o Suno Not\u00edcias\",\"@id\":\"https:\/\/www.suno.com.br\/noticias\/#\/schema\/person\/c1b1bd3727fa852bd045e9dbff3673ea\"},\"headline\":\"Governo projeta sal\u00e1rio m\u00ednimo em R$ 1.502,00 em 2025; meta fiscal tem mudan\u00e7as\",\"datePublished\":\"2024-04-16T00:07:01+00:00\",\"dateModified\":\"2024-04-16T00:47:40+00:00\",\"mainEntityOfPage\":{\"@id\":\"https:\/\/www.suno.com.br\/noticias\/governo-federal-projeto-orcamento-meta-fiscal-salario-minimo-2025\/\"},\"wordCount\":1748,\"publisher\":{\"@id\":\"https:\/\/www.suno.com.br\/noticias\/#organization\"},\"image\":{\"@id\":\"https:\/\/www.suno.com.br\/noticias\/governo-federal-projeto-orcamento-meta-fiscal-salario-minimo-2025\/#primaryimage\"},\"thumbnailUrl\":\"https:\/\/files.sunoresearch.com.br\/n\/uploads\/2023\/05\/governo-brasil-brasilia-planalto.jpg\",\"keywords\":[\"governo federal\",\"Or\u00e7amento P\u00fablico\",\"sal\u00e1rio m\u00ednimo\"],\"articleSection\":[\"Economia\"],\"inLanguage\":\"pt-BR\"},{\"@type\":\"WebPage\",\"@id\":\"https:\/\/www.suno.com.br\/noticias\/governo-federal-projeto-orcamento-meta-fiscal-salario-minimo-2025\/\",\"url\":\"https:\/\/www.suno.com.br\/noticias\/governo-federal-projeto-orcamento-meta-fiscal-salario-minimo-2025\/\",\"name\":\"Governo projeta sal\u00e1rio m\u00ednimo em R$ 1.502,00 em 2025\",\"isPartOf\":{\"@id\":\"https:\/\/www.suno.com.br\/noticias\/#website\"},\"primaryImageOfPage\":{\"@id\":\"https:\/\/www.suno.com.br\/noticias\/governo-federal-projeto-orcamento-meta-fiscal-salario-minimo-2025\/#primaryimage\"},\"image\":{\"@id\":\"https:\/\/www.suno.com.br\/noticias\/governo-federal-projeto-orcamento-meta-fiscal-salario-minimo-2025\/#primaryimage\"},\"thumbnailUrl\":\"https:\/\/files.sunoresearch.com.br\/n\/uploads\/2023\/05\/governo-brasil-brasilia-planalto.jpg\",\"datePublished\":\"2024-04-16T00:07:01+00:00\",\"dateModified\":\"2024-04-16T00:47:40+00:00\",\"description\":\"O Projeto de Lei de Diretrizes Or\u00e7ament\u00e1rias (PLDO) de 2025, enviado pelo governo federal ao Congresso, estima sal\u00e1rio m\u00ednimo em 2025\",\"breadcrumb\":{\"@id\":\"https:\/\/www.suno.com.br\/noticias\/governo-federal-projeto-orcamento-meta-fiscal-salario-minimo-2025\/#breadcrumb\"},\"inLanguage\":\"pt-BR\",\"potentialAction\":[{\"@type\":\"ReadAction\",\"target\":[\"https:\/\/www.suno.com.br\/noticias\/governo-federal-projeto-orcamento-meta-fiscal-salario-minimo-2025\/\"]}]},{\"@type\":\"ImageObject\",\"inLanguage\":\"pt-BR\",\"@id\":\"https:\/\/www.suno.com.br\/noticias\/governo-federal-projeto-orcamento-meta-fiscal-salario-minimo-2025\/#primaryimage\",\"url\":\"https:\/\/files.sunoresearch.com.br\/n\/uploads\/2023\/05\/governo-brasil-brasilia-planalto.jpg\",\"contentUrl\":\"https:\/\/files.sunoresearch.com.br\/n\/uploads\/2023\/05\/governo-brasil-brasilia-planalto.jpg\",\"width\":1200,\"height\":800,\"caption\":\"Pra\u00e7a dos 3 Poderes - Foto: iStock\"},{\"@type\":\"BreadcrumbList\",\"@id\":\"https:\/\/www.suno.com.br\/noticias\/governo-federal-projeto-orcamento-meta-fiscal-salario-minimo-2025\/#breadcrumb\",\"itemListElement\":[{\"@type\":\"ListItem\",\"position\":1,\"name\":\"Not\u00edcias\",\"item\":\"https:\/\/www.suno.com.br\/noticias\/\"},{\"@type\":\"ListItem\",\"position\":2,\"name\":\"Economia\",\"item\":\"https:\/\/www.suno.com.br\/noticias\/economia\/\"},{\"@type\":\"ListItem\",\"position\":3,\"name\":\"Governo projeta sal\u00e1rio m\u00ednimo em R$ 1.502,00 em 2025; meta fiscal tem mudan\u00e7as\"}]},{\"@type\":\"WebSite\",\"@id\":\"https:\/\/www.suno.com.br\/noticias\/#website\",\"url\":\"https:\/\/www.suno.com.br\/noticias\/\",\"name\":\"Suno Not\u00edcias\",\"description\":\"Seu portal de informa\u00e7\u00e3o sobre o mundo dos investimentos\",\"publisher\":{\"@id\":\"https:\/\/www.suno.com.br\/noticias\/#organization\"},\"potentialAction\":[{\"@type\":\"SearchAction\",\"target\":{\"@type\":\"EntryPoint\",\"urlTemplate\":\"https:\/\/www.suno.com.br\/noticias\/?s={search_term_string}\"},\"query-input\":{\"@type\":\"PropertyValueSpecification\",\"valueRequired\":true,\"valueName\":\"search_term_string\"}}],\"inLanguage\":\"pt-BR\"},{\"@type\":\"Organization\",\"@id\":\"https:\/\/www.suno.com.br\/noticias\/#organization\",\"name\":\"Suno Not\u00edcias\",\"url\":\"https:\/\/www.suno.com.br\/noticias\/\",\"logo\":{\"@type\":\"ImageObject\",\"inLanguage\":\"pt-BR\",\"@id\":\"https:\/\/www.suno.com.br\/noticias\/#\/schema\/logo\/image\/\",\"url\":\"https:\/\/files.sunoresearch.com.br\/n\/uploads\/2021\/09\/suno-logo.png\",\"contentUrl\":\"https:\/\/files.sunoresearch.com.br\/n\/uploads\/2021\/09\/suno-logo.png\",\"width\":180,\"height\":180,\"caption\":\"Suno Not\u00edcias\"},\"image\":{\"@id\":\"https:\/\/www.suno.com.br\/noticias\/#\/schema\/logo\/image\/\"},\"sameAs\":[\"https:\/\/facebook.com\/sunoresearch\",\"https:\/\/x.com\/sunoresearch\",\"https:\/\/www.instagram.com\/suno\",\"https:\/\/www.linkedin.com\/company\/suno-research\/\",\"https:\/\/www.youtube.com\/c\/sunoresearch\"]},{\"@type\":\"Person\",\"@id\":\"https:\/\/www.suno.com.br\/noticias\/#\/schema\/person\/c1b1bd3727fa852bd045e9dbff3673ea\",\"name\":\"Reda\u00e7\u00e3o Suno Not\u00edcias\",\"image\":{\"@type\":\"ImageObject\",\"inLanguage\":\"pt-BR\",\"@id\":\"https:\/\/www.suno.com.br\/noticias\/#\/schema\/person\/image\/\",\"url\":\"https:\/\/secure.gravatar.com\/avatar\/b8104b9b5a71985d5238ee59fbe418af?s=96&r=g\",\"contentUrl\":\"https:\/\/secure.gravatar.com\/avatar\/b8104b9b5a71985d5238ee59fbe418af?s=96&r=g\",\"caption\":\"Reda\u00e7\u00e3o Suno Not\u00edcias\"},\"description\":\"O Suno Not\u00edcias \u00e9 um portal de informa\u00e7\u00f5es sobre Mercado Financeiro, Pol\u00edtica, Neg\u00f3cios, Economia e Finan\u00e7as Pessoais.\",\"sameAs\":[\"https:\/\/www.suno.com.br\/noticias\",\"https:\/\/www.facebook.com\/sunonoticias\/\",\"https:\/\/www.instagram.com\/sunonoticias\/\",\"https:\/\/x.com\/https:\/\/twitter.com\/sunoresearch\",\"https:\/\/www.youtube.com\/sunonoticias\"],\"url\":\"https:\/\/www.suno.com.br\/noticias\/author\/redacao-suno\/\"}]}<\/script>\n<!-- \/ Yoast SEO plugin. -->","yoast_head_json":{"title":"Governo projeta sal\u00e1rio m\u00ednimo em R$ 1.502,00 em 2025","description":"O Projeto de Lei de Diretrizes Or\u00e7ament\u00e1rias (PLDO) de 2025, enviado pelo governo federal ao Congresso, estima sal\u00e1rio m\u00ednimo em 2025","robots":{"index":"index","follow":"follow","max-snippet":"max-snippet:-1","max-image-preview":"max-image-preview:large","max-video-preview":"max-video-preview:-1"},"canonical":"https:\/\/www.suno.com.br\/noticias\/governo-federal-projeto-orcamento-meta-fiscal-salario-minimo-2025\/","og_locale":"pt_BR","og_type":"article","og_title":"Governo projeta sal\u00e1rio m\u00ednimo em R$ 1.502,00 em 2025","og_description":"O Projeto de Lei de Diretrizes Or\u00e7ament\u00e1rias (PLDO) de 2025, enviado pelo governo federal ao Congresso, estima sal\u00e1rio m\u00ednimo em 2025","og_url":"https:\/\/www.suno.com.br\/noticias\/governo-federal-projeto-orcamento-meta-fiscal-salario-minimo-2025\/","og_site_name":"Suno Not\u00edcias","article_publisher":"https:\/\/facebook.com\/sunoresearch","article_author":"https:\/\/www.facebook.com\/sunonoticias\/","og_image":[{"width":1200,"height":800,"url":"https:\/\/files.sunoresearch.com.br\/n\/uploads\/2023\/05\/governo-brasil-brasilia-planalto.jpg","type":"image\/jpeg"}],"author":"Reda\u00e7\u00e3o Suno Not\u00edcias","twitter_card":"summary_large_image","twitter_creator":"@https:\/\/twitter.com\/sunoresearch","twitter_site":"@sunoresearch","twitter_misc":{"Escrito por":"Reda\u00e7\u00e3o Suno Not\u00edcias","Est. tempo de leitura":"10 minutos"},"schema":{"@context":"https:\/\/schema.org","@graph":[{"@type":"NewsArticle","@id":"https:\/\/www.suno.com.br\/noticias\/governo-federal-projeto-orcamento-meta-fiscal-salario-minimo-2025\/#article","isPartOf":{"@id":"https:\/\/www.suno.com.br\/noticias\/governo-federal-projeto-orcamento-meta-fiscal-salario-minimo-2025\/"},"author":{"name":"Reda\u00e7\u00e3o Suno Not\u00edcias","@id":"https:\/\/www.suno.com.br\/noticias\/#\/schema\/person\/c1b1bd3727fa852bd045e9dbff3673ea"},"headline":"Governo projeta sal\u00e1rio m\u00ednimo em R$ 1.502,00 em 2025; meta fiscal tem mudan\u00e7as","datePublished":"2024-04-16T00:07:01+00:00","dateModified":"2024-04-16T00:47:40+00:00","mainEntityOfPage":{"@id":"https:\/\/www.suno.com.br\/noticias\/governo-federal-projeto-orcamento-meta-fiscal-salario-minimo-2025\/"},"wordCount":1748,"publisher":{"@id":"https:\/\/www.suno.com.br\/noticias\/#organization"},"image":{"@id":"https:\/\/www.suno.com.br\/noticias\/governo-federal-projeto-orcamento-meta-fiscal-salario-minimo-2025\/#primaryimage"},"thumbnailUrl":"https:\/\/files.sunoresearch.com.br\/n\/uploads\/2023\/05\/governo-brasil-brasilia-planalto.jpg","keywords":["governo federal","Or\u00e7amento P\u00fablico","sal\u00e1rio m\u00ednimo"],"articleSection":["Economia"],"inLanguage":"pt-BR"},{"@type":"WebPage","@id":"https:\/\/www.suno.com.br\/noticias\/governo-federal-projeto-orcamento-meta-fiscal-salario-minimo-2025\/","url":"https:\/\/www.suno.com.br\/noticias\/governo-federal-projeto-orcamento-meta-fiscal-salario-minimo-2025\/","name":"Governo projeta sal\u00e1rio m\u00ednimo em R$ 1.502,00 em 2025","isPartOf":{"@id":"https:\/\/www.suno.com.br\/noticias\/#website"},"primaryImageOfPage":{"@id":"https:\/\/www.suno.com.br\/noticias\/governo-federal-projeto-orcamento-meta-fiscal-salario-minimo-2025\/#primaryimage"},"image":{"@id":"https:\/\/www.suno.com.br\/noticias\/governo-federal-projeto-orcamento-meta-fiscal-salario-minimo-2025\/#primaryimage"},"thumbnailUrl":"https:\/\/files.sunoresearch.com.br\/n\/uploads\/2023\/05\/governo-brasil-brasilia-planalto.jpg","datePublished":"2024-04-16T00:07:01+00:00","dateModified":"2024-04-16T00:47:40+00:00","description":"O Projeto de Lei de Diretrizes Or\u00e7ament\u00e1rias (PLDO) de 2025, enviado pelo governo federal ao Congresso, estima sal\u00e1rio m\u00ednimo em 2025","breadcrumb":{"@id":"https:\/\/www.suno.com.br\/noticias\/governo-federal-projeto-orcamento-meta-fiscal-salario-minimo-2025\/#breadcrumb"},"inLanguage":"pt-BR","potentialAction":[{"@type":"ReadAction","target":["https:\/\/www.suno.com.br\/noticias\/governo-federal-projeto-orcamento-meta-fiscal-salario-minimo-2025\/"]}]},{"@type":"ImageObject","inLanguage":"pt-BR","@id":"https:\/\/www.suno.com.br\/noticias\/governo-federal-projeto-orcamento-meta-fiscal-salario-minimo-2025\/#primaryimage","url":"https:\/\/files.sunoresearch.com.br\/n\/uploads\/2023\/05\/governo-brasil-brasilia-planalto.jpg","contentUrl":"https:\/\/files.sunoresearch.com.br\/n\/uploads\/2023\/05\/governo-brasil-brasilia-planalto.jpg","width":1200,"height":800,"caption":"Pra\u00e7a dos 3 Poderes - Foto: iStock"},{"@type":"BreadcrumbList","@id":"https:\/\/www.suno.com.br\/noticias\/governo-federal-projeto-orcamento-meta-fiscal-salario-minimo-2025\/#breadcrumb","itemListElement":[{"@type":"ListItem","position":1,"name":"Not\u00edcias","item":"https:\/\/www.suno.com.br\/noticias\/"},{"@type":"ListItem","position":2,"name":"Economia","item":"https:\/\/www.suno.com.br\/noticias\/economia\/"},{"@type":"ListItem","position":3,"name":"Governo projeta sal\u00e1rio m\u00ednimo em R$ 1.502,00 em 2025; meta fiscal tem mudan\u00e7as"}]},{"@type":"WebSite","@id":"https:\/\/www.suno.com.br\/noticias\/#website","url":"https:\/\/www.suno.com.br\/noticias\/","name":"Suno Not\u00edcias","description":"Seu portal de informa\u00e7\u00e3o sobre o mundo dos investimentos","publisher":{"@id":"https:\/\/www.suno.com.br\/noticias\/#organization"},"potentialAction":[{"@type":"SearchAction","target":{"@type":"EntryPoint","urlTemplate":"https:\/\/www.suno.com.br\/noticias\/?s={search_term_string}"},"query-input":{"@type":"PropertyValueSpecification","valueRequired":true,"valueName":"search_term_string"}}],"inLanguage":"pt-BR"},{"@type":"Organization","@id":"https:\/\/www.suno.com.br\/noticias\/#organization","name":"Suno Not\u00edcias","url":"https:\/\/www.suno.com.br\/noticias\/","logo":{"@type":"ImageObject","inLanguage":"pt-BR","@id":"https:\/\/www.suno.com.br\/noticias\/#\/schema\/logo\/image\/","url":"https:\/\/files.sunoresearch.com.br\/n\/uploads\/2021\/09\/suno-logo.png","contentUrl":"https:\/\/files.sunoresearch.com.br\/n\/uploads\/2021\/09\/suno-logo.png","width":180,"height":180,"caption":"Suno Not\u00edcias"},"image":{"@id":"https:\/\/www.suno.com.br\/noticias\/#\/schema\/logo\/image\/"},"sameAs":["https:\/\/facebook.com\/sunoresearch","https:\/\/x.com\/sunoresearch","https:\/\/www.instagram.com\/suno","https:\/\/www.linkedin.com\/company\/suno-research\/","https:\/\/www.youtube.com\/c\/sunoresearch"]},{"@type":"Person","@id":"https:\/\/www.suno.com.br\/noticias\/#\/schema\/person\/c1b1bd3727fa852bd045e9dbff3673ea","name":"Reda\u00e7\u00e3o Suno Not\u00edcias","image":{"@type":"ImageObject","inLanguage":"pt-BR","@id":"https:\/\/www.suno.com.br\/noticias\/#\/schema\/person\/image\/","url":"https:\/\/secure.gravatar.com\/avatar\/b8104b9b5a71985d5238ee59fbe418af?s=96&r=g","contentUrl":"https:\/\/secure.gravatar.com\/avatar\/b8104b9b5a71985d5238ee59fbe418af?s=96&r=g","caption":"Reda\u00e7\u00e3o Suno Not\u00edcias"},"description":"O Suno Not\u00edcias \u00e9 um portal de informa\u00e7\u00f5es sobre Mercado Financeiro, Pol\u00edtica, Neg\u00f3cios, Economia e Finan\u00e7as Pessoais.","sameAs":["https:\/\/www.suno.com.br\/noticias","https:\/\/www.facebook.com\/sunonoticias\/","https:\/\/www.instagram.com\/sunonoticias\/","https:\/\/x.com\/https:\/\/twitter.com\/sunoresearch","https:\/\/www.youtube.com\/sunonoticias"],"url":"https:\/\/www.suno.com.br\/noticias\/author\/redacao-suno\/"}]}},"default_loop_html":"<div class=\"cardsPage__listCard__boxs\"><div class=\"cardsPage__listCard__boxs__img\"><a href=\"https:\/\/www.suno.com.br\/noticias\/governo-federal-projeto-orcamento-meta-fiscal-salario-minimo-2025\/\"><img class=\"mask\" src=\"https:\/\/www.suno.com.br\/noticias\/wp-content\/themes\/suno\/resources\/images\/spotlight\/spotlight1img\/bg-mask.png\" alt=\"Image Mask\"\/><img src=\"https:\/\/files.sunoresearch.com.br\/n\/uploads\/2023\/05\/governo-brasil-brasilia-planalto-400x200.jpg\" alt=\"Governo projeta sal\u00e1rio m\u00ednimo em R$ 1.502,00 em 2025; meta fiscal tem mudan\u00e7as\"\/><\/a><span class=\"spotlightCategory\"><a href=\"https:\/\/www.suno.com.br\/noticias\/economia\/\">Economia<\/a><\/span><\/div><div class=\"cardsPage__listCard__boxs__content\"><a href=\"https:\/\/www.suno.com.br\/noticias\/governo-federal-projeto-orcamento-meta-fiscal-salario-minimo-2025\/\"><h2 class=\"content__title\">Governo projeta sal\u00e1rio m\u00ednimo em R$ 1.502,00 em 2025; meta fiscal tem mudan\u00e7as<\/h2><\/a><div class=\"newsContent__article__meta\"><div class=\"newsContent__article__meta__authorBox\"><a href=\"https:\/\/www.suno.com.br\/noticias\/author\/redacao-suno\/\" class=\"authorBox__avatar noMobi\"><img src=\"https:\/\/files.sunoresearch.com.br\/n\/uploads\/2020\/08\/0ace682d-redacao-1-150x150.webp\" alt=\"Reda\u00e7\u00e3o Suno Not\u00edcias\"><\/a><div class=\"authorBox__name\"><span>por\n\t\t\t<a href=\"https:\/\/www.suno.com.br\/noticias\/author\/redacao-suno\/\"><span itemprop=\"author\">Reda\u00e7\u00e3o Suno Not\u00edcias<\/span><\/a><\/span><time datetime=\"2024-04-15T21:07:01-03:00\" itemprop=\"datePublished\">15\/04\/2024 21:07<\/time><\/div><\/div><\/div><\/div><\/div>","single_layout":"posts","amp_enabled":true,"_links":{"self":[{"href":"https:\/\/www.suno.com.br\/noticias\/wp-json\/wp\/v2\/posts\/544149"}],"collection":[{"href":"https:\/\/www.suno.com.br\/noticias\/wp-json\/wp\/v2\/posts"}],"about":[{"href":"https:\/\/www.suno.com.br\/noticias\/wp-json\/wp\/v2\/types\/post"}],"author":[{"embeddable":true,"href":"https:\/\/www.suno.com.br\/noticias\/wp-json\/wp\/v2\/users\/43"}],"replies":[{"embeddable":true,"href":"https:\/\/www.suno.com.br\/noticias\/wp-json\/wp\/v2\/comments?post=544149"}],"version-history":[{"count":2,"href":"https:\/\/www.suno.com.br\/noticias\/wp-json\/wp\/v2\/posts\/544149\/revisions"}],"predecessor-version":[{"id":544271,"href":"https:\/\/www.suno.com.br\/noticias\/wp-json\/wp\/v2\/posts\/544149\/revisions\/544271"}],"wp:featuredmedia":[{"embeddable":true,"href":"https:\/\/www.suno.com.br\/noticias\/wp-json\/wp\/v2\/media\/401491"}],"wp:attachment":[{"href":"https:\/\/www.suno.com.br\/noticias\/wp-json\/wp\/v2\/media?parent=544149"}],"wp:term":[{"taxonomy":"category","embeddable":true,"href":"https:\/\/www.suno.com.br\/noticias\/wp-json\/wp\/v2\/categories?post=544149"},{"taxonomy":"post_tag","embeddable":true,"href":"https:\/\/www.suno.com.br\/noticias\/wp-json\/wp\/v2\/tags?post=544149"},{"taxonomy":"suno_strategy","embeddable":true,"href":"https:\/\/www.suno.com.br\/noticias\/wp-json\/wp\/v2\/suno_strategy?post=544149"}],"curies":[{"name":"wp","href":"https:\/\/api.w.org\/{rel}","templated":true}]}}