{"id":543987,"date":"2024-04-15T10:27:48","date_gmt":"2024-04-15T13:27:48","guid":{"rendered":"https:\/\/www.suno.com.br\/noticias\/?p=543987"},"modified":"2024-04-15T10:39:56","modified_gmt":"2024-04-15T13:39:56","slug":"ambev-abev3-investe-150milhoes-goias-producao-cerveja-cpf","status":"publish","type":"post","link":"https:\/\/www.suno.com.br\/noticias\/ambev-abev3-investe-150milhoes-goias-producao-cerveja-cpf\/","title":{"rendered":"Ambev (ABEV3) vai investir R$ 150 milh\u00f5es em Goi\u00e1s para produ\u00e7\u00e3o de Spaten, Corona e Stella"},"content":{"rendered":"<p>A <strong>Ambev<\/strong> (<a href=\"https:\/\/www.suno.com.br\/acoes\/abev3\/\" target=\"_blank\" rel=\"noreferrer noopener\">ABEV3<\/a>) anunciou que ir\u00e1 investir R$ 150 milh\u00f5es na sua f\u00e1brica de cervejas em An\u00e1polis (GO), a Cebrasa. <\/p>\t<div class=\"wrapper-featured-image\">\n\t\t<figure class=\"spotlightImg\">\n\n\t\t\t<picture>\n\t\t\t\t<source media=\"(max-width: 768px)\" srcset=\"https:\/\/files.sunoresearch.com.br\/n\/uploads\/2023\/02\/ambev-abev3-foto-caixas-cerveja-divulgacao-400x200.jpg\">\n\t\t\t\t<img loading=\"lazy\" decoding=\"async\" class=\"newsContent__article__imgCapa lazyloadDisabled \" src=\"https:\/\/files.sunoresearch.com.br\/n\/uploads\/2023\/02\/ambev-abev3-foto-caixas-cerveja-divulgacao-800x450.jpg\" width=\"800\" height=\"450\" alt=\"Ambev (ABEV3) vai investir R$ 150 milh\u00f5es em Goi\u00e1s para produ\u00e7\u00e3o de Spaten, Corona e Stella\" fetchpriority=high \/>\n\t\t\t<\/picture>\n\n\t\t\t<figcaption class=\"wp-caption-text wp-caption-text--show\">Ambev (ABEV3). Foto: Divulga\u00e7\u00e3o<\/figcaption>\n\t\t<\/figure>\n\t<\/div>\n\n\n\n\n\n\t<p>\n\t\t<a href=\"\" target=\"_blank\" data-element=\"shortcode-suno-banner\" title=\"Banner SUNO, clique e saiba mais\">\n\t\t\t<picture>\n\t\t\t\t<source media=\"(max-width: 500px)\" srcset=\"\">\n\t\t\t\t<img class=\"newsContent__article__imgCapa newsContent__article__imgCapa--banner\"\n\t\t\t\t\tsrc=\"\"\n\t\t\t\t\tdata-promo-id=\"288022\"\t\t\t\t\t\t\t\t\t\t\t\t\t\t\talt=\"\"\n\t\t\t\t>\n\t\t\t<\/picture>\n\t\t<\/a>\n\t<\/p>\n\n\n\n\n\n<p>O investimento ser\u00e1 para ampliar a capacidade de produ\u00e7\u00e3o de r\u00f3tulos premium de <strong>cervejas da Ambev<\/strong>, como Spaten, Corona, Stella Artois e Original.<\/p>\n\n\n\n<p>A expectativa \u00e9 de uma nova linha de produ\u00e7\u00e3o com capacidade de produzir e envasar o equivalente a 60 mil garrafas por hora, em embalagens de 600ml, 300ml e 1 litro. <\/p>\n\n\n\n<p>A <strong>Cervejaria de An\u00e1polis<\/strong> \u00e9 respons\u00e1vel pelo abastecimento de sete estados do Centro-Oeste e Norte, al\u00e9m do Distrito Federal.<\/p>\n\n\n\n<p>Segundo o<strong> <\/strong>CEO da Ambev, Jean Jereissati, a expans\u00e3o no estado deve gerar mais empregos e renda para a popula\u00e7\u00e3o, de uma regi\u00e3o que \u00e9 muito relevantes para a marca. <\/p>\n\n\n\n<p>\u201cO investimento focado em premium e amplia\u00e7\u00e3o da produ\u00e7\u00e3o, mostra a import\u00e2ncia da regi\u00e3o e do Brasil para o nosso neg\u00f3cio, gerando mais empregos e renda para a popula\u00e7\u00e3o\u201d, afirma Jean Jereissati, presidente da Ambev.<\/p>\n\n\n\n<p>Ao todo, a companhia estima que o projeto devem gerar mais de 200 empregos na regi\u00e3o, entre diretos, indiretos e induzidos. <\/p>\n\n\n\n<p>A previs\u00e3o \u00e9 de que a amplia\u00e7\u00e3o esteja funcionando at\u00e9 o fim deste ano.<\/p>\n\n\n\n\t<div data-element=\"shortcode-read-more\" class=\"readToo\">\n\t\t\t\t<span class=\"readToo__title\">Leia mais<\/span>\n\t\t\t\t<ul class=\"readToo__list\">\n\t\t\t<li><a href=\"https:\/\/www.suno.com.br\/noticias\/light-ligt3-acordo-debenturistas-gpj\/\">Light (LIGT3) chega a acordo com debenturistas da Light Sesa para repactuar endividamento<\/a><\/li><li><a href=\"https:\/\/www.suno.com.br\/noticias\/ambev-abev3-heineken-presenca-aeroportos-gss\/\">Rival da Ambev (ABEV3), Heineken amplia presen\u00e7a em aeroportos; entenda plano da companhia<\/a><\/li>\t\t<\/ul>\n\t<\/div>\n\n\n\n\t<p>\n\t\t<a href=\"https:\/\/lp.suno.com.br\/ebook-como-analisar-uma-acao\/\" target=\"_blank\" data-element=\"shortcode-suno-banner\" title=\"Banner SUNO, clique e saiba mais\">\n\t\t\t<picture>\n\t\t\t\t<source media=\"(max-width: 500px)\" srcset=\"https:\/\/files.sunoresearch.com.br\/n\/uploads\/2023\/03\/Ebook-Acoes-Mobile.jpg\">\n\t\t\t\t<img class=\"newsContent__article__imgCapa newsContent__article__imgCapa--banner\"\n\t\t\t\t\tsrc=\"https:\/\/files.sunoresearch.com.br\/n\/uploads\/2023\/03\/Ebook-Acoes-Desktop.jpg\"\n\t\t\t\t\tdata-promo-id=\"378302\"\t\t\t\t\t\t\t\t\t\twidth='1420' height='286'\t\t\t\t\talt=\"https:\/\/files.sunoresearch.com.br\/n\/uploads\/2023\/03\/Ebook-Acoes-Desktop.jpg\"\n\t\t\t\t>\n\t\t\t<\/picture>\n\t\t<\/a>\n\t<\/p>\n\n\n\n\n\n<h2 class=\"wp-block-heading\">Vendas da Ambev s\u00e3o impulsionadas pela linha premium<\/h2>\n\n\n\n<p>O volume de vendas de <strong>cerveja premium da Ambev<\/strong> no Brasil<strong> <\/strong>cresceu mais de 200% de 2019 para hoje.<\/p>\n\n\n\n<p>No resultado do 4\u00ba trimestre de 2023, que sintetizou os dados do ano, a <strong>ABEV3 <\/strong>refletiu as vendas do seu portf\u00f3lio premium com uma alta de cerca de 25% em compara\u00e7\u00e3o a 2022 no pa\u00eds, o que fez a companhia ganhar participa\u00e7\u00e3o de mercado nesse segmento, segundo estimativas da empresa.<\/p>\n\n\n\n<p>Atualmente, o segmento premium e superpremium t\u00eam sido um dos principais produtos na ind\u00fastria das fabricantes de cerveja. <\/p>\n\n\n\n<p>Desde o ano passado, a Ambev vem investindo mais de R$ 1 bilh\u00e3o nas suas opera\u00e7\u00f5es ao redor do Brasil, em estados como Maranh\u00e3o, Bahia, Cear\u00e1, Pernambuco, Piau\u00ed, Goi\u00e1s e Paran\u00e1. Os investimentos s\u00e3o para aumento de capacidade de produ\u00e7\u00e3o de garrafas, bebidas premium e refrigerantes.<\/p>\n\n\n\n<p>Por volta das 10h07 (de Bras\u00edlia), as a\u00e7\u00f5es da <strong>Ambev <\/strong>abriam as negocia\u00e7\u00f5es na <a class=\"suno-keyword\" target=\"_blank\" data-force=\"no\" data-priority=\"3\" href=\"https:\/\/www.suno.com.br\/guias\/bolsa-de-valores\/\" rel=\"noopener\">bolsa de valores<\/a> com queda t\u00edmida de 0,17%, com os papeis de ABEV3 negociados a R$ 12,10. <\/p>\n\n\n\n\n\t<p>\n\t\t<a href=\"https:\/\/lp.suno.com.br\/plataforma-de-controle-de-investimentos\/\" target=\"_blank\" data-element=\"shortcode-suno-banner\" title=\"Banner SUNO, clique e saiba mais\">\n\t\t\t<picture>\n\t\t\t\t<source media=\"(max-width: 500px)\" srcset=\"https:\/\/files.sunoresearch.com.br\/n\/uploads\/2023\/03\/400x300-Controle-de-Investimentos.png\">\n\t\t\t\t<img class=\"newsContent__article__imgCapa newsContent__article__imgCapa--banner\"\n\t\t\t\t\tsrc=\"https:\/\/files.sunoresearch.com.br\/n\/uploads\/2023\/03\/1420x240-Controle-de-Investimentos.png\"\n\t\t\t\t\tdata-promo-id=\"383162\"\t\t\t\t\t\t\t\t\t\twidth='1420' height='240'\t\t\t\t\talt=\"https:\/\/files.sunoresearch.com.br\/n\/uploads\/2023\/03\/1420x240-Controle-de-Investimentos.png\"\n\t\t\t\t>\n\t\t\t<\/picture>\n\t\t<\/a>\n\t<\/p>\n\n\n","protected":false},"excerpt":{"rendered":"<p>A Ambev (ABEV3) anunciou que ir\u00e1 investir R$ 150 milh\u00f5es na sua f\u00e1brica de cervejas em An\u00e1polis (GO), a Cebrasa. Ambev (ABEV3). Foto: Divulga\u00e7\u00e3o O investimento ser\u00e1 para ampliar a capacidade de produ\u00e7\u00e3o de r\u00f3tulos premium de cervejas da Ambev, como Spaten, Corona, Stella Artois e Original. A expectativa \u00e9 de uma nova linha de [&hellip;]<\/p>\n","protected":false},"author":283,"featured_media":357975,"comment_status":"closed","ping_status":"closed","sticky":false,"template":"","format":"standard","meta":[],"categories":[64],"tags":[359,2237,105816],"suno_strategy":[],"class_list":["post-543987","post","type-post","status-publish","format-standard","has-post-thumbnail","hentry","category-negocios","tag-ambev-abev3","tag-cerveja","tag-especialistas"],"yoast_head":"<!-- This site is optimized with the Yoast SEO plugin v24.4 - https:\/\/yoast.com\/wordpress\/plugins\/seo\/ -->\n<title>Ambev (ABEV3) investe R$ 150 milh\u00f5es para produ\u00e7\u00e3o em Goi\u00e1s<\/title>\n<meta name=\"description\" content=\"Com foco nas linhas premium da Spaten, Stella Artois, Corona e Original, a Ambev (ABEV3) vai investir R$ 150 milh\u00f5es em cervejaria de Goi\u00e1s.\" \/>\n<meta name=\"robots\" content=\"index, follow, max-snippet:-1, max-image-preview:large, max-video-preview:-1\" \/>\n<link rel=\"canonical\" href=\"https:\/\/www.suno.com.br\/noticias\/ambev-abev3-investe-150milhoes-goias-producao-cerveja-cpf\/\" \/>\n<meta property=\"og:locale\" content=\"pt_BR\" \/>\n<meta property=\"og:type\" content=\"article\" \/>\n<meta property=\"og:title\" content=\"Ambev (ABEV3) investe R$ 150 milh\u00f5es para produ\u00e7\u00e3o em Goi\u00e1s\" \/>\n<meta property=\"og:description\" content=\"Com foco nas linhas premium da Spaten, Stella Artois, Corona e Original, a Ambev (ABEV3) vai investir R$ 150 milh\u00f5es em cervejaria de Goi\u00e1s.\" \/>\n<meta property=\"og:url\" content=\"https:\/\/www.suno.com.br\/noticias\/ambev-abev3-investe-150milhoes-goias-producao-cerveja-cpf\/\" \/>\n<meta property=\"og:site_name\" content=\"Suno Not\u00edcias\" \/>\n<meta property=\"article:publisher\" content=\"https:\/\/facebook.com\/sunoresearch\" \/>\n<meta property=\"og:image\" content=\"https:\/\/files.sunoresearch.com.br\/n\/uploads\/2023\/02\/ambev-abev3-foto-caixas-cerveja-divulgacao.jpg\" \/>\n\t<meta property=\"og:image:width\" content=\"1200\" \/>\n\t<meta property=\"og:image:height\" content=\"675\" \/>\n\t<meta property=\"og:image:type\" content=\"image\/jpeg\" \/>\n<meta name=\"author\" content=\"Camila Paim\" \/>\n<meta name=\"twitter:card\" content=\"summary_large_image\" \/>\n<meta name=\"twitter:creator\" content=\"@sunoresearch\" \/>\n<meta name=\"twitter:site\" content=\"@sunoresearch\" \/>\n<meta name=\"twitter:label1\" content=\"Escrito por\" \/>\n\t<meta name=\"twitter:data1\" content=\"Camila Paim\" \/>\n\t<meta name=\"twitter:label2\" content=\"Est. tempo de leitura\" \/>\n\t<meta name=\"twitter:data2\" content=\"3 minutos\" \/>\n<script type=\"application\/ld+json\" class=\"yoast-schema-graph\">{\"@context\":\"https:\/\/schema.org\",\"@graph\":[{\"@type\":\"NewsArticle\",\"@id\":\"https:\/\/www.suno.com.br\/noticias\/ambev-abev3-investe-150milhoes-goias-producao-cerveja-cpf\/#article\",\"isPartOf\":{\"@id\":\"https:\/\/www.suno.com.br\/noticias\/ambev-abev3-investe-150milhoes-goias-producao-cerveja-cpf\/\"},\"author\":{\"name\":\"Camila Paim\",\"@id\":\"https:\/\/www.suno.com.br\/noticias\/#\/schema\/person\/f341d3ae5d1cc685176c9a5327cdfdbb\"},\"headline\":\"Ambev (ABEV3) vai investir R$ 150 milh\u00f5es em Goi\u00e1s para produ\u00e7\u00e3o de Spaten, Corona e Stella\",\"datePublished\":\"2024-04-15T13:27:48+00:00\",\"dateModified\":\"2024-04-15T13:39:56+00:00\",\"mainEntityOfPage\":{\"@id\":\"https:\/\/www.suno.com.br\/noticias\/ambev-abev3-investe-150milhoes-goias-producao-cerveja-cpf\/\"},\"wordCount\":413,\"publisher\":{\"@id\":\"https:\/\/www.suno.com.br\/noticias\/#organization\"},\"image\":{\"@id\":\"https:\/\/www.suno.com.br\/noticias\/ambev-abev3-investe-150milhoes-goias-producao-cerveja-cpf\/#primaryimage\"},\"thumbnailUrl\":\"https:\/\/files.sunoresearch.com.br\/n\/uploads\/2023\/02\/ambev-abev3-foto-caixas-cerveja-divulgacao.jpg\",\"keywords\":[\"AMBEV (ABEV3)\",\"cerveja\",\"Especialistas\"],\"articleSection\":[\"Neg\u00f3cios\"],\"inLanguage\":\"pt-BR\"},{\"@type\":\"WebPage\",\"@id\":\"https:\/\/www.suno.com.br\/noticias\/ambev-abev3-investe-150milhoes-goias-producao-cerveja-cpf\/\",\"url\":\"https:\/\/www.suno.com.br\/noticias\/ambev-abev3-investe-150milhoes-goias-producao-cerveja-cpf\/\",\"name\":\"Ambev (ABEV3) investe R$ 150 milh\u00f5es para produ\u00e7\u00e3o em Goi\u00e1s\",\"isPartOf\":{\"@id\":\"https:\/\/www.suno.com.br\/noticias\/#website\"},\"primaryImageOfPage\":{\"@id\":\"https:\/\/www.suno.com.br\/noticias\/ambev-abev3-investe-150milhoes-goias-producao-cerveja-cpf\/#primaryimage\"},\"image\":{\"@id\":\"https:\/\/www.suno.com.br\/noticias\/ambev-abev3-investe-150milhoes-goias-producao-cerveja-cpf\/#primaryimage\"},\"thumbnailUrl\":\"https:\/\/files.sunoresearch.com.br\/n\/uploads\/2023\/02\/ambev-abev3-foto-caixas-cerveja-divulgacao.jpg\",\"datePublished\":\"2024-04-15T13:27:48+00:00\",\"dateModified\":\"2024-04-15T13:39:56+00:00\",\"description\":\"Com foco nas linhas premium da Spaten, Stella Artois, Corona e Original, a Ambev (ABEV3) vai investir R$ 150 milh\u00f5es em cervejaria de Goi\u00e1s.\",\"breadcrumb\":{\"@id\":\"https:\/\/www.suno.com.br\/noticias\/ambev-abev3-investe-150milhoes-goias-producao-cerveja-cpf\/#breadcrumb\"},\"inLanguage\":\"pt-BR\",\"potentialAction\":[{\"@type\":\"ReadAction\",\"target\":[\"https:\/\/www.suno.com.br\/noticias\/ambev-abev3-investe-150milhoes-goias-producao-cerveja-cpf\/\"]}]},{\"@type\":\"ImageObject\",\"inLanguage\":\"pt-BR\",\"@id\":\"https:\/\/www.suno.com.br\/noticias\/ambev-abev3-investe-150milhoes-goias-producao-cerveja-cpf\/#primaryimage\",\"url\":\"https:\/\/files.sunoresearch.com.br\/n\/uploads\/2023\/02\/ambev-abev3-foto-caixas-cerveja-divulgacao.jpg\",\"contentUrl\":\"https:\/\/files.sunoresearch.com.br\/n\/uploads\/2023\/02\/ambev-abev3-foto-caixas-cerveja-divulgacao.jpg\",\"width\":1200,\"height\":675,\"caption\":\"Ambev (ABEV3). Foto: Divulga\u00e7\u00e3o\"},{\"@type\":\"BreadcrumbList\",\"@id\":\"https:\/\/www.suno.com.br\/noticias\/ambev-abev3-investe-150milhoes-goias-producao-cerveja-cpf\/#breadcrumb\",\"itemListElement\":[{\"@type\":\"ListItem\",\"position\":1,\"name\":\"Not\u00edcias\",\"item\":\"https:\/\/www.suno.com.br\/noticias\/\"},{\"@type\":\"ListItem\",\"position\":2,\"name\":\"Neg\u00f3cios\",\"item\":\"https:\/\/www.suno.com.br\/noticias\/negocios\/\"},{\"@type\":\"ListItem\",\"position\":3,\"name\":\"Ambev (ABEV3) vai investir R$ 150 milh\u00f5es em Goi\u00e1s para produ\u00e7\u00e3o de Spaten, Corona e Stella\"}]},{\"@type\":\"WebSite\",\"@id\":\"https:\/\/www.suno.com.br\/noticias\/#website\",\"url\":\"https:\/\/www.suno.com.br\/noticias\/\",\"name\":\"Suno Not\u00edcias\",\"description\":\"Seu portal de informa\u00e7\u00e3o sobre o mundo dos investimentos\",\"publisher\":{\"@id\":\"https:\/\/www.suno.com.br\/noticias\/#organization\"},\"potentialAction\":[{\"@type\":\"SearchAction\",\"target\":{\"@type\":\"EntryPoint\",\"urlTemplate\":\"https:\/\/www.suno.com.br\/noticias\/?s={search_term_string}\"},\"query-input\":{\"@type\":\"PropertyValueSpecification\",\"valueRequired\":true,\"valueName\":\"search_term_string\"}}],\"inLanguage\":\"pt-BR\"},{\"@type\":\"Organization\",\"@id\":\"https:\/\/www.suno.com.br\/noticias\/#organization\",\"name\":\"Suno Not\u00edcias\",\"url\":\"https:\/\/www.suno.com.br\/noticias\/\",\"logo\":{\"@type\":\"ImageObject\",\"inLanguage\":\"pt-BR\",\"@id\":\"https:\/\/www.suno.com.br\/noticias\/#\/schema\/logo\/image\/\",\"url\":\"https:\/\/files.sunoresearch.com.br\/n\/uploads\/2021\/09\/suno-logo.png\",\"contentUrl\":\"https:\/\/files.sunoresearch.com.br\/n\/uploads\/2021\/09\/suno-logo.png\",\"width\":180,\"height\":180,\"caption\":\"Suno Not\u00edcias\"},\"image\":{\"@id\":\"https:\/\/www.suno.com.br\/noticias\/#\/schema\/logo\/image\/\"},\"sameAs\":[\"https:\/\/facebook.com\/sunoresearch\",\"https:\/\/x.com\/sunoresearch\",\"https:\/\/www.instagram.com\/suno\",\"https:\/\/www.linkedin.com\/company\/suno-research\/\",\"https:\/\/www.youtube.com\/c\/sunoresearch\"]},{\"@type\":\"Person\",\"@id\":\"https:\/\/www.suno.com.br\/noticias\/#\/schema\/person\/f341d3ae5d1cc685176c9a5327cdfdbb\",\"name\":\"Camila Paim\",\"image\":{\"@type\":\"ImageObject\",\"inLanguage\":\"pt-BR\",\"@id\":\"https:\/\/www.suno.com.br\/noticias\/#\/schema\/person\/image\/\",\"url\":\"https:\/\/secure.gravatar.com\/avatar\/f33728e65febb1aa7ecf6792956f9b20?s=96&r=g\",\"contentUrl\":\"https:\/\/secure.gravatar.com\/avatar\/f33728e65febb1aa7ecf6792956f9b20?s=96&r=g\",\"caption\":\"Camila Paim\"},\"description\":\"Jornalista formada pela USP, tem experi\u00eancia em reda\u00e7\u00f5es, SEO, Branded Content e Webdesign. Com passagem pelo Jornal da USP, Empiricus e C6 Bank, hoje \u00e9 rep\u00f3rter no Suno Not\u00edcias cobrindo macroeconomia, finan\u00e7as pessoais e startups.\",\"url\":\"https:\/\/www.suno.com.br\/noticias\/author\/camila-figueiredosuno-com-br\/\"}]}<\/script>\n<!-- \/ Yoast SEO plugin. -->","yoast_head_json":{"title":"Ambev (ABEV3) investe R$ 150 milh\u00f5es para produ\u00e7\u00e3o em Goi\u00e1s","description":"Com foco nas linhas premium da Spaten, Stella Artois, Corona e Original, a Ambev (ABEV3) vai investir R$ 150 milh\u00f5es em cervejaria de Goi\u00e1s.","robots":{"index":"index","follow":"follow","max-snippet":"max-snippet:-1","max-image-preview":"max-image-preview:large","max-video-preview":"max-video-preview:-1"},"canonical":"https:\/\/www.suno.com.br\/noticias\/ambev-abev3-investe-150milhoes-goias-producao-cerveja-cpf\/","og_locale":"pt_BR","og_type":"article","og_title":"Ambev (ABEV3) investe R$ 150 milh\u00f5es para produ\u00e7\u00e3o em Goi\u00e1s","og_description":"Com foco nas linhas premium da Spaten, Stella Artois, Corona e Original, a Ambev (ABEV3) vai investir R$ 150 milh\u00f5es em cervejaria de Goi\u00e1s.","og_url":"https:\/\/www.suno.com.br\/noticias\/ambev-abev3-investe-150milhoes-goias-producao-cerveja-cpf\/","og_site_name":"Suno Not\u00edcias","article_publisher":"https:\/\/facebook.com\/sunoresearch","og_image":[{"width":1200,"height":675,"url":"https:\/\/files.sunoresearch.com.br\/n\/uploads\/2023\/02\/ambev-abev3-foto-caixas-cerveja-divulgacao.jpg","type":"image\/jpeg"}],"author":"Camila Paim","twitter_card":"summary_large_image","twitter_creator":"@sunoresearch","twitter_site":"@sunoresearch","twitter_misc":{"Escrito por":"Camila Paim","Est. tempo de leitura":"3 minutos"},"schema":{"@context":"https:\/\/schema.org","@graph":[{"@type":"NewsArticle","@id":"https:\/\/www.suno.com.br\/noticias\/ambev-abev3-investe-150milhoes-goias-producao-cerveja-cpf\/#article","isPartOf":{"@id":"https:\/\/www.suno.com.br\/noticias\/ambev-abev3-investe-150milhoes-goias-producao-cerveja-cpf\/"},"author":{"name":"Camila Paim","@id":"https:\/\/www.suno.com.br\/noticias\/#\/schema\/person\/f341d3ae5d1cc685176c9a5327cdfdbb"},"headline":"Ambev (ABEV3) vai investir R$ 150 milh\u00f5es em Goi\u00e1s para produ\u00e7\u00e3o de Spaten, Corona e Stella","datePublished":"2024-04-15T13:27:48+00:00","dateModified":"2024-04-15T13:39:56+00:00","mainEntityOfPage":{"@id":"https:\/\/www.suno.com.br\/noticias\/ambev-abev3-investe-150milhoes-goias-producao-cerveja-cpf\/"},"wordCount":413,"publisher":{"@id":"https:\/\/www.suno.com.br\/noticias\/#organization"},"image":{"@id":"https:\/\/www.suno.com.br\/noticias\/ambev-abev3-investe-150milhoes-goias-producao-cerveja-cpf\/#primaryimage"},"thumbnailUrl":"https:\/\/files.sunoresearch.com.br\/n\/uploads\/2023\/02\/ambev-abev3-foto-caixas-cerveja-divulgacao.jpg","keywords":["AMBEV (ABEV3)","cerveja","Especialistas"],"articleSection":["Neg\u00f3cios"],"inLanguage":"pt-BR"},{"@type":"WebPage","@id":"https:\/\/www.suno.com.br\/noticias\/ambev-abev3-investe-150milhoes-goias-producao-cerveja-cpf\/","url":"https:\/\/www.suno.com.br\/noticias\/ambev-abev3-investe-150milhoes-goias-producao-cerveja-cpf\/","name":"Ambev (ABEV3) investe R$ 150 milh\u00f5es para produ\u00e7\u00e3o em Goi\u00e1s","isPartOf":{"@id":"https:\/\/www.suno.com.br\/noticias\/#website"},"primaryImageOfPage":{"@id":"https:\/\/www.suno.com.br\/noticias\/ambev-abev3-investe-150milhoes-goias-producao-cerveja-cpf\/#primaryimage"},"image":{"@id":"https:\/\/www.suno.com.br\/noticias\/ambev-abev3-investe-150milhoes-goias-producao-cerveja-cpf\/#primaryimage"},"thumbnailUrl":"https:\/\/files.sunoresearch.com.br\/n\/uploads\/2023\/02\/ambev-abev3-foto-caixas-cerveja-divulgacao.jpg","datePublished":"2024-04-15T13:27:48+00:00","dateModified":"2024-04-15T13:39:56+00:00","description":"Com foco nas linhas premium da Spaten, Stella Artois, Corona e Original, a Ambev (ABEV3) vai investir R$ 150 milh\u00f5es em cervejaria de Goi\u00e1s.","breadcrumb":{"@id":"https:\/\/www.suno.com.br\/noticias\/ambev-abev3-investe-150milhoes-goias-producao-cerveja-cpf\/#breadcrumb"},"inLanguage":"pt-BR","potentialAction":[{"@type":"ReadAction","target":["https:\/\/www.suno.com.br\/noticias\/ambev-abev3-investe-150milhoes-goias-producao-cerveja-cpf\/"]}]},{"@type":"ImageObject","inLanguage":"pt-BR","@id":"https:\/\/www.suno.com.br\/noticias\/ambev-abev3-investe-150milhoes-goias-producao-cerveja-cpf\/#primaryimage","url":"https:\/\/files.sunoresearch.com.br\/n\/uploads\/2023\/02\/ambev-abev3-foto-caixas-cerveja-divulgacao.jpg","contentUrl":"https:\/\/files.sunoresearch.com.br\/n\/uploads\/2023\/02\/ambev-abev3-foto-caixas-cerveja-divulgacao.jpg","width":1200,"height":675,"caption":"Ambev (ABEV3). Foto: Divulga\u00e7\u00e3o"},{"@type":"BreadcrumbList","@id":"https:\/\/www.suno.com.br\/noticias\/ambev-abev3-investe-150milhoes-goias-producao-cerveja-cpf\/#breadcrumb","itemListElement":[{"@type":"ListItem","position":1,"name":"Not\u00edcias","item":"https:\/\/www.suno.com.br\/noticias\/"},{"@type":"ListItem","position":2,"name":"Neg\u00f3cios","item":"https:\/\/www.suno.com.br\/noticias\/negocios\/"},{"@type":"ListItem","position":3,"name":"Ambev (ABEV3) vai investir R$ 150 milh\u00f5es em Goi\u00e1s para produ\u00e7\u00e3o de Spaten, Corona e Stella"}]},{"@type":"WebSite","@id":"https:\/\/www.suno.com.br\/noticias\/#website","url":"https:\/\/www.suno.com.br\/noticias\/","name":"Suno Not\u00edcias","description":"Seu portal de informa\u00e7\u00e3o sobre o mundo dos investimentos","publisher":{"@id":"https:\/\/www.suno.com.br\/noticias\/#organization"},"potentialAction":[{"@type":"SearchAction","target":{"@type":"EntryPoint","urlTemplate":"https:\/\/www.suno.com.br\/noticias\/?s={search_term_string}"},"query-input":{"@type":"PropertyValueSpecification","valueRequired":true,"valueName":"search_term_string"}}],"inLanguage":"pt-BR"},{"@type":"Organization","@id":"https:\/\/www.suno.com.br\/noticias\/#organization","name":"Suno Not\u00edcias","url":"https:\/\/www.suno.com.br\/noticias\/","logo":{"@type":"ImageObject","inLanguage":"pt-BR","@id":"https:\/\/www.suno.com.br\/noticias\/#\/schema\/logo\/image\/","url":"https:\/\/files.sunoresearch.com.br\/n\/uploads\/2021\/09\/suno-logo.png","contentUrl":"https:\/\/files.sunoresearch.com.br\/n\/uploads\/2021\/09\/suno-logo.png","width":180,"height":180,"caption":"Suno Not\u00edcias"},"image":{"@id":"https:\/\/www.suno.com.br\/noticias\/#\/schema\/logo\/image\/"},"sameAs":["https:\/\/facebook.com\/sunoresearch","https:\/\/x.com\/sunoresearch","https:\/\/www.instagram.com\/suno","https:\/\/www.linkedin.com\/company\/suno-research\/","https:\/\/www.youtube.com\/c\/sunoresearch"]},{"@type":"Person","@id":"https:\/\/www.suno.com.br\/noticias\/#\/schema\/person\/f341d3ae5d1cc685176c9a5327cdfdbb","name":"Camila Paim","image":{"@type":"ImageObject","inLanguage":"pt-BR","@id":"https:\/\/www.suno.com.br\/noticias\/#\/schema\/person\/image\/","url":"https:\/\/secure.gravatar.com\/avatar\/f33728e65febb1aa7ecf6792956f9b20?s=96&r=g","contentUrl":"https:\/\/secure.gravatar.com\/avatar\/f33728e65febb1aa7ecf6792956f9b20?s=96&r=g","caption":"Camila Paim"},"description":"Jornalista formada pela USP, tem experi\u00eancia em reda\u00e7\u00f5es, SEO, Branded Content e Webdesign. Com passagem pelo Jornal da USP, Empiricus e C6 Bank, hoje \u00e9 rep\u00f3rter no Suno Not\u00edcias cobrindo macroeconomia, finan\u00e7as pessoais e startups.","url":"https:\/\/www.suno.com.br\/noticias\/author\/camila-figueiredosuno-com-br\/"}]}},"default_loop_html":"<div class=\"cardsPage__listCard__boxs\"><div class=\"cardsPage__listCard__boxs__img\"><a href=\"https:\/\/www.suno.com.br\/noticias\/ambev-abev3-investe-150milhoes-goias-producao-cerveja-cpf\/\"><img class=\"mask\" src=\"https:\/\/www.suno.com.br\/noticias\/wp-content\/themes\/suno\/resources\/images\/spotlight\/spotlight1img\/bg-mask.png\" alt=\"Image Mask\"\/><img src=\"https:\/\/files.sunoresearch.com.br\/n\/uploads\/2023\/02\/ambev-abev3-foto-caixas-cerveja-divulgacao-400x200.jpg\" alt=\"Ambev (ABEV3) vai investir R$ 150 milh\u00f5es em Goi\u00e1s para produ\u00e7\u00e3o de Spaten, Corona e Stella\"\/><\/a><span class=\"spotlightCategory\"><a href=\"https:\/\/www.suno.com.br\/noticias\/negocios\/\">Neg\u00f3cios<\/a><\/span><\/div><div class=\"cardsPage__listCard__boxs__content\"><a href=\"https:\/\/www.suno.com.br\/noticias\/ambev-abev3-investe-150milhoes-goias-producao-cerveja-cpf\/\"><h2 class=\"content__title\">Ambev (ABEV3) vai investir R$ 150 milh\u00f5es em Goi\u00e1s para produ\u00e7\u00e3o de Spaten, Corona e Stella<\/h2><\/a><div class=\"newsContent__article__meta\"><div class=\"newsContent__article__meta__authorBox\"><a href=\"https:\/\/www.suno.com.br\/noticias\/author\/guilhermeserranosilvagmail-com\/\" class=\"authorBox__avatar noMobi\"><img src=\"https:\/\/files.sunoresearch.com.br\/n\/uploads\/2023\/09\/WhatsApp-Image-2023-09-05-at-11.02.17-150x150.jpeg\" alt=\"Guilherme Serrano Silva\"><\/a><div class=\"authorBox__name\"><span>por\n\t\t\t<a href=\"https:\/\/www.suno.com.br\/noticias\/author\/guilhermeserranosilvagmail-com\/\"><span itemprop=\"author\">Guilherme Serrano Silva<\/span><\/a><\/span><time datetime=\"2024-04-15T10:27:48-03:00\" itemprop=\"datePublished\">15\/04\/2024 10:27<\/time><\/div><\/div><\/div><\/div><\/div>","single_layout":"posts","amp_enabled":true,"_links":{"self":[{"href":"https:\/\/www.suno.com.br\/noticias\/wp-json\/wp\/v2\/posts\/543987"}],"collection":[{"href":"https:\/\/www.suno.com.br\/noticias\/wp-json\/wp\/v2\/posts"}],"about":[{"href":"https:\/\/www.suno.com.br\/noticias\/wp-json\/wp\/v2\/types\/post"}],"author":[{"embeddable":true,"href":"https:\/\/www.suno.com.br\/noticias\/wp-json\/wp\/v2\/users\/283"}],"replies":[{"embeddable":true,"href":"https:\/\/www.suno.com.br\/noticias\/wp-json\/wp\/v2\/comments?post=543987"}],"version-history":[{"count":3,"href":"https:\/\/www.suno.com.br\/noticias\/wp-json\/wp\/v2\/posts\/543987\/revisions"}],"predecessor-version":[{"id":544008,"href":"https:\/\/www.suno.com.br\/noticias\/wp-json\/wp\/v2\/posts\/543987\/revisions\/544008"}],"wp:featuredmedia":[{"embeddable":true,"href":"https:\/\/www.suno.com.br\/noticias\/wp-json\/wp\/v2\/media\/357975"}],"wp:attachment":[{"href":"https:\/\/www.suno.com.br\/noticias\/wp-json\/wp\/v2\/media?parent=543987"}],"wp:term":[{"taxonomy":"category","embeddable":true,"href":"https:\/\/www.suno.com.br\/noticias\/wp-json\/wp\/v2\/categories?post=543987"},{"taxonomy":"post_tag","embeddable":true,"href":"https:\/\/www.suno.com.br\/noticias\/wp-json\/wp\/v2\/tags?post=543987"},{"taxonomy":"suno_strategy","embeddable":true,"href":"https:\/\/www.suno.com.br\/noticias\/wp-json\/wp\/v2\/suno_strategy?post=543987"}],"curies":[{"name":"wp","href":"https:\/\/api.w.org\/{rel}","templated":true}]}}