{"id":543973,"date":"2024-04-15T10:07:01","date_gmt":"2024-04-15T13:07:01","guid":{"rendered":"https:\/\/www.suno.com.br\/noticias\/?p=543973"},"modified":"2024-04-15T10:07:07","modified_gmt":"2024-04-15T13:07:07","slug":"light-ligt3-acordo-debenturistas-gpj","status":"publish","type":"post","link":"https:\/\/www.suno.com.br\/noticias\/light-ligt3-acordo-debenturistas-gpj\/","title":{"rendered":"Light (LIGT3) chega a acordo com debenturistas da Light Sesa para repactuar endividamento"},"content":{"rendered":"<p>A <a href=\"https:\/\/www.suno.com.br\/acoes\/LIGT3\/\"><strong>Light<\/strong> (LIGT3)<\/a> anunciou nesta segunda-feira (15) um acordo com debenturistas da Light Sesa para repactua\u00e7\u00e3o do endividamento financeiro, em meio \u00e0 recupera\u00e7\u00e3o judicial que est\u00e1 em andamento na Justi\u00e7a do Rio de Janeiro.<\/p>\t<div class=\"wrapper-featured-image\">\n\t\t<figure class=\"spotlightImg\">\n\n\t\t\t<picture>\n\t\t\t\t<source media=\"(max-width: 768px)\" srcset=\"https:\/\/files.sunoresearch.com.br\/n\/uploads\/2021\/01\/da74fdd7-image002-400x200.webp\">\n\t\t\t\t<img loading=\"lazy\" decoding=\"async\" class=\"newsContent__article__imgCapa lazyloadDisabled \" src=\"https:\/\/files.sunoresearch.com.br\/n\/uploads\/2021\/01\/da74fdd7-image002-800x450.webp\" width=\"800\" height=\"450\" alt=\"Light (LIGT3) chega a acordo com debenturistas da Light Sesa para repactuar endividamento\" fetchpriority=high \/>\n\t\t\t<\/picture>\n\n\t\t\t<figcaption class=\"wp-caption-text wp-caption-text--show\">Light (LIGT3). Foto: divulga\u00e7\u00e3o<\/figcaption>\n\t\t<\/figure>\n\t<\/div>\n\n\n\n\n\n\n\n\t<p>\n\t\t<a href=\"https:\/\/lp.suno.com.br\/planilha-da-vida-financeira\/\" target=\"_blank\" data-element=\"shortcode-suno-banner\" title=\"Banner SUNO, clique e saiba mais\">\n\t\t\t<picture>\n\t\t\t\t<source media=\"(max-width: 500px)\" srcset=\"https:\/\/files.sunoresearch.com.br\/n\/uploads\/2023\/04\/400x300-Planilha-vida-financeira-true.png\">\n\t\t\t\t<img class=\"newsContent__article__imgCapa newsContent__article__imgCapa--banner\"\n\t\t\t\t\tsrc=\"https:\/\/files.sunoresearch.com.br\/n\/uploads\/2023\/04\/1420x240-Planilha-vida-financeira-true.png\"\n\t\t\t\t\tdata-promo-id=\"106682\"\t\t\t\t\t\t\t\t\t\twidth='1420' height='240'\t\t\t\t\talt=\"https:\/\/files.sunoresearch.com.br\/n\/uploads\/2023\/04\/1420x240-Planilha-vida-financeira-true.png\"\n\t\t\t\t>\n\t\t\t<\/picture>\n\t\t<\/a>\n\t<\/p>\n\n\n\n\n\n<p>Em fato relevante, a companhia afirma que o acordo os principais termos e condi\u00e7\u00f5es financeiras foi feito com gestores representantes de fundos titulares de deb\u00eantures da 9\u00aa, 15\u00aa, 16\u00aa, 17\u00aa, 21\u00aa, 22\u00aa, 23\u00aa e 24\u00aa emiss\u00f5es feita pela <strong>Light Sesa<\/strong>.<\/p>\n\n\n\n<p>&#8220;A repactua\u00e7\u00e3o em quest\u00e3o permanece sujeita \u00e0 negocia\u00e7\u00e3o e \u00e0 celebra\u00e7\u00e3o dos documentos definitivos entre as partes signat\u00e1rias do <em>term sheet<\/em> assinado em 11 de abril de 2024, incluindo a sua inclus\u00e3o em um aditamento ao plano de <strong>recupera\u00e7\u00e3o judicial da Light <\/strong>a ser oportunamente apresentado no \u00e2mbito da RJ&#8221;, disse a el\u00e9trica.<\/p>\n\n\n\n<h2 class=\"wp-block-heading\">Light (LIGT3) reverte preju\u00edzo e tem lucro de R$ 49,6 milh\u00f5es no 4T23<\/h2>\n\n\n\n<p>A Light registrou um <a href=\"https:\/\/www.suno.com.br\/artigos\/lucro-liquido\/\">lucro l\u00edquido<\/a> ajustado de R$ 49,6 milh\u00f5es no quarto trimestre de 2023, uma virada de chave positiva em compara\u00e7\u00e3o ao preju\u00edzo de R$ 619,6 milh\u00f5es registrado no mesmo per\u00edodo do ano anterior.<\/p>\n\n\n\n<p>A <a href=\"https:\/\/www.suno.com.br\/artigos\/receita-liquida-operacional\/\">receita operacional l\u00edquida<\/a> no per\u00edodo chegou a R$ 3,912 bilh\u00f5es, alta de 19,7% frente aos R$ 3,267 bilh\u00f5es registrados no mesmo per\u00edodo do ano anterior.<\/p>\n\n\n\n<p>O Ebitda (lucro antes de juros, impostos, <a href=\"https:\/\/www.suno.com.br\/artigos\/depreciacao-amortizacao\/\">deprecia\u00e7\u00e3o e amortiza\u00e7\u00e3o<\/a>) ajustado da Light no quarto trimestre de 2023 ficou positivo em R$ 619,1 milh\u00f5es, ante desempenho negativo de R$ 53,4 milh\u00f5es no quarto trimestre de 2022.<\/p>\n\n\n\n<p>As despesas operacionais da Light no 4T23 chegaram a R$ 3,406 bilh\u00f5es, crescimento de 0,6% frente aos R$ 3,267 bilh\u00f5es reportados no quarto trimestre de 2022.<\/p>\n\n\n\n<p>O <a href=\"https:\/\/www.suno.com.br\/artigos\/resultado-financeiro\/\">resultado financeiro<\/a> l\u00edquido da Light foi negativo em R$ 130,7 milh\u00f5es no quarto trimestre de 2023, queda de 61,3% em rela\u00e7\u00e3o ao quarto trimestre de 2022, quando teve perdas financeiras de R$ 337,3 milh\u00f5es.<\/p>\n\n\n\n<p>No comunicado de resultados, a empresa explicou que apesar do consumo de caixa de R$ 879,8 milh\u00f5es em 2023 por conta da devolu\u00e7\u00e3o maior de caixa relativo \u00e0 tese de redu\u00e7\u00e3o do ICMS na base de c\u00e1lculo do PIS\/COFINS, a companhia esteve aderente \u00e0s suas obriga\u00e7\u00f5es setoriais e manteve uma posi\u00e7\u00e3o de caixa de R$ 420,8 milh\u00f5es.<\/p>\n\n\n\n<p>\u201cO ano de 2023 foi para a Light um momento de enfrentar desafios, com os quais a empresa convivia h\u00e1 alguns anos, tais como desequil\u00edbrio econ\u00f4mico e financeiro. Acreditamos que esse per\u00edodo de enfrentamento de desafios ser\u00e1 conclu\u00eddo em breve, com a aprova\u00e7\u00e3o do <a href=\"https:\/\/www.suno.com.br\/artigos\/plano-de-recuperacao\/\">plano de recupera\u00e7\u00e3o judicial<\/a> e a renova\u00e7\u00e3o da concess\u00e3o\u201d, disse a administra\u00e7\u00e3o da companhia.<\/p>\n\n\n\n<h2 class=\"wp-block-heading\">Desempenho das a\u00e7\u00f5es da Light<\/h2>\n\n\n\n<p>Confira o desempenho das a\u00e7\u00f5es da <strong>Light<\/strong> (LIGT3).<\/p>\n\n\n\n<div class=\"pluginQuotation\">\n  <p class=\"ticker\">\n    Cota\u00e7\u00e3o <span>LIGT3<\/span>\n  <\/p>\n  <div class=\"info\">\n    <div class=\"leftSide\">\n      Gr\u00e1fico gerado em: 15\/04\/2024    <\/div>\n\t\t\t\t\t<div class=\"rightSide\">\n\t\t\t\t\t<span class=\"period\">\n\t\t\t\t\t\t5 Dias\t\t\t\t\t<\/span>\n\t\t\t<\/div>\n\t\t  <\/div>\n\n  <div id=\"chart-137cdacd5eb5ee1ad7fed19c5e1f69cd\" data-block-hash=\"137cdacd5eb5ee1ad7fed19c5e1f69cd\"  class=\"chart\" style=\"width:100%;height:400px;\"><\/div>\n\n  <div class=\"pluginQuotation__footer\">\n    <div class=\"dataChart\">\n\n      <div class=\"dataChart__div1 variation\">\n        <div class=\"value-negative\">\n          -0,78 (-0,04%)        <\/div>\n        <div class=\"text\">\n          Varia\u00e7\u00e3o do per\u00edodo\n        <\/div>\n      <\/div>\n\n      <div class=\"dataChart__div2 minMax\">\n        <div class=\"value\">\n          R$\u00a05,11        <\/div>\n        <div class=\"text\">\n          M\u00ednima\n        <\/div>\n      <\/div>\n\n      <div class=\"dataChart__div3 minMax\">\n        <div class=\"value\">\n          R$\u00a05,15        <\/div>\n        <div class=\"text\">\n          M\u00e1xima\n        <\/div>\n      <\/div>\n\n\t\t\t<div class=\"dataChart__div4 rightSide\">\n\t\t\t\t<div class=\"analiticaSource\">\n\t\t\t\t\t<span>\n\t\t\t\t\t\tFonte:\n\t\t\t\t\t<\/span>\n\t\t\t\t\t<img decoding=\"async\" class=\"analiticaLogo\" src=\"https:\/\/www.suno.com.br\/noticias\/wp-content\/plugins\/suno-block-ticker-quotation\/src\/suno-analitica-logo.png\" alt=\"Logo Suno Anal\u00edtica\" \/>\n\t\t\t\t<\/div>\n\n\t\t\t\t<a href=\"https:\/\/www.suno.com.br\/analitica\/acoes\/LIGT3\" target=\"_blank\">\n\t\t\t\t\t<span>\n\t\t\t\t\t\tVer mais cota\u00e7\u00f5es\n\t\t\t\t\t<\/span>\n\t\t\t\t\t<svg xmlns=\"http:\/\/www.w3.org\/2000\/svg\" width=\"9\" height=\"8\" viewBox=\"0 0 9 8\" fill=\"none\">\n\t\t\t\t\t\t<path d=\"M4.20996 0L3.50496 0.705L6.29496 3.5H0.209961V4.5H6.29496L3.50496 7.295L4.20996 8L8.20996 4L4.20996 0Z\" fill=\"#D42126\" \/>\n\t\t\t\t\t<\/svg>\n\t\t\t\t<\/a>\n    <\/div>\n\n    <\/div>\n  <\/div>\n<\/div>\n\n\n<script type=\"text\/javascript\">\n  let chart_137cdacd5eb5ee1ad7fed19c5e1f69cd = document.getElementById('chart-137cdacd5eb5ee1ad7fed19c5e1f69cd');\n  let data_json_137cdacd5eb5ee1ad7fed19c5e1f69cd = \"[{\\\"date\\\":\\\"12\\\\\\\/04\\\\\\\/24 13:20\\\",\\\"value\\\":5.15},{\\\"date\\\":\\\"12\\\\\\\/04\\\\\\\/24 13:30\\\",\\\"value\\\":5.14},{\\\"date\\\":\\\"12\\\\\\\/04\\\\\\\/24 13:40\\\",\\\"value\\\":5.12},{\\\"date\\\":\\\"12\\\\\\\/04\\\\\\\/24 13:50\\\",\\\"value\\\":5.11}]\";\n  let isPositive_137cdacd5eb5ee1ad7fed19c5e1f69cd = \"\";\n\n  let color_137cdacd5eb5ee1ad7fed19c5e1f69cd = isPositive_137cdacd5eb5ee1ad7fed19c5e1f69cd ? '#3AB53A' : '#D92C2D';\n\n  let data_137cdacd5eb5ee1ad7fed19c5e1f69cd = JSON.parse(data_json_137cdacd5eb5ee1ad7fed19c5e1f69cd);\n\n  const result_137cdacd5eb5ee1ad7fed19c5e1f69cd = {\n    date: [],\n    value: [],\n  };\n\n  data_137cdacd5eb5ee1ad7fed19c5e1f69cd.forEach((item) => {\n    result_137cdacd5eb5ee1ad7fed19c5e1f69cd.date.push(item.date);\n    result_137cdacd5eb5ee1ad7fed19c5e1f69cd.value.push(Number(item.value));\n  });\n\n  let option_137cdacd5eb5ee1ad7fed19c5e1f69cd = {\n    \/\/ variavel de cor global\n    color: [color_137cdacd5eb5ee1ad7fed19c5e1f69cd],\n    title: {\n      text: '',\n    },\n    tooltip: {\n      trigger: 'axis',\n      axisPointer: {\n        type: 'cross',\n        label: {\n          \/\/ cor dos valores em X e Y\n          backgroundColor: color_137cdacd5eb5ee1ad7fed19c5e1f69cd,\n          formatter: (value) => {\n            if (typeof value.value === 'number') {\n              return Number(value.value).toLocaleString('pt-br', {\n                style: 'currency',\n                currency: 'BRL'\n              });\n            }\n            return value.value;\n          },\n        },\n      },\n      valueFormatter: (value) => Number(value).toLocaleString('pt-br', {\n        style: 'currency',\n        currency: 'BRL'\n      }),\n    },\n    legend: {\n      \/\/ data: ['Valor de Fechamento'],\n      show: false,\n    },\n    toolbox: {\n      feature: {\n        saveAsImage: {\n          show: false,\n        },\n      },\n    },\n    grid: {\n      left: '0px',\n      right: '0px',\n      bottom: '0px',\n      containLabel: true,\n    },\n    xAxis: [{\n      type: 'category',\n      data: result_137cdacd5eb5ee1ad7fed19c5e1f69cd.date,\n      boundaryGap: true,\n    }],\n    yAxis: [{\n      type: 'value',\n      min: Math.min(...result_137cdacd5eb5ee1ad7fed19c5e1f69cd.value),\n      max: Math.max(...result_137cdacd5eb5ee1ad7fed19c5e1f69cd.value),\n      axisLabel: {\n        formatter: (value) => value.toLocaleString('pt-br', {\n          style: 'currency',\n          currency: 'BRL'\n        }),\n      },\n    }],\n    series: [{\n      name: 'Valor de Fechamento',\n      type: 'line',\n      stack: 'Total',\n      \/\/ cor do grafico\n      areaStyle: {},\n      emphasis: {\n        focus: 'series',\n      },\n      data: result_137cdacd5eb5ee1ad7fed19c5e1f69cd.value,\n      \/\/ cor da linha\n      lineStyle: {\n        color: color_137cdacd5eb5ee1ad7fed19c5e1f69cd,\n      },\n    }, ],\n  };\n\n\twindow.chart_137cdacd5eb5ee1ad7fed19c5e1f69cd = {\n\t\tel: chart_137cdacd5eb5ee1ad7fed19c5e1f69cd,\n\t\toption: option_137cdacd5eb5ee1ad7fed19c5e1f69cd\t};\n\n\n<\/script>\n\n\n\t<p>\n\t\t<a href=\"https:\/\/lp.suno.com.br\/ebook-como-analisar-uma-acao\/\" target=\"_blank\" data-element=\"shortcode-suno-banner\" title=\"Banner SUNO, clique e saiba mais\">\n\t\t\t<picture>\n\t\t\t\t<source media=\"(max-width: 500px)\" srcset=\"https:\/\/files.sunoresearch.com.br\/n\/uploads\/2023\/03\/Ebook-Acoes-Mobile.jpg\">\n\t\t\t\t<img class=\"newsContent__article__imgCapa newsContent__article__imgCapa--banner\"\n\t\t\t\t\tsrc=\"https:\/\/files.sunoresearch.com.br\/n\/uploads\/2023\/03\/Ebook-Acoes-Desktop.jpg\"\n\t\t\t\t\tdata-promo-id=\"378302\"\t\t\t\t\t\t\t\t\t\twidth='1420' height='286'\t\t\t\t\talt=\"https:\/\/files.sunoresearch.com.br\/n\/uploads\/2023\/03\/Ebook-Acoes-Desktop.jpg\"\n\t\t\t\t>\n\t\t\t<\/picture>\n\t\t<\/a>\n\t<\/p>\n\n\n","protected":false},"excerpt":{"rendered":"<p>A Light (LIGT3) anunciou nesta segunda-feira (15) um acordo com debenturistas da Light Sesa para repactua\u00e7\u00e3o do endividamento financeiro, em meio \u00e0 recupera\u00e7\u00e3o judicial que est\u00e1 em andamento na Justi\u00e7a do Rio de Janeiro. Light (LIGT3). Foto: divulga\u00e7\u00e3o Em fato relevante, a companhia afirma que o acordo os principais termos e condi\u00e7\u00f5es financeiras foi feito [&hellip;]<\/p>\n","protected":false},"author":313,"featured_media":115759,"comment_status":"closed","ping_status":"closed","sticky":false,"template":"","format":"standard","meta":[],"categories":[64],"tags":[41531,314],"suno_strategy":[],"class_list":["post-543973","post","type-post","status-publish","format-standard","has-post-thumbnail","hentry","category-negocios","tag-light-ligt3","tag-recuperacao-judicial"],"yoast_head":"<!-- This site is optimized with the Yoast SEO plugin v24.4 - https:\/\/yoast.com\/wordpress\/plugins\/seo\/ -->\n<title>Light (LIGT3) e debenturistas da Light Sesa acordam d\u00edvidas<\/title>\n<meta name=\"description\" content=\"A Light um acordo com debenturistas da Light Sesa para repactua\u00e7\u00e3o do endividamento financeiro. Saiba mais sobre o acordo.\" \/>\n<meta name=\"robots\" content=\"index, follow, max-snippet:-1, max-image-preview:large, max-video-preview:-1\" \/>\n<link rel=\"canonical\" href=\"https:\/\/www.suno.com.br\/noticias\/light-ligt3-acordo-debenturistas-gpj\/\" \/>\n<meta property=\"og:locale\" content=\"pt_BR\" \/>\n<meta property=\"og:type\" content=\"article\" \/>\n<meta property=\"og:title\" content=\"Light (LIGT3) e debenturistas da Light Sesa acordam d\u00edvidas\" \/>\n<meta property=\"og:description\" content=\"A Light um acordo com debenturistas da Light Sesa para repactua\u00e7\u00e3o do endividamento financeiro. Saiba mais sobre o acordo.\" \/>\n<meta property=\"og:url\" content=\"https:\/\/www.suno.com.br\/noticias\/light-ligt3-acordo-debenturistas-gpj\/\" \/>\n<meta property=\"og:site_name\" content=\"Suno Not\u00edcias\" \/>\n<meta property=\"article:publisher\" content=\"https:\/\/facebook.com\/sunoresearch\" \/>\n<meta property=\"og:image\" content=\"https:\/\/files.sunoresearch.com.br\/n\/uploads\/2021\/01\/da74fdd7-image002.jpg\" \/>\n\t<meta property=\"og:image:width\" content=\"1397\" \/>\n\t<meta property=\"og:image:height\" content=\"1048\" \/>\n\t<meta property=\"og:image:type\" content=\"image\/jpeg\" \/>\n<meta name=\"author\" content=\"Giovanni Porf\u00edrio Jacomino\" \/>\n<meta name=\"twitter:card\" content=\"summary_large_image\" \/>\n<meta name=\"twitter:creator\" content=\"@sunoresearch\" \/>\n<meta name=\"twitter:site\" content=\"@sunoresearch\" \/>\n<meta name=\"twitter:label1\" content=\"Escrito por\" \/>\n\t<meta name=\"twitter:data1\" content=\"Giovanni Porf\u00edrio Jacomino\" \/>\n\t<meta name=\"twitter:label2\" content=\"Est. tempo de leitura\" \/>\n\t<meta name=\"twitter:data2\" content=\"3 minutos\" \/>\n<script type=\"application\/ld+json\" class=\"yoast-schema-graph\">{\"@context\":\"https:\/\/schema.org\",\"@graph\":[{\"@type\":\"NewsArticle\",\"@id\":\"https:\/\/www.suno.com.br\/noticias\/light-ligt3-acordo-debenturistas-gpj\/#article\",\"isPartOf\":{\"@id\":\"https:\/\/www.suno.com.br\/noticias\/light-ligt3-acordo-debenturistas-gpj\/\"},\"author\":{\"name\":\"Giovanni Porf\u00edrio Jacomino\",\"@id\":\"https:\/\/www.suno.com.br\/noticias\/#\/schema\/person\/d0f32748bbca4bee871fa191ee4e2d40\"},\"headline\":\"Light (LIGT3) chega a acordo com debenturistas da Light Sesa para repactuar endividamento\",\"datePublished\":\"2024-04-15T13:07:01+00:00\",\"dateModified\":\"2024-04-15T13:07:07+00:00\",\"mainEntityOfPage\":{\"@id\":\"https:\/\/www.suno.com.br\/noticias\/light-ligt3-acordo-debenturistas-gpj\/\"},\"wordCount\":463,\"publisher\":{\"@id\":\"https:\/\/www.suno.com.br\/noticias\/#organization\"},\"image\":{\"@id\":\"https:\/\/www.suno.com.br\/noticias\/light-ligt3-acordo-debenturistas-gpj\/#primaryimage\"},\"thumbnailUrl\":\"https:\/\/files.sunoresearch.com.br\/n\/uploads\/2021\/01\/da74fdd7-image002-jpg.webp\",\"keywords\":[\"Light (LIGT3)\",\"recupera\u00e7\u00e3o judicial\"],\"articleSection\":[\"Neg\u00f3cios\"],\"inLanguage\":\"pt-BR\"},{\"@type\":\"WebPage\",\"@id\":\"https:\/\/www.suno.com.br\/noticias\/light-ligt3-acordo-debenturistas-gpj\/\",\"url\":\"https:\/\/www.suno.com.br\/noticias\/light-ligt3-acordo-debenturistas-gpj\/\",\"name\":\"Light (LIGT3) e debenturistas da Light Sesa acordam d\u00edvidas\",\"isPartOf\":{\"@id\":\"https:\/\/www.suno.com.br\/noticias\/#website\"},\"primaryImageOfPage\":{\"@id\":\"https:\/\/www.suno.com.br\/noticias\/light-ligt3-acordo-debenturistas-gpj\/#primaryimage\"},\"image\":{\"@id\":\"https:\/\/www.suno.com.br\/noticias\/light-ligt3-acordo-debenturistas-gpj\/#primaryimage\"},\"thumbnailUrl\":\"https:\/\/files.sunoresearch.com.br\/n\/uploads\/2021\/01\/da74fdd7-image002-jpg.webp\",\"datePublished\":\"2024-04-15T13:07:01+00:00\",\"dateModified\":\"2024-04-15T13:07:07+00:00\",\"description\":\"A Light um acordo com debenturistas da Light Sesa para repactua\u00e7\u00e3o do endividamento financeiro. Saiba mais sobre o acordo.\",\"breadcrumb\":{\"@id\":\"https:\/\/www.suno.com.br\/noticias\/light-ligt3-acordo-debenturistas-gpj\/#breadcrumb\"},\"inLanguage\":\"pt-BR\",\"potentialAction\":[{\"@type\":\"ReadAction\",\"target\":[\"https:\/\/www.suno.com.br\/noticias\/light-ligt3-acordo-debenturistas-gpj\/\"]}]},{\"@type\":\"ImageObject\",\"inLanguage\":\"pt-BR\",\"@id\":\"https:\/\/www.suno.com.br\/noticias\/light-ligt3-acordo-debenturistas-gpj\/#primaryimage\",\"url\":\"https:\/\/files.sunoresearch.com.br\/n\/uploads\/2021\/01\/da74fdd7-image002-jpg.webp\",\"contentUrl\":\"https:\/\/files.sunoresearch.com.br\/n\/uploads\/2021\/01\/da74fdd7-image002-jpg.webp\",\"width\":1397,\"height\":1048,\"caption\":\"Light (LIGT3). Foto: divulga\u00e7\u00e3o\"},{\"@type\":\"BreadcrumbList\",\"@id\":\"https:\/\/www.suno.com.br\/noticias\/light-ligt3-acordo-debenturistas-gpj\/#breadcrumb\",\"itemListElement\":[{\"@type\":\"ListItem\",\"position\":1,\"name\":\"Not\u00edcias\",\"item\":\"https:\/\/www.suno.com.br\/noticias\/\"},{\"@type\":\"ListItem\",\"position\":2,\"name\":\"Neg\u00f3cios\",\"item\":\"https:\/\/www.suno.com.br\/noticias\/negocios\/\"},{\"@type\":\"ListItem\",\"position\":3,\"name\":\"Light (LIGT3) chega a acordo com debenturistas da Light Sesa para repactuar endividamento\"}]},{\"@type\":\"WebSite\",\"@id\":\"https:\/\/www.suno.com.br\/noticias\/#website\",\"url\":\"https:\/\/www.suno.com.br\/noticias\/\",\"name\":\"Suno Not\u00edcias\",\"description\":\"Seu portal de informa\u00e7\u00e3o sobre o mundo dos investimentos\",\"publisher\":{\"@id\":\"https:\/\/www.suno.com.br\/noticias\/#organization\"},\"potentialAction\":[{\"@type\":\"SearchAction\",\"target\":{\"@type\":\"EntryPoint\",\"urlTemplate\":\"https:\/\/www.suno.com.br\/noticias\/?s={search_term_string}\"},\"query-input\":{\"@type\":\"PropertyValueSpecification\",\"valueRequired\":true,\"valueName\":\"search_term_string\"}}],\"inLanguage\":\"pt-BR\"},{\"@type\":\"Organization\",\"@id\":\"https:\/\/www.suno.com.br\/noticias\/#organization\",\"name\":\"Suno Not\u00edcias\",\"url\":\"https:\/\/www.suno.com.br\/noticias\/\",\"logo\":{\"@type\":\"ImageObject\",\"inLanguage\":\"pt-BR\",\"@id\":\"https:\/\/www.suno.com.br\/noticias\/#\/schema\/logo\/image\/\",\"url\":\"https:\/\/files.sunoresearch.com.br\/n\/uploads\/2021\/09\/suno-logo.png\",\"contentUrl\":\"https:\/\/files.sunoresearch.com.br\/n\/uploads\/2021\/09\/suno-logo.png\",\"width\":180,\"height\":180,\"caption\":\"Suno Not\u00edcias\"},\"image\":{\"@id\":\"https:\/\/www.suno.com.br\/noticias\/#\/schema\/logo\/image\/\"},\"sameAs\":[\"https:\/\/facebook.com\/sunoresearch\",\"https:\/\/x.com\/sunoresearch\",\"https:\/\/www.instagram.com\/suno\",\"https:\/\/www.linkedin.com\/company\/suno-research\/\",\"https:\/\/www.youtube.com\/c\/sunoresearch\"]},{\"@type\":\"Person\",\"@id\":\"https:\/\/www.suno.com.br\/noticias\/#\/schema\/person\/d0f32748bbca4bee871fa191ee4e2d40\",\"name\":\"Giovanni Porf\u00edrio Jacomino\",\"image\":{\"@type\":\"ImageObject\",\"inLanguage\":\"pt-BR\",\"@id\":\"https:\/\/www.suno.com.br\/noticias\/#\/schema\/person\/image\/\",\"url\":\"https:\/\/secure.gravatar.com\/avatar\/efb32e19b730a121cb7a80f41ffec01a?s=96&r=g\",\"contentUrl\":\"https:\/\/secure.gravatar.com\/avatar\/efb32e19b730a121cb7a80f41ffec01a?s=96&r=g\",\"caption\":\"Giovanni Porf\u00edrio Jacomino\"},\"description\":\"Giovanni Porf\u00edrio Jacomino \u00e9 jornalista formado pela Universidade Estadual de Londrina (UEL) e p\u00f3s-graduado em Produ\u00e7\u00e3o e Pr\u00e1ticas Jornal\u00edsticas na Contemporaneidade na Faculdade C\u00e1sper L\u00edbero (FCL). Foi editor web no Startupi e no Finsiders, atuando ainda como editor no TC Mover, portal de not\u00edcias da TradersClub, fazendo a cobertura de assuntos relacionados ao mercado financeiro interno e externo. Atualmente, \u00e9 Rep\u00f3rter do Suno Not\u00edcias.\",\"url\":\"https:\/\/www.suno.com.br\/noticias\/author\/giovanni-porfiriosuno-com-br\/\"}]}<\/script>\n<!-- \/ Yoast SEO plugin. -->","yoast_head_json":{"title":"Light (LIGT3) e debenturistas da Light Sesa acordam d\u00edvidas","description":"A Light um acordo com debenturistas da Light Sesa para repactua\u00e7\u00e3o do endividamento financeiro. Saiba mais sobre o acordo.","robots":{"index":"index","follow":"follow","max-snippet":"max-snippet:-1","max-image-preview":"max-image-preview:large","max-video-preview":"max-video-preview:-1"},"canonical":"https:\/\/www.suno.com.br\/noticias\/light-ligt3-acordo-debenturistas-gpj\/","og_locale":"pt_BR","og_type":"article","og_title":"Light (LIGT3) e debenturistas da Light Sesa acordam d\u00edvidas","og_description":"A Light um acordo com debenturistas da Light Sesa para repactua\u00e7\u00e3o do endividamento financeiro. Saiba mais sobre o acordo.","og_url":"https:\/\/www.suno.com.br\/noticias\/light-ligt3-acordo-debenturistas-gpj\/","og_site_name":"Suno Not\u00edcias","article_publisher":"https:\/\/facebook.com\/sunoresearch","og_image":[{"width":1397,"height":1048,"url":"https:\/\/files.sunoresearch.com.br\/n\/uploads\/2021\/01\/da74fdd7-image002.jpg","type":"image\/jpeg"}],"author":"Giovanni Porf\u00edrio Jacomino","twitter_card":"summary_large_image","twitter_creator":"@sunoresearch","twitter_site":"@sunoresearch","twitter_misc":{"Escrito por":"Giovanni Porf\u00edrio Jacomino","Est. tempo de leitura":"3 minutos"},"schema":{"@context":"https:\/\/schema.org","@graph":[{"@type":"NewsArticle","@id":"https:\/\/www.suno.com.br\/noticias\/light-ligt3-acordo-debenturistas-gpj\/#article","isPartOf":{"@id":"https:\/\/www.suno.com.br\/noticias\/light-ligt3-acordo-debenturistas-gpj\/"},"author":{"name":"Giovanni Porf\u00edrio Jacomino","@id":"https:\/\/www.suno.com.br\/noticias\/#\/schema\/person\/d0f32748bbca4bee871fa191ee4e2d40"},"headline":"Light (LIGT3) chega a acordo com debenturistas da Light Sesa para repactuar endividamento","datePublished":"2024-04-15T13:07:01+00:00","dateModified":"2024-04-15T13:07:07+00:00","mainEntityOfPage":{"@id":"https:\/\/www.suno.com.br\/noticias\/light-ligt3-acordo-debenturistas-gpj\/"},"wordCount":463,"publisher":{"@id":"https:\/\/www.suno.com.br\/noticias\/#organization"},"image":{"@id":"https:\/\/www.suno.com.br\/noticias\/light-ligt3-acordo-debenturistas-gpj\/#primaryimage"},"thumbnailUrl":"https:\/\/files.sunoresearch.com.br\/n\/uploads\/2021\/01\/da74fdd7-image002-jpg.webp","keywords":["Light (LIGT3)","recupera\u00e7\u00e3o judicial"],"articleSection":["Neg\u00f3cios"],"inLanguage":"pt-BR"},{"@type":"WebPage","@id":"https:\/\/www.suno.com.br\/noticias\/light-ligt3-acordo-debenturistas-gpj\/","url":"https:\/\/www.suno.com.br\/noticias\/light-ligt3-acordo-debenturistas-gpj\/","name":"Light (LIGT3) e debenturistas da Light Sesa acordam d\u00edvidas","isPartOf":{"@id":"https:\/\/www.suno.com.br\/noticias\/#website"},"primaryImageOfPage":{"@id":"https:\/\/www.suno.com.br\/noticias\/light-ligt3-acordo-debenturistas-gpj\/#primaryimage"},"image":{"@id":"https:\/\/www.suno.com.br\/noticias\/light-ligt3-acordo-debenturistas-gpj\/#primaryimage"},"thumbnailUrl":"https:\/\/files.sunoresearch.com.br\/n\/uploads\/2021\/01\/da74fdd7-image002-jpg.webp","datePublished":"2024-04-15T13:07:01+00:00","dateModified":"2024-04-15T13:07:07+00:00","description":"A Light um acordo com debenturistas da Light Sesa para repactua\u00e7\u00e3o do endividamento financeiro. Saiba mais sobre o acordo.","breadcrumb":{"@id":"https:\/\/www.suno.com.br\/noticias\/light-ligt3-acordo-debenturistas-gpj\/#breadcrumb"},"inLanguage":"pt-BR","potentialAction":[{"@type":"ReadAction","target":["https:\/\/www.suno.com.br\/noticias\/light-ligt3-acordo-debenturistas-gpj\/"]}]},{"@type":"ImageObject","inLanguage":"pt-BR","@id":"https:\/\/www.suno.com.br\/noticias\/light-ligt3-acordo-debenturistas-gpj\/#primaryimage","url":"https:\/\/files.sunoresearch.com.br\/n\/uploads\/2021\/01\/da74fdd7-image002-jpg.webp","contentUrl":"https:\/\/files.sunoresearch.com.br\/n\/uploads\/2021\/01\/da74fdd7-image002-jpg.webp","width":1397,"height":1048,"caption":"Light (LIGT3). Foto: divulga\u00e7\u00e3o"},{"@type":"BreadcrumbList","@id":"https:\/\/www.suno.com.br\/noticias\/light-ligt3-acordo-debenturistas-gpj\/#breadcrumb","itemListElement":[{"@type":"ListItem","position":1,"name":"Not\u00edcias","item":"https:\/\/www.suno.com.br\/noticias\/"},{"@type":"ListItem","position":2,"name":"Neg\u00f3cios","item":"https:\/\/www.suno.com.br\/noticias\/negocios\/"},{"@type":"ListItem","position":3,"name":"Light (LIGT3) chega a acordo com debenturistas da Light Sesa para repactuar endividamento"}]},{"@type":"WebSite","@id":"https:\/\/www.suno.com.br\/noticias\/#website","url":"https:\/\/www.suno.com.br\/noticias\/","name":"Suno Not\u00edcias","description":"Seu portal de informa\u00e7\u00e3o sobre o mundo dos investimentos","publisher":{"@id":"https:\/\/www.suno.com.br\/noticias\/#organization"},"potentialAction":[{"@type":"SearchAction","target":{"@type":"EntryPoint","urlTemplate":"https:\/\/www.suno.com.br\/noticias\/?s={search_term_string}"},"query-input":{"@type":"PropertyValueSpecification","valueRequired":true,"valueName":"search_term_string"}}],"inLanguage":"pt-BR"},{"@type":"Organization","@id":"https:\/\/www.suno.com.br\/noticias\/#organization","name":"Suno Not\u00edcias","url":"https:\/\/www.suno.com.br\/noticias\/","logo":{"@type":"ImageObject","inLanguage":"pt-BR","@id":"https:\/\/www.suno.com.br\/noticias\/#\/schema\/logo\/image\/","url":"https:\/\/files.sunoresearch.com.br\/n\/uploads\/2021\/09\/suno-logo.png","contentUrl":"https:\/\/files.sunoresearch.com.br\/n\/uploads\/2021\/09\/suno-logo.png","width":180,"height":180,"caption":"Suno Not\u00edcias"},"image":{"@id":"https:\/\/www.suno.com.br\/noticias\/#\/schema\/logo\/image\/"},"sameAs":["https:\/\/facebook.com\/sunoresearch","https:\/\/x.com\/sunoresearch","https:\/\/www.instagram.com\/suno","https:\/\/www.linkedin.com\/company\/suno-research\/","https:\/\/www.youtube.com\/c\/sunoresearch"]},{"@type":"Person","@id":"https:\/\/www.suno.com.br\/noticias\/#\/schema\/person\/d0f32748bbca4bee871fa191ee4e2d40","name":"Giovanni Porf\u00edrio Jacomino","image":{"@type":"ImageObject","inLanguage":"pt-BR","@id":"https:\/\/www.suno.com.br\/noticias\/#\/schema\/person\/image\/","url":"https:\/\/secure.gravatar.com\/avatar\/efb32e19b730a121cb7a80f41ffec01a?s=96&r=g","contentUrl":"https:\/\/secure.gravatar.com\/avatar\/efb32e19b730a121cb7a80f41ffec01a?s=96&r=g","caption":"Giovanni Porf\u00edrio Jacomino"},"description":"Giovanni Porf\u00edrio Jacomino \u00e9 jornalista formado pela Universidade Estadual de Londrina (UEL) e p\u00f3s-graduado em Produ\u00e7\u00e3o e Pr\u00e1ticas Jornal\u00edsticas na Contemporaneidade na Faculdade C\u00e1sper L\u00edbero (FCL). Foi editor web no Startupi e no Finsiders, atuando ainda como editor no TC Mover, portal de not\u00edcias da TradersClub, fazendo a cobertura de assuntos relacionados ao mercado financeiro interno e externo. Atualmente, \u00e9 Rep\u00f3rter do Suno Not\u00edcias.","url":"https:\/\/www.suno.com.br\/noticias\/author\/giovanni-porfiriosuno-com-br\/"}]}},"default_loop_html":"<div class=\"cardsPage__listCard__boxs\"><div class=\"cardsPage__listCard__boxs__img\"><a href=\"https:\/\/www.suno.com.br\/noticias\/light-ligt3-acordo-debenturistas-gpj\/\"><img class=\"mask\" src=\"https:\/\/www.suno.com.br\/noticias\/wp-content\/themes\/suno\/resources\/images\/spotlight\/spotlight1img\/bg-mask.png\" alt=\"Image Mask\"\/><img src=\"https:\/\/files.sunoresearch.com.br\/n\/uploads\/2021\/01\/da74fdd7-image002-400x200.webp\" alt=\"Light (LIGT3) chega a acordo com debenturistas da Light Sesa para repactuar endividamento\"\/><\/a><span class=\"spotlightCategory\"><a href=\"https:\/\/www.suno.com.br\/noticias\/negocios\/\">Neg\u00f3cios<\/a><\/span><\/div><div class=\"cardsPage__listCard__boxs__content\"><a href=\"https:\/\/www.suno.com.br\/noticias\/light-ligt3-acordo-debenturistas-gpj\/\"><h2 class=\"content__title\">Light (LIGT3) chega a acordo com debenturistas da Light Sesa para repactuar endividamento<\/h2><\/a><div class=\"newsContent__article__meta\"><div class=\"newsContent__article__meta__authorBox\"><a href=\"https:\/\/www.suno.com.br\/noticias\/author\/giovanni-porfiriosuno-com-br\/\" class=\"authorBox__avatar noMobi\"><img src=\"https:\/\/files.sunoresearch.com.br\/n\/uploads\/2024\/05\/DSCF4115-1-1-150x150.webp\" alt=\"Giovanni Porf\u00edrio Jacomino\"><\/a><div class=\"authorBox__name\"><span>por\n\t\t\t<a href=\"https:\/\/www.suno.com.br\/noticias\/author\/giovanni-porfiriosuno-com-br\/\"><span itemprop=\"author\">Giovanni Porf\u00edrio Jacomino<\/span><\/a><\/span><time datetime=\"2024-04-15T10:07:01-03:00\" itemprop=\"datePublished\">15\/04\/2024 10:07<\/time><\/div><\/div><\/div><\/div><\/div>","single_layout":"posts","amp_enabled":true,"_links":{"self":[{"href":"https:\/\/www.suno.com.br\/noticias\/wp-json\/wp\/v2\/posts\/543973"}],"collection":[{"href":"https:\/\/www.suno.com.br\/noticias\/wp-json\/wp\/v2\/posts"}],"about":[{"href":"https:\/\/www.suno.com.br\/noticias\/wp-json\/wp\/v2\/types\/post"}],"author":[{"embeddable":true,"href":"https:\/\/www.suno.com.br\/noticias\/wp-json\/wp\/v2\/users\/313"}],"replies":[{"embeddable":true,"href":"https:\/\/www.suno.com.br\/noticias\/wp-json\/wp\/v2\/comments?post=543973"}],"version-history":[{"count":3,"href":"https:\/\/www.suno.com.br\/noticias\/wp-json\/wp\/v2\/posts\/543973\/revisions"}],"predecessor-version":[{"id":543991,"href":"https:\/\/www.suno.com.br\/noticias\/wp-json\/wp\/v2\/posts\/543973\/revisions\/543991"}],"wp:featuredmedia":[{"embeddable":true,"href":"https:\/\/www.suno.com.br\/noticias\/wp-json\/wp\/v2\/media\/115759"}],"wp:attachment":[{"href":"https:\/\/www.suno.com.br\/noticias\/wp-json\/wp\/v2\/media?parent=543973"}],"wp:term":[{"taxonomy":"category","embeddable":true,"href":"https:\/\/www.suno.com.br\/noticias\/wp-json\/wp\/v2\/categories?post=543973"},{"taxonomy":"post_tag","embeddable":true,"href":"https:\/\/www.suno.com.br\/noticias\/wp-json\/wp\/v2\/tags?post=543973"},{"taxonomy":"suno_strategy","embeddable":true,"href":"https:\/\/www.suno.com.br\/noticias\/wp-json\/wp\/v2\/suno_strategy?post=543973"}],"curies":[{"name":"wp","href":"https:\/\/api.w.org\/{rel}","templated":true}]}}