{"id":543961,"date":"2024-04-16T09:01:35","date_gmt":"2024-04-16T12:01:35","guid":{"rendered":"https:\/\/www.suno.com.br\/noticias\/?p=543961"},"modified":"2024-04-16T09:22:11","modified_gmt":"2024-04-16T12:22:11","slug":"ambev-abev3-ainda-pode-crescer-analistas-opinam-cpf","status":"publish","type":"post","link":"https:\/\/www.suno.com.br\/noticias\/ambev-abev3-ainda-pode-crescer-analistas-opinam-cpf\/","title":{"rendered":"Ambev (ABEV3) ainda tem para onde crescer? Veja quais s\u00e3o os gatilhos e riscos para a a\u00e7\u00e3o"},"content":{"rendered":"<p>Que a <strong>Ambev <\/strong>(<a href=\"https:\/\/www.suno.com.br\/acoes\/ABEV3\/\" target=\"_blank\" rel=\"noreferrer noopener\">ABEV3<\/a>) \u00e9 uma marca bem consolidada no setor de Consumo e Varejo, n\u00e3o h\u00e1 d\u00favidas. A companhia j\u00e1 se espalhou por 17 pa\u00edses da Am\u00e9rica Latina e ganhou o t\u00edtulo de maior cervejaria da regi\u00e3o.<\/p>\t<div class=\"wrapper-featured-image\">\n\t\t<figure class=\"spotlightImg\">\n\n\t\t\t<picture>\n\t\t\t\t<source media=\"(max-width: 768px)\" srcset=\"https:\/\/files.sunoresearch.com.br\/n\/uploads\/2024\/04\/ambev-abev3-cerveja-400x200.jpg\">\n\t\t\t\t<img loading=\"lazy\" decoding=\"async\" class=\"newsContent__article__imgCapa lazyloadDisabled \" src=\"https:\/\/files.sunoresearch.com.br\/n\/uploads\/2024\/04\/ambev-abev3-cerveja-800x450.jpg\" width=\"800\" height=\"450\" alt=\"Ambev (ABEV3) ainda tem para onde crescer? Veja quais s\u00e3o os gatilhos e riscos para a a\u00e7\u00e3o\" fetchpriority=high \/>\n\t\t\t<\/picture>\n\n\t\t\t<figcaption class=\"wp-caption-text wp-caption-text--show\">Ambev (ABEV3) - Foto: Unsplash<\/figcaption>\n\t\t<\/figure>\n\t<\/div>\n\n\n\n\n\n\t<p>\n\t\t<a href=\"https:\/\/lp.statusinvest.com.br\/ao\/assessoria-status-invest\/\" target=\"_blank\" data-element=\"shortcode-suno-banner\" title=\"Banner SUNO, clique e saiba mais\">\n\t\t\t<picture>\n\t\t\t\t<source media=\"(max-width: 500px)\" srcset=\"https:\/\/files.sunoresearch.com.br\/n\/uploads\/2024\/03\/400x300-Mobile.png\">\n\t\t\t\t<img class=\"newsContent__article__imgCapa newsContent__article__imgCapa--banner\"\n\t\t\t\t\tsrc=\"https:\/\/files.sunoresearch.com.br\/n\/uploads\/2024\/03\/1420x240-Desktop.png\"\n\t\t\t\t\tdata-promo-id=\"537248\"\t\t\t\t\t\t\t\t\t\twidth='1400' height='240'\t\t\t\t\talt=\"https:\/\/files.sunoresearch.com.br\/n\/uploads\/2024\/03\/1420x240-Desktop.png\"\n\t\t\t\t>\n\t\t\t<\/picture>\n\t\t<\/a>\n\t<\/p>\n\n\n\n\n\n<p>Entretanto, diante do atual patamar, os investidores de <strong>ABEV3<\/strong> se perguntam se a companhia de bebidas ainda tem para onde crescer e se as a\u00e7\u00f5es ainda podem se valorizar. <\/p>\n\n\n\n<p>Com a chegada dos <a class=\"suno-keyword\" target=\"_blank\" data-force=\"no\" data-priority=\"1\" href=\"https:\/\/www.suno.com.br\/artigos\/resultados-trimestrais\/\" rel=\"noopener\">resultados trimestrais<\/a>, o Citi e o BTG Pactual preveem um crescimento no Ebitda (Lucros antes de juros, impostos, <a class=\"suno-keyword\" target=\"_blank\" data-force=\"no\" data-priority=\"1\" href=\"https:\/\/www.suno.com.br\/artigos\/depreciacao-amortizacao\/\" rel=\"noopener\">deprecia\u00e7\u00e3o e amortiza\u00e7\u00e3o<\/a>) de cerca de 20% na compara\u00e7\u00e3o do primeiro trimestre deste ano em rela\u00e7\u00e3o ao mesmo per\u00edodo do ano anterior. <\/p>\n\n\n\n<p>&#8220;Tem um crescimento esperado no <strong>Ebitda da Ambev<\/strong> entre 19% e 24%, mas ainda assim n\u00e3o vem a refletir o crescimento que a gente viu nos \u00faltimos trimestres&#8221;, comenta Tales Barros, especialista em renda vari\u00e1vel da Status Invest Assessoria. <\/p>\n\n\n\n<p>Segundo o especialista, as festividades do carnaval deste ano, que contaram com uma clima mais quente, deixam as expectativas mais otimistas. Com isso, acredita-se em um impulsionamento no consumo e nas <strong>vendas de cerveja da Ambev<\/strong>, por exemplo. <\/p>\n\n\n\n<blockquote class=\"wp-block-quote is-layout-flow wp-block-quote-is-layout-flow\">\n<p>&#8220;O cen\u00e1rio macroecon\u00f4mico, entretanto, ainda est\u00e1 em um movimento de recupera\u00e7\u00e3o. \u00c9 poss\u00edvel observar a concorr\u00eancia comprometendo o crescimento de margem que a empresa j\u00e1 vinha demonstrando&#8221;, pontua Barros, da Status Invest Assessoria.<\/p>\n<\/blockquote>\n\n\n\t<p>\n\t\t<a href=\"https:\/\/lp.statusinvest.com.br\/cl\/carteira-automatizada\/\" target=\"_blank\" data-element=\"shortcode-suno-banner\" title=\"Banner SUNO, clique e saiba mais\">\n\t\t\t<picture>\n\t\t\t\t<source media=\"(max-width: 500px)\" srcset=\"https:\/\/files.sunoresearch.com.br\/n\/uploads\/2024\/02\/400x300-Mobile.png\">\n\t\t\t\t<img class=\"newsContent__article__imgCapa newsContent__article__imgCapa--banner\"\n\t\t\t\t\tsrc=\"https:\/\/files.sunoresearch.com.br\/n\/uploads\/2024\/02\/1420x240-Desktop.png\"\n\t\t\t\t\tdata-promo-id=\"518879\"\t\t\t\t\t\t\t\t\t\twidth='1420' height='240'\t\t\t\t\talt=\"https:\/\/files.sunoresearch.com.br\/n\/uploads\/2024\/02\/1420x240-Desktop.png\"\n\t\t\t\t>\n\t\t\t<\/picture>\n\t\t<\/a>\n\t<\/p>\n\n\n\n\n\n<h2 class=\"wp-block-heading\">Como as a\u00e7\u00f5es da Ambev (ABEV3) ainda podem crescer?<\/h2>\n\n\n\n<p>Para os analistas do <a class=\"suno-keyword\" target=\"_blank\" data-force=\"yes\" data-priority=\"2\" href=\"https:\/\/www.suno.com.br\/acoes\/BPAC11\/\" rel=\"noopener\">BTG Pactual (BPAC11)<\/a>, a Ambev precisa de um &#8220;caminho de crescimento claro e sustentado que ainda n\u00e3o est\u00e1 claro para n\u00f3s&#8221;. Segundo o banco, a categoria \u00e9 forte, mas madura e para observar a escalada, &#8220;o pre\u00e7o premium tem que entrar&#8221;.<\/p>\n\n\n\n<p>Uma das op\u00e7\u00f5es da companhia controlada pela <strong>AB InBev<\/strong>, por enquanto, parece ser o investimento em Linhas Premium, que segundo Barros, ainda n\u00e3o est\u00e1 totalmente precificado nas a\u00e7\u00f5es. <\/p>\n\n\n\n<p>Embora esteja em um patamar bem consolidado do mercado de cervejas e similares, Barros acredita que n\u00e3o \u00e9 poss\u00edvel afirmar que &#8220;a empresa n\u00e3o tem mais para onde crescer&#8221;. <\/p>\n\n\n\n<p>&#8220;Acredito que \u00e9 poss\u00edvel haver um gatilho nas <strong>a\u00e7\u00f5es da Ambev <\/strong>com uma consolida\u00e7\u00e3o do cen\u00e1rio interno \u2013 que ainda est\u00e1 em recupera\u00e7\u00e3o \u2013, mas em compasso de espera, que deve impactar o mercado acion\u00e1rio como um todo,&#8221; afirma o especialista. <\/p>\n\n\n\n<p>Al\u00e9m disso, Barros salienta que a empresa ainda \u00e9 impactada pela infla\u00e7\u00e3o, que no curto e m\u00e9dio prazo prejudica empresas de consumo de alimentos e bebidas. <\/p>\n\n\n\n<p>A companhia que tem os brasileiros <a class=\"suno-keyword\" data-force=\"no\" data-priority=\"2\" href=\"https:\/\/www.suno.com.br\/tudo-sobre\/jorge-paulo-lemann\/\" target=\"_blank\" rel=\"noopener\">Jorge Paulo Lemann<\/a>, Marcel Telles e Carlos Alberto Sicupira entre seus principais s\u00f3cios acumula uma queda de 6,25% no pre\u00e7o dos ativos nos \u00faltimos seis meses. Apenas neste ano, a <strong>a\u00e7\u00e3o ABEV3<\/strong> j\u00e1 derreteu cerca de 12%.<\/p>\n\n\n\n<p>No \u00faltimo preg\u00e3o, as a\u00e7\u00f5es da <strong>Ambev <\/strong>fecharam com discreta queda de -0,25% a R$ 12,07 por papel. <\/p>\n\n\n\n\t<div data-element=\"shortcode-read-more\" class=\"readToo\">\n\t\t\t\t<span class=\"readToo__title\">Leia mais<\/span>\n\t\t\t\t<ul class=\"readToo__list\">\n\t\t\t<li><a href=\"https:\/\/www.suno.com.br\/noticias\/ambev-abev3-investe-150milhoes-goias-producao-cerveja-cpf\/\">Ambev (ABEV3) vai investir R$ 150 milh\u00f5es em Goi\u00e1s para produ\u00e7\u00e3o de Spaten, Corona e Stella<\/a><\/li><li><a href=\"https:\/\/www.suno.com.br\/noticias\/ambev-abev3-heineken-presenca-aeroportos-gss\/\">Rival da Ambev (ABEV3), Heineken amplia presen\u00e7a em aeroportos; entenda plano da companhia<\/a><\/li>\t\t<\/ul>\n\t<\/div>\n\n\n\n\n\n\t<p>\n\t\t<a href=\"https:\/\/lp.statusinvest.com.br\/ao\/assessoria-status-invest\/\" target=\"_blank\" data-element=\"shortcode-suno-banner\" title=\"Banner SUNO, clique e saiba mais\">\n\t\t\t<picture>\n\t\t\t\t<source media=\"(max-width: 500px)\" srcset=\"https:\/\/files.sunoresearch.com.br\/n\/uploads\/2024\/03\/400x300-Mobile-1.png\">\n\t\t\t\t<img class=\"newsContent__article__imgCapa newsContent__article__imgCapa--banner\"\n\t\t\t\t\tsrc=\"https:\/\/files.sunoresearch.com.br\/n\/uploads\/2024\/03\/1420-x-240-Desktop.png\"\n\t\t\t\t\tdata-promo-id=\"537299\"\t\t\t\t\t\t\t\t\t\twidth='1420' height='250'\t\t\t\t\talt=\"https:\/\/files.sunoresearch.com.br\/n\/uploads\/2024\/03\/1420-x-240-Desktop.png\"\n\t\t\t\t>\n\t\t\t<\/picture>\n\t\t<\/a>\n\t<\/p>\n\n\n","protected":false},"excerpt":{"rendered":"<p>Que a Ambev (ABEV3) \u00e9 uma marca bem consolidada no setor de Consumo e Varejo, n\u00e3o h\u00e1 d\u00favidas. A companhia j\u00e1 se espalhou por 17 pa\u00edses da Am\u00e9rica Latina e ganhou o t\u00edtulo de maior cervejaria da regi\u00e3o. Ambev (ABEV3) &#8211; Foto: Unsplash Entretanto, diante do atual patamar, os investidores de ABEV3 se perguntam se [&hellip;]<\/p>\n","protected":false},"author":283,"featured_media":544349,"comment_status":"closed","ping_status":"closed","sticky":false,"template":"","format":"standard","meta":[],"categories":[64],"tags":[359,2237,105816],"suno_strategy":[],"class_list":["post-543961","post","type-post","status-publish","format-standard","has-post-thumbnail","hentry","category-negocios","tag-ambev-abev3","tag-cerveja","tag-especialistas"],"yoast_head":"<!-- This site is optimized with the Yoast SEO plugin v24.4 - https:\/\/yoast.com\/wordpress\/plugins\/seo\/ -->\n<title>Ambev (ABEV3) tem para onde crescer? Veja riscos e gatilhos<\/title>\n<meta name=\"description\" content=\"Segundo analistas do mercado, alguns fatores ainda podem ajudar na disparada das a\u00e7\u00f5es da Ambev (ABEV3). Veja as opini\u00f5es sobre a Ambev.\" \/>\n<meta name=\"robots\" content=\"index, follow, max-snippet:-1, max-image-preview:large, max-video-preview:-1\" \/>\n<link rel=\"canonical\" href=\"https:\/\/www.suno.com.br\/noticias\/ambev-abev3-ainda-pode-crescer-analistas-opinam-cpf\/\" \/>\n<meta property=\"og:locale\" content=\"pt_BR\" \/>\n<meta property=\"og:type\" content=\"article\" \/>\n<meta property=\"og:title\" content=\"Ambev (ABEV3) tem para onde crescer? Veja riscos e gatilhos\" \/>\n<meta property=\"og:description\" content=\"Segundo analistas do mercado, alguns fatores ainda podem ajudar na disparada das a\u00e7\u00f5es da Ambev (ABEV3). Veja as opini\u00f5es sobre a Ambev.\" \/>\n<meta property=\"og:url\" content=\"https:\/\/www.suno.com.br\/noticias\/ambev-abev3-ainda-pode-crescer-analistas-opinam-cpf\/\" \/>\n<meta property=\"og:site_name\" content=\"Suno Not\u00edcias\" \/>\n<meta property=\"article:publisher\" content=\"https:\/\/facebook.com\/sunoresearch\" \/>\n<meta property=\"og:image\" content=\"https:\/\/files.sunoresearch.com.br\/n\/uploads\/2024\/04\/ambev-abev3-cerveja.jpg\" \/>\n\t<meta property=\"og:image:width\" content=\"1200\" \/>\n\t<meta property=\"og:image:height\" content=\"800\" \/>\n\t<meta property=\"og:image:type\" content=\"image\/jpeg\" \/>\n<meta name=\"author\" content=\"Camila Paim\" \/>\n<meta name=\"twitter:card\" content=\"summary_large_image\" \/>\n<meta name=\"twitter:creator\" content=\"@sunoresearch\" \/>\n<meta name=\"twitter:site\" content=\"@sunoresearch\" \/>\n<meta name=\"twitter:label1\" content=\"Escrito por\" \/>\n\t<meta name=\"twitter:data1\" content=\"Camila Paim\" \/>\n\t<meta name=\"twitter:label2\" content=\"Est. tempo de leitura\" \/>\n\t<meta name=\"twitter:data2\" content=\"3 minutos\" \/>\n<script type=\"application\/ld+json\" class=\"yoast-schema-graph\">{\"@context\":\"https:\/\/schema.org\",\"@graph\":[{\"@type\":\"NewsArticle\",\"@id\":\"https:\/\/www.suno.com.br\/noticias\/ambev-abev3-ainda-pode-crescer-analistas-opinam-cpf\/#article\",\"isPartOf\":{\"@id\":\"https:\/\/www.suno.com.br\/noticias\/ambev-abev3-ainda-pode-crescer-analistas-opinam-cpf\/\"},\"author\":{\"name\":\"Camila Paim\",\"@id\":\"https:\/\/www.suno.com.br\/noticias\/#\/schema\/person\/f341d3ae5d1cc685176c9a5327cdfdbb\"},\"headline\":\"Ambev (ABEV3) ainda tem para onde crescer? Veja quais s\u00e3o os gatilhos e riscos para a a\u00e7\u00e3o\",\"datePublished\":\"2024-04-16T12:01:35+00:00\",\"dateModified\":\"2024-04-16T12:22:11+00:00\",\"mainEntityOfPage\":{\"@id\":\"https:\/\/www.suno.com.br\/noticias\/ambev-abev3-ainda-pode-crescer-analistas-opinam-cpf\/\"},\"wordCount\":516,\"publisher\":{\"@id\":\"https:\/\/www.suno.com.br\/noticias\/#organization\"},\"image\":{\"@id\":\"https:\/\/www.suno.com.br\/noticias\/ambev-abev3-ainda-pode-crescer-analistas-opinam-cpf\/#primaryimage\"},\"thumbnailUrl\":\"https:\/\/files.sunoresearch.com.br\/n\/uploads\/2024\/04\/ambev-abev3-cerveja.jpg\",\"keywords\":[\"AMBEV (ABEV3)\",\"cerveja\",\"Especialistas\"],\"articleSection\":[\"Neg\u00f3cios\"],\"inLanguage\":\"pt-BR\"},{\"@type\":\"WebPage\",\"@id\":\"https:\/\/www.suno.com.br\/noticias\/ambev-abev3-ainda-pode-crescer-analistas-opinam-cpf\/\",\"url\":\"https:\/\/www.suno.com.br\/noticias\/ambev-abev3-ainda-pode-crescer-analistas-opinam-cpf\/\",\"name\":\"Ambev (ABEV3) tem para onde crescer? Veja riscos e gatilhos\",\"isPartOf\":{\"@id\":\"https:\/\/www.suno.com.br\/noticias\/#website\"},\"primaryImageOfPage\":{\"@id\":\"https:\/\/www.suno.com.br\/noticias\/ambev-abev3-ainda-pode-crescer-analistas-opinam-cpf\/#primaryimage\"},\"image\":{\"@id\":\"https:\/\/www.suno.com.br\/noticias\/ambev-abev3-ainda-pode-crescer-analistas-opinam-cpf\/#primaryimage\"},\"thumbnailUrl\":\"https:\/\/files.sunoresearch.com.br\/n\/uploads\/2024\/04\/ambev-abev3-cerveja.jpg\",\"datePublished\":\"2024-04-16T12:01:35+00:00\",\"dateModified\":\"2024-04-16T12:22:11+00:00\",\"description\":\"Segundo analistas do mercado, alguns fatores ainda podem ajudar na disparada das a\u00e7\u00f5es da Ambev (ABEV3). Veja as opini\u00f5es sobre a Ambev.\",\"breadcrumb\":{\"@id\":\"https:\/\/www.suno.com.br\/noticias\/ambev-abev3-ainda-pode-crescer-analistas-opinam-cpf\/#breadcrumb\"},\"inLanguage\":\"pt-BR\",\"potentialAction\":[{\"@type\":\"ReadAction\",\"target\":[\"https:\/\/www.suno.com.br\/noticias\/ambev-abev3-ainda-pode-crescer-analistas-opinam-cpf\/\"]}]},{\"@type\":\"ImageObject\",\"inLanguage\":\"pt-BR\",\"@id\":\"https:\/\/www.suno.com.br\/noticias\/ambev-abev3-ainda-pode-crescer-analistas-opinam-cpf\/#primaryimage\",\"url\":\"https:\/\/files.sunoresearch.com.br\/n\/uploads\/2024\/04\/ambev-abev3-cerveja.jpg\",\"contentUrl\":\"https:\/\/files.sunoresearch.com.br\/n\/uploads\/2024\/04\/ambev-abev3-cerveja.jpg\",\"width\":1200,\"height\":800,\"caption\":\"Ambev (ABEV3) - Foto: Unsplash\"},{\"@type\":\"BreadcrumbList\",\"@id\":\"https:\/\/www.suno.com.br\/noticias\/ambev-abev3-ainda-pode-crescer-analistas-opinam-cpf\/#breadcrumb\",\"itemListElement\":[{\"@type\":\"ListItem\",\"position\":1,\"name\":\"Not\u00edcias\",\"item\":\"https:\/\/www.suno.com.br\/noticias\/\"},{\"@type\":\"ListItem\",\"position\":2,\"name\":\"Neg\u00f3cios\",\"item\":\"https:\/\/www.suno.com.br\/noticias\/negocios\/\"},{\"@type\":\"ListItem\",\"position\":3,\"name\":\"Ambev (ABEV3) ainda tem para onde crescer? Veja quais s\u00e3o os gatilhos e riscos para a a\u00e7\u00e3o\"}]},{\"@type\":\"WebSite\",\"@id\":\"https:\/\/www.suno.com.br\/noticias\/#website\",\"url\":\"https:\/\/www.suno.com.br\/noticias\/\",\"name\":\"Suno Not\u00edcias\",\"description\":\"Seu portal de informa\u00e7\u00e3o sobre o mundo dos investimentos\",\"publisher\":{\"@id\":\"https:\/\/www.suno.com.br\/noticias\/#organization\"},\"potentialAction\":[{\"@type\":\"SearchAction\",\"target\":{\"@type\":\"EntryPoint\",\"urlTemplate\":\"https:\/\/www.suno.com.br\/noticias\/?s={search_term_string}\"},\"query-input\":{\"@type\":\"PropertyValueSpecification\",\"valueRequired\":true,\"valueName\":\"search_term_string\"}}],\"inLanguage\":\"pt-BR\"},{\"@type\":\"Organization\",\"@id\":\"https:\/\/www.suno.com.br\/noticias\/#organization\",\"name\":\"Suno Not\u00edcias\",\"url\":\"https:\/\/www.suno.com.br\/noticias\/\",\"logo\":{\"@type\":\"ImageObject\",\"inLanguage\":\"pt-BR\",\"@id\":\"https:\/\/www.suno.com.br\/noticias\/#\/schema\/logo\/image\/\",\"url\":\"https:\/\/files.sunoresearch.com.br\/n\/uploads\/2021\/09\/suno-logo.png\",\"contentUrl\":\"https:\/\/files.sunoresearch.com.br\/n\/uploads\/2021\/09\/suno-logo.png\",\"width\":180,\"height\":180,\"caption\":\"Suno Not\u00edcias\"},\"image\":{\"@id\":\"https:\/\/www.suno.com.br\/noticias\/#\/schema\/logo\/image\/\"},\"sameAs\":[\"https:\/\/facebook.com\/sunoresearch\",\"https:\/\/x.com\/sunoresearch\",\"https:\/\/www.instagram.com\/suno\",\"https:\/\/www.linkedin.com\/company\/suno-research\/\",\"https:\/\/www.youtube.com\/c\/sunoresearch\"]},{\"@type\":\"Person\",\"@id\":\"https:\/\/www.suno.com.br\/noticias\/#\/schema\/person\/f341d3ae5d1cc685176c9a5327cdfdbb\",\"name\":\"Camila Paim\",\"image\":{\"@type\":\"ImageObject\",\"inLanguage\":\"pt-BR\",\"@id\":\"https:\/\/www.suno.com.br\/noticias\/#\/schema\/person\/image\/\",\"url\":\"https:\/\/secure.gravatar.com\/avatar\/f33728e65febb1aa7ecf6792956f9b20?s=96&r=g\",\"contentUrl\":\"https:\/\/secure.gravatar.com\/avatar\/f33728e65febb1aa7ecf6792956f9b20?s=96&r=g\",\"caption\":\"Camila Paim\"},\"description\":\"Jornalista formada pela USP, tem experi\u00eancia em reda\u00e7\u00f5es, SEO, Branded Content e Webdesign. Com passagem pelo Jornal da USP, Empiricus e C6 Bank, hoje \u00e9 rep\u00f3rter no Suno Not\u00edcias cobrindo macroeconomia, finan\u00e7as pessoais e startups.\",\"url\":\"https:\/\/www.suno.com.br\/noticias\/author\/camila-figueiredosuno-com-br\/\"}]}<\/script>\n<!-- \/ Yoast SEO plugin. -->","yoast_head_json":{"title":"Ambev (ABEV3) tem para onde crescer? Veja riscos e gatilhos","description":"Segundo analistas do mercado, alguns fatores ainda podem ajudar na disparada das a\u00e7\u00f5es da Ambev (ABEV3). Veja as opini\u00f5es sobre a Ambev.","robots":{"index":"index","follow":"follow","max-snippet":"max-snippet:-1","max-image-preview":"max-image-preview:large","max-video-preview":"max-video-preview:-1"},"canonical":"https:\/\/www.suno.com.br\/noticias\/ambev-abev3-ainda-pode-crescer-analistas-opinam-cpf\/","og_locale":"pt_BR","og_type":"article","og_title":"Ambev (ABEV3) tem para onde crescer? Veja riscos e gatilhos","og_description":"Segundo analistas do mercado, alguns fatores ainda podem ajudar na disparada das a\u00e7\u00f5es da Ambev (ABEV3). Veja as opini\u00f5es sobre a Ambev.","og_url":"https:\/\/www.suno.com.br\/noticias\/ambev-abev3-ainda-pode-crescer-analistas-opinam-cpf\/","og_site_name":"Suno Not\u00edcias","article_publisher":"https:\/\/facebook.com\/sunoresearch","og_image":[{"width":1200,"height":800,"url":"https:\/\/files.sunoresearch.com.br\/n\/uploads\/2024\/04\/ambev-abev3-cerveja.jpg","type":"image\/jpeg"}],"author":"Camila Paim","twitter_card":"summary_large_image","twitter_creator":"@sunoresearch","twitter_site":"@sunoresearch","twitter_misc":{"Escrito por":"Camila Paim","Est. tempo de leitura":"3 minutos"},"schema":{"@context":"https:\/\/schema.org","@graph":[{"@type":"NewsArticle","@id":"https:\/\/www.suno.com.br\/noticias\/ambev-abev3-ainda-pode-crescer-analistas-opinam-cpf\/#article","isPartOf":{"@id":"https:\/\/www.suno.com.br\/noticias\/ambev-abev3-ainda-pode-crescer-analistas-opinam-cpf\/"},"author":{"name":"Camila Paim","@id":"https:\/\/www.suno.com.br\/noticias\/#\/schema\/person\/f341d3ae5d1cc685176c9a5327cdfdbb"},"headline":"Ambev (ABEV3) ainda tem para onde crescer? Veja quais s\u00e3o os gatilhos e riscos para a a\u00e7\u00e3o","datePublished":"2024-04-16T12:01:35+00:00","dateModified":"2024-04-16T12:22:11+00:00","mainEntityOfPage":{"@id":"https:\/\/www.suno.com.br\/noticias\/ambev-abev3-ainda-pode-crescer-analistas-opinam-cpf\/"},"wordCount":516,"publisher":{"@id":"https:\/\/www.suno.com.br\/noticias\/#organization"},"image":{"@id":"https:\/\/www.suno.com.br\/noticias\/ambev-abev3-ainda-pode-crescer-analistas-opinam-cpf\/#primaryimage"},"thumbnailUrl":"https:\/\/files.sunoresearch.com.br\/n\/uploads\/2024\/04\/ambev-abev3-cerveja.jpg","keywords":["AMBEV (ABEV3)","cerveja","Especialistas"],"articleSection":["Neg\u00f3cios"],"inLanguage":"pt-BR"},{"@type":"WebPage","@id":"https:\/\/www.suno.com.br\/noticias\/ambev-abev3-ainda-pode-crescer-analistas-opinam-cpf\/","url":"https:\/\/www.suno.com.br\/noticias\/ambev-abev3-ainda-pode-crescer-analistas-opinam-cpf\/","name":"Ambev (ABEV3) tem para onde crescer? Veja riscos e gatilhos","isPartOf":{"@id":"https:\/\/www.suno.com.br\/noticias\/#website"},"primaryImageOfPage":{"@id":"https:\/\/www.suno.com.br\/noticias\/ambev-abev3-ainda-pode-crescer-analistas-opinam-cpf\/#primaryimage"},"image":{"@id":"https:\/\/www.suno.com.br\/noticias\/ambev-abev3-ainda-pode-crescer-analistas-opinam-cpf\/#primaryimage"},"thumbnailUrl":"https:\/\/files.sunoresearch.com.br\/n\/uploads\/2024\/04\/ambev-abev3-cerveja.jpg","datePublished":"2024-04-16T12:01:35+00:00","dateModified":"2024-04-16T12:22:11+00:00","description":"Segundo analistas do mercado, alguns fatores ainda podem ajudar na disparada das a\u00e7\u00f5es da Ambev (ABEV3). Veja as opini\u00f5es sobre a Ambev.","breadcrumb":{"@id":"https:\/\/www.suno.com.br\/noticias\/ambev-abev3-ainda-pode-crescer-analistas-opinam-cpf\/#breadcrumb"},"inLanguage":"pt-BR","potentialAction":[{"@type":"ReadAction","target":["https:\/\/www.suno.com.br\/noticias\/ambev-abev3-ainda-pode-crescer-analistas-opinam-cpf\/"]}]},{"@type":"ImageObject","inLanguage":"pt-BR","@id":"https:\/\/www.suno.com.br\/noticias\/ambev-abev3-ainda-pode-crescer-analistas-opinam-cpf\/#primaryimage","url":"https:\/\/files.sunoresearch.com.br\/n\/uploads\/2024\/04\/ambev-abev3-cerveja.jpg","contentUrl":"https:\/\/files.sunoresearch.com.br\/n\/uploads\/2024\/04\/ambev-abev3-cerveja.jpg","width":1200,"height":800,"caption":"Ambev (ABEV3) - Foto: Unsplash"},{"@type":"BreadcrumbList","@id":"https:\/\/www.suno.com.br\/noticias\/ambev-abev3-ainda-pode-crescer-analistas-opinam-cpf\/#breadcrumb","itemListElement":[{"@type":"ListItem","position":1,"name":"Not\u00edcias","item":"https:\/\/www.suno.com.br\/noticias\/"},{"@type":"ListItem","position":2,"name":"Neg\u00f3cios","item":"https:\/\/www.suno.com.br\/noticias\/negocios\/"},{"@type":"ListItem","position":3,"name":"Ambev (ABEV3) ainda tem para onde crescer? Veja quais s\u00e3o os gatilhos e riscos para a a\u00e7\u00e3o"}]},{"@type":"WebSite","@id":"https:\/\/www.suno.com.br\/noticias\/#website","url":"https:\/\/www.suno.com.br\/noticias\/","name":"Suno Not\u00edcias","description":"Seu portal de informa\u00e7\u00e3o sobre o mundo dos investimentos","publisher":{"@id":"https:\/\/www.suno.com.br\/noticias\/#organization"},"potentialAction":[{"@type":"SearchAction","target":{"@type":"EntryPoint","urlTemplate":"https:\/\/www.suno.com.br\/noticias\/?s={search_term_string}"},"query-input":{"@type":"PropertyValueSpecification","valueRequired":true,"valueName":"search_term_string"}}],"inLanguage":"pt-BR"},{"@type":"Organization","@id":"https:\/\/www.suno.com.br\/noticias\/#organization","name":"Suno Not\u00edcias","url":"https:\/\/www.suno.com.br\/noticias\/","logo":{"@type":"ImageObject","inLanguage":"pt-BR","@id":"https:\/\/www.suno.com.br\/noticias\/#\/schema\/logo\/image\/","url":"https:\/\/files.sunoresearch.com.br\/n\/uploads\/2021\/09\/suno-logo.png","contentUrl":"https:\/\/files.sunoresearch.com.br\/n\/uploads\/2021\/09\/suno-logo.png","width":180,"height":180,"caption":"Suno Not\u00edcias"},"image":{"@id":"https:\/\/www.suno.com.br\/noticias\/#\/schema\/logo\/image\/"},"sameAs":["https:\/\/facebook.com\/sunoresearch","https:\/\/x.com\/sunoresearch","https:\/\/www.instagram.com\/suno","https:\/\/www.linkedin.com\/company\/suno-research\/","https:\/\/www.youtube.com\/c\/sunoresearch"]},{"@type":"Person","@id":"https:\/\/www.suno.com.br\/noticias\/#\/schema\/person\/f341d3ae5d1cc685176c9a5327cdfdbb","name":"Camila Paim","image":{"@type":"ImageObject","inLanguage":"pt-BR","@id":"https:\/\/www.suno.com.br\/noticias\/#\/schema\/person\/image\/","url":"https:\/\/secure.gravatar.com\/avatar\/f33728e65febb1aa7ecf6792956f9b20?s=96&r=g","contentUrl":"https:\/\/secure.gravatar.com\/avatar\/f33728e65febb1aa7ecf6792956f9b20?s=96&r=g","caption":"Camila Paim"},"description":"Jornalista formada pela USP, tem experi\u00eancia em reda\u00e7\u00f5es, SEO, Branded Content e Webdesign. Com passagem pelo Jornal da USP, Empiricus e C6 Bank, hoje \u00e9 rep\u00f3rter no Suno Not\u00edcias cobrindo macroeconomia, finan\u00e7as pessoais e startups.","url":"https:\/\/www.suno.com.br\/noticias\/author\/camila-figueiredosuno-com-br\/"}]}},"default_loop_html":"<div class=\"cardsPage__listCard__boxs\"><div class=\"cardsPage__listCard__boxs__img\"><a href=\"https:\/\/www.suno.com.br\/noticias\/ambev-abev3-ainda-pode-crescer-analistas-opinam-cpf\/\"><img class=\"mask\" src=\"https:\/\/www.suno.com.br\/noticias\/wp-content\/themes\/suno\/resources\/images\/spotlight\/spotlight1img\/bg-mask.png\" alt=\"Image Mask\"\/><img src=\"https:\/\/files.sunoresearch.com.br\/n\/uploads\/2024\/04\/ambev-abev3-cerveja-400x200.jpg\" alt=\"Ambev (ABEV3) ainda tem para onde crescer? Veja quais s\u00e3o os gatilhos e riscos para a a\u00e7\u00e3o\"\/><\/a><span class=\"spotlightCategory\"><a href=\"https:\/\/www.suno.com.br\/noticias\/negocios\/\">Neg\u00f3cios<\/a><\/span><\/div><div class=\"cardsPage__listCard__boxs__content\"><a href=\"https:\/\/www.suno.com.br\/noticias\/ambev-abev3-ainda-pode-crescer-analistas-opinam-cpf\/\"><h2 class=\"content__title\">Ambev (ABEV3) ainda tem para onde crescer? Veja quais s\u00e3o os gatilhos e riscos para a a\u00e7\u00e3o<\/h2><\/a><div class=\"newsContent__article__meta\"><div class=\"newsContent__article__meta__authorBox\"><a href=\"https:\/\/www.suno.com.br\/noticias\/author\/guilhermeserranosilvagmail-com\/\" class=\"authorBox__avatar noMobi\"><img src=\"https:\/\/files.sunoresearch.com.br\/n\/uploads\/2023\/09\/WhatsApp-Image-2023-09-05-at-11.02.17-150x150.jpeg\" alt=\"Guilherme Serrano Silva\"><\/a><div class=\"authorBox__name\"><span>por\n\t\t\t<a href=\"https:\/\/www.suno.com.br\/noticias\/author\/guilhermeserranosilvagmail-com\/\"><span itemprop=\"author\">Guilherme Serrano Silva<\/span><\/a><\/span><time datetime=\"2024-04-16T09:01:35-03:00\" itemprop=\"datePublished\">16\/04\/2024 09:01<\/time><\/div><\/div><\/div><\/div><\/div>","single_layout":"posts","amp_enabled":true,"_links":{"self":[{"href":"https:\/\/www.suno.com.br\/noticias\/wp-json\/wp\/v2\/posts\/543961"}],"collection":[{"href":"https:\/\/www.suno.com.br\/noticias\/wp-json\/wp\/v2\/posts"}],"about":[{"href":"https:\/\/www.suno.com.br\/noticias\/wp-json\/wp\/v2\/types\/post"}],"author":[{"embeddable":true,"href":"https:\/\/www.suno.com.br\/noticias\/wp-json\/wp\/v2\/users\/283"}],"replies":[{"embeddable":true,"href":"https:\/\/www.suno.com.br\/noticias\/wp-json\/wp\/v2\/comments?post=543961"}],"version-history":[{"count":2,"href":"https:\/\/www.suno.com.br\/noticias\/wp-json\/wp\/v2\/posts\/543961\/revisions"}],"predecessor-version":[{"id":544369,"href":"https:\/\/www.suno.com.br\/noticias\/wp-json\/wp\/v2\/posts\/543961\/revisions\/544369"}],"wp:featuredmedia":[{"embeddable":true,"href":"https:\/\/www.suno.com.br\/noticias\/wp-json\/wp\/v2\/media\/544349"}],"wp:attachment":[{"href":"https:\/\/www.suno.com.br\/noticias\/wp-json\/wp\/v2\/media?parent=543961"}],"wp:term":[{"taxonomy":"category","embeddable":true,"href":"https:\/\/www.suno.com.br\/noticias\/wp-json\/wp\/v2\/categories?post=543961"},{"taxonomy":"post_tag","embeddable":true,"href":"https:\/\/www.suno.com.br\/noticias\/wp-json\/wp\/v2\/tags?post=543961"},{"taxonomy":"suno_strategy","embeddable":true,"href":"https:\/\/www.suno.com.br\/noticias\/wp-json\/wp\/v2\/suno_strategy?post=543961"}],"curies":[{"name":"wp","href":"https:\/\/api.w.org\/{rel}","templated":true}]}}